{"id":5564,"date":"2013-02-18T11:41:59","date_gmt":"2013-02-18T14:41:59","guid":{"rendered":"http:\/\/www.diariofemenino.com.ar\/?p=5564"},"modified":"2013-02-18T11:41:59","modified_gmt":"2013-02-18T14:41:59","slug":"el-8-de-marzo-mujeres-y-el-poder","status":"publish","type":"post","link":"https:\/\/diariofemenino.com.ar\/df\/el-8-de-marzo-mujeres-y-el-poder\/","title":{"rendered":"El 8 de Marzo: Mujeres y el Poder"},"content":{"rendered":"<p>&nbsp;<br \/>\n&nbsp;<br \/>\n<span style=\"font-family: Cambria;\">Por Sara Lovera<\/span><br \/>\n<span style=\"font-family: Cambria;\">La conmemoraci\u00f3n anual del 8 de marzo cuyo car\u00e1cter es universal\u00a0 desde la primera d\u00e9cada del siglo XX no obedece a un hecho aislado. La creencia de que se escogi\u00f3 por el \u201csacrificio de las trabajadoras\u201dha sido develada\u00a0 y derribada por las historiadoras feministas.<\/span><br \/>\n<span style=\"font-family: Cambria;\">Se eligi\u00f3 para mantener una jornada de reflexi\u00f3n y lucha, para pensar, para organizarse, para analizar el entorno pol\u00edtico y contextual de cada pa\u00eds, cada momento y para evaluar el estado de la tra\u00edda y llevada democracia.<\/span><br \/>\n<span style=\"font-family: Cambria;\">El 8 de marzo, propuesto por la alemana\u00a0 Clara Zetkin, se inscribe\u00a0 en un contexto rico y complejo de acontecimientos pol\u00edticos internacionales\u00a0 que fueron\u00a0 examinados por la Segunda Conferencia Internacional de Mujeres Socialistas y Comunistas realizada en Copenhague, Dinamarca, el 27 de agosto de 1910,\u00a0 en\u00a0 d\u00f3nde\u00a0 estas mujeres, intelectuales y trabajadoras valoraron con visi\u00f3n de futuro, la importancia de la participaci\u00f3n femenina\u00a0 en la pol\u00edtica, en la toma de decisiones, para el arreglo del desastre en manos de los hombres.<\/span><br \/>\n<span style=\"font-family: Cambria;\">En 1910 el escenario era elocuente. Estaba a punto de suceder\u00a0 la Primera Guerra Mundial, la Revoluci\u00f3n Rusa, la lucha universal por el sufragio femenino, las pugnas entre socialistas y sufragistas, adem\u00e1s del creciente auge del sindicalismo femenino durante las primeras d\u00e9cadas del siglo XX en Europa, Estados Unidos y Latinoam\u00e9rica.<\/span><br \/>\n<span style=\"font-family: Cambria;\">Durante mucho tiempo se quiso ocultar el origen del 8 de marzo, para arrancarnos una conmiseraci\u00f3n sobre los sacrificios de las mujeres obreras, cuando en realidad\u00a0 el D\u00eda Internacional de la Mujer surge para hacer propaganda a favor del sufragio femenino, para defender los derechos laborales de las trabajadoras y manifestarse contra la guerra. Tres elementos sustantivos, todav\u00eda vigentes.<\/span><br \/>\n<span style=\"font-family: Cambria;\">Y\u00a0 103 a\u00f1os despu\u00e9s de aquella Conferencia de Socialistas, hay quienes nos dan flores como si el d\u00eda de la mujer fuera una festividad comercial o de reconocimiento de un d\u00eda, como el d\u00eda de las madres, o de las comadres. <\/span><br \/>\n<span style=\"font-family: Cambria;\">M\u00e1s de cien a\u00f1os de reclamo y acci\u00f3n en favor del reconocimiento, ese s\u00ed, al valor de la palabra femenina, de su bagaje de conocimientos para hacer de las democracias occidentales una forma de vida y de relaci\u00f3n social humana y justa, es todav\u00eda\u00a0 dif\u00edcil de comprender por el poder y por quienes desde su atalaya\u00a0 se resisten a considerar a las mujeres como seres humanos completos.<\/span><br \/>\n<span style=\"font-family: Cambria;\">Todo esto por la conmemoraci\u00f3n. Por la jornada que se avecina llena de discursos y promesas vac\u00edas, por ese af\u00e1n de manipular y enga\u00f1ar. Incre\u00edble,\u00a0 en M\u00e9xico est\u00e1 a debate la ciudadan\u00eda femenina, la iniciativa para la paridad en los procesos electorales propuesta por el Grupo Plural de Mujeres, sigue dormida en el Congreso y este a\u00f1o amanecimos con la intensi\u00f3n de los gobernantes, de la federaci\u00f3n y de las entidades de la Rep\u00fablica, de reducir los presupuestos para el avance de las mujeres.<\/span><br \/>\n<span style=\"font-family: Cambria;\">Nos colocaron frente a la intentona del nuevo r\u00e9gimen de disminuir la calidad y tarea de las instituciones creadas para fortalecer el liderazgo femenino y me temo que pronto sabremos que los partidos pol\u00edticos no destinaron el dos por ciento de sus recursos a esa tarea, tal como fueron sentenciados por el Tribunal Electoral el a\u00f1o pasado y veremos hasta donde son capaces de maniobrar para evitar la llegada de m\u00e1s y m\u00e1s mujeres a los puestos de decisi\u00f3n.<\/span><br \/>\n<span style=\"font-family: Cambria;\">Por ello vale mucho la pena contar que al menos el Instituto Electoral de Zacatecas, que acaba de editar una gu\u00eda ciudadana para ejercer los derechos pol\u00edticos y electorales de las mujeres, es una muestra del inter\u00e9s que todos los \u00f3rganos electorales deb\u00edan hacer. Porque son esos \u00f3rganos los llamados a velar por el Estado de Derecho para las ciudadanas mexicanas. La gu\u00eda, que muestra y orienta el camino a las mujeres, se suma a un sinn\u00famero de esfuerzos por hacer realidad las normas, que frecuentemente son violentadas por los due\u00f1os de los partidos pol\u00edticos. No es un asunto de oportunidades sino de derechos.<\/span><br \/>\n<span style=\"font-family: Cambria;\">Este a\u00f1o habr\u00e1 elecciones en 14 entidades de la Rep\u00fablica. Seg\u00fan mis propias cuentas se repartir\u00e1n, v\u00eda el voto directo y ciudadano 2 mil 149 puestos de representaci\u00f3n popular, de ellos 409 diputaciones son locales, mil 348 presidencias municipales, 391 presidencias de comunidad s\u00f3lo en Tlaxcala y una gubernatura en Baja California.<\/span><br \/>\n<span style=\"font-family: Cambria;\">Todas las elecciones se realizar\u00e1n el 7 de julio. Ahora mismo en cada entidad donde habr\u00e1 elecciones ya los partidos pol\u00edticos nacionales y algunos locales se aprestan para construir mecanismos para elegir\u00a0 sus candidaturas. <\/span><br \/>\n<span style=\"font-family: Cambria;\">Las mujeres tendr\u00edamos que estar ah\u00ed, exigiendo el derecho, el cumplimiento de los estatutos partidarios, concursando para estar\u00a0 en las listas, haciendo programas de gobierno para enderezar al pa\u00eds, todas levantadas\u00a0 para todos los pendientes de la agenda de las mujeres, discutida en aquella Conferencia de Socialistas, peleada en todos los foros internacionales y construida con todas las necesidades de la mitad de la poblaci\u00f3n.\u00a0 <\/span><br \/>\n<span style=\"font-family: Cambria;\">Pero\u00a0 \u00bfqu\u00e9 sucede? que\u00a0 la ciudadan\u00eda femenina est\u00e1 restringida. Por una parte est\u00e1n los derechos, ahora perfectamente inscritos en la Constituci\u00f3n (art\u00edculos 1\u00ba, 2\u00ba, 3\u00ba, y 4\u00ba), en el mandato general de que nos deben dar recursos para ello, en la obligaci\u00f3n adquirida en los foros internacionales para promover los liderazgos femeninos, en las garant\u00edas individuales y colectivas, en el famoso llevado y tra\u00eddo, violado y maltratado estado de Derecho.<\/span><br \/>\n<span style=\"font-family: Cambria;\">La gu\u00eda a que me refiero, escrita por Alicia Villaneda,\u00a0 para su divulgaci\u00f3n general por acuerdo del\u00a0 Instituto Electoral de Zacatecas, cuya consejera presidenta es Leticia Catalina Soto, enmarcada con im\u00e1genes producidas art\u00edsticamente por la caricaturista\u00a0 Martha Barrag\u00e1n, muestra el sentido de la apuesta de mujeres zacatecanas\u00a0 quienes fueron las primeras mexicanas (1824) en reclamar al gobierno de la independencia sus derechos, es, como otros muchos esfuerzos, una nueva reiteraci\u00f3n de que las resistencias son contrarias a los discursos que derramar\u00e1n miel y promesas este 8 de marzo.<\/span><br \/>\n<span style=\"font-family: Cambria;\">La peor de las manipulaciones que yo conozca. Porque en este pa\u00eds de la impunidad y la violaci\u00f3n a la ley, no existe la voluntad pol\u00edtica para incluir a las mujeres. La impunidad rodea el acontecer cotidiano donde el feminicidio se yergue como evidencia de discriminaci\u00f3n y exclusi\u00f3n de las mujeres, como muestra del fracaso de las tambi\u00e9n llevadas y tra\u00eddas pol\u00edticas p\u00fablicas: donde el sistema de justicia deja libres a violadores, asesinos y hostigadores de mujeres; en el que \u00e9l \u00f3rgano encargado de los Derechos Humanos permite que sus funcionarios abusen de las mujeres, sin rendirnos cuentas. Un sistema de simulaci\u00f3n. Ya se ver\u00e1 en los discursos, otra vez\u00a0 reafirmando que las mujeres son las responsables de sus familias,\u201clos \u00e1ngeles del hogar\u201d, y que reafirma y revictimiza a la mitad de la poblaci\u00f3n, coloc\u00e1ndola en el papel construido ideol\u00f3gicamente en el siglo XIX.<\/span><br \/>\n<span style=\"font-family: Cambria;\">Hecha la ley, hecha la trampa como dijo en Zacatecas la representante de ONU Mujeres,\u00a0\u00a0 Ana G\u00fcezmes Garc\u00eda, qui\u00e9n sin mencionarlo dec\u00eda en subtexto que\u00a0 en los procesos electorales en marcha, los dirigentes de los partidos pol\u00edticos har\u00e1n lo imposible por no cumplir con sus estatutos y en muchos casos con las leyes electorales que deben garantizar, al menos un 40 por ciento de mujeres.<\/span><br \/>\n<span style=\"font-family: Cambria;\">Ellos dicen: \u201clas mujeres no quieren\u201d mientras que decenas de ellas si quieren y tienen que recurrir a los tribunales cuando las trampean; buscan c\u00f3mo en la pr\u00e1ctica no pueden hacer la doble jornada; ya no se agachan y lloran por ser exclusivamente madres y quieren quitarse el\u00a0 peso\u00a0 de las responsabilidades familiares que las atan.<\/span><br \/>\n<span style=\"font-family: Cambria;\">El peor de los casos, dijo ah\u00ed la ex candidata presidencial, Patricia Mercado, es el tema de los ayuntamientos, donde las mujeres no llegan ni al siete por ciento de los m\u00e1s de dos mil 500 municipios; y nada parece alterar las conciencias de los gobernantes que dejan hacer. <\/span><br \/>\n<span style=\"font-family: Cambria;\">Si\u00a0 hubiera un estado de Derecho, al analizar los gastos de los partidos, al menos dos perder\u00edan el registro: Movimiento Ciudadano y Partido del Trabajo, que estoy cierta, aunque no s\u00e9 si se podr\u00e1 documentar, no se aplic\u00f3 el dos por ciento para capacitar a sus militantes femeninas. Y otros partidos procuraron \u201ccumplir\u201d sin dar poder real a sus seccione de g\u00e9nero, a sus militantes.<\/span><br \/>\n<span style=\"font-family: Cambria;\">Sus representantes populares conspiran con las libertades femeninas, al cuerpo (el asunto del aborto), al trabajo (que han de mediar con la tarea dom\u00e9stica), a los derechos al\u00a0 menospreciar la ley, a la discriminaci\u00f3n (argumentando la ley natural); al reconocimiento (promoviendo s\u00f3lo excepciones) y por supuesto a considerarnos menores e incapaces. La ideolog\u00eda subrayada en las aulas, en los templos y en los medios de comunicaci\u00f3n. Y no saben que s\u00ed, que las mujeres, muchas de ellas, quieren el poder.\u00a0 Y lo quieren, como dir\u00eda una brillante feminista, para poder hacer.<\/span><br \/>\n<span style=\"font-family: Cambria;\">Este 8 de marzo habr\u00eda que exigir al gobierno federal que se defina. Que ponga cartas sobre la mesa, en lugar de ocultar y manipular la informaci\u00f3n. Hasta ahora poco se sabe y difunde qu\u00e9 est\u00e1 haciendo el instituto Nacional de las Mujeres; nadie se ha hecho cargo de la disminuci\u00f3n de funcionarias p\u00fablicas, proceso de paridad que hab\u00eda avanzado, por ejemplo en el Distrito Federal y en el Gobierno Federal, ahora reducido en 60 por ciento, es decir, vamos para atr\u00e1s.<\/span><br \/>\n<span style=\"font-family: Cambria;\">Tampoco hemos visto una cruzada nacional para detener las muertes evitables, como la muerte materna, aborto inducido o c\u00e1nceres femeninos. Y los partidos son responsables de que miles de mujeres ind\u00edgenas, campesinas o urbanas pobres no tengan su tarjeta de elector,\u00a0 su acta de nacimiento y a falta de orientaci\u00f3n, informaci\u00f3n y educaci\u00f3n, desconozcan sus derechos.<\/span><br \/>\n<span style=\"font-family: Cambria;\">La realidad indica que las mujeres comprometidas con los derechos de las mujeres, esa muestra que dieron nuestras antepasadas para poner el \u00e9nfasis de estos derechos cada 8 de marzo, tienen hoy el compromiso de imponer el Estado de Derecho y hacer exigibles todos los derechos de las mujeres, pospuestos una y otra vez. Hacerlo de frente y sin ambages, con todas las palabras.<\/span><br \/>\n<span style=\"font-family: Cambria;\">Veremos.<\/span><br \/>\n&nbsp;<br \/>\n&nbsp;<br \/>\n<strong>Palabra de Ant\u00edgonas<\/strong><br \/>\n<strong><a href=\"mailto:saraloveralopez@gmail.com\" target=\"_blank\"><span style=\"font-family: Cambria;\">saraloveralopez@gmail.com<\/span><\/a><\/strong><\/p>\n","protected":false},"excerpt":{"rendered":"<p>&nbsp; &nbsp; Por Sara Lovera La conmemoraci\u00f3n anual del 8 de marzo cuyo car\u00e1cter es universal\u00a0 desde la primera d\u00e9cada del siglo XX no obedece a un hecho aislado. La creencia de que se escogi\u00f3 por el \u201csacrificio de las trabajadoras\u201dha sido develada\u00a0 y derribada por las historiadoras feministas. Se eligi\u00f3 para mantener una jornada [&hellip;]<\/p>\n","protected":false},"author":1,"featured_media":0,"comment_status":"open","ping_status":"open","sticky":false,"template":"","format":"standard","meta":{"iawp_total_views":2,"footnotes":""},"categories":[3,4],"tags":[],"class_list":["post-5564","post","type-post","status-publish","format-standard","hentry","category-de-la-revolucion-al-reaprendizaje","category-medios"],"nelio_content":{"autoShareEndMode":"never","automationSources":{"useCustomSentences":false,"customSentences":[]},"efiAlt":"","efiUrl":"","followers":[],"highlights":[],"isAutoShareEnabled":true,"networkImageIds":[],"permalinkQueryArgs":[],"series":[],"suggestedReferences":[]},"yoast_head":"<!-- This site is optimized with the Yoast SEO plugin v27.4 - https:\/\/yoast.com\/product\/yoast-seo-wordpress\/ -->\n<title>El 8 de Marzo: Mujeres y el Poder - Diario Digital Femenino<\/title>\n<meta name=\"robots\" content=\"index, follow, max-snippet:-1, max-image-preview:large, max-video-preview:-1\" \/>\n<link rel=\"canonical\" href=\"https:\/\/diariofemenino.com.ar\/df\/el-8-de-marzo-mujeres-y-el-poder\/\" \/>\n<meta property=\"og:locale\" content=\"es_ES\" \/>\n<meta property=\"og:type\" content=\"article\" \/>\n<meta property=\"og:title\" content=\"El 8 de Marzo: Mujeres y el Poder - Diario Digital Femenino\" \/>\n<meta property=\"og:description\" content=\"&nbsp; &nbsp; Por Sara Lovera La conmemoraci\u00f3n anual del 8 de marzo cuyo car\u00e1cter es universal\u00a0 desde la primera d\u00e9cada del siglo XX no obedece a un hecho aislado. La creencia de que se escogi\u00f3 por el \u201csacrificio de las trabajadoras\u201dha sido develada\u00a0 y derribada por las historiadoras feministas. Se eligi\u00f3 para mantener una jornada [&hellip;]\" \/>\n<meta property=\"og:url\" content=\"https:\/\/diariofemenino.com.ar\/df\/el-8-de-marzo-mujeres-y-el-poder\/\" \/>\n<meta property=\"og:site_name\" content=\"Diario Digital Femenino\" \/>\n<meta property=\"article:publisher\" content=\"https:\/\/www.facebook.com\/DiarioDigitaFemenino\/\" \/>\n<meta property=\"article:published_time\" content=\"2013-02-18T14:41:59+00:00\" \/>\n<meta property=\"og:image\" content=\"https:\/\/diariofemenino.com.ar\/df\/wp-content\/uploads\/2016\/10\/logo-negro.png\" \/>\n\t<meta property=\"og:image:width\" content=\"855\" \/>\n\t<meta property=\"og:image:height\" content=\"319\" \/>\n\t<meta property=\"og:image:type\" content=\"image\/png\" \/>\n<meta name=\"author\" content=\"Admin\" \/>\n<meta name=\"twitter:card\" content=\"summary_large_image\" \/>\n<meta name=\"twitter:creator\" content=\"@DiarioFemenino1\" \/>\n<meta name=\"twitter:site\" content=\"@DiarioFemenino1\" \/>\n<meta name=\"twitter:label1\" content=\"Escrito por\" \/>\n\t<meta name=\"twitter:data1\" content=\"Admin\" \/>\n\t<meta name=\"twitter:label2\" content=\"Tiempo de lectura\" \/>\n\t<meta name=\"twitter:data2\" content=\"9 minutos\" \/>\n<script type=\"application\/ld+json\" class=\"yoast-schema-graph\">{\"@context\":\"https:\\\/\\\/schema.org\",\"@graph\":[{\"@type\":\"Article\",\"@id\":\"https:\\\/\\\/diariofemenino.com.ar\\\/df\\\/el-8-de-marzo-mujeres-y-el-poder\\\/#article\",\"isPartOf\":{\"@id\":\"https:\\\/\\\/diariofemenino.com.ar\\\/df\\\/el-8-de-marzo-mujeres-y-el-poder\\\/\"},\"author\":{\"name\":\"Admin\",\"@id\":\"https:\\\/\\\/diariofemenino.com.ar\\\/df\\\/#\\\/schema\\\/person\\\/38f54b3bfd13f561de2460ba95c169c6\"},\"headline\":\"El 8 de Marzo: Mujeres y el Poder\",\"datePublished\":\"2013-02-18T14:41:59+00:00\",\"mainEntityOfPage\":{\"@id\":\"https:\\\/\\\/diariofemenino.com.ar\\\/df\\\/el-8-de-marzo-mujeres-y-el-poder\\\/\"},\"wordCount\":1749,\"commentCount\":0,\"publisher\":{\"@id\":\"https:\\\/\\\/diariofemenino.com.ar\\\/df\\\/#organization\"},\"articleSection\":[\"De la Revoluci\u00f3n al Reaprendizaje\",\"Medios\"],\"inLanguage\":\"es\",\"potentialAction\":[{\"@type\":\"CommentAction\",\"name\":\"Comment\",\"target\":[\"https:\\\/\\\/diariofemenino.com.ar\\\/df\\\/el-8-de-marzo-mujeres-y-el-poder\\\/#respond\"]}]},{\"@type\":\"WebPage\",\"@id\":\"https:\\\/\\\/diariofemenino.com.ar\\\/df\\\/el-8-de-marzo-mujeres-y-el-poder\\\/\",\"url\":\"https:\\\/\\\/diariofemenino.com.ar\\\/df\\\/el-8-de-marzo-mujeres-y-el-poder\\\/\",\"name\":\"El 8 de Marzo: Mujeres y el Poder - Diario Digital Femenino\",\"isPartOf\":{\"@id\":\"https:\\\/\\\/diariofemenino.com.ar\\\/df\\\/#website\"},\"datePublished\":\"2013-02-18T14:41:59+00:00\",\"breadcrumb\":{\"@id\":\"https:\\\/\\\/diariofemenino.com.ar\\\/df\\\/el-8-de-marzo-mujeres-y-el-poder\\\/#breadcrumb\"},\"inLanguage\":\"es\",\"potentialAction\":[{\"@type\":\"ReadAction\",\"target\":[\"https:\\\/\\\/diariofemenino.com.ar\\\/df\\\/el-8-de-marzo-mujeres-y-el-poder\\\/\"]}]},{\"@type\":\"BreadcrumbList\",\"@id\":\"https:\\\/\\\/diariofemenino.com.ar\\\/df\\\/el-8-de-marzo-mujeres-y-el-poder\\\/#breadcrumb\",\"itemListElement\":[{\"@type\":\"ListItem\",\"position\":1,\"name\":\"Portada\",\"item\":\"https:\\\/\\\/diariofemenino.com.ar\\\/df\\\/\"},{\"@type\":\"ListItem\",\"position\":2,\"name\":\"El 8 de Marzo: Mujeres y el Poder\"}]},{\"@type\":\"WebSite\",\"@id\":\"https:\\\/\\\/diariofemenino.com.ar\\\/df\\\/#website\",\"url\":\"https:\\\/\\\/diariofemenino.com.ar\\\/df\\\/\",\"name\":\"Diario Digital Femenino\",\"description\":\"Cuesti\u00f3n de G\u00e9nero\",\"publisher\":{\"@id\":\"https:\\\/\\\/diariofemenino.com.ar\\\/df\\\/#organization\"},\"potentialAction\":[{\"@type\":\"SearchAction\",\"target\":{\"@type\":\"EntryPoint\",\"urlTemplate\":\"https:\\\/\\\/diariofemenino.com.ar\\\/df\\\/?s={search_term_string}\"},\"query-input\":{\"@type\":\"PropertyValueSpecification\",\"valueRequired\":true,\"valueName\":\"search_term_string\"}}],\"inLanguage\":\"es\"},{\"@type\":\"Organization\",\"@id\":\"https:\\\/\\\/diariofemenino.com.ar\\\/df\\\/#organization\",\"name\":\"Diario Femenino\",\"url\":\"https:\\\/\\\/diariofemenino.com.ar\\\/df\\\/\",\"logo\":{\"@type\":\"ImageObject\",\"inLanguage\":\"es\",\"@id\":\"https:\\\/\\\/diariofemenino.com.ar\\\/df\\\/#\\\/schema\\\/logo\\\/image\\\/\",\"url\":\"https:\\\/\\\/diariofemenino.com.ar\\\/df\\\/wp-content\\\/uploads\\\/2018\\\/10\\\/logo.png\",\"contentUrl\":\"https:\\\/\\\/diariofemenino.com.ar\\\/df\\\/wp-content\\\/uploads\\\/2018\\\/10\\\/logo.png\",\"width\":500,\"height\":92,\"caption\":\"Diario Femenino\"},\"image\":{\"@id\":\"https:\\\/\\\/diariofemenino.com.ar\\\/df\\\/#\\\/schema\\\/logo\\\/image\\\/\"},\"sameAs\":[\"https:\\\/\\\/www.facebook.com\\\/DiarioDigitaFemenino\\\/\",\"https:\\\/\\\/x.com\\\/DiarioFemenino1\"]},{\"@type\":\"Person\",\"@id\":\"https:\\\/\\\/diariofemenino.com.ar\\\/df\\\/#\\\/schema\\\/person\\\/38f54b3bfd13f561de2460ba95c169c6\",\"name\":\"Admin\",\"image\":{\"@type\":\"ImageObject\",\"inLanguage\":\"es\",\"@id\":\"https:\\\/\\\/diariofemenino.com.ar\\\/df\\\/wp-content\\\/uploads\\\/2018\\\/12\\\/favicon-150x150.jpg\",\"url\":\"https:\\\/\\\/diariofemenino.com.ar\\\/df\\\/wp-content\\\/uploads\\\/2018\\\/12\\\/favicon-150x150.jpg\",\"contentUrl\":\"https:\\\/\\\/diariofemenino.com.ar\\\/df\\\/wp-content\\\/uploads\\\/2018\\\/12\\\/favicon-150x150.jpg\",\"caption\":\"Admin\"},\"url\":\"https:\\\/\\\/diariofemenino.com.ar\\\/df\\\/author\\\/adm18df\\\/\"}]}<\/script>\n<!-- \/ Yoast SEO plugin. -->","yoast_head_json":{"title":"El 8 de Marzo: Mujeres y el Poder - Diario Digital Femenino","robots":{"index":"index","follow":"follow","max-snippet":"max-snippet:-1","max-image-preview":"max-image-preview:large","max-video-preview":"max-video-preview:-1"},"canonical":"https:\/\/diariofemenino.com.ar\/df\/el-8-de-marzo-mujeres-y-el-poder\/","og_locale":"es_ES","og_type":"article","og_title":"El 8 de Marzo: Mujeres y el Poder - Diario Digital Femenino","og_description":"&nbsp; &nbsp; Por Sara Lovera La conmemoraci\u00f3n anual del 8 de marzo cuyo car\u00e1cter es universal\u00a0 desde la primera d\u00e9cada del siglo XX no obedece a un hecho aislado. La creencia de que se escogi\u00f3 por el \u201csacrificio de las trabajadoras\u201dha sido develada\u00a0 y derribada por las historiadoras feministas. Se eligi\u00f3 para mantener una jornada [&hellip;]","og_url":"https:\/\/diariofemenino.com.ar\/df\/el-8-de-marzo-mujeres-y-el-poder\/","og_site_name":"Diario Digital Femenino","article_publisher":"https:\/\/www.facebook.com\/DiarioDigitaFemenino\/","article_published_time":"2013-02-18T14:41:59+00:00","og_image":[{"width":855,"height":319,"url":"https:\/\/diariofemenino.com.ar\/df\/wp-content\/uploads\/2016\/10\/logo-negro.png","type":"image\/png"}],"author":"Admin","twitter_card":"summary_large_image","twitter_creator":"@DiarioFemenino1","twitter_site":"@DiarioFemenino1","twitter_misc":{"Escrito por":"Admin","Tiempo de lectura":"9 minutos"},"schema":{"@context":"https:\/\/schema.org","@graph":[{"@type":"Article","@id":"https:\/\/diariofemenino.com.ar\/df\/el-8-de-marzo-mujeres-y-el-poder\/#article","isPartOf":{"@id":"https:\/\/diariofemenino.com.ar\/df\/el-8-de-marzo-mujeres-y-el-poder\/"},"author":{"name":"Admin","@id":"https:\/\/diariofemenino.com.ar\/df\/#\/schema\/person\/38f54b3bfd13f561de2460ba95c169c6"},"headline":"El 8 de Marzo: Mujeres y el Poder","datePublished":"2013-02-18T14:41:59+00:00","mainEntityOfPage":{"@id":"https:\/\/diariofemenino.com.ar\/df\/el-8-de-marzo-mujeres-y-el-poder\/"},"wordCount":1749,"commentCount":0,"publisher":{"@id":"https:\/\/diariofemenino.com.ar\/df\/#organization"},"articleSection":["De la Revoluci\u00f3n al Reaprendizaje","Medios"],"inLanguage":"es","potentialAction":[{"@type":"CommentAction","name":"Comment","target":["https:\/\/diariofemenino.com.ar\/df\/el-8-de-marzo-mujeres-y-el-poder\/#respond"]}]},{"@type":"WebPage","@id":"https:\/\/diariofemenino.com.ar\/df\/el-8-de-marzo-mujeres-y-el-poder\/","url":"https:\/\/diariofemenino.com.ar\/df\/el-8-de-marzo-mujeres-y-el-poder\/","name":"El 8 de Marzo: Mujeres y el Poder - Diario Digital Femenino","isPartOf":{"@id":"https:\/\/diariofemenino.com.ar\/df\/#website"},"datePublished":"2013-02-18T14:41:59+00:00","breadcrumb":{"@id":"https:\/\/diariofemenino.com.ar\/df\/el-8-de-marzo-mujeres-y-el-poder\/#breadcrumb"},"inLanguage":"es","potentialAction":[{"@type":"ReadAction","target":["https:\/\/diariofemenino.com.ar\/df\/el-8-de-marzo-mujeres-y-el-poder\/"]}]},{"@type":"BreadcrumbList","@id":"https:\/\/diariofemenino.com.ar\/df\/el-8-de-marzo-mujeres-y-el-poder\/#breadcrumb","itemListElement":[{"@type":"ListItem","position":1,"name":"Portada","item":"https:\/\/diariofemenino.com.ar\/df\/"},{"@type":"ListItem","position":2,"name":"El 8 de Marzo: Mujeres y el Poder"}]},{"@type":"WebSite","@id":"https:\/\/diariofemenino.com.ar\/df\/#website","url":"https:\/\/diariofemenino.com.ar\/df\/","name":"Diario Digital Femenino","description":"Cuesti\u00f3n de G\u00e9nero","publisher":{"@id":"https:\/\/diariofemenino.com.ar\/df\/#organization"},"potentialAction":[{"@type":"SearchAction","target":{"@type":"EntryPoint","urlTemplate":"https:\/\/diariofemenino.com.ar\/df\/?s={search_term_string}"},"query-input":{"@type":"PropertyValueSpecification","valueRequired":true,"valueName":"search_term_string"}}],"inLanguage":"es"},{"@type":"Organization","@id":"https:\/\/diariofemenino.com.ar\/df\/#organization","name":"Diario Femenino","url":"https:\/\/diariofemenino.com.ar\/df\/","logo":{"@type":"ImageObject","inLanguage":"es","@id":"https:\/\/diariofemenino.com.ar\/df\/#\/schema\/logo\/image\/","url":"https:\/\/diariofemenino.com.ar\/df\/wp-content\/uploads\/2018\/10\/logo.png","contentUrl":"https:\/\/diariofemenino.com.ar\/df\/wp-content\/uploads\/2018\/10\/logo.png","width":500,"height":92,"caption":"Diario Femenino"},"image":{"@id":"https:\/\/diariofemenino.com.ar\/df\/#\/schema\/logo\/image\/"},"sameAs":["https:\/\/www.facebook.com\/DiarioDigitaFemenino\/","https:\/\/x.com\/DiarioFemenino1"]},{"@type":"Person","@id":"https:\/\/diariofemenino.com.ar\/df\/#\/schema\/person\/38f54b3bfd13f561de2460ba95c169c6","name":"Admin","image":{"@type":"ImageObject","inLanguage":"es","@id":"https:\/\/diariofemenino.com.ar\/df\/wp-content\/uploads\/2018\/12\/favicon-150x150.jpg","url":"https:\/\/diariofemenino.com.ar\/df\/wp-content\/uploads\/2018\/12\/favicon-150x150.jpg","contentUrl":"https:\/\/diariofemenino.com.ar\/df\/wp-content\/uploads\/2018\/12\/favicon-150x150.jpg","caption":"Admin"},"url":"https:\/\/diariofemenino.com.ar\/df\/author\/adm18df\/"}]}},"jetpack_featured_media_url":"","jetpack_sharing_enabled":true,"rttpg_featured_image_url":null,"rttpg_author":{"display_name":"Admin","author_link":"https:\/\/diariofemenino.com.ar\/df\/author\/adm18df\/"},"rttpg_comment":0,"rttpg_category":"<a href=\"https:\/\/diariofemenino.com.ar\/df\/category\/de-la-revolucion-al-reaprendizaje\/\" rel=\"category tag\">De la Revoluci\u00f3n al Reaprendizaje<\/a> <a href=\"https:\/\/diariofemenino.com.ar\/df\/category\/medios\/\" rel=\"category tag\">Medios<\/a>","rttpg_excerpt":"&nbsp; &nbsp; Por Sara Lovera La conmemoraci\u00f3n anual del 8 de marzo cuyo car\u00e1cter es universal\u00a0 desde la primera d\u00e9cada del siglo XX no obedece a un hecho aislado. La creencia de que se escogi\u00f3 por el \u201csacrificio de las trabajadoras\u201dha sido develada\u00a0 y derribada por las historiadoras feministas. Se eligi\u00f3 para mantener una jornada&hellip;","_links":{"self":[{"href":"https:\/\/diariofemenino.com.ar\/df\/wp-json\/wp\/v2\/posts\/5564","targetHints":{"allow":["GET"]}}],"collection":[{"href":"https:\/\/diariofemenino.com.ar\/df\/wp-json\/wp\/v2\/posts"}],"about":[{"href":"https:\/\/diariofemenino.com.ar\/df\/wp-json\/wp\/v2\/types\/post"}],"author":[{"embeddable":true,"href":"https:\/\/diariofemenino.com.ar\/df\/wp-json\/wp\/v2\/users\/1"}],"replies":[{"embeddable":true,"href":"https:\/\/diariofemenino.com.ar\/df\/wp-json\/wp\/v2\/comments?post=5564"}],"version-history":[{"count":0,"href":"https:\/\/diariofemenino.com.ar\/df\/wp-json\/wp\/v2\/posts\/5564\/revisions"}],"wp:attachment":[{"href":"https:\/\/diariofemenino.com.ar\/df\/wp-json\/wp\/v2\/media?parent=5564"}],"wp:term":[{"taxonomy":"category","embeddable":true,"href":"https:\/\/diariofemenino.com.ar\/df\/wp-json\/wp\/v2\/categories?post=5564"},{"taxonomy":"post_tag","embeddable":true,"href":"https:\/\/diariofemenino.com.ar\/df\/wp-json\/wp\/v2\/tags?post=5564"}],"curies":[{"name":"wp","href":"https:\/\/api.w.org\/{rel}","templated":true}]}}