{"id":55631,"date":"2021-02-01T10:28:54","date_gmt":"2021-02-01T13:28:54","guid":{"rendered":"https:\/\/diariofemenino.com.ar\/?p=55631"},"modified":"2021-02-01T10:32:11","modified_gmt":"2021-02-01T13:32:11","slug":"en-polonia-el-aborto-queda-casi-totalmente-prohibido-al-entrar-en-vigor-nuevas-restricciones","status":"publish","type":"post","link":"https:\/\/diariofemenino.com.ar\/df\/en-polonia-el-aborto-queda-casi-totalmente-prohibido-al-entrar-en-vigor-nuevas-restricciones\/","title":{"rendered":"En Polonia, el aborto queda casi totalmente prohibido, al entrar en vigor nuevas restricciones"},"content":{"rendered":"<p>En <a href=\"https:\/\/diariofemenino.com.ar\/miles-de-mujeres-protestan-en-polonia-contra-la-posible-prohibicion-del-aborto\/\">Polonia<\/a>, el aborto queda casi totalmente prohibido, al entrar en vigor nuevas restricciones<\/p>\n<p>El gobierno polaco promulg\u00f3 finalmente la sentencia Del Tribunal Constitucional. Por la cual salvo en el caso de violaci\u00f3n o incesto, o bien cuando la vida de la madre corriera peligro de muerte, queda vedada, la interrupci\u00f3n voluntaria del embarazo, en uno de los pa\u00edses cat\u00f3licos m\u00e1s devotos de Europa. En la pr\u00e1ctica constituye una prohibici\u00f3n casi total del aborto en el pa\u00eds<\/p>\n<p>Por: Daniel H\u00e9ctor Saban*<\/p>\n<p>La decisi\u00f3n del alto tribunal hab\u00eda sido tomada en el mes de octubre de 2020, produci\u00e9ndose a partir de ese momento numerosas manifestaciones masivas contra la medida. El Tribunal Constitucional (TC), declar\u00f3 la interrupci\u00f3n del embarazo por malformaci\u00f3n del feto c\u00f3mo ilegal, debiendo tenerse presente que el mismo constitu\u00eda, un 98% de los abortos que se efect\u00faan en el pa\u00eds. La prohibici\u00f3n limita a\u00fan m\u00e1s la restrictiva ley, convirtiendo a Polonia en el \u00fanico Estado de la Uni\u00f3n Europea que retrocede en el acceso legal a la interrupci\u00f3n voluntaria del embarazo en los \u00faltimos a\u00f1os.<\/p>\n<p>&nbsp;<\/p>\n<p><strong>El PiS (partido ultraconservador Ley y Justicia) <\/strong><\/p>\n<p>De esta forma el TC respond\u00eda a una querella presentada hace tres a\u00f1os por un grupo de parlamentarios del partido pol\u00edtico Ley y Justicia quienes consideraban el aborto por malformaci\u00f3n una forma de eugenesia. Por otro parte sosten\u00edan que no respetaba la dignidad humana y, por lo tanto, no pod\u00eda tener espacio en la Constituci\u00f3n.<\/p>\n<p>Desde 2015, el partido Ley y Justicia gobierna en el pa\u00eds siendo reelegido el a\u00f1o pasado. Su fundador Jaroslaw Kaczynski se ha manifestado en m\u00faltiples oportunidades a favor de restringir a\u00fan m\u00e1s la interrupci\u00f3n voluntaria del embarazo.<\/p>\n<p>El partido, mantiene un discurso de corte nacionalista, en contra del matrimonio homosexual y del aborto. Seg\u00fan Human Rights Watch, los derechos de la comunidad LGBTIQ+ y los derechos de las mujeres no han recibido financiamiento p\u00fablico en 2019.<\/p>\n<p>La modificaci\u00f3n legal, ha vuelto a producir protestas en las calles, con profusas cr\u00edticas contra el Gobierno de Ley y Justicia (PiS), al considerar que la resoluci\u00f3n es contraria al Estado de Derecho. La sentencia hab\u00eda sido emitida el pasado 22 de octubre, y la argumentaci\u00f3n fue publicada el \u00faltimo jueves, en la revista de Leyes, un \u00f3rgano similar a nuestro Bolet\u00edn Oficial. El Gobierno hab\u00eda demorado la publicaci\u00f3n con el fin de calmar los \u00e1nimos, tras las manifestaciones producidas en el oto\u00f1o \u00faltimo .Las protestas fueron masivas y perduraron por varias semanas, en aquel momento, haciendo recordar las que hab\u00eda vivido el pa\u00eds en la d\u00e9cada de 1980, cuando el movimiento Solidaridad ayud\u00f3 a poner fin al r\u00e9gimen comunista.<\/p>\n<p>La ley de Planificaci\u00f3n Familiar polaca, de 1993, se ubicaba aun antes de la \u00faltima modificaci\u00f3n entre las m\u00e1s restrictivas del continente. El pa\u00eds solo permitir\u00e1 el aborto a partir de ahora, \u00fanicamente en los casos de violaci\u00f3n o incesto o si la vida de la mujer corriera peligro.<\/p>\n<p>&nbsp;<\/p>\n<figure id=\"attachment_55633\" aria-describedby=\"caption-attachment-55633\" style=\"width: 900px\" class=\"wp-caption alignleft\"><img loading=\"lazy\" decoding=\"async\" class=\"size-large wp-image-55633\" src=\"https:\/\/diariofemenino.com.ar\/df\/wp-content\/uploads\/2021\/02\/Polonia-y-Huelga-de-hambre-1024x629.jpg\" alt=\"En Polonia, el aborto queda casi totalmente prohibido, al entrar en vigor nuevas restricciones\" width=\"900\" height=\"553\" srcset=\"https:\/\/diariofemenino.com.ar\/df\/wp-content\/uploads\/2021\/02\/Polonia-y-Huelga-de-hambre-1024x629.jpg 1024w, https:\/\/diariofemenino.com.ar\/df\/wp-content\/uploads\/2021\/02\/Polonia-y-Huelga-de-hambre-300x184.jpg 300w, https:\/\/diariofemenino.com.ar\/df\/wp-content\/uploads\/2021\/02\/Polonia-y-Huelga-de-hambre-768x472.jpg 768w, https:\/\/diariofemenino.com.ar\/df\/wp-content\/uploads\/2021\/02\/Polonia-y-Huelga-de-hambre.jpg 1200w\" sizes=\"auto, (max-width: 900px) 100vw, 900px\" \/><figcaption id=\"caption-attachment-55633\" class=\"wp-caption-text\">En Polonia, el aborto queda casi totalmente prohibido, al entrar en vigor nuevas restricciones<\/figcaption><\/figure>\n<p><strong>Huelga de Mujeres <\/strong><\/p>\n<p>Marta Lempart, l\u00edder del movimiento Strajk kobiet (Huelga de mujeres), encontr\u00f3 la inspiraci\u00f3n para sus marchas de reclamo, en los grupos de protesta surgidos en Bielorrusia que se manifestaron para presionar al presidente Alexander Lukashenko intentando su dimisi\u00f3n.<\/p>\n<p>El anuncio inesperado provoc\u00f3 protestas en todo el pa\u00eds, a pesar de las restricciones por el COVID-19, debiendo tener en cuenta que el Gobierno extendi\u00f3 las restricciones sanitarias hasta el 14 de febrero.<\/p>\n<p>\u201cEl gobierno Polaco parece decidido a abolir el Estado de derecho y cualquier apariencia de un sistema de justicia aut\u00e9ntico con pseudo veredictos altamente politizados, la persecuci\u00f3n de jueces y fiscales, y la negativa a implementar las sentencias del Tribunal de Justicia de la UE\u201d, advirti\u00f3 el Partido Popular Europeo (PPE), en la Euroc\u00e1mara.<\/p>\n<p>Miles de personas marcharon por las calles de Varsovia para protestar por la nueva restricci\u00f3n impuesta a las posibilidades de efectuar las interrupciones a los embarazos. Lempart, es una abogada de 41 a\u00f1os, quien considera que los movimientos polacos y bielorrusos son similares porque son dirigidos por mujeres europeas del este. Hab\u00eda estado involucrada en las llamadas \u201cprotestas negras\u201d de Polonia, en las que se reclam\u00f3 por los derechos del sexo femenino desde 2016.<\/p>\n<p>Con anteojos negros, de montura gruesa y cabello rubio con canas, alienta a pesar de la pandemia a salir a las calles al pueblo para protestar ante las restricciones impuestas por la autoridad gubernamental. Sostiene, la l\u00edder que \u201ccree que es una reacci\u00f3n violenta contra la cultura patriarcal, contra los estados patriarcales, contra los estados religiosos fundamentalistas, contra los estados que tratan realmente mal a las mujeres\u201d.<\/p>\n<p>El objetivo de la Huelga de Mujeres es garantizar que las protestas no se paralicen por el miedo a contraer el COVID. A pesar de la pandemia y las prohibiciones de reuni\u00f3n de m\u00e1s de cinco personas, las demandas se han extendido desde entonces en Varsovia y otras ciudades del pa\u00eds. Miles de activistas han desafiado la prohibici\u00f3n para alzar la voz ante un retroceso de sus derechos, \u00fanico en Europa.<\/p>\n<p>Nutridos grupos de personas se congregaron en Varsovia con bengalas, banderas con los colores del arco iris (emblema del movimiento LGTB). La protesta seg\u00fan algunos medios se inici\u00f3 frente al palacio del Constitucional, llegando a dificultar el tr\u00e1fico en el centro de la ciudad capital. Luego se dirigieron hacia la sede del partido PiS. Mientras las marchas se replicaban en otras ciudades de Polonia, el ministro de Salud, Adam Niedzielski en declaraciones alert\u00f3 sosteniendo que las manifestaciones podr\u00edan agravar la situaci\u00f3n sanitaria respecto al coronavirus.<\/p>\n<p>&nbsp;<\/p>\n<p><strong>Polonia y el aborto<\/strong><\/p>\n<p>Seg\u00fan los datos oficiales del Ministerio de Salud, en 2019 se practicaron en Polonia (un pa\u00eds con 38 millones de habitantes), 1.110 abortos legales. De esa cantidad de interrupciones, 1074 (96%) se llevaron a cabo por problemas del feto.<\/p>\n<p>Leah Hotor, directora regional de la ONG Centro de Derechos Reproductivos, con la ley polaca, \u201cse intenta jugar a la pol\u00edtica\u201d con la vida de las mujeres. Declaro a Euronews despues del fallo que: \u201cLas leyes que proh\u00edben el aborto, no hacen m\u00e1s que perjudicar la salud y el bienestar de las mujeres, al empujarlas a la clandestinidad u obligarlas a viajar a jurisdicciones extranjeras, en otros pa\u00edses, para acceder a la atenci\u00f3n medica\u201d. Se calcula que entre 80.000 y 120.000 mujeres son las que viajan al exterior para abortar. Otras compran pastillas abortivas en forma ilegal.<\/p>\n<p>Seg\u00fan el peri\u00f3dico The New York Times, 14 de los 15 jueces que forman el Tribunal Constitucional, han sido elegidos por el partido del gobierno, por lo que Ley y Justicia, tendr\u00eda el control sobre sus decisiones. Este hecho pone en riesgo la separaci\u00f3n de poderes en el pa\u00eds.<\/p>\n<p>En Europa, solo Andorra, San Marino y Malta tienen un r\u00e9gimen m\u00e1s restrictivo, ya que no se permite el aborto en ninguna hipotesis. Irlanda,donde la interrupci\u00f3n del embarazo era considerada causal de excomuni\u00f3n, tras un refer\u00e9ndum, la poblaci\u00f3n se inclin\u00f3 por derogar la octava enmienda de la Constituci\u00f3n, que equiparaba el derecho de la madre con el del feto.<\/p>\n<p>Mientras en Argentina las libertades consegu\u00edan un logro significativo con la aprobaci\u00f3n del IVE en el Congreso, en Polonia se observa un grave paso hacia atr\u00e1s, al consagrar el giro ultraconservador de sus pol\u00edticas con la entrada en vigor del fallo del Tribunal Constitucional.<\/p>\n<p>El analista pol\u00edtico Adam Traczyk, considera que \u201cprobablemente Jaroslaw Kazcynski (actual viceprimer ministro y presidente del PiS), sienta que ahora que es invierno, y la gente tiene miedo de la pandemia, y se dan las mejores circunstancias, para llevar a cabo el proceso de declarar c\u00f3mo ilegal la interrupci\u00f3n del embarazo por malformaci\u00f3n fetal\u201d.<\/p>\n<p>Los antiabortistas, defienden el principio de que el embri\u00f3n o feto es una vida humana y dan m\u00e1s importancia a esto que al derecho de la mujer a decidir sobre su cuerpo y maternidad. Para los abortistas, durante las primeras semanas el embri\u00f3n o feto no est\u00e1 lo suficientemente desarrollado para considerarlo persona.<\/p>\n<p>La interrupci\u00f3n del embarazo es a\u00fan un tema pol\u00e9mico en algunos pa\u00edses y en ciertos sectores de la sociedad. Polonia ya es uno de los pa\u00edses de la Uni\u00f3n Europea con m\u00e1s restricciones para interrumpir el embarazo.<\/p>\n<p>&nbsp;<\/p>\n<p>(*)\u00a0Columnista\u00a0de\u00a0<a href=\"https:\/\/diariofemenino.com.ar\/\">Diario Digital Femenino<\/a><\/p>\n<p><a href=\"https:\/\/diariofemenino.com.ar\">Diario Digital Femenino<\/a><\/p>\n","protected":false},"excerpt":{"rendered":"<p>En Polonia, el aborto queda casi totalmente prohibido, al entrar en vigor nuevas restricciones El gobierno polaco promulg\u00f3 finalmente la sentencia Del Tribunal Constitucional. Por la cual salvo en el caso de violaci\u00f3n o incesto, o bien cuando la vida de la madre corriera peligro de muerte, queda vedada, la interrupci\u00f3n voluntaria del embarazo, en [&hellip;]<\/p>\n","protected":false},"author":1,"featured_media":55632,"comment_status":"open","ping_status":"open","sticky":false,"template":"","format":"standard","meta":{"iawp_total_views":3,"footnotes":""},"categories":[22,1067,23],"tags":[1081,4075,1297],"class_list":["post-55631","post","type-post","status-publish","format-standard","has-post-thumbnail","hentry","category-aborto","category-agenda-feminista","category-salud","tag-aborto-legal-seguro-y-gratuito","tag-modificacion-legal","tag-polonia"],"nelio_content":{"autoShareEndMode":"never","automationSources":{"useCustomSentences":false,"customSentences":[]},"efiAlt":"","efiUrl":"","followers":[],"highlights":[],"isAutoShareEnabled":true,"networkImageIds":[],"permalinkQueryArgs":[],"series":[],"suggestedReferences":[]},"yoast_head":"<!-- This site is optimized with the Yoast SEO plugin v27.5 - https:\/\/yoast.com\/product\/yoast-seo-wordpress\/ -->\n<title>En Polonia, el aborto queda casi totalmente prohibido, al entrar en vigor nuevas restricciones - Diario Digital Femenino<\/title>\n<meta name=\"description\" content=\"En Polonia: salvo en el caso de violaci\u00f3n o incesto, o bien cuando la vida de la madre corriera peligro de muerte, queda vedada, la IVE\" \/>\n<meta name=\"robots\" content=\"index, follow, max-snippet:-1, max-image-preview:large, max-video-preview:-1\" \/>\n<link rel=\"canonical\" href=\"https:\/\/diariofemenino.com.ar\/df\/en-polonia-el-aborto-queda-casi-totalmente-prohibido-al-entrar-en-vigor-nuevas-restricciones\/\" \/>\n<meta property=\"og:locale\" content=\"es_ES\" \/>\n<meta property=\"og:type\" content=\"article\" \/>\n<meta property=\"og:title\" content=\"En Polonia, el aborto queda casi totalmente prohibido, al entrar en vigor nuevas restricciones - Diario Digital Femenino\" \/>\n<meta property=\"og:description\" content=\"En Polonia: salvo en el caso de violaci\u00f3n o incesto, o bien cuando la vida de la madre corriera peligro de muerte, queda vedada, la IVE\" \/>\n<meta property=\"og:url\" content=\"https:\/\/diariofemenino.com.ar\/df\/en-polonia-el-aborto-queda-casi-totalmente-prohibido-al-entrar-en-vigor-nuevas-restricciones\/\" \/>\n<meta property=\"og:site_name\" content=\"Diario Digital Femenino\" \/>\n<meta property=\"article:publisher\" content=\"https:\/\/www.facebook.com\/DiarioDigitaFemenino\/\" \/>\n<meta property=\"article:published_time\" content=\"2021-02-01T13:28:54+00:00\" \/>\n<meta property=\"article:modified_time\" content=\"2021-02-01T13:32:11+00:00\" \/>\n<meta property=\"og:image\" content=\"https:\/\/diariofemenino.com.ar\/df\/wp-content\/uploads\/2021\/02\/Polonia-y-Huelga-de-Hambre-2-e1612186060461.jpg\" \/>\n\t<meta property=\"og:image:width\" content=\"1592\" \/>\n\t<meta property=\"og:image:height\" content=\"796\" \/>\n\t<meta property=\"og:image:type\" content=\"image\/jpeg\" \/>\n<meta name=\"author\" content=\"Admin\" \/>\n<meta name=\"twitter:card\" content=\"summary_large_image\" \/>\n<meta name=\"twitter:creator\" content=\"@DiarioFemenino1\" \/>\n<meta name=\"twitter:site\" content=\"@DiarioFemenino1\" \/>\n<meta name=\"twitter:label1\" content=\"Escrito por\" \/>\n\t<meta name=\"twitter:data1\" content=\"Admin\" \/>\n\t<meta name=\"twitter:label2\" content=\"Tiempo de lectura\" \/>\n\t<meta name=\"twitter:data2\" content=\"7 minutos\" \/>\n<script type=\"application\/ld+json\" class=\"yoast-schema-graph\">{\"@context\":\"https:\\\/\\\/schema.org\",\"@graph\":[{\"@type\":\"Article\",\"@id\":\"https:\\\/\\\/diariofemenino.com.ar\\\/df\\\/en-polonia-el-aborto-queda-casi-totalmente-prohibido-al-entrar-en-vigor-nuevas-restricciones\\\/#article\",\"isPartOf\":{\"@id\":\"https:\\\/\\\/diariofemenino.com.ar\\\/df\\\/en-polonia-el-aborto-queda-casi-totalmente-prohibido-al-entrar-en-vigor-nuevas-restricciones\\\/\"},\"author\":{\"name\":\"Admin\",\"@id\":\"https:\\\/\\\/diariofemenino.com.ar\\\/df\\\/#\\\/schema\\\/person\\\/38f54b3bfd13f561de2460ba95c169c6\"},\"headline\":\"En Polonia, el aborto queda casi totalmente prohibido, al entrar en vigor nuevas restricciones\",\"datePublished\":\"2021-02-01T13:28:54+00:00\",\"dateModified\":\"2021-02-01T13:32:11+00:00\",\"mainEntityOfPage\":{\"@id\":\"https:\\\/\\\/diariofemenino.com.ar\\\/df\\\/en-polonia-el-aborto-queda-casi-totalmente-prohibido-al-entrar-en-vigor-nuevas-restricciones\\\/\"},\"wordCount\":1487,\"commentCount\":0,\"publisher\":{\"@id\":\"https:\\\/\\\/diariofemenino.com.ar\\\/df\\\/#organization\"},\"image\":{\"@id\":\"https:\\\/\\\/diariofemenino.com.ar\\\/df\\\/en-polonia-el-aborto-queda-casi-totalmente-prohibido-al-entrar-en-vigor-nuevas-restricciones\\\/#primaryimage\"},\"thumbnailUrl\":\"https:\\\/\\\/diariofemenino.com.ar\\\/df\\\/wp-content\\\/uploads\\\/2021\\\/02\\\/Polonia-y-Huelga-de-Hambre-2-e1612186060461.jpg\",\"keywords\":[\"Aborto legal seguro y gratuito\",\"Modificaci\u00f3n legal\",\"Polonia\"],\"articleSection\":[\"Aborto\",\"Agenda Feminista\",\"Salud\"],\"inLanguage\":\"es\",\"potentialAction\":[{\"@type\":\"CommentAction\",\"name\":\"Comment\",\"target\":[\"https:\\\/\\\/diariofemenino.com.ar\\\/df\\\/en-polonia-el-aborto-queda-casi-totalmente-prohibido-al-entrar-en-vigor-nuevas-restricciones\\\/#respond\"]}]},{\"@type\":\"WebPage\",\"@id\":\"https:\\\/\\\/diariofemenino.com.ar\\\/df\\\/en-polonia-el-aborto-queda-casi-totalmente-prohibido-al-entrar-en-vigor-nuevas-restricciones\\\/\",\"url\":\"https:\\\/\\\/diariofemenino.com.ar\\\/df\\\/en-polonia-el-aborto-queda-casi-totalmente-prohibido-al-entrar-en-vigor-nuevas-restricciones\\\/\",\"name\":\"En Polonia, el aborto queda casi totalmente prohibido, al entrar en vigor nuevas restricciones - Diario Digital Femenino\",\"isPartOf\":{\"@id\":\"https:\\\/\\\/diariofemenino.com.ar\\\/df\\\/#website\"},\"primaryImageOfPage\":{\"@id\":\"https:\\\/\\\/diariofemenino.com.ar\\\/df\\\/en-polonia-el-aborto-queda-casi-totalmente-prohibido-al-entrar-en-vigor-nuevas-restricciones\\\/#primaryimage\"},\"image\":{\"@id\":\"https:\\\/\\\/diariofemenino.com.ar\\\/df\\\/en-polonia-el-aborto-queda-casi-totalmente-prohibido-al-entrar-en-vigor-nuevas-restricciones\\\/#primaryimage\"},\"thumbnailUrl\":\"https:\\\/\\\/diariofemenino.com.ar\\\/df\\\/wp-content\\\/uploads\\\/2021\\\/02\\\/Polonia-y-Huelga-de-Hambre-2-e1612186060461.jpg\",\"datePublished\":\"2021-02-01T13:28:54+00:00\",\"dateModified\":\"2021-02-01T13:32:11+00:00\",\"description\":\"En Polonia: salvo en el caso de violaci\u00f3n o incesto, o bien cuando la vida de la madre corriera peligro de muerte, queda vedada, la IVE\",\"breadcrumb\":{\"@id\":\"https:\\\/\\\/diariofemenino.com.ar\\\/df\\\/en-polonia-el-aborto-queda-casi-totalmente-prohibido-al-entrar-en-vigor-nuevas-restricciones\\\/#breadcrumb\"},\"inLanguage\":\"es\",\"potentialAction\":[{\"@type\":\"ReadAction\",\"target\":[\"https:\\\/\\\/diariofemenino.com.ar\\\/df\\\/en-polonia-el-aborto-queda-casi-totalmente-prohibido-al-entrar-en-vigor-nuevas-restricciones\\\/\"]}]},{\"@type\":\"ImageObject\",\"inLanguage\":\"es\",\"@id\":\"https:\\\/\\\/diariofemenino.com.ar\\\/df\\\/en-polonia-el-aborto-queda-casi-totalmente-prohibido-al-entrar-en-vigor-nuevas-restricciones\\\/#primaryimage\",\"url\":\"https:\\\/\\\/diariofemenino.com.ar\\\/df\\\/wp-content\\\/uploads\\\/2021\\\/02\\\/Polonia-y-Huelga-de-Hambre-2-e1612186060461.jpg\",\"contentUrl\":\"https:\\\/\\\/diariofemenino.com.ar\\\/df\\\/wp-content\\\/uploads\\\/2021\\\/02\\\/Polonia-y-Huelga-de-Hambre-2-e1612186060461.jpg\",\"width\":1592,\"height\":796,\"caption\":\"En Polonia, el aborto queda casi totalmente prohibido, al entrar en vigor nuevas restricciones\"},{\"@type\":\"BreadcrumbList\",\"@id\":\"https:\\\/\\\/diariofemenino.com.ar\\\/df\\\/en-polonia-el-aborto-queda-casi-totalmente-prohibido-al-entrar-en-vigor-nuevas-restricciones\\\/#breadcrumb\",\"itemListElement\":[{\"@type\":\"ListItem\",\"position\":1,\"name\":\"Portada\",\"item\":\"https:\\\/\\\/diariofemenino.com.ar\\\/df\\\/\"},{\"@type\":\"ListItem\",\"position\":2,\"name\":\"En Polonia, el aborto queda casi totalmente prohibido, al entrar en vigor nuevas restricciones\"}]},{\"@type\":\"WebSite\",\"@id\":\"https:\\\/\\\/diariofemenino.com.ar\\\/df\\\/#website\",\"url\":\"https:\\\/\\\/diariofemenino.com.ar\\\/df\\\/\",\"name\":\"Diario Digital Femenino\",\"description\":\"Cuesti\u00f3n de G\u00e9nero\",\"publisher\":{\"@id\":\"https:\\\/\\\/diariofemenino.com.ar\\\/df\\\/#organization\"},\"potentialAction\":[{\"@type\":\"SearchAction\",\"target\":{\"@type\":\"EntryPoint\",\"urlTemplate\":\"https:\\\/\\\/diariofemenino.com.ar\\\/df\\\/?s={search_term_string}\"},\"query-input\":{\"@type\":\"PropertyValueSpecification\",\"valueRequired\":true,\"valueName\":\"search_term_string\"}}],\"inLanguage\":\"es\"},{\"@type\":\"Organization\",\"@id\":\"https:\\\/\\\/diariofemenino.com.ar\\\/df\\\/#organization\",\"name\":\"Diario Femenino\",\"url\":\"https:\\\/\\\/diariofemenino.com.ar\\\/df\\\/\",\"logo\":{\"@type\":\"ImageObject\",\"inLanguage\":\"es\",\"@id\":\"https:\\\/\\\/diariofemenino.com.ar\\\/df\\\/#\\\/schema\\\/logo\\\/image\\\/\",\"url\":\"https:\\\/\\\/diariofemenino.com.ar\\\/df\\\/wp-content\\\/uploads\\\/2018\\\/10\\\/logo.png\",\"contentUrl\":\"https:\\\/\\\/diariofemenino.com.ar\\\/df\\\/wp-content\\\/uploads\\\/2018\\\/10\\\/logo.png\",\"width\":500,\"height\":92,\"caption\":\"Diario Femenino\"},\"image\":{\"@id\":\"https:\\\/\\\/diariofemenino.com.ar\\\/df\\\/#\\\/schema\\\/logo\\\/image\\\/\"},\"sameAs\":[\"https:\\\/\\\/www.facebook.com\\\/DiarioDigitaFemenino\\\/\",\"https:\\\/\\\/x.com\\\/DiarioFemenino1\"]},{\"@type\":\"Person\",\"@id\":\"https:\\\/\\\/diariofemenino.com.ar\\\/df\\\/#\\\/schema\\\/person\\\/38f54b3bfd13f561de2460ba95c169c6\",\"name\":\"Admin\",\"image\":{\"@type\":\"ImageObject\",\"inLanguage\":\"es\",\"@id\":\"https:\\\/\\\/diariofemenino.com.ar\\\/df\\\/wp-content\\\/uploads\\\/2018\\\/12\\\/favicon-150x150.jpg\",\"url\":\"https:\\\/\\\/diariofemenino.com.ar\\\/df\\\/wp-content\\\/uploads\\\/2018\\\/12\\\/favicon-150x150.jpg\",\"contentUrl\":\"https:\\\/\\\/diariofemenino.com.ar\\\/df\\\/wp-content\\\/uploads\\\/2018\\\/12\\\/favicon-150x150.jpg\",\"caption\":\"Admin\"},\"url\":\"https:\\\/\\\/diariofemenino.com.ar\\\/df\\\/author\\\/adm18df\\\/\"}]}<\/script>\n<!-- \/ Yoast SEO plugin. -->","yoast_head_json":{"title":"En Polonia, el aborto queda casi totalmente prohibido, al entrar en vigor nuevas restricciones - Diario Digital Femenino","description":"En Polonia: salvo en el caso de violaci\u00f3n o incesto, o bien cuando la vida de la madre corriera peligro de muerte, queda vedada, la IVE","robots":{"index":"index","follow":"follow","max-snippet":"max-snippet:-1","max-image-preview":"max-image-preview:large","max-video-preview":"max-video-preview:-1"},"canonical":"https:\/\/diariofemenino.com.ar\/df\/en-polonia-el-aborto-queda-casi-totalmente-prohibido-al-entrar-en-vigor-nuevas-restricciones\/","og_locale":"es_ES","og_type":"article","og_title":"En Polonia, el aborto queda casi totalmente prohibido, al entrar en vigor nuevas restricciones - Diario Digital Femenino","og_description":"En Polonia: salvo en el caso de violaci\u00f3n o incesto, o bien cuando la vida de la madre corriera peligro de muerte, queda vedada, la IVE","og_url":"https:\/\/diariofemenino.com.ar\/df\/en-polonia-el-aborto-queda-casi-totalmente-prohibido-al-entrar-en-vigor-nuevas-restricciones\/","og_site_name":"Diario Digital Femenino","article_publisher":"https:\/\/www.facebook.com\/DiarioDigitaFemenino\/","article_published_time":"2021-02-01T13:28:54+00:00","article_modified_time":"2021-02-01T13:32:11+00:00","og_image":[{"width":1592,"height":796,"url":"https:\/\/diariofemenino.com.ar\/df\/wp-content\/uploads\/2021\/02\/Polonia-y-Huelga-de-Hambre-2-e1612186060461.jpg","type":"image\/jpeg"}],"author":"Admin","twitter_card":"summary_large_image","twitter_creator":"@DiarioFemenino1","twitter_site":"@DiarioFemenino1","twitter_misc":{"Escrito por":"Admin","Tiempo de lectura":"7 minutos"},"schema":{"@context":"https:\/\/schema.org","@graph":[{"@type":"Article","@id":"https:\/\/diariofemenino.com.ar\/df\/en-polonia-el-aborto-queda-casi-totalmente-prohibido-al-entrar-en-vigor-nuevas-restricciones\/#article","isPartOf":{"@id":"https:\/\/diariofemenino.com.ar\/df\/en-polonia-el-aborto-queda-casi-totalmente-prohibido-al-entrar-en-vigor-nuevas-restricciones\/"},"author":{"name":"Admin","@id":"https:\/\/diariofemenino.com.ar\/df\/#\/schema\/person\/38f54b3bfd13f561de2460ba95c169c6"},"headline":"En Polonia, el aborto queda casi totalmente prohibido, al entrar en vigor nuevas restricciones","datePublished":"2021-02-01T13:28:54+00:00","dateModified":"2021-02-01T13:32:11+00:00","mainEntityOfPage":{"@id":"https:\/\/diariofemenino.com.ar\/df\/en-polonia-el-aborto-queda-casi-totalmente-prohibido-al-entrar-en-vigor-nuevas-restricciones\/"},"wordCount":1487,"commentCount":0,"publisher":{"@id":"https:\/\/diariofemenino.com.ar\/df\/#organization"},"image":{"@id":"https:\/\/diariofemenino.com.ar\/df\/en-polonia-el-aborto-queda-casi-totalmente-prohibido-al-entrar-en-vigor-nuevas-restricciones\/#primaryimage"},"thumbnailUrl":"https:\/\/diariofemenino.com.ar\/df\/wp-content\/uploads\/2021\/02\/Polonia-y-Huelga-de-Hambre-2-e1612186060461.jpg","keywords":["Aborto legal seguro y gratuito","Modificaci\u00f3n legal","Polonia"],"articleSection":["Aborto","Agenda Feminista","Salud"],"inLanguage":"es","potentialAction":[{"@type":"CommentAction","name":"Comment","target":["https:\/\/diariofemenino.com.ar\/df\/en-polonia-el-aborto-queda-casi-totalmente-prohibido-al-entrar-en-vigor-nuevas-restricciones\/#respond"]}]},{"@type":"WebPage","@id":"https:\/\/diariofemenino.com.ar\/df\/en-polonia-el-aborto-queda-casi-totalmente-prohibido-al-entrar-en-vigor-nuevas-restricciones\/","url":"https:\/\/diariofemenino.com.ar\/df\/en-polonia-el-aborto-queda-casi-totalmente-prohibido-al-entrar-en-vigor-nuevas-restricciones\/","name":"En Polonia, el aborto queda casi totalmente prohibido, al entrar en vigor nuevas restricciones - Diario Digital Femenino","isPartOf":{"@id":"https:\/\/diariofemenino.com.ar\/df\/#website"},"primaryImageOfPage":{"@id":"https:\/\/diariofemenino.com.ar\/df\/en-polonia-el-aborto-queda-casi-totalmente-prohibido-al-entrar-en-vigor-nuevas-restricciones\/#primaryimage"},"image":{"@id":"https:\/\/diariofemenino.com.ar\/df\/en-polonia-el-aborto-queda-casi-totalmente-prohibido-al-entrar-en-vigor-nuevas-restricciones\/#primaryimage"},"thumbnailUrl":"https:\/\/diariofemenino.com.ar\/df\/wp-content\/uploads\/2021\/02\/Polonia-y-Huelga-de-Hambre-2-e1612186060461.jpg","datePublished":"2021-02-01T13:28:54+00:00","dateModified":"2021-02-01T13:32:11+00:00","description":"En Polonia: salvo en el caso de violaci\u00f3n o incesto, o bien cuando la vida de la madre corriera peligro de muerte, queda vedada, la IVE","breadcrumb":{"@id":"https:\/\/diariofemenino.com.ar\/df\/en-polonia-el-aborto-queda-casi-totalmente-prohibido-al-entrar-en-vigor-nuevas-restricciones\/#breadcrumb"},"inLanguage":"es","potentialAction":[{"@type":"ReadAction","target":["https:\/\/diariofemenino.com.ar\/df\/en-polonia-el-aborto-queda-casi-totalmente-prohibido-al-entrar-en-vigor-nuevas-restricciones\/"]}]},{"@type":"ImageObject","inLanguage":"es","@id":"https:\/\/diariofemenino.com.ar\/df\/en-polonia-el-aborto-queda-casi-totalmente-prohibido-al-entrar-en-vigor-nuevas-restricciones\/#primaryimage","url":"https:\/\/diariofemenino.com.ar\/df\/wp-content\/uploads\/2021\/02\/Polonia-y-Huelga-de-Hambre-2-e1612186060461.jpg","contentUrl":"https:\/\/diariofemenino.com.ar\/df\/wp-content\/uploads\/2021\/02\/Polonia-y-Huelga-de-Hambre-2-e1612186060461.jpg","width":1592,"height":796,"caption":"En Polonia, el aborto queda casi totalmente prohibido, al entrar en vigor nuevas restricciones"},{"@type":"BreadcrumbList","@id":"https:\/\/diariofemenino.com.ar\/df\/en-polonia-el-aborto-queda-casi-totalmente-prohibido-al-entrar-en-vigor-nuevas-restricciones\/#breadcrumb","itemListElement":[{"@type":"ListItem","position":1,"name":"Portada","item":"https:\/\/diariofemenino.com.ar\/df\/"},{"@type":"ListItem","position":2,"name":"En Polonia, el aborto queda casi totalmente prohibido, al entrar en vigor nuevas restricciones"}]},{"@type":"WebSite","@id":"https:\/\/diariofemenino.com.ar\/df\/#website","url":"https:\/\/diariofemenino.com.ar\/df\/","name":"Diario Digital Femenino","description":"Cuesti\u00f3n de G\u00e9nero","publisher":{"@id":"https:\/\/diariofemenino.com.ar\/df\/#organization"},"potentialAction":[{"@type":"SearchAction","target":{"@type":"EntryPoint","urlTemplate":"https:\/\/diariofemenino.com.ar\/df\/?s={search_term_string}"},"query-input":{"@type":"PropertyValueSpecification","valueRequired":true,"valueName":"search_term_string"}}],"inLanguage":"es"},{"@type":"Organization","@id":"https:\/\/diariofemenino.com.ar\/df\/#organization","name":"Diario Femenino","url":"https:\/\/diariofemenino.com.ar\/df\/","logo":{"@type":"ImageObject","inLanguage":"es","@id":"https:\/\/diariofemenino.com.ar\/df\/#\/schema\/logo\/image\/","url":"https:\/\/diariofemenino.com.ar\/df\/wp-content\/uploads\/2018\/10\/logo.png","contentUrl":"https:\/\/diariofemenino.com.ar\/df\/wp-content\/uploads\/2018\/10\/logo.png","width":500,"height":92,"caption":"Diario Femenino"},"image":{"@id":"https:\/\/diariofemenino.com.ar\/df\/#\/schema\/logo\/image\/"},"sameAs":["https:\/\/www.facebook.com\/DiarioDigitaFemenino\/","https:\/\/x.com\/DiarioFemenino1"]},{"@type":"Person","@id":"https:\/\/diariofemenino.com.ar\/df\/#\/schema\/person\/38f54b3bfd13f561de2460ba95c169c6","name":"Admin","image":{"@type":"ImageObject","inLanguage":"es","@id":"https:\/\/diariofemenino.com.ar\/df\/wp-content\/uploads\/2018\/12\/favicon-150x150.jpg","url":"https:\/\/diariofemenino.com.ar\/df\/wp-content\/uploads\/2018\/12\/favicon-150x150.jpg","contentUrl":"https:\/\/diariofemenino.com.ar\/df\/wp-content\/uploads\/2018\/12\/favicon-150x150.jpg","caption":"Admin"},"url":"https:\/\/diariofemenino.com.ar\/df\/author\/adm18df\/"}]}},"jetpack_featured_media_url":"https:\/\/diariofemenino.com.ar\/df\/wp-content\/uploads\/2021\/02\/Polonia-y-Huelga-de-Hambre-2-e1612186060461.jpg","jetpack_sharing_enabled":true,"rttpg_featured_image_url":{"full":["https:\/\/diariofemenino.com.ar\/df\/wp-content\/uploads\/2021\/02\/Polonia-y-Huelga-de-Hambre-2-e1612186060461.jpg",1592,796,false],"landscape":["https:\/\/diariofemenino.com.ar\/df\/wp-content\/uploads\/2021\/02\/Polonia-y-Huelga-de-Hambre-2-e1612186060461.jpg",1592,796,false],"portraits":["https:\/\/diariofemenino.com.ar\/df\/wp-content\/uploads\/2021\/02\/Polonia-y-Huelga-de-Hambre-2-e1612186060461.jpg",1592,796,false],"thumbnail":["https:\/\/diariofemenino.com.ar\/df\/wp-content\/uploads\/2021\/02\/Polonia-y-Huelga-de-Hambre-2-e1612186060461-150x150.jpg",150,150,true],"medium":["https:\/\/diariofemenino.com.ar\/df\/wp-content\/uploads\/2021\/02\/Polonia-y-Huelga-de-Hambre-2-e1612186060461-300x150.jpg",300,150,true],"large":["https:\/\/diariofemenino.com.ar\/df\/wp-content\/uploads\/2021\/02\/Polonia-y-Huelga-de-Hambre-2-e1612186060461-1024x512.jpg",1024,512,true],"1536x1536":["https:\/\/diariofemenino.com.ar\/df\/wp-content\/uploads\/2021\/02\/Polonia-y-Huelga-de-Hambre-2-e1612186060461.jpg",1536,768,false],"2048x2048":["https:\/\/diariofemenino.com.ar\/df\/wp-content\/uploads\/2021\/02\/Polonia-y-Huelga-de-Hambre-2-e1612186060461.jpg",1592,796,false]},"rttpg_author":{"display_name":"Admin","author_link":"https:\/\/diariofemenino.com.ar\/df\/author\/adm18df\/"},"rttpg_comment":0,"rttpg_category":"<a href=\"https:\/\/diariofemenino.com.ar\/df\/category\/aborto\/\" rel=\"category tag\">Aborto<\/a> <a href=\"https:\/\/diariofemenino.com.ar\/df\/category\/agenda-feminista\/\" rel=\"category tag\">Agenda Feminista<\/a> <a href=\"https:\/\/diariofemenino.com.ar\/df\/category\/salud\/\" rel=\"category tag\">Salud<\/a>","rttpg_excerpt":"En Polonia, el aborto queda casi totalmente prohibido, al entrar en vigor nuevas restricciones El gobierno polaco promulg\u00f3 finalmente la sentencia Del Tribunal Constitucional. Por la cual salvo en el caso de violaci\u00f3n o incesto, o bien cuando la vida de la madre corriera peligro de muerte, queda vedada, la interrupci\u00f3n voluntaria del embarazo, en&hellip;","_links":{"self":[{"href":"https:\/\/diariofemenino.com.ar\/df\/wp-json\/wp\/v2\/posts\/55631","targetHints":{"allow":["GET"]}}],"collection":[{"href":"https:\/\/diariofemenino.com.ar\/df\/wp-json\/wp\/v2\/posts"}],"about":[{"href":"https:\/\/diariofemenino.com.ar\/df\/wp-json\/wp\/v2\/types\/post"}],"author":[{"embeddable":true,"href":"https:\/\/diariofemenino.com.ar\/df\/wp-json\/wp\/v2\/users\/1"}],"replies":[{"embeddable":true,"href":"https:\/\/diariofemenino.com.ar\/df\/wp-json\/wp\/v2\/comments?post=55631"}],"version-history":[{"count":0,"href":"https:\/\/diariofemenino.com.ar\/df\/wp-json\/wp\/v2\/posts\/55631\/revisions"}],"wp:featuredmedia":[{"embeddable":true,"href":"https:\/\/diariofemenino.com.ar\/df\/wp-json\/wp\/v2\/media\/55632"}],"wp:attachment":[{"href":"https:\/\/diariofemenino.com.ar\/df\/wp-json\/wp\/v2\/media?parent=55631"}],"wp:term":[{"taxonomy":"category","embeddable":true,"href":"https:\/\/diariofemenino.com.ar\/df\/wp-json\/wp\/v2\/categories?post=55631"},{"taxonomy":"post_tag","embeddable":true,"href":"https:\/\/diariofemenino.com.ar\/df\/wp-json\/wp\/v2\/tags?post=55631"}],"curies":[{"name":"wp","href":"https:\/\/api.w.org\/{rel}","templated":true}]}}