{"id":55627,"date":"2021-02-01T10:08:11","date_gmt":"2021-02-01T13:08:11","guid":{"rendered":"https:\/\/diariofemenino.com.ar\/?p=55627"},"modified":"2021-02-01T10:08:11","modified_gmt":"2021-02-01T13:08:11","slug":"organizaciones-feministas-repudiaron-la-medida-cautelar-por-la-cual-se-intenta-suspender-la-aplicacion-de-la-ley-27-610","status":"publish","type":"post","link":"https:\/\/diariofemenino.com.ar\/df\/organizaciones-feministas-repudiaron-la-medida-cautelar-por-la-cual-se-intenta-suspender-la-aplicacion-de-la-ley-27-610\/","title":{"rendered":"Las Organizaciones feministas del Chaco repudiaron la medida cautelar por la cual se intenta suspender la aplicaci\u00f3n de la Ley 27.610"},"content":{"rendered":"<p>Las Organizaciones feministas del Chaco repudiaron la medida cautelar por la cual se intenta suspender la aplicaci\u00f3n de la <a href=\"https:\/\/www.boletinoficial.gob.ar\/detalleAviso\/primera\/239807\/20210115\">Ley 27.610<\/a><\/p>\n<p>La subsecretaria de Salud del Chaco, Carolina Centeno, reaccion\u00f3 por Twitter :\u201dLa ley del IVE es una ley sancionada por los representantes del pueblo. Desde el gobierno provincial, vamos a seguir impulsando este <a href=\"https:\/\/diariofemenino.com.ar\/el-aborto-legal-debe-ser-aplicado-plenamente-en-todo-el-pais\/\">derecho para proteger a las mujeres y personas gestantes<\/a>\u201d<\/p>\n<p>Por: Daniel H\u00e9ctor Saban*<\/p>\n<p>El Ejecutivo Provincial entiende que la jueza capitalina carece de jurisdicci\u00f3n para fallar contra la ley que regula la interrupci\u00f3n legal del embarazo. Asimismo la diputada nacional Luc\u00eda Masin y la senadora por el Chaco Maria Ines Pilatti Vergara, quienes acompa\u00f1aron con sus votos la sanci\u00f3n de la norma, cuestionaron la decisi\u00f3n.<\/p>\n<p>\u201cEn el Chaco, nuestro gobernador es muy religioso y nunca estuvo a favor de la legalizaci\u00f3n del aborto, pero c\u00f3mo es respetuoso de la pluralidad, jam\u00e1s se le ocurri\u00f3 levantar el tubo para decirle a un senador o senadora voten en este sentido o tal otro\u201d, se\u00f1alo Pilatti Vergara. La congresista en una entrevista efectuada por el medio AM 750 sostuvo que la medida cautelar, \u201ces un mamarracho jur\u00eddico, un desprop\u00f3sito institucional, es una aberraci\u00f3n desde todo punto de vista porque es una burla a las instituciones democr\u00e1ticas y una burla al goce y al disfrute de los derechos m\u00e1s elementales de las personas gestantes\u201d.<\/p>\n<p>La organizaci\u00f3n religiosa \u201cCat\u00f3licas por el Derecho a Decidir\u201d (CDD), denunci\u00f3 ante la Fiscal\u00eda de turno de Resistencia, a la jueza Marta Beatriz Aucar de Trotti por\u201d la comisi\u00f3n de prevaricato\u201d. Se argumenta que la Jueza \u201ces una reconocida militante antiderechos, as\u00ed como su esposo, Ernesto Trotti, quien formaba parte de la Comisi\u00f3n de Justicia y Paz del Arzobispado de la capital chaque\u00f1a\u201d.<\/p>\n<p>El movimiento feminista a favor del IVE, \u201cMumal\u00e1 Chaco y Libres y Diverses\u201d, repudiaron la decisi\u00f3n de la jueza M.B.Aucar de Trotti, al presentar una medida cautelar, que suspende la aplicaci\u00f3n de la Ley 27.610 hasta que se resuelva la parte constitucional.<\/p>\n<p>La sanci\u00f3n de la Ley de interrupci\u00f3n del Embarazo lleg\u00f3 para reparar el desamparo legal en que el Estado ubic\u00f3 a las mujeres y cuerpos gestantes en nuestro pa\u00eds hasta la fecha.<\/p>\n<p>Sobre todo en aquellas provincias del norte donde las desigualdades y discriminaci\u00f3n se observan en todos los espacios. La organizaci\u00f3n CDD sostiene que \u201cdeja a las mujeres y personas gestantes chaque\u00f1as en situaci\u00f3n de ciudadanas de segunda respecto de sus con-ciudadanas en el pa\u00eds\u201d.<\/p>\n<p>La justicia chaque\u00f1a ignora que se llevan a cabo cada a\u00f1o en la provincia del Chaco 1600 internaciones por aborto inseguro, condenando a las personas gestantes a la clandestinidad.<\/p>\n<p>Sorpresivamente la jueza a cargo del juzgado Civil y Comercial N\u00b019 de Resistencia, consider\u00f3 admisible el planteo de un grupo de ciudadanos que interpreta que la normativa es contraria a postulados de la Constituci\u00f3n Chaque\u00f1a. La magistrado, intenta trabar la ley, que la voluntad de millones de personas, que mediante sus \u00f3rganos de poder sesionando libremente en democracia, han aprobado en el Congreso Nacional mediante sus representantes y que fue promulgada por el Estado Federal.<\/p>\n<p>Con el argumento de que la vida comienza desde la concepci\u00f3n y que la ley de Interrupci\u00f3n Voluntaria del Embarazo es contraria a estos preceptos, se present\u00f3 una medida cautelar para que se suspenda en el Chaco la normativa que regula en todo el pa\u00eds el aborto legal. La jueza Aucar de Trotti, entendi\u00f3 que se cumplen los requisitos para admitir el dictado de una medida cautelar, siendo necesario un an\u00e1lisis cuidadoso de la ley y las normas invocadas c\u00f3mo contradictorias, ante un conflicto de preceptos e intereses que deban ser protegidos.<\/p>\n<figure id=\"attachment_55629\" aria-describedby=\"caption-attachment-55629\" style=\"width: 329px\" class=\"wp-caption alignleft\"><img loading=\"lazy\" decoding=\"async\" class=\" wp-image-55629\" src=\"https:\/\/diariofemenino.com.ar\/df\/wp-content\/uploads\/2021\/02\/PilattiVergara-Senadora-265x198.jpg\" alt=\"Las Organizaciones feministas del Chaco repudiaron la medida cautelar por la cual se intenta suspender la aplicaci\u00f3n de la Ley 27.610\" width=\"329\" height=\"246\" \/><figcaption id=\"caption-attachment-55629\" class=\"wp-caption-text\">Las Organizaciones feministas del Chaco repudiaron la medida cautelar por la cual se intenta suspender la aplicaci\u00f3n de la Ley 27.610<\/figcaption><\/figure>\n<p>La medida cautelar, fue solicitada por Hilda Beatriz Dellamea, Cristina Araceli Chemes, Clelia Avila, Gabriela Monz\u00f3n y Claudia Medina, bas\u00e1ndose en la inconstitucionalidad de la norma. La decisi\u00f3n provoc\u00f3 un revuelo medi\u00e1tico y el levantamiento de un sinn\u00famero de voces c\u00f3mo es habitual a favor y en contra de un tema que genera divisiones en la sociedad. De acuerdo al tenor y el contenido de las declaraciones, se descuenta que en la respuesta, ser\u00e1 planteada la excepci\u00f3n por falta de competencia por considerar que es una cuesti\u00f3n de asunto federal, apelando la sentencia para su revocaci\u00f3n.<\/p>\n<p>Un grupo reducido de personas, con el aval del Poder Judicial chaque\u00f1o pretende decidir por encima de la elecci\u00f3n efectuada por el pueblo. La ley 27.610 contiene derecho federal en sus art\u00edculos 1 al 13, siendo la autoridad de aplicaci\u00f3n el Estado Federal seg\u00fan el art\u00edculo 20. Por lo tanto se estar\u00eda vulnerando el art\u00edculo 21, el que se\u00f1ala que se trata de una normativa de \u201corden p\u00fablico\u201d y fija como autoridad de aplicaci\u00f3n al Poder Ejecutivo Nacional, lo que violar\u00eda las facultades delegadas a las provincias, en t\u00e9rminos de adhesi\u00f3n o no de leyes nacionales.<\/p>\n<p>El gobernador Jorge Capitanich manifest\u00f3 que \u201cyo tengo una posici\u00f3n contraria pero es ley suprema de la Naci\u00f3n\u201d, por lo que se \u201ctiene que aplicar\u201d. Posteriormente, en declaraciones a la prensa chaque\u00f1a sostuvo el mandatario de la provincia que \u201cCuando existe una ley federal, de alcance nacional, tenemos que regirnos por la Constituci\u00f3n Nacional y por la Constituci\u00f3n Provincial. Nosotros c\u00f3mo gobernadores de las provincias argentinas somos agentes del Gobierno Federal y tenemos que respetar la Constituci\u00f3n y las leyes\u201d.<\/p>\n<p>Sostiene Capitanich que la ley se tiene que aplicar, eso significa \u201cque mientras ocurre el proceso nosotros vamos a evaluar su instrumentaci\u00f3n dejando en claro que yo tengo una posici\u00f3n contraria a la ley pero es ley suprema de la Naci\u00f3n, de manera que cuando es ley de la Naci\u00f3n hay competencia federal y aplicaci\u00f3n\u201d.<\/p>\n<p>\u201cEs una ley y todas las leyes deben ser cumplidas. Cuando existe una objeci\u00f3n de car\u00e1cter judicial, debe acatarse c\u00f3mo cualquier recurso de amparo, eso tiene un car\u00e1cter transitorio\u201d. Adem\u00e1s, inform\u00f3 en referencia al fallo que :\u201dprimero la provincia tiene que ser notificada.<\/p>\n<p>Segundo tenemos que tener el dictamen correspondiente de todas las \u00e1reas pertinentes. Tercero, todo el protocolo de aplicaci\u00f3n conforme a la normativa vigente a nivel nacional. Cuarto, nosotros tenemos que ejecutar una Ley que se sancion\u00f3 por parte del Congreso, y es de orden p\u00fablico\u201d.<\/p>\n<p>El ministro de Salud de la Naci\u00f3n, Gines Gonzales Garc\u00eda, difundi\u00f3 un escueto mensaje por las redes en el cual sostiene que: \u201cEs incre\u00edble. Se usa la justicia para no cumplir la ley\u201d, al emitir una jueza del Chaco una cautelar \u201cpara impedirle derechos y salud a las chaque\u00f1as\u201d.<\/p>\n<p>Tambi\u00e9n desde la Secretar\u00eda de Derechos Humanos de la Provincia, se refirieron al fallo cautelar sosteniendo que: \u201cla ley del IVE es una ley sancionada por los representantes del pueblo. Desde el gobierno provincial, vamos a seguir impulsando este derecho para proteger a las mujeres y personas gestantes\u201d.<\/p>\n<p>La situaci\u00f3n que plantea la jueza Aucar es de gravedad institucional para la provincia del Chaco; dado que es el Poder Legislativo quien dicta normas \u00aberga omnes\u201d (para todos), por lo cual el planteamiento extender\u00eda la medida judicial a sujetos que no solo no lo han solicitado, sino que incluso podr\u00edan no compartirla.<\/p>\n<p>La Asociaci\u00f3n de Magistrados y Funcionarios Judiciales del Chaco, expresan su \u201cdisconformidad\u201d y aclara que \u201clos jueces son independientes en el ejercicio de sus funciones jurisdiccionales y se encuentran sometidos a la constituci\u00f3n y a la ley, con estricto respeto al principio de jerarqu\u00eda normativa\u201d.<\/p>\n<p>El domingo 24 de enero de 2021 entr\u00f3 en vigencia la Ley 27.610 de Acceso a la Interrupci\u00f3n Voluntaria del Embarazo (IVE). A partir de ese momento, Argentina paso a integrar los pa\u00edses donde el aborto es legal. Sin embargo, el \u00faltimo jueves de enero 2021, la jueza Marta Beatriz Aucar de Trotti, decidi\u00f3 hacer lugar a una medida cautelar, y orden\u00f3 suspender la ley de interrupci\u00f3n voluntaria del embarazo en la provincia del Chaco.<\/p>\n<p>Anunciaron desde la Campa\u00f1a Nacional por el Aborto Legal Seguro y Gratuito de Chaco, que ya hab\u00edan tomado conocimiento de la situaci\u00f3n y que se hallaban abocados en la b\u00fasqueda de una estrategia jur\u00eddica para llevar a cabo.<\/p>\n<p>Andr\u00e9s Gil Dom\u00ednguez, constitucionalista, sostiene que se est\u00e1n vulnerando los derechos de las ni\u00f1as y las adolescentes de ejercer justamente las respectivas facultades y derechos que la ley les reconoce y les garantiza; que son derechos que est\u00e1n en la Constituci\u00f3n y tratados sobre derechos humanos lo que la ley de IVE est\u00e1 garantizando. En primer lugar, hay un problema estructural en la actuaci\u00f3n de la jueza debido a que no hay caso o controversia porque no hay ning\u00fan derecho individual o colectivo que este violado concretamente o con una amenaza cierta. En segundo lugar la jueza es incompetente, porque est\u00e1 ley fue dictada por un \u00d3rgano Federal que es el Congreso de la Naci\u00f3n. La autoridad de aplicaci\u00f3n es el Poder Ejecutivo que es un \u00d3rgano Federal. El contenido de la Ley es en un 90% derecho federal, con lo cual las impugnaciones deben plantearse en la Justicia Federal. No puede una jueza local, suspender cautelarmente, sin que exista un caso de controversia, una ley federal y solamente para el territorio del Chaco, c\u00f3mo si no estuvi\u00e9ramos en un estado Federal.<\/p>\n<p>Hoy la ley IVE est\u00e1 vigente en el Chaco porque la medida cautelar no fue notificada Luego, va a ser apelada, y se van a plantear, medidas inhibitorias de juzgados federales. Con la simple apelaci\u00f3n. Se suspenden los efectos de la cautelar y la ley sigue vigente, afirma el abogado Gil Dom\u00ednguez.<\/p>\n<p>&nbsp;<\/p>\n<p>(*)\u00a0Columnista\u00a0de\u00a0<a href=\"https:\/\/diariofemenino.com.ar\/\">Diario Digital Femenino<\/a><\/p>\n<p><a href=\"https:\/\/diariofemenino.com.ar\">Diario Digital Femenino<\/a><\/p>\n","protected":false},"excerpt":{"rendered":"<p>Las Organizaciones feministas del Chaco repudiaron la medida cautelar por la cual se intenta suspender la aplicaci\u00f3n de la Ley 27.610 La subsecretaria de Salud del Chaco, Carolina Centeno, reaccion\u00f3 por Twitter :\u201dLa ley del IVE es una ley sancionada por los representantes del pueblo. Desde el gobierno provincial, vamos a seguir impulsando este derecho [&hellip;]<\/p>\n","protected":false},"author":1,"featured_media":55628,"comment_status":"open","ping_status":"open","sticky":false,"template":"","format":"standard","meta":{"iawp_total_views":7,"footnotes":""},"categories":[22,21,592],"tags":[725,1483,3985],"class_list":["post-55627","post","type-post","status-publish","format-standard","has-post-thumbnail","hentry","category-aborto","category-noticias","category-violencias","tag-chaco","tag-ive","tag-ley-27-610"],"nelio_content":{"autoShareEndMode":"never","automationSources":{"useCustomSentences":false,"customSentences":[]},"efiAlt":"","efiUrl":"","followers":[],"highlights":[],"isAutoShareEnabled":true,"networkImageIds":[],"permalinkQueryArgs":[],"series":[],"suggestedReferences":[]},"yoast_head":"<!-- This site is optimized with the Yoast SEO plugin v27.5 - https:\/\/yoast.com\/product\/yoast-seo-wordpress\/ -->\n<title>Las Organizaciones feministas del Chaco repudiaron la medida cautelar por la cual se intenta suspender la aplicaci\u00f3n de la Ley 27.610 - Diario Digital Femenino<\/title>\n<meta name=\"description\" content=\"Las Organizaciones feministas del Chaco repudiaron la medida: La ley del IVE es una ley sancionada por los representantes del pueblo.\" \/>\n<meta name=\"robots\" content=\"index, follow, max-snippet:-1, max-image-preview:large, max-video-preview:-1\" \/>\n<link rel=\"canonical\" href=\"https:\/\/diariofemenino.com.ar\/df\/organizaciones-feministas-repudiaron-la-medida-cautelar-por-la-cual-se-intenta-suspender-la-aplicacion-de-la-ley-27-610\/\" \/>\n<meta property=\"og:locale\" content=\"es_ES\" \/>\n<meta property=\"og:type\" content=\"article\" \/>\n<meta property=\"og:title\" content=\"Las Organizaciones feministas del Chaco repudiaron la medida cautelar por la cual se intenta suspender la aplicaci\u00f3n de la Ley 27.610 - Diario Digital Femenino\" \/>\n<meta property=\"og:description\" content=\"Las Organizaciones feministas del Chaco repudiaron la medida: La ley del IVE es una ley sancionada por los representantes del pueblo.\" \/>\n<meta property=\"og:url\" content=\"https:\/\/diariofemenino.com.ar\/df\/organizaciones-feministas-repudiaron-la-medida-cautelar-por-la-cual-se-intenta-suspender-la-aplicacion-de-la-ley-27-610\/\" \/>\n<meta property=\"og:site_name\" content=\"Diario Digital Femenino\" \/>\n<meta property=\"article:publisher\" content=\"https:\/\/www.facebook.com\/DiarioDigitaFemenino\/\" \/>\n<meta property=\"article:published_time\" content=\"2021-02-01T13:08:11+00:00\" \/>\n<meta property=\"og:image\" content=\"https:\/\/diariofemenino.com.ar\/df\/wp-content\/uploads\/2021\/02\/chaco-aborto_630_1140-e1612184314908.jpg\" \/>\n\t<meta property=\"og:image:width\" content=\"1002\" \/>\n\t<meta property=\"og:image:height\" content=\"390\" \/>\n\t<meta property=\"og:image:type\" content=\"image\/jpeg\" \/>\n<meta name=\"author\" content=\"Admin\" \/>\n<meta name=\"twitter:card\" content=\"summary_large_image\" \/>\n<meta name=\"twitter:creator\" content=\"@DiarioFemenino1\" \/>\n<meta name=\"twitter:site\" content=\"@DiarioFemenino1\" \/>\n<meta name=\"twitter:label1\" content=\"Escrito por\" \/>\n\t<meta name=\"twitter:data1\" content=\"Admin\" \/>\n\t<meta name=\"twitter:label2\" content=\"Tiempo de lectura\" \/>\n\t<meta name=\"twitter:data2\" content=\"9 minutos\" \/>\n<script type=\"application\/ld+json\" class=\"yoast-schema-graph\">{\"@context\":\"https:\\\/\\\/schema.org\",\"@graph\":[{\"@type\":\"Article\",\"@id\":\"https:\\\/\\\/diariofemenino.com.ar\\\/df\\\/organizaciones-feministas-repudiaron-la-medida-cautelar-por-la-cual-se-intenta-suspender-la-aplicacion-de-la-ley-27-610\\\/#article\",\"isPartOf\":{\"@id\":\"https:\\\/\\\/diariofemenino.com.ar\\\/df\\\/organizaciones-feministas-repudiaron-la-medida-cautelar-por-la-cual-se-intenta-suspender-la-aplicacion-de-la-ley-27-610\\\/\"},\"author\":{\"name\":\"Admin\",\"@id\":\"https:\\\/\\\/diariofemenino.com.ar\\\/df\\\/#\\\/schema\\\/person\\\/38f54b3bfd13f561de2460ba95c169c6\"},\"headline\":\"Las Organizaciones feministas del Chaco repudiaron la medida cautelar por la cual se intenta suspender la aplicaci\u00f3n de la Ley 27.610\",\"datePublished\":\"2021-02-01T13:08:11+00:00\",\"mainEntityOfPage\":{\"@id\":\"https:\\\/\\\/diariofemenino.com.ar\\\/df\\\/organizaciones-feministas-repudiaron-la-medida-cautelar-por-la-cual-se-intenta-suspender-la-aplicacion-de-la-ley-27-610\\\/\"},\"wordCount\":1722,\"commentCount\":0,\"publisher\":{\"@id\":\"https:\\\/\\\/diariofemenino.com.ar\\\/df\\\/#organization\"},\"image\":{\"@id\":\"https:\\\/\\\/diariofemenino.com.ar\\\/df\\\/organizaciones-feministas-repudiaron-la-medida-cautelar-por-la-cual-se-intenta-suspender-la-aplicacion-de-la-ley-27-610\\\/#primaryimage\"},\"thumbnailUrl\":\"https:\\\/\\\/diariofemenino.com.ar\\\/df\\\/wp-content\\\/uploads\\\/2021\\\/02\\\/chaco-aborto_630_1140-e1612184314908.jpg\",\"keywords\":[\"Chaco\",\"IVE\",\"Ley 27.610\"],\"articleSection\":[\"Aborto\",\"Noticias\",\"Violencias\"],\"inLanguage\":\"es\",\"potentialAction\":[{\"@type\":\"CommentAction\",\"name\":\"Comment\",\"target\":[\"https:\\\/\\\/diariofemenino.com.ar\\\/df\\\/organizaciones-feministas-repudiaron-la-medida-cautelar-por-la-cual-se-intenta-suspender-la-aplicacion-de-la-ley-27-610\\\/#respond\"]}]},{\"@type\":\"WebPage\",\"@id\":\"https:\\\/\\\/diariofemenino.com.ar\\\/df\\\/organizaciones-feministas-repudiaron-la-medida-cautelar-por-la-cual-se-intenta-suspender-la-aplicacion-de-la-ley-27-610\\\/\",\"url\":\"https:\\\/\\\/diariofemenino.com.ar\\\/df\\\/organizaciones-feministas-repudiaron-la-medida-cautelar-por-la-cual-se-intenta-suspender-la-aplicacion-de-la-ley-27-610\\\/\",\"name\":\"Las Organizaciones feministas del Chaco repudiaron la medida cautelar por la cual se intenta suspender la aplicaci\u00f3n de la Ley 27.610 - Diario Digital Femenino\",\"isPartOf\":{\"@id\":\"https:\\\/\\\/diariofemenino.com.ar\\\/df\\\/#website\"},\"primaryImageOfPage\":{\"@id\":\"https:\\\/\\\/diariofemenino.com.ar\\\/df\\\/organizaciones-feministas-repudiaron-la-medida-cautelar-por-la-cual-se-intenta-suspender-la-aplicacion-de-la-ley-27-610\\\/#primaryimage\"},\"image\":{\"@id\":\"https:\\\/\\\/diariofemenino.com.ar\\\/df\\\/organizaciones-feministas-repudiaron-la-medida-cautelar-por-la-cual-se-intenta-suspender-la-aplicacion-de-la-ley-27-610\\\/#primaryimage\"},\"thumbnailUrl\":\"https:\\\/\\\/diariofemenino.com.ar\\\/df\\\/wp-content\\\/uploads\\\/2021\\\/02\\\/chaco-aborto_630_1140-e1612184314908.jpg\",\"datePublished\":\"2021-02-01T13:08:11+00:00\",\"description\":\"Las Organizaciones feministas del Chaco repudiaron la medida: La ley del IVE es una ley sancionada por los representantes del pueblo.\",\"breadcrumb\":{\"@id\":\"https:\\\/\\\/diariofemenino.com.ar\\\/df\\\/organizaciones-feministas-repudiaron-la-medida-cautelar-por-la-cual-se-intenta-suspender-la-aplicacion-de-la-ley-27-610\\\/#breadcrumb\"},\"inLanguage\":\"es\",\"potentialAction\":[{\"@type\":\"ReadAction\",\"target\":[\"https:\\\/\\\/diariofemenino.com.ar\\\/df\\\/organizaciones-feministas-repudiaron-la-medida-cautelar-por-la-cual-se-intenta-suspender-la-aplicacion-de-la-ley-27-610\\\/\"]}]},{\"@type\":\"ImageObject\",\"inLanguage\":\"es\",\"@id\":\"https:\\\/\\\/diariofemenino.com.ar\\\/df\\\/organizaciones-feministas-repudiaron-la-medida-cautelar-por-la-cual-se-intenta-suspender-la-aplicacion-de-la-ley-27-610\\\/#primaryimage\",\"url\":\"https:\\\/\\\/diariofemenino.com.ar\\\/df\\\/wp-content\\\/uploads\\\/2021\\\/02\\\/chaco-aborto_630_1140-e1612184314908.jpg\",\"contentUrl\":\"https:\\\/\\\/diariofemenino.com.ar\\\/df\\\/wp-content\\\/uploads\\\/2021\\\/02\\\/chaco-aborto_630_1140-e1612184314908.jpg\",\"width\":1002,\"height\":390,\"caption\":\"Las Organizaciones feministas del Chaco repudiaron la medida cautelar por la cual se intenta suspender la aplicaci\u00f3n de la Ley 27.610\"},{\"@type\":\"BreadcrumbList\",\"@id\":\"https:\\\/\\\/diariofemenino.com.ar\\\/df\\\/organizaciones-feministas-repudiaron-la-medida-cautelar-por-la-cual-se-intenta-suspender-la-aplicacion-de-la-ley-27-610\\\/#breadcrumb\",\"itemListElement\":[{\"@type\":\"ListItem\",\"position\":1,\"name\":\"Portada\",\"item\":\"https:\\\/\\\/diariofemenino.com.ar\\\/df\\\/\"},{\"@type\":\"ListItem\",\"position\":2,\"name\":\"Las Organizaciones feministas del Chaco repudiaron la medida cautelar por la cual se intenta suspender la aplicaci\u00f3n de la Ley 27.610\"}]},{\"@type\":\"WebSite\",\"@id\":\"https:\\\/\\\/diariofemenino.com.ar\\\/df\\\/#website\",\"url\":\"https:\\\/\\\/diariofemenino.com.ar\\\/df\\\/\",\"name\":\"Diario Digital Femenino\",\"description\":\"Cuesti\u00f3n de G\u00e9nero\",\"publisher\":{\"@id\":\"https:\\\/\\\/diariofemenino.com.ar\\\/df\\\/#organization\"},\"potentialAction\":[{\"@type\":\"SearchAction\",\"target\":{\"@type\":\"EntryPoint\",\"urlTemplate\":\"https:\\\/\\\/diariofemenino.com.ar\\\/df\\\/?s={search_term_string}\"},\"query-input\":{\"@type\":\"PropertyValueSpecification\",\"valueRequired\":true,\"valueName\":\"search_term_string\"}}],\"inLanguage\":\"es\"},{\"@type\":\"Organization\",\"@id\":\"https:\\\/\\\/diariofemenino.com.ar\\\/df\\\/#organization\",\"name\":\"Diario Femenino\",\"url\":\"https:\\\/\\\/diariofemenino.com.ar\\\/df\\\/\",\"logo\":{\"@type\":\"ImageObject\",\"inLanguage\":\"es\",\"@id\":\"https:\\\/\\\/diariofemenino.com.ar\\\/df\\\/#\\\/schema\\\/logo\\\/image\\\/\",\"url\":\"https:\\\/\\\/diariofemenino.com.ar\\\/df\\\/wp-content\\\/uploads\\\/2018\\\/10\\\/logo.png\",\"contentUrl\":\"https:\\\/\\\/diariofemenino.com.ar\\\/df\\\/wp-content\\\/uploads\\\/2018\\\/10\\\/logo.png\",\"width\":500,\"height\":92,\"caption\":\"Diario Femenino\"},\"image\":{\"@id\":\"https:\\\/\\\/diariofemenino.com.ar\\\/df\\\/#\\\/schema\\\/logo\\\/image\\\/\"},\"sameAs\":[\"https:\\\/\\\/www.facebook.com\\\/DiarioDigitaFemenino\\\/\",\"https:\\\/\\\/x.com\\\/DiarioFemenino1\"]},{\"@type\":\"Person\",\"@id\":\"https:\\\/\\\/diariofemenino.com.ar\\\/df\\\/#\\\/schema\\\/person\\\/38f54b3bfd13f561de2460ba95c169c6\",\"name\":\"Admin\",\"image\":{\"@type\":\"ImageObject\",\"inLanguage\":\"es\",\"@id\":\"https:\\\/\\\/diariofemenino.com.ar\\\/df\\\/wp-content\\\/uploads\\\/2018\\\/12\\\/favicon-150x150.jpg\",\"url\":\"https:\\\/\\\/diariofemenino.com.ar\\\/df\\\/wp-content\\\/uploads\\\/2018\\\/12\\\/favicon-150x150.jpg\",\"contentUrl\":\"https:\\\/\\\/diariofemenino.com.ar\\\/df\\\/wp-content\\\/uploads\\\/2018\\\/12\\\/favicon-150x150.jpg\",\"caption\":\"Admin\"},\"url\":\"https:\\\/\\\/diariofemenino.com.ar\\\/df\\\/author\\\/adm18df\\\/\"}]}<\/script>\n<!-- \/ Yoast SEO plugin. -->","yoast_head_json":{"title":"Las Organizaciones feministas del Chaco repudiaron la medida cautelar por la cual se intenta suspender la aplicaci\u00f3n de la Ley 27.610 - Diario Digital Femenino","description":"Las Organizaciones feministas del Chaco repudiaron la medida: La ley del IVE es una ley sancionada por los representantes del pueblo.","robots":{"index":"index","follow":"follow","max-snippet":"max-snippet:-1","max-image-preview":"max-image-preview:large","max-video-preview":"max-video-preview:-1"},"canonical":"https:\/\/diariofemenino.com.ar\/df\/organizaciones-feministas-repudiaron-la-medida-cautelar-por-la-cual-se-intenta-suspender-la-aplicacion-de-la-ley-27-610\/","og_locale":"es_ES","og_type":"article","og_title":"Las Organizaciones feministas del Chaco repudiaron la medida cautelar por la cual se intenta suspender la aplicaci\u00f3n de la Ley 27.610 - Diario Digital Femenino","og_description":"Las Organizaciones feministas del Chaco repudiaron la medida: La ley del IVE es una ley sancionada por los representantes del pueblo.","og_url":"https:\/\/diariofemenino.com.ar\/df\/organizaciones-feministas-repudiaron-la-medida-cautelar-por-la-cual-se-intenta-suspender-la-aplicacion-de-la-ley-27-610\/","og_site_name":"Diario Digital Femenino","article_publisher":"https:\/\/www.facebook.com\/DiarioDigitaFemenino\/","article_published_time":"2021-02-01T13:08:11+00:00","og_image":[{"width":1002,"height":390,"url":"https:\/\/diariofemenino.com.ar\/df\/wp-content\/uploads\/2021\/02\/chaco-aborto_630_1140-e1612184314908.jpg","type":"image\/jpeg"}],"author":"Admin","twitter_card":"summary_large_image","twitter_creator":"@DiarioFemenino1","twitter_site":"@DiarioFemenino1","twitter_misc":{"Escrito por":"Admin","Tiempo de lectura":"9 minutos"},"schema":{"@context":"https:\/\/schema.org","@graph":[{"@type":"Article","@id":"https:\/\/diariofemenino.com.ar\/df\/organizaciones-feministas-repudiaron-la-medida-cautelar-por-la-cual-se-intenta-suspender-la-aplicacion-de-la-ley-27-610\/#article","isPartOf":{"@id":"https:\/\/diariofemenino.com.ar\/df\/organizaciones-feministas-repudiaron-la-medida-cautelar-por-la-cual-se-intenta-suspender-la-aplicacion-de-la-ley-27-610\/"},"author":{"name":"Admin","@id":"https:\/\/diariofemenino.com.ar\/df\/#\/schema\/person\/38f54b3bfd13f561de2460ba95c169c6"},"headline":"Las Organizaciones feministas del Chaco repudiaron la medida cautelar por la cual se intenta suspender la aplicaci\u00f3n de la Ley 27.610","datePublished":"2021-02-01T13:08:11+00:00","mainEntityOfPage":{"@id":"https:\/\/diariofemenino.com.ar\/df\/organizaciones-feministas-repudiaron-la-medida-cautelar-por-la-cual-se-intenta-suspender-la-aplicacion-de-la-ley-27-610\/"},"wordCount":1722,"commentCount":0,"publisher":{"@id":"https:\/\/diariofemenino.com.ar\/df\/#organization"},"image":{"@id":"https:\/\/diariofemenino.com.ar\/df\/organizaciones-feministas-repudiaron-la-medida-cautelar-por-la-cual-se-intenta-suspender-la-aplicacion-de-la-ley-27-610\/#primaryimage"},"thumbnailUrl":"https:\/\/diariofemenino.com.ar\/df\/wp-content\/uploads\/2021\/02\/chaco-aborto_630_1140-e1612184314908.jpg","keywords":["Chaco","IVE","Ley 27.610"],"articleSection":["Aborto","Noticias","Violencias"],"inLanguage":"es","potentialAction":[{"@type":"CommentAction","name":"Comment","target":["https:\/\/diariofemenino.com.ar\/df\/organizaciones-feministas-repudiaron-la-medida-cautelar-por-la-cual-se-intenta-suspender-la-aplicacion-de-la-ley-27-610\/#respond"]}]},{"@type":"WebPage","@id":"https:\/\/diariofemenino.com.ar\/df\/organizaciones-feministas-repudiaron-la-medida-cautelar-por-la-cual-se-intenta-suspender-la-aplicacion-de-la-ley-27-610\/","url":"https:\/\/diariofemenino.com.ar\/df\/organizaciones-feministas-repudiaron-la-medida-cautelar-por-la-cual-se-intenta-suspender-la-aplicacion-de-la-ley-27-610\/","name":"Las Organizaciones feministas del Chaco repudiaron la medida cautelar por la cual se intenta suspender la aplicaci\u00f3n de la Ley 27.610 - Diario Digital Femenino","isPartOf":{"@id":"https:\/\/diariofemenino.com.ar\/df\/#website"},"primaryImageOfPage":{"@id":"https:\/\/diariofemenino.com.ar\/df\/organizaciones-feministas-repudiaron-la-medida-cautelar-por-la-cual-se-intenta-suspender-la-aplicacion-de-la-ley-27-610\/#primaryimage"},"image":{"@id":"https:\/\/diariofemenino.com.ar\/df\/organizaciones-feministas-repudiaron-la-medida-cautelar-por-la-cual-se-intenta-suspender-la-aplicacion-de-la-ley-27-610\/#primaryimage"},"thumbnailUrl":"https:\/\/diariofemenino.com.ar\/df\/wp-content\/uploads\/2021\/02\/chaco-aborto_630_1140-e1612184314908.jpg","datePublished":"2021-02-01T13:08:11+00:00","description":"Las Organizaciones feministas del Chaco repudiaron la medida: La ley del IVE es una ley sancionada por los representantes del pueblo.","breadcrumb":{"@id":"https:\/\/diariofemenino.com.ar\/df\/organizaciones-feministas-repudiaron-la-medida-cautelar-por-la-cual-se-intenta-suspender-la-aplicacion-de-la-ley-27-610\/#breadcrumb"},"inLanguage":"es","potentialAction":[{"@type":"ReadAction","target":["https:\/\/diariofemenino.com.ar\/df\/organizaciones-feministas-repudiaron-la-medida-cautelar-por-la-cual-se-intenta-suspender-la-aplicacion-de-la-ley-27-610\/"]}]},{"@type":"ImageObject","inLanguage":"es","@id":"https:\/\/diariofemenino.com.ar\/df\/organizaciones-feministas-repudiaron-la-medida-cautelar-por-la-cual-se-intenta-suspender-la-aplicacion-de-la-ley-27-610\/#primaryimage","url":"https:\/\/diariofemenino.com.ar\/df\/wp-content\/uploads\/2021\/02\/chaco-aborto_630_1140-e1612184314908.jpg","contentUrl":"https:\/\/diariofemenino.com.ar\/df\/wp-content\/uploads\/2021\/02\/chaco-aborto_630_1140-e1612184314908.jpg","width":1002,"height":390,"caption":"Las Organizaciones feministas del Chaco repudiaron la medida cautelar por la cual se intenta suspender la aplicaci\u00f3n de la Ley 27.610"},{"@type":"BreadcrumbList","@id":"https:\/\/diariofemenino.com.ar\/df\/organizaciones-feministas-repudiaron-la-medida-cautelar-por-la-cual-se-intenta-suspender-la-aplicacion-de-la-ley-27-610\/#breadcrumb","itemListElement":[{"@type":"ListItem","position":1,"name":"Portada","item":"https:\/\/diariofemenino.com.ar\/df\/"},{"@type":"ListItem","position":2,"name":"Las Organizaciones feministas del Chaco repudiaron la medida cautelar por la cual se intenta suspender la aplicaci\u00f3n de la Ley 27.610"}]},{"@type":"WebSite","@id":"https:\/\/diariofemenino.com.ar\/df\/#website","url":"https:\/\/diariofemenino.com.ar\/df\/","name":"Diario Digital Femenino","description":"Cuesti\u00f3n de G\u00e9nero","publisher":{"@id":"https:\/\/diariofemenino.com.ar\/df\/#organization"},"potentialAction":[{"@type":"SearchAction","target":{"@type":"EntryPoint","urlTemplate":"https:\/\/diariofemenino.com.ar\/df\/?s={search_term_string}"},"query-input":{"@type":"PropertyValueSpecification","valueRequired":true,"valueName":"search_term_string"}}],"inLanguage":"es"},{"@type":"Organization","@id":"https:\/\/diariofemenino.com.ar\/df\/#organization","name":"Diario Femenino","url":"https:\/\/diariofemenino.com.ar\/df\/","logo":{"@type":"ImageObject","inLanguage":"es","@id":"https:\/\/diariofemenino.com.ar\/df\/#\/schema\/logo\/image\/","url":"https:\/\/diariofemenino.com.ar\/df\/wp-content\/uploads\/2018\/10\/logo.png","contentUrl":"https:\/\/diariofemenino.com.ar\/df\/wp-content\/uploads\/2018\/10\/logo.png","width":500,"height":92,"caption":"Diario Femenino"},"image":{"@id":"https:\/\/diariofemenino.com.ar\/df\/#\/schema\/logo\/image\/"},"sameAs":["https:\/\/www.facebook.com\/DiarioDigitaFemenino\/","https:\/\/x.com\/DiarioFemenino1"]},{"@type":"Person","@id":"https:\/\/diariofemenino.com.ar\/df\/#\/schema\/person\/38f54b3bfd13f561de2460ba95c169c6","name":"Admin","image":{"@type":"ImageObject","inLanguage":"es","@id":"https:\/\/diariofemenino.com.ar\/df\/wp-content\/uploads\/2018\/12\/favicon-150x150.jpg","url":"https:\/\/diariofemenino.com.ar\/df\/wp-content\/uploads\/2018\/12\/favicon-150x150.jpg","contentUrl":"https:\/\/diariofemenino.com.ar\/df\/wp-content\/uploads\/2018\/12\/favicon-150x150.jpg","caption":"Admin"},"url":"https:\/\/diariofemenino.com.ar\/df\/author\/adm18df\/"}]}},"jetpack_featured_media_url":"https:\/\/diariofemenino.com.ar\/df\/wp-content\/uploads\/2021\/02\/chaco-aborto_630_1140-e1612184314908.jpg","jetpack_sharing_enabled":true,"rttpg_featured_image_url":{"full":["https:\/\/diariofemenino.com.ar\/df\/wp-content\/uploads\/2021\/02\/chaco-aborto_630_1140-e1612184314908.jpg",1002,390,false],"landscape":["https:\/\/diariofemenino.com.ar\/df\/wp-content\/uploads\/2021\/02\/chaco-aborto_630_1140-e1612184314908.jpg",1002,390,false],"portraits":["https:\/\/diariofemenino.com.ar\/df\/wp-content\/uploads\/2021\/02\/chaco-aborto_630_1140-e1612184314908.jpg",1002,390,false],"thumbnail":["https:\/\/diariofemenino.com.ar\/df\/wp-content\/uploads\/2021\/02\/chaco-aborto_630_1140-e1612184314908-150x150.jpg",150,150,true],"medium":["https:\/\/diariofemenino.com.ar\/df\/wp-content\/uploads\/2021\/02\/chaco-aborto_630_1140-e1612184314908-300x117.jpg",300,117,true],"large":["https:\/\/diariofemenino.com.ar\/df\/wp-content\/uploads\/2021\/02\/chaco-aborto_630_1140-e1612184314908.jpg",1002,390,false],"1536x1536":["https:\/\/diariofemenino.com.ar\/df\/wp-content\/uploads\/2021\/02\/chaco-aborto_630_1140-e1612184314908.jpg",1002,390,false],"2048x2048":["https:\/\/diariofemenino.com.ar\/df\/wp-content\/uploads\/2021\/02\/chaco-aborto_630_1140-e1612184314908.jpg",1002,390,false]},"rttpg_author":{"display_name":"Admin","author_link":"https:\/\/diariofemenino.com.ar\/df\/author\/adm18df\/"},"rttpg_comment":0,"rttpg_category":"<a href=\"https:\/\/diariofemenino.com.ar\/df\/category\/aborto\/\" rel=\"category tag\">Aborto<\/a> <a href=\"https:\/\/diariofemenino.com.ar\/df\/category\/noticias\/\" rel=\"category tag\">Noticias<\/a> <a href=\"https:\/\/diariofemenino.com.ar\/df\/category\/violencias\/\" rel=\"category tag\">Violencias<\/a>","rttpg_excerpt":"Las Organizaciones feministas del Chaco repudiaron la medida cautelar por la cual se intenta suspender la aplicaci\u00f3n de la Ley 27.610 La subsecretaria de Salud del Chaco, Carolina Centeno, reaccion\u00f3 por Twitter :\u201dLa ley del IVE es una ley sancionada por los representantes del pueblo. Desde el gobierno provincial, vamos a seguir impulsando este derecho&hellip;","_links":{"self":[{"href":"https:\/\/diariofemenino.com.ar\/df\/wp-json\/wp\/v2\/posts\/55627","targetHints":{"allow":["GET"]}}],"collection":[{"href":"https:\/\/diariofemenino.com.ar\/df\/wp-json\/wp\/v2\/posts"}],"about":[{"href":"https:\/\/diariofemenino.com.ar\/df\/wp-json\/wp\/v2\/types\/post"}],"author":[{"embeddable":true,"href":"https:\/\/diariofemenino.com.ar\/df\/wp-json\/wp\/v2\/users\/1"}],"replies":[{"embeddable":true,"href":"https:\/\/diariofemenino.com.ar\/df\/wp-json\/wp\/v2\/comments?post=55627"}],"version-history":[{"count":0,"href":"https:\/\/diariofemenino.com.ar\/df\/wp-json\/wp\/v2\/posts\/55627\/revisions"}],"wp:featuredmedia":[{"embeddable":true,"href":"https:\/\/diariofemenino.com.ar\/df\/wp-json\/wp\/v2\/media\/55628"}],"wp:attachment":[{"href":"https:\/\/diariofemenino.com.ar\/df\/wp-json\/wp\/v2\/media?parent=55627"}],"wp:term":[{"taxonomy":"category","embeddable":true,"href":"https:\/\/diariofemenino.com.ar\/df\/wp-json\/wp\/v2\/categories?post=55627"},{"taxonomy":"post_tag","embeddable":true,"href":"https:\/\/diariofemenino.com.ar\/df\/wp-json\/wp\/v2\/tags?post=55627"}],"curies":[{"name":"wp","href":"https:\/\/api.w.org\/{rel}","templated":true}]}}