{"id":55617,"date":"2021-02-01T09:25:19","date_gmt":"2021-02-01T12:25:19","guid":{"rendered":"https:\/\/diariofemenino.com.ar\/?p=55617"},"modified":"2021-02-01T09:25:19","modified_gmt":"2021-02-01T12:25:19","slug":"trata-en-2020-hubo-7-causas","status":"publish","type":"post","link":"https:\/\/diariofemenino.com.ar\/df\/trata-en-2020-hubo-7-causas\/","title":{"rendered":"Trata: en 2020 hubo 7 causas"},"content":{"rendered":"<p>Trata: en 2020 hubo 7 causas<\/p>\n<p>\u201cHa mermado el problema en la provincia\u00bb, asegur\u00f3 Baric<\/p>\n<p>En el marco de la <a href=\"https:\/\/diariofemenino.com.ar\/trata-de-personas\/\">campa\u00f1a contra la trata y explotaci\u00f3n de personas<\/a> que impulsa el Gobierno provincial, desde la Justicia Federal revelaron que en 2020 se iniciaron tan solo siete expedientes, lo que representa un descenso en las causas del 43,75% con respecto al 2019. A nivel nacional, el a\u00f1o pasado la cifra ascendi\u00f3 a 700.<\/p>\n<p>El juez federal de Santa Rosa, Juan Jos\u00e9 Baric, se\u00f1al\u00f3 que \u00abha mermado el problema de trata en la Provincia. En este momento tenemos tres o cuatro expedientes en tr\u00e1mite, todo por trata laboral, no sexual. Hoy los casos de trata sexual son pr\u00e1cticamente tema del pasado, es de jurisdicci\u00f3n netamente federal, que muchas veces se inician en los fueros provinciales, y luego se elevan al federal\u00bb.<\/p>\n<p>Con respecto a las estad\u00edsticas, seg\u00fan las declaraciones difundidas por Provincia, Baric precis\u00f3 que \u00aben 2019 se iniciaron 16 expedientes por trata, mientras que en 2020 solamente 7. Hay dos causas que fueron elevadas a juicio, mientras que el resto fueron archivadas o est\u00e1n en tr\u00e1mite\u00bb.<\/p>\n<p>A su vez, destac\u00f3 las acciones conjuntas con organismos gubernamentales. \u00abLlevamos adelante un trabajo codo a codo. Hemos tenido reuniones para ir perfeccionando las estrategias con que se atacan estos temas. Tenemos contacto directo con la Polic\u00eda provincial y con la Subsecretar\u00eda de Derechos Humanos. El apoyo es mutuo\u00bb, afirm\u00f3.<\/p>\n<p>\u00abRecogiendo palabras del ministro (Daniel) Bensus\u00e1n, es importante el abordaje a todo lo referido al tema de trata de personas, para no repetir historias pasadas\u00bb, a\u00f1adi\u00f3.<\/p>\n<p>El magistrado tambi\u00e9n mostr\u00f3 satisfacci\u00f3n por el intercambio mantenido en los \u00faltimos meses con los altos mandos policiales. \u00abHace poco mantuvimos un encuentro muy productivo con el ministro de Seguridad, Horacio di N\u00e1poli, funcionarios de ese ministerio, altos mandos de la fuerza policial y oficiales superiores. Fue muy positivo, porque pudimos intercambiar, en forma directa, experiencias y sugerencias para el abordaje de este tipo de acciones tanto desde la Justicia Federal, como de las fuerzas de seguridad. Seguramente este a\u00f1o haremos dos o tres encuentros m\u00e1s\u00bb, resalt\u00f3 y remarc\u00f3 que \u00aben todas las situaciones de trata de personas, el trabajo preventivo es la madre de todas las batallas\u00bb.<\/p>\n<figure id=\"attachment_55212\" aria-describedby=\"caption-attachment-55212\" style=\"width: 900px\" class=\"wp-caption aligncenter\"><img loading=\"lazy\" decoding=\"async\" class=\"size-large wp-image-55212\" src=\"https:\/\/diariofemenino.com.ar\/df\/wp-content\/uploads\/2021\/01\/ErxcXtEWMAM9x-n-1024x574.jpg\" alt=\"Trata: en 2020 hubo 7 causas\" width=\"900\" height=\"504\" srcset=\"https:\/\/diariofemenino.com.ar\/df\/wp-content\/uploads\/2021\/01\/ErxcXtEWMAM9x-n-1024x574.jpg 1024w, https:\/\/diariofemenino.com.ar\/df\/wp-content\/uploads\/2021\/01\/ErxcXtEWMAM9x-n-300x168.jpg 300w, https:\/\/diariofemenino.com.ar\/df\/wp-content\/uploads\/2021\/01\/ErxcXtEWMAM9x-n-768x431.jpg 768w\" sizes=\"auto, (max-width: 900px) 100vw, 900px\" \/><figcaption id=\"caption-attachment-55212\" class=\"wp-caption-text\">Trata: en 2020 hubo 7 causas<\/figcaption><\/figure>\n<p><strong>Pol\u00edtica de Estado.<\/strong><\/p>\n<p>Por su parte, el ministro de Gobierno, Justicia y Derechos Humanos, Daniel Bensus\u00e1n se\u00f1al\u00f3 que \u00aben La Pampa el trabajo es desarrollado por la Comisi\u00f3n de Ejecuci\u00f3n del Programa Provincial para la Prevenci\u00f3n, Protecci\u00f3n y Asistencia de las V\u00edctimas del delito de Trata de Personas que tiene como punto focal a la Subsecretar\u00eda de DDHH y de la que participan ministerios, secretar\u00edas y otros organismos que se han sumado. Y coordinando con el \u00e1rea respectiva de Naci\u00f3n. La lucha contra la trata de personas es una pol\u00edtica de Estado y el trabajo de prevenci\u00f3n de situaciones de este tipo est\u00e1 a la vista\u00bb.<\/p>\n<p>En esa l\u00ednea, afirm\u00f3 que en la provincia \u00abno estamos al margen de las situaciones de trata, por caso basta recordar la intervenci\u00f3n que tuvimos, el a\u00f1o pasado, con el caso de los hacheros chaque\u00f1os, en General Acha, o tambi\u00e9n casos de matrimonios forzados en los que se tuvo que intervenir. Lo importante es que podamos detectarlas y actuar a tiempo\u00bb.<\/p>\n<p><strong>Delitos aberrantes.<\/strong><\/p>\n<p>El funcionario provincial manifest\u00f3 que las situaciones de trata de personas \u00abson delitos aberrantes y tambi\u00e9n presentes, donde los explotadores se valen de la situaci\u00f3n de vulnerabilidad de las personas. El a\u00f1o pasado, a nivel nacional, hubo 700 casos, lo que habla de la gravedad y actualidad de este delito\u00bb.<\/p>\n<p>\u00abDesde nuestro ministerio, a trav\u00e9s de la Subsecretar\u00eda de Derechos Humanos, trabajamos fundamentalmente en la prevenci\u00f3n, asistencia y contenci\u00f3n de las v\u00edctimas. Ponemos a disposici\u00f3n equipos interdisciplinarios, con estrategias de prevenci\u00f3n y de reafirmaci\u00f3n de derechos, como as\u00ed en la presentaci\u00f3n y acompa\u00f1amiento de denuncias judiciales\u00bb, continu\u00f3.<br \/>\n\u00abEn nuestra provincia, adem\u00e1s de la Subsecretar\u00eda de DDHH, participan de la comisi\u00f3n local representantes del Ministerio de Desarrollo Social, de Salud, de Seguridad, de la Polic\u00eda Provincial, de la Producci\u00f3n, la Secretar\u00eda de Turismo, la Secretar\u00eda de la Mujer y la de Trabajo, y han sumado su participaci\u00f3n el Juzgado y la Fiscal\u00eda Federal, Migraciones, Renatre y municipios, entre otros\u00bb, concluy\u00f3.<\/p>\n<p><strong>Medidas de prevenci\u00f3n.<\/strong><\/p>\n<p>El ministro Bensus\u00e1n recalc\u00f3 la necesidad de trabajar en la prevenci\u00f3n y estar atentos ante determinadas se\u00f1ales. \u00abPor ejemplo, para prevenir la trata o explotaci\u00f3n con fines laborales. Un empleador jam\u00e1s puede retener el DNI de una persona. Esta es una de las principales se\u00f1ales a tener en cuenta, donde comienzan privando de la identidad a la persona, para luego someterla\u00bb, asegur\u00f3.<\/p>\n<p>A su vez, aclar\u00f3 que \u00abtampoco se debe aceptar que la persona que ofrezca alg\u00fan trabajo restrinja o impida el contacto con familiares y allegados, estas son pr\u00e1cticas que tienden a aislar a las personas, para facilitar situaciones de explotaci\u00f3n\u00bb.<\/p>\n<p>En ese sentido, explic\u00f3 que \u00aben la campa\u00f1a del gobierno provincial se recomienda que, si por cuestiones laborales deben trasladarse hacia otro lugar, siempre conviene chequear si el domicilio existe; no ir a domicilios particulares por entrevistas laborales, en lo posible que sea en lugares p\u00fablicos, y siempre informarle a alguien de confianza d\u00f3nde y con qui\u00e9n es la entrevista\u00bb.<\/p>\n<p>\u00abAqu\u00ed tampoco se debe entregar jam\u00e1s la documentaci\u00f3n que acredite su identidad\u00bb, se\u00f1al\u00f3 Bensus\u00e1n y recomend\u00f3 que ante cualquier duda o denuncias el n\u00famero 145, de l\u00ednea nacional, est\u00e1 a disposici\u00f3n.<\/p>\n<p><a href=\"http:\/\/www.laarena.com.ar\/\">La Arena<\/a><\/p>\n<p><a href=\"https:\/\/diariofemenino.com.ar\">Diario Digital Femenino<\/a><\/p>\n","protected":false},"excerpt":{"rendered":"<p>Trata: en 2020 hubo 7 causas \u201cHa mermado el problema en la provincia\u00bb, asegur\u00f3 Baric En el marco de la campa\u00f1a contra la trata y explotaci\u00f3n de personas que impulsa el Gobierno provincial, desde la Justicia Federal revelaron que en 2020 se iniciaron tan solo siete expedientes, lo que representa un descenso en las causas [&hellip;]<\/p>\n","protected":false},"author":1,"featured_media":55618,"comment_status":"open","ping_status":"open","sticky":false,"template":"","format":"standard","meta":{"iawp_total_views":2,"footnotes":""},"categories":[7,592],"tags":[4073,439,613],"class_list":["post-55617","post","type-post","status-publish","format-standard","has-post-thumbnail","hentry","category-actividades","category-violencias","tag-juan-jose-baric","tag-la-pampa","tag-trata-de-personas"],"nelio_content":{"autoShareEndMode":"never","automationSources":{"useCustomSentences":false,"customSentences":[]},"efiAlt":"","efiUrl":"","followers":[],"highlights":[],"isAutoShareEnabled":true,"networkImageIds":[],"permalinkQueryArgs":[],"series":[],"suggestedReferences":[]},"yoast_head":"<!-- This site is optimized with the Yoast SEO plugin v27.5 - https:\/\/yoast.com\/product\/yoast-seo-wordpress\/ -->\n<title>Trata: en 2020 hubo 7 causas - Diario Digital Femenino<\/title>\n<meta name=\"description\" content=\"Trata: El juez federal de Santa Rosa, Juan Jos\u00e9 Baric, se\u00f1al\u00f3 que \u00abha mermado el problema de trata en la Provincia de La Pampa.\" \/>\n<meta name=\"robots\" content=\"index, follow, max-snippet:-1, max-image-preview:large, max-video-preview:-1\" \/>\n<link rel=\"canonical\" href=\"https:\/\/diariofemenino.com.ar\/df\/trata-en-2020-hubo-7-causas\/\" \/>\n<meta property=\"og:locale\" content=\"es_ES\" \/>\n<meta property=\"og:type\" content=\"article\" \/>\n<meta property=\"og:title\" content=\"Trata: en 2020 hubo 7 causas - Diario Digital Femenino\" \/>\n<meta property=\"og:description\" content=\"Trata: El juez federal de Santa Rosa, Juan Jos\u00e9 Baric, se\u00f1al\u00f3 que \u00abha mermado el problema de trata en la Provincia de La Pampa.\" \/>\n<meta property=\"og:url\" content=\"https:\/\/diariofemenino.com.ar\/df\/trata-en-2020-hubo-7-causas\/\" \/>\n<meta property=\"og:site_name\" content=\"Diario Digital Femenino\" \/>\n<meta property=\"article:publisher\" content=\"https:\/\/www.facebook.com\/DiarioDigitaFemenino\/\" \/>\n<meta property=\"article:published_time\" content=\"2021-02-01T12:25:19+00:00\" \/>\n<meta property=\"og:image\" content=\"https:\/\/diariofemenino.com.ar\/df\/wp-content\/uploads\/2021\/02\/Juan-Jos\u00e9-Baric-2922c854f-e1612182159567.jpg\" \/>\n\t<meta property=\"og:image:width\" content=\"696\" \/>\n\t<meta property=\"og:image:height\" content=\"330\" \/>\n\t<meta property=\"og:image:type\" content=\"image\/jpeg\" \/>\n<meta name=\"author\" content=\"Admin\" \/>\n<meta name=\"twitter:card\" content=\"summary_large_image\" \/>\n<meta name=\"twitter:creator\" content=\"@DiarioFemenino1\" \/>\n<meta name=\"twitter:site\" content=\"@DiarioFemenino1\" \/>\n<meta name=\"twitter:label1\" content=\"Escrito por\" \/>\n\t<meta name=\"twitter:data1\" content=\"Admin\" \/>\n\t<meta name=\"twitter:label2\" content=\"Tiempo de lectura\" \/>\n\t<meta name=\"twitter:data2\" content=\"5 minutos\" \/>\n<script type=\"application\/ld+json\" class=\"yoast-schema-graph\">{\"@context\":\"https:\\\/\\\/schema.org\",\"@graph\":[{\"@type\":\"Article\",\"@id\":\"https:\\\/\\\/diariofemenino.com.ar\\\/df\\\/trata-en-2020-hubo-7-causas\\\/#article\",\"isPartOf\":{\"@id\":\"https:\\\/\\\/diariofemenino.com.ar\\\/df\\\/trata-en-2020-hubo-7-causas\\\/\"},\"author\":{\"name\":\"Admin\",\"@id\":\"https:\\\/\\\/diariofemenino.com.ar\\\/df\\\/#\\\/schema\\\/person\\\/38f54b3bfd13f561de2460ba95c169c6\"},\"headline\":\"Trata: en 2020 hubo 7 causas\",\"datePublished\":\"2021-02-01T12:25:19+00:00\",\"mainEntityOfPage\":{\"@id\":\"https:\\\/\\\/diariofemenino.com.ar\\\/df\\\/trata-en-2020-hubo-7-causas\\\/\"},\"wordCount\":982,\"commentCount\":0,\"publisher\":{\"@id\":\"https:\\\/\\\/diariofemenino.com.ar\\\/df\\\/#organization\"},\"image\":{\"@id\":\"https:\\\/\\\/diariofemenino.com.ar\\\/df\\\/trata-en-2020-hubo-7-causas\\\/#primaryimage\"},\"thumbnailUrl\":\"https:\\\/\\\/diariofemenino.com.ar\\\/df\\\/wp-content\\\/uploads\\\/2021\\\/02\\\/Juan-Jos\u00e9-Baric-2922c854f-e1612182159567.jpg\",\"keywords\":[\"Juan Jos\u00e9 Baric\",\"La Pampa\",\"Trata de Personas\"],\"articleSection\":[\"Actividades\",\"Violencias\"],\"inLanguage\":\"es\",\"potentialAction\":[{\"@type\":\"CommentAction\",\"name\":\"Comment\",\"target\":[\"https:\\\/\\\/diariofemenino.com.ar\\\/df\\\/trata-en-2020-hubo-7-causas\\\/#respond\"]}]},{\"@type\":\"WebPage\",\"@id\":\"https:\\\/\\\/diariofemenino.com.ar\\\/df\\\/trata-en-2020-hubo-7-causas\\\/\",\"url\":\"https:\\\/\\\/diariofemenino.com.ar\\\/df\\\/trata-en-2020-hubo-7-causas\\\/\",\"name\":\"Trata: en 2020 hubo 7 causas - Diario Digital Femenino\",\"isPartOf\":{\"@id\":\"https:\\\/\\\/diariofemenino.com.ar\\\/df\\\/#website\"},\"primaryImageOfPage\":{\"@id\":\"https:\\\/\\\/diariofemenino.com.ar\\\/df\\\/trata-en-2020-hubo-7-causas\\\/#primaryimage\"},\"image\":{\"@id\":\"https:\\\/\\\/diariofemenino.com.ar\\\/df\\\/trata-en-2020-hubo-7-causas\\\/#primaryimage\"},\"thumbnailUrl\":\"https:\\\/\\\/diariofemenino.com.ar\\\/df\\\/wp-content\\\/uploads\\\/2021\\\/02\\\/Juan-Jos\u00e9-Baric-2922c854f-e1612182159567.jpg\",\"datePublished\":\"2021-02-01T12:25:19+00:00\",\"description\":\"Trata: El juez federal de Santa Rosa, Juan Jos\u00e9 Baric, se\u00f1al\u00f3 que \u00abha mermado el problema de trata en la Provincia de La Pampa.\",\"breadcrumb\":{\"@id\":\"https:\\\/\\\/diariofemenino.com.ar\\\/df\\\/trata-en-2020-hubo-7-causas\\\/#breadcrumb\"},\"inLanguage\":\"es\",\"potentialAction\":[{\"@type\":\"ReadAction\",\"target\":[\"https:\\\/\\\/diariofemenino.com.ar\\\/df\\\/trata-en-2020-hubo-7-causas\\\/\"]}]},{\"@type\":\"ImageObject\",\"inLanguage\":\"es\",\"@id\":\"https:\\\/\\\/diariofemenino.com.ar\\\/df\\\/trata-en-2020-hubo-7-causas\\\/#primaryimage\",\"url\":\"https:\\\/\\\/diariofemenino.com.ar\\\/df\\\/wp-content\\\/uploads\\\/2021\\\/02\\\/Juan-Jos\u00e9-Baric-2922c854f-e1612182159567.jpg\",\"contentUrl\":\"https:\\\/\\\/diariofemenino.com.ar\\\/df\\\/wp-content\\\/uploads\\\/2021\\\/02\\\/Juan-Jos\u00e9-Baric-2922c854f-e1612182159567.jpg\",\"width\":696,\"height\":330,\"caption\":\"Trata: en 2020 hubo 7 causas\"},{\"@type\":\"BreadcrumbList\",\"@id\":\"https:\\\/\\\/diariofemenino.com.ar\\\/df\\\/trata-en-2020-hubo-7-causas\\\/#breadcrumb\",\"itemListElement\":[{\"@type\":\"ListItem\",\"position\":1,\"name\":\"Portada\",\"item\":\"https:\\\/\\\/diariofemenino.com.ar\\\/df\\\/\"},{\"@type\":\"ListItem\",\"position\":2,\"name\":\"Trata: en 2020 hubo 7 causas\"}]},{\"@type\":\"WebSite\",\"@id\":\"https:\\\/\\\/diariofemenino.com.ar\\\/df\\\/#website\",\"url\":\"https:\\\/\\\/diariofemenino.com.ar\\\/df\\\/\",\"name\":\"Diario Digital Femenino\",\"description\":\"Cuesti\u00f3n de G\u00e9nero\",\"publisher\":{\"@id\":\"https:\\\/\\\/diariofemenino.com.ar\\\/df\\\/#organization\"},\"potentialAction\":[{\"@type\":\"SearchAction\",\"target\":{\"@type\":\"EntryPoint\",\"urlTemplate\":\"https:\\\/\\\/diariofemenino.com.ar\\\/df\\\/?s={search_term_string}\"},\"query-input\":{\"@type\":\"PropertyValueSpecification\",\"valueRequired\":true,\"valueName\":\"search_term_string\"}}],\"inLanguage\":\"es\"},{\"@type\":\"Organization\",\"@id\":\"https:\\\/\\\/diariofemenino.com.ar\\\/df\\\/#organization\",\"name\":\"Diario Femenino\",\"url\":\"https:\\\/\\\/diariofemenino.com.ar\\\/df\\\/\",\"logo\":{\"@type\":\"ImageObject\",\"inLanguage\":\"es\",\"@id\":\"https:\\\/\\\/diariofemenino.com.ar\\\/df\\\/#\\\/schema\\\/logo\\\/image\\\/\",\"url\":\"https:\\\/\\\/diariofemenino.com.ar\\\/df\\\/wp-content\\\/uploads\\\/2018\\\/10\\\/logo.png\",\"contentUrl\":\"https:\\\/\\\/diariofemenino.com.ar\\\/df\\\/wp-content\\\/uploads\\\/2018\\\/10\\\/logo.png\",\"width\":500,\"height\":92,\"caption\":\"Diario Femenino\"},\"image\":{\"@id\":\"https:\\\/\\\/diariofemenino.com.ar\\\/df\\\/#\\\/schema\\\/logo\\\/image\\\/\"},\"sameAs\":[\"https:\\\/\\\/www.facebook.com\\\/DiarioDigitaFemenino\\\/\",\"https:\\\/\\\/x.com\\\/DiarioFemenino1\"]},{\"@type\":\"Person\",\"@id\":\"https:\\\/\\\/diariofemenino.com.ar\\\/df\\\/#\\\/schema\\\/person\\\/38f54b3bfd13f561de2460ba95c169c6\",\"name\":\"Admin\",\"image\":{\"@type\":\"ImageObject\",\"inLanguage\":\"es\",\"@id\":\"https:\\\/\\\/diariofemenino.com.ar\\\/df\\\/wp-content\\\/uploads\\\/2018\\\/12\\\/favicon-150x150.jpg\",\"url\":\"https:\\\/\\\/diariofemenino.com.ar\\\/df\\\/wp-content\\\/uploads\\\/2018\\\/12\\\/favicon-150x150.jpg\",\"contentUrl\":\"https:\\\/\\\/diariofemenino.com.ar\\\/df\\\/wp-content\\\/uploads\\\/2018\\\/12\\\/favicon-150x150.jpg\",\"caption\":\"Admin\"},\"url\":\"https:\\\/\\\/diariofemenino.com.ar\\\/df\\\/author\\\/adm18df\\\/\"}]}<\/script>\n<!-- \/ Yoast SEO plugin. -->","yoast_head_json":{"title":"Trata: en 2020 hubo 7 causas - Diario Digital Femenino","description":"Trata: El juez federal de Santa Rosa, Juan Jos\u00e9 Baric, se\u00f1al\u00f3 que \u00abha mermado el problema de trata en la Provincia de La Pampa.","robots":{"index":"index","follow":"follow","max-snippet":"max-snippet:-1","max-image-preview":"max-image-preview:large","max-video-preview":"max-video-preview:-1"},"canonical":"https:\/\/diariofemenino.com.ar\/df\/trata-en-2020-hubo-7-causas\/","og_locale":"es_ES","og_type":"article","og_title":"Trata: en 2020 hubo 7 causas - Diario Digital Femenino","og_description":"Trata: El juez federal de Santa Rosa, Juan Jos\u00e9 Baric, se\u00f1al\u00f3 que \u00abha mermado el problema de trata en la Provincia de La Pampa.","og_url":"https:\/\/diariofemenino.com.ar\/df\/trata-en-2020-hubo-7-causas\/","og_site_name":"Diario Digital Femenino","article_publisher":"https:\/\/www.facebook.com\/DiarioDigitaFemenino\/","article_published_time":"2021-02-01T12:25:19+00:00","og_image":[{"width":696,"height":330,"url":"https:\/\/diariofemenino.com.ar\/df\/wp-content\/uploads\/2021\/02\/Juan-Jos\u00e9-Baric-2922c854f-e1612182159567.jpg","type":"image\/jpeg"}],"author":"Admin","twitter_card":"summary_large_image","twitter_creator":"@DiarioFemenino1","twitter_site":"@DiarioFemenino1","twitter_misc":{"Escrito por":"Admin","Tiempo de lectura":"5 minutos"},"schema":{"@context":"https:\/\/schema.org","@graph":[{"@type":"Article","@id":"https:\/\/diariofemenino.com.ar\/df\/trata-en-2020-hubo-7-causas\/#article","isPartOf":{"@id":"https:\/\/diariofemenino.com.ar\/df\/trata-en-2020-hubo-7-causas\/"},"author":{"name":"Admin","@id":"https:\/\/diariofemenino.com.ar\/df\/#\/schema\/person\/38f54b3bfd13f561de2460ba95c169c6"},"headline":"Trata: en 2020 hubo 7 causas","datePublished":"2021-02-01T12:25:19+00:00","mainEntityOfPage":{"@id":"https:\/\/diariofemenino.com.ar\/df\/trata-en-2020-hubo-7-causas\/"},"wordCount":982,"commentCount":0,"publisher":{"@id":"https:\/\/diariofemenino.com.ar\/df\/#organization"},"image":{"@id":"https:\/\/diariofemenino.com.ar\/df\/trata-en-2020-hubo-7-causas\/#primaryimage"},"thumbnailUrl":"https:\/\/diariofemenino.com.ar\/df\/wp-content\/uploads\/2021\/02\/Juan-Jos\u00e9-Baric-2922c854f-e1612182159567.jpg","keywords":["Juan Jos\u00e9 Baric","La Pampa","Trata de Personas"],"articleSection":["Actividades","Violencias"],"inLanguage":"es","potentialAction":[{"@type":"CommentAction","name":"Comment","target":["https:\/\/diariofemenino.com.ar\/df\/trata-en-2020-hubo-7-causas\/#respond"]}]},{"@type":"WebPage","@id":"https:\/\/diariofemenino.com.ar\/df\/trata-en-2020-hubo-7-causas\/","url":"https:\/\/diariofemenino.com.ar\/df\/trata-en-2020-hubo-7-causas\/","name":"Trata: en 2020 hubo 7 causas - Diario Digital Femenino","isPartOf":{"@id":"https:\/\/diariofemenino.com.ar\/df\/#website"},"primaryImageOfPage":{"@id":"https:\/\/diariofemenino.com.ar\/df\/trata-en-2020-hubo-7-causas\/#primaryimage"},"image":{"@id":"https:\/\/diariofemenino.com.ar\/df\/trata-en-2020-hubo-7-causas\/#primaryimage"},"thumbnailUrl":"https:\/\/diariofemenino.com.ar\/df\/wp-content\/uploads\/2021\/02\/Juan-Jos\u00e9-Baric-2922c854f-e1612182159567.jpg","datePublished":"2021-02-01T12:25:19+00:00","description":"Trata: El juez federal de Santa Rosa, Juan Jos\u00e9 Baric, se\u00f1al\u00f3 que \u00abha mermado el problema de trata en la Provincia de La Pampa.","breadcrumb":{"@id":"https:\/\/diariofemenino.com.ar\/df\/trata-en-2020-hubo-7-causas\/#breadcrumb"},"inLanguage":"es","potentialAction":[{"@type":"ReadAction","target":["https:\/\/diariofemenino.com.ar\/df\/trata-en-2020-hubo-7-causas\/"]}]},{"@type":"ImageObject","inLanguage":"es","@id":"https:\/\/diariofemenino.com.ar\/df\/trata-en-2020-hubo-7-causas\/#primaryimage","url":"https:\/\/diariofemenino.com.ar\/df\/wp-content\/uploads\/2021\/02\/Juan-Jos\u00e9-Baric-2922c854f-e1612182159567.jpg","contentUrl":"https:\/\/diariofemenino.com.ar\/df\/wp-content\/uploads\/2021\/02\/Juan-Jos\u00e9-Baric-2922c854f-e1612182159567.jpg","width":696,"height":330,"caption":"Trata: en 2020 hubo 7 causas"},{"@type":"BreadcrumbList","@id":"https:\/\/diariofemenino.com.ar\/df\/trata-en-2020-hubo-7-causas\/#breadcrumb","itemListElement":[{"@type":"ListItem","position":1,"name":"Portada","item":"https:\/\/diariofemenino.com.ar\/df\/"},{"@type":"ListItem","position":2,"name":"Trata: en 2020 hubo 7 causas"}]},{"@type":"WebSite","@id":"https:\/\/diariofemenino.com.ar\/df\/#website","url":"https:\/\/diariofemenino.com.ar\/df\/","name":"Diario Digital Femenino","description":"Cuesti\u00f3n de G\u00e9nero","publisher":{"@id":"https:\/\/diariofemenino.com.ar\/df\/#organization"},"potentialAction":[{"@type":"SearchAction","target":{"@type":"EntryPoint","urlTemplate":"https:\/\/diariofemenino.com.ar\/df\/?s={search_term_string}"},"query-input":{"@type":"PropertyValueSpecification","valueRequired":true,"valueName":"search_term_string"}}],"inLanguage":"es"},{"@type":"Organization","@id":"https:\/\/diariofemenino.com.ar\/df\/#organization","name":"Diario Femenino","url":"https:\/\/diariofemenino.com.ar\/df\/","logo":{"@type":"ImageObject","inLanguage":"es","@id":"https:\/\/diariofemenino.com.ar\/df\/#\/schema\/logo\/image\/","url":"https:\/\/diariofemenino.com.ar\/df\/wp-content\/uploads\/2018\/10\/logo.png","contentUrl":"https:\/\/diariofemenino.com.ar\/df\/wp-content\/uploads\/2018\/10\/logo.png","width":500,"height":92,"caption":"Diario Femenino"},"image":{"@id":"https:\/\/diariofemenino.com.ar\/df\/#\/schema\/logo\/image\/"},"sameAs":["https:\/\/www.facebook.com\/DiarioDigitaFemenino\/","https:\/\/x.com\/DiarioFemenino1"]},{"@type":"Person","@id":"https:\/\/diariofemenino.com.ar\/df\/#\/schema\/person\/38f54b3bfd13f561de2460ba95c169c6","name":"Admin","image":{"@type":"ImageObject","inLanguage":"es","@id":"https:\/\/diariofemenino.com.ar\/df\/wp-content\/uploads\/2018\/12\/favicon-150x150.jpg","url":"https:\/\/diariofemenino.com.ar\/df\/wp-content\/uploads\/2018\/12\/favicon-150x150.jpg","contentUrl":"https:\/\/diariofemenino.com.ar\/df\/wp-content\/uploads\/2018\/12\/favicon-150x150.jpg","caption":"Admin"},"url":"https:\/\/diariofemenino.com.ar\/df\/author\/adm18df\/"}]}},"jetpack_featured_media_url":"https:\/\/diariofemenino.com.ar\/df\/wp-content\/uploads\/2021\/02\/Juan-Jos\u00e9-Baric-2922c854f-e1612182159567.jpg","jetpack_sharing_enabled":true,"rttpg_featured_image_url":{"full":["https:\/\/diariofemenino.com.ar\/df\/wp-content\/uploads\/2021\/02\/Juan-Jos\u00e9-Baric-2922c854f-e1612182159567.jpg",696,330,false],"landscape":["https:\/\/diariofemenino.com.ar\/df\/wp-content\/uploads\/2021\/02\/Juan-Jos\u00e9-Baric-2922c854f-e1612182159567.jpg",696,330,false],"portraits":["https:\/\/diariofemenino.com.ar\/df\/wp-content\/uploads\/2021\/02\/Juan-Jos\u00e9-Baric-2922c854f-e1612182159567.jpg",696,330,false],"thumbnail":["https:\/\/diariofemenino.com.ar\/df\/wp-content\/uploads\/2021\/02\/Juan-Jos\u00e9-Baric-2922c854f-e1612182159567-150x150.jpg",150,150,true],"medium":["https:\/\/diariofemenino.com.ar\/df\/wp-content\/uploads\/2021\/02\/Juan-Jos\u00e9-Baric-2922c854f-e1612182159567-300x142.jpg",300,142,true],"large":["https:\/\/diariofemenino.com.ar\/df\/wp-content\/uploads\/2021\/02\/Juan-Jos\u00e9-Baric-2922c854f-e1612182159567.jpg",696,330,false],"1536x1536":["https:\/\/diariofemenino.com.ar\/df\/wp-content\/uploads\/2021\/02\/Juan-Jos\u00e9-Baric-2922c854f-e1612182159567.jpg",696,330,false],"2048x2048":["https:\/\/diariofemenino.com.ar\/df\/wp-content\/uploads\/2021\/02\/Juan-Jos\u00e9-Baric-2922c854f-e1612182159567.jpg",696,330,false]},"rttpg_author":{"display_name":"Admin","author_link":"https:\/\/diariofemenino.com.ar\/df\/author\/adm18df\/"},"rttpg_comment":0,"rttpg_category":"<a href=\"https:\/\/diariofemenino.com.ar\/df\/category\/actividades\/\" rel=\"category tag\">Actividades<\/a> <a href=\"https:\/\/diariofemenino.com.ar\/df\/category\/violencias\/\" rel=\"category tag\">Violencias<\/a>","rttpg_excerpt":"Trata: en 2020 hubo 7 causas \u201cHa mermado el problema en la provincia\u00bb, asegur\u00f3 Baric En el marco de la campa\u00f1a contra la trata y explotaci\u00f3n de personas que impulsa el Gobierno provincial, desde la Justicia Federal revelaron que en 2020 se iniciaron tan solo siete expedientes, lo que representa un descenso en las causas&hellip;","_links":{"self":[{"href":"https:\/\/diariofemenino.com.ar\/df\/wp-json\/wp\/v2\/posts\/55617","targetHints":{"allow":["GET"]}}],"collection":[{"href":"https:\/\/diariofemenino.com.ar\/df\/wp-json\/wp\/v2\/posts"}],"about":[{"href":"https:\/\/diariofemenino.com.ar\/df\/wp-json\/wp\/v2\/types\/post"}],"author":[{"embeddable":true,"href":"https:\/\/diariofemenino.com.ar\/df\/wp-json\/wp\/v2\/users\/1"}],"replies":[{"embeddable":true,"href":"https:\/\/diariofemenino.com.ar\/df\/wp-json\/wp\/v2\/comments?post=55617"}],"version-history":[{"count":0,"href":"https:\/\/diariofemenino.com.ar\/df\/wp-json\/wp\/v2\/posts\/55617\/revisions"}],"wp:featuredmedia":[{"embeddable":true,"href":"https:\/\/diariofemenino.com.ar\/df\/wp-json\/wp\/v2\/media\/55618"}],"wp:attachment":[{"href":"https:\/\/diariofemenino.com.ar\/df\/wp-json\/wp\/v2\/media?parent=55617"}],"wp:term":[{"taxonomy":"category","embeddable":true,"href":"https:\/\/diariofemenino.com.ar\/df\/wp-json\/wp\/v2\/categories?post=55617"},{"taxonomy":"post_tag","embeddable":true,"href":"https:\/\/diariofemenino.com.ar\/df\/wp-json\/wp\/v2\/tags?post=55617"}],"curies":[{"name":"wp","href":"https:\/\/api.w.org\/{rel}","templated":true}]}}