{"id":55575,"date":"2021-01-29T10:13:30","date_gmt":"2021-01-29T13:13:30","guid":{"rendered":"https:\/\/diariofemenino.com.ar\/?p=55575"},"modified":"2021-01-29T10:13:30","modified_gmt":"2021-01-29T13:13:30","slug":"sara-omar-la-escritora-que-da-voz-a-las-mujeres-musulmanas","status":"publish","type":"post","link":"https:\/\/diariofemenino.com.ar\/df\/sara-omar-la-escritora-que-da-voz-a-las-mujeres-musulmanas\/","title":{"rendered":"Sara Omar, la escritora que da voz a las mujeres musulmanas"},"content":{"rendered":"<p>Sara Omar, la escritora que da voz a las mujeres musulmanas<\/p>\n<p>\u201cHe quebrado los tab\u00fas al escribir y hablar de cosas que se supone deber\u00edamos callar ya que es demasiado arriesgado hablar de ello. Si no lo hago yo, \u00bfqui\u00e9n lo har\u00e1?\u201d dice Omar.<\/p>\n<p>Por: Camille Bas<\/p>\n<p>Nacida hace 34 a\u00f1os en el fragor de la guerra del Kurdist\u00e1n iraqu\u00ed, la escritora danesa Sara Omar denuncia en sus libros la violencia infligida a las <a href=\"https:\/\/diariofemenino.com.ar\/viviendo-en-la-frontera\/\">mujeres<\/a> en nombre de un islam reaccionario, un \u201csacerdocio\u201d asumido que va acompa\u00f1ado de tener que vivir con protecci\u00f3n.<\/p>\n<p>Su primera novela, \u201cLa lavadora de los muertos\u201d, ha vendido m\u00e1s de 100.000 ejemplares en Dinamarca, un resultado impresionante en un pa\u00eds con 5,8 millones de personas. Es como el \u201cMeToo de las musulmanas\u201d, dice durante una entrevista con la AFP en Copenhague.<\/p>\n<p>En su literatura y en el debate p\u00fablico, la joven novelista describe las vejaciones que sufren mujeres y ni\u00f1as (violaciones, maltratos, cr\u00edmenes de \u201chonor\u201d) detr\u00e1s de las puertas de los hogares, y molesta a una franja oscurantista de la comunidad musulmana, que la ha llevado a tener que vivir con protecci\u00f3n.<\/p>\n<figure id=\"attachment_55578\" aria-describedby=\"caption-attachment-55578\" style=\"width: 683px\" class=\"wp-caption aligncenter\"><img loading=\"lazy\" decoding=\"async\" class=\"size-large wp-image-55578\" src=\"https:\/\/diariofemenino.com.ar\/df\/wp-content\/uploads\/2021\/01\/M2XS6DLLCVDMZCSKDXWC6PINIU-683x1024.jpg\" alt=\"Sara Omar, la escritora que da voz a las mujeres musulmanas\" width=\"683\" height=\"1024\" srcset=\"https:\/\/diariofemenino.com.ar\/df\/wp-content\/uploads\/2021\/01\/M2XS6DLLCVDMZCSKDXWC6PINIU-683x1024.jpg 683w, https:\/\/diariofemenino.com.ar\/df\/wp-content\/uploads\/2021\/01\/M2XS6DLLCVDMZCSKDXWC6PINIU-200x300.jpg 200w, https:\/\/diariofemenino.com.ar\/df\/wp-content\/uploads\/2021\/01\/M2XS6DLLCVDMZCSKDXWC6PINIU-768x1152.jpg 768w, https:\/\/diariofemenino.com.ar\/df\/wp-content\/uploads\/2021\/01\/M2XS6DLLCVDMZCSKDXWC6PINIU.jpg 770w\" sizes=\"auto, (max-width: 683px) 100vw, 683px\" \/><figcaption id=\"caption-attachment-55578\" class=\"wp-caption-text\">Sara Omar, la escritora que da voz a las mujeres musulmanas<\/figcaption><\/figure>\n<p><strong>\u201cGracias por darme voz\u201d<\/strong><\/p>\n<p>Publicado en 2017, este \u00e9xito de ventas cuenta la historia de Frmesk, \u201cl\u00e1grima\u201d en kurdo. El relato comienza con el nacimiento de la protagonista en 1986 en Solimania, Kurdist\u00e1n, el mismo sitio en que naci\u00f3n la autora. Termina en una cama de hospital en Dinamarca en 2016, donde Frmesk conoce a una joven interna, tambi\u00e9n kurda, atrapada entre su deseo de emancipaci\u00f3n y el control excesivo de su padre.<\/p>\n<p>Muchas son las mujeres, sobre todo en las comunidades musulmanas n\u00f3rdicas, atrapadas entre el liberalismo de su pa\u00eds de adopci\u00f3n y el conservatismo de su familia, que se han acercado a ella para agradecerle haberle dado forma a su sufrimiento a trav\u00e9s de Frmesk.<\/p>\n<p>\u201cMis libros han iniciado un movimiento muy discreto entre las mujeres, particularmente las de origen musulm\u00e1n en Escandinavia, ya que se identifican con los personajes y los temas de las novelas\u201d, explica.<\/p>\n<p>\u201cUna reacci\u00f3n que me conmovi\u00f3 hasta las l\u00e1grimas fue la de una mujer entre los 45 y 50 a\u00f1os, que se me acerc\u00f3 y mi dijo al o\u00eddo: \u2018gracias por darme voz\u2019\u201d, cuenta todav\u00eda emocionada.<\/p>\n<p>Tan combativa como su hero\u00edna, que fue violada por un t\u00edo en su infancia, la escritora prefiere no dar detalles sobre su vida, una decisi\u00f3n que se ha hecho necesaria por \u201csu situaci\u00f3n de seguridad\u201d, seg\u00fan cont\u00f3 su asistente.<\/p>\n<p><strong>La escritura<\/strong><\/p>\n<p>Llegada a Dinamarca a los 15 a\u00f1os, tras haber pasado varios a\u00f1os en campos de refugiados, Sara Omar comparte una se\u00f1al distintiva con su hero\u00edna: una mecha blanca en el centro de una cabellera negra como el azabache.<\/p>\n<p>En el pasado asegur\u00f3 que hab\u00eda estado casada y que era \u201cmadre de una ni\u00f1a asesinada\u201d y que empez\u00f3 a escribir la historia de Frmesk durante un ingreso en un hospital psiqui\u00e1trico tras varios intentos de suicidio.<\/p>\n<p>Para ella, la escritura no es \u201cun sue\u00f1o, la vivo como un sacerdocio ya que he sacrificado todo por ella\u201d, resume con una mirada determinada y una sonrisa triste.<\/p>\n<p>Pese a las amenazas, esta \u201cmusulmana agn\u00f3stica\u201d rechaza enjuiciar al islam y subraya el alcance universal de su mensaje.<\/p>\n<p>\u201cToda religi\u00f3n monote\u00edsta tiene un lado oscuro y un lado luminoso. El islam tiene tambi\u00e9n este lado oscuro pero deja lugar a la interpretaci\u00f3n. Todo depende de qui\u00e9n tiene el libro en la mano\u201d, sostiene.<\/p>\n<p>En un pa\u00eds obnubilado por los riesgos del comunitarismo y todav\u00eda impactado por el explosivo caso de las caricaturas de Mahoma, Sara Omar defiende con u\u00f1as y dientes la libertad de expresi\u00f3n.<\/p>\n<p>\u201cMientras haya gente que amenace a los escritores y a aquellos que luchan por el derecho de utilizar las palabras, seguiremos teniendo problemas\u201d, dice.<\/p>\n<p>La saga de Frmesk tiene un segundo tomo que tambi\u00e9n ha ganado un premio en Dinamarca.<\/p>\n<p>\u201cNo he terminado con la historia de Frmesk ya que pienso que es m\u00e1s que una ni\u00f1a abusada y una mujer oprimida. Es una luchadora y necesito escribir el resto de su historia\u201d, dice la joven con voz dulce.<\/p>\n<p>Mientras estudia un m\u00e1ster de ciencias pol\u00edticas, Sara Omar trabaja actualmente en la traducci\u00f3n de su libro en kurdo y en \u00e1rabe, que espera editar ella misma para evitar la censura.<\/p>\n<p><a href=\"https:\/\/www.semana.com\/\">Semana<\/a><\/p>\n<p><a href=\"https:\/\/diariofemenino.com.ar\">Diario Digital Femenino<\/a><\/p>\n","protected":false},"excerpt":{"rendered":"<p>Sara Omar, la escritora que da voz a las mujeres musulmanas \u201cHe quebrado los tab\u00fas al escribir y hablar de cosas que se supone deber\u00edamos callar ya que es demasiado arriesgado hablar de ello. Si no lo hago yo, \u00bfqui\u00e9n lo har\u00e1?\u201d dice Omar. Por: Camille Bas Nacida hace 34 a\u00f1os en el fragor de [&hellip;]<\/p>\n","protected":false},"author":1,"featured_media":55579,"comment_status":"open","ping_status":"open","sticky":false,"template":"","format":"standard","meta":{"iawp_total_views":55,"footnotes":""},"categories":[32,6],"tags":[40,130,4062],"class_list":["post-55575","post","type-post","status-publish","format-standard","has-post-thumbnail","hentry","category-mujeres","category-articulos","tag-literatura","tag-mujeres","tag-sara-omar"],"nelio_content":{"autoShareEndMode":"never","automationSources":{"useCustomSentences":false,"customSentences":[]},"efiAlt":"","efiUrl":"","followers":[],"highlights":[],"isAutoShareEnabled":true,"networkImageIds":[],"permalinkQueryArgs":[],"series":[],"suggestedReferences":[]},"yoast_head":"<!-- This site is optimized with the Yoast SEO plugin v27.5 - https:\/\/yoast.com\/product\/yoast-seo-wordpress\/ -->\n<title>Sara Omar, la escritora que da voz a las mujeres musulmanas - Diario Digital Femenino<\/title>\n<meta name=\"description\" content=\"Sara Omar: La escritoradenuncia en sus libros la violencia infligida a las mujeres en nombre de un islam reaccionario, un \u201csacerdocio\u201d .\" \/>\n<meta name=\"robots\" content=\"index, follow, max-snippet:-1, max-image-preview:large, max-video-preview:-1\" \/>\n<link rel=\"canonical\" href=\"https:\/\/diariofemenino.com.ar\/df\/sara-omar-la-escritora-que-da-voz-a-las-mujeres-musulmanas\/\" \/>\n<meta property=\"og:locale\" content=\"es_ES\" \/>\n<meta property=\"og:type\" content=\"article\" \/>\n<meta property=\"og:title\" content=\"Sara Omar, la escritora que da voz a las mujeres musulmanas - Diario Digital Femenino\" \/>\n<meta property=\"og:description\" content=\"Sara Omar: La escritoradenuncia en sus libros la violencia infligida a las mujeres en nombre de un islam reaccionario, un \u201csacerdocio\u201d .\" \/>\n<meta property=\"og:url\" content=\"https:\/\/diariofemenino.com.ar\/df\/sara-omar-la-escritora-que-da-voz-a-las-mujeres-musulmanas\/\" \/>\n<meta property=\"og:site_name\" content=\"Diario Digital Femenino\" \/>\n<meta property=\"article:publisher\" content=\"https:\/\/www.facebook.com\/DiarioDigitaFemenino\/\" \/>\n<meta property=\"article:published_time\" content=\"2021-01-29T13:13:30+00:00\" \/>\n<meta property=\"og:image\" content=\"https:\/\/diariofemenino.com.ar\/df\/wp-content\/uploads\/2021\/01\/LR3INYXFVJEE7LEM7OTE22TG2E-e1611925880242.jpg\" \/>\n\t<meta property=\"og:image:width\" content=\"957\" \/>\n\t<meta property=\"og:image:height\" content=\"396\" \/>\n\t<meta property=\"og:image:type\" content=\"image\/jpeg\" \/>\n<meta name=\"author\" content=\"Admin\" \/>\n<meta name=\"twitter:card\" content=\"summary_large_image\" \/>\n<meta name=\"twitter:creator\" content=\"@DiarioFemenino1\" \/>\n<meta name=\"twitter:site\" content=\"@DiarioFemenino1\" \/>\n<meta name=\"twitter:label1\" content=\"Escrito por\" \/>\n\t<meta name=\"twitter:data1\" content=\"Admin\" \/>\n\t<meta name=\"twitter:label2\" content=\"Tiempo de lectura\" \/>\n\t<meta name=\"twitter:data2\" content=\"4 minutos\" \/>\n<script type=\"application\/ld+json\" class=\"yoast-schema-graph\">{\"@context\":\"https:\\\/\\\/schema.org\",\"@graph\":[{\"@type\":\"Article\",\"@id\":\"https:\\\/\\\/diariofemenino.com.ar\\\/df\\\/sara-omar-la-escritora-que-da-voz-a-las-mujeres-musulmanas\\\/#article\",\"isPartOf\":{\"@id\":\"https:\\\/\\\/diariofemenino.com.ar\\\/df\\\/sara-omar-la-escritora-que-da-voz-a-las-mujeres-musulmanas\\\/\"},\"author\":{\"name\":\"Admin\",\"@id\":\"https:\\\/\\\/diariofemenino.com.ar\\\/df\\\/#\\\/schema\\\/person\\\/38f54b3bfd13f561de2460ba95c169c6\"},\"headline\":\"Sara Omar, la escritora que da voz a las mujeres musulmanas\",\"datePublished\":\"2021-01-29T13:13:30+00:00\",\"mainEntityOfPage\":{\"@id\":\"https:\\\/\\\/diariofemenino.com.ar\\\/df\\\/sara-omar-la-escritora-que-da-voz-a-las-mujeres-musulmanas\\\/\"},\"wordCount\":794,\"commentCount\":0,\"publisher\":{\"@id\":\"https:\\\/\\\/diariofemenino.com.ar\\\/df\\\/#organization\"},\"image\":{\"@id\":\"https:\\\/\\\/diariofemenino.com.ar\\\/df\\\/sara-omar-la-escritora-que-da-voz-a-las-mujeres-musulmanas\\\/#primaryimage\"},\"thumbnailUrl\":\"https:\\\/\\\/diariofemenino.com.ar\\\/df\\\/wp-content\\\/uploads\\\/2021\\\/01\\\/LR3INYXFVJEE7LEM7OTE22TG2E-e1611925880242.jpg\",\"keywords\":[\"Literatura\",\"Mujeres\",\"Sara Omar\"],\"articleSection\":[\"Mujeres\",\"Mujeres en Palabras\"],\"inLanguage\":\"es\",\"potentialAction\":[{\"@type\":\"CommentAction\",\"name\":\"Comment\",\"target\":[\"https:\\\/\\\/diariofemenino.com.ar\\\/df\\\/sara-omar-la-escritora-que-da-voz-a-las-mujeres-musulmanas\\\/#respond\"]}]},{\"@type\":\"WebPage\",\"@id\":\"https:\\\/\\\/diariofemenino.com.ar\\\/df\\\/sara-omar-la-escritora-que-da-voz-a-las-mujeres-musulmanas\\\/\",\"url\":\"https:\\\/\\\/diariofemenino.com.ar\\\/df\\\/sara-omar-la-escritora-que-da-voz-a-las-mujeres-musulmanas\\\/\",\"name\":\"Sara Omar, la escritora que da voz a las mujeres musulmanas - Diario Digital Femenino\",\"isPartOf\":{\"@id\":\"https:\\\/\\\/diariofemenino.com.ar\\\/df\\\/#website\"},\"primaryImageOfPage\":{\"@id\":\"https:\\\/\\\/diariofemenino.com.ar\\\/df\\\/sara-omar-la-escritora-que-da-voz-a-las-mujeres-musulmanas\\\/#primaryimage\"},\"image\":{\"@id\":\"https:\\\/\\\/diariofemenino.com.ar\\\/df\\\/sara-omar-la-escritora-que-da-voz-a-las-mujeres-musulmanas\\\/#primaryimage\"},\"thumbnailUrl\":\"https:\\\/\\\/diariofemenino.com.ar\\\/df\\\/wp-content\\\/uploads\\\/2021\\\/01\\\/LR3INYXFVJEE7LEM7OTE22TG2E-e1611925880242.jpg\",\"datePublished\":\"2021-01-29T13:13:30+00:00\",\"description\":\"Sara Omar: La escritoradenuncia en sus libros la violencia infligida a las mujeres en nombre de un islam reaccionario, un \u201csacerdocio\u201d .\",\"breadcrumb\":{\"@id\":\"https:\\\/\\\/diariofemenino.com.ar\\\/df\\\/sara-omar-la-escritora-que-da-voz-a-las-mujeres-musulmanas\\\/#breadcrumb\"},\"inLanguage\":\"es\",\"potentialAction\":[{\"@type\":\"ReadAction\",\"target\":[\"https:\\\/\\\/diariofemenino.com.ar\\\/df\\\/sara-omar-la-escritora-que-da-voz-a-las-mujeres-musulmanas\\\/\"]}]},{\"@type\":\"ImageObject\",\"inLanguage\":\"es\",\"@id\":\"https:\\\/\\\/diariofemenino.com.ar\\\/df\\\/sara-omar-la-escritora-que-da-voz-a-las-mujeres-musulmanas\\\/#primaryimage\",\"url\":\"https:\\\/\\\/diariofemenino.com.ar\\\/df\\\/wp-content\\\/uploads\\\/2021\\\/01\\\/LR3INYXFVJEE7LEM7OTE22TG2E-e1611925880242.jpg\",\"contentUrl\":\"https:\\\/\\\/diariofemenino.com.ar\\\/df\\\/wp-content\\\/uploads\\\/2021\\\/01\\\/LR3INYXFVJEE7LEM7OTE22TG2E-e1611925880242.jpg\",\"width\":957,\"height\":396,\"caption\":\"Sara Omar, la escritora que da voz a las mujeres musulmanas\"},{\"@type\":\"BreadcrumbList\",\"@id\":\"https:\\\/\\\/diariofemenino.com.ar\\\/df\\\/sara-omar-la-escritora-que-da-voz-a-las-mujeres-musulmanas\\\/#breadcrumb\",\"itemListElement\":[{\"@type\":\"ListItem\",\"position\":1,\"name\":\"Portada\",\"item\":\"https:\\\/\\\/diariofemenino.com.ar\\\/df\\\/\"},{\"@type\":\"ListItem\",\"position\":2,\"name\":\"Sara Omar, la escritora que da voz a las mujeres musulmanas\"}]},{\"@type\":\"WebSite\",\"@id\":\"https:\\\/\\\/diariofemenino.com.ar\\\/df\\\/#website\",\"url\":\"https:\\\/\\\/diariofemenino.com.ar\\\/df\\\/\",\"name\":\"Diario Digital Femenino\",\"description\":\"Cuesti\u00f3n de G\u00e9nero\",\"publisher\":{\"@id\":\"https:\\\/\\\/diariofemenino.com.ar\\\/df\\\/#organization\"},\"potentialAction\":[{\"@type\":\"SearchAction\",\"target\":{\"@type\":\"EntryPoint\",\"urlTemplate\":\"https:\\\/\\\/diariofemenino.com.ar\\\/df\\\/?s={search_term_string}\"},\"query-input\":{\"@type\":\"PropertyValueSpecification\",\"valueRequired\":true,\"valueName\":\"search_term_string\"}}],\"inLanguage\":\"es\"},{\"@type\":\"Organization\",\"@id\":\"https:\\\/\\\/diariofemenino.com.ar\\\/df\\\/#organization\",\"name\":\"Diario Femenino\",\"url\":\"https:\\\/\\\/diariofemenino.com.ar\\\/df\\\/\",\"logo\":{\"@type\":\"ImageObject\",\"inLanguage\":\"es\",\"@id\":\"https:\\\/\\\/diariofemenino.com.ar\\\/df\\\/#\\\/schema\\\/logo\\\/image\\\/\",\"url\":\"https:\\\/\\\/diariofemenino.com.ar\\\/df\\\/wp-content\\\/uploads\\\/2018\\\/10\\\/logo.png\",\"contentUrl\":\"https:\\\/\\\/diariofemenino.com.ar\\\/df\\\/wp-content\\\/uploads\\\/2018\\\/10\\\/logo.png\",\"width\":500,\"height\":92,\"caption\":\"Diario Femenino\"},\"image\":{\"@id\":\"https:\\\/\\\/diariofemenino.com.ar\\\/df\\\/#\\\/schema\\\/logo\\\/image\\\/\"},\"sameAs\":[\"https:\\\/\\\/www.facebook.com\\\/DiarioDigitaFemenino\\\/\",\"https:\\\/\\\/x.com\\\/DiarioFemenino1\"]},{\"@type\":\"Person\",\"@id\":\"https:\\\/\\\/diariofemenino.com.ar\\\/df\\\/#\\\/schema\\\/person\\\/38f54b3bfd13f561de2460ba95c169c6\",\"name\":\"Admin\",\"image\":{\"@type\":\"ImageObject\",\"inLanguage\":\"es\",\"@id\":\"https:\\\/\\\/diariofemenino.com.ar\\\/df\\\/wp-content\\\/uploads\\\/2018\\\/12\\\/favicon-150x150.jpg\",\"url\":\"https:\\\/\\\/diariofemenino.com.ar\\\/df\\\/wp-content\\\/uploads\\\/2018\\\/12\\\/favicon-150x150.jpg\",\"contentUrl\":\"https:\\\/\\\/diariofemenino.com.ar\\\/df\\\/wp-content\\\/uploads\\\/2018\\\/12\\\/favicon-150x150.jpg\",\"caption\":\"Admin\"},\"url\":\"https:\\\/\\\/diariofemenino.com.ar\\\/df\\\/author\\\/adm18df\\\/\"}]}<\/script>\n<!-- \/ Yoast SEO plugin. -->","yoast_head_json":{"title":"Sara Omar, la escritora que da voz a las mujeres musulmanas - Diario Digital Femenino","description":"Sara Omar: La escritoradenuncia en sus libros la violencia infligida a las mujeres en nombre de un islam reaccionario, un \u201csacerdocio\u201d .","robots":{"index":"index","follow":"follow","max-snippet":"max-snippet:-1","max-image-preview":"max-image-preview:large","max-video-preview":"max-video-preview:-1"},"canonical":"https:\/\/diariofemenino.com.ar\/df\/sara-omar-la-escritora-que-da-voz-a-las-mujeres-musulmanas\/","og_locale":"es_ES","og_type":"article","og_title":"Sara Omar, la escritora que da voz a las mujeres musulmanas - Diario Digital Femenino","og_description":"Sara Omar: La escritoradenuncia en sus libros la violencia infligida a las mujeres en nombre de un islam reaccionario, un \u201csacerdocio\u201d .","og_url":"https:\/\/diariofemenino.com.ar\/df\/sara-omar-la-escritora-que-da-voz-a-las-mujeres-musulmanas\/","og_site_name":"Diario Digital Femenino","article_publisher":"https:\/\/www.facebook.com\/DiarioDigitaFemenino\/","article_published_time":"2021-01-29T13:13:30+00:00","og_image":[{"width":957,"height":396,"url":"https:\/\/diariofemenino.com.ar\/df\/wp-content\/uploads\/2021\/01\/LR3INYXFVJEE7LEM7OTE22TG2E-e1611925880242.jpg","type":"image\/jpeg"}],"author":"Admin","twitter_card":"summary_large_image","twitter_creator":"@DiarioFemenino1","twitter_site":"@DiarioFemenino1","twitter_misc":{"Escrito por":"Admin","Tiempo de lectura":"4 minutos"},"schema":{"@context":"https:\/\/schema.org","@graph":[{"@type":"Article","@id":"https:\/\/diariofemenino.com.ar\/df\/sara-omar-la-escritora-que-da-voz-a-las-mujeres-musulmanas\/#article","isPartOf":{"@id":"https:\/\/diariofemenino.com.ar\/df\/sara-omar-la-escritora-que-da-voz-a-las-mujeres-musulmanas\/"},"author":{"name":"Admin","@id":"https:\/\/diariofemenino.com.ar\/df\/#\/schema\/person\/38f54b3bfd13f561de2460ba95c169c6"},"headline":"Sara Omar, la escritora que da voz a las mujeres musulmanas","datePublished":"2021-01-29T13:13:30+00:00","mainEntityOfPage":{"@id":"https:\/\/diariofemenino.com.ar\/df\/sara-omar-la-escritora-que-da-voz-a-las-mujeres-musulmanas\/"},"wordCount":794,"commentCount":0,"publisher":{"@id":"https:\/\/diariofemenino.com.ar\/df\/#organization"},"image":{"@id":"https:\/\/diariofemenino.com.ar\/df\/sara-omar-la-escritora-que-da-voz-a-las-mujeres-musulmanas\/#primaryimage"},"thumbnailUrl":"https:\/\/diariofemenino.com.ar\/df\/wp-content\/uploads\/2021\/01\/LR3INYXFVJEE7LEM7OTE22TG2E-e1611925880242.jpg","keywords":["Literatura","Mujeres","Sara Omar"],"articleSection":["Mujeres","Mujeres en Palabras"],"inLanguage":"es","potentialAction":[{"@type":"CommentAction","name":"Comment","target":["https:\/\/diariofemenino.com.ar\/df\/sara-omar-la-escritora-que-da-voz-a-las-mujeres-musulmanas\/#respond"]}]},{"@type":"WebPage","@id":"https:\/\/diariofemenino.com.ar\/df\/sara-omar-la-escritora-que-da-voz-a-las-mujeres-musulmanas\/","url":"https:\/\/diariofemenino.com.ar\/df\/sara-omar-la-escritora-que-da-voz-a-las-mujeres-musulmanas\/","name":"Sara Omar, la escritora que da voz a las mujeres musulmanas - Diario Digital Femenino","isPartOf":{"@id":"https:\/\/diariofemenino.com.ar\/df\/#website"},"primaryImageOfPage":{"@id":"https:\/\/diariofemenino.com.ar\/df\/sara-omar-la-escritora-que-da-voz-a-las-mujeres-musulmanas\/#primaryimage"},"image":{"@id":"https:\/\/diariofemenino.com.ar\/df\/sara-omar-la-escritora-que-da-voz-a-las-mujeres-musulmanas\/#primaryimage"},"thumbnailUrl":"https:\/\/diariofemenino.com.ar\/df\/wp-content\/uploads\/2021\/01\/LR3INYXFVJEE7LEM7OTE22TG2E-e1611925880242.jpg","datePublished":"2021-01-29T13:13:30+00:00","description":"Sara Omar: La escritoradenuncia en sus libros la violencia infligida a las mujeres en nombre de un islam reaccionario, un \u201csacerdocio\u201d .","breadcrumb":{"@id":"https:\/\/diariofemenino.com.ar\/df\/sara-omar-la-escritora-que-da-voz-a-las-mujeres-musulmanas\/#breadcrumb"},"inLanguage":"es","potentialAction":[{"@type":"ReadAction","target":["https:\/\/diariofemenino.com.ar\/df\/sara-omar-la-escritora-que-da-voz-a-las-mujeres-musulmanas\/"]}]},{"@type":"ImageObject","inLanguage":"es","@id":"https:\/\/diariofemenino.com.ar\/df\/sara-omar-la-escritora-que-da-voz-a-las-mujeres-musulmanas\/#primaryimage","url":"https:\/\/diariofemenino.com.ar\/df\/wp-content\/uploads\/2021\/01\/LR3INYXFVJEE7LEM7OTE22TG2E-e1611925880242.jpg","contentUrl":"https:\/\/diariofemenino.com.ar\/df\/wp-content\/uploads\/2021\/01\/LR3INYXFVJEE7LEM7OTE22TG2E-e1611925880242.jpg","width":957,"height":396,"caption":"Sara Omar, la escritora que da voz a las mujeres musulmanas"},{"@type":"BreadcrumbList","@id":"https:\/\/diariofemenino.com.ar\/df\/sara-omar-la-escritora-que-da-voz-a-las-mujeres-musulmanas\/#breadcrumb","itemListElement":[{"@type":"ListItem","position":1,"name":"Portada","item":"https:\/\/diariofemenino.com.ar\/df\/"},{"@type":"ListItem","position":2,"name":"Sara Omar, la escritora que da voz a las mujeres musulmanas"}]},{"@type":"WebSite","@id":"https:\/\/diariofemenino.com.ar\/df\/#website","url":"https:\/\/diariofemenino.com.ar\/df\/","name":"Diario Digital Femenino","description":"Cuesti\u00f3n de G\u00e9nero","publisher":{"@id":"https:\/\/diariofemenino.com.ar\/df\/#organization"},"potentialAction":[{"@type":"SearchAction","target":{"@type":"EntryPoint","urlTemplate":"https:\/\/diariofemenino.com.ar\/df\/?s={search_term_string}"},"query-input":{"@type":"PropertyValueSpecification","valueRequired":true,"valueName":"search_term_string"}}],"inLanguage":"es"},{"@type":"Organization","@id":"https:\/\/diariofemenino.com.ar\/df\/#organization","name":"Diario Femenino","url":"https:\/\/diariofemenino.com.ar\/df\/","logo":{"@type":"ImageObject","inLanguage":"es","@id":"https:\/\/diariofemenino.com.ar\/df\/#\/schema\/logo\/image\/","url":"https:\/\/diariofemenino.com.ar\/df\/wp-content\/uploads\/2018\/10\/logo.png","contentUrl":"https:\/\/diariofemenino.com.ar\/df\/wp-content\/uploads\/2018\/10\/logo.png","width":500,"height":92,"caption":"Diario Femenino"},"image":{"@id":"https:\/\/diariofemenino.com.ar\/df\/#\/schema\/logo\/image\/"},"sameAs":["https:\/\/www.facebook.com\/DiarioDigitaFemenino\/","https:\/\/x.com\/DiarioFemenino1"]},{"@type":"Person","@id":"https:\/\/diariofemenino.com.ar\/df\/#\/schema\/person\/38f54b3bfd13f561de2460ba95c169c6","name":"Admin","image":{"@type":"ImageObject","inLanguage":"es","@id":"https:\/\/diariofemenino.com.ar\/df\/wp-content\/uploads\/2018\/12\/favicon-150x150.jpg","url":"https:\/\/diariofemenino.com.ar\/df\/wp-content\/uploads\/2018\/12\/favicon-150x150.jpg","contentUrl":"https:\/\/diariofemenino.com.ar\/df\/wp-content\/uploads\/2018\/12\/favicon-150x150.jpg","caption":"Admin"},"url":"https:\/\/diariofemenino.com.ar\/df\/author\/adm18df\/"}]}},"jetpack_featured_media_url":"https:\/\/diariofemenino.com.ar\/df\/wp-content\/uploads\/2021\/01\/LR3INYXFVJEE7LEM7OTE22TG2E-e1611925880242.jpg","jetpack_sharing_enabled":true,"rttpg_featured_image_url":{"full":["https:\/\/diariofemenino.com.ar\/df\/wp-content\/uploads\/2021\/01\/LR3INYXFVJEE7LEM7OTE22TG2E-e1611925880242.jpg",957,396,false],"landscape":["https:\/\/diariofemenino.com.ar\/df\/wp-content\/uploads\/2021\/01\/LR3INYXFVJEE7LEM7OTE22TG2E-e1611925880242.jpg",957,396,false],"portraits":["https:\/\/diariofemenino.com.ar\/df\/wp-content\/uploads\/2021\/01\/LR3INYXFVJEE7LEM7OTE22TG2E-e1611925880242.jpg",957,396,false],"thumbnail":["https:\/\/diariofemenino.com.ar\/df\/wp-content\/uploads\/2021\/01\/LR3INYXFVJEE7LEM7OTE22TG2E-e1611925880242-150x150.jpg",150,150,true],"medium":["https:\/\/diariofemenino.com.ar\/df\/wp-content\/uploads\/2021\/01\/LR3INYXFVJEE7LEM7OTE22TG2E-e1611925880242-300x124.jpg",300,124,true],"large":["https:\/\/diariofemenino.com.ar\/df\/wp-content\/uploads\/2021\/01\/LR3INYXFVJEE7LEM7OTE22TG2E-e1611925880242.jpg",957,396,false],"1536x1536":["https:\/\/diariofemenino.com.ar\/df\/wp-content\/uploads\/2021\/01\/LR3INYXFVJEE7LEM7OTE22TG2E-e1611925880242.jpg",957,396,false],"2048x2048":["https:\/\/diariofemenino.com.ar\/df\/wp-content\/uploads\/2021\/01\/LR3INYXFVJEE7LEM7OTE22TG2E-e1611925880242.jpg",957,396,false]},"rttpg_author":{"display_name":"Admin","author_link":"https:\/\/diariofemenino.com.ar\/df\/author\/adm18df\/"},"rttpg_comment":0,"rttpg_category":"<a href=\"https:\/\/diariofemenino.com.ar\/df\/category\/mujeres\/\" rel=\"category tag\">Mujeres<\/a> <a href=\"https:\/\/diariofemenino.com.ar\/df\/category\/articulos\/\" rel=\"category tag\">Mujeres en Palabras<\/a>","rttpg_excerpt":"Sara Omar, la escritora que da voz a las mujeres musulmanas \u201cHe quebrado los tab\u00fas al escribir y hablar de cosas que se supone deber\u00edamos callar ya que es demasiado arriesgado hablar de ello. Si no lo hago yo, \u00bfqui\u00e9n lo har\u00e1?\u201d dice Omar. Por: Camille Bas Nacida hace 34 a\u00f1os en el fragor de&hellip;","_links":{"self":[{"href":"https:\/\/diariofemenino.com.ar\/df\/wp-json\/wp\/v2\/posts\/55575","targetHints":{"allow":["GET"]}}],"collection":[{"href":"https:\/\/diariofemenino.com.ar\/df\/wp-json\/wp\/v2\/posts"}],"about":[{"href":"https:\/\/diariofemenino.com.ar\/df\/wp-json\/wp\/v2\/types\/post"}],"author":[{"embeddable":true,"href":"https:\/\/diariofemenino.com.ar\/df\/wp-json\/wp\/v2\/users\/1"}],"replies":[{"embeddable":true,"href":"https:\/\/diariofemenino.com.ar\/df\/wp-json\/wp\/v2\/comments?post=55575"}],"version-history":[{"count":0,"href":"https:\/\/diariofemenino.com.ar\/df\/wp-json\/wp\/v2\/posts\/55575\/revisions"}],"wp:featuredmedia":[{"embeddable":true,"href":"https:\/\/diariofemenino.com.ar\/df\/wp-json\/wp\/v2\/media\/55579"}],"wp:attachment":[{"href":"https:\/\/diariofemenino.com.ar\/df\/wp-json\/wp\/v2\/media?parent=55575"}],"wp:term":[{"taxonomy":"category","embeddable":true,"href":"https:\/\/diariofemenino.com.ar\/df\/wp-json\/wp\/v2\/categories?post=55575"},{"taxonomy":"post_tag","embeddable":true,"href":"https:\/\/diariofemenino.com.ar\/df\/wp-json\/wp\/v2\/tags?post=55575"}],"curies":[{"name":"wp","href":"https:\/\/api.w.org\/{rel}","templated":true}]}}