{"id":5553,"date":"2013-02-17T20:29:55","date_gmt":"2013-02-17T23:29:55","guid":{"rendered":"http:\/\/www.diariofemenino.com.ar\/?p=5553"},"modified":"2013-02-17T20:29:55","modified_gmt":"2013-02-17T23:29:55","slug":"femicio-la-mato-cuando-lo-visitaba-en-la-unidad-penitenciaria","status":"publish","type":"post","link":"https:\/\/diariofemenino.com.ar\/df\/femicio-la-mato-cuando-lo-visitaba-en-la-unidad-penitenciaria\/","title":{"rendered":"Femicidio: La mat\u00f3 cuando lo visitaba en la Unidad Penitenciaria"},"content":{"rendered":"<p>&nbsp;<br \/>\n&nbsp;<br \/>\n&nbsp;<br \/>\n<strong>\u00a0Yessica Beatriz Ocampo,\u00a0quien muri\u00f3 v\u00edctima de femicidio en la Unidad Penal 2 de Gualeguaych\u00fa,\u00a0 no habr\u00eda fallecido\u00a0 por estrangulamiento, sino por los golpes que recibi\u00f3 en la cabeza, inform\u00f3 la polic\u00eda.<\/strong><br \/>\nEl martes 12 a las 16:30 se encontr\u00f3 el cuerpo sin vida de Yessica Beatriz Ocampo (23 a\u00f1os) en el \u201cdepartamento\u201d que la Unidad Penal 2 \u201cFrancisco Ram\u00edrez\u201d de Gualeguaych\u00fa destina para desarrollar el programa de Unidad Familiar.<br \/>\nLa v\u00edctima ingres\u00f3 a esa dependencia para visitar a su pareja, Marcelo Schiaffino, quien purga\u00a0 una condena de 13 a\u00f1os por delitos graves por incitaci\u00f3n a la prostituci\u00f3n y privaci\u00f3n ileg\u00edtima de la libertad de una menor de edad.<br \/>\nEn esa escena tambi\u00e9n se encontraba la hija de la v\u00edctima \u2013que no lleva el apellido Schiaffino- de un a\u00f1o y medio de edad. La beb\u00e9 no present\u00f3 signos de violencia f\u00edsica, aunque no estaba aseada de manera correcta.<br \/>\nEn primera instancia se crey\u00f3 \u2013por las marcas en el cuerpo- que la mujer hab\u00eda sido estrangulada, pero el informe que ayer los m\u00e9dicos forenses elevaron al fiscal Lisandro Beher\u00e1n, indicar\u00eda que habr\u00eda muerto como consecuencia de los brutales golpes, aunque presenta lesiones en la zona del cuello, pero no estrangulamiento.<br \/>\nEl cuerpo de Ocampo se encontr\u00f3 el martes a las 16:30, luego que el propio Schiaffino lo comunicara a los agentes del Servicio Penitenciario. El informe forense ubica entre las 8:30 y las 12 de ese martes como el horario donde se produjo el fatal desenlace.<br \/>\nEl mismo martes el fiscal imput\u00f3 a Schiaffino la responsabilidad del hecho y hab\u00eda previsto tomarle declaraci\u00f3n indagatoria el mi\u00e9rcoles a las 18.<br \/>\nLos familiares de la v\u00edctima realizaron ese mismo d\u00eda una encendida protesta frente a la Unidad Penal para reclamar b\u00e1sicamente dos cosas: que le entreguen el cuerpo de Yessica Beatriz e informaci\u00f3n sobre lo que estaba ocurriendo en la causa.<br \/>\nUna r\u00e1pida intervenci\u00f3n del jefe de la Departamental de Polic\u00eda, Jorge L\u00e1zzari, calm\u00f3 los \u00e1nimos al lograr que se agilizara la entrega del cuerpo y que el fiscal recibiera a ocho familiares de la v\u00edctima.<br \/>\nPor otra parte, Schiaffino fue trasladado de la UP 2 a la Unidad Penal 8 de Federal por razones de seguridad, seg\u00fan se explic\u00f3 desde el Servicio Penitenciario, lo que impidi\u00f3 al fiscal tomarle declaraci\u00f3n; acto procesal que se materializar\u00e1 en las pr\u00f3ximas jornadas.<br \/>\nOtra derivaci\u00f3n que tuvo el hecho fue el inmediato reemplazo del jefe de la Unidad Penal, Juan Santiago Garc\u00eda y en su lugar asumi\u00f3 el segundo al mando, Alejandro Ezpeleta.<br \/>\nEste homicidio es la primera experiencia que se tiene desde que el 5 de febrero se inici\u00f3 la reforma del C\u00f3digo Procesal Penal en la jurisdicci\u00f3n Gualeguaych\u00fa. Para el fiscal este asesinato tiene m\u00e1s conmoci\u00f3n que complejidad, teniendo en cuenta las particularidades porque ocurri\u00f3 dentro de una dependencia Penitenciaria y no en la v\u00eda p\u00fablica.<br \/>\nSimult\u00e1neamente, la comunidad tambi\u00e9n se ha escandalizado por los \u201cbeneficios\u201d que gozan los internos y cuesta entender que se trata de derechos que est\u00e1n normados en la legislaci\u00f3n y tratados internacionales que tienen rango Constitucional. \u201cPor eso tiene m\u00e1s conmoci\u00f3n que complejidad, porque a prima facie se trata de un hecho que lo habr\u00eda cometido un interno que est\u00e1 condenado por otros delitos\u201d, contextualiz\u00f3 el fiscal.<br \/>\nBeher\u00e1n admiti\u00f3 que no conoce todos los espacios de la Unidad Penal y que puntualmente el cuarto donde se habr\u00eda producido la muerte de Ocampo lo conoci\u00f3 el mismo d\u00eda que se encontr\u00f3 el cuerpo. \u201cA ese lugar nunca hab\u00eda accedido porque es privado, tanto para proteger la intimidad del interno como del civil que va a esa visita\u201d, indic\u00f3.<br \/>\n&nbsp;<br \/>\n&nbsp;<br \/>\n&nbsp;<br \/>\nFuente:<\/p>\n","protected":false},"excerpt":{"rendered":"<p>&nbsp; &nbsp; &nbsp; \u00a0Yessica Beatriz Ocampo,\u00a0quien muri\u00f3 v\u00edctima de femicidio en la Unidad Penal 2 de Gualeguaych\u00fa,\u00a0 no habr\u00eda fallecido\u00a0 por estrangulamiento, sino por los golpes que recibi\u00f3 en la cabeza, inform\u00f3 la polic\u00eda. El martes 12 a las 16:30 se encontr\u00f3 el cuerpo sin vida de Yessica Beatriz Ocampo (23 a\u00f1os) en el \u201cdepartamento\u201d [&hellip;]<\/p>\n","protected":false},"author":1,"featured_media":0,"comment_status":"open","ping_status":"open","sticky":false,"template":"","format":"standard","meta":{"iawp_total_views":1,"footnotes":""},"categories":[5,4,13],"tags":[],"class_list":["post-5553","post","type-post","status-publish","format-standard","hentry","category-historias-de-vida","category-medios","category-mujeres-sindicalistas"],"nelio_content":{"autoShareEndMode":"never","automationSources":{"useCustomSentences":false,"customSentences":[]},"efiAlt":"","efiUrl":"","followers":[],"highlights":[],"isAutoShareEnabled":true,"networkImageIds":[],"permalinkQueryArgs":[],"series":[],"suggestedReferences":[]},"yoast_head":"<!-- This site is optimized with the Yoast SEO plugin v27.4 - https:\/\/yoast.com\/product\/yoast-seo-wordpress\/ -->\n<title>Femicidio: La mat\u00f3 cuando lo visitaba en la Unidad Penitenciaria - Diario Digital Femenino<\/title>\n<meta name=\"robots\" content=\"index, follow, max-snippet:-1, max-image-preview:large, max-video-preview:-1\" \/>\n<link rel=\"canonical\" href=\"https:\/\/diariofemenino.com.ar\/df\/femicio-la-mato-cuando-lo-visitaba-en-la-unidad-penitenciaria\/\" \/>\n<meta property=\"og:locale\" content=\"es_ES\" \/>\n<meta property=\"og:type\" content=\"article\" \/>\n<meta property=\"og:title\" content=\"Femicidio: La mat\u00f3 cuando lo visitaba en la Unidad Penitenciaria - Diario Digital Femenino\" \/>\n<meta property=\"og:description\" content=\"&nbsp; &nbsp; &nbsp; \u00a0Yessica Beatriz Ocampo,\u00a0quien muri\u00f3 v\u00edctima de femicidio en la Unidad Penal 2 de Gualeguaych\u00fa,\u00a0 no habr\u00eda fallecido\u00a0 por estrangulamiento, sino por los golpes que recibi\u00f3 en la cabeza, inform\u00f3 la polic\u00eda. El martes 12 a las 16:30 se encontr\u00f3 el cuerpo sin vida de Yessica Beatriz Ocampo (23 a\u00f1os) en el \u201cdepartamento\u201d [&hellip;]\" \/>\n<meta property=\"og:url\" content=\"https:\/\/diariofemenino.com.ar\/df\/femicio-la-mato-cuando-lo-visitaba-en-la-unidad-penitenciaria\/\" \/>\n<meta property=\"og:site_name\" content=\"Diario Digital Femenino\" \/>\n<meta property=\"article:publisher\" content=\"https:\/\/www.facebook.com\/DiarioDigitaFemenino\/\" \/>\n<meta property=\"article:published_time\" content=\"2013-02-17T23:29:55+00:00\" \/>\n<meta property=\"og:image\" content=\"https:\/\/diariofemenino.com.ar\/df\/wp-content\/uploads\/2016\/10\/logo-negro.png\" \/>\n\t<meta property=\"og:image:width\" content=\"855\" \/>\n\t<meta property=\"og:image:height\" content=\"319\" \/>\n\t<meta property=\"og:image:type\" content=\"image\/png\" \/>\n<meta name=\"author\" content=\"Admin\" \/>\n<meta name=\"twitter:card\" content=\"summary_large_image\" \/>\n<meta name=\"twitter:creator\" content=\"@DiarioFemenino1\" \/>\n<meta name=\"twitter:site\" content=\"@DiarioFemenino1\" \/>\n<meta name=\"twitter:label1\" content=\"Escrito por\" \/>\n\t<meta name=\"twitter:data1\" content=\"Admin\" \/>\n\t<meta name=\"twitter:label2\" content=\"Tiempo de lectura\" \/>\n\t<meta name=\"twitter:data2\" content=\"3 minutos\" \/>\n<script type=\"application\/ld+json\" class=\"yoast-schema-graph\">{\"@context\":\"https:\\\/\\\/schema.org\",\"@graph\":[{\"@type\":\"Article\",\"@id\":\"https:\\\/\\\/diariofemenino.com.ar\\\/df\\\/femicio-la-mato-cuando-lo-visitaba-en-la-unidad-penitenciaria\\\/#article\",\"isPartOf\":{\"@id\":\"https:\\\/\\\/diariofemenino.com.ar\\\/df\\\/femicio-la-mato-cuando-lo-visitaba-en-la-unidad-penitenciaria\\\/\"},\"author\":{\"name\":\"Admin\",\"@id\":\"https:\\\/\\\/diariofemenino.com.ar\\\/df\\\/#\\\/schema\\\/person\\\/38f54b3bfd13f561de2460ba95c169c6\"},\"headline\":\"Femicidio: La mat\u00f3 cuando lo visitaba en la Unidad Penitenciaria\",\"datePublished\":\"2013-02-17T23:29:55+00:00\",\"mainEntityOfPage\":{\"@id\":\"https:\\\/\\\/diariofemenino.com.ar\\\/df\\\/femicio-la-mato-cuando-lo-visitaba-en-la-unidad-penitenciaria\\\/\"},\"wordCount\":656,\"commentCount\":0,\"publisher\":{\"@id\":\"https:\\\/\\\/diariofemenino.com.ar\\\/df\\\/#organization\"},\"articleSection\":[\"Historias de vida\",\"Medios\",\"Mujeres Sindicalistas\"],\"inLanguage\":\"es\",\"potentialAction\":[{\"@type\":\"CommentAction\",\"name\":\"Comment\",\"target\":[\"https:\\\/\\\/diariofemenino.com.ar\\\/df\\\/femicio-la-mato-cuando-lo-visitaba-en-la-unidad-penitenciaria\\\/#respond\"]}]},{\"@type\":\"WebPage\",\"@id\":\"https:\\\/\\\/diariofemenino.com.ar\\\/df\\\/femicio-la-mato-cuando-lo-visitaba-en-la-unidad-penitenciaria\\\/\",\"url\":\"https:\\\/\\\/diariofemenino.com.ar\\\/df\\\/femicio-la-mato-cuando-lo-visitaba-en-la-unidad-penitenciaria\\\/\",\"name\":\"Femicidio: La mat\u00f3 cuando lo visitaba en la Unidad Penitenciaria - Diario Digital Femenino\",\"isPartOf\":{\"@id\":\"https:\\\/\\\/diariofemenino.com.ar\\\/df\\\/#website\"},\"datePublished\":\"2013-02-17T23:29:55+00:00\",\"breadcrumb\":{\"@id\":\"https:\\\/\\\/diariofemenino.com.ar\\\/df\\\/femicio-la-mato-cuando-lo-visitaba-en-la-unidad-penitenciaria\\\/#breadcrumb\"},\"inLanguage\":\"es\",\"potentialAction\":[{\"@type\":\"ReadAction\",\"target\":[\"https:\\\/\\\/diariofemenino.com.ar\\\/df\\\/femicio-la-mato-cuando-lo-visitaba-en-la-unidad-penitenciaria\\\/\"]}]},{\"@type\":\"BreadcrumbList\",\"@id\":\"https:\\\/\\\/diariofemenino.com.ar\\\/df\\\/femicio-la-mato-cuando-lo-visitaba-en-la-unidad-penitenciaria\\\/#breadcrumb\",\"itemListElement\":[{\"@type\":\"ListItem\",\"position\":1,\"name\":\"Portada\",\"item\":\"https:\\\/\\\/diariofemenino.com.ar\\\/df\\\/\"},{\"@type\":\"ListItem\",\"position\":2,\"name\":\"Femicidio: La mat\u00f3 cuando lo visitaba en la Unidad Penitenciaria\"}]},{\"@type\":\"WebSite\",\"@id\":\"https:\\\/\\\/diariofemenino.com.ar\\\/df\\\/#website\",\"url\":\"https:\\\/\\\/diariofemenino.com.ar\\\/df\\\/\",\"name\":\"Diario Digital Femenino\",\"description\":\"Cuesti\u00f3n de G\u00e9nero\",\"publisher\":{\"@id\":\"https:\\\/\\\/diariofemenino.com.ar\\\/df\\\/#organization\"},\"potentialAction\":[{\"@type\":\"SearchAction\",\"target\":{\"@type\":\"EntryPoint\",\"urlTemplate\":\"https:\\\/\\\/diariofemenino.com.ar\\\/df\\\/?s={search_term_string}\"},\"query-input\":{\"@type\":\"PropertyValueSpecification\",\"valueRequired\":true,\"valueName\":\"search_term_string\"}}],\"inLanguage\":\"es\"},{\"@type\":\"Organization\",\"@id\":\"https:\\\/\\\/diariofemenino.com.ar\\\/df\\\/#organization\",\"name\":\"Diario Femenino\",\"url\":\"https:\\\/\\\/diariofemenino.com.ar\\\/df\\\/\",\"logo\":{\"@type\":\"ImageObject\",\"inLanguage\":\"es\",\"@id\":\"https:\\\/\\\/diariofemenino.com.ar\\\/df\\\/#\\\/schema\\\/logo\\\/image\\\/\",\"url\":\"https:\\\/\\\/diariofemenino.com.ar\\\/df\\\/wp-content\\\/uploads\\\/2018\\\/10\\\/logo.png\",\"contentUrl\":\"https:\\\/\\\/diariofemenino.com.ar\\\/df\\\/wp-content\\\/uploads\\\/2018\\\/10\\\/logo.png\",\"width\":500,\"height\":92,\"caption\":\"Diario Femenino\"},\"image\":{\"@id\":\"https:\\\/\\\/diariofemenino.com.ar\\\/df\\\/#\\\/schema\\\/logo\\\/image\\\/\"},\"sameAs\":[\"https:\\\/\\\/www.facebook.com\\\/DiarioDigitaFemenino\\\/\",\"https:\\\/\\\/x.com\\\/DiarioFemenino1\"]},{\"@type\":\"Person\",\"@id\":\"https:\\\/\\\/diariofemenino.com.ar\\\/df\\\/#\\\/schema\\\/person\\\/38f54b3bfd13f561de2460ba95c169c6\",\"name\":\"Admin\",\"image\":{\"@type\":\"ImageObject\",\"inLanguage\":\"es\",\"@id\":\"https:\\\/\\\/diariofemenino.com.ar\\\/df\\\/wp-content\\\/uploads\\\/2018\\\/12\\\/favicon-150x150.jpg\",\"url\":\"https:\\\/\\\/diariofemenino.com.ar\\\/df\\\/wp-content\\\/uploads\\\/2018\\\/12\\\/favicon-150x150.jpg\",\"contentUrl\":\"https:\\\/\\\/diariofemenino.com.ar\\\/df\\\/wp-content\\\/uploads\\\/2018\\\/12\\\/favicon-150x150.jpg\",\"caption\":\"Admin\"},\"url\":\"https:\\\/\\\/diariofemenino.com.ar\\\/df\\\/author\\\/adm18df\\\/\"}]}<\/script>\n<!-- \/ Yoast SEO plugin. -->","yoast_head_json":{"title":"Femicidio: La mat\u00f3 cuando lo visitaba en la Unidad Penitenciaria - Diario Digital Femenino","robots":{"index":"index","follow":"follow","max-snippet":"max-snippet:-1","max-image-preview":"max-image-preview:large","max-video-preview":"max-video-preview:-1"},"canonical":"https:\/\/diariofemenino.com.ar\/df\/femicio-la-mato-cuando-lo-visitaba-en-la-unidad-penitenciaria\/","og_locale":"es_ES","og_type":"article","og_title":"Femicidio: La mat\u00f3 cuando lo visitaba en la Unidad Penitenciaria - Diario Digital Femenino","og_description":"&nbsp; &nbsp; &nbsp; \u00a0Yessica Beatriz Ocampo,\u00a0quien muri\u00f3 v\u00edctima de femicidio en la Unidad Penal 2 de Gualeguaych\u00fa,\u00a0 no habr\u00eda fallecido\u00a0 por estrangulamiento, sino por los golpes que recibi\u00f3 en la cabeza, inform\u00f3 la polic\u00eda. El martes 12 a las 16:30 se encontr\u00f3 el cuerpo sin vida de Yessica Beatriz Ocampo (23 a\u00f1os) en el \u201cdepartamento\u201d [&hellip;]","og_url":"https:\/\/diariofemenino.com.ar\/df\/femicio-la-mato-cuando-lo-visitaba-en-la-unidad-penitenciaria\/","og_site_name":"Diario Digital Femenino","article_publisher":"https:\/\/www.facebook.com\/DiarioDigitaFemenino\/","article_published_time":"2013-02-17T23:29:55+00:00","og_image":[{"width":855,"height":319,"url":"https:\/\/diariofemenino.com.ar\/df\/wp-content\/uploads\/2016\/10\/logo-negro.png","type":"image\/png"}],"author":"Admin","twitter_card":"summary_large_image","twitter_creator":"@DiarioFemenino1","twitter_site":"@DiarioFemenino1","twitter_misc":{"Escrito por":"Admin","Tiempo de lectura":"3 minutos"},"schema":{"@context":"https:\/\/schema.org","@graph":[{"@type":"Article","@id":"https:\/\/diariofemenino.com.ar\/df\/femicio-la-mato-cuando-lo-visitaba-en-la-unidad-penitenciaria\/#article","isPartOf":{"@id":"https:\/\/diariofemenino.com.ar\/df\/femicio-la-mato-cuando-lo-visitaba-en-la-unidad-penitenciaria\/"},"author":{"name":"Admin","@id":"https:\/\/diariofemenino.com.ar\/df\/#\/schema\/person\/38f54b3bfd13f561de2460ba95c169c6"},"headline":"Femicidio: La mat\u00f3 cuando lo visitaba en la Unidad Penitenciaria","datePublished":"2013-02-17T23:29:55+00:00","mainEntityOfPage":{"@id":"https:\/\/diariofemenino.com.ar\/df\/femicio-la-mato-cuando-lo-visitaba-en-la-unidad-penitenciaria\/"},"wordCount":656,"commentCount":0,"publisher":{"@id":"https:\/\/diariofemenino.com.ar\/df\/#organization"},"articleSection":["Historias de vida","Medios","Mujeres Sindicalistas"],"inLanguage":"es","potentialAction":[{"@type":"CommentAction","name":"Comment","target":["https:\/\/diariofemenino.com.ar\/df\/femicio-la-mato-cuando-lo-visitaba-en-la-unidad-penitenciaria\/#respond"]}]},{"@type":"WebPage","@id":"https:\/\/diariofemenino.com.ar\/df\/femicio-la-mato-cuando-lo-visitaba-en-la-unidad-penitenciaria\/","url":"https:\/\/diariofemenino.com.ar\/df\/femicio-la-mato-cuando-lo-visitaba-en-la-unidad-penitenciaria\/","name":"Femicidio: La mat\u00f3 cuando lo visitaba en la Unidad Penitenciaria - Diario Digital Femenino","isPartOf":{"@id":"https:\/\/diariofemenino.com.ar\/df\/#website"},"datePublished":"2013-02-17T23:29:55+00:00","breadcrumb":{"@id":"https:\/\/diariofemenino.com.ar\/df\/femicio-la-mato-cuando-lo-visitaba-en-la-unidad-penitenciaria\/#breadcrumb"},"inLanguage":"es","potentialAction":[{"@type":"ReadAction","target":["https:\/\/diariofemenino.com.ar\/df\/femicio-la-mato-cuando-lo-visitaba-en-la-unidad-penitenciaria\/"]}]},{"@type":"BreadcrumbList","@id":"https:\/\/diariofemenino.com.ar\/df\/femicio-la-mato-cuando-lo-visitaba-en-la-unidad-penitenciaria\/#breadcrumb","itemListElement":[{"@type":"ListItem","position":1,"name":"Portada","item":"https:\/\/diariofemenino.com.ar\/df\/"},{"@type":"ListItem","position":2,"name":"Femicidio: La mat\u00f3 cuando lo visitaba en la Unidad Penitenciaria"}]},{"@type":"WebSite","@id":"https:\/\/diariofemenino.com.ar\/df\/#website","url":"https:\/\/diariofemenino.com.ar\/df\/","name":"Diario Digital Femenino","description":"Cuesti\u00f3n de G\u00e9nero","publisher":{"@id":"https:\/\/diariofemenino.com.ar\/df\/#organization"},"potentialAction":[{"@type":"SearchAction","target":{"@type":"EntryPoint","urlTemplate":"https:\/\/diariofemenino.com.ar\/df\/?s={search_term_string}"},"query-input":{"@type":"PropertyValueSpecification","valueRequired":true,"valueName":"search_term_string"}}],"inLanguage":"es"},{"@type":"Organization","@id":"https:\/\/diariofemenino.com.ar\/df\/#organization","name":"Diario Femenino","url":"https:\/\/diariofemenino.com.ar\/df\/","logo":{"@type":"ImageObject","inLanguage":"es","@id":"https:\/\/diariofemenino.com.ar\/df\/#\/schema\/logo\/image\/","url":"https:\/\/diariofemenino.com.ar\/df\/wp-content\/uploads\/2018\/10\/logo.png","contentUrl":"https:\/\/diariofemenino.com.ar\/df\/wp-content\/uploads\/2018\/10\/logo.png","width":500,"height":92,"caption":"Diario Femenino"},"image":{"@id":"https:\/\/diariofemenino.com.ar\/df\/#\/schema\/logo\/image\/"},"sameAs":["https:\/\/www.facebook.com\/DiarioDigitaFemenino\/","https:\/\/x.com\/DiarioFemenino1"]},{"@type":"Person","@id":"https:\/\/diariofemenino.com.ar\/df\/#\/schema\/person\/38f54b3bfd13f561de2460ba95c169c6","name":"Admin","image":{"@type":"ImageObject","inLanguage":"es","@id":"https:\/\/diariofemenino.com.ar\/df\/wp-content\/uploads\/2018\/12\/favicon-150x150.jpg","url":"https:\/\/diariofemenino.com.ar\/df\/wp-content\/uploads\/2018\/12\/favicon-150x150.jpg","contentUrl":"https:\/\/diariofemenino.com.ar\/df\/wp-content\/uploads\/2018\/12\/favicon-150x150.jpg","caption":"Admin"},"url":"https:\/\/diariofemenino.com.ar\/df\/author\/adm18df\/"}]}},"jetpack_featured_media_url":"","jetpack_sharing_enabled":true,"rttpg_featured_image_url":null,"rttpg_author":{"display_name":"Admin","author_link":"https:\/\/diariofemenino.com.ar\/df\/author\/adm18df\/"},"rttpg_comment":0,"rttpg_category":"<a href=\"https:\/\/diariofemenino.com.ar\/df\/category\/historias-de-vida\/\" rel=\"category tag\">Historias de vida<\/a> <a href=\"https:\/\/diariofemenino.com.ar\/df\/category\/medios\/\" rel=\"category tag\">Medios<\/a> <a href=\"https:\/\/diariofemenino.com.ar\/df\/category\/mujeres-sindicalistas\/\" rel=\"category tag\">Mujeres Sindicalistas<\/a>","rttpg_excerpt":"&nbsp; &nbsp; &nbsp; \u00a0Yessica Beatriz Ocampo,\u00a0quien muri\u00f3 v\u00edctima de femicidio en la Unidad Penal 2 de Gualeguaych\u00fa,\u00a0 no habr\u00eda fallecido\u00a0 por estrangulamiento, sino por los golpes que recibi\u00f3 en la cabeza, inform\u00f3 la polic\u00eda. El martes 12 a las 16:30 se encontr\u00f3 el cuerpo sin vida de Yessica Beatriz Ocampo (23 a\u00f1os) en el \u201cdepartamento\u201d&hellip;","_links":{"self":[{"href":"https:\/\/diariofemenino.com.ar\/df\/wp-json\/wp\/v2\/posts\/5553","targetHints":{"allow":["GET"]}}],"collection":[{"href":"https:\/\/diariofemenino.com.ar\/df\/wp-json\/wp\/v2\/posts"}],"about":[{"href":"https:\/\/diariofemenino.com.ar\/df\/wp-json\/wp\/v2\/types\/post"}],"author":[{"embeddable":true,"href":"https:\/\/diariofemenino.com.ar\/df\/wp-json\/wp\/v2\/users\/1"}],"replies":[{"embeddable":true,"href":"https:\/\/diariofemenino.com.ar\/df\/wp-json\/wp\/v2\/comments?post=5553"}],"version-history":[{"count":0,"href":"https:\/\/diariofemenino.com.ar\/df\/wp-json\/wp\/v2\/posts\/5553\/revisions"}],"wp:attachment":[{"href":"https:\/\/diariofemenino.com.ar\/df\/wp-json\/wp\/v2\/media?parent=5553"}],"wp:term":[{"taxonomy":"category","embeddable":true,"href":"https:\/\/diariofemenino.com.ar\/df\/wp-json\/wp\/v2\/categories?post=5553"},{"taxonomy":"post_tag","embeddable":true,"href":"https:\/\/diariofemenino.com.ar\/df\/wp-json\/wp\/v2\/tags?post=5553"}],"curies":[{"name":"wp","href":"https:\/\/api.w.org\/{rel}","templated":true}]}}