{"id":55499,"date":"2021-01-27T09:55:51","date_gmt":"2021-01-27T12:55:51","guid":{"rendered":"https:\/\/diariofemenino.com.ar\/?p=55499"},"modified":"2021-01-27T09:57:20","modified_gmt":"2021-01-27T12:57:20","slug":"un-dia-como-hoy-fallecia-victoria-ocampo","status":"publish","type":"post","link":"https:\/\/diariofemenino.com.ar\/df\/un-dia-como-hoy-fallecia-victoria-ocampo\/","title":{"rendered":"Un d\u00eda como hoy fallec\u00eda Victoria Ocampo, una mujer que hizo historia"},"content":{"rendered":"<p>Un d\u00eda como hoy fallec\u00eda Victoria Ocampo, una mujer que hizo historia<\/p>\n<p>Una mujer que escribi\u00f3 sin prejuicios, se code\u00f3 con las personalidades m\u00e1s importantes del momento y dej\u00f3 un legado. En esta nota un repaso de su vida.<\/p>\n<p>Ramona Victoria Epifan\u00eda Rufina Ocampo\u00a0naci\u00f3 en la cuna de la aristocracia un 7 de abril de 1890. Fue educada por institutrices y su primer idioma fue el franc\u00e9s.\u00a0En 1924 public\u00f3 su primera obra,\u00a0De Francesca a Beatrice,\u00a0editada por la\u00a0Revista de Occidente y ser\u00eda el inicio de la voz de muchas.<\/p>\n<p>Con un esp\u00edritu rebelde e inquieto que la mantuvo siempre activa, particip\u00f3\u00a0desde su juventud en las primeras manifestaciones de los movimientos feministas, intelectuales y antifascistas argentinos,\u00a0lo que la llev\u00f3 a fundar en 1936 la\u00a0Uni\u00f3n <a href=\"https:\/\/diariofemenino.com.ar\/80-libros-gratis-en-pdf-de-mujeres-escritoras\/\">Argentina de Mujeres<\/a>.<\/p>\n<figure id=\"attachment_55501\" aria-describedby=\"caption-attachment-55501\" style=\"width: 512px\" class=\"wp-caption aligncenter\"><img loading=\"lazy\" decoding=\"async\" class=\" wp-image-55501\" src=\"https:\/\/diariofemenino.com.ar\/df\/wp-content\/uploads\/2021\/01\/OG3B2IKGLVC63MOUFLEJVIP6RI-680x1024.jpg\" alt=\"Un d\u00eda como hoy fallec\u00eda Victoria Ocampo, una mujer que hizo historia\" width=\"512\" height=\"771\" srcset=\"https:\/\/diariofemenino.com.ar\/df\/wp-content\/uploads\/2021\/01\/OG3B2IKGLVC63MOUFLEJVIP6RI-680x1024.jpg 680w, https:\/\/diariofemenino.com.ar\/df\/wp-content\/uploads\/2021\/01\/OG3B2IKGLVC63MOUFLEJVIP6RI-199x300.jpg 199w, https:\/\/diariofemenino.com.ar\/df\/wp-content\/uploads\/2021\/01\/OG3B2IKGLVC63MOUFLEJVIP6RI.jpg 768w\" sizes=\"auto, (max-width: 512px) 100vw, 512px\" \/><figcaption id=\"caption-attachment-55501\" class=\"wp-caption-text\">Un d\u00eda como hoy fallec\u00eda Victoria Ocampo, una mujer que hizo historia<\/figcaption><\/figure>\n<p>En 1931 gracias a las conexiones que pudo concretar por sus viajes al exterior con diversos intelectuales de la \u00e9poca, fund\u00f3\u00a0\u00a0la revista y editorial\u00a0Sur que promovi\u00f3 las obras literarias de autores nacionales e internacionales como\u00a0Jorge Luis Borges,\u00a0Adolfo Bioy Casares,\u00a0Ernesto Sabato,\u00a0Silvina Ocampo,\u00a0Alejandra Pizarnik,\u00a0Jose Bianco,\u00a0Virginia Woolf,\u00a0Carl Gustav Jung,\u00a0entre muchos m\u00e1s hasta el cese parcial de su publicaci\u00f3n en 1971.<\/p>\n<p>Su residencia\u00a0Villa Ocampo\u00a0, hoy perteneciente a la\u00a0UNESCO, fue la cuna y lugar\u00a0\u00a0de recepci\u00f3n de figuras reconocidas internacionalmente\u00a0como\u00a0Rabindranath Tagore,\u00a0Albert Camus,\u00a0Graham Greene,\u00a0\u00cdgor Stravinsky,\u00a0Saint-John Perse,\u00a0Denis de Rougemont,\u00a0Pierre Drieu La Rochelle,\u00a0Roger Caillois,\u00a0Ernest Ansermet,\u00a0Christopher Isherwood\u00a0e\u00a0Indira Gandhi.<\/p>\n<p>Adem\u00e1s fue la \u00fanica latinoamericana que particip\u00f3 de las sesiones de los llamados\u00a0juicios N\u00faremberg,\u00a0\u00a0un conjunto de\u00a0procesos jurisdiccionales\u00a0emprendidos por iniciativa de las\u00a0naciones aliadas\u00a0vencedoras al\u00a0final de la Segunda Guerra Mundial, en los que se determinaron y sancionaron las responsabilidades de dirigentes, funcionarios y colaboradores del r\u00e9gimen\u00a0nacionalsocialista\u00a0de\u00a0Adolf Hitler.<\/p>\n<p>En nuestro pa\u00eds, milit\u00f3 fervientemente en la oposici\u00f3n al peronismo, causa que la llev\u00f3 a estar presa por 26 d\u00edas en 1953.<\/p>\n<p>En su faceta de\u00a0 fil\u00e1ntropa don\u00f3 durante la\u00a0Segunda Guerra Mundial\u00a0tres toneladas de alimentos y de ropa hacia pa\u00edses ocupados por\u00a0el Eje, particularmente Francia.<\/p>\n<figure id=\"attachment_55504\" aria-describedby=\"caption-attachment-55504\" style=\"width: 450px\" class=\"wp-caption aligncenter\"><img loading=\"lazy\" decoding=\"async\" class=\" wp-image-55504\" src=\"https:\/\/diariofemenino.com.ar\/df\/wp-content\/uploads\/2021\/01\/unnamed-1.jpg\" alt=\"Un d\u00eda como hoy fallec\u00eda Victoria Ocampo, una mujer que hizo historia\" width=\"450\" height=\"632\" srcset=\"https:\/\/diariofemenino.com.ar\/df\/wp-content\/uploads\/2021\/01\/unnamed-1.jpg 365w, https:\/\/diariofemenino.com.ar\/df\/wp-content\/uploads\/2021\/01\/unnamed-1-214x300.jpg 214w\" sizes=\"auto, (max-width: 450px) 100vw, 450px\" \/><figcaption id=\"caption-attachment-55504\" class=\"wp-caption-text\">Un d\u00eda como hoy fallec\u00eda Victoria Ocampo, una mujer que hizo historia<\/figcaption><\/figure>\n<p>Fue presidenta del\u00a0Fondo Nacional de las Artes\u00a0desde 1958 a 1973 y recibi\u00f3 diversas distinciones as\u00ed como\u00a0doctorados honoris causa\u00a0otorgados por varias universidades, incluyendo las m\u00e1s reconocidas mundialmente como Harvard.<\/p>\n<p>Entre las distinciones m\u00e1s importantes se encuentran las condecoraciones de\u00a0Officier de La L\u00e9gion d&#8217;Honneur\u00a0y de\u00a0Commandeur des Arts et des Lettres\u00a0otorgadas en 1962 por el gobierno franc\u00e9s, de la mano de la Reina Isabel recibi\u00f3 la\u00a0\u00a0distinci\u00f3n de\u00a0Commander of the Order of the British Empire.<\/p>\n<p>En 1963, durante un viaje a Par\u00eds, comenz\u00f3 a padecer fuertes dolores en su boca, un a\u00f1o despu\u00e9s le diagnosticar\u00edan c\u00e1ncer bucal por lo que debi\u00f3\u00a0\u00a0ser intervenida quir\u00fargicamente en el Instituto del Diagn\u00f3stico.\u00a0A partir de ese momento, debi\u00f3 utilizar una pr\u00f3tesis que le permit\u00eda comer, beber y hablar. Se mantuvo estable hasta que a\u00f1os despu\u00e9s, en un viaje a Estados Unidos, sufri\u00f3 una reca\u00edda y debi\u00f3 someterse a una operaci\u00f3n y tratamiento nuevos.<\/p>\n<figure id=\"attachment_55506\" aria-describedby=\"caption-attachment-55506\" style=\"width: 412px\" class=\"wp-caption aligncenter\"><img loading=\"lazy\" decoding=\"async\" class=\" wp-image-55506\" src=\"https:\/\/diariofemenino.com.ar\/df\/wp-content\/uploads\/2021\/01\/250px-Victoria_ocampo70.jpg\" alt=\"Un d\u00eda como hoy fallec\u00eda Victoria Ocampo, una mujer que hizo historia\" width=\"412\" height=\"588\" srcset=\"https:\/\/diariofemenino.com.ar\/df\/wp-content\/uploads\/2021\/01\/250px-Victoria_ocampo70.jpg 250w, https:\/\/diariofemenino.com.ar\/df\/wp-content\/uploads\/2021\/01\/250px-Victoria_ocampo70-210x300.jpg 210w\" sizes=\"auto, (max-width: 412px) 100vw, 412px\" \/><figcaption id=\"caption-attachment-55506\" class=\"wp-caption-text\">Un d\u00eda como hoy fallec\u00eda Victoria Ocampo, una mujer que hizo historia<\/figcaption><\/figure>\n<p>En 1970 le dedic\u00f3 tres n\u00fameros de Sur a la mujer, estos fueron los editoriales 326, 327 y 328\u00a0\u00a0reunidos en un volumen que se public\u00f3 en 1971, con comentarios de Indira Gandhi,\u00a0Golda Meir,\u00a0Alicia Moreau de Justo, Ernesto Sabato,\u00a0Roberto Arlt, entre otros.<\/p>\n<p>Adem\u00e1s incluy\u00f3 en el mismo una encuesta de manera an\u00f3nima\u00a0\u00a0destinada a indagar qu\u00e9 pensaba la mujer de su papel en el mundo y otra realizada a mujeres relevantes de la Argentina, en lo que se refer\u00eda a las leyes que deben regir el control de la\u00a0natalidad\u00a0y el\u00a0aborto.<\/p>\n<p>En 1973, con la vuelta del peronismo, las hermanas Ocampo donaron\u00a0sus residencias de Villa Ocampo y Villa Victoria a la\u00a0UNESCO\u00a0, con el firme prop\u00f3sito de qu\u00e9 se conservaran.<\/p>\n<p>Desde ese entonces, la UNESCO se hizo cargo del mantenimiento de las viviendas y las hermanas Ocampo lograron un acuerdo que les permiti\u00f3 residir en ellas hasta su muerte.<\/p>\n<p>En 1977, se convirti\u00f3 en la primera mujer elegida miembro de la\u00a0Academia Argentina de Letras.<\/p>\n<p>Victoria Ocampo falleci\u00f3 en la madrugada del 27 de enero de 1979, a los 88 a\u00f1os como consecuencia del c\u00e1ncer bucal que padec\u00eda.<\/p>\n<p><a href=\"https:\/\/www.filo.news\/\">Filo News<\/a><\/p>\n<p><a href=\"https:\/\/diariofemenino.com.ar\">Diario Digital Femenino<\/a><\/p>\n","protected":false},"excerpt":{"rendered":"<p>Un d\u00eda como hoy fallec\u00eda Victoria Ocampo, una mujer que hizo historia Una mujer que escribi\u00f3 sin prejuicios, se code\u00f3 con las personalidades m\u00e1s importantes del momento y dej\u00f3 un legado. En esta nota un repaso de su vida. Ramona Victoria Epifan\u00eda Rufina Ocampo\u00a0naci\u00f3 en la cuna de la aristocracia un 7 de abril de [&hellip;]<\/p>\n","protected":false},"author":1,"featured_media":55500,"comment_status":"open","ping_status":"open","sticky":false,"template":"","format":"standard","meta":{"iawp_total_views":709,"footnotes":""},"categories":[5,32,6],"tags":[1920,4058,4057],"class_list":["post-55499","post","type-post","status-publish","format-standard","has-post-thumbnail","hentry","category-historias-de-vida","category-mujeres","category-articulos","tag-escritora","tag-mujeres-de-la-historia","tag-victoria-ocampo"],"nelio_content":{"autoShareEndMode":"never","automationSources":{"useCustomSentences":false,"customSentences":[]},"efiAlt":"","efiUrl":"","followers":[],"highlights":[],"isAutoShareEnabled":true,"networkImageIds":[],"permalinkQueryArgs":[],"series":[],"suggestedReferences":[]},"yoast_head":"<!-- This site is optimized with the Yoast SEO plugin v27.5 - https:\/\/yoast.com\/product\/yoast-seo-wordpress\/ -->\n<title>Un d\u00eda como hoy fallec\u00eda Victoria Ocampo, una mujer que hizo historia - Diario Digital Femenino<\/title>\n<meta name=\"description\" content=\"Un d\u00eda como hoy fallec\u00eda Victoria Ocampo, una mujer que escribi\u00f3 sin prejuicios y que se code\u00f3 con las personalidades m\u00e1s importantes del momento.\" \/>\n<meta name=\"robots\" content=\"index, follow, max-snippet:-1, max-image-preview:large, max-video-preview:-1\" \/>\n<link rel=\"canonical\" href=\"https:\/\/diariofemenino.com.ar\/df\/un-dia-como-hoy-fallecia-victoria-ocampo\/\" \/>\n<meta property=\"og:locale\" content=\"es_ES\" \/>\n<meta property=\"og:type\" content=\"article\" \/>\n<meta property=\"og:title\" content=\"Un d\u00eda como hoy fallec\u00eda Victoria Ocampo, una mujer que hizo historia - Diario Digital Femenino\" \/>\n<meta property=\"og:description\" content=\"Un d\u00eda como hoy fallec\u00eda Victoria Ocampo, una mujer que escribi\u00f3 sin prejuicios y que se code\u00f3 con las personalidades m\u00e1s importantes del momento.\" \/>\n<meta property=\"og:url\" content=\"https:\/\/diariofemenino.com.ar\/df\/un-dia-como-hoy-fallecia-victoria-ocampo\/\" \/>\n<meta property=\"og:site_name\" content=\"Diario Digital Femenino\" \/>\n<meta property=\"article:publisher\" content=\"https:\/\/www.facebook.com\/DiarioDigitaFemenino\/\" \/>\n<meta property=\"article:published_time\" content=\"2021-01-27T12:55:51+00:00\" \/>\n<meta property=\"article:modified_time\" content=\"2021-01-27T12:57:20+00:00\" \/>\n<meta property=\"og:image\" content=\"https:\/\/diariofemenino.com.ar\/df\/wp-content\/uploads\/2021\/01\/ocampo_portada_1.jpg_1956802537.jpg\" \/>\n\t<meta property=\"og:image:width\" content=\"810\" \/>\n\t<meta property=\"og:image:height\" content=\"450\" \/>\n\t<meta property=\"og:image:type\" content=\"image\/jpeg\" \/>\n<meta name=\"author\" content=\"Admin\" \/>\n<meta name=\"twitter:card\" content=\"summary_large_image\" \/>\n<meta name=\"twitter:creator\" content=\"@DiarioFemenino1\" \/>\n<meta name=\"twitter:site\" content=\"@DiarioFemenino1\" \/>\n<meta name=\"twitter:label1\" content=\"Escrito por\" \/>\n\t<meta name=\"twitter:data1\" content=\"Admin\" \/>\n\t<meta name=\"twitter:label2\" content=\"Tiempo de lectura\" \/>\n\t<meta name=\"twitter:data2\" content=\"4 minutos\" \/>\n<script type=\"application\/ld+json\" class=\"yoast-schema-graph\">{\"@context\":\"https:\\\/\\\/schema.org\",\"@graph\":[{\"@type\":\"Article\",\"@id\":\"https:\\\/\\\/diariofemenino.com.ar\\\/df\\\/un-dia-como-hoy-fallecia-victoria-ocampo\\\/#article\",\"isPartOf\":{\"@id\":\"https:\\\/\\\/diariofemenino.com.ar\\\/df\\\/un-dia-como-hoy-fallecia-victoria-ocampo\\\/\"},\"author\":{\"name\":\"Admin\",\"@id\":\"https:\\\/\\\/diariofemenino.com.ar\\\/df\\\/#\\\/schema\\\/person\\\/38f54b3bfd13f561de2460ba95c169c6\"},\"headline\":\"Un d\u00eda como hoy fallec\u00eda Victoria Ocampo, una mujer que hizo historia\",\"datePublished\":\"2021-01-27T12:55:51+00:00\",\"dateModified\":\"2021-01-27T12:57:20+00:00\",\"mainEntityOfPage\":{\"@id\":\"https:\\\/\\\/diariofemenino.com.ar\\\/df\\\/un-dia-como-hoy-fallecia-victoria-ocampo\\\/\"},\"wordCount\":807,\"commentCount\":0,\"publisher\":{\"@id\":\"https:\\\/\\\/diariofemenino.com.ar\\\/df\\\/#organization\"},\"image\":{\"@id\":\"https:\\\/\\\/diariofemenino.com.ar\\\/df\\\/un-dia-como-hoy-fallecia-victoria-ocampo\\\/#primaryimage\"},\"thumbnailUrl\":\"https:\\\/\\\/diariofemenino.com.ar\\\/df\\\/wp-content\\\/uploads\\\/2021\\\/01\\\/ocampo_portada_1.jpg_1956802537.jpg\",\"keywords\":[\"Escritora\",\"Mujeres de la historia\",\"Victoria Ocampo\"],\"articleSection\":[\"Historias de vida\",\"Mujeres\",\"Mujeres en Palabras\"],\"inLanguage\":\"es\",\"potentialAction\":[{\"@type\":\"CommentAction\",\"name\":\"Comment\",\"target\":[\"https:\\\/\\\/diariofemenino.com.ar\\\/df\\\/un-dia-como-hoy-fallecia-victoria-ocampo\\\/#respond\"]}]},{\"@type\":\"WebPage\",\"@id\":\"https:\\\/\\\/diariofemenino.com.ar\\\/df\\\/un-dia-como-hoy-fallecia-victoria-ocampo\\\/\",\"url\":\"https:\\\/\\\/diariofemenino.com.ar\\\/df\\\/un-dia-como-hoy-fallecia-victoria-ocampo\\\/\",\"name\":\"Un d\u00eda como hoy fallec\u00eda Victoria Ocampo, una mujer que hizo historia - Diario Digital Femenino\",\"isPartOf\":{\"@id\":\"https:\\\/\\\/diariofemenino.com.ar\\\/df\\\/#website\"},\"primaryImageOfPage\":{\"@id\":\"https:\\\/\\\/diariofemenino.com.ar\\\/df\\\/un-dia-como-hoy-fallecia-victoria-ocampo\\\/#primaryimage\"},\"image\":{\"@id\":\"https:\\\/\\\/diariofemenino.com.ar\\\/df\\\/un-dia-como-hoy-fallecia-victoria-ocampo\\\/#primaryimage\"},\"thumbnailUrl\":\"https:\\\/\\\/diariofemenino.com.ar\\\/df\\\/wp-content\\\/uploads\\\/2021\\\/01\\\/ocampo_portada_1.jpg_1956802537.jpg\",\"datePublished\":\"2021-01-27T12:55:51+00:00\",\"dateModified\":\"2021-01-27T12:57:20+00:00\",\"description\":\"Un d\u00eda como hoy fallec\u00eda Victoria Ocampo, una mujer que escribi\u00f3 sin prejuicios y que se code\u00f3 con las personalidades m\u00e1s importantes del momento.\",\"breadcrumb\":{\"@id\":\"https:\\\/\\\/diariofemenino.com.ar\\\/df\\\/un-dia-como-hoy-fallecia-victoria-ocampo\\\/#breadcrumb\"},\"inLanguage\":\"es\",\"potentialAction\":[{\"@type\":\"ReadAction\",\"target\":[\"https:\\\/\\\/diariofemenino.com.ar\\\/df\\\/un-dia-como-hoy-fallecia-victoria-ocampo\\\/\"]}]},{\"@type\":\"ImageObject\",\"inLanguage\":\"es\",\"@id\":\"https:\\\/\\\/diariofemenino.com.ar\\\/df\\\/un-dia-como-hoy-fallecia-victoria-ocampo\\\/#primaryimage\",\"url\":\"https:\\\/\\\/diariofemenino.com.ar\\\/df\\\/wp-content\\\/uploads\\\/2021\\\/01\\\/ocampo_portada_1.jpg_1956802537.jpg\",\"contentUrl\":\"https:\\\/\\\/diariofemenino.com.ar\\\/df\\\/wp-content\\\/uploads\\\/2021\\\/01\\\/ocampo_portada_1.jpg_1956802537.jpg\",\"width\":810,\"height\":450,\"caption\":\"Un d\u00eda como hoy fallec\u00eda Victoria Ocampo, una mujer que hizo historia\"},{\"@type\":\"BreadcrumbList\",\"@id\":\"https:\\\/\\\/diariofemenino.com.ar\\\/df\\\/un-dia-como-hoy-fallecia-victoria-ocampo\\\/#breadcrumb\",\"itemListElement\":[{\"@type\":\"ListItem\",\"position\":1,\"name\":\"Portada\",\"item\":\"https:\\\/\\\/diariofemenino.com.ar\\\/df\\\/\"},{\"@type\":\"ListItem\",\"position\":2,\"name\":\"Un d\u00eda como hoy fallec\u00eda Victoria Ocampo, una mujer que hizo historia\"}]},{\"@type\":\"WebSite\",\"@id\":\"https:\\\/\\\/diariofemenino.com.ar\\\/df\\\/#website\",\"url\":\"https:\\\/\\\/diariofemenino.com.ar\\\/df\\\/\",\"name\":\"Diario Digital Femenino\",\"description\":\"Cuesti\u00f3n de G\u00e9nero\",\"publisher\":{\"@id\":\"https:\\\/\\\/diariofemenino.com.ar\\\/df\\\/#organization\"},\"potentialAction\":[{\"@type\":\"SearchAction\",\"target\":{\"@type\":\"EntryPoint\",\"urlTemplate\":\"https:\\\/\\\/diariofemenino.com.ar\\\/df\\\/?s={search_term_string}\"},\"query-input\":{\"@type\":\"PropertyValueSpecification\",\"valueRequired\":true,\"valueName\":\"search_term_string\"}}],\"inLanguage\":\"es\"},{\"@type\":\"Organization\",\"@id\":\"https:\\\/\\\/diariofemenino.com.ar\\\/df\\\/#organization\",\"name\":\"Diario Femenino\",\"url\":\"https:\\\/\\\/diariofemenino.com.ar\\\/df\\\/\",\"logo\":{\"@type\":\"ImageObject\",\"inLanguage\":\"es\",\"@id\":\"https:\\\/\\\/diariofemenino.com.ar\\\/df\\\/#\\\/schema\\\/logo\\\/image\\\/\",\"url\":\"https:\\\/\\\/diariofemenino.com.ar\\\/df\\\/wp-content\\\/uploads\\\/2018\\\/10\\\/logo.png\",\"contentUrl\":\"https:\\\/\\\/diariofemenino.com.ar\\\/df\\\/wp-content\\\/uploads\\\/2018\\\/10\\\/logo.png\",\"width\":500,\"height\":92,\"caption\":\"Diario Femenino\"},\"image\":{\"@id\":\"https:\\\/\\\/diariofemenino.com.ar\\\/df\\\/#\\\/schema\\\/logo\\\/image\\\/\"},\"sameAs\":[\"https:\\\/\\\/www.facebook.com\\\/DiarioDigitaFemenino\\\/\",\"https:\\\/\\\/x.com\\\/DiarioFemenino1\"]},{\"@type\":\"Person\",\"@id\":\"https:\\\/\\\/diariofemenino.com.ar\\\/df\\\/#\\\/schema\\\/person\\\/38f54b3bfd13f561de2460ba95c169c6\",\"name\":\"Admin\",\"image\":{\"@type\":\"ImageObject\",\"inLanguage\":\"es\",\"@id\":\"https:\\\/\\\/diariofemenino.com.ar\\\/df\\\/wp-content\\\/uploads\\\/2018\\\/12\\\/favicon-150x150.jpg\",\"url\":\"https:\\\/\\\/diariofemenino.com.ar\\\/df\\\/wp-content\\\/uploads\\\/2018\\\/12\\\/favicon-150x150.jpg\",\"contentUrl\":\"https:\\\/\\\/diariofemenino.com.ar\\\/df\\\/wp-content\\\/uploads\\\/2018\\\/12\\\/favicon-150x150.jpg\",\"caption\":\"Admin\"},\"url\":\"https:\\\/\\\/diariofemenino.com.ar\\\/df\\\/author\\\/adm18df\\\/\"}]}<\/script>\n<!-- \/ Yoast SEO plugin. -->","yoast_head_json":{"title":"Un d\u00eda como hoy fallec\u00eda Victoria Ocampo, una mujer que hizo historia - Diario Digital Femenino","description":"Un d\u00eda como hoy fallec\u00eda Victoria Ocampo, una mujer que escribi\u00f3 sin prejuicios y que se code\u00f3 con las personalidades m\u00e1s importantes del momento.","robots":{"index":"index","follow":"follow","max-snippet":"max-snippet:-1","max-image-preview":"max-image-preview:large","max-video-preview":"max-video-preview:-1"},"canonical":"https:\/\/diariofemenino.com.ar\/df\/un-dia-como-hoy-fallecia-victoria-ocampo\/","og_locale":"es_ES","og_type":"article","og_title":"Un d\u00eda como hoy fallec\u00eda Victoria Ocampo, una mujer que hizo historia - Diario Digital Femenino","og_description":"Un d\u00eda como hoy fallec\u00eda Victoria Ocampo, una mujer que escribi\u00f3 sin prejuicios y que se code\u00f3 con las personalidades m\u00e1s importantes del momento.","og_url":"https:\/\/diariofemenino.com.ar\/df\/un-dia-como-hoy-fallecia-victoria-ocampo\/","og_site_name":"Diario Digital Femenino","article_publisher":"https:\/\/www.facebook.com\/DiarioDigitaFemenino\/","article_published_time":"2021-01-27T12:55:51+00:00","article_modified_time":"2021-01-27T12:57:20+00:00","og_image":[{"width":810,"height":450,"url":"https:\/\/diariofemenino.com.ar\/df\/wp-content\/uploads\/2021\/01\/ocampo_portada_1.jpg_1956802537.jpg","type":"image\/jpeg"}],"author":"Admin","twitter_card":"summary_large_image","twitter_creator":"@DiarioFemenino1","twitter_site":"@DiarioFemenino1","twitter_misc":{"Escrito por":"Admin","Tiempo de lectura":"4 minutos"},"schema":{"@context":"https:\/\/schema.org","@graph":[{"@type":"Article","@id":"https:\/\/diariofemenino.com.ar\/df\/un-dia-como-hoy-fallecia-victoria-ocampo\/#article","isPartOf":{"@id":"https:\/\/diariofemenino.com.ar\/df\/un-dia-como-hoy-fallecia-victoria-ocampo\/"},"author":{"name":"Admin","@id":"https:\/\/diariofemenino.com.ar\/df\/#\/schema\/person\/38f54b3bfd13f561de2460ba95c169c6"},"headline":"Un d\u00eda como hoy fallec\u00eda Victoria Ocampo, una mujer que hizo historia","datePublished":"2021-01-27T12:55:51+00:00","dateModified":"2021-01-27T12:57:20+00:00","mainEntityOfPage":{"@id":"https:\/\/diariofemenino.com.ar\/df\/un-dia-como-hoy-fallecia-victoria-ocampo\/"},"wordCount":807,"commentCount":0,"publisher":{"@id":"https:\/\/diariofemenino.com.ar\/df\/#organization"},"image":{"@id":"https:\/\/diariofemenino.com.ar\/df\/un-dia-como-hoy-fallecia-victoria-ocampo\/#primaryimage"},"thumbnailUrl":"https:\/\/diariofemenino.com.ar\/df\/wp-content\/uploads\/2021\/01\/ocampo_portada_1.jpg_1956802537.jpg","keywords":["Escritora","Mujeres de la historia","Victoria Ocampo"],"articleSection":["Historias de vida","Mujeres","Mujeres en Palabras"],"inLanguage":"es","potentialAction":[{"@type":"CommentAction","name":"Comment","target":["https:\/\/diariofemenino.com.ar\/df\/un-dia-como-hoy-fallecia-victoria-ocampo\/#respond"]}]},{"@type":"WebPage","@id":"https:\/\/diariofemenino.com.ar\/df\/un-dia-como-hoy-fallecia-victoria-ocampo\/","url":"https:\/\/diariofemenino.com.ar\/df\/un-dia-como-hoy-fallecia-victoria-ocampo\/","name":"Un d\u00eda como hoy fallec\u00eda Victoria Ocampo, una mujer que hizo historia - Diario Digital Femenino","isPartOf":{"@id":"https:\/\/diariofemenino.com.ar\/df\/#website"},"primaryImageOfPage":{"@id":"https:\/\/diariofemenino.com.ar\/df\/un-dia-como-hoy-fallecia-victoria-ocampo\/#primaryimage"},"image":{"@id":"https:\/\/diariofemenino.com.ar\/df\/un-dia-como-hoy-fallecia-victoria-ocampo\/#primaryimage"},"thumbnailUrl":"https:\/\/diariofemenino.com.ar\/df\/wp-content\/uploads\/2021\/01\/ocampo_portada_1.jpg_1956802537.jpg","datePublished":"2021-01-27T12:55:51+00:00","dateModified":"2021-01-27T12:57:20+00:00","description":"Un d\u00eda como hoy fallec\u00eda Victoria Ocampo, una mujer que escribi\u00f3 sin prejuicios y que se code\u00f3 con las personalidades m\u00e1s importantes del momento.","breadcrumb":{"@id":"https:\/\/diariofemenino.com.ar\/df\/un-dia-como-hoy-fallecia-victoria-ocampo\/#breadcrumb"},"inLanguage":"es","potentialAction":[{"@type":"ReadAction","target":["https:\/\/diariofemenino.com.ar\/df\/un-dia-como-hoy-fallecia-victoria-ocampo\/"]}]},{"@type":"ImageObject","inLanguage":"es","@id":"https:\/\/diariofemenino.com.ar\/df\/un-dia-como-hoy-fallecia-victoria-ocampo\/#primaryimage","url":"https:\/\/diariofemenino.com.ar\/df\/wp-content\/uploads\/2021\/01\/ocampo_portada_1.jpg_1956802537.jpg","contentUrl":"https:\/\/diariofemenino.com.ar\/df\/wp-content\/uploads\/2021\/01\/ocampo_portada_1.jpg_1956802537.jpg","width":810,"height":450,"caption":"Un d\u00eda como hoy fallec\u00eda Victoria Ocampo, una mujer que hizo historia"},{"@type":"BreadcrumbList","@id":"https:\/\/diariofemenino.com.ar\/df\/un-dia-como-hoy-fallecia-victoria-ocampo\/#breadcrumb","itemListElement":[{"@type":"ListItem","position":1,"name":"Portada","item":"https:\/\/diariofemenino.com.ar\/df\/"},{"@type":"ListItem","position":2,"name":"Un d\u00eda como hoy fallec\u00eda Victoria Ocampo, una mujer que hizo historia"}]},{"@type":"WebSite","@id":"https:\/\/diariofemenino.com.ar\/df\/#website","url":"https:\/\/diariofemenino.com.ar\/df\/","name":"Diario Digital Femenino","description":"Cuesti\u00f3n de G\u00e9nero","publisher":{"@id":"https:\/\/diariofemenino.com.ar\/df\/#organization"},"potentialAction":[{"@type":"SearchAction","target":{"@type":"EntryPoint","urlTemplate":"https:\/\/diariofemenino.com.ar\/df\/?s={search_term_string}"},"query-input":{"@type":"PropertyValueSpecification","valueRequired":true,"valueName":"search_term_string"}}],"inLanguage":"es"},{"@type":"Organization","@id":"https:\/\/diariofemenino.com.ar\/df\/#organization","name":"Diario Femenino","url":"https:\/\/diariofemenino.com.ar\/df\/","logo":{"@type":"ImageObject","inLanguage":"es","@id":"https:\/\/diariofemenino.com.ar\/df\/#\/schema\/logo\/image\/","url":"https:\/\/diariofemenino.com.ar\/df\/wp-content\/uploads\/2018\/10\/logo.png","contentUrl":"https:\/\/diariofemenino.com.ar\/df\/wp-content\/uploads\/2018\/10\/logo.png","width":500,"height":92,"caption":"Diario Femenino"},"image":{"@id":"https:\/\/diariofemenino.com.ar\/df\/#\/schema\/logo\/image\/"},"sameAs":["https:\/\/www.facebook.com\/DiarioDigitaFemenino\/","https:\/\/x.com\/DiarioFemenino1"]},{"@type":"Person","@id":"https:\/\/diariofemenino.com.ar\/df\/#\/schema\/person\/38f54b3bfd13f561de2460ba95c169c6","name":"Admin","image":{"@type":"ImageObject","inLanguage":"es","@id":"https:\/\/diariofemenino.com.ar\/df\/wp-content\/uploads\/2018\/12\/favicon-150x150.jpg","url":"https:\/\/diariofemenino.com.ar\/df\/wp-content\/uploads\/2018\/12\/favicon-150x150.jpg","contentUrl":"https:\/\/diariofemenino.com.ar\/df\/wp-content\/uploads\/2018\/12\/favicon-150x150.jpg","caption":"Admin"},"url":"https:\/\/diariofemenino.com.ar\/df\/author\/adm18df\/"}]}},"jetpack_featured_media_url":"https:\/\/diariofemenino.com.ar\/df\/wp-content\/uploads\/2021\/01\/ocampo_portada_1.jpg_1956802537.jpg","jetpack_sharing_enabled":true,"rttpg_featured_image_url":{"full":["https:\/\/diariofemenino.com.ar\/df\/wp-content\/uploads\/2021\/01\/ocampo_portada_1.jpg_1956802537.jpg",810,450,false],"landscape":["https:\/\/diariofemenino.com.ar\/df\/wp-content\/uploads\/2021\/01\/ocampo_portada_1.jpg_1956802537.jpg",810,450,false],"portraits":["https:\/\/diariofemenino.com.ar\/df\/wp-content\/uploads\/2021\/01\/ocampo_portada_1.jpg_1956802537.jpg",810,450,false],"thumbnail":["https:\/\/diariofemenino.com.ar\/df\/wp-content\/uploads\/2021\/01\/ocampo_portada_1.jpg_1956802537-150x150.jpg",150,150,true],"medium":["https:\/\/diariofemenino.com.ar\/df\/wp-content\/uploads\/2021\/01\/ocampo_portada_1.jpg_1956802537-300x167.jpg",300,167,true],"large":["https:\/\/diariofemenino.com.ar\/df\/wp-content\/uploads\/2021\/01\/ocampo_portada_1.jpg_1956802537.jpg",810,450,false],"1536x1536":["https:\/\/diariofemenino.com.ar\/df\/wp-content\/uploads\/2021\/01\/ocampo_portada_1.jpg_1956802537.jpg",810,450,false],"2048x2048":["https:\/\/diariofemenino.com.ar\/df\/wp-content\/uploads\/2021\/01\/ocampo_portada_1.jpg_1956802537.jpg",810,450,false]},"rttpg_author":{"display_name":"Admin","author_link":"https:\/\/diariofemenino.com.ar\/df\/author\/adm18df\/"},"rttpg_comment":0,"rttpg_category":"<a href=\"https:\/\/diariofemenino.com.ar\/df\/category\/historias-de-vida\/\" rel=\"category tag\">Historias de vida<\/a> <a href=\"https:\/\/diariofemenino.com.ar\/df\/category\/mujeres\/\" rel=\"category tag\">Mujeres<\/a> <a href=\"https:\/\/diariofemenino.com.ar\/df\/category\/articulos\/\" rel=\"category tag\">Mujeres en Palabras<\/a>","rttpg_excerpt":"Un d\u00eda como hoy fallec\u00eda Victoria Ocampo, una mujer que hizo historia Una mujer que escribi\u00f3 sin prejuicios, se code\u00f3 con las personalidades m\u00e1s importantes del momento y dej\u00f3 un legado. En esta nota un repaso de su vida. Ramona Victoria Epifan\u00eda Rufina Ocampo\u00a0naci\u00f3 en la cuna de la aristocracia un 7 de abril de&hellip;","_links":{"self":[{"href":"https:\/\/diariofemenino.com.ar\/df\/wp-json\/wp\/v2\/posts\/55499","targetHints":{"allow":["GET"]}}],"collection":[{"href":"https:\/\/diariofemenino.com.ar\/df\/wp-json\/wp\/v2\/posts"}],"about":[{"href":"https:\/\/diariofemenino.com.ar\/df\/wp-json\/wp\/v2\/types\/post"}],"author":[{"embeddable":true,"href":"https:\/\/diariofemenino.com.ar\/df\/wp-json\/wp\/v2\/users\/1"}],"replies":[{"embeddable":true,"href":"https:\/\/diariofemenino.com.ar\/df\/wp-json\/wp\/v2\/comments?post=55499"}],"version-history":[{"count":0,"href":"https:\/\/diariofemenino.com.ar\/df\/wp-json\/wp\/v2\/posts\/55499\/revisions"}],"wp:featuredmedia":[{"embeddable":true,"href":"https:\/\/diariofemenino.com.ar\/df\/wp-json\/wp\/v2\/media\/55500"}],"wp:attachment":[{"href":"https:\/\/diariofemenino.com.ar\/df\/wp-json\/wp\/v2\/media?parent=55499"}],"wp:term":[{"taxonomy":"category","embeddable":true,"href":"https:\/\/diariofemenino.com.ar\/df\/wp-json\/wp\/v2\/categories?post=55499"},{"taxonomy":"post_tag","embeddable":true,"href":"https:\/\/diariofemenino.com.ar\/df\/wp-json\/wp\/v2\/tags?post=55499"}],"curies":[{"name":"wp","href":"https:\/\/api.w.org\/{rel}","templated":true}]}}