{"id":5537,"date":"2013-02-16T17:18:34","date_gmt":"2013-02-16T20:18:34","guid":{"rendered":"http:\/\/www.diariofemenino.com.ar\/?p=5537"},"modified":"2013-02-16T17:18:34","modified_gmt":"2013-02-16T20:18:34","slug":"las-mujeres-estarian-pagando-un-alto-precio-por-su-maternidad-segun-el-informe-sobre-brecha-salarial-de-genero-de-la-ocde","status":"publish","type":"post","link":"https:\/\/diariofemenino.com.ar\/df\/las-mujeres-estarian-pagando-un-alto-precio-por-su-maternidad-segun-el-informe-sobre-brecha-salarial-de-genero-de-la-ocde\/","title":{"rendered":"Las mujeres estar\u00edan pagando un alto precio por su maternidad, seg\u00fan el informe sobre brecha salarial de g\u00e9nero de la OCDE"},"content":{"rendered":"<p>&nbsp;<br \/>\n&nbsp;<br \/>\n&nbsp;<br \/>\n&nbsp;<br \/>\n<a href=\"http:\/\/www.diariofemenino.com.ar\/wp-content\/uploads\/maternidad-trabajo_mujer.jpg\"><img loading=\"lazy\" decoding=\"async\" class=\"alignleft size-full wp-image-5538\" title=\"maternidad-trabajo_mujer\" src=\"http:\/\/www.diariofemenino.com.ar\/wp-content\/uploads\/maternidad-trabajo_mujer.jpg\" alt=\"\" width=\"210\" height=\"250\" \/><\/a>Se present\u00f3 el informe\u00a0<a href=\"http:\/\/www.keepeek.com\/Digital-Asset-Management\/oecd\/social-issues-migration-health\/close-the-gender-gap-now_9789264179370-en\" target=\"_blank\">\u201cClosing the Gender Gap: Act Now\u201d <\/a>(Cerrando la brecha de g\u00e9nero: Actuar ahora) de la <em>Organizaci\u00f3n para la Cooperaci\u00f3n y el Desarrollo Econ\u00f3micos (<\/em>OCDE) que revela que las mujeres est\u00e1n pagando un alto precio por su maternidad, con elevados gastos de guarder\u00eda, problemas en el acceso a dichas instalaciones, y altos impuestos que le exigen trabajar m\u00e1s. El informe muestra que la diferencia salarial media entre hombres y mujeres se ampl\u00eda hasta el 22% en las familias con uno o m\u00e1s hijos.<\/p>\n<div id=\"contenido_ampliada\">\nEl informe\u00a0<a href=\"http:\/\/www.keepeek.com\/Digital-Asset-Management\/oecd\/social-issues-migration-health\/close-the-gender-gap-now_9789264179370-en\" target=\"_blank\">\u201cClosing the Gender Gap: Act Now\u201d<\/a> muestra que los hombres ganan en promedio un 16% m\u00e1s que las mujeres en trabajos semejantes a tiempo completo. La brecha de g\u00e9nero es a\u00fan mayor en la parte superior de la escala salarial, lo que sugiere la presencia continua de un\u00a0<em>\u201ctecho de cristal\u201d.<\/em><br \/>\nEl informe destaca que a pesar de que se ha avanzado en la reducci\u00f3n de la brecha de g\u00e9nero en las remuneraciones esto no ha sido suficiente y queda mucho por hacer en muchos pa\u00edses.\u00a0\u201dCerrar la brecha de g\u00e9nero debe ser una parte central de cualquier estrategia para crear econom\u00edas sostenibles y sociedades inclusivas\u201d, dijo el Secretario General de la OCDE, Angel Gurr\u00eda, durante la presentaci\u00f3n del informe en el Foro sobre G\u00e9nero en Par\u00eds. \u201cLa poblaci\u00f3n mundial est\u00e1 envejeciendo y este reto puede ser abordado si todo el talento disponible se moviliza. Los gobiernos deben avanzar en el acceso y la calidad de la educaci\u00f3n para todos, mejorar los sistemas fiscales y de prestaciones, y hacer que el cuidado de los ni\u00f1os sea m\u00e1s asequible, con el fin de ayudar a que las mujeres contribuyan al crecimiento econ\u00f3mico y a una sociedad m\u00e1s justa\u201d.<br \/>\nLa diferencia salarial media entre hombres y mujeres se ampl\u00eda hasta el 22% en las familias con uno o m\u00e1s hijos. Para las parejas que no tienen hijos, la brecha es del 7%. En general, la penalizaci\u00f3n salarial por tener hijos es en promedio un 14%. \u00a0Jap\u00f3n y Corea muestran la mayor brecha, mientras que Italia y Espa\u00f1a tienen una brecha casi nula.<br \/>\nEl informe revela que la mejora del sistema fiscal y de las prestaciones para los padres que trabajan ayudar\u00eda a virar la brecha. A partir del nacimiento de los hijos, m\u00e1s de la mitad (52%) del segundo salario de una familia se va en impuestos. Esta proporci\u00f3n se eleva al 65% en Australia, Alemania, Irlanda, Suiza, Estados Unidos y el Reino Unido.<br \/>\nEl trabajo a tiempo parcial entre las mujeres es m\u00e1s com\u00fan en Austria, Alemania, Irlanda, Pa\u00edses Bajos y Reino Unido. Teniendo en cuenta el trabajo a tiempo parcial, la brecha salarial de g\u00e9nero en salario neto se duplica en muchos pa\u00edses europeos, y se triplica en Irlanda y los Pa\u00edses Bajos.<br \/>\nPor otro lado, la crisis ha afectado menos a las mujeres que a los hombres en t\u00e9rminos de empleo, aunque no por las razones correctas, seg\u00fan\u00a0<a href=\"http:\/\/comunicarseweb.com.ar\/?La_diferencia_salarial_entre_hombres_y_mujeres_ha_disminuido%2C_pero_no_por_las_razones_correctas&amp;page=ampliada&amp;id=9949&amp;_s=&amp;_page=buscarSin\" target=\"_blank\">lo informa la OIT<\/a>.<br \/>\nSin embargo, la OCDE sostiene en su informe que los recortes en el sector p\u00fablico, donde las mujeres representan algo menos del 60% de la plantilla total, van a empeorar su posici\u00f3n en el mercado laboral en los pr\u00f3ximos a\u00f1os. Se recomienda a los gobiernos que se aseguren de que los recortes de gastos no revierten los progresos realizados en materia de igualdad de g\u00e9nero en el empleo. El aumento de las licencias para los padres puede aumentar su participaci\u00f3n en el cuidado de los ni\u00f1os y ayudar a equilibrar la participaci\u00f3n femenina en el mercado laboral.<br \/>\nEl impacto de la desigualdad salarial es dram\u00e1tica sobre la vida de una mujer ya que son trabajadoras con menor presencia en el empleo formal, mayor trabajo no remunerado en el hogar, lo que generar\u00e1 que muchas se jubilen con las pensiones m\u00e1s bajas.<br \/>\nEl informe tambi\u00e9n presenta una nueva evidencia de la brecha de g\u00e9nero en la actividad empresarial. La proporci\u00f3n de empresas que son propiedad de mujeres es de un 30% en los pa\u00edses de la OCDE. Las trabajadoras aut\u00f3nomas tambi\u00e9n ganan un 30 a un 40% menos que sus colegas masculinos. Mejorar el acceso de las mujeres a la financiaci\u00f3n de las empresas es clave, dice la OCDE.<br \/>\nLa falta de apoyo a la maternidad perjudica las perspectivas profesionales de las mujeres, pese a sus avances en la educaci\u00f3n y el empleo, concluye el informe<br \/>\n&nbsp;<br \/>\n&nbsp;<br \/>\n&nbsp;<br \/>\n&nbsp;<br \/>\n\u00a0<br \/>\nFuente: Arely Torres-Miranda<br \/>\nEn twitter \u00a0\u200f<s>@<\/s>arelytm76<br \/>\nFuente &#8211; Autor\/a: ComunicaRSE\n<\/div>\n","protected":false},"excerpt":{"rendered":"<p>&nbsp; &nbsp; &nbsp; &nbsp; Se present\u00f3 el informe\u00a0\u201cClosing the Gender Gap: Act Now\u201d (Cerrando la brecha de g\u00e9nero: Actuar ahora) de la Organizaci\u00f3n para la Cooperaci\u00f3n y el Desarrollo Econ\u00f3micos (OCDE) que revela que las mujeres est\u00e1n pagando un alto precio por su maternidad, con elevados gastos de guarder\u00eda, problemas en el acceso a dichas [&hellip;]<\/p>\n","protected":false},"author":1,"featured_media":0,"comment_status":"open","ping_status":"open","sticky":false,"template":"","format":"standard","meta":{"iawp_total_views":7,"footnotes":""},"categories":[3,4],"tags":[],"class_list":["post-5537","post","type-post","status-publish","format-standard","hentry","category-de-la-revolucion-al-reaprendizaje","category-medios"],"nelio_content":{"autoShareEndMode":"never","automationSources":{"useCustomSentences":false,"customSentences":[]},"efiAlt":"","efiUrl":"","followers":[],"highlights":[],"isAutoShareEnabled":true,"networkImageIds":[],"permalinkQueryArgs":[],"series":[],"suggestedReferences":[]},"yoast_head":"<!-- This site is optimized with the Yoast SEO plugin v27.4 - https:\/\/yoast.com\/product\/yoast-seo-wordpress\/ -->\n<title>Las mujeres estar\u00edan pagando un alto precio por su maternidad, seg\u00fan el informe sobre brecha salarial de g\u00e9nero de la OCDE - Diario Digital Femenino<\/title>\n<meta name=\"robots\" content=\"index, follow, max-snippet:-1, max-image-preview:large, max-video-preview:-1\" \/>\n<link rel=\"canonical\" href=\"https:\/\/diariofemenino.com.ar\/df\/las-mujeres-estarian-pagando-un-alto-precio-por-su-maternidad-segun-el-informe-sobre-brecha-salarial-de-genero-de-la-ocde\/\" \/>\n<meta property=\"og:locale\" content=\"es_ES\" \/>\n<meta property=\"og:type\" content=\"article\" \/>\n<meta property=\"og:title\" content=\"Las mujeres estar\u00edan pagando un alto precio por su maternidad, seg\u00fan el informe sobre brecha salarial de g\u00e9nero de la OCDE - Diario Digital Femenino\" \/>\n<meta property=\"og:description\" content=\"&nbsp; &nbsp; &nbsp; &nbsp; Se present\u00f3 el informe\u00a0\u201cClosing the Gender Gap: Act Now\u201d (Cerrando la brecha de g\u00e9nero: Actuar ahora) de la Organizaci\u00f3n para la Cooperaci\u00f3n y el Desarrollo Econ\u00f3micos (OCDE) que revela que las mujeres est\u00e1n pagando un alto precio por su maternidad, con elevados gastos de guarder\u00eda, problemas en el acceso a dichas [&hellip;]\" \/>\n<meta property=\"og:url\" content=\"https:\/\/diariofemenino.com.ar\/df\/las-mujeres-estarian-pagando-un-alto-precio-por-su-maternidad-segun-el-informe-sobre-brecha-salarial-de-genero-de-la-ocde\/\" \/>\n<meta property=\"og:site_name\" content=\"Diario Digital Femenino\" \/>\n<meta property=\"article:publisher\" content=\"https:\/\/www.facebook.com\/DiarioDigitaFemenino\/\" \/>\n<meta property=\"article:published_time\" content=\"2013-02-16T20:18:34+00:00\" \/>\n<meta property=\"og:image\" content=\"http:\/\/www.diariofemenino.com.ar\/wp-content\/uploads\/maternidad-trabajo_mujer.jpg\" \/>\n<meta name=\"author\" content=\"Admin\" \/>\n<meta name=\"twitter:card\" content=\"summary_large_image\" \/>\n<meta name=\"twitter:creator\" content=\"@DiarioFemenino1\" \/>\n<meta name=\"twitter:site\" content=\"@DiarioFemenino1\" \/>\n<meta name=\"twitter:label1\" content=\"Escrito por\" \/>\n\t<meta name=\"twitter:data1\" content=\"Admin\" \/>\n\t<meta name=\"twitter:label2\" content=\"Tiempo de lectura\" \/>\n\t<meta name=\"twitter:data2\" content=\"4 minutos\" \/>\n<script type=\"application\/ld+json\" class=\"yoast-schema-graph\">{\"@context\":\"https:\\\/\\\/schema.org\",\"@graph\":[{\"@type\":\"Article\",\"@id\":\"https:\\\/\\\/diariofemenino.com.ar\\\/df\\\/las-mujeres-estarian-pagando-un-alto-precio-por-su-maternidad-segun-el-informe-sobre-brecha-salarial-de-genero-de-la-ocde\\\/#article\",\"isPartOf\":{\"@id\":\"https:\\\/\\\/diariofemenino.com.ar\\\/df\\\/las-mujeres-estarian-pagando-un-alto-precio-por-su-maternidad-segun-el-informe-sobre-brecha-salarial-de-genero-de-la-ocde\\\/\"},\"author\":{\"name\":\"Admin\",\"@id\":\"https:\\\/\\\/diariofemenino.com.ar\\\/df\\\/#\\\/schema\\\/person\\\/38f54b3bfd13f561de2460ba95c169c6\"},\"headline\":\"Las mujeres estar\u00edan pagando un alto precio por su maternidad, seg\u00fan el informe sobre brecha salarial de g\u00e9nero de la OCDE\",\"datePublished\":\"2013-02-16T20:18:34+00:00\",\"mainEntityOfPage\":{\"@id\":\"https:\\\/\\\/diariofemenino.com.ar\\\/df\\\/las-mujeres-estarian-pagando-un-alto-precio-por-su-maternidad-segun-el-informe-sobre-brecha-salarial-de-genero-de-la-ocde\\\/\"},\"wordCount\":819,\"commentCount\":0,\"publisher\":{\"@id\":\"https:\\\/\\\/diariofemenino.com.ar\\\/df\\\/#organization\"},\"image\":{\"@id\":\"https:\\\/\\\/diariofemenino.com.ar\\\/df\\\/las-mujeres-estarian-pagando-un-alto-precio-por-su-maternidad-segun-el-informe-sobre-brecha-salarial-de-genero-de-la-ocde\\\/#primaryimage\"},\"thumbnailUrl\":\"http:\\\/\\\/www.diariofemenino.com.ar\\\/wp-content\\\/uploads\\\/maternidad-trabajo_mujer.jpg\",\"articleSection\":[\"De la Revoluci\u00f3n al Reaprendizaje\",\"Medios\"],\"inLanguage\":\"es\",\"potentialAction\":[{\"@type\":\"CommentAction\",\"name\":\"Comment\",\"target\":[\"https:\\\/\\\/diariofemenino.com.ar\\\/df\\\/las-mujeres-estarian-pagando-un-alto-precio-por-su-maternidad-segun-el-informe-sobre-brecha-salarial-de-genero-de-la-ocde\\\/#respond\"]}]},{\"@type\":\"WebPage\",\"@id\":\"https:\\\/\\\/diariofemenino.com.ar\\\/df\\\/las-mujeres-estarian-pagando-un-alto-precio-por-su-maternidad-segun-el-informe-sobre-brecha-salarial-de-genero-de-la-ocde\\\/\",\"url\":\"https:\\\/\\\/diariofemenino.com.ar\\\/df\\\/las-mujeres-estarian-pagando-un-alto-precio-por-su-maternidad-segun-el-informe-sobre-brecha-salarial-de-genero-de-la-ocde\\\/\",\"name\":\"Las mujeres estar\u00edan pagando un alto precio por su maternidad, seg\u00fan el informe sobre brecha salarial de g\u00e9nero de la OCDE - Diario Digital Femenino\",\"isPartOf\":{\"@id\":\"https:\\\/\\\/diariofemenino.com.ar\\\/df\\\/#website\"},\"primaryImageOfPage\":{\"@id\":\"https:\\\/\\\/diariofemenino.com.ar\\\/df\\\/las-mujeres-estarian-pagando-un-alto-precio-por-su-maternidad-segun-el-informe-sobre-brecha-salarial-de-genero-de-la-ocde\\\/#primaryimage\"},\"image\":{\"@id\":\"https:\\\/\\\/diariofemenino.com.ar\\\/df\\\/las-mujeres-estarian-pagando-un-alto-precio-por-su-maternidad-segun-el-informe-sobre-brecha-salarial-de-genero-de-la-ocde\\\/#primaryimage\"},\"thumbnailUrl\":\"http:\\\/\\\/www.diariofemenino.com.ar\\\/wp-content\\\/uploads\\\/maternidad-trabajo_mujer.jpg\",\"datePublished\":\"2013-02-16T20:18:34+00:00\",\"breadcrumb\":{\"@id\":\"https:\\\/\\\/diariofemenino.com.ar\\\/df\\\/las-mujeres-estarian-pagando-un-alto-precio-por-su-maternidad-segun-el-informe-sobre-brecha-salarial-de-genero-de-la-ocde\\\/#breadcrumb\"},\"inLanguage\":\"es\",\"potentialAction\":[{\"@type\":\"ReadAction\",\"target\":[\"https:\\\/\\\/diariofemenino.com.ar\\\/df\\\/las-mujeres-estarian-pagando-un-alto-precio-por-su-maternidad-segun-el-informe-sobre-brecha-salarial-de-genero-de-la-ocde\\\/\"]}]},{\"@type\":\"ImageObject\",\"inLanguage\":\"es\",\"@id\":\"https:\\\/\\\/diariofemenino.com.ar\\\/df\\\/las-mujeres-estarian-pagando-un-alto-precio-por-su-maternidad-segun-el-informe-sobre-brecha-salarial-de-genero-de-la-ocde\\\/#primaryimage\",\"url\":\"http:\\\/\\\/www.diariofemenino.com.ar\\\/wp-content\\\/uploads\\\/maternidad-trabajo_mujer.jpg\",\"contentUrl\":\"http:\\\/\\\/www.diariofemenino.com.ar\\\/wp-content\\\/uploads\\\/maternidad-trabajo_mujer.jpg\"},{\"@type\":\"BreadcrumbList\",\"@id\":\"https:\\\/\\\/diariofemenino.com.ar\\\/df\\\/las-mujeres-estarian-pagando-un-alto-precio-por-su-maternidad-segun-el-informe-sobre-brecha-salarial-de-genero-de-la-ocde\\\/#breadcrumb\",\"itemListElement\":[{\"@type\":\"ListItem\",\"position\":1,\"name\":\"Portada\",\"item\":\"https:\\\/\\\/diariofemenino.com.ar\\\/df\\\/\"},{\"@type\":\"ListItem\",\"position\":2,\"name\":\"Las mujeres estar\u00edan pagando un alto precio por su maternidad, seg\u00fan el informe sobre brecha salarial de g\u00e9nero de la OCDE\"}]},{\"@type\":\"WebSite\",\"@id\":\"https:\\\/\\\/diariofemenino.com.ar\\\/df\\\/#website\",\"url\":\"https:\\\/\\\/diariofemenino.com.ar\\\/df\\\/\",\"name\":\"Diario Digital Femenino\",\"description\":\"Cuesti\u00f3n de G\u00e9nero\",\"publisher\":{\"@id\":\"https:\\\/\\\/diariofemenino.com.ar\\\/df\\\/#organization\"},\"potentialAction\":[{\"@type\":\"SearchAction\",\"target\":{\"@type\":\"EntryPoint\",\"urlTemplate\":\"https:\\\/\\\/diariofemenino.com.ar\\\/df\\\/?s={search_term_string}\"},\"query-input\":{\"@type\":\"PropertyValueSpecification\",\"valueRequired\":true,\"valueName\":\"search_term_string\"}}],\"inLanguage\":\"es\"},{\"@type\":\"Organization\",\"@id\":\"https:\\\/\\\/diariofemenino.com.ar\\\/df\\\/#organization\",\"name\":\"Diario Femenino\",\"url\":\"https:\\\/\\\/diariofemenino.com.ar\\\/df\\\/\",\"logo\":{\"@type\":\"ImageObject\",\"inLanguage\":\"es\",\"@id\":\"https:\\\/\\\/diariofemenino.com.ar\\\/df\\\/#\\\/schema\\\/logo\\\/image\\\/\",\"url\":\"https:\\\/\\\/diariofemenino.com.ar\\\/df\\\/wp-content\\\/uploads\\\/2018\\\/10\\\/logo.png\",\"contentUrl\":\"https:\\\/\\\/diariofemenino.com.ar\\\/df\\\/wp-content\\\/uploads\\\/2018\\\/10\\\/logo.png\",\"width\":500,\"height\":92,\"caption\":\"Diario Femenino\"},\"image\":{\"@id\":\"https:\\\/\\\/diariofemenino.com.ar\\\/df\\\/#\\\/schema\\\/logo\\\/image\\\/\"},\"sameAs\":[\"https:\\\/\\\/www.facebook.com\\\/DiarioDigitaFemenino\\\/\",\"https:\\\/\\\/x.com\\\/DiarioFemenino1\"]},{\"@type\":\"Person\",\"@id\":\"https:\\\/\\\/diariofemenino.com.ar\\\/df\\\/#\\\/schema\\\/person\\\/38f54b3bfd13f561de2460ba95c169c6\",\"name\":\"Admin\",\"image\":{\"@type\":\"ImageObject\",\"inLanguage\":\"es\",\"@id\":\"https:\\\/\\\/diariofemenino.com.ar\\\/df\\\/wp-content\\\/uploads\\\/2018\\\/12\\\/favicon-150x150.jpg\",\"url\":\"https:\\\/\\\/diariofemenino.com.ar\\\/df\\\/wp-content\\\/uploads\\\/2018\\\/12\\\/favicon-150x150.jpg\",\"contentUrl\":\"https:\\\/\\\/diariofemenino.com.ar\\\/df\\\/wp-content\\\/uploads\\\/2018\\\/12\\\/favicon-150x150.jpg\",\"caption\":\"Admin\"},\"url\":\"https:\\\/\\\/diariofemenino.com.ar\\\/df\\\/author\\\/adm18df\\\/\"}]}<\/script>\n<!-- \/ Yoast SEO plugin. -->","yoast_head_json":{"title":"Las mujeres estar\u00edan pagando un alto precio por su maternidad, seg\u00fan el informe sobre brecha salarial de g\u00e9nero de la OCDE - Diario Digital Femenino","robots":{"index":"index","follow":"follow","max-snippet":"max-snippet:-1","max-image-preview":"max-image-preview:large","max-video-preview":"max-video-preview:-1"},"canonical":"https:\/\/diariofemenino.com.ar\/df\/las-mujeres-estarian-pagando-un-alto-precio-por-su-maternidad-segun-el-informe-sobre-brecha-salarial-de-genero-de-la-ocde\/","og_locale":"es_ES","og_type":"article","og_title":"Las mujeres estar\u00edan pagando un alto precio por su maternidad, seg\u00fan el informe sobre brecha salarial de g\u00e9nero de la OCDE - Diario Digital Femenino","og_description":"&nbsp; &nbsp; &nbsp; &nbsp; Se present\u00f3 el informe\u00a0\u201cClosing the Gender Gap: Act Now\u201d (Cerrando la brecha de g\u00e9nero: Actuar ahora) de la Organizaci\u00f3n para la Cooperaci\u00f3n y el Desarrollo Econ\u00f3micos (OCDE) que revela que las mujeres est\u00e1n pagando un alto precio por su maternidad, con elevados gastos de guarder\u00eda, problemas en el acceso a dichas [&hellip;]","og_url":"https:\/\/diariofemenino.com.ar\/df\/las-mujeres-estarian-pagando-un-alto-precio-por-su-maternidad-segun-el-informe-sobre-brecha-salarial-de-genero-de-la-ocde\/","og_site_name":"Diario Digital Femenino","article_publisher":"https:\/\/www.facebook.com\/DiarioDigitaFemenino\/","article_published_time":"2013-02-16T20:18:34+00:00","og_image":[{"url":"http:\/\/www.diariofemenino.com.ar\/wp-content\/uploads\/maternidad-trabajo_mujer.jpg","type":"","width":"","height":""}],"author":"Admin","twitter_card":"summary_large_image","twitter_creator":"@DiarioFemenino1","twitter_site":"@DiarioFemenino1","twitter_misc":{"Escrito por":"Admin","Tiempo de lectura":"4 minutos"},"schema":{"@context":"https:\/\/schema.org","@graph":[{"@type":"Article","@id":"https:\/\/diariofemenino.com.ar\/df\/las-mujeres-estarian-pagando-un-alto-precio-por-su-maternidad-segun-el-informe-sobre-brecha-salarial-de-genero-de-la-ocde\/#article","isPartOf":{"@id":"https:\/\/diariofemenino.com.ar\/df\/las-mujeres-estarian-pagando-un-alto-precio-por-su-maternidad-segun-el-informe-sobre-brecha-salarial-de-genero-de-la-ocde\/"},"author":{"name":"Admin","@id":"https:\/\/diariofemenino.com.ar\/df\/#\/schema\/person\/38f54b3bfd13f561de2460ba95c169c6"},"headline":"Las mujeres estar\u00edan pagando un alto precio por su maternidad, seg\u00fan el informe sobre brecha salarial de g\u00e9nero de la OCDE","datePublished":"2013-02-16T20:18:34+00:00","mainEntityOfPage":{"@id":"https:\/\/diariofemenino.com.ar\/df\/las-mujeres-estarian-pagando-un-alto-precio-por-su-maternidad-segun-el-informe-sobre-brecha-salarial-de-genero-de-la-ocde\/"},"wordCount":819,"commentCount":0,"publisher":{"@id":"https:\/\/diariofemenino.com.ar\/df\/#organization"},"image":{"@id":"https:\/\/diariofemenino.com.ar\/df\/las-mujeres-estarian-pagando-un-alto-precio-por-su-maternidad-segun-el-informe-sobre-brecha-salarial-de-genero-de-la-ocde\/#primaryimage"},"thumbnailUrl":"http:\/\/www.diariofemenino.com.ar\/wp-content\/uploads\/maternidad-trabajo_mujer.jpg","articleSection":["De la Revoluci\u00f3n al Reaprendizaje","Medios"],"inLanguage":"es","potentialAction":[{"@type":"CommentAction","name":"Comment","target":["https:\/\/diariofemenino.com.ar\/df\/las-mujeres-estarian-pagando-un-alto-precio-por-su-maternidad-segun-el-informe-sobre-brecha-salarial-de-genero-de-la-ocde\/#respond"]}]},{"@type":"WebPage","@id":"https:\/\/diariofemenino.com.ar\/df\/las-mujeres-estarian-pagando-un-alto-precio-por-su-maternidad-segun-el-informe-sobre-brecha-salarial-de-genero-de-la-ocde\/","url":"https:\/\/diariofemenino.com.ar\/df\/las-mujeres-estarian-pagando-un-alto-precio-por-su-maternidad-segun-el-informe-sobre-brecha-salarial-de-genero-de-la-ocde\/","name":"Las mujeres estar\u00edan pagando un alto precio por su maternidad, seg\u00fan el informe sobre brecha salarial de g\u00e9nero de la OCDE - Diario Digital Femenino","isPartOf":{"@id":"https:\/\/diariofemenino.com.ar\/df\/#website"},"primaryImageOfPage":{"@id":"https:\/\/diariofemenino.com.ar\/df\/las-mujeres-estarian-pagando-un-alto-precio-por-su-maternidad-segun-el-informe-sobre-brecha-salarial-de-genero-de-la-ocde\/#primaryimage"},"image":{"@id":"https:\/\/diariofemenino.com.ar\/df\/las-mujeres-estarian-pagando-un-alto-precio-por-su-maternidad-segun-el-informe-sobre-brecha-salarial-de-genero-de-la-ocde\/#primaryimage"},"thumbnailUrl":"http:\/\/www.diariofemenino.com.ar\/wp-content\/uploads\/maternidad-trabajo_mujer.jpg","datePublished":"2013-02-16T20:18:34+00:00","breadcrumb":{"@id":"https:\/\/diariofemenino.com.ar\/df\/las-mujeres-estarian-pagando-un-alto-precio-por-su-maternidad-segun-el-informe-sobre-brecha-salarial-de-genero-de-la-ocde\/#breadcrumb"},"inLanguage":"es","potentialAction":[{"@type":"ReadAction","target":["https:\/\/diariofemenino.com.ar\/df\/las-mujeres-estarian-pagando-un-alto-precio-por-su-maternidad-segun-el-informe-sobre-brecha-salarial-de-genero-de-la-ocde\/"]}]},{"@type":"ImageObject","inLanguage":"es","@id":"https:\/\/diariofemenino.com.ar\/df\/las-mujeres-estarian-pagando-un-alto-precio-por-su-maternidad-segun-el-informe-sobre-brecha-salarial-de-genero-de-la-ocde\/#primaryimage","url":"http:\/\/www.diariofemenino.com.ar\/wp-content\/uploads\/maternidad-trabajo_mujer.jpg","contentUrl":"http:\/\/www.diariofemenino.com.ar\/wp-content\/uploads\/maternidad-trabajo_mujer.jpg"},{"@type":"BreadcrumbList","@id":"https:\/\/diariofemenino.com.ar\/df\/las-mujeres-estarian-pagando-un-alto-precio-por-su-maternidad-segun-el-informe-sobre-brecha-salarial-de-genero-de-la-ocde\/#breadcrumb","itemListElement":[{"@type":"ListItem","position":1,"name":"Portada","item":"https:\/\/diariofemenino.com.ar\/df\/"},{"@type":"ListItem","position":2,"name":"Las mujeres estar\u00edan pagando un alto precio por su maternidad, seg\u00fan el informe sobre brecha salarial de g\u00e9nero de la OCDE"}]},{"@type":"WebSite","@id":"https:\/\/diariofemenino.com.ar\/df\/#website","url":"https:\/\/diariofemenino.com.ar\/df\/","name":"Diario Digital Femenino","description":"Cuesti\u00f3n de G\u00e9nero","publisher":{"@id":"https:\/\/diariofemenino.com.ar\/df\/#organization"},"potentialAction":[{"@type":"SearchAction","target":{"@type":"EntryPoint","urlTemplate":"https:\/\/diariofemenino.com.ar\/df\/?s={search_term_string}"},"query-input":{"@type":"PropertyValueSpecification","valueRequired":true,"valueName":"search_term_string"}}],"inLanguage":"es"},{"@type":"Organization","@id":"https:\/\/diariofemenino.com.ar\/df\/#organization","name":"Diario Femenino","url":"https:\/\/diariofemenino.com.ar\/df\/","logo":{"@type":"ImageObject","inLanguage":"es","@id":"https:\/\/diariofemenino.com.ar\/df\/#\/schema\/logo\/image\/","url":"https:\/\/diariofemenino.com.ar\/df\/wp-content\/uploads\/2018\/10\/logo.png","contentUrl":"https:\/\/diariofemenino.com.ar\/df\/wp-content\/uploads\/2018\/10\/logo.png","width":500,"height":92,"caption":"Diario Femenino"},"image":{"@id":"https:\/\/diariofemenino.com.ar\/df\/#\/schema\/logo\/image\/"},"sameAs":["https:\/\/www.facebook.com\/DiarioDigitaFemenino\/","https:\/\/x.com\/DiarioFemenino1"]},{"@type":"Person","@id":"https:\/\/diariofemenino.com.ar\/df\/#\/schema\/person\/38f54b3bfd13f561de2460ba95c169c6","name":"Admin","image":{"@type":"ImageObject","inLanguage":"es","@id":"https:\/\/diariofemenino.com.ar\/df\/wp-content\/uploads\/2018\/12\/favicon-150x150.jpg","url":"https:\/\/diariofemenino.com.ar\/df\/wp-content\/uploads\/2018\/12\/favicon-150x150.jpg","contentUrl":"https:\/\/diariofemenino.com.ar\/df\/wp-content\/uploads\/2018\/12\/favicon-150x150.jpg","caption":"Admin"},"url":"https:\/\/diariofemenino.com.ar\/df\/author\/adm18df\/"}]}},"jetpack_featured_media_url":"","jetpack_sharing_enabled":true,"rttpg_featured_image_url":null,"rttpg_author":{"display_name":"Admin","author_link":"https:\/\/diariofemenino.com.ar\/df\/author\/adm18df\/"},"rttpg_comment":0,"rttpg_category":"<a href=\"https:\/\/diariofemenino.com.ar\/df\/category\/de-la-revolucion-al-reaprendizaje\/\" rel=\"category tag\">De la Revoluci\u00f3n al Reaprendizaje<\/a> <a href=\"https:\/\/diariofemenino.com.ar\/df\/category\/medios\/\" rel=\"category tag\">Medios<\/a>","rttpg_excerpt":"&nbsp; &nbsp; &nbsp; &nbsp; Se present\u00f3 el informe\u00a0\u201cClosing the Gender Gap: Act Now\u201d (Cerrando la brecha de g\u00e9nero: Actuar ahora) de la Organizaci\u00f3n para la Cooperaci\u00f3n y el Desarrollo Econ\u00f3micos (OCDE) que revela que las mujeres est\u00e1n pagando un alto precio por su maternidad, con elevados gastos de guarder\u00eda, problemas en el acceso a dichas&hellip;","_links":{"self":[{"href":"https:\/\/diariofemenino.com.ar\/df\/wp-json\/wp\/v2\/posts\/5537","targetHints":{"allow":["GET"]}}],"collection":[{"href":"https:\/\/diariofemenino.com.ar\/df\/wp-json\/wp\/v2\/posts"}],"about":[{"href":"https:\/\/diariofemenino.com.ar\/df\/wp-json\/wp\/v2\/types\/post"}],"author":[{"embeddable":true,"href":"https:\/\/diariofemenino.com.ar\/df\/wp-json\/wp\/v2\/users\/1"}],"replies":[{"embeddable":true,"href":"https:\/\/diariofemenino.com.ar\/df\/wp-json\/wp\/v2\/comments?post=5537"}],"version-history":[{"count":0,"href":"https:\/\/diariofemenino.com.ar\/df\/wp-json\/wp\/v2\/posts\/5537\/revisions"}],"wp:attachment":[{"href":"https:\/\/diariofemenino.com.ar\/df\/wp-json\/wp\/v2\/media?parent=5537"}],"wp:term":[{"taxonomy":"category","embeddable":true,"href":"https:\/\/diariofemenino.com.ar\/df\/wp-json\/wp\/v2\/categories?post=5537"},{"taxonomy":"post_tag","embeddable":true,"href":"https:\/\/diariofemenino.com.ar\/df\/wp-json\/wp\/v2\/tags?post=5537"}],"curies":[{"name":"wp","href":"https:\/\/api.w.org\/{rel}","templated":true}]}}