{"id":5518,"date":"2013-02-13T18:00:10","date_gmt":"2013-02-13T21:00:10","guid":{"rendered":"http:\/\/www.diariofemenino.com.ar\/?p=5518"},"modified":"2013-02-13T18:00:10","modified_gmt":"2013-02-13T21:00:10","slug":"bolivia-30-anos-para-casos-de-femicidio-y-castrarian-a-violadores","status":"publish","type":"post","link":"https:\/\/diariofemenino.com.ar\/df\/bolivia-30-anos-para-casos-de-femicidio-y-castrarian-a-violadores\/","title":{"rendered":"Bolivia: 30 a\u00f1os para casos de femicidio y castrar\u00edan a violadores"},"content":{"rendered":"<p>&nbsp;<br \/>\n&nbsp;<br \/>\n&nbsp;<br \/>\n&nbsp;<br \/>\nEl a\u00f1o pasado, se cometieron entre 120 a 140 casos de violencia de g\u00e9nero y m\u00e1s de 100 mil denuncias de agresiones violentas contra las mujeres.<br \/>\n<a href=\"http:\/\/www.diariofemenino.com.ar\/wp-content\/uploads\/bolivia-30-anos-casos-femicidio-y-castrarian-violadores.jpg\"><img loading=\"lazy\" decoding=\"async\" class=\"alignnone size-full wp-image-5519\" title=\"bolivia-30-anos-casos-femicidio-y-castrarian-violadores\" src=\"http:\/\/www.diariofemenino.com.ar\/wp-content\/uploads\/bolivia-30-anos-casos-femicidio-y-castrarian-violadores.jpg\" alt=\"\" width=\"601\" height=\"341\" \/><\/a><br \/>\n13-02-2013. El Gobierno de Bolivia anunci\u00f3 hoy que el Congreso aprobar\u00e1 lo m\u00e1s pronto posible una ley de protecci\u00f3n a las mujeres que castigar\u00e1 con 30 a\u00f1os de c\u00e1rcel el femicidio y\u00a0<strong>debatir\u00e1 una propuesta de castraci\u00f3n qu\u00edmica para los violadores<\/strong>.<br \/>\nEl vicepresidente del pa\u00eds y presidente del Legislativo, \u00c1lvaro Garc\u00eda Linera, hizo el anuncio durante una rueda de prensa en la que<strong>\u00a0lament\u00f3 el asesinato de la periodista Hanal\u00ed Huaycho, muerta ayer a manos de su esposo<\/strong>, el teniente de polic\u00eda Jorge Clavijo, que est\u00e1 pr\u00f3fugo.<br \/>\nHuaycho<strong>\u00a0recibi\u00f3 trece pu\u00f1aladas\u00a0<\/strong>el martes delante de su hijo de cinco a\u00f1os y muri\u00f3 cuando era trasladada a un hospital de La Paz despu\u00e9s de que otros centros sanitarios de la vecina ciudad de El Alto no pudieran atenderla por falta de espacio.<br \/>\nEl crimen conmovi\u00f3 hoy a un pa\u00eds que registra<strong>\u00a0uno de los \u00edndices m\u00e1s altos de violencia dom\u00e9stica<\/strong>\u00a0contra la mujer en el continente americano, seg\u00fan Garc\u00eda Linera.<br \/>\nEn Bolivia,\u00a0<strong>en 2012 se cometieron entre 120 y 140 femicidios<\/strong>, seg\u00fan diversas fuentes, pero adem\u00e1s cada a\u00f1o se reportan m\u00e1s de cien mil denuncias de agresiones violentas contra las mujeres.<br \/>\nLa ley modificar\u00e1 el C\u00f3digo Penal para introducir como delito el \u00ab<strong>femicidio<\/strong>\u00ab, definido como el asesinato \u00abde una mujer por su condici\u00f3n de mujer\u00bb con \u00abuna sanci\u00f3n de 30 a\u00f1os de c\u00e1rcel\u00bb, explic\u00f3 el vicepresidente.<br \/>\nTambi\u00e9n apostill\u00f3 que en estos casos<strong>\u00a0no se aceptar\u00e1n atenuantes ni habr\u00e1 posibilidad de indulto<\/strong>.<br \/>\nCualquier tipo de violencia f\u00edsica contra las mujeres ser\u00e1 castigada con penas de 4 a 8 a\u00f1os de prisi\u00f3n y los delitos ser\u00e1n juzgados por tribunales especiales creados para la atenci\u00f3n de estas denuncias, agreg\u00f3.<br \/>\nLas organizaciones feministas y defensoras de la mujer han denunciado varias veces que la legislaci\u00f3n penal actua<strong>l tipifica el asesinato de mujeres por violencia machista\u00a0<\/strong>como \u00abhomicidio por emoci\u00f3n violenta\u00bb con una pena m\u00e1xima de seis a\u00f1os de prisi\u00f3n.<br \/>\nGarc\u00eda Linera dijo que \u00ablo m\u00e1s terrible\u00bb es que en los \u00faltimos a\u00f1os\u00a0<strong>solo se han dictado 51 sentencias contra agresores de mujeres<\/strong>, lo que demuestra que las denuncias \u00abno sirven para nada\u00bb.<\/p>\n","protected":false},"excerpt":{"rendered":"<p>&nbsp; &nbsp; &nbsp; &nbsp; El a\u00f1o pasado, se cometieron entre 120 a 140 casos de violencia de g\u00e9nero y m\u00e1s de 100 mil denuncias de agresiones violentas contra las mujeres. 13-02-2013. El Gobierno de Bolivia anunci\u00f3 hoy que el Congreso aprobar\u00e1 lo m\u00e1s pronto posible una ley de protecci\u00f3n a las mujeres que castigar\u00e1 con [&hellip;]<\/p>\n","protected":false},"author":1,"featured_media":0,"comment_status":"open","ping_status":"open","sticky":false,"template":"","format":"standard","meta":{"iawp_total_views":7,"footnotes":""},"categories":[3,5,4,13],"tags":[],"class_list":["post-5518","post","type-post","status-publish","format-standard","hentry","category-de-la-revolucion-al-reaprendizaje","category-historias-de-vida","category-medios","category-mujeres-sindicalistas"],"nelio_content":{"autoShareEndMode":"never","automationSources":{"useCustomSentences":false,"customSentences":[]},"efiAlt":"","efiUrl":"","followers":[],"highlights":[],"isAutoShareEnabled":true,"networkImageIds":[],"permalinkQueryArgs":[],"series":[],"suggestedReferences":[]},"yoast_head":"<!-- This site is optimized with the Yoast SEO plugin v27.4 - https:\/\/yoast.com\/product\/yoast-seo-wordpress\/ -->\n<title>Bolivia: 30 a\u00f1os para casos de femicidio y castrar\u00edan a violadores - Diario Digital Femenino<\/title>\n<meta name=\"robots\" content=\"index, follow, max-snippet:-1, max-image-preview:large, max-video-preview:-1\" \/>\n<link rel=\"canonical\" href=\"https:\/\/diariofemenino.com.ar\/df\/bolivia-30-anos-para-casos-de-femicidio-y-castrarian-a-violadores\/\" \/>\n<meta property=\"og:locale\" content=\"es_ES\" \/>\n<meta property=\"og:type\" content=\"article\" \/>\n<meta property=\"og:title\" content=\"Bolivia: 30 a\u00f1os para casos de femicidio y castrar\u00edan a violadores - Diario Digital Femenino\" \/>\n<meta property=\"og:description\" content=\"&nbsp; &nbsp; &nbsp; &nbsp; El a\u00f1o pasado, se cometieron entre 120 a 140 casos de violencia de g\u00e9nero y m\u00e1s de 100 mil denuncias de agresiones violentas contra las mujeres. 13-02-2013. El Gobierno de Bolivia anunci\u00f3 hoy que el Congreso aprobar\u00e1 lo m\u00e1s pronto posible una ley de protecci\u00f3n a las mujeres que castigar\u00e1 con [&hellip;]\" \/>\n<meta property=\"og:url\" content=\"https:\/\/diariofemenino.com.ar\/df\/bolivia-30-anos-para-casos-de-femicidio-y-castrarian-a-violadores\/\" \/>\n<meta property=\"og:site_name\" content=\"Diario Digital Femenino\" \/>\n<meta property=\"article:publisher\" content=\"https:\/\/www.facebook.com\/DiarioDigitaFemenino\/\" \/>\n<meta property=\"article:published_time\" content=\"2013-02-13T21:00:10+00:00\" \/>\n<meta property=\"og:image\" content=\"http:\/\/www.diariofemenino.com.ar\/wp-content\/uploads\/bolivia-30-anos-casos-femicidio-y-castrarian-violadores.jpg\" \/>\n<meta name=\"author\" content=\"Admin\" \/>\n<meta name=\"twitter:card\" content=\"summary_large_image\" \/>\n<meta name=\"twitter:creator\" content=\"@DiarioFemenino1\" \/>\n<meta name=\"twitter:site\" content=\"@DiarioFemenino1\" \/>\n<meta name=\"twitter:label1\" content=\"Escrito por\" \/>\n\t<meta name=\"twitter:data1\" content=\"Admin\" \/>\n\t<meta name=\"twitter:label2\" content=\"Tiempo de lectura\" \/>\n\t<meta name=\"twitter:data2\" content=\"2 minutos\" \/>\n<script type=\"application\/ld+json\" class=\"yoast-schema-graph\">{\"@context\":\"https:\\\/\\\/schema.org\",\"@graph\":[{\"@type\":\"Article\",\"@id\":\"https:\\\/\\\/diariofemenino.com.ar\\\/df\\\/bolivia-30-anos-para-casos-de-femicidio-y-castrarian-a-violadores\\\/#article\",\"isPartOf\":{\"@id\":\"https:\\\/\\\/diariofemenino.com.ar\\\/df\\\/bolivia-30-anos-para-casos-de-femicidio-y-castrarian-a-violadores\\\/\"},\"author\":{\"name\":\"Admin\",\"@id\":\"https:\\\/\\\/diariofemenino.com.ar\\\/df\\\/#\\\/schema\\\/person\\\/38f54b3bfd13f561de2460ba95c169c6\"},\"headline\":\"Bolivia: 30 a\u00f1os para casos de femicidio y castrar\u00edan a violadores\",\"datePublished\":\"2013-02-13T21:00:10+00:00\",\"mainEntityOfPage\":{\"@id\":\"https:\\\/\\\/diariofemenino.com.ar\\\/df\\\/bolivia-30-anos-para-casos-de-femicidio-y-castrarian-a-violadores\\\/\"},\"wordCount\":424,\"commentCount\":0,\"publisher\":{\"@id\":\"https:\\\/\\\/diariofemenino.com.ar\\\/df\\\/#organization\"},\"image\":{\"@id\":\"https:\\\/\\\/diariofemenino.com.ar\\\/df\\\/bolivia-30-anos-para-casos-de-femicidio-y-castrarian-a-violadores\\\/#primaryimage\"},\"thumbnailUrl\":\"http:\\\/\\\/www.diariofemenino.com.ar\\\/wp-content\\\/uploads\\\/bolivia-30-anos-casos-femicidio-y-castrarian-violadores.jpg\",\"articleSection\":[\"De la Revoluci\u00f3n al Reaprendizaje\",\"Historias de vida\",\"Medios\",\"Mujeres Sindicalistas\"],\"inLanguage\":\"es\",\"potentialAction\":[{\"@type\":\"CommentAction\",\"name\":\"Comment\",\"target\":[\"https:\\\/\\\/diariofemenino.com.ar\\\/df\\\/bolivia-30-anos-para-casos-de-femicidio-y-castrarian-a-violadores\\\/#respond\"]}]},{\"@type\":\"WebPage\",\"@id\":\"https:\\\/\\\/diariofemenino.com.ar\\\/df\\\/bolivia-30-anos-para-casos-de-femicidio-y-castrarian-a-violadores\\\/\",\"url\":\"https:\\\/\\\/diariofemenino.com.ar\\\/df\\\/bolivia-30-anos-para-casos-de-femicidio-y-castrarian-a-violadores\\\/\",\"name\":\"Bolivia: 30 a\u00f1os para casos de femicidio y castrar\u00edan a violadores - Diario Digital Femenino\",\"isPartOf\":{\"@id\":\"https:\\\/\\\/diariofemenino.com.ar\\\/df\\\/#website\"},\"primaryImageOfPage\":{\"@id\":\"https:\\\/\\\/diariofemenino.com.ar\\\/df\\\/bolivia-30-anos-para-casos-de-femicidio-y-castrarian-a-violadores\\\/#primaryimage\"},\"image\":{\"@id\":\"https:\\\/\\\/diariofemenino.com.ar\\\/df\\\/bolivia-30-anos-para-casos-de-femicidio-y-castrarian-a-violadores\\\/#primaryimage\"},\"thumbnailUrl\":\"http:\\\/\\\/www.diariofemenino.com.ar\\\/wp-content\\\/uploads\\\/bolivia-30-anos-casos-femicidio-y-castrarian-violadores.jpg\",\"datePublished\":\"2013-02-13T21:00:10+00:00\",\"breadcrumb\":{\"@id\":\"https:\\\/\\\/diariofemenino.com.ar\\\/df\\\/bolivia-30-anos-para-casos-de-femicidio-y-castrarian-a-violadores\\\/#breadcrumb\"},\"inLanguage\":\"es\",\"potentialAction\":[{\"@type\":\"ReadAction\",\"target\":[\"https:\\\/\\\/diariofemenino.com.ar\\\/df\\\/bolivia-30-anos-para-casos-de-femicidio-y-castrarian-a-violadores\\\/\"]}]},{\"@type\":\"ImageObject\",\"inLanguage\":\"es\",\"@id\":\"https:\\\/\\\/diariofemenino.com.ar\\\/df\\\/bolivia-30-anos-para-casos-de-femicidio-y-castrarian-a-violadores\\\/#primaryimage\",\"url\":\"http:\\\/\\\/www.diariofemenino.com.ar\\\/wp-content\\\/uploads\\\/bolivia-30-anos-casos-femicidio-y-castrarian-violadores.jpg\",\"contentUrl\":\"http:\\\/\\\/www.diariofemenino.com.ar\\\/wp-content\\\/uploads\\\/bolivia-30-anos-casos-femicidio-y-castrarian-violadores.jpg\"},{\"@type\":\"BreadcrumbList\",\"@id\":\"https:\\\/\\\/diariofemenino.com.ar\\\/df\\\/bolivia-30-anos-para-casos-de-femicidio-y-castrarian-a-violadores\\\/#breadcrumb\",\"itemListElement\":[{\"@type\":\"ListItem\",\"position\":1,\"name\":\"Portada\",\"item\":\"https:\\\/\\\/diariofemenino.com.ar\\\/df\\\/\"},{\"@type\":\"ListItem\",\"position\":2,\"name\":\"Bolivia: 30 a\u00f1os para casos de femicidio y castrar\u00edan a violadores\"}]},{\"@type\":\"WebSite\",\"@id\":\"https:\\\/\\\/diariofemenino.com.ar\\\/df\\\/#website\",\"url\":\"https:\\\/\\\/diariofemenino.com.ar\\\/df\\\/\",\"name\":\"Diario Digital Femenino\",\"description\":\"Cuesti\u00f3n de G\u00e9nero\",\"publisher\":{\"@id\":\"https:\\\/\\\/diariofemenino.com.ar\\\/df\\\/#organization\"},\"potentialAction\":[{\"@type\":\"SearchAction\",\"target\":{\"@type\":\"EntryPoint\",\"urlTemplate\":\"https:\\\/\\\/diariofemenino.com.ar\\\/df\\\/?s={search_term_string}\"},\"query-input\":{\"@type\":\"PropertyValueSpecification\",\"valueRequired\":true,\"valueName\":\"search_term_string\"}}],\"inLanguage\":\"es\"},{\"@type\":\"Organization\",\"@id\":\"https:\\\/\\\/diariofemenino.com.ar\\\/df\\\/#organization\",\"name\":\"Diario Femenino\",\"url\":\"https:\\\/\\\/diariofemenino.com.ar\\\/df\\\/\",\"logo\":{\"@type\":\"ImageObject\",\"inLanguage\":\"es\",\"@id\":\"https:\\\/\\\/diariofemenino.com.ar\\\/df\\\/#\\\/schema\\\/logo\\\/image\\\/\",\"url\":\"https:\\\/\\\/diariofemenino.com.ar\\\/df\\\/wp-content\\\/uploads\\\/2018\\\/10\\\/logo.png\",\"contentUrl\":\"https:\\\/\\\/diariofemenino.com.ar\\\/df\\\/wp-content\\\/uploads\\\/2018\\\/10\\\/logo.png\",\"width\":500,\"height\":92,\"caption\":\"Diario Femenino\"},\"image\":{\"@id\":\"https:\\\/\\\/diariofemenino.com.ar\\\/df\\\/#\\\/schema\\\/logo\\\/image\\\/\"},\"sameAs\":[\"https:\\\/\\\/www.facebook.com\\\/DiarioDigitaFemenino\\\/\",\"https:\\\/\\\/x.com\\\/DiarioFemenino1\"]},{\"@type\":\"Person\",\"@id\":\"https:\\\/\\\/diariofemenino.com.ar\\\/df\\\/#\\\/schema\\\/person\\\/38f54b3bfd13f561de2460ba95c169c6\",\"name\":\"Admin\",\"image\":{\"@type\":\"ImageObject\",\"inLanguage\":\"es\",\"@id\":\"https:\\\/\\\/diariofemenino.com.ar\\\/df\\\/wp-content\\\/uploads\\\/2018\\\/12\\\/favicon-150x150.jpg\",\"url\":\"https:\\\/\\\/diariofemenino.com.ar\\\/df\\\/wp-content\\\/uploads\\\/2018\\\/12\\\/favicon-150x150.jpg\",\"contentUrl\":\"https:\\\/\\\/diariofemenino.com.ar\\\/df\\\/wp-content\\\/uploads\\\/2018\\\/12\\\/favicon-150x150.jpg\",\"caption\":\"Admin\"},\"url\":\"https:\\\/\\\/diariofemenino.com.ar\\\/df\\\/author\\\/adm18df\\\/\"}]}<\/script>\n<!-- \/ Yoast SEO plugin. -->","yoast_head_json":{"title":"Bolivia: 30 a\u00f1os para casos de femicidio y castrar\u00edan a violadores - Diario Digital Femenino","robots":{"index":"index","follow":"follow","max-snippet":"max-snippet:-1","max-image-preview":"max-image-preview:large","max-video-preview":"max-video-preview:-1"},"canonical":"https:\/\/diariofemenino.com.ar\/df\/bolivia-30-anos-para-casos-de-femicidio-y-castrarian-a-violadores\/","og_locale":"es_ES","og_type":"article","og_title":"Bolivia: 30 a\u00f1os para casos de femicidio y castrar\u00edan a violadores - Diario Digital Femenino","og_description":"&nbsp; &nbsp; &nbsp; &nbsp; El a\u00f1o pasado, se cometieron entre 120 a 140 casos de violencia de g\u00e9nero y m\u00e1s de 100 mil denuncias de agresiones violentas contra las mujeres. 13-02-2013. El Gobierno de Bolivia anunci\u00f3 hoy que el Congreso aprobar\u00e1 lo m\u00e1s pronto posible una ley de protecci\u00f3n a las mujeres que castigar\u00e1 con [&hellip;]","og_url":"https:\/\/diariofemenino.com.ar\/df\/bolivia-30-anos-para-casos-de-femicidio-y-castrarian-a-violadores\/","og_site_name":"Diario Digital Femenino","article_publisher":"https:\/\/www.facebook.com\/DiarioDigitaFemenino\/","article_published_time":"2013-02-13T21:00:10+00:00","og_image":[{"url":"http:\/\/www.diariofemenino.com.ar\/wp-content\/uploads\/bolivia-30-anos-casos-femicidio-y-castrarian-violadores.jpg","type":"","width":"","height":""}],"author":"Admin","twitter_card":"summary_large_image","twitter_creator":"@DiarioFemenino1","twitter_site":"@DiarioFemenino1","twitter_misc":{"Escrito por":"Admin","Tiempo de lectura":"2 minutos"},"schema":{"@context":"https:\/\/schema.org","@graph":[{"@type":"Article","@id":"https:\/\/diariofemenino.com.ar\/df\/bolivia-30-anos-para-casos-de-femicidio-y-castrarian-a-violadores\/#article","isPartOf":{"@id":"https:\/\/diariofemenino.com.ar\/df\/bolivia-30-anos-para-casos-de-femicidio-y-castrarian-a-violadores\/"},"author":{"name":"Admin","@id":"https:\/\/diariofemenino.com.ar\/df\/#\/schema\/person\/38f54b3bfd13f561de2460ba95c169c6"},"headline":"Bolivia: 30 a\u00f1os para casos de femicidio y castrar\u00edan a violadores","datePublished":"2013-02-13T21:00:10+00:00","mainEntityOfPage":{"@id":"https:\/\/diariofemenino.com.ar\/df\/bolivia-30-anos-para-casos-de-femicidio-y-castrarian-a-violadores\/"},"wordCount":424,"commentCount":0,"publisher":{"@id":"https:\/\/diariofemenino.com.ar\/df\/#organization"},"image":{"@id":"https:\/\/diariofemenino.com.ar\/df\/bolivia-30-anos-para-casos-de-femicidio-y-castrarian-a-violadores\/#primaryimage"},"thumbnailUrl":"http:\/\/www.diariofemenino.com.ar\/wp-content\/uploads\/bolivia-30-anos-casos-femicidio-y-castrarian-violadores.jpg","articleSection":["De la Revoluci\u00f3n al Reaprendizaje","Historias de vida","Medios","Mujeres Sindicalistas"],"inLanguage":"es","potentialAction":[{"@type":"CommentAction","name":"Comment","target":["https:\/\/diariofemenino.com.ar\/df\/bolivia-30-anos-para-casos-de-femicidio-y-castrarian-a-violadores\/#respond"]}]},{"@type":"WebPage","@id":"https:\/\/diariofemenino.com.ar\/df\/bolivia-30-anos-para-casos-de-femicidio-y-castrarian-a-violadores\/","url":"https:\/\/diariofemenino.com.ar\/df\/bolivia-30-anos-para-casos-de-femicidio-y-castrarian-a-violadores\/","name":"Bolivia: 30 a\u00f1os para casos de femicidio y castrar\u00edan a violadores - Diario Digital Femenino","isPartOf":{"@id":"https:\/\/diariofemenino.com.ar\/df\/#website"},"primaryImageOfPage":{"@id":"https:\/\/diariofemenino.com.ar\/df\/bolivia-30-anos-para-casos-de-femicidio-y-castrarian-a-violadores\/#primaryimage"},"image":{"@id":"https:\/\/diariofemenino.com.ar\/df\/bolivia-30-anos-para-casos-de-femicidio-y-castrarian-a-violadores\/#primaryimage"},"thumbnailUrl":"http:\/\/www.diariofemenino.com.ar\/wp-content\/uploads\/bolivia-30-anos-casos-femicidio-y-castrarian-violadores.jpg","datePublished":"2013-02-13T21:00:10+00:00","breadcrumb":{"@id":"https:\/\/diariofemenino.com.ar\/df\/bolivia-30-anos-para-casos-de-femicidio-y-castrarian-a-violadores\/#breadcrumb"},"inLanguage":"es","potentialAction":[{"@type":"ReadAction","target":["https:\/\/diariofemenino.com.ar\/df\/bolivia-30-anos-para-casos-de-femicidio-y-castrarian-a-violadores\/"]}]},{"@type":"ImageObject","inLanguage":"es","@id":"https:\/\/diariofemenino.com.ar\/df\/bolivia-30-anos-para-casos-de-femicidio-y-castrarian-a-violadores\/#primaryimage","url":"http:\/\/www.diariofemenino.com.ar\/wp-content\/uploads\/bolivia-30-anos-casos-femicidio-y-castrarian-violadores.jpg","contentUrl":"http:\/\/www.diariofemenino.com.ar\/wp-content\/uploads\/bolivia-30-anos-casos-femicidio-y-castrarian-violadores.jpg"},{"@type":"BreadcrumbList","@id":"https:\/\/diariofemenino.com.ar\/df\/bolivia-30-anos-para-casos-de-femicidio-y-castrarian-a-violadores\/#breadcrumb","itemListElement":[{"@type":"ListItem","position":1,"name":"Portada","item":"https:\/\/diariofemenino.com.ar\/df\/"},{"@type":"ListItem","position":2,"name":"Bolivia: 30 a\u00f1os para casos de femicidio y castrar\u00edan a violadores"}]},{"@type":"WebSite","@id":"https:\/\/diariofemenino.com.ar\/df\/#website","url":"https:\/\/diariofemenino.com.ar\/df\/","name":"Diario Digital Femenino","description":"Cuesti\u00f3n de G\u00e9nero","publisher":{"@id":"https:\/\/diariofemenino.com.ar\/df\/#organization"},"potentialAction":[{"@type":"SearchAction","target":{"@type":"EntryPoint","urlTemplate":"https:\/\/diariofemenino.com.ar\/df\/?s={search_term_string}"},"query-input":{"@type":"PropertyValueSpecification","valueRequired":true,"valueName":"search_term_string"}}],"inLanguage":"es"},{"@type":"Organization","@id":"https:\/\/diariofemenino.com.ar\/df\/#organization","name":"Diario Femenino","url":"https:\/\/diariofemenino.com.ar\/df\/","logo":{"@type":"ImageObject","inLanguage":"es","@id":"https:\/\/diariofemenino.com.ar\/df\/#\/schema\/logo\/image\/","url":"https:\/\/diariofemenino.com.ar\/df\/wp-content\/uploads\/2018\/10\/logo.png","contentUrl":"https:\/\/diariofemenino.com.ar\/df\/wp-content\/uploads\/2018\/10\/logo.png","width":500,"height":92,"caption":"Diario Femenino"},"image":{"@id":"https:\/\/diariofemenino.com.ar\/df\/#\/schema\/logo\/image\/"},"sameAs":["https:\/\/www.facebook.com\/DiarioDigitaFemenino\/","https:\/\/x.com\/DiarioFemenino1"]},{"@type":"Person","@id":"https:\/\/diariofemenino.com.ar\/df\/#\/schema\/person\/38f54b3bfd13f561de2460ba95c169c6","name":"Admin","image":{"@type":"ImageObject","inLanguage":"es","@id":"https:\/\/diariofemenino.com.ar\/df\/wp-content\/uploads\/2018\/12\/favicon-150x150.jpg","url":"https:\/\/diariofemenino.com.ar\/df\/wp-content\/uploads\/2018\/12\/favicon-150x150.jpg","contentUrl":"https:\/\/diariofemenino.com.ar\/df\/wp-content\/uploads\/2018\/12\/favicon-150x150.jpg","caption":"Admin"},"url":"https:\/\/diariofemenino.com.ar\/df\/author\/adm18df\/"}]}},"jetpack_featured_media_url":"","jetpack_sharing_enabled":true,"rttpg_featured_image_url":null,"rttpg_author":{"display_name":"Admin","author_link":"https:\/\/diariofemenino.com.ar\/df\/author\/adm18df\/"},"rttpg_comment":0,"rttpg_category":"<a href=\"https:\/\/diariofemenino.com.ar\/df\/category\/de-la-revolucion-al-reaprendizaje\/\" rel=\"category tag\">De la Revoluci\u00f3n al Reaprendizaje<\/a> <a href=\"https:\/\/diariofemenino.com.ar\/df\/category\/historias-de-vida\/\" rel=\"category tag\">Historias de vida<\/a> <a href=\"https:\/\/diariofemenino.com.ar\/df\/category\/medios\/\" rel=\"category tag\">Medios<\/a> <a href=\"https:\/\/diariofemenino.com.ar\/df\/category\/mujeres-sindicalistas\/\" rel=\"category tag\">Mujeres Sindicalistas<\/a>","rttpg_excerpt":"&nbsp; &nbsp; &nbsp; &nbsp; El a\u00f1o pasado, se cometieron entre 120 a 140 casos de violencia de g\u00e9nero y m\u00e1s de 100 mil denuncias de agresiones violentas contra las mujeres. 13-02-2013. El Gobierno de Bolivia anunci\u00f3 hoy que el Congreso aprobar\u00e1 lo m\u00e1s pronto posible una ley de protecci\u00f3n a las mujeres que castigar\u00e1 con&hellip;","_links":{"self":[{"href":"https:\/\/diariofemenino.com.ar\/df\/wp-json\/wp\/v2\/posts\/5518","targetHints":{"allow":["GET"]}}],"collection":[{"href":"https:\/\/diariofemenino.com.ar\/df\/wp-json\/wp\/v2\/posts"}],"about":[{"href":"https:\/\/diariofemenino.com.ar\/df\/wp-json\/wp\/v2\/types\/post"}],"author":[{"embeddable":true,"href":"https:\/\/diariofemenino.com.ar\/df\/wp-json\/wp\/v2\/users\/1"}],"replies":[{"embeddable":true,"href":"https:\/\/diariofemenino.com.ar\/df\/wp-json\/wp\/v2\/comments?post=5518"}],"version-history":[{"count":0,"href":"https:\/\/diariofemenino.com.ar\/df\/wp-json\/wp\/v2\/posts\/5518\/revisions"}],"wp:attachment":[{"href":"https:\/\/diariofemenino.com.ar\/df\/wp-json\/wp\/v2\/media?parent=5518"}],"wp:term":[{"taxonomy":"category","embeddable":true,"href":"https:\/\/diariofemenino.com.ar\/df\/wp-json\/wp\/v2\/categories?post=5518"},{"taxonomy":"post_tag","embeddable":true,"href":"https:\/\/diariofemenino.com.ar\/df\/wp-json\/wp\/v2\/tags?post=5518"}],"curies":[{"name":"wp","href":"https:\/\/api.w.org\/{rel}","templated":true}]}}