{"id":5508,"date":"2013-02-02T18:22:25","date_gmt":"2013-02-02T21:22:25","guid":{"rendered":"http:\/\/www.diariofemenino.com.ar\/?p=5508"},"modified":"2013-02-02T18:22:25","modified_gmt":"2013-02-02T21:22:25","slug":"bahia-blanca-se-registraron-mas-de-100-casos-de-violencia-de-genero-en-enero","status":"publish","type":"post","link":"https:\/\/diariofemenino.com.ar\/df\/bahia-blanca-se-registraron-mas-de-100-casos-de-violencia-de-genero-en-enero\/","title":{"rendered":"Bah\u00eda Blanca: Se registraron m\u00e1s de 100 casos de violencia de g\u00e9nero en enero"},"content":{"rendered":"<p>&nbsp;<br \/>\n&nbsp;<br \/>\n<strong>Durante el primer mes del a\u00f1o se denunciaron 104 casos de violencia de g\u00e9nero en el distrito que gestiona el Intendente Bevilacqua. Las cifras informadas son exclusivamente casos ocurridos en el \u00e1mbito<\/strong> <strong>familiar.<\/strong><\/p>\n<div>Seg\u00fan informaron hubo\u00a0<strong>41 casos con lesiones<\/strong>,\u00a0<strong>23 amenazas<\/strong>,\u00a0<strong>21 denuncias\u00a0<\/strong>que registran\u00a0<strong>lesiones\u00a0<\/strong>y\u00a0<strong>amenazas<\/strong>, y un\u00a0<strong>caso<\/strong>\u00a0de\u00a0<strong>privaci\u00f3n\u00a0<\/strong>de la\u00a0<strong>libertad<\/strong>. Hay casos de contacto con hijos, violaci\u00f3n de domicilio, entre otros.<\/div>\n<div><\/div>\n<div>Como refleja el medio local Labrujula24 ocurrieron<strong>\u00a040 casos de delitos<\/strong>sexuales en la ciudad y la zona. M\u00e1s espec\u00edficamente\u00a0<strong>25 causas en Bah\u00eda Blanca<\/strong>,\u00a0<strong>ocho\u00a0<\/strong>en\u00a0<strong>Patagones<\/strong>, dos en\u00a0<strong>Coronel Dorrego<\/strong>, y uno en\u00a0<strong>Coronel Su\u00e1rez<\/strong>,\u00a0<strong>Monte Hermoso<\/strong>,\u00a0<strong>Pedro<\/strong>\u00a0<strong>Luro<\/strong>,\u00a0<strong>Pig\u00fc\u00e9\u00a0<\/strong>y\u00a0<strong>Tres Arroyos<\/strong>.<\/div>\n<div><\/div>\n<div>Entre estos casos se asent\u00f3 una denuncia de abuso sexual en tentativa en Bah\u00eda Blanca y un caso de abuso sexual con acceso carnal en Coronel Su\u00e1rez.<\/div>\n<div><\/div>\n<div><\/div>\n","protected":false},"excerpt":{"rendered":"<p>&nbsp; &nbsp; Durante el primer mes del a\u00f1o se denunciaron 104 casos de violencia de g\u00e9nero en el distrito que gestiona el Intendente Bevilacqua. Las cifras informadas son exclusivamente casos ocurridos en el \u00e1mbito familiar. Seg\u00fan informaron hubo\u00a041 casos con lesiones,\u00a023 amenazas,\u00a021 denuncias\u00a0que registran\u00a0lesiones\u00a0y\u00a0amenazas, y un\u00a0caso\u00a0de\u00a0privaci\u00f3n\u00a0de la\u00a0libertad. Hay casos de contacto con hijos, violaci\u00f3n de [&hellip;]<\/p>\n","protected":false},"author":1,"featured_media":0,"comment_status":"open","ping_status":"open","sticky":false,"template":"","format":"standard","meta":{"iawp_total_views":6,"footnotes":""},"categories":[4,13],"tags":[],"class_list":["post-5508","post","type-post","status-publish","format-standard","hentry","category-medios","category-mujeres-sindicalistas"],"nelio_content":{"autoShareEndMode":"never","automationSources":{"useCustomSentences":false,"customSentences":[]},"efiAlt":"","efiUrl":"","followers":[],"highlights":[],"isAutoShareEnabled":true,"networkImageIds":[],"permalinkQueryArgs":[],"series":[],"suggestedReferences":[]},"yoast_head":"<!-- This site is optimized with the Yoast SEO plugin v27.4 - https:\/\/yoast.com\/product\/yoast-seo-wordpress\/ -->\n<title>Bah\u00eda Blanca: Se registraron m\u00e1s de 100 casos de violencia de g\u00e9nero en enero - Diario Digital Femenino<\/title>\n<meta name=\"robots\" content=\"index, follow, max-snippet:-1, max-image-preview:large, max-video-preview:-1\" \/>\n<link rel=\"canonical\" href=\"https:\/\/diariofemenino.com.ar\/df\/bahia-blanca-se-registraron-mas-de-100-casos-de-violencia-de-genero-en-enero\/\" \/>\n<meta property=\"og:locale\" content=\"es_ES\" \/>\n<meta property=\"og:type\" content=\"article\" \/>\n<meta property=\"og:title\" content=\"Bah\u00eda Blanca: Se registraron m\u00e1s de 100 casos de violencia de g\u00e9nero en enero - Diario Digital Femenino\" \/>\n<meta property=\"og:description\" content=\"&nbsp; &nbsp; Durante el primer mes del a\u00f1o se denunciaron 104 casos de violencia de g\u00e9nero en el distrito que gestiona el Intendente Bevilacqua. Las cifras informadas son exclusivamente casos ocurridos en el \u00e1mbito familiar. Seg\u00fan informaron hubo\u00a041 casos con lesiones,\u00a023 amenazas,\u00a021 denuncias\u00a0que registran\u00a0lesiones\u00a0y\u00a0amenazas, y un\u00a0caso\u00a0de\u00a0privaci\u00f3n\u00a0de la\u00a0libertad. Hay casos de contacto con hijos, violaci\u00f3n de [&hellip;]\" \/>\n<meta property=\"og:url\" content=\"https:\/\/diariofemenino.com.ar\/df\/bahia-blanca-se-registraron-mas-de-100-casos-de-violencia-de-genero-en-enero\/\" \/>\n<meta property=\"og:site_name\" content=\"Diario Digital Femenino\" \/>\n<meta property=\"article:publisher\" content=\"https:\/\/www.facebook.com\/DiarioDigitaFemenino\/\" \/>\n<meta property=\"article:published_time\" content=\"2013-02-02T21:22:25+00:00\" \/>\n<meta property=\"og:image\" content=\"https:\/\/diariofemenino.com.ar\/df\/wp-content\/uploads\/2016\/10\/logo-negro.png\" \/>\n\t<meta property=\"og:image:width\" content=\"855\" \/>\n\t<meta property=\"og:image:height\" content=\"319\" \/>\n\t<meta property=\"og:image:type\" content=\"image\/png\" \/>\n<meta name=\"author\" content=\"Admin\" \/>\n<meta name=\"twitter:card\" content=\"summary_large_image\" \/>\n<meta name=\"twitter:creator\" content=\"@DiarioFemenino1\" \/>\n<meta name=\"twitter:site\" content=\"@DiarioFemenino1\" \/>\n<meta name=\"twitter:label1\" content=\"Escrito por\" \/>\n\t<meta name=\"twitter:data1\" content=\"Admin\" \/>\n\t<meta name=\"twitter:label2\" content=\"Tiempo de lectura\" \/>\n\t<meta name=\"twitter:data2\" content=\"1 minuto\" \/>\n<script type=\"application\/ld+json\" class=\"yoast-schema-graph\">{\"@context\":\"https:\\\/\\\/schema.org\",\"@graph\":[{\"@type\":\"Article\",\"@id\":\"https:\\\/\\\/diariofemenino.com.ar\\\/df\\\/bahia-blanca-se-registraron-mas-de-100-casos-de-violencia-de-genero-en-enero\\\/#article\",\"isPartOf\":{\"@id\":\"https:\\\/\\\/diariofemenino.com.ar\\\/df\\\/bahia-blanca-se-registraron-mas-de-100-casos-de-violencia-de-genero-en-enero\\\/\"},\"author\":{\"name\":\"Admin\",\"@id\":\"https:\\\/\\\/diariofemenino.com.ar\\\/df\\\/#\\\/schema\\\/person\\\/38f54b3bfd13f561de2460ba95c169c6\"},\"headline\":\"Bah\u00eda Blanca: Se registraron m\u00e1s de 100 casos de violencia de g\u00e9nero en enero\",\"datePublished\":\"2013-02-02T21:22:25+00:00\",\"mainEntityOfPage\":{\"@id\":\"https:\\\/\\\/diariofemenino.com.ar\\\/df\\\/bahia-blanca-se-registraron-mas-de-100-casos-de-violencia-de-genero-en-enero\\\/\"},\"wordCount\":162,\"commentCount\":0,\"publisher\":{\"@id\":\"https:\\\/\\\/diariofemenino.com.ar\\\/df\\\/#organization\"},\"articleSection\":[\"Medios\",\"Mujeres Sindicalistas\"],\"inLanguage\":\"es\",\"potentialAction\":[{\"@type\":\"CommentAction\",\"name\":\"Comment\",\"target\":[\"https:\\\/\\\/diariofemenino.com.ar\\\/df\\\/bahia-blanca-se-registraron-mas-de-100-casos-de-violencia-de-genero-en-enero\\\/#respond\"]}]},{\"@type\":\"WebPage\",\"@id\":\"https:\\\/\\\/diariofemenino.com.ar\\\/df\\\/bahia-blanca-se-registraron-mas-de-100-casos-de-violencia-de-genero-en-enero\\\/\",\"url\":\"https:\\\/\\\/diariofemenino.com.ar\\\/df\\\/bahia-blanca-se-registraron-mas-de-100-casos-de-violencia-de-genero-en-enero\\\/\",\"name\":\"Bah\u00eda Blanca: Se registraron m\u00e1s de 100 casos de violencia de g\u00e9nero en enero - Diario Digital Femenino\",\"isPartOf\":{\"@id\":\"https:\\\/\\\/diariofemenino.com.ar\\\/df\\\/#website\"},\"datePublished\":\"2013-02-02T21:22:25+00:00\",\"breadcrumb\":{\"@id\":\"https:\\\/\\\/diariofemenino.com.ar\\\/df\\\/bahia-blanca-se-registraron-mas-de-100-casos-de-violencia-de-genero-en-enero\\\/#breadcrumb\"},\"inLanguage\":\"es\",\"potentialAction\":[{\"@type\":\"ReadAction\",\"target\":[\"https:\\\/\\\/diariofemenino.com.ar\\\/df\\\/bahia-blanca-se-registraron-mas-de-100-casos-de-violencia-de-genero-en-enero\\\/\"]}]},{\"@type\":\"BreadcrumbList\",\"@id\":\"https:\\\/\\\/diariofemenino.com.ar\\\/df\\\/bahia-blanca-se-registraron-mas-de-100-casos-de-violencia-de-genero-en-enero\\\/#breadcrumb\",\"itemListElement\":[{\"@type\":\"ListItem\",\"position\":1,\"name\":\"Portada\",\"item\":\"https:\\\/\\\/diariofemenino.com.ar\\\/df\\\/\"},{\"@type\":\"ListItem\",\"position\":2,\"name\":\"Bah\u00eda Blanca: Se registraron m\u00e1s de 100 casos de violencia de g\u00e9nero en enero\"}]},{\"@type\":\"WebSite\",\"@id\":\"https:\\\/\\\/diariofemenino.com.ar\\\/df\\\/#website\",\"url\":\"https:\\\/\\\/diariofemenino.com.ar\\\/df\\\/\",\"name\":\"Diario Digital Femenino\",\"description\":\"Cuesti\u00f3n de G\u00e9nero\",\"publisher\":{\"@id\":\"https:\\\/\\\/diariofemenino.com.ar\\\/df\\\/#organization\"},\"potentialAction\":[{\"@type\":\"SearchAction\",\"target\":{\"@type\":\"EntryPoint\",\"urlTemplate\":\"https:\\\/\\\/diariofemenino.com.ar\\\/df\\\/?s={search_term_string}\"},\"query-input\":{\"@type\":\"PropertyValueSpecification\",\"valueRequired\":true,\"valueName\":\"search_term_string\"}}],\"inLanguage\":\"es\"},{\"@type\":\"Organization\",\"@id\":\"https:\\\/\\\/diariofemenino.com.ar\\\/df\\\/#organization\",\"name\":\"Diario Femenino\",\"url\":\"https:\\\/\\\/diariofemenino.com.ar\\\/df\\\/\",\"logo\":{\"@type\":\"ImageObject\",\"inLanguage\":\"es\",\"@id\":\"https:\\\/\\\/diariofemenino.com.ar\\\/df\\\/#\\\/schema\\\/logo\\\/image\\\/\",\"url\":\"https:\\\/\\\/diariofemenino.com.ar\\\/df\\\/wp-content\\\/uploads\\\/2018\\\/10\\\/logo.png\",\"contentUrl\":\"https:\\\/\\\/diariofemenino.com.ar\\\/df\\\/wp-content\\\/uploads\\\/2018\\\/10\\\/logo.png\",\"width\":500,\"height\":92,\"caption\":\"Diario Femenino\"},\"image\":{\"@id\":\"https:\\\/\\\/diariofemenino.com.ar\\\/df\\\/#\\\/schema\\\/logo\\\/image\\\/\"},\"sameAs\":[\"https:\\\/\\\/www.facebook.com\\\/DiarioDigitaFemenino\\\/\",\"https:\\\/\\\/x.com\\\/DiarioFemenino1\"]},{\"@type\":\"Person\",\"@id\":\"https:\\\/\\\/diariofemenino.com.ar\\\/df\\\/#\\\/schema\\\/person\\\/38f54b3bfd13f561de2460ba95c169c6\",\"name\":\"Admin\",\"image\":{\"@type\":\"ImageObject\",\"inLanguage\":\"es\",\"@id\":\"https:\\\/\\\/diariofemenino.com.ar\\\/df\\\/wp-content\\\/uploads\\\/2018\\\/12\\\/favicon-150x150.jpg\",\"url\":\"https:\\\/\\\/diariofemenino.com.ar\\\/df\\\/wp-content\\\/uploads\\\/2018\\\/12\\\/favicon-150x150.jpg\",\"contentUrl\":\"https:\\\/\\\/diariofemenino.com.ar\\\/df\\\/wp-content\\\/uploads\\\/2018\\\/12\\\/favicon-150x150.jpg\",\"caption\":\"Admin\"},\"url\":\"https:\\\/\\\/diariofemenino.com.ar\\\/df\\\/author\\\/adm18df\\\/\"}]}<\/script>\n<!-- \/ Yoast SEO plugin. -->","yoast_head_json":{"title":"Bah\u00eda Blanca: Se registraron m\u00e1s de 100 casos de violencia de g\u00e9nero en enero - Diario Digital Femenino","robots":{"index":"index","follow":"follow","max-snippet":"max-snippet:-1","max-image-preview":"max-image-preview:large","max-video-preview":"max-video-preview:-1"},"canonical":"https:\/\/diariofemenino.com.ar\/df\/bahia-blanca-se-registraron-mas-de-100-casos-de-violencia-de-genero-en-enero\/","og_locale":"es_ES","og_type":"article","og_title":"Bah\u00eda Blanca: Se registraron m\u00e1s de 100 casos de violencia de g\u00e9nero en enero - Diario Digital Femenino","og_description":"&nbsp; &nbsp; Durante el primer mes del a\u00f1o se denunciaron 104 casos de violencia de g\u00e9nero en el distrito que gestiona el Intendente Bevilacqua. Las cifras informadas son exclusivamente casos ocurridos en el \u00e1mbito familiar. Seg\u00fan informaron hubo\u00a041 casos con lesiones,\u00a023 amenazas,\u00a021 denuncias\u00a0que registran\u00a0lesiones\u00a0y\u00a0amenazas, y un\u00a0caso\u00a0de\u00a0privaci\u00f3n\u00a0de la\u00a0libertad. Hay casos de contacto con hijos, violaci\u00f3n de [&hellip;]","og_url":"https:\/\/diariofemenino.com.ar\/df\/bahia-blanca-se-registraron-mas-de-100-casos-de-violencia-de-genero-en-enero\/","og_site_name":"Diario Digital Femenino","article_publisher":"https:\/\/www.facebook.com\/DiarioDigitaFemenino\/","article_published_time":"2013-02-02T21:22:25+00:00","og_image":[{"width":855,"height":319,"url":"https:\/\/diariofemenino.com.ar\/df\/wp-content\/uploads\/2016\/10\/logo-negro.png","type":"image\/png"}],"author":"Admin","twitter_card":"summary_large_image","twitter_creator":"@DiarioFemenino1","twitter_site":"@DiarioFemenino1","twitter_misc":{"Escrito por":"Admin","Tiempo de lectura":"1 minuto"},"schema":{"@context":"https:\/\/schema.org","@graph":[{"@type":"Article","@id":"https:\/\/diariofemenino.com.ar\/df\/bahia-blanca-se-registraron-mas-de-100-casos-de-violencia-de-genero-en-enero\/#article","isPartOf":{"@id":"https:\/\/diariofemenino.com.ar\/df\/bahia-blanca-se-registraron-mas-de-100-casos-de-violencia-de-genero-en-enero\/"},"author":{"name":"Admin","@id":"https:\/\/diariofemenino.com.ar\/df\/#\/schema\/person\/38f54b3bfd13f561de2460ba95c169c6"},"headline":"Bah\u00eda Blanca: Se registraron m\u00e1s de 100 casos de violencia de g\u00e9nero en enero","datePublished":"2013-02-02T21:22:25+00:00","mainEntityOfPage":{"@id":"https:\/\/diariofemenino.com.ar\/df\/bahia-blanca-se-registraron-mas-de-100-casos-de-violencia-de-genero-en-enero\/"},"wordCount":162,"commentCount":0,"publisher":{"@id":"https:\/\/diariofemenino.com.ar\/df\/#organization"},"articleSection":["Medios","Mujeres Sindicalistas"],"inLanguage":"es","potentialAction":[{"@type":"CommentAction","name":"Comment","target":["https:\/\/diariofemenino.com.ar\/df\/bahia-blanca-se-registraron-mas-de-100-casos-de-violencia-de-genero-en-enero\/#respond"]}]},{"@type":"WebPage","@id":"https:\/\/diariofemenino.com.ar\/df\/bahia-blanca-se-registraron-mas-de-100-casos-de-violencia-de-genero-en-enero\/","url":"https:\/\/diariofemenino.com.ar\/df\/bahia-blanca-se-registraron-mas-de-100-casos-de-violencia-de-genero-en-enero\/","name":"Bah\u00eda Blanca: Se registraron m\u00e1s de 100 casos de violencia de g\u00e9nero en enero - Diario Digital Femenino","isPartOf":{"@id":"https:\/\/diariofemenino.com.ar\/df\/#website"},"datePublished":"2013-02-02T21:22:25+00:00","breadcrumb":{"@id":"https:\/\/diariofemenino.com.ar\/df\/bahia-blanca-se-registraron-mas-de-100-casos-de-violencia-de-genero-en-enero\/#breadcrumb"},"inLanguage":"es","potentialAction":[{"@type":"ReadAction","target":["https:\/\/diariofemenino.com.ar\/df\/bahia-blanca-se-registraron-mas-de-100-casos-de-violencia-de-genero-en-enero\/"]}]},{"@type":"BreadcrumbList","@id":"https:\/\/diariofemenino.com.ar\/df\/bahia-blanca-se-registraron-mas-de-100-casos-de-violencia-de-genero-en-enero\/#breadcrumb","itemListElement":[{"@type":"ListItem","position":1,"name":"Portada","item":"https:\/\/diariofemenino.com.ar\/df\/"},{"@type":"ListItem","position":2,"name":"Bah\u00eda Blanca: Se registraron m\u00e1s de 100 casos de violencia de g\u00e9nero en enero"}]},{"@type":"WebSite","@id":"https:\/\/diariofemenino.com.ar\/df\/#website","url":"https:\/\/diariofemenino.com.ar\/df\/","name":"Diario Digital Femenino","description":"Cuesti\u00f3n de G\u00e9nero","publisher":{"@id":"https:\/\/diariofemenino.com.ar\/df\/#organization"},"potentialAction":[{"@type":"SearchAction","target":{"@type":"EntryPoint","urlTemplate":"https:\/\/diariofemenino.com.ar\/df\/?s={search_term_string}"},"query-input":{"@type":"PropertyValueSpecification","valueRequired":true,"valueName":"search_term_string"}}],"inLanguage":"es"},{"@type":"Organization","@id":"https:\/\/diariofemenino.com.ar\/df\/#organization","name":"Diario Femenino","url":"https:\/\/diariofemenino.com.ar\/df\/","logo":{"@type":"ImageObject","inLanguage":"es","@id":"https:\/\/diariofemenino.com.ar\/df\/#\/schema\/logo\/image\/","url":"https:\/\/diariofemenino.com.ar\/df\/wp-content\/uploads\/2018\/10\/logo.png","contentUrl":"https:\/\/diariofemenino.com.ar\/df\/wp-content\/uploads\/2018\/10\/logo.png","width":500,"height":92,"caption":"Diario Femenino"},"image":{"@id":"https:\/\/diariofemenino.com.ar\/df\/#\/schema\/logo\/image\/"},"sameAs":["https:\/\/www.facebook.com\/DiarioDigitaFemenino\/","https:\/\/x.com\/DiarioFemenino1"]},{"@type":"Person","@id":"https:\/\/diariofemenino.com.ar\/df\/#\/schema\/person\/38f54b3bfd13f561de2460ba95c169c6","name":"Admin","image":{"@type":"ImageObject","inLanguage":"es","@id":"https:\/\/diariofemenino.com.ar\/df\/wp-content\/uploads\/2018\/12\/favicon-150x150.jpg","url":"https:\/\/diariofemenino.com.ar\/df\/wp-content\/uploads\/2018\/12\/favicon-150x150.jpg","contentUrl":"https:\/\/diariofemenino.com.ar\/df\/wp-content\/uploads\/2018\/12\/favicon-150x150.jpg","caption":"Admin"},"url":"https:\/\/diariofemenino.com.ar\/df\/author\/adm18df\/"}]}},"jetpack_featured_media_url":"","jetpack_sharing_enabled":true,"rttpg_featured_image_url":null,"rttpg_author":{"display_name":"Admin","author_link":"https:\/\/diariofemenino.com.ar\/df\/author\/adm18df\/"},"rttpg_comment":0,"rttpg_category":"<a href=\"https:\/\/diariofemenino.com.ar\/df\/category\/medios\/\" rel=\"category tag\">Medios<\/a> <a href=\"https:\/\/diariofemenino.com.ar\/df\/category\/mujeres-sindicalistas\/\" rel=\"category tag\">Mujeres Sindicalistas<\/a>","rttpg_excerpt":"&nbsp; &nbsp; Durante el primer mes del a\u00f1o se denunciaron 104 casos de violencia de g\u00e9nero en el distrito que gestiona el Intendente Bevilacqua. Las cifras informadas son exclusivamente casos ocurridos en el \u00e1mbito familiar. Seg\u00fan informaron hubo\u00a041 casos con lesiones,\u00a023 amenazas,\u00a021 denuncias\u00a0que registran\u00a0lesiones\u00a0y\u00a0amenazas, y un\u00a0caso\u00a0de\u00a0privaci\u00f3n\u00a0de la\u00a0libertad. Hay casos de contacto con hijos, violaci\u00f3n de&hellip;","_links":{"self":[{"href":"https:\/\/diariofemenino.com.ar\/df\/wp-json\/wp\/v2\/posts\/5508","targetHints":{"allow":["GET"]}}],"collection":[{"href":"https:\/\/diariofemenino.com.ar\/df\/wp-json\/wp\/v2\/posts"}],"about":[{"href":"https:\/\/diariofemenino.com.ar\/df\/wp-json\/wp\/v2\/types\/post"}],"author":[{"embeddable":true,"href":"https:\/\/diariofemenino.com.ar\/df\/wp-json\/wp\/v2\/users\/1"}],"replies":[{"embeddable":true,"href":"https:\/\/diariofemenino.com.ar\/df\/wp-json\/wp\/v2\/comments?post=5508"}],"version-history":[{"count":0,"href":"https:\/\/diariofemenino.com.ar\/df\/wp-json\/wp\/v2\/posts\/5508\/revisions"}],"wp:attachment":[{"href":"https:\/\/diariofemenino.com.ar\/df\/wp-json\/wp\/v2\/media?parent=5508"}],"wp:term":[{"taxonomy":"category","embeddable":true,"href":"https:\/\/diariofemenino.com.ar\/df\/wp-json\/wp\/v2\/categories?post=5508"},{"taxonomy":"post_tag","embeddable":true,"href":"https:\/\/diariofemenino.com.ar\/df\/wp-json\/wp\/v2\/tags?post=5508"}],"curies":[{"name":"wp","href":"https:\/\/api.w.org\/{rel}","templated":true}]}}