{"id":5505,"date":"2013-02-02T18:09:32","date_gmt":"2013-02-02T21:09:32","guid":{"rendered":"http:\/\/www.diariofemenino.com.ar\/?p=5505"},"modified":"2013-02-02T18:09:32","modified_gmt":"2013-02-02T21:09:32","slug":"rescatan-ocho-mujeres-sometidas-por-una-red-de-trata-de-personas","status":"publish","type":"post","link":"https:\/\/diariofemenino.com.ar\/df\/rescatan-ocho-mujeres-sometidas-por-una-red-de-trata-de-personas\/","title":{"rendered":"Rescatan ocho mujeres sometidas por una red de trata de personas"},"content":{"rendered":"<p>&nbsp;<br \/>\n&nbsp;<br \/>\n&nbsp;<br \/>\n<em>Un bar, a 27 kil\u00f3metros de la localidad de Quenum\u00e1, partido de Salliquel\u00f3, en la provincia de Buenos Aires era utilizado como \u00abpantalla\u00bb para que funcionara un prost\u00edbulo en el que las mujeres eran obligadas a ejercer la prostituci\u00f3n.<\/em><br \/>\nPersonal de la Polic\u00eda Federal Argentina rescat\u00f3 a ocho mujeres que eran obligadas a ejercer la prostituci\u00f3n, por una red de trata de personas, en la provincia de Buenos Aires.<br \/>\nEl operativo tuvo lugar en un bar, ubicado al costado de la ruta Provincial 85 y Ruta Provincial 14, a unos 27 kil\u00f3metros de la localidad de Quenum\u00e1, partido de Salliquel\u00f3, inform\u00f3 el Ministerio de Seguridad Nacional.<br \/>\nEl lugar era utilizado como \u2018pantalla\u2019 para que funcionara un prost\u00edbulo donde detectives de la Polic\u00eda Federal de Jun\u00edn rescataron a ocho mujeres, algunas argentinas y otras de nacionalidad paraguaya y brasile\u00f1a, que eran sometidas y obligadas a vivir en condiciones de hacinamiento.<br \/>\nEn el procedimiento, los investigadores adem\u00e1s de detener a la due\u00f1a y al encargado de la denominada barra de tragos del lugar, lograron secuestrar varios elementos \u201cde inter\u00e9s para la causa\u201d.<br \/>\nEn el caso, intervino el Juzgado Federal de Jun\u00edn a cargo de Mat\u00edas Fern\u00e1ndez Pintos, Secretar\u00eda Penal a cargo de Mar\u00eda Mc Intosh. (Telam)<br \/>\n<em><\/em><\/p>\n","protected":false},"excerpt":{"rendered":"<p>&nbsp; &nbsp; &nbsp; Un bar, a 27 kil\u00f3metros de la localidad de Quenum\u00e1, partido de Salliquel\u00f3, en la provincia de Buenos Aires era utilizado como \u00abpantalla\u00bb para que funcionara un prost\u00edbulo en el que las mujeres eran obligadas a ejercer la prostituci\u00f3n. Personal de la Polic\u00eda Federal Argentina rescat\u00f3 a ocho mujeres que eran obligadas [&hellip;]<\/p>\n","protected":false},"author":1,"featured_media":0,"comment_status":"open","ping_status":"open","sticky":false,"template":"","format":"standard","meta":{"iawp_total_views":8,"footnotes":""},"categories":[4,21,15],"tags":[],"class_list":["post-5505","post","type-post","status-publish","format-standard","hentry","category-medios","category-noticias","category-trata-de-personas"],"nelio_content":{"autoShareEndMode":"never","automationSources":{"useCustomSentences":false,"customSentences":[]},"efiAlt":"","efiUrl":"","followers":[],"highlights":[],"isAutoShareEnabled":true,"networkImageIds":[],"permalinkQueryArgs":[],"series":[],"suggestedReferences":[]},"yoast_head":"<!-- This site is optimized with the Yoast SEO plugin v27.4 - https:\/\/yoast.com\/product\/yoast-seo-wordpress\/ -->\n<title>Rescatan ocho mujeres sometidas por una red de trata de personas - Diario Digital Femenino<\/title>\n<meta name=\"robots\" content=\"index, follow, max-snippet:-1, max-image-preview:large, max-video-preview:-1\" \/>\n<link rel=\"canonical\" href=\"https:\/\/diariofemenino.com.ar\/df\/rescatan-ocho-mujeres-sometidas-por-una-red-de-trata-de-personas\/\" \/>\n<meta property=\"og:locale\" content=\"es_ES\" \/>\n<meta property=\"og:type\" content=\"article\" \/>\n<meta property=\"og:title\" content=\"Rescatan ocho mujeres sometidas por una red de trata de personas - Diario Digital Femenino\" \/>\n<meta property=\"og:description\" content=\"&nbsp; &nbsp; &nbsp; Un bar, a 27 kil\u00f3metros de la localidad de Quenum\u00e1, partido de Salliquel\u00f3, en la provincia de Buenos Aires era utilizado como \u00abpantalla\u00bb para que funcionara un prost\u00edbulo en el que las mujeres eran obligadas a ejercer la prostituci\u00f3n. Personal de la Polic\u00eda Federal Argentina rescat\u00f3 a ocho mujeres que eran obligadas [&hellip;]\" \/>\n<meta property=\"og:url\" content=\"https:\/\/diariofemenino.com.ar\/df\/rescatan-ocho-mujeres-sometidas-por-una-red-de-trata-de-personas\/\" \/>\n<meta property=\"og:site_name\" content=\"Diario Digital Femenino\" \/>\n<meta property=\"article:publisher\" content=\"https:\/\/www.facebook.com\/DiarioDigitaFemenino\/\" \/>\n<meta property=\"article:published_time\" content=\"2013-02-02T21:09:32+00:00\" \/>\n<meta property=\"og:image\" content=\"https:\/\/diariofemenino.com.ar\/df\/wp-content\/uploads\/2016\/10\/logo-negro.png\" \/>\n\t<meta property=\"og:image:width\" content=\"855\" \/>\n\t<meta property=\"og:image:height\" content=\"319\" \/>\n\t<meta property=\"og:image:type\" content=\"image\/png\" \/>\n<meta name=\"author\" content=\"Admin\" \/>\n<meta name=\"twitter:card\" content=\"summary_large_image\" \/>\n<meta name=\"twitter:creator\" content=\"@DiarioFemenino1\" \/>\n<meta name=\"twitter:site\" content=\"@DiarioFemenino1\" \/>\n<meta name=\"twitter:label1\" content=\"Escrito por\" \/>\n\t<meta name=\"twitter:data1\" content=\"Admin\" \/>\n\t<meta name=\"twitter:label2\" content=\"Tiempo de lectura\" \/>\n\t<meta name=\"twitter:data2\" content=\"1 minuto\" \/>\n<script type=\"application\/ld+json\" class=\"yoast-schema-graph\">{\"@context\":\"https:\\\/\\\/schema.org\",\"@graph\":[{\"@type\":\"Article\",\"@id\":\"https:\\\/\\\/diariofemenino.com.ar\\\/df\\\/rescatan-ocho-mujeres-sometidas-por-una-red-de-trata-de-personas\\\/#article\",\"isPartOf\":{\"@id\":\"https:\\\/\\\/diariofemenino.com.ar\\\/df\\\/rescatan-ocho-mujeres-sometidas-por-una-red-de-trata-de-personas\\\/\"},\"author\":{\"name\":\"Admin\",\"@id\":\"https:\\\/\\\/diariofemenino.com.ar\\\/df\\\/#\\\/schema\\\/person\\\/38f54b3bfd13f561de2460ba95c169c6\"},\"headline\":\"Rescatan ocho mujeres sometidas por una red de trata de personas\",\"datePublished\":\"2013-02-02T21:09:32+00:00\",\"mainEntityOfPage\":{\"@id\":\"https:\\\/\\\/diariofemenino.com.ar\\\/df\\\/rescatan-ocho-mujeres-sometidas-por-una-red-de-trata-de-personas\\\/\"},\"wordCount\":232,\"commentCount\":0,\"publisher\":{\"@id\":\"https:\\\/\\\/diariofemenino.com.ar\\\/df\\\/#organization\"},\"articleSection\":[\"Medios\",\"Noticias\",\"Trata de Pers.\"],\"inLanguage\":\"es\",\"potentialAction\":[{\"@type\":\"CommentAction\",\"name\":\"Comment\",\"target\":[\"https:\\\/\\\/diariofemenino.com.ar\\\/df\\\/rescatan-ocho-mujeres-sometidas-por-una-red-de-trata-de-personas\\\/#respond\"]}]},{\"@type\":\"WebPage\",\"@id\":\"https:\\\/\\\/diariofemenino.com.ar\\\/df\\\/rescatan-ocho-mujeres-sometidas-por-una-red-de-trata-de-personas\\\/\",\"url\":\"https:\\\/\\\/diariofemenino.com.ar\\\/df\\\/rescatan-ocho-mujeres-sometidas-por-una-red-de-trata-de-personas\\\/\",\"name\":\"Rescatan ocho mujeres sometidas por una red de trata de personas - Diario Digital Femenino\",\"isPartOf\":{\"@id\":\"https:\\\/\\\/diariofemenino.com.ar\\\/df\\\/#website\"},\"datePublished\":\"2013-02-02T21:09:32+00:00\",\"breadcrumb\":{\"@id\":\"https:\\\/\\\/diariofemenino.com.ar\\\/df\\\/rescatan-ocho-mujeres-sometidas-por-una-red-de-trata-de-personas\\\/#breadcrumb\"},\"inLanguage\":\"es\",\"potentialAction\":[{\"@type\":\"ReadAction\",\"target\":[\"https:\\\/\\\/diariofemenino.com.ar\\\/df\\\/rescatan-ocho-mujeres-sometidas-por-una-red-de-trata-de-personas\\\/\"]}]},{\"@type\":\"BreadcrumbList\",\"@id\":\"https:\\\/\\\/diariofemenino.com.ar\\\/df\\\/rescatan-ocho-mujeres-sometidas-por-una-red-de-trata-de-personas\\\/#breadcrumb\",\"itemListElement\":[{\"@type\":\"ListItem\",\"position\":1,\"name\":\"Portada\",\"item\":\"https:\\\/\\\/diariofemenino.com.ar\\\/df\\\/\"},{\"@type\":\"ListItem\",\"position\":2,\"name\":\"Rescatan ocho mujeres sometidas por una red de trata de personas\"}]},{\"@type\":\"WebSite\",\"@id\":\"https:\\\/\\\/diariofemenino.com.ar\\\/df\\\/#website\",\"url\":\"https:\\\/\\\/diariofemenino.com.ar\\\/df\\\/\",\"name\":\"Diario Digital Femenino\",\"description\":\"Cuesti\u00f3n de G\u00e9nero\",\"publisher\":{\"@id\":\"https:\\\/\\\/diariofemenino.com.ar\\\/df\\\/#organization\"},\"potentialAction\":[{\"@type\":\"SearchAction\",\"target\":{\"@type\":\"EntryPoint\",\"urlTemplate\":\"https:\\\/\\\/diariofemenino.com.ar\\\/df\\\/?s={search_term_string}\"},\"query-input\":{\"@type\":\"PropertyValueSpecification\",\"valueRequired\":true,\"valueName\":\"search_term_string\"}}],\"inLanguage\":\"es\"},{\"@type\":\"Organization\",\"@id\":\"https:\\\/\\\/diariofemenino.com.ar\\\/df\\\/#organization\",\"name\":\"Diario Femenino\",\"url\":\"https:\\\/\\\/diariofemenino.com.ar\\\/df\\\/\",\"logo\":{\"@type\":\"ImageObject\",\"inLanguage\":\"es\",\"@id\":\"https:\\\/\\\/diariofemenino.com.ar\\\/df\\\/#\\\/schema\\\/logo\\\/image\\\/\",\"url\":\"https:\\\/\\\/diariofemenino.com.ar\\\/df\\\/wp-content\\\/uploads\\\/2018\\\/10\\\/logo.png\",\"contentUrl\":\"https:\\\/\\\/diariofemenino.com.ar\\\/df\\\/wp-content\\\/uploads\\\/2018\\\/10\\\/logo.png\",\"width\":500,\"height\":92,\"caption\":\"Diario Femenino\"},\"image\":{\"@id\":\"https:\\\/\\\/diariofemenino.com.ar\\\/df\\\/#\\\/schema\\\/logo\\\/image\\\/\"},\"sameAs\":[\"https:\\\/\\\/www.facebook.com\\\/DiarioDigitaFemenino\\\/\",\"https:\\\/\\\/x.com\\\/DiarioFemenino1\"]},{\"@type\":\"Person\",\"@id\":\"https:\\\/\\\/diariofemenino.com.ar\\\/df\\\/#\\\/schema\\\/person\\\/38f54b3bfd13f561de2460ba95c169c6\",\"name\":\"Admin\",\"image\":{\"@type\":\"ImageObject\",\"inLanguage\":\"es\",\"@id\":\"https:\\\/\\\/diariofemenino.com.ar\\\/df\\\/wp-content\\\/uploads\\\/2018\\\/12\\\/favicon-150x150.jpg\",\"url\":\"https:\\\/\\\/diariofemenino.com.ar\\\/df\\\/wp-content\\\/uploads\\\/2018\\\/12\\\/favicon-150x150.jpg\",\"contentUrl\":\"https:\\\/\\\/diariofemenino.com.ar\\\/df\\\/wp-content\\\/uploads\\\/2018\\\/12\\\/favicon-150x150.jpg\",\"caption\":\"Admin\"},\"url\":\"https:\\\/\\\/diariofemenino.com.ar\\\/df\\\/author\\\/adm18df\\\/\"}]}<\/script>\n<!-- \/ Yoast SEO plugin. -->","yoast_head_json":{"title":"Rescatan ocho mujeres sometidas por una red de trata de personas - Diario Digital Femenino","robots":{"index":"index","follow":"follow","max-snippet":"max-snippet:-1","max-image-preview":"max-image-preview:large","max-video-preview":"max-video-preview:-1"},"canonical":"https:\/\/diariofemenino.com.ar\/df\/rescatan-ocho-mujeres-sometidas-por-una-red-de-trata-de-personas\/","og_locale":"es_ES","og_type":"article","og_title":"Rescatan ocho mujeres sometidas por una red de trata de personas - Diario Digital Femenino","og_description":"&nbsp; &nbsp; &nbsp; Un bar, a 27 kil\u00f3metros de la localidad de Quenum\u00e1, partido de Salliquel\u00f3, en la provincia de Buenos Aires era utilizado como \u00abpantalla\u00bb para que funcionara un prost\u00edbulo en el que las mujeres eran obligadas a ejercer la prostituci\u00f3n. Personal de la Polic\u00eda Federal Argentina rescat\u00f3 a ocho mujeres que eran obligadas [&hellip;]","og_url":"https:\/\/diariofemenino.com.ar\/df\/rescatan-ocho-mujeres-sometidas-por-una-red-de-trata-de-personas\/","og_site_name":"Diario Digital Femenino","article_publisher":"https:\/\/www.facebook.com\/DiarioDigitaFemenino\/","article_published_time":"2013-02-02T21:09:32+00:00","og_image":[{"width":855,"height":319,"url":"https:\/\/diariofemenino.com.ar\/df\/wp-content\/uploads\/2016\/10\/logo-negro.png","type":"image\/png"}],"author":"Admin","twitter_card":"summary_large_image","twitter_creator":"@DiarioFemenino1","twitter_site":"@DiarioFemenino1","twitter_misc":{"Escrito por":"Admin","Tiempo de lectura":"1 minuto"},"schema":{"@context":"https:\/\/schema.org","@graph":[{"@type":"Article","@id":"https:\/\/diariofemenino.com.ar\/df\/rescatan-ocho-mujeres-sometidas-por-una-red-de-trata-de-personas\/#article","isPartOf":{"@id":"https:\/\/diariofemenino.com.ar\/df\/rescatan-ocho-mujeres-sometidas-por-una-red-de-trata-de-personas\/"},"author":{"name":"Admin","@id":"https:\/\/diariofemenino.com.ar\/df\/#\/schema\/person\/38f54b3bfd13f561de2460ba95c169c6"},"headline":"Rescatan ocho mujeres sometidas por una red de trata de personas","datePublished":"2013-02-02T21:09:32+00:00","mainEntityOfPage":{"@id":"https:\/\/diariofemenino.com.ar\/df\/rescatan-ocho-mujeres-sometidas-por-una-red-de-trata-de-personas\/"},"wordCount":232,"commentCount":0,"publisher":{"@id":"https:\/\/diariofemenino.com.ar\/df\/#organization"},"articleSection":["Medios","Noticias","Trata de Pers."],"inLanguage":"es","potentialAction":[{"@type":"CommentAction","name":"Comment","target":["https:\/\/diariofemenino.com.ar\/df\/rescatan-ocho-mujeres-sometidas-por-una-red-de-trata-de-personas\/#respond"]}]},{"@type":"WebPage","@id":"https:\/\/diariofemenino.com.ar\/df\/rescatan-ocho-mujeres-sometidas-por-una-red-de-trata-de-personas\/","url":"https:\/\/diariofemenino.com.ar\/df\/rescatan-ocho-mujeres-sometidas-por-una-red-de-trata-de-personas\/","name":"Rescatan ocho mujeres sometidas por una red de trata de personas - Diario Digital Femenino","isPartOf":{"@id":"https:\/\/diariofemenino.com.ar\/df\/#website"},"datePublished":"2013-02-02T21:09:32+00:00","breadcrumb":{"@id":"https:\/\/diariofemenino.com.ar\/df\/rescatan-ocho-mujeres-sometidas-por-una-red-de-trata-de-personas\/#breadcrumb"},"inLanguage":"es","potentialAction":[{"@type":"ReadAction","target":["https:\/\/diariofemenino.com.ar\/df\/rescatan-ocho-mujeres-sometidas-por-una-red-de-trata-de-personas\/"]}]},{"@type":"BreadcrumbList","@id":"https:\/\/diariofemenino.com.ar\/df\/rescatan-ocho-mujeres-sometidas-por-una-red-de-trata-de-personas\/#breadcrumb","itemListElement":[{"@type":"ListItem","position":1,"name":"Portada","item":"https:\/\/diariofemenino.com.ar\/df\/"},{"@type":"ListItem","position":2,"name":"Rescatan ocho mujeres sometidas por una red de trata de personas"}]},{"@type":"WebSite","@id":"https:\/\/diariofemenino.com.ar\/df\/#website","url":"https:\/\/diariofemenino.com.ar\/df\/","name":"Diario Digital Femenino","description":"Cuesti\u00f3n de G\u00e9nero","publisher":{"@id":"https:\/\/diariofemenino.com.ar\/df\/#organization"},"potentialAction":[{"@type":"SearchAction","target":{"@type":"EntryPoint","urlTemplate":"https:\/\/diariofemenino.com.ar\/df\/?s={search_term_string}"},"query-input":{"@type":"PropertyValueSpecification","valueRequired":true,"valueName":"search_term_string"}}],"inLanguage":"es"},{"@type":"Organization","@id":"https:\/\/diariofemenino.com.ar\/df\/#organization","name":"Diario Femenino","url":"https:\/\/diariofemenino.com.ar\/df\/","logo":{"@type":"ImageObject","inLanguage":"es","@id":"https:\/\/diariofemenino.com.ar\/df\/#\/schema\/logo\/image\/","url":"https:\/\/diariofemenino.com.ar\/df\/wp-content\/uploads\/2018\/10\/logo.png","contentUrl":"https:\/\/diariofemenino.com.ar\/df\/wp-content\/uploads\/2018\/10\/logo.png","width":500,"height":92,"caption":"Diario Femenino"},"image":{"@id":"https:\/\/diariofemenino.com.ar\/df\/#\/schema\/logo\/image\/"},"sameAs":["https:\/\/www.facebook.com\/DiarioDigitaFemenino\/","https:\/\/x.com\/DiarioFemenino1"]},{"@type":"Person","@id":"https:\/\/diariofemenino.com.ar\/df\/#\/schema\/person\/38f54b3bfd13f561de2460ba95c169c6","name":"Admin","image":{"@type":"ImageObject","inLanguage":"es","@id":"https:\/\/diariofemenino.com.ar\/df\/wp-content\/uploads\/2018\/12\/favicon-150x150.jpg","url":"https:\/\/diariofemenino.com.ar\/df\/wp-content\/uploads\/2018\/12\/favicon-150x150.jpg","contentUrl":"https:\/\/diariofemenino.com.ar\/df\/wp-content\/uploads\/2018\/12\/favicon-150x150.jpg","caption":"Admin"},"url":"https:\/\/diariofemenino.com.ar\/df\/author\/adm18df\/"}]}},"jetpack_featured_media_url":"","jetpack_sharing_enabled":true,"rttpg_featured_image_url":null,"rttpg_author":{"display_name":"Admin","author_link":"https:\/\/diariofemenino.com.ar\/df\/author\/adm18df\/"},"rttpg_comment":0,"rttpg_category":"<a href=\"https:\/\/diariofemenino.com.ar\/df\/category\/medios\/\" rel=\"category tag\">Medios<\/a> <a href=\"https:\/\/diariofemenino.com.ar\/df\/category\/noticias\/\" rel=\"category tag\">Noticias<\/a> <a href=\"https:\/\/diariofemenino.com.ar\/df\/category\/trata-de-personas\/\" rel=\"category tag\">Trata de Pers.<\/a>","rttpg_excerpt":"&nbsp; &nbsp; &nbsp; Un bar, a 27 kil\u00f3metros de la localidad de Quenum\u00e1, partido de Salliquel\u00f3, en la provincia de Buenos Aires era utilizado como \u00abpantalla\u00bb para que funcionara un prost\u00edbulo en el que las mujeres eran obligadas a ejercer la prostituci\u00f3n. Personal de la Polic\u00eda Federal Argentina rescat\u00f3 a ocho mujeres que eran obligadas&hellip;","_links":{"self":[{"href":"https:\/\/diariofemenino.com.ar\/df\/wp-json\/wp\/v2\/posts\/5505","targetHints":{"allow":["GET"]}}],"collection":[{"href":"https:\/\/diariofemenino.com.ar\/df\/wp-json\/wp\/v2\/posts"}],"about":[{"href":"https:\/\/diariofemenino.com.ar\/df\/wp-json\/wp\/v2\/types\/post"}],"author":[{"embeddable":true,"href":"https:\/\/diariofemenino.com.ar\/df\/wp-json\/wp\/v2\/users\/1"}],"replies":[{"embeddable":true,"href":"https:\/\/diariofemenino.com.ar\/df\/wp-json\/wp\/v2\/comments?post=5505"}],"version-history":[{"count":0,"href":"https:\/\/diariofemenino.com.ar\/df\/wp-json\/wp\/v2\/posts\/5505\/revisions"}],"wp:attachment":[{"href":"https:\/\/diariofemenino.com.ar\/df\/wp-json\/wp\/v2\/media?parent=5505"}],"wp:term":[{"taxonomy":"category","embeddable":true,"href":"https:\/\/diariofemenino.com.ar\/df\/wp-json\/wp\/v2\/categories?post=5505"},{"taxonomy":"post_tag","embeddable":true,"href":"https:\/\/diariofemenino.com.ar\/df\/wp-json\/wp\/v2\/tags?post=5505"}],"curies":[{"name":"wp","href":"https:\/\/api.w.org\/{rel}","templated":true}]}}