{"id":54985,"date":"2021-01-06T12:04:14","date_gmt":"2021-01-06T15:04:14","guid":{"rendered":"https:\/\/diariofemenino.com.ar\/?p=54985"},"modified":"2021-01-06T12:09:28","modified_gmt":"2021-01-06T15:09:28","slug":"repensando-la-proteccion-el-poder-y-los-movimientos","status":"publish","type":"post","link":"https:\/\/diariofemenino.com.ar\/df\/repensando-la-proteccion-el-poder-y-los-movimientos\/","title":{"rendered":"Repensando la protecci\u00f3n, el poder y los movimientos"},"content":{"rendered":"<p>Repensando la protecci\u00f3n, el poder y los movimientos<\/p>\n<p>No necesitamos m\u00e1s compa\u00f1eras asesinadas, m\u00e1s personas presas por motivos pol\u00edticos, m\u00e1s movimientos divididos y vulnerados por la violencia. Debemos dejar de exaltar el riesgo como valor y poner el \u00e9nfasis en el cuidado y la protecci\u00f3n como elementos b\u00e1sicos de la acci\u00f3n pol\u00edtica.<\/p>\n<p>Por: <a href=\"https:\/\/www.pikaramagazine.com\/author\/marusia\/\">Marusia L\u00f3pez<\/a><\/p>\n<p>En la madrugada del 3 de marzo de 2016, hombres armados ingresaron a la casa de la feminista y ambientalista lenca\u00a0<a href=\"https:\/\/diariofemenino.com.ar\/claudia-korol-presenta-su-libro-la-revolucion-de-berta-en-general-pico\/\">Berta C\u00e1ceres<\/a>\u00a0y la asesinaron.\u00a0Berta llevabas a\u00f1os enfrentando amenazas, contra ella y contra su familia, vigilancia, criminalizaci\u00f3n, todo ello en un contexto marcado por la violencia contra las mujeres.\u00a0Fue asesinada a pesar de ser beneficiaria de medidas cautelares otorgadas por la Comisi\u00f3n Interamericana de Derechos Humanos, de haber recibido el prestigioso\u00a0<a href=\"https:\/\/www.goldmanprize.org\/recipient\/berta-caceres\/\">Premio Global de Medio Ambiente Goldman en 2015<\/a>\u00a0y pese a los numerosos programas, campa\u00f1as y redes y organizaciones que apoyaron su protecci\u00f3n y la de su familia. Ni el reconocimiento p\u00fablico ni las medidas de seguridad fueron suficientes para impedir su muerte.<\/p>\n<figure id=\"attachment_54993\" aria-describedby=\"caption-attachment-54993\" style=\"width: 980px\" class=\"wp-caption aligncenter\"><img loading=\"lazy\" decoding=\"async\" class=\"size-full wp-image-54993\" src=\"https:\/\/diariofemenino.com.ar\/df\/wp-content\/uploads\/2021\/01\/cuerpo.jpg\" alt=\"Repensando la protecci\u00f3n, el poder y los movimientos\" width=\"980\" height=\"639\" srcset=\"https:\/\/diariofemenino.com.ar\/df\/wp-content\/uploads\/2021\/01\/cuerpo.jpg 980w, https:\/\/diariofemenino.com.ar\/df\/wp-content\/uploads\/2021\/01\/cuerpo-300x196.jpg 300w, https:\/\/diariofemenino.com.ar\/df\/wp-content\/uploads\/2021\/01\/cuerpo-768x501.jpg 768w\" sizes=\"auto, (max-width: 980px) 100vw, 980px\" \/><figcaption id=\"caption-attachment-54993\" class=\"wp-caption-text\">Repensando la protecci\u00f3n, el poder y los movimientos<\/figcaption><\/figure>\n<p>El asesinato de la compa\u00f1era Berta no fue un caso aislado. Tan solo en 2016,\u00a0<a href=\"https:\/\/www.frontlinedefenders.org\/es\/resource-publication\/annual-report-human-rights-defenders-risk-2016\">Front Line Defenders denunci\u00f3<\/a>\u00a0que 281 personas defensoras de derechos humanos fueron asesinadas en 25 pa\u00edses, la mayor\u00eda de ellas por defender el territorio, los derechos de los pueblos originarios y el medio ambiente.<\/p>\n<p>En\u00a0todo el mundo observamos una oleada creciente de violencia y represi\u00f3n pol\u00edtica contra organizaciones y movimientos sociales, comunidades en resistencia, activistas y defensoras de derechos humanos.\u00a0Estamos ante un cambio en la din\u00e1mica del poder que se expresa en el aumento del control y la influencia de actores privados en los Gobiernos y las instituciones p\u00fablicas. Monopolios empresariales, jerarqu\u00edas religiosas, el crimen organizado y otros grupos que ven\u00edan defendiendo sus intereses tras las bambalinas del poder formal han secuestrado las instituciones y recursos p\u00fablicos, ejerciendo un poder cada vez m\u00e1s visible.<\/p>\n<p>Los Estados debilitados o c\u00f3mplices no s\u00f3lo no defienden a la ciudadan\u00eda, sino que a menudo utilizan la ley y las fuerzas de seguridad para beneficiarse y proteger estos intereses privados, manteniendo la impunidad e intentando suprimir toda disidencia. Adem\u00e1s\u00a0utilizan el racismo, la misoginia y otras formas de discriminaci\u00f3n como forma de control social, miedo y debilitamiento del tejido social y organizativo. Por ello, las mujeres activistas y sus organizaciones est\u00e1n m\u00e1s en riesgo que nunca y las estrategias, mecanismos y medidas de protecci\u00f3n existentes resultan insuficientes para enfrentar esta realidad de violencia.<\/p>\n<p>En este contexto resulta cada vez m\u00e1s urgente revisar cr\u00edticamente y redefinir nuestros enfoques para la protecci\u00f3n de los movimientos sociales y las personas que defienden los derechos humanos. Si bien las respuestas urgentes, la defensa jur\u00eddica o las medidas de seguridad personal siguen siendo vitales, los tiempos exigen un espectro m\u00e1s amplio de estrategias que mejoren la resistencia, la protecci\u00f3n y el tejido social de las comunidades y los movimientos. Para hacerlo\u00a0tenemos mucho que aprender de las mujeres defensoras de derechos humanos y activistas, de los pueblos originarios y las comunidades en resistencia; de sus enfoques innovadores de protecci\u00f3n colectiva y su capacidad para construir poder colectivo en medio de la discriminaci\u00f3n y la violencia extrema.<\/p>\n<p>De acuerdo con nuestra experiencia en la protecci\u00f3n a defensoras de derechos humanos en Mesoam\u00e9rica y el trabajo con nuestras aliadas en la regi\u00f3n, desde JASS \u2013Asociadas por lo Justo- decidimos compartir una serie de an\u00e1lisis cr\u00edticos sobre las estrategias de protecci\u00f3n en el contexto actual a trav\u00e9s de la publicaci\u00f3n \u2018<a href=\"https:\/\/justassociates.org\/es\/publicaciones\/mch-6-repensando-proteccion-poder-movimientos\">Repensando la protecci\u00f3n, el poder y los movimientos<\/a>\u2019, que forma parte de la serie\u00a0<a href=\"https:\/\/justassociates.org\/es\/publicaciones\/haciendo-que-cambio-sea-una-realidad\">Haciendo que el Cambio sea una Realidad\u00a0<\/a>a trav\u00e9s de la cual compartimos ideas y estrategias sobre la justicia social y el trabajo por los derechos de las mujeres.<\/p>\n<p>Este informe contribuye a la necesaria conversaci\u00f3n sobre los cambios en las din\u00e1micas el poder y los desaf\u00edos de las estrategias protecci\u00f3n. Y trata tambi\u00e9n de resaltar las realidades de las mujeres activistas y contribuir a la comprensi\u00f3n colectiva de las estrategias de protecci\u00f3n feminista basadas en el territorio y las comunidades. Cuatro de las ideas fundamentales guiaron nuestro an\u00e1lisis son:<\/p>\n<p><strong>El poder importa.<\/strong><\/p>\n<p>La violencia, ataques, y restricciones contra quienes defienden derechos humanos requieren una comprensi\u00f3n m\u00e1s profunda de las din\u00e1micas del poder y de la desigualdad en todos los \u00e1mbitos de la vida social (incluyendo los espacios considerados privados). Ello incluye el an\u00e1lisis sobre los actores clave, los intereses y las din\u00e1micas que contribuyen a la violencia contra activistas y el deterioro de las democracias, el aumento del poder oculto (actores no estatales que influyen en la esfera formal de la toma de decisi\u00f3n) y su complicidad con el Estado, la mezcla de impunidad, militarizaci\u00f3n y discriminaci\u00f3n que amenaza a las y los defensores y su espacio de activismo, etc. Las estrategias de protecci\u00f3n basadas en una comprensi\u00f3n del contexto que aborda las dimensiones visibles e invisibles del poder tienen m\u00e1s posibilidades de ser relevantes y efectivas.<\/p>\n<p><strong>Las mujeres y el g\u00e9nero importan.<\/strong><\/p>\n<p>Una perspectiva de g\u00e9nero e interseccionalidad no solamente es esencial para entender los riesgos espec\u00edficos y adicionales de las mujeres defensoras y otros grupos hist\u00f3ricamente discriminados, sino que tambi\u00e9n permite reconocer la forma en la que la discriminaci\u00f3n configura la violencia pol\u00edtica. Adem\u00e1s permite que las organizaciones reconozcan c\u00f3mo el estigma, la difamaci\u00f3n y la misoginia impactan y vulneran a las organizaciones, dividen y crean conflictos en las comunidades. Las estrategias que fortalecen el liderazgo, la voz y el poder colectivo de las mujeres dentro de las organizaciones y movimientos son un elemento clave de la protecci\u00f3n colectiva a largo plazo. El enfoque feminista de la protecci\u00f3n permite abordar las violencias que las defensoras viven dentro de sus familias y dentro de sus organizaciones, poner en el centro de las estrategias de los movimientos el cuidado y la seguridad de sus integrantes, integrar la sanaci\u00f3n y la resiliencia personal y colectiva como elementos necesarios para enfrentar y superar la violencia pol\u00edtica.<\/p>\n<p><strong>Las narrativas importan.<\/strong><\/p>\n<p>Los actores estatales y no estatales que est\u00e1n provocando la violencia contra activistas y movimientos, influyen y definen las narrativas para manipular las creencias y la opini\u00f3n p\u00fablica con el objetivo de legitimar sus acciones o desestabilizar y dividir a sus oponentes. Al hacer esto, aprovechan y refuerzan el racismo, el sexismo y otros prejuicios y formas de discriminaci\u00f3n para generar miedo, legitimar la represi\u00f3n, definir qu\u00e9 personas o grupos son portadores de derechos y cu\u00e1les son las voces que cuentan. Las organizaciones y comunidades necesitan dise\u00f1ar y expandir sus propias narrativas para cambiar mentalidades y (re)enfocar el debate y los mensajes.<\/p>\n<p><strong>La organizaci\u00f3n local, las comunidades y los movimientos importan.<\/strong><\/p>\n<p>Debemos ir m\u00e1s all\u00e1 del enfoque individual de la protecci\u00f3n (medidas, acciones y campa\u00f1as centradas en una persona o una organizaci\u00f3n) para fortalecer una visi\u00f3n colectiva de las estrategias de protecci\u00f3n. Toda estrategia para enfrentar y prevenir la violencia pol\u00edtica debe estar basada en las necesidades y prioridades de las comunidades, las activistas y los movimientos de base que est\u00e1n confrontando directamente las amenazas, ataques y asesinatos por su trabajo a favor de los derechos humanos. Para ello se debe apoyar y fortalecer mucho m\u00e1s las estrategias, procesos y sabidur\u00eda de las comunidades y los pueblos para su propia protecci\u00f3n. La protecci\u00f3n de quienes defienden los derechos humanos y sus territorios depende de un compromiso sostenido con la organizaci\u00f3n comunitaria y una mayor alineaci\u00f3n entre organizaciones locales y actores regionales e internacionales.<\/p>\n<p>El incremento acelerado de las amenazas y asesinatos en contra de activistas por los derechos humanos y movimientos sociales est\u00e1 \u00edntimamente vinculado a un modelo pol\u00edtico y econ\u00f3mico que prioriza intereses privados a costa de los derechos de las personas y los pueblos y que est\u00e1 poniendo en riesgo la sostenibilidad de toda la vida en el planeta.<\/p>\n<p>La mejor manera de honrar el legado de Berta y de todas las mujeres y hombres que han sido asesinados por construir un mundo mejor es hacer que nuestros movimientos sean m\u00e1s fuertes y tengan la capacidad de confrontar la violencia y construir un poder transformador. Por eso\u00a0debemos repensar la protecci\u00f3n, ir m\u00e1s all\u00e1 de las respuestas reactivas e individuales y avanzar hacia la protecci\u00f3n colectiva, basada en las comunidades y el fortalecimiento de los movimientos; que aborde las causas estructurales de la violencia y construya condiciones seguras de participaci\u00f3n y defensa de los derechos humanos.<\/p>\n<p>Repensar la protecci\u00f3n tambi\u00e9n significa cambiar nuestra propia forma de pensar la violencia y el riesgo. No necesitamos m\u00e1s compa\u00f1eras asesinadas, m\u00e1s personas presas por motivos pol\u00edticos, m\u00e1s movimientos divididos y vulnerados por la violencia. Debemos dejar de exaltar el riesgo como valor y poner el \u00e9nfasis en el cuidado y la protecci\u00f3n como elementos b\u00e1sicos de la acci\u00f3n pol\u00edtica.<\/p>\n<p>Para sostener y proteger los movimientos, debemos mantener la esperanza, una esperanza que movilice a cada vez m\u00e1s personas contra el miedo y que despliegue un escudo protector sobre nuestros movimientos y sus luchas.<\/p>\n<p><a href=\"https:\/\/www.pikaramagazine.com\/\">Pikara Online Magazine<\/a><\/p>\n<p><a href=\"https:\/\/diariofemenino.com.ar\/\">Diario Digital Femenino<\/a><\/p>\n<p>&nbsp;<\/p>\n","protected":false},"excerpt":{"rendered":"<p>Repensando la protecci\u00f3n, el poder y los movimientos No necesitamos m\u00e1s compa\u00f1eras asesinadas, m\u00e1s personas presas por motivos pol\u00edticos, m\u00e1s movimientos divididos y vulnerados por la violencia. Debemos dejar de exaltar el riesgo como valor y poner el \u00e9nfasis en el cuidado y la protecci\u00f3n como elementos b\u00e1sicos de la acci\u00f3n pol\u00edtica. Por: Marusia L\u00f3pez [&hellip;]<\/p>\n","protected":false},"author":1,"featured_media":54992,"comment_status":"open","ping_status":"open","sticky":false,"template":"","format":"standard","meta":{"iawp_total_views":1,"footnotes":""},"categories":[32,592],"tags":[3976,3977,3978],"class_list":["post-54985","post","type-post","status-publish","format-standard","has-post-thumbnail","hentry","category-mujeres","category-violencias","tag-autodefensa-feminista","tag-defensoras","tag-violencias-machistas"],"nelio_content":{"autoShareEndMode":"never","automationSources":{"useCustomSentences":false,"customSentences":[]},"efiAlt":"","efiUrl":"","followers":[],"highlights":[],"isAutoShareEnabled":true,"networkImageIds":[],"permalinkQueryArgs":[],"series":[],"suggestedReferences":[]},"yoast_head":"<!-- This site is optimized with the Yoast SEO plugin v27.5 - https:\/\/yoast.com\/product\/yoast-seo-wordpress\/ -->\n<title>Repensando la protecci\u00f3n, el poder y los movimientos - Diario Digital Femenino<\/title>\n<meta name=\"description\" content=\"Repensando la protecci\u00f3n. La violencia, ataques, y restricciones contra quienes defienden derechos humanos requieren una comprensi\u00f3n m\u00e1s profunda.\" \/>\n<meta name=\"robots\" content=\"index, follow, max-snippet:-1, max-image-preview:large, max-video-preview:-1\" \/>\n<link rel=\"canonical\" href=\"https:\/\/diariofemenino.com.ar\/df\/repensando-la-proteccion-el-poder-y-los-movimientos\/\" \/>\n<meta property=\"og:locale\" content=\"es_ES\" \/>\n<meta property=\"og:type\" content=\"article\" \/>\n<meta property=\"og:title\" content=\"Repensando la protecci\u00f3n, el poder y los movimientos - Diario Digital Femenino\" \/>\n<meta property=\"og:description\" content=\"Repensando la protecci\u00f3n. La violencia, ataques, y restricciones contra quienes defienden derechos humanos requieren una comprensi\u00f3n m\u00e1s profunda.\" \/>\n<meta property=\"og:url\" content=\"https:\/\/diariofemenino.com.ar\/df\/repensando-la-proteccion-el-poder-y-los-movimientos\/\" \/>\n<meta property=\"og:site_name\" content=\"Diario Digital Femenino\" \/>\n<meta property=\"article:publisher\" content=\"https:\/\/www.facebook.com\/DiarioDigitaFemenino\/\" \/>\n<meta property=\"article:published_time\" content=\"2021-01-06T15:04:14+00:00\" \/>\n<meta property=\"article:modified_time\" content=\"2021-01-06T15:09:28+00:00\" \/>\n<meta property=\"og:image\" content=\"https:\/\/diariofemenino.com.ar\/df\/wp-content\/uploads\/2021\/01\/portada.jpg\" \/>\n\t<meta property=\"og:image:width\" content=\"1600\" \/>\n\t<meta property=\"og:image:height\" content=\"900\" \/>\n\t<meta property=\"og:image:type\" content=\"image\/jpeg\" \/>\n<meta name=\"author\" content=\"Admin\" \/>\n<meta name=\"twitter:card\" content=\"summary_large_image\" \/>\n<meta name=\"twitter:creator\" content=\"@DiarioFemenino1\" \/>\n<meta name=\"twitter:site\" content=\"@DiarioFemenino1\" \/>\n<meta name=\"twitter:label1\" content=\"Escrito por\" \/>\n\t<meta name=\"twitter:data1\" content=\"Admin\" \/>\n\t<meta name=\"twitter:label2\" content=\"Tiempo de lectura\" \/>\n\t<meta name=\"twitter:data2\" content=\"8 minutos\" \/>\n<script type=\"application\/ld+json\" class=\"yoast-schema-graph\">{\"@context\":\"https:\\\/\\\/schema.org\",\"@graph\":[{\"@type\":\"Article\",\"@id\":\"https:\\\/\\\/diariofemenino.com.ar\\\/df\\\/repensando-la-proteccion-el-poder-y-los-movimientos\\\/#article\",\"isPartOf\":{\"@id\":\"https:\\\/\\\/diariofemenino.com.ar\\\/df\\\/repensando-la-proteccion-el-poder-y-los-movimientos\\\/\"},\"author\":{\"name\":\"Admin\",\"@id\":\"https:\\\/\\\/diariofemenino.com.ar\\\/df\\\/#\\\/schema\\\/person\\\/38f54b3bfd13f561de2460ba95c169c6\"},\"headline\":\"Repensando la protecci\u00f3n, el poder y los movimientos\",\"datePublished\":\"2021-01-06T15:04:14+00:00\",\"dateModified\":\"2021-01-06T15:09:28+00:00\",\"mainEntityOfPage\":{\"@id\":\"https:\\\/\\\/diariofemenino.com.ar\\\/df\\\/repensando-la-proteccion-el-poder-y-los-movimientos\\\/\"},\"wordCount\":1636,\"commentCount\":0,\"publisher\":{\"@id\":\"https:\\\/\\\/diariofemenino.com.ar\\\/df\\\/#organization\"},\"image\":{\"@id\":\"https:\\\/\\\/diariofemenino.com.ar\\\/df\\\/repensando-la-proteccion-el-poder-y-los-movimientos\\\/#primaryimage\"},\"thumbnailUrl\":\"https:\\\/\\\/diariofemenino.com.ar\\\/df\\\/wp-content\\\/uploads\\\/2021\\\/01\\\/portada.jpg\",\"keywords\":[\"Autodefensa feminista\",\"Defensoras\",\"Violencias machistas\"],\"articleSection\":[\"Mujeres\",\"Violencias\"],\"inLanguage\":\"es\",\"potentialAction\":[{\"@type\":\"CommentAction\",\"name\":\"Comment\",\"target\":[\"https:\\\/\\\/diariofemenino.com.ar\\\/df\\\/repensando-la-proteccion-el-poder-y-los-movimientos\\\/#respond\"]}]},{\"@type\":\"WebPage\",\"@id\":\"https:\\\/\\\/diariofemenino.com.ar\\\/df\\\/repensando-la-proteccion-el-poder-y-los-movimientos\\\/\",\"url\":\"https:\\\/\\\/diariofemenino.com.ar\\\/df\\\/repensando-la-proteccion-el-poder-y-los-movimientos\\\/\",\"name\":\"Repensando la protecci\u00f3n, el poder y los movimientos - Diario Digital Femenino\",\"isPartOf\":{\"@id\":\"https:\\\/\\\/diariofemenino.com.ar\\\/df\\\/#website\"},\"primaryImageOfPage\":{\"@id\":\"https:\\\/\\\/diariofemenino.com.ar\\\/df\\\/repensando-la-proteccion-el-poder-y-los-movimientos\\\/#primaryimage\"},\"image\":{\"@id\":\"https:\\\/\\\/diariofemenino.com.ar\\\/df\\\/repensando-la-proteccion-el-poder-y-los-movimientos\\\/#primaryimage\"},\"thumbnailUrl\":\"https:\\\/\\\/diariofemenino.com.ar\\\/df\\\/wp-content\\\/uploads\\\/2021\\\/01\\\/portada.jpg\",\"datePublished\":\"2021-01-06T15:04:14+00:00\",\"dateModified\":\"2021-01-06T15:09:28+00:00\",\"description\":\"Repensando la protecci\u00f3n. La violencia, ataques, y restricciones contra quienes defienden derechos humanos requieren una comprensi\u00f3n m\u00e1s profunda.\",\"breadcrumb\":{\"@id\":\"https:\\\/\\\/diariofemenino.com.ar\\\/df\\\/repensando-la-proteccion-el-poder-y-los-movimientos\\\/#breadcrumb\"},\"inLanguage\":\"es\",\"potentialAction\":[{\"@type\":\"ReadAction\",\"target\":[\"https:\\\/\\\/diariofemenino.com.ar\\\/df\\\/repensando-la-proteccion-el-poder-y-los-movimientos\\\/\"]}]},{\"@type\":\"ImageObject\",\"inLanguage\":\"es\",\"@id\":\"https:\\\/\\\/diariofemenino.com.ar\\\/df\\\/repensando-la-proteccion-el-poder-y-los-movimientos\\\/#primaryimage\",\"url\":\"https:\\\/\\\/diariofemenino.com.ar\\\/df\\\/wp-content\\\/uploads\\\/2021\\\/01\\\/portada.jpg\",\"contentUrl\":\"https:\\\/\\\/diariofemenino.com.ar\\\/df\\\/wp-content\\\/uploads\\\/2021\\\/01\\\/portada.jpg\",\"width\":1600,\"height\":900,\"caption\":\"Repensando la protecci\u00f3n, el poder y los movimientos\"},{\"@type\":\"BreadcrumbList\",\"@id\":\"https:\\\/\\\/diariofemenino.com.ar\\\/df\\\/repensando-la-proteccion-el-poder-y-los-movimientos\\\/#breadcrumb\",\"itemListElement\":[{\"@type\":\"ListItem\",\"position\":1,\"name\":\"Portada\",\"item\":\"https:\\\/\\\/diariofemenino.com.ar\\\/df\\\/\"},{\"@type\":\"ListItem\",\"position\":2,\"name\":\"Repensando la protecci\u00f3n, el poder y los movimientos\"}]},{\"@type\":\"WebSite\",\"@id\":\"https:\\\/\\\/diariofemenino.com.ar\\\/df\\\/#website\",\"url\":\"https:\\\/\\\/diariofemenino.com.ar\\\/df\\\/\",\"name\":\"Diario Digital Femenino\",\"description\":\"Cuesti\u00f3n de G\u00e9nero\",\"publisher\":{\"@id\":\"https:\\\/\\\/diariofemenino.com.ar\\\/df\\\/#organization\"},\"potentialAction\":[{\"@type\":\"SearchAction\",\"target\":{\"@type\":\"EntryPoint\",\"urlTemplate\":\"https:\\\/\\\/diariofemenino.com.ar\\\/df\\\/?s={search_term_string}\"},\"query-input\":{\"@type\":\"PropertyValueSpecification\",\"valueRequired\":true,\"valueName\":\"search_term_string\"}}],\"inLanguage\":\"es\"},{\"@type\":\"Organization\",\"@id\":\"https:\\\/\\\/diariofemenino.com.ar\\\/df\\\/#organization\",\"name\":\"Diario Femenino\",\"url\":\"https:\\\/\\\/diariofemenino.com.ar\\\/df\\\/\",\"logo\":{\"@type\":\"ImageObject\",\"inLanguage\":\"es\",\"@id\":\"https:\\\/\\\/diariofemenino.com.ar\\\/df\\\/#\\\/schema\\\/logo\\\/image\\\/\",\"url\":\"https:\\\/\\\/diariofemenino.com.ar\\\/df\\\/wp-content\\\/uploads\\\/2018\\\/10\\\/logo.png\",\"contentUrl\":\"https:\\\/\\\/diariofemenino.com.ar\\\/df\\\/wp-content\\\/uploads\\\/2018\\\/10\\\/logo.png\",\"width\":500,\"height\":92,\"caption\":\"Diario Femenino\"},\"image\":{\"@id\":\"https:\\\/\\\/diariofemenino.com.ar\\\/df\\\/#\\\/schema\\\/logo\\\/image\\\/\"},\"sameAs\":[\"https:\\\/\\\/www.facebook.com\\\/DiarioDigitaFemenino\\\/\",\"https:\\\/\\\/x.com\\\/DiarioFemenino1\"]},{\"@type\":\"Person\",\"@id\":\"https:\\\/\\\/diariofemenino.com.ar\\\/df\\\/#\\\/schema\\\/person\\\/38f54b3bfd13f561de2460ba95c169c6\",\"name\":\"Admin\",\"image\":{\"@type\":\"ImageObject\",\"inLanguage\":\"es\",\"@id\":\"https:\\\/\\\/diariofemenino.com.ar\\\/df\\\/wp-content\\\/uploads\\\/2018\\\/12\\\/favicon-150x150.jpg\",\"url\":\"https:\\\/\\\/diariofemenino.com.ar\\\/df\\\/wp-content\\\/uploads\\\/2018\\\/12\\\/favicon-150x150.jpg\",\"contentUrl\":\"https:\\\/\\\/diariofemenino.com.ar\\\/df\\\/wp-content\\\/uploads\\\/2018\\\/12\\\/favicon-150x150.jpg\",\"caption\":\"Admin\"},\"url\":\"https:\\\/\\\/diariofemenino.com.ar\\\/df\\\/author\\\/adm18df\\\/\"}]}<\/script>\n<!-- \/ Yoast SEO plugin. -->","yoast_head_json":{"title":"Repensando la protecci\u00f3n, el poder y los movimientos - Diario Digital Femenino","description":"Repensando la protecci\u00f3n. La violencia, ataques, y restricciones contra quienes defienden derechos humanos requieren una comprensi\u00f3n m\u00e1s profunda.","robots":{"index":"index","follow":"follow","max-snippet":"max-snippet:-1","max-image-preview":"max-image-preview:large","max-video-preview":"max-video-preview:-1"},"canonical":"https:\/\/diariofemenino.com.ar\/df\/repensando-la-proteccion-el-poder-y-los-movimientos\/","og_locale":"es_ES","og_type":"article","og_title":"Repensando la protecci\u00f3n, el poder y los movimientos - Diario Digital Femenino","og_description":"Repensando la protecci\u00f3n. La violencia, ataques, y restricciones contra quienes defienden derechos humanos requieren una comprensi\u00f3n m\u00e1s profunda.","og_url":"https:\/\/diariofemenino.com.ar\/df\/repensando-la-proteccion-el-poder-y-los-movimientos\/","og_site_name":"Diario Digital Femenino","article_publisher":"https:\/\/www.facebook.com\/DiarioDigitaFemenino\/","article_published_time":"2021-01-06T15:04:14+00:00","article_modified_time":"2021-01-06T15:09:28+00:00","og_image":[{"width":1600,"height":900,"url":"https:\/\/diariofemenino.com.ar\/df\/wp-content\/uploads\/2021\/01\/portada.jpg","type":"image\/jpeg"}],"author":"Admin","twitter_card":"summary_large_image","twitter_creator":"@DiarioFemenino1","twitter_site":"@DiarioFemenino1","twitter_misc":{"Escrito por":"Admin","Tiempo de lectura":"8 minutos"},"schema":{"@context":"https:\/\/schema.org","@graph":[{"@type":"Article","@id":"https:\/\/diariofemenino.com.ar\/df\/repensando-la-proteccion-el-poder-y-los-movimientos\/#article","isPartOf":{"@id":"https:\/\/diariofemenino.com.ar\/df\/repensando-la-proteccion-el-poder-y-los-movimientos\/"},"author":{"name":"Admin","@id":"https:\/\/diariofemenino.com.ar\/df\/#\/schema\/person\/38f54b3bfd13f561de2460ba95c169c6"},"headline":"Repensando la protecci\u00f3n, el poder y los movimientos","datePublished":"2021-01-06T15:04:14+00:00","dateModified":"2021-01-06T15:09:28+00:00","mainEntityOfPage":{"@id":"https:\/\/diariofemenino.com.ar\/df\/repensando-la-proteccion-el-poder-y-los-movimientos\/"},"wordCount":1636,"commentCount":0,"publisher":{"@id":"https:\/\/diariofemenino.com.ar\/df\/#organization"},"image":{"@id":"https:\/\/diariofemenino.com.ar\/df\/repensando-la-proteccion-el-poder-y-los-movimientos\/#primaryimage"},"thumbnailUrl":"https:\/\/diariofemenino.com.ar\/df\/wp-content\/uploads\/2021\/01\/portada.jpg","keywords":["Autodefensa feminista","Defensoras","Violencias machistas"],"articleSection":["Mujeres","Violencias"],"inLanguage":"es","potentialAction":[{"@type":"CommentAction","name":"Comment","target":["https:\/\/diariofemenino.com.ar\/df\/repensando-la-proteccion-el-poder-y-los-movimientos\/#respond"]}]},{"@type":"WebPage","@id":"https:\/\/diariofemenino.com.ar\/df\/repensando-la-proteccion-el-poder-y-los-movimientos\/","url":"https:\/\/diariofemenino.com.ar\/df\/repensando-la-proteccion-el-poder-y-los-movimientos\/","name":"Repensando la protecci\u00f3n, el poder y los movimientos - Diario Digital Femenino","isPartOf":{"@id":"https:\/\/diariofemenino.com.ar\/df\/#website"},"primaryImageOfPage":{"@id":"https:\/\/diariofemenino.com.ar\/df\/repensando-la-proteccion-el-poder-y-los-movimientos\/#primaryimage"},"image":{"@id":"https:\/\/diariofemenino.com.ar\/df\/repensando-la-proteccion-el-poder-y-los-movimientos\/#primaryimage"},"thumbnailUrl":"https:\/\/diariofemenino.com.ar\/df\/wp-content\/uploads\/2021\/01\/portada.jpg","datePublished":"2021-01-06T15:04:14+00:00","dateModified":"2021-01-06T15:09:28+00:00","description":"Repensando la protecci\u00f3n. La violencia, ataques, y restricciones contra quienes defienden derechos humanos requieren una comprensi\u00f3n m\u00e1s profunda.","breadcrumb":{"@id":"https:\/\/diariofemenino.com.ar\/df\/repensando-la-proteccion-el-poder-y-los-movimientos\/#breadcrumb"},"inLanguage":"es","potentialAction":[{"@type":"ReadAction","target":["https:\/\/diariofemenino.com.ar\/df\/repensando-la-proteccion-el-poder-y-los-movimientos\/"]}]},{"@type":"ImageObject","inLanguage":"es","@id":"https:\/\/diariofemenino.com.ar\/df\/repensando-la-proteccion-el-poder-y-los-movimientos\/#primaryimage","url":"https:\/\/diariofemenino.com.ar\/df\/wp-content\/uploads\/2021\/01\/portada.jpg","contentUrl":"https:\/\/diariofemenino.com.ar\/df\/wp-content\/uploads\/2021\/01\/portada.jpg","width":1600,"height":900,"caption":"Repensando la protecci\u00f3n, el poder y los movimientos"},{"@type":"BreadcrumbList","@id":"https:\/\/diariofemenino.com.ar\/df\/repensando-la-proteccion-el-poder-y-los-movimientos\/#breadcrumb","itemListElement":[{"@type":"ListItem","position":1,"name":"Portada","item":"https:\/\/diariofemenino.com.ar\/df\/"},{"@type":"ListItem","position":2,"name":"Repensando la protecci\u00f3n, el poder y los movimientos"}]},{"@type":"WebSite","@id":"https:\/\/diariofemenino.com.ar\/df\/#website","url":"https:\/\/diariofemenino.com.ar\/df\/","name":"Diario Digital Femenino","description":"Cuesti\u00f3n de G\u00e9nero","publisher":{"@id":"https:\/\/diariofemenino.com.ar\/df\/#organization"},"potentialAction":[{"@type":"SearchAction","target":{"@type":"EntryPoint","urlTemplate":"https:\/\/diariofemenino.com.ar\/df\/?s={search_term_string}"},"query-input":{"@type":"PropertyValueSpecification","valueRequired":true,"valueName":"search_term_string"}}],"inLanguage":"es"},{"@type":"Organization","@id":"https:\/\/diariofemenino.com.ar\/df\/#organization","name":"Diario Femenino","url":"https:\/\/diariofemenino.com.ar\/df\/","logo":{"@type":"ImageObject","inLanguage":"es","@id":"https:\/\/diariofemenino.com.ar\/df\/#\/schema\/logo\/image\/","url":"https:\/\/diariofemenino.com.ar\/df\/wp-content\/uploads\/2018\/10\/logo.png","contentUrl":"https:\/\/diariofemenino.com.ar\/df\/wp-content\/uploads\/2018\/10\/logo.png","width":500,"height":92,"caption":"Diario Femenino"},"image":{"@id":"https:\/\/diariofemenino.com.ar\/df\/#\/schema\/logo\/image\/"},"sameAs":["https:\/\/www.facebook.com\/DiarioDigitaFemenino\/","https:\/\/x.com\/DiarioFemenino1"]},{"@type":"Person","@id":"https:\/\/diariofemenino.com.ar\/df\/#\/schema\/person\/38f54b3bfd13f561de2460ba95c169c6","name":"Admin","image":{"@type":"ImageObject","inLanguage":"es","@id":"https:\/\/diariofemenino.com.ar\/df\/wp-content\/uploads\/2018\/12\/favicon-150x150.jpg","url":"https:\/\/diariofemenino.com.ar\/df\/wp-content\/uploads\/2018\/12\/favicon-150x150.jpg","contentUrl":"https:\/\/diariofemenino.com.ar\/df\/wp-content\/uploads\/2018\/12\/favicon-150x150.jpg","caption":"Admin"},"url":"https:\/\/diariofemenino.com.ar\/df\/author\/adm18df\/"}]}},"jetpack_featured_media_url":"https:\/\/diariofemenino.com.ar\/df\/wp-content\/uploads\/2021\/01\/portada.jpg","jetpack_sharing_enabled":true,"rttpg_featured_image_url":{"full":["https:\/\/diariofemenino.com.ar\/df\/wp-content\/uploads\/2021\/01\/portada.jpg",1600,900,false],"landscape":["https:\/\/diariofemenino.com.ar\/df\/wp-content\/uploads\/2021\/01\/portada.jpg",1600,900,false],"portraits":["https:\/\/diariofemenino.com.ar\/df\/wp-content\/uploads\/2021\/01\/portada.jpg",1600,900,false],"thumbnail":["https:\/\/diariofemenino.com.ar\/df\/wp-content\/uploads\/2021\/01\/portada-150x150.jpg",150,150,true],"medium":["https:\/\/diariofemenino.com.ar\/df\/wp-content\/uploads\/2021\/01\/portada-300x169.jpg",300,169,true],"large":["https:\/\/diariofemenino.com.ar\/df\/wp-content\/uploads\/2021\/01\/portada-1024x576.jpg",1024,576,true],"1536x1536":["https:\/\/diariofemenino.com.ar\/df\/wp-content\/uploads\/2021\/01\/portada.jpg",1536,864,false],"2048x2048":["https:\/\/diariofemenino.com.ar\/df\/wp-content\/uploads\/2021\/01\/portada.jpg",1600,900,false]},"rttpg_author":{"display_name":"Admin","author_link":"https:\/\/diariofemenino.com.ar\/df\/author\/adm18df\/"},"rttpg_comment":0,"rttpg_category":"<a href=\"https:\/\/diariofemenino.com.ar\/df\/category\/mujeres\/\" rel=\"category tag\">Mujeres<\/a> <a href=\"https:\/\/diariofemenino.com.ar\/df\/category\/violencias\/\" rel=\"category tag\">Violencias<\/a>","rttpg_excerpt":"Repensando la protecci\u00f3n, el poder y los movimientos No necesitamos m\u00e1s compa\u00f1eras asesinadas, m\u00e1s personas presas por motivos pol\u00edticos, m\u00e1s movimientos divididos y vulnerados por la violencia. Debemos dejar de exaltar el riesgo como valor y poner el \u00e9nfasis en el cuidado y la protecci\u00f3n como elementos b\u00e1sicos de la acci\u00f3n pol\u00edtica. Por: Marusia L\u00f3pez&hellip;","_links":{"self":[{"href":"https:\/\/diariofemenino.com.ar\/df\/wp-json\/wp\/v2\/posts\/54985","targetHints":{"allow":["GET"]}}],"collection":[{"href":"https:\/\/diariofemenino.com.ar\/df\/wp-json\/wp\/v2\/posts"}],"about":[{"href":"https:\/\/diariofemenino.com.ar\/df\/wp-json\/wp\/v2\/types\/post"}],"author":[{"embeddable":true,"href":"https:\/\/diariofemenino.com.ar\/df\/wp-json\/wp\/v2\/users\/1"}],"replies":[{"embeddable":true,"href":"https:\/\/diariofemenino.com.ar\/df\/wp-json\/wp\/v2\/comments?post=54985"}],"version-history":[{"count":0,"href":"https:\/\/diariofemenino.com.ar\/df\/wp-json\/wp\/v2\/posts\/54985\/revisions"}],"wp:featuredmedia":[{"embeddable":true,"href":"https:\/\/diariofemenino.com.ar\/df\/wp-json\/wp\/v2\/media\/54992"}],"wp:attachment":[{"href":"https:\/\/diariofemenino.com.ar\/df\/wp-json\/wp\/v2\/media?parent=54985"}],"wp:term":[{"taxonomy":"category","embeddable":true,"href":"https:\/\/diariofemenino.com.ar\/df\/wp-json\/wp\/v2\/categories?post=54985"},{"taxonomy":"post_tag","embeddable":true,"href":"https:\/\/diariofemenino.com.ar\/df\/wp-json\/wp\/v2\/tags?post=54985"}],"curies":[{"name":"wp","href":"https:\/\/api.w.org\/{rel}","templated":true}]}}