{"id":5490,"date":"2013-01-25T12:19:12","date_gmt":"2013-01-25T15:19:12","guid":{"rendered":"http:\/\/www.diariofemenino.com.ar\/?p=5490"},"modified":"2013-01-25T12:19:12","modified_gmt":"2013-01-25T15:19:12","slug":"nacion-reitero-su-compromiso-en-la-lucha-contra-la-trata-de-personas","status":"publish","type":"post","link":"https:\/\/diariofemenino.com.ar\/df\/nacion-reitero-su-compromiso-en-la-lucha-contra-la-trata-de-personas\/","title":{"rendered":"Naci\u00f3n reiter\u00f3 su compromiso en la lucha contra la trata de personas"},"content":{"rendered":"<p>&nbsp;<br \/>\n&nbsp;<br \/>\n&nbsp;<br \/>\n&nbsp;<br \/>\n<em><strong>El jefe de Gabinete, Juan Abal Medina, se reuni\u00f3 con Susana Trimarco<\/strong>\u00a0y reiter\u00f3 el \u00abirrenunciable compromiso del gobierno nacional en la lucha contra la trata de personas\u00bb.<\/em><\/p>\n<div><a href=\"http:\/\/www.diariofemenino.com.ar\/wp-content\/uploads\/48945_Susana-Trimarco-Abal-Medina-.jpg\"><img loading=\"lazy\" decoding=\"async\" class=\"alignleft size-full wp-image-5491\" title=\"48945_Susana-Trimarco-Abal-Medina-\" src=\"http:\/\/www.diariofemenino.com.ar\/wp-content\/uploads\/48945_Susana-Trimarco-Abal-Medina-.jpg\" alt=\"\" width=\"600\" height=\"450\" \/><\/a><\/div>\n<div>\nDurante la reuni\u00f3n con la madre de Marita Ver\u00f3n, el jefe de Gabinete reiter\u00f3 el \u00abirrenunciable compromiso del gobierno nacional en la lucha contra la trata de personas\u00bb.<br \/>\nAdem\u00e1s, el funcionario y la madre de Marita Ver\u00f3n, la joven tucumana v\u00edctima de la trata, repasaron el trabajo que realiza la Fundaci\u00f3n Mar\u00eda de los \u00c1ngeles y los proyectos previstos para este a\u00f1o.<br \/>\nPor su parte, Trimarco le transmiti\u00f3 al jefe de Gabinete un \u00abmuy especial saludo\u00bb a la presidenta Cristina Fern\u00e1ndez de Kirchner por \u00abel apoyo permanente\u00bb en la b\u00fasqueda de su hija y en la causa judicial por su desaparici\u00f3n.<br \/>\nAdem\u00e1s, expres\u00f3 su agradecimiento por el respaldo a la Fundaci\u00f3n Mar\u00eda de los \u00c1ngeles Ver\u00f3n.<br \/>\nEn la b\u00fasqueda de su hija desde 2002, Trimarco logr\u00f3 liberar a m\u00e1s de un centenar de mujeres que eran v\u00edctimas de la trata y en 2007 cre\u00f3 la Fundaci\u00f3n Mar\u00eda de los \u00c1ngeles, que recibe denuncias, busca concientizar, y brinda asistencia a las v\u00edctimas.<br \/>\nLa Fundaci\u00f3n, que ya tiene sedes en Tucum\u00e1n, Buenos Aires y C\u00f3rdoba, ha impulsado la presentaci\u00f3n de cerca de 900 causas ante la Justicia. (Telam)<br \/>\n&nbsp;<br \/>\n&nbsp;<br \/>\n&nbsp;\n<\/div>\n","protected":false},"excerpt":{"rendered":"<p>&nbsp; &nbsp; &nbsp; &nbsp; El jefe de Gabinete, Juan Abal Medina, se reuni\u00f3 con Susana Trimarco\u00a0y reiter\u00f3 el \u00abirrenunciable compromiso del gobierno nacional en la lucha contra la trata de personas\u00bb. Durante la reuni\u00f3n con la madre de Marita Ver\u00f3n, el jefe de Gabinete reiter\u00f3 el \u00abirrenunciable compromiso del gobierno nacional en la lucha contra [&hellip;]<\/p>\n","protected":false},"author":1,"featured_media":0,"comment_status":"open","ping_status":"open","sticky":false,"template":"","format":"standard","meta":{"iawp_total_views":6,"footnotes":""},"categories":[4,21,15],"tags":[],"class_list":["post-5490","post","type-post","status-publish","format-standard","hentry","category-medios","category-noticias","category-trata-de-personas"],"nelio_content":{"autoShareEndMode":"never","automationSources":{"useCustomSentences":false,"customSentences":[]},"efiAlt":"","efiUrl":"","followers":[],"highlights":[],"isAutoShareEnabled":true,"networkImageIds":[],"permalinkQueryArgs":[],"series":[],"suggestedReferences":[]},"yoast_head":"<!-- This site is optimized with the Yoast SEO plugin v27.4 - https:\/\/yoast.com\/product\/yoast-seo-wordpress\/ -->\n<title>Naci\u00f3n reiter\u00f3 su compromiso en la lucha contra la trata de personas - Diario Digital Femenino<\/title>\n<meta name=\"robots\" content=\"index, follow, max-snippet:-1, max-image-preview:large, max-video-preview:-1\" \/>\n<link rel=\"canonical\" href=\"https:\/\/diariofemenino.com.ar\/df\/nacion-reitero-su-compromiso-en-la-lucha-contra-la-trata-de-personas\/\" \/>\n<meta property=\"og:locale\" content=\"es_ES\" \/>\n<meta property=\"og:type\" content=\"article\" \/>\n<meta property=\"og:title\" content=\"Naci\u00f3n reiter\u00f3 su compromiso en la lucha contra la trata de personas - Diario Digital Femenino\" \/>\n<meta property=\"og:description\" content=\"&nbsp; &nbsp; &nbsp; &nbsp; El jefe de Gabinete, Juan Abal Medina, se reuni\u00f3 con Susana Trimarco\u00a0y reiter\u00f3 el \u00abirrenunciable compromiso del gobierno nacional en la lucha contra la trata de personas\u00bb. Durante la reuni\u00f3n con la madre de Marita Ver\u00f3n, el jefe de Gabinete reiter\u00f3 el \u00abirrenunciable compromiso del gobierno nacional en la lucha contra [&hellip;]\" \/>\n<meta property=\"og:url\" content=\"https:\/\/diariofemenino.com.ar\/df\/nacion-reitero-su-compromiso-en-la-lucha-contra-la-trata-de-personas\/\" \/>\n<meta property=\"og:site_name\" content=\"Diario Digital Femenino\" \/>\n<meta property=\"article:publisher\" content=\"https:\/\/www.facebook.com\/DiarioDigitaFemenino\/\" \/>\n<meta property=\"article:published_time\" content=\"2013-01-25T15:19:12+00:00\" \/>\n<meta property=\"og:image\" content=\"http:\/\/www.diariofemenino.com.ar\/wp-content\/uploads\/48945_Susana-Trimarco-Abal-Medina-.jpg\" \/>\n<meta name=\"author\" content=\"Admin\" \/>\n<meta name=\"twitter:card\" content=\"summary_large_image\" \/>\n<meta name=\"twitter:creator\" content=\"@DiarioFemenino1\" \/>\n<meta name=\"twitter:site\" content=\"@DiarioFemenino1\" \/>\n<meta name=\"twitter:label1\" content=\"Escrito por\" \/>\n\t<meta name=\"twitter:data1\" content=\"Admin\" \/>\n\t<meta name=\"twitter:label2\" content=\"Tiempo de lectura\" \/>\n\t<meta name=\"twitter:data2\" content=\"1 minuto\" \/>\n<script type=\"application\/ld+json\" class=\"yoast-schema-graph\">{\"@context\":\"https:\\\/\\\/schema.org\",\"@graph\":[{\"@type\":\"Article\",\"@id\":\"https:\\\/\\\/diariofemenino.com.ar\\\/df\\\/nacion-reitero-su-compromiso-en-la-lucha-contra-la-trata-de-personas\\\/#article\",\"isPartOf\":{\"@id\":\"https:\\\/\\\/diariofemenino.com.ar\\\/df\\\/nacion-reitero-su-compromiso-en-la-lucha-contra-la-trata-de-personas\\\/\"},\"author\":{\"name\":\"Admin\",\"@id\":\"https:\\\/\\\/diariofemenino.com.ar\\\/df\\\/#\\\/schema\\\/person\\\/38f54b3bfd13f561de2460ba95c169c6\"},\"headline\":\"Naci\u00f3n reiter\u00f3 su compromiso en la lucha contra la trata de personas\",\"datePublished\":\"2013-01-25T15:19:12+00:00\",\"mainEntityOfPage\":{\"@id\":\"https:\\\/\\\/diariofemenino.com.ar\\\/df\\\/nacion-reitero-su-compromiso-en-la-lucha-contra-la-trata-de-personas\\\/\"},\"wordCount\":256,\"commentCount\":0,\"publisher\":{\"@id\":\"https:\\\/\\\/diariofemenino.com.ar\\\/df\\\/#organization\"},\"image\":{\"@id\":\"https:\\\/\\\/diariofemenino.com.ar\\\/df\\\/nacion-reitero-su-compromiso-en-la-lucha-contra-la-trata-de-personas\\\/#primaryimage\"},\"thumbnailUrl\":\"http:\\\/\\\/www.diariofemenino.com.ar\\\/wp-content\\\/uploads\\\/48945_Susana-Trimarco-Abal-Medina-.jpg\",\"articleSection\":[\"Medios\",\"Noticias\",\"Trata de Pers.\"],\"inLanguage\":\"es\",\"potentialAction\":[{\"@type\":\"CommentAction\",\"name\":\"Comment\",\"target\":[\"https:\\\/\\\/diariofemenino.com.ar\\\/df\\\/nacion-reitero-su-compromiso-en-la-lucha-contra-la-trata-de-personas\\\/#respond\"]}]},{\"@type\":\"WebPage\",\"@id\":\"https:\\\/\\\/diariofemenino.com.ar\\\/df\\\/nacion-reitero-su-compromiso-en-la-lucha-contra-la-trata-de-personas\\\/\",\"url\":\"https:\\\/\\\/diariofemenino.com.ar\\\/df\\\/nacion-reitero-su-compromiso-en-la-lucha-contra-la-trata-de-personas\\\/\",\"name\":\"Naci\u00f3n reiter\u00f3 su compromiso en la lucha contra la trata de personas - Diario Digital Femenino\",\"isPartOf\":{\"@id\":\"https:\\\/\\\/diariofemenino.com.ar\\\/df\\\/#website\"},\"primaryImageOfPage\":{\"@id\":\"https:\\\/\\\/diariofemenino.com.ar\\\/df\\\/nacion-reitero-su-compromiso-en-la-lucha-contra-la-trata-de-personas\\\/#primaryimage\"},\"image\":{\"@id\":\"https:\\\/\\\/diariofemenino.com.ar\\\/df\\\/nacion-reitero-su-compromiso-en-la-lucha-contra-la-trata-de-personas\\\/#primaryimage\"},\"thumbnailUrl\":\"http:\\\/\\\/www.diariofemenino.com.ar\\\/wp-content\\\/uploads\\\/48945_Susana-Trimarco-Abal-Medina-.jpg\",\"datePublished\":\"2013-01-25T15:19:12+00:00\",\"breadcrumb\":{\"@id\":\"https:\\\/\\\/diariofemenino.com.ar\\\/df\\\/nacion-reitero-su-compromiso-en-la-lucha-contra-la-trata-de-personas\\\/#breadcrumb\"},\"inLanguage\":\"es\",\"potentialAction\":[{\"@type\":\"ReadAction\",\"target\":[\"https:\\\/\\\/diariofemenino.com.ar\\\/df\\\/nacion-reitero-su-compromiso-en-la-lucha-contra-la-trata-de-personas\\\/\"]}]},{\"@type\":\"ImageObject\",\"inLanguage\":\"es\",\"@id\":\"https:\\\/\\\/diariofemenino.com.ar\\\/df\\\/nacion-reitero-su-compromiso-en-la-lucha-contra-la-trata-de-personas\\\/#primaryimage\",\"url\":\"http:\\\/\\\/www.diariofemenino.com.ar\\\/wp-content\\\/uploads\\\/48945_Susana-Trimarco-Abal-Medina-.jpg\",\"contentUrl\":\"http:\\\/\\\/www.diariofemenino.com.ar\\\/wp-content\\\/uploads\\\/48945_Susana-Trimarco-Abal-Medina-.jpg\"},{\"@type\":\"BreadcrumbList\",\"@id\":\"https:\\\/\\\/diariofemenino.com.ar\\\/df\\\/nacion-reitero-su-compromiso-en-la-lucha-contra-la-trata-de-personas\\\/#breadcrumb\",\"itemListElement\":[{\"@type\":\"ListItem\",\"position\":1,\"name\":\"Portada\",\"item\":\"https:\\\/\\\/diariofemenino.com.ar\\\/df\\\/\"},{\"@type\":\"ListItem\",\"position\":2,\"name\":\"Naci\u00f3n reiter\u00f3 su compromiso en la lucha contra la trata de personas\"}]},{\"@type\":\"WebSite\",\"@id\":\"https:\\\/\\\/diariofemenino.com.ar\\\/df\\\/#website\",\"url\":\"https:\\\/\\\/diariofemenino.com.ar\\\/df\\\/\",\"name\":\"Diario Digital Femenino\",\"description\":\"Cuesti\u00f3n de G\u00e9nero\",\"publisher\":{\"@id\":\"https:\\\/\\\/diariofemenino.com.ar\\\/df\\\/#organization\"},\"potentialAction\":[{\"@type\":\"SearchAction\",\"target\":{\"@type\":\"EntryPoint\",\"urlTemplate\":\"https:\\\/\\\/diariofemenino.com.ar\\\/df\\\/?s={search_term_string}\"},\"query-input\":{\"@type\":\"PropertyValueSpecification\",\"valueRequired\":true,\"valueName\":\"search_term_string\"}}],\"inLanguage\":\"es\"},{\"@type\":\"Organization\",\"@id\":\"https:\\\/\\\/diariofemenino.com.ar\\\/df\\\/#organization\",\"name\":\"Diario Femenino\",\"url\":\"https:\\\/\\\/diariofemenino.com.ar\\\/df\\\/\",\"logo\":{\"@type\":\"ImageObject\",\"inLanguage\":\"es\",\"@id\":\"https:\\\/\\\/diariofemenino.com.ar\\\/df\\\/#\\\/schema\\\/logo\\\/image\\\/\",\"url\":\"https:\\\/\\\/diariofemenino.com.ar\\\/df\\\/wp-content\\\/uploads\\\/2018\\\/10\\\/logo.png\",\"contentUrl\":\"https:\\\/\\\/diariofemenino.com.ar\\\/df\\\/wp-content\\\/uploads\\\/2018\\\/10\\\/logo.png\",\"width\":500,\"height\":92,\"caption\":\"Diario Femenino\"},\"image\":{\"@id\":\"https:\\\/\\\/diariofemenino.com.ar\\\/df\\\/#\\\/schema\\\/logo\\\/image\\\/\"},\"sameAs\":[\"https:\\\/\\\/www.facebook.com\\\/DiarioDigitaFemenino\\\/\",\"https:\\\/\\\/x.com\\\/DiarioFemenino1\"]},{\"@type\":\"Person\",\"@id\":\"https:\\\/\\\/diariofemenino.com.ar\\\/df\\\/#\\\/schema\\\/person\\\/38f54b3bfd13f561de2460ba95c169c6\",\"name\":\"Admin\",\"image\":{\"@type\":\"ImageObject\",\"inLanguage\":\"es\",\"@id\":\"https:\\\/\\\/diariofemenino.com.ar\\\/df\\\/wp-content\\\/uploads\\\/2018\\\/12\\\/favicon-150x150.jpg\",\"url\":\"https:\\\/\\\/diariofemenino.com.ar\\\/df\\\/wp-content\\\/uploads\\\/2018\\\/12\\\/favicon-150x150.jpg\",\"contentUrl\":\"https:\\\/\\\/diariofemenino.com.ar\\\/df\\\/wp-content\\\/uploads\\\/2018\\\/12\\\/favicon-150x150.jpg\",\"caption\":\"Admin\"},\"url\":\"https:\\\/\\\/diariofemenino.com.ar\\\/df\\\/author\\\/adm18df\\\/\"}]}<\/script>\n<!-- \/ Yoast SEO plugin. -->","yoast_head_json":{"title":"Naci\u00f3n reiter\u00f3 su compromiso en la lucha contra la trata de personas - Diario Digital Femenino","robots":{"index":"index","follow":"follow","max-snippet":"max-snippet:-1","max-image-preview":"max-image-preview:large","max-video-preview":"max-video-preview:-1"},"canonical":"https:\/\/diariofemenino.com.ar\/df\/nacion-reitero-su-compromiso-en-la-lucha-contra-la-trata-de-personas\/","og_locale":"es_ES","og_type":"article","og_title":"Naci\u00f3n reiter\u00f3 su compromiso en la lucha contra la trata de personas - Diario Digital Femenino","og_description":"&nbsp; &nbsp; &nbsp; &nbsp; El jefe de Gabinete, Juan Abal Medina, se reuni\u00f3 con Susana Trimarco\u00a0y reiter\u00f3 el \u00abirrenunciable compromiso del gobierno nacional en la lucha contra la trata de personas\u00bb. Durante la reuni\u00f3n con la madre de Marita Ver\u00f3n, el jefe de Gabinete reiter\u00f3 el \u00abirrenunciable compromiso del gobierno nacional en la lucha contra [&hellip;]","og_url":"https:\/\/diariofemenino.com.ar\/df\/nacion-reitero-su-compromiso-en-la-lucha-contra-la-trata-de-personas\/","og_site_name":"Diario Digital Femenino","article_publisher":"https:\/\/www.facebook.com\/DiarioDigitaFemenino\/","article_published_time":"2013-01-25T15:19:12+00:00","og_image":[{"url":"http:\/\/www.diariofemenino.com.ar\/wp-content\/uploads\/48945_Susana-Trimarco-Abal-Medina-.jpg","type":"","width":"","height":""}],"author":"Admin","twitter_card":"summary_large_image","twitter_creator":"@DiarioFemenino1","twitter_site":"@DiarioFemenino1","twitter_misc":{"Escrito por":"Admin","Tiempo de lectura":"1 minuto"},"schema":{"@context":"https:\/\/schema.org","@graph":[{"@type":"Article","@id":"https:\/\/diariofemenino.com.ar\/df\/nacion-reitero-su-compromiso-en-la-lucha-contra-la-trata-de-personas\/#article","isPartOf":{"@id":"https:\/\/diariofemenino.com.ar\/df\/nacion-reitero-su-compromiso-en-la-lucha-contra-la-trata-de-personas\/"},"author":{"name":"Admin","@id":"https:\/\/diariofemenino.com.ar\/df\/#\/schema\/person\/38f54b3bfd13f561de2460ba95c169c6"},"headline":"Naci\u00f3n reiter\u00f3 su compromiso en la lucha contra la trata de personas","datePublished":"2013-01-25T15:19:12+00:00","mainEntityOfPage":{"@id":"https:\/\/diariofemenino.com.ar\/df\/nacion-reitero-su-compromiso-en-la-lucha-contra-la-trata-de-personas\/"},"wordCount":256,"commentCount":0,"publisher":{"@id":"https:\/\/diariofemenino.com.ar\/df\/#organization"},"image":{"@id":"https:\/\/diariofemenino.com.ar\/df\/nacion-reitero-su-compromiso-en-la-lucha-contra-la-trata-de-personas\/#primaryimage"},"thumbnailUrl":"http:\/\/www.diariofemenino.com.ar\/wp-content\/uploads\/48945_Susana-Trimarco-Abal-Medina-.jpg","articleSection":["Medios","Noticias","Trata de Pers."],"inLanguage":"es","potentialAction":[{"@type":"CommentAction","name":"Comment","target":["https:\/\/diariofemenino.com.ar\/df\/nacion-reitero-su-compromiso-en-la-lucha-contra-la-trata-de-personas\/#respond"]}]},{"@type":"WebPage","@id":"https:\/\/diariofemenino.com.ar\/df\/nacion-reitero-su-compromiso-en-la-lucha-contra-la-trata-de-personas\/","url":"https:\/\/diariofemenino.com.ar\/df\/nacion-reitero-su-compromiso-en-la-lucha-contra-la-trata-de-personas\/","name":"Naci\u00f3n reiter\u00f3 su compromiso en la lucha contra la trata de personas - Diario Digital Femenino","isPartOf":{"@id":"https:\/\/diariofemenino.com.ar\/df\/#website"},"primaryImageOfPage":{"@id":"https:\/\/diariofemenino.com.ar\/df\/nacion-reitero-su-compromiso-en-la-lucha-contra-la-trata-de-personas\/#primaryimage"},"image":{"@id":"https:\/\/diariofemenino.com.ar\/df\/nacion-reitero-su-compromiso-en-la-lucha-contra-la-trata-de-personas\/#primaryimage"},"thumbnailUrl":"http:\/\/www.diariofemenino.com.ar\/wp-content\/uploads\/48945_Susana-Trimarco-Abal-Medina-.jpg","datePublished":"2013-01-25T15:19:12+00:00","breadcrumb":{"@id":"https:\/\/diariofemenino.com.ar\/df\/nacion-reitero-su-compromiso-en-la-lucha-contra-la-trata-de-personas\/#breadcrumb"},"inLanguage":"es","potentialAction":[{"@type":"ReadAction","target":["https:\/\/diariofemenino.com.ar\/df\/nacion-reitero-su-compromiso-en-la-lucha-contra-la-trata-de-personas\/"]}]},{"@type":"ImageObject","inLanguage":"es","@id":"https:\/\/diariofemenino.com.ar\/df\/nacion-reitero-su-compromiso-en-la-lucha-contra-la-trata-de-personas\/#primaryimage","url":"http:\/\/www.diariofemenino.com.ar\/wp-content\/uploads\/48945_Susana-Trimarco-Abal-Medina-.jpg","contentUrl":"http:\/\/www.diariofemenino.com.ar\/wp-content\/uploads\/48945_Susana-Trimarco-Abal-Medina-.jpg"},{"@type":"BreadcrumbList","@id":"https:\/\/diariofemenino.com.ar\/df\/nacion-reitero-su-compromiso-en-la-lucha-contra-la-trata-de-personas\/#breadcrumb","itemListElement":[{"@type":"ListItem","position":1,"name":"Portada","item":"https:\/\/diariofemenino.com.ar\/df\/"},{"@type":"ListItem","position":2,"name":"Naci\u00f3n reiter\u00f3 su compromiso en la lucha contra la trata de personas"}]},{"@type":"WebSite","@id":"https:\/\/diariofemenino.com.ar\/df\/#website","url":"https:\/\/diariofemenino.com.ar\/df\/","name":"Diario Digital Femenino","description":"Cuesti\u00f3n de G\u00e9nero","publisher":{"@id":"https:\/\/diariofemenino.com.ar\/df\/#organization"},"potentialAction":[{"@type":"SearchAction","target":{"@type":"EntryPoint","urlTemplate":"https:\/\/diariofemenino.com.ar\/df\/?s={search_term_string}"},"query-input":{"@type":"PropertyValueSpecification","valueRequired":true,"valueName":"search_term_string"}}],"inLanguage":"es"},{"@type":"Organization","@id":"https:\/\/diariofemenino.com.ar\/df\/#organization","name":"Diario Femenino","url":"https:\/\/diariofemenino.com.ar\/df\/","logo":{"@type":"ImageObject","inLanguage":"es","@id":"https:\/\/diariofemenino.com.ar\/df\/#\/schema\/logo\/image\/","url":"https:\/\/diariofemenino.com.ar\/df\/wp-content\/uploads\/2018\/10\/logo.png","contentUrl":"https:\/\/diariofemenino.com.ar\/df\/wp-content\/uploads\/2018\/10\/logo.png","width":500,"height":92,"caption":"Diario Femenino"},"image":{"@id":"https:\/\/diariofemenino.com.ar\/df\/#\/schema\/logo\/image\/"},"sameAs":["https:\/\/www.facebook.com\/DiarioDigitaFemenino\/","https:\/\/x.com\/DiarioFemenino1"]},{"@type":"Person","@id":"https:\/\/diariofemenino.com.ar\/df\/#\/schema\/person\/38f54b3bfd13f561de2460ba95c169c6","name":"Admin","image":{"@type":"ImageObject","inLanguage":"es","@id":"https:\/\/diariofemenino.com.ar\/df\/wp-content\/uploads\/2018\/12\/favicon-150x150.jpg","url":"https:\/\/diariofemenino.com.ar\/df\/wp-content\/uploads\/2018\/12\/favicon-150x150.jpg","contentUrl":"https:\/\/diariofemenino.com.ar\/df\/wp-content\/uploads\/2018\/12\/favicon-150x150.jpg","caption":"Admin"},"url":"https:\/\/diariofemenino.com.ar\/df\/author\/adm18df\/"}]}},"jetpack_featured_media_url":"","jetpack_sharing_enabled":true,"rttpg_featured_image_url":null,"rttpg_author":{"display_name":"Admin","author_link":"https:\/\/diariofemenino.com.ar\/df\/author\/adm18df\/"},"rttpg_comment":0,"rttpg_category":"<a href=\"https:\/\/diariofemenino.com.ar\/df\/category\/medios\/\" rel=\"category tag\">Medios<\/a> <a href=\"https:\/\/diariofemenino.com.ar\/df\/category\/noticias\/\" rel=\"category tag\">Noticias<\/a> <a href=\"https:\/\/diariofemenino.com.ar\/df\/category\/trata-de-personas\/\" rel=\"category tag\">Trata de Pers.<\/a>","rttpg_excerpt":"&nbsp; &nbsp; &nbsp; &nbsp; El jefe de Gabinete, Juan Abal Medina, se reuni\u00f3 con Susana Trimarco\u00a0y reiter\u00f3 el \u00abirrenunciable compromiso del gobierno nacional en la lucha contra la trata de personas\u00bb. Durante la reuni\u00f3n con la madre de Marita Ver\u00f3n, el jefe de Gabinete reiter\u00f3 el \u00abirrenunciable compromiso del gobierno nacional en la lucha contra&hellip;","_links":{"self":[{"href":"https:\/\/diariofemenino.com.ar\/df\/wp-json\/wp\/v2\/posts\/5490","targetHints":{"allow":["GET"]}}],"collection":[{"href":"https:\/\/diariofemenino.com.ar\/df\/wp-json\/wp\/v2\/posts"}],"about":[{"href":"https:\/\/diariofemenino.com.ar\/df\/wp-json\/wp\/v2\/types\/post"}],"author":[{"embeddable":true,"href":"https:\/\/diariofemenino.com.ar\/df\/wp-json\/wp\/v2\/users\/1"}],"replies":[{"embeddable":true,"href":"https:\/\/diariofemenino.com.ar\/df\/wp-json\/wp\/v2\/comments?post=5490"}],"version-history":[{"count":0,"href":"https:\/\/diariofemenino.com.ar\/df\/wp-json\/wp\/v2\/posts\/5490\/revisions"}],"wp:attachment":[{"href":"https:\/\/diariofemenino.com.ar\/df\/wp-json\/wp\/v2\/media?parent=5490"}],"wp:term":[{"taxonomy":"category","embeddable":true,"href":"https:\/\/diariofemenino.com.ar\/df\/wp-json\/wp\/v2\/categories?post=5490"},{"taxonomy":"post_tag","embeddable":true,"href":"https:\/\/diariofemenino.com.ar\/df\/wp-json\/wp\/v2\/tags?post=5490"}],"curies":[{"name":"wp","href":"https:\/\/api.w.org\/{rel}","templated":true}]}}