{"id":54896,"date":"2021-01-02T12:19:35","date_gmt":"2021-01-02T15:19:35","guid":{"rendered":"https:\/\/diariofemenino.com.ar\/?p=54896"},"modified":"2021-01-02T12:19:35","modified_gmt":"2021-01-02T15:19:35","slug":"despenalizar-el-aborto-en-america-latina-y-el-caribe","status":"publish","type":"post","link":"https:\/\/diariofemenino.com.ar\/df\/despenalizar-el-aborto-en-america-latina-y-el-caribe\/","title":{"rendered":"Despenalizar el aborto en Am\u00e9rica Latina y el Caribe"},"content":{"rendered":"<p style=\"text-align: center;\" data-wahfont=\"16\"><strong>Despenalizar el aborto en Am\u00e9rica Latina y el Caribe<\/strong><\/p>\n<p data-wahfont=\"16\">El Comit\u00e9 Directivo de CLACSO envi\u00f3 un comunicado sobre la despenalizaci\u00f3n del aborto en Am\u00e9rica Latina y el Caribe.<\/p>\n<p data-wahfont=\"16\">Texto completo:<\/p>\n<p data-wahfont=\"16\">\u00abLa Argentina ha dado un giro ejemplar en nuestra regi\u00f3n, aprobando en la madrugada del 30 de diciembre de 2020 la Ley de Interrupci\u00f3n Voluntaria del Embarazo (IVE) como resultado de una larga lucha de las feministas y de la sociedad civil del pa\u00eds sudamericano.<\/p>\n<p data-wahfont=\"16\">El aborto deja de ser delito. El aborto es pol\u00edtica de Estado. El aborto es un tema prioritario de salud p\u00fablica. El aborto hace a las ni\u00f1as y mujeres m\u00e1s libres, m\u00e1s iguales, m\u00e1s protegidas, les devuelve el poder sobre sus cuerpos al que tienen derecho. El aborto es ley.<\/p>\n<p data-wahfont=\"16\">La Argentina se suma as\u00ed a Uruguay, Cuba, Guyana, Puerto Rico y los estados mexicanos de Oaxaca y M\u00e9xico en legalizar el aborto. Mirar el camino transitado nos obliga a detenernos en la columna del debe. La marea feminista que ti\u00f1\u00f3 de verde la Argentina debe ahora expandirse m\u00e1s all\u00e1 de sus fronteras, que se convierta en un incentivo para fortalecer los movimientos y reclamos en cada rinc\u00f3n de Am\u00e9rica Latina, en las islas del Caribe, retomando la consigna que son\u00f3 alto y fuerte en toda la Argentina: \u201cEducaci\u00f3n sexual para decidir, anticonceptivos para no abortar, aborto legal para no morir\u201d.<\/p>\n<p data-wahfont=\"16\">Por m\u00e1s igualdad. Por m\u00e1s justicia. Para que cese toda violencia contra las mujeres. Por el respeto a sus decisiones. Por m\u00e1s educaci\u00f3n y pol\u00edticas de salud. Por m\u00e1s derechos para todas y todos.<\/p>\n<p class=\"has-text-align-right\" style=\"text-align: right;\" data-wahfont=\"16\"><strong>Comit\u00e9 Directivo de <a href=\"https:\/\/www.clacso.org\/\">CLACSO<\/a><\/strong><br \/>\n30 de diciembre de 2020&#8243;<\/p>\n<figure id=\"attachment_54897\" aria-describedby=\"caption-attachment-54897\" style=\"width: 680px\" class=\"wp-caption aligncenter\"><img loading=\"lazy\" decoding=\"async\" class=\"size-full wp-image-54897\" src=\"https:\/\/diariofemenino.com.ar\/df\/wp-content\/uploads\/2021\/01\/7tx-K8ip.jpg\" alt=\"Despenalizar el aborto en Am\u00e9rica Latina y el Caribe\" width=\"680\" height=\"453\" srcset=\"https:\/\/diariofemenino.com.ar\/df\/wp-content\/uploads\/2021\/01\/7tx-K8ip.jpg 680w, https:\/\/diariofemenino.com.ar\/df\/wp-content\/uploads\/2021\/01\/7tx-K8ip-300x200.jpg 300w\" sizes=\"auto, (max-width: 680px) 100vw, 680px\" \/><figcaption id=\"caption-attachment-54897\" class=\"wp-caption-text\">Despenalizar el aborto en Am\u00e9rica Latina y el Caribe<\/figcaption><\/figure>\n<hr \/>\n<h3 class=\"entry-title\" style=\"text-align: center;\" data-wahfont=\"32\">En Argentina, la interrupci\u00f3n voluntaria del embarazo es ley<\/h3>\n<p data-wahfont=\"16\">La jornada del 11 de diciembre en la C\u00e1mara de Diputados de la Naci\u00f3n Argentina, con el voto afirmativo 131 a 117 con 6 abstenciones, se prolong\u00f3 hasta la madrugada del 30 de diciembre cuando senadoras y senadores le dieron sanci\u00f3n completa al proyecto de ley de interrupci\u00f3n voluntaria del embarazo (IVE) enviado al Parlamento por el Poder Ejecutivo, con 38 votos a favor, 29 en contra y una abstenci\u00f3n.<\/p>\n<p data-wahfont=\"16\">La <a href=\"https:\/\/diariofemenino.com.ar\/aprobar-la-ley-del-aborto-es-un-paso-necesario-pero-no-suficiente-ahora-hay-que-conseguir-que-se-cumpla\/\">marea<\/a> feminista que viene ti\u00f1endo de verde cada rinc\u00f3n del pa\u00eds desde hace varios lustros no baj\u00f3 los brazos frente al rev\u00e9s parlamentario del 2018, redobl\u00f3 su militancia, esgrimi\u00f3 argumentos de peso y desenmascar\u00f3 la hipocres\u00eda de mirar para otro lado cuando se sabe que en la Argentina, en clandestinidad, se realizan 500.000 abortos por a\u00f1o. Ello desnuda, una vez m\u00e1s, la flagrante desigualdad entre las mujeres que tienen los recursos para acudir a sanatorios con garant\u00edas de buena atenci\u00f3n, y las que caen en manos inexpertas y engrosan, muchas veces, la triste lista de las v\u00edctimas de malas praxis: se estima que, al a\u00f1o, 40.000 mujeres son hospitalizadas por complicaciones que resultan del aborto y que por esa causa una mujer muere cada diez d\u00edas.<\/p>\n<p data-wahfont=\"16\">Qued\u00f3 claro en el debate que la interrupci\u00f3n del embarazo es un tema de salud p\u00fablica, que el Estado no puede hacerse el distra\u00eddo ni ser reh\u00e9n de presiones pol\u00edticas, sociales o religiosas, y que debe poner a disposici\u00f3n de ni\u00f1as y mujeres todos los recursos para una buena atenci\u00f3n, para la contenci\u00f3n y educaci\u00f3n en caso de que acudan a un centro m\u00e9dico con la decisi\u00f3n de interrumpir su embarazo.<\/p>\n<p data-wahfont=\"16\">Con el voto positivo de la madrugada del 30 de diciembre se ha dado un gran paso, la Argentina se suma a Uruguay, Cuba, Guyana, Puerto Rico y los estados mexicanos de Oaxaca y M\u00e9xico en legalizar el aborto. El rev\u00e9s de la medalla son todos los pa\u00edses de Am\u00e9rica Latina y el Caribe donde los gobiernos siguen criminalizando la IVE y legislando a su antojo sobre el cuerpo de las mujeres.<\/p>\n<p data-wahfont=\"16\">As\u00ed lo detallaba en su columna en InfoCLACSO el 16 de diciembre la Secretaria Ejecutiva de CLACSO, <a href=\"https:\/\/www.clacso.org\/el-97-de-las-mujeres-en-edad-reproductiva-viven-en-paises-donde-el-aborto-no-esta-permitido\/\">Karina Batthy\u00e1ny<\/a>:\u00a0<em>\u201cLa situaci\u00f3n del aborto hoy en la regi\u00f3n es, en t\u00e9rminos generales, que est\u00e1 o bien prohibido o muy restringido en algunos casos y poco despenalizado\u2026 Que haya este n\u00famero reducido de pa\u00edses \u2013que por lo tanto representa una excepci\u00f3n a la regla que se extiende por toda la regi\u00f3n\u2013 implica riesgos muy importantes para la salud de la mujer y resultados que nos preocupan en todos estos pa\u00edses.\u201d<\/em><\/p>\n<p data-wahfont=\"16\"><em>\u201cEsta situaci\u00f3n cuando recorremos Am\u00e9rica Latina y el Caribe nos lleva a mostrar que pr\u00e1cticamente el 97% de las mujeres latinoamericanas y caribe\u00f1as en edad reproductiva viven en pa\u00edses donde el aborto no est\u00e1 permitido. Y se estima que aproximadamente entre 5 y 10 mil mujeres pierden la vida al a\u00f1o por abortos clandestinos en esta regi\u00f3n \u2013los n\u00fameros son complejos porque las cifras no son claras en la mayor\u00eda de los pa\u00edses\u2013. Por lo tanto, es un problema de salud p\u00fablica\u201d,<\/em>\u00a0agreg\u00f3.<\/p>\n<p data-wahfont=\"16\">\n<p data-wahfont=\"16\"><a href=\"https:\/\/www.clacso.org\/despenalizar-el-aborto-en-america-latina-y-el-caribe\/\">CLACSO\u00a0<\/a><br \/>\n<a href=\"https:\/\/diariofemenino.com.ar\/\">DDF<\/a><\/p>\n","protected":false},"excerpt":{"rendered":"<p>Despenalizar el aborto en Am\u00e9rica Latina y el Caribe El Comit\u00e9 Directivo de CLACSO envi\u00f3 un comunicado sobre la despenalizaci\u00f3n del aborto en Am\u00e9rica Latina y el Caribe. Texto completo: \u00abLa Argentina ha dado un giro ejemplar en nuestra regi\u00f3n, aprobando en la madrugada del 30 de diciembre de 2020 la Ley de Interrupci\u00f3n Voluntaria [&hellip;]<\/p>\n","protected":false},"author":4,"featured_media":54898,"comment_status":"open","ping_status":"open","sticky":false,"template":"","format":"standard","meta":{"iawp_total_views":4,"footnotes":""},"categories":[22,7,1067,23],"tags":[251,42,2725],"class_list":["post-54896","post","type-post","status-publish","format-standard","has-post-thumbnail","hentry","category-aborto","category-actividades","category-agenda-feminista","category-salud","tag-argentina","tag-aborto","tag-america-latina-y-el-caribe"],"nelio_content":{"autoShareEndMode":"never","automationSources":{"useCustomSentences":false,"customSentences":[]},"efiAlt":"","efiUrl":"","followers":[4],"highlights":[],"isAutoShareEnabled":true,"networkImageIds":[],"permalinkQueryArgs":[],"series":[],"suggestedReferences":[]},"yoast_head":"<!-- This site is optimized with the Yoast SEO plugin v27.5 - https:\/\/yoast.com\/product\/yoast-seo-wordpress\/ -->\n<title>Despenalizar el aborto en Am\u00e9rica Latina y el Caribe - Diario Digital Femenino<\/title>\n<meta name=\"description\" content=\"Despenalizar el aborto. Comunicado del El Comit\u00e9 Directivo de CLACSO sobre la despenalizaci\u00f3n del aborto en Am\u00e9rica Latina y el Caribe.\" \/>\n<meta name=\"robots\" content=\"index, follow, max-snippet:-1, max-image-preview:large, max-video-preview:-1\" \/>\n<link rel=\"canonical\" href=\"https:\/\/diariofemenino.com.ar\/df\/despenalizar-el-aborto-en-america-latina-y-el-caribe\/\" \/>\n<meta property=\"og:locale\" content=\"es_ES\" \/>\n<meta property=\"og:type\" content=\"article\" \/>\n<meta property=\"og:title\" content=\"Despenalizar el aborto en Am\u00e9rica Latina y el Caribe - Diario Digital Femenino\" \/>\n<meta property=\"og:description\" content=\"Despenalizar el aborto. Comunicado del El Comit\u00e9 Directivo de CLACSO sobre la despenalizaci\u00f3n del aborto en Am\u00e9rica Latina y el Caribe.\" \/>\n<meta property=\"og:url\" content=\"https:\/\/diariofemenino.com.ar\/df\/despenalizar-el-aborto-en-america-latina-y-el-caribe\/\" \/>\n<meta property=\"og:site_name\" content=\"Diario Digital Femenino\" \/>\n<meta property=\"article:publisher\" content=\"https:\/\/www.facebook.com\/DiarioDigitaFemenino\/\" \/>\n<meta property=\"article:published_time\" content=\"2021-01-02T15:19:35+00:00\" \/>\n<meta property=\"og:image\" content=\"https:\/\/diariofemenino.com.ar\/df\/wp-content\/uploads\/2021\/01\/Aborto-legal.jpg\" \/>\n\t<meta property=\"og:image:width\" content=\"600\" \/>\n\t<meta property=\"og:image:height\" content=\"338\" \/>\n\t<meta property=\"og:image:type\" content=\"image\/jpeg\" \/>\n<meta name=\"author\" content=\"Admin\" \/>\n<meta name=\"twitter:card\" content=\"summary_large_image\" \/>\n<meta name=\"twitter:creator\" content=\"@DiarioFemenino1\" \/>\n<meta name=\"twitter:site\" content=\"@DiarioFemenino1\" \/>\n<meta name=\"twitter:label1\" content=\"Escrito por\" \/>\n\t<meta name=\"twitter:data1\" content=\"Admin\" \/>\n\t<meta name=\"twitter:label2\" content=\"Tiempo de lectura\" \/>\n\t<meta name=\"twitter:data2\" content=\"4 minutos\" \/>\n<script type=\"application\/ld+json\" class=\"yoast-schema-graph\">{\"@context\":\"https:\\\/\\\/schema.org\",\"@graph\":[{\"@type\":\"Article\",\"@id\":\"https:\\\/\\\/diariofemenino.com.ar\\\/df\\\/despenalizar-el-aborto-en-america-latina-y-el-caribe\\\/#article\",\"isPartOf\":{\"@id\":\"https:\\\/\\\/diariofemenino.com.ar\\\/df\\\/despenalizar-el-aborto-en-america-latina-y-el-caribe\\\/\"},\"author\":{\"name\":\"Admin\",\"@id\":\"https:\\\/\\\/diariofemenino.com.ar\\\/df\\\/#\\\/schema\\\/person\\\/bf6199e8158c657ea6f789b11ec85509\"},\"headline\":\"Despenalizar el aborto en Am\u00e9rica Latina y el Caribe\",\"datePublished\":\"2021-01-02T15:19:35+00:00\",\"mainEntityOfPage\":{\"@id\":\"https:\\\/\\\/diariofemenino.com.ar\\\/df\\\/despenalizar-el-aborto-en-america-latina-y-el-caribe\\\/\"},\"wordCount\":876,\"commentCount\":0,\"publisher\":{\"@id\":\"https:\\\/\\\/diariofemenino.com.ar\\\/df\\\/#organization\"},\"image\":{\"@id\":\"https:\\\/\\\/diariofemenino.com.ar\\\/df\\\/despenalizar-el-aborto-en-america-latina-y-el-caribe\\\/#primaryimage\"},\"thumbnailUrl\":\"https:\\\/\\\/diariofemenino.com.ar\\\/df\\\/wp-content\\\/uploads\\\/2021\\\/01\\\/Aborto-legal.jpg\",\"keywords\":[\"#argentina\",\"Aborto\",\"Am\u00e9rica Latina y el Caribe\"],\"articleSection\":[\"Aborto\",\"Actividades\",\"Agenda Feminista\",\"Salud\"],\"inLanguage\":\"es\",\"potentialAction\":[{\"@type\":\"CommentAction\",\"name\":\"Comment\",\"target\":[\"https:\\\/\\\/diariofemenino.com.ar\\\/df\\\/despenalizar-el-aborto-en-america-latina-y-el-caribe\\\/#respond\"]}]},{\"@type\":\"WebPage\",\"@id\":\"https:\\\/\\\/diariofemenino.com.ar\\\/df\\\/despenalizar-el-aborto-en-america-latina-y-el-caribe\\\/\",\"url\":\"https:\\\/\\\/diariofemenino.com.ar\\\/df\\\/despenalizar-el-aborto-en-america-latina-y-el-caribe\\\/\",\"name\":\"Despenalizar el aborto en Am\u00e9rica Latina y el Caribe - Diario Digital Femenino\",\"isPartOf\":{\"@id\":\"https:\\\/\\\/diariofemenino.com.ar\\\/df\\\/#website\"},\"primaryImageOfPage\":{\"@id\":\"https:\\\/\\\/diariofemenino.com.ar\\\/df\\\/despenalizar-el-aborto-en-america-latina-y-el-caribe\\\/#primaryimage\"},\"image\":{\"@id\":\"https:\\\/\\\/diariofemenino.com.ar\\\/df\\\/despenalizar-el-aborto-en-america-latina-y-el-caribe\\\/#primaryimage\"},\"thumbnailUrl\":\"https:\\\/\\\/diariofemenino.com.ar\\\/df\\\/wp-content\\\/uploads\\\/2021\\\/01\\\/Aborto-legal.jpg\",\"datePublished\":\"2021-01-02T15:19:35+00:00\",\"description\":\"Despenalizar el aborto. Comunicado del El Comit\u00e9 Directivo de CLACSO sobre la despenalizaci\u00f3n del aborto en Am\u00e9rica Latina y el Caribe.\",\"breadcrumb\":{\"@id\":\"https:\\\/\\\/diariofemenino.com.ar\\\/df\\\/despenalizar-el-aborto-en-america-latina-y-el-caribe\\\/#breadcrumb\"},\"inLanguage\":\"es\",\"potentialAction\":[{\"@type\":\"ReadAction\",\"target\":[\"https:\\\/\\\/diariofemenino.com.ar\\\/df\\\/despenalizar-el-aborto-en-america-latina-y-el-caribe\\\/\"]}]},{\"@type\":\"ImageObject\",\"inLanguage\":\"es\",\"@id\":\"https:\\\/\\\/diariofemenino.com.ar\\\/df\\\/despenalizar-el-aborto-en-america-latina-y-el-caribe\\\/#primaryimage\",\"url\":\"https:\\\/\\\/diariofemenino.com.ar\\\/df\\\/wp-content\\\/uploads\\\/2021\\\/01\\\/Aborto-legal.jpg\",\"contentUrl\":\"https:\\\/\\\/diariofemenino.com.ar\\\/df\\\/wp-content\\\/uploads\\\/2021\\\/01\\\/Aborto-legal.jpg\",\"width\":600,\"height\":338,\"caption\":\"Despenalizar el aborto en Am\u00e9rica Latina y el Caribe\"},{\"@type\":\"BreadcrumbList\",\"@id\":\"https:\\\/\\\/diariofemenino.com.ar\\\/df\\\/despenalizar-el-aborto-en-america-latina-y-el-caribe\\\/#breadcrumb\",\"itemListElement\":[{\"@type\":\"ListItem\",\"position\":1,\"name\":\"Portada\",\"item\":\"https:\\\/\\\/diariofemenino.com.ar\\\/df\\\/\"},{\"@type\":\"ListItem\",\"position\":2,\"name\":\"Despenalizar el aborto en Am\u00e9rica Latina y el Caribe\"}]},{\"@type\":\"WebSite\",\"@id\":\"https:\\\/\\\/diariofemenino.com.ar\\\/df\\\/#website\",\"url\":\"https:\\\/\\\/diariofemenino.com.ar\\\/df\\\/\",\"name\":\"Diario Digital Femenino\",\"description\":\"Cuesti\u00f3n de G\u00e9nero\",\"publisher\":{\"@id\":\"https:\\\/\\\/diariofemenino.com.ar\\\/df\\\/#organization\"},\"potentialAction\":[{\"@type\":\"SearchAction\",\"target\":{\"@type\":\"EntryPoint\",\"urlTemplate\":\"https:\\\/\\\/diariofemenino.com.ar\\\/df\\\/?s={search_term_string}\"},\"query-input\":{\"@type\":\"PropertyValueSpecification\",\"valueRequired\":true,\"valueName\":\"search_term_string\"}}],\"inLanguage\":\"es\"},{\"@type\":\"Organization\",\"@id\":\"https:\\\/\\\/diariofemenino.com.ar\\\/df\\\/#organization\",\"name\":\"Diario Femenino\",\"url\":\"https:\\\/\\\/diariofemenino.com.ar\\\/df\\\/\",\"logo\":{\"@type\":\"ImageObject\",\"inLanguage\":\"es\",\"@id\":\"https:\\\/\\\/diariofemenino.com.ar\\\/df\\\/#\\\/schema\\\/logo\\\/image\\\/\",\"url\":\"https:\\\/\\\/diariofemenino.com.ar\\\/df\\\/wp-content\\\/uploads\\\/2018\\\/10\\\/logo.png\",\"contentUrl\":\"https:\\\/\\\/diariofemenino.com.ar\\\/df\\\/wp-content\\\/uploads\\\/2018\\\/10\\\/logo.png\",\"width\":500,\"height\":92,\"caption\":\"Diario Femenino\"},\"image\":{\"@id\":\"https:\\\/\\\/diariofemenino.com.ar\\\/df\\\/#\\\/schema\\\/logo\\\/image\\\/\"},\"sameAs\":[\"https:\\\/\\\/www.facebook.com\\\/DiarioDigitaFemenino\\\/\",\"https:\\\/\\\/x.com\\\/DiarioFemenino1\"]},{\"@type\":\"Person\",\"@id\":\"https:\\\/\\\/diariofemenino.com.ar\\\/df\\\/#\\\/schema\\\/person\\\/bf6199e8158c657ea6f789b11ec85509\",\"name\":\"Admin\",\"image\":{\"@type\":\"ImageObject\",\"inLanguage\":\"es\",\"@id\":\"https:\\\/\\\/diariofemenino.com.ar\\\/df\\\/wp-content\\\/uploads\\\/2018\\\/12\\\/favicon-150x150.jpg\",\"url\":\"https:\\\/\\\/diariofemenino.com.ar\\\/df\\\/wp-content\\\/uploads\\\/2018\\\/12\\\/favicon-150x150.jpg\",\"contentUrl\":\"https:\\\/\\\/diariofemenino.com.ar\\\/df\\\/wp-content\\\/uploads\\\/2018\\\/12\\\/favicon-150x150.jpg\",\"caption\":\"Admin\"},\"url\":\"https:\\\/\\\/diariofemenino.com.ar\\\/df\\\/author\\\/lenny\\\/\"}]}<\/script>\n<!-- \/ Yoast SEO plugin. -->","yoast_head_json":{"title":"Despenalizar el aborto en Am\u00e9rica Latina y el Caribe - Diario Digital Femenino","description":"Despenalizar el aborto. Comunicado del El Comit\u00e9 Directivo de CLACSO sobre la despenalizaci\u00f3n del aborto en Am\u00e9rica Latina y el Caribe.","robots":{"index":"index","follow":"follow","max-snippet":"max-snippet:-1","max-image-preview":"max-image-preview:large","max-video-preview":"max-video-preview:-1"},"canonical":"https:\/\/diariofemenino.com.ar\/df\/despenalizar-el-aborto-en-america-latina-y-el-caribe\/","og_locale":"es_ES","og_type":"article","og_title":"Despenalizar el aborto en Am\u00e9rica Latina y el Caribe - Diario Digital Femenino","og_description":"Despenalizar el aborto. Comunicado del El Comit\u00e9 Directivo de CLACSO sobre la despenalizaci\u00f3n del aborto en Am\u00e9rica Latina y el Caribe.","og_url":"https:\/\/diariofemenino.com.ar\/df\/despenalizar-el-aborto-en-america-latina-y-el-caribe\/","og_site_name":"Diario Digital Femenino","article_publisher":"https:\/\/www.facebook.com\/DiarioDigitaFemenino\/","article_published_time":"2021-01-02T15:19:35+00:00","og_image":[{"width":600,"height":338,"url":"https:\/\/diariofemenino.com.ar\/df\/wp-content\/uploads\/2021\/01\/Aborto-legal.jpg","type":"image\/jpeg"}],"author":"Admin","twitter_card":"summary_large_image","twitter_creator":"@DiarioFemenino1","twitter_site":"@DiarioFemenino1","twitter_misc":{"Escrito por":"Admin","Tiempo de lectura":"4 minutos"},"schema":{"@context":"https:\/\/schema.org","@graph":[{"@type":"Article","@id":"https:\/\/diariofemenino.com.ar\/df\/despenalizar-el-aborto-en-america-latina-y-el-caribe\/#article","isPartOf":{"@id":"https:\/\/diariofemenino.com.ar\/df\/despenalizar-el-aborto-en-america-latina-y-el-caribe\/"},"author":{"name":"Admin","@id":"https:\/\/diariofemenino.com.ar\/df\/#\/schema\/person\/bf6199e8158c657ea6f789b11ec85509"},"headline":"Despenalizar el aborto en Am\u00e9rica Latina y el Caribe","datePublished":"2021-01-02T15:19:35+00:00","mainEntityOfPage":{"@id":"https:\/\/diariofemenino.com.ar\/df\/despenalizar-el-aborto-en-america-latina-y-el-caribe\/"},"wordCount":876,"commentCount":0,"publisher":{"@id":"https:\/\/diariofemenino.com.ar\/df\/#organization"},"image":{"@id":"https:\/\/diariofemenino.com.ar\/df\/despenalizar-el-aborto-en-america-latina-y-el-caribe\/#primaryimage"},"thumbnailUrl":"https:\/\/diariofemenino.com.ar\/df\/wp-content\/uploads\/2021\/01\/Aborto-legal.jpg","keywords":["#argentina","Aborto","Am\u00e9rica Latina y el Caribe"],"articleSection":["Aborto","Actividades","Agenda Feminista","Salud"],"inLanguage":"es","potentialAction":[{"@type":"CommentAction","name":"Comment","target":["https:\/\/diariofemenino.com.ar\/df\/despenalizar-el-aborto-en-america-latina-y-el-caribe\/#respond"]}]},{"@type":"WebPage","@id":"https:\/\/diariofemenino.com.ar\/df\/despenalizar-el-aborto-en-america-latina-y-el-caribe\/","url":"https:\/\/diariofemenino.com.ar\/df\/despenalizar-el-aborto-en-america-latina-y-el-caribe\/","name":"Despenalizar el aborto en Am\u00e9rica Latina y el Caribe - Diario Digital Femenino","isPartOf":{"@id":"https:\/\/diariofemenino.com.ar\/df\/#website"},"primaryImageOfPage":{"@id":"https:\/\/diariofemenino.com.ar\/df\/despenalizar-el-aborto-en-america-latina-y-el-caribe\/#primaryimage"},"image":{"@id":"https:\/\/diariofemenino.com.ar\/df\/despenalizar-el-aborto-en-america-latina-y-el-caribe\/#primaryimage"},"thumbnailUrl":"https:\/\/diariofemenino.com.ar\/df\/wp-content\/uploads\/2021\/01\/Aborto-legal.jpg","datePublished":"2021-01-02T15:19:35+00:00","description":"Despenalizar el aborto. Comunicado del El Comit\u00e9 Directivo de CLACSO sobre la despenalizaci\u00f3n del aborto en Am\u00e9rica Latina y el Caribe.","breadcrumb":{"@id":"https:\/\/diariofemenino.com.ar\/df\/despenalizar-el-aborto-en-america-latina-y-el-caribe\/#breadcrumb"},"inLanguage":"es","potentialAction":[{"@type":"ReadAction","target":["https:\/\/diariofemenino.com.ar\/df\/despenalizar-el-aborto-en-america-latina-y-el-caribe\/"]}]},{"@type":"ImageObject","inLanguage":"es","@id":"https:\/\/diariofemenino.com.ar\/df\/despenalizar-el-aborto-en-america-latina-y-el-caribe\/#primaryimage","url":"https:\/\/diariofemenino.com.ar\/df\/wp-content\/uploads\/2021\/01\/Aborto-legal.jpg","contentUrl":"https:\/\/diariofemenino.com.ar\/df\/wp-content\/uploads\/2021\/01\/Aborto-legal.jpg","width":600,"height":338,"caption":"Despenalizar el aborto en Am\u00e9rica Latina y el Caribe"},{"@type":"BreadcrumbList","@id":"https:\/\/diariofemenino.com.ar\/df\/despenalizar-el-aborto-en-america-latina-y-el-caribe\/#breadcrumb","itemListElement":[{"@type":"ListItem","position":1,"name":"Portada","item":"https:\/\/diariofemenino.com.ar\/df\/"},{"@type":"ListItem","position":2,"name":"Despenalizar el aborto en Am\u00e9rica Latina y el Caribe"}]},{"@type":"WebSite","@id":"https:\/\/diariofemenino.com.ar\/df\/#website","url":"https:\/\/diariofemenino.com.ar\/df\/","name":"Diario Digital Femenino","description":"Cuesti\u00f3n de G\u00e9nero","publisher":{"@id":"https:\/\/diariofemenino.com.ar\/df\/#organization"},"potentialAction":[{"@type":"SearchAction","target":{"@type":"EntryPoint","urlTemplate":"https:\/\/diariofemenino.com.ar\/df\/?s={search_term_string}"},"query-input":{"@type":"PropertyValueSpecification","valueRequired":true,"valueName":"search_term_string"}}],"inLanguage":"es"},{"@type":"Organization","@id":"https:\/\/diariofemenino.com.ar\/df\/#organization","name":"Diario Femenino","url":"https:\/\/diariofemenino.com.ar\/df\/","logo":{"@type":"ImageObject","inLanguage":"es","@id":"https:\/\/diariofemenino.com.ar\/df\/#\/schema\/logo\/image\/","url":"https:\/\/diariofemenino.com.ar\/df\/wp-content\/uploads\/2018\/10\/logo.png","contentUrl":"https:\/\/diariofemenino.com.ar\/df\/wp-content\/uploads\/2018\/10\/logo.png","width":500,"height":92,"caption":"Diario Femenino"},"image":{"@id":"https:\/\/diariofemenino.com.ar\/df\/#\/schema\/logo\/image\/"},"sameAs":["https:\/\/www.facebook.com\/DiarioDigitaFemenino\/","https:\/\/x.com\/DiarioFemenino1"]},{"@type":"Person","@id":"https:\/\/diariofemenino.com.ar\/df\/#\/schema\/person\/bf6199e8158c657ea6f789b11ec85509","name":"Admin","image":{"@type":"ImageObject","inLanguage":"es","@id":"https:\/\/diariofemenino.com.ar\/df\/wp-content\/uploads\/2018\/12\/favicon-150x150.jpg","url":"https:\/\/diariofemenino.com.ar\/df\/wp-content\/uploads\/2018\/12\/favicon-150x150.jpg","contentUrl":"https:\/\/diariofemenino.com.ar\/df\/wp-content\/uploads\/2018\/12\/favicon-150x150.jpg","caption":"Admin"},"url":"https:\/\/diariofemenino.com.ar\/df\/author\/lenny\/"}]}},"jetpack_featured_media_url":"https:\/\/diariofemenino.com.ar\/df\/wp-content\/uploads\/2021\/01\/Aborto-legal.jpg","jetpack_sharing_enabled":true,"rttpg_featured_image_url":{"full":["https:\/\/diariofemenino.com.ar\/df\/wp-content\/uploads\/2021\/01\/Aborto-legal.jpg",600,338,false],"landscape":["https:\/\/diariofemenino.com.ar\/df\/wp-content\/uploads\/2021\/01\/Aborto-legal.jpg",600,338,false],"portraits":["https:\/\/diariofemenino.com.ar\/df\/wp-content\/uploads\/2021\/01\/Aborto-legal.jpg",600,338,false],"thumbnail":["https:\/\/diariofemenino.com.ar\/df\/wp-content\/uploads\/2021\/01\/Aborto-legal-150x150.jpg",150,150,true],"medium":["https:\/\/diariofemenino.com.ar\/df\/wp-content\/uploads\/2021\/01\/Aborto-legal-300x169.jpg",300,169,true],"large":["https:\/\/diariofemenino.com.ar\/df\/wp-content\/uploads\/2021\/01\/Aborto-legal.jpg",600,338,false],"1536x1536":["https:\/\/diariofemenino.com.ar\/df\/wp-content\/uploads\/2021\/01\/Aborto-legal.jpg",600,338,false],"2048x2048":["https:\/\/diariofemenino.com.ar\/df\/wp-content\/uploads\/2021\/01\/Aborto-legal.jpg",600,338,false]},"rttpg_author":{"display_name":"Admin","author_link":"https:\/\/diariofemenino.com.ar\/df\/author\/lenny\/"},"rttpg_comment":0,"rttpg_category":"<a href=\"https:\/\/diariofemenino.com.ar\/df\/category\/aborto\/\" rel=\"category tag\">Aborto<\/a> <a href=\"https:\/\/diariofemenino.com.ar\/df\/category\/actividades\/\" rel=\"category tag\">Actividades<\/a> <a href=\"https:\/\/diariofemenino.com.ar\/df\/category\/agenda-feminista\/\" rel=\"category tag\">Agenda Feminista<\/a> <a href=\"https:\/\/diariofemenino.com.ar\/df\/category\/salud\/\" rel=\"category tag\">Salud<\/a>","rttpg_excerpt":"Despenalizar el aborto en Am\u00e9rica Latina y el Caribe El Comit\u00e9 Directivo de CLACSO envi\u00f3 un comunicado sobre la despenalizaci\u00f3n del aborto en Am\u00e9rica Latina y el Caribe. Texto completo: \u00abLa Argentina ha dado un giro ejemplar en nuestra regi\u00f3n, aprobando en la madrugada del 30 de diciembre de 2020 la Ley de Interrupci\u00f3n Voluntaria&hellip;","_links":{"self":[{"href":"https:\/\/diariofemenino.com.ar\/df\/wp-json\/wp\/v2\/posts\/54896","targetHints":{"allow":["GET"]}}],"collection":[{"href":"https:\/\/diariofemenino.com.ar\/df\/wp-json\/wp\/v2\/posts"}],"about":[{"href":"https:\/\/diariofemenino.com.ar\/df\/wp-json\/wp\/v2\/types\/post"}],"author":[{"embeddable":true,"href":"https:\/\/diariofemenino.com.ar\/df\/wp-json\/wp\/v2\/users\/4"}],"replies":[{"embeddable":true,"href":"https:\/\/diariofemenino.com.ar\/df\/wp-json\/wp\/v2\/comments?post=54896"}],"version-history":[{"count":0,"href":"https:\/\/diariofemenino.com.ar\/df\/wp-json\/wp\/v2\/posts\/54896\/revisions"}],"wp:featuredmedia":[{"embeddable":true,"href":"https:\/\/diariofemenino.com.ar\/df\/wp-json\/wp\/v2\/media\/54898"}],"wp:attachment":[{"href":"https:\/\/diariofemenino.com.ar\/df\/wp-json\/wp\/v2\/media?parent=54896"}],"wp:term":[{"taxonomy":"category","embeddable":true,"href":"https:\/\/diariofemenino.com.ar\/df\/wp-json\/wp\/v2\/categories?post=54896"},{"taxonomy":"post_tag","embeddable":true,"href":"https:\/\/diariofemenino.com.ar\/df\/wp-json\/wp\/v2\/tags?post=54896"}],"curies":[{"name":"wp","href":"https:\/\/api.w.org\/{rel}","templated":true}]}}