{"id":54878,"date":"2021-01-02T11:03:00","date_gmt":"2021-01-02T14:03:00","guid":{"rendered":"https:\/\/diariofemenino.com.ar\/?p=54878"},"modified":"2021-01-02T11:03:00","modified_gmt":"2021-01-02T14:03:00","slug":"y-las-brujas-acabaron-convertidas-en-el-icono-feminista-definitivo","status":"publish","type":"post","link":"https:\/\/diariofemenino.com.ar\/df\/y-las-brujas-acabaron-convertidas-en-el-icono-feminista-definitivo\/","title":{"rendered":"Y las brujas acabaron convertidas en el icono feminista definitivo"},"content":{"rendered":"<p class=\"a_st font_secondary color_gray_dark \"><strong>Han sido hist\u00f3ricamente malvadas, pero en realidad solo se resist\u00edan a obedecer. La imagen que una sociedad tiene de sus hechiceras dice mucho de c\u00f3mo esa sociedad percibe a la mujer.<\/strong><\/p>\n<p>Por <a href=\"https:\/\/elpais.com\/icon\/actualidad\/2020-12-25\/y-las-brujas-acabaron-convertidas-en-el-icono-feminista-definitivo.html?utm_source=Facebook&amp;ssm=FB_CM\">Juan Sanguino<\/a><\/p>\n<p class=\"\">El 31 de diciembre se estren\u00f3 la cuarta temporada de\u00a0<a href=\"https:\/\/elpais.com\/elpais\/2018\/12\/14\/album\/1544820593_799142.html\" target=\"_blank\" rel=\"noopener\"><i>Las escalofriantes aventuras de Sabrina<\/i><\/a>\u00a0en Netflix. Como la nostalgia es la moneda de cambio m\u00e1s valiosa para la cultura popular actual, vuelven las t\u00edas Hilda y Zelda: las actrices Beth Roderick y Caroline Rhea retoman sus personajes en la telecomedia de los 90\u00a0<i>Sabrina, cosas de brujas<\/i>, gracias al siempre oportuno recurso de las realidades alternativas. El final de la serie, por tanto, servir\u00e1 para comparar c\u00f3mo han cambiado las brujas desde los 90 hasta hoy. Una pista: est\u00e1n mucho m\u00e1s cabreadas.<\/p>\n<p class=\"\">Dec\u00eda Margaret Atwood que la imagen que una sociedad tiene de sus brujas dice mucho de c\u00f3mo esa sociedad percibe a la mujer. En los \u00faltimos a\u00f1os, la figura de la bruja ha acabado convertida en el icono feminista definitivo al representar, a la vez, la opresi\u00f3n contra las mujeres y su emancipaci\u00f3n absoluta de la sociedad. La historiadora\u00a0<a href=\"https:\/\/elpais.com\/elpais\/2019\/06\/29\/icon\/1561798692_212001.html\" target=\"_blank\" rel=\"noopener\">Mary Beard<\/a>\u00a0se\u00f1ala que todos los cuentos sobre mujeres monstruosas, desde las \u00e9pocas de Medusa, H\u00e9cate o Morgana, son par\u00e1bolas para arrebatar el poder a las mujeres.<\/p>\n<p><iframe loading=\"lazy\" src=\"https:\/\/www.youtube.com\/embed\/-bRdLEOpOwE\" width=\"560\" height=\"315\" frameborder=\"0\" allowfullscreen=\"allowfullscreen\"><\/iframe><\/p>\n<p class=\"\">La paranoia colectiva que posey\u00f3 el norte de Europa y la costa este de Estados Unidos entre los siglos XVI y XVII surgi\u00f3 tras el \u00e9xito superventas\u00a0<a href=\"https:\/\/librotea.elpais.com\/libros\/malleus-maleficarum-o-el-martillo-de-los-brujos-s1ek9uvgg7\/\" target=\"_blank\" rel=\"noopener\"><i>Malleus Maleficarum<\/i><\/a>, un tratado con bendici\u00f3n papal que advert\u00eda sobre los peligros de las mujeres con demasiada personalidad. Cualquier reuni\u00f3n de mujeres que no fuese para rezar o para coser se consideraba un aquelarre. Las cr\u00f3nicas de los juicios contra aquellas supuestas brujas muestran lo f\u00e1cil que resultaba acusarlas: si eran demasiado pobres, si eran demasiado ricas, si expresaban sus opiniones en p\u00fablico, si hac\u00edan vida fuera de la cocina, si no consegu\u00edan engendrar descendencia, si ten\u00edan demasiados hijos, si no se mostraban agradecidas, si ejerc\u00edan demasiada influencia sobre sus maridos, si no se casaban, si ca\u00edan antip\u00e1ticas a los vecinos, si practicaban la medicina, si eran demasiado guapas, si eran demasiado feas. Y sobre todo, si hab\u00edan pasado la menopausia y\/o eran viudas, porque no pod\u00edan cumplir su deber femenino de engendrar ni ten\u00edan un marido que las defendiese. Adem\u00e1s, en una iron\u00eda perversa, para poder juzgarlas la ley ten\u00eda que reconocerlas como ciudadanos con voluntad propia: la primera vez que las mujeres adquirieron la categor\u00eda de entidad legal fue para que pudieran quemarlas en una pira.<\/p>\n<p class=\"\">En 1893 la sufragista Matilda Joslyn Gage, en su libro\u00a0<a href=\"https:\/\/elpais.com\/elpais\/2019\/04\/09\/opinion\/1554827755_747922.html\" target=\"_blank\" rel=\"noopener\"><i>Mujer, iglesia y estado<\/i><\/a>, reivindic\u00f3 a las brujas como las primeras feministas, neutralizadas por representar una amenaza contra las instituciones patriarcales: la iglesia, la medicina, el poder y el matrimonio.<\/p>\n<p class=\"\">La cultura popular reestableci\u00f3 el arquetipo de la bruja en el imaginario del siglo XX. La madrastra de\u00a0<i>Blancanieves<\/i>\u00a0(que en su d\u00eda hab\u00eda sido una hermosa princesa, pero ahora era una envidiosa, masculina y yerma) y la Bruja del Oeste de\u00a0<a href=\"https:\/\/elpais.com\/elpais\/2020\/05\/12\/icon_design\/1589286968_872254.html\" target=\"_blank\" rel=\"noopener\"><i>El mago de Oz<\/i><\/a>\u00a0siguen siendo hoy el referente est\u00e9tico de la brujer\u00eda hasta para los disfraces de \u201cbrujita sexy\u201d en Halloween. Porque tal y como le explicaba la bruja buena Glenda a Dorothy, \u201cno todas las brujas son feas y viejas, solo las malas\u201d. Cuando son guapas, se les llama hechiceras. As\u00ed, durante la primera mitad del siglo XX la cultura utiliz\u00f3 a las brujas como advertencias para las ni\u00f1as: si no aprovechaban sus virtudes a tiempo (belleza y juventud) acabar\u00edan amargadas, narigudas y verrugosas. Se podr\u00eda establecer un paralelismo entre las brujas y su equivalente masculino, el hombre del saco, excepto porque a los ni\u00f1os nunca se les ha educado para que no acaben convertidos en un hombre del saco.<\/p>\n<p class=\"\">En 1964, mientras Betty Friedan explicaba en su ensayo seminal\u00a0<a href=\"https:\/\/elpais.com\/elpais\/2011\/04\/27\/opinion\/1303893539_850215.html\" target=\"_blank\" rel=\"noopener\"><i>La m\u00edstica de la femineidad<\/i><\/a>\u00a0que la cocina era un espacio de represi\u00f3n para las mujeres, se estren\u00f3 la telecomedia\u00a0<i>Embrujada<\/i>. Samantha (Elizabeth Montgomery) era una ama de casa ideal, medio Grace Kelly medio Doris Day, que le confesaba a su esposo en su noche de bodas que era una bruja. \u00c9l se planteaba el divorcio, pero al final acced\u00eda a tolerarla si promet\u00eda no usar sus poderes. Es decir, si renunciaba a ser lo que era. Semana tras semana,\u00a0<i>Embrujada<\/i>\u00a0pon\u00eda a su protagonista ante el dilema de usar sus poderes (para recoger la casa o para ayudar a su marido sin que \u00e9l lo supiera y as\u00ed creyese que lo hab\u00eda conseguido \u00e9l solo) o reprimirlos y cumplir su sue\u00f1o de ser una mujer normal.<\/p>\n<p class=\"\">Pero la segunda ola del feminismo de los 70 blandi\u00f3 el mito de la bruja como su emblema de batalla. Miles de mujeres, en nombre del movimiento WITCH, se manifestaron en Wall Street vestidas con sombreros puntiagudos y escobas. En otra protesta soltaron decenas de ratas en una feria de vestidos de novia. Esta rabia estaba en sinton\u00eda con la de\u00a0<a href=\"https:\/\/elpais.com\/elpais\/2016\/10\/26\/icon\/1477494663_428651.html\" target=\"_blank\" rel=\"noopener\"><i>Carrie<\/i><\/a>\u00a0(1976), en la que la adolescente protagonista empezaba la pel\u00edcula sufriendo una humillaci\u00f3n por parte de sus compa\u00f1eras de clase porque le hab\u00eda venido el per\u00edodo y acababa embadurnada de sangre masacrando a los estudiantes de su instituto mediante la telequinesis. Carrie llevaba tanto tiempo reprimiendo su poder que cuando lo liberaba no pod\u00eda controlarlo y la acababa destruyendo. Seg\u00fan esa f\u00e1bula, la \u00fanica forma en la que una mujer pod\u00eda rebelarse era arriesg\u00e1ndose a caer derrotada durante la batalla. Pero al menos ya no se quedaba de brazos cruzados.<\/p>\n<p><iframe loading=\"lazy\" src=\"https:\/\/www.youtube.com\/embed\/d_ZyqaN_XNM\" width=\"560\" height=\"315\" frameborder=\"0\" allowfullscreen=\"allowfullscreen\"><\/iframe><\/p>\n<p class=\"\">En 1983 Roald Dahl public\u00f3\u00a0<i>Las brujas<\/i>, cuya adaptaci\u00f3n al cine provoc\u00f3 escalofr\u00edos entre espectadores de todas las edades cuando\u00a0<a href=\"https:\/\/elpais.com\/elpais\/2020\/07\/08\/icon\/1594193847_389887.html\" target=\"_blank\" rel=\"noopener\">Anjelica Huston<\/a>\u00a0se arrancaba la cara para desvelar su verdadero aspecto. Aquella pel\u00edcula actualizaba el mito de la bruja al retratarla como una mujer harta de someterse a las exigencias de la sociedad: \u00bfPor qu\u00e9 esforzarse en ser guapa y amable pudiendo convertir a los ni\u00f1os plastas en ratones? En t\u00e9rminos tradicionales, no ha existido una villana menos femenina que ella porque rechazaba todas las expectativas y las responsabilidades atribuidas a las mujeres. Y adem\u00e1s era la bruja m\u00e1s peligrosa de todas: la que no ten\u00eda nada que perder. \u201cLas brujas son mujeres que abrazan su ira. Les duele todo el cuerpo y cada vez que se miran en el espejo odian lo que ven. Al asumir lo feas que son, pueden ser lo que quieran. Viven una agon\u00eda, viven en un infierno. Son la expresi\u00f3n m\u00e1s honesta de la rabia femenina. Las mujeres nos esforzamos por estar guapas y sonrientes, pero las brujas se permiten a s\u00ed mismas mostrarse tal y como son. Y eso es liberador\u201d, explica Huston.<\/p>\n<p class=\"\">La mentalidad postfeminisma de los 90 indicaba que ya estaba todo conseguido, que no quedaban motivos para luchar y que las mujeres que segu\u00edan quej\u00e1ndose eran feas, amargadas y\/o solteronas. As\u00ed que las pocas brujas que quedaban se integraron en el sistema: la protagonista de\u00a0<a href=\"https:\/\/elpais.com\/elpais\/2017\/12\/15\/album\/1513341420_838186.html\" target=\"_blank\" rel=\"noopener\"><i>Sabrina, cosas de brujas<\/i><\/a>\u00a0solo usaba sus poderes para vestirse r\u00e1pido antes de ir al instituto,\u00a0<a href=\"https:\/\/elpais.com\/icon\/cultura\/2020-10-31\/como-nicole-kidman-gano-y-tom-cruise-perdio-historia-de-un-fracaso-matrimonial-que-termino-creando-a-la-estrella-mas-atipica-del-siglo-xxi.html\" target=\"_blank\" rel=\"noopener\">Nicole Kidman<\/a>\u00a0y Sandra Bullock en\u00a0<i>Pr\u00e1cticamente magia<\/i>\u00a0solo quer\u00edan enamorarse y beber pi\u00f1a coladas y las tres hermanas de\u00a0<i>Embrujadas<\/i>\u00a0reivindicaban que las mujeres pod\u00edan llegar m\u00e1s lejos unidas que enemistadas. Para las brujas de los 90 los hombres eran panolis, cuando no irrelevantes: Willow, la mejor amiga de Buffy, despertaba sexualmente al conocer a otra bruja en sus clases extraescolares. Lo que todas las brujas de la ficci\u00f3n tienen en com\u00fan es que son mujeres con identidad propia y nunca en funci\u00f3n a su rol respecto a los hombres (esposa, madre, v\u00edctima, hija, tentadora, objeto), por eso se han convertido en la fantas\u00eda feminista definitiva.<\/p>\n<p><iframe loading=\"lazy\" src=\"https:\/\/www.youtube.com\/embed\/R7uixLkpjPs\" width=\"560\" height=\"315\" frameborder=\"0\" allowfullscreen=\"allowfullscreen\"><\/iframe><\/p>\n<p class=\"\">El lema \u201cSomos <a href=\"https:\/\/diariofemenino.com.ar\/las-nietas-de-esas-brujas\/\">las nietas<\/a> de las brujas que no conseguisteis quemar\u201d se populariz\u00f3 en la novela\u00a0<i>The Witches of BlackBrook,<\/i>\u00a0de Tish Thawer, y salt\u00f3 a camisetas, a memes y a pancartas en manifestaciones. \u201cEs el momento de que se asusten\u201d, clamaba la autora\u00a0<a href=\"https:\/\/smoda.elpais.com\/moda\/feministas-que-vuelven-del-mas-alla\/\" target=\"_blank\" rel=\"noopener\">Andi Zeisler<\/a>\u00a0en la v\u00edspera del\u00a0<a href=\"https:\/\/elpais.com\/elpais\/2018\/02\/26\/album\/1519649002_373020.html\" target=\"_blank\" rel=\"noopener\">d\u00eda de la mujer<\/a>\u00a0en 2017, \u201cTenemos que convertirnos en brujas totales\u201d. En una columna en el\u00a0<i>New York Times<\/i>, Lindy West respondi\u00f3 a todos los hombres que se quejaban de que el Me Too fuese una caza de brujas: \u201cS\u00ed, esto es una caza de brujas. Soy una bruja y voy a cazarte\u201d.<\/p>\n<p class=\"\">Cada vez que una mujer ha sobresalido en pol\u00edtica, la opini\u00f3n p\u00fablica ha recurrido a la imaginer\u00eda de las brujas para atacarla. Desde Theresa May hasta Angela Merkel o Margaret Thatcher, cuya muerte fue celebrada en redes sociales con c\u00e1nticos de \u201cDing-dong, la bruja ha muerto\u201d (la canci\u00f3n de\u00a0<i>El mago de Oz<\/i>). En los m\u00edtines de Donald Trump, muchedumbres enfurecidas entonaban \u201c\u00a1encerradla! \u00a1encerradla!\u201d, en referencia a Hillary Clinton, apodada \u201cla bruja mala de la izquierda\u201d. Esas narrativas se construyen sobre una premisa similar a la de los\u00a0<a href=\"https:\/\/elpais.com\/elpais\/2020\/11\/06\/hechos\/1604671115_411349.html\" target=\"_blank\" rel=\"noopener\">juicios de Salem:<\/a>\u00a0las mujeres no pueden adquirir poder real sin sufrir consecuencias.<\/p>\n<p class=\"\">\u201cLa misoginia de principios del siglo XXI est\u00e1 revelando lo que siempre sospechamos: que las mujeres nunca hemos tenido nuestro lugar en el mundo. Lo hemos intentado, hemos trabajado, hemos sido leales a las reglas y a los valores de la sociedad establecida. Pero no importa lo lejos que cre\u00edmos llegar, no importa cu\u00e1ntas veces nuestras madres nos prometieron que podr\u00edamos lograr lo que quisi\u00e9ramos. Segu\u00edamos viviendo dentro de un sistema que usaba los cuerpos femeninos. Y en la historia que el patriarcado contaba sobre s\u00ed mismo siempre \u00edbamos a ser las villanas. As\u00ed que, si el poblado no nos quiere, m\u00e1s nos vale adentrarnos en los bosques\u201d escrib\u00eda la periodista Sady Doyle. O como dec\u00eda Terele P\u00e1vez en Las brujas de Zugarramurdi, \u201ca m\u00ed no me dan miedo las brujas, a m\u00ed lo que me da miedo son los hijos de puta\u201d.<\/p>\n<p>&nbsp;<\/p>\n<p><img loading=\"lazy\" decoding=\"async\" class=\"size-large wp-image-54893\" src=\"https:\/\/diariofemenino.com.ar\/df\/wp-content\/uploads\/2021\/01\/36HSC4ZTNRB6RBBOYYPMMN5PI4-1024x741.jpg\" alt=\"Y las brujas acabaron convertidas en el icono feminista definitivo\" width=\"900\" height=\"651\" srcset=\"https:\/\/diariofemenino.com.ar\/df\/wp-content\/uploads\/2021\/01\/36HSC4ZTNRB6RBBOYYPMMN5PI4-1024x741.jpg 1024w, https:\/\/diariofemenino.com.ar\/df\/wp-content\/uploads\/2021\/01\/36HSC4ZTNRB6RBBOYYPMMN5PI4-300x217.jpg 300w, https:\/\/diariofemenino.com.ar\/df\/wp-content\/uploads\/2021\/01\/36HSC4ZTNRB6RBBOYYPMMN5PI4-768x556.jpg 768w, https:\/\/diariofemenino.com.ar\/df\/wp-content\/uploads\/2021\/01\/36HSC4ZTNRB6RBBOYYPMMN5PI4.jpg 1500w\" sizes=\"auto, (max-width: 900px) 100vw, 900px\" \/><\/p>\n<p><a href=\"https:\/\/elpais.com\/\">\u00a0El Pa\u00eds<\/a><br \/>\n<a href=\"https:\/\/diariofemenino.com.ar\/\">DDF<\/a><\/p>\n<div class=\"raw_html\"><\/div>\n","protected":false},"excerpt":{"rendered":"<p>Han sido hist\u00f3ricamente malvadas, pero en realidad solo se resist\u00edan a obedecer. La imagen que una sociedad tiene de sus hechiceras dice mucho de c\u00f3mo esa sociedad percibe a la mujer. Por Juan Sanguino El 31 de diciembre se estren\u00f3 la cuarta temporada de\u00a0Las escalofriantes aventuras de Sabrina\u00a0en Netflix. Como la nostalgia es la moneda [&hellip;]<\/p>\n","protected":false},"author":4,"featured_media":54893,"comment_status":"open","ping_status":"open","sticky":false,"template":"","format":"standard","meta":{"iawp_total_views":50,"footnotes":""},"categories":[1067,32],"tags":[3631,26,130,3965],"class_list":["post-54878","post","type-post","status-publish","format-standard","has-post-thumbnail","hentry","category-agenda-feminista","category-mujeres","tag-brujas","tag-feminismo","tag-mujeres","tag-nietas"],"nelio_content":{"autoShareEndMode":"never","automationSources":{"useCustomSentences":false,"customSentences":[]},"efiAlt":"","efiUrl":"","followers":[4],"highlights":[],"isAutoShareEnabled":true,"networkImageIds":[],"permalinkQueryArgs":[],"series":[],"suggestedReferences":[]},"yoast_head":"<!-- This site is optimized with the Yoast SEO plugin v27.5 - https:\/\/yoast.com\/product\/yoast-seo-wordpress\/ -->\n<title>Y las brujas acabaron convertidas en el icono feminista definitivo - Diario Digital Femenino<\/title>\n<meta name=\"description\" content=\"Y las brujas. Han sido hist\u00f3ricamente malvadas, pero en realidad solo se resist\u00edan a obedecer. La imagen que una sociedad tiene de sus hechiceras\" \/>\n<meta name=\"robots\" content=\"index, follow, max-snippet:-1, max-image-preview:large, max-video-preview:-1\" \/>\n<link rel=\"canonical\" href=\"https:\/\/diariofemenino.com.ar\/df\/y-las-brujas-acabaron-convertidas-en-el-icono-feminista-definitivo\/\" \/>\n<meta property=\"og:locale\" content=\"es_ES\" \/>\n<meta property=\"og:type\" content=\"article\" \/>\n<meta property=\"og:title\" content=\"Y las brujas acabaron convertidas en el icono feminista definitivo - Diario Digital Femenino\" \/>\n<meta property=\"og:description\" content=\"Y las brujas. Han sido hist\u00f3ricamente malvadas, pero en realidad solo se resist\u00edan a obedecer. La imagen que una sociedad tiene de sus hechiceras\" \/>\n<meta property=\"og:url\" content=\"https:\/\/diariofemenino.com.ar\/df\/y-las-brujas-acabaron-convertidas-en-el-icono-feminista-definitivo\/\" \/>\n<meta property=\"og:site_name\" content=\"Diario Digital Femenino\" \/>\n<meta property=\"article:publisher\" content=\"https:\/\/www.facebook.com\/DiarioDigitaFemenino\/\" \/>\n<meta property=\"article:published_time\" content=\"2021-01-02T14:03:00+00:00\" \/>\n<meta property=\"og:image\" content=\"https:\/\/diariofemenino.com.ar\/df\/wp-content\/uploads\/2021\/01\/36HSC4ZTNRB6RBBOYYPMMN5PI4.jpg\" \/>\n\t<meta property=\"og:image:width\" content=\"1500\" \/>\n\t<meta property=\"og:image:height\" content=\"1085\" \/>\n\t<meta property=\"og:image:type\" content=\"image\/jpeg\" \/>\n<meta name=\"author\" content=\"Admin\" \/>\n<meta name=\"twitter:card\" content=\"summary_large_image\" \/>\n<meta name=\"twitter:creator\" content=\"@DiarioFemenino1\" \/>\n<meta name=\"twitter:site\" content=\"@DiarioFemenino1\" \/>\n<meta name=\"twitter:label1\" content=\"Escrito por\" \/>\n\t<meta name=\"twitter:data1\" content=\"Admin\" \/>\n\t<meta name=\"twitter:label2\" content=\"Tiempo de lectura\" \/>\n\t<meta name=\"twitter:data2\" content=\"9 minutos\" \/>\n<script type=\"application\/ld+json\" class=\"yoast-schema-graph\">{\"@context\":\"https:\\\/\\\/schema.org\",\"@graph\":[{\"@type\":\"Article\",\"@id\":\"https:\\\/\\\/diariofemenino.com.ar\\\/df\\\/y-las-brujas-acabaron-convertidas-en-el-icono-feminista-definitivo\\\/#article\",\"isPartOf\":{\"@id\":\"https:\\\/\\\/diariofemenino.com.ar\\\/df\\\/y-las-brujas-acabaron-convertidas-en-el-icono-feminista-definitivo\\\/\"},\"author\":{\"name\":\"Admin\",\"@id\":\"https:\\\/\\\/diariofemenino.com.ar\\\/df\\\/#\\\/schema\\\/person\\\/bf6199e8158c657ea6f789b11ec85509\"},\"headline\":\"Y las brujas acabaron convertidas en el icono feminista definitivo\",\"datePublished\":\"2021-01-02T14:03:00+00:00\",\"mainEntityOfPage\":{\"@id\":\"https:\\\/\\\/diariofemenino.com.ar\\\/df\\\/y-las-brujas-acabaron-convertidas-en-el-icono-feminista-definitivo\\\/\"},\"wordCount\":1727,\"commentCount\":0,\"publisher\":{\"@id\":\"https:\\\/\\\/diariofemenino.com.ar\\\/df\\\/#organization\"},\"image\":{\"@id\":\"https:\\\/\\\/diariofemenino.com.ar\\\/df\\\/y-las-brujas-acabaron-convertidas-en-el-icono-feminista-definitivo\\\/#primaryimage\"},\"thumbnailUrl\":\"https:\\\/\\\/diariofemenino.com.ar\\\/df\\\/wp-content\\\/uploads\\\/2021\\\/01\\\/36HSC4ZTNRB6RBBOYYPMMN5PI4.jpg\",\"keywords\":[\"Brujas\",\"Feminismo\",\"Mujeres\",\"Nietas\"],\"articleSection\":[\"Agenda Feminista\",\"Mujeres\"],\"inLanguage\":\"es\",\"potentialAction\":[{\"@type\":\"CommentAction\",\"name\":\"Comment\",\"target\":[\"https:\\\/\\\/diariofemenino.com.ar\\\/df\\\/y-las-brujas-acabaron-convertidas-en-el-icono-feminista-definitivo\\\/#respond\"]}]},{\"@type\":\"WebPage\",\"@id\":\"https:\\\/\\\/diariofemenino.com.ar\\\/df\\\/y-las-brujas-acabaron-convertidas-en-el-icono-feminista-definitivo\\\/\",\"url\":\"https:\\\/\\\/diariofemenino.com.ar\\\/df\\\/y-las-brujas-acabaron-convertidas-en-el-icono-feminista-definitivo\\\/\",\"name\":\"Y las brujas acabaron convertidas en el icono feminista definitivo - Diario Digital Femenino\",\"isPartOf\":{\"@id\":\"https:\\\/\\\/diariofemenino.com.ar\\\/df\\\/#website\"},\"primaryImageOfPage\":{\"@id\":\"https:\\\/\\\/diariofemenino.com.ar\\\/df\\\/y-las-brujas-acabaron-convertidas-en-el-icono-feminista-definitivo\\\/#primaryimage\"},\"image\":{\"@id\":\"https:\\\/\\\/diariofemenino.com.ar\\\/df\\\/y-las-brujas-acabaron-convertidas-en-el-icono-feminista-definitivo\\\/#primaryimage\"},\"thumbnailUrl\":\"https:\\\/\\\/diariofemenino.com.ar\\\/df\\\/wp-content\\\/uploads\\\/2021\\\/01\\\/36HSC4ZTNRB6RBBOYYPMMN5PI4.jpg\",\"datePublished\":\"2021-01-02T14:03:00+00:00\",\"description\":\"Y las brujas. Han sido hist\u00f3ricamente malvadas, pero en realidad solo se resist\u00edan a obedecer. La imagen que una sociedad tiene de sus hechiceras\",\"breadcrumb\":{\"@id\":\"https:\\\/\\\/diariofemenino.com.ar\\\/df\\\/y-las-brujas-acabaron-convertidas-en-el-icono-feminista-definitivo\\\/#breadcrumb\"},\"inLanguage\":\"es\",\"potentialAction\":[{\"@type\":\"ReadAction\",\"target\":[\"https:\\\/\\\/diariofemenino.com.ar\\\/df\\\/y-las-brujas-acabaron-convertidas-en-el-icono-feminista-definitivo\\\/\"]}]},{\"@type\":\"ImageObject\",\"inLanguage\":\"es\",\"@id\":\"https:\\\/\\\/diariofemenino.com.ar\\\/df\\\/y-las-brujas-acabaron-convertidas-en-el-icono-feminista-definitivo\\\/#primaryimage\",\"url\":\"https:\\\/\\\/diariofemenino.com.ar\\\/df\\\/wp-content\\\/uploads\\\/2021\\\/01\\\/36HSC4ZTNRB6RBBOYYPMMN5PI4.jpg\",\"contentUrl\":\"https:\\\/\\\/diariofemenino.com.ar\\\/df\\\/wp-content\\\/uploads\\\/2021\\\/01\\\/36HSC4ZTNRB6RBBOYYPMMN5PI4.jpg\",\"width\":1500,\"height\":1085,\"caption\":\"Y las brujas acabaron convertidas en el icono feminista definitivo\"},{\"@type\":\"BreadcrumbList\",\"@id\":\"https:\\\/\\\/diariofemenino.com.ar\\\/df\\\/y-las-brujas-acabaron-convertidas-en-el-icono-feminista-definitivo\\\/#breadcrumb\",\"itemListElement\":[{\"@type\":\"ListItem\",\"position\":1,\"name\":\"Portada\",\"item\":\"https:\\\/\\\/diariofemenino.com.ar\\\/df\\\/\"},{\"@type\":\"ListItem\",\"position\":2,\"name\":\"Y las brujas acabaron convertidas en el icono feminista definitivo\"}]},{\"@type\":\"WebSite\",\"@id\":\"https:\\\/\\\/diariofemenino.com.ar\\\/df\\\/#website\",\"url\":\"https:\\\/\\\/diariofemenino.com.ar\\\/df\\\/\",\"name\":\"Diario Digital Femenino\",\"description\":\"Cuesti\u00f3n de G\u00e9nero\",\"publisher\":{\"@id\":\"https:\\\/\\\/diariofemenino.com.ar\\\/df\\\/#organization\"},\"potentialAction\":[{\"@type\":\"SearchAction\",\"target\":{\"@type\":\"EntryPoint\",\"urlTemplate\":\"https:\\\/\\\/diariofemenino.com.ar\\\/df\\\/?s={search_term_string}\"},\"query-input\":{\"@type\":\"PropertyValueSpecification\",\"valueRequired\":true,\"valueName\":\"search_term_string\"}}],\"inLanguage\":\"es\"},{\"@type\":\"Organization\",\"@id\":\"https:\\\/\\\/diariofemenino.com.ar\\\/df\\\/#organization\",\"name\":\"Diario Femenino\",\"url\":\"https:\\\/\\\/diariofemenino.com.ar\\\/df\\\/\",\"logo\":{\"@type\":\"ImageObject\",\"inLanguage\":\"es\",\"@id\":\"https:\\\/\\\/diariofemenino.com.ar\\\/df\\\/#\\\/schema\\\/logo\\\/image\\\/\",\"url\":\"https:\\\/\\\/diariofemenino.com.ar\\\/df\\\/wp-content\\\/uploads\\\/2018\\\/10\\\/logo.png\",\"contentUrl\":\"https:\\\/\\\/diariofemenino.com.ar\\\/df\\\/wp-content\\\/uploads\\\/2018\\\/10\\\/logo.png\",\"width\":500,\"height\":92,\"caption\":\"Diario Femenino\"},\"image\":{\"@id\":\"https:\\\/\\\/diariofemenino.com.ar\\\/df\\\/#\\\/schema\\\/logo\\\/image\\\/\"},\"sameAs\":[\"https:\\\/\\\/www.facebook.com\\\/DiarioDigitaFemenino\\\/\",\"https:\\\/\\\/x.com\\\/DiarioFemenino1\"]},{\"@type\":\"Person\",\"@id\":\"https:\\\/\\\/diariofemenino.com.ar\\\/df\\\/#\\\/schema\\\/person\\\/bf6199e8158c657ea6f789b11ec85509\",\"name\":\"Admin\",\"image\":{\"@type\":\"ImageObject\",\"inLanguage\":\"es\",\"@id\":\"https:\\\/\\\/diariofemenino.com.ar\\\/df\\\/wp-content\\\/uploads\\\/2018\\\/12\\\/favicon-150x150.jpg\",\"url\":\"https:\\\/\\\/diariofemenino.com.ar\\\/df\\\/wp-content\\\/uploads\\\/2018\\\/12\\\/favicon-150x150.jpg\",\"contentUrl\":\"https:\\\/\\\/diariofemenino.com.ar\\\/df\\\/wp-content\\\/uploads\\\/2018\\\/12\\\/favicon-150x150.jpg\",\"caption\":\"Admin\"},\"url\":\"https:\\\/\\\/diariofemenino.com.ar\\\/df\\\/author\\\/lenny\\\/\"}]}<\/script>\n<!-- \/ Yoast SEO plugin. -->","yoast_head_json":{"title":"Y las brujas acabaron convertidas en el icono feminista definitivo - Diario Digital Femenino","description":"Y las brujas. Han sido hist\u00f3ricamente malvadas, pero en realidad solo se resist\u00edan a obedecer. La imagen que una sociedad tiene de sus hechiceras","robots":{"index":"index","follow":"follow","max-snippet":"max-snippet:-1","max-image-preview":"max-image-preview:large","max-video-preview":"max-video-preview:-1"},"canonical":"https:\/\/diariofemenino.com.ar\/df\/y-las-brujas-acabaron-convertidas-en-el-icono-feminista-definitivo\/","og_locale":"es_ES","og_type":"article","og_title":"Y las brujas acabaron convertidas en el icono feminista definitivo - Diario Digital Femenino","og_description":"Y las brujas. Han sido hist\u00f3ricamente malvadas, pero en realidad solo se resist\u00edan a obedecer. La imagen que una sociedad tiene de sus hechiceras","og_url":"https:\/\/diariofemenino.com.ar\/df\/y-las-brujas-acabaron-convertidas-en-el-icono-feminista-definitivo\/","og_site_name":"Diario Digital Femenino","article_publisher":"https:\/\/www.facebook.com\/DiarioDigitaFemenino\/","article_published_time":"2021-01-02T14:03:00+00:00","og_image":[{"width":1500,"height":1085,"url":"https:\/\/diariofemenino.com.ar\/df\/wp-content\/uploads\/2021\/01\/36HSC4ZTNRB6RBBOYYPMMN5PI4.jpg","type":"image\/jpeg"}],"author":"Admin","twitter_card":"summary_large_image","twitter_creator":"@DiarioFemenino1","twitter_site":"@DiarioFemenino1","twitter_misc":{"Escrito por":"Admin","Tiempo de lectura":"9 minutos"},"schema":{"@context":"https:\/\/schema.org","@graph":[{"@type":"Article","@id":"https:\/\/diariofemenino.com.ar\/df\/y-las-brujas-acabaron-convertidas-en-el-icono-feminista-definitivo\/#article","isPartOf":{"@id":"https:\/\/diariofemenino.com.ar\/df\/y-las-brujas-acabaron-convertidas-en-el-icono-feminista-definitivo\/"},"author":{"name":"Admin","@id":"https:\/\/diariofemenino.com.ar\/df\/#\/schema\/person\/bf6199e8158c657ea6f789b11ec85509"},"headline":"Y las brujas acabaron convertidas en el icono feminista definitivo","datePublished":"2021-01-02T14:03:00+00:00","mainEntityOfPage":{"@id":"https:\/\/diariofemenino.com.ar\/df\/y-las-brujas-acabaron-convertidas-en-el-icono-feminista-definitivo\/"},"wordCount":1727,"commentCount":0,"publisher":{"@id":"https:\/\/diariofemenino.com.ar\/df\/#organization"},"image":{"@id":"https:\/\/diariofemenino.com.ar\/df\/y-las-brujas-acabaron-convertidas-en-el-icono-feminista-definitivo\/#primaryimage"},"thumbnailUrl":"https:\/\/diariofemenino.com.ar\/df\/wp-content\/uploads\/2021\/01\/36HSC4ZTNRB6RBBOYYPMMN5PI4.jpg","keywords":["Brujas","Feminismo","Mujeres","Nietas"],"articleSection":["Agenda Feminista","Mujeres"],"inLanguage":"es","potentialAction":[{"@type":"CommentAction","name":"Comment","target":["https:\/\/diariofemenino.com.ar\/df\/y-las-brujas-acabaron-convertidas-en-el-icono-feminista-definitivo\/#respond"]}]},{"@type":"WebPage","@id":"https:\/\/diariofemenino.com.ar\/df\/y-las-brujas-acabaron-convertidas-en-el-icono-feminista-definitivo\/","url":"https:\/\/diariofemenino.com.ar\/df\/y-las-brujas-acabaron-convertidas-en-el-icono-feminista-definitivo\/","name":"Y las brujas acabaron convertidas en el icono feminista definitivo - Diario Digital Femenino","isPartOf":{"@id":"https:\/\/diariofemenino.com.ar\/df\/#website"},"primaryImageOfPage":{"@id":"https:\/\/diariofemenino.com.ar\/df\/y-las-brujas-acabaron-convertidas-en-el-icono-feminista-definitivo\/#primaryimage"},"image":{"@id":"https:\/\/diariofemenino.com.ar\/df\/y-las-brujas-acabaron-convertidas-en-el-icono-feminista-definitivo\/#primaryimage"},"thumbnailUrl":"https:\/\/diariofemenino.com.ar\/df\/wp-content\/uploads\/2021\/01\/36HSC4ZTNRB6RBBOYYPMMN5PI4.jpg","datePublished":"2021-01-02T14:03:00+00:00","description":"Y las brujas. Han sido hist\u00f3ricamente malvadas, pero en realidad solo se resist\u00edan a obedecer. La imagen que una sociedad tiene de sus hechiceras","breadcrumb":{"@id":"https:\/\/diariofemenino.com.ar\/df\/y-las-brujas-acabaron-convertidas-en-el-icono-feminista-definitivo\/#breadcrumb"},"inLanguage":"es","potentialAction":[{"@type":"ReadAction","target":["https:\/\/diariofemenino.com.ar\/df\/y-las-brujas-acabaron-convertidas-en-el-icono-feminista-definitivo\/"]}]},{"@type":"ImageObject","inLanguage":"es","@id":"https:\/\/diariofemenino.com.ar\/df\/y-las-brujas-acabaron-convertidas-en-el-icono-feminista-definitivo\/#primaryimage","url":"https:\/\/diariofemenino.com.ar\/df\/wp-content\/uploads\/2021\/01\/36HSC4ZTNRB6RBBOYYPMMN5PI4.jpg","contentUrl":"https:\/\/diariofemenino.com.ar\/df\/wp-content\/uploads\/2021\/01\/36HSC4ZTNRB6RBBOYYPMMN5PI4.jpg","width":1500,"height":1085,"caption":"Y las brujas acabaron convertidas en el icono feminista definitivo"},{"@type":"BreadcrumbList","@id":"https:\/\/diariofemenino.com.ar\/df\/y-las-brujas-acabaron-convertidas-en-el-icono-feminista-definitivo\/#breadcrumb","itemListElement":[{"@type":"ListItem","position":1,"name":"Portada","item":"https:\/\/diariofemenino.com.ar\/df\/"},{"@type":"ListItem","position":2,"name":"Y las brujas acabaron convertidas en el icono feminista definitivo"}]},{"@type":"WebSite","@id":"https:\/\/diariofemenino.com.ar\/df\/#website","url":"https:\/\/diariofemenino.com.ar\/df\/","name":"Diario Digital Femenino","description":"Cuesti\u00f3n de G\u00e9nero","publisher":{"@id":"https:\/\/diariofemenino.com.ar\/df\/#organization"},"potentialAction":[{"@type":"SearchAction","target":{"@type":"EntryPoint","urlTemplate":"https:\/\/diariofemenino.com.ar\/df\/?s={search_term_string}"},"query-input":{"@type":"PropertyValueSpecification","valueRequired":true,"valueName":"search_term_string"}}],"inLanguage":"es"},{"@type":"Organization","@id":"https:\/\/diariofemenino.com.ar\/df\/#organization","name":"Diario Femenino","url":"https:\/\/diariofemenino.com.ar\/df\/","logo":{"@type":"ImageObject","inLanguage":"es","@id":"https:\/\/diariofemenino.com.ar\/df\/#\/schema\/logo\/image\/","url":"https:\/\/diariofemenino.com.ar\/df\/wp-content\/uploads\/2018\/10\/logo.png","contentUrl":"https:\/\/diariofemenino.com.ar\/df\/wp-content\/uploads\/2018\/10\/logo.png","width":500,"height":92,"caption":"Diario Femenino"},"image":{"@id":"https:\/\/diariofemenino.com.ar\/df\/#\/schema\/logo\/image\/"},"sameAs":["https:\/\/www.facebook.com\/DiarioDigitaFemenino\/","https:\/\/x.com\/DiarioFemenino1"]},{"@type":"Person","@id":"https:\/\/diariofemenino.com.ar\/df\/#\/schema\/person\/bf6199e8158c657ea6f789b11ec85509","name":"Admin","image":{"@type":"ImageObject","inLanguage":"es","@id":"https:\/\/diariofemenino.com.ar\/df\/wp-content\/uploads\/2018\/12\/favicon-150x150.jpg","url":"https:\/\/diariofemenino.com.ar\/df\/wp-content\/uploads\/2018\/12\/favicon-150x150.jpg","contentUrl":"https:\/\/diariofemenino.com.ar\/df\/wp-content\/uploads\/2018\/12\/favicon-150x150.jpg","caption":"Admin"},"url":"https:\/\/diariofemenino.com.ar\/df\/author\/lenny\/"}]}},"jetpack_featured_media_url":"https:\/\/diariofemenino.com.ar\/df\/wp-content\/uploads\/2021\/01\/36HSC4ZTNRB6RBBOYYPMMN5PI4.jpg","jetpack_sharing_enabled":true,"rttpg_featured_image_url":{"full":["https:\/\/diariofemenino.com.ar\/df\/wp-content\/uploads\/2021\/01\/36HSC4ZTNRB6RBBOYYPMMN5PI4.jpg",1500,1085,false],"landscape":["https:\/\/diariofemenino.com.ar\/df\/wp-content\/uploads\/2021\/01\/36HSC4ZTNRB6RBBOYYPMMN5PI4.jpg",1500,1085,false],"portraits":["https:\/\/diariofemenino.com.ar\/df\/wp-content\/uploads\/2021\/01\/36HSC4ZTNRB6RBBOYYPMMN5PI4.jpg",1500,1085,false],"thumbnail":["https:\/\/diariofemenino.com.ar\/df\/wp-content\/uploads\/2021\/01\/36HSC4ZTNRB6RBBOYYPMMN5PI4-150x150.jpg",150,150,true],"medium":["https:\/\/diariofemenino.com.ar\/df\/wp-content\/uploads\/2021\/01\/36HSC4ZTNRB6RBBOYYPMMN5PI4-300x217.jpg",300,217,true],"large":["https:\/\/diariofemenino.com.ar\/df\/wp-content\/uploads\/2021\/01\/36HSC4ZTNRB6RBBOYYPMMN5PI4-1024x741.jpg",1024,741,true],"1536x1536":["https:\/\/diariofemenino.com.ar\/df\/wp-content\/uploads\/2021\/01\/36HSC4ZTNRB6RBBOYYPMMN5PI4.jpg",1500,1085,false],"2048x2048":["https:\/\/diariofemenino.com.ar\/df\/wp-content\/uploads\/2021\/01\/36HSC4ZTNRB6RBBOYYPMMN5PI4.jpg",1500,1085,false]},"rttpg_author":{"display_name":"Admin","author_link":"https:\/\/diariofemenino.com.ar\/df\/author\/lenny\/"},"rttpg_comment":0,"rttpg_category":"<a href=\"https:\/\/diariofemenino.com.ar\/df\/category\/agenda-feminista\/\" rel=\"category tag\">Agenda Feminista<\/a> <a href=\"https:\/\/diariofemenino.com.ar\/df\/category\/mujeres\/\" rel=\"category tag\">Mujeres<\/a>","rttpg_excerpt":"Han sido hist\u00f3ricamente malvadas, pero en realidad solo se resist\u00edan a obedecer. La imagen que una sociedad tiene de sus hechiceras dice mucho de c\u00f3mo esa sociedad percibe a la mujer. Por Juan Sanguino El 31 de diciembre se estren\u00f3 la cuarta temporada de\u00a0Las escalofriantes aventuras de Sabrina\u00a0en Netflix. Como la nostalgia es la moneda&hellip;","_links":{"self":[{"href":"https:\/\/diariofemenino.com.ar\/df\/wp-json\/wp\/v2\/posts\/54878","targetHints":{"allow":["GET"]}}],"collection":[{"href":"https:\/\/diariofemenino.com.ar\/df\/wp-json\/wp\/v2\/posts"}],"about":[{"href":"https:\/\/diariofemenino.com.ar\/df\/wp-json\/wp\/v2\/types\/post"}],"author":[{"embeddable":true,"href":"https:\/\/diariofemenino.com.ar\/df\/wp-json\/wp\/v2\/users\/4"}],"replies":[{"embeddable":true,"href":"https:\/\/diariofemenino.com.ar\/df\/wp-json\/wp\/v2\/comments?post=54878"}],"version-history":[{"count":0,"href":"https:\/\/diariofemenino.com.ar\/df\/wp-json\/wp\/v2\/posts\/54878\/revisions"}],"wp:featuredmedia":[{"embeddable":true,"href":"https:\/\/diariofemenino.com.ar\/df\/wp-json\/wp\/v2\/media\/54893"}],"wp:attachment":[{"href":"https:\/\/diariofemenino.com.ar\/df\/wp-json\/wp\/v2\/media?parent=54878"}],"wp:term":[{"taxonomy":"category","embeddable":true,"href":"https:\/\/diariofemenino.com.ar\/df\/wp-json\/wp\/v2\/categories?post=54878"},{"taxonomy":"post_tag","embeddable":true,"href":"https:\/\/diariofemenino.com.ar\/df\/wp-json\/wp\/v2\/tags?post=54878"}],"curies":[{"name":"wp","href":"https:\/\/api.w.org\/{rel}","templated":true}]}}