{"id":54872,"date":"2021-01-02T10:40:03","date_gmt":"2021-01-02T13:40:03","guid":{"rendered":"https:\/\/diariofemenino.com.ar\/?p=54872"},"modified":"2021-01-02T10:40:03","modified_gmt":"2021-01-02T13:40:03","slug":"aprobar-la-ley-del-aborto-es-un-paso-necesario-pero-no-suficiente-ahora-hay-que-conseguir-que-se-cumpla","status":"publish","type":"post","link":"https:\/\/diariofemenino.com.ar\/df\/aprobar-la-ley-del-aborto-es-un-paso-necesario-pero-no-suficiente-ahora-hay-que-conseguir-que-se-cumpla\/","title":{"rendered":"\u00abAprobar la ley del aborto es un paso necesario pero no suficiente, ahora hay que conseguir que se cumpla\u00bb"},"content":{"rendered":"<div class=\"article-header-epigraph\">\n<p id=\"m540-539-541\">Aprobar la ley del aborto.\u00a0Nelly Minyersky, abogada y activista argentina.<\/p>\n<p>Nelly Minyersky es una de las voces y las caras m\u00e1s conocidas de la lucha por los derechos de las mujeres y en particular del aborto legal, seguro y gratuito en Argentina. Tambi\u00e9n\u00a0<b>form\u00f3 parte de la comisi\u00f3n que redact\u00f3 el proyecto de ley para la despenalizaci\u00f3n del aborto<\/b>\u00a0que estuvo a punto de ser aprobado hace dos a\u00f1os y que el Senado de aquel pa\u00eds tumb\u00f3 por un corto margen de votos. En esta ocasi\u00f3n, fue una de las ponentes de la ley en el Congreso de los Diputados hace dos semanas.<\/p>\n<p>Este mi\u00e9rcoles permaneci\u00f3 despierta y pendiente junto a cientos de miles de manifestantes de las deliberaciones y la votaci\u00f3n del Senado, que finalmente aprob\u00f3 el proyecto de ley que permitir\u00e1 a las argentinas abortar de forma legal en las primeras 14 semanas de embarazo.\u00a0<b>A sus 91 a\u00f1os esta jurista, m\u00e1s conocida por el apodo de\u00a0<i>Pila<\/i>, es una de las activistas m\u00e1s incombustibles de la campa\u00f1a<\/b>\u00a0por el derecho al aborto y ha sido bautizada como la \u00abreina verde\u00bb por el color del pa\u00f1uelo que portan las partidarias del reconocimiento de este derecho. En 2018 su imagen dio la vuelta al mundo y ahora confiesa sentirse contenta pero a\u00fan en estado de shock. A pesar de la alegr\u00eda, reconoce que el trabajo no ha acabado y que ahora viene el reto definitivo: que la ley se aplique efectivamente.<\/p>\n<figure id=\"attachment_54874\" aria-describedby=\"caption-attachment-54874\" style=\"width: 720px\" class=\"wp-caption aligncenter\"><img loading=\"lazy\" decoding=\"async\" class=\"size-full wp-image-54874\" src=\"https:\/\/diariofemenino.com.ar\/df\/wp-content\/uploads\/2021\/01\/minyersky.jpg\" alt=\"&quot;Aprobar la ley del aborto es un paso necesario pero no suficiente, ahora hay que conseguir que se cumpla&quot;\" width=\"720\" height=\"480\" srcset=\"https:\/\/diariofemenino.com.ar\/df\/wp-content\/uploads\/2021\/01\/minyersky.jpg 720w, https:\/\/diariofemenino.com.ar\/df\/wp-content\/uploads\/2021\/01\/minyersky-300x200.jpg 300w\" sizes=\"auto, (max-width: 720px) 100vw, 720px\" \/><figcaption id=\"caption-attachment-54874\" class=\"wp-caption-text\">\u00abAprobar la ley del aborto es un paso necesario pero no suficiente, ahora hay que conseguir que se cumpla\u00bb<\/figcaption><\/figure>\n<p>Por <a href=\"https:\/\/www.publico.es\/entrevistas\/argentina-aprobar-ley-aborto-paso-necesario-no-suficiente-hay-cumpla.html\">Marisa Kohan\u00a0<\/a><\/p>\n<\/div>\n<div class=\"article-text\">\n<p id=\"m368-367-369\" class=\"question\"><strong>Usted que lleva d\u00e9cadas luchando por los derechos de las mujeres y en particular por el derecho al aborto, tanto desde el derecho como desde el activismo \u00bfC\u00f3mo se siente hoy?<\/strong><\/p>\n<p id=\"m373-1-374\" class=\"pb-article-item-iteration\">Es un impacto muy grande. Pero tengo que reconocer que, a pesar de mi alegr\u00eda porque se haya aprobado la ley,\u00a0<b>para m\u00ed en realidad fue m\u00e1s shock e impactante cuando hace dos a\u00f1os, en 2018<\/b>, el texto se aprob\u00f3 en [el Congreso de los] Diputados. Porque ven\u00edamos desde el 2007 presentando proyectos para la despenalizaci\u00f3n del aborto en la campa\u00f1a, pero<b>\u00a0nunca hab\u00edamos alcanzado ese nivel de difusi\u00f3n que tuvimos<\/b>. Los proyectos ten\u00edan firmas de diputados, pero no pasaban de alguna discusi\u00f3n en alguna comisi\u00f3n parlamentaria. Cuando en 2018 logramos ese mill\u00f3n y medio de gente en la calle y que se aprobara en Diputados, eso fue como si se hubiera abierto una compuerta. No s\u00e9 como explicarlo mejor. Nos dimos cuenta que \u00e9ramos m\u00e1s importantes de lo que nosotras mismas pens\u00e1bamos.<\/p>\n<p id=\"m378-2-379\" class=\"pb-article-item-iteration\">Est\u00e1bamos en otro escal\u00f3n. Estos dos a\u00f1os transcurridos desde 2018 fueron de una tremenda apertura a la sociedad. Como dec\u00edamos entonces, y creo que ten\u00edamos raz\u00f3n,\u00a0<b>hab\u00edamos perdido en [la c\u00e1mara de] Senadores, pero hab\u00edamos ganado en la conciencia social<\/b>. Porque antes no se hablaba como se empez\u00f3 a hablar a partir de ese momento en todos lados sobre el aborto.<\/p>\n<p id=\"m383-3-384\" class=\"question\"><strong>Aprobar una ley en poco m\u00e1s de dos semanas es algo bastante inaudito. \u00bfEsto fue debido a esta presi\u00f3n popular que comenta?<\/strong><\/p>\n<p id=\"m388-4-389\" class=\"pb-article-item-iteration\">S\u00ed. La pandemia dio lugar a que sigui\u00e9ramos haciendo actividades todo el tiempo. Hemos mantenido la atenci\u00f3n. Cuando el presidente asumi\u00f3 el Gobierno prometi\u00f3 hacer un proceso legislativo para aprobar esta ley. Pero despu\u00e9s apareci\u00f3 la pandemia, que nos dio vuelta nuestra vida. Entendimos que se postergara la presentaci\u00f3n, hasta que lleg\u00f3 un momento en el que dijimos basta. El a\u00f1o pr\u00f3ximo es en Argentina hay elecciones y\u00a0<b>sabemos muy bien que hay determinados temas que es muy dif\u00edcil que se traten en per\u00edodos electorales<\/b>.<\/p>\n<p id=\"m393-5-394\" class=\"pb-article-item-iteration\">Entonces entend\u00edamos que\u00a0<b>si no era ahora tendr\u00edamos que esperar varios a\u00f1os en que se aprobara la ley<\/b>. Esto nos cre\u00f3 mucha expectativa y malestar, pero por suerte el Gobierno consider\u00f3 que la pandemia no era un obst\u00e1culo. Al rev\u00e9s, incluso entendi\u00f3 que no cumplir la promesa iba a ser m\u00e1s perjudicial.<\/p>\n<p id=\"m398-6-399\" class=\"pb-article-item-iteration\">Cuando se decide la presentaci\u00f3n del proyecto de ley ya est\u00e1bamos a pocos d\u00edas para finalizar el a\u00f1o. El texto se present\u00f3 a principios de diciembre y yo habl\u00e9 en la primer reuni\u00f3n en la c\u00e1mara de Diputados el d\u00eda 9 de diciembre. Que en 20 d\u00edas se haya presentado el proyecto y que debatido y votado en las dos c\u00e1maras fue un hito. En 2018, cuando se present\u00f3 el proyecto de ley transcurrieron varios meses entre un tratamiento y el otro.<\/p>\n<p id=\"m403-7-404\" class=\"question\"><strong>\u00bfQu\u00e9 cambia esta ley\u00a0 en la vida de las mujeres en Argentina?<\/strong><\/p>\n<p id=\"m408-8-409\" class=\"pb-article-item-iteration\">A medida que pienso y estudio el tema encuentro cada vez m\u00e1s aspectos nocivos de la penalizaci\u00f3n del aborto. El Derecho ha sido un brazo importante del patriarcado. Hemos ido deconstruy\u00e9ndolo y logrando derechos, pero segu\u00eda y sigue a d\u00eda de hoy predominando en la sociedad, incluso en las m\u00e1s progresistas, que de los derechos sexuales no se habla. Se habla acad\u00e9micamente, pero lo j\u00f3venes y los padres reci\u00e9n ahora empiezan a hablar de ello y en algunos sectores m\u00e1s carenciados, en los que la vulneraci\u00f3n hace que la autoestima casi no exista, pasan cosas terribles. Como que\u00a0<b>todav\u00eda much\u00edsimas chicas que son violadas no lo cuentan porque considerarse v\u00edctimas les da verg\u00fcenza<\/b>, porque enseguida van a pensar que algo hicieron ellas. Esto es fruto de los famosos estereotipos que nos han marcado a las mujeres.<\/p>\n<p id=\"m413-9-414\" class=\"pb-article-item-iteration\">El perjuicio es muy grande, porque es mucho sufrimiento y hay historias terribles. Una de ellas es la que pas\u00f3 en un pueblo de la provincia de San Juan, donde a una ni\u00f1a de 17 a\u00f1os que iba camino a la escuela fue violada por unos hombres. Ella nunca se anim\u00f3 a contarlo. Qued\u00f3 embarazada, pero tampoco lo cont\u00f3 y tuvo un beb\u00e9 que nunca vamos a saber si naci\u00f3 muerto o muri\u00f3 al nacer por estar ella sola en una letrina. El resultado es que la joven termin\u00f3 con una condena de prisi\u00f3n perpetua.\u00a0<b>Esto tiene que cambiar. Y creo que uno de los cambios necesarios era la despenalizaci\u00f3n<\/b>.<\/p>\n<p id=\"m418-10-419\" class=\"pb-article-item-iteration\">Espero que esto cambie a partir de ahora porque toda ley tiene efectos dial\u00e9cticos tambi\u00e9n. Pero\u00a0<b>necesitaremos\u00a0a\u00fan mucha pol\u00edtica p\u00fablica y mucho control por parte de la sociedad civil<\/b>. Los que hemos apoyado esta ley tenemos la obligaci\u00f3n de exigirle al Estado que cumpla y seguir consider\u00e1ndonos vigilantes de ese cumplimiento.<\/p>\n<p id=\"m423-11-424\" class=\"question\"><strong>\u00bfLa aprobaci\u00f3n de la ley es el final del camino? \u00bfAhora qu\u00e9 falta?<\/strong><\/p>\n<p id=\"m428-12-429\" class=\"pb-article-item-iteration\">Conseguida la ley no se acaba el trabajo. Yo siempre digo que la ley es un elemento necesario, pero no suficiente.\u00a0<b>Ahora hay que conseguir <a href=\"https:\/\/diariofemenino.com.ar\/aborto-la-pampa-esta-en-condiciones-de-aplicar-la-ley\/\">que se cumpla<\/a><\/b>.<\/p>\n<p id=\"m433-13-434\" class=\"pb-article-item-iteration\">Hay que tener en cuenta que en Argentina tenemos una ley de 1921 que legaliza el aborto en dos causales: por violaci\u00f3n y por temas de salud de la madre. Pero durante d\u00e9cadas esa legislaci\u00f3n no se cumpli\u00f3. S\u00f3lo se comenz\u00f3 a aplicar recientemente\u00a0gracias al movimiento por la interrupci\u00f3n legal del embarazo y ahora tenemos un buen protocolo. Pero no hubiera ocurrido sin la dura pelea de m\u00e9dicos, educadores, abogados y de la sociedad civil. Lo mismo ocurre con la ley de cupos y con otras leyes para la igualdad, que siempre es como si les faltara algo.<\/p>\n<p id=\"m438-14-439\" class=\"pb-article-item-iteration\"><b>Ahora tenemos una legislaci\u00f3n muy avanzada, pero esto no quiere decir que se vaya a cumplir<\/b>. La ley es un instrumento clave para luchar para que ese derecho se reconozca, pero tenemos que dedicarnos a eso: a estar muy vigilantes. Esto lentamente va a ir cambiando la ideolog\u00eda del sector de los antiderechos, que usan argumentos que no tienen base cient\u00edfica ni jur\u00eddica.<\/p>\n<p id=\"m443-15-444\" class=\"pb-article-item-iteration\">No podemos dejar todo en manos del Estado. Yo creo que en esto tenemos que cumplir las ONG, las fundaciones, la sociedad civil&#8230; A veces\u00a0<b>dentro del propio Estado quedan enquistados operadores de la salud o de la justicia que quieren imponer sus creencias<\/b>. Pero en nuestra Constituci\u00f3n est\u00e1 la Convenci\u00f3n de los Derechos del Ni\u00f1o y a los 11 a\u00f1os nos es el inter\u00e9s superior de una ni\u00f1a violada pasar un embarazo que despu\u00e9s va a dar en adopci\u00f3n como si fuera todo gratuito.<\/p>\n<p id=\"m448-16-449\" class=\"question\"><strong>\u00bfQu\u00e9 puntos destacar\u00eda de la ley y qu\u00e9 diferencias tiene con la que se debati\u00f3 hace dos a\u00f1os?<\/strong><\/p>\n<p id=\"m453-17-454\" class=\"pb-article-item-iteration\">El proyecto que se aprob\u00f3 es muy parecido al que presentamos en 2018, pero tal vez mejor. Incluye la capacitaci\u00f3n de profesionales, especialmente a los de la salud; la condena a los que interfieren en las puertas de un hospital haciendo misas o impidiendo el acceso a las mujeres que quieren interrumpir su embarazo. Tenemos que conseguir, como contiene la ley, que de una vez por todas\u00a0<b>se cumpla con la educaci\u00f3n sexual integral. Ese es otro de los puntos fundamentales junto con la despenalizaci\u00f3n<\/b>. Es necesario que las personas sepamos qu\u00e9 somos, c\u00f3mo nos vamos a relacionar, cu\u00e1l es nuestra sexualidad\u2026 Que no se siga avergonzando a las v\u00edctimas, porque eso ha dejado en la soledad, en la discapacidad a muchas mujeres. El texto habla de la gratuidad del servicio, tiene amplias referencias a los tratados internacionales de Derechos Humanos e introduce el aborto dentro de la estructura de las prestaciones m\u00e9dicas obligatorias.<\/p>\n<p id=\"m458-18-459\" class=\"pb-article-item-iteration\">Algunas de las principales diferencias del proyecto presentado por el Ejecutivo, en comparaci\u00f3n con el texto que realizamos en la campa\u00f1a, es que<b>\u00a0<\/b>el texto ahora aprobado\u00a0<b>va a permitir la objeci\u00f3n de conciencia<\/b>, cosa que nosotras no quer\u00edamos, porque\u00a0<b>\u00e9ste es uno de los instrumentos que usa la derecha para no cumplir con sus obligaciones y poner frenos a la ley<\/b>. En este sentido, tenemos que estar vigilantes y trabajar en la reglamentaci\u00f3n que viene ahora para lograr que esta objeci\u00f3n no se convierta en un pretexto para no cumplir la ley y asegurar que siempre se privilegie el derecho de la mujer y no el del objetor.<\/p>\n<p id=\"m463-19-464\" class=\"question\"><strong>Argentina ha tenido leyes muy pioneras en los \u00faltimos a\u00f1os, como la de violencia hacia la mujer, el matrimonio homosexual, la de identidad de g\u00e9nero\u2026 \u00bfPor qu\u00e9 se ha tardado tanto en despenalizar el aborto?<\/strong><\/p>\n<p id=\"m468-20-469\" class=\"pb-article-item-iteration\">\u00bfEl matrimonio igualitario que hace? Incluye a las personas dentro de una instituci\u00f3n. No es disruptivo, porque mantiene la instituci\u00f3n y el prestigio del matrimonio. La gente entra dentro del orden social. Con la ley de identidad de g\u00e9nero tambi\u00e9n ocurre lo mismo. En cambio salir del esquema de mujer-reproducci\u00f3n es un acto muy disruptivo, revolucionario. No est\u00e1s entrando en ninguno de los modelos relativamente aceptados.<b>\u00a0Con esta ley estamos destruyendo la piedra basal del patriarcado<\/b>. Es as\u00ed. Ese es el problema. Es mucho m\u00e1s revolucionario. Separa el placer, tiene que ver con mantener el dominio masculino. \u00bfEn los pa\u00edses africanos con la ablaci\u00f3n qu\u00e9 se busca? Que la mujer no tenga placer para que la mujer mantenga la fidelidad al hombre.<\/p>\n<p id=\"m473-21-474\" class=\"question\"><strong>Algunos oradores en el Senado hablaban de problemas morales y religiosos hacia la ley, pero muchos hablaban de un problema de inconstitucionalidad. \u00bfTiene alguna base?<\/strong><\/p>\n<p id=\"m478-22-479\" class=\"pb-article-item-iteration\">No, ninguna. Mientras que estemos adheridos a los tratados internacionales de los Derechos Humanos, no. Unos de los que expusieron durante los debates fue el presidente de la Comisi\u00f3n de los Derechos del Ni\u00f1os de Naciones Unidas, que aval\u00f3 nuestra interpretaci\u00f3n sobre la constitucionalidad de la ley. Les dijo a los antiderechos que si quieren defender la anticonstitucionalidad de la ley lo que ten\u00edan que hacer es decirle al Gobierno que salga de los tratados internacionales ratificados. Que mientras esto no pase (lo que ser\u00eda una verg\u00fcenza para un pa\u00eds como Argentina) la ley era perfectamente constitucional<\/p>\n<p id=\"m483-23-484\" class=\"question\"><strong>\u00bfUna vez aprobad la ley qu\u00e9 falta? \u00bfQu\u00e9 queda por hacer?<\/strong><\/p>\n<p id=\"m488-24-489\" class=\"pb-article-item-iteration\">El ejecutivo la tiene que promulgar y luego reglamentarla. Y en esta reglamentaci\u00f3n es donde vamos a colaborar, porque a veces un reglamento mal hecho obstaculiza despu\u00e9s la aplicaci\u00f3n de la ley.<\/p>\n<p><a href=\"https:\/\/www.publico.es\/\">P\u00fablico<\/a><br \/>\n<a href=\"https:\/\/diariofemenino.com.ar\/\">DDF<\/a><\/p>\n<\/div>\n","protected":false},"excerpt":{"rendered":"<p>Aprobar la ley del aborto.\u00a0Nelly Minyersky, abogada y activista argentina. Nelly Minyersky es una de las voces y las caras m\u00e1s conocidas de la lucha por los derechos de las mujeres y en particular del aborto legal, seguro y gratuito en Argentina. Tambi\u00e9n\u00a0form\u00f3 parte de la comisi\u00f3n que redact\u00f3 el proyecto de ley para la [&hellip;]<\/p>\n","protected":false},"author":4,"featured_media":54875,"comment_status":"open","ping_status":"open","sticky":false,"template":"","format":"standard","meta":{"iawp_total_views":8,"footnotes":""},"categories":[22,1067,8,6,21,23],"tags":[3964,3265,2454],"class_list":["post-54872","post","type-post","status-publish","format-standard","has-post-thumbnail","hentry","category-aborto","category-agenda-feminista","category-entrevistas","category-articulos","category-noticias","category-salud","tag-aborto-argentina","tag-ley","tag-nelly-minyersky"],"nelio_content":{"autoShareEndMode":"never","automationSources":{"useCustomSentences":false,"customSentences":[]},"efiAlt":"","efiUrl":"","followers":[4],"highlights":[],"isAutoShareEnabled":true,"networkImageIds":[],"permalinkQueryArgs":[],"series":[],"suggestedReferences":[]},"yoast_head":"<!-- This site is optimized with the Yoast SEO plugin v27.5 - https:\/\/yoast.com\/product\/yoast-seo-wordpress\/ -->\n<title>&quot;Aprobar la ley del aborto es un paso necesario pero no suficiente, ahora hay que conseguir que se cumpla&quot; - Diario Digital Femenino<\/title>\n<meta name=\"description\" content=\"Aprobar la ley del aborto. Nelly Minyersky es una de las voces m\u00e1s conocidas de la lucha por los derechos de las mujeres y en particular del aborto legal.\" \/>\n<meta name=\"robots\" content=\"index, follow, max-snippet:-1, max-image-preview:large, max-video-preview:-1\" \/>\n<link rel=\"canonical\" href=\"https:\/\/diariofemenino.com.ar\/df\/aprobar-la-ley-del-aborto-es-un-paso-necesario-pero-no-suficiente-ahora-hay-que-conseguir-que-se-cumpla\/\" \/>\n<meta property=\"og:locale\" content=\"es_ES\" \/>\n<meta property=\"og:type\" content=\"article\" \/>\n<meta property=\"og:title\" content=\"&quot;Aprobar la ley del aborto es un paso necesario pero no suficiente, ahora hay que conseguir que se cumpla&quot; - Diario Digital Femenino\" \/>\n<meta property=\"og:description\" content=\"Aprobar la ley del aborto. Nelly Minyersky es una de las voces m\u00e1s conocidas de la lucha por los derechos de las mujeres y en particular del aborto legal.\" \/>\n<meta property=\"og:url\" content=\"https:\/\/diariofemenino.com.ar\/df\/aprobar-la-ley-del-aborto-es-un-paso-necesario-pero-no-suficiente-ahora-hay-que-conseguir-que-se-cumpla\/\" \/>\n<meta property=\"og:site_name\" content=\"Diario Digital Femenino\" \/>\n<meta property=\"article:publisher\" content=\"https:\/\/www.facebook.com\/DiarioDigitaFemenino\/\" \/>\n<meta property=\"article:published_time\" content=\"2021-01-02T13:40:03+00:00\" \/>\n<meta property=\"og:image\" content=\"https:\/\/diariofemenino.com.ar\/df\/wp-content\/uploads\/2021\/01\/5fece4eedbd9f.jpeg\" \/>\n\t<meta property=\"og:image:width\" content=\"990\" \/>\n\t<meta property=\"og:image:height\" content=\"660\" \/>\n\t<meta property=\"og:image:type\" content=\"image\/jpeg\" \/>\n<meta name=\"author\" content=\"Admin\" \/>\n<meta name=\"twitter:card\" content=\"summary_large_image\" \/>\n<meta name=\"twitter:creator\" content=\"@DiarioFemenino1\" \/>\n<meta name=\"twitter:site\" content=\"@DiarioFemenino1\" \/>\n<meta name=\"twitter:label1\" content=\"Escrito por\" \/>\n\t<meta name=\"twitter:data1\" content=\"Admin\" \/>\n\t<meta name=\"twitter:label2\" content=\"Tiempo de lectura\" \/>\n\t<meta name=\"twitter:data2\" content=\"10 minutos\" \/>\n<script type=\"application\/ld+json\" class=\"yoast-schema-graph\">{\"@context\":\"https:\\\/\\\/schema.org\",\"@graph\":[{\"@type\":\"Article\",\"@id\":\"https:\\\/\\\/diariofemenino.com.ar\\\/df\\\/aprobar-la-ley-del-aborto-es-un-paso-necesario-pero-no-suficiente-ahora-hay-que-conseguir-que-se-cumpla\\\/#article\",\"isPartOf\":{\"@id\":\"https:\\\/\\\/diariofemenino.com.ar\\\/df\\\/aprobar-la-ley-del-aborto-es-un-paso-necesario-pero-no-suficiente-ahora-hay-que-conseguir-que-se-cumpla\\\/\"},\"author\":{\"name\":\"Admin\",\"@id\":\"https:\\\/\\\/diariofemenino.com.ar\\\/df\\\/#\\\/schema\\\/person\\\/bf6199e8158c657ea6f789b11ec85509\"},\"headline\":\"\u00abAprobar la ley del aborto es un paso necesario pero no suficiente, ahora hay que conseguir que se cumpla\u00bb\",\"datePublished\":\"2021-01-02T13:40:03+00:00\",\"mainEntityOfPage\":{\"@id\":\"https:\\\/\\\/diariofemenino.com.ar\\\/df\\\/aprobar-la-ley-del-aborto-es-un-paso-necesario-pero-no-suficiente-ahora-hay-que-conseguir-que-se-cumpla\\\/\"},\"wordCount\":2094,\"commentCount\":0,\"publisher\":{\"@id\":\"https:\\\/\\\/diariofemenino.com.ar\\\/df\\\/#organization\"},\"image\":{\"@id\":\"https:\\\/\\\/diariofemenino.com.ar\\\/df\\\/aprobar-la-ley-del-aborto-es-un-paso-necesario-pero-no-suficiente-ahora-hay-que-conseguir-que-se-cumpla\\\/#primaryimage\"},\"thumbnailUrl\":\"https:\\\/\\\/diariofemenino.com.ar\\\/df\\\/wp-content\\\/uploads\\\/2021\\\/01\\\/5fece4eedbd9f.jpeg\",\"keywords\":[\"Aborto. Argentina\",\"Ley\",\"Nelly Minyersky\"],\"articleSection\":[\"Aborto\",\"Agenda Feminista\",\"Entrevistas\",\"Mujeres en Palabras\",\"Noticias\",\"Salud\"],\"inLanguage\":\"es\",\"potentialAction\":[{\"@type\":\"CommentAction\",\"name\":\"Comment\",\"target\":[\"https:\\\/\\\/diariofemenino.com.ar\\\/df\\\/aprobar-la-ley-del-aborto-es-un-paso-necesario-pero-no-suficiente-ahora-hay-que-conseguir-que-se-cumpla\\\/#respond\"]}]},{\"@type\":\"WebPage\",\"@id\":\"https:\\\/\\\/diariofemenino.com.ar\\\/df\\\/aprobar-la-ley-del-aborto-es-un-paso-necesario-pero-no-suficiente-ahora-hay-que-conseguir-que-se-cumpla\\\/\",\"url\":\"https:\\\/\\\/diariofemenino.com.ar\\\/df\\\/aprobar-la-ley-del-aborto-es-un-paso-necesario-pero-no-suficiente-ahora-hay-que-conseguir-que-se-cumpla\\\/\",\"name\":\"\\\"Aprobar la ley del aborto es un paso necesario pero no suficiente, ahora hay que conseguir que se cumpla\\\" - Diario Digital Femenino\",\"isPartOf\":{\"@id\":\"https:\\\/\\\/diariofemenino.com.ar\\\/df\\\/#website\"},\"primaryImageOfPage\":{\"@id\":\"https:\\\/\\\/diariofemenino.com.ar\\\/df\\\/aprobar-la-ley-del-aborto-es-un-paso-necesario-pero-no-suficiente-ahora-hay-que-conseguir-que-se-cumpla\\\/#primaryimage\"},\"image\":{\"@id\":\"https:\\\/\\\/diariofemenino.com.ar\\\/df\\\/aprobar-la-ley-del-aborto-es-un-paso-necesario-pero-no-suficiente-ahora-hay-que-conseguir-que-se-cumpla\\\/#primaryimage\"},\"thumbnailUrl\":\"https:\\\/\\\/diariofemenino.com.ar\\\/df\\\/wp-content\\\/uploads\\\/2021\\\/01\\\/5fece4eedbd9f.jpeg\",\"datePublished\":\"2021-01-02T13:40:03+00:00\",\"description\":\"Aprobar la ley del aborto. Nelly Minyersky es una de las voces m\u00e1s conocidas de la lucha por los derechos de las mujeres y en particular del aborto legal.\",\"breadcrumb\":{\"@id\":\"https:\\\/\\\/diariofemenino.com.ar\\\/df\\\/aprobar-la-ley-del-aborto-es-un-paso-necesario-pero-no-suficiente-ahora-hay-que-conseguir-que-se-cumpla\\\/#breadcrumb\"},\"inLanguage\":\"es\",\"potentialAction\":[{\"@type\":\"ReadAction\",\"target\":[\"https:\\\/\\\/diariofemenino.com.ar\\\/df\\\/aprobar-la-ley-del-aborto-es-un-paso-necesario-pero-no-suficiente-ahora-hay-que-conseguir-que-se-cumpla\\\/\"]}]},{\"@type\":\"ImageObject\",\"inLanguage\":\"es\",\"@id\":\"https:\\\/\\\/diariofemenino.com.ar\\\/df\\\/aprobar-la-ley-del-aborto-es-un-paso-necesario-pero-no-suficiente-ahora-hay-que-conseguir-que-se-cumpla\\\/#primaryimage\",\"url\":\"https:\\\/\\\/diariofemenino.com.ar\\\/df\\\/wp-content\\\/uploads\\\/2021\\\/01\\\/5fece4eedbd9f.jpeg\",\"contentUrl\":\"https:\\\/\\\/diariofemenino.com.ar\\\/df\\\/wp-content\\\/uploads\\\/2021\\\/01\\\/5fece4eedbd9f.jpeg\",\"width\":990,\"height\":660,\"caption\":\"\\\"Aprobar la ley del aborto es un paso necesario pero no suficiente, ahora hay que conseguir que se cumpla\\\"\"},{\"@type\":\"BreadcrumbList\",\"@id\":\"https:\\\/\\\/diariofemenino.com.ar\\\/df\\\/aprobar-la-ley-del-aborto-es-un-paso-necesario-pero-no-suficiente-ahora-hay-que-conseguir-que-se-cumpla\\\/#breadcrumb\",\"itemListElement\":[{\"@type\":\"ListItem\",\"position\":1,\"name\":\"Portada\",\"item\":\"https:\\\/\\\/diariofemenino.com.ar\\\/df\\\/\"},{\"@type\":\"ListItem\",\"position\":2,\"name\":\"\u00abAprobar la ley del aborto es un paso necesario pero no suficiente, ahora hay que conseguir que se cumpla\u00bb\"}]},{\"@type\":\"WebSite\",\"@id\":\"https:\\\/\\\/diariofemenino.com.ar\\\/df\\\/#website\",\"url\":\"https:\\\/\\\/diariofemenino.com.ar\\\/df\\\/\",\"name\":\"Diario Digital Femenino\",\"description\":\"Cuesti\u00f3n de G\u00e9nero\",\"publisher\":{\"@id\":\"https:\\\/\\\/diariofemenino.com.ar\\\/df\\\/#organization\"},\"potentialAction\":[{\"@type\":\"SearchAction\",\"target\":{\"@type\":\"EntryPoint\",\"urlTemplate\":\"https:\\\/\\\/diariofemenino.com.ar\\\/df\\\/?s={search_term_string}\"},\"query-input\":{\"@type\":\"PropertyValueSpecification\",\"valueRequired\":true,\"valueName\":\"search_term_string\"}}],\"inLanguage\":\"es\"},{\"@type\":\"Organization\",\"@id\":\"https:\\\/\\\/diariofemenino.com.ar\\\/df\\\/#organization\",\"name\":\"Diario Femenino\",\"url\":\"https:\\\/\\\/diariofemenino.com.ar\\\/df\\\/\",\"logo\":{\"@type\":\"ImageObject\",\"inLanguage\":\"es\",\"@id\":\"https:\\\/\\\/diariofemenino.com.ar\\\/df\\\/#\\\/schema\\\/logo\\\/image\\\/\",\"url\":\"https:\\\/\\\/diariofemenino.com.ar\\\/df\\\/wp-content\\\/uploads\\\/2018\\\/10\\\/logo.png\",\"contentUrl\":\"https:\\\/\\\/diariofemenino.com.ar\\\/df\\\/wp-content\\\/uploads\\\/2018\\\/10\\\/logo.png\",\"width\":500,\"height\":92,\"caption\":\"Diario Femenino\"},\"image\":{\"@id\":\"https:\\\/\\\/diariofemenino.com.ar\\\/df\\\/#\\\/schema\\\/logo\\\/image\\\/\"},\"sameAs\":[\"https:\\\/\\\/www.facebook.com\\\/DiarioDigitaFemenino\\\/\",\"https:\\\/\\\/x.com\\\/DiarioFemenino1\"]},{\"@type\":\"Person\",\"@id\":\"https:\\\/\\\/diariofemenino.com.ar\\\/df\\\/#\\\/schema\\\/person\\\/bf6199e8158c657ea6f789b11ec85509\",\"name\":\"Admin\",\"image\":{\"@type\":\"ImageObject\",\"inLanguage\":\"es\",\"@id\":\"https:\\\/\\\/diariofemenino.com.ar\\\/df\\\/wp-content\\\/uploads\\\/2018\\\/12\\\/favicon-150x150.jpg\",\"url\":\"https:\\\/\\\/diariofemenino.com.ar\\\/df\\\/wp-content\\\/uploads\\\/2018\\\/12\\\/favicon-150x150.jpg\",\"contentUrl\":\"https:\\\/\\\/diariofemenino.com.ar\\\/df\\\/wp-content\\\/uploads\\\/2018\\\/12\\\/favicon-150x150.jpg\",\"caption\":\"Admin\"},\"url\":\"https:\\\/\\\/diariofemenino.com.ar\\\/df\\\/author\\\/lenny\\\/\"}]}<\/script>\n<!-- \/ Yoast SEO plugin. -->","yoast_head_json":{"title":"\"Aprobar la ley del aborto es un paso necesario pero no suficiente, ahora hay que conseguir que se cumpla\" - Diario Digital Femenino","description":"Aprobar la ley del aborto. Nelly Minyersky es una de las voces m\u00e1s conocidas de la lucha por los derechos de las mujeres y en particular del aborto legal.","robots":{"index":"index","follow":"follow","max-snippet":"max-snippet:-1","max-image-preview":"max-image-preview:large","max-video-preview":"max-video-preview:-1"},"canonical":"https:\/\/diariofemenino.com.ar\/df\/aprobar-la-ley-del-aborto-es-un-paso-necesario-pero-no-suficiente-ahora-hay-que-conseguir-que-se-cumpla\/","og_locale":"es_ES","og_type":"article","og_title":"\"Aprobar la ley del aborto es un paso necesario pero no suficiente, ahora hay que conseguir que se cumpla\" - Diario Digital Femenino","og_description":"Aprobar la ley del aborto. Nelly Minyersky es una de las voces m\u00e1s conocidas de la lucha por los derechos de las mujeres y en particular del aborto legal.","og_url":"https:\/\/diariofemenino.com.ar\/df\/aprobar-la-ley-del-aborto-es-un-paso-necesario-pero-no-suficiente-ahora-hay-que-conseguir-que-se-cumpla\/","og_site_name":"Diario Digital Femenino","article_publisher":"https:\/\/www.facebook.com\/DiarioDigitaFemenino\/","article_published_time":"2021-01-02T13:40:03+00:00","og_image":[{"width":990,"height":660,"url":"https:\/\/diariofemenino.com.ar\/df\/wp-content\/uploads\/2021\/01\/5fece4eedbd9f.jpeg","type":"image\/jpeg"}],"author":"Admin","twitter_card":"summary_large_image","twitter_creator":"@DiarioFemenino1","twitter_site":"@DiarioFemenino1","twitter_misc":{"Escrito por":"Admin","Tiempo de lectura":"10 minutos"},"schema":{"@context":"https:\/\/schema.org","@graph":[{"@type":"Article","@id":"https:\/\/diariofemenino.com.ar\/df\/aprobar-la-ley-del-aborto-es-un-paso-necesario-pero-no-suficiente-ahora-hay-que-conseguir-que-se-cumpla\/#article","isPartOf":{"@id":"https:\/\/diariofemenino.com.ar\/df\/aprobar-la-ley-del-aborto-es-un-paso-necesario-pero-no-suficiente-ahora-hay-que-conseguir-que-se-cumpla\/"},"author":{"name":"Admin","@id":"https:\/\/diariofemenino.com.ar\/df\/#\/schema\/person\/bf6199e8158c657ea6f789b11ec85509"},"headline":"\u00abAprobar la ley del aborto es un paso necesario pero no suficiente, ahora hay que conseguir que se cumpla\u00bb","datePublished":"2021-01-02T13:40:03+00:00","mainEntityOfPage":{"@id":"https:\/\/diariofemenino.com.ar\/df\/aprobar-la-ley-del-aborto-es-un-paso-necesario-pero-no-suficiente-ahora-hay-que-conseguir-que-se-cumpla\/"},"wordCount":2094,"commentCount":0,"publisher":{"@id":"https:\/\/diariofemenino.com.ar\/df\/#organization"},"image":{"@id":"https:\/\/diariofemenino.com.ar\/df\/aprobar-la-ley-del-aborto-es-un-paso-necesario-pero-no-suficiente-ahora-hay-que-conseguir-que-se-cumpla\/#primaryimage"},"thumbnailUrl":"https:\/\/diariofemenino.com.ar\/df\/wp-content\/uploads\/2021\/01\/5fece4eedbd9f.jpeg","keywords":["Aborto. Argentina","Ley","Nelly Minyersky"],"articleSection":["Aborto","Agenda Feminista","Entrevistas","Mujeres en Palabras","Noticias","Salud"],"inLanguage":"es","potentialAction":[{"@type":"CommentAction","name":"Comment","target":["https:\/\/diariofemenino.com.ar\/df\/aprobar-la-ley-del-aborto-es-un-paso-necesario-pero-no-suficiente-ahora-hay-que-conseguir-que-se-cumpla\/#respond"]}]},{"@type":"WebPage","@id":"https:\/\/diariofemenino.com.ar\/df\/aprobar-la-ley-del-aborto-es-un-paso-necesario-pero-no-suficiente-ahora-hay-que-conseguir-que-se-cumpla\/","url":"https:\/\/diariofemenino.com.ar\/df\/aprobar-la-ley-del-aborto-es-un-paso-necesario-pero-no-suficiente-ahora-hay-que-conseguir-que-se-cumpla\/","name":"\"Aprobar la ley del aborto es un paso necesario pero no suficiente, ahora hay que conseguir que se cumpla\" - Diario Digital Femenino","isPartOf":{"@id":"https:\/\/diariofemenino.com.ar\/df\/#website"},"primaryImageOfPage":{"@id":"https:\/\/diariofemenino.com.ar\/df\/aprobar-la-ley-del-aborto-es-un-paso-necesario-pero-no-suficiente-ahora-hay-que-conseguir-que-se-cumpla\/#primaryimage"},"image":{"@id":"https:\/\/diariofemenino.com.ar\/df\/aprobar-la-ley-del-aborto-es-un-paso-necesario-pero-no-suficiente-ahora-hay-que-conseguir-que-se-cumpla\/#primaryimage"},"thumbnailUrl":"https:\/\/diariofemenino.com.ar\/df\/wp-content\/uploads\/2021\/01\/5fece4eedbd9f.jpeg","datePublished":"2021-01-02T13:40:03+00:00","description":"Aprobar la ley del aborto. Nelly Minyersky es una de las voces m\u00e1s conocidas de la lucha por los derechos de las mujeres y en particular del aborto legal.","breadcrumb":{"@id":"https:\/\/diariofemenino.com.ar\/df\/aprobar-la-ley-del-aborto-es-un-paso-necesario-pero-no-suficiente-ahora-hay-que-conseguir-que-se-cumpla\/#breadcrumb"},"inLanguage":"es","potentialAction":[{"@type":"ReadAction","target":["https:\/\/diariofemenino.com.ar\/df\/aprobar-la-ley-del-aborto-es-un-paso-necesario-pero-no-suficiente-ahora-hay-que-conseguir-que-se-cumpla\/"]}]},{"@type":"ImageObject","inLanguage":"es","@id":"https:\/\/diariofemenino.com.ar\/df\/aprobar-la-ley-del-aborto-es-un-paso-necesario-pero-no-suficiente-ahora-hay-que-conseguir-que-se-cumpla\/#primaryimage","url":"https:\/\/diariofemenino.com.ar\/df\/wp-content\/uploads\/2021\/01\/5fece4eedbd9f.jpeg","contentUrl":"https:\/\/diariofemenino.com.ar\/df\/wp-content\/uploads\/2021\/01\/5fece4eedbd9f.jpeg","width":990,"height":660,"caption":"\"Aprobar la ley del aborto es un paso necesario pero no suficiente, ahora hay que conseguir que se cumpla\""},{"@type":"BreadcrumbList","@id":"https:\/\/diariofemenino.com.ar\/df\/aprobar-la-ley-del-aborto-es-un-paso-necesario-pero-no-suficiente-ahora-hay-que-conseguir-que-se-cumpla\/#breadcrumb","itemListElement":[{"@type":"ListItem","position":1,"name":"Portada","item":"https:\/\/diariofemenino.com.ar\/df\/"},{"@type":"ListItem","position":2,"name":"\u00abAprobar la ley del aborto es un paso necesario pero no suficiente, ahora hay que conseguir que se cumpla\u00bb"}]},{"@type":"WebSite","@id":"https:\/\/diariofemenino.com.ar\/df\/#website","url":"https:\/\/diariofemenino.com.ar\/df\/","name":"Diario Digital Femenino","description":"Cuesti\u00f3n de G\u00e9nero","publisher":{"@id":"https:\/\/diariofemenino.com.ar\/df\/#organization"},"potentialAction":[{"@type":"SearchAction","target":{"@type":"EntryPoint","urlTemplate":"https:\/\/diariofemenino.com.ar\/df\/?s={search_term_string}"},"query-input":{"@type":"PropertyValueSpecification","valueRequired":true,"valueName":"search_term_string"}}],"inLanguage":"es"},{"@type":"Organization","@id":"https:\/\/diariofemenino.com.ar\/df\/#organization","name":"Diario Femenino","url":"https:\/\/diariofemenino.com.ar\/df\/","logo":{"@type":"ImageObject","inLanguage":"es","@id":"https:\/\/diariofemenino.com.ar\/df\/#\/schema\/logo\/image\/","url":"https:\/\/diariofemenino.com.ar\/df\/wp-content\/uploads\/2018\/10\/logo.png","contentUrl":"https:\/\/diariofemenino.com.ar\/df\/wp-content\/uploads\/2018\/10\/logo.png","width":500,"height":92,"caption":"Diario Femenino"},"image":{"@id":"https:\/\/diariofemenino.com.ar\/df\/#\/schema\/logo\/image\/"},"sameAs":["https:\/\/www.facebook.com\/DiarioDigitaFemenino\/","https:\/\/x.com\/DiarioFemenino1"]},{"@type":"Person","@id":"https:\/\/diariofemenino.com.ar\/df\/#\/schema\/person\/bf6199e8158c657ea6f789b11ec85509","name":"Admin","image":{"@type":"ImageObject","inLanguage":"es","@id":"https:\/\/diariofemenino.com.ar\/df\/wp-content\/uploads\/2018\/12\/favicon-150x150.jpg","url":"https:\/\/diariofemenino.com.ar\/df\/wp-content\/uploads\/2018\/12\/favicon-150x150.jpg","contentUrl":"https:\/\/diariofemenino.com.ar\/df\/wp-content\/uploads\/2018\/12\/favicon-150x150.jpg","caption":"Admin"},"url":"https:\/\/diariofemenino.com.ar\/df\/author\/lenny\/"}]}},"jetpack_featured_media_url":"https:\/\/diariofemenino.com.ar\/df\/wp-content\/uploads\/2021\/01\/5fece4eedbd9f.jpeg","jetpack_sharing_enabled":true,"rttpg_featured_image_url":{"full":["https:\/\/diariofemenino.com.ar\/df\/wp-content\/uploads\/2021\/01\/5fece4eedbd9f.jpeg",990,660,false],"landscape":["https:\/\/diariofemenino.com.ar\/df\/wp-content\/uploads\/2021\/01\/5fece4eedbd9f.jpeg",990,660,false],"portraits":["https:\/\/diariofemenino.com.ar\/df\/wp-content\/uploads\/2021\/01\/5fece4eedbd9f.jpeg",990,660,false],"thumbnail":["https:\/\/diariofemenino.com.ar\/df\/wp-content\/uploads\/2021\/01\/5fece4eedbd9f-150x150.jpeg",150,150,true],"medium":["https:\/\/diariofemenino.com.ar\/df\/wp-content\/uploads\/2021\/01\/5fece4eedbd9f-300x200.jpeg",300,200,true],"large":["https:\/\/diariofemenino.com.ar\/df\/wp-content\/uploads\/2021\/01\/5fece4eedbd9f.jpeg",990,660,false],"1536x1536":["https:\/\/diariofemenino.com.ar\/df\/wp-content\/uploads\/2021\/01\/5fece4eedbd9f.jpeg",990,660,false],"2048x2048":["https:\/\/diariofemenino.com.ar\/df\/wp-content\/uploads\/2021\/01\/5fece4eedbd9f.jpeg",990,660,false]},"rttpg_author":{"display_name":"Admin","author_link":"https:\/\/diariofemenino.com.ar\/df\/author\/lenny\/"},"rttpg_comment":0,"rttpg_category":"<a href=\"https:\/\/diariofemenino.com.ar\/df\/category\/aborto\/\" rel=\"category tag\">Aborto<\/a> <a href=\"https:\/\/diariofemenino.com.ar\/df\/category\/agenda-feminista\/\" rel=\"category tag\">Agenda Feminista<\/a> <a href=\"https:\/\/diariofemenino.com.ar\/df\/category\/entrevistas\/\" rel=\"category tag\">Entrevistas<\/a> <a href=\"https:\/\/diariofemenino.com.ar\/df\/category\/articulos\/\" rel=\"category tag\">Mujeres en Palabras<\/a> <a href=\"https:\/\/diariofemenino.com.ar\/df\/category\/noticias\/\" rel=\"category tag\">Noticias<\/a> <a href=\"https:\/\/diariofemenino.com.ar\/df\/category\/salud\/\" rel=\"category tag\">Salud<\/a>","rttpg_excerpt":"Aprobar la ley del aborto.\u00a0Nelly Minyersky, abogada y activista argentina. Nelly Minyersky es una de las voces y las caras m\u00e1s conocidas de la lucha por los derechos de las mujeres y en particular del aborto legal, seguro y gratuito en Argentina. Tambi\u00e9n\u00a0form\u00f3 parte de la comisi\u00f3n que redact\u00f3 el proyecto de ley para la&hellip;","_links":{"self":[{"href":"https:\/\/diariofemenino.com.ar\/df\/wp-json\/wp\/v2\/posts\/54872","targetHints":{"allow":["GET"]}}],"collection":[{"href":"https:\/\/diariofemenino.com.ar\/df\/wp-json\/wp\/v2\/posts"}],"about":[{"href":"https:\/\/diariofemenino.com.ar\/df\/wp-json\/wp\/v2\/types\/post"}],"author":[{"embeddable":true,"href":"https:\/\/diariofemenino.com.ar\/df\/wp-json\/wp\/v2\/users\/4"}],"replies":[{"embeddable":true,"href":"https:\/\/diariofemenino.com.ar\/df\/wp-json\/wp\/v2\/comments?post=54872"}],"version-history":[{"count":0,"href":"https:\/\/diariofemenino.com.ar\/df\/wp-json\/wp\/v2\/posts\/54872\/revisions"}],"wp:featuredmedia":[{"embeddable":true,"href":"https:\/\/diariofemenino.com.ar\/df\/wp-json\/wp\/v2\/media\/54875"}],"wp:attachment":[{"href":"https:\/\/diariofemenino.com.ar\/df\/wp-json\/wp\/v2\/media?parent=54872"}],"wp:term":[{"taxonomy":"category","embeddable":true,"href":"https:\/\/diariofemenino.com.ar\/df\/wp-json\/wp\/v2\/categories?post=54872"},{"taxonomy":"post_tag","embeddable":true,"href":"https:\/\/diariofemenino.com.ar\/df\/wp-json\/wp\/v2\/tags?post=54872"}],"curies":[{"name":"wp","href":"https:\/\/api.w.org\/{rel}","templated":true}]}}