{"id":54864,"date":"2020-12-31T11:30:27","date_gmt":"2020-12-31T14:30:27","guid":{"rendered":"https:\/\/diariofemenino.com.ar\/?p=54864"},"modified":"2021-01-02T10:21:10","modified_gmt":"2021-01-02T13:21:10","slug":"en-la-lucha-colectiva-por-la-conquista-de-derechos-ive-y-muerte-perinatal-las-deudas-pendientes","status":"publish","type":"post","link":"https:\/\/diariofemenino.com.ar\/df\/en-la-lucha-colectiva-por-la-conquista-de-derechos-ive-y-muerte-perinatal-las-deudas-pendientes\/","title":{"rendered":"En la lucha colectiva por la conquista de derechos: IVE y muerte perinatal. Las deudas pendientes"},"content":{"rendered":"<p><strong>En la lucha colectiva por la conquista de derechos: IVE y muerte perinatal.<\/strong><\/p>\n<p>Las deudas pendientes.<\/p>\n<p class=\"Standard\" style=\"text-align: justify; text-justify: inter-ideograph; text-indent: 25.5pt; line-height: 115%;\"><span lang=\"ES-AR\" style=\"font-size: 11.0pt; mso-bidi-font-size: 12.0pt; line-height: 115%; font-family: 'Arial','sans-serif'; mso-bidi-font-family: Mangal;\">En las horas previas al debate en la <a href=\"https:\/\/www.senado.gob.ar\/\">C\u00e1mara<\/a> de Senadores y Senadoras sobre la Interrupci\u00f3n Voluntaria del Embarazo, dialogamos con Cecilia Sanabria, abogada formada en perspectiva de g\u00e9nero y Diplomada en Ni\u00f1os, Ni\u00f1as y Adolescentes como sujetos de derecho por la <a href=\"http:\/\/www.uba.ar\/\">UBA<\/a>.<\/span><\/p>\n<p class=\"Standard\" style=\"text-align: justify; text-justify: inter-ideograph; text-indent: 25.5pt; line-height: 115%;\"><span lang=\"ES-AR\" style=\"font-size: 11.0pt; mso-bidi-font-size: 12.0pt; line-height: 115%; font-family: 'Arial','sans-serif'; mso-bidi-font-family: Mangal;\">La Dra. Sanabria es autora de la tesis de investigaci\u00f3n titulada \u201cLa Mujer y el Nasciturus: Protecci\u00f3n Jur\u00eddica ante la Muerte Perinatal. <a href=\"https:\/\/diariofemenino.com.ar\/la-violencia-obstetrica-es-una-gravisima-violacion-a-los-derechos-humanos\/\">Violencia Obst\u00e9trica<\/a>\u201d fundamento de proyectos de ley y convertida luego en el libro con nombre hom\u00f3nimo. Tambi\u00e9n es miembro de la iniciativa Marea Primal, donde se enfoca a la problem\u00e1tica de manera interdisciplinaria junto a la Lic.en Psicolog\u00eda J\u00e9sica Basabilbaso y la Lic. en Obstetricia Lorena Warzel.<\/span><\/p>\n<p class=\"Standard\" style=\"text-align: justify; text-justify: inter-ideograph; line-height: 115%;\"><span lang=\"ES-AR\" style=\"font-size: 11.0pt; mso-bidi-font-size: 12.0pt; line-height: 115%; font-family: 'Arial','sans-serif'; mso-bidi-font-family: Mangal;\">\u00a0<\/span><b><span lang=\"ES-AR\" style=\"font-size: 11.0pt; mso-bidi-font-size: 12.0pt; line-height: 115%; font-family: 'Arial','sans-serif'; mso-bidi-font-family: Mangal;\">\u00bfC\u00f3mo surgi\u00f3 tu inter\u00e9s en la tem\u00e1tica de la muerte perinatal?<\/span><\/b><\/p>\n<p class=\"Standard\" style=\"text-align: justify; text-justify: inter-ideograph; line-height: 115%;\"><span lang=\"ES-AR\" style=\"font-size: 11.0pt; mso-bidi-font-size: 12.0pt; line-height: 115%; font-family: 'Arial','sans-serif'; mso-bidi-font-family: Mangal;\">Luego de leer una noticia en el diario, bastante vieja, sobre una mujer que hab\u00eda sufrido violencia obst\u00e9trica frente a la muerte perinatal de su hijo, comenc\u00e9 a investigar que ocurr\u00eda con todas aquellas mujeres y personas gestantes que se encontraban con la muerte cuando estaban gestando vida. Investigando informalmente pude saber que la muerte perinatal y gestacional es silenciada y minimizada a nivel mundial, y todas aquellas mujeres y familias que la atraviesan llevan adelante un duelo silencioso y en soledad.<\/span><\/p>\n<p class=\"Standard\" style=\"text-align: justify; text-justify: inter-ideograph; line-height: 115%;\"><span lang=\"ES-AR\" style=\"font-size: 11.0pt; mso-bidi-font-size: 12.0pt; line-height: 115%; font-family: 'Arial','sans-serif'; mso-bidi-font-family: Mangal;\">\u00a0<\/span><b><span lang=\"ES-AR\" style=\"font-size: 11.0pt; mso-bidi-font-size: 12.0pt; line-height: 115%; font-family: 'Arial','sans-serif'; mso-bidi-font-family: Mangal;\">Con todo el avance legislativo en materia de DDHH de las mujeres y personas gestantes, \u00bfesta problem\u00e1tica tiene alg\u00fan tipo de protecci\u00f3n espec\u00edfica?<\/span><\/b><\/p>\n<p class=\"Standard\" style=\"text-align: justify; text-justify: inter-ideograph; line-height: 115%;\"><span lang=\"ES-AR\" style=\"font-size: 11.0pt; mso-bidi-font-size: 12.0pt; line-height: 115%; font-family: 'Arial','sans-serif'; mso-bidi-font-family: Mangal;\">No, lamentablemente ninguna ley las protege a nivel nacional y por tal motivo quedan totalmente desamparadas. Es una realidad que, salvo muy recientes excepciones legislativas como Chile y Paraguay, se repite en toda latinoam\u00e9rica y en Espa\u00f1a tambi\u00e9n. Son las ONG las que impulsan las reformas para su atenci\u00f3n, junto a Marea Primal estamos organizando una red iberoamericana sobre la tem\u00e1tica.<span style=\"mso-spacerun: yes;\">\u00a0 <\/span><\/span><\/p>\n<p class=\"Standard\" style=\"text-align: justify; text-justify: inter-ideograph; line-height: 115%;\"><span lang=\"ES-AR\" style=\"font-size: 11.0pt; mso-bidi-font-size: 12.0pt; line-height: 115%; font-family: 'Arial','sans-serif'; mso-bidi-font-family: Mangal;\">Luego, cuando decid\u00ed enfocar este tema metodol\u00f3gicamente para la tesis de grado,<span style=\"mso-spacerun: yes;\">\u00a0\u00a0 <\/span>entrevistando a diferentes mujeres y familias, pude comprobar que la violencia ejercida sobre ellas era un denominador com\u00fan de estas situaciones. \u00bfPor qu\u00e9 nadie las protege \u00bfPor qu\u00e9 de esto no se habla?<\/span><\/p>\n<p class=\"Standard\" style=\"text-align: justify; text-justify: inter-ideograph; line-height: 115%;\"><span lang=\"ES-AR\" style=\"font-size: 11.0pt; mso-bidi-font-size: 12.0pt; line-height: 115%; font-family: 'Arial','sans-serif'; mso-bidi-font-family: Mangal;\">\u00a0<\/span><span style=\"font-family: Arial, sans-serif; font-size: 11pt; text-indent: 1cm;\">Con el correr del tiempo desde aquella investigaci\u00f3n y gracias al trabajo de muchas organizaciones y referentes en la tem\u00e1tica, se ha avanzado en la visibilizaci\u00f3n y se ha logrado ponerle nombre a lo que no ten\u00eda nombre, se ocultaba y se manten\u00eda en silencio. As\u00ed se ha podido acompa\u00f1ar a esas familias en duelo y darles un espacio para que puedan expresar su dolor.<\/span><\/p>\n<figure id=\"attachment_54866\" aria-describedby=\"caption-attachment-54866\" style=\"width: 354px\" class=\"wp-caption alignleft\"><img loading=\"lazy\" decoding=\"async\" class=\"wp-image-54866\" src=\"https:\/\/diariofemenino.com.ar\/df\/wp-content\/uploads\/2020\/12\/WhatsApp-Image-2020-12-27-at-21.35.29.jpeg\" alt=\"En la lucha colectiva por la conquista de derechos: IVE y muerte perinatal. Las deudas pendientes.\" width=\"354\" height=\"354\" srcset=\"https:\/\/diariofemenino.com.ar\/df\/wp-content\/uploads\/2020\/12\/WhatsApp-Image-2020-12-27-at-21.35.29.jpeg 489w, https:\/\/diariofemenino.com.ar\/df\/wp-content\/uploads\/2020\/12\/WhatsApp-Image-2020-12-27-at-21.35.29-150x150.jpeg 150w, https:\/\/diariofemenino.com.ar\/df\/wp-content\/uploads\/2020\/12\/WhatsApp-Image-2020-12-27-at-21.35.29-300x300.jpeg 300w\" sizes=\"auto, (max-width: 354px) 100vw, 354px\" \/><figcaption id=\"caption-attachment-54866\" class=\"wp-caption-text\">En la lucha colectiva por la conquista de derechos: IVE y muerte perinatal.<br \/>Las deudas pendientes.<\/figcaption><\/figure>\n<p class=\"Standard\" style=\"text-align: justify; text-justify: inter-ideograph; line-height: 115%;\"><span lang=\"ES-AR\" style=\"font-size: 11.0pt; mso-bidi-font-size: 12.0pt; line-height: 115%; font-family: 'Arial','sans-serif'; mso-bidi-font-family: Mangal;\">\u00a0<\/span><b><span lang=\"ES-AR\" style=\"font-size: 11.0pt; mso-bidi-font-size: 12.0pt; line-height: 115%; font-family: 'Arial','sans-serif'; mso-bidi-font-family: Mangal;\">\u00bfPor qu\u00e9 te parece a vos que no ha habido desde el Estado iniciativas de pol\u00edticas p\u00fablicas sobre esta problem\u00e1tica?<\/span><\/b><\/p>\n<p class=\"Standard\" style=\"text-align: justify; text-justify: inter-ideograph; line-height: 115%;\"><span lang=\"ES-AR\" style=\"font-size: 11.0pt; mso-bidi-font-size: 12.0pt; line-height: 115%; font-family: 'Arial','sans-serif'; mso-bidi-font-family: Mangal;\">Posicion\u00e1ndome desde mi rol de tesista, y en base tanto al extenso trabajo de campo como a la investigaci\u00f3n acad\u00e9mica para la misma, es que me atrevo a decir que puede tener relaci\u00f3n con algunos postulados a los que se suele hacer referencia desde algunas posiciones de defensa del derecho a la IVE. Mi enfoque a favor de la IVE, lo centro en otras cuestiones que armonizan la lectura legal y adem\u00e1s realzan la decisi\u00f3n plena de la mujer o persona gestante. Yo soy parte de las corrientes que defienden el deseo de maternar como par\u00e1metro \u00e9tico de la continuidad o no del embarazo, pero no hace falta para ello negar el car\u00e1cter de persona al feto sino contextualizar la posibilidad o no de la continuidad del embarazo en el proyecto de vida de esa mujer o persona gestante.<\/span><\/p>\n<p class=\"Standard\" style=\"text-align: justify; text-justify: inter-ideograph; line-height: 115%;\"><span lang=\"ES-AR\" style=\"font-size: 11.0pt; mso-bidi-font-size: 12.0pt; line-height: 115%; font-family: 'Arial','sans-serif'; mso-bidi-font-family: Mangal;\">Volviendo entonces, estos postulados a los que hac\u00eda referencia, impactan en el campo de los derechos personal\u00edsimos, donde hay una contradicci\u00f3n normativa y se hace todo el desbarajuste que termina cercenando derechos a la madre y a la familia. Y esto es propio no s\u00f3lo del derecho argentino sino tambi\u00e9n del latinoamericano y del espa\u00f1ol, como derivaciones del tronco com\u00fan del derecho continental europeo, de corte patriarcal, patrimonial y liberal. Hay otras formas de organizaci\u00f3n social que resuelven mucho mejor estas problem\u00e1ticas, los pueblos originarios tienen formas mucho mejores de integrar a las personas nacidas sin vida al clan y a la comunidad, incluso a las personas abortadas.<span style=\"mso-spacerun: yes;\">\u00a0 <\/span><\/span><\/p>\n<p class=\"Standard\" style=\"text-align: justify; text-justify: inter-ideograph; line-height: 115%;\"><span lang=\"ES-AR\" style=\"font-size: 11.0pt; mso-bidi-font-size: 12.0pt; line-height: 115%; font-family: 'Arial','sans-serif'; mso-bidi-font-family: Mangal;\"><span style=\"mso-spacerun: yes;\">\u00a0<\/span><b style=\"mso-bidi-font-weight: normal;\"><span style=\"mso-spacerun: yes;\">\u00a0<\/span><\/b><\/span><b><span lang=\"ES-AR\" style=\"font-size: 11.0pt; mso-bidi-font-size: 12.0pt; line-height: 115%; font-family: 'Arial','sans-serif'; mso-bidi-font-family: Mangal;\">\u00bfD\u00f3nde ves vos contradicciones en el derecho argentino respecto de los derechos personal\u00edsimos y como te parece que esto influye en el pleno ejercicio de los derechos de las madres y familias gestantes ante la muerte perinatal y gestacional?<\/span><\/b><\/p>\n<p class=\"Standard\" style=\"text-align: justify; text-justify: inter-ideograph; line-height: 115%;\"><span lang=\"ES-AR\" style=\"font-size: 11.0pt; mso-bidi-font-size: 12.0pt; line-height: 115%; font-family: 'Arial','sans-serif'; mso-bidi-font-family: Mangal;\">Nuestro ordenamiento jur\u00eddico, m\u00e1s precisamente nuestro C\u00f3digo Civil y Comercial de la Naci\u00f3n tiene una contradicci\u00f3n muy marcada en cuanto al comienzo de la existencia de la persona. Si bien en su art. 19 se considera que la existencia de la persona humana comienza con la concepci\u00f3n, en su art. 21 se establece que si no nace con vida se considerar\u00e1 que nunca existi\u00f3.<\/span><\/p>\n<p class=\"Standard\" style=\"text-align: justify; text-justify: inter-ideograph; line-height: 115%;\"><span lang=\"ES-AR\" style=\"font-size: 11.0pt; mso-bidi-font-size: 12.0pt; line-height: 115%; font-family: 'Arial','sans-serif'; mso-bidi-font-family: Mangal;\">\u00a0<\/span><b><span lang=\"ES-AR\" style=\"font-size: 11.0pt; mso-bidi-font-size: 12.0pt; line-height: 115%; font-family: 'Arial','sans-serif'; mso-bidi-font-family: Mangal;\">Es duro para una madre que pierde a su hije decirle que en realidad nunca existi\u00f3, puede entenderse que su embarazo no fue real en cierta forma \u00bfEsto sigue siendo as\u00ed pese a la reforma del C\u00f3digo operada en 2015?<\/span><\/b><\/p>\n<p class=\"Standard\" style=\"text-align: justify; text-justify: inter-ideograph; line-height: 115%;\"><span lang=\"ES-AR\" style=\"font-size: 11.0pt; mso-bidi-font-size: 12.0pt; line-height: 115%; font-family: 'Arial','sans-serif'; mso-bidi-font-family: Mangal;\">Como abogadxs sabemos que nuestro C\u00f3digo privilegia el car\u00e1cter patrimonial de las relaciones jur\u00eddicas, y que ideol\u00f3gicamente mantiene un criterio patriarcal y liberal que en algunas instituciones del derecho se acent\u00faa; y, por lo tanto, sabemos que esta redacci\u00f3n sobre el comienzo de la existencia de la persona humana es a los \u00fanicos fines de regular los derechos hereditarios. Se le han hecho muchas cr\u00edticas a la redacci\u00f3n de este art\u00edculo, sin embargo, y respondiendo a tu pregunta, a pesar de la reforma del a\u00f1o 2015, no; la misma no se ha modificado.<\/span><\/p>\n<p class=\"Standard\" style=\"text-align: justify; text-justify: inter-ideograph; line-height: 115%;\"><span lang=\"ES-AR\" style=\"font-size: 11.0pt; mso-bidi-font-size: 12.0pt; line-height: 115%; font-family: 'Arial','sans-serif'; mso-bidi-font-family: Mangal;\">Creo que una buena redacci\u00f3n hubiese sido la de especificar que si no nace con vida se considerar\u00e1n extinguidos todos los derechos que pudo haber adquirido, pero bajo ning\u00fan concepto decir que nunca existi\u00f3. Esto porque cuando nos encontramos frente a la muerte perinatal no podemos decirle a una madre, a una familia, que ese hijx nunca existi\u00f3, que no fue nada, que es un NN o un desecho patol\u00f3gico.<\/span><\/p>\n<p class=\"Standard\" style=\"text-align: justify; text-justify: inter-ideograph; line-height: 115%;\"><span lang=\"ES-AR\" style=\"font-size: 11.0pt; mso-bidi-font-size: 12.0pt; line-height: 115%; font-family: 'Arial','sans-serif'; mso-bidi-font-family: Mangal;\">\u00a0<\/span><\/p>\n<figure id=\"attachment_54865\" aria-describedby=\"caption-attachment-54865\" style=\"width: 282px\" class=\"wp-caption alignleft\"><img loading=\"lazy\" decoding=\"async\" class=\"size-full wp-image-54865\" src=\"https:\/\/diariofemenino.com.ar\/df\/wp-content\/uploads\/2020\/12\/WhatsApp-Image-2020-12-27-at-21.50.51.jpeg\" alt=\"En la lucha colectiva por la conquista de derechos: IVE y muerte perinatal. Las deudas pendientes.\" width=\"282\" height=\"400\" srcset=\"https:\/\/diariofemenino.com.ar\/df\/wp-content\/uploads\/2020\/12\/WhatsApp-Image-2020-12-27-at-21.50.51.jpeg 282w, https:\/\/diariofemenino.com.ar\/df\/wp-content\/uploads\/2020\/12\/WhatsApp-Image-2020-12-27-at-21.50.51-212x300.jpeg 212w\" sizes=\"auto, (max-width: 282px) 100vw, 282px\" \/><figcaption id=\"caption-attachment-54865\" class=\"wp-caption-text\">En la lucha colectiva por la conquista de derechos: IVE y muerte perinatal.<br \/>Las deudas pendientes<\/figcaption><\/figure>\n<p class=\"Standard\" style=\"text-align: justify; text-justify: inter-ideograph; line-height: 115%;\"><b><span lang=\"ES-AR\" style=\"font-size: 11.0pt; mso-bidi-font-size: 12.0pt; line-height: 115%; font-family: 'Arial','sans-serif'; mso-bidi-font-family: Mangal;\">\u00bfQu\u00e9 ocurre en las instituciones hospitalarias cuando se producen muertes gestacionales hoy? <\/span><\/b><span lang=\"ES-AR\" style=\"font-size: 11pt; line-height: 115%; font-family: Arial, sans-serif;\">Si bien no podemos decir que en todos lados siempre, hay generalidades: en CABA, por ejemplo, existe un protocolo de manipulaci\u00f3n de nacidos muertos que toma la definici\u00f3n del C\u00f3digo y, por lo tanto, dice expresamente que el mismo considera que la persona nunca existi\u00f3. Se pretende que la madre haga de cuenta que nunca estuvo embarazada y que ese feto no era su hije, en algunas instituciones ocurre que son descartados luego de los estudios para averiguar las causas de la muerte, como desechos y no pueden darle sepultura o despedir a ese hije deseado y esperado de la forma que la familia considere adecuada. Entonces, si para la implementaci\u00f3n de protocolos o de legislaci\u00f3n sobre la tem\u00e1tica tomamos err\u00f3neamente estas definiciones, lo m\u00e1s\u00a0 probable es que se ejerza violencia sobre las mujeres, sobre las familias y tambi\u00e9n se vea vulnerada la dignidad de ese ni\u00f1e por nacer.<\/span><\/p>\n<p class=\"Standard\" style=\"text-align: justify; text-justify: inter-ideograph; line-height: 115%;\"><span lang=\"ES-AR\" style=\"font-size: 11.0pt; mso-bidi-font-size: 12.0pt; line-height: 115%; font-family: 'Arial','sans-serif'; mso-bidi-font-family: Mangal;\">\u00a0<\/span><b><span lang=\"ES-AR\" style=\"font-size: 11.0pt; mso-bidi-font-size: 12.0pt; line-height: 115%; font-family: 'Arial','sans-serif'; mso-bidi-font-family: Mangal;\">Es muy interesante el tema, hay aristas que no se ven habitualmente. \u00bfAh\u00ed no ves una contradicci\u00f3n tambi\u00e9n entre la campa\u00f1a por el aborto legal, seguro\u00a0 y gratuito y el reclamo por el derecho a la identidad y a la muerte digna de los beb\u00e9s?<\/span><\/b><\/p>\n<p class=\"Standard\" style=\"text-align: justify; text-justify: inter-ideograph; line-height: 115%;\"><span lang=\"ES-AR\" style=\"font-size: 11.0pt; mso-bidi-font-size: 12.0pt; line-height: 115%; font-family: 'Arial','sans-serif'; mso-bidi-font-family: Mangal;\">Es muy buena la pregunta para poder dejar en claro que no existe contradicci\u00f3n entre el reclamo por los derechos de las mujeres y familias en cuanto a la muerte perinatal y gestacional y la campa\u00f1a por el derecho al aborto legal, seguro y gratuito, ya que siempre partimos del deseo de maternar y la libre decisi\u00f3n de las mujeres sobre su propio cuerpo y su proyecto de vida.<\/span><\/p>\n<p class=\"Standard\" style=\"text-align: justify; text-justify: inter-ideograph; line-height: 115%;\"><span lang=\"ES-AR\" style=\"font-size: 11.0pt; mso-bidi-font-size: 12.0pt; line-height: 115%; font-family: 'Arial','sans-serif'; mso-bidi-font-family: Mangal;\">Son dos luchas paralelas que se retroalimentan sin\u00e9rgicamente para fortalecer la autonom\u00eda de la mujer o persona gestante: el derecho al aborto legal, seguro y gratuito es una gran deuda que tenemos para con la sociedad y para con todas aquellas mujeres que murieron por abortos clandestinos y que siguen muriendo d\u00eda tras d\u00eda. En la muerte perinatal y gestacional existe un deseo de las mujeres, personas gestantes y familias de tener un hije. Es un hije deseado, esperado, muchas veces hasta con un nombre elegido. Esas familias se topan con la muerte cuando desean y est\u00e1n gestando vida y ese es un dolor inexplicable que no encuentra cabida en un sistema jur\u00eddico patriarcal.<\/span><\/p>\n<p class=\"Standard\" style=\"text-align: justify; text-justify: inter-ideograph; line-height: 115%;\"><span lang=\"ES-AR\" style=\"font-size: 11.0pt; mso-bidi-font-size: 12.0pt; line-height: 115%; font-family: 'Arial','sans-serif'; mso-bidi-font-family: Mangal;\">\u00a0<\/span><b><span lang=\"ES-AR\" style=\"font-size: 11.0pt; mso-bidi-font-size: 12.0pt; line-height: 115%; font-family: 'Arial','sans-serif'; mso-bidi-font-family: Mangal;\">\u00bfVos entend\u00e9s entonces que esa falta de reconocimiento por un lado e intenci\u00f3n de mezclar confusamente conceptos responde a miradas patriarcales del derecho?<\/span><\/b><\/p>\n<p class=\"Standard\" style=\"text-align: justify; text-justify: inter-ideograph; line-height: 115%;\"><span lang=\"ES-AR\" style=\"font-size: 11.0pt; mso-bidi-font-size: 12.0pt; line-height: 115%; font-family: 'Arial','sans-serif'; mso-bidi-font-family: Mangal;\">Sin dudas, porque obligar a las mujeres y a las familias a habitar una ficci\u00f3n haciendo de cuenta que nunca existi\u00f3 una criatura que habit\u00f3 el cuerpo materno s\u00f3lo porque no se reconocer\u00e1n en ella derechos hereditarios, es una crueldad t\u00edpica de machirulos, digamos. Y, por otro lado, como dice Moira Goldenh\u00f6rn, una de las compa\u00f1eras de Marea Primal, la estrategia de querer dividir al movimiento feministas justamente desde la corporalidad de las mujeres y personas gestantes en algo tan intr\u00ednseco a dicha condici\u00f3n como es la capacidad de gestar y la decisi\u00f3n sobre la maternidad, tambi\u00e9n responde a intereses patriarcales porque perdemos fuerza colectiva. Nosotras estamos por la ampliaci\u00f3n de derechos sosteniendo la decisi\u00f3n libre de la mujer o persona gestante.<\/span><\/p>\n<p class=\"Standard\" style=\"text-align: justify; text-justify: inter-ideograph; line-height: 115%;\"><span lang=\"ES-AR\" style=\"font-size: 11.0pt; mso-bidi-font-size: 12.0pt; line-height: 115%; font-family: 'Arial','sans-serif'; mso-bidi-font-family: Mangal;\">Reitero la idea entonces, ya que desde la \u00f3ptica y vivencia de quienes luchamos por el reconocimiento de los derechos de las mujeres y personas gestantes frente a la muerte perinatal y gestacional, no existe contradicci\u00f3n en cuanto al tema de la IVE. Ambas campa\u00f1as van por lugares distintos y lo que marca ese camino es el deseo o no, de maternar. Sin embargo, quienes presentan argumentos en contra del derecho al aborto no se ponen a cuestionar qu\u00e9 sucede cuando une beb\u00e9 fallece dentro del vientre de la madre y se lo entregan a las familias en frascos o cajas de zapatos o se los descarta como desechos patol\u00f3gicos y las mujeres se quedan con terribles dudas sobre incluso si su hije vive. Ah\u00ed pareciera que nos olvidamos de los derechos y de la dignidad de esos ni\u00f1es por nacer. O sea, no hemos visto una sola iniciativa de los grupos antiderechos por reconocer los derechos de las familias ante la muerte gestacional y perinatal.<\/span><\/p>\n<p class=\"Standard\" style=\"text-align: justify; text-justify: inter-ideograph;\"><b style=\"mso-bidi-font-weight: normal;\"><span lang=\"ES-AR\" style=\"font-size: 11.0pt; mso-bidi-font-size: 12.0pt; font-family: 'Arial','sans-serif'; mso-bidi-font-family: Mangal;\">\u00a0<\/span><\/b><b><span lang=\"ES-AR\" style=\"font-size: 11.0pt; mso-bidi-font-size: 12.0pt; font-family: 'Arial','sans-serif'; mso-bidi-font-family: Mangal;\">Respecto de la violencia obst\u00e9trica en las interrupciones de los embarazos, tanto de quien aborta voluntariamente, ya sea por una habilitaci\u00f3n legal o porque quiera hacerlo aunque no est\u00e9 dentro de ese marco, como de quien pierde los embarazos, \u00bfA vos te parece que hay un castigo a la mujer, a la persona gestante que por equis motivo no llega a completar un embarazo?<\/span><\/b><\/p>\n<p class=\"Standard\" style=\"text-align: justify; text-justify: inter-ideograph; line-height: 115%;\"><span lang=\"ES-AR\" style=\"font-size: 11.0pt; mso-bidi-font-size: 12.0pt; line-height: 115%; font-family: 'Arial','sans-serif'; mso-bidi-font-family: Mangal;\">Absolutamente s\u00ed. Hay violencia obst\u00e9trica sufrida por las mujeres y personas gestantes espec\u00edficamente por la interrupci\u00f3n de los embarazos, existe una gran condena por parte de los equipos de salud donde la pr\u00e1ctica m\u00e1s \u201cpopular\u201d es el legrado sin anestesia acompa\u00f1ado de violencia psicol\u00f3gica. Se castiga a quien llega al centro de salud con un aborto, sin primero evaluar si se trata de un aborto espont\u00e1neo o provocado. Conocemos much\u00edsimos casos de mujeres que han<span style=\"mso-spacerun: yes;\">\u00a0 <\/span>sufrido abortos espont\u00e1neos y, adem\u00e1s de someterlas a torturas, se las ha acusado y denunciado por supuestamente provocarse el mismo.<\/span><\/p>\n<p class=\"Standard\" style=\"text-align: justify; text-justify: inter-ideograph; line-height: 115%;\"><span lang=\"ES-AR\" style=\"font-size: 11.0pt; mso-bidi-font-size: 12.0pt; line-height: 115%; font-family: 'Arial','sans-serif'; mso-bidi-font-family: Mangal;\">Como decimos siempre con las compa\u00f1eras de Marea Primal, en el imaginario popular, dentro del cual, por supuesto, est\u00e1 la ciencia m\u00e9dica formando profesionales, las mujeres estamos obligadas a aceptar los embarazos y la responsabilidad exclusiva de llevarlos a t\u00e9rmino y parir con vida. Todo otro escenario merece sanciones: por irresponsable o por mala mujer.<\/span><\/p>\n<p class=\"Standard\" style=\"text-align: justify; text-justify: inter-ideograph; line-height: 115%;\"><span lang=\"ES-AR\" style=\"font-size: 11.0pt; mso-bidi-font-size: 12.0pt; line-height: 115%; font-family: 'Arial','sans-serif'; mso-bidi-font-family: Mangal;\">\u00a0<\/span><b><span lang=\"ES-AR\" style=\"font-size: 11.0pt; mso-bidi-font-size: 12.0pt; line-height: 115%; font-family: 'Arial','sans-serif'; mso-bidi-font-family: Mangal;\">\u00bfQu\u00e9 ocurre a nivel pol\u00edticas p\u00fablicas? \u00bfTen\u00e9s conocimiento de que se est\u00e9 trabajando sobre la tem\u00e1tica? \u00bfHay alguna capacitaci\u00f3n de Ley Micaela con contenidos espec\u00edficos para el personal de salud?<\/span><\/b><\/p>\n<p class=\"Standard\" style=\"text-align: justify; text-justify: inter-ideograph; line-height: 115%;\"><span lang=\"ES-AR\" style=\"font-size: 11.0pt; mso-bidi-font-size: 12.0pt; line-height: 115%; font-family: 'Arial','sans-serif'; mso-bidi-font-family: Mangal;\">Tenemos un gran d\u00e9ficit de pol\u00edticas p\u00fablicas sobre este tema, m\u00e1s all\u00e1 de que por supuesto no tenemos derecho al aborto legal, seguro y gratuito que ayudar\u00eda a que dejemos de estar bajo sospecha todo el tiempo.<\/span><\/p>\n<p class=\"Standard\" style=\"text-align: justify; text-justify: inter-ideograph; line-height: 115%;\"><span lang=\"ES-AR\" style=\"font-size: 11.0pt; mso-bidi-font-size: 12.0pt; line-height: 115%; font-family: 'Arial','sans-serif'; mso-bidi-font-family: Mangal;\">El sistema m\u00e9dico hegem\u00f3nico ejerce violencia obst\u00e9trica sobre las mujeres que arriban a un centro de salud con un aborto espont\u00e1neo. Adem\u00e1s de todo el dolor que una madre siente cuando se encuentra con la noticia de que su embarazo se interrumpi\u00f3, de que no hay latidos o de que su beb\u00e9 falleci\u00f3, se le suma la violencia que ejercen sobre ella dej\u00e1ndola horas esperando, no facilitando la informaci\u00f3n adecuada ni el acompa\u00f1amiento que necesita, adem\u00e1s de actos de tortura dolosos que ocurren en muchos casos. No existe un acompa\u00f1amiento respetuoso ni una contenci\u00f3n ante tan dif\u00edcil situaci\u00f3n. Las mujeres y familias gestantes se encuentran a la deriva. Respondiendo puntualmente, s\u00ed, entiendo que elaborar contenidos espec\u00edficos para la formaci\u00f3n continua en DDHH y perspectiva de g\u00e9nero para el personal de salud ayudar\u00eda much\u00edsimo a erradicar estas tremendas violencias, pero de momento est\u00e1 todo en ideas.<\/span><\/p>\n<p class=\"Standard\" style=\"text-align: justify; text-justify: inter-ideograph; line-height: 115%;\"><span lang=\"ES-AR\" style=\"font-size: 11.0pt; mso-bidi-font-size: 12.0pt; line-height: 115%; font-family: 'Arial','sans-serif'; mso-bidi-font-family: Mangal;\">\u00a0<\/span><b><span lang=\"ES-AR\" style=\"font-size: 11.0pt; mso-bidi-font-size: 12.0pt; line-height: 115%; font-family: 'Arial','sans-serif'; mso-bidi-font-family: Mangal;\">Si tuvieras que sugerir una medida en lo inmediato para empezar a desatar el nudo ideol\u00f3gico de la violencia y la falta de protecci\u00f3n ante la muerte gestacional y perinatal, \u00bfqu\u00e9 ser\u00eda?<\/span><\/b><\/p>\n<p class=\"Standard\" style=\"text-align: justify; text-justify: inter-ideograph; line-height: 115%;\"><span lang=\"ES-AR\" style=\"font-size: 11.0pt; mso-bidi-font-size: 12.0pt; line-height: 115%; font-family: 'Arial','sans-serif'; mso-bidi-font-family: Mangal;\">Mir\u00e1, tenemos un escenario dif\u00edcil por lo complejo. La falta de protecci\u00f3n jur\u00eddica, la falta de informaci\u00f3n para la sociedad y la falta de formaci\u00f3n de los profesionales de la salud en la materia, confluyen en el ejercicio de la violencia obst\u00e9trica sobre las mujeres que pierden embarazos y luego sufren de trastorno de estr\u00e9s postraum\u00e1tico, ya que a la hora de llevar adelante su proceso de duelo por la p\u00e9rdida de su hije y el cambio de su proyecto vital, tienen que superar tambi\u00e9n la violencia ejercida.<\/span><\/p>\n<p class=\"Standard\" style=\"text-align: justify; text-justify: inter-ideograph; line-height: 115%;\"><span lang=\"ES-AR\" style=\"font-size: 11.0pt; mso-bidi-font-size: 12.0pt; line-height: 115%; font-family: 'Arial','sans-serif'; mso-bidi-font-family: Mangal;\">Podemos empezar entonces por asumir la responsabilidad social y profesional ante lo obvio e inminente: este 29 de diciembre nuestra c\u00e1mara de senadores y senadoras tom\u00f3 el compromiso de hacer historia y saldar la deuda que el Estado tiene para con todas las mujeres y personas con capacidad de gestar en cuanto al reconocimiento de derechos. Reconocer el derecho al aborto legal, seguro y gratuito es un m\u00ednimo de derechos que nos posibilita, a su vez, al dejar de estar bajo sospecha en las instituciones de salud de haber cometido un delito, poder ir generando el cambio social necesario para acceder a todos los derechos humanos que nos protegen como mujeres y personas gestantes, tambi\u00e9n en contextos de muerte gestacional y perinatal.<\/span><\/p>\n<p class=\"Standard\" style=\"text-align: justify; text-justify: inter-ideograph; line-height: 115%;\"><a href=\"https:\/\/diariofemenino.com.ar\/\"><span lang=\"ES-AR\">Diario Digital Femenino<\/span><\/a><\/p>\n","protected":false},"excerpt":{"rendered":"<p>En la lucha colectiva por la conquista de derechos: IVE y muerte perinatal. Las deudas pendientes. En las horas previas al debate en la C\u00e1mara de Senadores y Senadoras sobre la Interrupci\u00f3n Voluntaria del Embarazo, dialogamos con Cecilia Sanabria, abogada formada en perspectiva de g\u00e9nero y Diplomada en Ni\u00f1os, Ni\u00f1as y Adolescentes como sujetos de [&hellip;]<\/p>\n","protected":false},"author":1,"featured_media":54867,"comment_status":"open","ping_status":"open","sticky":false,"template":"","format":"standard","meta":{"iawp_total_views":175,"footnotes":""},"categories":[8,32,23],"tags":[3963,1483,3962],"class_list":["post-54864","post","type-post","status-publish","format-standard","has-post-thumbnail","hentry","category-entrevistas","category-mujeres","category-salud","tag-ddhh-de-las-mujeres-y-personas-gestantes","tag-ive","tag-muerte-perinatal"],"nelio_content":{"autoShareEndMode":"never","automationSources":{"useCustomSentences":false,"customSentences":[]},"efiAlt":"","efiUrl":"","followers":[4],"highlights":[],"isAutoShareEnabled":true,"networkImageIds":[],"permalinkQueryArgs":[],"series":[],"suggestedReferences":[]},"yoast_head":"<!-- This site is optimized with the Yoast SEO plugin v27.5 - https:\/\/yoast.com\/product\/yoast-seo-wordpress\/ -->\n<title>En la lucha colectiva por la conquista de derechos: IVE y muerte perinatal. Las deudas pendientes - Diario Digital Femenino<\/title>\n<meta name=\"description\" content=\"En la lucha colectiva. Lamentablemente ninguna ley las protege a nivel nacional y por tal motivo quedan totalmente desamparadas...\" \/>\n<meta name=\"robots\" content=\"index, follow, max-snippet:-1, max-image-preview:large, max-video-preview:-1\" \/>\n<link rel=\"canonical\" href=\"https:\/\/diariofemenino.com.ar\/df\/en-la-lucha-colectiva-por-la-conquista-de-derechos-ive-y-muerte-perinatal-las-deudas-pendientes\/\" \/>\n<meta property=\"og:locale\" content=\"es_ES\" \/>\n<meta property=\"og:type\" content=\"article\" \/>\n<meta property=\"og:title\" content=\"En la lucha colectiva por la conquista de derechos: IVE y muerte perinatal. Las deudas pendientes - Diario Digital Femenino\" \/>\n<meta property=\"og:description\" content=\"En la lucha colectiva. Lamentablemente ninguna ley las protege a nivel nacional y por tal motivo quedan totalmente desamparadas...\" \/>\n<meta property=\"og:url\" content=\"https:\/\/diariofemenino.com.ar\/df\/en-la-lucha-colectiva-por-la-conquista-de-derechos-ive-y-muerte-perinatal-las-deudas-pendientes\/\" \/>\n<meta property=\"og:site_name\" content=\"Diario Digital Femenino\" \/>\n<meta property=\"article:publisher\" content=\"https:\/\/www.facebook.com\/DiarioDigitaFemenino\/\" \/>\n<meta property=\"article:published_time\" content=\"2020-12-31T14:30:27+00:00\" \/>\n<meta property=\"article:modified_time\" content=\"2021-01-02T13:21:10+00:00\" \/>\n<meta property=\"og:image\" content=\"https:\/\/diariofemenino.com.ar\/df\/wp-content\/uploads\/2020\/12\/WhatsApp-Image-2020-12-27-at-21.46.34-e1609424750706.jpeg\" \/>\n\t<meta property=\"og:image:width\" content=\"692\" \/>\n\t<meta property=\"og:image:height\" content=\"549\" \/>\n\t<meta property=\"og:image:type\" content=\"image\/jpeg\" \/>\n<meta name=\"author\" content=\"Admin\" \/>\n<meta name=\"twitter:card\" content=\"summary_large_image\" \/>\n<meta name=\"twitter:creator\" content=\"@DiarioFemenino1\" \/>\n<meta name=\"twitter:site\" content=\"@DiarioFemenino1\" \/>\n<meta name=\"twitter:label1\" content=\"Escrito por\" \/>\n\t<meta name=\"twitter:data1\" content=\"Admin\" \/>\n\t<meta name=\"twitter:label2\" content=\"Tiempo de lectura\" \/>\n\t<meta name=\"twitter:data2\" content=\"13 minutos\" \/>\n<script type=\"application\/ld+json\" class=\"yoast-schema-graph\">{\"@context\":\"https:\\\/\\\/schema.org\",\"@graph\":[{\"@type\":\"Article\",\"@id\":\"https:\\\/\\\/diariofemenino.com.ar\\\/df\\\/en-la-lucha-colectiva-por-la-conquista-de-derechos-ive-y-muerte-perinatal-las-deudas-pendientes\\\/#article\",\"isPartOf\":{\"@id\":\"https:\\\/\\\/diariofemenino.com.ar\\\/df\\\/en-la-lucha-colectiva-por-la-conquista-de-derechos-ive-y-muerte-perinatal-las-deudas-pendientes\\\/\"},\"author\":{\"name\":\"Admin\",\"@id\":\"https:\\\/\\\/diariofemenino.com.ar\\\/df\\\/#\\\/schema\\\/person\\\/38f54b3bfd13f561de2460ba95c169c6\"},\"headline\":\"En la lucha colectiva por la conquista de derechos: IVE y muerte perinatal. Las deudas pendientes\",\"datePublished\":\"2020-12-31T14:30:27+00:00\",\"dateModified\":\"2021-01-02T13:21:10+00:00\",\"mainEntityOfPage\":{\"@id\":\"https:\\\/\\\/diariofemenino.com.ar\\\/df\\\/en-la-lucha-colectiva-por-la-conquista-de-derechos-ive-y-muerte-perinatal-las-deudas-pendientes\\\/\"},\"wordCount\":2599,\"commentCount\":0,\"publisher\":{\"@id\":\"https:\\\/\\\/diariofemenino.com.ar\\\/df\\\/#organization\"},\"image\":{\"@id\":\"https:\\\/\\\/diariofemenino.com.ar\\\/df\\\/en-la-lucha-colectiva-por-la-conquista-de-derechos-ive-y-muerte-perinatal-las-deudas-pendientes\\\/#primaryimage\"},\"thumbnailUrl\":\"https:\\\/\\\/diariofemenino.com.ar\\\/df\\\/wp-content\\\/uploads\\\/2020\\\/12\\\/WhatsApp-Image-2020-12-27-at-21.46.34-e1609424750706.jpeg\",\"keywords\":[\"DDHH de las mujeres y personas gestantes\",\"IVE\",\"Muerte perinatal\"],\"articleSection\":[\"Entrevistas\",\"Mujeres\",\"Salud\"],\"inLanguage\":\"es\",\"potentialAction\":[{\"@type\":\"CommentAction\",\"name\":\"Comment\",\"target\":[\"https:\\\/\\\/diariofemenino.com.ar\\\/df\\\/en-la-lucha-colectiva-por-la-conquista-de-derechos-ive-y-muerte-perinatal-las-deudas-pendientes\\\/#respond\"]}]},{\"@type\":\"WebPage\",\"@id\":\"https:\\\/\\\/diariofemenino.com.ar\\\/df\\\/en-la-lucha-colectiva-por-la-conquista-de-derechos-ive-y-muerte-perinatal-las-deudas-pendientes\\\/\",\"url\":\"https:\\\/\\\/diariofemenino.com.ar\\\/df\\\/en-la-lucha-colectiva-por-la-conquista-de-derechos-ive-y-muerte-perinatal-las-deudas-pendientes\\\/\",\"name\":\"En la lucha colectiva por la conquista de derechos: IVE y muerte perinatal. Las deudas pendientes - Diario Digital Femenino\",\"isPartOf\":{\"@id\":\"https:\\\/\\\/diariofemenino.com.ar\\\/df\\\/#website\"},\"primaryImageOfPage\":{\"@id\":\"https:\\\/\\\/diariofemenino.com.ar\\\/df\\\/en-la-lucha-colectiva-por-la-conquista-de-derechos-ive-y-muerte-perinatal-las-deudas-pendientes\\\/#primaryimage\"},\"image\":{\"@id\":\"https:\\\/\\\/diariofemenino.com.ar\\\/df\\\/en-la-lucha-colectiva-por-la-conquista-de-derechos-ive-y-muerte-perinatal-las-deudas-pendientes\\\/#primaryimage\"},\"thumbnailUrl\":\"https:\\\/\\\/diariofemenino.com.ar\\\/df\\\/wp-content\\\/uploads\\\/2020\\\/12\\\/WhatsApp-Image-2020-12-27-at-21.46.34-e1609424750706.jpeg\",\"datePublished\":\"2020-12-31T14:30:27+00:00\",\"dateModified\":\"2021-01-02T13:21:10+00:00\",\"description\":\"En la lucha colectiva. Lamentablemente ninguna ley las protege a nivel nacional y por tal motivo quedan totalmente desamparadas...\",\"breadcrumb\":{\"@id\":\"https:\\\/\\\/diariofemenino.com.ar\\\/df\\\/en-la-lucha-colectiva-por-la-conquista-de-derechos-ive-y-muerte-perinatal-las-deudas-pendientes\\\/#breadcrumb\"},\"inLanguage\":\"es\",\"potentialAction\":[{\"@type\":\"ReadAction\",\"target\":[\"https:\\\/\\\/diariofemenino.com.ar\\\/df\\\/en-la-lucha-colectiva-por-la-conquista-de-derechos-ive-y-muerte-perinatal-las-deudas-pendientes\\\/\"]}]},{\"@type\":\"ImageObject\",\"inLanguage\":\"es\",\"@id\":\"https:\\\/\\\/diariofemenino.com.ar\\\/df\\\/en-la-lucha-colectiva-por-la-conquista-de-derechos-ive-y-muerte-perinatal-las-deudas-pendientes\\\/#primaryimage\",\"url\":\"https:\\\/\\\/diariofemenino.com.ar\\\/df\\\/wp-content\\\/uploads\\\/2020\\\/12\\\/WhatsApp-Image-2020-12-27-at-21.46.34-e1609424750706.jpeg\",\"contentUrl\":\"https:\\\/\\\/diariofemenino.com.ar\\\/df\\\/wp-content\\\/uploads\\\/2020\\\/12\\\/WhatsApp-Image-2020-12-27-at-21.46.34-e1609424750706.jpeg\",\"width\":692,\"height\":549,\"caption\":\"En la lucha colectiva por la conquista de derechos: IVE y muerte perinatal. Las deudas pendientes.\"},{\"@type\":\"BreadcrumbList\",\"@id\":\"https:\\\/\\\/diariofemenino.com.ar\\\/df\\\/en-la-lucha-colectiva-por-la-conquista-de-derechos-ive-y-muerte-perinatal-las-deudas-pendientes\\\/#breadcrumb\",\"itemListElement\":[{\"@type\":\"ListItem\",\"position\":1,\"name\":\"Portada\",\"item\":\"https:\\\/\\\/diariofemenino.com.ar\\\/df\\\/\"},{\"@type\":\"ListItem\",\"position\":2,\"name\":\"En la lucha colectiva por la conquista de derechos: IVE y muerte perinatal. Las deudas pendientes\"}]},{\"@type\":\"WebSite\",\"@id\":\"https:\\\/\\\/diariofemenino.com.ar\\\/df\\\/#website\",\"url\":\"https:\\\/\\\/diariofemenino.com.ar\\\/df\\\/\",\"name\":\"Diario Digital Femenino\",\"description\":\"Cuesti\u00f3n de G\u00e9nero\",\"publisher\":{\"@id\":\"https:\\\/\\\/diariofemenino.com.ar\\\/df\\\/#organization\"},\"potentialAction\":[{\"@type\":\"SearchAction\",\"target\":{\"@type\":\"EntryPoint\",\"urlTemplate\":\"https:\\\/\\\/diariofemenino.com.ar\\\/df\\\/?s={search_term_string}\"},\"query-input\":{\"@type\":\"PropertyValueSpecification\",\"valueRequired\":true,\"valueName\":\"search_term_string\"}}],\"inLanguage\":\"es\"},{\"@type\":\"Organization\",\"@id\":\"https:\\\/\\\/diariofemenino.com.ar\\\/df\\\/#organization\",\"name\":\"Diario Femenino\",\"url\":\"https:\\\/\\\/diariofemenino.com.ar\\\/df\\\/\",\"logo\":{\"@type\":\"ImageObject\",\"inLanguage\":\"es\",\"@id\":\"https:\\\/\\\/diariofemenino.com.ar\\\/df\\\/#\\\/schema\\\/logo\\\/image\\\/\",\"url\":\"https:\\\/\\\/diariofemenino.com.ar\\\/df\\\/wp-content\\\/uploads\\\/2018\\\/10\\\/logo.png\",\"contentUrl\":\"https:\\\/\\\/diariofemenino.com.ar\\\/df\\\/wp-content\\\/uploads\\\/2018\\\/10\\\/logo.png\",\"width\":500,\"height\":92,\"caption\":\"Diario Femenino\"},\"image\":{\"@id\":\"https:\\\/\\\/diariofemenino.com.ar\\\/df\\\/#\\\/schema\\\/logo\\\/image\\\/\"},\"sameAs\":[\"https:\\\/\\\/www.facebook.com\\\/DiarioDigitaFemenino\\\/\",\"https:\\\/\\\/x.com\\\/DiarioFemenino1\"]},{\"@type\":\"Person\",\"@id\":\"https:\\\/\\\/diariofemenino.com.ar\\\/df\\\/#\\\/schema\\\/person\\\/38f54b3bfd13f561de2460ba95c169c6\",\"name\":\"Admin\",\"image\":{\"@type\":\"ImageObject\",\"inLanguage\":\"es\",\"@id\":\"https:\\\/\\\/diariofemenino.com.ar\\\/df\\\/wp-content\\\/uploads\\\/2018\\\/12\\\/favicon-150x150.jpg\",\"url\":\"https:\\\/\\\/diariofemenino.com.ar\\\/df\\\/wp-content\\\/uploads\\\/2018\\\/12\\\/favicon-150x150.jpg\",\"contentUrl\":\"https:\\\/\\\/diariofemenino.com.ar\\\/df\\\/wp-content\\\/uploads\\\/2018\\\/12\\\/favicon-150x150.jpg\",\"caption\":\"Admin\"},\"url\":\"https:\\\/\\\/diariofemenino.com.ar\\\/df\\\/author\\\/adm18df\\\/\"}]}<\/script>\n<!-- \/ Yoast SEO plugin. -->","yoast_head_json":{"title":"En la lucha colectiva por la conquista de derechos: IVE y muerte perinatal. Las deudas pendientes - Diario Digital Femenino","description":"En la lucha colectiva. Lamentablemente ninguna ley las protege a nivel nacional y por tal motivo quedan totalmente desamparadas...","robots":{"index":"index","follow":"follow","max-snippet":"max-snippet:-1","max-image-preview":"max-image-preview:large","max-video-preview":"max-video-preview:-1"},"canonical":"https:\/\/diariofemenino.com.ar\/df\/en-la-lucha-colectiva-por-la-conquista-de-derechos-ive-y-muerte-perinatal-las-deudas-pendientes\/","og_locale":"es_ES","og_type":"article","og_title":"En la lucha colectiva por la conquista de derechos: IVE y muerte perinatal. Las deudas pendientes - Diario Digital Femenino","og_description":"En la lucha colectiva. Lamentablemente ninguna ley las protege a nivel nacional y por tal motivo quedan totalmente desamparadas...","og_url":"https:\/\/diariofemenino.com.ar\/df\/en-la-lucha-colectiva-por-la-conquista-de-derechos-ive-y-muerte-perinatal-las-deudas-pendientes\/","og_site_name":"Diario Digital Femenino","article_publisher":"https:\/\/www.facebook.com\/DiarioDigitaFemenino\/","article_published_time":"2020-12-31T14:30:27+00:00","article_modified_time":"2021-01-02T13:21:10+00:00","og_image":[{"width":692,"height":549,"url":"https:\/\/diariofemenino.com.ar\/df\/wp-content\/uploads\/2020\/12\/WhatsApp-Image-2020-12-27-at-21.46.34-e1609424750706.jpeg","type":"image\/jpeg"}],"author":"Admin","twitter_card":"summary_large_image","twitter_creator":"@DiarioFemenino1","twitter_site":"@DiarioFemenino1","twitter_misc":{"Escrito por":"Admin","Tiempo de lectura":"13 minutos"},"schema":{"@context":"https:\/\/schema.org","@graph":[{"@type":"Article","@id":"https:\/\/diariofemenino.com.ar\/df\/en-la-lucha-colectiva-por-la-conquista-de-derechos-ive-y-muerte-perinatal-las-deudas-pendientes\/#article","isPartOf":{"@id":"https:\/\/diariofemenino.com.ar\/df\/en-la-lucha-colectiva-por-la-conquista-de-derechos-ive-y-muerte-perinatal-las-deudas-pendientes\/"},"author":{"name":"Admin","@id":"https:\/\/diariofemenino.com.ar\/df\/#\/schema\/person\/38f54b3bfd13f561de2460ba95c169c6"},"headline":"En la lucha colectiva por la conquista de derechos: IVE y muerte perinatal. Las deudas pendientes","datePublished":"2020-12-31T14:30:27+00:00","dateModified":"2021-01-02T13:21:10+00:00","mainEntityOfPage":{"@id":"https:\/\/diariofemenino.com.ar\/df\/en-la-lucha-colectiva-por-la-conquista-de-derechos-ive-y-muerte-perinatal-las-deudas-pendientes\/"},"wordCount":2599,"commentCount":0,"publisher":{"@id":"https:\/\/diariofemenino.com.ar\/df\/#organization"},"image":{"@id":"https:\/\/diariofemenino.com.ar\/df\/en-la-lucha-colectiva-por-la-conquista-de-derechos-ive-y-muerte-perinatal-las-deudas-pendientes\/#primaryimage"},"thumbnailUrl":"https:\/\/diariofemenino.com.ar\/df\/wp-content\/uploads\/2020\/12\/WhatsApp-Image-2020-12-27-at-21.46.34-e1609424750706.jpeg","keywords":["DDHH de las mujeres y personas gestantes","IVE","Muerte perinatal"],"articleSection":["Entrevistas","Mujeres","Salud"],"inLanguage":"es","potentialAction":[{"@type":"CommentAction","name":"Comment","target":["https:\/\/diariofemenino.com.ar\/df\/en-la-lucha-colectiva-por-la-conquista-de-derechos-ive-y-muerte-perinatal-las-deudas-pendientes\/#respond"]}]},{"@type":"WebPage","@id":"https:\/\/diariofemenino.com.ar\/df\/en-la-lucha-colectiva-por-la-conquista-de-derechos-ive-y-muerte-perinatal-las-deudas-pendientes\/","url":"https:\/\/diariofemenino.com.ar\/df\/en-la-lucha-colectiva-por-la-conquista-de-derechos-ive-y-muerte-perinatal-las-deudas-pendientes\/","name":"En la lucha colectiva por la conquista de derechos: IVE y muerte perinatal. Las deudas pendientes - Diario Digital Femenino","isPartOf":{"@id":"https:\/\/diariofemenino.com.ar\/df\/#website"},"primaryImageOfPage":{"@id":"https:\/\/diariofemenino.com.ar\/df\/en-la-lucha-colectiva-por-la-conquista-de-derechos-ive-y-muerte-perinatal-las-deudas-pendientes\/#primaryimage"},"image":{"@id":"https:\/\/diariofemenino.com.ar\/df\/en-la-lucha-colectiva-por-la-conquista-de-derechos-ive-y-muerte-perinatal-las-deudas-pendientes\/#primaryimage"},"thumbnailUrl":"https:\/\/diariofemenino.com.ar\/df\/wp-content\/uploads\/2020\/12\/WhatsApp-Image-2020-12-27-at-21.46.34-e1609424750706.jpeg","datePublished":"2020-12-31T14:30:27+00:00","dateModified":"2021-01-02T13:21:10+00:00","description":"En la lucha colectiva. Lamentablemente ninguna ley las protege a nivel nacional y por tal motivo quedan totalmente desamparadas...","breadcrumb":{"@id":"https:\/\/diariofemenino.com.ar\/df\/en-la-lucha-colectiva-por-la-conquista-de-derechos-ive-y-muerte-perinatal-las-deudas-pendientes\/#breadcrumb"},"inLanguage":"es","potentialAction":[{"@type":"ReadAction","target":["https:\/\/diariofemenino.com.ar\/df\/en-la-lucha-colectiva-por-la-conquista-de-derechos-ive-y-muerte-perinatal-las-deudas-pendientes\/"]}]},{"@type":"ImageObject","inLanguage":"es","@id":"https:\/\/diariofemenino.com.ar\/df\/en-la-lucha-colectiva-por-la-conquista-de-derechos-ive-y-muerte-perinatal-las-deudas-pendientes\/#primaryimage","url":"https:\/\/diariofemenino.com.ar\/df\/wp-content\/uploads\/2020\/12\/WhatsApp-Image-2020-12-27-at-21.46.34-e1609424750706.jpeg","contentUrl":"https:\/\/diariofemenino.com.ar\/df\/wp-content\/uploads\/2020\/12\/WhatsApp-Image-2020-12-27-at-21.46.34-e1609424750706.jpeg","width":692,"height":549,"caption":"En la lucha colectiva por la conquista de derechos: IVE y muerte perinatal. Las deudas pendientes."},{"@type":"BreadcrumbList","@id":"https:\/\/diariofemenino.com.ar\/df\/en-la-lucha-colectiva-por-la-conquista-de-derechos-ive-y-muerte-perinatal-las-deudas-pendientes\/#breadcrumb","itemListElement":[{"@type":"ListItem","position":1,"name":"Portada","item":"https:\/\/diariofemenino.com.ar\/df\/"},{"@type":"ListItem","position":2,"name":"En la lucha colectiva por la conquista de derechos: IVE y muerte perinatal. Las deudas pendientes"}]},{"@type":"WebSite","@id":"https:\/\/diariofemenino.com.ar\/df\/#website","url":"https:\/\/diariofemenino.com.ar\/df\/","name":"Diario Digital Femenino","description":"Cuesti\u00f3n de G\u00e9nero","publisher":{"@id":"https:\/\/diariofemenino.com.ar\/df\/#organization"},"potentialAction":[{"@type":"SearchAction","target":{"@type":"EntryPoint","urlTemplate":"https:\/\/diariofemenino.com.ar\/df\/?s={search_term_string}"},"query-input":{"@type":"PropertyValueSpecification","valueRequired":true,"valueName":"search_term_string"}}],"inLanguage":"es"},{"@type":"Organization","@id":"https:\/\/diariofemenino.com.ar\/df\/#organization","name":"Diario Femenino","url":"https:\/\/diariofemenino.com.ar\/df\/","logo":{"@type":"ImageObject","inLanguage":"es","@id":"https:\/\/diariofemenino.com.ar\/df\/#\/schema\/logo\/image\/","url":"https:\/\/diariofemenino.com.ar\/df\/wp-content\/uploads\/2018\/10\/logo.png","contentUrl":"https:\/\/diariofemenino.com.ar\/df\/wp-content\/uploads\/2018\/10\/logo.png","width":500,"height":92,"caption":"Diario Femenino"},"image":{"@id":"https:\/\/diariofemenino.com.ar\/df\/#\/schema\/logo\/image\/"},"sameAs":["https:\/\/www.facebook.com\/DiarioDigitaFemenino\/","https:\/\/x.com\/DiarioFemenino1"]},{"@type":"Person","@id":"https:\/\/diariofemenino.com.ar\/df\/#\/schema\/person\/38f54b3bfd13f561de2460ba95c169c6","name":"Admin","image":{"@type":"ImageObject","inLanguage":"es","@id":"https:\/\/diariofemenino.com.ar\/df\/wp-content\/uploads\/2018\/12\/favicon-150x150.jpg","url":"https:\/\/diariofemenino.com.ar\/df\/wp-content\/uploads\/2018\/12\/favicon-150x150.jpg","contentUrl":"https:\/\/diariofemenino.com.ar\/df\/wp-content\/uploads\/2018\/12\/favicon-150x150.jpg","caption":"Admin"},"url":"https:\/\/diariofemenino.com.ar\/df\/author\/adm18df\/"}]}},"jetpack_featured_media_url":"https:\/\/diariofemenino.com.ar\/df\/wp-content\/uploads\/2020\/12\/WhatsApp-Image-2020-12-27-at-21.46.34-e1609424750706.jpeg","jetpack_sharing_enabled":true,"rttpg_featured_image_url":{"full":["https:\/\/diariofemenino.com.ar\/df\/wp-content\/uploads\/2020\/12\/WhatsApp-Image-2020-12-27-at-21.46.34-e1609424750706.jpeg",692,549,false],"landscape":["https:\/\/diariofemenino.com.ar\/df\/wp-content\/uploads\/2020\/12\/WhatsApp-Image-2020-12-27-at-21.46.34-e1609424750706.jpeg",692,549,false],"portraits":["https:\/\/diariofemenino.com.ar\/df\/wp-content\/uploads\/2020\/12\/WhatsApp-Image-2020-12-27-at-21.46.34-e1609424750706.jpeg",692,549,false],"thumbnail":["https:\/\/diariofemenino.com.ar\/df\/wp-content\/uploads\/2020\/12\/WhatsApp-Image-2020-12-27-at-21.46.34-e1609424750706-150x150.jpeg",150,150,true],"medium":["https:\/\/diariofemenino.com.ar\/df\/wp-content\/uploads\/2020\/12\/WhatsApp-Image-2020-12-27-at-21.46.34-e1609424750706-300x238.jpeg",300,238,true],"large":["https:\/\/diariofemenino.com.ar\/df\/wp-content\/uploads\/2020\/12\/WhatsApp-Image-2020-12-27-at-21.46.34-e1609424750706.jpeg",692,549,false],"1536x1536":["https:\/\/diariofemenino.com.ar\/df\/wp-content\/uploads\/2020\/12\/WhatsApp-Image-2020-12-27-at-21.46.34-e1609424750706.jpeg",692,549,false],"2048x2048":["https:\/\/diariofemenino.com.ar\/df\/wp-content\/uploads\/2020\/12\/WhatsApp-Image-2020-12-27-at-21.46.34-e1609424750706.jpeg",692,549,false]},"rttpg_author":{"display_name":"Admin","author_link":"https:\/\/diariofemenino.com.ar\/df\/author\/adm18df\/"},"rttpg_comment":0,"rttpg_category":"<a href=\"https:\/\/diariofemenino.com.ar\/df\/category\/entrevistas\/\" rel=\"category tag\">Entrevistas<\/a> <a href=\"https:\/\/diariofemenino.com.ar\/df\/category\/mujeres\/\" rel=\"category tag\">Mujeres<\/a> <a href=\"https:\/\/diariofemenino.com.ar\/df\/category\/salud\/\" rel=\"category tag\">Salud<\/a>","rttpg_excerpt":"En la lucha colectiva por la conquista de derechos: IVE y muerte perinatal. Las deudas pendientes. En las horas previas al debate en la C\u00e1mara de Senadores y Senadoras sobre la Interrupci\u00f3n Voluntaria del Embarazo, dialogamos con Cecilia Sanabria, abogada formada en perspectiva de g\u00e9nero y Diplomada en Ni\u00f1os, Ni\u00f1as y Adolescentes como sujetos de&hellip;","_links":{"self":[{"href":"https:\/\/diariofemenino.com.ar\/df\/wp-json\/wp\/v2\/posts\/54864","targetHints":{"allow":["GET"]}}],"collection":[{"href":"https:\/\/diariofemenino.com.ar\/df\/wp-json\/wp\/v2\/posts"}],"about":[{"href":"https:\/\/diariofemenino.com.ar\/df\/wp-json\/wp\/v2\/types\/post"}],"author":[{"embeddable":true,"href":"https:\/\/diariofemenino.com.ar\/df\/wp-json\/wp\/v2\/users\/1"}],"replies":[{"embeddable":true,"href":"https:\/\/diariofemenino.com.ar\/df\/wp-json\/wp\/v2\/comments?post=54864"}],"version-history":[{"count":0,"href":"https:\/\/diariofemenino.com.ar\/df\/wp-json\/wp\/v2\/posts\/54864\/revisions"}],"wp:featuredmedia":[{"embeddable":true,"href":"https:\/\/diariofemenino.com.ar\/df\/wp-json\/wp\/v2\/media\/54867"}],"wp:attachment":[{"href":"https:\/\/diariofemenino.com.ar\/df\/wp-json\/wp\/v2\/media?parent=54864"}],"wp:term":[{"taxonomy":"category","embeddable":true,"href":"https:\/\/diariofemenino.com.ar\/df\/wp-json\/wp\/v2\/categories?post=54864"},{"taxonomy":"post_tag","embeddable":true,"href":"https:\/\/diariofemenino.com.ar\/df\/wp-json\/wp\/v2\/tags?post=54864"}],"curies":[{"name":"wp","href":"https:\/\/api.w.org\/{rel}","templated":true}]}}