{"id":5484,"date":"2013-01-25T12:06:47","date_gmt":"2013-01-25T15:06:47","guid":{"rendered":"http:\/\/www.diariofemenino.com.ar\/?p=5484"},"modified":"2013-01-25T12:06:47","modified_gmt":"2013-01-25T15:06:47","slug":"rescatan-a-madre-y-sus-tres-hijas-victimas-de-trata-de-persona-en-esquel","status":"publish","type":"post","link":"https:\/\/diariofemenino.com.ar\/df\/rescatan-a-madre-y-sus-tres-hijas-victimas-de-trata-de-persona-en-esquel\/","title":{"rendered":"Rescatan a madre y sus tres hijas v\u00edctimas de trata de persona en Esquel"},"content":{"rendered":"<p>&nbsp;<br \/>\n&nbsp;<br \/>\n&nbsp;<br \/>\nLa Gendarmer\u00eda Nacional liber\u00f3 a una mujer y sus tres hijas, que hab\u00edan sido capturadas en la ciudad chubutense de Esquel por una red de trata de personas con fines de explotaci\u00f3n sexual.<br \/>\n<a href=\"http:\/\/www.diariofemenino.com.ar\/wp-content\/uploads\/0000010186.jpg\"><img loading=\"lazy\" decoding=\"async\" class=\"alignleft size-full wp-image-5485\" title=\"0000010186\" src=\"http:\/\/www.diariofemenino.com.ar\/wp-content\/uploads\/0000010186.jpg\" alt=\"\" width=\"300\" height=\"300\" \/><\/a>Seg\u00fan el Ministerio de Seguridad, la investigaci\u00f3n se inici\u00f3 cuando una persona inform\u00f3 sobre la supuesta explotaci\u00f3n sexual de su sobrina y sus tres hijas menores en el Escuadr\u00f3n 35 \u201cEl Bols\u00f3n\u201d, de la Gendarmer\u00eda, en la provincia de R\u00edo Negro.<br \/>\nLa mujer hab\u00eda viajado desde la provincia de Buenos Aires a la localidad de Esquel por un ofrecimiento de trabajo en un restaurante.<br \/>\nPor orden judicial, los gendarmes rescataron a las cuatro v\u00edctimas de un bar-wisker\u00eda y detuvieron a la propietaria, una mujer de 36 a\u00f1os.<br \/>\nConforme a las directivas del juez Le\u00f3nidas Moldes, de Bariloche, que intervino en el caso, las v\u00edctimas fueron alojadas en la dependencia de la Gendarmer\u00eda, donde se les brind\u00f3 asistencia sanitaria, alimentos y comodidades adecuadas.<br \/>\nEl procedimiento forma parte del programa de lucha contra este delito llevado a cabo por el Ministerio de Seguridad, a partir del \u00abProtocolo de actuaci\u00f3n para el rescate de v\u00edctimas del delito de trata de personas sometidas a explotaci\u00f3n sexual\u00bb, que define la intervenci\u00f3n de personal especializado para resguardar la integridad f\u00edsica y psicol\u00f3gica de las v\u00edctimas.<br \/>\n&nbsp;<br \/>\n&nbsp;<br \/>\n&nbsp;<\/p>\n","protected":false},"excerpt":{"rendered":"<p>&nbsp; &nbsp; &nbsp; La Gendarmer\u00eda Nacional liber\u00f3 a una mujer y sus tres hijas, que hab\u00edan sido capturadas en la ciudad chubutense de Esquel por una red de trata de personas con fines de explotaci\u00f3n sexual. Seg\u00fan el Ministerio de Seguridad, la investigaci\u00f3n se inici\u00f3 cuando una persona inform\u00f3 sobre la supuesta explotaci\u00f3n sexual de [&hellip;]<\/p>\n","protected":false},"author":1,"featured_media":0,"comment_status":"open","ping_status":"open","sticky":false,"template":"","format":"standard","meta":{"iawp_total_views":2,"footnotes":""},"categories":[4,21,15],"tags":[],"class_list":["post-5484","post","type-post","status-publish","format-standard","hentry","category-medios","category-noticias","category-trata-de-personas"],"nelio_content":{"autoShareEndMode":"never","automationSources":{"useCustomSentences":false,"customSentences":[]},"efiAlt":"","efiUrl":"","followers":[],"highlights":[],"isAutoShareEnabled":true,"networkImageIds":[],"permalinkQueryArgs":[],"series":[],"suggestedReferences":[]},"yoast_head":"<!-- This site is optimized with the Yoast SEO plugin v27.4 - https:\/\/yoast.com\/product\/yoast-seo-wordpress\/ -->\n<title>Rescatan a madre y sus tres hijas v\u00edctimas de trata de persona en Esquel - Diario Digital Femenino<\/title>\n<meta name=\"robots\" content=\"index, follow, max-snippet:-1, max-image-preview:large, max-video-preview:-1\" \/>\n<link rel=\"canonical\" href=\"https:\/\/diariofemenino.com.ar\/df\/rescatan-a-madre-y-sus-tres-hijas-victimas-de-trata-de-persona-en-esquel\/\" \/>\n<meta property=\"og:locale\" content=\"es_ES\" \/>\n<meta property=\"og:type\" content=\"article\" \/>\n<meta property=\"og:title\" content=\"Rescatan a madre y sus tres hijas v\u00edctimas de trata de persona en Esquel - Diario Digital Femenino\" \/>\n<meta property=\"og:description\" content=\"&nbsp; &nbsp; &nbsp; La Gendarmer\u00eda Nacional liber\u00f3 a una mujer y sus tres hijas, que hab\u00edan sido capturadas en la ciudad chubutense de Esquel por una red de trata de personas con fines de explotaci\u00f3n sexual. Seg\u00fan el Ministerio de Seguridad, la investigaci\u00f3n se inici\u00f3 cuando una persona inform\u00f3 sobre la supuesta explotaci\u00f3n sexual de [&hellip;]\" \/>\n<meta property=\"og:url\" content=\"https:\/\/diariofemenino.com.ar\/df\/rescatan-a-madre-y-sus-tres-hijas-victimas-de-trata-de-persona-en-esquel\/\" \/>\n<meta property=\"og:site_name\" content=\"Diario Digital Femenino\" \/>\n<meta property=\"article:publisher\" content=\"https:\/\/www.facebook.com\/DiarioDigitaFemenino\/\" \/>\n<meta property=\"article:published_time\" content=\"2013-01-25T15:06:47+00:00\" \/>\n<meta property=\"og:image\" content=\"http:\/\/www.diariofemenino.com.ar\/wp-content\/uploads\/0000010186.jpg\" \/>\n<meta name=\"author\" content=\"Admin\" \/>\n<meta name=\"twitter:card\" content=\"summary_large_image\" \/>\n<meta name=\"twitter:creator\" content=\"@DiarioFemenino1\" \/>\n<meta name=\"twitter:site\" content=\"@DiarioFemenino1\" \/>\n<meta name=\"twitter:label1\" content=\"Escrito por\" \/>\n\t<meta name=\"twitter:data1\" content=\"Admin\" \/>\n\t<meta name=\"twitter:label2\" content=\"Tiempo de lectura\" \/>\n\t<meta name=\"twitter:data2\" content=\"1 minuto\" \/>\n<script type=\"application\/ld+json\" class=\"yoast-schema-graph\">{\"@context\":\"https:\\\/\\\/schema.org\",\"@graph\":[{\"@type\":\"Article\",\"@id\":\"https:\\\/\\\/diariofemenino.com.ar\\\/df\\\/rescatan-a-madre-y-sus-tres-hijas-victimas-de-trata-de-persona-en-esquel\\\/#article\",\"isPartOf\":{\"@id\":\"https:\\\/\\\/diariofemenino.com.ar\\\/df\\\/rescatan-a-madre-y-sus-tres-hijas-victimas-de-trata-de-persona-en-esquel\\\/\"},\"author\":{\"name\":\"Admin\",\"@id\":\"https:\\\/\\\/diariofemenino.com.ar\\\/df\\\/#\\\/schema\\\/person\\\/38f54b3bfd13f561de2460ba95c169c6\"},\"headline\":\"Rescatan a madre y sus tres hijas v\u00edctimas de trata de persona en Esquel\",\"datePublished\":\"2013-01-25T15:06:47+00:00\",\"mainEntityOfPage\":{\"@id\":\"https:\\\/\\\/diariofemenino.com.ar\\\/df\\\/rescatan-a-madre-y-sus-tres-hijas-victimas-de-trata-de-persona-en-esquel\\\/\"},\"wordCount\":255,\"commentCount\":0,\"publisher\":{\"@id\":\"https:\\\/\\\/diariofemenino.com.ar\\\/df\\\/#organization\"},\"image\":{\"@id\":\"https:\\\/\\\/diariofemenino.com.ar\\\/df\\\/rescatan-a-madre-y-sus-tres-hijas-victimas-de-trata-de-persona-en-esquel\\\/#primaryimage\"},\"thumbnailUrl\":\"http:\\\/\\\/www.diariofemenino.com.ar\\\/wp-content\\\/uploads\\\/0000010186.jpg\",\"articleSection\":[\"Medios\",\"Noticias\",\"Trata de Pers.\"],\"inLanguage\":\"es\",\"potentialAction\":[{\"@type\":\"CommentAction\",\"name\":\"Comment\",\"target\":[\"https:\\\/\\\/diariofemenino.com.ar\\\/df\\\/rescatan-a-madre-y-sus-tres-hijas-victimas-de-trata-de-persona-en-esquel\\\/#respond\"]}]},{\"@type\":\"WebPage\",\"@id\":\"https:\\\/\\\/diariofemenino.com.ar\\\/df\\\/rescatan-a-madre-y-sus-tres-hijas-victimas-de-trata-de-persona-en-esquel\\\/\",\"url\":\"https:\\\/\\\/diariofemenino.com.ar\\\/df\\\/rescatan-a-madre-y-sus-tres-hijas-victimas-de-trata-de-persona-en-esquel\\\/\",\"name\":\"Rescatan a madre y sus tres hijas v\u00edctimas de trata de persona en Esquel - Diario Digital Femenino\",\"isPartOf\":{\"@id\":\"https:\\\/\\\/diariofemenino.com.ar\\\/df\\\/#website\"},\"primaryImageOfPage\":{\"@id\":\"https:\\\/\\\/diariofemenino.com.ar\\\/df\\\/rescatan-a-madre-y-sus-tres-hijas-victimas-de-trata-de-persona-en-esquel\\\/#primaryimage\"},\"image\":{\"@id\":\"https:\\\/\\\/diariofemenino.com.ar\\\/df\\\/rescatan-a-madre-y-sus-tres-hijas-victimas-de-trata-de-persona-en-esquel\\\/#primaryimage\"},\"thumbnailUrl\":\"http:\\\/\\\/www.diariofemenino.com.ar\\\/wp-content\\\/uploads\\\/0000010186.jpg\",\"datePublished\":\"2013-01-25T15:06:47+00:00\",\"breadcrumb\":{\"@id\":\"https:\\\/\\\/diariofemenino.com.ar\\\/df\\\/rescatan-a-madre-y-sus-tres-hijas-victimas-de-trata-de-persona-en-esquel\\\/#breadcrumb\"},\"inLanguage\":\"es\",\"potentialAction\":[{\"@type\":\"ReadAction\",\"target\":[\"https:\\\/\\\/diariofemenino.com.ar\\\/df\\\/rescatan-a-madre-y-sus-tres-hijas-victimas-de-trata-de-persona-en-esquel\\\/\"]}]},{\"@type\":\"ImageObject\",\"inLanguage\":\"es\",\"@id\":\"https:\\\/\\\/diariofemenino.com.ar\\\/df\\\/rescatan-a-madre-y-sus-tres-hijas-victimas-de-trata-de-persona-en-esquel\\\/#primaryimage\",\"url\":\"http:\\\/\\\/www.diariofemenino.com.ar\\\/wp-content\\\/uploads\\\/0000010186.jpg\",\"contentUrl\":\"http:\\\/\\\/www.diariofemenino.com.ar\\\/wp-content\\\/uploads\\\/0000010186.jpg\"},{\"@type\":\"BreadcrumbList\",\"@id\":\"https:\\\/\\\/diariofemenino.com.ar\\\/df\\\/rescatan-a-madre-y-sus-tres-hijas-victimas-de-trata-de-persona-en-esquel\\\/#breadcrumb\",\"itemListElement\":[{\"@type\":\"ListItem\",\"position\":1,\"name\":\"Portada\",\"item\":\"https:\\\/\\\/diariofemenino.com.ar\\\/df\\\/\"},{\"@type\":\"ListItem\",\"position\":2,\"name\":\"Rescatan a madre y sus tres hijas v\u00edctimas de trata de persona en Esquel\"}]},{\"@type\":\"WebSite\",\"@id\":\"https:\\\/\\\/diariofemenino.com.ar\\\/df\\\/#website\",\"url\":\"https:\\\/\\\/diariofemenino.com.ar\\\/df\\\/\",\"name\":\"Diario Digital Femenino\",\"description\":\"Cuesti\u00f3n de G\u00e9nero\",\"publisher\":{\"@id\":\"https:\\\/\\\/diariofemenino.com.ar\\\/df\\\/#organization\"},\"potentialAction\":[{\"@type\":\"SearchAction\",\"target\":{\"@type\":\"EntryPoint\",\"urlTemplate\":\"https:\\\/\\\/diariofemenino.com.ar\\\/df\\\/?s={search_term_string}\"},\"query-input\":{\"@type\":\"PropertyValueSpecification\",\"valueRequired\":true,\"valueName\":\"search_term_string\"}}],\"inLanguage\":\"es\"},{\"@type\":\"Organization\",\"@id\":\"https:\\\/\\\/diariofemenino.com.ar\\\/df\\\/#organization\",\"name\":\"Diario Femenino\",\"url\":\"https:\\\/\\\/diariofemenino.com.ar\\\/df\\\/\",\"logo\":{\"@type\":\"ImageObject\",\"inLanguage\":\"es\",\"@id\":\"https:\\\/\\\/diariofemenino.com.ar\\\/df\\\/#\\\/schema\\\/logo\\\/image\\\/\",\"url\":\"https:\\\/\\\/diariofemenino.com.ar\\\/df\\\/wp-content\\\/uploads\\\/2018\\\/10\\\/logo.png\",\"contentUrl\":\"https:\\\/\\\/diariofemenino.com.ar\\\/df\\\/wp-content\\\/uploads\\\/2018\\\/10\\\/logo.png\",\"width\":500,\"height\":92,\"caption\":\"Diario Femenino\"},\"image\":{\"@id\":\"https:\\\/\\\/diariofemenino.com.ar\\\/df\\\/#\\\/schema\\\/logo\\\/image\\\/\"},\"sameAs\":[\"https:\\\/\\\/www.facebook.com\\\/DiarioDigitaFemenino\\\/\",\"https:\\\/\\\/x.com\\\/DiarioFemenino1\"]},{\"@type\":\"Person\",\"@id\":\"https:\\\/\\\/diariofemenino.com.ar\\\/df\\\/#\\\/schema\\\/person\\\/38f54b3bfd13f561de2460ba95c169c6\",\"name\":\"Admin\",\"image\":{\"@type\":\"ImageObject\",\"inLanguage\":\"es\",\"@id\":\"https:\\\/\\\/diariofemenino.com.ar\\\/df\\\/wp-content\\\/uploads\\\/2018\\\/12\\\/favicon-150x150.jpg\",\"url\":\"https:\\\/\\\/diariofemenino.com.ar\\\/df\\\/wp-content\\\/uploads\\\/2018\\\/12\\\/favicon-150x150.jpg\",\"contentUrl\":\"https:\\\/\\\/diariofemenino.com.ar\\\/df\\\/wp-content\\\/uploads\\\/2018\\\/12\\\/favicon-150x150.jpg\",\"caption\":\"Admin\"},\"url\":\"https:\\\/\\\/diariofemenino.com.ar\\\/df\\\/author\\\/adm18df\\\/\"}]}<\/script>\n<!-- \/ Yoast SEO plugin. -->","yoast_head_json":{"title":"Rescatan a madre y sus tres hijas v\u00edctimas de trata de persona en Esquel - Diario Digital Femenino","robots":{"index":"index","follow":"follow","max-snippet":"max-snippet:-1","max-image-preview":"max-image-preview:large","max-video-preview":"max-video-preview:-1"},"canonical":"https:\/\/diariofemenino.com.ar\/df\/rescatan-a-madre-y-sus-tres-hijas-victimas-de-trata-de-persona-en-esquel\/","og_locale":"es_ES","og_type":"article","og_title":"Rescatan a madre y sus tres hijas v\u00edctimas de trata de persona en Esquel - Diario Digital Femenino","og_description":"&nbsp; &nbsp; &nbsp; La Gendarmer\u00eda Nacional liber\u00f3 a una mujer y sus tres hijas, que hab\u00edan sido capturadas en la ciudad chubutense de Esquel por una red de trata de personas con fines de explotaci\u00f3n sexual. Seg\u00fan el Ministerio de Seguridad, la investigaci\u00f3n se inici\u00f3 cuando una persona inform\u00f3 sobre la supuesta explotaci\u00f3n sexual de [&hellip;]","og_url":"https:\/\/diariofemenino.com.ar\/df\/rescatan-a-madre-y-sus-tres-hijas-victimas-de-trata-de-persona-en-esquel\/","og_site_name":"Diario Digital Femenino","article_publisher":"https:\/\/www.facebook.com\/DiarioDigitaFemenino\/","article_published_time":"2013-01-25T15:06:47+00:00","og_image":[{"url":"http:\/\/www.diariofemenino.com.ar\/wp-content\/uploads\/0000010186.jpg","type":"","width":"","height":""}],"author":"Admin","twitter_card":"summary_large_image","twitter_creator":"@DiarioFemenino1","twitter_site":"@DiarioFemenino1","twitter_misc":{"Escrito por":"Admin","Tiempo de lectura":"1 minuto"},"schema":{"@context":"https:\/\/schema.org","@graph":[{"@type":"Article","@id":"https:\/\/diariofemenino.com.ar\/df\/rescatan-a-madre-y-sus-tres-hijas-victimas-de-trata-de-persona-en-esquel\/#article","isPartOf":{"@id":"https:\/\/diariofemenino.com.ar\/df\/rescatan-a-madre-y-sus-tres-hijas-victimas-de-trata-de-persona-en-esquel\/"},"author":{"name":"Admin","@id":"https:\/\/diariofemenino.com.ar\/df\/#\/schema\/person\/38f54b3bfd13f561de2460ba95c169c6"},"headline":"Rescatan a madre y sus tres hijas v\u00edctimas de trata de persona en Esquel","datePublished":"2013-01-25T15:06:47+00:00","mainEntityOfPage":{"@id":"https:\/\/diariofemenino.com.ar\/df\/rescatan-a-madre-y-sus-tres-hijas-victimas-de-trata-de-persona-en-esquel\/"},"wordCount":255,"commentCount":0,"publisher":{"@id":"https:\/\/diariofemenino.com.ar\/df\/#organization"},"image":{"@id":"https:\/\/diariofemenino.com.ar\/df\/rescatan-a-madre-y-sus-tres-hijas-victimas-de-trata-de-persona-en-esquel\/#primaryimage"},"thumbnailUrl":"http:\/\/www.diariofemenino.com.ar\/wp-content\/uploads\/0000010186.jpg","articleSection":["Medios","Noticias","Trata de Pers."],"inLanguage":"es","potentialAction":[{"@type":"CommentAction","name":"Comment","target":["https:\/\/diariofemenino.com.ar\/df\/rescatan-a-madre-y-sus-tres-hijas-victimas-de-trata-de-persona-en-esquel\/#respond"]}]},{"@type":"WebPage","@id":"https:\/\/diariofemenino.com.ar\/df\/rescatan-a-madre-y-sus-tres-hijas-victimas-de-trata-de-persona-en-esquel\/","url":"https:\/\/diariofemenino.com.ar\/df\/rescatan-a-madre-y-sus-tres-hijas-victimas-de-trata-de-persona-en-esquel\/","name":"Rescatan a madre y sus tres hijas v\u00edctimas de trata de persona en Esquel - Diario Digital Femenino","isPartOf":{"@id":"https:\/\/diariofemenino.com.ar\/df\/#website"},"primaryImageOfPage":{"@id":"https:\/\/diariofemenino.com.ar\/df\/rescatan-a-madre-y-sus-tres-hijas-victimas-de-trata-de-persona-en-esquel\/#primaryimage"},"image":{"@id":"https:\/\/diariofemenino.com.ar\/df\/rescatan-a-madre-y-sus-tres-hijas-victimas-de-trata-de-persona-en-esquel\/#primaryimage"},"thumbnailUrl":"http:\/\/www.diariofemenino.com.ar\/wp-content\/uploads\/0000010186.jpg","datePublished":"2013-01-25T15:06:47+00:00","breadcrumb":{"@id":"https:\/\/diariofemenino.com.ar\/df\/rescatan-a-madre-y-sus-tres-hijas-victimas-de-trata-de-persona-en-esquel\/#breadcrumb"},"inLanguage":"es","potentialAction":[{"@type":"ReadAction","target":["https:\/\/diariofemenino.com.ar\/df\/rescatan-a-madre-y-sus-tres-hijas-victimas-de-trata-de-persona-en-esquel\/"]}]},{"@type":"ImageObject","inLanguage":"es","@id":"https:\/\/diariofemenino.com.ar\/df\/rescatan-a-madre-y-sus-tres-hijas-victimas-de-trata-de-persona-en-esquel\/#primaryimage","url":"http:\/\/www.diariofemenino.com.ar\/wp-content\/uploads\/0000010186.jpg","contentUrl":"http:\/\/www.diariofemenino.com.ar\/wp-content\/uploads\/0000010186.jpg"},{"@type":"BreadcrumbList","@id":"https:\/\/diariofemenino.com.ar\/df\/rescatan-a-madre-y-sus-tres-hijas-victimas-de-trata-de-persona-en-esquel\/#breadcrumb","itemListElement":[{"@type":"ListItem","position":1,"name":"Portada","item":"https:\/\/diariofemenino.com.ar\/df\/"},{"@type":"ListItem","position":2,"name":"Rescatan a madre y sus tres hijas v\u00edctimas de trata de persona en Esquel"}]},{"@type":"WebSite","@id":"https:\/\/diariofemenino.com.ar\/df\/#website","url":"https:\/\/diariofemenino.com.ar\/df\/","name":"Diario Digital Femenino","description":"Cuesti\u00f3n de G\u00e9nero","publisher":{"@id":"https:\/\/diariofemenino.com.ar\/df\/#organization"},"potentialAction":[{"@type":"SearchAction","target":{"@type":"EntryPoint","urlTemplate":"https:\/\/diariofemenino.com.ar\/df\/?s={search_term_string}"},"query-input":{"@type":"PropertyValueSpecification","valueRequired":true,"valueName":"search_term_string"}}],"inLanguage":"es"},{"@type":"Organization","@id":"https:\/\/diariofemenino.com.ar\/df\/#organization","name":"Diario Femenino","url":"https:\/\/diariofemenino.com.ar\/df\/","logo":{"@type":"ImageObject","inLanguage":"es","@id":"https:\/\/diariofemenino.com.ar\/df\/#\/schema\/logo\/image\/","url":"https:\/\/diariofemenino.com.ar\/df\/wp-content\/uploads\/2018\/10\/logo.png","contentUrl":"https:\/\/diariofemenino.com.ar\/df\/wp-content\/uploads\/2018\/10\/logo.png","width":500,"height":92,"caption":"Diario Femenino"},"image":{"@id":"https:\/\/diariofemenino.com.ar\/df\/#\/schema\/logo\/image\/"},"sameAs":["https:\/\/www.facebook.com\/DiarioDigitaFemenino\/","https:\/\/x.com\/DiarioFemenino1"]},{"@type":"Person","@id":"https:\/\/diariofemenino.com.ar\/df\/#\/schema\/person\/38f54b3bfd13f561de2460ba95c169c6","name":"Admin","image":{"@type":"ImageObject","inLanguage":"es","@id":"https:\/\/diariofemenino.com.ar\/df\/wp-content\/uploads\/2018\/12\/favicon-150x150.jpg","url":"https:\/\/diariofemenino.com.ar\/df\/wp-content\/uploads\/2018\/12\/favicon-150x150.jpg","contentUrl":"https:\/\/diariofemenino.com.ar\/df\/wp-content\/uploads\/2018\/12\/favicon-150x150.jpg","caption":"Admin"},"url":"https:\/\/diariofemenino.com.ar\/df\/author\/adm18df\/"}]}},"jetpack_featured_media_url":"","jetpack_sharing_enabled":true,"rttpg_featured_image_url":null,"rttpg_author":{"display_name":"Admin","author_link":"https:\/\/diariofemenino.com.ar\/df\/author\/adm18df\/"},"rttpg_comment":0,"rttpg_category":"<a href=\"https:\/\/diariofemenino.com.ar\/df\/category\/medios\/\" rel=\"category tag\">Medios<\/a> <a href=\"https:\/\/diariofemenino.com.ar\/df\/category\/noticias\/\" rel=\"category tag\">Noticias<\/a> <a href=\"https:\/\/diariofemenino.com.ar\/df\/category\/trata-de-personas\/\" rel=\"category tag\">Trata de Pers.<\/a>","rttpg_excerpt":"&nbsp; &nbsp; &nbsp; La Gendarmer\u00eda Nacional liber\u00f3 a una mujer y sus tres hijas, que hab\u00edan sido capturadas en la ciudad chubutense de Esquel por una red de trata de personas con fines de explotaci\u00f3n sexual. Seg\u00fan el Ministerio de Seguridad, la investigaci\u00f3n se inici\u00f3 cuando una persona inform\u00f3 sobre la supuesta explotaci\u00f3n sexual de&hellip;","_links":{"self":[{"href":"https:\/\/diariofemenino.com.ar\/df\/wp-json\/wp\/v2\/posts\/5484","targetHints":{"allow":["GET"]}}],"collection":[{"href":"https:\/\/diariofemenino.com.ar\/df\/wp-json\/wp\/v2\/posts"}],"about":[{"href":"https:\/\/diariofemenino.com.ar\/df\/wp-json\/wp\/v2\/types\/post"}],"author":[{"embeddable":true,"href":"https:\/\/diariofemenino.com.ar\/df\/wp-json\/wp\/v2\/users\/1"}],"replies":[{"embeddable":true,"href":"https:\/\/diariofemenino.com.ar\/df\/wp-json\/wp\/v2\/comments?post=5484"}],"version-history":[{"count":0,"href":"https:\/\/diariofemenino.com.ar\/df\/wp-json\/wp\/v2\/posts\/5484\/revisions"}],"wp:attachment":[{"href":"https:\/\/diariofemenino.com.ar\/df\/wp-json\/wp\/v2\/media?parent=5484"}],"wp:term":[{"taxonomy":"category","embeddable":true,"href":"https:\/\/diariofemenino.com.ar\/df\/wp-json\/wp\/v2\/categories?post=5484"},{"taxonomy":"post_tag","embeddable":true,"href":"https:\/\/diariofemenino.com.ar\/df\/wp-json\/wp\/v2\/tags?post=5484"}],"curies":[{"name":"wp","href":"https:\/\/api.w.org\/{rel}","templated":true}]}}