{"id":54795,"date":"2020-12-30T09:04:41","date_gmt":"2020-12-30T12:04:41","guid":{"rendered":"https:\/\/diariofemenino.com.ar\/?p=54795"},"modified":"2020-12-30T09:05:14","modified_gmt":"2020-12-30T12:05:14","slug":"daniel-lovera-en-un-pais-justo-las-ninas-no-son-madres-y-ninguna-persona-es-obligada-a-gestar","status":"publish","type":"post","link":"https:\/\/diariofemenino.com.ar\/df\/daniel-lovera-en-un-pais-justo-las-ninas-no-son-madres-y-ninguna-persona-es-obligada-a-gestar\/","title":{"rendered":"Daniel Lovera \u201cen un pa\u00eds justo, las ni\u00f1as no son madres y ninguna persona es obligada a gestar\u201d"},"content":{"rendered":"<p><strong>El aborto legal en Argentina es <a href=\"https:\/\/diariofemenino.com.ar\/aborto-legal-la-recta-final-por-que-hoy-puede-ser-una-jornada-historica\/\">Ley<\/a><\/strong><\/p>\n<figure id=\"attachment_54797\" aria-describedby=\"caption-attachment-54797\" style=\"width: 428px\" class=\"wp-caption alignleft\"><img loading=\"lazy\" decoding=\"async\" class=\" wp-image-54797\" src=\"https:\/\/diariofemenino.com.ar\/df\/wp-content\/uploads\/2020\/12\/WhatsApp-Image-2020-12-29-at-22.07.30-1024x682.jpeg\" alt=\"Daniel Lovera \u201cen un pa\u00eds justo, las ni\u00f1as no son madres y ninguna persona es obligada a gestar\u201d\" width=\"428\" height=\"285\" srcset=\"https:\/\/diariofemenino.com.ar\/df\/wp-content\/uploads\/2020\/12\/WhatsApp-Image-2020-12-29-at-22.07.30-1024x682.jpeg 1024w, https:\/\/diariofemenino.com.ar\/df\/wp-content\/uploads\/2020\/12\/WhatsApp-Image-2020-12-29-at-22.07.30-300x200.jpeg 300w, https:\/\/diariofemenino.com.ar\/df\/wp-content\/uploads\/2020\/12\/WhatsApp-Image-2020-12-29-at-22.07.30-768x512.jpeg 768w, https:\/\/diariofemenino.com.ar\/df\/wp-content\/uploads\/2020\/12\/WhatsApp-Image-2020-12-29-at-22.07.30.jpeg 1280w\" sizes=\"auto, (max-width: 428px) 100vw, 428px\" \/><figcaption id=\"caption-attachment-54797\" class=\"wp-caption-text\">Daniel Lovera \u201cen un pa\u00eds justo, las ni\u00f1as no son madres y ninguna persona es obligada a gestar\u201d<\/figcaption><\/figure>\n<p>Durante el debate en el <a href=\"https:\/\/www.senado.gob.ar\/\">Senado<\/a> del proyecto de Interrupci\u00f3n Voluntaria del Embarazo (IVE), que se vot\u00f3 anoche, el legislador pampeano Daniel <a href=\"https:\/\/www.senado.gob.ar\/senadores\/listados\/listaSenadoRes\">Lovera<\/a> (Frente de Todos) mencion\u00f3 la sesi\u00f3n de 2018 y record\u00f3 que en aquel entonces \u201cdije desde esta misma banca que quiz\u00e1 ese no fuese el d\u00eda en que podr\u00edamos poner fin a los abortos clandestinos en nuestro pa\u00eds, pero estaba seguro que iba a ser muy pronto\u201d.<\/p>\n<p>\u201cY no hac\u00eda falta ser un iluminado para entenderlo. Bastaba con mirar lo que pasaba en las calles, en las redes, en nuestros propios c\u00edrculos familiares, para comprender que los movimientos, transversales e intergeneracionales de mujeres, no iban a claudicar en su reclamo por el circunstancial hecho de haber recibido un rechazo de esta C\u00e1mara\u201d, indic\u00f3.<\/p>\n<p>En ese sentido, remarc\u00f3 que este a\u00f1o \u201ctenemos otra oportunidad para saldar una hist\u00f3rica deuda que tenemos con las mujeres y personas gestantes. Creo en la pol\u00edtica como una herramienta fundamental para transformar la realidad, en el Estado como principal promotor del bien com\u00fan al servicio de la dignidad y la libertad de las personas, en la justicia social como la condici\u00f3n de eficacia para lograrlo, asegurando la igualdad de oportunidades y la inclusi\u00f3n social\u201d.<\/p>\n<p>\u201cEstamos frente a un problema de salud p\u00fablica. No debatimos si estamos a favor o en contra del aborto, debatimos sobre una pr\u00e1ctica que ocurre en nuestro pa\u00eds, debatimos si vamos a permitir que se mantenga en la clandestinidad y se siga cobrando la vida de mujeres o si vamos a hacer algo para que la situaci\u00f3n cambie. Estamos frente a una problem\u00e1tica que necesita una respuesta concreta por parte del Estado. Es evidente que la pol\u00edtica de penalizaci\u00f3n ha fracasado: no evita que las mujeres interrumpan sus embarazos, s\u00f3lo las empuja a la clandestinidad\u201d, agreg\u00f3.<\/p>\n<p>Lovera destac\u00f3 que, junto con la Ley Micaela, estas son \u201clas herramientas por excelencia con que cuenta nuestro pa\u00eds no solo para prevenir embarazos no intencionales, sino adem\u00e1s para acompa\u00f1ar a ni\u00f1os, ni\u00f1as y adolescentes en el proceso de conocimiento de su cuerpo y sus derechos, ayud\u00e1ndoles a identificar y prevenir situaciones de abuso\u201d.<br \/>\nCon la intenci\u00f3n de presentar tambi\u00e9n el proyecto de los \u201cMil D\u00edas\u201d, remarc\u00f3 que queda de manifiesto la intenci\u00f3n del Poder Ejecutivo de \u201crespetar la voluntad y la autonom\u00eda de las mujeres y otras identidades con capacidad de gestar, ya sea que decidan interrumpir su embarazo o continuar con \u00e9l\u201d.<br \/>\n\u201cEstamos frente a un problema de salud p\u00fablica que necesita una respuesta concreta por parte del Estado y la necesita ahora porque es urgente. Ya lo era en el 2018 y las circunstancias -con o sin pandemia- no han cambiado. Nuestra negativa frente a la consolidaci\u00f3n de un marco legal para la interrupci\u00f3n voluntaria del embarazo, no evit\u00f3 en estos dos a\u00f1os que las mujeres y otras identidades gestantes abortaran\u201d, afirm\u00f3.<\/p>\n<p>Durante su intervenci\u00f3n, Lovera plante\u00f3 que \u201cni la penalizaci\u00f3n ni nuestra indiferencia evita que las personas aborten. S\u00f3lo ha servido para que, quienes tienen los recursos suficientes, accedan a la pr\u00e1ctica en condiciones sanitarias seguras, y quienes no los tienen, aborten en la clandestinidad, poniendo en riesgo su salud y su vida\u201d.<br \/>\n\u201cNo estamos aqu\u00ed para debatir si estamos a favor o en contra del aborto, lo que estamos debatiendo es si vamos a permitir que se sigan manteniendo en la clandestinidad y se sigan cobrando las vidas de mujeres o si vamos a hacer algo para que esto cambie. Aqu\u00ed radica nuestra responsabilidad como poder del Estado\u201d, se\u00f1al\u00f3 y afirm\u00f3 que \u201cla evidencia muestra que los pa\u00edses como el nuestro, con marcos legales restrictivos, no reducen el n\u00famero de abortos, sino que aumentan la proporci\u00f3n de abortos inseguros.<\/p>\n<p>\u201cPor el contrario, los pa\u00edses que han legalizado o han regulado esta pr\u00e1ctica, han visto disminuir los \u00edndices de mortalidad y han visto disminuir enormemente las hospitalizaciones por las complicaciones postaborto\u201d, explic\u00f3.<br \/>\n\u201cHoy tenemos otra oportunidad para reparar el error cometido hace dos a\u00f1os y demostrar que estamos a la altura de nuestro tiempo. Tenemos dos opciones: podemos continuar negando hip\u00f3critamente la realidad que viven miles de mujeres en la Argentina; o podemos garantizarles la igualdad de oportunidades, y el pleno goce de sus derechos, la autonom\u00eda, la libertad y la vida digna. En un mundo justo, en un pa\u00eds justo, las ni\u00f1as no son madres y ninguna persona es obligada a gestar, parir y maternar en contra de su voluntad. Voy a votar a favor y espero que esta vez sea ley\u201d, concluy\u00f3.<\/p>\n<p>&nbsp;<\/p>\n<p><a href=\"https:\/\/diariofemenino.com.ar\/\">Diario Digital Femenino<\/a><\/p>\n","protected":false},"excerpt":{"rendered":"<p>El aborto legal en Argentina es Ley Durante el debate en el Senado del proyecto de Interrupci\u00f3n Voluntaria del Embarazo (IVE), que se vot\u00f3 anoche, el legislador pampeano Daniel Lovera (Frente de Todos) mencion\u00f3 la sesi\u00f3n de 2018 y record\u00f3 que en aquel entonces \u201cdije desde esta misma banca que quiz\u00e1 ese no fuese el [&hellip;]<\/p>\n","protected":false},"author":4,"featured_media":54796,"comment_status":"open","ping_status":"open","sticky":false,"template":"","format":"standard","meta":{"iawp_total_views":4,"footnotes":""},"categories":[22,1067,4,21],"tags":[165,417,2895,3959],"class_list":["post-54795","post","type-post","status-publish","format-standard","has-post-thumbnail","hentry","category-aborto","category-agenda-feminista","category-medios","category-noticias","tag-abortolegal","tag-aborto-legal","tag-daniel-lovera","tag-senado-argentina"],"nelio_content":{"autoShareEndMode":"never","automationSources":{"useCustomSentences":false,"customSentences":[]},"efiAlt":"","efiUrl":"","followers":[4],"highlights":[],"isAutoShareEnabled":true,"networkImageIds":[],"permalinkQueryArgs":[],"series":[],"suggestedReferences":[]},"yoast_head":"<!-- This site is optimized with the Yoast SEO plugin v27.5 - https:\/\/yoast.com\/product\/yoast-seo-wordpress\/ -->\n<title>Daniel Lovera \u201cen un pa\u00eds justo, las ni\u00f1as no son madres y ninguna persona es obligada a gestar\u201d - Diario Digital Femenino<\/title>\n<meta name=\"description\" content=\"Lovera. El mensaje durante el debate en el Senado del proyecto de Interrupci\u00f3n Voluntaria del Embarazo (IVE), que se vot\u00f3 anoche.\" \/>\n<meta name=\"robots\" content=\"index, follow, max-snippet:-1, max-image-preview:large, max-video-preview:-1\" \/>\n<link rel=\"canonical\" href=\"https:\/\/diariofemenino.com.ar\/df\/daniel-lovera-en-un-pais-justo-las-ninas-no-son-madres-y-ninguna-persona-es-obligada-a-gestar\/\" \/>\n<meta property=\"og:locale\" content=\"es_ES\" \/>\n<meta property=\"og:type\" content=\"article\" \/>\n<meta property=\"og:title\" content=\"Daniel Lovera \u201cen un pa\u00eds justo, las ni\u00f1as no son madres y ninguna persona es obligada a gestar\u201d - Diario Digital Femenino\" \/>\n<meta property=\"og:description\" content=\"Lovera. El mensaje durante el debate en el Senado del proyecto de Interrupci\u00f3n Voluntaria del Embarazo (IVE), que se vot\u00f3 anoche.\" \/>\n<meta property=\"og:url\" content=\"https:\/\/diariofemenino.com.ar\/df\/daniel-lovera-en-un-pais-justo-las-ninas-no-son-madres-y-ninguna-persona-es-obligada-a-gestar\/\" \/>\n<meta property=\"og:site_name\" content=\"Diario Digital Femenino\" \/>\n<meta property=\"article:publisher\" content=\"https:\/\/www.facebook.com\/DiarioDigitaFemenino\/\" \/>\n<meta property=\"article:published_time\" content=\"2020-12-30T12:04:41+00:00\" \/>\n<meta property=\"article:modified_time\" content=\"2020-12-30T12:05:14+00:00\" \/>\n<meta property=\"og:image\" content=\"https:\/\/diariofemenino.com.ar\/df\/wp-content\/uploads\/2020\/12\/WhatsApp-Image-2020-12-29-at-22.04.45.jpeg\" \/>\n\t<meta property=\"og:image:width\" content=\"1280\" \/>\n\t<meta property=\"og:image:height\" content=\"719\" \/>\n\t<meta property=\"og:image:type\" content=\"image\/jpeg\" \/>\n<meta name=\"author\" content=\"Admin\" \/>\n<meta name=\"twitter:card\" content=\"summary_large_image\" \/>\n<meta name=\"twitter:creator\" content=\"@DiarioFemenino1\" \/>\n<meta name=\"twitter:site\" content=\"@DiarioFemenino1\" \/>\n<meta name=\"twitter:label1\" content=\"Escrito por\" \/>\n\t<meta name=\"twitter:data1\" content=\"Admin\" \/>\n\t<meta name=\"twitter:label2\" content=\"Tiempo de lectura\" \/>\n\t<meta name=\"twitter:data2\" content=\"4 minutos\" \/>\n<script type=\"application\/ld+json\" class=\"yoast-schema-graph\">{\"@context\":\"https:\\\/\\\/schema.org\",\"@graph\":[{\"@type\":\"Article\",\"@id\":\"https:\\\/\\\/diariofemenino.com.ar\\\/df\\\/daniel-lovera-en-un-pais-justo-las-ninas-no-son-madres-y-ninguna-persona-es-obligada-a-gestar\\\/#article\",\"isPartOf\":{\"@id\":\"https:\\\/\\\/diariofemenino.com.ar\\\/df\\\/daniel-lovera-en-un-pais-justo-las-ninas-no-son-madres-y-ninguna-persona-es-obligada-a-gestar\\\/\"},\"author\":{\"name\":\"Admin\",\"@id\":\"https:\\\/\\\/diariofemenino.com.ar\\\/df\\\/#\\\/schema\\\/person\\\/bf6199e8158c657ea6f789b11ec85509\"},\"headline\":\"Daniel Lovera \u201cen un pa\u00eds justo, las ni\u00f1as no son madres y ninguna persona es obligada a gestar\u201d\",\"datePublished\":\"2020-12-30T12:04:41+00:00\",\"dateModified\":\"2020-12-30T12:05:14+00:00\",\"mainEntityOfPage\":{\"@id\":\"https:\\\/\\\/diariofemenino.com.ar\\\/df\\\/daniel-lovera-en-un-pais-justo-las-ninas-no-son-madres-y-ninguna-persona-es-obligada-a-gestar\\\/\"},\"wordCount\":853,\"commentCount\":0,\"publisher\":{\"@id\":\"https:\\\/\\\/diariofemenino.com.ar\\\/df\\\/#organization\"},\"image\":{\"@id\":\"https:\\\/\\\/diariofemenino.com.ar\\\/df\\\/daniel-lovera-en-un-pais-justo-las-ninas-no-son-madres-y-ninguna-persona-es-obligada-a-gestar\\\/#primaryimage\"},\"thumbnailUrl\":\"https:\\\/\\\/diariofemenino.com.ar\\\/df\\\/wp-content\\\/uploads\\\/2020\\\/12\\\/WhatsApp-Image-2020-12-29-at-22.04.45.jpeg\",\"keywords\":[\"#AbortoLegal\",\"Aborto legal\",\"Daniel Lovera\",\"Senado Argentina\"],\"articleSection\":[\"Aborto\",\"Agenda Feminista\",\"Medios\",\"Noticias\"],\"inLanguage\":\"es\",\"potentialAction\":[{\"@type\":\"CommentAction\",\"name\":\"Comment\",\"target\":[\"https:\\\/\\\/diariofemenino.com.ar\\\/df\\\/daniel-lovera-en-un-pais-justo-las-ninas-no-son-madres-y-ninguna-persona-es-obligada-a-gestar\\\/#respond\"]}]},{\"@type\":\"WebPage\",\"@id\":\"https:\\\/\\\/diariofemenino.com.ar\\\/df\\\/daniel-lovera-en-un-pais-justo-las-ninas-no-son-madres-y-ninguna-persona-es-obligada-a-gestar\\\/\",\"url\":\"https:\\\/\\\/diariofemenino.com.ar\\\/df\\\/daniel-lovera-en-un-pais-justo-las-ninas-no-son-madres-y-ninguna-persona-es-obligada-a-gestar\\\/\",\"name\":\"Daniel Lovera \u201cen un pa\u00eds justo, las ni\u00f1as no son madres y ninguna persona es obligada a gestar\u201d - Diario Digital Femenino\",\"isPartOf\":{\"@id\":\"https:\\\/\\\/diariofemenino.com.ar\\\/df\\\/#website\"},\"primaryImageOfPage\":{\"@id\":\"https:\\\/\\\/diariofemenino.com.ar\\\/df\\\/daniel-lovera-en-un-pais-justo-las-ninas-no-son-madres-y-ninguna-persona-es-obligada-a-gestar\\\/#primaryimage\"},\"image\":{\"@id\":\"https:\\\/\\\/diariofemenino.com.ar\\\/df\\\/daniel-lovera-en-un-pais-justo-las-ninas-no-son-madres-y-ninguna-persona-es-obligada-a-gestar\\\/#primaryimage\"},\"thumbnailUrl\":\"https:\\\/\\\/diariofemenino.com.ar\\\/df\\\/wp-content\\\/uploads\\\/2020\\\/12\\\/WhatsApp-Image-2020-12-29-at-22.04.45.jpeg\",\"datePublished\":\"2020-12-30T12:04:41+00:00\",\"dateModified\":\"2020-12-30T12:05:14+00:00\",\"description\":\"Lovera. El mensaje durante el debate en el Senado del proyecto de Interrupci\u00f3n Voluntaria del Embarazo (IVE), que se vot\u00f3 anoche.\",\"breadcrumb\":{\"@id\":\"https:\\\/\\\/diariofemenino.com.ar\\\/df\\\/daniel-lovera-en-un-pais-justo-las-ninas-no-son-madres-y-ninguna-persona-es-obligada-a-gestar\\\/#breadcrumb\"},\"inLanguage\":\"es\",\"potentialAction\":[{\"@type\":\"ReadAction\",\"target\":[\"https:\\\/\\\/diariofemenino.com.ar\\\/df\\\/daniel-lovera-en-un-pais-justo-las-ninas-no-son-madres-y-ninguna-persona-es-obligada-a-gestar\\\/\"]}]},{\"@type\":\"ImageObject\",\"inLanguage\":\"es\",\"@id\":\"https:\\\/\\\/diariofemenino.com.ar\\\/df\\\/daniel-lovera-en-un-pais-justo-las-ninas-no-son-madres-y-ninguna-persona-es-obligada-a-gestar\\\/#primaryimage\",\"url\":\"https:\\\/\\\/diariofemenino.com.ar\\\/df\\\/wp-content\\\/uploads\\\/2020\\\/12\\\/WhatsApp-Image-2020-12-29-at-22.04.45.jpeg\",\"contentUrl\":\"https:\\\/\\\/diariofemenino.com.ar\\\/df\\\/wp-content\\\/uploads\\\/2020\\\/12\\\/WhatsApp-Image-2020-12-29-at-22.04.45.jpeg\",\"width\":1280,\"height\":719,\"caption\":\"Daniel Lovera \u201cen un pa\u00eds justo, las ni\u00f1as no son madres y ninguna persona es obligada a gestar\u201d\"},{\"@type\":\"BreadcrumbList\",\"@id\":\"https:\\\/\\\/diariofemenino.com.ar\\\/df\\\/daniel-lovera-en-un-pais-justo-las-ninas-no-son-madres-y-ninguna-persona-es-obligada-a-gestar\\\/#breadcrumb\",\"itemListElement\":[{\"@type\":\"ListItem\",\"position\":1,\"name\":\"Portada\",\"item\":\"https:\\\/\\\/diariofemenino.com.ar\\\/df\\\/\"},{\"@type\":\"ListItem\",\"position\":2,\"name\":\"Daniel Lovera \u201cen un pa\u00eds justo, las ni\u00f1as no son madres y ninguna persona es obligada a gestar\u201d\"}]},{\"@type\":\"WebSite\",\"@id\":\"https:\\\/\\\/diariofemenino.com.ar\\\/df\\\/#website\",\"url\":\"https:\\\/\\\/diariofemenino.com.ar\\\/df\\\/\",\"name\":\"Diario Digital Femenino\",\"description\":\"Cuesti\u00f3n de G\u00e9nero\",\"publisher\":{\"@id\":\"https:\\\/\\\/diariofemenino.com.ar\\\/df\\\/#organization\"},\"potentialAction\":[{\"@type\":\"SearchAction\",\"target\":{\"@type\":\"EntryPoint\",\"urlTemplate\":\"https:\\\/\\\/diariofemenino.com.ar\\\/df\\\/?s={search_term_string}\"},\"query-input\":{\"@type\":\"PropertyValueSpecification\",\"valueRequired\":true,\"valueName\":\"search_term_string\"}}],\"inLanguage\":\"es\"},{\"@type\":\"Organization\",\"@id\":\"https:\\\/\\\/diariofemenino.com.ar\\\/df\\\/#organization\",\"name\":\"Diario Femenino\",\"url\":\"https:\\\/\\\/diariofemenino.com.ar\\\/df\\\/\",\"logo\":{\"@type\":\"ImageObject\",\"inLanguage\":\"es\",\"@id\":\"https:\\\/\\\/diariofemenino.com.ar\\\/df\\\/#\\\/schema\\\/logo\\\/image\\\/\",\"url\":\"https:\\\/\\\/diariofemenino.com.ar\\\/df\\\/wp-content\\\/uploads\\\/2018\\\/10\\\/logo.png\",\"contentUrl\":\"https:\\\/\\\/diariofemenino.com.ar\\\/df\\\/wp-content\\\/uploads\\\/2018\\\/10\\\/logo.png\",\"width\":500,\"height\":92,\"caption\":\"Diario Femenino\"},\"image\":{\"@id\":\"https:\\\/\\\/diariofemenino.com.ar\\\/df\\\/#\\\/schema\\\/logo\\\/image\\\/\"},\"sameAs\":[\"https:\\\/\\\/www.facebook.com\\\/DiarioDigitaFemenino\\\/\",\"https:\\\/\\\/x.com\\\/DiarioFemenino1\"]},{\"@type\":\"Person\",\"@id\":\"https:\\\/\\\/diariofemenino.com.ar\\\/df\\\/#\\\/schema\\\/person\\\/bf6199e8158c657ea6f789b11ec85509\",\"name\":\"Admin\",\"image\":{\"@type\":\"ImageObject\",\"inLanguage\":\"es\",\"@id\":\"https:\\\/\\\/diariofemenino.com.ar\\\/df\\\/wp-content\\\/uploads\\\/2018\\\/12\\\/favicon-150x150.jpg\",\"url\":\"https:\\\/\\\/diariofemenino.com.ar\\\/df\\\/wp-content\\\/uploads\\\/2018\\\/12\\\/favicon-150x150.jpg\",\"contentUrl\":\"https:\\\/\\\/diariofemenino.com.ar\\\/df\\\/wp-content\\\/uploads\\\/2018\\\/12\\\/favicon-150x150.jpg\",\"caption\":\"Admin\"},\"url\":\"https:\\\/\\\/diariofemenino.com.ar\\\/df\\\/author\\\/lenny\\\/\"}]}<\/script>\n<!-- \/ Yoast SEO plugin. -->","yoast_head_json":{"title":"Daniel Lovera \u201cen un pa\u00eds justo, las ni\u00f1as no son madres y ninguna persona es obligada a gestar\u201d - Diario Digital Femenino","description":"Lovera. El mensaje durante el debate en el Senado del proyecto de Interrupci\u00f3n Voluntaria del Embarazo (IVE), que se vot\u00f3 anoche.","robots":{"index":"index","follow":"follow","max-snippet":"max-snippet:-1","max-image-preview":"max-image-preview:large","max-video-preview":"max-video-preview:-1"},"canonical":"https:\/\/diariofemenino.com.ar\/df\/daniel-lovera-en-un-pais-justo-las-ninas-no-son-madres-y-ninguna-persona-es-obligada-a-gestar\/","og_locale":"es_ES","og_type":"article","og_title":"Daniel Lovera \u201cen un pa\u00eds justo, las ni\u00f1as no son madres y ninguna persona es obligada a gestar\u201d - Diario Digital Femenino","og_description":"Lovera. El mensaje durante el debate en el Senado del proyecto de Interrupci\u00f3n Voluntaria del Embarazo (IVE), que se vot\u00f3 anoche.","og_url":"https:\/\/diariofemenino.com.ar\/df\/daniel-lovera-en-un-pais-justo-las-ninas-no-son-madres-y-ninguna-persona-es-obligada-a-gestar\/","og_site_name":"Diario Digital Femenino","article_publisher":"https:\/\/www.facebook.com\/DiarioDigitaFemenino\/","article_published_time":"2020-12-30T12:04:41+00:00","article_modified_time":"2020-12-30T12:05:14+00:00","og_image":[{"width":1280,"height":719,"url":"https:\/\/diariofemenino.com.ar\/df\/wp-content\/uploads\/2020\/12\/WhatsApp-Image-2020-12-29-at-22.04.45.jpeg","type":"image\/jpeg"}],"author":"Admin","twitter_card":"summary_large_image","twitter_creator":"@DiarioFemenino1","twitter_site":"@DiarioFemenino1","twitter_misc":{"Escrito por":"Admin","Tiempo de lectura":"4 minutos"},"schema":{"@context":"https:\/\/schema.org","@graph":[{"@type":"Article","@id":"https:\/\/diariofemenino.com.ar\/df\/daniel-lovera-en-un-pais-justo-las-ninas-no-son-madres-y-ninguna-persona-es-obligada-a-gestar\/#article","isPartOf":{"@id":"https:\/\/diariofemenino.com.ar\/df\/daniel-lovera-en-un-pais-justo-las-ninas-no-son-madres-y-ninguna-persona-es-obligada-a-gestar\/"},"author":{"name":"Admin","@id":"https:\/\/diariofemenino.com.ar\/df\/#\/schema\/person\/bf6199e8158c657ea6f789b11ec85509"},"headline":"Daniel Lovera \u201cen un pa\u00eds justo, las ni\u00f1as no son madres y ninguna persona es obligada a gestar\u201d","datePublished":"2020-12-30T12:04:41+00:00","dateModified":"2020-12-30T12:05:14+00:00","mainEntityOfPage":{"@id":"https:\/\/diariofemenino.com.ar\/df\/daniel-lovera-en-un-pais-justo-las-ninas-no-son-madres-y-ninguna-persona-es-obligada-a-gestar\/"},"wordCount":853,"commentCount":0,"publisher":{"@id":"https:\/\/diariofemenino.com.ar\/df\/#organization"},"image":{"@id":"https:\/\/diariofemenino.com.ar\/df\/daniel-lovera-en-un-pais-justo-las-ninas-no-son-madres-y-ninguna-persona-es-obligada-a-gestar\/#primaryimage"},"thumbnailUrl":"https:\/\/diariofemenino.com.ar\/df\/wp-content\/uploads\/2020\/12\/WhatsApp-Image-2020-12-29-at-22.04.45.jpeg","keywords":["#AbortoLegal","Aborto legal","Daniel Lovera","Senado Argentina"],"articleSection":["Aborto","Agenda Feminista","Medios","Noticias"],"inLanguage":"es","potentialAction":[{"@type":"CommentAction","name":"Comment","target":["https:\/\/diariofemenino.com.ar\/df\/daniel-lovera-en-un-pais-justo-las-ninas-no-son-madres-y-ninguna-persona-es-obligada-a-gestar\/#respond"]}]},{"@type":"WebPage","@id":"https:\/\/diariofemenino.com.ar\/df\/daniel-lovera-en-un-pais-justo-las-ninas-no-son-madres-y-ninguna-persona-es-obligada-a-gestar\/","url":"https:\/\/diariofemenino.com.ar\/df\/daniel-lovera-en-un-pais-justo-las-ninas-no-son-madres-y-ninguna-persona-es-obligada-a-gestar\/","name":"Daniel Lovera \u201cen un pa\u00eds justo, las ni\u00f1as no son madres y ninguna persona es obligada a gestar\u201d - Diario Digital Femenino","isPartOf":{"@id":"https:\/\/diariofemenino.com.ar\/df\/#website"},"primaryImageOfPage":{"@id":"https:\/\/diariofemenino.com.ar\/df\/daniel-lovera-en-un-pais-justo-las-ninas-no-son-madres-y-ninguna-persona-es-obligada-a-gestar\/#primaryimage"},"image":{"@id":"https:\/\/diariofemenino.com.ar\/df\/daniel-lovera-en-un-pais-justo-las-ninas-no-son-madres-y-ninguna-persona-es-obligada-a-gestar\/#primaryimage"},"thumbnailUrl":"https:\/\/diariofemenino.com.ar\/df\/wp-content\/uploads\/2020\/12\/WhatsApp-Image-2020-12-29-at-22.04.45.jpeg","datePublished":"2020-12-30T12:04:41+00:00","dateModified":"2020-12-30T12:05:14+00:00","description":"Lovera. El mensaje durante el debate en el Senado del proyecto de Interrupci\u00f3n Voluntaria del Embarazo (IVE), que se vot\u00f3 anoche.","breadcrumb":{"@id":"https:\/\/diariofemenino.com.ar\/df\/daniel-lovera-en-un-pais-justo-las-ninas-no-son-madres-y-ninguna-persona-es-obligada-a-gestar\/#breadcrumb"},"inLanguage":"es","potentialAction":[{"@type":"ReadAction","target":["https:\/\/diariofemenino.com.ar\/df\/daniel-lovera-en-un-pais-justo-las-ninas-no-son-madres-y-ninguna-persona-es-obligada-a-gestar\/"]}]},{"@type":"ImageObject","inLanguage":"es","@id":"https:\/\/diariofemenino.com.ar\/df\/daniel-lovera-en-un-pais-justo-las-ninas-no-son-madres-y-ninguna-persona-es-obligada-a-gestar\/#primaryimage","url":"https:\/\/diariofemenino.com.ar\/df\/wp-content\/uploads\/2020\/12\/WhatsApp-Image-2020-12-29-at-22.04.45.jpeg","contentUrl":"https:\/\/diariofemenino.com.ar\/df\/wp-content\/uploads\/2020\/12\/WhatsApp-Image-2020-12-29-at-22.04.45.jpeg","width":1280,"height":719,"caption":"Daniel Lovera \u201cen un pa\u00eds justo, las ni\u00f1as no son madres y ninguna persona es obligada a gestar\u201d"},{"@type":"BreadcrumbList","@id":"https:\/\/diariofemenino.com.ar\/df\/daniel-lovera-en-un-pais-justo-las-ninas-no-son-madres-y-ninguna-persona-es-obligada-a-gestar\/#breadcrumb","itemListElement":[{"@type":"ListItem","position":1,"name":"Portada","item":"https:\/\/diariofemenino.com.ar\/df\/"},{"@type":"ListItem","position":2,"name":"Daniel Lovera \u201cen un pa\u00eds justo, las ni\u00f1as no son madres y ninguna persona es obligada a gestar\u201d"}]},{"@type":"WebSite","@id":"https:\/\/diariofemenino.com.ar\/df\/#website","url":"https:\/\/diariofemenino.com.ar\/df\/","name":"Diario Digital Femenino","description":"Cuesti\u00f3n de G\u00e9nero","publisher":{"@id":"https:\/\/diariofemenino.com.ar\/df\/#organization"},"potentialAction":[{"@type":"SearchAction","target":{"@type":"EntryPoint","urlTemplate":"https:\/\/diariofemenino.com.ar\/df\/?s={search_term_string}"},"query-input":{"@type":"PropertyValueSpecification","valueRequired":true,"valueName":"search_term_string"}}],"inLanguage":"es"},{"@type":"Organization","@id":"https:\/\/diariofemenino.com.ar\/df\/#organization","name":"Diario Femenino","url":"https:\/\/diariofemenino.com.ar\/df\/","logo":{"@type":"ImageObject","inLanguage":"es","@id":"https:\/\/diariofemenino.com.ar\/df\/#\/schema\/logo\/image\/","url":"https:\/\/diariofemenino.com.ar\/df\/wp-content\/uploads\/2018\/10\/logo.png","contentUrl":"https:\/\/diariofemenino.com.ar\/df\/wp-content\/uploads\/2018\/10\/logo.png","width":500,"height":92,"caption":"Diario Femenino"},"image":{"@id":"https:\/\/diariofemenino.com.ar\/df\/#\/schema\/logo\/image\/"},"sameAs":["https:\/\/www.facebook.com\/DiarioDigitaFemenino\/","https:\/\/x.com\/DiarioFemenino1"]},{"@type":"Person","@id":"https:\/\/diariofemenino.com.ar\/df\/#\/schema\/person\/bf6199e8158c657ea6f789b11ec85509","name":"Admin","image":{"@type":"ImageObject","inLanguage":"es","@id":"https:\/\/diariofemenino.com.ar\/df\/wp-content\/uploads\/2018\/12\/favicon-150x150.jpg","url":"https:\/\/diariofemenino.com.ar\/df\/wp-content\/uploads\/2018\/12\/favicon-150x150.jpg","contentUrl":"https:\/\/diariofemenino.com.ar\/df\/wp-content\/uploads\/2018\/12\/favicon-150x150.jpg","caption":"Admin"},"url":"https:\/\/diariofemenino.com.ar\/df\/author\/lenny\/"}]}},"jetpack_featured_media_url":"https:\/\/diariofemenino.com.ar\/df\/wp-content\/uploads\/2020\/12\/WhatsApp-Image-2020-12-29-at-22.04.45.jpeg","jetpack_sharing_enabled":true,"rttpg_featured_image_url":{"full":["https:\/\/diariofemenino.com.ar\/df\/wp-content\/uploads\/2020\/12\/WhatsApp-Image-2020-12-29-at-22.04.45.jpeg",1280,719,false],"landscape":["https:\/\/diariofemenino.com.ar\/df\/wp-content\/uploads\/2020\/12\/WhatsApp-Image-2020-12-29-at-22.04.45.jpeg",1280,719,false],"portraits":["https:\/\/diariofemenino.com.ar\/df\/wp-content\/uploads\/2020\/12\/WhatsApp-Image-2020-12-29-at-22.04.45.jpeg",1280,719,false],"thumbnail":["https:\/\/diariofemenino.com.ar\/df\/wp-content\/uploads\/2020\/12\/WhatsApp-Image-2020-12-29-at-22.04.45-150x150.jpeg",150,150,true],"medium":["https:\/\/diariofemenino.com.ar\/df\/wp-content\/uploads\/2020\/12\/WhatsApp-Image-2020-12-29-at-22.04.45-300x169.jpeg",300,169,true],"large":["https:\/\/diariofemenino.com.ar\/df\/wp-content\/uploads\/2020\/12\/WhatsApp-Image-2020-12-29-at-22.04.45-1024x575.jpeg",1024,575,true],"1536x1536":["https:\/\/diariofemenino.com.ar\/df\/wp-content\/uploads\/2020\/12\/WhatsApp-Image-2020-12-29-at-22.04.45.jpeg",1280,719,false],"2048x2048":["https:\/\/diariofemenino.com.ar\/df\/wp-content\/uploads\/2020\/12\/WhatsApp-Image-2020-12-29-at-22.04.45.jpeg",1280,719,false]},"rttpg_author":{"display_name":"Admin","author_link":"https:\/\/diariofemenino.com.ar\/df\/author\/lenny\/"},"rttpg_comment":0,"rttpg_category":"<a href=\"https:\/\/diariofemenino.com.ar\/df\/category\/aborto\/\" rel=\"category tag\">Aborto<\/a> <a href=\"https:\/\/diariofemenino.com.ar\/df\/category\/agenda-feminista\/\" rel=\"category tag\">Agenda Feminista<\/a> <a href=\"https:\/\/diariofemenino.com.ar\/df\/category\/medios\/\" rel=\"category tag\">Medios<\/a> <a href=\"https:\/\/diariofemenino.com.ar\/df\/category\/noticias\/\" rel=\"category tag\">Noticias<\/a>","rttpg_excerpt":"El aborto legal en Argentina es Ley Durante el debate en el Senado del proyecto de Interrupci\u00f3n Voluntaria del Embarazo (IVE), que se vot\u00f3 anoche, el legislador pampeano Daniel Lovera (Frente de Todos) mencion\u00f3 la sesi\u00f3n de 2018 y record\u00f3 que en aquel entonces \u201cdije desde esta misma banca que quiz\u00e1 ese no fuese el&hellip;","_links":{"self":[{"href":"https:\/\/diariofemenino.com.ar\/df\/wp-json\/wp\/v2\/posts\/54795","targetHints":{"allow":["GET"]}}],"collection":[{"href":"https:\/\/diariofemenino.com.ar\/df\/wp-json\/wp\/v2\/posts"}],"about":[{"href":"https:\/\/diariofemenino.com.ar\/df\/wp-json\/wp\/v2\/types\/post"}],"author":[{"embeddable":true,"href":"https:\/\/diariofemenino.com.ar\/df\/wp-json\/wp\/v2\/users\/4"}],"replies":[{"embeddable":true,"href":"https:\/\/diariofemenino.com.ar\/df\/wp-json\/wp\/v2\/comments?post=54795"}],"version-history":[{"count":0,"href":"https:\/\/diariofemenino.com.ar\/df\/wp-json\/wp\/v2\/posts\/54795\/revisions"}],"wp:featuredmedia":[{"embeddable":true,"href":"https:\/\/diariofemenino.com.ar\/df\/wp-json\/wp\/v2\/media\/54796"}],"wp:attachment":[{"href":"https:\/\/diariofemenino.com.ar\/df\/wp-json\/wp\/v2\/media?parent=54795"}],"wp:term":[{"taxonomy":"category","embeddable":true,"href":"https:\/\/diariofemenino.com.ar\/df\/wp-json\/wp\/v2\/categories?post=54795"},{"taxonomy":"post_tag","embeddable":true,"href":"https:\/\/diariofemenino.com.ar\/df\/wp-json\/wp\/v2\/tags?post=54795"}],"curies":[{"name":"wp","href":"https:\/\/api.w.org\/{rel}","templated":true}]}}