{"id":5479,"date":"2013-01-25T11:15:27","date_gmt":"2013-01-25T14:15:27","guid":{"rendered":"http:\/\/www.diariofemenino.com.ar\/?p=5479"},"modified":"2013-01-25T11:15:27","modified_gmt":"2013-01-25T14:15:27","slug":"la-triste-costumbre-del-femicidio","status":"publish","type":"post","link":"https:\/\/diariofemenino.com.ar\/df\/la-triste-costumbre-del-femicidio\/","title":{"rendered":"La triste costumbre del femicidio"},"content":{"rendered":"<p>&nbsp;<br \/>\n&nbsp;<br \/>\n&nbsp;<br \/>\n&nbsp;<br \/>\n<strong><em>Por Nadia Fink<\/em><\/strong>. D\u00edas pasados Roc\u00edo Becerra en San Luis y Andrea Ortiz en Santa Fe fueron asesinadas por sus respectivas parejas. Ambas estaban embarazadas. Utilizamos estos casos de disparadores para seguir poniendo sobre la mesa la existencia del femicidio como un problema m\u00e1s de la sociedad.<br \/>\n<a href=\"http:\/\/www.diariofemenino.com.ar\/wp-content\/uploads\/42.jpg\"><img loading=\"lazy\" decoding=\"async\" class=\"alignleft size-full wp-image-5480\" title=\"4\" src=\"http:\/\/www.diariofemenino.com.ar\/wp-content\/uploads\/42.jpg\" alt=\"\" width=\"570\" height=\"285\" \/><\/a><br \/>\nEs el s\u00e1bado 19 de enero y es de madrugada. En la ciudad de Villa Mercedes, Roc\u00edo Anabel Becerra, con casi 9 meses de embarazo, muere asesinada por su novio de un balazo en la cabeza.<br \/>\nEn la ciudad santafecina de Vera son las tres de la ma\u00f1ana del lunes 21 y una ni\u00f1a de 8 a\u00f1os sale en busca de ayuda: su madre, Andrea Viviana Ortiz, se desangra en la cocina. Hab\u00eda sido apu\u00f1alada 27 veces por su pareja, y estaba embarazada de siete meses.<br \/>\nEn ambos casos, los hombres asesinaron no s\u00f3lo a sus parejas, sino tambi\u00e9n a los hijos que hab\u00edan concebido con ellas, otra muestra de lo que significa culturalmente la disposici\u00f3n sobre el cuerpo de las mujeres por parte de algunos hombres, el v\u00ednculo que trazan con la paternidad y la persistencia de la violencia intrafamiliar como una de las mayores causas de femicidios en la Argentina.<br \/>\nEn Vera, provincia de Santa Fe, el agente penitenciario Adri\u00e1n Marcelo Vega, de 40 a\u00f1os, volvi\u00f3 a su casa en la madrugada del lunes para continuar la discusi\u00f3n que hab\u00eda iniciado con su esposa antes de ir a trabajar a la Unidad Penitenciade Santa Felicia (a unos 30 km de su localidad). \u00bfEl motivo?, no quer\u00eda que fuera gente a jugar a las cartas con ella cuando el estaba de guardia. La discusi\u00f3n fue subiendo hasta que el agente resolvi\u00f3 terminarla: con un punz\u00f3n mat\u00f3 de 27 pu\u00f1aladas a Andrea, de 32 a\u00f1os. Una vez finalizado el acto, se subi\u00f3 al auto y volvi\u00f3 a su trabajo.<br \/>\nLos vecinos dieron aviso a la polic\u00eda cuando la hija de ambos sali\u00f3 a la calle desesperada para pedir ayuda. Una vez detenido como el principal sospechoso (por las manchas de sangre encontradas en su auto y en su ropa), Vega confes\u00f3 que la hab\u00eda asesinado.<br \/>\nComo en la mayor\u00eda de los casos en los que las parejas asesinan a sus mujeres, dentro del relato aparece lo que despu\u00e9s se tom\u00f3 como \u201cemoci\u00f3n violenta\u201d, que sirvi\u00f3 de atenuante para reducir las penas: la justificaci\u00f3n de los celos, de no recordar con claridad c\u00f3mo lo hab\u00eda hecho, de manifestarse como \u201cfuera de s\u00ed\u201d tambi\u00e9n fueron utilizados en el relato de Vega. La causa qued\u00f3 a cargo del juez Juan Manuel Rodrigo con la intervenci\u00f3n de la Unidad Regional XIX del departamento de Vera.<br \/>\nEn la ciudad de Villa Mercedes, San Luis, en la noche del s\u00e1bado la pareja compuesta por Hugo Miguel Palacio, de 22 a\u00f1os, y Roc\u00edo Anabel Bordana, de 18, volvi\u00f3 de un paseo por el centro y \u201ctodo parec\u00eda normal\u201d, dijeron los vecinos. Pero unas horas despu\u00e9s, en los pasillos que llevan a su vivienda en el barrio G\u00fcemes, un disparo en la cabeza asesinaba a Roc\u00edo. Hugo hab\u00eda apretado el gatillo y luego llev\u00f3 el rev\u00f3lver a su sien para suicidarse.<br \/>\nEntonces, otras voces empezaron a contar una realidad distinta: los familiares de Roc\u00edo dicen que ya hab\u00eda sido amenazada de muerte por su pareja, golpeada y que incluso los maltratos hab\u00edan sido denunciados a la Polic\u00eda. Pero la Polic\u00eda fue m\u00e1s r\u00e1pida y aclar\u00f3 enseguida ante los medios que \u201clos dos fallecidos ya ten\u00edan antecedentes policiales\u201d, la frase m\u00e1s utilizada para ensuciar a las v\u00edctimas, naturalizar los asesinatos en los barrios m\u00e1s empobrecidos y restarles contundencia a las denuncias anteriores que pudieran haberse realizado en las comisar\u00edas.<br \/>\nCuando llegaron, cuenta el padre, Antonio Bordo\u00f1a, el ni\u00f1o que estaba a punto de dar a luz Roc\u00edo se mov\u00eda de un lado al otro y creyeron que pod\u00eda salvarse, pero s\u00f3lo resisti\u00f3 unos minutos.<br \/>\nSi bien en noviembre de 2012 fue sancionada la ley que incluye al femicidio como agravante (no como figura penal aut\u00f3noma), como en muchos otros casos la ley penal no soluciona el problema si no se aborda en forma integral con cambios culturales, en las instituciones involucradas en las denuncias por parte de las mujeres, en las desigualdades judiciales, en el trato en hospitales, etc.<br \/>\nComo en otras cuestiones de g\u00e9nero, el trabajo cotidiano sigue siendo el de visibilizar las pr\u00e1cticas de las que las mujeres son v\u00edctimas: el femicidio, la trata para explotaci\u00f3n sexual, las muertes por abortos clandestinos. Las disputas que se dan desde el lenguaje y desde la penalizaci\u00f3n tienen que extenderse r\u00e1pidamente a las pr\u00e1cticas culturales contra el machismo naturalizado, a favor del respeto del cuerpo de la mujer en todas sus dimensiones, a trav\u00e9s de la libertad de decisiones (tan simples como la vida, tan personales y profundas como la maternidad y la libertad sexual).<br \/>\nHabr\u00e1 que seguir de cerca la actuaci\u00f3n de la Justicia en el caso del agente penitenciario Adri\u00e1n Marcelo Vega (porque en el otro caso no existe a quien imputar). Con casos recientes como el sobrese\u00edmiento de los 13 imputados por el caso de Marita Ver\u00f3n, la Justicia suele tomarse ciertas libertades en connivencia con mafias policiales y poderes pol\u00edticos. Que la ley de femicidio se cumpla y que la atenuante de \u201cemoci\u00f3n violenta\u201d sea dejado a un lado en el lenguaje judicial, ser\u00e1n peque\u00f1os avances ante un problema para abordar en forma integral.<br \/>\n&nbsp;<br \/>\n&nbsp;<br \/>\n&nbsp;<br \/>\nFuente: Marcha<\/p>\n","protected":false},"excerpt":{"rendered":"<p>&nbsp; &nbsp; &nbsp; &nbsp; Por Nadia Fink. D\u00edas pasados Roc\u00edo Becerra en San Luis y Andrea Ortiz en Santa Fe fueron asesinadas por sus respectivas parejas. Ambas estaban embarazadas. Utilizamos estos casos de disparadores para seguir poniendo sobre la mesa la existencia del femicidio como un problema m\u00e1s de la sociedad. Es el s\u00e1bado 19 [&hellip;]<\/p>\n","protected":false},"author":1,"featured_media":0,"comment_status":"open","ping_status":"open","sticky":false,"template":"","format":"standard","meta":{"iawp_total_views":3,"footnotes":""},"categories":[4,6],"tags":[],"class_list":["post-5479","post","type-post","status-publish","format-standard","hentry","category-medios","category-articulos"],"nelio_content":{"autoShareEndMode":"never","automationSources":{"useCustomSentences":false,"customSentences":[]},"efiAlt":"","efiUrl":"","followers":[],"highlights":[],"isAutoShareEnabled":true,"networkImageIds":[],"permalinkQueryArgs":[],"series":[],"suggestedReferences":[]},"yoast_head":"<!-- This site is optimized with the Yoast SEO plugin v27.4 - https:\/\/yoast.com\/product\/yoast-seo-wordpress\/ -->\n<title>La triste costumbre del femicidio - Diario Digital Femenino<\/title>\n<meta name=\"robots\" content=\"index, follow, max-snippet:-1, max-image-preview:large, max-video-preview:-1\" \/>\n<link rel=\"canonical\" href=\"https:\/\/diariofemenino.com.ar\/df\/la-triste-costumbre-del-femicidio\/\" \/>\n<meta property=\"og:locale\" content=\"es_ES\" \/>\n<meta property=\"og:type\" content=\"article\" \/>\n<meta property=\"og:title\" content=\"La triste costumbre del femicidio - Diario Digital Femenino\" \/>\n<meta property=\"og:description\" content=\"&nbsp; &nbsp; &nbsp; &nbsp; Por Nadia Fink. D\u00edas pasados Roc\u00edo Becerra en San Luis y Andrea Ortiz en Santa Fe fueron asesinadas por sus respectivas parejas. Ambas estaban embarazadas. Utilizamos estos casos de disparadores para seguir poniendo sobre la mesa la existencia del femicidio como un problema m\u00e1s de la sociedad. Es el s\u00e1bado 19 [&hellip;]\" \/>\n<meta property=\"og:url\" content=\"https:\/\/diariofemenino.com.ar\/df\/la-triste-costumbre-del-femicidio\/\" \/>\n<meta property=\"og:site_name\" content=\"Diario Digital Femenino\" \/>\n<meta property=\"article:publisher\" content=\"https:\/\/www.facebook.com\/DiarioDigitaFemenino\/\" \/>\n<meta property=\"article:published_time\" content=\"2013-01-25T14:15:27+00:00\" \/>\n<meta property=\"og:image\" content=\"http:\/\/www.diariofemenino.com.ar\/wp-content\/uploads\/42.jpg\" \/>\n<meta name=\"author\" content=\"Admin\" \/>\n<meta name=\"twitter:card\" content=\"summary_large_image\" \/>\n<meta name=\"twitter:creator\" content=\"@DiarioFemenino1\" \/>\n<meta name=\"twitter:site\" content=\"@DiarioFemenino1\" \/>\n<meta name=\"twitter:label1\" content=\"Escrito por\" \/>\n\t<meta name=\"twitter:data1\" content=\"Admin\" \/>\n\t<meta name=\"twitter:label2\" content=\"Tiempo de lectura\" \/>\n\t<meta name=\"twitter:data2\" content=\"5 minutos\" \/>\n<script type=\"application\/ld+json\" class=\"yoast-schema-graph\">{\"@context\":\"https:\\\/\\\/schema.org\",\"@graph\":[{\"@type\":\"Article\",\"@id\":\"https:\\\/\\\/diariofemenino.com.ar\\\/df\\\/la-triste-costumbre-del-femicidio\\\/#article\",\"isPartOf\":{\"@id\":\"https:\\\/\\\/diariofemenino.com.ar\\\/df\\\/la-triste-costumbre-del-femicidio\\\/\"},\"author\":{\"name\":\"Admin\",\"@id\":\"https:\\\/\\\/diariofemenino.com.ar\\\/df\\\/#\\\/schema\\\/person\\\/38f54b3bfd13f561de2460ba95c169c6\"},\"headline\":\"La triste costumbre del femicidio\",\"datePublished\":\"2013-01-25T14:15:27+00:00\",\"mainEntityOfPage\":{\"@id\":\"https:\\\/\\\/diariofemenino.com.ar\\\/df\\\/la-triste-costumbre-del-femicidio\\\/\"},\"wordCount\":974,\"commentCount\":0,\"publisher\":{\"@id\":\"https:\\\/\\\/diariofemenino.com.ar\\\/df\\\/#organization\"},\"image\":{\"@id\":\"https:\\\/\\\/diariofemenino.com.ar\\\/df\\\/la-triste-costumbre-del-femicidio\\\/#primaryimage\"},\"thumbnailUrl\":\"http:\\\/\\\/www.diariofemenino.com.ar\\\/wp-content\\\/uploads\\\/42.jpg\",\"articleSection\":[\"Medios\",\"Mujeres en Palabras\"],\"inLanguage\":\"es\",\"potentialAction\":[{\"@type\":\"CommentAction\",\"name\":\"Comment\",\"target\":[\"https:\\\/\\\/diariofemenino.com.ar\\\/df\\\/la-triste-costumbre-del-femicidio\\\/#respond\"]}]},{\"@type\":\"WebPage\",\"@id\":\"https:\\\/\\\/diariofemenino.com.ar\\\/df\\\/la-triste-costumbre-del-femicidio\\\/\",\"url\":\"https:\\\/\\\/diariofemenino.com.ar\\\/df\\\/la-triste-costumbre-del-femicidio\\\/\",\"name\":\"La triste costumbre del femicidio - Diario Digital Femenino\",\"isPartOf\":{\"@id\":\"https:\\\/\\\/diariofemenino.com.ar\\\/df\\\/#website\"},\"primaryImageOfPage\":{\"@id\":\"https:\\\/\\\/diariofemenino.com.ar\\\/df\\\/la-triste-costumbre-del-femicidio\\\/#primaryimage\"},\"image\":{\"@id\":\"https:\\\/\\\/diariofemenino.com.ar\\\/df\\\/la-triste-costumbre-del-femicidio\\\/#primaryimage\"},\"thumbnailUrl\":\"http:\\\/\\\/www.diariofemenino.com.ar\\\/wp-content\\\/uploads\\\/42.jpg\",\"datePublished\":\"2013-01-25T14:15:27+00:00\",\"breadcrumb\":{\"@id\":\"https:\\\/\\\/diariofemenino.com.ar\\\/df\\\/la-triste-costumbre-del-femicidio\\\/#breadcrumb\"},\"inLanguage\":\"es\",\"potentialAction\":[{\"@type\":\"ReadAction\",\"target\":[\"https:\\\/\\\/diariofemenino.com.ar\\\/df\\\/la-triste-costumbre-del-femicidio\\\/\"]}]},{\"@type\":\"ImageObject\",\"inLanguage\":\"es\",\"@id\":\"https:\\\/\\\/diariofemenino.com.ar\\\/df\\\/la-triste-costumbre-del-femicidio\\\/#primaryimage\",\"url\":\"http:\\\/\\\/www.diariofemenino.com.ar\\\/wp-content\\\/uploads\\\/42.jpg\",\"contentUrl\":\"http:\\\/\\\/www.diariofemenino.com.ar\\\/wp-content\\\/uploads\\\/42.jpg\"},{\"@type\":\"BreadcrumbList\",\"@id\":\"https:\\\/\\\/diariofemenino.com.ar\\\/df\\\/la-triste-costumbre-del-femicidio\\\/#breadcrumb\",\"itemListElement\":[{\"@type\":\"ListItem\",\"position\":1,\"name\":\"Portada\",\"item\":\"https:\\\/\\\/diariofemenino.com.ar\\\/df\\\/\"},{\"@type\":\"ListItem\",\"position\":2,\"name\":\"La triste costumbre del femicidio\"}]},{\"@type\":\"WebSite\",\"@id\":\"https:\\\/\\\/diariofemenino.com.ar\\\/df\\\/#website\",\"url\":\"https:\\\/\\\/diariofemenino.com.ar\\\/df\\\/\",\"name\":\"Diario Digital Femenino\",\"description\":\"Cuesti\u00f3n de G\u00e9nero\",\"publisher\":{\"@id\":\"https:\\\/\\\/diariofemenino.com.ar\\\/df\\\/#organization\"},\"potentialAction\":[{\"@type\":\"SearchAction\",\"target\":{\"@type\":\"EntryPoint\",\"urlTemplate\":\"https:\\\/\\\/diariofemenino.com.ar\\\/df\\\/?s={search_term_string}\"},\"query-input\":{\"@type\":\"PropertyValueSpecification\",\"valueRequired\":true,\"valueName\":\"search_term_string\"}}],\"inLanguage\":\"es\"},{\"@type\":\"Organization\",\"@id\":\"https:\\\/\\\/diariofemenino.com.ar\\\/df\\\/#organization\",\"name\":\"Diario Femenino\",\"url\":\"https:\\\/\\\/diariofemenino.com.ar\\\/df\\\/\",\"logo\":{\"@type\":\"ImageObject\",\"inLanguage\":\"es\",\"@id\":\"https:\\\/\\\/diariofemenino.com.ar\\\/df\\\/#\\\/schema\\\/logo\\\/image\\\/\",\"url\":\"https:\\\/\\\/diariofemenino.com.ar\\\/df\\\/wp-content\\\/uploads\\\/2018\\\/10\\\/logo.png\",\"contentUrl\":\"https:\\\/\\\/diariofemenino.com.ar\\\/df\\\/wp-content\\\/uploads\\\/2018\\\/10\\\/logo.png\",\"width\":500,\"height\":92,\"caption\":\"Diario Femenino\"},\"image\":{\"@id\":\"https:\\\/\\\/diariofemenino.com.ar\\\/df\\\/#\\\/schema\\\/logo\\\/image\\\/\"},\"sameAs\":[\"https:\\\/\\\/www.facebook.com\\\/DiarioDigitaFemenino\\\/\",\"https:\\\/\\\/x.com\\\/DiarioFemenino1\"]},{\"@type\":\"Person\",\"@id\":\"https:\\\/\\\/diariofemenino.com.ar\\\/df\\\/#\\\/schema\\\/person\\\/38f54b3bfd13f561de2460ba95c169c6\",\"name\":\"Admin\",\"image\":{\"@type\":\"ImageObject\",\"inLanguage\":\"es\",\"@id\":\"https:\\\/\\\/diariofemenino.com.ar\\\/df\\\/wp-content\\\/uploads\\\/2018\\\/12\\\/favicon-150x150.jpg\",\"url\":\"https:\\\/\\\/diariofemenino.com.ar\\\/df\\\/wp-content\\\/uploads\\\/2018\\\/12\\\/favicon-150x150.jpg\",\"contentUrl\":\"https:\\\/\\\/diariofemenino.com.ar\\\/df\\\/wp-content\\\/uploads\\\/2018\\\/12\\\/favicon-150x150.jpg\",\"caption\":\"Admin\"},\"url\":\"https:\\\/\\\/diariofemenino.com.ar\\\/df\\\/author\\\/adm18df\\\/\"}]}<\/script>\n<!-- \/ Yoast SEO plugin. -->","yoast_head_json":{"title":"La triste costumbre del femicidio - Diario Digital Femenino","robots":{"index":"index","follow":"follow","max-snippet":"max-snippet:-1","max-image-preview":"max-image-preview:large","max-video-preview":"max-video-preview:-1"},"canonical":"https:\/\/diariofemenino.com.ar\/df\/la-triste-costumbre-del-femicidio\/","og_locale":"es_ES","og_type":"article","og_title":"La triste costumbre del femicidio - Diario Digital Femenino","og_description":"&nbsp; &nbsp; &nbsp; &nbsp; Por Nadia Fink. D\u00edas pasados Roc\u00edo Becerra en San Luis y Andrea Ortiz en Santa Fe fueron asesinadas por sus respectivas parejas. Ambas estaban embarazadas. Utilizamos estos casos de disparadores para seguir poniendo sobre la mesa la existencia del femicidio como un problema m\u00e1s de la sociedad. Es el s\u00e1bado 19 [&hellip;]","og_url":"https:\/\/diariofemenino.com.ar\/df\/la-triste-costumbre-del-femicidio\/","og_site_name":"Diario Digital Femenino","article_publisher":"https:\/\/www.facebook.com\/DiarioDigitaFemenino\/","article_published_time":"2013-01-25T14:15:27+00:00","og_image":[{"url":"http:\/\/www.diariofemenino.com.ar\/wp-content\/uploads\/42.jpg","type":"","width":"","height":""}],"author":"Admin","twitter_card":"summary_large_image","twitter_creator":"@DiarioFemenino1","twitter_site":"@DiarioFemenino1","twitter_misc":{"Escrito por":"Admin","Tiempo de lectura":"5 minutos"},"schema":{"@context":"https:\/\/schema.org","@graph":[{"@type":"Article","@id":"https:\/\/diariofemenino.com.ar\/df\/la-triste-costumbre-del-femicidio\/#article","isPartOf":{"@id":"https:\/\/diariofemenino.com.ar\/df\/la-triste-costumbre-del-femicidio\/"},"author":{"name":"Admin","@id":"https:\/\/diariofemenino.com.ar\/df\/#\/schema\/person\/38f54b3bfd13f561de2460ba95c169c6"},"headline":"La triste costumbre del femicidio","datePublished":"2013-01-25T14:15:27+00:00","mainEntityOfPage":{"@id":"https:\/\/diariofemenino.com.ar\/df\/la-triste-costumbre-del-femicidio\/"},"wordCount":974,"commentCount":0,"publisher":{"@id":"https:\/\/diariofemenino.com.ar\/df\/#organization"},"image":{"@id":"https:\/\/diariofemenino.com.ar\/df\/la-triste-costumbre-del-femicidio\/#primaryimage"},"thumbnailUrl":"http:\/\/www.diariofemenino.com.ar\/wp-content\/uploads\/42.jpg","articleSection":["Medios","Mujeres en Palabras"],"inLanguage":"es","potentialAction":[{"@type":"CommentAction","name":"Comment","target":["https:\/\/diariofemenino.com.ar\/df\/la-triste-costumbre-del-femicidio\/#respond"]}]},{"@type":"WebPage","@id":"https:\/\/diariofemenino.com.ar\/df\/la-triste-costumbre-del-femicidio\/","url":"https:\/\/diariofemenino.com.ar\/df\/la-triste-costumbre-del-femicidio\/","name":"La triste costumbre del femicidio - Diario Digital Femenino","isPartOf":{"@id":"https:\/\/diariofemenino.com.ar\/df\/#website"},"primaryImageOfPage":{"@id":"https:\/\/diariofemenino.com.ar\/df\/la-triste-costumbre-del-femicidio\/#primaryimage"},"image":{"@id":"https:\/\/diariofemenino.com.ar\/df\/la-triste-costumbre-del-femicidio\/#primaryimage"},"thumbnailUrl":"http:\/\/www.diariofemenino.com.ar\/wp-content\/uploads\/42.jpg","datePublished":"2013-01-25T14:15:27+00:00","breadcrumb":{"@id":"https:\/\/diariofemenino.com.ar\/df\/la-triste-costumbre-del-femicidio\/#breadcrumb"},"inLanguage":"es","potentialAction":[{"@type":"ReadAction","target":["https:\/\/diariofemenino.com.ar\/df\/la-triste-costumbre-del-femicidio\/"]}]},{"@type":"ImageObject","inLanguage":"es","@id":"https:\/\/diariofemenino.com.ar\/df\/la-triste-costumbre-del-femicidio\/#primaryimage","url":"http:\/\/www.diariofemenino.com.ar\/wp-content\/uploads\/42.jpg","contentUrl":"http:\/\/www.diariofemenino.com.ar\/wp-content\/uploads\/42.jpg"},{"@type":"BreadcrumbList","@id":"https:\/\/diariofemenino.com.ar\/df\/la-triste-costumbre-del-femicidio\/#breadcrumb","itemListElement":[{"@type":"ListItem","position":1,"name":"Portada","item":"https:\/\/diariofemenino.com.ar\/df\/"},{"@type":"ListItem","position":2,"name":"La triste costumbre del femicidio"}]},{"@type":"WebSite","@id":"https:\/\/diariofemenino.com.ar\/df\/#website","url":"https:\/\/diariofemenino.com.ar\/df\/","name":"Diario Digital Femenino","description":"Cuesti\u00f3n de G\u00e9nero","publisher":{"@id":"https:\/\/diariofemenino.com.ar\/df\/#organization"},"potentialAction":[{"@type":"SearchAction","target":{"@type":"EntryPoint","urlTemplate":"https:\/\/diariofemenino.com.ar\/df\/?s={search_term_string}"},"query-input":{"@type":"PropertyValueSpecification","valueRequired":true,"valueName":"search_term_string"}}],"inLanguage":"es"},{"@type":"Organization","@id":"https:\/\/diariofemenino.com.ar\/df\/#organization","name":"Diario Femenino","url":"https:\/\/diariofemenino.com.ar\/df\/","logo":{"@type":"ImageObject","inLanguage":"es","@id":"https:\/\/diariofemenino.com.ar\/df\/#\/schema\/logo\/image\/","url":"https:\/\/diariofemenino.com.ar\/df\/wp-content\/uploads\/2018\/10\/logo.png","contentUrl":"https:\/\/diariofemenino.com.ar\/df\/wp-content\/uploads\/2018\/10\/logo.png","width":500,"height":92,"caption":"Diario Femenino"},"image":{"@id":"https:\/\/diariofemenino.com.ar\/df\/#\/schema\/logo\/image\/"},"sameAs":["https:\/\/www.facebook.com\/DiarioDigitaFemenino\/","https:\/\/x.com\/DiarioFemenino1"]},{"@type":"Person","@id":"https:\/\/diariofemenino.com.ar\/df\/#\/schema\/person\/38f54b3bfd13f561de2460ba95c169c6","name":"Admin","image":{"@type":"ImageObject","inLanguage":"es","@id":"https:\/\/diariofemenino.com.ar\/df\/wp-content\/uploads\/2018\/12\/favicon-150x150.jpg","url":"https:\/\/diariofemenino.com.ar\/df\/wp-content\/uploads\/2018\/12\/favicon-150x150.jpg","contentUrl":"https:\/\/diariofemenino.com.ar\/df\/wp-content\/uploads\/2018\/12\/favicon-150x150.jpg","caption":"Admin"},"url":"https:\/\/diariofemenino.com.ar\/df\/author\/adm18df\/"}]}},"jetpack_featured_media_url":"","jetpack_sharing_enabled":true,"rttpg_featured_image_url":null,"rttpg_author":{"display_name":"Admin","author_link":"https:\/\/diariofemenino.com.ar\/df\/author\/adm18df\/"},"rttpg_comment":0,"rttpg_category":"<a href=\"https:\/\/diariofemenino.com.ar\/df\/category\/medios\/\" rel=\"category tag\">Medios<\/a> <a href=\"https:\/\/diariofemenino.com.ar\/df\/category\/articulos\/\" rel=\"category tag\">Mujeres en Palabras<\/a>","rttpg_excerpt":"&nbsp; &nbsp; &nbsp; &nbsp; Por Nadia Fink. D\u00edas pasados Roc\u00edo Becerra en San Luis y Andrea Ortiz en Santa Fe fueron asesinadas por sus respectivas parejas. Ambas estaban embarazadas. Utilizamos estos casos de disparadores para seguir poniendo sobre la mesa la existencia del femicidio como un problema m\u00e1s de la sociedad. Es el s\u00e1bado 19&hellip;","_links":{"self":[{"href":"https:\/\/diariofemenino.com.ar\/df\/wp-json\/wp\/v2\/posts\/5479","targetHints":{"allow":["GET"]}}],"collection":[{"href":"https:\/\/diariofemenino.com.ar\/df\/wp-json\/wp\/v2\/posts"}],"about":[{"href":"https:\/\/diariofemenino.com.ar\/df\/wp-json\/wp\/v2\/types\/post"}],"author":[{"embeddable":true,"href":"https:\/\/diariofemenino.com.ar\/df\/wp-json\/wp\/v2\/users\/1"}],"replies":[{"embeddable":true,"href":"https:\/\/diariofemenino.com.ar\/df\/wp-json\/wp\/v2\/comments?post=5479"}],"version-history":[{"count":0,"href":"https:\/\/diariofemenino.com.ar\/df\/wp-json\/wp\/v2\/posts\/5479\/revisions"}],"wp:attachment":[{"href":"https:\/\/diariofemenino.com.ar\/df\/wp-json\/wp\/v2\/media?parent=5479"}],"wp:term":[{"taxonomy":"category","embeddable":true,"href":"https:\/\/diariofemenino.com.ar\/df\/wp-json\/wp\/v2\/categories?post=5479"},{"taxonomy":"post_tag","embeddable":true,"href":"https:\/\/diariofemenino.com.ar\/df\/wp-json\/wp\/v2\/tags?post=5479"}],"curies":[{"name":"wp","href":"https:\/\/api.w.org\/{rel}","templated":true}]}}