{"id":54724,"date":"2020-12-27T10:23:21","date_gmt":"2020-12-27T13:23:21","guid":{"rendered":"https:\/\/diariofemenino.com.ar\/?p=54724"},"modified":"2020-12-27T10:23:21","modified_gmt":"2020-12-27T13:23:21","slug":"piden-a-marino-que-no-vote-en-contra-de-la-ive","status":"publish","type":"post","link":"https:\/\/diariofemenino.com.ar\/df\/piden-a-marino-que-no-vote-en-contra-de-la-ive\/","title":{"rendered":"Piden a Marino que no vote en contra de la IVE"},"content":{"rendered":"<p class=\"MsoNormal\" style=\"text-align: justify;\">Un numeroso grupo de instituciones, organizaciones sociales, legisladores, jueces y funcionarios judiciales, intendentes, funcionarios municipales, medios de comunicaci\u00f3n y personas en general solicitaron al senador radical Juan Carlos Marino que revea su posici\u00f3n y al momento de <a href=\"https:\/\/diariofemenino.com.ar\/como-votarian-los-senadores-el-proyecto-de-aborto-legal\/\">votar por el proyecto de ley de Interrupci\u00f3n Voluntaria del Embarazo<\/a>, lo haga por la afirmativa. Le pidieron que deje de arrogarse una representaci\u00f3n que no tiene por cuanto a estos sectores sociales no los ha consultado ni escuchado.<\/p>\n<p class=\"MsoNormal\" style=\"text-align: justify;\">En una solicitada a p\u00e1gina completa que se publica en la edici\u00f3n de hoy y que lleva por t\u00edtulo \u00abLey IVE: Toda escucha es pol\u00edtica\u00bb, estas entidades, legisladores funcionarios p\u00fablicos y militantes de causas por la igualdad de derechos plantearon que nuestro pa\u00eds \u00abcarece del abordaje preventivo e integral por parte del Estado para evitar el impacto negativo del aborto clandestino sobre la vida y la salud de las mujeres y personas con capacidad de gestar\u00bb, una carencia que provoca que \u00abcada a\u00f1o, decenas de mujeres j\u00f3venes y pobres mueren por esta causa\u00bb, estigmatizadas y relegadas \u00abal lugar de la verg\u00fcenza y el silencio\u00bb.<\/p>\n<p class=\"MsoNormal\" style=\"text-align: justify;\">En el a\u00f1o 2005, recordaron, surgi\u00f3 la Campa\u00f1a Nacional por el Derecho al Aborto legal, Seguro y Gratuito, una construcci\u00f3n federal que desde su inicio y en todos los puntos del pa\u00eds ha reclamado incesantemente a los poderes del Estado \u00abestrategias eficaces contra una de las formas de violaci\u00f3n de los Derechos Humanos de las mujeres: el aborto inseguro\u00bb.<br \/>\nTras 15 a\u00f1os de lucha, el leit-motiv del movimiento vigente y tiene hoy dos objetivos bien claros: \u00ablograr que sea Ley la Interrupci\u00f3n Voluntaria del Embarazo, por plazos y causales\u00bb y que la Educaci\u00f3n Sexual Integral \u00abse garantice en todos los niveles educativos del pa\u00eds\u00bb.<br \/>\nEstos espacios y sus protagonistas son los que hoy reclaman a los representantes pampeanos en el Congreso Nacional: \u00ab\u00a1Hoy que lograr la aprobaci\u00f3n de la Ley IVE. Ahora es el tiempo de legislar con principio de igualdad!\u00bb.<\/p>\n<p class=\"MsoNormal\" style=\"text-align: justify;\">El aborto \u00abes una realidad cotidiana en nuestras comunidades\u00bb expresaron los firmantes de la solicitada. La ley que se reclama \u00abno obliga a ninguna persona a actuar contra sus elecciones\u00bb sino que resulta imprescindible \u00abpara garantizar pol\u00edticas p\u00fablicas, en salud y educaci\u00f3n, capaces de erradicar las consecuencias de dolor, muerte enfermedad, inequidad e injusticia que provoca el aborto clandestino en Argentina\u00bb.<\/p>\n<p class=\"MsoNormal\" style=\"text-align: justify;\"><b style=\"mso-bidi-font-weight: normal;\">Reproche.<\/b><br \/>\nAnticipando un eventual voto negativo, los firmantes advirtieron que quienes tomen ese camino \u00abeligen desconocer a los amplios sectores de la poblaci\u00f3n que reclamamos el derecho a decidir, con libertad y responsabilidad, nuestros proyectos vitales\u00bb.<\/p>\n<p class=\"MsoNormal\" style=\"text-align: justify;\">En el caso de Marino, hace una semana anunci\u00f3 que votar\u00eda en contra, tras explicar que hab\u00eda escuchado a amplios y representativos sectores de la sociedad que as\u00ed se lo pidieron. En respuesta a esa afirmaci\u00f3n, los firmantes aclararon que a ellos no los ha escuchado -pese a la enorme representatividad que ostentan- y le anticiparon que \u00abno aceptaremos que se arrogue nuestra representaci\u00f3n para justificar sus elecciones\u00bb.<\/p>\n<p class=\"MsoNormal\" style=\"text-align: justify;\">Concluye la solicitada con una fuerte declaraci\u00f3n: \u00abSomos, todas juntas, las personas y las organizaciones pampeanas que seguiremos acompa\u00f1ando a cada ni\u00f1a, adolescente, mujer y persona con capacidad de gestar en la lucha por su derecho, su vida y su dignidad\u00bb.<br \/>\n\u00abSomos las que decimos alto y fuerte: Ser\u00e1 ley!\u00bb, finaliza.<\/p>\n<figure id=\"attachment_54611\" aria-describedby=\"caption-attachment-54611\" style=\"width: 800px\" class=\"wp-caption aligncenter\"><img loading=\"lazy\" decoding=\"async\" class=\"size-full wp-image-54611\" src=\"https:\/\/diariofemenino.com.ar\/df\/wp-content\/uploads\/2020\/12\/WhatsApp-Image-2020-12-11-at-10.14.50-800x450_center_center.jpeg\" alt=\"Piden a Marino que no vote en contra de la IVE\" width=\"800\" height=\"450\" srcset=\"https:\/\/diariofemenino.com.ar\/df\/wp-content\/uploads\/2020\/12\/WhatsApp-Image-2020-12-11-at-10.14.50-800x450_center_center.jpeg 800w, https:\/\/diariofemenino.com.ar\/df\/wp-content\/uploads\/2020\/12\/WhatsApp-Image-2020-12-11-at-10.14.50-800x450_center_center-300x169.jpeg 300w, https:\/\/diariofemenino.com.ar\/df\/wp-content\/uploads\/2020\/12\/WhatsApp-Image-2020-12-11-at-10.14.50-800x450_center_center-768x432.jpeg 768w\" sizes=\"auto, (max-width: 800px) 100vw, 800px\" \/><figcaption id=\"caption-attachment-54611\" class=\"wp-caption-text\">Piden a Marino que no vote en contra de la IVE<\/figcaption><\/figure>\n<p class=\"MsoNormal\" style=\"text-align: justify;\"><b style=\"mso-bidi-font-weight: normal;\">Firmantes.<\/b><br \/>\nLa enumeraci\u00f3n de firmantes comprende a una gran cantidad de personas, organizaciones, espacios sociales y sectores pol\u00edticos de distintas ideolog\u00edas.<\/p>\n<p class=\"MsoNormal\" style=\"text-align: justify;\">Entre otros, firmaron la solicitada el Foro Pampeano por el Derecho al Aborto Legal, Seguro y Gratuito; Mujeres por la Solidaridad; Instituto Interdisciplinario de Estudios de G\u00e9neros de la UNLPam; el Protocolo de Intervenci\u00f3n Institucional ante situaciones de violencia de g\u00e9nero, acoso sexual y discriminaci\u00f3n de g\u00e9nero de la UNLPam; la C\u00e1tedra Libre y Extracurricular de ESI, Derechos Sexuales y Reproductivos; el Movimiento Pampeano por los Derechos Humanos y el Foro Pampeano de Ni\u00f1ez y Adolescencia.<\/p>\n<p class=\"MsoNormal\" style=\"text-align: justify;\">Entre los legisladores, suscribieron el texto los diputados\/as provinciales Marcos Cuelle, Espartaco Mar\u00edn, Carina Pereyra, Leonardo Avenda\u00f1o; Mart\u00edn Balsa; la senadora mandato vencido Silvia Gallego y los diputados mandatos vencidos Gladys Russell, Lila Duperau, Adri\u00e1n Peppino, Eduardo Tindiglia, Marcela Coli.<\/p>\n<p class=\"MsoNormal\" style=\"text-align: justify;\">Por los intendentes lo hicieron Fernanda Alonso (General Pico) y Patricia Lav\u00edn (Ingeniero Luiggi); entre los colegios profesionales figuran el Colegio de Psic\u00f3logos y la Asociaci\u00f3n de Medicina General, Familiar y Equipo de Salud; y entre las organizaciones gremiales figuran Utelpa, Sipren, ATE La Pampa, ADU, CTA de los Trabajadores y Sitep.<\/p>\n<p class=\"MsoNormal\" style=\"text-align: justify;\">Los organismos y funcionarios judiciales firmantes tambi\u00e9n son numerosos: Defensor\u00eda de los derechos de ni\u00f1as, ni\u00f1os y adolescentes; juez de ejecuci\u00f3n Mart\u00edn Saravia;, juez Leandro Gilardenghi, fiscal general Armando Ag\u00fcero; fiscalas Ivana Hern\u00e1ndez, Ana Ruffini y Ver\u00f3nica Campo; por la prosecretaria del MPF-General Pico, Andre\u00edana Montes y Mat\u00edas Juan; la defensora penal Paula Arrigone, y por la Defensor\u00eda Civil de Santa Rosa, Mar\u00eda B. Scoles; Dorila Romero; Yael Alvarez; Norma Mu\u00f1oz, W\u00e1lter Unaiche, y Sol Tagua.<\/p>\n<p class=\"MsoNormal\" style=\"text-align: justify;\">Numerosos medios de comunicaci\u00f3n y espacios comunicacionales, redes profesionales y protocolos de intervenci\u00f3n contra la violencia y la discriminaci\u00f3n, adem\u00e1s de una extensa lista de personas, tambi\u00e9n apoyaron los planteos plasmados en la solicitada.<\/p>\n<p class=\"MsoNormal\"><a href=\"http:\/\/www.laarena.com.ar\/\">La Arena<\/a><\/p>\n<p class=\"MsoNormal\"><a href=\"https:\/\/diariofemenino.com.ar\/\">Diario Digital Femenino<\/a><\/p>\n","protected":false},"excerpt":{"rendered":"<p>Un numeroso grupo de instituciones, organizaciones sociales, legisladores, jueces y funcionarios judiciales, intendentes, funcionarios municipales, medios de comunicaci\u00f3n y personas en general solicitaron al senador radical Juan Carlos Marino que revea su posici\u00f3n y al momento de votar por el proyecto de ley de Interrupci\u00f3n Voluntaria del Embarazo, lo haga por la afirmativa. Le pidieron [&hellip;]<\/p>\n","protected":false},"author":1,"featured_media":54725,"comment_status":"open","ping_status":"open","sticky":false,"template":"","format":"standard","meta":{"iawp_total_views":2,"footnotes":""},"categories":[22,21,580,23],"tags":[1483,439,3956,1882],"class_list":["post-54724","post","type-post","status-publish","format-standard","has-post-thumbnail","hentry","category-aborto","category-noticias","category-resistencia-verdevioleta","category-salud","tag-ive","tag-la-pampa","tag-marino","tag-senadores"],"nelio_content":{"autoShareEndMode":"never","automationSources":{"useCustomSentences":false,"customSentences":[]},"efiAlt":"","efiUrl":"","followers":[],"highlights":[],"isAutoShareEnabled":true,"networkImageIds":[],"permalinkQueryArgs":[],"series":[],"suggestedReferences":[]},"yoast_head":"<!-- This site is optimized with the Yoast SEO plugin v27.5 - https:\/\/yoast.com\/product\/yoast-seo-wordpress\/ -->\n<title>Piden a Marino que no vote en contra de la IVE - Diario Digital Femenino<\/title>\n<meta name=\"description\" content=\"Marino, hace una semana anunci\u00f3 que votar\u00eda en contra, tras explicar que hab\u00eda escuchado a amplios y representativos sectores de la sociedad\" \/>\n<meta name=\"robots\" content=\"index, follow, max-snippet:-1, max-image-preview:large, max-video-preview:-1\" \/>\n<link rel=\"canonical\" href=\"https:\/\/diariofemenino.com.ar\/df\/piden-a-marino-que-no-vote-en-contra-de-la-ive\/\" \/>\n<meta property=\"og:locale\" content=\"es_ES\" \/>\n<meta property=\"og:type\" content=\"article\" \/>\n<meta property=\"og:title\" content=\"Piden a Marino que no vote en contra de la IVE - Diario Digital Femenino\" \/>\n<meta property=\"og:description\" content=\"Marino, hace una semana anunci\u00f3 que votar\u00eda en contra, tras explicar que hab\u00eda escuchado a amplios y representativos sectores de la sociedad\" \/>\n<meta property=\"og:url\" content=\"https:\/\/diariofemenino.com.ar\/df\/piden-a-marino-que-no-vote-en-contra-de-la-ive\/\" \/>\n<meta property=\"og:site_name\" content=\"Diario Digital Femenino\" \/>\n<meta property=\"article:publisher\" content=\"https:\/\/www.facebook.com\/DiarioDigitaFemenino\/\" \/>\n<meta property=\"article:published_time\" content=\"2020-12-27T13:23:21+00:00\" \/>\n<meta property=\"og:image\" content=\"https:\/\/diariofemenino.com.ar\/df\/wp-content\/uploads\/2020\/12\/06-marino0ea561fa-e1609075251987.jpg\" \/>\n\t<meta property=\"og:image:width\" content=\"696\" \/>\n\t<meta property=\"og:image:height\" content=\"513\" \/>\n\t<meta property=\"og:image:type\" content=\"image\/jpeg\" \/>\n<meta name=\"author\" content=\"Admin\" \/>\n<meta name=\"twitter:card\" content=\"summary_large_image\" \/>\n<meta name=\"twitter:creator\" content=\"@DiarioFemenino1\" \/>\n<meta name=\"twitter:site\" content=\"@DiarioFemenino1\" \/>\n<meta name=\"twitter:label1\" content=\"Escrito por\" \/>\n\t<meta name=\"twitter:data1\" content=\"Admin\" \/>\n\t<meta name=\"twitter:label2\" content=\"Tiempo de lectura\" \/>\n\t<meta name=\"twitter:data2\" content=\"5 minutos\" \/>\n<script type=\"application\/ld+json\" class=\"yoast-schema-graph\">{\"@context\":\"https:\\\/\\\/schema.org\",\"@graph\":[{\"@type\":\"Article\",\"@id\":\"https:\\\/\\\/diariofemenino.com.ar\\\/df\\\/piden-a-marino-que-no-vote-en-contra-de-la-ive\\\/#article\",\"isPartOf\":{\"@id\":\"https:\\\/\\\/diariofemenino.com.ar\\\/df\\\/piden-a-marino-que-no-vote-en-contra-de-la-ive\\\/\"},\"author\":{\"name\":\"Admin\",\"@id\":\"https:\\\/\\\/diariofemenino.com.ar\\\/df\\\/#\\\/schema\\\/person\\\/38f54b3bfd13f561de2460ba95c169c6\"},\"headline\":\"Piden a Marino que no vote en contra de la IVE\",\"datePublished\":\"2020-12-27T13:23:21+00:00\",\"mainEntityOfPage\":{\"@id\":\"https:\\\/\\\/diariofemenino.com.ar\\\/df\\\/piden-a-marino-que-no-vote-en-contra-de-la-ive\\\/\"},\"wordCount\":940,\"commentCount\":0,\"publisher\":{\"@id\":\"https:\\\/\\\/diariofemenino.com.ar\\\/df\\\/#organization\"},\"image\":{\"@id\":\"https:\\\/\\\/diariofemenino.com.ar\\\/df\\\/piden-a-marino-que-no-vote-en-contra-de-la-ive\\\/#primaryimage\"},\"thumbnailUrl\":\"https:\\\/\\\/diariofemenino.com.ar\\\/df\\\/wp-content\\\/uploads\\\/2020\\\/12\\\/06-marino0ea561fa-e1609075251987.jpg\",\"keywords\":[\"IVE\",\"La Pampa\",\"Marino\",\"senadores\"],\"articleSection\":[\"Aborto\",\"Noticias\",\"Resistencia VerdeVioleta\",\"Salud\"],\"inLanguage\":\"es\",\"potentialAction\":[{\"@type\":\"CommentAction\",\"name\":\"Comment\",\"target\":[\"https:\\\/\\\/diariofemenino.com.ar\\\/df\\\/piden-a-marino-que-no-vote-en-contra-de-la-ive\\\/#respond\"]}]},{\"@type\":\"WebPage\",\"@id\":\"https:\\\/\\\/diariofemenino.com.ar\\\/df\\\/piden-a-marino-que-no-vote-en-contra-de-la-ive\\\/\",\"url\":\"https:\\\/\\\/diariofemenino.com.ar\\\/df\\\/piden-a-marino-que-no-vote-en-contra-de-la-ive\\\/\",\"name\":\"Piden a Marino que no vote en contra de la IVE - Diario Digital Femenino\",\"isPartOf\":{\"@id\":\"https:\\\/\\\/diariofemenino.com.ar\\\/df\\\/#website\"},\"primaryImageOfPage\":{\"@id\":\"https:\\\/\\\/diariofemenino.com.ar\\\/df\\\/piden-a-marino-que-no-vote-en-contra-de-la-ive\\\/#primaryimage\"},\"image\":{\"@id\":\"https:\\\/\\\/diariofemenino.com.ar\\\/df\\\/piden-a-marino-que-no-vote-en-contra-de-la-ive\\\/#primaryimage\"},\"thumbnailUrl\":\"https:\\\/\\\/diariofemenino.com.ar\\\/df\\\/wp-content\\\/uploads\\\/2020\\\/12\\\/06-marino0ea561fa-e1609075251987.jpg\",\"datePublished\":\"2020-12-27T13:23:21+00:00\",\"description\":\"Marino, hace una semana anunci\u00f3 que votar\u00eda en contra, tras explicar que hab\u00eda escuchado a amplios y representativos sectores de la sociedad\",\"breadcrumb\":{\"@id\":\"https:\\\/\\\/diariofemenino.com.ar\\\/df\\\/piden-a-marino-que-no-vote-en-contra-de-la-ive\\\/#breadcrumb\"},\"inLanguage\":\"es\",\"potentialAction\":[{\"@type\":\"ReadAction\",\"target\":[\"https:\\\/\\\/diariofemenino.com.ar\\\/df\\\/piden-a-marino-que-no-vote-en-contra-de-la-ive\\\/\"]}]},{\"@type\":\"ImageObject\",\"inLanguage\":\"es\",\"@id\":\"https:\\\/\\\/diariofemenino.com.ar\\\/df\\\/piden-a-marino-que-no-vote-en-contra-de-la-ive\\\/#primaryimage\",\"url\":\"https:\\\/\\\/diariofemenino.com.ar\\\/df\\\/wp-content\\\/uploads\\\/2020\\\/12\\\/06-marino0ea561fa-e1609075251987.jpg\",\"contentUrl\":\"https:\\\/\\\/diariofemenino.com.ar\\\/df\\\/wp-content\\\/uploads\\\/2020\\\/12\\\/06-marino0ea561fa-e1609075251987.jpg\",\"width\":696,\"height\":513,\"caption\":\"Piden a Marino que no vote en contra de la IVE\"},{\"@type\":\"BreadcrumbList\",\"@id\":\"https:\\\/\\\/diariofemenino.com.ar\\\/df\\\/piden-a-marino-que-no-vote-en-contra-de-la-ive\\\/#breadcrumb\",\"itemListElement\":[{\"@type\":\"ListItem\",\"position\":1,\"name\":\"Portada\",\"item\":\"https:\\\/\\\/diariofemenino.com.ar\\\/df\\\/\"},{\"@type\":\"ListItem\",\"position\":2,\"name\":\"Piden a Marino que no vote en contra de la IVE\"}]},{\"@type\":\"WebSite\",\"@id\":\"https:\\\/\\\/diariofemenino.com.ar\\\/df\\\/#website\",\"url\":\"https:\\\/\\\/diariofemenino.com.ar\\\/df\\\/\",\"name\":\"Diario Digital Femenino\",\"description\":\"Cuesti\u00f3n de G\u00e9nero\",\"publisher\":{\"@id\":\"https:\\\/\\\/diariofemenino.com.ar\\\/df\\\/#organization\"},\"potentialAction\":[{\"@type\":\"SearchAction\",\"target\":{\"@type\":\"EntryPoint\",\"urlTemplate\":\"https:\\\/\\\/diariofemenino.com.ar\\\/df\\\/?s={search_term_string}\"},\"query-input\":{\"@type\":\"PropertyValueSpecification\",\"valueRequired\":true,\"valueName\":\"search_term_string\"}}],\"inLanguage\":\"es\"},{\"@type\":\"Organization\",\"@id\":\"https:\\\/\\\/diariofemenino.com.ar\\\/df\\\/#organization\",\"name\":\"Diario Femenino\",\"url\":\"https:\\\/\\\/diariofemenino.com.ar\\\/df\\\/\",\"logo\":{\"@type\":\"ImageObject\",\"inLanguage\":\"es\",\"@id\":\"https:\\\/\\\/diariofemenino.com.ar\\\/df\\\/#\\\/schema\\\/logo\\\/image\\\/\",\"url\":\"https:\\\/\\\/diariofemenino.com.ar\\\/df\\\/wp-content\\\/uploads\\\/2018\\\/10\\\/logo.png\",\"contentUrl\":\"https:\\\/\\\/diariofemenino.com.ar\\\/df\\\/wp-content\\\/uploads\\\/2018\\\/10\\\/logo.png\",\"width\":500,\"height\":92,\"caption\":\"Diario Femenino\"},\"image\":{\"@id\":\"https:\\\/\\\/diariofemenino.com.ar\\\/df\\\/#\\\/schema\\\/logo\\\/image\\\/\"},\"sameAs\":[\"https:\\\/\\\/www.facebook.com\\\/DiarioDigitaFemenino\\\/\",\"https:\\\/\\\/x.com\\\/DiarioFemenino1\"]},{\"@type\":\"Person\",\"@id\":\"https:\\\/\\\/diariofemenino.com.ar\\\/df\\\/#\\\/schema\\\/person\\\/38f54b3bfd13f561de2460ba95c169c6\",\"name\":\"Admin\",\"image\":{\"@type\":\"ImageObject\",\"inLanguage\":\"es\",\"@id\":\"https:\\\/\\\/diariofemenino.com.ar\\\/df\\\/wp-content\\\/uploads\\\/2018\\\/12\\\/favicon-150x150.jpg\",\"url\":\"https:\\\/\\\/diariofemenino.com.ar\\\/df\\\/wp-content\\\/uploads\\\/2018\\\/12\\\/favicon-150x150.jpg\",\"contentUrl\":\"https:\\\/\\\/diariofemenino.com.ar\\\/df\\\/wp-content\\\/uploads\\\/2018\\\/12\\\/favicon-150x150.jpg\",\"caption\":\"Admin\"},\"url\":\"https:\\\/\\\/diariofemenino.com.ar\\\/df\\\/author\\\/adm18df\\\/\"}]}<\/script>\n<!-- \/ Yoast SEO plugin. -->","yoast_head_json":{"title":"Piden a Marino que no vote en contra de la IVE - Diario Digital Femenino","description":"Marino, hace una semana anunci\u00f3 que votar\u00eda en contra, tras explicar que hab\u00eda escuchado a amplios y representativos sectores de la sociedad","robots":{"index":"index","follow":"follow","max-snippet":"max-snippet:-1","max-image-preview":"max-image-preview:large","max-video-preview":"max-video-preview:-1"},"canonical":"https:\/\/diariofemenino.com.ar\/df\/piden-a-marino-que-no-vote-en-contra-de-la-ive\/","og_locale":"es_ES","og_type":"article","og_title":"Piden a Marino que no vote en contra de la IVE - Diario Digital Femenino","og_description":"Marino, hace una semana anunci\u00f3 que votar\u00eda en contra, tras explicar que hab\u00eda escuchado a amplios y representativos sectores de la sociedad","og_url":"https:\/\/diariofemenino.com.ar\/df\/piden-a-marino-que-no-vote-en-contra-de-la-ive\/","og_site_name":"Diario Digital Femenino","article_publisher":"https:\/\/www.facebook.com\/DiarioDigitaFemenino\/","article_published_time":"2020-12-27T13:23:21+00:00","og_image":[{"width":696,"height":513,"url":"https:\/\/diariofemenino.com.ar\/df\/wp-content\/uploads\/2020\/12\/06-marino0ea561fa-e1609075251987.jpg","type":"image\/jpeg"}],"author":"Admin","twitter_card":"summary_large_image","twitter_creator":"@DiarioFemenino1","twitter_site":"@DiarioFemenino1","twitter_misc":{"Escrito por":"Admin","Tiempo de lectura":"5 minutos"},"schema":{"@context":"https:\/\/schema.org","@graph":[{"@type":"Article","@id":"https:\/\/diariofemenino.com.ar\/df\/piden-a-marino-que-no-vote-en-contra-de-la-ive\/#article","isPartOf":{"@id":"https:\/\/diariofemenino.com.ar\/df\/piden-a-marino-que-no-vote-en-contra-de-la-ive\/"},"author":{"name":"Admin","@id":"https:\/\/diariofemenino.com.ar\/df\/#\/schema\/person\/38f54b3bfd13f561de2460ba95c169c6"},"headline":"Piden a Marino que no vote en contra de la IVE","datePublished":"2020-12-27T13:23:21+00:00","mainEntityOfPage":{"@id":"https:\/\/diariofemenino.com.ar\/df\/piden-a-marino-que-no-vote-en-contra-de-la-ive\/"},"wordCount":940,"commentCount":0,"publisher":{"@id":"https:\/\/diariofemenino.com.ar\/df\/#organization"},"image":{"@id":"https:\/\/diariofemenino.com.ar\/df\/piden-a-marino-que-no-vote-en-contra-de-la-ive\/#primaryimage"},"thumbnailUrl":"https:\/\/diariofemenino.com.ar\/df\/wp-content\/uploads\/2020\/12\/06-marino0ea561fa-e1609075251987.jpg","keywords":["IVE","La Pampa","Marino","senadores"],"articleSection":["Aborto","Noticias","Resistencia VerdeVioleta","Salud"],"inLanguage":"es","potentialAction":[{"@type":"CommentAction","name":"Comment","target":["https:\/\/diariofemenino.com.ar\/df\/piden-a-marino-que-no-vote-en-contra-de-la-ive\/#respond"]}]},{"@type":"WebPage","@id":"https:\/\/diariofemenino.com.ar\/df\/piden-a-marino-que-no-vote-en-contra-de-la-ive\/","url":"https:\/\/diariofemenino.com.ar\/df\/piden-a-marino-que-no-vote-en-contra-de-la-ive\/","name":"Piden a Marino que no vote en contra de la IVE - Diario Digital Femenino","isPartOf":{"@id":"https:\/\/diariofemenino.com.ar\/df\/#website"},"primaryImageOfPage":{"@id":"https:\/\/diariofemenino.com.ar\/df\/piden-a-marino-que-no-vote-en-contra-de-la-ive\/#primaryimage"},"image":{"@id":"https:\/\/diariofemenino.com.ar\/df\/piden-a-marino-que-no-vote-en-contra-de-la-ive\/#primaryimage"},"thumbnailUrl":"https:\/\/diariofemenino.com.ar\/df\/wp-content\/uploads\/2020\/12\/06-marino0ea561fa-e1609075251987.jpg","datePublished":"2020-12-27T13:23:21+00:00","description":"Marino, hace una semana anunci\u00f3 que votar\u00eda en contra, tras explicar que hab\u00eda escuchado a amplios y representativos sectores de la sociedad","breadcrumb":{"@id":"https:\/\/diariofemenino.com.ar\/df\/piden-a-marino-que-no-vote-en-contra-de-la-ive\/#breadcrumb"},"inLanguage":"es","potentialAction":[{"@type":"ReadAction","target":["https:\/\/diariofemenino.com.ar\/df\/piden-a-marino-que-no-vote-en-contra-de-la-ive\/"]}]},{"@type":"ImageObject","inLanguage":"es","@id":"https:\/\/diariofemenino.com.ar\/df\/piden-a-marino-que-no-vote-en-contra-de-la-ive\/#primaryimage","url":"https:\/\/diariofemenino.com.ar\/df\/wp-content\/uploads\/2020\/12\/06-marino0ea561fa-e1609075251987.jpg","contentUrl":"https:\/\/diariofemenino.com.ar\/df\/wp-content\/uploads\/2020\/12\/06-marino0ea561fa-e1609075251987.jpg","width":696,"height":513,"caption":"Piden a Marino que no vote en contra de la IVE"},{"@type":"BreadcrumbList","@id":"https:\/\/diariofemenino.com.ar\/df\/piden-a-marino-que-no-vote-en-contra-de-la-ive\/#breadcrumb","itemListElement":[{"@type":"ListItem","position":1,"name":"Portada","item":"https:\/\/diariofemenino.com.ar\/df\/"},{"@type":"ListItem","position":2,"name":"Piden a Marino que no vote en contra de la IVE"}]},{"@type":"WebSite","@id":"https:\/\/diariofemenino.com.ar\/df\/#website","url":"https:\/\/diariofemenino.com.ar\/df\/","name":"Diario Digital Femenino","description":"Cuesti\u00f3n de G\u00e9nero","publisher":{"@id":"https:\/\/diariofemenino.com.ar\/df\/#organization"},"potentialAction":[{"@type":"SearchAction","target":{"@type":"EntryPoint","urlTemplate":"https:\/\/diariofemenino.com.ar\/df\/?s={search_term_string}"},"query-input":{"@type":"PropertyValueSpecification","valueRequired":true,"valueName":"search_term_string"}}],"inLanguage":"es"},{"@type":"Organization","@id":"https:\/\/diariofemenino.com.ar\/df\/#organization","name":"Diario Femenino","url":"https:\/\/diariofemenino.com.ar\/df\/","logo":{"@type":"ImageObject","inLanguage":"es","@id":"https:\/\/diariofemenino.com.ar\/df\/#\/schema\/logo\/image\/","url":"https:\/\/diariofemenino.com.ar\/df\/wp-content\/uploads\/2018\/10\/logo.png","contentUrl":"https:\/\/diariofemenino.com.ar\/df\/wp-content\/uploads\/2018\/10\/logo.png","width":500,"height":92,"caption":"Diario Femenino"},"image":{"@id":"https:\/\/diariofemenino.com.ar\/df\/#\/schema\/logo\/image\/"},"sameAs":["https:\/\/www.facebook.com\/DiarioDigitaFemenino\/","https:\/\/x.com\/DiarioFemenino1"]},{"@type":"Person","@id":"https:\/\/diariofemenino.com.ar\/df\/#\/schema\/person\/38f54b3bfd13f561de2460ba95c169c6","name":"Admin","image":{"@type":"ImageObject","inLanguage":"es","@id":"https:\/\/diariofemenino.com.ar\/df\/wp-content\/uploads\/2018\/12\/favicon-150x150.jpg","url":"https:\/\/diariofemenino.com.ar\/df\/wp-content\/uploads\/2018\/12\/favicon-150x150.jpg","contentUrl":"https:\/\/diariofemenino.com.ar\/df\/wp-content\/uploads\/2018\/12\/favicon-150x150.jpg","caption":"Admin"},"url":"https:\/\/diariofemenino.com.ar\/df\/author\/adm18df\/"}]}},"jetpack_featured_media_url":"https:\/\/diariofemenino.com.ar\/df\/wp-content\/uploads\/2020\/12\/06-marino0ea561fa-e1609075251987.jpg","jetpack_sharing_enabled":true,"rttpg_featured_image_url":{"full":["https:\/\/diariofemenino.com.ar\/df\/wp-content\/uploads\/2020\/12\/06-marino0ea561fa-e1609075251987.jpg",696,513,false],"landscape":["https:\/\/diariofemenino.com.ar\/df\/wp-content\/uploads\/2020\/12\/06-marino0ea561fa-e1609075251987.jpg",696,513,false],"portraits":["https:\/\/diariofemenino.com.ar\/df\/wp-content\/uploads\/2020\/12\/06-marino0ea561fa-e1609075251987.jpg",696,513,false],"thumbnail":["https:\/\/diariofemenino.com.ar\/df\/wp-content\/uploads\/2020\/12\/06-marino0ea561fa-e1609075251987-150x150.jpg",150,150,true],"medium":["https:\/\/diariofemenino.com.ar\/df\/wp-content\/uploads\/2020\/12\/06-marino0ea561fa-e1609075251987-300x221.jpg",300,221,true],"large":["https:\/\/diariofemenino.com.ar\/df\/wp-content\/uploads\/2020\/12\/06-marino0ea561fa-e1609075251987.jpg",696,513,false],"1536x1536":["https:\/\/diariofemenino.com.ar\/df\/wp-content\/uploads\/2020\/12\/06-marino0ea561fa-e1609075251987.jpg",696,513,false],"2048x2048":["https:\/\/diariofemenino.com.ar\/df\/wp-content\/uploads\/2020\/12\/06-marino0ea561fa-e1609075251987.jpg",696,513,false]},"rttpg_author":{"display_name":"Admin","author_link":"https:\/\/diariofemenino.com.ar\/df\/author\/adm18df\/"},"rttpg_comment":0,"rttpg_category":"<a href=\"https:\/\/diariofemenino.com.ar\/df\/category\/aborto\/\" rel=\"category tag\">Aborto<\/a> <a href=\"https:\/\/diariofemenino.com.ar\/df\/category\/noticias\/\" rel=\"category tag\">Noticias<\/a> <a href=\"https:\/\/diariofemenino.com.ar\/df\/category\/resistencia-verdevioleta\/\" rel=\"category tag\">Resistencia VerdeVioleta<\/a> <a href=\"https:\/\/diariofemenino.com.ar\/df\/category\/salud\/\" rel=\"category tag\">Salud<\/a>","rttpg_excerpt":"Un numeroso grupo de instituciones, organizaciones sociales, legisladores, jueces y funcionarios judiciales, intendentes, funcionarios municipales, medios de comunicaci\u00f3n y personas en general solicitaron al senador radical Juan Carlos Marino que revea su posici\u00f3n y al momento de votar por el proyecto de ley de Interrupci\u00f3n Voluntaria del Embarazo, lo haga por la afirmativa. Le pidieron&hellip;","_links":{"self":[{"href":"https:\/\/diariofemenino.com.ar\/df\/wp-json\/wp\/v2\/posts\/54724","targetHints":{"allow":["GET"]}}],"collection":[{"href":"https:\/\/diariofemenino.com.ar\/df\/wp-json\/wp\/v2\/posts"}],"about":[{"href":"https:\/\/diariofemenino.com.ar\/df\/wp-json\/wp\/v2\/types\/post"}],"author":[{"embeddable":true,"href":"https:\/\/diariofemenino.com.ar\/df\/wp-json\/wp\/v2\/users\/1"}],"replies":[{"embeddable":true,"href":"https:\/\/diariofemenino.com.ar\/df\/wp-json\/wp\/v2\/comments?post=54724"}],"version-history":[{"count":0,"href":"https:\/\/diariofemenino.com.ar\/df\/wp-json\/wp\/v2\/posts\/54724\/revisions"}],"wp:featuredmedia":[{"embeddable":true,"href":"https:\/\/diariofemenino.com.ar\/df\/wp-json\/wp\/v2\/media\/54725"}],"wp:attachment":[{"href":"https:\/\/diariofemenino.com.ar\/df\/wp-json\/wp\/v2\/media?parent=54724"}],"wp:term":[{"taxonomy":"category","embeddable":true,"href":"https:\/\/diariofemenino.com.ar\/df\/wp-json\/wp\/v2\/categories?post=54724"},{"taxonomy":"post_tag","embeddable":true,"href":"https:\/\/diariofemenino.com.ar\/df\/wp-json\/wp\/v2\/tags?post=54724"}],"curies":[{"name":"wp","href":"https:\/\/api.w.org\/{rel}","templated":true}]}}