{"id":54438,"date":"2020-12-12T11:09:41","date_gmt":"2020-12-12T14:09:41","guid":{"rendered":"https:\/\/diariofemenino.com.ar\/?p=54438"},"modified":"2020-12-12T11:10:12","modified_gmt":"2020-12-12T14:10:12","slug":"condena-ripvg-asesinato-de-la-periodista-malala-maiwand","status":"publish","type":"post","link":"https:\/\/diariofemenino.com.ar\/df\/condena-ripvg-asesinato-de-la-periodista-malala-maiwand\/","title":{"rendered":"Condena RIPVG asesinato de la periodista Malala Maiwand"},"content":{"rendered":"<p>Condena RIPVG asesinato de la periodista Malala Maiwand<\/p>\n<p><strong>PRONUNCIAMIENT<\/strong><strong>O<\/strong><\/p>\n<figure id=\"attachment_54452\" aria-describedby=\"caption-attachment-54452\" style=\"width: 237px\" class=\"wp-caption alignleft\"><img loading=\"lazy\" decoding=\"async\" class=\"wp-image-54452 size-full\" src=\"https:\/\/diariofemenino.com.ar\/df\/wp-content\/uploads\/2020\/12\/120601Captura_de_pantalla_completa_04072016_140032.jpg\" alt=\"Condena RIPVG asesinato de la periodista Malala Maiwand\" width=\"237\" height=\"197\" \/><figcaption id=\"caption-attachment-54452\" class=\"wp-caption-text\">Condena RIPVG asesinato de la periodista Malala Maiwand<\/figcaption><\/figure>\n<p><strong>La Red Internacional de periodistas con Visi\u00f3n de G\u00e9nero llama al\u00a0<\/strong><strong>gobierno y a los \u00f3rganos de seguridad de Afganist\u00e1n, a realizar las debidas investigaciones a fin de identificar y judicializar a los autores materiales e intelectuales responsables del ataque.\u00a0<\/strong><\/p>\n<p>La Red Internacional de Periodistas con visi\u00f3n de G\u00e9nero (RIPVG) condena el asesinato de la periodista <a href=\"https:\/\/diariofemenino.com.ar\/asesinan-a-la-activista-malala-maiwand-defensora-de-los-derechos-de-ninas-y-mujeres\/\">Malala Maiwand<\/a> por parte del grupo yihadista Estado Isl\u00e1mico (EI), en la provincia de Nangarhar de la ciudad de Jalalabad, Afganist\u00e1n.<\/p>\n<p>De acuerdo al portavoz del gobernador de la provincia de Nangarhar, Attaullah Khogyani, el atentado contra la periodista se efectu\u00f3 \u201cel pasado 10 de diciembre cuando alrededor de las 7:30 am, dos atacantes abrieron fuego contra el autom\u00f3vil en que se transportaba, cuando se dirig\u00eda a los estudios de Enikass Radio y TV, en la provincia de Nangarhar\u201d. En el atentado perdi\u00f3 la vida la comunicadora y el conductor Mohammad Tahir Khan.<\/p>\n<p>En un\u00a0\u00a0difundido en un grupo de Telegram, el grupo yihadista Estado Isl\u00e1mico (EI) se atribuy\u00f3 la responsabilidad del ataque, afirmando que \u00ablos soldados del califato tuvieron como objetivo a la periodista leal al r\u00e9gimen afgano Malala Maiwand en la ciudad de Jalalabad con una pistola, lo cual llev\u00f3 a su muerte\u00bb. Posteriormente, el portavoz del Ministerio del Interior, Tariq Arian, confirm\u00f3 el arresto de dos sospechosos que hab\u00edan sido detenidos el jueves por la noche.<\/p>\n<p>Malala Maiwand era una locutora de deportes que narraba partidos de cricket para la estaci\u00f3n provincial de radio y televisi\u00f3n Enikass, pero tambi\u00e9n realizaba actividades en favor de la defensa del derecho de las ni\u00f1as a la educaci\u00f3n y colaboraba en el<a href=\"https:\/\/rsf.org\/fr\/actualites\/rsf-inaugure-le-premier-centre-pour-la-protection-des-journalistes-afghanes\">\u00a0Centro para la Protecci\u00f3n de Mujeres Periodistas Afganas<\/a>\u00a0(CPAWJ, por sus siglas en ingl\u00e9s). Su actividad est\u00e1 considerada de alto riesgo, en tanto que las desempe\u00f1aba en una de las ciudades donde operan grupos armados como \u201clos talib\u00e1n\u201d del Estado Isl\u00e1mico. Esta agrupaci\u00f3n profesa una pol\u00edtica de cero tolerancia y represi\u00f3n contra las personas que realizan actividades que consideran atentan contra los principios del Estado Isl\u00e1mico.<\/p>\n<p>De acuerdo al monitoreo realizado por el\u00a0<a href=\"https:\/\/rsf.org\/fr\/actualites\/rsf-inaugure-le-premier-centre-pour-la-protection-des-journalistes-afghanes\">Centro para la Protecci\u00f3n de Mujeres Periodistas Afganas\u00a0<\/a>(CPAWJ) entre los meses de marzo a noviembre del a\u00f1o 2020, se han registrado 18 casos de violencia contra periodistas, 10 de ellos hacia mujeres reporteras. El Comit\u00e9 para la Protecci\u00f3n de los Periodistas (CPJ) ha documentado el asesinato de 52 periodistas en Afganist\u00e1n desde el a\u00f1o 2001; mientras que la organizaci\u00f3n\u00a0\u00a0(RSF) document\u00f3 que Afganist\u00e1n es uno de los pa\u00edses m\u00e1s peligrosos para los periodistas, al ocupar el puesto 122 de 180 en la clasificaci\u00f3n mundial de la libertad de prensa 2020.<\/p>\n<p>Este incremento se relaciona con un\u00a0 patr\u00f3n sistem\u00e1tico de amenazas y atentados selectivos contra la prensa y personas que trabajan en\u00a0 los\u00a0\u00a0 medios\u00a0\u00a0 de\u00a0\u00a0 comunicaci\u00f3n por parte de grupos de civiles armados;\u00a0 grupos dedicados\u00a0 al\u00a0 extremismo\u00a0 violento\u00a0 y\u00a0 al\u00a0 terrorismo, tales como los talib\u00e1n, responsables de\u00a0 atentados\u00a0 suicidas y\u00a0 con bombas, que pone en riesgo la vida e integridad de las periodistas y la poblaci\u00f3n, as\u00ed como el derecho a la libertad de expresi\u00f3n.<\/p>\n<p>De acuerdo al, se registran 156\u00a0\u00a0 periodistas\u00a0\u00a0 asesinados\u00a0\u00a0 entre\u00a0\u00a0 2018-2019,\u00a0 poco\u00a0 m\u00e1s\u00a0 de\u00a0 la\u00a0 mitad\u00a0 (79\u00a0 o\u00a0 51%)\u00a0 fueron\u00a0 asesinados\u00a0 estando\u00a0 en\u00a0 servicio. Durante el a\u00f1o 2020,\u00a0 los feminicidios de las periodistas Shaheena Shaheen (Pakist\u00e1n), Mar\u00eda Elena Ferral (M\u00e9xico) y Teresa Aracely Alcocer (M\u00e9xico) y al que ahora se suma el de Malala Maiwand (Afganist\u00e1n), evidencian las estrategias de silenciamiento hacia las mujeres periodistas y comunicadoras.<\/p>\n<p>El aumento de asesinatos contra mujeres periodistas demuestra la falta de capacidad de los Estados para crear las condiciones estructurales de seguridad, protecci\u00f3n y procuraci\u00f3n de justicia, a fin de prevenir y atender la violencia y las amenazas espec\u00edficas a las que se enfrentan las comunicadoras, con una perspectiva de g\u00e9nero.<\/p>\n<p>Por ello, es importante recuperar las recomendaciones del Informe\u00a0<a href=\"https:\/\/undocs.org\/es\/A\/HRC\/44\/52\">Erradicaci\u00f3n de la violencia contra las periodistas<\/a>\u00a0realizadas por la Relatora Especial sobre la violencia contra la mujer, sus causas y consecuencias Dubravka \u0160imonovi\u0107:<\/p>\n<p><em>\u201cAplicar plenamente las normas internacionales de derechos humanos relativas a la libertad de expresi\u00f3n y la protecci\u00f3n de los periodistas, as\u00ed como los instrumentos de derechos de la mujer relacionados con la prohibici\u00f3n de la discriminaci\u00f3n y la violencia de g\u00e9nero contra la mujer, aprovechando las sinergias entre ellos para garantizar la seguridad de las periodistas que trabajan en medios de informaci\u00f3n tanto independientes como de adscripci\u00f3n estatal, las trabajadoras por cuenta propia y otras profesionales de los medios de informaci\u00f3n, como las reporteras gr\u00e1ficas, las redactoras y las operadoras de c\u00e1mara\u201d.<\/em><\/p>\n<p>Ante los hechos descritos, la Red Internacional de Periodistas con Visi\u00f3n de G\u00e9nero demandamos:<\/p>\n<ul>\n<li>Al gobierno y a los \u00f3rganos de seguridad de Afganist\u00e1n, a realizar las debidas investigaciones a fin de identificar y judicializar a los autores materiales e intelectuales responsables del ataque.<\/li>\n<\/ul>\n<ul>\n<li>Solicitamos al Estado Afgano a contribuir a la seguridad y protecci\u00f3n de las periodistas y comunicadoras, a fin de erradicar la impunidad y la falta de atenci\u00f3n integral respecto a los recientes asesinatos y ataques selectivos contra los y las periodistas.<\/li>\n<\/ul>\n<ul>\n<li>Hacemos un llamado a adoptar las recomendaciones internacionales en materia de Libertad de Expresi\u00f3n y los tratados internacionales para eliminar todas las formas de discriminaci\u00f3n contra las mujeres, as\u00ed como a generar pol\u00edticas p\u00fablicas de prevenci\u00f3n, protecci\u00f3n y sensibilizaci\u00f3n para combatir todo tipo de violencia contra mujeres periodistas.<\/li>\n<\/ul>\n<p>Links de soporte<\/p>\n<p><a href=\"https:\/\/www.cnn.com\/2020\/12\/10\/asia\/afghanistan-journalist-killed-intl\/index.html\">https:\/\/www.cnn.com\/2020\/12\/10\/asia\/afghanistan-journalist-killed-intl\/index.html<\/a><\/p>\n<p><a href=\"https:\/\/www.milenio.com\/internacional\/grupo-armado-asesina-periodista-activista-afgana-malala-maiwand\">https:\/\/www.milenio.com\/internacional\/grupo-armado-asesina-periodista-activista-afgana-malala-maiwand<\/a><\/p>\n<p><a href=\"https:\/\/www.unotv.com\/internacional\/malala-maiwand-periodista-afgana-es-asesinada-por-el-estado-islamico\/\">https:\/\/www.unotv.com\/internacional\/malala-maiwand-periodista-afgana-es-asesinada-por-el-estado-islamico\/<\/a><\/p>\n<p><a href=\"https:\/\/www.elmundo.es\/internacional\/2020\/12\/10\/5fd1dfe0fc6c8357608b4597.html\">https:\/\/www.elmundo.es\/internacional\/2020\/12\/10\/5fd1dfe0fc6c8357608b4597.html<\/a><\/p>\n<p><a href=\"https:\/\/ariananews.af\/two-suspects-arrested-for-killing-female-afghan-journalist\/\">https:\/\/ariananews.af\/two-suspects-arrested-for-killing-female-afghan-journalist\/<\/a><\/p>\n<p><a href=\"https:\/\/www.elperiodico.com\/es\/internacional\/20201210\/periodista-malalai-maiwand-afganistan-11306240\">https:\/\/www.elperiodico.com\/es\/internacional\/20201210\/periodista-malalai-maiwand-afganistan-11306240<\/a><\/p>\n<p><a href=\"https:\/\/www.washingtonpost.com\/world\/asia_pacific\/gunmen-kill-female-tv-anchor-in-eastern-afghanistan\/2020\/12\/10\/b20a25fe-3aac-11eb-aad9-8959227280c4_story.html\">https:\/\/www.washingtonpost.com\/world\/asia_pacific\/gunmen-kill-female-tv-anchor-in-eastern-afghanistan\/2020\/12\/10\/b20a25fe-3aac-11eb-aad9-8959227280c4_story.html<\/a><\/p>\n<p><a href=\"https:\/\/es.unesco.org\/news\/relatora-especial-onu-violencia-mujer-publica-informe-seguridad-mujeres-periodistas\">https:\/\/es.unesco.org\/news\/relatora-especial-onu-violencia-mujer-publica-informe-seguridad-mujeres-periodistas<\/a><\/p>\n<p>&nbsp;<\/p>\n<p><a href=\"https:\/\/diariofemenino.com.ar\/\">Diario Digital Femenino<\/a><\/p>\n","protected":false},"excerpt":{"rendered":"<p>Condena RIPVG asesinato de la periodista Malala Maiwand PRONUNCIAMIENTO La Red Internacional de periodistas con Visi\u00f3n de G\u00e9nero llama al\u00a0gobierno y a los \u00f3rganos de seguridad de Afganist\u00e1n, a realizar las debidas investigaciones a fin de identificar y judicializar a los autores materiales e intelectuales responsables del ataque.\u00a0 La Red Internacional de Periodistas con visi\u00f3n [&hellip;]<\/p>\n","protected":false},"author":4,"featured_media":54455,"comment_status":"open","ping_status":"open","sticky":false,"template":"","format":"standard","meta":{"iawp_total_views":6,"footnotes":""},"categories":[1067,32],"tags":[3912,3769],"class_list":["post-54438","post","type-post","status-publish","format-standard","has-post-thumbnail","hentry","category-agenda-feminista","category-mujeres","tag-malala-maiwand","tag-red-internacional-de-periodistas-con-vision-de-genero"],"nelio_content":{"autoShareEndMode":"never","automationSources":{"useCustomSentences":false,"customSentences":[]},"efiAlt":"","efiUrl":"","followers":[4],"highlights":[],"isAutoShareEnabled":true,"networkImageIds":[],"permalinkQueryArgs":[],"series":[],"suggestedReferences":[]},"yoast_head":"<!-- This site is optimized with the Yoast SEO plugin v27.5 - https:\/\/yoast.com\/product\/yoast-seo-wordpress\/ -->\n<title>Condena RIPVG asesinato de la periodista Malala Maiwand - Diario Digital Femenino<\/title>\n<meta name=\"description\" content=\"Condena RIPVG. La Red Internacional de periodistas con Visi\u00f3n de G\u00e9nero llama al\u00a0gobierno y a los \u00f3rganos de seguridad de Afganist\u00e1n.\" \/>\n<meta name=\"robots\" content=\"index, follow, max-snippet:-1, max-image-preview:large, max-video-preview:-1\" \/>\n<link rel=\"canonical\" href=\"https:\/\/diariofemenino.com.ar\/df\/condena-ripvg-asesinato-de-la-periodista-malala-maiwand\/\" \/>\n<meta property=\"og:locale\" content=\"es_ES\" \/>\n<meta property=\"og:type\" content=\"article\" \/>\n<meta property=\"og:title\" content=\"Condena RIPVG asesinato de la periodista Malala Maiwand - Diario Digital Femenino\" \/>\n<meta property=\"og:description\" content=\"Condena RIPVG. La Red Internacional de periodistas con Visi\u00f3n de G\u00e9nero llama al\u00a0gobierno y a los \u00f3rganos de seguridad de Afganist\u00e1n.\" \/>\n<meta property=\"og:url\" content=\"https:\/\/diariofemenino.com.ar\/df\/condena-ripvg-asesinato-de-la-periodista-malala-maiwand\/\" \/>\n<meta property=\"og:site_name\" content=\"Diario Digital Femenino\" \/>\n<meta property=\"article:publisher\" content=\"https:\/\/www.facebook.com\/DiarioDigitaFemenino\/\" \/>\n<meta property=\"article:published_time\" content=\"2020-12-12T14:09:41+00:00\" \/>\n<meta property=\"article:modified_time\" content=\"2020-12-12T14:10:12+00:00\" \/>\n<meta property=\"og:image\" content=\"https:\/\/diariofemenino.com.ar\/df\/wp-content\/uploads\/2020\/12\/Malala.jpg\" \/>\n\t<meta property=\"og:image:width\" content=\"719\" \/>\n\t<meta property=\"og:image:height\" content=\"378\" \/>\n\t<meta property=\"og:image:type\" content=\"image\/jpeg\" \/>\n<meta name=\"author\" content=\"Admin\" \/>\n<meta name=\"twitter:card\" content=\"summary_large_image\" \/>\n<meta name=\"twitter:creator\" content=\"@DiarioFemenino1\" \/>\n<meta name=\"twitter:site\" content=\"@DiarioFemenino1\" \/>\n<meta name=\"twitter:label1\" content=\"Escrito por\" \/>\n\t<meta name=\"twitter:data1\" content=\"Admin\" \/>\n\t<meta name=\"twitter:label2\" content=\"Tiempo de lectura\" \/>\n\t<meta name=\"twitter:data2\" content=\"5 minutos\" \/>\n<script type=\"application\/ld+json\" class=\"yoast-schema-graph\">{\"@context\":\"https:\\\/\\\/schema.org\",\"@graph\":[{\"@type\":\"Article\",\"@id\":\"https:\\\/\\\/diariofemenino.com.ar\\\/df\\\/condena-ripvg-asesinato-de-la-periodista-malala-maiwand\\\/#article\",\"isPartOf\":{\"@id\":\"https:\\\/\\\/diariofemenino.com.ar\\\/df\\\/condena-ripvg-asesinato-de-la-periodista-malala-maiwand\\\/\"},\"author\":{\"name\":\"Admin\",\"@id\":\"https:\\\/\\\/diariofemenino.com.ar\\\/df\\\/#\\\/schema\\\/person\\\/bf6199e8158c657ea6f789b11ec85509\"},\"headline\":\"Condena RIPVG asesinato de la periodista Malala Maiwand\",\"datePublished\":\"2020-12-12T14:09:41+00:00\",\"dateModified\":\"2020-12-12T14:10:12+00:00\",\"mainEntityOfPage\":{\"@id\":\"https:\\\/\\\/diariofemenino.com.ar\\\/df\\\/condena-ripvg-asesinato-de-la-periodista-malala-maiwand\\\/\"},\"wordCount\":1047,\"commentCount\":0,\"publisher\":{\"@id\":\"https:\\\/\\\/diariofemenino.com.ar\\\/df\\\/#organization\"},\"image\":{\"@id\":\"https:\\\/\\\/diariofemenino.com.ar\\\/df\\\/condena-ripvg-asesinato-de-la-periodista-malala-maiwand\\\/#primaryimage\"},\"thumbnailUrl\":\"https:\\\/\\\/diariofemenino.com.ar\\\/df\\\/wp-content\\\/uploads\\\/2020\\\/12\\\/Malala.jpg\",\"keywords\":[\"Malala Maiwand\",\"Red Internacional de Periodistas con Visi\u00f3n de G\u00e9nero\"],\"articleSection\":[\"Agenda Feminista\",\"Mujeres\"],\"inLanguage\":\"es\",\"potentialAction\":[{\"@type\":\"CommentAction\",\"name\":\"Comment\",\"target\":[\"https:\\\/\\\/diariofemenino.com.ar\\\/df\\\/condena-ripvg-asesinato-de-la-periodista-malala-maiwand\\\/#respond\"]}]},{\"@type\":\"WebPage\",\"@id\":\"https:\\\/\\\/diariofemenino.com.ar\\\/df\\\/condena-ripvg-asesinato-de-la-periodista-malala-maiwand\\\/\",\"url\":\"https:\\\/\\\/diariofemenino.com.ar\\\/df\\\/condena-ripvg-asesinato-de-la-periodista-malala-maiwand\\\/\",\"name\":\"Condena RIPVG asesinato de la periodista Malala Maiwand - Diario Digital Femenino\",\"isPartOf\":{\"@id\":\"https:\\\/\\\/diariofemenino.com.ar\\\/df\\\/#website\"},\"primaryImageOfPage\":{\"@id\":\"https:\\\/\\\/diariofemenino.com.ar\\\/df\\\/condena-ripvg-asesinato-de-la-periodista-malala-maiwand\\\/#primaryimage\"},\"image\":{\"@id\":\"https:\\\/\\\/diariofemenino.com.ar\\\/df\\\/condena-ripvg-asesinato-de-la-periodista-malala-maiwand\\\/#primaryimage\"},\"thumbnailUrl\":\"https:\\\/\\\/diariofemenino.com.ar\\\/df\\\/wp-content\\\/uploads\\\/2020\\\/12\\\/Malala.jpg\",\"datePublished\":\"2020-12-12T14:09:41+00:00\",\"dateModified\":\"2020-12-12T14:10:12+00:00\",\"description\":\"Condena RIPVG. La Red Internacional de periodistas con Visi\u00f3n de G\u00e9nero llama al\u00a0gobierno y a los \u00f3rganos de seguridad de Afganist\u00e1n.\",\"breadcrumb\":{\"@id\":\"https:\\\/\\\/diariofemenino.com.ar\\\/df\\\/condena-ripvg-asesinato-de-la-periodista-malala-maiwand\\\/#breadcrumb\"},\"inLanguage\":\"es\",\"potentialAction\":[{\"@type\":\"ReadAction\",\"target\":[\"https:\\\/\\\/diariofemenino.com.ar\\\/df\\\/condena-ripvg-asesinato-de-la-periodista-malala-maiwand\\\/\"]}]},{\"@type\":\"ImageObject\",\"inLanguage\":\"es\",\"@id\":\"https:\\\/\\\/diariofemenino.com.ar\\\/df\\\/condena-ripvg-asesinato-de-la-periodista-malala-maiwand\\\/#primaryimage\",\"url\":\"https:\\\/\\\/diariofemenino.com.ar\\\/df\\\/wp-content\\\/uploads\\\/2020\\\/12\\\/Malala.jpg\",\"contentUrl\":\"https:\\\/\\\/diariofemenino.com.ar\\\/df\\\/wp-content\\\/uploads\\\/2020\\\/12\\\/Malala.jpg\",\"width\":719,\"height\":378,\"caption\":\"Condena RIPVG asesinato de la periodista Malala Maiwand\"},{\"@type\":\"BreadcrumbList\",\"@id\":\"https:\\\/\\\/diariofemenino.com.ar\\\/df\\\/condena-ripvg-asesinato-de-la-periodista-malala-maiwand\\\/#breadcrumb\",\"itemListElement\":[{\"@type\":\"ListItem\",\"position\":1,\"name\":\"Portada\",\"item\":\"https:\\\/\\\/diariofemenino.com.ar\\\/df\\\/\"},{\"@type\":\"ListItem\",\"position\":2,\"name\":\"Condena RIPVG asesinato de la periodista Malala Maiwand\"}]},{\"@type\":\"WebSite\",\"@id\":\"https:\\\/\\\/diariofemenino.com.ar\\\/df\\\/#website\",\"url\":\"https:\\\/\\\/diariofemenino.com.ar\\\/df\\\/\",\"name\":\"Diario Digital Femenino\",\"description\":\"Cuesti\u00f3n de G\u00e9nero\",\"publisher\":{\"@id\":\"https:\\\/\\\/diariofemenino.com.ar\\\/df\\\/#organization\"},\"potentialAction\":[{\"@type\":\"SearchAction\",\"target\":{\"@type\":\"EntryPoint\",\"urlTemplate\":\"https:\\\/\\\/diariofemenino.com.ar\\\/df\\\/?s={search_term_string}\"},\"query-input\":{\"@type\":\"PropertyValueSpecification\",\"valueRequired\":true,\"valueName\":\"search_term_string\"}}],\"inLanguage\":\"es\"},{\"@type\":\"Organization\",\"@id\":\"https:\\\/\\\/diariofemenino.com.ar\\\/df\\\/#organization\",\"name\":\"Diario Femenino\",\"url\":\"https:\\\/\\\/diariofemenino.com.ar\\\/df\\\/\",\"logo\":{\"@type\":\"ImageObject\",\"inLanguage\":\"es\",\"@id\":\"https:\\\/\\\/diariofemenino.com.ar\\\/df\\\/#\\\/schema\\\/logo\\\/image\\\/\",\"url\":\"https:\\\/\\\/diariofemenino.com.ar\\\/df\\\/wp-content\\\/uploads\\\/2018\\\/10\\\/logo.png\",\"contentUrl\":\"https:\\\/\\\/diariofemenino.com.ar\\\/df\\\/wp-content\\\/uploads\\\/2018\\\/10\\\/logo.png\",\"width\":500,\"height\":92,\"caption\":\"Diario Femenino\"},\"image\":{\"@id\":\"https:\\\/\\\/diariofemenino.com.ar\\\/df\\\/#\\\/schema\\\/logo\\\/image\\\/\"},\"sameAs\":[\"https:\\\/\\\/www.facebook.com\\\/DiarioDigitaFemenino\\\/\",\"https:\\\/\\\/x.com\\\/DiarioFemenino1\"]},{\"@type\":\"Person\",\"@id\":\"https:\\\/\\\/diariofemenino.com.ar\\\/df\\\/#\\\/schema\\\/person\\\/bf6199e8158c657ea6f789b11ec85509\",\"name\":\"Admin\",\"image\":{\"@type\":\"ImageObject\",\"inLanguage\":\"es\",\"@id\":\"https:\\\/\\\/diariofemenino.com.ar\\\/df\\\/wp-content\\\/uploads\\\/2018\\\/12\\\/favicon-150x150.jpg\",\"url\":\"https:\\\/\\\/diariofemenino.com.ar\\\/df\\\/wp-content\\\/uploads\\\/2018\\\/12\\\/favicon-150x150.jpg\",\"contentUrl\":\"https:\\\/\\\/diariofemenino.com.ar\\\/df\\\/wp-content\\\/uploads\\\/2018\\\/12\\\/favicon-150x150.jpg\",\"caption\":\"Admin\"},\"url\":\"https:\\\/\\\/diariofemenino.com.ar\\\/df\\\/author\\\/lenny\\\/\"}]}<\/script>\n<!-- \/ Yoast SEO plugin. -->","yoast_head_json":{"title":"Condena RIPVG asesinato de la periodista Malala Maiwand - Diario Digital Femenino","description":"Condena RIPVG. La Red Internacional de periodistas con Visi\u00f3n de G\u00e9nero llama al\u00a0gobierno y a los \u00f3rganos de seguridad de Afganist\u00e1n.","robots":{"index":"index","follow":"follow","max-snippet":"max-snippet:-1","max-image-preview":"max-image-preview:large","max-video-preview":"max-video-preview:-1"},"canonical":"https:\/\/diariofemenino.com.ar\/df\/condena-ripvg-asesinato-de-la-periodista-malala-maiwand\/","og_locale":"es_ES","og_type":"article","og_title":"Condena RIPVG asesinato de la periodista Malala Maiwand - Diario Digital Femenino","og_description":"Condena RIPVG. La Red Internacional de periodistas con Visi\u00f3n de G\u00e9nero llama al\u00a0gobierno y a los \u00f3rganos de seguridad de Afganist\u00e1n.","og_url":"https:\/\/diariofemenino.com.ar\/df\/condena-ripvg-asesinato-de-la-periodista-malala-maiwand\/","og_site_name":"Diario Digital Femenino","article_publisher":"https:\/\/www.facebook.com\/DiarioDigitaFemenino\/","article_published_time":"2020-12-12T14:09:41+00:00","article_modified_time":"2020-12-12T14:10:12+00:00","og_image":[{"width":719,"height":378,"url":"https:\/\/diariofemenino.com.ar\/df\/wp-content\/uploads\/2020\/12\/Malala.jpg","type":"image\/jpeg"}],"author":"Admin","twitter_card":"summary_large_image","twitter_creator":"@DiarioFemenino1","twitter_site":"@DiarioFemenino1","twitter_misc":{"Escrito por":"Admin","Tiempo de lectura":"5 minutos"},"schema":{"@context":"https:\/\/schema.org","@graph":[{"@type":"Article","@id":"https:\/\/diariofemenino.com.ar\/df\/condena-ripvg-asesinato-de-la-periodista-malala-maiwand\/#article","isPartOf":{"@id":"https:\/\/diariofemenino.com.ar\/df\/condena-ripvg-asesinato-de-la-periodista-malala-maiwand\/"},"author":{"name":"Admin","@id":"https:\/\/diariofemenino.com.ar\/df\/#\/schema\/person\/bf6199e8158c657ea6f789b11ec85509"},"headline":"Condena RIPVG asesinato de la periodista Malala Maiwand","datePublished":"2020-12-12T14:09:41+00:00","dateModified":"2020-12-12T14:10:12+00:00","mainEntityOfPage":{"@id":"https:\/\/diariofemenino.com.ar\/df\/condena-ripvg-asesinato-de-la-periodista-malala-maiwand\/"},"wordCount":1047,"commentCount":0,"publisher":{"@id":"https:\/\/diariofemenino.com.ar\/df\/#organization"},"image":{"@id":"https:\/\/diariofemenino.com.ar\/df\/condena-ripvg-asesinato-de-la-periodista-malala-maiwand\/#primaryimage"},"thumbnailUrl":"https:\/\/diariofemenino.com.ar\/df\/wp-content\/uploads\/2020\/12\/Malala.jpg","keywords":["Malala Maiwand","Red Internacional de Periodistas con Visi\u00f3n de G\u00e9nero"],"articleSection":["Agenda Feminista","Mujeres"],"inLanguage":"es","potentialAction":[{"@type":"CommentAction","name":"Comment","target":["https:\/\/diariofemenino.com.ar\/df\/condena-ripvg-asesinato-de-la-periodista-malala-maiwand\/#respond"]}]},{"@type":"WebPage","@id":"https:\/\/diariofemenino.com.ar\/df\/condena-ripvg-asesinato-de-la-periodista-malala-maiwand\/","url":"https:\/\/diariofemenino.com.ar\/df\/condena-ripvg-asesinato-de-la-periodista-malala-maiwand\/","name":"Condena RIPVG asesinato de la periodista Malala Maiwand - Diario Digital Femenino","isPartOf":{"@id":"https:\/\/diariofemenino.com.ar\/df\/#website"},"primaryImageOfPage":{"@id":"https:\/\/diariofemenino.com.ar\/df\/condena-ripvg-asesinato-de-la-periodista-malala-maiwand\/#primaryimage"},"image":{"@id":"https:\/\/diariofemenino.com.ar\/df\/condena-ripvg-asesinato-de-la-periodista-malala-maiwand\/#primaryimage"},"thumbnailUrl":"https:\/\/diariofemenino.com.ar\/df\/wp-content\/uploads\/2020\/12\/Malala.jpg","datePublished":"2020-12-12T14:09:41+00:00","dateModified":"2020-12-12T14:10:12+00:00","description":"Condena RIPVG. La Red Internacional de periodistas con Visi\u00f3n de G\u00e9nero llama al\u00a0gobierno y a los \u00f3rganos de seguridad de Afganist\u00e1n.","breadcrumb":{"@id":"https:\/\/diariofemenino.com.ar\/df\/condena-ripvg-asesinato-de-la-periodista-malala-maiwand\/#breadcrumb"},"inLanguage":"es","potentialAction":[{"@type":"ReadAction","target":["https:\/\/diariofemenino.com.ar\/df\/condena-ripvg-asesinato-de-la-periodista-malala-maiwand\/"]}]},{"@type":"ImageObject","inLanguage":"es","@id":"https:\/\/diariofemenino.com.ar\/df\/condena-ripvg-asesinato-de-la-periodista-malala-maiwand\/#primaryimage","url":"https:\/\/diariofemenino.com.ar\/df\/wp-content\/uploads\/2020\/12\/Malala.jpg","contentUrl":"https:\/\/diariofemenino.com.ar\/df\/wp-content\/uploads\/2020\/12\/Malala.jpg","width":719,"height":378,"caption":"Condena RIPVG asesinato de la periodista Malala Maiwand"},{"@type":"BreadcrumbList","@id":"https:\/\/diariofemenino.com.ar\/df\/condena-ripvg-asesinato-de-la-periodista-malala-maiwand\/#breadcrumb","itemListElement":[{"@type":"ListItem","position":1,"name":"Portada","item":"https:\/\/diariofemenino.com.ar\/df\/"},{"@type":"ListItem","position":2,"name":"Condena RIPVG asesinato de la periodista Malala Maiwand"}]},{"@type":"WebSite","@id":"https:\/\/diariofemenino.com.ar\/df\/#website","url":"https:\/\/diariofemenino.com.ar\/df\/","name":"Diario Digital Femenino","description":"Cuesti\u00f3n de G\u00e9nero","publisher":{"@id":"https:\/\/diariofemenino.com.ar\/df\/#organization"},"potentialAction":[{"@type":"SearchAction","target":{"@type":"EntryPoint","urlTemplate":"https:\/\/diariofemenino.com.ar\/df\/?s={search_term_string}"},"query-input":{"@type":"PropertyValueSpecification","valueRequired":true,"valueName":"search_term_string"}}],"inLanguage":"es"},{"@type":"Organization","@id":"https:\/\/diariofemenino.com.ar\/df\/#organization","name":"Diario Femenino","url":"https:\/\/diariofemenino.com.ar\/df\/","logo":{"@type":"ImageObject","inLanguage":"es","@id":"https:\/\/diariofemenino.com.ar\/df\/#\/schema\/logo\/image\/","url":"https:\/\/diariofemenino.com.ar\/df\/wp-content\/uploads\/2018\/10\/logo.png","contentUrl":"https:\/\/diariofemenino.com.ar\/df\/wp-content\/uploads\/2018\/10\/logo.png","width":500,"height":92,"caption":"Diario Femenino"},"image":{"@id":"https:\/\/diariofemenino.com.ar\/df\/#\/schema\/logo\/image\/"},"sameAs":["https:\/\/www.facebook.com\/DiarioDigitaFemenino\/","https:\/\/x.com\/DiarioFemenino1"]},{"@type":"Person","@id":"https:\/\/diariofemenino.com.ar\/df\/#\/schema\/person\/bf6199e8158c657ea6f789b11ec85509","name":"Admin","image":{"@type":"ImageObject","inLanguage":"es","@id":"https:\/\/diariofemenino.com.ar\/df\/wp-content\/uploads\/2018\/12\/favicon-150x150.jpg","url":"https:\/\/diariofemenino.com.ar\/df\/wp-content\/uploads\/2018\/12\/favicon-150x150.jpg","contentUrl":"https:\/\/diariofemenino.com.ar\/df\/wp-content\/uploads\/2018\/12\/favicon-150x150.jpg","caption":"Admin"},"url":"https:\/\/diariofemenino.com.ar\/df\/author\/lenny\/"}]}},"jetpack_featured_media_url":"https:\/\/diariofemenino.com.ar\/df\/wp-content\/uploads\/2020\/12\/Malala.jpg","jetpack_sharing_enabled":true,"rttpg_featured_image_url":{"full":["https:\/\/diariofemenino.com.ar\/df\/wp-content\/uploads\/2020\/12\/Malala.jpg",719,378,false],"landscape":["https:\/\/diariofemenino.com.ar\/df\/wp-content\/uploads\/2020\/12\/Malala.jpg",719,378,false],"portraits":["https:\/\/diariofemenino.com.ar\/df\/wp-content\/uploads\/2020\/12\/Malala.jpg",719,378,false],"thumbnail":["https:\/\/diariofemenino.com.ar\/df\/wp-content\/uploads\/2020\/12\/Malala-150x150.jpg",150,150,true],"medium":["https:\/\/diariofemenino.com.ar\/df\/wp-content\/uploads\/2020\/12\/Malala-300x158.jpg",300,158,true],"large":["https:\/\/diariofemenino.com.ar\/df\/wp-content\/uploads\/2020\/12\/Malala.jpg",719,378,false],"1536x1536":["https:\/\/diariofemenino.com.ar\/df\/wp-content\/uploads\/2020\/12\/Malala.jpg",719,378,false],"2048x2048":["https:\/\/diariofemenino.com.ar\/df\/wp-content\/uploads\/2020\/12\/Malala.jpg",719,378,false]},"rttpg_author":{"display_name":"Admin","author_link":"https:\/\/diariofemenino.com.ar\/df\/author\/lenny\/"},"rttpg_comment":0,"rttpg_category":"<a href=\"https:\/\/diariofemenino.com.ar\/df\/category\/agenda-feminista\/\" rel=\"category tag\">Agenda Feminista<\/a> <a href=\"https:\/\/diariofemenino.com.ar\/df\/category\/mujeres\/\" rel=\"category tag\">Mujeres<\/a>","rttpg_excerpt":"Condena RIPVG asesinato de la periodista Malala Maiwand PRONUNCIAMIENTO La Red Internacional de periodistas con Visi\u00f3n de G\u00e9nero llama al\u00a0gobierno y a los \u00f3rganos de seguridad de Afganist\u00e1n, a realizar las debidas investigaciones a fin de identificar y judicializar a los autores materiales e intelectuales responsables del ataque.\u00a0 La Red Internacional de Periodistas con visi\u00f3n&hellip;","_links":{"self":[{"href":"https:\/\/diariofemenino.com.ar\/df\/wp-json\/wp\/v2\/posts\/54438","targetHints":{"allow":["GET"]}}],"collection":[{"href":"https:\/\/diariofemenino.com.ar\/df\/wp-json\/wp\/v2\/posts"}],"about":[{"href":"https:\/\/diariofemenino.com.ar\/df\/wp-json\/wp\/v2\/types\/post"}],"author":[{"embeddable":true,"href":"https:\/\/diariofemenino.com.ar\/df\/wp-json\/wp\/v2\/users\/4"}],"replies":[{"embeddable":true,"href":"https:\/\/diariofemenino.com.ar\/df\/wp-json\/wp\/v2\/comments?post=54438"}],"version-history":[{"count":0,"href":"https:\/\/diariofemenino.com.ar\/df\/wp-json\/wp\/v2\/posts\/54438\/revisions"}],"wp:featuredmedia":[{"embeddable":true,"href":"https:\/\/diariofemenino.com.ar\/df\/wp-json\/wp\/v2\/media\/54455"}],"wp:attachment":[{"href":"https:\/\/diariofemenino.com.ar\/df\/wp-json\/wp\/v2\/media?parent=54438"}],"wp:term":[{"taxonomy":"category","embeddable":true,"href":"https:\/\/diariofemenino.com.ar\/df\/wp-json\/wp\/v2\/categories?post=54438"},{"taxonomy":"post_tag","embeddable":true,"href":"https:\/\/diariofemenino.com.ar\/df\/wp-json\/wp\/v2\/tags?post=54438"}],"curies":[{"name":"wp","href":"https:\/\/api.w.org\/{rel}","templated":true}]}}