{"id":54278,"date":"2020-12-05T22:26:10","date_gmt":"2020-12-06T01:26:10","guid":{"rendered":"https:\/\/diariofemenino.com.ar\/?p=54278"},"modified":"2020-12-06T09:42:19","modified_gmt":"2020-12-06T12:42:19","slug":"reunion-con-centrales-sindicales","status":"publish","type":"post","link":"https:\/\/diariofemenino.com.ar\/df\/reunion-con-centrales-sindicales\/","title":{"rendered":"Reuni\u00f3n con centrales sindicales para debatir el anteproyecto de ley por un Sistema Integral de Cuidados con Perspectiva de G\u00e9nero"},"content":{"rendered":"<div>\n<p>Reuni\u00f3n con centrales sindicales<\/p>\n<p>El <a href=\"https:\/\/www.argentina.gob.ar\/generos\">Ministerio<\/a> de las Mujeres, G\u00e9neros y Diversidad realiz\u00f3 la primera reuni\u00f3n consultiva entre funcionarias de la <a href=\"https:\/\/mapadelestado.jefatura.gob.ar\/estructura_oescalar.php?n1=025\">Secretar\u00eda<\/a> de Pol\u00edticas de Igualdad y Diversidad, sindicatos y la comisi\u00f3n redactora del anteproyecto de ley por un sistema integral de cuidados con perspectiva de g\u00e9nero. El intercambio gir\u00f3 en torno a las problem\u00e1ticas sobre las pol\u00edticas de tiempo, ingreso e infraestructura y <a href=\"https:\/\/diariofemenino.com.ar\/daniel-lovera-debemos-terminar-con-la-vieja-idea-de-que-el-cuidado-es-solo-un-tema-de-las-mujeres\/\">qu\u00e9 pol\u00edticas son necesarias implementar para que el trabajo de cuidados deje de estar solamente a cargo de las mujeres<\/a> y sea una responsabilidad de toda la sociedad.<\/p>\n<\/div>\n<div>\n<figure id=\"attachment_54280\" aria-describedby=\"caption-attachment-54280\" style=\"width: 532px\" class=\"wp-caption aligncenter\"><img loading=\"lazy\" decoding=\"async\" class=\" wp-image-54280\" src=\"https:\/\/diariofemenino.com.ar\/df\/wp-content\/uploads\/2020\/12\/Ley-de-Cuidados-reunion-sindical-1-1024x768.jpeg\" alt=\"Reuni\u00f3n con centrales sindicales para debatir el anteproyecto de ley por un Sistema Integral de Cuidados con Perspectiva de G\u00e9nero\" width=\"532\" height=\"399\" srcset=\"https:\/\/diariofemenino.com.ar\/df\/wp-content\/uploads\/2020\/12\/Ley-de-Cuidados-reunion-sindical-1-1024x768.jpeg 1024w, https:\/\/diariofemenino.com.ar\/df\/wp-content\/uploads\/2020\/12\/Ley-de-Cuidados-reunion-sindical-1-300x225.jpeg 300w, https:\/\/diariofemenino.com.ar\/df\/wp-content\/uploads\/2020\/12\/Ley-de-Cuidados-reunion-sindical-1-768x576.jpeg 768w, https:\/\/diariofemenino.com.ar\/df\/wp-content\/uploads\/2020\/12\/Ley-de-Cuidados-reunion-sindical-1.jpeg 1280w\" sizes=\"auto, (max-width: 532px) 100vw, 532px\" \/><figcaption id=\"caption-attachment-54280\" class=\"wp-caption-text\">Reuni\u00f3n con centrales sindicales para debatir el anteproyecto de ley por un Sistema Integral de Cuidados con Perspectiva de G\u00e9nero<\/figcaption><\/figure>\n<\/div>\n<div>\n<p>El encuentro se realiz\u00f3 de manera virtual con m\u00e1s de 200 participantes de centrales sindicales y distintas organizaciones gremiales del pa\u00eds. Encabezaron la actividad por el MMGyD, Cecilia Merch\u00e1n, secretaria de Pol\u00edticas de Igualdad y Diversidad; Pilar Escalante, subsecretaria de Pol\u00edticas de Igualdad; Luc\u00eda Cirmi Ob\u00f3n, directora nacional de Pol\u00edticas de Cuidados; Iris Pezzarini, directora de Articulaci\u00f3n Integral de Pol\u00edticas de Cuidado; y por el Ministerio de Trabajo de la Naci\u00f3n, Pamela Ares, subsecretaria de Pol\u00edticas de Inclusi\u00f3n en el Mundo Laboral.<\/p>\n<p>Durante el intercambio, que se extendi\u00f3 cerca de tres horas, se compartieron experiencias en torno a la valoraci\u00f3n de los trabajos de cuidado, el impacto de la emergencia sanitaria por COVID19 en las diferentes actividades laborales vinculadas a cuidados de ni\u00f1as, ni\u00f1os, adolescentes y personas adultas. Se convers\u00f3 tambi\u00e9n sobre las diferencias en el acceso a derechos, licencias, aportes previsionales, obra social, jubilaciones tanto en el caso de actividades m\u00e1s formalizadas como docentes y enfermeras as\u00ed como tambi\u00e9n de las m\u00e1s precarizadas como son las trabajadoras de casas particulares, cuidadoras y acompa\u00f1antes.<\/p>\n<p>Al inicio de la actividad, Cecilia Merch\u00e1n se\u00f1al\u00f3 que el debate hacia una ley de cuidados para la Argentina es uno de los ejes m\u00e1s importantes de gesti\u00f3n que se estructura desde el MMGyD. \u201cUno de nuestros pilares es abordar todo lo que tiene que ver con los trabajos de cuidados, una acci\u00f3n que se viene llevando hace tiempo desde diferentes movimientos, y por supuesto, del movimiento sindical en el que las mujeres han sido siempre quienes han tomado esta bandera y trabajado diferentes propuestas\u201d.<\/p>\n<p>La funcionaria destac\u00f3 el trabajo que desarrollaron en otras instancias del MMGyD, como la Mesa Interministerial de Cuidados que integran 14 ministerios y agencias del Estado, y subray\u00f3 la importancia del di\u00e1logo con referentes de los sindicatos. \u201cPara nosotras es fundamental el mundo sindical para pensar estos aspectos que tienen que ver con el trabajo\u201d, subray\u00f3.<\/p>\n<p>Las intervenciones coincidieron en se\u00f1alar la necesidad de pensar un sistema de cuidados con perspectiva de g\u00e9nero, y la desigualdad y diversidad que existe en los trabajos de cuidados en materia de necesidades y derechos. \u201cCuando tocamos cualquier desigualdad, tocamos intereses. Las compa\u00f1eras, conocedoras de la lucha sindical y todos los aspectos que hacen a la disputa del mundo del trabajo, son principales actoras para llevar adelante esta lucha que va a poner en cuesti\u00f3n aspectos econ\u00f3micos, pol\u00edticos, sociales y culturales\u201d, concluy\u00f3 Merch\u00e1n.<\/p>\n<p>Pamela Ares destac\u00f3 el compromiso del presidente de la Naci\u00f3n, Alberto Fern\u00e1ndez, al asumir la tarea de poner los cuidados sobre la mesa y agenda publica, y se\u00f1al\u00f3 que \u201ces fundamental esta alianza entre representantes sindicales, empresariales y el MMGyD\u201d.<\/p>\n<p>Tambi\u00e9n las referentes sindicales celebraron la iniciativa del Poder Ejecutivo de generar espacios de debate y elaboraci\u00f3n de una ley que aborde los diferentes aspectos en materia de cuidados como trabajo, necesidad y derecho de las personas a cuidar y ser cuidadas.<\/p>\n<p>Desde la CGT, Noe M\u00e9ndez Ruiz, al frente de la Secretar\u00eda de Igualdad de Oportunidades y G\u00e9nero de la central obrera, sostuvo que \u201ces importante que la ley sea revolucionaria en todos los sentidos\u201d.<\/p>\n<p>Yamile Socolovsky, secretaria de Formaci\u00f3n, Investigaci\u00f3n, Proyectos y Estad\u00edsticas de la CTA de los Trabajadores, destac\u00f3 la importancia de que se escuche la voz de las trabajadoras ya que \u201cson las mujeres quienes ocupan mayoritariamente los trabajos destinados a las tareas de cuidado\u201d.<\/p>\n<p>Marianela Mel, de la Corriente Federal de Trabajadores, agradeci\u00f3 que tengan en cuenta las opiniones de todos los sectores en este proceso y coincidi\u00f3 con el enfoque de considerar al cuidado una necesidad, un derecho y un trabajo. Tambi\u00e9n resalt\u00f3 la importancia de reformar las licencias familiares para que no recaiga todo el trabajo de cuidados en las mujeres.<\/p>\n<p>Las referentes sindicales coincidieron en subrayar la importancia de entender a los cuidados como un trabajo y un derecho humano universal, visibilizar el trabajo en casas particulares, y jerarquizar las tareas.<\/p>\n<p>Juana del Carmen Britez, de la Uni\u00f3n de Personal Auxiliar de Casas Particulares (UPACP), celebr\u00f3 que Argentina tenga en agenda considerar los trabajos de cuidado. \u201cNo es una ayuda, es un trabajo\u201d, dijo y remarc\u00f3 la necesidad de proteger los derechos a la registraci\u00f3n y seguridad social de las trabajadoras.<\/p>\n<p>Por su parte, Mar\u00eda Lucila \u201cPimpi\u201d Colombo, dirigente del Sindicato de Amas de Casa, se\u00f1al\u00f3: \u201cSomos las amas de casas las que convertimos las casas en que vivimos en un hogar. Cada uno de nuestros hogares, es una unidad productiva de cuidado\u201d. Colombo concluy\u00f3 que \u201clo que nos falta es que se valore el trabajo\u201d.<\/p>\n<p>La diputada Mar\u00eda Rosa Mart\u00ednez agreg\u00f3 que \u201ces importante mirar con intensidad las leyes de contrato de trabajo y el derecho a la sindicalizaci\u00f3n. Hay una trama que hay que fortalecer. Si representamos el 15 por ciento del PBI, deber\u00edamos tener el reconocimiento que corresponde. \u00a1Vayamos por la ley!\u201d.<\/p>\n<p>Luego, la secretaria\u00a0 de Igualdad de G\u00e9nero del Sindicato Unido de Trabajadores y Empleados de Pami (SUTEPA), Mar\u00eda Alejandra Arlegui, agreg\u00f3 que \u201cel tema de cuidados no puede ser escindido de la seguridad social. El problema es qui\u00e9n paga y de d\u00f3nde salen los fondos\u201d.<\/p>\n<p>La necesidad de espacios educativos y de cuidado para la primera infancia, licencias por cuidados en diversidad, y la intervenci\u00f3n estatal\u00a0 en el nivel inicial educativo de ni\u00f1as, ni\u00f1os y adolescentes, ocuparon un papel destacado en el intercambio. Al respecto, Zunilda Valenziano, dirigente gremial de la Unii\u00f3n de Personal Civil de la Naci\u00f3n (UPCN), subray\u00f3 que \u201clos cuidados de los ni\u00f1os inciden en las oportunidades que va a tener en su futuro\u201d.<\/p>\n<p>En tanto, Roxana Rogalski, de la CTA de los Trabajadores, se\u00f1al\u00f3 que el nivel inicial es algo que tiene que protegerse desde el Estado: \u201cCreemos que esta ley es primordial y que va a acompa\u00f1ar. Estamos haciendo historia\u201d, concluy\u00f3.<\/p>\n<p>Desde el Sindicato Argentino de Docentes Privados (SADOP),\u00a0 Luz Marina Jauregui, coincidi\u00f3 en poner \u00e9nfasis en los cuidados durante la educaci\u00f3n inicial.<\/p>\n<p>La necesidad de modificar pr\u00e1cticas culturales y reconocer el cuidado como un trabajo digno y con garant\u00edas recorri\u00f3 las intervenciones de todas las participantes.<\/p>\n<p>Al cerrar el encuentro, Virginia Franganillo, integrante de la comisi\u00f3n redactora de la ley de cuidados, destac\u00f3 la importancia que tiene el movimiento obrero y su contribuci\u00f3n fundamental en materia de lucha y reconocimiento de los trabajos de cuidado. \u201cDurante la pandemia se dieron dos procesos dentro del movimiento obrero, reconocer el trabajo de social y el de los cuidados. La fortaleza en todo eso est\u00e1 en las organizaciones sindicales\u201d, destac\u00f3.<\/p>\n<p>Para terminar, Luc\u00eda Cirmi subray\u00f3 la instancia de las reuniones consultivas como una primera etapa de conversaci\u00f3n con los diferentes sectores involucrados y comprometidos en \u201cconstruir m\u00e1s justicia social en los cuidados\u201d.<\/p>\n<p>&nbsp;<\/p>\n<\/div>\n<div><\/div>\n<div><a href=\"https:\/\/diariofemenino.com.ar\/\">DDF<\/a><\/div>\n<p>&nbsp;<\/p>\n","protected":false},"excerpt":{"rendered":"<p>Reuni\u00f3n con centrales sindicales El Ministerio de las Mujeres, G\u00e9neros y Diversidad realiz\u00f3 la primera reuni\u00f3n consultiva entre funcionarias de la Secretar\u00eda de Pol\u00edticas de Igualdad y Diversidad, sindicatos y la comisi\u00f3n redactora del anteproyecto de ley por un sistema integral de cuidados con perspectiva de g\u00e9nero. El intercambio gir\u00f3 en torno a las problem\u00e1ticas [&hellip;]<\/p>\n","protected":false},"author":4,"featured_media":54281,"comment_status":"open","ping_status":"open","sticky":false,"template":"","format":"standard","meta":{"iawp_total_views":9,"footnotes":""},"categories":[1067,13,21,23,592],"tags":[3901,2091,3902],"class_list":["post-54278","post","type-post","status-publish","format-standard","has-post-thumbnail","hentry","category-agenda-feminista","category-mujeres-sindicalistas","category-noticias","category-salud","category-violencias","tag-cudado","tag-sindicatos","tag-sistema-integral"],"nelio_content":{"autoShareEndMode":"never","automationSources":{"useCustomSentences":false,"customSentences":[]},"efiAlt":"","efiUrl":"","followers":[4],"highlights":[],"isAutoShareEnabled":true,"networkImageIds":[],"permalinkQueryArgs":[],"series":[],"suggestedReferences":[]},"yoast_head":"<!-- This site is optimized with the Yoast SEO plugin v27.5 - https:\/\/yoast.com\/product\/yoast-seo-wordpress\/ -->\n<title>Reuni\u00f3n con centrales sindicales para debatir el anteproyecto de ley por un Sistema Integral de Cuidados con Perspectiva de G\u00e9nero - Diario Digital Femenino<\/title>\n<meta name=\"description\" content=\"Reuni\u00f3n con centrales sindicales las problem\u00e1ticas sobre las pol\u00edticas de tiempo, ingreso e infraestructura en el trabajo de cuidado\" \/>\n<meta name=\"robots\" content=\"index, follow, max-snippet:-1, max-image-preview:large, max-video-preview:-1\" \/>\n<link rel=\"canonical\" href=\"https:\/\/diariofemenino.com.ar\/df\/reunion-con-centrales-sindicales\/\" \/>\n<meta property=\"og:locale\" content=\"es_ES\" \/>\n<meta property=\"og:type\" content=\"article\" \/>\n<meta property=\"og:title\" content=\"Reuni\u00f3n con centrales sindicales para debatir el anteproyecto de ley por un Sistema Integral de Cuidados con Perspectiva de G\u00e9nero - Diario Digital Femenino\" \/>\n<meta property=\"og:description\" content=\"Reuni\u00f3n con centrales sindicales las problem\u00e1ticas sobre las pol\u00edticas de tiempo, ingreso e infraestructura en el trabajo de cuidado\" \/>\n<meta property=\"og:url\" content=\"https:\/\/diariofemenino.com.ar\/df\/reunion-con-centrales-sindicales\/\" \/>\n<meta property=\"og:site_name\" content=\"Diario Digital Femenino\" \/>\n<meta property=\"article:publisher\" content=\"https:\/\/www.facebook.com\/DiarioDigitaFemenino\/\" \/>\n<meta property=\"article:published_time\" content=\"2020-12-06T01:26:10+00:00\" \/>\n<meta property=\"article:modified_time\" content=\"2020-12-06T12:42:19+00:00\" \/>\n<meta property=\"og:image\" content=\"https:\/\/diariofemenino.com.ar\/df\/wp-content\/uploads\/2020\/12\/Ley-de-Cuidados-reunion-sindical-2.jpeg\" \/>\n\t<meta property=\"og:image:width\" content=\"1280\" \/>\n\t<meta property=\"og:image:height\" content=\"960\" \/>\n\t<meta property=\"og:image:type\" content=\"image\/jpeg\" \/>\n<meta name=\"author\" content=\"Admin\" \/>\n<meta name=\"twitter:card\" content=\"summary_large_image\" \/>\n<meta name=\"twitter:creator\" content=\"@DiarioFemenino1\" \/>\n<meta name=\"twitter:site\" content=\"@DiarioFemenino1\" \/>\n<meta name=\"twitter:label1\" content=\"Escrito por\" \/>\n\t<meta name=\"twitter:data1\" content=\"Admin\" \/>\n\t<meta name=\"twitter:label2\" content=\"Tiempo de lectura\" \/>\n\t<meta name=\"twitter:data2\" content=\"7 minutos\" \/>\n<script type=\"application\/ld+json\" class=\"yoast-schema-graph\">{\"@context\":\"https:\\\/\\\/schema.org\",\"@graph\":[{\"@type\":\"Article\",\"@id\":\"https:\\\/\\\/diariofemenino.com.ar\\\/df\\\/reunion-con-centrales-sindicales\\\/#article\",\"isPartOf\":{\"@id\":\"https:\\\/\\\/diariofemenino.com.ar\\\/df\\\/reunion-con-centrales-sindicales\\\/\"},\"author\":{\"name\":\"Admin\",\"@id\":\"https:\\\/\\\/diariofemenino.com.ar\\\/df\\\/#\\\/schema\\\/person\\\/bf6199e8158c657ea6f789b11ec85509\"},\"headline\":\"Reuni\u00f3n con centrales sindicales para debatir el anteproyecto de ley por un Sistema Integral de Cuidados con Perspectiva de G\u00e9nero\",\"datePublished\":\"2020-12-06T01:26:10+00:00\",\"dateModified\":\"2020-12-06T12:42:19+00:00\",\"mainEntityOfPage\":{\"@id\":\"https:\\\/\\\/diariofemenino.com.ar\\\/df\\\/reunion-con-centrales-sindicales\\\/\"},\"wordCount\":1333,\"commentCount\":0,\"publisher\":{\"@id\":\"https:\\\/\\\/diariofemenino.com.ar\\\/df\\\/#organization\"},\"image\":{\"@id\":\"https:\\\/\\\/diariofemenino.com.ar\\\/df\\\/reunion-con-centrales-sindicales\\\/#primaryimage\"},\"thumbnailUrl\":\"https:\\\/\\\/diariofemenino.com.ar\\\/df\\\/wp-content\\\/uploads\\\/2020\\\/12\\\/Ley-de-Cuidados-reunion-sindical-2.jpeg\",\"keywords\":[\"Cudado\",\"sindicatos\",\"Sistema Integral\"],\"articleSection\":[\"Agenda Feminista\",\"Mujeres Sindicalistas\",\"Noticias\",\"Salud\",\"Violencias\"],\"inLanguage\":\"es\",\"potentialAction\":[{\"@type\":\"CommentAction\",\"name\":\"Comment\",\"target\":[\"https:\\\/\\\/diariofemenino.com.ar\\\/df\\\/reunion-con-centrales-sindicales\\\/#respond\"]}]},{\"@type\":\"WebPage\",\"@id\":\"https:\\\/\\\/diariofemenino.com.ar\\\/df\\\/reunion-con-centrales-sindicales\\\/\",\"url\":\"https:\\\/\\\/diariofemenino.com.ar\\\/df\\\/reunion-con-centrales-sindicales\\\/\",\"name\":\"Reuni\u00f3n con centrales sindicales para debatir el anteproyecto de ley por un Sistema Integral de Cuidados con Perspectiva de G\u00e9nero - Diario Digital Femenino\",\"isPartOf\":{\"@id\":\"https:\\\/\\\/diariofemenino.com.ar\\\/df\\\/#website\"},\"primaryImageOfPage\":{\"@id\":\"https:\\\/\\\/diariofemenino.com.ar\\\/df\\\/reunion-con-centrales-sindicales\\\/#primaryimage\"},\"image\":{\"@id\":\"https:\\\/\\\/diariofemenino.com.ar\\\/df\\\/reunion-con-centrales-sindicales\\\/#primaryimage\"},\"thumbnailUrl\":\"https:\\\/\\\/diariofemenino.com.ar\\\/df\\\/wp-content\\\/uploads\\\/2020\\\/12\\\/Ley-de-Cuidados-reunion-sindical-2.jpeg\",\"datePublished\":\"2020-12-06T01:26:10+00:00\",\"dateModified\":\"2020-12-06T12:42:19+00:00\",\"description\":\"Reuni\u00f3n con centrales sindicales las problem\u00e1ticas sobre las pol\u00edticas de tiempo, ingreso e infraestructura en el trabajo de cuidado\",\"breadcrumb\":{\"@id\":\"https:\\\/\\\/diariofemenino.com.ar\\\/df\\\/reunion-con-centrales-sindicales\\\/#breadcrumb\"},\"inLanguage\":\"es\",\"potentialAction\":[{\"@type\":\"ReadAction\",\"target\":[\"https:\\\/\\\/diariofemenino.com.ar\\\/df\\\/reunion-con-centrales-sindicales\\\/\"]}]},{\"@type\":\"ImageObject\",\"inLanguage\":\"es\",\"@id\":\"https:\\\/\\\/diariofemenino.com.ar\\\/df\\\/reunion-con-centrales-sindicales\\\/#primaryimage\",\"url\":\"https:\\\/\\\/diariofemenino.com.ar\\\/df\\\/wp-content\\\/uploads\\\/2020\\\/12\\\/Ley-de-Cuidados-reunion-sindical-2.jpeg\",\"contentUrl\":\"https:\\\/\\\/diariofemenino.com.ar\\\/df\\\/wp-content\\\/uploads\\\/2020\\\/12\\\/Ley-de-Cuidados-reunion-sindical-2.jpeg\",\"width\":1280,\"height\":960,\"caption\":\"Reuni\u00f3n con centrales sindicales para debatir el anteproyecto de ley por un Sistema Integral de Cuidados con Perspectiva de G\u00e9nero\"},{\"@type\":\"BreadcrumbList\",\"@id\":\"https:\\\/\\\/diariofemenino.com.ar\\\/df\\\/reunion-con-centrales-sindicales\\\/#breadcrumb\",\"itemListElement\":[{\"@type\":\"ListItem\",\"position\":1,\"name\":\"Portada\",\"item\":\"https:\\\/\\\/diariofemenino.com.ar\\\/df\\\/\"},{\"@type\":\"ListItem\",\"position\":2,\"name\":\"Reuni\u00f3n con centrales sindicales para debatir el anteproyecto de ley por un Sistema Integral de Cuidados con Perspectiva de G\u00e9nero\"}]},{\"@type\":\"WebSite\",\"@id\":\"https:\\\/\\\/diariofemenino.com.ar\\\/df\\\/#website\",\"url\":\"https:\\\/\\\/diariofemenino.com.ar\\\/df\\\/\",\"name\":\"Diario Digital Femenino\",\"description\":\"Cuesti\u00f3n de G\u00e9nero\",\"publisher\":{\"@id\":\"https:\\\/\\\/diariofemenino.com.ar\\\/df\\\/#organization\"},\"potentialAction\":[{\"@type\":\"SearchAction\",\"target\":{\"@type\":\"EntryPoint\",\"urlTemplate\":\"https:\\\/\\\/diariofemenino.com.ar\\\/df\\\/?s={search_term_string}\"},\"query-input\":{\"@type\":\"PropertyValueSpecification\",\"valueRequired\":true,\"valueName\":\"search_term_string\"}}],\"inLanguage\":\"es\"},{\"@type\":\"Organization\",\"@id\":\"https:\\\/\\\/diariofemenino.com.ar\\\/df\\\/#organization\",\"name\":\"Diario Femenino\",\"url\":\"https:\\\/\\\/diariofemenino.com.ar\\\/df\\\/\",\"logo\":{\"@type\":\"ImageObject\",\"inLanguage\":\"es\",\"@id\":\"https:\\\/\\\/diariofemenino.com.ar\\\/df\\\/#\\\/schema\\\/logo\\\/image\\\/\",\"url\":\"https:\\\/\\\/diariofemenino.com.ar\\\/df\\\/wp-content\\\/uploads\\\/2018\\\/10\\\/logo.png\",\"contentUrl\":\"https:\\\/\\\/diariofemenino.com.ar\\\/df\\\/wp-content\\\/uploads\\\/2018\\\/10\\\/logo.png\",\"width\":500,\"height\":92,\"caption\":\"Diario Femenino\"},\"image\":{\"@id\":\"https:\\\/\\\/diariofemenino.com.ar\\\/df\\\/#\\\/schema\\\/logo\\\/image\\\/\"},\"sameAs\":[\"https:\\\/\\\/www.facebook.com\\\/DiarioDigitaFemenino\\\/\",\"https:\\\/\\\/x.com\\\/DiarioFemenino1\"]},{\"@type\":\"Person\",\"@id\":\"https:\\\/\\\/diariofemenino.com.ar\\\/df\\\/#\\\/schema\\\/person\\\/bf6199e8158c657ea6f789b11ec85509\",\"name\":\"Admin\",\"image\":{\"@type\":\"ImageObject\",\"inLanguage\":\"es\",\"@id\":\"https:\\\/\\\/diariofemenino.com.ar\\\/df\\\/wp-content\\\/uploads\\\/2018\\\/12\\\/favicon-150x150.jpg\",\"url\":\"https:\\\/\\\/diariofemenino.com.ar\\\/df\\\/wp-content\\\/uploads\\\/2018\\\/12\\\/favicon-150x150.jpg\",\"contentUrl\":\"https:\\\/\\\/diariofemenino.com.ar\\\/df\\\/wp-content\\\/uploads\\\/2018\\\/12\\\/favicon-150x150.jpg\",\"caption\":\"Admin\"},\"url\":\"https:\\\/\\\/diariofemenino.com.ar\\\/df\\\/author\\\/lenny\\\/\"}]}<\/script>\n<!-- \/ Yoast SEO plugin. -->","yoast_head_json":{"title":"Reuni\u00f3n con centrales sindicales para debatir el anteproyecto de ley por un Sistema Integral de Cuidados con Perspectiva de G\u00e9nero - Diario Digital Femenino","description":"Reuni\u00f3n con centrales sindicales las problem\u00e1ticas sobre las pol\u00edticas de tiempo, ingreso e infraestructura en el trabajo de cuidado","robots":{"index":"index","follow":"follow","max-snippet":"max-snippet:-1","max-image-preview":"max-image-preview:large","max-video-preview":"max-video-preview:-1"},"canonical":"https:\/\/diariofemenino.com.ar\/df\/reunion-con-centrales-sindicales\/","og_locale":"es_ES","og_type":"article","og_title":"Reuni\u00f3n con centrales sindicales para debatir el anteproyecto de ley por un Sistema Integral de Cuidados con Perspectiva de G\u00e9nero - Diario Digital Femenino","og_description":"Reuni\u00f3n con centrales sindicales las problem\u00e1ticas sobre las pol\u00edticas de tiempo, ingreso e infraestructura en el trabajo de cuidado","og_url":"https:\/\/diariofemenino.com.ar\/df\/reunion-con-centrales-sindicales\/","og_site_name":"Diario Digital Femenino","article_publisher":"https:\/\/www.facebook.com\/DiarioDigitaFemenino\/","article_published_time":"2020-12-06T01:26:10+00:00","article_modified_time":"2020-12-06T12:42:19+00:00","og_image":[{"width":1280,"height":960,"url":"https:\/\/diariofemenino.com.ar\/df\/wp-content\/uploads\/2020\/12\/Ley-de-Cuidados-reunion-sindical-2.jpeg","type":"image\/jpeg"}],"author":"Admin","twitter_card":"summary_large_image","twitter_creator":"@DiarioFemenino1","twitter_site":"@DiarioFemenino1","twitter_misc":{"Escrito por":"Admin","Tiempo de lectura":"7 minutos"},"schema":{"@context":"https:\/\/schema.org","@graph":[{"@type":"Article","@id":"https:\/\/diariofemenino.com.ar\/df\/reunion-con-centrales-sindicales\/#article","isPartOf":{"@id":"https:\/\/diariofemenino.com.ar\/df\/reunion-con-centrales-sindicales\/"},"author":{"name":"Admin","@id":"https:\/\/diariofemenino.com.ar\/df\/#\/schema\/person\/bf6199e8158c657ea6f789b11ec85509"},"headline":"Reuni\u00f3n con centrales sindicales para debatir el anteproyecto de ley por un Sistema Integral de Cuidados con Perspectiva de G\u00e9nero","datePublished":"2020-12-06T01:26:10+00:00","dateModified":"2020-12-06T12:42:19+00:00","mainEntityOfPage":{"@id":"https:\/\/diariofemenino.com.ar\/df\/reunion-con-centrales-sindicales\/"},"wordCount":1333,"commentCount":0,"publisher":{"@id":"https:\/\/diariofemenino.com.ar\/df\/#organization"},"image":{"@id":"https:\/\/diariofemenino.com.ar\/df\/reunion-con-centrales-sindicales\/#primaryimage"},"thumbnailUrl":"https:\/\/diariofemenino.com.ar\/df\/wp-content\/uploads\/2020\/12\/Ley-de-Cuidados-reunion-sindical-2.jpeg","keywords":["Cudado","sindicatos","Sistema Integral"],"articleSection":["Agenda Feminista","Mujeres Sindicalistas","Noticias","Salud","Violencias"],"inLanguage":"es","potentialAction":[{"@type":"CommentAction","name":"Comment","target":["https:\/\/diariofemenino.com.ar\/df\/reunion-con-centrales-sindicales\/#respond"]}]},{"@type":"WebPage","@id":"https:\/\/diariofemenino.com.ar\/df\/reunion-con-centrales-sindicales\/","url":"https:\/\/diariofemenino.com.ar\/df\/reunion-con-centrales-sindicales\/","name":"Reuni\u00f3n con centrales sindicales para debatir el anteproyecto de ley por un Sistema Integral de Cuidados con Perspectiva de G\u00e9nero - Diario Digital Femenino","isPartOf":{"@id":"https:\/\/diariofemenino.com.ar\/df\/#website"},"primaryImageOfPage":{"@id":"https:\/\/diariofemenino.com.ar\/df\/reunion-con-centrales-sindicales\/#primaryimage"},"image":{"@id":"https:\/\/diariofemenino.com.ar\/df\/reunion-con-centrales-sindicales\/#primaryimage"},"thumbnailUrl":"https:\/\/diariofemenino.com.ar\/df\/wp-content\/uploads\/2020\/12\/Ley-de-Cuidados-reunion-sindical-2.jpeg","datePublished":"2020-12-06T01:26:10+00:00","dateModified":"2020-12-06T12:42:19+00:00","description":"Reuni\u00f3n con centrales sindicales las problem\u00e1ticas sobre las pol\u00edticas de tiempo, ingreso e infraestructura en el trabajo de cuidado","breadcrumb":{"@id":"https:\/\/diariofemenino.com.ar\/df\/reunion-con-centrales-sindicales\/#breadcrumb"},"inLanguage":"es","potentialAction":[{"@type":"ReadAction","target":["https:\/\/diariofemenino.com.ar\/df\/reunion-con-centrales-sindicales\/"]}]},{"@type":"ImageObject","inLanguage":"es","@id":"https:\/\/diariofemenino.com.ar\/df\/reunion-con-centrales-sindicales\/#primaryimage","url":"https:\/\/diariofemenino.com.ar\/df\/wp-content\/uploads\/2020\/12\/Ley-de-Cuidados-reunion-sindical-2.jpeg","contentUrl":"https:\/\/diariofemenino.com.ar\/df\/wp-content\/uploads\/2020\/12\/Ley-de-Cuidados-reunion-sindical-2.jpeg","width":1280,"height":960,"caption":"Reuni\u00f3n con centrales sindicales para debatir el anteproyecto de ley por un Sistema Integral de Cuidados con Perspectiva de G\u00e9nero"},{"@type":"BreadcrumbList","@id":"https:\/\/diariofemenino.com.ar\/df\/reunion-con-centrales-sindicales\/#breadcrumb","itemListElement":[{"@type":"ListItem","position":1,"name":"Portada","item":"https:\/\/diariofemenino.com.ar\/df\/"},{"@type":"ListItem","position":2,"name":"Reuni\u00f3n con centrales sindicales para debatir el anteproyecto de ley por un Sistema Integral de Cuidados con Perspectiva de G\u00e9nero"}]},{"@type":"WebSite","@id":"https:\/\/diariofemenino.com.ar\/df\/#website","url":"https:\/\/diariofemenino.com.ar\/df\/","name":"Diario Digital Femenino","description":"Cuesti\u00f3n de G\u00e9nero","publisher":{"@id":"https:\/\/diariofemenino.com.ar\/df\/#organization"},"potentialAction":[{"@type":"SearchAction","target":{"@type":"EntryPoint","urlTemplate":"https:\/\/diariofemenino.com.ar\/df\/?s={search_term_string}"},"query-input":{"@type":"PropertyValueSpecification","valueRequired":true,"valueName":"search_term_string"}}],"inLanguage":"es"},{"@type":"Organization","@id":"https:\/\/diariofemenino.com.ar\/df\/#organization","name":"Diario Femenino","url":"https:\/\/diariofemenino.com.ar\/df\/","logo":{"@type":"ImageObject","inLanguage":"es","@id":"https:\/\/diariofemenino.com.ar\/df\/#\/schema\/logo\/image\/","url":"https:\/\/diariofemenino.com.ar\/df\/wp-content\/uploads\/2018\/10\/logo.png","contentUrl":"https:\/\/diariofemenino.com.ar\/df\/wp-content\/uploads\/2018\/10\/logo.png","width":500,"height":92,"caption":"Diario Femenino"},"image":{"@id":"https:\/\/diariofemenino.com.ar\/df\/#\/schema\/logo\/image\/"},"sameAs":["https:\/\/www.facebook.com\/DiarioDigitaFemenino\/","https:\/\/x.com\/DiarioFemenino1"]},{"@type":"Person","@id":"https:\/\/diariofemenino.com.ar\/df\/#\/schema\/person\/bf6199e8158c657ea6f789b11ec85509","name":"Admin","image":{"@type":"ImageObject","inLanguage":"es","@id":"https:\/\/diariofemenino.com.ar\/df\/wp-content\/uploads\/2018\/12\/favicon-150x150.jpg","url":"https:\/\/diariofemenino.com.ar\/df\/wp-content\/uploads\/2018\/12\/favicon-150x150.jpg","contentUrl":"https:\/\/diariofemenino.com.ar\/df\/wp-content\/uploads\/2018\/12\/favicon-150x150.jpg","caption":"Admin"},"url":"https:\/\/diariofemenino.com.ar\/df\/author\/lenny\/"}]}},"jetpack_featured_media_url":"https:\/\/diariofemenino.com.ar\/df\/wp-content\/uploads\/2020\/12\/Ley-de-Cuidados-reunion-sindical-2.jpeg","jetpack_sharing_enabled":true,"rttpg_featured_image_url":{"full":["https:\/\/diariofemenino.com.ar\/df\/wp-content\/uploads\/2020\/12\/Ley-de-Cuidados-reunion-sindical-2.jpeg",1280,960,false],"landscape":["https:\/\/diariofemenino.com.ar\/df\/wp-content\/uploads\/2020\/12\/Ley-de-Cuidados-reunion-sindical-2.jpeg",1280,960,false],"portraits":["https:\/\/diariofemenino.com.ar\/df\/wp-content\/uploads\/2020\/12\/Ley-de-Cuidados-reunion-sindical-2.jpeg",1280,960,false],"thumbnail":["https:\/\/diariofemenino.com.ar\/df\/wp-content\/uploads\/2020\/12\/Ley-de-Cuidados-reunion-sindical-2-150x150.jpeg",150,150,true],"medium":["https:\/\/diariofemenino.com.ar\/df\/wp-content\/uploads\/2020\/12\/Ley-de-Cuidados-reunion-sindical-2-300x225.jpeg",300,225,true],"large":["https:\/\/diariofemenino.com.ar\/df\/wp-content\/uploads\/2020\/12\/Ley-de-Cuidados-reunion-sindical-2-1024x768.jpeg",1024,768,true],"1536x1536":["https:\/\/diariofemenino.com.ar\/df\/wp-content\/uploads\/2020\/12\/Ley-de-Cuidados-reunion-sindical-2.jpeg",1280,960,false],"2048x2048":["https:\/\/diariofemenino.com.ar\/df\/wp-content\/uploads\/2020\/12\/Ley-de-Cuidados-reunion-sindical-2.jpeg",1280,960,false]},"rttpg_author":{"display_name":"Admin","author_link":"https:\/\/diariofemenino.com.ar\/df\/author\/lenny\/"},"rttpg_comment":0,"rttpg_category":"<a href=\"https:\/\/diariofemenino.com.ar\/df\/category\/agenda-feminista\/\" rel=\"category tag\">Agenda Feminista<\/a> <a href=\"https:\/\/diariofemenino.com.ar\/df\/category\/mujeres-sindicalistas\/\" rel=\"category tag\">Mujeres Sindicalistas<\/a> <a href=\"https:\/\/diariofemenino.com.ar\/df\/category\/noticias\/\" rel=\"category tag\">Noticias<\/a> <a href=\"https:\/\/diariofemenino.com.ar\/df\/category\/salud\/\" rel=\"category tag\">Salud<\/a> <a href=\"https:\/\/diariofemenino.com.ar\/df\/category\/violencias\/\" rel=\"category tag\">Violencias<\/a>","rttpg_excerpt":"Reuni\u00f3n con centrales sindicales El Ministerio de las Mujeres, G\u00e9neros y Diversidad realiz\u00f3 la primera reuni\u00f3n consultiva entre funcionarias de la Secretar\u00eda de Pol\u00edticas de Igualdad y Diversidad, sindicatos y la comisi\u00f3n redactora del anteproyecto de ley por un sistema integral de cuidados con perspectiva de g\u00e9nero. El intercambio gir\u00f3 en torno a las problem\u00e1ticas&hellip;","_links":{"self":[{"href":"https:\/\/diariofemenino.com.ar\/df\/wp-json\/wp\/v2\/posts\/54278","targetHints":{"allow":["GET"]}}],"collection":[{"href":"https:\/\/diariofemenino.com.ar\/df\/wp-json\/wp\/v2\/posts"}],"about":[{"href":"https:\/\/diariofemenino.com.ar\/df\/wp-json\/wp\/v2\/types\/post"}],"author":[{"embeddable":true,"href":"https:\/\/diariofemenino.com.ar\/df\/wp-json\/wp\/v2\/users\/4"}],"replies":[{"embeddable":true,"href":"https:\/\/diariofemenino.com.ar\/df\/wp-json\/wp\/v2\/comments?post=54278"}],"version-history":[{"count":0,"href":"https:\/\/diariofemenino.com.ar\/df\/wp-json\/wp\/v2\/posts\/54278\/revisions"}],"wp:featuredmedia":[{"embeddable":true,"href":"https:\/\/diariofemenino.com.ar\/df\/wp-json\/wp\/v2\/media\/54281"}],"wp:attachment":[{"href":"https:\/\/diariofemenino.com.ar\/df\/wp-json\/wp\/v2\/media?parent=54278"}],"wp:term":[{"taxonomy":"category","embeddable":true,"href":"https:\/\/diariofemenino.com.ar\/df\/wp-json\/wp\/v2\/categories?post=54278"},{"taxonomy":"post_tag","embeddable":true,"href":"https:\/\/diariofemenino.com.ar\/df\/wp-json\/wp\/v2\/tags?post=54278"}],"curies":[{"name":"wp","href":"https:\/\/api.w.org\/{rel}","templated":true}]}}