{"id":54250,"date":"2020-12-05T17:54:28","date_gmt":"2020-12-05T20:54:28","guid":{"rendered":"https:\/\/diariofemenino.com.ar\/?p=54250"},"modified":"2020-12-05T17:57:18","modified_gmt":"2020-12-05T20:57:18","slug":"la-pampa-adhirio-a-la-hoja-de-ruta","status":"publish","type":"post","link":"https:\/\/diariofemenino.com.ar\/df\/la-pampa-adhirio-a-la-hoja-de-ruta\/","title":{"rendered":"La Pampa adhiri\u00f3 a la Hoja de Ruta de Atenci\u00f3n del embarazo en menores de 15 a\u00f1os"},"content":{"rendered":"<div class=\"vc_column td_uid_6_5fcbefe98fbec_rand wpb_column vc_column_container tdc-column td-pb-span8\">\n<div class=\"wpb_wrapper\">\n<div class=\"td_block_wrap tdb_single_content td_uid_15_5fcbefe994393_rand td-pb-border-top td_block_template_9 td-post-content tagdiv-type\" data-td-block-uid=\"td_uid_15_5fcbefe994393\">\n<div class=\"tdb-block-inner td-fix-index\">\n<p>La Pampa adhiri\u00f3 a la Hoja de Ruta\u00a0de Atenci\u00f3n<\/p>\n<p><strong>Se efectu\u00f3 una capacitaci\u00f3n v\u00eda Zoom para m\u00e1s de 270 efectores conectados. Se trat\u00f3 de un \u00abencuentro muy positivo\u00bb donde se present\u00f3 la <a href=\"https:\/\/diariofemenino.com.ar\/atencion-de-ninas-y-adolescentes-menores-de-15-anos-embarazadas\/\">Hoja de Ruta<\/a>, que contiene herramientas para poder orientar el trabajo de los equipos de salud y la articulaci\u00f3n con otras \u00e1reas y ministerios provinciales.\u00a0<\/strong><\/p>\n<figure id=\"attachment_54263\" aria-describedby=\"caption-attachment-54263\" style=\"width: 900px\" class=\"wp-caption aligncenter\"><img loading=\"lazy\" decoding=\"async\" class=\"size-large wp-image-54263\" src=\"https:\/\/diariofemenino.com.ar\/df\/wp-content\/uploads\/2020\/12\/WhatsApp-Image-2020-12-04-at-22.50.52-1024x580.jpeg\" alt=\"La Pampa adhiri\u00f3 a la Hoja de Ruta de Atenci\u00f3n del embarazo en menores de 15 a\u00f1os\" width=\"900\" height=\"510\" srcset=\"https:\/\/diariofemenino.com.ar\/df\/wp-content\/uploads\/2020\/12\/WhatsApp-Image-2020-12-04-at-22.50.52-1024x580.jpeg 1024w, https:\/\/diariofemenino.com.ar\/df\/wp-content\/uploads\/2020\/12\/WhatsApp-Image-2020-12-04-at-22.50.52-300x170.jpeg 300w, https:\/\/diariofemenino.com.ar\/df\/wp-content\/uploads\/2020\/12\/WhatsApp-Image-2020-12-04-at-22.50.52-768x435.jpeg 768w, https:\/\/diariofemenino.com.ar\/df\/wp-content\/uploads\/2020\/12\/WhatsApp-Image-2020-12-04-at-22.50.52.jpeg 1152w\" sizes=\"auto, (max-width: 900px) 100vw, 900px\" \/><figcaption id=\"caption-attachment-54263\" class=\"wp-caption-text\">La Pampa adhiri\u00f3 a la Hoja de Ruta de Atenci\u00f3n del embarazo en menores de 15 a\u00f1os<\/figcaption><\/figure>\n<p>Seg\u00fan informaron oficialmente, esta capacitaci\u00f3n estuvo organizada por la <a href=\"https:\/\/www.argentina.gob.ar\/salud\/dinamia\">Direcci\u00f3n de Maternidad, Infancia y Adolescencia<\/a> (Programa Salud Integral en la Adolescencia, Programa Salud Sexual y Reproductiva) y el <a href=\"https:\/\/www.lapampa.gob.ar\/ministerio-de-salud.html\">Ministerio de Salud<\/a>, con el acompa\u00f1amiento de la Direcci\u00f3n Nacional de Adolescencias y Juventudes (DIAJU).<\/p>\n<p>El <a href=\"https:\/\/diariofemenino.com.ar\/embarazo-adolescente-bajo-la-tasa-en-la-pampa\/\">embarazo en adolescentes<\/a> menores de 15 a\u00f1os y el abuso y la violencia sexual como su potencial causa, son problemas de Salud P\u00fablica y de derechos humanos que generan graves consecuencias biol\u00f3gicas, ps\u00edquicas y sociales.<\/p>\n<p>En esa l\u00ednea, la directora de Maternidad e Infancia provincial, Cintia Jacobi, destac\u00f3 este encuentro como muy positivo. \u00abLa Pampa, por Resoluci\u00f3n ministerial adhiri\u00f3 a este documento nacional. Fue un intercambio muy rico con los efectores, ya que se dio a conocer c\u00f3mo es esta Hoja de Ruta, a partir de que se detecta un embarazo en una ni\u00f1a o menor adolescente\u00bb.<\/p>\n<p>\u00abNos parece importante aunar criterios de intervenci\u00f3n y poder avanzar en un abordaje integral ante estas situaciones. Porque tiene que haber pautas claras que est\u00e9n basadas en derecho y en el g\u00e9nero, para fortalecer el acceso a la salud y a todo lo que necesita una ni\u00f1a o adolescente embarazada\u201d, agreg\u00f3.<\/p>\n<p>Durante la jornada, se presentaron dos casos de ni\u00f1as en diversas situaciones, se hizo una devoluci\u00f3n y se trabaj\u00f3 con los efectores para ver c\u00f3mo se manejar\u00eda esa situaci\u00f3n. \u00abEso fue una puerta como herramienta para seguir trabajando por zonas en nuestra Provincia, con las dem\u00e1s instituciones que participaron de la capacitaci\u00f3n\u00bb.<\/p>\n<p><strong>Primera provincia.<\/strong><\/p>\n<p>Jacobi destac\u00f3 que La Pampa es la primera provincia que adhiere a la Hoja de Ruta, aunque ya se ha venido trabajando en esta tem\u00e1tica, \u00absolo que ahora nos permite un ordenamiento para avanzar con todas las \u00e1reas que es lo que m\u00e1s nos interesa\u00bb.<\/p>\n<p>Participaron representantes de los Ministerios de Educaci\u00f3n, de Desarrollo Social, el Defensor de Ni\u00f1os, Ni\u00f1as y Adolescentes, diferentes Colegios de Psic\u00f3logos, Obst\u00e9tricas, y diferentes asociaciones, ofreciendo sus respectivas miradas.<\/p>\n<p>El foco tambi\u00e9n estuvo puesto en la Educaci\u00f3n Sexual Integral (ESI), \u00abprograma en el cual hay que seguir trabajando y garantizando, en la perspectiva de g\u00e9nero, en las vulnerabilidades a la hora del acceso a la salud, a la escolaridad, a las oportunidades en los diferentes \u00e1mbitos de la sociedad\u00bb.<\/p>\n<p>La directora manifest\u00f3 que en la provincia \u00abel embarazo adolescente viene bajando en menores de 19 a\u00f1os y tambi\u00e9n hay un descenso importante en menores de 15 a\u00f1os. En el a\u00f1o 2016 ten\u00edamos 22 embarazadas menores de 15. Era un n\u00famero alarmante, en el a\u00f1o 2019 ese n\u00famero baj\u00f3 a 8. Pero en los \u00faltimos 3 a\u00f1os se mantuvo cerca de esos n\u00fameros. No es solo un n\u00famero, porque detr\u00e1s de eso, alg\u00fan derecho se ha vulnerado\u00bb.<\/p>\n<p>\u00abUna ni\u00f1a no puede ser madre, porque la gran mayor\u00eda est\u00e1n atravesadas por situaciones de abuso, de vulnerabilidad, de asimetr\u00edas de poder, situaciones que hay que trabajar con todos los efectores de salud, de educaci\u00f3n, de justicia de organismos de protecci\u00f3n y por todas las \u00e1reas donde transcurre una adolescente. La idea es que no haya ninguna ni\u00f1a embarazada, porque hay adem\u00e1s much\u00edsimo riesgo en la gestaci\u00f3n en una ni\u00f1a menor de 15 a\u00f1os. Apuntamos a mejorar estos indicadores\u00bb, remarc\u00f3.<\/p>\n<p>El trabajo continuar\u00e1 el pr\u00f3ximo a\u00f1o como una propuesta por regiones o zonas \u00abdonde a trav\u00e9s de la presencialidad o virtualidad, desmenuzaremos esta Hoja de Ruta que es muy amplia y que contempla todos los temas. Bajarlos a terreno con un ordenamiento y que todos nos hagamos responsables del abordaje\u00bb, concluy\u00f3 la directora de Maternidad e Infancia.<\/p>\n<\/div>\n<p><strong>Descargar la Hoja de Ruta de Atenci\u00f3n <a href=\"https:\/\/diariofemenino.com.ar\/atencion-de-ninas-y-adolescentes-menores-de-15-anos-embarazadas\/\">AQU\u00cd<\/a><\/strong><\/p>\n<p>&nbsp;<\/p>\n<p><a href=\"https:\/\/diariofemenino.com.ar\/category\/de-esi-si-se-habla\/\">De ESI S\u00ed Se Habla<\/a><\/p>\n<\/div>\n<\/div>\n<\/div>\n","protected":false},"excerpt":{"rendered":"<p>La Pampa adhiri\u00f3 a la Hoja de Ruta\u00a0de Atenci\u00f3n Se efectu\u00f3 una capacitaci\u00f3n v\u00eda Zoom para m\u00e1s de 270 efectores conectados. Se trat\u00f3 de un \u00abencuentro muy positivo\u00bb donde se present\u00f3 la Hoja de Ruta, que contiene herramientas para poder orientar el trabajo de los equipos de salud y la articulaci\u00f3n con otras \u00e1reas y [&hellip;]<\/p>\n","protected":false},"author":4,"featured_media":54264,"comment_status":"open","ping_status":"open","sticky":false,"template":"","format":"standard","meta":{"iawp_total_views":3,"footnotes":""},"categories":[1067,581,21,23],"tags":[3898,3825,439],"class_list":["post-54250","post","type-post","status-publish","format-standard","has-post-thumbnail","hentry","category-agenda-feminista","category-azul-profundo","category-noticias","category-salud","tag-embarazos-en-adolescentes","tag-hoja-de-ruta","tag-la-pampa"],"nelio_content":{"autoShareEndMode":"never","automationSources":{"useCustomSentences":false,"customSentences":[]},"efiAlt":"","efiUrl":"","followers":[4],"highlights":[],"isAutoShareEnabled":true,"networkImageIds":[],"permalinkQueryArgs":[],"series":[],"suggestedReferences":[]},"yoast_head":"<!-- This site is optimized with the Yoast SEO plugin v27.5 - https:\/\/yoast.com\/product\/yoast-seo-wordpress\/ -->\n<title>La Pampa adhiri\u00f3 a la Hoja de Ruta de Atenci\u00f3n del embarazo en menores de 15 a\u00f1os - Diario Digital Femenino<\/title>\n<meta name=\"description\" content=\"La Pampa adhiri\u00f3. Fue durante una capacitaci\u00f3 provincial donde presentaron la Hoja de ruta que contiene herramientas para poder orientar el trabajo\" \/>\n<meta name=\"robots\" content=\"index, follow, max-snippet:-1, max-image-preview:large, max-video-preview:-1\" \/>\n<link rel=\"canonical\" href=\"https:\/\/diariofemenino.com.ar\/df\/la-pampa-adhirio-a-la-hoja-de-ruta\/\" \/>\n<meta property=\"og:locale\" content=\"es_ES\" \/>\n<meta property=\"og:type\" content=\"article\" \/>\n<meta property=\"og:title\" content=\"La Pampa adhiri\u00f3 a la Hoja de Ruta de Atenci\u00f3n del embarazo en menores de 15 a\u00f1os - Diario Digital Femenino\" \/>\n<meta property=\"og:description\" content=\"La Pampa adhiri\u00f3. Fue durante una capacitaci\u00f3 provincial donde presentaron la Hoja de ruta que contiene herramientas para poder orientar el trabajo\" \/>\n<meta property=\"og:url\" content=\"https:\/\/diariofemenino.com.ar\/df\/la-pampa-adhirio-a-la-hoja-de-ruta\/\" \/>\n<meta property=\"og:site_name\" content=\"Diario Digital Femenino\" \/>\n<meta property=\"article:publisher\" content=\"https:\/\/www.facebook.com\/DiarioDigitaFemenino\/\" \/>\n<meta property=\"article:published_time\" content=\"2020-12-05T20:54:28+00:00\" \/>\n<meta property=\"article:modified_time\" content=\"2020-12-05T20:57:18+00:00\" \/>\n<meta property=\"og:image\" content=\"https:\/\/diariofemenino.com.ar\/df\/wp-content\/uploads\/2020\/12\/SALUD306150cd.jpg\" \/>\n\t<meta property=\"og:image:width\" content=\"696\" \/>\n\t<meta property=\"og:image:height\" content=\"464\" \/>\n\t<meta property=\"og:image:type\" content=\"image\/jpeg\" \/>\n<meta name=\"author\" content=\"Admin\" \/>\n<meta name=\"twitter:card\" content=\"summary_large_image\" \/>\n<meta name=\"twitter:creator\" content=\"@DiarioFemenino1\" \/>\n<meta name=\"twitter:site\" content=\"@DiarioFemenino1\" \/>\n<meta name=\"twitter:label1\" content=\"Escrito por\" \/>\n\t<meta name=\"twitter:data1\" content=\"Admin\" \/>\n\t<meta name=\"twitter:label2\" content=\"Tiempo de lectura\" \/>\n\t<meta name=\"twitter:data2\" content=\"4 minutos\" \/>\n<script type=\"application\/ld+json\" class=\"yoast-schema-graph\">{\"@context\":\"https:\\\/\\\/schema.org\",\"@graph\":[{\"@type\":\"Article\",\"@id\":\"https:\\\/\\\/diariofemenino.com.ar\\\/df\\\/la-pampa-adhirio-a-la-hoja-de-ruta\\\/#article\",\"isPartOf\":{\"@id\":\"https:\\\/\\\/diariofemenino.com.ar\\\/df\\\/la-pampa-adhirio-a-la-hoja-de-ruta\\\/\"},\"author\":{\"name\":\"Admin\",\"@id\":\"https:\\\/\\\/diariofemenino.com.ar\\\/df\\\/#\\\/schema\\\/person\\\/bf6199e8158c657ea6f789b11ec85509\"},\"headline\":\"La Pampa adhiri\u00f3 a la Hoja de Ruta de Atenci\u00f3n del embarazo en menores de 15 a\u00f1os\",\"datePublished\":\"2020-12-05T20:54:28+00:00\",\"dateModified\":\"2020-12-05T20:57:18+00:00\",\"mainEntityOfPage\":{\"@id\":\"https:\\\/\\\/diariofemenino.com.ar\\\/df\\\/la-pampa-adhirio-a-la-hoja-de-ruta\\\/\"},\"wordCount\":756,\"commentCount\":0,\"publisher\":{\"@id\":\"https:\\\/\\\/diariofemenino.com.ar\\\/df\\\/#organization\"},\"image\":{\"@id\":\"https:\\\/\\\/diariofemenino.com.ar\\\/df\\\/la-pampa-adhirio-a-la-hoja-de-ruta\\\/#primaryimage\"},\"thumbnailUrl\":\"https:\\\/\\\/diariofemenino.com.ar\\\/df\\\/wp-content\\\/uploads\\\/2020\\\/12\\\/SALUD306150cd.jpg\",\"keywords\":[\"Embarazos en adolescentes\",\"Hoja de ruta\",\"La Pampa\"],\"articleSection\":[\"Agenda Feminista\",\"Azul Profundo\",\"Noticias\",\"Salud\"],\"inLanguage\":\"es\",\"potentialAction\":[{\"@type\":\"CommentAction\",\"name\":\"Comment\",\"target\":[\"https:\\\/\\\/diariofemenino.com.ar\\\/df\\\/la-pampa-adhirio-a-la-hoja-de-ruta\\\/#respond\"]}]},{\"@type\":\"WebPage\",\"@id\":\"https:\\\/\\\/diariofemenino.com.ar\\\/df\\\/la-pampa-adhirio-a-la-hoja-de-ruta\\\/\",\"url\":\"https:\\\/\\\/diariofemenino.com.ar\\\/df\\\/la-pampa-adhirio-a-la-hoja-de-ruta\\\/\",\"name\":\"La Pampa adhiri\u00f3 a la Hoja de Ruta de Atenci\u00f3n del embarazo en menores de 15 a\u00f1os - Diario Digital Femenino\",\"isPartOf\":{\"@id\":\"https:\\\/\\\/diariofemenino.com.ar\\\/df\\\/#website\"},\"primaryImageOfPage\":{\"@id\":\"https:\\\/\\\/diariofemenino.com.ar\\\/df\\\/la-pampa-adhirio-a-la-hoja-de-ruta\\\/#primaryimage\"},\"image\":{\"@id\":\"https:\\\/\\\/diariofemenino.com.ar\\\/df\\\/la-pampa-adhirio-a-la-hoja-de-ruta\\\/#primaryimage\"},\"thumbnailUrl\":\"https:\\\/\\\/diariofemenino.com.ar\\\/df\\\/wp-content\\\/uploads\\\/2020\\\/12\\\/SALUD306150cd.jpg\",\"datePublished\":\"2020-12-05T20:54:28+00:00\",\"dateModified\":\"2020-12-05T20:57:18+00:00\",\"description\":\"La Pampa adhiri\u00f3. Fue durante una capacitaci\u00f3 provincial donde presentaron la Hoja de ruta que contiene herramientas para poder orientar el trabajo\",\"breadcrumb\":{\"@id\":\"https:\\\/\\\/diariofemenino.com.ar\\\/df\\\/la-pampa-adhirio-a-la-hoja-de-ruta\\\/#breadcrumb\"},\"inLanguage\":\"es\",\"potentialAction\":[{\"@type\":\"ReadAction\",\"target\":[\"https:\\\/\\\/diariofemenino.com.ar\\\/df\\\/la-pampa-adhirio-a-la-hoja-de-ruta\\\/\"]}]},{\"@type\":\"ImageObject\",\"inLanguage\":\"es\",\"@id\":\"https:\\\/\\\/diariofemenino.com.ar\\\/df\\\/la-pampa-adhirio-a-la-hoja-de-ruta\\\/#primaryimage\",\"url\":\"https:\\\/\\\/diariofemenino.com.ar\\\/df\\\/wp-content\\\/uploads\\\/2020\\\/12\\\/SALUD306150cd.jpg\",\"contentUrl\":\"https:\\\/\\\/diariofemenino.com.ar\\\/df\\\/wp-content\\\/uploads\\\/2020\\\/12\\\/SALUD306150cd.jpg\",\"width\":696,\"height\":464,\"caption\":\"La Pampa adhiri\u00f3 a la Hoja de Ruta de Atenci\u00f3n del embarazo en menores de 15 a\u00f1os\"},{\"@type\":\"BreadcrumbList\",\"@id\":\"https:\\\/\\\/diariofemenino.com.ar\\\/df\\\/la-pampa-adhirio-a-la-hoja-de-ruta\\\/#breadcrumb\",\"itemListElement\":[{\"@type\":\"ListItem\",\"position\":1,\"name\":\"Portada\",\"item\":\"https:\\\/\\\/diariofemenino.com.ar\\\/df\\\/\"},{\"@type\":\"ListItem\",\"position\":2,\"name\":\"La Pampa adhiri\u00f3 a la Hoja de Ruta de Atenci\u00f3n del embarazo en menores de 15 a\u00f1os\"}]},{\"@type\":\"WebSite\",\"@id\":\"https:\\\/\\\/diariofemenino.com.ar\\\/df\\\/#website\",\"url\":\"https:\\\/\\\/diariofemenino.com.ar\\\/df\\\/\",\"name\":\"Diario Digital Femenino\",\"description\":\"Cuesti\u00f3n de G\u00e9nero\",\"publisher\":{\"@id\":\"https:\\\/\\\/diariofemenino.com.ar\\\/df\\\/#organization\"},\"potentialAction\":[{\"@type\":\"SearchAction\",\"target\":{\"@type\":\"EntryPoint\",\"urlTemplate\":\"https:\\\/\\\/diariofemenino.com.ar\\\/df\\\/?s={search_term_string}\"},\"query-input\":{\"@type\":\"PropertyValueSpecification\",\"valueRequired\":true,\"valueName\":\"search_term_string\"}}],\"inLanguage\":\"es\"},{\"@type\":\"Organization\",\"@id\":\"https:\\\/\\\/diariofemenino.com.ar\\\/df\\\/#organization\",\"name\":\"Diario Femenino\",\"url\":\"https:\\\/\\\/diariofemenino.com.ar\\\/df\\\/\",\"logo\":{\"@type\":\"ImageObject\",\"inLanguage\":\"es\",\"@id\":\"https:\\\/\\\/diariofemenino.com.ar\\\/df\\\/#\\\/schema\\\/logo\\\/image\\\/\",\"url\":\"https:\\\/\\\/diariofemenino.com.ar\\\/df\\\/wp-content\\\/uploads\\\/2018\\\/10\\\/logo.png\",\"contentUrl\":\"https:\\\/\\\/diariofemenino.com.ar\\\/df\\\/wp-content\\\/uploads\\\/2018\\\/10\\\/logo.png\",\"width\":500,\"height\":92,\"caption\":\"Diario Femenino\"},\"image\":{\"@id\":\"https:\\\/\\\/diariofemenino.com.ar\\\/df\\\/#\\\/schema\\\/logo\\\/image\\\/\"},\"sameAs\":[\"https:\\\/\\\/www.facebook.com\\\/DiarioDigitaFemenino\\\/\",\"https:\\\/\\\/x.com\\\/DiarioFemenino1\"]},{\"@type\":\"Person\",\"@id\":\"https:\\\/\\\/diariofemenino.com.ar\\\/df\\\/#\\\/schema\\\/person\\\/bf6199e8158c657ea6f789b11ec85509\",\"name\":\"Admin\",\"image\":{\"@type\":\"ImageObject\",\"inLanguage\":\"es\",\"@id\":\"https:\\\/\\\/diariofemenino.com.ar\\\/df\\\/wp-content\\\/uploads\\\/2018\\\/12\\\/favicon-150x150.jpg\",\"url\":\"https:\\\/\\\/diariofemenino.com.ar\\\/df\\\/wp-content\\\/uploads\\\/2018\\\/12\\\/favicon-150x150.jpg\",\"contentUrl\":\"https:\\\/\\\/diariofemenino.com.ar\\\/df\\\/wp-content\\\/uploads\\\/2018\\\/12\\\/favicon-150x150.jpg\",\"caption\":\"Admin\"},\"url\":\"https:\\\/\\\/diariofemenino.com.ar\\\/df\\\/author\\\/lenny\\\/\"}]}<\/script>\n<!-- \/ Yoast SEO plugin. -->","yoast_head_json":{"title":"La Pampa adhiri\u00f3 a la Hoja de Ruta de Atenci\u00f3n del embarazo en menores de 15 a\u00f1os - Diario Digital Femenino","description":"La Pampa adhiri\u00f3. Fue durante una capacitaci\u00f3 provincial donde presentaron la Hoja de ruta que contiene herramientas para poder orientar el trabajo","robots":{"index":"index","follow":"follow","max-snippet":"max-snippet:-1","max-image-preview":"max-image-preview:large","max-video-preview":"max-video-preview:-1"},"canonical":"https:\/\/diariofemenino.com.ar\/df\/la-pampa-adhirio-a-la-hoja-de-ruta\/","og_locale":"es_ES","og_type":"article","og_title":"La Pampa adhiri\u00f3 a la Hoja de Ruta de Atenci\u00f3n del embarazo en menores de 15 a\u00f1os - Diario Digital Femenino","og_description":"La Pampa adhiri\u00f3. Fue durante una capacitaci\u00f3 provincial donde presentaron la Hoja de ruta que contiene herramientas para poder orientar el trabajo","og_url":"https:\/\/diariofemenino.com.ar\/df\/la-pampa-adhirio-a-la-hoja-de-ruta\/","og_site_name":"Diario Digital Femenino","article_publisher":"https:\/\/www.facebook.com\/DiarioDigitaFemenino\/","article_published_time":"2020-12-05T20:54:28+00:00","article_modified_time":"2020-12-05T20:57:18+00:00","og_image":[{"width":696,"height":464,"url":"https:\/\/diariofemenino.com.ar\/df\/wp-content\/uploads\/2020\/12\/SALUD306150cd.jpg","type":"image\/jpeg"}],"author":"Admin","twitter_card":"summary_large_image","twitter_creator":"@DiarioFemenino1","twitter_site":"@DiarioFemenino1","twitter_misc":{"Escrito por":"Admin","Tiempo de lectura":"4 minutos"},"schema":{"@context":"https:\/\/schema.org","@graph":[{"@type":"Article","@id":"https:\/\/diariofemenino.com.ar\/df\/la-pampa-adhirio-a-la-hoja-de-ruta\/#article","isPartOf":{"@id":"https:\/\/diariofemenino.com.ar\/df\/la-pampa-adhirio-a-la-hoja-de-ruta\/"},"author":{"name":"Admin","@id":"https:\/\/diariofemenino.com.ar\/df\/#\/schema\/person\/bf6199e8158c657ea6f789b11ec85509"},"headline":"La Pampa adhiri\u00f3 a la Hoja de Ruta de Atenci\u00f3n del embarazo en menores de 15 a\u00f1os","datePublished":"2020-12-05T20:54:28+00:00","dateModified":"2020-12-05T20:57:18+00:00","mainEntityOfPage":{"@id":"https:\/\/diariofemenino.com.ar\/df\/la-pampa-adhirio-a-la-hoja-de-ruta\/"},"wordCount":756,"commentCount":0,"publisher":{"@id":"https:\/\/diariofemenino.com.ar\/df\/#organization"},"image":{"@id":"https:\/\/diariofemenino.com.ar\/df\/la-pampa-adhirio-a-la-hoja-de-ruta\/#primaryimage"},"thumbnailUrl":"https:\/\/diariofemenino.com.ar\/df\/wp-content\/uploads\/2020\/12\/SALUD306150cd.jpg","keywords":["Embarazos en adolescentes","Hoja de ruta","La Pampa"],"articleSection":["Agenda Feminista","Azul Profundo","Noticias","Salud"],"inLanguage":"es","potentialAction":[{"@type":"CommentAction","name":"Comment","target":["https:\/\/diariofemenino.com.ar\/df\/la-pampa-adhirio-a-la-hoja-de-ruta\/#respond"]}]},{"@type":"WebPage","@id":"https:\/\/diariofemenino.com.ar\/df\/la-pampa-adhirio-a-la-hoja-de-ruta\/","url":"https:\/\/diariofemenino.com.ar\/df\/la-pampa-adhirio-a-la-hoja-de-ruta\/","name":"La Pampa adhiri\u00f3 a la Hoja de Ruta de Atenci\u00f3n del embarazo en menores de 15 a\u00f1os - Diario Digital Femenino","isPartOf":{"@id":"https:\/\/diariofemenino.com.ar\/df\/#website"},"primaryImageOfPage":{"@id":"https:\/\/diariofemenino.com.ar\/df\/la-pampa-adhirio-a-la-hoja-de-ruta\/#primaryimage"},"image":{"@id":"https:\/\/diariofemenino.com.ar\/df\/la-pampa-adhirio-a-la-hoja-de-ruta\/#primaryimage"},"thumbnailUrl":"https:\/\/diariofemenino.com.ar\/df\/wp-content\/uploads\/2020\/12\/SALUD306150cd.jpg","datePublished":"2020-12-05T20:54:28+00:00","dateModified":"2020-12-05T20:57:18+00:00","description":"La Pampa adhiri\u00f3. Fue durante una capacitaci\u00f3 provincial donde presentaron la Hoja de ruta que contiene herramientas para poder orientar el trabajo","breadcrumb":{"@id":"https:\/\/diariofemenino.com.ar\/df\/la-pampa-adhirio-a-la-hoja-de-ruta\/#breadcrumb"},"inLanguage":"es","potentialAction":[{"@type":"ReadAction","target":["https:\/\/diariofemenino.com.ar\/df\/la-pampa-adhirio-a-la-hoja-de-ruta\/"]}]},{"@type":"ImageObject","inLanguage":"es","@id":"https:\/\/diariofemenino.com.ar\/df\/la-pampa-adhirio-a-la-hoja-de-ruta\/#primaryimage","url":"https:\/\/diariofemenino.com.ar\/df\/wp-content\/uploads\/2020\/12\/SALUD306150cd.jpg","contentUrl":"https:\/\/diariofemenino.com.ar\/df\/wp-content\/uploads\/2020\/12\/SALUD306150cd.jpg","width":696,"height":464,"caption":"La Pampa adhiri\u00f3 a la Hoja de Ruta de Atenci\u00f3n del embarazo en menores de 15 a\u00f1os"},{"@type":"BreadcrumbList","@id":"https:\/\/diariofemenino.com.ar\/df\/la-pampa-adhirio-a-la-hoja-de-ruta\/#breadcrumb","itemListElement":[{"@type":"ListItem","position":1,"name":"Portada","item":"https:\/\/diariofemenino.com.ar\/df\/"},{"@type":"ListItem","position":2,"name":"La Pampa adhiri\u00f3 a la Hoja de Ruta de Atenci\u00f3n del embarazo en menores de 15 a\u00f1os"}]},{"@type":"WebSite","@id":"https:\/\/diariofemenino.com.ar\/df\/#website","url":"https:\/\/diariofemenino.com.ar\/df\/","name":"Diario Digital Femenino","description":"Cuesti\u00f3n de G\u00e9nero","publisher":{"@id":"https:\/\/diariofemenino.com.ar\/df\/#organization"},"potentialAction":[{"@type":"SearchAction","target":{"@type":"EntryPoint","urlTemplate":"https:\/\/diariofemenino.com.ar\/df\/?s={search_term_string}"},"query-input":{"@type":"PropertyValueSpecification","valueRequired":true,"valueName":"search_term_string"}}],"inLanguage":"es"},{"@type":"Organization","@id":"https:\/\/diariofemenino.com.ar\/df\/#organization","name":"Diario Femenino","url":"https:\/\/diariofemenino.com.ar\/df\/","logo":{"@type":"ImageObject","inLanguage":"es","@id":"https:\/\/diariofemenino.com.ar\/df\/#\/schema\/logo\/image\/","url":"https:\/\/diariofemenino.com.ar\/df\/wp-content\/uploads\/2018\/10\/logo.png","contentUrl":"https:\/\/diariofemenino.com.ar\/df\/wp-content\/uploads\/2018\/10\/logo.png","width":500,"height":92,"caption":"Diario Femenino"},"image":{"@id":"https:\/\/diariofemenino.com.ar\/df\/#\/schema\/logo\/image\/"},"sameAs":["https:\/\/www.facebook.com\/DiarioDigitaFemenino\/","https:\/\/x.com\/DiarioFemenino1"]},{"@type":"Person","@id":"https:\/\/diariofemenino.com.ar\/df\/#\/schema\/person\/bf6199e8158c657ea6f789b11ec85509","name":"Admin","image":{"@type":"ImageObject","inLanguage":"es","@id":"https:\/\/diariofemenino.com.ar\/df\/wp-content\/uploads\/2018\/12\/favicon-150x150.jpg","url":"https:\/\/diariofemenino.com.ar\/df\/wp-content\/uploads\/2018\/12\/favicon-150x150.jpg","contentUrl":"https:\/\/diariofemenino.com.ar\/df\/wp-content\/uploads\/2018\/12\/favicon-150x150.jpg","caption":"Admin"},"url":"https:\/\/diariofemenino.com.ar\/df\/author\/lenny\/"}]}},"jetpack_featured_media_url":"https:\/\/diariofemenino.com.ar\/df\/wp-content\/uploads\/2020\/12\/SALUD306150cd.jpg","jetpack_sharing_enabled":true,"rttpg_featured_image_url":{"full":["https:\/\/diariofemenino.com.ar\/df\/wp-content\/uploads\/2020\/12\/SALUD306150cd.jpg",696,464,false],"landscape":["https:\/\/diariofemenino.com.ar\/df\/wp-content\/uploads\/2020\/12\/SALUD306150cd.jpg",696,464,false],"portraits":["https:\/\/diariofemenino.com.ar\/df\/wp-content\/uploads\/2020\/12\/SALUD306150cd.jpg",696,464,false],"thumbnail":["https:\/\/diariofemenino.com.ar\/df\/wp-content\/uploads\/2020\/12\/SALUD306150cd-150x150.jpg",150,150,true],"medium":["https:\/\/diariofemenino.com.ar\/df\/wp-content\/uploads\/2020\/12\/SALUD306150cd-300x200.jpg",300,200,true],"large":["https:\/\/diariofemenino.com.ar\/df\/wp-content\/uploads\/2020\/12\/SALUD306150cd.jpg",696,464,false],"1536x1536":["https:\/\/diariofemenino.com.ar\/df\/wp-content\/uploads\/2020\/12\/SALUD306150cd.jpg",696,464,false],"2048x2048":["https:\/\/diariofemenino.com.ar\/df\/wp-content\/uploads\/2020\/12\/SALUD306150cd.jpg",696,464,false]},"rttpg_author":{"display_name":"Admin","author_link":"https:\/\/diariofemenino.com.ar\/df\/author\/lenny\/"},"rttpg_comment":0,"rttpg_category":"<a href=\"https:\/\/diariofemenino.com.ar\/df\/category\/agenda-feminista\/\" rel=\"category tag\">Agenda Feminista<\/a> <a href=\"https:\/\/diariofemenino.com.ar\/df\/category\/azul-profundo\/\" rel=\"category tag\">Azul Profundo<\/a> <a href=\"https:\/\/diariofemenino.com.ar\/df\/category\/noticias\/\" rel=\"category tag\">Noticias<\/a> <a href=\"https:\/\/diariofemenino.com.ar\/df\/category\/salud\/\" rel=\"category tag\">Salud<\/a>","rttpg_excerpt":"La Pampa adhiri\u00f3 a la Hoja de Ruta\u00a0de Atenci\u00f3n Se efectu\u00f3 una capacitaci\u00f3n v\u00eda Zoom para m\u00e1s de 270 efectores conectados. Se trat\u00f3 de un \u00abencuentro muy positivo\u00bb donde se present\u00f3 la Hoja de Ruta, que contiene herramientas para poder orientar el trabajo de los equipos de salud y la articulaci\u00f3n con otras \u00e1reas y&hellip;","_links":{"self":[{"href":"https:\/\/diariofemenino.com.ar\/df\/wp-json\/wp\/v2\/posts\/54250","targetHints":{"allow":["GET"]}}],"collection":[{"href":"https:\/\/diariofemenino.com.ar\/df\/wp-json\/wp\/v2\/posts"}],"about":[{"href":"https:\/\/diariofemenino.com.ar\/df\/wp-json\/wp\/v2\/types\/post"}],"author":[{"embeddable":true,"href":"https:\/\/diariofemenino.com.ar\/df\/wp-json\/wp\/v2\/users\/4"}],"replies":[{"embeddable":true,"href":"https:\/\/diariofemenino.com.ar\/df\/wp-json\/wp\/v2\/comments?post=54250"}],"version-history":[{"count":0,"href":"https:\/\/diariofemenino.com.ar\/df\/wp-json\/wp\/v2\/posts\/54250\/revisions"}],"wp:featuredmedia":[{"embeddable":true,"href":"https:\/\/diariofemenino.com.ar\/df\/wp-json\/wp\/v2\/media\/54264"}],"wp:attachment":[{"href":"https:\/\/diariofemenino.com.ar\/df\/wp-json\/wp\/v2\/media?parent=54250"}],"wp:term":[{"taxonomy":"category","embeddable":true,"href":"https:\/\/diariofemenino.com.ar\/df\/wp-json\/wp\/v2\/categories?post=54250"},{"taxonomy":"post_tag","embeddable":true,"href":"https:\/\/diariofemenino.com.ar\/df\/wp-json\/wp\/v2\/tags?post=54250"}],"curies":[{"name":"wp","href":"https:\/\/api.w.org\/{rel}","templated":true}]}}