{"id":54240,"date":"2020-12-05T11:01:33","date_gmt":"2020-12-05T14:01:33","guid":{"rendered":"https:\/\/diariofemenino.com.ar\/?p=54240"},"modified":"2020-12-05T11:03:59","modified_gmt":"2020-12-05T14:03:59","slug":"las-feministas-no-odian-a-los-hombres","status":"publish","type":"post","link":"https:\/\/diariofemenino.com.ar\/df\/las-feministas-no-odian-a-los-hombres\/","title":{"rendered":"Las feministas no odian a los hombres"},"content":{"rendered":"<p>Parece absurdo a estas alturas titular un art\u00edculo as\u00ed porque considero que es un bulo ampliamente superado por la sociedad. Pero cuando le\u00ed a la actriz Macarena G\u00f3mez decir:\u00a0 \u00abhe sentido que hay un discurso de odio hacia los hombres\u00bb, y le\u00ed los comentarios que en redes sociales despertaba esa declaraci\u00f3n, comprob\u00e9 hasta qu\u00e9 punto los bulos machistas se instalan con fuerza aunque todos los hechos demuestren lo contrario.<\/p>\n<p>Por\u00a0<a href=\"https:\/\/m.publico.es\/columnas\/110660465468\/otras-miradas-las-feministas-no-odian-a-los-hombres\/amp?utm_source=twitter&amp;utm_medium=social&amp;utm_campaign=web&amp;__twitter_impression=true\">Ana Bernal -Trivi\u00f1o<\/a><\/p>\n<p><img loading=\"lazy\" decoding=\"async\" class=\"size-full wp-image-54244\" src=\"https:\/\/diariofemenino.com.ar\/df\/wp-content\/uploads\/2020\/12\/1603884817964.jpg\" alt=\"Las feministas no odian a los hombres\" width=\"976\" height=\"549\" srcset=\"https:\/\/diariofemenino.com.ar\/df\/wp-content\/uploads\/2020\/12\/1603884817964.jpg 976w, https:\/\/diariofemenino.com.ar\/df\/wp-content\/uploads\/2020\/12\/1603884817964-300x169.jpg 300w, https:\/\/diariofemenino.com.ar\/df\/wp-content\/uploads\/2020\/12\/1603884817964-768x432.jpg 768w\" sizes=\"auto, (max-width: 976px) 100vw, 976px\" \/><span style=\"font-size: 14px;\">Las feministas no odian a los hombres. Imagen de Macarena G\u00f3mez<\/span><\/p>\n<p>Me gustar\u00eda saber si en una sociedad con m\u00e1s de mil mujeres asesinadas desde 2003 y donde ocurre una violaci\u00f3n (denunciada) cada cinco horas, podemos hablar de que el feminismo fomenta el odio hacia los hombres o si esto evidencia, m\u00e1s bien, la situaci\u00f3n contraria. De unos hombres educados en el machismo que odian a las mujeres. El feminismo no asesina a los hombres, ni los viola, ni los acosa, ni los humilla, ni los expulsa de sus trabajos ni ataca a sus cuerpos. Y las cifras que apunto son solo en Espa\u00f1a. En otros pa\u00edses, donde la desigualdad es mayor, el panorama es a\u00fan m\u00e1s espeluznante.<\/p>\n<p>Decir que el feminismo fomenta un discurso de odio se cae por su propio peso cuando hay informes acad\u00e9micos sobre la creaci\u00f3n de un supremacismo machista, con una repercusi\u00f3n especial en las redes sociales. Desde los Incel que cometen atentados a las m\u00e1s de mil asociaciones inscritas que promueven mensajes en contra de las mujeres y que fomentan pura misoginia. Eso ocurre hoy d\u00eda y, de forma paralela, no hay un feminismo organizado que promueva la violencia contra el hombre. Por eso, la idea de \u00abel feminismo odia a los hombres\u00bb es una frase pronunciada con especial inter\u00e9s por partidos de ultraderecha.<\/p>\n<p>Quienes sostienen esa frase saben que no es cierto porque no hay ni una sola ley en Espa\u00f1a donde el feminismo ataque a los hombres. Incluso el Tribunal Constitucional ya determin\u00f3 que la Ley de Violencia de G\u00e9nero es constitucional, a pesar del debate que hubo con las penas (donde, por cierto, en lesiones graves con armas si la mujer es autora tiene m\u00e1s pena que un hombre). Decir que esa ley afecta a los hombres, en general, es como si yo me sintiera amenazada por la Ley del Menor cuando yo soy adulta. La Ley de Violencia de G\u00e9nero est\u00e1 dirigida contra los maltratadores, igual que en el caso de los delitos de odio por xenofobia no se criminaliza a los blancos, sino a los racistas. El problema es darse por aludido. El Convenio de Estambul ya establece que crear leyes espec\u00edficas para las mujeres no discrimina a los hombres porque justo corrigen una situaci\u00f3n de desigualdad previa. Por eso, la ley de Violencia de G\u00e9nero de nuestro pa\u00eds fue premiada por ONU Mujeres, el World Future Council y la Uni\u00f3n Interparlamentaria. Y jam\u00e1s la palabra de una mujer condena al hombre por s\u00ed solo, porque estamos en un Estado de Derecho y garantista, donde prevalece la presunci\u00f3n de inocencia. Las mujeres que denuncian son las que tienen que demostrar los hechos que afirman, y no el denunciado. No hay inversi\u00f3n de la carga de la prueba. Mientras ella tiene que decir la verdad o es acusada de falso testimonio, \u00e9l podr\u00e1 callar o mentir, como en cualquier delito. Por lo tanto, no, el feminismo no crea leyes para da\u00f1ar a los hombres ni para expulsarlos de sus trabajos ni para favorecer el odio.<\/p>\n<p>Que el <a href=\"https:\/\/diariofemenino.com.ar\/9-frases-racistas-que-algunas-feministas-blancas-dicen\/\">feminismo<\/a> no odia a los hombres es evidente cuando, poco a poco, hay hombres que solo a trav\u00e9s del feminismo reconocen sus errores en sus comportamientos y actitudes. Y no por eso son menos hombres, al rev\u00e9s. Creo que escuchar de nuevo las\u00a0<a href=\"https:\/\/blogs.publico.es\/otrasmiradas\/41451\/hombres-como-alex-garcia\/\">palabras de \u00c1lex Garc\u00eda<\/a>\u00a0pueden hacer una ligera idea de que ese discurso de \u00abodio al hombre\u00bb es una falacia porque el feminismo les ayuda a reconocerse y a ser mejores personas.<\/p>\n<p>Para terminar una \u00faltima reflexi\u00f3n porque insisto en que hablamos de feminismo sin pensar nunca en las v\u00edctimas. \u00bfDe verdad, no tiene derecho una mujer que ha sido maltratada psicol\u00f3gicamente, o que ha recibido palizas en su vientre estando embarazada, o violada o que ha sido obligada a comer su propio v\u00f3mito para que \u00abaprenda\u00bb la lecci\u00f3n de su maltratador, o que ha visto c\u00f3mo \u00e9l pegaba o abusaba de su propia hija&#8230;. a sentir algo de rabia u odio hacia quien le da\u00f1a? Desde luego, lo que no puede ni debe sentir es ni compasi\u00f3n ni una pizca de amor. Afrontar un duelo (y una etapa as\u00ed es similar) pasa por diferentes fases, desde la negaci\u00f3n a la ira a una etapa de negociaci\u00f3n. Y puedo asegurar que en ese proceso el feminismo es el que les da las herramientas para sobrevivir y para comprender. Y puedo asegurar que ninguna de estas mujeres luego buscan el ojo por ojo ni odian a sus maltratadores. Con el tiempo sienten total indiferencia hacia ellos y viven en paz, tranquilas consigo mismas. Incluso se enamoran de otros hombres que no son violentos y que las respetan. Mujeres a las que el feminismo las salva. Hombres\u00a0 a los que el feminismo tambi\u00e9n los salva del machismo. Y todo lo dem\u00e1s, est\u00e1 de sobra.<\/p>\n<p><a href=\"https:\/\/m.publico.es\/\">P\u00fablico<\/a><\/p>\n<p>Fuente para\u00a0<a href=\"https:\/\/diariofemenino.com.ar\/\">DDF<\/a>, Enrique Stola<\/p>\n","protected":false},"excerpt":{"rendered":"<p>Parece absurdo a estas alturas titular un art\u00edculo as\u00ed porque considero que es un bulo ampliamente superado por la sociedad. Pero cuando le\u00ed a la actriz Macarena G\u00f3mez decir:\u00a0 \u00abhe sentido que hay un discurso de odio hacia los hombres\u00bb, y le\u00ed los comentarios que en redes sociales despertaba esa declaraci\u00f3n, comprob\u00e9 hasta qu\u00e9 punto [&hellip;]<\/p>\n","protected":false},"author":4,"featured_media":54242,"comment_status":"open","ping_status":"open","sticky":false,"template":"","format":"standard","meta":{"iawp_total_views":154,"footnotes":""},"categories":[1067,4,32,6,592],"tags":[3896,1240,3897],"class_list":["post-54240","post","type-post","status-publish","format-standard","has-post-thumbnail","hentry","category-agenda-feminista","category-medios","category-mujeres","category-articulos","category-violencias","tag-femnistas","tag-hombres","tag-odios"],"nelio_content":{"autoShareEndMode":"never","automationSources":{"useCustomSentences":false,"customSentences":[]},"efiAlt":"","efiUrl":"","followers":[4],"highlights":[],"isAutoShareEnabled":true,"networkImageIds":[],"permalinkQueryArgs":[],"series":[],"suggestedReferences":[]},"yoast_head":"<!-- This site is optimized with the Yoast SEO plugin v27.5 - https:\/\/yoast.com\/product\/yoast-seo-wordpress\/ -->\n<title>Las feministas no odian a los hombres - Diario Digital Femenino<\/title>\n<meta name=\"description\" content=\"Las feministas. Parece absurdo a estas alturas titular un art\u00edculo as\u00ed porque considero que es un bulo ampliamente superado por la sociedad.\" \/>\n<meta name=\"robots\" content=\"index, follow, max-snippet:-1, max-image-preview:large, max-video-preview:-1\" \/>\n<link rel=\"canonical\" href=\"https:\/\/diariofemenino.com.ar\/df\/las-feministas-no-odian-a-los-hombres\/\" \/>\n<meta property=\"og:locale\" content=\"es_ES\" \/>\n<meta property=\"og:type\" content=\"article\" \/>\n<meta property=\"og:title\" content=\"Las feministas no odian a los hombres - Diario Digital Femenino\" \/>\n<meta property=\"og:description\" content=\"Las feministas. Parece absurdo a estas alturas titular un art\u00edculo as\u00ed porque considero que es un bulo ampliamente superado por la sociedad.\" \/>\n<meta property=\"og:url\" content=\"https:\/\/diariofemenino.com.ar\/df\/las-feministas-no-odian-a-los-hombres\/\" \/>\n<meta property=\"og:site_name\" content=\"Diario Digital Femenino\" \/>\n<meta property=\"article:publisher\" content=\"https:\/\/www.facebook.com\/DiarioDigitaFemenino\/\" \/>\n<meta property=\"article:published_time\" content=\"2020-12-05T14:01:33+00:00\" \/>\n<meta property=\"article:modified_time\" content=\"2020-12-05T14:03:59+00:00\" \/>\n<meta property=\"og:image\" content=\"https:\/\/diariofemenino.com.ar\/df\/wp-content\/uploads\/2020\/12\/UPDWn-i_.jpg\" \/>\n\t<meta property=\"og:image:width\" content=\"680\" \/>\n\t<meta property=\"og:image:height\" content=\"452\" \/>\n\t<meta property=\"og:image:type\" content=\"image\/jpeg\" \/>\n<meta name=\"author\" content=\"Admin\" \/>\n<meta name=\"twitter:card\" content=\"summary_large_image\" \/>\n<meta name=\"twitter:creator\" content=\"@DiarioFemenino1\" \/>\n<meta name=\"twitter:site\" content=\"@DiarioFemenino1\" \/>\n<meta name=\"twitter:label1\" content=\"Escrito por\" \/>\n\t<meta name=\"twitter:data1\" content=\"Admin\" \/>\n\t<meta name=\"twitter:label2\" content=\"Tiempo de lectura\" \/>\n\t<meta name=\"twitter:data2\" content=\"5 minutos\" \/>\n<script type=\"application\/ld+json\" class=\"yoast-schema-graph\">{\"@context\":\"https:\\\/\\\/schema.org\",\"@graph\":[{\"@type\":\"Article\",\"@id\":\"https:\\\/\\\/diariofemenino.com.ar\\\/df\\\/las-feministas-no-odian-a-los-hombres\\\/#article\",\"isPartOf\":{\"@id\":\"https:\\\/\\\/diariofemenino.com.ar\\\/df\\\/las-feministas-no-odian-a-los-hombres\\\/\"},\"author\":{\"name\":\"Admin\",\"@id\":\"https:\\\/\\\/diariofemenino.com.ar\\\/df\\\/#\\\/schema\\\/person\\\/bf6199e8158c657ea6f789b11ec85509\"},\"headline\":\"Las feministas no odian a los hombres\",\"datePublished\":\"2020-12-05T14:01:33+00:00\",\"dateModified\":\"2020-12-05T14:03:59+00:00\",\"mainEntityOfPage\":{\"@id\":\"https:\\\/\\\/diariofemenino.com.ar\\\/df\\\/las-feministas-no-odian-a-los-hombres\\\/\"},\"wordCount\":936,\"commentCount\":0,\"publisher\":{\"@id\":\"https:\\\/\\\/diariofemenino.com.ar\\\/df\\\/#organization\"},\"image\":{\"@id\":\"https:\\\/\\\/diariofemenino.com.ar\\\/df\\\/las-feministas-no-odian-a-los-hombres\\\/#primaryimage\"},\"thumbnailUrl\":\"https:\\\/\\\/diariofemenino.com.ar\\\/df\\\/wp-content\\\/uploads\\\/2020\\\/12\\\/UPDWn-i_.jpg\",\"keywords\":[\"Femnistas\",\"hombres\",\"Odios\"],\"articleSection\":[\"Agenda Feminista\",\"Medios\",\"Mujeres\",\"Mujeres en Palabras\",\"Violencias\"],\"inLanguage\":\"es\",\"potentialAction\":[{\"@type\":\"CommentAction\",\"name\":\"Comment\",\"target\":[\"https:\\\/\\\/diariofemenino.com.ar\\\/df\\\/las-feministas-no-odian-a-los-hombres\\\/#respond\"]}]},{\"@type\":\"WebPage\",\"@id\":\"https:\\\/\\\/diariofemenino.com.ar\\\/df\\\/las-feministas-no-odian-a-los-hombres\\\/\",\"url\":\"https:\\\/\\\/diariofemenino.com.ar\\\/df\\\/las-feministas-no-odian-a-los-hombres\\\/\",\"name\":\"Las feministas no odian a los hombres - Diario Digital Femenino\",\"isPartOf\":{\"@id\":\"https:\\\/\\\/diariofemenino.com.ar\\\/df\\\/#website\"},\"primaryImageOfPage\":{\"@id\":\"https:\\\/\\\/diariofemenino.com.ar\\\/df\\\/las-feministas-no-odian-a-los-hombres\\\/#primaryimage\"},\"image\":{\"@id\":\"https:\\\/\\\/diariofemenino.com.ar\\\/df\\\/las-feministas-no-odian-a-los-hombres\\\/#primaryimage\"},\"thumbnailUrl\":\"https:\\\/\\\/diariofemenino.com.ar\\\/df\\\/wp-content\\\/uploads\\\/2020\\\/12\\\/UPDWn-i_.jpg\",\"datePublished\":\"2020-12-05T14:01:33+00:00\",\"dateModified\":\"2020-12-05T14:03:59+00:00\",\"description\":\"Las feministas. Parece absurdo a estas alturas titular un art\u00edculo as\u00ed porque considero que es un bulo ampliamente superado por la sociedad.\",\"breadcrumb\":{\"@id\":\"https:\\\/\\\/diariofemenino.com.ar\\\/df\\\/las-feministas-no-odian-a-los-hombres\\\/#breadcrumb\"},\"inLanguage\":\"es\",\"potentialAction\":[{\"@type\":\"ReadAction\",\"target\":[\"https:\\\/\\\/diariofemenino.com.ar\\\/df\\\/las-feministas-no-odian-a-los-hombres\\\/\"]}]},{\"@type\":\"ImageObject\",\"inLanguage\":\"es\",\"@id\":\"https:\\\/\\\/diariofemenino.com.ar\\\/df\\\/las-feministas-no-odian-a-los-hombres\\\/#primaryimage\",\"url\":\"https:\\\/\\\/diariofemenino.com.ar\\\/df\\\/wp-content\\\/uploads\\\/2020\\\/12\\\/UPDWn-i_.jpg\",\"contentUrl\":\"https:\\\/\\\/diariofemenino.com.ar\\\/df\\\/wp-content\\\/uploads\\\/2020\\\/12\\\/UPDWn-i_.jpg\",\"width\":680,\"height\":452,\"caption\":\"Las feministas no odian a los hombres\"},{\"@type\":\"BreadcrumbList\",\"@id\":\"https:\\\/\\\/diariofemenino.com.ar\\\/df\\\/las-feministas-no-odian-a-los-hombres\\\/#breadcrumb\",\"itemListElement\":[{\"@type\":\"ListItem\",\"position\":1,\"name\":\"Portada\",\"item\":\"https:\\\/\\\/diariofemenino.com.ar\\\/df\\\/\"},{\"@type\":\"ListItem\",\"position\":2,\"name\":\"Las feministas no odian a los hombres\"}]},{\"@type\":\"WebSite\",\"@id\":\"https:\\\/\\\/diariofemenino.com.ar\\\/df\\\/#website\",\"url\":\"https:\\\/\\\/diariofemenino.com.ar\\\/df\\\/\",\"name\":\"Diario Digital Femenino\",\"description\":\"Cuesti\u00f3n de G\u00e9nero\",\"publisher\":{\"@id\":\"https:\\\/\\\/diariofemenino.com.ar\\\/df\\\/#organization\"},\"potentialAction\":[{\"@type\":\"SearchAction\",\"target\":{\"@type\":\"EntryPoint\",\"urlTemplate\":\"https:\\\/\\\/diariofemenino.com.ar\\\/df\\\/?s={search_term_string}\"},\"query-input\":{\"@type\":\"PropertyValueSpecification\",\"valueRequired\":true,\"valueName\":\"search_term_string\"}}],\"inLanguage\":\"es\"},{\"@type\":\"Organization\",\"@id\":\"https:\\\/\\\/diariofemenino.com.ar\\\/df\\\/#organization\",\"name\":\"Diario Femenino\",\"url\":\"https:\\\/\\\/diariofemenino.com.ar\\\/df\\\/\",\"logo\":{\"@type\":\"ImageObject\",\"inLanguage\":\"es\",\"@id\":\"https:\\\/\\\/diariofemenino.com.ar\\\/df\\\/#\\\/schema\\\/logo\\\/image\\\/\",\"url\":\"https:\\\/\\\/diariofemenino.com.ar\\\/df\\\/wp-content\\\/uploads\\\/2018\\\/10\\\/logo.png\",\"contentUrl\":\"https:\\\/\\\/diariofemenino.com.ar\\\/df\\\/wp-content\\\/uploads\\\/2018\\\/10\\\/logo.png\",\"width\":500,\"height\":92,\"caption\":\"Diario Femenino\"},\"image\":{\"@id\":\"https:\\\/\\\/diariofemenino.com.ar\\\/df\\\/#\\\/schema\\\/logo\\\/image\\\/\"},\"sameAs\":[\"https:\\\/\\\/www.facebook.com\\\/DiarioDigitaFemenino\\\/\",\"https:\\\/\\\/x.com\\\/DiarioFemenino1\"]},{\"@type\":\"Person\",\"@id\":\"https:\\\/\\\/diariofemenino.com.ar\\\/df\\\/#\\\/schema\\\/person\\\/bf6199e8158c657ea6f789b11ec85509\",\"name\":\"Admin\",\"image\":{\"@type\":\"ImageObject\",\"inLanguage\":\"es\",\"@id\":\"https:\\\/\\\/diariofemenino.com.ar\\\/df\\\/wp-content\\\/uploads\\\/2018\\\/12\\\/favicon-150x150.jpg\",\"url\":\"https:\\\/\\\/diariofemenino.com.ar\\\/df\\\/wp-content\\\/uploads\\\/2018\\\/12\\\/favicon-150x150.jpg\",\"contentUrl\":\"https:\\\/\\\/diariofemenino.com.ar\\\/df\\\/wp-content\\\/uploads\\\/2018\\\/12\\\/favicon-150x150.jpg\",\"caption\":\"Admin\"},\"url\":\"https:\\\/\\\/diariofemenino.com.ar\\\/df\\\/author\\\/lenny\\\/\"}]}<\/script>\n<!-- \/ Yoast SEO plugin. -->","yoast_head_json":{"title":"Las feministas no odian a los hombres - Diario Digital Femenino","description":"Las feministas. Parece absurdo a estas alturas titular un art\u00edculo as\u00ed porque considero que es un bulo ampliamente superado por la sociedad.","robots":{"index":"index","follow":"follow","max-snippet":"max-snippet:-1","max-image-preview":"max-image-preview:large","max-video-preview":"max-video-preview:-1"},"canonical":"https:\/\/diariofemenino.com.ar\/df\/las-feministas-no-odian-a-los-hombres\/","og_locale":"es_ES","og_type":"article","og_title":"Las feministas no odian a los hombres - Diario Digital Femenino","og_description":"Las feministas. Parece absurdo a estas alturas titular un art\u00edculo as\u00ed porque considero que es un bulo ampliamente superado por la sociedad.","og_url":"https:\/\/diariofemenino.com.ar\/df\/las-feministas-no-odian-a-los-hombres\/","og_site_name":"Diario Digital Femenino","article_publisher":"https:\/\/www.facebook.com\/DiarioDigitaFemenino\/","article_published_time":"2020-12-05T14:01:33+00:00","article_modified_time":"2020-12-05T14:03:59+00:00","og_image":[{"width":680,"height":452,"url":"https:\/\/diariofemenino.com.ar\/df\/wp-content\/uploads\/2020\/12\/UPDWn-i_.jpg","type":"image\/jpeg"}],"author":"Admin","twitter_card":"summary_large_image","twitter_creator":"@DiarioFemenino1","twitter_site":"@DiarioFemenino1","twitter_misc":{"Escrito por":"Admin","Tiempo de lectura":"5 minutos"},"schema":{"@context":"https:\/\/schema.org","@graph":[{"@type":"Article","@id":"https:\/\/diariofemenino.com.ar\/df\/las-feministas-no-odian-a-los-hombres\/#article","isPartOf":{"@id":"https:\/\/diariofemenino.com.ar\/df\/las-feministas-no-odian-a-los-hombres\/"},"author":{"name":"Admin","@id":"https:\/\/diariofemenino.com.ar\/df\/#\/schema\/person\/bf6199e8158c657ea6f789b11ec85509"},"headline":"Las feministas no odian a los hombres","datePublished":"2020-12-05T14:01:33+00:00","dateModified":"2020-12-05T14:03:59+00:00","mainEntityOfPage":{"@id":"https:\/\/diariofemenino.com.ar\/df\/las-feministas-no-odian-a-los-hombres\/"},"wordCount":936,"commentCount":0,"publisher":{"@id":"https:\/\/diariofemenino.com.ar\/df\/#organization"},"image":{"@id":"https:\/\/diariofemenino.com.ar\/df\/las-feministas-no-odian-a-los-hombres\/#primaryimage"},"thumbnailUrl":"https:\/\/diariofemenino.com.ar\/df\/wp-content\/uploads\/2020\/12\/UPDWn-i_.jpg","keywords":["Femnistas","hombres","Odios"],"articleSection":["Agenda Feminista","Medios","Mujeres","Mujeres en Palabras","Violencias"],"inLanguage":"es","potentialAction":[{"@type":"CommentAction","name":"Comment","target":["https:\/\/diariofemenino.com.ar\/df\/las-feministas-no-odian-a-los-hombres\/#respond"]}]},{"@type":"WebPage","@id":"https:\/\/diariofemenino.com.ar\/df\/las-feministas-no-odian-a-los-hombres\/","url":"https:\/\/diariofemenino.com.ar\/df\/las-feministas-no-odian-a-los-hombres\/","name":"Las feministas no odian a los hombres - Diario Digital Femenino","isPartOf":{"@id":"https:\/\/diariofemenino.com.ar\/df\/#website"},"primaryImageOfPage":{"@id":"https:\/\/diariofemenino.com.ar\/df\/las-feministas-no-odian-a-los-hombres\/#primaryimage"},"image":{"@id":"https:\/\/diariofemenino.com.ar\/df\/las-feministas-no-odian-a-los-hombres\/#primaryimage"},"thumbnailUrl":"https:\/\/diariofemenino.com.ar\/df\/wp-content\/uploads\/2020\/12\/UPDWn-i_.jpg","datePublished":"2020-12-05T14:01:33+00:00","dateModified":"2020-12-05T14:03:59+00:00","description":"Las feministas. Parece absurdo a estas alturas titular un art\u00edculo as\u00ed porque considero que es un bulo ampliamente superado por la sociedad.","breadcrumb":{"@id":"https:\/\/diariofemenino.com.ar\/df\/las-feministas-no-odian-a-los-hombres\/#breadcrumb"},"inLanguage":"es","potentialAction":[{"@type":"ReadAction","target":["https:\/\/diariofemenino.com.ar\/df\/las-feministas-no-odian-a-los-hombres\/"]}]},{"@type":"ImageObject","inLanguage":"es","@id":"https:\/\/diariofemenino.com.ar\/df\/las-feministas-no-odian-a-los-hombres\/#primaryimage","url":"https:\/\/diariofemenino.com.ar\/df\/wp-content\/uploads\/2020\/12\/UPDWn-i_.jpg","contentUrl":"https:\/\/diariofemenino.com.ar\/df\/wp-content\/uploads\/2020\/12\/UPDWn-i_.jpg","width":680,"height":452,"caption":"Las feministas no odian a los hombres"},{"@type":"BreadcrumbList","@id":"https:\/\/diariofemenino.com.ar\/df\/las-feministas-no-odian-a-los-hombres\/#breadcrumb","itemListElement":[{"@type":"ListItem","position":1,"name":"Portada","item":"https:\/\/diariofemenino.com.ar\/df\/"},{"@type":"ListItem","position":2,"name":"Las feministas no odian a los hombres"}]},{"@type":"WebSite","@id":"https:\/\/diariofemenino.com.ar\/df\/#website","url":"https:\/\/diariofemenino.com.ar\/df\/","name":"Diario Digital Femenino","description":"Cuesti\u00f3n de G\u00e9nero","publisher":{"@id":"https:\/\/diariofemenino.com.ar\/df\/#organization"},"potentialAction":[{"@type":"SearchAction","target":{"@type":"EntryPoint","urlTemplate":"https:\/\/diariofemenino.com.ar\/df\/?s={search_term_string}"},"query-input":{"@type":"PropertyValueSpecification","valueRequired":true,"valueName":"search_term_string"}}],"inLanguage":"es"},{"@type":"Organization","@id":"https:\/\/diariofemenino.com.ar\/df\/#organization","name":"Diario Femenino","url":"https:\/\/diariofemenino.com.ar\/df\/","logo":{"@type":"ImageObject","inLanguage":"es","@id":"https:\/\/diariofemenino.com.ar\/df\/#\/schema\/logo\/image\/","url":"https:\/\/diariofemenino.com.ar\/df\/wp-content\/uploads\/2018\/10\/logo.png","contentUrl":"https:\/\/diariofemenino.com.ar\/df\/wp-content\/uploads\/2018\/10\/logo.png","width":500,"height":92,"caption":"Diario Femenino"},"image":{"@id":"https:\/\/diariofemenino.com.ar\/df\/#\/schema\/logo\/image\/"},"sameAs":["https:\/\/www.facebook.com\/DiarioDigitaFemenino\/","https:\/\/x.com\/DiarioFemenino1"]},{"@type":"Person","@id":"https:\/\/diariofemenino.com.ar\/df\/#\/schema\/person\/bf6199e8158c657ea6f789b11ec85509","name":"Admin","image":{"@type":"ImageObject","inLanguage":"es","@id":"https:\/\/diariofemenino.com.ar\/df\/wp-content\/uploads\/2018\/12\/favicon-150x150.jpg","url":"https:\/\/diariofemenino.com.ar\/df\/wp-content\/uploads\/2018\/12\/favicon-150x150.jpg","contentUrl":"https:\/\/diariofemenino.com.ar\/df\/wp-content\/uploads\/2018\/12\/favicon-150x150.jpg","caption":"Admin"},"url":"https:\/\/diariofemenino.com.ar\/df\/author\/lenny\/"}]}},"jetpack_featured_media_url":"https:\/\/diariofemenino.com.ar\/df\/wp-content\/uploads\/2020\/12\/UPDWn-i_.jpg","jetpack_sharing_enabled":true,"rttpg_featured_image_url":{"full":["https:\/\/diariofemenino.com.ar\/df\/wp-content\/uploads\/2020\/12\/UPDWn-i_.jpg",680,452,false],"landscape":["https:\/\/diariofemenino.com.ar\/df\/wp-content\/uploads\/2020\/12\/UPDWn-i_.jpg",680,452,false],"portraits":["https:\/\/diariofemenino.com.ar\/df\/wp-content\/uploads\/2020\/12\/UPDWn-i_.jpg",680,452,false],"thumbnail":["https:\/\/diariofemenino.com.ar\/df\/wp-content\/uploads\/2020\/12\/UPDWn-i_-150x150.jpg",150,150,true],"medium":["https:\/\/diariofemenino.com.ar\/df\/wp-content\/uploads\/2020\/12\/UPDWn-i_-300x199.jpg",300,199,true],"large":["https:\/\/diariofemenino.com.ar\/df\/wp-content\/uploads\/2020\/12\/UPDWn-i_.jpg",680,452,false],"1536x1536":["https:\/\/diariofemenino.com.ar\/df\/wp-content\/uploads\/2020\/12\/UPDWn-i_.jpg",680,452,false],"2048x2048":["https:\/\/diariofemenino.com.ar\/df\/wp-content\/uploads\/2020\/12\/UPDWn-i_.jpg",680,452,false]},"rttpg_author":{"display_name":"Admin","author_link":"https:\/\/diariofemenino.com.ar\/df\/author\/lenny\/"},"rttpg_comment":0,"rttpg_category":"<a href=\"https:\/\/diariofemenino.com.ar\/df\/category\/agenda-feminista\/\" rel=\"category tag\">Agenda Feminista<\/a> <a href=\"https:\/\/diariofemenino.com.ar\/df\/category\/medios\/\" rel=\"category tag\">Medios<\/a> <a href=\"https:\/\/diariofemenino.com.ar\/df\/category\/mujeres\/\" rel=\"category tag\">Mujeres<\/a> <a href=\"https:\/\/diariofemenino.com.ar\/df\/category\/articulos\/\" rel=\"category tag\">Mujeres en Palabras<\/a> <a href=\"https:\/\/diariofemenino.com.ar\/df\/category\/violencias\/\" rel=\"category tag\">Violencias<\/a>","rttpg_excerpt":"Parece absurdo a estas alturas titular un art\u00edculo as\u00ed porque considero que es un bulo ampliamente superado por la sociedad. Pero cuando le\u00ed a la actriz Macarena G\u00f3mez decir:\u00a0 \u00abhe sentido que hay un discurso de odio hacia los hombres\u00bb, y le\u00ed los comentarios que en redes sociales despertaba esa declaraci\u00f3n, comprob\u00e9 hasta qu\u00e9 punto&hellip;","_links":{"self":[{"href":"https:\/\/diariofemenino.com.ar\/df\/wp-json\/wp\/v2\/posts\/54240","targetHints":{"allow":["GET"]}}],"collection":[{"href":"https:\/\/diariofemenino.com.ar\/df\/wp-json\/wp\/v2\/posts"}],"about":[{"href":"https:\/\/diariofemenino.com.ar\/df\/wp-json\/wp\/v2\/types\/post"}],"author":[{"embeddable":true,"href":"https:\/\/diariofemenino.com.ar\/df\/wp-json\/wp\/v2\/users\/4"}],"replies":[{"embeddable":true,"href":"https:\/\/diariofemenino.com.ar\/df\/wp-json\/wp\/v2\/comments?post=54240"}],"version-history":[{"count":0,"href":"https:\/\/diariofemenino.com.ar\/df\/wp-json\/wp\/v2\/posts\/54240\/revisions"}],"wp:featuredmedia":[{"embeddable":true,"href":"https:\/\/diariofemenino.com.ar\/df\/wp-json\/wp\/v2\/media\/54242"}],"wp:attachment":[{"href":"https:\/\/diariofemenino.com.ar\/df\/wp-json\/wp\/v2\/media?parent=54240"}],"wp:term":[{"taxonomy":"category","embeddable":true,"href":"https:\/\/diariofemenino.com.ar\/df\/wp-json\/wp\/v2\/categories?post=54240"},{"taxonomy":"post_tag","embeddable":true,"href":"https:\/\/diariofemenino.com.ar\/df\/wp-json\/wp\/v2\/tags?post=54240"}],"curies":[{"name":"wp","href":"https:\/\/api.w.org\/{rel}","templated":true}]}}