{"id":54236,"date":"2020-12-05T10:39:45","date_gmt":"2020-12-05T13:39:45","guid":{"rendered":"https:\/\/diariofemenino.com.ar\/?p=54236"},"modified":"2020-12-05T10:39:45","modified_gmt":"2020-12-05T13:39:45","slug":"el-foro-pide-a-diputados-que-resuelvan-la-ilegalidad-que-afecta-la-vida-de-mujeres","status":"publish","type":"post","link":"https:\/\/diariofemenino.com.ar\/df\/el-foro-pide-a-diputados-que-resuelvan-la-ilegalidad-que-afecta-la-vida-de-mujeres\/","title":{"rendered":"El Foro pide a diputados que \u00abresuelvan la ilegalidad que afecta la vida de mujeres\u00bb"},"content":{"rendered":"<div>\n<p>En una carta dirigida a los representantes pampeanos, pidieron apoyo a la legalizaci\u00f3n del aborto.<\/p>\n<p>El Foro Pampeano por el Aborto, Legal, Seguro y Gratuito le reclam\u00f3 los diputados nacionales pampeanos que apoyen la legalizaci\u00f3n de la Interrupci\u00f3n Voluntaria del Embarazo. Lo hicieron a trav\u00e9s de una carta que hicieron p\u00fablica en los \u00faltimos d\u00edas.<\/p>\n<p>\u00abA pocas horas del trascendente momento del <a href=\"https:\/\/diariofemenino.com.ar\/siete-de-cada-10-argentinos-apoyan-la-legalizacion-del-aborto-segun-un-estudio-de-la-uba\/\">debate<\/a> y la votaci\u00f3n en la C\u00e1mara de Diputados de este proyecto y en su car\u00e1cter de representantes de la provincia de La Pampa ante el Congreso Nacional,\u00a0<strong>les solicitamos que apoyen la aprobaci\u00f3n de la Ley de Interrupci\u00f3n Voluntaria del Embarazo, record\u00e1ndoles que esta norma no obliga a ninguna persona a abortar.\u00a0<\/strong>Por el contrario, resuelve la ilegalidad del aborto que afecta la vida de las mujeres y personas con capacidad de gestar que habitan nuestro pa\u00eds y necesitan esta ley para lograr la garant\u00eda de sus derechos\u00bb, se\u00f1alaron.<\/p>\n<p><strong>Esta tarde, se realiz\u00f3 una movilizaci\u00f3n en Santa Rosa para renovar el reclamo por la legalizaci\u00f3n.<\/strong>\u00a0La convocatoria fue realizada a nivel <a href=\"https:\/\/diariofemenino.com.ar\/diputados-confirmo-la-metodologia-para-el-debate-del-aborto-legal\/\">nacional<\/a> por la Campa\u00f1a por el Aborto Legal, Seguro y Gratuito.<\/p>\n<p>En la capital pampeana fue organizada por\u00a0la\u00a0<strong>Red de Profesionales por el Derecho al Aborto, el Foro y\u00a0Docentes por el Derecho a Decidir<\/strong>, y marcharon desde el Ministerio de Educaci\u00f3n hasta la sede del Ministerio de Salud.<\/p>\n<figure style=\"width: 700px\" class=\"wp-caption alignnone\"><img loading=\"lazy\" decoding=\"async\" src=\"https:\/\/www.eldiariodelapampa.com.ar\/images\/2020\/diciembre_2020\/4-12-2020\/marcha701.jpg\" alt=\"El Foro pide a diputados que &quot;resuelvan la ilegalidad que afecta la vida de mujeres&quot;\" width=\"700\" height=\"467\" \/><figcaption class=\"wp-caption-text\">El Foro pide a diputados que \u00abresuelvan la ilegalidad que afecta la vida de mujeres\u00bb<\/figcaption><\/figure>\n<p>Hasta el momento, los integrantes del bloque del Frente de Todos son los \u00fanicos que se han pronunciado por la legalizaci\u00f3n:\u00a0<strong>Melina Del\u00fa y Ariel Rauschenberger<\/strong>\u00a0repetir\u00e1n el voto de 2018, y se sumar\u00e1\u00a0<strong>Hern\u00e1n P\u00e9rez Araujo<\/strong>. En cambio, el macrista\u00a0<strong>Mart\u00edn Maquieyra<\/strong>\u00a0anticip\u00f3 que volver\u00e1 a votar en contra y se mantiene sin definici\u00f3n el radical<strong>\u00a0Mart\u00edn Berhongaray<\/strong>.<\/p>\n<p>Desde el Foro apuntaron que desde la Campa\u00f1a Nacional por el Derecho al Aborto, integrada por m\u00e1s de 700 organizaciones de todo el pa\u00eds,\u00a0han \u00abalcanzado el objetivo\u00bb de su \u00ablarga lucha\u00bb con el inicio del debate.<\/p>\n<p>\u00abYa en el a\u00f1o 2018 fue tratada en ambas c\u00e1maras una ley con similares objetivos, sin lograr su sanci\u00f3n. Hoy, nuestro pa\u00eds se encuentra ante una nueva e hist\u00f3rica oportunidad:\u00a0<strong>cancelar la deuda que la Democracia mantiene respecto de los derechos a la salud integral y el respeto a los Derechos Humanos de m\u00e1s del 50% de su poblaci\u00f3n<\/strong>. Esta norma pondr\u00e1 fin a la inequidad e injusticia que padecemos, porque no somos reconocidas como sujetas de derecho sobre las decisiones que involucran a nuestros cuerpos y proyectos vitales\u00bb, advirtieron.<\/p>\n<p>Se\u00f1alaron que \u00abla realidad demuestra que la punibilidad del aborto ha fracasado y deja a las personas en la clandestinidad, expuestas a pr\u00e1cticas inseguras y perjudica selectivamente a las mujeres de menores recursos, amenazando su vida y su salud\u00bb.<\/p>\n<p><strong>Tambi\u00e9n dijeron que la ilegalidad \u00absostiene las ganancias de un mercado clandestino\u00bb.<\/strong>\u00a0\u00abDan cuenta de ello las cifras de internaciones vinculadas con el aborto y las lamentables p\u00e9rdidas de vidas por esta causa. Estas estad\u00edsticas no son opiniones y visibilizan una problem\u00e1tica compleja a la que les representantes legislativos deben dar la respuesta m\u00e1s adecuada, para la provincia y para el pa\u00eds\u00bb, subrayaron.<\/p>\n<p>Sobre el proyecto en debate -enviado por el presidente Alberto Fern\u00e1ndez, y que se suma a los ocho que ya hab\u00eda presentado la Campa\u00f1a- sostuvieron que tanto la ciudadan\u00eda como\u00a0sus representantes \u00abhan tenido la oportunidad de conocer en forma clara, precisa y s\u00f3lida los fundamentos filos\u00f3ficos, legales y cient\u00edficos que avalan la necesidad de que esta Ley sea aprobada\u00bb.<\/p>\n<p>\u00abEsta norma junto a pol\u00edticas p\u00fablicas eficaces de implementaci\u00f3n de la<strong>\u00a0Educaci\u00f3n Sexual Integral (ESI)<\/strong>\u00a0<strong>y de los programas de Salud Sexual y Reproductiva<\/strong>, podr\u00e1n resolver el desaf\u00edo que plantea el aborto a nuestro pa\u00eds\u00bb, insistieron. (<a href=\"https:\/\/www.eldiariodelapampa.com.ar\/locales\/8002-el-foro-pampeano-por-el-aborto-pide-a-diputados-que-resuelvan-la-ilegalidad-que-afecta-la-vida-de-mujeres-y-personas-gestantes\">El Diario<\/a>)<\/p>\n<\/div>\n<p>Fotos: <a href=\"https:\/\/www.eldiariodelapampa.com.ar\/\">El Diario de La Pampa<\/a><\/p>\n","protected":false},"excerpt":{"rendered":"<p>En una carta dirigida a los representantes pampeanos, pidieron apoyo a la legalizaci\u00f3n del aborto. El Foro Pampeano por el Aborto, Legal, Seguro y Gratuito le reclam\u00f3 los diputados nacionales pampeanos que apoyen la legalizaci\u00f3n de la Interrupci\u00f3n Voluntaria del Embarazo. Lo hicieron a trav\u00e9s de una carta que hicieron p\u00fablica en los \u00faltimos d\u00edas. [&hellip;]<\/p>\n","protected":false},"author":4,"featured_media":54238,"comment_status":"open","ping_status":"open","sticky":false,"template":"","format":"standard","meta":{"iawp_total_views":5,"footnotes":""},"categories":[1067,9,21,580],"tags":[1155,3893,761,1880,3895,3894,3892],"class_list":["post-54236","post","type-post","status-publish","format-standard","has-post-thumbnail","hentry","category-agenda-feminista","category-de-esi-si-se-habla","category-noticias","category-resistencia-verdevioleta","tag-seraley","tag-ariel-rauschenberger","tag-foro-pampeano-por-el-derecho-al-aborto-legal-seguro-y-gratuito","tag-hernan-perez-araujo","tag-martin-berhongaray","tag-martin-maquieyra","tag-melina-delu"],"nelio_content":{"autoShareEndMode":"never","automationSources":{"useCustomSentences":false,"customSentences":[]},"efiAlt":"","efiUrl":"","followers":[4],"highlights":[],"isAutoShareEnabled":true,"networkImageIds":[],"permalinkQueryArgs":[],"series":[],"suggestedReferences":[]},"yoast_head":"<!-- This site is optimized with the Yoast SEO plugin v27.5 - https:\/\/yoast.com\/product\/yoast-seo-wordpress\/ -->\n<title>El Foro pide a diputados que &quot;resuelvan la ilegalidad que afecta la vida de mujeres&quot; - Diario Digital Femenino<\/title>\n<meta name=\"description\" content=\"El Foro Pampeano por el Aborto, Legal, Seguro y Gratuito le reclam\u00f3 los diputados nacionales pampeanos que apoyen la legalizaci\u00f3n de la IVE.\" \/>\n<meta name=\"robots\" content=\"index, follow, max-snippet:-1, max-image-preview:large, max-video-preview:-1\" \/>\n<link rel=\"canonical\" href=\"https:\/\/diariofemenino.com.ar\/df\/el-foro-pide-a-diputados-que-resuelvan-la-ilegalidad-que-afecta-la-vida-de-mujeres\/\" \/>\n<meta property=\"og:locale\" content=\"es_ES\" \/>\n<meta property=\"og:type\" content=\"article\" \/>\n<meta property=\"og:title\" content=\"El Foro pide a diputados que &quot;resuelvan la ilegalidad que afecta la vida de mujeres&quot; - Diario Digital Femenino\" \/>\n<meta property=\"og:description\" content=\"El Foro Pampeano por el Aborto, Legal, Seguro y Gratuito le reclam\u00f3 los diputados nacionales pampeanos que apoyen la legalizaci\u00f3n de la IVE.\" \/>\n<meta property=\"og:url\" content=\"https:\/\/diariofemenino.com.ar\/df\/el-foro-pide-a-diputados-que-resuelvan-la-ilegalidad-que-afecta-la-vida-de-mujeres\/\" \/>\n<meta property=\"og:site_name\" content=\"Diario Digital Femenino\" \/>\n<meta property=\"article:publisher\" content=\"https:\/\/www.facebook.com\/DiarioDigitaFemenino\/\" \/>\n<meta property=\"article:published_time\" content=\"2020-12-05T13:39:45+00:00\" \/>\n<meta property=\"og:image\" content=\"https:\/\/diariofemenino.com.ar\/df\/wp-content\/uploads\/2020\/12\/marcha700.jpg\" \/>\n\t<meta property=\"og:image:width\" content=\"700\" \/>\n\t<meta property=\"og:image:height\" content=\"451\" \/>\n\t<meta property=\"og:image:type\" content=\"image\/jpeg\" \/>\n<meta name=\"author\" content=\"Admin\" \/>\n<meta name=\"twitter:card\" content=\"summary_large_image\" \/>\n<meta name=\"twitter:creator\" content=\"@DiarioFemenino1\" \/>\n<meta name=\"twitter:site\" content=\"@DiarioFemenino1\" \/>\n<meta name=\"twitter:label1\" content=\"Escrito por\" \/>\n\t<meta name=\"twitter:data1\" content=\"Admin\" \/>\n\t<meta name=\"twitter:label2\" content=\"Tiempo de lectura\" \/>\n\t<meta name=\"twitter:data2\" content=\"3 minutos\" \/>\n<script type=\"application\/ld+json\" class=\"yoast-schema-graph\">{\"@context\":\"https:\\\/\\\/schema.org\",\"@graph\":[{\"@type\":\"Article\",\"@id\":\"https:\\\/\\\/diariofemenino.com.ar\\\/df\\\/el-foro-pide-a-diputados-que-resuelvan-la-ilegalidad-que-afecta-la-vida-de-mujeres\\\/#article\",\"isPartOf\":{\"@id\":\"https:\\\/\\\/diariofemenino.com.ar\\\/df\\\/el-foro-pide-a-diputados-que-resuelvan-la-ilegalidad-que-afecta-la-vida-de-mujeres\\\/\"},\"author\":{\"name\":\"Admin\",\"@id\":\"https:\\\/\\\/diariofemenino.com.ar\\\/df\\\/#\\\/schema\\\/person\\\/bf6199e8158c657ea6f789b11ec85509\"},\"headline\":\"El Foro pide a diputados que \u00abresuelvan la ilegalidad que afecta la vida de mujeres\u00bb\",\"datePublished\":\"2020-12-05T13:39:45+00:00\",\"mainEntityOfPage\":{\"@id\":\"https:\\\/\\\/diariofemenino.com.ar\\\/df\\\/el-foro-pide-a-diputados-que-resuelvan-la-ilegalidad-que-afecta-la-vida-de-mujeres\\\/\"},\"wordCount\":706,\"commentCount\":0,\"publisher\":{\"@id\":\"https:\\\/\\\/diariofemenino.com.ar\\\/df\\\/#organization\"},\"image\":{\"@id\":\"https:\\\/\\\/diariofemenino.com.ar\\\/df\\\/el-foro-pide-a-diputados-que-resuelvan-la-ilegalidad-que-afecta-la-vida-de-mujeres\\\/#primaryimage\"},\"thumbnailUrl\":\"https:\\\/\\\/diariofemenino.com.ar\\\/df\\\/wp-content\\\/uploads\\\/2020\\\/12\\\/marcha700.jpg\",\"keywords\":[\"#Ser\u00e1Ley\",\"Ariel Rauschenberger\",\"Foro Pampeano por el Derecho al Aborto Legal Seguro y Gratuito\",\"Hern\u00e1n P\u00e9rez Araujo\",\"Mart\u00edn Berhongaray\",\"Mart\u00edn Maquieyra\",\"Melina Del\u00fa\"],\"articleSection\":[\"Agenda Feminista\",\"De ESI S\u00ed Se Habla\",\"Noticias\",\"Resistencia VerdeVioleta\"],\"inLanguage\":\"es\",\"potentialAction\":[{\"@type\":\"CommentAction\",\"name\":\"Comment\",\"target\":[\"https:\\\/\\\/diariofemenino.com.ar\\\/df\\\/el-foro-pide-a-diputados-que-resuelvan-la-ilegalidad-que-afecta-la-vida-de-mujeres\\\/#respond\"]}]},{\"@type\":\"WebPage\",\"@id\":\"https:\\\/\\\/diariofemenino.com.ar\\\/df\\\/el-foro-pide-a-diputados-que-resuelvan-la-ilegalidad-que-afecta-la-vida-de-mujeres\\\/\",\"url\":\"https:\\\/\\\/diariofemenino.com.ar\\\/df\\\/el-foro-pide-a-diputados-que-resuelvan-la-ilegalidad-que-afecta-la-vida-de-mujeres\\\/\",\"name\":\"El Foro pide a diputados que \\\"resuelvan la ilegalidad que afecta la vida de mujeres\\\" - Diario Digital Femenino\",\"isPartOf\":{\"@id\":\"https:\\\/\\\/diariofemenino.com.ar\\\/df\\\/#website\"},\"primaryImageOfPage\":{\"@id\":\"https:\\\/\\\/diariofemenino.com.ar\\\/df\\\/el-foro-pide-a-diputados-que-resuelvan-la-ilegalidad-que-afecta-la-vida-de-mujeres\\\/#primaryimage\"},\"image\":{\"@id\":\"https:\\\/\\\/diariofemenino.com.ar\\\/df\\\/el-foro-pide-a-diputados-que-resuelvan-la-ilegalidad-que-afecta-la-vida-de-mujeres\\\/#primaryimage\"},\"thumbnailUrl\":\"https:\\\/\\\/diariofemenino.com.ar\\\/df\\\/wp-content\\\/uploads\\\/2020\\\/12\\\/marcha700.jpg\",\"datePublished\":\"2020-12-05T13:39:45+00:00\",\"description\":\"El Foro Pampeano por el Aborto, Legal, Seguro y Gratuito le reclam\u00f3 los diputados nacionales pampeanos que apoyen la legalizaci\u00f3n de la IVE.\",\"breadcrumb\":{\"@id\":\"https:\\\/\\\/diariofemenino.com.ar\\\/df\\\/el-foro-pide-a-diputados-que-resuelvan-la-ilegalidad-que-afecta-la-vida-de-mujeres\\\/#breadcrumb\"},\"inLanguage\":\"es\",\"potentialAction\":[{\"@type\":\"ReadAction\",\"target\":[\"https:\\\/\\\/diariofemenino.com.ar\\\/df\\\/el-foro-pide-a-diputados-que-resuelvan-la-ilegalidad-que-afecta-la-vida-de-mujeres\\\/\"]}]},{\"@type\":\"ImageObject\",\"inLanguage\":\"es\",\"@id\":\"https:\\\/\\\/diariofemenino.com.ar\\\/df\\\/el-foro-pide-a-diputados-que-resuelvan-la-ilegalidad-que-afecta-la-vida-de-mujeres\\\/#primaryimage\",\"url\":\"https:\\\/\\\/diariofemenino.com.ar\\\/df\\\/wp-content\\\/uploads\\\/2020\\\/12\\\/marcha700.jpg\",\"contentUrl\":\"https:\\\/\\\/diariofemenino.com.ar\\\/df\\\/wp-content\\\/uploads\\\/2020\\\/12\\\/marcha700.jpg\",\"width\":700,\"height\":451,\"caption\":\"El Foro pide a diputados que \\\"resuelvan la ilegalidad que afecta la vida de mujeres\\\"\"},{\"@type\":\"BreadcrumbList\",\"@id\":\"https:\\\/\\\/diariofemenino.com.ar\\\/df\\\/el-foro-pide-a-diputados-que-resuelvan-la-ilegalidad-que-afecta-la-vida-de-mujeres\\\/#breadcrumb\",\"itemListElement\":[{\"@type\":\"ListItem\",\"position\":1,\"name\":\"Portada\",\"item\":\"https:\\\/\\\/diariofemenino.com.ar\\\/df\\\/\"},{\"@type\":\"ListItem\",\"position\":2,\"name\":\"El Foro pide a diputados que \u00abresuelvan la ilegalidad que afecta la vida de mujeres\u00bb\"}]},{\"@type\":\"WebSite\",\"@id\":\"https:\\\/\\\/diariofemenino.com.ar\\\/df\\\/#website\",\"url\":\"https:\\\/\\\/diariofemenino.com.ar\\\/df\\\/\",\"name\":\"Diario Digital Femenino\",\"description\":\"Cuesti\u00f3n de G\u00e9nero\",\"publisher\":{\"@id\":\"https:\\\/\\\/diariofemenino.com.ar\\\/df\\\/#organization\"},\"potentialAction\":[{\"@type\":\"SearchAction\",\"target\":{\"@type\":\"EntryPoint\",\"urlTemplate\":\"https:\\\/\\\/diariofemenino.com.ar\\\/df\\\/?s={search_term_string}\"},\"query-input\":{\"@type\":\"PropertyValueSpecification\",\"valueRequired\":true,\"valueName\":\"search_term_string\"}}],\"inLanguage\":\"es\"},{\"@type\":\"Organization\",\"@id\":\"https:\\\/\\\/diariofemenino.com.ar\\\/df\\\/#organization\",\"name\":\"Diario Femenino\",\"url\":\"https:\\\/\\\/diariofemenino.com.ar\\\/df\\\/\",\"logo\":{\"@type\":\"ImageObject\",\"inLanguage\":\"es\",\"@id\":\"https:\\\/\\\/diariofemenino.com.ar\\\/df\\\/#\\\/schema\\\/logo\\\/image\\\/\",\"url\":\"https:\\\/\\\/diariofemenino.com.ar\\\/df\\\/wp-content\\\/uploads\\\/2018\\\/10\\\/logo.png\",\"contentUrl\":\"https:\\\/\\\/diariofemenino.com.ar\\\/df\\\/wp-content\\\/uploads\\\/2018\\\/10\\\/logo.png\",\"width\":500,\"height\":92,\"caption\":\"Diario Femenino\"},\"image\":{\"@id\":\"https:\\\/\\\/diariofemenino.com.ar\\\/df\\\/#\\\/schema\\\/logo\\\/image\\\/\"},\"sameAs\":[\"https:\\\/\\\/www.facebook.com\\\/DiarioDigitaFemenino\\\/\",\"https:\\\/\\\/x.com\\\/DiarioFemenino1\"]},{\"@type\":\"Person\",\"@id\":\"https:\\\/\\\/diariofemenino.com.ar\\\/df\\\/#\\\/schema\\\/person\\\/bf6199e8158c657ea6f789b11ec85509\",\"name\":\"Admin\",\"image\":{\"@type\":\"ImageObject\",\"inLanguage\":\"es\",\"@id\":\"https:\\\/\\\/diariofemenino.com.ar\\\/df\\\/wp-content\\\/uploads\\\/2018\\\/12\\\/favicon-150x150.jpg\",\"url\":\"https:\\\/\\\/diariofemenino.com.ar\\\/df\\\/wp-content\\\/uploads\\\/2018\\\/12\\\/favicon-150x150.jpg\",\"contentUrl\":\"https:\\\/\\\/diariofemenino.com.ar\\\/df\\\/wp-content\\\/uploads\\\/2018\\\/12\\\/favicon-150x150.jpg\",\"caption\":\"Admin\"},\"url\":\"https:\\\/\\\/diariofemenino.com.ar\\\/df\\\/author\\\/lenny\\\/\"}]}<\/script>\n<!-- \/ Yoast SEO plugin. -->","yoast_head_json":{"title":"El Foro pide a diputados que \"resuelvan la ilegalidad que afecta la vida de mujeres\" - Diario Digital Femenino","description":"El Foro Pampeano por el Aborto, Legal, Seguro y Gratuito le reclam\u00f3 los diputados nacionales pampeanos que apoyen la legalizaci\u00f3n de la IVE.","robots":{"index":"index","follow":"follow","max-snippet":"max-snippet:-1","max-image-preview":"max-image-preview:large","max-video-preview":"max-video-preview:-1"},"canonical":"https:\/\/diariofemenino.com.ar\/df\/el-foro-pide-a-diputados-que-resuelvan-la-ilegalidad-que-afecta-la-vida-de-mujeres\/","og_locale":"es_ES","og_type":"article","og_title":"El Foro pide a diputados que \"resuelvan la ilegalidad que afecta la vida de mujeres\" - Diario Digital Femenino","og_description":"El Foro Pampeano por el Aborto, Legal, Seguro y Gratuito le reclam\u00f3 los diputados nacionales pampeanos que apoyen la legalizaci\u00f3n de la IVE.","og_url":"https:\/\/diariofemenino.com.ar\/df\/el-foro-pide-a-diputados-que-resuelvan-la-ilegalidad-que-afecta-la-vida-de-mujeres\/","og_site_name":"Diario Digital Femenino","article_publisher":"https:\/\/www.facebook.com\/DiarioDigitaFemenino\/","article_published_time":"2020-12-05T13:39:45+00:00","og_image":[{"width":700,"height":451,"url":"https:\/\/diariofemenino.com.ar\/df\/wp-content\/uploads\/2020\/12\/marcha700.jpg","type":"image\/jpeg"}],"author":"Admin","twitter_card":"summary_large_image","twitter_creator":"@DiarioFemenino1","twitter_site":"@DiarioFemenino1","twitter_misc":{"Escrito por":"Admin","Tiempo de lectura":"3 minutos"},"schema":{"@context":"https:\/\/schema.org","@graph":[{"@type":"Article","@id":"https:\/\/diariofemenino.com.ar\/df\/el-foro-pide-a-diputados-que-resuelvan-la-ilegalidad-que-afecta-la-vida-de-mujeres\/#article","isPartOf":{"@id":"https:\/\/diariofemenino.com.ar\/df\/el-foro-pide-a-diputados-que-resuelvan-la-ilegalidad-que-afecta-la-vida-de-mujeres\/"},"author":{"name":"Admin","@id":"https:\/\/diariofemenino.com.ar\/df\/#\/schema\/person\/bf6199e8158c657ea6f789b11ec85509"},"headline":"El Foro pide a diputados que \u00abresuelvan la ilegalidad que afecta la vida de mujeres\u00bb","datePublished":"2020-12-05T13:39:45+00:00","mainEntityOfPage":{"@id":"https:\/\/diariofemenino.com.ar\/df\/el-foro-pide-a-diputados-que-resuelvan-la-ilegalidad-que-afecta-la-vida-de-mujeres\/"},"wordCount":706,"commentCount":0,"publisher":{"@id":"https:\/\/diariofemenino.com.ar\/df\/#organization"},"image":{"@id":"https:\/\/diariofemenino.com.ar\/df\/el-foro-pide-a-diputados-que-resuelvan-la-ilegalidad-que-afecta-la-vida-de-mujeres\/#primaryimage"},"thumbnailUrl":"https:\/\/diariofemenino.com.ar\/df\/wp-content\/uploads\/2020\/12\/marcha700.jpg","keywords":["#Ser\u00e1Ley","Ariel Rauschenberger","Foro Pampeano por el Derecho al Aborto Legal Seguro y Gratuito","Hern\u00e1n P\u00e9rez Araujo","Mart\u00edn Berhongaray","Mart\u00edn Maquieyra","Melina Del\u00fa"],"articleSection":["Agenda Feminista","De ESI S\u00ed Se Habla","Noticias","Resistencia VerdeVioleta"],"inLanguage":"es","potentialAction":[{"@type":"CommentAction","name":"Comment","target":["https:\/\/diariofemenino.com.ar\/df\/el-foro-pide-a-diputados-que-resuelvan-la-ilegalidad-que-afecta-la-vida-de-mujeres\/#respond"]}]},{"@type":"WebPage","@id":"https:\/\/diariofemenino.com.ar\/df\/el-foro-pide-a-diputados-que-resuelvan-la-ilegalidad-que-afecta-la-vida-de-mujeres\/","url":"https:\/\/diariofemenino.com.ar\/df\/el-foro-pide-a-diputados-que-resuelvan-la-ilegalidad-que-afecta-la-vida-de-mujeres\/","name":"El Foro pide a diputados que \"resuelvan la ilegalidad que afecta la vida de mujeres\" - Diario Digital Femenino","isPartOf":{"@id":"https:\/\/diariofemenino.com.ar\/df\/#website"},"primaryImageOfPage":{"@id":"https:\/\/diariofemenino.com.ar\/df\/el-foro-pide-a-diputados-que-resuelvan-la-ilegalidad-que-afecta-la-vida-de-mujeres\/#primaryimage"},"image":{"@id":"https:\/\/diariofemenino.com.ar\/df\/el-foro-pide-a-diputados-que-resuelvan-la-ilegalidad-que-afecta-la-vida-de-mujeres\/#primaryimage"},"thumbnailUrl":"https:\/\/diariofemenino.com.ar\/df\/wp-content\/uploads\/2020\/12\/marcha700.jpg","datePublished":"2020-12-05T13:39:45+00:00","description":"El Foro Pampeano por el Aborto, Legal, Seguro y Gratuito le reclam\u00f3 los diputados nacionales pampeanos que apoyen la legalizaci\u00f3n de la IVE.","breadcrumb":{"@id":"https:\/\/diariofemenino.com.ar\/df\/el-foro-pide-a-diputados-que-resuelvan-la-ilegalidad-que-afecta-la-vida-de-mujeres\/#breadcrumb"},"inLanguage":"es","potentialAction":[{"@type":"ReadAction","target":["https:\/\/diariofemenino.com.ar\/df\/el-foro-pide-a-diputados-que-resuelvan-la-ilegalidad-que-afecta-la-vida-de-mujeres\/"]}]},{"@type":"ImageObject","inLanguage":"es","@id":"https:\/\/diariofemenino.com.ar\/df\/el-foro-pide-a-diputados-que-resuelvan-la-ilegalidad-que-afecta-la-vida-de-mujeres\/#primaryimage","url":"https:\/\/diariofemenino.com.ar\/df\/wp-content\/uploads\/2020\/12\/marcha700.jpg","contentUrl":"https:\/\/diariofemenino.com.ar\/df\/wp-content\/uploads\/2020\/12\/marcha700.jpg","width":700,"height":451,"caption":"El Foro pide a diputados que \"resuelvan la ilegalidad que afecta la vida de mujeres\""},{"@type":"BreadcrumbList","@id":"https:\/\/diariofemenino.com.ar\/df\/el-foro-pide-a-diputados-que-resuelvan-la-ilegalidad-que-afecta-la-vida-de-mujeres\/#breadcrumb","itemListElement":[{"@type":"ListItem","position":1,"name":"Portada","item":"https:\/\/diariofemenino.com.ar\/df\/"},{"@type":"ListItem","position":2,"name":"El Foro pide a diputados que \u00abresuelvan la ilegalidad que afecta la vida de mujeres\u00bb"}]},{"@type":"WebSite","@id":"https:\/\/diariofemenino.com.ar\/df\/#website","url":"https:\/\/diariofemenino.com.ar\/df\/","name":"Diario Digital Femenino","description":"Cuesti\u00f3n de G\u00e9nero","publisher":{"@id":"https:\/\/diariofemenino.com.ar\/df\/#organization"},"potentialAction":[{"@type":"SearchAction","target":{"@type":"EntryPoint","urlTemplate":"https:\/\/diariofemenino.com.ar\/df\/?s={search_term_string}"},"query-input":{"@type":"PropertyValueSpecification","valueRequired":true,"valueName":"search_term_string"}}],"inLanguage":"es"},{"@type":"Organization","@id":"https:\/\/diariofemenino.com.ar\/df\/#organization","name":"Diario Femenino","url":"https:\/\/diariofemenino.com.ar\/df\/","logo":{"@type":"ImageObject","inLanguage":"es","@id":"https:\/\/diariofemenino.com.ar\/df\/#\/schema\/logo\/image\/","url":"https:\/\/diariofemenino.com.ar\/df\/wp-content\/uploads\/2018\/10\/logo.png","contentUrl":"https:\/\/diariofemenino.com.ar\/df\/wp-content\/uploads\/2018\/10\/logo.png","width":500,"height":92,"caption":"Diario Femenino"},"image":{"@id":"https:\/\/diariofemenino.com.ar\/df\/#\/schema\/logo\/image\/"},"sameAs":["https:\/\/www.facebook.com\/DiarioDigitaFemenino\/","https:\/\/x.com\/DiarioFemenino1"]},{"@type":"Person","@id":"https:\/\/diariofemenino.com.ar\/df\/#\/schema\/person\/bf6199e8158c657ea6f789b11ec85509","name":"Admin","image":{"@type":"ImageObject","inLanguage":"es","@id":"https:\/\/diariofemenino.com.ar\/df\/wp-content\/uploads\/2018\/12\/favicon-150x150.jpg","url":"https:\/\/diariofemenino.com.ar\/df\/wp-content\/uploads\/2018\/12\/favicon-150x150.jpg","contentUrl":"https:\/\/diariofemenino.com.ar\/df\/wp-content\/uploads\/2018\/12\/favicon-150x150.jpg","caption":"Admin"},"url":"https:\/\/diariofemenino.com.ar\/df\/author\/lenny\/"}]}},"jetpack_featured_media_url":"https:\/\/diariofemenino.com.ar\/df\/wp-content\/uploads\/2020\/12\/marcha700.jpg","jetpack_sharing_enabled":true,"rttpg_featured_image_url":{"full":["https:\/\/diariofemenino.com.ar\/df\/wp-content\/uploads\/2020\/12\/marcha700.jpg",700,451,false],"landscape":["https:\/\/diariofemenino.com.ar\/df\/wp-content\/uploads\/2020\/12\/marcha700.jpg",700,451,false],"portraits":["https:\/\/diariofemenino.com.ar\/df\/wp-content\/uploads\/2020\/12\/marcha700.jpg",700,451,false],"thumbnail":["https:\/\/diariofemenino.com.ar\/df\/wp-content\/uploads\/2020\/12\/marcha700-150x150.jpg",150,150,true],"medium":["https:\/\/diariofemenino.com.ar\/df\/wp-content\/uploads\/2020\/12\/marcha700-300x193.jpg",300,193,true],"large":["https:\/\/diariofemenino.com.ar\/df\/wp-content\/uploads\/2020\/12\/marcha700.jpg",700,451,false],"1536x1536":["https:\/\/diariofemenino.com.ar\/df\/wp-content\/uploads\/2020\/12\/marcha700.jpg",700,451,false],"2048x2048":["https:\/\/diariofemenino.com.ar\/df\/wp-content\/uploads\/2020\/12\/marcha700.jpg",700,451,false]},"rttpg_author":{"display_name":"Admin","author_link":"https:\/\/diariofemenino.com.ar\/df\/author\/lenny\/"},"rttpg_comment":0,"rttpg_category":"<a href=\"https:\/\/diariofemenino.com.ar\/df\/category\/agenda-feminista\/\" rel=\"category tag\">Agenda Feminista<\/a> <a href=\"https:\/\/diariofemenino.com.ar\/df\/category\/de-esi-si-se-habla\/\" rel=\"category tag\">De ESI S\u00ed Se Habla<\/a> <a href=\"https:\/\/diariofemenino.com.ar\/df\/category\/noticias\/\" rel=\"category tag\">Noticias<\/a> <a href=\"https:\/\/diariofemenino.com.ar\/df\/category\/resistencia-verdevioleta\/\" rel=\"category tag\">Resistencia VerdeVioleta<\/a>","rttpg_excerpt":"En una carta dirigida a los representantes pampeanos, pidieron apoyo a la legalizaci\u00f3n del aborto. El Foro Pampeano por el Aborto, Legal, Seguro y Gratuito le reclam\u00f3 los diputados nacionales pampeanos que apoyen la legalizaci\u00f3n de la Interrupci\u00f3n Voluntaria del Embarazo. Lo hicieron a trav\u00e9s de una carta que hicieron p\u00fablica en los \u00faltimos d\u00edas.&hellip;","_links":{"self":[{"href":"https:\/\/diariofemenino.com.ar\/df\/wp-json\/wp\/v2\/posts\/54236","targetHints":{"allow":["GET"]}}],"collection":[{"href":"https:\/\/diariofemenino.com.ar\/df\/wp-json\/wp\/v2\/posts"}],"about":[{"href":"https:\/\/diariofemenino.com.ar\/df\/wp-json\/wp\/v2\/types\/post"}],"author":[{"embeddable":true,"href":"https:\/\/diariofemenino.com.ar\/df\/wp-json\/wp\/v2\/users\/4"}],"replies":[{"embeddable":true,"href":"https:\/\/diariofemenino.com.ar\/df\/wp-json\/wp\/v2\/comments?post=54236"}],"version-history":[{"count":0,"href":"https:\/\/diariofemenino.com.ar\/df\/wp-json\/wp\/v2\/posts\/54236\/revisions"}],"wp:featuredmedia":[{"embeddable":true,"href":"https:\/\/diariofemenino.com.ar\/df\/wp-json\/wp\/v2\/media\/54238"}],"wp:attachment":[{"href":"https:\/\/diariofemenino.com.ar\/df\/wp-json\/wp\/v2\/media?parent=54236"}],"wp:term":[{"taxonomy":"category","embeddable":true,"href":"https:\/\/diariofemenino.com.ar\/df\/wp-json\/wp\/v2\/categories?post=54236"},{"taxonomy":"post_tag","embeddable":true,"href":"https:\/\/diariofemenino.com.ar\/df\/wp-json\/wp\/v2\/tags?post=54236"}],"curies":[{"name":"wp","href":"https:\/\/api.w.org\/{rel}","templated":true}]}}