{"id":54123,"date":"2020-11-27T15:52:36","date_gmt":"2020-11-27T18:52:36","guid":{"rendered":"https:\/\/diariofemenino.com.ar\/?p=54123"},"modified":"2020-11-27T15:52:36","modified_gmt":"2020-11-27T18:52:36","slug":"la-onu-pide-explicaciones-a-espana-por-aplicar-el-sindrome-de-alienacion-parental-a-irune-costumero","status":"publish","type":"post","link":"https:\/\/diariofemenino.com.ar\/df\/la-onu-pide-explicaciones-a-espana-por-aplicar-el-sindrome-de-alienacion-parental-a-irune-costumero\/","title":{"rendered":"La ONU pide explicaciones a Espa\u00f1a por aplicar el S\u00edndrome de Alienaci\u00f3n Parental a Irune Costumero"},"content":{"rendered":"<p>La ONU<\/p>\n<p>En un documento formal, pero duro, la Relatora sobre la violencia contra la mujer resalta el alto \u00edndice de utilizaci\u00f3n del falso s\u00edndrome en la justicia de nuestro pa\u00eds y recuerda que Espa\u00f1a ya fue condenada en 2014 por el caso de \u00c1ngela Gonz\u00e1lez Carre\u00f1o sin que hasta la fecha se adoptaran muchas de las medidas propuestas.<\/p>\n<p>Por: Marisa Kohan<\/p>\n<p>Naciones Unidas acaba de hacer p\u00fablico un escrito en el que pide explicaciones al Estado espa\u00f1ol por el caso de Irune Costumero y su hija de ocho a\u00f1os, que fue\u00a0arrancada\u00a0de su madre de forma violenta por los servicios sociales de la Diputaci\u00f3n Foral de Vizcaya el cuatro de agosto de 2017. La petici\u00f3n de informaci\u00f3n la realizan conjuntamente la Relatora especial sobre la violencia contra la mujer, sus causas y consecuencias y el Grupo de trabajo sobre la discriminaci\u00f3n contra las mujeres y las ni\u00f1as.<\/p>\n<figure id=\"attachment_54131\" aria-describedby=\"caption-attachment-54131\" style=\"width: 512px\" class=\"wp-caption aligncenter\"><img loading=\"lazy\" decoding=\"async\" class=\"size-full wp-image-54131\" src=\"https:\/\/diariofemenino.com.ar\/df\/wp-content\/uploads\/2020\/11\/unnamed-2.jpg\" alt=\"La ONU pide explicaciones a Espa\u00f1a por aplicar el S\u00edndrome de Alienaci\u00f3n Parental a Irune Costumero\" width=\"512\" height=\"341\" srcset=\"https:\/\/diariofemenino.com.ar\/df\/wp-content\/uploads\/2020\/11\/unnamed-2.jpg 512w, https:\/\/diariofemenino.com.ar\/df\/wp-content\/uploads\/2020\/11\/unnamed-2-300x200.jpg 300w\" sizes=\"auto, (max-width: 512px) 100vw, 512px\" \/><figcaption id=\"caption-attachment-54131\" class=\"wp-caption-text\">La ONU pide explicaciones a Espa\u00f1a por aplicar el S\u00edndrome de Alienaci\u00f3n Parental a Irune Costumero<\/figcaption><\/figure>\n<p>En\u00a0<a href=\"https:\/\/spcommreports.ohchr.org\/TMResultsBase\/DownLoadPublicCommunicationFile?gId=25553\">el documento<\/a>, remitido a Espa\u00f1a el pasado 25 de septiembre y hecho p\u00fablico ahora, hace un relato de este caso que lleva pendiente de revisi\u00f3n por parte de la justicia desde hace a\u00f1os, y por el que\u00a0se ha imputado a cuatro funcionarios de los servicios sociales la Diputaci\u00f3n de Vizcaya\u00a0(entre los que se encuentran los que eran m\u00e1ximos responsables) por aplicar el\u00a0S\u00edndrome de Alienaci\u00f3n Parental.\u00a0Una falsa patolog\u00eda que no est\u00e1 reconocida por ninguna instituci\u00f3n m\u00e9dica o psiqui\u00e1trica internacional, pero que se aplica en los procesos judiciales y tiene como consecuencia la retirada de custodia de las madres acus\u00e1ndolas influir en que sus hijos no quieran ver a sus padres.<\/p>\n<p>El escrito relata c\u00f3mo, tras el acuerdo de una custodia compartida entre Costumero y su expareja acordada por un juzgado en 2013, la denuncia del padre ante los servicios sociales de la Diputaci\u00f3n de Vizcaya aduciendo que la madre influ\u00eda en la ni\u00f1a para que no pasase tiempo con \u00e9l, motiv\u00f3 una actuaci\u00f3n de esta instituci\u00f3n.\u00a0Costumero hab\u00eda denunciado a su expareja por malos tratos, pero el caso se cerr\u00f3 con una absoluci\u00f3n<\/p>\n<p>Los servicios sociales decidieron retirar la custodia a la madre y que su tutela pasara a la administraci\u00f3n y al mismo tiempo ced\u00e9rsela la padre, con quien la ni\u00f1a convive desde entonces. Para ello\u00a0idearon un plan para separa a madre e hija, en lo que se conoce como\u00a0arrancamiento. Citaron a Costumero y a su hija sin explicarle los motivos y una vez en las dependencias de los servicios sociales, separaron por la fuerza a la ni\u00f1a de su madre con la ayuda de tres polic\u00edas y tres agentes de seguridad privados y por los trabajadores del servicios de infancia.\u00a0Los gritos de la ni\u00f1a y la madre no detuvieron la separaci\u00f3n, que no fue comunicada al juzgado ni estaba avalada por un juez.<\/p>\n<p>Desde entonces madre e hija s\u00f3lo pueden verse en visitas dos veces a la semana que suman cuatro horas, sin fines de semana ni vacaciones.\u00a0Desde octubre de 2019 est\u00e1 pendiente de resoluci\u00f3n medidas judiciales cautelares de car\u00e1cter urgente\u00a0y cuya vista estaba prevista para diciembre del a\u00f1o pasado. Sin embargo la vista se suspendi\u00f3 debido a que el Servicio de Infancia presento\u0301 los documentos correspondientes, que constan de ma\u0301s de 200 folios, tan solo 12 horas antes del juicio. Una maniobra que, tal como denuncia Costumero, es una forma habitual de actuaci\u00f3n para estirar los plazos y evitar los juicios.<\/p>\n<p><strong>La ONU muestra su \u00abprofunda preocupaci\u00f3n\u00bb<\/strong><\/p>\n<p>En el escrito, la relatora de Naciones Unidad expresa su \u00abprofunda preocupaci\u00f3n\u00bb por la se\u00f1ora Costumero y de su hija, y llaman la atenci\u00f3n a Espa\u00f1a sobre la necesidad de aplicar los est\u00e1ndares y normas internacionales \u00abque protegen los derechos que se les est\u00e1n vulnerando a las v\u00edctimas mencionadas\u00bb.<\/p>\n<p>\u00abNos preocupa que\u00a0muchas decisiones administrativas y judiciales reflejan una interpretaci\u00f3n discriminatoria de la legislaci\u00f3n nacional por parte de los operadores de justicia\u00a0pero tambi\u00e9n por parte de trabajadores sociales, basadas en prejuicios y estereotipos de g\u00e9nero\u00bb, afirma el escrito. Abunda en que\u00a0 la ausencia de una perspectiva de g\u00e9nero por parte de la judicatura puede verse reflejada en los procedimientos que atribuyen un valor inferior al testimonio o argumentos de las mujeres como partes o testigos; la adopci\u00f3n por parte de los jueces de concepciones o normas r\u00edgidas sobre lo que consideran un comportamiento o reacci\u00f3n adecuada por parte de la mujer v\u00edctima; y la referencia o establecimiento de estereotipos basados en g\u00e9nero que conllevan a una interpretaci\u00f3n err\u00f3nea o implementaci\u00f3n defectuosa de la ley.<\/p>\n<p>As\u00ed mismo el texto de la ONU refleja la preocupaci\u00f3n de que los esteriotipos y la ausencia de perspectivoa de g\u00e9nero y de un an\u00e1lisis interseccional de la discriminaci\u00f3n contra la mujer \u00abobstaculicen el acceso a la justicia por parte de las mujeres y ni\u00f1as v\u00edctimas impidi\u00e9ndoles obtener un recurso efectivo\u00bb.<\/p>\n<p><strong>Advierte por primera vez sobe el uso del SAP<\/strong><\/p>\n<p>Sorprende el tono del escrito. Aunque formal y respetuoso con las formas que utilizan los organismos de la Naciones Unidas para dirigirse los Estados miembros, llama la atenci\u00f3n la contundencia tono de la misiva.\u00a0Nunca antes un escrito de esta relator\u00eda hab\u00eda hecho una menci\u00f3n tan clara, explicita y contundente al amplio uso que se hace en la justicia espa\u00f1ola del falso s\u00edndrome\u00a0de alienaci\u00f3n parental y la poca importancia que se da en el sistema de justicia al testimonio de los menores cuando denuncian abusos.<\/p>\n<p>\u00abNos preocupa el uso del presunto <a href=\"https:\/\/diariofemenino.com.ar\/sap-un-mito-que-dana-a-menores-y-mujeres\/\">Si\u0301ndrome de Alienacio\u0301n Parental (SAP)<\/a>, contra las madres y la falta de credibilidad que algunos tribunales otorgan al testimonio de los nin\u0303os y nin\u0303as cuando la madre denuncia abusos hacia el menor por parte del padre.\u00a0Los mecanismos legislativos actuales y futuros no abordan adecuadamente\u00a0la consideracio\u0301n que debe acordarse a la existencia de violencia dome\u0301stica a la hora de determinar la custodia de los hijos\u00bb, explica la relatora.<\/p>\n<p>La comunicaci\u00f3n afirma que en muchas ocasiones se entiende que la vinculaci\u00f3n al padre es parte del bien superior del menor\u00a0y que\u00a0con frecuencia se conceden derechos de visita y custodia a los padres \u00abpese a la existencia de pruebas de que habi\u0301an cometido actos de violencia dome\u0301stica. Asimismo, se sigue utilizando el llamado Si\u0301ndrome de Alienacio\u0301n Parental para retirar la custodia de los hijos a la madre y concede\u0301rsela al padre acusado de violencia dome\u0301stica que solicita la custodia por esa razo\u0301n, en muchos casos con el apoyo de una organizacio\u0301n de defensa de los derechos de los padres\u00bb.<\/p>\n<p>El escrito resalta que este s\u00edndrome sigue siendo utilizado a pesar de que no existe un reconocimiento m\u00e9dico o cient\u00edfico de su existencia y de que el propio Consejo General del Poder Judicial (CGPJ) lo haya desaconsejado en sus gu\u00edas desde el a\u00f1o 2013. Tambi\u00e9n recuerda que la Ornganizaci\u00f3n Mundial de la Salud (OMS) elimino\u0301 la alienacio\u0301n parental de su i\u0301ndice de clasificacio\u0301n.<\/p>\n<p>La relatora de la ONU recuerda a Espa\u00f1a el caso de \u00c1ngela Gonz\u00e1lez Carre\u00f1o,\u00a0que tras interponer medio centenar de denuncias para que su hija no tuviera visitas no vigiladas con su expareja, no tuvo respuesta judicial. El padre acab\u00f3 asesinando a la menor de sites a\u00f1os en una de ellas. Destaca que tanto las autoridades judiciales como los psic\u00f3logos\u00a0tuvieron como principal objetivo normalizar las relaciones entre padre e hija\u00a0a pesar de las reservas emitidas por dos servicios sobre el comportamiento del padre y de las diversas advertencias de la madre.<\/p>\n<p>En 2014 la ONU conden\u00f3 a Espa\u00f1a por el tratamiento que se le di\u00f3 a Gonz\u00e1lez Carre\u00f1o y pidi\u00f3 al Estado que sumiera su responsabilidad. Tambi\u00e9n le\u00a0pidi\u00f3 que acometiera una serie de reformas urgentes, que ahora este escrito vuelve a recordar.<\/p>\n<p>\u00abEl Grupo de Trabajo no puede dejar de expresar su\u00a0preocupacio\u0301n por el hecho de que las lecciones del caso presentado ante la CEDAW\u00a0[siglas en ingl\u00e9s del comit\u00e9 antidiscriminaci\u00f3n contra la mujer de la ONU que conden\u00f3 a Espa\u00f1a]\u00a0no se hayan incorporado plenamente en la legislacio\u0301n y en la pra\u0301ctica. Urge la necesidad de que todas las recomendaciones del Comite\u0301 para la Eliminacio\u0301n de la Discriminacio\u0301n contra la Mujer se apliquen plenamente y de inmediato\u00bb.<\/p>\n<p>En 2019 el\u00a0Tribunal Supremo acab\u00f3 por reconocer la responsabilidad del Estado en la muerte de esta menor, tras m\u00e1s de 15 a\u00f1os de lucha por parte de Gonz\u00e1lez Carre\u00f1o.<\/p>\n<p>Esta nueva misiva expresa tambi\u00e9n el hecho de que este mismo organismo ya pregunt\u00f3 a Espa\u00f1a sobre algunos de los casos en los que se hab\u00edan producido\u00a0arracamiento\u00a0de ni\u00f1os, una pr\u00e1ctica que equipara a la tortura, y por los procedimientos en el sistema de justicia cuando las madres denuncias abusos sexuales hacia sus hijos o violencia de g\u00e9nero. Uno de los casos por los que pregunt\u00f3 recientemente la relatora a nuestro pa\u00eds fue el de\u00a0Mar\u00eda Noel, una uruguaya a la que se le retir\u00f3 la custodia de su hija\u00a0y la justicia se la entreg\u00f3 a su padre, acusado de abusar sexualmente de ella. En ese caso, Espa\u00f1a respondi\u00f3 con evasivas a las preguntas de la Relatora de la ONU y no dio respuesta a ninguna de las preguntas que se le formularon.<\/p>\n<p>El escrito da al Gobierno 60 d\u00edas para elaborar una respuesta y enviarla a la Relatora. Por el momento este escrito, de haberse entregado,\u00a0no se ha hecho p\u00fablico.<\/p>\n<p><a href=\"https:\/\/www.publico.es\/\">P\u00fablico<\/a><\/p>\n<p><a href=\"https:\/\/diariofemenino.com.ar\/\">Diario Digital Femenino<\/a><\/p>\n","protected":false},"excerpt":{"rendered":"<p>La ONU En un documento formal, pero duro, la Relatora sobre la violencia contra la mujer resalta el alto \u00edndice de utilizaci\u00f3n del falso s\u00edndrome en la justicia de nuestro pa\u00eds y recuerda que Espa\u00f1a ya fue condenada en 2014 por el caso de \u00c1ngela Gonz\u00e1lez Carre\u00f1o sin que hasta la fecha se adoptaran muchas [&hellip;]<\/p>\n","protected":false},"author":1,"featured_media":54130,"comment_status":"open","ping_status":"open","sticky":false,"template":"","format":"standard","meta":{"iawp_total_views":14,"footnotes":""},"categories":[627,32,592],"tags":[271,3246,1070],"class_list":["post-54123","post","type-post","status-publish","format-standard","has-post-thumbnail","hentry","category-genero-y-derechos-humanos","category-mujeres","category-violencias","tag-onu","tag-sindrome-de-alienacion-parental","tag-violencia-machista"],"nelio_content":{"autoShareEndMode":"never","automationSources":{"useCustomSentences":false,"customSentences":[]},"efiAlt":"","efiUrl":"","followers":[],"highlights":[],"isAutoShareEnabled":true,"networkImageIds":[],"permalinkQueryArgs":[],"series":[],"suggestedReferences":[]},"yoast_head":"<!-- This site is optimized with the Yoast SEO plugin v27.5 - https:\/\/yoast.com\/product\/yoast-seo-wordpress\/ -->\n<title>La ONU pide explicaciones a Espa\u00f1a por aplicar el S\u00edndrome de Alienaci\u00f3n Parental a Irune Costumero - Diario Digital Femenino<\/title>\n<meta name=\"description\" content=\"La ONU pide explicaciones a Espa\u00f1a por aplicar el S\u00edndrome de Alienaci\u00f3n Parental a Irune Costumero. En un documento formal, pero duro.\" \/>\n<meta name=\"robots\" content=\"index, follow, max-snippet:-1, max-image-preview:large, max-video-preview:-1\" \/>\n<link rel=\"canonical\" href=\"https:\/\/diariofemenino.com.ar\/df\/la-onu-pide-explicaciones-a-espana-por-aplicar-el-sindrome-de-alienacion-parental-a-irune-costumero\/\" \/>\n<meta property=\"og:locale\" content=\"es_ES\" \/>\n<meta property=\"og:type\" content=\"article\" \/>\n<meta property=\"og:title\" content=\"La ONU pide explicaciones a Espa\u00f1a por aplicar el S\u00edndrome de Alienaci\u00f3n Parental a Irune Costumero - Diario Digital Femenino\" \/>\n<meta property=\"og:description\" content=\"La ONU pide explicaciones a Espa\u00f1a por aplicar el S\u00edndrome de Alienaci\u00f3n Parental a Irune Costumero. En un documento formal, pero duro.\" \/>\n<meta property=\"og:url\" content=\"https:\/\/diariofemenino.com.ar\/df\/la-onu-pide-explicaciones-a-espana-por-aplicar-el-sindrome-de-alienacion-parental-a-irune-costumero\/\" \/>\n<meta property=\"og:site_name\" content=\"Diario Digital Femenino\" \/>\n<meta property=\"article:publisher\" content=\"https:\/\/www.facebook.com\/DiarioDigitaFemenino\/\" \/>\n<meta property=\"article:published_time\" content=\"2020-11-27T18:52:36+00:00\" \/>\n<meta property=\"og:image\" content=\"https:\/\/diariofemenino.com.ar\/df\/wp-content\/uploads\/2020\/11\/5fc123d2df7aeportada.jpeg\" \/>\n\t<meta property=\"og:image:width\" content=\"990\" \/>\n\t<meta property=\"og:image:height\" content=\"660\" \/>\n\t<meta property=\"og:image:type\" content=\"image\/jpeg\" \/>\n<meta name=\"author\" content=\"Admin\" \/>\n<meta name=\"twitter:card\" content=\"summary_large_image\" \/>\n<meta name=\"twitter:creator\" content=\"@DiarioFemenino1\" \/>\n<meta name=\"twitter:site\" content=\"@DiarioFemenino1\" \/>\n<meta name=\"twitter:label1\" content=\"Escrito por\" \/>\n\t<meta name=\"twitter:data1\" content=\"Admin\" \/>\n\t<meta name=\"twitter:label2\" content=\"Tiempo de lectura\" \/>\n\t<meta name=\"twitter:data2\" content=\"8 minutos\" \/>\n<script type=\"application\/ld+json\" class=\"yoast-schema-graph\">{\"@context\":\"https:\\\/\\\/schema.org\",\"@graph\":[{\"@type\":\"Article\",\"@id\":\"https:\\\/\\\/diariofemenino.com.ar\\\/df\\\/la-onu-pide-explicaciones-a-espana-por-aplicar-el-sindrome-de-alienacion-parental-a-irune-costumero\\\/#article\",\"isPartOf\":{\"@id\":\"https:\\\/\\\/diariofemenino.com.ar\\\/df\\\/la-onu-pide-explicaciones-a-espana-por-aplicar-el-sindrome-de-alienacion-parental-a-irune-costumero\\\/\"},\"author\":{\"name\":\"Admin\",\"@id\":\"https:\\\/\\\/diariofemenino.com.ar\\\/df\\\/#\\\/schema\\\/person\\\/38f54b3bfd13f561de2460ba95c169c6\"},\"headline\":\"La ONU pide explicaciones a Espa\u00f1a por aplicar el S\u00edndrome de Alienaci\u00f3n Parental a Irune Costumero\",\"datePublished\":\"2020-11-27T18:52:36+00:00\",\"mainEntityOfPage\":{\"@id\":\"https:\\\/\\\/diariofemenino.com.ar\\\/df\\\/la-onu-pide-explicaciones-a-espana-por-aplicar-el-sindrome-de-alienacion-parental-a-irune-costumero\\\/\"},\"wordCount\":1713,\"commentCount\":0,\"publisher\":{\"@id\":\"https:\\\/\\\/diariofemenino.com.ar\\\/df\\\/#organization\"},\"image\":{\"@id\":\"https:\\\/\\\/diariofemenino.com.ar\\\/df\\\/la-onu-pide-explicaciones-a-espana-por-aplicar-el-sindrome-de-alienacion-parental-a-irune-costumero\\\/#primaryimage\"},\"thumbnailUrl\":\"https:\\\/\\\/diariofemenino.com.ar\\\/df\\\/wp-content\\\/uploads\\\/2020\\\/11\\\/5fc123d2df7aeportada.jpeg\",\"keywords\":[\"#ONU\",\"S\u00edndrome de Alienaci\u00f3n Parental\",\"Violencia Machista\"],\"articleSection\":[\"G\u00e9nero y Derechos Humanos\",\"Mujeres\",\"Violencias\"],\"inLanguage\":\"es\",\"potentialAction\":[{\"@type\":\"CommentAction\",\"name\":\"Comment\",\"target\":[\"https:\\\/\\\/diariofemenino.com.ar\\\/df\\\/la-onu-pide-explicaciones-a-espana-por-aplicar-el-sindrome-de-alienacion-parental-a-irune-costumero\\\/#respond\"]}]},{\"@type\":\"WebPage\",\"@id\":\"https:\\\/\\\/diariofemenino.com.ar\\\/df\\\/la-onu-pide-explicaciones-a-espana-por-aplicar-el-sindrome-de-alienacion-parental-a-irune-costumero\\\/\",\"url\":\"https:\\\/\\\/diariofemenino.com.ar\\\/df\\\/la-onu-pide-explicaciones-a-espana-por-aplicar-el-sindrome-de-alienacion-parental-a-irune-costumero\\\/\",\"name\":\"La ONU pide explicaciones a Espa\u00f1a por aplicar el S\u00edndrome de Alienaci\u00f3n Parental a Irune Costumero - Diario Digital Femenino\",\"isPartOf\":{\"@id\":\"https:\\\/\\\/diariofemenino.com.ar\\\/df\\\/#website\"},\"primaryImageOfPage\":{\"@id\":\"https:\\\/\\\/diariofemenino.com.ar\\\/df\\\/la-onu-pide-explicaciones-a-espana-por-aplicar-el-sindrome-de-alienacion-parental-a-irune-costumero\\\/#primaryimage\"},\"image\":{\"@id\":\"https:\\\/\\\/diariofemenino.com.ar\\\/df\\\/la-onu-pide-explicaciones-a-espana-por-aplicar-el-sindrome-de-alienacion-parental-a-irune-costumero\\\/#primaryimage\"},\"thumbnailUrl\":\"https:\\\/\\\/diariofemenino.com.ar\\\/df\\\/wp-content\\\/uploads\\\/2020\\\/11\\\/5fc123d2df7aeportada.jpeg\",\"datePublished\":\"2020-11-27T18:52:36+00:00\",\"description\":\"La ONU pide explicaciones a Espa\u00f1a por aplicar el S\u00edndrome de Alienaci\u00f3n Parental a Irune Costumero. En un documento formal, pero duro.\",\"breadcrumb\":{\"@id\":\"https:\\\/\\\/diariofemenino.com.ar\\\/df\\\/la-onu-pide-explicaciones-a-espana-por-aplicar-el-sindrome-de-alienacion-parental-a-irune-costumero\\\/#breadcrumb\"},\"inLanguage\":\"es\",\"potentialAction\":[{\"@type\":\"ReadAction\",\"target\":[\"https:\\\/\\\/diariofemenino.com.ar\\\/df\\\/la-onu-pide-explicaciones-a-espana-por-aplicar-el-sindrome-de-alienacion-parental-a-irune-costumero\\\/\"]}]},{\"@type\":\"ImageObject\",\"inLanguage\":\"es\",\"@id\":\"https:\\\/\\\/diariofemenino.com.ar\\\/df\\\/la-onu-pide-explicaciones-a-espana-por-aplicar-el-sindrome-de-alienacion-parental-a-irune-costumero\\\/#primaryimage\",\"url\":\"https:\\\/\\\/diariofemenino.com.ar\\\/df\\\/wp-content\\\/uploads\\\/2020\\\/11\\\/5fc123d2df7aeportada.jpeg\",\"contentUrl\":\"https:\\\/\\\/diariofemenino.com.ar\\\/df\\\/wp-content\\\/uploads\\\/2020\\\/11\\\/5fc123d2df7aeportada.jpeg\",\"width\":990,\"height\":660,\"caption\":\"La ONU pide explicaciones a Espa\u00f1a por aplicar el S\u00edndrome de Alienaci\u00f3n Parental a Irune Costumero\"},{\"@type\":\"BreadcrumbList\",\"@id\":\"https:\\\/\\\/diariofemenino.com.ar\\\/df\\\/la-onu-pide-explicaciones-a-espana-por-aplicar-el-sindrome-de-alienacion-parental-a-irune-costumero\\\/#breadcrumb\",\"itemListElement\":[{\"@type\":\"ListItem\",\"position\":1,\"name\":\"Portada\",\"item\":\"https:\\\/\\\/diariofemenino.com.ar\\\/df\\\/\"},{\"@type\":\"ListItem\",\"position\":2,\"name\":\"La ONU pide explicaciones a Espa\u00f1a por aplicar el S\u00edndrome de Alienaci\u00f3n Parental a Irune Costumero\"}]},{\"@type\":\"WebSite\",\"@id\":\"https:\\\/\\\/diariofemenino.com.ar\\\/df\\\/#website\",\"url\":\"https:\\\/\\\/diariofemenino.com.ar\\\/df\\\/\",\"name\":\"Diario Digital Femenino\",\"description\":\"Cuesti\u00f3n de G\u00e9nero\",\"publisher\":{\"@id\":\"https:\\\/\\\/diariofemenino.com.ar\\\/df\\\/#organization\"},\"potentialAction\":[{\"@type\":\"SearchAction\",\"target\":{\"@type\":\"EntryPoint\",\"urlTemplate\":\"https:\\\/\\\/diariofemenino.com.ar\\\/df\\\/?s={search_term_string}\"},\"query-input\":{\"@type\":\"PropertyValueSpecification\",\"valueRequired\":true,\"valueName\":\"search_term_string\"}}],\"inLanguage\":\"es\"},{\"@type\":\"Organization\",\"@id\":\"https:\\\/\\\/diariofemenino.com.ar\\\/df\\\/#organization\",\"name\":\"Diario Femenino\",\"url\":\"https:\\\/\\\/diariofemenino.com.ar\\\/df\\\/\",\"logo\":{\"@type\":\"ImageObject\",\"inLanguage\":\"es\",\"@id\":\"https:\\\/\\\/diariofemenino.com.ar\\\/df\\\/#\\\/schema\\\/logo\\\/image\\\/\",\"url\":\"https:\\\/\\\/diariofemenino.com.ar\\\/df\\\/wp-content\\\/uploads\\\/2018\\\/10\\\/logo.png\",\"contentUrl\":\"https:\\\/\\\/diariofemenino.com.ar\\\/df\\\/wp-content\\\/uploads\\\/2018\\\/10\\\/logo.png\",\"width\":500,\"height\":92,\"caption\":\"Diario Femenino\"},\"image\":{\"@id\":\"https:\\\/\\\/diariofemenino.com.ar\\\/df\\\/#\\\/schema\\\/logo\\\/image\\\/\"},\"sameAs\":[\"https:\\\/\\\/www.facebook.com\\\/DiarioDigitaFemenino\\\/\",\"https:\\\/\\\/x.com\\\/DiarioFemenino1\"]},{\"@type\":\"Person\",\"@id\":\"https:\\\/\\\/diariofemenino.com.ar\\\/df\\\/#\\\/schema\\\/person\\\/38f54b3bfd13f561de2460ba95c169c6\",\"name\":\"Admin\",\"image\":{\"@type\":\"ImageObject\",\"inLanguage\":\"es\",\"@id\":\"https:\\\/\\\/diariofemenino.com.ar\\\/df\\\/wp-content\\\/uploads\\\/2018\\\/12\\\/favicon-150x150.jpg\",\"url\":\"https:\\\/\\\/diariofemenino.com.ar\\\/df\\\/wp-content\\\/uploads\\\/2018\\\/12\\\/favicon-150x150.jpg\",\"contentUrl\":\"https:\\\/\\\/diariofemenino.com.ar\\\/df\\\/wp-content\\\/uploads\\\/2018\\\/12\\\/favicon-150x150.jpg\",\"caption\":\"Admin\"},\"url\":\"https:\\\/\\\/diariofemenino.com.ar\\\/df\\\/author\\\/adm18df\\\/\"}]}<\/script>\n<!-- \/ Yoast SEO plugin. -->","yoast_head_json":{"title":"La ONU pide explicaciones a Espa\u00f1a por aplicar el S\u00edndrome de Alienaci\u00f3n Parental a Irune Costumero - Diario Digital Femenino","description":"La ONU pide explicaciones a Espa\u00f1a por aplicar el S\u00edndrome de Alienaci\u00f3n Parental a Irune Costumero. En un documento formal, pero duro.","robots":{"index":"index","follow":"follow","max-snippet":"max-snippet:-1","max-image-preview":"max-image-preview:large","max-video-preview":"max-video-preview:-1"},"canonical":"https:\/\/diariofemenino.com.ar\/df\/la-onu-pide-explicaciones-a-espana-por-aplicar-el-sindrome-de-alienacion-parental-a-irune-costumero\/","og_locale":"es_ES","og_type":"article","og_title":"La ONU pide explicaciones a Espa\u00f1a por aplicar el S\u00edndrome de Alienaci\u00f3n Parental a Irune Costumero - Diario Digital Femenino","og_description":"La ONU pide explicaciones a Espa\u00f1a por aplicar el S\u00edndrome de Alienaci\u00f3n Parental a Irune Costumero. En un documento formal, pero duro.","og_url":"https:\/\/diariofemenino.com.ar\/df\/la-onu-pide-explicaciones-a-espana-por-aplicar-el-sindrome-de-alienacion-parental-a-irune-costumero\/","og_site_name":"Diario Digital Femenino","article_publisher":"https:\/\/www.facebook.com\/DiarioDigitaFemenino\/","article_published_time":"2020-11-27T18:52:36+00:00","og_image":[{"width":990,"height":660,"url":"https:\/\/diariofemenino.com.ar\/df\/wp-content\/uploads\/2020\/11\/5fc123d2df7aeportada.jpeg","type":"image\/jpeg"}],"author":"Admin","twitter_card":"summary_large_image","twitter_creator":"@DiarioFemenino1","twitter_site":"@DiarioFemenino1","twitter_misc":{"Escrito por":"Admin","Tiempo de lectura":"8 minutos"},"schema":{"@context":"https:\/\/schema.org","@graph":[{"@type":"Article","@id":"https:\/\/diariofemenino.com.ar\/df\/la-onu-pide-explicaciones-a-espana-por-aplicar-el-sindrome-de-alienacion-parental-a-irune-costumero\/#article","isPartOf":{"@id":"https:\/\/diariofemenino.com.ar\/df\/la-onu-pide-explicaciones-a-espana-por-aplicar-el-sindrome-de-alienacion-parental-a-irune-costumero\/"},"author":{"name":"Admin","@id":"https:\/\/diariofemenino.com.ar\/df\/#\/schema\/person\/38f54b3bfd13f561de2460ba95c169c6"},"headline":"La ONU pide explicaciones a Espa\u00f1a por aplicar el S\u00edndrome de Alienaci\u00f3n Parental a Irune Costumero","datePublished":"2020-11-27T18:52:36+00:00","mainEntityOfPage":{"@id":"https:\/\/diariofemenino.com.ar\/df\/la-onu-pide-explicaciones-a-espana-por-aplicar-el-sindrome-de-alienacion-parental-a-irune-costumero\/"},"wordCount":1713,"commentCount":0,"publisher":{"@id":"https:\/\/diariofemenino.com.ar\/df\/#organization"},"image":{"@id":"https:\/\/diariofemenino.com.ar\/df\/la-onu-pide-explicaciones-a-espana-por-aplicar-el-sindrome-de-alienacion-parental-a-irune-costumero\/#primaryimage"},"thumbnailUrl":"https:\/\/diariofemenino.com.ar\/df\/wp-content\/uploads\/2020\/11\/5fc123d2df7aeportada.jpeg","keywords":["#ONU","S\u00edndrome de Alienaci\u00f3n Parental","Violencia Machista"],"articleSection":["G\u00e9nero y Derechos Humanos","Mujeres","Violencias"],"inLanguage":"es","potentialAction":[{"@type":"CommentAction","name":"Comment","target":["https:\/\/diariofemenino.com.ar\/df\/la-onu-pide-explicaciones-a-espana-por-aplicar-el-sindrome-de-alienacion-parental-a-irune-costumero\/#respond"]}]},{"@type":"WebPage","@id":"https:\/\/diariofemenino.com.ar\/df\/la-onu-pide-explicaciones-a-espana-por-aplicar-el-sindrome-de-alienacion-parental-a-irune-costumero\/","url":"https:\/\/diariofemenino.com.ar\/df\/la-onu-pide-explicaciones-a-espana-por-aplicar-el-sindrome-de-alienacion-parental-a-irune-costumero\/","name":"La ONU pide explicaciones a Espa\u00f1a por aplicar el S\u00edndrome de Alienaci\u00f3n Parental a Irune Costumero - Diario Digital Femenino","isPartOf":{"@id":"https:\/\/diariofemenino.com.ar\/df\/#website"},"primaryImageOfPage":{"@id":"https:\/\/diariofemenino.com.ar\/df\/la-onu-pide-explicaciones-a-espana-por-aplicar-el-sindrome-de-alienacion-parental-a-irune-costumero\/#primaryimage"},"image":{"@id":"https:\/\/diariofemenino.com.ar\/df\/la-onu-pide-explicaciones-a-espana-por-aplicar-el-sindrome-de-alienacion-parental-a-irune-costumero\/#primaryimage"},"thumbnailUrl":"https:\/\/diariofemenino.com.ar\/df\/wp-content\/uploads\/2020\/11\/5fc123d2df7aeportada.jpeg","datePublished":"2020-11-27T18:52:36+00:00","description":"La ONU pide explicaciones a Espa\u00f1a por aplicar el S\u00edndrome de Alienaci\u00f3n Parental a Irune Costumero. En un documento formal, pero duro.","breadcrumb":{"@id":"https:\/\/diariofemenino.com.ar\/df\/la-onu-pide-explicaciones-a-espana-por-aplicar-el-sindrome-de-alienacion-parental-a-irune-costumero\/#breadcrumb"},"inLanguage":"es","potentialAction":[{"@type":"ReadAction","target":["https:\/\/diariofemenino.com.ar\/df\/la-onu-pide-explicaciones-a-espana-por-aplicar-el-sindrome-de-alienacion-parental-a-irune-costumero\/"]}]},{"@type":"ImageObject","inLanguage":"es","@id":"https:\/\/diariofemenino.com.ar\/df\/la-onu-pide-explicaciones-a-espana-por-aplicar-el-sindrome-de-alienacion-parental-a-irune-costumero\/#primaryimage","url":"https:\/\/diariofemenino.com.ar\/df\/wp-content\/uploads\/2020\/11\/5fc123d2df7aeportada.jpeg","contentUrl":"https:\/\/diariofemenino.com.ar\/df\/wp-content\/uploads\/2020\/11\/5fc123d2df7aeportada.jpeg","width":990,"height":660,"caption":"La ONU pide explicaciones a Espa\u00f1a por aplicar el S\u00edndrome de Alienaci\u00f3n Parental a Irune Costumero"},{"@type":"BreadcrumbList","@id":"https:\/\/diariofemenino.com.ar\/df\/la-onu-pide-explicaciones-a-espana-por-aplicar-el-sindrome-de-alienacion-parental-a-irune-costumero\/#breadcrumb","itemListElement":[{"@type":"ListItem","position":1,"name":"Portada","item":"https:\/\/diariofemenino.com.ar\/df\/"},{"@type":"ListItem","position":2,"name":"La ONU pide explicaciones a Espa\u00f1a por aplicar el S\u00edndrome de Alienaci\u00f3n Parental a Irune Costumero"}]},{"@type":"WebSite","@id":"https:\/\/diariofemenino.com.ar\/df\/#website","url":"https:\/\/diariofemenino.com.ar\/df\/","name":"Diario Digital Femenino","description":"Cuesti\u00f3n de G\u00e9nero","publisher":{"@id":"https:\/\/diariofemenino.com.ar\/df\/#organization"},"potentialAction":[{"@type":"SearchAction","target":{"@type":"EntryPoint","urlTemplate":"https:\/\/diariofemenino.com.ar\/df\/?s={search_term_string}"},"query-input":{"@type":"PropertyValueSpecification","valueRequired":true,"valueName":"search_term_string"}}],"inLanguage":"es"},{"@type":"Organization","@id":"https:\/\/diariofemenino.com.ar\/df\/#organization","name":"Diario Femenino","url":"https:\/\/diariofemenino.com.ar\/df\/","logo":{"@type":"ImageObject","inLanguage":"es","@id":"https:\/\/diariofemenino.com.ar\/df\/#\/schema\/logo\/image\/","url":"https:\/\/diariofemenino.com.ar\/df\/wp-content\/uploads\/2018\/10\/logo.png","contentUrl":"https:\/\/diariofemenino.com.ar\/df\/wp-content\/uploads\/2018\/10\/logo.png","width":500,"height":92,"caption":"Diario Femenino"},"image":{"@id":"https:\/\/diariofemenino.com.ar\/df\/#\/schema\/logo\/image\/"},"sameAs":["https:\/\/www.facebook.com\/DiarioDigitaFemenino\/","https:\/\/x.com\/DiarioFemenino1"]},{"@type":"Person","@id":"https:\/\/diariofemenino.com.ar\/df\/#\/schema\/person\/38f54b3bfd13f561de2460ba95c169c6","name":"Admin","image":{"@type":"ImageObject","inLanguage":"es","@id":"https:\/\/diariofemenino.com.ar\/df\/wp-content\/uploads\/2018\/12\/favicon-150x150.jpg","url":"https:\/\/diariofemenino.com.ar\/df\/wp-content\/uploads\/2018\/12\/favicon-150x150.jpg","contentUrl":"https:\/\/diariofemenino.com.ar\/df\/wp-content\/uploads\/2018\/12\/favicon-150x150.jpg","caption":"Admin"},"url":"https:\/\/diariofemenino.com.ar\/df\/author\/adm18df\/"}]}},"jetpack_featured_media_url":"https:\/\/diariofemenino.com.ar\/df\/wp-content\/uploads\/2020\/11\/5fc123d2df7aeportada.jpeg","jetpack_sharing_enabled":true,"rttpg_featured_image_url":{"full":["https:\/\/diariofemenino.com.ar\/df\/wp-content\/uploads\/2020\/11\/5fc123d2df7aeportada.jpeg",990,660,false],"landscape":["https:\/\/diariofemenino.com.ar\/df\/wp-content\/uploads\/2020\/11\/5fc123d2df7aeportada.jpeg",990,660,false],"portraits":["https:\/\/diariofemenino.com.ar\/df\/wp-content\/uploads\/2020\/11\/5fc123d2df7aeportada.jpeg",990,660,false],"thumbnail":["https:\/\/diariofemenino.com.ar\/df\/wp-content\/uploads\/2020\/11\/5fc123d2df7aeportada-150x150.jpeg",150,150,true],"medium":["https:\/\/diariofemenino.com.ar\/df\/wp-content\/uploads\/2020\/11\/5fc123d2df7aeportada-300x200.jpeg",300,200,true],"large":["https:\/\/diariofemenino.com.ar\/df\/wp-content\/uploads\/2020\/11\/5fc123d2df7aeportada.jpeg",990,660,false],"1536x1536":["https:\/\/diariofemenino.com.ar\/df\/wp-content\/uploads\/2020\/11\/5fc123d2df7aeportada.jpeg",990,660,false],"2048x2048":["https:\/\/diariofemenino.com.ar\/df\/wp-content\/uploads\/2020\/11\/5fc123d2df7aeportada.jpeg",990,660,false]},"rttpg_author":{"display_name":"Admin","author_link":"https:\/\/diariofemenino.com.ar\/df\/author\/adm18df\/"},"rttpg_comment":0,"rttpg_category":"<a href=\"https:\/\/diariofemenino.com.ar\/df\/category\/genero-y-derechos-humanos\/\" rel=\"category tag\">G\u00e9nero y Derechos Humanos<\/a> <a href=\"https:\/\/diariofemenino.com.ar\/df\/category\/mujeres\/\" rel=\"category tag\">Mujeres<\/a> <a href=\"https:\/\/diariofemenino.com.ar\/df\/category\/violencias\/\" rel=\"category tag\">Violencias<\/a>","rttpg_excerpt":"La ONU En un documento formal, pero duro, la Relatora sobre la violencia contra la mujer resalta el alto \u00edndice de utilizaci\u00f3n del falso s\u00edndrome en la justicia de nuestro pa\u00eds y recuerda que Espa\u00f1a ya fue condenada en 2014 por el caso de \u00c1ngela Gonz\u00e1lez Carre\u00f1o sin que hasta la fecha se adoptaran muchas&hellip;","_links":{"self":[{"href":"https:\/\/diariofemenino.com.ar\/df\/wp-json\/wp\/v2\/posts\/54123","targetHints":{"allow":["GET"]}}],"collection":[{"href":"https:\/\/diariofemenino.com.ar\/df\/wp-json\/wp\/v2\/posts"}],"about":[{"href":"https:\/\/diariofemenino.com.ar\/df\/wp-json\/wp\/v2\/types\/post"}],"author":[{"embeddable":true,"href":"https:\/\/diariofemenino.com.ar\/df\/wp-json\/wp\/v2\/users\/1"}],"replies":[{"embeddable":true,"href":"https:\/\/diariofemenino.com.ar\/df\/wp-json\/wp\/v2\/comments?post=54123"}],"version-history":[{"count":0,"href":"https:\/\/diariofemenino.com.ar\/df\/wp-json\/wp\/v2\/posts\/54123\/revisions"}],"wp:featuredmedia":[{"embeddable":true,"href":"https:\/\/diariofemenino.com.ar\/df\/wp-json\/wp\/v2\/media\/54130"}],"wp:attachment":[{"href":"https:\/\/diariofemenino.com.ar\/df\/wp-json\/wp\/v2\/media?parent=54123"}],"wp:term":[{"taxonomy":"category","embeddable":true,"href":"https:\/\/diariofemenino.com.ar\/df\/wp-json\/wp\/v2\/categories?post=54123"},{"taxonomy":"post_tag","embeddable":true,"href":"https:\/\/diariofemenino.com.ar\/df\/wp-json\/wp\/v2\/tags?post=54123"}],"curies":[{"name":"wp","href":"https:\/\/api.w.org\/{rel}","templated":true}]}}