{"id":54108,"date":"2020-11-26T09:28:13","date_gmt":"2020-11-26T12:28:13","guid":{"rendered":"https:\/\/diariofemenino.com.ar\/?p=54108"},"modified":"2020-11-26T09:28:13","modified_gmt":"2020-11-26T12:28:13","slug":"certamen-solidario-de-microrrelatos","status":"publish","type":"post","link":"https:\/\/diariofemenino.com.ar\/df\/certamen-solidario-de-microrrelatos\/","title":{"rendered":"Certamen Solidario de Microrrelatos"},"content":{"rendered":"<p><a href=\"http:\/\/7selloseditorial.com\">7 Sellos Editorial<\/a> Cooperativa realizar\u00e1 el pr\u00f3ximo viernes 27, a las 19:30, el acto de cierre del Certamen Solidario de Microrrelatos. Por la pandemia este a\u00f1o ser\u00e1 virtual, mediante la plataforma Zoom. La invitaci\u00f3n es de car\u00e1cter p\u00fablico por lo que quienes est\u00e9n interesados\/as pueden participar. El sello editorial ya lanz\u00f3 la venta de los libros-agendas, producto final del certamen.<\/p>\n<p>En el evento final, que es una forma de coronar el trabajo, quienes fueron seleccionados\/as en el concurso recibir\u00e1n sus Libros-Agendas 2021. Adem\u00e1s se contar\u00e1 con la presencia de las instituciones co-participantes, desayunadores comunitarios que han participado en a\u00f1os anteriores, como tambi\u00e9n de los y las ilustradoras que donaron sus creaciones materializadas en cuatro tapas diferentes.<\/p>\n<figure id=\"attachment_54109\" aria-describedby=\"caption-attachment-54109\" style=\"width: 900px\" class=\"wp-caption aligncenter\"><img loading=\"lazy\" decoding=\"async\" class=\"size-large wp-image-54109\" src=\"https:\/\/diariofemenino.com.ar\/df\/wp-content\/uploads\/2020\/11\/Invitacion-certamen-medios-1port-1024x720.jpg\" alt=\"Certamen Solidario de Microrrelatos\" width=\"900\" height=\"633\" srcset=\"https:\/\/diariofemenino.com.ar\/df\/wp-content\/uploads\/2020\/11\/Invitacion-certamen-medios-1port-1024x720.jpg 1024w, https:\/\/diariofemenino.com.ar\/df\/wp-content\/uploads\/2020\/11\/Invitacion-certamen-medios-1port-300x211.jpg 300w, https:\/\/diariofemenino.com.ar\/df\/wp-content\/uploads\/2020\/11\/Invitacion-certamen-medios-1port-768x540.jpg 768w, https:\/\/diariofemenino.com.ar\/df\/wp-content\/uploads\/2020\/11\/Invitacion-certamen-medios-1port.jpg 1180w\" sizes=\"auto, (max-width: 900px) 100vw, 900px\" \/><figcaption id=\"caption-attachment-54109\" class=\"wp-caption-text\">Certamen Solidario de Microrrelatos<\/figcaption><\/figure>\n<p>El certamen de <a href=\"https:\/\/diariofemenino.com.ar\/yanka-y-rayen-un-nino-y-una-nina-que-te-cuentan-historias-sobre-la-cultura-ranquel\/\">microrrelatos<\/a> ha sido nuevamente un \u00e9xito.\u00a0Se recibieron alrededor de 400 microrrelatos de personas de todas partes del mundo y en todas las categor\u00edas hubo una amplia participaci\u00f3n.<\/p>\n<p>Los libros-agendas 2021 ya se encuentran a la venta en la editorial 7Sellos, Roque S. Pe\u00f1a 1395. Posee un precio cooperativo de $600 y todo lo recaudado ser\u00e1 donado, como todos los a\u00f1os, a desayunadores y merenderos de Santa Rosa. En ese sentido, esperamos que m\u00e1s personas colaboren con la compra que a\u00f1o a a\u00f1o se supera.<\/p>\n<p><a href=\"https:\/\/diariofemenino.com.ar\/\">Diario Digital Femenino<\/a><\/p>\n<p>&nbsp;<\/p>\n","protected":false},"excerpt":{"rendered":"<p>7 Sellos Editorial Cooperativa realizar\u00e1 el pr\u00f3ximo viernes 27, a las 19:30, el acto de cierre del Certamen Solidario de Microrrelatos. Por la pandemia este a\u00f1o ser\u00e1 virtual, mediante la plataforma Zoom. La invitaci\u00f3n es de car\u00e1cter p\u00fablico por lo que quienes est\u00e9n interesados\/as pueden participar. El sello editorial ya lanz\u00f3 la venta de los [&hellip;]<\/p>\n","protected":false},"author":1,"featured_media":54109,"comment_status":"open","ping_status":"open","sticky":false,"template":"","format":"standard","meta":{"iawp_total_views":5,"footnotes":""},"categories":[7],"tags":[3868,3870,3869],"class_list":["post-54108","post","type-post","status-publish","format-standard","has-post-thumbnail","hentry","category-actividades","tag-certamen-solidario","tag-editorial-7sellos","tag-microrrelatos"],"nelio_content":{"autoShareEndMode":"never","automationSources":{"useCustomSentences":false,"customSentences":[]},"efiAlt":"","efiUrl":"","followers":[],"highlights":[],"isAutoShareEnabled":true,"networkImageIds":[],"permalinkQueryArgs":[],"series":[],"suggestedReferences":[]},"yoast_head":"<!-- This site is optimized with the Yoast SEO plugin v27.5 - https:\/\/yoast.com\/product\/yoast-seo-wordpress\/ -->\n<title>Certamen Solidario de Microrrelatos - Diario Digital Femenino<\/title>\n<meta name=\"description\" content=\"Certamen Solidario de Microrrelatos. Se recibieron alrededor de 400 microrrelatos sobre todas las categorias de personas de todas partes del mundo.\" \/>\n<meta name=\"robots\" content=\"index, follow, max-snippet:-1, max-image-preview:large, max-video-preview:-1\" \/>\n<link rel=\"canonical\" href=\"https:\/\/diariofemenino.com.ar\/df\/certamen-solidario-de-microrrelatos\/\" \/>\n<meta property=\"og:locale\" content=\"es_ES\" \/>\n<meta property=\"og:type\" content=\"article\" \/>\n<meta property=\"og:title\" content=\"Certamen Solidario de Microrrelatos - Diario Digital Femenino\" \/>\n<meta property=\"og:description\" content=\"Certamen Solidario de Microrrelatos. Se recibieron alrededor de 400 microrrelatos sobre todas las categorias de personas de todas partes del mundo.\" \/>\n<meta property=\"og:url\" content=\"https:\/\/diariofemenino.com.ar\/df\/certamen-solidario-de-microrrelatos\/\" \/>\n<meta property=\"og:site_name\" content=\"Diario Digital Femenino\" \/>\n<meta property=\"article:publisher\" content=\"https:\/\/www.facebook.com\/DiarioDigitaFemenino\/\" \/>\n<meta property=\"article:published_time\" content=\"2020-11-26T12:28:13+00:00\" \/>\n<meta property=\"og:image\" content=\"https:\/\/diariofemenino.com.ar\/df\/wp-content\/uploads\/2020\/11\/Invitacion-certamen-medios-1port.jpg\" \/>\n\t<meta property=\"og:image:width\" content=\"1180\" \/>\n\t<meta property=\"og:image:height\" content=\"830\" \/>\n\t<meta property=\"og:image:type\" content=\"image\/jpeg\" \/>\n<meta name=\"author\" content=\"Admin\" \/>\n<meta name=\"twitter:card\" content=\"summary_large_image\" \/>\n<meta name=\"twitter:creator\" content=\"@DiarioFemenino1\" \/>\n<meta name=\"twitter:site\" content=\"@DiarioFemenino1\" \/>\n<meta name=\"twitter:label1\" content=\"Escrito por\" \/>\n\t<meta name=\"twitter:data1\" content=\"Admin\" \/>\n\t<meta name=\"twitter:label2\" content=\"Tiempo de lectura\" \/>\n\t<meta name=\"twitter:data2\" content=\"1 minuto\" \/>\n<script type=\"application\/ld+json\" class=\"yoast-schema-graph\">{\"@context\":\"https:\\\/\\\/schema.org\",\"@graph\":[{\"@type\":\"Article\",\"@id\":\"https:\\\/\\\/diariofemenino.com.ar\\\/df\\\/certamen-solidario-de-microrrelatos\\\/#article\",\"isPartOf\":{\"@id\":\"https:\\\/\\\/diariofemenino.com.ar\\\/df\\\/certamen-solidario-de-microrrelatos\\\/\"},\"author\":{\"name\":\"Admin\",\"@id\":\"https:\\\/\\\/diariofemenino.com.ar\\\/df\\\/#\\\/schema\\\/person\\\/38f54b3bfd13f561de2460ba95c169c6\"},\"headline\":\"Certamen Solidario de Microrrelatos\",\"datePublished\":\"2020-11-26T12:28:13+00:00\",\"mainEntityOfPage\":{\"@id\":\"https:\\\/\\\/diariofemenino.com.ar\\\/df\\\/certamen-solidario-de-microrrelatos\\\/\"},\"wordCount\":234,\"commentCount\":0,\"publisher\":{\"@id\":\"https:\\\/\\\/diariofemenino.com.ar\\\/df\\\/#organization\"},\"image\":{\"@id\":\"https:\\\/\\\/diariofemenino.com.ar\\\/df\\\/certamen-solidario-de-microrrelatos\\\/#primaryimage\"},\"thumbnailUrl\":\"https:\\\/\\\/diariofemenino.com.ar\\\/df\\\/wp-content\\\/uploads\\\/2020\\\/11\\\/Invitacion-certamen-medios-1port.jpg\",\"keywords\":[\"Certamen Solidario\",\"Editorial 7Sellos\",\"Microrrelatos\"],\"articleSection\":[\"Actividades\"],\"inLanguage\":\"es\",\"potentialAction\":[{\"@type\":\"CommentAction\",\"name\":\"Comment\",\"target\":[\"https:\\\/\\\/diariofemenino.com.ar\\\/df\\\/certamen-solidario-de-microrrelatos\\\/#respond\"]}]},{\"@type\":\"WebPage\",\"@id\":\"https:\\\/\\\/diariofemenino.com.ar\\\/df\\\/certamen-solidario-de-microrrelatos\\\/\",\"url\":\"https:\\\/\\\/diariofemenino.com.ar\\\/df\\\/certamen-solidario-de-microrrelatos\\\/\",\"name\":\"Certamen Solidario de Microrrelatos - Diario Digital Femenino\",\"isPartOf\":{\"@id\":\"https:\\\/\\\/diariofemenino.com.ar\\\/df\\\/#website\"},\"primaryImageOfPage\":{\"@id\":\"https:\\\/\\\/diariofemenino.com.ar\\\/df\\\/certamen-solidario-de-microrrelatos\\\/#primaryimage\"},\"image\":{\"@id\":\"https:\\\/\\\/diariofemenino.com.ar\\\/df\\\/certamen-solidario-de-microrrelatos\\\/#primaryimage\"},\"thumbnailUrl\":\"https:\\\/\\\/diariofemenino.com.ar\\\/df\\\/wp-content\\\/uploads\\\/2020\\\/11\\\/Invitacion-certamen-medios-1port.jpg\",\"datePublished\":\"2020-11-26T12:28:13+00:00\",\"description\":\"Certamen Solidario de Microrrelatos. Se recibieron alrededor de 400 microrrelatos sobre todas las categorias de personas de todas partes del mundo.\",\"breadcrumb\":{\"@id\":\"https:\\\/\\\/diariofemenino.com.ar\\\/df\\\/certamen-solidario-de-microrrelatos\\\/#breadcrumb\"},\"inLanguage\":\"es\",\"potentialAction\":[{\"@type\":\"ReadAction\",\"target\":[\"https:\\\/\\\/diariofemenino.com.ar\\\/df\\\/certamen-solidario-de-microrrelatos\\\/\"]}]},{\"@type\":\"ImageObject\",\"inLanguage\":\"es\",\"@id\":\"https:\\\/\\\/diariofemenino.com.ar\\\/df\\\/certamen-solidario-de-microrrelatos\\\/#primaryimage\",\"url\":\"https:\\\/\\\/diariofemenino.com.ar\\\/df\\\/wp-content\\\/uploads\\\/2020\\\/11\\\/Invitacion-certamen-medios-1port.jpg\",\"contentUrl\":\"https:\\\/\\\/diariofemenino.com.ar\\\/df\\\/wp-content\\\/uploads\\\/2020\\\/11\\\/Invitacion-certamen-medios-1port.jpg\",\"width\":1180,\"height\":830,\"caption\":\"Certamen Solidario de Microrrelatos\"},{\"@type\":\"BreadcrumbList\",\"@id\":\"https:\\\/\\\/diariofemenino.com.ar\\\/df\\\/certamen-solidario-de-microrrelatos\\\/#breadcrumb\",\"itemListElement\":[{\"@type\":\"ListItem\",\"position\":1,\"name\":\"Portada\",\"item\":\"https:\\\/\\\/diariofemenino.com.ar\\\/df\\\/\"},{\"@type\":\"ListItem\",\"position\":2,\"name\":\"Certamen Solidario de Microrrelatos\"}]},{\"@type\":\"WebSite\",\"@id\":\"https:\\\/\\\/diariofemenino.com.ar\\\/df\\\/#website\",\"url\":\"https:\\\/\\\/diariofemenino.com.ar\\\/df\\\/\",\"name\":\"Diario Digital Femenino\",\"description\":\"Cuesti\u00f3n de G\u00e9nero\",\"publisher\":{\"@id\":\"https:\\\/\\\/diariofemenino.com.ar\\\/df\\\/#organization\"},\"potentialAction\":[{\"@type\":\"SearchAction\",\"target\":{\"@type\":\"EntryPoint\",\"urlTemplate\":\"https:\\\/\\\/diariofemenino.com.ar\\\/df\\\/?s={search_term_string}\"},\"query-input\":{\"@type\":\"PropertyValueSpecification\",\"valueRequired\":true,\"valueName\":\"search_term_string\"}}],\"inLanguage\":\"es\"},{\"@type\":\"Organization\",\"@id\":\"https:\\\/\\\/diariofemenino.com.ar\\\/df\\\/#organization\",\"name\":\"Diario Femenino\",\"url\":\"https:\\\/\\\/diariofemenino.com.ar\\\/df\\\/\",\"logo\":{\"@type\":\"ImageObject\",\"inLanguage\":\"es\",\"@id\":\"https:\\\/\\\/diariofemenino.com.ar\\\/df\\\/#\\\/schema\\\/logo\\\/image\\\/\",\"url\":\"https:\\\/\\\/diariofemenino.com.ar\\\/df\\\/wp-content\\\/uploads\\\/2018\\\/10\\\/logo.png\",\"contentUrl\":\"https:\\\/\\\/diariofemenino.com.ar\\\/df\\\/wp-content\\\/uploads\\\/2018\\\/10\\\/logo.png\",\"width\":500,\"height\":92,\"caption\":\"Diario Femenino\"},\"image\":{\"@id\":\"https:\\\/\\\/diariofemenino.com.ar\\\/df\\\/#\\\/schema\\\/logo\\\/image\\\/\"},\"sameAs\":[\"https:\\\/\\\/www.facebook.com\\\/DiarioDigitaFemenino\\\/\",\"https:\\\/\\\/x.com\\\/DiarioFemenino1\"]},{\"@type\":\"Person\",\"@id\":\"https:\\\/\\\/diariofemenino.com.ar\\\/df\\\/#\\\/schema\\\/person\\\/38f54b3bfd13f561de2460ba95c169c6\",\"name\":\"Admin\",\"image\":{\"@type\":\"ImageObject\",\"inLanguage\":\"es\",\"@id\":\"https:\\\/\\\/diariofemenino.com.ar\\\/df\\\/wp-content\\\/uploads\\\/2018\\\/12\\\/favicon-150x150.jpg\",\"url\":\"https:\\\/\\\/diariofemenino.com.ar\\\/df\\\/wp-content\\\/uploads\\\/2018\\\/12\\\/favicon-150x150.jpg\",\"contentUrl\":\"https:\\\/\\\/diariofemenino.com.ar\\\/df\\\/wp-content\\\/uploads\\\/2018\\\/12\\\/favicon-150x150.jpg\",\"caption\":\"Admin\"},\"url\":\"https:\\\/\\\/diariofemenino.com.ar\\\/df\\\/author\\\/adm18df\\\/\"}]}<\/script>\n<!-- \/ Yoast SEO plugin. -->","yoast_head_json":{"title":"Certamen Solidario de Microrrelatos - Diario Digital Femenino","description":"Certamen Solidario de Microrrelatos. Se recibieron alrededor de 400 microrrelatos sobre todas las categorias de personas de todas partes del mundo.","robots":{"index":"index","follow":"follow","max-snippet":"max-snippet:-1","max-image-preview":"max-image-preview:large","max-video-preview":"max-video-preview:-1"},"canonical":"https:\/\/diariofemenino.com.ar\/df\/certamen-solidario-de-microrrelatos\/","og_locale":"es_ES","og_type":"article","og_title":"Certamen Solidario de Microrrelatos - Diario Digital Femenino","og_description":"Certamen Solidario de Microrrelatos. Se recibieron alrededor de 400 microrrelatos sobre todas las categorias de personas de todas partes del mundo.","og_url":"https:\/\/diariofemenino.com.ar\/df\/certamen-solidario-de-microrrelatos\/","og_site_name":"Diario Digital Femenino","article_publisher":"https:\/\/www.facebook.com\/DiarioDigitaFemenino\/","article_published_time":"2020-11-26T12:28:13+00:00","og_image":[{"width":1180,"height":830,"url":"https:\/\/diariofemenino.com.ar\/df\/wp-content\/uploads\/2020\/11\/Invitacion-certamen-medios-1port.jpg","type":"image\/jpeg"}],"author":"Admin","twitter_card":"summary_large_image","twitter_creator":"@DiarioFemenino1","twitter_site":"@DiarioFemenino1","twitter_misc":{"Escrito por":"Admin","Tiempo de lectura":"1 minuto"},"schema":{"@context":"https:\/\/schema.org","@graph":[{"@type":"Article","@id":"https:\/\/diariofemenino.com.ar\/df\/certamen-solidario-de-microrrelatos\/#article","isPartOf":{"@id":"https:\/\/diariofemenino.com.ar\/df\/certamen-solidario-de-microrrelatos\/"},"author":{"name":"Admin","@id":"https:\/\/diariofemenino.com.ar\/df\/#\/schema\/person\/38f54b3bfd13f561de2460ba95c169c6"},"headline":"Certamen Solidario de Microrrelatos","datePublished":"2020-11-26T12:28:13+00:00","mainEntityOfPage":{"@id":"https:\/\/diariofemenino.com.ar\/df\/certamen-solidario-de-microrrelatos\/"},"wordCount":234,"commentCount":0,"publisher":{"@id":"https:\/\/diariofemenino.com.ar\/df\/#organization"},"image":{"@id":"https:\/\/diariofemenino.com.ar\/df\/certamen-solidario-de-microrrelatos\/#primaryimage"},"thumbnailUrl":"https:\/\/diariofemenino.com.ar\/df\/wp-content\/uploads\/2020\/11\/Invitacion-certamen-medios-1port.jpg","keywords":["Certamen Solidario","Editorial 7Sellos","Microrrelatos"],"articleSection":["Actividades"],"inLanguage":"es","potentialAction":[{"@type":"CommentAction","name":"Comment","target":["https:\/\/diariofemenino.com.ar\/df\/certamen-solidario-de-microrrelatos\/#respond"]}]},{"@type":"WebPage","@id":"https:\/\/diariofemenino.com.ar\/df\/certamen-solidario-de-microrrelatos\/","url":"https:\/\/diariofemenino.com.ar\/df\/certamen-solidario-de-microrrelatos\/","name":"Certamen Solidario de Microrrelatos - Diario Digital Femenino","isPartOf":{"@id":"https:\/\/diariofemenino.com.ar\/df\/#website"},"primaryImageOfPage":{"@id":"https:\/\/diariofemenino.com.ar\/df\/certamen-solidario-de-microrrelatos\/#primaryimage"},"image":{"@id":"https:\/\/diariofemenino.com.ar\/df\/certamen-solidario-de-microrrelatos\/#primaryimage"},"thumbnailUrl":"https:\/\/diariofemenino.com.ar\/df\/wp-content\/uploads\/2020\/11\/Invitacion-certamen-medios-1port.jpg","datePublished":"2020-11-26T12:28:13+00:00","description":"Certamen Solidario de Microrrelatos. Se recibieron alrededor de 400 microrrelatos sobre todas las categorias de personas de todas partes del mundo.","breadcrumb":{"@id":"https:\/\/diariofemenino.com.ar\/df\/certamen-solidario-de-microrrelatos\/#breadcrumb"},"inLanguage":"es","potentialAction":[{"@type":"ReadAction","target":["https:\/\/diariofemenino.com.ar\/df\/certamen-solidario-de-microrrelatos\/"]}]},{"@type":"ImageObject","inLanguage":"es","@id":"https:\/\/diariofemenino.com.ar\/df\/certamen-solidario-de-microrrelatos\/#primaryimage","url":"https:\/\/diariofemenino.com.ar\/df\/wp-content\/uploads\/2020\/11\/Invitacion-certamen-medios-1port.jpg","contentUrl":"https:\/\/diariofemenino.com.ar\/df\/wp-content\/uploads\/2020\/11\/Invitacion-certamen-medios-1port.jpg","width":1180,"height":830,"caption":"Certamen Solidario de Microrrelatos"},{"@type":"BreadcrumbList","@id":"https:\/\/diariofemenino.com.ar\/df\/certamen-solidario-de-microrrelatos\/#breadcrumb","itemListElement":[{"@type":"ListItem","position":1,"name":"Portada","item":"https:\/\/diariofemenino.com.ar\/df\/"},{"@type":"ListItem","position":2,"name":"Certamen Solidario de Microrrelatos"}]},{"@type":"WebSite","@id":"https:\/\/diariofemenino.com.ar\/df\/#website","url":"https:\/\/diariofemenino.com.ar\/df\/","name":"Diario Digital Femenino","description":"Cuesti\u00f3n de G\u00e9nero","publisher":{"@id":"https:\/\/diariofemenino.com.ar\/df\/#organization"},"potentialAction":[{"@type":"SearchAction","target":{"@type":"EntryPoint","urlTemplate":"https:\/\/diariofemenino.com.ar\/df\/?s={search_term_string}"},"query-input":{"@type":"PropertyValueSpecification","valueRequired":true,"valueName":"search_term_string"}}],"inLanguage":"es"},{"@type":"Organization","@id":"https:\/\/diariofemenino.com.ar\/df\/#organization","name":"Diario Femenino","url":"https:\/\/diariofemenino.com.ar\/df\/","logo":{"@type":"ImageObject","inLanguage":"es","@id":"https:\/\/diariofemenino.com.ar\/df\/#\/schema\/logo\/image\/","url":"https:\/\/diariofemenino.com.ar\/df\/wp-content\/uploads\/2018\/10\/logo.png","contentUrl":"https:\/\/diariofemenino.com.ar\/df\/wp-content\/uploads\/2018\/10\/logo.png","width":500,"height":92,"caption":"Diario Femenino"},"image":{"@id":"https:\/\/diariofemenino.com.ar\/df\/#\/schema\/logo\/image\/"},"sameAs":["https:\/\/www.facebook.com\/DiarioDigitaFemenino\/","https:\/\/x.com\/DiarioFemenino1"]},{"@type":"Person","@id":"https:\/\/diariofemenino.com.ar\/df\/#\/schema\/person\/38f54b3bfd13f561de2460ba95c169c6","name":"Admin","image":{"@type":"ImageObject","inLanguage":"es","@id":"https:\/\/diariofemenino.com.ar\/df\/wp-content\/uploads\/2018\/12\/favicon-150x150.jpg","url":"https:\/\/diariofemenino.com.ar\/df\/wp-content\/uploads\/2018\/12\/favicon-150x150.jpg","contentUrl":"https:\/\/diariofemenino.com.ar\/df\/wp-content\/uploads\/2018\/12\/favicon-150x150.jpg","caption":"Admin"},"url":"https:\/\/diariofemenino.com.ar\/df\/author\/adm18df\/"}]}},"jetpack_featured_media_url":"https:\/\/diariofemenino.com.ar\/df\/wp-content\/uploads\/2020\/11\/Invitacion-certamen-medios-1port.jpg","jetpack_sharing_enabled":true,"rttpg_featured_image_url":{"full":["https:\/\/diariofemenino.com.ar\/df\/wp-content\/uploads\/2020\/11\/Invitacion-certamen-medios-1port.jpg",1180,830,false],"landscape":["https:\/\/diariofemenino.com.ar\/df\/wp-content\/uploads\/2020\/11\/Invitacion-certamen-medios-1port.jpg",1180,830,false],"portraits":["https:\/\/diariofemenino.com.ar\/df\/wp-content\/uploads\/2020\/11\/Invitacion-certamen-medios-1port.jpg",1180,830,false],"thumbnail":["https:\/\/diariofemenino.com.ar\/df\/wp-content\/uploads\/2020\/11\/Invitacion-certamen-medios-1port-150x150.jpg",150,150,true],"medium":["https:\/\/diariofemenino.com.ar\/df\/wp-content\/uploads\/2020\/11\/Invitacion-certamen-medios-1port-300x211.jpg",300,211,true],"large":["https:\/\/diariofemenino.com.ar\/df\/wp-content\/uploads\/2020\/11\/Invitacion-certamen-medios-1port-1024x720.jpg",1024,720,true],"1536x1536":["https:\/\/diariofemenino.com.ar\/df\/wp-content\/uploads\/2020\/11\/Invitacion-certamen-medios-1port.jpg",1180,830,false],"2048x2048":["https:\/\/diariofemenino.com.ar\/df\/wp-content\/uploads\/2020\/11\/Invitacion-certamen-medios-1port.jpg",1180,830,false]},"rttpg_author":{"display_name":"Admin","author_link":"https:\/\/diariofemenino.com.ar\/df\/author\/adm18df\/"},"rttpg_comment":0,"rttpg_category":"<a href=\"https:\/\/diariofemenino.com.ar\/df\/category\/actividades\/\" rel=\"category tag\">Actividades<\/a>","rttpg_excerpt":"7 Sellos Editorial Cooperativa realizar\u00e1 el pr\u00f3ximo viernes 27, a las 19:30, el acto de cierre del Certamen Solidario de Microrrelatos. Por la pandemia este a\u00f1o ser\u00e1 virtual, mediante la plataforma Zoom. La invitaci\u00f3n es de car\u00e1cter p\u00fablico por lo que quienes est\u00e9n interesados\/as pueden participar. El sello editorial ya lanz\u00f3 la venta de los&hellip;","_links":{"self":[{"href":"https:\/\/diariofemenino.com.ar\/df\/wp-json\/wp\/v2\/posts\/54108","targetHints":{"allow":["GET"]}}],"collection":[{"href":"https:\/\/diariofemenino.com.ar\/df\/wp-json\/wp\/v2\/posts"}],"about":[{"href":"https:\/\/diariofemenino.com.ar\/df\/wp-json\/wp\/v2\/types\/post"}],"author":[{"embeddable":true,"href":"https:\/\/diariofemenino.com.ar\/df\/wp-json\/wp\/v2\/users\/1"}],"replies":[{"embeddable":true,"href":"https:\/\/diariofemenino.com.ar\/df\/wp-json\/wp\/v2\/comments?post=54108"}],"version-history":[{"count":0,"href":"https:\/\/diariofemenino.com.ar\/df\/wp-json\/wp\/v2\/posts\/54108\/revisions"}],"wp:featuredmedia":[{"embeddable":true,"href":"https:\/\/diariofemenino.com.ar\/df\/wp-json\/wp\/v2\/media\/54109"}],"wp:attachment":[{"href":"https:\/\/diariofemenino.com.ar\/df\/wp-json\/wp\/v2\/media?parent=54108"}],"wp:term":[{"taxonomy":"category","embeddable":true,"href":"https:\/\/diariofemenino.com.ar\/df\/wp-json\/wp\/v2\/categories?post=54108"},{"taxonomy":"post_tag","embeddable":true,"href":"https:\/\/diariofemenino.com.ar\/df\/wp-json\/wp\/v2\/tags?post=54108"}],"curies":[{"name":"wp","href":"https:\/\/api.w.org\/{rel}","templated":true}]}}