{"id":53995,"date":"2020-11-19T11:14:33","date_gmt":"2020-11-19T14:14:33","guid":{"rendered":"https:\/\/diariofemenino.com.ar\/?p=53995"},"modified":"2020-11-19T11:14:33","modified_gmt":"2020-11-19T14:14:33","slug":"violencia-mediatica-transodiante-hacia-una-companera-de-la-mocha-celis","status":"publish","type":"post","link":"https:\/\/diariofemenino.com.ar\/df\/violencia-mediatica-transodiante-hacia-una-companera-de-la-mocha-celis\/","title":{"rendered":"Violencia medi\u00e1tica transodiante hacia una compa\u00f1era de la Mocha Celis"},"content":{"rendered":"<p>Violencia medi\u00e1tica transodiante<\/p>\n<p>El pasado 15 de noviembre, varios medios digitales levantaron una noticia con el titular \u201cDetuvieron a un hombre que usaba identidades robadas para alquilar departamentos y abrir cuentas bancarias\u201d. En las notas, se afirma que esta persona \u201cutiliz\u00f3 una imagen suya vestido de mujer\u201d y que \u201cen su vida personal se transviste\u201d (sic). Las notas fueron ilustradas con la imagen de un Documento Nacional de Identidad en el que se reconoce, a simple vista, el rostro de nuestra compa\u00f1era Viviana Gonz\u00e1lez, egresada del Bachillerato Popular Travesti-Trans Mocha Celis. <strong>Obviamente, el uso de su imagen se hizo sin su autorizaci\u00f3n y no tiene v\u00ednculo alguno con la noticia<\/strong>. La imagen fue publicada originalmente por Viviana hace meses, a prop\u00f3sito del aniversario de la promulgaci\u00f3n de la Ley de Identidad de G\u00e9nero.<\/p>\n<p>Por:\u00a0Mat\u00edas Soich* y\u00a0Manu Mireles*<\/p>\n<figure id=\"attachment_53997\" aria-describedby=\"caption-attachment-53997\" style=\"width: 900px\" class=\"wp-caption aligncenter\"><img loading=\"lazy\" decoding=\"async\" class=\"size-large wp-image-53997\" src=\"https:\/\/diariofemenino.com.ar\/df\/wp-content\/uploads\/2020\/11\/2-violencia-1754x877-1024x512.jpg\" alt=\"Violencia medi\u00e1tica transodiante hacia una compa\u00f1era de la Mocha Celis\" width=\"900\" height=\"450\" srcset=\"https:\/\/diariofemenino.com.ar\/df\/wp-content\/uploads\/2020\/11\/2-violencia-1754x877-1024x512.jpg 1024w, https:\/\/diariofemenino.com.ar\/df\/wp-content\/uploads\/2020\/11\/2-violencia-1754x877-300x150.jpg 300w, https:\/\/diariofemenino.com.ar\/df\/wp-content\/uploads\/2020\/11\/2-violencia-1754x877-768x384.jpg 768w, https:\/\/diariofemenino.com.ar\/df\/wp-content\/uploads\/2020\/11\/2-violencia-1754x877.jpg 1754w\" sizes=\"auto, (max-width: 900px) 100vw, 900px\" \/><figcaption id=\"caption-attachment-53997\" class=\"wp-caption-text\">Violencia medi\u00e1tica transodiante hacia una compa\u00f1era de la Mocha Celis<\/figcaption><\/figure>\n<p>En un acto de profunda injusticia, estos medios decidieron ilustrar una noticia acerca de un delito con la foto del DNI de una persona trans sin ning\u00fan v\u00ednculo con el episodio. El uso no autorizado de la imagen de Viviana produce una falsa asociaci\u00f3n entre su identidad y la de la persona investigada por los hechos delictivos. Junto con esto, las precisiones sobre el \u201cvestirse de mujer\u201d de esa persona -datos totalmente irrelevantes en relaci\u00f3n con el tema- profundizan la asociaci\u00f3n estereotipada entre travestismo y delito. <strong>As\u00ed, tanto la redacci\u00f3n de la noticia como el uso de la imagen criminalizan la identidad travesti-trans<\/strong>.<\/p>\n<p><strong>Se trata de un acto evidente de<\/strong> <strong><a href=\"https:\/\/diariofemenino.com.ar\/la-misoginia-de-los-medios\/\">violencia medi\u00e1tica<\/a> por motivos de g\u00e9nero<\/strong>, en tanto se difunden im\u00e1genes y estereotipos que, al construir patrones socioculturales que reproducen la desigualdad y legitiman la violencia, afectan directamente a uno de los grupos sexo-gen\u00e9ricos m\u00e1s vulnerados de la sociedad argentina como son las personas trans.<\/p>\n<p>\u201cMe siento horrible, siento que esto es un acto de transfobia. Encima publican mi DNI, me siento muy vulnerable, lastimada y perjudicada, porque las personas que vieron la noticia van a creer que es real. Si bien despu\u00e9s cuando hice el reclamo algunos medios bajaron las fotos, me parece que el da\u00f1o est\u00e1. <strong>Ni siquiera tuvieron la empat\u00eda de pedir disculpas\u201d, cuenta Viviana<\/strong>.<\/p>\n<p>Una vez m\u00e1s, la comunicaci\u00f3n masiva construye y reproduce estereotipos de g\u00e9nero que inscriben, en nuestros cuerpos y en nuestras identidades, distintos tipos de violencia. La impunidad con la que se manejan los medios masivos de comunicaci\u00f3n respecto de las consecuencias sociales y personales de sus actos, as\u00ed como la falta de registro que tiene gran parte de la sociedad sobre estos temas, resultan inaceptables.<\/p>\n<p>Hoy le pas\u00f3 a Viviana, quien cuenta con redes de contenci\u00f3n, amor y militancia. Pero nos preguntamos: \u00bfqu\u00e9 pasa cuando esto mismo le sucede a una travesti que no cuenta con esos recursos? \u00bfQu\u00e9 le pasar\u00e1 a la pr\u00f3xima persona trans cuya imagen se use arbitrariamente para ilustrar una noticia sobre delitos con los que nada tiene que ver? Sabemos con certeza que estar\u00e1 m\u00e1s expuesta a la agresi\u00f3n verbal y la violencia f\u00edsica, a recibir hostigamiento y golpes, incluso a ser subida a un patrullero y terminar en un calabozo o desaparecida. <strong>La violencia estructural contra las personas trans no es una abstracci\u00f3n, sino un encadenamiento concreto de acciones y omisiones con graves consecuencias sobre la vida de las personas<\/strong>. La comunicaci\u00f3n irresponsable y la difusi\u00f3n de estereotipos que criminalizan las identidades trans constituye uno de sus eslabones.<\/p>\n<p>Viviana Gonz\u00e1lez es expresidenta del Centro de Estudiantes del Bachillerato Mocha Celis, estudiante del Profesorado en Literatura y profesora de defensa personal feminista. Como parte de su activismo en la Mocha, ha dado una infinidad de notas y relatos en primera persona en los medios y en encuentros p\u00fablicos, y se ha presentado en diversos escenarios con \u201cLa Karateka\u201d, obra que relata la historia de su vida.<\/p>\n<p><strong>Desde la Mocha Celis repudiamos p\u00fablicamente este hecho y estamos acompa\u00f1ando a Viviana a realizar la denuncia por violencia medi\u00e1tica. Exigimos, como medida m\u00ednima de reparaci\u00f3n, una disculpa p\u00fablica y la capacitaci\u00f3n inmediata en perspectiva de g\u00e9nero de lxs periodistas responsables<\/strong>.<\/p>\n<p>*@matsoich *@personanobinaria<\/p>\n<p><a href=\"https:\/\/diariofemenino.com.ar\/\">Diario Digital Femenino<\/a><\/p>\n<p>&nbsp;<\/p>\n","protected":false},"excerpt":{"rendered":"<p>Violencia medi\u00e1tica transodiante El pasado 15 de noviembre, varios medios digitales levantaron una noticia con el titular \u201cDetuvieron a un hombre que usaba identidades robadas para alquilar departamentos y abrir cuentas bancarias\u201d. En las notas, se afirma que esta persona \u201cutiliz\u00f3 una imagen suya vestido de mujer\u201d y que \u201cen su vida personal se transviste\u201d [&hellip;]<\/p>\n","protected":false},"author":1,"featured_media":53998,"comment_status":"open","ping_status":"open","sticky":false,"template":"","format":"standard","meta":{"iawp_total_views":7,"footnotes":""},"categories":[7,592],"tags":[1593,1968,3598,49],"class_list":["post-53995","post","type-post","status-publish","format-standard","has-post-thumbnail","hentry","category-actividades","category-violencias","tag-comunicar-con-perspectiva-de-genero","tag-medios","tag-misoginia","tag-violencia-mediatica"],"nelio_content":{"autoShareEndMode":"never","automationSources":{"useCustomSentences":false,"customSentences":[]},"efiAlt":"","efiUrl":"","followers":[],"highlights":[],"isAutoShareEnabled":true,"networkImageIds":[],"permalinkQueryArgs":[],"series":[],"suggestedReferences":[]},"yoast_head":"<!-- This site is optimized with the Yoast SEO plugin v27.5 - https:\/\/yoast.com\/product\/yoast-seo-wordpress\/ -->\n<title>Violencia medi\u00e1tica transodiante hacia una compa\u00f1era de la Mocha Celis - Diario Digital Femenino<\/title>\n<meta name=\"description\" content=\"Violencia medi\u00e1tica transodiante. Estos medios decidieron ilustrar una noticia acerca de un delito con la foto del DNI de una persona trans\" \/>\n<meta name=\"robots\" content=\"index, follow, max-snippet:-1, max-image-preview:large, max-video-preview:-1\" \/>\n<link rel=\"canonical\" href=\"https:\/\/diariofemenino.com.ar\/df\/violencia-mediatica-transodiante-hacia-una-companera-de-la-mocha-celis\/\" \/>\n<meta property=\"og:locale\" content=\"es_ES\" \/>\n<meta property=\"og:type\" content=\"article\" \/>\n<meta property=\"og:title\" content=\"Violencia medi\u00e1tica transodiante hacia una compa\u00f1era de la Mocha Celis - Diario Digital Femenino\" \/>\n<meta property=\"og:description\" content=\"Violencia medi\u00e1tica transodiante. Estos medios decidieron ilustrar una noticia acerca de un delito con la foto del DNI de una persona trans\" \/>\n<meta property=\"og:url\" content=\"https:\/\/diariofemenino.com.ar\/df\/violencia-mediatica-transodiante-hacia-una-companera-de-la-mocha-celis\/\" \/>\n<meta property=\"og:site_name\" content=\"Diario Digital Femenino\" \/>\n<meta property=\"article:publisher\" content=\"https:\/\/www.facebook.com\/DiarioDigitaFemenino\/\" \/>\n<meta property=\"article:published_time\" content=\"2020-11-19T14:14:33+00:00\" \/>\n<meta property=\"og:image\" content=\"https:\/\/diariofemenino.com.ar\/df\/wp-content\/uploads\/2020\/11\/unnamed-1.jpg\" \/>\n\t<meta property=\"og:image:width\" content=\"512\" \/>\n\t<meta property=\"og:image:height\" content=\"243\" \/>\n\t<meta property=\"og:image:type\" content=\"image\/jpeg\" \/>\n<meta name=\"author\" content=\"Admin\" \/>\n<meta name=\"twitter:card\" content=\"summary_large_image\" \/>\n<meta name=\"twitter:creator\" content=\"@DiarioFemenino1\" \/>\n<meta name=\"twitter:site\" content=\"@DiarioFemenino1\" \/>\n<meta name=\"twitter:label1\" content=\"Escrito por\" \/>\n\t<meta name=\"twitter:data1\" content=\"Admin\" \/>\n\t<meta name=\"twitter:label2\" content=\"Tiempo de lectura\" \/>\n\t<meta name=\"twitter:data2\" content=\"4 minutos\" \/>\n<script type=\"application\/ld+json\" class=\"yoast-schema-graph\">{\"@context\":\"https:\\\/\\\/schema.org\",\"@graph\":[{\"@type\":\"Article\",\"@id\":\"https:\\\/\\\/diariofemenino.com.ar\\\/df\\\/violencia-mediatica-transodiante-hacia-una-companera-de-la-mocha-celis\\\/#article\",\"isPartOf\":{\"@id\":\"https:\\\/\\\/diariofemenino.com.ar\\\/df\\\/violencia-mediatica-transodiante-hacia-una-companera-de-la-mocha-celis\\\/\"},\"author\":{\"name\":\"Admin\",\"@id\":\"https:\\\/\\\/diariofemenino.com.ar\\\/df\\\/#\\\/schema\\\/person\\\/38f54b3bfd13f561de2460ba95c169c6\"},\"headline\":\"Violencia medi\u00e1tica transodiante hacia una compa\u00f1era de la Mocha Celis\",\"datePublished\":\"2020-11-19T14:14:33+00:00\",\"mainEntityOfPage\":{\"@id\":\"https:\\\/\\\/diariofemenino.com.ar\\\/df\\\/violencia-mediatica-transodiante-hacia-una-companera-de-la-mocha-celis\\\/\"},\"wordCount\":750,\"commentCount\":0,\"publisher\":{\"@id\":\"https:\\\/\\\/diariofemenino.com.ar\\\/df\\\/#organization\"},\"image\":{\"@id\":\"https:\\\/\\\/diariofemenino.com.ar\\\/df\\\/violencia-mediatica-transodiante-hacia-una-companera-de-la-mocha-celis\\\/#primaryimage\"},\"thumbnailUrl\":\"https:\\\/\\\/diariofemenino.com.ar\\\/df\\\/wp-content\\\/uploads\\\/2020\\\/11\\\/unnamed-1.jpg\",\"keywords\":[\"Comunicar con perspectiva de g\u00e9nero\",\"Medios\",\"Misoginia\",\"Violencia Medi\u00e1tica\"],\"articleSection\":[\"Actividades\",\"Violencias\"],\"inLanguage\":\"es\",\"potentialAction\":[{\"@type\":\"CommentAction\",\"name\":\"Comment\",\"target\":[\"https:\\\/\\\/diariofemenino.com.ar\\\/df\\\/violencia-mediatica-transodiante-hacia-una-companera-de-la-mocha-celis\\\/#respond\"]}]},{\"@type\":\"WebPage\",\"@id\":\"https:\\\/\\\/diariofemenino.com.ar\\\/df\\\/violencia-mediatica-transodiante-hacia-una-companera-de-la-mocha-celis\\\/\",\"url\":\"https:\\\/\\\/diariofemenino.com.ar\\\/df\\\/violencia-mediatica-transodiante-hacia-una-companera-de-la-mocha-celis\\\/\",\"name\":\"Violencia medi\u00e1tica transodiante hacia una compa\u00f1era de la Mocha Celis - Diario Digital Femenino\",\"isPartOf\":{\"@id\":\"https:\\\/\\\/diariofemenino.com.ar\\\/df\\\/#website\"},\"primaryImageOfPage\":{\"@id\":\"https:\\\/\\\/diariofemenino.com.ar\\\/df\\\/violencia-mediatica-transodiante-hacia-una-companera-de-la-mocha-celis\\\/#primaryimage\"},\"image\":{\"@id\":\"https:\\\/\\\/diariofemenino.com.ar\\\/df\\\/violencia-mediatica-transodiante-hacia-una-companera-de-la-mocha-celis\\\/#primaryimage\"},\"thumbnailUrl\":\"https:\\\/\\\/diariofemenino.com.ar\\\/df\\\/wp-content\\\/uploads\\\/2020\\\/11\\\/unnamed-1.jpg\",\"datePublished\":\"2020-11-19T14:14:33+00:00\",\"description\":\"Violencia medi\u00e1tica transodiante. Estos medios decidieron ilustrar una noticia acerca de un delito con la foto del DNI de una persona trans\",\"breadcrumb\":{\"@id\":\"https:\\\/\\\/diariofemenino.com.ar\\\/df\\\/violencia-mediatica-transodiante-hacia-una-companera-de-la-mocha-celis\\\/#breadcrumb\"},\"inLanguage\":\"es\",\"potentialAction\":[{\"@type\":\"ReadAction\",\"target\":[\"https:\\\/\\\/diariofemenino.com.ar\\\/df\\\/violencia-mediatica-transodiante-hacia-una-companera-de-la-mocha-celis\\\/\"]}]},{\"@type\":\"ImageObject\",\"inLanguage\":\"es\",\"@id\":\"https:\\\/\\\/diariofemenino.com.ar\\\/df\\\/violencia-mediatica-transodiante-hacia-una-companera-de-la-mocha-celis\\\/#primaryimage\",\"url\":\"https:\\\/\\\/diariofemenino.com.ar\\\/df\\\/wp-content\\\/uploads\\\/2020\\\/11\\\/unnamed-1.jpg\",\"contentUrl\":\"https:\\\/\\\/diariofemenino.com.ar\\\/df\\\/wp-content\\\/uploads\\\/2020\\\/11\\\/unnamed-1.jpg\",\"width\":512,\"height\":243,\"caption\":\"Violencia medi\u00e1tica transodiante hacia una compa\u00f1era de la Mocha Celis\"},{\"@type\":\"BreadcrumbList\",\"@id\":\"https:\\\/\\\/diariofemenino.com.ar\\\/df\\\/violencia-mediatica-transodiante-hacia-una-companera-de-la-mocha-celis\\\/#breadcrumb\",\"itemListElement\":[{\"@type\":\"ListItem\",\"position\":1,\"name\":\"Portada\",\"item\":\"https:\\\/\\\/diariofemenino.com.ar\\\/df\\\/\"},{\"@type\":\"ListItem\",\"position\":2,\"name\":\"Violencia medi\u00e1tica transodiante hacia una compa\u00f1era de la Mocha Celis\"}]},{\"@type\":\"WebSite\",\"@id\":\"https:\\\/\\\/diariofemenino.com.ar\\\/df\\\/#website\",\"url\":\"https:\\\/\\\/diariofemenino.com.ar\\\/df\\\/\",\"name\":\"Diario Digital Femenino\",\"description\":\"Cuesti\u00f3n de G\u00e9nero\",\"publisher\":{\"@id\":\"https:\\\/\\\/diariofemenino.com.ar\\\/df\\\/#organization\"},\"potentialAction\":[{\"@type\":\"SearchAction\",\"target\":{\"@type\":\"EntryPoint\",\"urlTemplate\":\"https:\\\/\\\/diariofemenino.com.ar\\\/df\\\/?s={search_term_string}\"},\"query-input\":{\"@type\":\"PropertyValueSpecification\",\"valueRequired\":true,\"valueName\":\"search_term_string\"}}],\"inLanguage\":\"es\"},{\"@type\":\"Organization\",\"@id\":\"https:\\\/\\\/diariofemenino.com.ar\\\/df\\\/#organization\",\"name\":\"Diario Femenino\",\"url\":\"https:\\\/\\\/diariofemenino.com.ar\\\/df\\\/\",\"logo\":{\"@type\":\"ImageObject\",\"inLanguage\":\"es\",\"@id\":\"https:\\\/\\\/diariofemenino.com.ar\\\/df\\\/#\\\/schema\\\/logo\\\/image\\\/\",\"url\":\"https:\\\/\\\/diariofemenino.com.ar\\\/df\\\/wp-content\\\/uploads\\\/2018\\\/10\\\/logo.png\",\"contentUrl\":\"https:\\\/\\\/diariofemenino.com.ar\\\/df\\\/wp-content\\\/uploads\\\/2018\\\/10\\\/logo.png\",\"width\":500,\"height\":92,\"caption\":\"Diario Femenino\"},\"image\":{\"@id\":\"https:\\\/\\\/diariofemenino.com.ar\\\/df\\\/#\\\/schema\\\/logo\\\/image\\\/\"},\"sameAs\":[\"https:\\\/\\\/www.facebook.com\\\/DiarioDigitaFemenino\\\/\",\"https:\\\/\\\/x.com\\\/DiarioFemenino1\"]},{\"@type\":\"Person\",\"@id\":\"https:\\\/\\\/diariofemenino.com.ar\\\/df\\\/#\\\/schema\\\/person\\\/38f54b3bfd13f561de2460ba95c169c6\",\"name\":\"Admin\",\"image\":{\"@type\":\"ImageObject\",\"inLanguage\":\"es\",\"@id\":\"https:\\\/\\\/diariofemenino.com.ar\\\/df\\\/wp-content\\\/uploads\\\/2018\\\/12\\\/favicon-150x150.jpg\",\"url\":\"https:\\\/\\\/diariofemenino.com.ar\\\/df\\\/wp-content\\\/uploads\\\/2018\\\/12\\\/favicon-150x150.jpg\",\"contentUrl\":\"https:\\\/\\\/diariofemenino.com.ar\\\/df\\\/wp-content\\\/uploads\\\/2018\\\/12\\\/favicon-150x150.jpg\",\"caption\":\"Admin\"},\"url\":\"https:\\\/\\\/diariofemenino.com.ar\\\/df\\\/author\\\/adm18df\\\/\"}]}<\/script>\n<!-- \/ Yoast SEO plugin. -->","yoast_head_json":{"title":"Violencia medi\u00e1tica transodiante hacia una compa\u00f1era de la Mocha Celis - Diario Digital Femenino","description":"Violencia medi\u00e1tica transodiante. Estos medios decidieron ilustrar una noticia acerca de un delito con la foto del DNI de una persona trans","robots":{"index":"index","follow":"follow","max-snippet":"max-snippet:-1","max-image-preview":"max-image-preview:large","max-video-preview":"max-video-preview:-1"},"canonical":"https:\/\/diariofemenino.com.ar\/df\/violencia-mediatica-transodiante-hacia-una-companera-de-la-mocha-celis\/","og_locale":"es_ES","og_type":"article","og_title":"Violencia medi\u00e1tica transodiante hacia una compa\u00f1era de la Mocha Celis - Diario Digital Femenino","og_description":"Violencia medi\u00e1tica transodiante. Estos medios decidieron ilustrar una noticia acerca de un delito con la foto del DNI de una persona trans","og_url":"https:\/\/diariofemenino.com.ar\/df\/violencia-mediatica-transodiante-hacia-una-companera-de-la-mocha-celis\/","og_site_name":"Diario Digital Femenino","article_publisher":"https:\/\/www.facebook.com\/DiarioDigitaFemenino\/","article_published_time":"2020-11-19T14:14:33+00:00","og_image":[{"width":512,"height":243,"url":"https:\/\/diariofemenino.com.ar\/df\/wp-content\/uploads\/2020\/11\/unnamed-1.jpg","type":"image\/jpeg"}],"author":"Admin","twitter_card":"summary_large_image","twitter_creator":"@DiarioFemenino1","twitter_site":"@DiarioFemenino1","twitter_misc":{"Escrito por":"Admin","Tiempo de lectura":"4 minutos"},"schema":{"@context":"https:\/\/schema.org","@graph":[{"@type":"Article","@id":"https:\/\/diariofemenino.com.ar\/df\/violencia-mediatica-transodiante-hacia-una-companera-de-la-mocha-celis\/#article","isPartOf":{"@id":"https:\/\/diariofemenino.com.ar\/df\/violencia-mediatica-transodiante-hacia-una-companera-de-la-mocha-celis\/"},"author":{"name":"Admin","@id":"https:\/\/diariofemenino.com.ar\/df\/#\/schema\/person\/38f54b3bfd13f561de2460ba95c169c6"},"headline":"Violencia medi\u00e1tica transodiante hacia una compa\u00f1era de la Mocha Celis","datePublished":"2020-11-19T14:14:33+00:00","mainEntityOfPage":{"@id":"https:\/\/diariofemenino.com.ar\/df\/violencia-mediatica-transodiante-hacia-una-companera-de-la-mocha-celis\/"},"wordCount":750,"commentCount":0,"publisher":{"@id":"https:\/\/diariofemenino.com.ar\/df\/#organization"},"image":{"@id":"https:\/\/diariofemenino.com.ar\/df\/violencia-mediatica-transodiante-hacia-una-companera-de-la-mocha-celis\/#primaryimage"},"thumbnailUrl":"https:\/\/diariofemenino.com.ar\/df\/wp-content\/uploads\/2020\/11\/unnamed-1.jpg","keywords":["Comunicar con perspectiva de g\u00e9nero","Medios","Misoginia","Violencia Medi\u00e1tica"],"articleSection":["Actividades","Violencias"],"inLanguage":"es","potentialAction":[{"@type":"CommentAction","name":"Comment","target":["https:\/\/diariofemenino.com.ar\/df\/violencia-mediatica-transodiante-hacia-una-companera-de-la-mocha-celis\/#respond"]}]},{"@type":"WebPage","@id":"https:\/\/diariofemenino.com.ar\/df\/violencia-mediatica-transodiante-hacia-una-companera-de-la-mocha-celis\/","url":"https:\/\/diariofemenino.com.ar\/df\/violencia-mediatica-transodiante-hacia-una-companera-de-la-mocha-celis\/","name":"Violencia medi\u00e1tica transodiante hacia una compa\u00f1era de la Mocha Celis - Diario Digital Femenino","isPartOf":{"@id":"https:\/\/diariofemenino.com.ar\/df\/#website"},"primaryImageOfPage":{"@id":"https:\/\/diariofemenino.com.ar\/df\/violencia-mediatica-transodiante-hacia-una-companera-de-la-mocha-celis\/#primaryimage"},"image":{"@id":"https:\/\/diariofemenino.com.ar\/df\/violencia-mediatica-transodiante-hacia-una-companera-de-la-mocha-celis\/#primaryimage"},"thumbnailUrl":"https:\/\/diariofemenino.com.ar\/df\/wp-content\/uploads\/2020\/11\/unnamed-1.jpg","datePublished":"2020-11-19T14:14:33+00:00","description":"Violencia medi\u00e1tica transodiante. Estos medios decidieron ilustrar una noticia acerca de un delito con la foto del DNI de una persona trans","breadcrumb":{"@id":"https:\/\/diariofemenino.com.ar\/df\/violencia-mediatica-transodiante-hacia-una-companera-de-la-mocha-celis\/#breadcrumb"},"inLanguage":"es","potentialAction":[{"@type":"ReadAction","target":["https:\/\/diariofemenino.com.ar\/df\/violencia-mediatica-transodiante-hacia-una-companera-de-la-mocha-celis\/"]}]},{"@type":"ImageObject","inLanguage":"es","@id":"https:\/\/diariofemenino.com.ar\/df\/violencia-mediatica-transodiante-hacia-una-companera-de-la-mocha-celis\/#primaryimage","url":"https:\/\/diariofemenino.com.ar\/df\/wp-content\/uploads\/2020\/11\/unnamed-1.jpg","contentUrl":"https:\/\/diariofemenino.com.ar\/df\/wp-content\/uploads\/2020\/11\/unnamed-1.jpg","width":512,"height":243,"caption":"Violencia medi\u00e1tica transodiante hacia una compa\u00f1era de la Mocha Celis"},{"@type":"BreadcrumbList","@id":"https:\/\/diariofemenino.com.ar\/df\/violencia-mediatica-transodiante-hacia-una-companera-de-la-mocha-celis\/#breadcrumb","itemListElement":[{"@type":"ListItem","position":1,"name":"Portada","item":"https:\/\/diariofemenino.com.ar\/df\/"},{"@type":"ListItem","position":2,"name":"Violencia medi\u00e1tica transodiante hacia una compa\u00f1era de la Mocha Celis"}]},{"@type":"WebSite","@id":"https:\/\/diariofemenino.com.ar\/df\/#website","url":"https:\/\/diariofemenino.com.ar\/df\/","name":"Diario Digital Femenino","description":"Cuesti\u00f3n de G\u00e9nero","publisher":{"@id":"https:\/\/diariofemenino.com.ar\/df\/#organization"},"potentialAction":[{"@type":"SearchAction","target":{"@type":"EntryPoint","urlTemplate":"https:\/\/diariofemenino.com.ar\/df\/?s={search_term_string}"},"query-input":{"@type":"PropertyValueSpecification","valueRequired":true,"valueName":"search_term_string"}}],"inLanguage":"es"},{"@type":"Organization","@id":"https:\/\/diariofemenino.com.ar\/df\/#organization","name":"Diario Femenino","url":"https:\/\/diariofemenino.com.ar\/df\/","logo":{"@type":"ImageObject","inLanguage":"es","@id":"https:\/\/diariofemenino.com.ar\/df\/#\/schema\/logo\/image\/","url":"https:\/\/diariofemenino.com.ar\/df\/wp-content\/uploads\/2018\/10\/logo.png","contentUrl":"https:\/\/diariofemenino.com.ar\/df\/wp-content\/uploads\/2018\/10\/logo.png","width":500,"height":92,"caption":"Diario Femenino"},"image":{"@id":"https:\/\/diariofemenino.com.ar\/df\/#\/schema\/logo\/image\/"},"sameAs":["https:\/\/www.facebook.com\/DiarioDigitaFemenino\/","https:\/\/x.com\/DiarioFemenino1"]},{"@type":"Person","@id":"https:\/\/diariofemenino.com.ar\/df\/#\/schema\/person\/38f54b3bfd13f561de2460ba95c169c6","name":"Admin","image":{"@type":"ImageObject","inLanguage":"es","@id":"https:\/\/diariofemenino.com.ar\/df\/wp-content\/uploads\/2018\/12\/favicon-150x150.jpg","url":"https:\/\/diariofemenino.com.ar\/df\/wp-content\/uploads\/2018\/12\/favicon-150x150.jpg","contentUrl":"https:\/\/diariofemenino.com.ar\/df\/wp-content\/uploads\/2018\/12\/favicon-150x150.jpg","caption":"Admin"},"url":"https:\/\/diariofemenino.com.ar\/df\/author\/adm18df\/"}]}},"jetpack_featured_media_url":"https:\/\/diariofemenino.com.ar\/df\/wp-content\/uploads\/2020\/11\/unnamed-1.jpg","jetpack_sharing_enabled":true,"rttpg_featured_image_url":{"full":["https:\/\/diariofemenino.com.ar\/df\/wp-content\/uploads\/2020\/11\/unnamed-1.jpg",512,243,false],"landscape":["https:\/\/diariofemenino.com.ar\/df\/wp-content\/uploads\/2020\/11\/unnamed-1.jpg",512,243,false],"portraits":["https:\/\/diariofemenino.com.ar\/df\/wp-content\/uploads\/2020\/11\/unnamed-1.jpg",512,243,false],"thumbnail":["https:\/\/diariofemenino.com.ar\/df\/wp-content\/uploads\/2020\/11\/unnamed-1-150x150.jpg",150,150,true],"medium":["https:\/\/diariofemenino.com.ar\/df\/wp-content\/uploads\/2020\/11\/unnamed-1-300x142.jpg",300,142,true],"large":["https:\/\/diariofemenino.com.ar\/df\/wp-content\/uploads\/2020\/11\/unnamed-1.jpg",512,243,false],"1536x1536":["https:\/\/diariofemenino.com.ar\/df\/wp-content\/uploads\/2020\/11\/unnamed-1.jpg",512,243,false],"2048x2048":["https:\/\/diariofemenino.com.ar\/df\/wp-content\/uploads\/2020\/11\/unnamed-1.jpg",512,243,false]},"rttpg_author":{"display_name":"Admin","author_link":"https:\/\/diariofemenino.com.ar\/df\/author\/adm18df\/"},"rttpg_comment":0,"rttpg_category":"<a href=\"https:\/\/diariofemenino.com.ar\/df\/category\/actividades\/\" rel=\"category tag\">Actividades<\/a> <a href=\"https:\/\/diariofemenino.com.ar\/df\/category\/violencias\/\" rel=\"category tag\">Violencias<\/a>","rttpg_excerpt":"Violencia medi\u00e1tica transodiante El pasado 15 de noviembre, varios medios digitales levantaron una noticia con el titular \u201cDetuvieron a un hombre que usaba identidades robadas para alquilar departamentos y abrir cuentas bancarias\u201d. En las notas, se afirma que esta persona \u201cutiliz\u00f3 una imagen suya vestido de mujer\u201d y que \u201cen su vida personal se transviste\u201d&hellip;","_links":{"self":[{"href":"https:\/\/diariofemenino.com.ar\/df\/wp-json\/wp\/v2\/posts\/53995","targetHints":{"allow":["GET"]}}],"collection":[{"href":"https:\/\/diariofemenino.com.ar\/df\/wp-json\/wp\/v2\/posts"}],"about":[{"href":"https:\/\/diariofemenino.com.ar\/df\/wp-json\/wp\/v2\/types\/post"}],"author":[{"embeddable":true,"href":"https:\/\/diariofemenino.com.ar\/df\/wp-json\/wp\/v2\/users\/1"}],"replies":[{"embeddable":true,"href":"https:\/\/diariofemenino.com.ar\/df\/wp-json\/wp\/v2\/comments?post=53995"}],"version-history":[{"count":0,"href":"https:\/\/diariofemenino.com.ar\/df\/wp-json\/wp\/v2\/posts\/53995\/revisions"}],"wp:featuredmedia":[{"embeddable":true,"href":"https:\/\/diariofemenino.com.ar\/df\/wp-json\/wp\/v2\/media\/53998"}],"wp:attachment":[{"href":"https:\/\/diariofemenino.com.ar\/df\/wp-json\/wp\/v2\/media?parent=53995"}],"wp:term":[{"taxonomy":"category","embeddable":true,"href":"https:\/\/diariofemenino.com.ar\/df\/wp-json\/wp\/v2\/categories?post=53995"},{"taxonomy":"post_tag","embeddable":true,"href":"https:\/\/diariofemenino.com.ar\/df\/wp-json\/wp\/v2\/tags?post=53995"}],"curies":[{"name":"wp","href":"https:\/\/api.w.org\/{rel}","templated":true}]}}