{"id":53854,"date":"2020-11-14T11:18:03","date_gmt":"2020-11-14T14:18:03","guid":{"rendered":"https:\/\/diariofemenino.com.ar\/?p=53854"},"modified":"2020-11-14T11:36:44","modified_gmt":"2020-11-14T14:36:44","slug":"nacion-lanzo-un-concurso-para-hacer-una-escultura-de-la-madre-de-la-patria","status":"publish","type":"post","link":"https:\/\/diariofemenino.com.ar\/df\/nacion-lanzo-un-concurso-para-hacer-una-escultura-de-la-madre-de-la-patria\/","title":{"rendered":"Naci\u00f3n lanz\u00f3 un concurso para hacer una escultura de la \u00abMadre de la Patria\u00bb"},"content":{"rendered":"<p>Naci\u00f3n lanz\u00f3 un concurso<\/p>\n<p>El Gobierno lanz\u00f3 un\u00a0concurso\u00a0para homenajear con una escultura a la afrodescendiente\u00a0Mar\u00eda Remedios del Valle, conocida como la\u00a0<strong>\u00ab<a href=\"https:\/\/www.noticiasargentinas.com.ar\/madre-la-patria-a6511\">\u00a0<\/a><\/strong>Madre de la Patria<strong>\u00ab<\/strong>, y el ganador se llevar\u00e1 un premio de\u00a0<strong>850<\/strong>\u00a0<strong>mil pesos.<\/strong><\/p>\n<figure id=\"attachment_53856\" aria-describedby=\"caption-attachment-53856\" style=\"width: 395px\" class=\"wp-caption aligncenter\"><img loading=\"lazy\" decoding=\"async\" class=\" wp-image-53856\" src=\"https:\/\/diariofemenino.com.ar\/df\/wp-content\/uploads\/2020\/11\/01-1024x1024.png\" alt=\"Naci\u00f3n lanz\u00f3 un concurso para hacer una escultura de la \u00abMadre de la Patria\u00bb\" width=\"395\" height=\"395\" srcset=\"https:\/\/diariofemenino.com.ar\/df\/wp-content\/uploads\/2020\/11\/01-1024x1024.png 1024w, https:\/\/diariofemenino.com.ar\/df\/wp-content\/uploads\/2020\/11\/01-150x150.png 150w, https:\/\/diariofemenino.com.ar\/df\/wp-content\/uploads\/2020\/11\/01-300x300.png 300w, https:\/\/diariofemenino.com.ar\/df\/wp-content\/uploads\/2020\/11\/01-768x768.png 768w, https:\/\/diariofemenino.com.ar\/df\/wp-content\/uploads\/2020\/11\/01.png 1280w\" sizes=\"auto, (max-width: 395px) 100vw, 395px\" \/><figcaption id=\"caption-attachment-53856\" class=\"wp-caption-text\">Naci\u00f3n lanz\u00f3 un concurso para hacer una escultura de la \u00abMadre de la Patria\u00bb<\/figcaption><\/figure>\n<p>A trav\u00e9s de la\u00a0<strong>Resoluci\u00f3n 452\/2020,<\/strong>\u00a0publicada este viernes en el\u00a0<strong>Bolet\u00edn Oficial,<\/strong>\u00a0el\u00a0<strong>Ministerio de Cultura\u00a0<\/strong>aprob\u00f3 las bases y condiciones del concurso para crear una escultura que represente a la sargento mayor que particip\u00f3 de la campa\u00f1a militar al\u00a0<strong>Alto Per\u00fa<\/strong>\u00a0junto al general\u00a0<strong>Manuel Belgrano.<\/strong><\/p>\n<p>Mar\u00eda Remedios del Valle, tambi\u00e9n conocida como una de las\u00a0<strong>\u00abni\u00f1as de Ayohuma\u00bb<\/strong>, fue una afrodescendiente nacida en\u00a0<strong>Buenos Aires<\/strong>\u00a0en\u00a0<strong>1766<\/strong>\u00a0que form\u00f3 parte del Ej\u00e9rcito liderado por Belgrano:<strong>\u00a0ofici\u00f3 de cocinera, enfermera, ayudante y militar.<\/strong><\/p>\n<p>En la derrota de la\u00a0<strong>Batalla<\/strong>\u00a0<strong>de Ayohuma<\/strong>\u00a0\u00abla parda Mar\u00eda\u00bb, como se la menciona en algunos escritos militares, fue tomada prisionera y condenada a ser azotada p\u00fablicamente durante nueve d\u00edas: sin embargo, pudo escapar y regresar a las filas del Ej\u00e9rcito del creador de la Bandera.<\/p>\n<p>La afrodescendiente recibi\u00f3 seis heridas graves de bala, que le sirvieron como prueba ante las autoridades para reclamar su grado de sargenta mayor:\u00a0<strong>muri\u00f3 el 8 de noviembre de 1847.<\/strong><\/p>\n<p>En abril de\u00a0<strong>2013,<\/strong>\u00a0el\u00a0<strong>Congreso<\/strong>\u00a0sancion\u00f3 la\u00a0<strong>Ley 26.852,<\/strong>\u00a0que estableci\u00f3 que cada\u00a0<strong>8 de noviembre\u00a0<\/strong>se conmemore el\u00a0<strong>D\u00eda Nacional de los afrodescendientes y de la cultura afro<\/strong>. (<a href=\"https:\/\/www.noticiasargentinas.com.ar\/\">NA<\/a>).<\/p>\n<p><a href=\"http:\/\/www.laarena.com.ar\/el_pais-nacion-lanzo-un-concurso-para-hacer-una-escultura-de-la-madre-de-la-patria-2142845-113.html\">La Arena<\/a><br \/>\nIlustraci\u00f3n <a href=\"https:\/\/diariofemenino.com.ar\/no-nacimos-ayer\/\">Ro Ferrer<\/a><\/p>\n<hr \/>\n<p><strong><a href=\"https:\/\/diariofemenino.com.ar\/maria-remedios-del-valle-la-madre-de-la-patria\/\">Mar\u00eda Remedios del Valle<\/a> [1]<\/strong><\/p>\n<p>Es reconocido el papel de las mujeres al cuidado de heridos en los frentes de batalla, como es el caso de las c\u00e9lebres \u201cni\u00f1as de Ayohuma\u201d y m\u00e1s precisamente el de una liberta y por lo tanto negra. Lamadrid no duda en llamar a esta argentina de origen africano como \u201cla Madre de la Patria\u201d. Lo que se menciona menos es que, en muchos casos, estas mujeres acompa\u00f1aban a los ej\u00e9rcitos y que su participaci\u00f3n a veces exced\u00eda el de \u201cauxiliares\u201d, vivanderas, enfermeras, esposas y concubinas de soldados y oficiales.<\/p>\n<p>Justamente, el caso de Ayohuma, terrible derrota para las fuerzas patriotas conducidas por Belgrano en 1813, muestra la presencia entre esas mujeres de una\u00a0<em>morena<\/em>\u00a0porte\u00f1a que estaba \u201cenlistada\u201d en el Ej\u00e9rcito del Norte desde tres a\u00f1os antes. Se llamaba Mar\u00eda Remedios del Valle y desde el 6 de julio de 1810, cuando parti\u00f3 la primera expedici\u00f3n destinada al Alto Per\u00fa al mando de Ortiz de Ocampo, acompa\u00f1\u00f3 a su marido, a un hijo de la sangre y a otro adoptivo, del coraz\u00f3n, los tres muertos en esas acciones. La \u201cparda\u201d Mar\u00eda, como se la menciona en algunos partes militares, combati\u00f3 en Huaqui (julio de 1811), vivi\u00f3 las peripecias de esa tr\u00e1gica retirada del Alto Per\u00fa y luego el \u00e9xodo juje\u00f1o. Volvi\u00f3 a combatir en las gloriosas victorias de Tucum\u00e1n y Salta y en las tr\u00e1gicas derrotas de Vilcapugio y Ayohuma, siempre junto a su general Belgrano que la hab\u00eda nombrado capitana, siempre con un grito de aliento, curando heridos, sacando fuerzas de donde ya no hab\u00eda. All\u00ed se fue desgarrando con la p\u00e9rdida de su marido y sus hijos. En esta \u00faltima batalla fue tomada prisionera por los realistas Pezuela, Ram\u00edrez y Tac\u00f3n, que la condenaron a ser azotada p\u00fablicamente a lo largo de nueve d\u00edas. Pero Mar\u00eda pudo fugarse de sus verdugos y reintegrarse a la lucha contra el enemigo operando como correo en el peligroso territorio ocupado por los invasores. El expediente que transcribimos a continuaci\u00f3n se\u00f1ala, entre otras cosas, que estuvo siete veces en capilla, o sea a punto de ser fusilada, y que a lo largo de su carrera militar recibi\u00f3 seis heridas graves de bala. No fue f\u00e1cil que las autoridades de Buenos Aires le reconocieran el grado de capitana, con el sueldo correspondiente, pero lo logr\u00f3 aunque luego de la independencia, como ocurri\u00f3 con tantas otras y tantos otros patriotas, el Estado dej\u00f3 de pag\u00e1rselo\u2026<\/p>\n<p>&nbsp;<\/p>\n<p><strong>[1]<\/strong>\u00a0Felipe Pigna,\u00a0<em>Mujeres ten\u00edan que ser. Historia de nuestras desobedientes, incorrectas, rebeldes y luchadoras. Desde los or\u00edgenes hasta 1930<\/em>, Buenos Aires, Planeta, 2011, p\u00e1gs. 198-202.<\/p>\n","protected":false},"excerpt":{"rendered":"<p>Naci\u00f3n lanz\u00f3 un concurso El Gobierno lanz\u00f3 un\u00a0concurso\u00a0para homenajear con una escultura a la afrodescendiente\u00a0Mar\u00eda Remedios del Valle, conocida como la\u00a0\u00ab\u00a0Madre de la Patria\u00ab, y el ganador se llevar\u00e1 un premio de\u00a0850\u00a0mil pesos. A trav\u00e9s de la\u00a0Resoluci\u00f3n 452\/2020,\u00a0publicada este viernes en el\u00a0Bolet\u00edn Oficial,\u00a0el\u00a0Ministerio de Cultura\u00a0aprob\u00f3 las bases y condiciones del concurso para crear una escultura [&hellip;]<\/p>\n","protected":false},"author":4,"featured_media":53860,"comment_status":"open","ping_status":"open","sticky":false,"template":"","format":"standard","meta":{"iawp_total_views":20,"footnotes":""},"categories":[1067,32,580],"tags":[3818,3819,2914],"class_list":["post-53854","post","type-post","status-publish","format-standard","has-post-thumbnail","hentry","category-agenda-feminista","category-mujeres","category-resistencia-verdevioleta","tag-escultura","tag-homenaje","tag-maria-remedios-del-valle"],"nelio_content":{"autoShareEndMode":"never","automationSources":{"useCustomSentences":false,"customSentences":[]},"efiAlt":"","efiUrl":"","followers":[4],"highlights":[],"isAutoShareEnabled":true,"networkImageIds":[],"permalinkQueryArgs":[],"series":[],"suggestedReferences":[]},"yoast_head":"<!-- This site is optimized with the Yoast SEO plugin v27.5 - https:\/\/yoast.com\/product\/yoast-seo-wordpress\/ -->\n<title>Naci\u00f3n lanz\u00f3 un concurso para hacer una escultura de la \u00abMadre de la Patria\u00bb - Diario Digital Femenino<\/title>\n<meta name=\"description\" content=\"Naci\u00f3n. El Gobierno lanz\u00f3 un\u00a0concurso\u00a0para homenajear con una escultura a la afrodescendiente\u00a0Mar\u00eda Remedios del Valle, madre de la Patria\" \/>\n<meta name=\"robots\" content=\"index, follow, max-snippet:-1, max-image-preview:large, max-video-preview:-1\" \/>\n<link rel=\"canonical\" href=\"https:\/\/diariofemenino.com.ar\/df\/nacion-lanzo-un-concurso-para-hacer-una-escultura-de-la-madre-de-la-patria\/\" \/>\n<meta property=\"og:locale\" content=\"es_ES\" \/>\n<meta property=\"og:type\" content=\"article\" \/>\n<meta property=\"og:title\" content=\"Naci\u00f3n lanz\u00f3 un concurso para hacer una escultura de la \u00abMadre de la Patria\u00bb - Diario Digital Femenino\" \/>\n<meta property=\"og:description\" content=\"Naci\u00f3n. El Gobierno lanz\u00f3 un\u00a0concurso\u00a0para homenajear con una escultura a la afrodescendiente\u00a0Mar\u00eda Remedios del Valle, madre de la Patria\" \/>\n<meta property=\"og:url\" content=\"https:\/\/diariofemenino.com.ar\/df\/nacion-lanzo-un-concurso-para-hacer-una-escultura-de-la-madre-de-la-patria\/\" \/>\n<meta property=\"og:site_name\" content=\"Diario Digital Femenino\" \/>\n<meta property=\"article:publisher\" content=\"https:\/\/www.facebook.com\/DiarioDigitaFemenino\/\" \/>\n<meta property=\"article:published_time\" content=\"2020-11-14T14:18:03+00:00\" \/>\n<meta property=\"article:modified_time\" content=\"2020-11-14T14:36:44+00:00\" \/>\n<meta property=\"og:image\" content=\"https:\/\/diariofemenino.com.ar\/df\/wp-content\/uploads\/2020\/11\/foto-del-dibujo-de-maria-remedios-del-valle-rosas76e6879c.jpg\" \/>\n\t<meta property=\"og:image:width\" content=\"696\" \/>\n\t<meta property=\"og:image:height\" content=\"392\" \/>\n\t<meta property=\"og:image:type\" content=\"image\/jpeg\" \/>\n<meta name=\"author\" content=\"Admin\" \/>\n<meta name=\"twitter:card\" content=\"summary_large_image\" \/>\n<meta name=\"twitter:creator\" content=\"@DiarioFemenino1\" \/>\n<meta name=\"twitter:site\" content=\"@DiarioFemenino1\" \/>\n<meta name=\"twitter:label1\" content=\"Escrito por\" \/>\n\t<meta name=\"twitter:data1\" content=\"Admin\" \/>\n\t<meta name=\"twitter:label2\" content=\"Tiempo de lectura\" \/>\n\t<meta name=\"twitter:data2\" content=\"4 minutos\" \/>\n<script type=\"application\/ld+json\" class=\"yoast-schema-graph\">{\"@context\":\"https:\\\/\\\/schema.org\",\"@graph\":[{\"@type\":\"Article\",\"@id\":\"https:\\\/\\\/diariofemenino.com.ar\\\/df\\\/nacion-lanzo-un-concurso-para-hacer-una-escultura-de-la-madre-de-la-patria\\\/#article\",\"isPartOf\":{\"@id\":\"https:\\\/\\\/diariofemenino.com.ar\\\/df\\\/nacion-lanzo-un-concurso-para-hacer-una-escultura-de-la-madre-de-la-patria\\\/\"},\"author\":{\"name\":\"Admin\",\"@id\":\"https:\\\/\\\/diariofemenino.com.ar\\\/df\\\/#\\\/schema\\\/person\\\/bf6199e8158c657ea6f789b11ec85509\"},\"headline\":\"Naci\u00f3n lanz\u00f3 un concurso para hacer una escultura de la \u00abMadre de la Patria\u00bb\",\"datePublished\":\"2020-11-14T14:18:03+00:00\",\"dateModified\":\"2020-11-14T14:36:44+00:00\",\"mainEntityOfPage\":{\"@id\":\"https:\\\/\\\/diariofemenino.com.ar\\\/df\\\/nacion-lanzo-un-concurso-para-hacer-una-escultura-de-la-madre-de-la-patria\\\/\"},\"wordCount\":742,\"commentCount\":0,\"publisher\":{\"@id\":\"https:\\\/\\\/diariofemenino.com.ar\\\/df\\\/#organization\"},\"image\":{\"@id\":\"https:\\\/\\\/diariofemenino.com.ar\\\/df\\\/nacion-lanzo-un-concurso-para-hacer-una-escultura-de-la-madre-de-la-patria\\\/#primaryimage\"},\"thumbnailUrl\":\"https:\\\/\\\/diariofemenino.com.ar\\\/df\\\/wp-content\\\/uploads\\\/2020\\\/11\\\/foto-del-dibujo-de-maria-remedios-del-valle-rosas76e6879c.jpg\",\"keywords\":[\"Escultura\",\"Homenaje\",\"Mar\u00eda Remedios del Valle\"],\"articleSection\":[\"Agenda Feminista\",\"Mujeres\",\"Resistencia VerdeVioleta\"],\"inLanguage\":\"es\",\"potentialAction\":[{\"@type\":\"CommentAction\",\"name\":\"Comment\",\"target\":[\"https:\\\/\\\/diariofemenino.com.ar\\\/df\\\/nacion-lanzo-un-concurso-para-hacer-una-escultura-de-la-madre-de-la-patria\\\/#respond\"]}]},{\"@type\":\"WebPage\",\"@id\":\"https:\\\/\\\/diariofemenino.com.ar\\\/df\\\/nacion-lanzo-un-concurso-para-hacer-una-escultura-de-la-madre-de-la-patria\\\/\",\"url\":\"https:\\\/\\\/diariofemenino.com.ar\\\/df\\\/nacion-lanzo-un-concurso-para-hacer-una-escultura-de-la-madre-de-la-patria\\\/\",\"name\":\"Naci\u00f3n lanz\u00f3 un concurso para hacer una escultura de la \u00abMadre de la Patria\u00bb - Diario Digital Femenino\",\"isPartOf\":{\"@id\":\"https:\\\/\\\/diariofemenino.com.ar\\\/df\\\/#website\"},\"primaryImageOfPage\":{\"@id\":\"https:\\\/\\\/diariofemenino.com.ar\\\/df\\\/nacion-lanzo-un-concurso-para-hacer-una-escultura-de-la-madre-de-la-patria\\\/#primaryimage\"},\"image\":{\"@id\":\"https:\\\/\\\/diariofemenino.com.ar\\\/df\\\/nacion-lanzo-un-concurso-para-hacer-una-escultura-de-la-madre-de-la-patria\\\/#primaryimage\"},\"thumbnailUrl\":\"https:\\\/\\\/diariofemenino.com.ar\\\/df\\\/wp-content\\\/uploads\\\/2020\\\/11\\\/foto-del-dibujo-de-maria-remedios-del-valle-rosas76e6879c.jpg\",\"datePublished\":\"2020-11-14T14:18:03+00:00\",\"dateModified\":\"2020-11-14T14:36:44+00:00\",\"description\":\"Naci\u00f3n. El Gobierno lanz\u00f3 un\u00a0concurso\u00a0para homenajear con una escultura a la afrodescendiente\u00a0Mar\u00eda Remedios del Valle, madre de la Patria\",\"breadcrumb\":{\"@id\":\"https:\\\/\\\/diariofemenino.com.ar\\\/df\\\/nacion-lanzo-un-concurso-para-hacer-una-escultura-de-la-madre-de-la-patria\\\/#breadcrumb\"},\"inLanguage\":\"es\",\"potentialAction\":[{\"@type\":\"ReadAction\",\"target\":[\"https:\\\/\\\/diariofemenino.com.ar\\\/df\\\/nacion-lanzo-un-concurso-para-hacer-una-escultura-de-la-madre-de-la-patria\\\/\"]}]},{\"@type\":\"ImageObject\",\"inLanguage\":\"es\",\"@id\":\"https:\\\/\\\/diariofemenino.com.ar\\\/df\\\/nacion-lanzo-un-concurso-para-hacer-una-escultura-de-la-madre-de-la-patria\\\/#primaryimage\",\"url\":\"https:\\\/\\\/diariofemenino.com.ar\\\/df\\\/wp-content\\\/uploads\\\/2020\\\/11\\\/foto-del-dibujo-de-maria-remedios-del-valle-rosas76e6879c.jpg\",\"contentUrl\":\"https:\\\/\\\/diariofemenino.com.ar\\\/df\\\/wp-content\\\/uploads\\\/2020\\\/11\\\/foto-del-dibujo-de-maria-remedios-del-valle-rosas76e6879c.jpg\",\"width\":696,\"height\":392},{\"@type\":\"BreadcrumbList\",\"@id\":\"https:\\\/\\\/diariofemenino.com.ar\\\/df\\\/nacion-lanzo-un-concurso-para-hacer-una-escultura-de-la-madre-de-la-patria\\\/#breadcrumb\",\"itemListElement\":[{\"@type\":\"ListItem\",\"position\":1,\"name\":\"Portada\",\"item\":\"https:\\\/\\\/diariofemenino.com.ar\\\/df\\\/\"},{\"@type\":\"ListItem\",\"position\":2,\"name\":\"Naci\u00f3n lanz\u00f3 un concurso para hacer una escultura de la \u00abMadre de la Patria\u00bb\"}]},{\"@type\":\"WebSite\",\"@id\":\"https:\\\/\\\/diariofemenino.com.ar\\\/df\\\/#website\",\"url\":\"https:\\\/\\\/diariofemenino.com.ar\\\/df\\\/\",\"name\":\"Diario Digital Femenino\",\"description\":\"Cuesti\u00f3n de G\u00e9nero\",\"publisher\":{\"@id\":\"https:\\\/\\\/diariofemenino.com.ar\\\/df\\\/#organization\"},\"potentialAction\":[{\"@type\":\"SearchAction\",\"target\":{\"@type\":\"EntryPoint\",\"urlTemplate\":\"https:\\\/\\\/diariofemenino.com.ar\\\/df\\\/?s={search_term_string}\"},\"query-input\":{\"@type\":\"PropertyValueSpecification\",\"valueRequired\":true,\"valueName\":\"search_term_string\"}}],\"inLanguage\":\"es\"},{\"@type\":\"Organization\",\"@id\":\"https:\\\/\\\/diariofemenino.com.ar\\\/df\\\/#organization\",\"name\":\"Diario Femenino\",\"url\":\"https:\\\/\\\/diariofemenino.com.ar\\\/df\\\/\",\"logo\":{\"@type\":\"ImageObject\",\"inLanguage\":\"es\",\"@id\":\"https:\\\/\\\/diariofemenino.com.ar\\\/df\\\/#\\\/schema\\\/logo\\\/image\\\/\",\"url\":\"https:\\\/\\\/diariofemenino.com.ar\\\/df\\\/wp-content\\\/uploads\\\/2018\\\/10\\\/logo.png\",\"contentUrl\":\"https:\\\/\\\/diariofemenino.com.ar\\\/df\\\/wp-content\\\/uploads\\\/2018\\\/10\\\/logo.png\",\"width\":500,\"height\":92,\"caption\":\"Diario Femenino\"},\"image\":{\"@id\":\"https:\\\/\\\/diariofemenino.com.ar\\\/df\\\/#\\\/schema\\\/logo\\\/image\\\/\"},\"sameAs\":[\"https:\\\/\\\/www.facebook.com\\\/DiarioDigitaFemenino\\\/\",\"https:\\\/\\\/x.com\\\/DiarioFemenino1\"]},{\"@type\":\"Person\",\"@id\":\"https:\\\/\\\/diariofemenino.com.ar\\\/df\\\/#\\\/schema\\\/person\\\/bf6199e8158c657ea6f789b11ec85509\",\"name\":\"Admin\",\"image\":{\"@type\":\"ImageObject\",\"inLanguage\":\"es\",\"@id\":\"https:\\\/\\\/diariofemenino.com.ar\\\/df\\\/wp-content\\\/uploads\\\/2018\\\/12\\\/favicon-150x150.jpg\",\"url\":\"https:\\\/\\\/diariofemenino.com.ar\\\/df\\\/wp-content\\\/uploads\\\/2018\\\/12\\\/favicon-150x150.jpg\",\"contentUrl\":\"https:\\\/\\\/diariofemenino.com.ar\\\/df\\\/wp-content\\\/uploads\\\/2018\\\/12\\\/favicon-150x150.jpg\",\"caption\":\"Admin\"},\"url\":\"https:\\\/\\\/diariofemenino.com.ar\\\/df\\\/author\\\/lenny\\\/\"}]}<\/script>\n<!-- \/ Yoast SEO plugin. -->","yoast_head_json":{"title":"Naci\u00f3n lanz\u00f3 un concurso para hacer una escultura de la \u00abMadre de la Patria\u00bb - Diario Digital Femenino","description":"Naci\u00f3n. El Gobierno lanz\u00f3 un\u00a0concurso\u00a0para homenajear con una escultura a la afrodescendiente\u00a0Mar\u00eda Remedios del Valle, madre de la Patria","robots":{"index":"index","follow":"follow","max-snippet":"max-snippet:-1","max-image-preview":"max-image-preview:large","max-video-preview":"max-video-preview:-1"},"canonical":"https:\/\/diariofemenino.com.ar\/df\/nacion-lanzo-un-concurso-para-hacer-una-escultura-de-la-madre-de-la-patria\/","og_locale":"es_ES","og_type":"article","og_title":"Naci\u00f3n lanz\u00f3 un concurso para hacer una escultura de la \u00abMadre de la Patria\u00bb - Diario Digital Femenino","og_description":"Naci\u00f3n. El Gobierno lanz\u00f3 un\u00a0concurso\u00a0para homenajear con una escultura a la afrodescendiente\u00a0Mar\u00eda Remedios del Valle, madre de la Patria","og_url":"https:\/\/diariofemenino.com.ar\/df\/nacion-lanzo-un-concurso-para-hacer-una-escultura-de-la-madre-de-la-patria\/","og_site_name":"Diario Digital Femenino","article_publisher":"https:\/\/www.facebook.com\/DiarioDigitaFemenino\/","article_published_time":"2020-11-14T14:18:03+00:00","article_modified_time":"2020-11-14T14:36:44+00:00","og_image":[{"width":696,"height":392,"url":"https:\/\/diariofemenino.com.ar\/df\/wp-content\/uploads\/2020\/11\/foto-del-dibujo-de-maria-remedios-del-valle-rosas76e6879c.jpg","type":"image\/jpeg"}],"author":"Admin","twitter_card":"summary_large_image","twitter_creator":"@DiarioFemenino1","twitter_site":"@DiarioFemenino1","twitter_misc":{"Escrito por":"Admin","Tiempo de lectura":"4 minutos"},"schema":{"@context":"https:\/\/schema.org","@graph":[{"@type":"Article","@id":"https:\/\/diariofemenino.com.ar\/df\/nacion-lanzo-un-concurso-para-hacer-una-escultura-de-la-madre-de-la-patria\/#article","isPartOf":{"@id":"https:\/\/diariofemenino.com.ar\/df\/nacion-lanzo-un-concurso-para-hacer-una-escultura-de-la-madre-de-la-patria\/"},"author":{"name":"Admin","@id":"https:\/\/diariofemenino.com.ar\/df\/#\/schema\/person\/bf6199e8158c657ea6f789b11ec85509"},"headline":"Naci\u00f3n lanz\u00f3 un concurso para hacer una escultura de la \u00abMadre de la Patria\u00bb","datePublished":"2020-11-14T14:18:03+00:00","dateModified":"2020-11-14T14:36:44+00:00","mainEntityOfPage":{"@id":"https:\/\/diariofemenino.com.ar\/df\/nacion-lanzo-un-concurso-para-hacer-una-escultura-de-la-madre-de-la-patria\/"},"wordCount":742,"commentCount":0,"publisher":{"@id":"https:\/\/diariofemenino.com.ar\/df\/#organization"},"image":{"@id":"https:\/\/diariofemenino.com.ar\/df\/nacion-lanzo-un-concurso-para-hacer-una-escultura-de-la-madre-de-la-patria\/#primaryimage"},"thumbnailUrl":"https:\/\/diariofemenino.com.ar\/df\/wp-content\/uploads\/2020\/11\/foto-del-dibujo-de-maria-remedios-del-valle-rosas76e6879c.jpg","keywords":["Escultura","Homenaje","Mar\u00eda Remedios del Valle"],"articleSection":["Agenda Feminista","Mujeres","Resistencia VerdeVioleta"],"inLanguage":"es","potentialAction":[{"@type":"CommentAction","name":"Comment","target":["https:\/\/diariofemenino.com.ar\/df\/nacion-lanzo-un-concurso-para-hacer-una-escultura-de-la-madre-de-la-patria\/#respond"]}]},{"@type":"WebPage","@id":"https:\/\/diariofemenino.com.ar\/df\/nacion-lanzo-un-concurso-para-hacer-una-escultura-de-la-madre-de-la-patria\/","url":"https:\/\/diariofemenino.com.ar\/df\/nacion-lanzo-un-concurso-para-hacer-una-escultura-de-la-madre-de-la-patria\/","name":"Naci\u00f3n lanz\u00f3 un concurso para hacer una escultura de la \u00abMadre de la Patria\u00bb - Diario Digital Femenino","isPartOf":{"@id":"https:\/\/diariofemenino.com.ar\/df\/#website"},"primaryImageOfPage":{"@id":"https:\/\/diariofemenino.com.ar\/df\/nacion-lanzo-un-concurso-para-hacer-una-escultura-de-la-madre-de-la-patria\/#primaryimage"},"image":{"@id":"https:\/\/diariofemenino.com.ar\/df\/nacion-lanzo-un-concurso-para-hacer-una-escultura-de-la-madre-de-la-patria\/#primaryimage"},"thumbnailUrl":"https:\/\/diariofemenino.com.ar\/df\/wp-content\/uploads\/2020\/11\/foto-del-dibujo-de-maria-remedios-del-valle-rosas76e6879c.jpg","datePublished":"2020-11-14T14:18:03+00:00","dateModified":"2020-11-14T14:36:44+00:00","description":"Naci\u00f3n. El Gobierno lanz\u00f3 un\u00a0concurso\u00a0para homenajear con una escultura a la afrodescendiente\u00a0Mar\u00eda Remedios del Valle, madre de la Patria","breadcrumb":{"@id":"https:\/\/diariofemenino.com.ar\/df\/nacion-lanzo-un-concurso-para-hacer-una-escultura-de-la-madre-de-la-patria\/#breadcrumb"},"inLanguage":"es","potentialAction":[{"@type":"ReadAction","target":["https:\/\/diariofemenino.com.ar\/df\/nacion-lanzo-un-concurso-para-hacer-una-escultura-de-la-madre-de-la-patria\/"]}]},{"@type":"ImageObject","inLanguage":"es","@id":"https:\/\/diariofemenino.com.ar\/df\/nacion-lanzo-un-concurso-para-hacer-una-escultura-de-la-madre-de-la-patria\/#primaryimage","url":"https:\/\/diariofemenino.com.ar\/df\/wp-content\/uploads\/2020\/11\/foto-del-dibujo-de-maria-remedios-del-valle-rosas76e6879c.jpg","contentUrl":"https:\/\/diariofemenino.com.ar\/df\/wp-content\/uploads\/2020\/11\/foto-del-dibujo-de-maria-remedios-del-valle-rosas76e6879c.jpg","width":696,"height":392},{"@type":"BreadcrumbList","@id":"https:\/\/diariofemenino.com.ar\/df\/nacion-lanzo-un-concurso-para-hacer-una-escultura-de-la-madre-de-la-patria\/#breadcrumb","itemListElement":[{"@type":"ListItem","position":1,"name":"Portada","item":"https:\/\/diariofemenino.com.ar\/df\/"},{"@type":"ListItem","position":2,"name":"Naci\u00f3n lanz\u00f3 un concurso para hacer una escultura de la \u00abMadre de la Patria\u00bb"}]},{"@type":"WebSite","@id":"https:\/\/diariofemenino.com.ar\/df\/#website","url":"https:\/\/diariofemenino.com.ar\/df\/","name":"Diario Digital Femenino","description":"Cuesti\u00f3n de G\u00e9nero","publisher":{"@id":"https:\/\/diariofemenino.com.ar\/df\/#organization"},"potentialAction":[{"@type":"SearchAction","target":{"@type":"EntryPoint","urlTemplate":"https:\/\/diariofemenino.com.ar\/df\/?s={search_term_string}"},"query-input":{"@type":"PropertyValueSpecification","valueRequired":true,"valueName":"search_term_string"}}],"inLanguage":"es"},{"@type":"Organization","@id":"https:\/\/diariofemenino.com.ar\/df\/#organization","name":"Diario Femenino","url":"https:\/\/diariofemenino.com.ar\/df\/","logo":{"@type":"ImageObject","inLanguage":"es","@id":"https:\/\/diariofemenino.com.ar\/df\/#\/schema\/logo\/image\/","url":"https:\/\/diariofemenino.com.ar\/df\/wp-content\/uploads\/2018\/10\/logo.png","contentUrl":"https:\/\/diariofemenino.com.ar\/df\/wp-content\/uploads\/2018\/10\/logo.png","width":500,"height":92,"caption":"Diario Femenino"},"image":{"@id":"https:\/\/diariofemenino.com.ar\/df\/#\/schema\/logo\/image\/"},"sameAs":["https:\/\/www.facebook.com\/DiarioDigitaFemenino\/","https:\/\/x.com\/DiarioFemenino1"]},{"@type":"Person","@id":"https:\/\/diariofemenino.com.ar\/df\/#\/schema\/person\/bf6199e8158c657ea6f789b11ec85509","name":"Admin","image":{"@type":"ImageObject","inLanguage":"es","@id":"https:\/\/diariofemenino.com.ar\/df\/wp-content\/uploads\/2018\/12\/favicon-150x150.jpg","url":"https:\/\/diariofemenino.com.ar\/df\/wp-content\/uploads\/2018\/12\/favicon-150x150.jpg","contentUrl":"https:\/\/diariofemenino.com.ar\/df\/wp-content\/uploads\/2018\/12\/favicon-150x150.jpg","caption":"Admin"},"url":"https:\/\/diariofemenino.com.ar\/df\/author\/lenny\/"}]}},"jetpack_featured_media_url":"https:\/\/diariofemenino.com.ar\/df\/wp-content\/uploads\/2020\/11\/foto-del-dibujo-de-maria-remedios-del-valle-rosas76e6879c.jpg","jetpack_sharing_enabled":true,"rttpg_featured_image_url":{"full":["https:\/\/diariofemenino.com.ar\/df\/wp-content\/uploads\/2020\/11\/foto-del-dibujo-de-maria-remedios-del-valle-rosas76e6879c.jpg",696,392,false],"landscape":["https:\/\/diariofemenino.com.ar\/df\/wp-content\/uploads\/2020\/11\/foto-del-dibujo-de-maria-remedios-del-valle-rosas76e6879c.jpg",696,392,false],"portraits":["https:\/\/diariofemenino.com.ar\/df\/wp-content\/uploads\/2020\/11\/foto-del-dibujo-de-maria-remedios-del-valle-rosas76e6879c.jpg",696,392,false],"thumbnail":["https:\/\/diariofemenino.com.ar\/df\/wp-content\/uploads\/2020\/11\/foto-del-dibujo-de-maria-remedios-del-valle-rosas76e6879c-150x150.jpg",150,150,true],"medium":["https:\/\/diariofemenino.com.ar\/df\/wp-content\/uploads\/2020\/11\/foto-del-dibujo-de-maria-remedios-del-valle-rosas76e6879c-300x169.jpg",300,169,true],"large":["https:\/\/diariofemenino.com.ar\/df\/wp-content\/uploads\/2020\/11\/foto-del-dibujo-de-maria-remedios-del-valle-rosas76e6879c.jpg",696,392,false],"1536x1536":["https:\/\/diariofemenino.com.ar\/df\/wp-content\/uploads\/2020\/11\/foto-del-dibujo-de-maria-remedios-del-valle-rosas76e6879c.jpg",696,392,false],"2048x2048":["https:\/\/diariofemenino.com.ar\/df\/wp-content\/uploads\/2020\/11\/foto-del-dibujo-de-maria-remedios-del-valle-rosas76e6879c.jpg",696,392,false]},"rttpg_author":{"display_name":"Admin","author_link":"https:\/\/diariofemenino.com.ar\/df\/author\/lenny\/"},"rttpg_comment":0,"rttpg_category":"<a href=\"https:\/\/diariofemenino.com.ar\/df\/category\/agenda-feminista\/\" rel=\"category tag\">Agenda Feminista<\/a> <a href=\"https:\/\/diariofemenino.com.ar\/df\/category\/mujeres\/\" rel=\"category tag\">Mujeres<\/a> <a href=\"https:\/\/diariofemenino.com.ar\/df\/category\/resistencia-verdevioleta\/\" rel=\"category tag\">Resistencia VerdeVioleta<\/a>","rttpg_excerpt":"Naci\u00f3n lanz\u00f3 un concurso El Gobierno lanz\u00f3 un\u00a0concurso\u00a0para homenajear con una escultura a la afrodescendiente\u00a0Mar\u00eda Remedios del Valle, conocida como la\u00a0\u00ab\u00a0Madre de la Patria\u00ab, y el ganador se llevar\u00e1 un premio de\u00a0850\u00a0mil pesos. A trav\u00e9s de la\u00a0Resoluci\u00f3n 452\/2020,\u00a0publicada este viernes en el\u00a0Bolet\u00edn Oficial,\u00a0el\u00a0Ministerio de Cultura\u00a0aprob\u00f3 las bases y condiciones del concurso para crear una escultura&hellip;","_links":{"self":[{"href":"https:\/\/diariofemenino.com.ar\/df\/wp-json\/wp\/v2\/posts\/53854","targetHints":{"allow":["GET"]}}],"collection":[{"href":"https:\/\/diariofemenino.com.ar\/df\/wp-json\/wp\/v2\/posts"}],"about":[{"href":"https:\/\/diariofemenino.com.ar\/df\/wp-json\/wp\/v2\/types\/post"}],"author":[{"embeddable":true,"href":"https:\/\/diariofemenino.com.ar\/df\/wp-json\/wp\/v2\/users\/4"}],"replies":[{"embeddable":true,"href":"https:\/\/diariofemenino.com.ar\/df\/wp-json\/wp\/v2\/comments?post=53854"}],"version-history":[{"count":0,"href":"https:\/\/diariofemenino.com.ar\/df\/wp-json\/wp\/v2\/posts\/53854\/revisions"}],"wp:featuredmedia":[{"embeddable":true,"href":"https:\/\/diariofemenino.com.ar\/df\/wp-json\/wp\/v2\/media\/53860"}],"wp:attachment":[{"href":"https:\/\/diariofemenino.com.ar\/df\/wp-json\/wp\/v2\/media?parent=53854"}],"wp:term":[{"taxonomy":"category","embeddable":true,"href":"https:\/\/diariofemenino.com.ar\/df\/wp-json\/wp\/v2\/categories?post=53854"},{"taxonomy":"post_tag","embeddable":true,"href":"https:\/\/diariofemenino.com.ar\/df\/wp-json\/wp\/v2\/tags?post=53854"}],"curies":[{"name":"wp","href":"https:\/\/api.w.org\/{rel}","templated":true}]}}