{"id":53837,"date":"2020-11-14T10:00:27","date_gmt":"2020-11-14T13:00:27","guid":{"rendered":"https:\/\/diariofemenino.com.ar\/?p=53837"},"modified":"2020-11-14T10:10:56","modified_gmt":"2020-11-14T13:10:56","slug":"colectivo-transfeminista-testimonios-del-desamparo-y-carta-a-diputados","status":"publish","type":"post","link":"https:\/\/diariofemenino.com.ar\/df\/colectivo-transfeminista-testimonios-del-desamparo-y-carta-a-diputados\/","title":{"rendered":"Colectivo Transfeminista: testimonios del desamparo y carta a diputados"},"content":{"rendered":"<p><strong>Colectivo Transfeminista. Tel\u00e9fono para los diputados<\/strong><\/p>\n<p>La construcci\u00f3n de espacios seguros y de diferentes redes de contenci\u00f3n se ha vuelto una necesidad frente a las agresiones que se hacen eco, cotidianamente, por los logros de la llamada Marea Verde y del movimiento feminista que, por citar algunas, oscilan desde el intento de hackear cuentas de referentes feministas, como Ingrid Beck, hasta la amenaza an\u00f3nima por redes sociales a distintas militantes feministas de nuestro pa\u00eds.<\/p>\n<p>Por <a href=\"https:\/\/diariofemenino.com.ar\/las-mujeres-en-la-literatura-el-conflicto-de-genero-en-narraciones-de-postdictadura\/\"><strong>Nadia Maribel Mu\u00f1oz<\/strong><\/a><br \/>\nFotograf\u00eda: <strong>Gabii Fern\u00e1ndez<\/strong><\/p>\n<p>El Colectivo Transfeminista es un espacio seguro que se construye (y deconstruye) de forma permanente, una agrupaci\u00f3n pampeana de feministas mujeres, trans y no binaries, que apela a la autoconvocatoria. Creado con el objetivo de tener redes de acompa\u00f1amiento y contenci\u00f3n, se encuentra organizando un movimiento de reclamo frente a los diputados nacionales de nuestra provincia que han manifestado votar contra el proyecto de Interrupci\u00f3n Voluntaria del Embarazo a presentarse a fines del corriente mes. Este consistir\u00e1 en la publicaci\u00f3n de diferentes placas en las redes sociales y en la redacci\u00f3n de una carta, que reproducimos aqu\u00ed, dirigida a los <a href=\"https:\/\/www.hcdn.gob.ar\/diputados\/listadip.html\">representantes<\/a><a href=\"https:\/\/www.diputados.gov.ar\/\"> pol\u00edticos<\/a> Mart\u00edn Maquieyra y Mart\u00edn Berhongaray:<\/p>\n<p><img loading=\"lazy\" decoding=\"async\" class=\"aligncenter size-full wp-image-53851\" src=\"https:\/\/diariofemenino.com.ar\/df\/wp-content\/uploads\/2020\/11\/Nadia.jpg\" alt=\"\" width=\"561\" height=\"555\" srcset=\"https:\/\/diariofemenino.com.ar\/df\/wp-content\/uploads\/2020\/11\/Nadia.jpg 561w, https:\/\/diariofemenino.com.ar\/df\/wp-content\/uploads\/2020\/11\/Nadia-300x297.jpg 300w\" sizes=\"auto, (max-width: 561px) 100vw, 561px\" \/><\/p>\n<p><strong>Testimonios del desamparo<\/strong><\/p>\n<p>Entendemos que el derecho a la interrupci\u00f3n voluntaria del embarazo, en nuestro pa\u00eds, se ha convertido en una deuda hist\u00f3rica. As\u00ed lo viven las integrantes de este colectivo, de quienes hemos recuperado sus testimonios. En ellos, se deja ver por qu\u00e9 la necesidad de acceder a este derecho es urgente. Cada mujer y cada cuerpo gestante deber\u00eda contar con el acceso a atenci\u00f3n m\u00e9dica y psicol\u00f3gica durante la interrupci\u00f3n de su embarazo. La clandestinidad conlleva sufrimiento y desamparo, dejando a la intemperie a quienes decidieron no continuar con la gestaci\u00f3n. Aqu\u00ed, exponemos pruebas de ello, y de c\u00f3mo estar en un colectivo transfeminista puede ayudar a suplir las carencias de un Estado ausente:<\/p>\n<figure id=\"attachment_53844\" aria-describedby=\"caption-attachment-53844\" style=\"width: 720px\" class=\"wp-caption aligncenter\"><img loading=\"lazy\" decoding=\"async\" class=\"size-full wp-image-53844\" src=\"https:\/\/diariofemenino.com.ar\/df\/wp-content\/uploads\/2020\/11\/WhatsApp-Image-2020-11-13-at-11.50.42-2.jpeg\" alt=\"Colectivo Transfeminista: testimonios del desamparo y carta a diputados\" width=\"720\" height=\"480\" srcset=\"https:\/\/diariofemenino.com.ar\/df\/wp-content\/uploads\/2020\/11\/WhatsApp-Image-2020-11-13-at-11.50.42-2.jpeg 720w, https:\/\/diariofemenino.com.ar\/df\/wp-content\/uploads\/2020\/11\/WhatsApp-Image-2020-11-13-at-11.50.42-2-300x200.jpeg 300w\" sizes=\"auto, (max-width: 720px) 100vw, 720px\" \/><figcaption id=\"caption-attachment-53844\" class=\"wp-caption-text\">Colectivo Transfeminista: testimonios del desamparo y carta a diputados<\/figcaption><\/figure>\n<p><strong>Testimonio N\u00b01:<\/strong><\/p>\n<p>Cuando ten\u00eda 18 a\u00f1os, para ser m\u00e1s precisa en noviembre de 2015, mi pareja de ese entonces (cabe recalcar que era un violento) me oblig\u00f3 a mantener relaciones y, antes de terminar el acto, se saca el preservativo y me termina dentro, remarco esto tan gr\u00e1ficamente porque hay muchas chicas que pasan esta misma situaci\u00f3n y est\u00e1n solas como yo, en ese momento, yo no estaba tomando mis anticonceptivos porque estaba en tratamiento con antibi\u00f3ticos&#8230; Luego de unos 5 o 6 d\u00edas, me compra la pastilla de emergencia, pero ya no era efectiva, por ende, qued\u00e9 embarazada. Pasadas 5 semanas de gestaci\u00f3n, me oblig\u00f3 a hacerme un test y, luego de ver los resultados positivos, se violent\u00f3 conmigo, amenazando que si no lo abortaba me iba a cagar a palos hasta que lo pierda&#8230; Con mucho miedo, me inform\u00e9 con un doctor amigo que me ayud\u00f3 y me contuvo, pero no le pude contar mi situaci\u00f3n completa porque estaba amenazada por mi pareja.<\/p>\n<p>Luego de conseguir el misoprostol, comenc\u00e9 con el proceso en mi casa. Cuando culmin\u00e9 el aborto estuve d\u00e9bil dos d\u00edas en cama y ya luego mejor\u00e9&#8230; A las dos semanas tuve una hemorragia muy fuerte por la que fui a la ginec\u00f3loga de guardia en el hospital Lucio Molas, la cual, despu\u00e9s de esperar casi 2 horas, me atendi\u00f3 y no me revis\u00f3, solo me dio un ap\u00f3sito, algunas toallitas y me mando a mi casa diciendo: \u00abTen\u00e9s un desequilibrio hormonal, viniste por esto? Date un ba\u00f1o y hac\u00e9 reposo\u00bb.<\/p>\n<p>As\u00ed estuve sangrando durante 1 mes y medio sin cortar en ning\u00fan momento, hasta que tuve una \u00faltima hemorragia estando de vacaciones en Chubut, donde me atendieron excelentemente y me ayudaron mucho. Luego de eso mejor\u00e9 y pas\u00f3 todo, aunque estuve bastante tiempo amenazada por mi ex pareja con que si dec\u00eda algo de lo sucedido me iba a golpear y dem\u00e1s cosas, hasta que tom\u00e9 valor para dejarlo. Luego de eso no volv\u00ed a verlo, aunque durante 1 o 2 semanas me estuvo molestando.<\/p>\n<p>Ya para mi segunda experiencia estuve m\u00e1s informada y acompa\u00f1ada\u2026 Para agosto de 2018 me fallaron las pastillas anticonceptivas y tuve tanto p\u00e1nico que mi actual pareja me contuvo y me acompa\u00f1\u00f3 mucho, en esta oportunidad tuve el acompa\u00f1amiento no solo de \u00e9l, sino que tambi\u00e9n de las socorristas que me apoyaron un mont\u00f3n e hicieron seguimiento de mi situaci\u00f3n. Mi pareja me dio su consentimiento para hacerlo, estuve muy cuidada y esta vez fue s\u00faper diferente. Luego de terminar el proceso, hice reposo dos d\u00edas, a diferencia de la vez anterior&#8230; A los 5 d\u00edas se me cort\u00f3 la p\u00e9rdida y ya me sent\u00eda s\u00faper bien, pasado eso las socorristas se comunicaban conmigo para corroborar que me sintiera bien y bueno, despu\u00e9s de esa situaci\u00f3n, con mi pareja nos informamos por otros m\u00e9todos anticonceptivos y, actualmente, estoy en proceso de adquirir el dispositivo anticonceptivo Mirena.<\/p>\n<p><strong>Testimonio N\u00b02:<\/strong><\/p>\n<p>A la hora de posicionarme sobre el aborto me siento personalmente interpelada, ya que pas\u00e9 por uno hace relativamente poco. Pude contarle a mis xadres, quienes me apoyaron y acompa\u00f1aron en la decisi\u00f3n, y pude contar con el acompa\u00f1amiento de un medicx que supervis\u00f3 todo el proceso, lo que me garantiz\u00f3 condiciones sanitarias, y cierta contenci\u00f3n por parte de mi entorno. Condiciones con las que lamentablemente no cuenta toda la poblaci\u00f3n. A pesar de mi posici\u00f3n privilegiada, en lo personal, no fue un proceso agradable, f\u00edsicamente me doli\u00f3. Pero, \u00bfqu\u00e9 intervenci\u00f3n m\u00e9dica es placentera y sin dolor? El peso psicol\u00f3gico, sostengo, es agravado en gran escala por la estigmatizaci\u00f3n social que tiene el aborto, y es eso lo que hay que transformar con la conquista de este derecho tan importante y emancipador.<\/p>\n<p>Bien lo dec\u00eda Favaloro en 1996: legalizar el aborto poco tiene que ver con esta cuesti\u00f3n, bastante alejada de la realidad, de que todo el mundo va a practicarse abortos como si el misoprostol fuese alg\u00fan tipo de golosina gratis puesta en una mesa de entrada. Est\u00e1 orientado m\u00e1s bien a garantizar el acceso de toda la poblaci\u00f3n con posibilidad de gestar, a elegir sobre su cuerpo. Porque las pol\u00edticas y los derechos no deben estar vinculados con creencias personales, sino que deben ser construidos en base a una efectiva lectura de la realidad. Y la realidad, en este caso, es que las mujeres abortan, les guste o no, sucede en la clandestinidad en la mayor\u00eda de los casos. Creo que se deben evitar cuestiones que se alejen del centro de la discusi\u00f3n. Ni el presupuesto p\u00fablico, ni el comienzo de la vida, y menos que menos el seguir reivindicando a la maternidad como \u00fanico e indiscutible destino y rol de la mujer, ya que tenemos deseos m\u00e1s all\u00e1 de considerar ser madres o no. \u00bfCu\u00e1ntas veces hemos cedido ante las obligaciones impuestas por el patriarcado? Hay una tendencia a adoptar posturas conservadoras en las que quiz\u00e1s se espera encontrar un resguardo del miedo a lo desconocido, como si fuera algo negativo. Hay que dejar de apostar por un pasado idealizado cu\u00e1l edad de oro, correrse de miradas r\u00edgidas y simplistas, y apostar por un futuro emancipador y pionero en derechos humanos.<\/p>\n<p>Esta lucha no empez\u00f3 hace dos a\u00f1os, cuando se elev\u00f3 el proyecto de ley a la c\u00e1mara de diputados, viene desde el siglo pasado y es una deuda hist\u00f3rica de la democracia. El motivo por el cual lxs representantes pol\u00edticos est\u00e1n donde est\u00e1n, es porque tuvieron el voto del pueblo que confia en su accionar, y la voz del pueblo est\u00e1 siendo clara en que el aborto tiene que ser ley. Tienen que estar a la altura de las circunstancias y esto implica garantizar este derecho para que las personas que quieran elegir sobre su cuerpo, no mueran en el intento. Por eso decimos: educaci\u00f3n sexual para decidir, anticonceptivos para no abortar, y aborto legal para no morir. Ser\u00e1 ley.<\/p>\n<p><strong>\u00a0<\/strong><\/p>\n<figure id=\"attachment_53845\" aria-describedby=\"caption-attachment-53845\" style=\"width: 439px\" class=\"wp-caption aligncenter\"><img loading=\"lazy\" decoding=\"async\" class=\" wp-image-53845\" src=\"https:\/\/diariofemenino.com.ar\/df\/wp-content\/uploads\/2020\/11\/WhatsApp-Image-2020-11-13-at-11.50.42.jpeg\" alt=\"Colectivo Transfeminista: testimonios del desamparo y carta a diputados\" width=\"439\" height=\"439\" srcset=\"https:\/\/diariofemenino.com.ar\/df\/wp-content\/uploads\/2020\/11\/WhatsApp-Image-2020-11-13-at-11.50.42.jpeg 720w, https:\/\/diariofemenino.com.ar\/df\/wp-content\/uploads\/2020\/11\/WhatsApp-Image-2020-11-13-at-11.50.42-150x150.jpeg 150w, https:\/\/diariofemenino.com.ar\/df\/wp-content\/uploads\/2020\/11\/WhatsApp-Image-2020-11-13-at-11.50.42-300x300.jpeg 300w\" sizes=\"auto, (max-width: 439px) 100vw, 439px\" \/><figcaption id=\"caption-attachment-53845\" class=\"wp-caption-text\">Colectivo Transfeminista: testimonios del desamparo y carta a diputados<\/figcaption><\/figure>\n<p><strong>Testimonio N\u00b03:<\/strong><\/p>\n<p>Realmente, hace muy poco que me un\u00ed al grupo, pero el sentimiento de compa\u00f1erismo que hay y la buena vibra es incre\u00edble. Siempre quise militar en el \u00e1mbito feminista, desde que empezaron las marchas de Ni Una Menos hace varios a\u00f1os, pero no encontraba un espacio donde me sintiera c\u00f3moda y acompa\u00f1ada. Me considero todav\u00eda bastante ignorante en varios temas, pero creo que de este grupo voy a poder aprender y nutrirme de muchas cosas sin la mirada de que estoy haciendo las cosas mal, porque las compa\u00f1eras van a saber explicarme el porqu\u00e9 si alg\u00fan d\u00eda hago algo que est\u00e1 mal. Personalmente, sufr\u00ed violencia f\u00edsica y psicol\u00f3gica casi dos a\u00f1os en un noviazgo y es algo que me cost\u00f3 mucho, pero lo que m\u00e1s me cost\u00f3 fue la mirada del otro y las opiniones. Hoy en d\u00eda, creo que es muy importante que, como personas, queramos construir un mundo m\u00e1s seguro para todes, con igualdad de derechos y donde las oportunidades sean las mismas o se garanticen las condiciones para quienes no pueden tener las mismas oportunidades que tengo yo, o que tiene otra persona.<\/p>\n<p>El aborto es un derecho y nos lo deben, no se habla de si hay que abortar o no, se est\u00e1 hablando de las condiciones en las que se practica. Nadie elige pasar por un proceso que en algunos casos puede ser hasta riesgoso porque s\u00ed, es la \u00faltima instancia. Y tener que hacerlo en condiciones donde todav\u00eda se ven m\u00e1s vulnerados tus derechos y en donde se pone hasta en riesgo tu vida es una deuda que tiene el Estado con las personas gestantes.<\/p>\n<p>Yo me un\u00ed al grupo y empec\u00e9 por este motivo, empezar a militar para que el aborto sea legal, porque a pesar de que desde algunos de los privilegios que gozo s\u00e9 que, si el d\u00eda de ma\u00f1ana decido abortar, voy a poder pagarlo, miro por aquellos que no tienen la misma posibilidad que yo. Y, la verdad, encontr\u00e9 un muy lindo grupo que, en solo unos d\u00edas, me llen\u00f3 de buenas vibras y energ\u00eda.<\/p>\n<p><strong>Solo el comienzo<\/strong><\/p>\n<p>Este colectivo comenz\u00f3, en 2018, como un punto de encuentro, un espacio en construcci\u00f3n, llamado \u201cJuntxs m\u00e1s que nunca\u201d. All\u00ed, luego de la movilizante denuncia de Thelma Fard\u00edn, numerosos testimonios irrumpieron en las redes sociales, visibilizando situaciones de violencia de g\u00e9nero, con la consigna: \u201cNo nos callamos m\u00e1s\u201d. Esto permiti\u00f3 revelar numerosos casos que, diariamente, se viven en La Pampa. Ayud\u00f3 a comprender que no se trataba de una realidad lejana, que ve\u00edamos en la televisi\u00f3n, sino que estaba sucedi\u00e9ndole a nuestras compa\u00f1eras. El Colectivo Transfeminista se encarg\u00f3 de llevar a la luz cuestiones que viv\u00edan silenciadas, marginalizadas, y que se deben tratar de manera urgente.<\/p>\n<p>En cuanto al aborto legal, encontramos la particularidad de que el proyecto, por primera vez en la historia, es presentado por el Poder Ejecutivo. Anteriormente, la Campa\u00f1a Nacional por el Derecho al Aborto Legal, Seguro y Gratuito lo present\u00f3 m\u00e1s de una vez, sin que haya prosperado. El oficialismo, seg\u00fan comunic\u00f3 Vilma Ibarra (Secretaria Legal y T\u00e9cnica), presentar\u00eda el proyecto a fines del corriente mes, y comenzar\u00eda a tratarse a partir de diciembre. El Colectivo Transfeminista, en concordancia con esta propuesta, se posicion\u00f3 firmemente para pedirle a nuestros representantes que acompa\u00f1en el acceso a este derecho. Estos testimonios dejan ver que el asunto a tratar tiene un car\u00e1cter inmediato, puesto que afecta directamente a todas las mujeres, trans y no binaries.<\/p>\n<p>La militancia feminista lleg\u00f3 para ocupar espacios vedados, y no descansar\u00e1 hasta que sea ley.<\/p>\n<p>&nbsp;<\/p>\n<p><a href=\"https:\/\/diariofemenino.com.ar\/\">Diario Digital Femenino\u00a0<\/a><\/p>\n","protected":false},"excerpt":{"rendered":"<p>Colectivo Transfeminista. Tel\u00e9fono para los diputados La construcci\u00f3n de espacios seguros y de diferentes redes de contenci\u00f3n se ha vuelto una necesidad frente a las agresiones que se hacen eco, cotidianamente, por los logros de la llamada Marea Verde y del movimiento feminista que, por citar algunas, oscilan desde el intento de hackear cuentas de [&hellip;]<\/p>\n","protected":false},"author":4,"featured_media":53842,"comment_status":"open","ping_status":"open","sticky":false,"template":"","format":"standard","meta":{"iawp_total_views":5,"footnotes":""},"categories":[22,1067,1251,21],"tags":[3817,3816],"class_list":["post-53837","post","type-post","status-publish","format-standard","has-post-thumbnail","hentry","category-aborto","category-agenda-feminista","category-mujeres-de-la-pampa","category-noticias","tag-carta-a-diputados","tag-colectivo-transfeminista"],"nelio_content":{"autoShareEndMode":"never","automationSources":{"useCustomSentences":false,"customSentences":[]},"efiAlt":"","efiUrl":"","followers":[4],"highlights":[],"isAutoShareEnabled":true,"networkImageIds":[],"permalinkQueryArgs":[],"series":[],"suggestedReferences":[]},"yoast_head":"<!-- This site is optimized with the Yoast SEO plugin v27.5 - https:\/\/yoast.com\/product\/yoast-seo-wordpress\/ -->\n<title>Colectivo Transfeminista: testimonios del desamparo y carta a diputados - Diario Digital Femenino<\/title>\n<meta name=\"description\" content=\"Colectivo Transfeminista. La construcci\u00f3n de espacios seguros y de diferentes redes de contenci\u00f3n se ha vuelto una necesidad frente a las agresiones\" \/>\n<meta name=\"robots\" content=\"index, follow, max-snippet:-1, max-image-preview:large, max-video-preview:-1\" \/>\n<link rel=\"canonical\" href=\"https:\/\/diariofemenino.com.ar\/df\/colectivo-transfeminista-testimonios-del-desamparo-y-carta-a-diputados\/\" \/>\n<meta property=\"og:locale\" content=\"es_ES\" \/>\n<meta property=\"og:type\" content=\"article\" \/>\n<meta property=\"og:title\" content=\"Colectivo Transfeminista: testimonios del desamparo y carta a diputados - Diario Digital Femenino\" \/>\n<meta property=\"og:description\" content=\"Colectivo Transfeminista. La construcci\u00f3n de espacios seguros y de diferentes redes de contenci\u00f3n se ha vuelto una necesidad frente a las agresiones\" \/>\n<meta property=\"og:url\" content=\"https:\/\/diariofemenino.com.ar\/df\/colectivo-transfeminista-testimonios-del-desamparo-y-carta-a-diputados\/\" \/>\n<meta property=\"og:site_name\" content=\"Diario Digital Femenino\" \/>\n<meta property=\"article:publisher\" content=\"https:\/\/www.facebook.com\/DiarioDigitaFemenino\/\" \/>\n<meta property=\"article:published_time\" content=\"2020-11-14T13:00:27+00:00\" \/>\n<meta property=\"article:modified_time\" content=\"2020-11-14T13:10:56+00:00\" \/>\n<meta property=\"og:image\" content=\"https:\/\/diariofemenino.com.ar\/df\/wp-content\/uploads\/2020\/11\/WhatsApp-Image-2020-11-13-at-11.50.42-1.jpeg\" \/>\n\t<meta property=\"og:image:width\" content=\"960\" \/>\n\t<meta property=\"og:image:height\" content=\"640\" \/>\n\t<meta property=\"og:image:type\" content=\"image\/jpeg\" \/>\n<meta name=\"author\" content=\"Admin\" \/>\n<meta name=\"twitter:card\" content=\"summary_large_image\" \/>\n<meta name=\"twitter:creator\" content=\"@DiarioFemenino1\" \/>\n<meta name=\"twitter:site\" content=\"@DiarioFemenino1\" \/>\n<meta name=\"twitter:label1\" content=\"Escrito por\" \/>\n\t<meta name=\"twitter:data1\" content=\"Admin\" \/>\n\t<meta name=\"twitter:label2\" content=\"Tiempo de lectura\" \/>\n\t<meta name=\"twitter:data2\" content=\"10 minutos\" \/>\n<script type=\"application\/ld+json\" class=\"yoast-schema-graph\">{\"@context\":\"https:\\\/\\\/schema.org\",\"@graph\":[{\"@type\":\"Article\",\"@id\":\"https:\\\/\\\/diariofemenino.com.ar\\\/df\\\/colectivo-transfeminista-testimonios-del-desamparo-y-carta-a-diputados\\\/#article\",\"isPartOf\":{\"@id\":\"https:\\\/\\\/diariofemenino.com.ar\\\/df\\\/colectivo-transfeminista-testimonios-del-desamparo-y-carta-a-diputados\\\/\"},\"author\":{\"name\":\"Admin\",\"@id\":\"https:\\\/\\\/diariofemenino.com.ar\\\/df\\\/#\\\/schema\\\/person\\\/bf6199e8158c657ea6f789b11ec85509\"},\"headline\":\"Colectivo Transfeminista: testimonios del desamparo y carta a diputados\",\"datePublished\":\"2020-11-14T13:00:27+00:00\",\"dateModified\":\"2020-11-14T13:10:56+00:00\",\"mainEntityOfPage\":{\"@id\":\"https:\\\/\\\/diariofemenino.com.ar\\\/df\\\/colectivo-transfeminista-testimonios-del-desamparo-y-carta-a-diputados\\\/\"},\"wordCount\":2045,\"commentCount\":0,\"publisher\":{\"@id\":\"https:\\\/\\\/diariofemenino.com.ar\\\/df\\\/#organization\"},\"image\":{\"@id\":\"https:\\\/\\\/diariofemenino.com.ar\\\/df\\\/colectivo-transfeminista-testimonios-del-desamparo-y-carta-a-diputados\\\/#primaryimage\"},\"thumbnailUrl\":\"https:\\\/\\\/diariofemenino.com.ar\\\/df\\\/wp-content\\\/uploads\\\/2020\\\/11\\\/WhatsApp-Image-2020-11-13-at-11.50.42-1.jpeg\",\"keywords\":[\"Carta a Diputados\",\"Colectivo Transfeminista\"],\"articleSection\":[\"Aborto\",\"Agenda Feminista\",\"Mujeres de La Pampa\",\"Noticias\"],\"inLanguage\":\"es\",\"potentialAction\":[{\"@type\":\"CommentAction\",\"name\":\"Comment\",\"target\":[\"https:\\\/\\\/diariofemenino.com.ar\\\/df\\\/colectivo-transfeminista-testimonios-del-desamparo-y-carta-a-diputados\\\/#respond\"]}]},{\"@type\":\"WebPage\",\"@id\":\"https:\\\/\\\/diariofemenino.com.ar\\\/df\\\/colectivo-transfeminista-testimonios-del-desamparo-y-carta-a-diputados\\\/\",\"url\":\"https:\\\/\\\/diariofemenino.com.ar\\\/df\\\/colectivo-transfeminista-testimonios-del-desamparo-y-carta-a-diputados\\\/\",\"name\":\"Colectivo Transfeminista: testimonios del desamparo y carta a diputados - Diario Digital Femenino\",\"isPartOf\":{\"@id\":\"https:\\\/\\\/diariofemenino.com.ar\\\/df\\\/#website\"},\"primaryImageOfPage\":{\"@id\":\"https:\\\/\\\/diariofemenino.com.ar\\\/df\\\/colectivo-transfeminista-testimonios-del-desamparo-y-carta-a-diputados\\\/#primaryimage\"},\"image\":{\"@id\":\"https:\\\/\\\/diariofemenino.com.ar\\\/df\\\/colectivo-transfeminista-testimonios-del-desamparo-y-carta-a-diputados\\\/#primaryimage\"},\"thumbnailUrl\":\"https:\\\/\\\/diariofemenino.com.ar\\\/df\\\/wp-content\\\/uploads\\\/2020\\\/11\\\/WhatsApp-Image-2020-11-13-at-11.50.42-1.jpeg\",\"datePublished\":\"2020-11-14T13:00:27+00:00\",\"dateModified\":\"2020-11-14T13:10:56+00:00\",\"description\":\"Colectivo Transfeminista. La construcci\u00f3n de espacios seguros y de diferentes redes de contenci\u00f3n se ha vuelto una necesidad frente a las agresiones\",\"breadcrumb\":{\"@id\":\"https:\\\/\\\/diariofemenino.com.ar\\\/df\\\/colectivo-transfeminista-testimonios-del-desamparo-y-carta-a-diputados\\\/#breadcrumb\"},\"inLanguage\":\"es\",\"potentialAction\":[{\"@type\":\"ReadAction\",\"target\":[\"https:\\\/\\\/diariofemenino.com.ar\\\/df\\\/colectivo-transfeminista-testimonios-del-desamparo-y-carta-a-diputados\\\/\"]}]},{\"@type\":\"ImageObject\",\"inLanguage\":\"es\",\"@id\":\"https:\\\/\\\/diariofemenino.com.ar\\\/df\\\/colectivo-transfeminista-testimonios-del-desamparo-y-carta-a-diputados\\\/#primaryimage\",\"url\":\"https:\\\/\\\/diariofemenino.com.ar\\\/df\\\/wp-content\\\/uploads\\\/2020\\\/11\\\/WhatsApp-Image-2020-11-13-at-11.50.42-1.jpeg\",\"contentUrl\":\"https:\\\/\\\/diariofemenino.com.ar\\\/df\\\/wp-content\\\/uploads\\\/2020\\\/11\\\/WhatsApp-Image-2020-11-13-at-11.50.42-1.jpeg\",\"width\":960,\"height\":640,\"caption\":\"Colectivo Transfeminista: testimonios del desamparo y carta a diputados\"},{\"@type\":\"BreadcrumbList\",\"@id\":\"https:\\\/\\\/diariofemenino.com.ar\\\/df\\\/colectivo-transfeminista-testimonios-del-desamparo-y-carta-a-diputados\\\/#breadcrumb\",\"itemListElement\":[{\"@type\":\"ListItem\",\"position\":1,\"name\":\"Portada\",\"item\":\"https:\\\/\\\/diariofemenino.com.ar\\\/df\\\/\"},{\"@type\":\"ListItem\",\"position\":2,\"name\":\"Colectivo Transfeminista: testimonios del desamparo y carta a diputados\"}]},{\"@type\":\"WebSite\",\"@id\":\"https:\\\/\\\/diariofemenino.com.ar\\\/df\\\/#website\",\"url\":\"https:\\\/\\\/diariofemenino.com.ar\\\/df\\\/\",\"name\":\"Diario Digital Femenino\",\"description\":\"Cuesti\u00f3n de G\u00e9nero\",\"publisher\":{\"@id\":\"https:\\\/\\\/diariofemenino.com.ar\\\/df\\\/#organization\"},\"potentialAction\":[{\"@type\":\"SearchAction\",\"target\":{\"@type\":\"EntryPoint\",\"urlTemplate\":\"https:\\\/\\\/diariofemenino.com.ar\\\/df\\\/?s={search_term_string}\"},\"query-input\":{\"@type\":\"PropertyValueSpecification\",\"valueRequired\":true,\"valueName\":\"search_term_string\"}}],\"inLanguage\":\"es\"},{\"@type\":\"Organization\",\"@id\":\"https:\\\/\\\/diariofemenino.com.ar\\\/df\\\/#organization\",\"name\":\"Diario Femenino\",\"url\":\"https:\\\/\\\/diariofemenino.com.ar\\\/df\\\/\",\"logo\":{\"@type\":\"ImageObject\",\"inLanguage\":\"es\",\"@id\":\"https:\\\/\\\/diariofemenino.com.ar\\\/df\\\/#\\\/schema\\\/logo\\\/image\\\/\",\"url\":\"https:\\\/\\\/diariofemenino.com.ar\\\/df\\\/wp-content\\\/uploads\\\/2018\\\/10\\\/logo.png\",\"contentUrl\":\"https:\\\/\\\/diariofemenino.com.ar\\\/df\\\/wp-content\\\/uploads\\\/2018\\\/10\\\/logo.png\",\"width\":500,\"height\":92,\"caption\":\"Diario Femenino\"},\"image\":{\"@id\":\"https:\\\/\\\/diariofemenino.com.ar\\\/df\\\/#\\\/schema\\\/logo\\\/image\\\/\"},\"sameAs\":[\"https:\\\/\\\/www.facebook.com\\\/DiarioDigitaFemenino\\\/\",\"https:\\\/\\\/x.com\\\/DiarioFemenino1\"]},{\"@type\":\"Person\",\"@id\":\"https:\\\/\\\/diariofemenino.com.ar\\\/df\\\/#\\\/schema\\\/person\\\/bf6199e8158c657ea6f789b11ec85509\",\"name\":\"Admin\",\"image\":{\"@type\":\"ImageObject\",\"inLanguage\":\"es\",\"@id\":\"https:\\\/\\\/diariofemenino.com.ar\\\/df\\\/wp-content\\\/uploads\\\/2018\\\/12\\\/favicon-150x150.jpg\",\"url\":\"https:\\\/\\\/diariofemenino.com.ar\\\/df\\\/wp-content\\\/uploads\\\/2018\\\/12\\\/favicon-150x150.jpg\",\"contentUrl\":\"https:\\\/\\\/diariofemenino.com.ar\\\/df\\\/wp-content\\\/uploads\\\/2018\\\/12\\\/favicon-150x150.jpg\",\"caption\":\"Admin\"},\"url\":\"https:\\\/\\\/diariofemenino.com.ar\\\/df\\\/author\\\/lenny\\\/\"}]}<\/script>\n<!-- \/ Yoast SEO plugin. -->","yoast_head_json":{"title":"Colectivo Transfeminista: testimonios del desamparo y carta a diputados - Diario Digital Femenino","description":"Colectivo Transfeminista. La construcci\u00f3n de espacios seguros y de diferentes redes de contenci\u00f3n se ha vuelto una necesidad frente a las agresiones","robots":{"index":"index","follow":"follow","max-snippet":"max-snippet:-1","max-image-preview":"max-image-preview:large","max-video-preview":"max-video-preview:-1"},"canonical":"https:\/\/diariofemenino.com.ar\/df\/colectivo-transfeminista-testimonios-del-desamparo-y-carta-a-diputados\/","og_locale":"es_ES","og_type":"article","og_title":"Colectivo Transfeminista: testimonios del desamparo y carta a diputados - Diario Digital Femenino","og_description":"Colectivo Transfeminista. La construcci\u00f3n de espacios seguros y de diferentes redes de contenci\u00f3n se ha vuelto una necesidad frente a las agresiones","og_url":"https:\/\/diariofemenino.com.ar\/df\/colectivo-transfeminista-testimonios-del-desamparo-y-carta-a-diputados\/","og_site_name":"Diario Digital Femenino","article_publisher":"https:\/\/www.facebook.com\/DiarioDigitaFemenino\/","article_published_time":"2020-11-14T13:00:27+00:00","article_modified_time":"2020-11-14T13:10:56+00:00","og_image":[{"width":960,"height":640,"url":"https:\/\/diariofemenino.com.ar\/df\/wp-content\/uploads\/2020\/11\/WhatsApp-Image-2020-11-13-at-11.50.42-1.jpeg","type":"image\/jpeg"}],"author":"Admin","twitter_card":"summary_large_image","twitter_creator":"@DiarioFemenino1","twitter_site":"@DiarioFemenino1","twitter_misc":{"Escrito por":"Admin","Tiempo de lectura":"10 minutos"},"schema":{"@context":"https:\/\/schema.org","@graph":[{"@type":"Article","@id":"https:\/\/diariofemenino.com.ar\/df\/colectivo-transfeminista-testimonios-del-desamparo-y-carta-a-diputados\/#article","isPartOf":{"@id":"https:\/\/diariofemenino.com.ar\/df\/colectivo-transfeminista-testimonios-del-desamparo-y-carta-a-diputados\/"},"author":{"name":"Admin","@id":"https:\/\/diariofemenino.com.ar\/df\/#\/schema\/person\/bf6199e8158c657ea6f789b11ec85509"},"headline":"Colectivo Transfeminista: testimonios del desamparo y carta a diputados","datePublished":"2020-11-14T13:00:27+00:00","dateModified":"2020-11-14T13:10:56+00:00","mainEntityOfPage":{"@id":"https:\/\/diariofemenino.com.ar\/df\/colectivo-transfeminista-testimonios-del-desamparo-y-carta-a-diputados\/"},"wordCount":2045,"commentCount":0,"publisher":{"@id":"https:\/\/diariofemenino.com.ar\/df\/#organization"},"image":{"@id":"https:\/\/diariofemenino.com.ar\/df\/colectivo-transfeminista-testimonios-del-desamparo-y-carta-a-diputados\/#primaryimage"},"thumbnailUrl":"https:\/\/diariofemenino.com.ar\/df\/wp-content\/uploads\/2020\/11\/WhatsApp-Image-2020-11-13-at-11.50.42-1.jpeg","keywords":["Carta a Diputados","Colectivo Transfeminista"],"articleSection":["Aborto","Agenda Feminista","Mujeres de La Pampa","Noticias"],"inLanguage":"es","potentialAction":[{"@type":"CommentAction","name":"Comment","target":["https:\/\/diariofemenino.com.ar\/df\/colectivo-transfeminista-testimonios-del-desamparo-y-carta-a-diputados\/#respond"]}]},{"@type":"WebPage","@id":"https:\/\/diariofemenino.com.ar\/df\/colectivo-transfeminista-testimonios-del-desamparo-y-carta-a-diputados\/","url":"https:\/\/diariofemenino.com.ar\/df\/colectivo-transfeminista-testimonios-del-desamparo-y-carta-a-diputados\/","name":"Colectivo Transfeminista: testimonios del desamparo y carta a diputados - Diario Digital Femenino","isPartOf":{"@id":"https:\/\/diariofemenino.com.ar\/df\/#website"},"primaryImageOfPage":{"@id":"https:\/\/diariofemenino.com.ar\/df\/colectivo-transfeminista-testimonios-del-desamparo-y-carta-a-diputados\/#primaryimage"},"image":{"@id":"https:\/\/diariofemenino.com.ar\/df\/colectivo-transfeminista-testimonios-del-desamparo-y-carta-a-diputados\/#primaryimage"},"thumbnailUrl":"https:\/\/diariofemenino.com.ar\/df\/wp-content\/uploads\/2020\/11\/WhatsApp-Image-2020-11-13-at-11.50.42-1.jpeg","datePublished":"2020-11-14T13:00:27+00:00","dateModified":"2020-11-14T13:10:56+00:00","description":"Colectivo Transfeminista. La construcci\u00f3n de espacios seguros y de diferentes redes de contenci\u00f3n se ha vuelto una necesidad frente a las agresiones","breadcrumb":{"@id":"https:\/\/diariofemenino.com.ar\/df\/colectivo-transfeminista-testimonios-del-desamparo-y-carta-a-diputados\/#breadcrumb"},"inLanguage":"es","potentialAction":[{"@type":"ReadAction","target":["https:\/\/diariofemenino.com.ar\/df\/colectivo-transfeminista-testimonios-del-desamparo-y-carta-a-diputados\/"]}]},{"@type":"ImageObject","inLanguage":"es","@id":"https:\/\/diariofemenino.com.ar\/df\/colectivo-transfeminista-testimonios-del-desamparo-y-carta-a-diputados\/#primaryimage","url":"https:\/\/diariofemenino.com.ar\/df\/wp-content\/uploads\/2020\/11\/WhatsApp-Image-2020-11-13-at-11.50.42-1.jpeg","contentUrl":"https:\/\/diariofemenino.com.ar\/df\/wp-content\/uploads\/2020\/11\/WhatsApp-Image-2020-11-13-at-11.50.42-1.jpeg","width":960,"height":640,"caption":"Colectivo Transfeminista: testimonios del desamparo y carta a diputados"},{"@type":"BreadcrumbList","@id":"https:\/\/diariofemenino.com.ar\/df\/colectivo-transfeminista-testimonios-del-desamparo-y-carta-a-diputados\/#breadcrumb","itemListElement":[{"@type":"ListItem","position":1,"name":"Portada","item":"https:\/\/diariofemenino.com.ar\/df\/"},{"@type":"ListItem","position":2,"name":"Colectivo Transfeminista: testimonios del desamparo y carta a diputados"}]},{"@type":"WebSite","@id":"https:\/\/diariofemenino.com.ar\/df\/#website","url":"https:\/\/diariofemenino.com.ar\/df\/","name":"Diario Digital Femenino","description":"Cuesti\u00f3n de G\u00e9nero","publisher":{"@id":"https:\/\/diariofemenino.com.ar\/df\/#organization"},"potentialAction":[{"@type":"SearchAction","target":{"@type":"EntryPoint","urlTemplate":"https:\/\/diariofemenino.com.ar\/df\/?s={search_term_string}"},"query-input":{"@type":"PropertyValueSpecification","valueRequired":true,"valueName":"search_term_string"}}],"inLanguage":"es"},{"@type":"Organization","@id":"https:\/\/diariofemenino.com.ar\/df\/#organization","name":"Diario Femenino","url":"https:\/\/diariofemenino.com.ar\/df\/","logo":{"@type":"ImageObject","inLanguage":"es","@id":"https:\/\/diariofemenino.com.ar\/df\/#\/schema\/logo\/image\/","url":"https:\/\/diariofemenino.com.ar\/df\/wp-content\/uploads\/2018\/10\/logo.png","contentUrl":"https:\/\/diariofemenino.com.ar\/df\/wp-content\/uploads\/2018\/10\/logo.png","width":500,"height":92,"caption":"Diario Femenino"},"image":{"@id":"https:\/\/diariofemenino.com.ar\/df\/#\/schema\/logo\/image\/"},"sameAs":["https:\/\/www.facebook.com\/DiarioDigitaFemenino\/","https:\/\/x.com\/DiarioFemenino1"]},{"@type":"Person","@id":"https:\/\/diariofemenino.com.ar\/df\/#\/schema\/person\/bf6199e8158c657ea6f789b11ec85509","name":"Admin","image":{"@type":"ImageObject","inLanguage":"es","@id":"https:\/\/diariofemenino.com.ar\/df\/wp-content\/uploads\/2018\/12\/favicon-150x150.jpg","url":"https:\/\/diariofemenino.com.ar\/df\/wp-content\/uploads\/2018\/12\/favicon-150x150.jpg","contentUrl":"https:\/\/diariofemenino.com.ar\/df\/wp-content\/uploads\/2018\/12\/favicon-150x150.jpg","caption":"Admin"},"url":"https:\/\/diariofemenino.com.ar\/df\/author\/lenny\/"}]}},"jetpack_featured_media_url":"https:\/\/diariofemenino.com.ar\/df\/wp-content\/uploads\/2020\/11\/WhatsApp-Image-2020-11-13-at-11.50.42-1.jpeg","jetpack_sharing_enabled":true,"rttpg_featured_image_url":{"full":["https:\/\/diariofemenino.com.ar\/df\/wp-content\/uploads\/2020\/11\/WhatsApp-Image-2020-11-13-at-11.50.42-1.jpeg",960,640,false],"landscape":["https:\/\/diariofemenino.com.ar\/df\/wp-content\/uploads\/2020\/11\/WhatsApp-Image-2020-11-13-at-11.50.42-1.jpeg",960,640,false],"portraits":["https:\/\/diariofemenino.com.ar\/df\/wp-content\/uploads\/2020\/11\/WhatsApp-Image-2020-11-13-at-11.50.42-1.jpeg",960,640,false],"thumbnail":["https:\/\/diariofemenino.com.ar\/df\/wp-content\/uploads\/2020\/11\/WhatsApp-Image-2020-11-13-at-11.50.42-1-150x150.jpeg",150,150,true],"medium":["https:\/\/diariofemenino.com.ar\/df\/wp-content\/uploads\/2020\/11\/WhatsApp-Image-2020-11-13-at-11.50.42-1-300x200.jpeg",300,200,true],"large":["https:\/\/diariofemenino.com.ar\/df\/wp-content\/uploads\/2020\/11\/WhatsApp-Image-2020-11-13-at-11.50.42-1.jpeg",960,640,false],"1536x1536":["https:\/\/diariofemenino.com.ar\/df\/wp-content\/uploads\/2020\/11\/WhatsApp-Image-2020-11-13-at-11.50.42-1.jpeg",960,640,false],"2048x2048":["https:\/\/diariofemenino.com.ar\/df\/wp-content\/uploads\/2020\/11\/WhatsApp-Image-2020-11-13-at-11.50.42-1.jpeg",960,640,false]},"rttpg_author":{"display_name":"Admin","author_link":"https:\/\/diariofemenino.com.ar\/df\/author\/lenny\/"},"rttpg_comment":0,"rttpg_category":"<a href=\"https:\/\/diariofemenino.com.ar\/df\/category\/aborto\/\" rel=\"category tag\">Aborto<\/a> <a href=\"https:\/\/diariofemenino.com.ar\/df\/category\/agenda-feminista\/\" rel=\"category tag\">Agenda Feminista<\/a> <a href=\"https:\/\/diariofemenino.com.ar\/df\/category\/mujeres-de-la-pampa\/\" rel=\"category tag\">Mujeres de La Pampa<\/a> <a href=\"https:\/\/diariofemenino.com.ar\/df\/category\/noticias\/\" rel=\"category tag\">Noticias<\/a>","rttpg_excerpt":"Colectivo Transfeminista. Tel\u00e9fono para los diputados La construcci\u00f3n de espacios seguros y de diferentes redes de contenci\u00f3n se ha vuelto una necesidad frente a las agresiones que se hacen eco, cotidianamente, por los logros de la llamada Marea Verde y del movimiento feminista que, por citar algunas, oscilan desde el intento de hackear cuentas de&hellip;","_links":{"self":[{"href":"https:\/\/diariofemenino.com.ar\/df\/wp-json\/wp\/v2\/posts\/53837","targetHints":{"allow":["GET"]}}],"collection":[{"href":"https:\/\/diariofemenino.com.ar\/df\/wp-json\/wp\/v2\/posts"}],"about":[{"href":"https:\/\/diariofemenino.com.ar\/df\/wp-json\/wp\/v2\/types\/post"}],"author":[{"embeddable":true,"href":"https:\/\/diariofemenino.com.ar\/df\/wp-json\/wp\/v2\/users\/4"}],"replies":[{"embeddable":true,"href":"https:\/\/diariofemenino.com.ar\/df\/wp-json\/wp\/v2\/comments?post=53837"}],"version-history":[{"count":0,"href":"https:\/\/diariofemenino.com.ar\/df\/wp-json\/wp\/v2\/posts\/53837\/revisions"}],"wp:featuredmedia":[{"embeddable":true,"href":"https:\/\/diariofemenino.com.ar\/df\/wp-json\/wp\/v2\/media\/53842"}],"wp:attachment":[{"href":"https:\/\/diariofemenino.com.ar\/df\/wp-json\/wp\/v2\/media?parent=53837"}],"wp:term":[{"taxonomy":"category","embeddable":true,"href":"https:\/\/diariofemenino.com.ar\/df\/wp-json\/wp\/v2\/categories?post=53837"},{"taxonomy":"post_tag","embeddable":true,"href":"https:\/\/diariofemenino.com.ar\/df\/wp-json\/wp\/v2\/tags?post=53837"}],"curies":[{"name":"wp","href":"https:\/\/api.w.org\/{rel}","templated":true}]}}