{"id":53836,"date":"2020-11-14T09:47:17","date_gmt":"2020-11-14T12:47:17","guid":{"rendered":"https:\/\/diariofemenino.com.ar\/?p=53836"},"modified":"2020-11-14T09:47:17","modified_gmt":"2020-11-14T12:47:17","slug":"redes-de-un-discurso-violento","status":"publish","type":"post","link":"https:\/\/diariofemenino.com.ar\/df\/redes-de-un-discurso-violento\/","title":{"rendered":"Redes de un discurso violento"},"content":{"rendered":"<p>Un uso responsable de las redes requiere que los ciudadanos y ciudadanas desarrollen una mirada cr\u00edtica sobre los contenidos y la informaci\u00f3n a la cual acceden<\/p>\n<p>Por: <a href=\"https:\/\/www.rionegro.com.ar\/redes-de-un-discurso-violento-1569874\/?fbclid=IwAR2N6xm1EL0Lyzmq1vgHCbbQ7WCDu5-KAd41tYX3S06RNgUMpubdT1NEuFc\">Roberto Samar y\u00a0Magdalena Alvarado<\/a><\/p>\n<p>Recientemente fue prendida fuego y asesinada una persona en la localidad de Centenario a partir de la difusi\u00f3n en redes sociales de informaci\u00f3n aberrante que no hab\u00eda sido comprobada.<\/p>\n<figure id=\"attachment_53840\" aria-describedby=\"caption-attachment-53840\" style=\"width: 320px\" class=\"wp-caption aligncenter\"><img loading=\"lazy\" decoding=\"async\" class=\"size-full wp-image-53840\" src=\"https:\/\/diariofemenino.com.ar\/df\/wp-content\/uploads\/2020\/11\/1574899402796.jpg\" alt=\"Redes de un discurso violento\" width=\"320\" height=\"183\" srcset=\"https:\/\/diariofemenino.com.ar\/df\/wp-content\/uploads\/2020\/11\/1574899402796.jpg 320w, https:\/\/diariofemenino.com.ar\/df\/wp-content\/uploads\/2020\/11\/1574899402796-300x172.jpg 300w\" sizes=\"auto, (max-width: 320px) 100vw, 320px\" \/><figcaption id=\"caption-attachment-53840\" class=\"wp-caption-text\">Redes de un discurso violento<\/figcaption><\/figure>\n<p>El primer an\u00e1lisis, quiz\u00e1s el m\u00e1s evidente, tiene que ver con desarrollar una mirada cr\u00edtica de los discursos que reproducimos en nuestras redes sociales y sus caracter\u00edsticas.<\/p>\n<p>Seg\u00fan la doctora en Ciencias Sociales y Humanas Mar\u00eda Raquel Tarullo, los mensajes que apelan a la emoci\u00f3n, adem\u00e1s de ser mejor recordados, generan contagio emocional y se difunden con mayor rapidez.<\/p>\n<p>Es decir,\u00a0las noticias de alto impacto emocional ante la conmoci\u00f3n provocada, tienden a reproducirse velozmente, lo cual podr\u00edamos pensar que es funcional a los <a href=\"https:\/\/diariofemenino.com.ar\/de-baby-etchecopar-a-los-trolls-que-hacer-con-el-discurso-del-odio\/\">discursos de odio<\/a> y a los actos violentos.<\/p>\n<p>Por su parte, Soledad Arr\u00e9guez Manozzo, docente e investigadora de la UNLZ, sostiene que\u00a0diversos estudios confirman que las mentiras circulan mucho m\u00e1s r\u00e1pido que las noticias verdaderas.\u00a0En parte, esto se debe a que las redes sociales favorecen la r\u00e1pida reproducci\u00f3n y transmisi\u00f3n de estos mensajes falsos, enga\u00f1osos o inexactos.<\/p>\n<p>Arr\u00e9guez entiende que un uso responsable de las redes requiere que los ciudadanos y ciudadanas desarrollen una mirada cr\u00edtica sobre los contenidos y la informaci\u00f3n a la cual acceden.<\/p>\n<p>Se debe analizar si ese contenido busca llamar la atenci\u00f3n, si busca la espectacularidad y la emotividad. Asimismo, preguntarnos qui\u00e9n gener\u00f3 esa informaci\u00f3n, si es una fuente confiable, si solo se trata de un mensaje punitivista que apela a la violencia extrema como soluci\u00f3n del conflicto.<\/p>\n<p>En marcos similares, distintos medios titularon \u201cuna noticia falsa desat\u00f3 una tragedia\u201d.<\/p>\n<p>Ahora bien,\u00a0\u00bfes la noticia falsa la que genera el asesinato? \u00bfO es el odio irracional \u201cdifundido\u201d por las redes sociales?\u00a0Si esas noticias hubieran sido verdaderas, \u00bfesas personas merec\u00edan ser asesinadas?<\/p>\n<p>Lamentablemente, es necesario recordar que la pena de muerte en Argentina est\u00e1 prohibida. Incluso si no fuera as\u00ed,\u00a0la persona denunciada tiene derecho a defenderse y a acceder a un juicio, en base al principio de inocencia que rige en nuestra legislaci\u00f3n penal.<\/p>\n<p>Seg\u00fan Amnist\u00eda Internacional, \u201cla pena de muerte constituye una violaci\u00f3n de derechos humanos y, en particular, del derecho a la vida y del derecho a no sufrir tortura ni tratos o penas crueles, inhumanos y degradantes. Estos dos derechos est\u00e1n consagrados en la Declaraci\u00f3n Universal de Derechos Humanos, adoptada en 1948 por las Naciones Unidas\u201d. La pena de muerte es la forma m\u00e1s extrema de pena cruel, inhumana y degradante,\u00a0es un s\u00edntoma de una cultura de violencia que se ve acrecentada a trav\u00e9s de los discursos punitivistas y el odio hacia el otro.<\/p>\n<p>Datos de todo el mundo han demostrado que la pena de muerte no tiene efectos disuasorios especiales con respecto a la delincuencia. A modo de ejemplo, en Canad\u00e1, en 2003, 27 a\u00f1os despu\u00e9s de la abolici\u00f3n de la pena de muerte, el \u00edndice de asesinatos hab\u00eda descendido un 44% con respecto a 1975, cuando la pena de muerte segu\u00eda en vigor.<\/p>\n<p>Estos discursos son justificados, seg\u00fan la crimin\u00f3loga Claudia Cesaroni, en casos donde existe cierto da\u00f1o social y se cree err\u00f3neamente que el causar mayor da\u00f1o a ese enemigo est\u00e1 justificado. Pero, si en realidad analizamos el modo en que el castigo se ejecuta, y las consecuencias que provoca, sobre personas -no monstruos, personas- quiz\u00e1 podemos entender el tipo de perversi\u00f3n que estamos perpetuando.<\/p>\n<p>Como conclusi\u00f3n, en la vor\u00e1gine de las redes debemos detenernos y hacer un uso responsable.\u00a0Pero tambi\u00e9n debemos detenernos y poner en tensi\u00f3n las miradas punitivistas y violentas que nos atraviesan, enmarcadas en la inmediatez de lo tecnol\u00f3gico y llevadas a cabo en una realidad concreta.<\/p>\n<p><a href=\"https:\/\/www.rionegro.com.ar\/\">R\u00edo Negro<\/a><\/p>\n<p><a href=\"https:\/\/diariofemenino.com.ar\/\">Diario Digital Femenino<\/a><\/p>\n","protected":false},"excerpt":{"rendered":"<p>Un uso responsable de las redes requiere que los ciudadanos y ciudadanas desarrollen una mirada cr\u00edtica sobre los contenidos y la informaci\u00f3n a la cual acceden Por: Roberto Samar y\u00a0Magdalena Alvarado Recientemente fue prendida fuego y asesinada una persona en la localidad de Centenario a partir de la difusi\u00f3n en redes sociales de informaci\u00f3n aberrante [&hellip;]<\/p>\n","protected":false},"author":1,"featured_media":53838,"comment_status":"open","ping_status":"open","sticky":false,"template":"","format":"standard","meta":{"iawp_total_views":3,"footnotes":""},"categories":[7,592],"tags":[3814,3292,3815,136],"class_list":["post-53836","post","type-post","status-publish","format-standard","has-post-thumbnail","hentry","category-actividades","category-violencias","tag-difusion-en-redes-sociales","tag-discursos-de-odio","tag-miradas-punitivistas","tag-redes-sociales"],"nelio_content":{"autoShareEndMode":"never","automationSources":{"useCustomSentences":false,"customSentences":[]},"efiAlt":"","efiUrl":"","followers":[],"highlights":[],"isAutoShareEnabled":true,"networkImageIds":[],"permalinkQueryArgs":[],"series":[],"suggestedReferences":[]},"yoast_head":"<!-- This site is optimized with the Yoast SEO plugin v27.5 - https:\/\/yoast.com\/product\/yoast-seo-wordpress\/ -->\n<title>Redes de un discurso violento - Diario Digital Femenino<\/title>\n<meta name=\"description\" content=\"Redes de un discurso violento. Un uso responsable de las redes requiere que los ciudadanos y ciudadanas desarrollen una mirada critica\" \/>\n<meta name=\"robots\" content=\"index, follow, max-snippet:-1, max-image-preview:large, max-video-preview:-1\" \/>\n<link rel=\"canonical\" href=\"https:\/\/diariofemenino.com.ar\/df\/redes-de-un-discurso-violento\/\" \/>\n<meta property=\"og:locale\" content=\"es_ES\" \/>\n<meta property=\"og:type\" content=\"article\" \/>\n<meta property=\"og:title\" content=\"Redes de un discurso violento - Diario Digital Femenino\" \/>\n<meta property=\"og:description\" content=\"Redes de un discurso violento. Un uso responsable de las redes requiere que los ciudadanos y ciudadanas desarrollen una mirada critica\" \/>\n<meta property=\"og:url\" content=\"https:\/\/diariofemenino.com.ar\/df\/redes-de-un-discurso-violento\/\" \/>\n<meta property=\"og:site_name\" content=\"Diario Digital Femenino\" \/>\n<meta property=\"article:publisher\" content=\"https:\/\/www.facebook.com\/DiarioDigitaFemenino\/\" \/>\n<meta property=\"article:published_time\" content=\"2020-11-14T12:47:17+00:00\" \/>\n<meta property=\"og:image\" content=\"https:\/\/diariofemenino.com.ar\/df\/wp-content\/uploads\/2020\/11\/Redes-de-un-discurso-violentoPortada.jpg\" \/>\n\t<meta property=\"og:image:width\" content=\"920\" \/>\n\t<meta property=\"og:image:height\" content=\"517\" \/>\n\t<meta property=\"og:image:type\" content=\"image\/jpeg\" \/>\n<meta name=\"author\" content=\"Admin\" \/>\n<meta name=\"twitter:card\" content=\"summary_large_image\" \/>\n<meta name=\"twitter:creator\" content=\"@DiarioFemenino1\" \/>\n<meta name=\"twitter:site\" content=\"@DiarioFemenino1\" \/>\n<meta name=\"twitter:label1\" content=\"Escrito por\" \/>\n\t<meta name=\"twitter:data1\" content=\"Admin\" \/>\n\t<meta name=\"twitter:label2\" content=\"Tiempo de lectura\" \/>\n\t<meta name=\"twitter:data2\" content=\"3 minutos\" \/>\n<script type=\"application\/ld+json\" class=\"yoast-schema-graph\">{\"@context\":\"https:\\\/\\\/schema.org\",\"@graph\":[{\"@type\":\"Article\",\"@id\":\"https:\\\/\\\/diariofemenino.com.ar\\\/df\\\/redes-de-un-discurso-violento\\\/#article\",\"isPartOf\":{\"@id\":\"https:\\\/\\\/diariofemenino.com.ar\\\/df\\\/redes-de-un-discurso-violento\\\/\"},\"author\":{\"name\":\"Admin\",\"@id\":\"https:\\\/\\\/diariofemenino.com.ar\\\/df\\\/#\\\/schema\\\/person\\\/38f54b3bfd13f561de2460ba95c169c6\"},\"headline\":\"Redes de un discurso violento\",\"datePublished\":\"2020-11-14T12:47:17+00:00\",\"mainEntityOfPage\":{\"@id\":\"https:\\\/\\\/diariofemenino.com.ar\\\/df\\\/redes-de-un-discurso-violento\\\/\"},\"wordCount\":704,\"commentCount\":0,\"publisher\":{\"@id\":\"https:\\\/\\\/diariofemenino.com.ar\\\/df\\\/#organization\"},\"image\":{\"@id\":\"https:\\\/\\\/diariofemenino.com.ar\\\/df\\\/redes-de-un-discurso-violento\\\/#primaryimage\"},\"thumbnailUrl\":\"https:\\\/\\\/diariofemenino.com.ar\\\/df\\\/wp-content\\\/uploads\\\/2020\\\/11\\\/Redes-de-un-discurso-violentoPortada.jpg\",\"keywords\":[\"Difusi\u00f3n en redes sociales\",\"discursos de odio\",\"miradas punitivistas\",\"Redes Sociales\"],\"articleSection\":[\"Actividades\",\"Violencias\"],\"inLanguage\":\"es\",\"potentialAction\":[{\"@type\":\"CommentAction\",\"name\":\"Comment\",\"target\":[\"https:\\\/\\\/diariofemenino.com.ar\\\/df\\\/redes-de-un-discurso-violento\\\/#respond\"]}]},{\"@type\":\"WebPage\",\"@id\":\"https:\\\/\\\/diariofemenino.com.ar\\\/df\\\/redes-de-un-discurso-violento\\\/\",\"url\":\"https:\\\/\\\/diariofemenino.com.ar\\\/df\\\/redes-de-un-discurso-violento\\\/\",\"name\":\"Redes de un discurso violento - Diario Digital Femenino\",\"isPartOf\":{\"@id\":\"https:\\\/\\\/diariofemenino.com.ar\\\/df\\\/#website\"},\"primaryImageOfPage\":{\"@id\":\"https:\\\/\\\/diariofemenino.com.ar\\\/df\\\/redes-de-un-discurso-violento\\\/#primaryimage\"},\"image\":{\"@id\":\"https:\\\/\\\/diariofemenino.com.ar\\\/df\\\/redes-de-un-discurso-violento\\\/#primaryimage\"},\"thumbnailUrl\":\"https:\\\/\\\/diariofemenino.com.ar\\\/df\\\/wp-content\\\/uploads\\\/2020\\\/11\\\/Redes-de-un-discurso-violentoPortada.jpg\",\"datePublished\":\"2020-11-14T12:47:17+00:00\",\"description\":\"Redes de un discurso violento. Un uso responsable de las redes requiere que los ciudadanos y ciudadanas desarrollen una mirada critica\",\"breadcrumb\":{\"@id\":\"https:\\\/\\\/diariofemenino.com.ar\\\/df\\\/redes-de-un-discurso-violento\\\/#breadcrumb\"},\"inLanguage\":\"es\",\"potentialAction\":[{\"@type\":\"ReadAction\",\"target\":[\"https:\\\/\\\/diariofemenino.com.ar\\\/df\\\/redes-de-un-discurso-violento\\\/\"]}]},{\"@type\":\"ImageObject\",\"inLanguage\":\"es\",\"@id\":\"https:\\\/\\\/diariofemenino.com.ar\\\/df\\\/redes-de-un-discurso-violento\\\/#primaryimage\",\"url\":\"https:\\\/\\\/diariofemenino.com.ar\\\/df\\\/wp-content\\\/uploads\\\/2020\\\/11\\\/Redes-de-un-discurso-violentoPortada.jpg\",\"contentUrl\":\"https:\\\/\\\/diariofemenino.com.ar\\\/df\\\/wp-content\\\/uploads\\\/2020\\\/11\\\/Redes-de-un-discurso-violentoPortada.jpg\",\"width\":920,\"height\":517,\"caption\":\"Redes de un discurso violento\"},{\"@type\":\"BreadcrumbList\",\"@id\":\"https:\\\/\\\/diariofemenino.com.ar\\\/df\\\/redes-de-un-discurso-violento\\\/#breadcrumb\",\"itemListElement\":[{\"@type\":\"ListItem\",\"position\":1,\"name\":\"Portada\",\"item\":\"https:\\\/\\\/diariofemenino.com.ar\\\/df\\\/\"},{\"@type\":\"ListItem\",\"position\":2,\"name\":\"Redes de un discurso violento\"}]},{\"@type\":\"WebSite\",\"@id\":\"https:\\\/\\\/diariofemenino.com.ar\\\/df\\\/#website\",\"url\":\"https:\\\/\\\/diariofemenino.com.ar\\\/df\\\/\",\"name\":\"Diario Digital Femenino\",\"description\":\"Cuesti\u00f3n de G\u00e9nero\",\"publisher\":{\"@id\":\"https:\\\/\\\/diariofemenino.com.ar\\\/df\\\/#organization\"},\"potentialAction\":[{\"@type\":\"SearchAction\",\"target\":{\"@type\":\"EntryPoint\",\"urlTemplate\":\"https:\\\/\\\/diariofemenino.com.ar\\\/df\\\/?s={search_term_string}\"},\"query-input\":{\"@type\":\"PropertyValueSpecification\",\"valueRequired\":true,\"valueName\":\"search_term_string\"}}],\"inLanguage\":\"es\"},{\"@type\":\"Organization\",\"@id\":\"https:\\\/\\\/diariofemenino.com.ar\\\/df\\\/#organization\",\"name\":\"Diario Femenino\",\"url\":\"https:\\\/\\\/diariofemenino.com.ar\\\/df\\\/\",\"logo\":{\"@type\":\"ImageObject\",\"inLanguage\":\"es\",\"@id\":\"https:\\\/\\\/diariofemenino.com.ar\\\/df\\\/#\\\/schema\\\/logo\\\/image\\\/\",\"url\":\"https:\\\/\\\/diariofemenino.com.ar\\\/df\\\/wp-content\\\/uploads\\\/2018\\\/10\\\/logo.png\",\"contentUrl\":\"https:\\\/\\\/diariofemenino.com.ar\\\/df\\\/wp-content\\\/uploads\\\/2018\\\/10\\\/logo.png\",\"width\":500,\"height\":92,\"caption\":\"Diario Femenino\"},\"image\":{\"@id\":\"https:\\\/\\\/diariofemenino.com.ar\\\/df\\\/#\\\/schema\\\/logo\\\/image\\\/\"},\"sameAs\":[\"https:\\\/\\\/www.facebook.com\\\/DiarioDigitaFemenino\\\/\",\"https:\\\/\\\/x.com\\\/DiarioFemenino1\"]},{\"@type\":\"Person\",\"@id\":\"https:\\\/\\\/diariofemenino.com.ar\\\/df\\\/#\\\/schema\\\/person\\\/38f54b3bfd13f561de2460ba95c169c6\",\"name\":\"Admin\",\"image\":{\"@type\":\"ImageObject\",\"inLanguage\":\"es\",\"@id\":\"https:\\\/\\\/diariofemenino.com.ar\\\/df\\\/wp-content\\\/uploads\\\/2018\\\/12\\\/favicon-150x150.jpg\",\"url\":\"https:\\\/\\\/diariofemenino.com.ar\\\/df\\\/wp-content\\\/uploads\\\/2018\\\/12\\\/favicon-150x150.jpg\",\"contentUrl\":\"https:\\\/\\\/diariofemenino.com.ar\\\/df\\\/wp-content\\\/uploads\\\/2018\\\/12\\\/favicon-150x150.jpg\",\"caption\":\"Admin\"},\"url\":\"https:\\\/\\\/diariofemenino.com.ar\\\/df\\\/author\\\/adm18df\\\/\"}]}<\/script>\n<!-- \/ Yoast SEO plugin. -->","yoast_head_json":{"title":"Redes de un discurso violento - Diario Digital Femenino","description":"Redes de un discurso violento. Un uso responsable de las redes requiere que los ciudadanos y ciudadanas desarrollen una mirada critica","robots":{"index":"index","follow":"follow","max-snippet":"max-snippet:-1","max-image-preview":"max-image-preview:large","max-video-preview":"max-video-preview:-1"},"canonical":"https:\/\/diariofemenino.com.ar\/df\/redes-de-un-discurso-violento\/","og_locale":"es_ES","og_type":"article","og_title":"Redes de un discurso violento - Diario Digital Femenino","og_description":"Redes de un discurso violento. Un uso responsable de las redes requiere que los ciudadanos y ciudadanas desarrollen una mirada critica","og_url":"https:\/\/diariofemenino.com.ar\/df\/redes-de-un-discurso-violento\/","og_site_name":"Diario Digital Femenino","article_publisher":"https:\/\/www.facebook.com\/DiarioDigitaFemenino\/","article_published_time":"2020-11-14T12:47:17+00:00","og_image":[{"width":920,"height":517,"url":"https:\/\/diariofemenino.com.ar\/df\/wp-content\/uploads\/2020\/11\/Redes-de-un-discurso-violentoPortada.jpg","type":"image\/jpeg"}],"author":"Admin","twitter_card":"summary_large_image","twitter_creator":"@DiarioFemenino1","twitter_site":"@DiarioFemenino1","twitter_misc":{"Escrito por":"Admin","Tiempo de lectura":"3 minutos"},"schema":{"@context":"https:\/\/schema.org","@graph":[{"@type":"Article","@id":"https:\/\/diariofemenino.com.ar\/df\/redes-de-un-discurso-violento\/#article","isPartOf":{"@id":"https:\/\/diariofemenino.com.ar\/df\/redes-de-un-discurso-violento\/"},"author":{"name":"Admin","@id":"https:\/\/diariofemenino.com.ar\/df\/#\/schema\/person\/38f54b3bfd13f561de2460ba95c169c6"},"headline":"Redes de un discurso violento","datePublished":"2020-11-14T12:47:17+00:00","mainEntityOfPage":{"@id":"https:\/\/diariofemenino.com.ar\/df\/redes-de-un-discurso-violento\/"},"wordCount":704,"commentCount":0,"publisher":{"@id":"https:\/\/diariofemenino.com.ar\/df\/#organization"},"image":{"@id":"https:\/\/diariofemenino.com.ar\/df\/redes-de-un-discurso-violento\/#primaryimage"},"thumbnailUrl":"https:\/\/diariofemenino.com.ar\/df\/wp-content\/uploads\/2020\/11\/Redes-de-un-discurso-violentoPortada.jpg","keywords":["Difusi\u00f3n en redes sociales","discursos de odio","miradas punitivistas","Redes Sociales"],"articleSection":["Actividades","Violencias"],"inLanguage":"es","potentialAction":[{"@type":"CommentAction","name":"Comment","target":["https:\/\/diariofemenino.com.ar\/df\/redes-de-un-discurso-violento\/#respond"]}]},{"@type":"WebPage","@id":"https:\/\/diariofemenino.com.ar\/df\/redes-de-un-discurso-violento\/","url":"https:\/\/diariofemenino.com.ar\/df\/redes-de-un-discurso-violento\/","name":"Redes de un discurso violento - Diario Digital Femenino","isPartOf":{"@id":"https:\/\/diariofemenino.com.ar\/df\/#website"},"primaryImageOfPage":{"@id":"https:\/\/diariofemenino.com.ar\/df\/redes-de-un-discurso-violento\/#primaryimage"},"image":{"@id":"https:\/\/diariofemenino.com.ar\/df\/redes-de-un-discurso-violento\/#primaryimage"},"thumbnailUrl":"https:\/\/diariofemenino.com.ar\/df\/wp-content\/uploads\/2020\/11\/Redes-de-un-discurso-violentoPortada.jpg","datePublished":"2020-11-14T12:47:17+00:00","description":"Redes de un discurso violento. Un uso responsable de las redes requiere que los ciudadanos y ciudadanas desarrollen una mirada critica","breadcrumb":{"@id":"https:\/\/diariofemenino.com.ar\/df\/redes-de-un-discurso-violento\/#breadcrumb"},"inLanguage":"es","potentialAction":[{"@type":"ReadAction","target":["https:\/\/diariofemenino.com.ar\/df\/redes-de-un-discurso-violento\/"]}]},{"@type":"ImageObject","inLanguage":"es","@id":"https:\/\/diariofemenino.com.ar\/df\/redes-de-un-discurso-violento\/#primaryimage","url":"https:\/\/diariofemenino.com.ar\/df\/wp-content\/uploads\/2020\/11\/Redes-de-un-discurso-violentoPortada.jpg","contentUrl":"https:\/\/diariofemenino.com.ar\/df\/wp-content\/uploads\/2020\/11\/Redes-de-un-discurso-violentoPortada.jpg","width":920,"height":517,"caption":"Redes de un discurso violento"},{"@type":"BreadcrumbList","@id":"https:\/\/diariofemenino.com.ar\/df\/redes-de-un-discurso-violento\/#breadcrumb","itemListElement":[{"@type":"ListItem","position":1,"name":"Portada","item":"https:\/\/diariofemenino.com.ar\/df\/"},{"@type":"ListItem","position":2,"name":"Redes de un discurso violento"}]},{"@type":"WebSite","@id":"https:\/\/diariofemenino.com.ar\/df\/#website","url":"https:\/\/diariofemenino.com.ar\/df\/","name":"Diario Digital Femenino","description":"Cuesti\u00f3n de G\u00e9nero","publisher":{"@id":"https:\/\/diariofemenino.com.ar\/df\/#organization"},"potentialAction":[{"@type":"SearchAction","target":{"@type":"EntryPoint","urlTemplate":"https:\/\/diariofemenino.com.ar\/df\/?s={search_term_string}"},"query-input":{"@type":"PropertyValueSpecification","valueRequired":true,"valueName":"search_term_string"}}],"inLanguage":"es"},{"@type":"Organization","@id":"https:\/\/diariofemenino.com.ar\/df\/#organization","name":"Diario Femenino","url":"https:\/\/diariofemenino.com.ar\/df\/","logo":{"@type":"ImageObject","inLanguage":"es","@id":"https:\/\/diariofemenino.com.ar\/df\/#\/schema\/logo\/image\/","url":"https:\/\/diariofemenino.com.ar\/df\/wp-content\/uploads\/2018\/10\/logo.png","contentUrl":"https:\/\/diariofemenino.com.ar\/df\/wp-content\/uploads\/2018\/10\/logo.png","width":500,"height":92,"caption":"Diario Femenino"},"image":{"@id":"https:\/\/diariofemenino.com.ar\/df\/#\/schema\/logo\/image\/"},"sameAs":["https:\/\/www.facebook.com\/DiarioDigitaFemenino\/","https:\/\/x.com\/DiarioFemenino1"]},{"@type":"Person","@id":"https:\/\/diariofemenino.com.ar\/df\/#\/schema\/person\/38f54b3bfd13f561de2460ba95c169c6","name":"Admin","image":{"@type":"ImageObject","inLanguage":"es","@id":"https:\/\/diariofemenino.com.ar\/df\/wp-content\/uploads\/2018\/12\/favicon-150x150.jpg","url":"https:\/\/diariofemenino.com.ar\/df\/wp-content\/uploads\/2018\/12\/favicon-150x150.jpg","contentUrl":"https:\/\/diariofemenino.com.ar\/df\/wp-content\/uploads\/2018\/12\/favicon-150x150.jpg","caption":"Admin"},"url":"https:\/\/diariofemenino.com.ar\/df\/author\/adm18df\/"}]}},"jetpack_featured_media_url":"https:\/\/diariofemenino.com.ar\/df\/wp-content\/uploads\/2020\/11\/Redes-de-un-discurso-violentoPortada.jpg","jetpack_sharing_enabled":true,"rttpg_featured_image_url":{"full":["https:\/\/diariofemenino.com.ar\/df\/wp-content\/uploads\/2020\/11\/Redes-de-un-discurso-violentoPortada.jpg",920,517,false],"landscape":["https:\/\/diariofemenino.com.ar\/df\/wp-content\/uploads\/2020\/11\/Redes-de-un-discurso-violentoPortada.jpg",920,517,false],"portraits":["https:\/\/diariofemenino.com.ar\/df\/wp-content\/uploads\/2020\/11\/Redes-de-un-discurso-violentoPortada.jpg",920,517,false],"thumbnail":["https:\/\/diariofemenino.com.ar\/df\/wp-content\/uploads\/2020\/11\/Redes-de-un-discurso-violentoPortada-150x150.jpg",150,150,true],"medium":["https:\/\/diariofemenino.com.ar\/df\/wp-content\/uploads\/2020\/11\/Redes-de-un-discurso-violentoPortada-300x169.jpg",300,169,true],"large":["https:\/\/diariofemenino.com.ar\/df\/wp-content\/uploads\/2020\/11\/Redes-de-un-discurso-violentoPortada.jpg",920,517,false],"1536x1536":["https:\/\/diariofemenino.com.ar\/df\/wp-content\/uploads\/2020\/11\/Redes-de-un-discurso-violentoPortada.jpg",920,517,false],"2048x2048":["https:\/\/diariofemenino.com.ar\/df\/wp-content\/uploads\/2020\/11\/Redes-de-un-discurso-violentoPortada.jpg",920,517,false]},"rttpg_author":{"display_name":"Admin","author_link":"https:\/\/diariofemenino.com.ar\/df\/author\/adm18df\/"},"rttpg_comment":0,"rttpg_category":"<a href=\"https:\/\/diariofemenino.com.ar\/df\/category\/actividades\/\" rel=\"category tag\">Actividades<\/a> <a href=\"https:\/\/diariofemenino.com.ar\/df\/category\/violencias\/\" rel=\"category tag\">Violencias<\/a>","rttpg_excerpt":"Un uso responsable de las redes requiere que los ciudadanos y ciudadanas desarrollen una mirada cr\u00edtica sobre los contenidos y la informaci\u00f3n a la cual acceden Por: Roberto Samar y\u00a0Magdalena Alvarado Recientemente fue prendida fuego y asesinada una persona en la localidad de Centenario a partir de la difusi\u00f3n en redes sociales de informaci\u00f3n aberrante&hellip;","_links":{"self":[{"href":"https:\/\/diariofemenino.com.ar\/df\/wp-json\/wp\/v2\/posts\/53836","targetHints":{"allow":["GET"]}}],"collection":[{"href":"https:\/\/diariofemenino.com.ar\/df\/wp-json\/wp\/v2\/posts"}],"about":[{"href":"https:\/\/diariofemenino.com.ar\/df\/wp-json\/wp\/v2\/types\/post"}],"author":[{"embeddable":true,"href":"https:\/\/diariofemenino.com.ar\/df\/wp-json\/wp\/v2\/users\/1"}],"replies":[{"embeddable":true,"href":"https:\/\/diariofemenino.com.ar\/df\/wp-json\/wp\/v2\/comments?post=53836"}],"version-history":[{"count":0,"href":"https:\/\/diariofemenino.com.ar\/df\/wp-json\/wp\/v2\/posts\/53836\/revisions"}],"wp:featuredmedia":[{"embeddable":true,"href":"https:\/\/diariofemenino.com.ar\/df\/wp-json\/wp\/v2\/media\/53838"}],"wp:attachment":[{"href":"https:\/\/diariofemenino.com.ar\/df\/wp-json\/wp\/v2\/media?parent=53836"}],"wp:term":[{"taxonomy":"category","embeddable":true,"href":"https:\/\/diariofemenino.com.ar\/df\/wp-json\/wp\/v2\/categories?post=53836"},{"taxonomy":"post_tag","embeddable":true,"href":"https:\/\/diariofemenino.com.ar\/df\/wp-json\/wp\/v2\/tags?post=53836"}],"curies":[{"name":"wp","href":"https:\/\/api.w.org\/{rel}","templated":true}]}}