{"id":53403,"date":"2020-10-27T08:37:06","date_gmt":"2020-10-27T11:37:06","guid":{"rendered":"https:\/\/diariofemenino.com.ar\/?p=53403"},"modified":"2020-10-27T09:29:17","modified_gmt":"2020-10-27T12:29:17","slug":"cosas-de-minas","status":"publish","type":"post","link":"https:\/\/diariofemenino.com.ar\/df\/cosas-de-minas\/","title":{"rendered":"\u00bfCosas de minas?"},"content":{"rendered":"<p>Mark Bryan, el hombre que usa tacones, titulaba la nota, y a una amante de los tacos altos como yo, esta noticia le produjo mucha curiosidad. No iba a escribir sobre ella esta semana, pero al leer las reacciones que provoc\u00f3 el art\u00edculo quise hacerlo. \u00bfQui\u00e9n es Mark Bryan? No sabemos mucho de \u00e9l: solo fue noticia porque su cuenta de Instagram se viraliz\u00f3 en los \u00faltimos d\u00edas por contener im\u00e1genes de \u00e9l posando distintos outfits que combinan tacos y polleras. En sus redes, Mark acompa\u00f1a a cada foto que se saca con el mismo ep\u00edgrafe: \u00absolo soy un hombre heterosexual y felizmente casado, que ama los Porsche, a las mujeres hermosas, y que incorpora tacones altos y faldas a su armario\u00bb. Me sigue sorprendiendo que la libertad todav\u00eda despierte tanto odio, discriminaci\u00f3n y prejuicio. \u00bfAcaso no vivimos en una \u00e9poca en que la ropa sin g\u00e9nero est\u00e1 en auge? Hasta la misma Billie Eilish, cansada del\u00a0body shaming\u00a0por ser juzgada constantemente sobre su peso o su tama\u00f1o, dej\u00f3 a un costado las prendas\u00a0oversize\u00a0y decidi\u00f3 mostrar su cuerpo para tomar conciencia sobre la importancia de no estar atentos a la percepci\u00f3n ajena.<\/p>\n<p>Por: <a href=\"https:\/\/es.wikipedia.org\/wiki\/Florencia_de_la_V\">Flor de la V<\/a><\/p>\n<p><img loading=\"lazy\" decoding=\"async\" class=\"aligncenter size-full wp-image-53412\" src=\"https:\/\/diariofemenino.com.ar\/df\/wp-content\/uploads\/2020\/10\/Ray.jpg\" alt=\"\" width=\"798\" height=\"516\" srcset=\"https:\/\/diariofemenino.com.ar\/df\/wp-content\/uploads\/2020\/10\/Ray.jpg 798w, https:\/\/diariofemenino.com.ar\/df\/wp-content\/uploads\/2020\/10\/Ray-300x194.jpg 300w, https:\/\/diariofemenino.com.ar\/df\/wp-content\/uploads\/2020\/10\/Ray-768x497.jpg 768w\" sizes=\"auto, (max-width: 798px) 100vw, 798px\" \/><\/p>\n<p>Trabajamos para derribar los <a href=\"https:\/\/diariofemenino.com.ar\/los-estereotipos-que-todavia-quedan\/\">estereotipos patriarcales<\/a> que nos dec\u00edan que las mujeres tienen que ser femeninas, los varones masculinos, pero cuando algo sale de la normativa social \u00abaceptable\u00bb lo condenamos. Los comentarios que recibe Mark por usar tacos altos me hacen pensar en lo mucho que nos falta crecer como sociedad. Me refiero a respuestas de la gente como estas:\u00ab\u00bfhay que salir a la calle as\u00ed?\u00bb, \u00ab\u00a1viejo lesbiano!\u00bb, \u00ab\u00a1es un trava!\u00bb, \u00ab\u00bfpor qu\u00e9 no te pon\u00e9s tetas y te dejas de joder?\u00bb, \u00ab\u00bfy la peluca?\u00bb, \u00ab\u00bfqu\u00e9 carajo es esto?\u00bb, \u00ab\u00bfqu\u00e9 busca?\u00bb, \u00ab\u00bfno le da verg\u00fcenza?\u00bb, \u00ab\u00a1Transexual!\u00bb, \u00ab\u00bfla mujer no se da cuenta de que el marido es gay?\u00bb, \u00ab\u00a1estar casada con un gay y hacerte la boluda!\u00bb.<\/p>\n<p>\u00bfPor qu\u00e9 la gente autom\u00e1ticamente define a Mark como homosexual? Y lo que es peor a\u00fan: \u00bfpor qu\u00e9 se identifica a lo femenino y a lo homosexual como un insulto o una debilidad que debe ser se\u00f1alada? Quiz\u00e1s Mark no exista y sea un invenci\u00f3n, quiz\u00e1s si sea cierta la historia que cuenta cuando explica como comenz\u00f3 a usar tacos en la universidad porque una novia le pidi\u00f3 que se los pusiera para bailar con ella, y ese episodio despert\u00f3 el deseo en \u00e9l de vestirse as\u00ed. Lo cierto es que no importa: lo preocupante ac\u00e1 es el juicio de la gente. Es verdad que hace treinta o cuarenta a\u00f1os, lamentablemente muchas personas gay se ve\u00edan obligadas a casarse por mandato familiar, prejuicio o por el qu\u00e9 dir\u00e1n. Es triste, y en la actualidad todav\u00eda sigue sucediendo. El suyo no ser\u00eda un caso de transexualidad, ya que la transexualidad es la condici\u00f3n de una persona cuyo sexo psicol\u00f3gico difiere del biol\u00f3gico. En general, las personas con trastorno de identidad de g\u00e9nero sufren por esta incongruencia y buscan un cambio de la anatom\u00eda sexual mediante tratamiento hormonal y quir\u00fargico llamado reasignaci\u00f3n de sexo. Ser transexual no te hace homosexual. Es muy com\u00fan esta confusi\u00f3n.<\/p>\n<p>\u00abSoy heterosexual\u00bb explica a veces, en su cuenta, pero hay ocasiones en las que se enoja con algunos cuando le preguntan y les responde: \u00ab\u00bfPor qu\u00e9 el uso de una pollera te har\u00eda pensar en mi preferencia sexual?\u00bb \u00ab\u00bfMe har\u00edan la misma pregunta si llevara pantalones?\u00bb<\/p>\n<p>Si bien los zapatos de taco alto son una de las prendas que m\u00e1s se asocian a las mujeres o con la femineidad, \u00bfsab\u00edan que los primeros en usarlos fueron los hombres? No por coqueter\u00eda, sino como una herramienta para las batallas o la guerra. En el antiguo Imperio persa, los jinetes los llevaban para poder pararse mientras montaban a caballo, no perder los estribos y disparar sus arcos con m\u00e1s comodidad. Cuando Persia empez\u00f3 a mantener relaciones diplom\u00e1ticas con Europa, la corte francesa enloqueci\u00f3 con los tacos y r\u00e1pidamente los nobles franceses los comenzaron a usar.<\/p>\n<p>\u00bfLa ropa es tan determinante para la construcci\u00f3n social de una persona? La soci\u00f3loga Laura Zambrini explica que la vestimenta hist\u00f3ricamente fue un elemento que estableci\u00f3 las normas de un molde binario y heterosexual en nuestra sociedad occidental, ya que fija significados culturales sobre el cuerpo. En un art\u00edculo que encontr\u00e9 en la web le\u00ed que Zambrini dice que si observamos la historia de la moda, podemos identificar la relaci\u00f3n entre la vestimenta y la sexualidad: \u00abPor ejemplo, en distintas instancias hist\u00f3ricas mediante el vestir se ha pautado qu\u00e9 partes del cuerpo los sujetos pueden mostrar en la esfera p\u00fablica, y cu\u00e1les no. Esta regulaci\u00f3n posee un sustrato moral, jer\u00e1rquico y normativo que inscribe las identidades a partir de la naturalizaci\u00f3n de las diferencias entre los cuerpos desde lo sexual. La supuesta diferencia natural de los sexos ser\u00e1\u0301 correlativa con las diferencias del vestir entre hombres y mujeres, as\u00ed\u0301 como el inter\u00e9s por la est\u00e9tica y la moda ser\u00e1n \u00e1mbitos relegados a lo &#8216;femenino'\u00bb, puntualiza Laura.<\/p>\n<p>Evolucionamos, y la ropa tambi\u00e9n. Saquemos las etiquetas de nuestras cabezas: los colores no tienen g\u00e9nero, los talles deben adaptarse a nosotres, no se trata solo de una prenda cuando nos vestimos, ahora hablamos de expresarnos y si te gustan los tacos \u00a1usalos!<\/p>\n<p><a href=\"https:\/\/www.pagina12.com.ar\/\">P\u00e1gina 12<\/a><\/p>\n<p><a href=\"https:\/\/diariofemenino.com.ar\/\">Diario Digital Femenino<\/a><\/p>\n<p>&nbsp;<\/p>\n","protected":false},"excerpt":{"rendered":"<p>Mark Bryan, el hombre que usa tacones, titulaba la nota, y a una amante de los tacos altos como yo, esta noticia le produjo mucha curiosidad. No iba a escribir sobre ella esta semana, pero al leer las reacciones que provoc\u00f3 el art\u00edculo quise hacerlo. \u00bfQui\u00e9n es Mark Bryan? No sabemos mucho de \u00e9l: solo [&hellip;]<\/p>\n","protected":false},"author":1,"featured_media":53415,"comment_status":"open","ping_status":"open","sticky":false,"template":"","format":"standard","meta":{"iawp_total_views":44,"footnotes":""},"categories":[5,21],"tags":[3723,3721,3722,3724],"class_list":["post-53403","post","type-post","status-publish","format-standard","has-post-thumbnail","hentry","category-historias-de-vida","category-noticias","tag-estereotipos-patriarcales","tag-mark-bryan","tag-tacones","tag-vestimenta"],"nelio_content":{"autoShareEndMode":"never","automationSources":{"useCustomSentences":false,"customSentences":[]},"efiAlt":"","efiUrl":"","followers":[4],"highlights":[],"isAutoShareEnabled":true,"networkImageIds":[],"permalinkQueryArgs":[],"series":[],"suggestedReferences":[]},"yoast_head":"<!-- This site is optimized with the Yoast SEO plugin v27.5 - https:\/\/yoast.com\/product\/yoast-seo-wordpress\/ -->\n<title>\u00bfCosas de minas? - Diario Digital Femenino<\/title>\n<meta name=\"description\" content=\"\u00bfCosas de minas?Mark Bryan, el hombre que usa tacones, titulaba la nota, y a una amante de los tacos altos como yo. Instagram se viraliz\u00f3\" \/>\n<meta name=\"robots\" content=\"index, follow, max-snippet:-1, max-image-preview:large, max-video-preview:-1\" \/>\n<link rel=\"canonical\" href=\"https:\/\/diariofemenino.com.ar\/df\/cosas-de-minas\/\" \/>\n<meta property=\"og:locale\" content=\"es_ES\" \/>\n<meta property=\"og:type\" content=\"article\" \/>\n<meta property=\"og:title\" content=\"\u00bfCosas de minas? - Diario Digital Femenino\" \/>\n<meta property=\"og:description\" content=\"\u00bfCosas de minas?Mark Bryan, el hombre que usa tacones, titulaba la nota, y a una amante de los tacos altos como yo. Instagram se viraliz\u00f3\" \/>\n<meta property=\"og:url\" content=\"https:\/\/diariofemenino.com.ar\/df\/cosas-de-minas\/\" \/>\n<meta property=\"og:site_name\" content=\"Diario Digital Femenino\" \/>\n<meta property=\"article:publisher\" content=\"https:\/\/www.facebook.com\/DiarioDigitaFemenino\/\" \/>\n<meta property=\"article:published_time\" content=\"2020-10-27T11:37:06+00:00\" \/>\n<meta property=\"article:modified_time\" content=\"2020-10-27T12:29:17+00:00\" \/>\n<meta property=\"og:image\" content=\"https:\/\/diariofemenino.com.ar\/df\/wp-content\/uploads\/2020\/10\/Mark-Bryan-hombre-viste-ropa-de-mujer-faldas-tacones.jpg\" \/>\n\t<meta property=\"og:image:width\" content=\"952\" \/>\n\t<meta property=\"og:image:height\" content=\"578\" \/>\n\t<meta property=\"og:image:type\" content=\"image\/jpeg\" \/>\n<meta name=\"author\" content=\"Admin\" \/>\n<meta name=\"twitter:card\" content=\"summary_large_image\" \/>\n<meta name=\"twitter:creator\" content=\"@DiarioFemenino1\" \/>\n<meta name=\"twitter:site\" content=\"@DiarioFemenino1\" \/>\n<meta name=\"twitter:label1\" content=\"Escrito por\" \/>\n\t<meta name=\"twitter:data1\" content=\"Admin\" \/>\n\t<meta name=\"twitter:label2\" content=\"Tiempo de lectura\" \/>\n\t<meta name=\"twitter:data2\" content=\"5 minutos\" \/>\n<script type=\"application\/ld+json\" class=\"yoast-schema-graph\">{\"@context\":\"https:\\\/\\\/schema.org\",\"@graph\":[{\"@type\":\"Article\",\"@id\":\"https:\\\/\\\/diariofemenino.com.ar\\\/df\\\/cosas-de-minas\\\/#article\",\"isPartOf\":{\"@id\":\"https:\\\/\\\/diariofemenino.com.ar\\\/df\\\/cosas-de-minas\\\/\"},\"author\":{\"name\":\"Admin\",\"@id\":\"https:\\\/\\\/diariofemenino.com.ar\\\/df\\\/#\\\/schema\\\/person\\\/38f54b3bfd13f561de2460ba95c169c6\"},\"headline\":\"\u00bfCosas de minas?\",\"datePublished\":\"2020-10-27T11:37:06+00:00\",\"dateModified\":\"2020-10-27T12:29:17+00:00\",\"mainEntityOfPage\":{\"@id\":\"https:\\\/\\\/diariofemenino.com.ar\\\/df\\\/cosas-de-minas\\\/\"},\"wordCount\":940,\"commentCount\":0,\"publisher\":{\"@id\":\"https:\\\/\\\/diariofemenino.com.ar\\\/df\\\/#organization\"},\"image\":{\"@id\":\"https:\\\/\\\/diariofemenino.com.ar\\\/df\\\/cosas-de-minas\\\/#primaryimage\"},\"thumbnailUrl\":\"https:\\\/\\\/diariofemenino.com.ar\\\/df\\\/wp-content\\\/uploads\\\/2020\\\/10\\\/Mark-Bryan-hombre-viste-ropa-de-mujer-faldas-tacones.jpg\",\"keywords\":[\"Estereotipos patriarcales\",\"Mark Bryan\",\"Tacones\",\"Vestimenta\"],\"articleSection\":[\"Historias de vida\",\"Noticias\"],\"inLanguage\":\"es\",\"potentialAction\":[{\"@type\":\"CommentAction\",\"name\":\"Comment\",\"target\":[\"https:\\\/\\\/diariofemenino.com.ar\\\/df\\\/cosas-de-minas\\\/#respond\"]}]},{\"@type\":\"WebPage\",\"@id\":\"https:\\\/\\\/diariofemenino.com.ar\\\/df\\\/cosas-de-minas\\\/\",\"url\":\"https:\\\/\\\/diariofemenino.com.ar\\\/df\\\/cosas-de-minas\\\/\",\"name\":\"\u00bfCosas de minas? - Diario Digital Femenino\",\"isPartOf\":{\"@id\":\"https:\\\/\\\/diariofemenino.com.ar\\\/df\\\/#website\"},\"primaryImageOfPage\":{\"@id\":\"https:\\\/\\\/diariofemenino.com.ar\\\/df\\\/cosas-de-minas\\\/#primaryimage\"},\"image\":{\"@id\":\"https:\\\/\\\/diariofemenino.com.ar\\\/df\\\/cosas-de-minas\\\/#primaryimage\"},\"thumbnailUrl\":\"https:\\\/\\\/diariofemenino.com.ar\\\/df\\\/wp-content\\\/uploads\\\/2020\\\/10\\\/Mark-Bryan-hombre-viste-ropa-de-mujer-faldas-tacones.jpg\",\"datePublished\":\"2020-10-27T11:37:06+00:00\",\"dateModified\":\"2020-10-27T12:29:17+00:00\",\"description\":\"\u00bfCosas de minas?Mark Bryan, el hombre que usa tacones, titulaba la nota, y a una amante de los tacos altos como yo. Instagram se viraliz\u00f3\",\"breadcrumb\":{\"@id\":\"https:\\\/\\\/diariofemenino.com.ar\\\/df\\\/cosas-de-minas\\\/#breadcrumb\"},\"inLanguage\":\"es\",\"potentialAction\":[{\"@type\":\"ReadAction\",\"target\":[\"https:\\\/\\\/diariofemenino.com.ar\\\/df\\\/cosas-de-minas\\\/\"]}]},{\"@type\":\"ImageObject\",\"inLanguage\":\"es\",\"@id\":\"https:\\\/\\\/diariofemenino.com.ar\\\/df\\\/cosas-de-minas\\\/#primaryimage\",\"url\":\"https:\\\/\\\/diariofemenino.com.ar\\\/df\\\/wp-content\\\/uploads\\\/2020\\\/10\\\/Mark-Bryan-hombre-viste-ropa-de-mujer-faldas-tacones.jpg\",\"contentUrl\":\"https:\\\/\\\/diariofemenino.com.ar\\\/df\\\/wp-content\\\/uploads\\\/2020\\\/10\\\/Mark-Bryan-hombre-viste-ropa-de-mujer-faldas-tacones.jpg\",\"width\":952,\"height\":578,\"caption\":\"\u00bfCosas de minas?\"},{\"@type\":\"BreadcrumbList\",\"@id\":\"https:\\\/\\\/diariofemenino.com.ar\\\/df\\\/cosas-de-minas\\\/#breadcrumb\",\"itemListElement\":[{\"@type\":\"ListItem\",\"position\":1,\"name\":\"Portada\",\"item\":\"https:\\\/\\\/diariofemenino.com.ar\\\/df\\\/\"},{\"@type\":\"ListItem\",\"position\":2,\"name\":\"\u00bfCosas de minas?\"}]},{\"@type\":\"WebSite\",\"@id\":\"https:\\\/\\\/diariofemenino.com.ar\\\/df\\\/#website\",\"url\":\"https:\\\/\\\/diariofemenino.com.ar\\\/df\\\/\",\"name\":\"Diario Digital Femenino\",\"description\":\"Cuesti\u00f3n de G\u00e9nero\",\"publisher\":{\"@id\":\"https:\\\/\\\/diariofemenino.com.ar\\\/df\\\/#organization\"},\"potentialAction\":[{\"@type\":\"SearchAction\",\"target\":{\"@type\":\"EntryPoint\",\"urlTemplate\":\"https:\\\/\\\/diariofemenino.com.ar\\\/df\\\/?s={search_term_string}\"},\"query-input\":{\"@type\":\"PropertyValueSpecification\",\"valueRequired\":true,\"valueName\":\"search_term_string\"}}],\"inLanguage\":\"es\"},{\"@type\":\"Organization\",\"@id\":\"https:\\\/\\\/diariofemenino.com.ar\\\/df\\\/#organization\",\"name\":\"Diario Femenino\",\"url\":\"https:\\\/\\\/diariofemenino.com.ar\\\/df\\\/\",\"logo\":{\"@type\":\"ImageObject\",\"inLanguage\":\"es\",\"@id\":\"https:\\\/\\\/diariofemenino.com.ar\\\/df\\\/#\\\/schema\\\/logo\\\/image\\\/\",\"url\":\"https:\\\/\\\/diariofemenino.com.ar\\\/df\\\/wp-content\\\/uploads\\\/2018\\\/10\\\/logo.png\",\"contentUrl\":\"https:\\\/\\\/diariofemenino.com.ar\\\/df\\\/wp-content\\\/uploads\\\/2018\\\/10\\\/logo.png\",\"width\":500,\"height\":92,\"caption\":\"Diario Femenino\"},\"image\":{\"@id\":\"https:\\\/\\\/diariofemenino.com.ar\\\/df\\\/#\\\/schema\\\/logo\\\/image\\\/\"},\"sameAs\":[\"https:\\\/\\\/www.facebook.com\\\/DiarioDigitaFemenino\\\/\",\"https:\\\/\\\/x.com\\\/DiarioFemenino1\"]},{\"@type\":\"Person\",\"@id\":\"https:\\\/\\\/diariofemenino.com.ar\\\/df\\\/#\\\/schema\\\/person\\\/38f54b3bfd13f561de2460ba95c169c6\",\"name\":\"Admin\",\"image\":{\"@type\":\"ImageObject\",\"inLanguage\":\"es\",\"@id\":\"https:\\\/\\\/diariofemenino.com.ar\\\/df\\\/wp-content\\\/uploads\\\/2018\\\/12\\\/favicon-150x150.jpg\",\"url\":\"https:\\\/\\\/diariofemenino.com.ar\\\/df\\\/wp-content\\\/uploads\\\/2018\\\/12\\\/favicon-150x150.jpg\",\"contentUrl\":\"https:\\\/\\\/diariofemenino.com.ar\\\/df\\\/wp-content\\\/uploads\\\/2018\\\/12\\\/favicon-150x150.jpg\",\"caption\":\"Admin\"},\"url\":\"https:\\\/\\\/diariofemenino.com.ar\\\/df\\\/author\\\/adm18df\\\/\"}]}<\/script>\n<!-- \/ Yoast SEO plugin. -->","yoast_head_json":{"title":"\u00bfCosas de minas? - Diario Digital Femenino","description":"\u00bfCosas de minas?Mark Bryan, el hombre que usa tacones, titulaba la nota, y a una amante de los tacos altos como yo. Instagram se viraliz\u00f3","robots":{"index":"index","follow":"follow","max-snippet":"max-snippet:-1","max-image-preview":"max-image-preview:large","max-video-preview":"max-video-preview:-1"},"canonical":"https:\/\/diariofemenino.com.ar\/df\/cosas-de-minas\/","og_locale":"es_ES","og_type":"article","og_title":"\u00bfCosas de minas? - Diario Digital Femenino","og_description":"\u00bfCosas de minas?Mark Bryan, el hombre que usa tacones, titulaba la nota, y a una amante de los tacos altos como yo. Instagram se viraliz\u00f3","og_url":"https:\/\/diariofemenino.com.ar\/df\/cosas-de-minas\/","og_site_name":"Diario Digital Femenino","article_publisher":"https:\/\/www.facebook.com\/DiarioDigitaFemenino\/","article_published_time":"2020-10-27T11:37:06+00:00","article_modified_time":"2020-10-27T12:29:17+00:00","og_image":[{"width":952,"height":578,"url":"https:\/\/diariofemenino.com.ar\/df\/wp-content\/uploads\/2020\/10\/Mark-Bryan-hombre-viste-ropa-de-mujer-faldas-tacones.jpg","type":"image\/jpeg"}],"author":"Admin","twitter_card":"summary_large_image","twitter_creator":"@DiarioFemenino1","twitter_site":"@DiarioFemenino1","twitter_misc":{"Escrito por":"Admin","Tiempo de lectura":"5 minutos"},"schema":{"@context":"https:\/\/schema.org","@graph":[{"@type":"Article","@id":"https:\/\/diariofemenino.com.ar\/df\/cosas-de-minas\/#article","isPartOf":{"@id":"https:\/\/diariofemenino.com.ar\/df\/cosas-de-minas\/"},"author":{"name":"Admin","@id":"https:\/\/diariofemenino.com.ar\/df\/#\/schema\/person\/38f54b3bfd13f561de2460ba95c169c6"},"headline":"\u00bfCosas de minas?","datePublished":"2020-10-27T11:37:06+00:00","dateModified":"2020-10-27T12:29:17+00:00","mainEntityOfPage":{"@id":"https:\/\/diariofemenino.com.ar\/df\/cosas-de-minas\/"},"wordCount":940,"commentCount":0,"publisher":{"@id":"https:\/\/diariofemenino.com.ar\/df\/#organization"},"image":{"@id":"https:\/\/diariofemenino.com.ar\/df\/cosas-de-minas\/#primaryimage"},"thumbnailUrl":"https:\/\/diariofemenino.com.ar\/df\/wp-content\/uploads\/2020\/10\/Mark-Bryan-hombre-viste-ropa-de-mujer-faldas-tacones.jpg","keywords":["Estereotipos patriarcales","Mark Bryan","Tacones","Vestimenta"],"articleSection":["Historias de vida","Noticias"],"inLanguage":"es","potentialAction":[{"@type":"CommentAction","name":"Comment","target":["https:\/\/diariofemenino.com.ar\/df\/cosas-de-minas\/#respond"]}]},{"@type":"WebPage","@id":"https:\/\/diariofemenino.com.ar\/df\/cosas-de-minas\/","url":"https:\/\/diariofemenino.com.ar\/df\/cosas-de-minas\/","name":"\u00bfCosas de minas? - Diario Digital Femenino","isPartOf":{"@id":"https:\/\/diariofemenino.com.ar\/df\/#website"},"primaryImageOfPage":{"@id":"https:\/\/diariofemenino.com.ar\/df\/cosas-de-minas\/#primaryimage"},"image":{"@id":"https:\/\/diariofemenino.com.ar\/df\/cosas-de-minas\/#primaryimage"},"thumbnailUrl":"https:\/\/diariofemenino.com.ar\/df\/wp-content\/uploads\/2020\/10\/Mark-Bryan-hombre-viste-ropa-de-mujer-faldas-tacones.jpg","datePublished":"2020-10-27T11:37:06+00:00","dateModified":"2020-10-27T12:29:17+00:00","description":"\u00bfCosas de minas?Mark Bryan, el hombre que usa tacones, titulaba la nota, y a una amante de los tacos altos como yo. Instagram se viraliz\u00f3","breadcrumb":{"@id":"https:\/\/diariofemenino.com.ar\/df\/cosas-de-minas\/#breadcrumb"},"inLanguage":"es","potentialAction":[{"@type":"ReadAction","target":["https:\/\/diariofemenino.com.ar\/df\/cosas-de-minas\/"]}]},{"@type":"ImageObject","inLanguage":"es","@id":"https:\/\/diariofemenino.com.ar\/df\/cosas-de-minas\/#primaryimage","url":"https:\/\/diariofemenino.com.ar\/df\/wp-content\/uploads\/2020\/10\/Mark-Bryan-hombre-viste-ropa-de-mujer-faldas-tacones.jpg","contentUrl":"https:\/\/diariofemenino.com.ar\/df\/wp-content\/uploads\/2020\/10\/Mark-Bryan-hombre-viste-ropa-de-mujer-faldas-tacones.jpg","width":952,"height":578,"caption":"\u00bfCosas de minas?"},{"@type":"BreadcrumbList","@id":"https:\/\/diariofemenino.com.ar\/df\/cosas-de-minas\/#breadcrumb","itemListElement":[{"@type":"ListItem","position":1,"name":"Portada","item":"https:\/\/diariofemenino.com.ar\/df\/"},{"@type":"ListItem","position":2,"name":"\u00bfCosas de minas?"}]},{"@type":"WebSite","@id":"https:\/\/diariofemenino.com.ar\/df\/#website","url":"https:\/\/diariofemenino.com.ar\/df\/","name":"Diario Digital Femenino","description":"Cuesti\u00f3n de G\u00e9nero","publisher":{"@id":"https:\/\/diariofemenino.com.ar\/df\/#organization"},"potentialAction":[{"@type":"SearchAction","target":{"@type":"EntryPoint","urlTemplate":"https:\/\/diariofemenino.com.ar\/df\/?s={search_term_string}"},"query-input":{"@type":"PropertyValueSpecification","valueRequired":true,"valueName":"search_term_string"}}],"inLanguage":"es"},{"@type":"Organization","@id":"https:\/\/diariofemenino.com.ar\/df\/#organization","name":"Diario Femenino","url":"https:\/\/diariofemenino.com.ar\/df\/","logo":{"@type":"ImageObject","inLanguage":"es","@id":"https:\/\/diariofemenino.com.ar\/df\/#\/schema\/logo\/image\/","url":"https:\/\/diariofemenino.com.ar\/df\/wp-content\/uploads\/2018\/10\/logo.png","contentUrl":"https:\/\/diariofemenino.com.ar\/df\/wp-content\/uploads\/2018\/10\/logo.png","width":500,"height":92,"caption":"Diario Femenino"},"image":{"@id":"https:\/\/diariofemenino.com.ar\/df\/#\/schema\/logo\/image\/"},"sameAs":["https:\/\/www.facebook.com\/DiarioDigitaFemenino\/","https:\/\/x.com\/DiarioFemenino1"]},{"@type":"Person","@id":"https:\/\/diariofemenino.com.ar\/df\/#\/schema\/person\/38f54b3bfd13f561de2460ba95c169c6","name":"Admin","image":{"@type":"ImageObject","inLanguage":"es","@id":"https:\/\/diariofemenino.com.ar\/df\/wp-content\/uploads\/2018\/12\/favicon-150x150.jpg","url":"https:\/\/diariofemenino.com.ar\/df\/wp-content\/uploads\/2018\/12\/favicon-150x150.jpg","contentUrl":"https:\/\/diariofemenino.com.ar\/df\/wp-content\/uploads\/2018\/12\/favicon-150x150.jpg","caption":"Admin"},"url":"https:\/\/diariofemenino.com.ar\/df\/author\/adm18df\/"}]}},"jetpack_featured_media_url":"https:\/\/diariofemenino.com.ar\/df\/wp-content\/uploads\/2020\/10\/Mark-Bryan-hombre-viste-ropa-de-mujer-faldas-tacones.jpg","jetpack_sharing_enabled":true,"rttpg_featured_image_url":{"full":["https:\/\/diariofemenino.com.ar\/df\/wp-content\/uploads\/2020\/10\/Mark-Bryan-hombre-viste-ropa-de-mujer-faldas-tacones.jpg",952,578,false],"landscape":["https:\/\/diariofemenino.com.ar\/df\/wp-content\/uploads\/2020\/10\/Mark-Bryan-hombre-viste-ropa-de-mujer-faldas-tacones.jpg",952,578,false],"portraits":["https:\/\/diariofemenino.com.ar\/df\/wp-content\/uploads\/2020\/10\/Mark-Bryan-hombre-viste-ropa-de-mujer-faldas-tacones.jpg",952,578,false],"thumbnail":["https:\/\/diariofemenino.com.ar\/df\/wp-content\/uploads\/2020\/10\/Mark-Bryan-hombre-viste-ropa-de-mujer-faldas-tacones-150x150.jpg",150,150,true],"medium":["https:\/\/diariofemenino.com.ar\/df\/wp-content\/uploads\/2020\/10\/Mark-Bryan-hombre-viste-ropa-de-mujer-faldas-tacones-300x182.jpg",300,182,true],"large":["https:\/\/diariofemenino.com.ar\/df\/wp-content\/uploads\/2020\/10\/Mark-Bryan-hombre-viste-ropa-de-mujer-faldas-tacones.jpg",952,578,false],"1536x1536":["https:\/\/diariofemenino.com.ar\/df\/wp-content\/uploads\/2020\/10\/Mark-Bryan-hombre-viste-ropa-de-mujer-faldas-tacones.jpg",952,578,false],"2048x2048":["https:\/\/diariofemenino.com.ar\/df\/wp-content\/uploads\/2020\/10\/Mark-Bryan-hombre-viste-ropa-de-mujer-faldas-tacones.jpg",952,578,false]},"rttpg_author":{"display_name":"Admin","author_link":"https:\/\/diariofemenino.com.ar\/df\/author\/adm18df\/"},"rttpg_comment":0,"rttpg_category":"<a href=\"https:\/\/diariofemenino.com.ar\/df\/category\/historias-de-vida\/\" rel=\"category tag\">Historias de vida<\/a> <a href=\"https:\/\/diariofemenino.com.ar\/df\/category\/noticias\/\" rel=\"category tag\">Noticias<\/a>","rttpg_excerpt":"Mark Bryan, el hombre que usa tacones, titulaba la nota, y a una amante de los tacos altos como yo, esta noticia le produjo mucha curiosidad. No iba a escribir sobre ella esta semana, pero al leer las reacciones que provoc\u00f3 el art\u00edculo quise hacerlo. \u00bfQui\u00e9n es Mark Bryan? No sabemos mucho de \u00e9l: solo&hellip;","_links":{"self":[{"href":"https:\/\/diariofemenino.com.ar\/df\/wp-json\/wp\/v2\/posts\/53403","targetHints":{"allow":["GET"]}}],"collection":[{"href":"https:\/\/diariofemenino.com.ar\/df\/wp-json\/wp\/v2\/posts"}],"about":[{"href":"https:\/\/diariofemenino.com.ar\/df\/wp-json\/wp\/v2\/types\/post"}],"author":[{"embeddable":true,"href":"https:\/\/diariofemenino.com.ar\/df\/wp-json\/wp\/v2\/users\/1"}],"replies":[{"embeddable":true,"href":"https:\/\/diariofemenino.com.ar\/df\/wp-json\/wp\/v2\/comments?post=53403"}],"version-history":[{"count":0,"href":"https:\/\/diariofemenino.com.ar\/df\/wp-json\/wp\/v2\/posts\/53403\/revisions"}],"wp:featuredmedia":[{"embeddable":true,"href":"https:\/\/diariofemenino.com.ar\/df\/wp-json\/wp\/v2\/media\/53415"}],"wp:attachment":[{"href":"https:\/\/diariofemenino.com.ar\/df\/wp-json\/wp\/v2\/media?parent=53403"}],"wp:term":[{"taxonomy":"category","embeddable":true,"href":"https:\/\/diariofemenino.com.ar\/df\/wp-json\/wp\/v2\/categories?post=53403"},{"taxonomy":"post_tag","embeddable":true,"href":"https:\/\/diariofemenino.com.ar\/df\/wp-json\/wp\/v2\/tags?post=53403"}],"curies":[{"name":"wp","href":"https:\/\/api.w.org\/{rel}","templated":true}]}}