{"id":53358,"date":"2020-10-25T12:32:15","date_gmt":"2020-10-25T15:32:15","guid":{"rendered":"https:\/\/diariofemenino.com.ar\/?p=53358"},"modified":"2020-10-25T12:32:15","modified_gmt":"2020-10-25T15:32:15","slug":"femicidio-un-crimen-politico","status":"publish","type":"post","link":"https:\/\/diariofemenino.com.ar\/df\/femicidio-un-crimen-politico\/","title":{"rendered":"Femicidio, un crimen pol\u00edtico"},"content":{"rendered":"<p>Por primera vez un partido pol\u00edtico querellar\u00e1 por el femicidio de una de sus dirigentes.<\/p>\n<p class=\"post-subtitle\"><strong>Conmoci\u00f3n en la provincia de Santa Fe por el femicidio de una militante feminista<\/strong><\/p>\n<p>Por <a href=\"https:\/\/www.elcohetealaluna.com\/femicidio-un-crimen-politico\/\">Fabiana Villa y Clara Albisu<\/a><br \/>\nFoto de Portada Marcos Sierras<\/p>\n<p>La dirigente comunista Mar\u00eda Florencia G\u00f3mez Pouillastrou, de 35 a\u00f1os, fue asesinada y su cuerpo hallado a la vera de un camino rural el pasado 12 de octubre en la localidad de San Jorge, Santa Fe. Caratulado como <a href=\"https:\/\/diariofemenino.com.ar\/violencia-institucional-y-revictimizacion-de-las-victimas-de-femicidio\/\">femicidio<\/a>, el brutal crimen conmovi\u00f3 a la sociedad de la ciudad santafesina, a la de los pueblos cercanos, y a la militancia feminista de la provincia. G\u00f3mez Pouillastrou, de 35 a\u00f1os y madre de dos hijas peque\u00f1as, era una persona reconocida en su comunidad. Activista feminista y por los derechos de la infancia, \u00abFlor hacia que cada arista de su vida fuera social, tuviera un prop\u00f3sito de combate y de lucha\u00bb, cuenta Ayel\u00e9n Beigbeder, vocera de la Federaci\u00f3n Juvenil Comunista, La Fede.<\/p>\n<p>Al conocer la noticia de su muerte, todo el pueblo de San Jorge se moviliz\u00f3 exigiendo justicia. Las concentraciones y vigilias se sucedieron desde entonces en distintas localidades de la provincia, y tambi\u00e9n en\u00a0 Buenos Aires, frente\u00a0 al Congreso de la Naci\u00f3n. All\u00ed donde el ejemplo de Florencia toc\u00f3 a alguien, hubo reclamos por justicia y homenajes a su memoria. M\u00e1s de 1.500 organizaciones pol\u00edticas, sociales y sindicales de Argentina y el exterior adhirieron a una declaraci\u00f3n en repudio del crimen y compromiso con su esclarecimiento.<\/p>\n<figure id=\"attachment_76299\" class=\"wp-caption aligncenter\" aria-describedby=\"caption-attachment-76299\"><img loading=\"lazy\" decoding=\"async\" class=\"wp-image-76299 size-full b-loaded\" src=\"https:\/\/www.elcohetealaluna.com\/wp-content\/uploads\/2020\/10\/1.png\" sizes=\"auto, (max-width: 960px) 100vw, 960px\" srcset=\"https:\/\/www.elcohetealaluna.com\/wp-content\/uploads\/2020\/10\/1.png 960w, https:\/\/www.elcohetealaluna.com\/wp-content\/uploads\/2020\/10\/1-300x200.png 300w, https:\/\/www.elcohetealaluna.com\/wp-content\/uploads\/2020\/10\/1-768x512.png 768w\" alt=\"\" width=\"960\" height=\"640\" \/><figcaption id=\"caption-attachment-76299\" class=\"wp-caption-text\">Femicidio, un crimen pol\u00edtico. Vigilia en San Jorge exigiendo justicia por Florencia G\u00f3mez.<\/figcaption><\/figure>\n<p>La joven asesinada era responsable de g\u00e9nero de la juventud comunista de San Jorge, donde desempe\u00f1\u00f3 su tarea \u00abcon rigurosa y profunda \u00e9tica revolucionaria pero sin perder la dulzura nunca\u00bb,\u00a0<a href=\"https:\/\/justiciaporflorencia.com\/\">\u00a0de acuerdo a sus compa\u00f1eras<\/a>. Construy\u00f3 fuertes lazos comunitarios en la ciudad apostando siempre al crecimiento de las ni\u00f1eces y las mujeres, participando activamente de merenderos, talleres de lectura, de tejido, de g\u00e9nero, de roperos solidarios, huertas comunitarias, actividades diversas que muchas veces eran de su propia iniciativa.<\/p>\n<p>Para Rebeca Barber\u00e1n, responsable nacional de G\u00e9neros de La Fede y amiga de Florencia, \u00abesa cualidad de liderazgo, lejos de los vicios del individualismo y la especulaci\u00f3n tan com\u00fan en espacios de construcci\u00f3n pol\u00edtica, hizo que se gane el amor de su comunidad y sus pares\u00bb. Adem\u00e1s, destac\u00f3 a G\u00f3mez Pouillastrou por \u00abla coherencia, el estudio y la disciplina que ten\u00eda, que eran rasgos que la caracterizaron y son un ejemplo de templanza para todos los que estamos en espacios de construcci\u00f3n colectiva. Fue una militante abnegada que dispuso su vida y su cuerpo al fin com\u00fan m\u00e1s hermoso: la libertad del ser humano\u00bb, complet\u00f3.<\/p>\n<p>Es justamente por el protagonismo de la joven en estas tareas de construcci\u00f3n pol\u00edtica que el Partido Comunista resolvi\u00f3 solicitar su integraci\u00f3n a\u00a0 la querella en la causa en la que los fiscales Carlos Zoppegni y Omar de Pedro investigan el femicidio. Ser\u00e1 la primera vez que un partido pol\u00edtico se presente como querellante por el femicidio de una de sus dirigentes y de ser aceptada, la solicitud constituir\u00e1 un precedente hist\u00f3rico.<\/p>\n<p>Desde 2012, cuando la inclusi\u00f3n de la figura de femicidio como agravante del homicidio fuera aceptada en el C\u00f3digo Penal, s\u00f3lo se recuerda un caso similar, aunque no id\u00e9ntico: la aceptaci\u00f3n en 2017 de la querella de una ONG cordobesa en la causa por el femicidio de Yamila Candela Garay, ocurrido un a\u00f1o antes.La decisi\u00f3n del fiscal de la causa se bas\u00f3 en la consideraci\u00f3n de que que ese delito, adem\u00e1s de afectar directamente a la v\u00edctima, trascend\u00eda al resto de la sociedad, por lo que la intervenci\u00f3n de la Fundaci\u00f3n Centro de Protecci\u00f3n Familiar aseguraba el acceso a la Justicia, la transparencia del proceso, la prevenci\u00f3n y a la asistencia de potenciales v\u00edctimas.<\/p>\n<p>Pedro Dinani, abogado y apoderado nacional del Partido Comunista, explica la determinaci\u00f3n del centenario partido: \u00abHist\u00f3ricamente, el PC se ha presentado como querellante en defensa de sus militantes antes las agresiones que sufrieron por desempe\u00f1ar las tareas que les asign\u00f3, propias de su activismo. En ese sentido, fuimos querellantes en causas por cr\u00edmenes de lesa humanidad, como la que del secuestro, tortura y asesinato de Floreal \u00abel Negrito\u00bb Avellaneda, tambi\u00e9n militante de La Fede\u00bb, historiz\u00f3 el abogado. \u00abEstudiamos la presentaci\u00f3n del partido en el femicidio de Flor porque su pertenencia comunista era parte de su identidad tanto como su condici\u00f3n de mujer. Florencia era una militante org\u00e1nica del Partido cuyas tareas estaban orientadas a la lucha por la igualdad, dentro del feminismo. Era una convencida del valor de su aporte militante al ejercicio de los derechos de la mujer, y por eso el Partido considera que esa militancia tan destacada no puede ser descartada como m\u00f3vil del crimen\u00bb, argumenta Dinani. La querella del partido pol\u00edtico estar\u00eda fundada en el articulado del C\u00f3digo Procesal Penal santafesino, que establece que cualquier persona f\u00edsica o de existencia ideal que se considere particularmente ofendida por un homicidio puede actuar como querellante. Para los comunistas santafesinos, es obvio que la definici\u00f3n los incluye: \u00abPor la trascendencia de su labor pol\u00edtica, Florencia era para el PC dentro de la comunidad de San Jorge una figura central\u00bb, dice Ver\u00f3nica Juri, abogada del Partido Comunista de Santa Fe y amiga de la v\u00edctima. Y concluye: \u00abQueremos coadyuvar con la Justicia en la investigaci\u00f3n y la determinaci\u00f3n de responsabilidades\u00bb.<\/p>\n<p>El rol protag\u00f3nico de los compa\u00f1eros y compa\u00f1eras de Florencia, junto a su familia, recuerda a lo sucedido en el caso de Micaela Garc\u00eda, otra militante pol\u00edtica v\u00edctima de femicidio. Mar\u00eda Florencia Pouillastrou, era, coincidentemente, la encargada en San Jorge de coordinar la aplicaci\u00f3n de la Ley Micaela, sancionada en homenaje a la primera joven.<\/p>\n<p>Quiz\u00e1s uno de los aportes m\u00e1s valiosos de la lucha por la Justicia emprendida por los camaradas de Florencia sea un paso m\u00e1s hacia una subversi\u00f3n del rol que hist\u00f3ricamente adoptaron organizaciones pol\u00edticas, sindicales y sociales frente a la violencia de g\u00e9nero y las desigualdades ejercidas contra sus militantes mujeres. Aunque queda mucho camino por recorrer, \u00abquerellar en este caso es un paso natural para nosotros, que nos pone a la altura de las circunstancias\u00bb, concluye Juri al respecto.<\/p>\n<p>&nbsp;<\/p>\n<p><a href=\"https:\/\/www.elcohetealaluna.com\/\">El Cohete a la Luna<\/a><\/p>\n<p><a href=\"https:\/\/diariofemenino.com.ar\/\">DDF<\/a><\/p>\n","protected":false},"excerpt":{"rendered":"<p>Por primera vez un partido pol\u00edtico querellar\u00e1 por el femicidio de una de sus dirigentes. Conmoci\u00f3n en la provincia de Santa Fe por el femicidio de una militante feminista Por Fabiana Villa y Clara Albisu Foto de Portada Marcos Sierras La dirigente comunista Mar\u00eda Florencia G\u00f3mez Pouillastrou, de 35 a\u00f1os, fue asesinada y su cuerpo [&hellip;]<\/p>\n","protected":false},"author":4,"featured_media":53363,"comment_status":"open","ping_status":"open","sticky":false,"template":"","format":"standard","meta":{"iawp_total_views":4,"footnotes":""},"categories":[1067,32],"tags":[208,3708],"class_list":["post-53358","post","type-post","status-publish","format-standard","has-post-thumbnail","hentry","category-agenda-feminista","category-mujeres","tag-femicidio","tag-maria-florencia-gomez-pouillastrou"],"nelio_content":{"autoShareEndMode":"never","automationSources":{"useCustomSentences":false,"customSentences":[]},"efiAlt":"","efiUrl":"","followers":[4],"highlights":[],"isAutoShareEnabled":true,"networkImageIds":[],"permalinkQueryArgs":[],"series":[],"suggestedReferences":[]},"yoast_head":"<!-- This site is optimized with the Yoast SEO plugin v27.5 - https:\/\/yoast.com\/product\/yoast-seo-wordpress\/ -->\n<title>Femicidio, un crimen pol\u00edtico - Diario Digital Femenino<\/title>\n<meta name=\"description\" content=\"Femicidio, un crimen pol\u00edtico. Por primera vez un partido pol\u00edtico querellar\u00e1 por el femicidio de una de sus dirigentes...\" \/>\n<meta name=\"robots\" content=\"index, follow, max-snippet:-1, max-image-preview:large, max-video-preview:-1\" \/>\n<link rel=\"canonical\" href=\"https:\/\/diariofemenino.com.ar\/df\/femicidio-un-crimen-politico\/\" \/>\n<meta property=\"og:locale\" content=\"es_ES\" \/>\n<meta property=\"og:type\" content=\"article\" \/>\n<meta property=\"og:title\" content=\"Femicidio, un crimen pol\u00edtico - Diario Digital Femenino\" \/>\n<meta property=\"og:description\" content=\"Femicidio, un crimen pol\u00edtico. Por primera vez un partido pol\u00edtico querellar\u00e1 por el femicidio de una de sus dirigentes...\" \/>\n<meta property=\"og:url\" content=\"https:\/\/diariofemenino.com.ar\/df\/femicidio-un-crimen-politico\/\" \/>\n<meta property=\"og:site_name\" content=\"Diario Digital Femenino\" \/>\n<meta property=\"article:publisher\" content=\"https:\/\/www.facebook.com\/DiarioDigitaFemenino\/\" \/>\n<meta property=\"article:published_time\" content=\"2020-10-25T15:32:15+00:00\" \/>\n<meta property=\"og:image\" content=\"https:\/\/diariofemenino.com.ar\/df\/wp-content\/uploads\/2020\/10\/Florencia.jpg\" \/>\n\t<meta property=\"og:image:width\" content=\"788\" \/>\n\t<meta property=\"og:image:height\" content=\"435\" \/>\n\t<meta property=\"og:image:type\" content=\"image\/jpeg\" \/>\n<meta name=\"author\" content=\"Admin\" \/>\n<meta name=\"twitter:card\" content=\"summary_large_image\" \/>\n<meta name=\"twitter:creator\" content=\"@DiarioFemenino1\" \/>\n<meta name=\"twitter:site\" content=\"@DiarioFemenino1\" \/>\n<meta name=\"twitter:label1\" content=\"Escrito por\" \/>\n\t<meta name=\"twitter:data1\" content=\"Admin\" \/>\n\t<meta name=\"twitter:label2\" content=\"Tiempo de lectura\" \/>\n\t<meta name=\"twitter:data2\" content=\"6 minutos\" \/>\n<script type=\"application\/ld+json\" class=\"yoast-schema-graph\">{\"@context\":\"https:\\\/\\\/schema.org\",\"@graph\":[{\"@type\":\"Article\",\"@id\":\"https:\\\/\\\/diariofemenino.com.ar\\\/df\\\/femicidio-un-crimen-politico\\\/#article\",\"isPartOf\":{\"@id\":\"https:\\\/\\\/diariofemenino.com.ar\\\/df\\\/femicidio-un-crimen-politico\\\/\"},\"author\":{\"name\":\"Admin\",\"@id\":\"https:\\\/\\\/diariofemenino.com.ar\\\/df\\\/#\\\/schema\\\/person\\\/bf6199e8158c657ea6f789b11ec85509\"},\"headline\":\"Femicidio, un crimen pol\u00edtico\",\"datePublished\":\"2020-10-25T15:32:15+00:00\",\"mainEntityOfPage\":{\"@id\":\"https:\\\/\\\/diariofemenino.com.ar\\\/df\\\/femicidio-un-crimen-politico\\\/\"},\"wordCount\":1118,\"commentCount\":0,\"publisher\":{\"@id\":\"https:\\\/\\\/diariofemenino.com.ar\\\/df\\\/#organization\"},\"image\":{\"@id\":\"https:\\\/\\\/diariofemenino.com.ar\\\/df\\\/femicidio-un-crimen-politico\\\/#primaryimage\"},\"thumbnailUrl\":\"https:\\\/\\\/diariofemenino.com.ar\\\/df\\\/wp-content\\\/uploads\\\/2020\\\/10\\\/Florencia.jpg\",\"keywords\":[\"#femicidio\",\"Mar\u00eda Florencia G\u00f3mez Pouillastrou\"],\"articleSection\":[\"Agenda Feminista\",\"Mujeres\"],\"inLanguage\":\"es\",\"potentialAction\":[{\"@type\":\"CommentAction\",\"name\":\"Comment\",\"target\":[\"https:\\\/\\\/diariofemenino.com.ar\\\/df\\\/femicidio-un-crimen-politico\\\/#respond\"]}]},{\"@type\":\"WebPage\",\"@id\":\"https:\\\/\\\/diariofemenino.com.ar\\\/df\\\/femicidio-un-crimen-politico\\\/\",\"url\":\"https:\\\/\\\/diariofemenino.com.ar\\\/df\\\/femicidio-un-crimen-politico\\\/\",\"name\":\"Femicidio, un crimen pol\u00edtico - Diario Digital Femenino\",\"isPartOf\":{\"@id\":\"https:\\\/\\\/diariofemenino.com.ar\\\/df\\\/#website\"},\"primaryImageOfPage\":{\"@id\":\"https:\\\/\\\/diariofemenino.com.ar\\\/df\\\/femicidio-un-crimen-politico\\\/#primaryimage\"},\"image\":{\"@id\":\"https:\\\/\\\/diariofemenino.com.ar\\\/df\\\/femicidio-un-crimen-politico\\\/#primaryimage\"},\"thumbnailUrl\":\"https:\\\/\\\/diariofemenino.com.ar\\\/df\\\/wp-content\\\/uploads\\\/2020\\\/10\\\/Florencia.jpg\",\"datePublished\":\"2020-10-25T15:32:15+00:00\",\"description\":\"Femicidio, un crimen pol\u00edtico. Por primera vez un partido pol\u00edtico querellar\u00e1 por el femicidio de una de sus dirigentes...\",\"breadcrumb\":{\"@id\":\"https:\\\/\\\/diariofemenino.com.ar\\\/df\\\/femicidio-un-crimen-politico\\\/#breadcrumb\"},\"inLanguage\":\"es\",\"potentialAction\":[{\"@type\":\"ReadAction\",\"target\":[\"https:\\\/\\\/diariofemenino.com.ar\\\/df\\\/femicidio-un-crimen-politico\\\/\"]}]},{\"@type\":\"ImageObject\",\"inLanguage\":\"es\",\"@id\":\"https:\\\/\\\/diariofemenino.com.ar\\\/df\\\/femicidio-un-crimen-politico\\\/#primaryimage\",\"url\":\"https:\\\/\\\/diariofemenino.com.ar\\\/df\\\/wp-content\\\/uploads\\\/2020\\\/10\\\/Florencia.jpg\",\"contentUrl\":\"https:\\\/\\\/diariofemenino.com.ar\\\/df\\\/wp-content\\\/uploads\\\/2020\\\/10\\\/Florencia.jpg\",\"width\":788,\"height\":435},{\"@type\":\"BreadcrumbList\",\"@id\":\"https:\\\/\\\/diariofemenino.com.ar\\\/df\\\/femicidio-un-crimen-politico\\\/#breadcrumb\",\"itemListElement\":[{\"@type\":\"ListItem\",\"position\":1,\"name\":\"Portada\",\"item\":\"https:\\\/\\\/diariofemenino.com.ar\\\/df\\\/\"},{\"@type\":\"ListItem\",\"position\":2,\"name\":\"Femicidio, un crimen pol\u00edtico\"}]},{\"@type\":\"WebSite\",\"@id\":\"https:\\\/\\\/diariofemenino.com.ar\\\/df\\\/#website\",\"url\":\"https:\\\/\\\/diariofemenino.com.ar\\\/df\\\/\",\"name\":\"Diario Digital Femenino\",\"description\":\"Cuesti\u00f3n de G\u00e9nero\",\"publisher\":{\"@id\":\"https:\\\/\\\/diariofemenino.com.ar\\\/df\\\/#organization\"},\"potentialAction\":[{\"@type\":\"SearchAction\",\"target\":{\"@type\":\"EntryPoint\",\"urlTemplate\":\"https:\\\/\\\/diariofemenino.com.ar\\\/df\\\/?s={search_term_string}\"},\"query-input\":{\"@type\":\"PropertyValueSpecification\",\"valueRequired\":true,\"valueName\":\"search_term_string\"}}],\"inLanguage\":\"es\"},{\"@type\":\"Organization\",\"@id\":\"https:\\\/\\\/diariofemenino.com.ar\\\/df\\\/#organization\",\"name\":\"Diario Femenino\",\"url\":\"https:\\\/\\\/diariofemenino.com.ar\\\/df\\\/\",\"logo\":{\"@type\":\"ImageObject\",\"inLanguage\":\"es\",\"@id\":\"https:\\\/\\\/diariofemenino.com.ar\\\/df\\\/#\\\/schema\\\/logo\\\/image\\\/\",\"url\":\"https:\\\/\\\/diariofemenino.com.ar\\\/df\\\/wp-content\\\/uploads\\\/2018\\\/10\\\/logo.png\",\"contentUrl\":\"https:\\\/\\\/diariofemenino.com.ar\\\/df\\\/wp-content\\\/uploads\\\/2018\\\/10\\\/logo.png\",\"width\":500,\"height\":92,\"caption\":\"Diario Femenino\"},\"image\":{\"@id\":\"https:\\\/\\\/diariofemenino.com.ar\\\/df\\\/#\\\/schema\\\/logo\\\/image\\\/\"},\"sameAs\":[\"https:\\\/\\\/www.facebook.com\\\/DiarioDigitaFemenino\\\/\",\"https:\\\/\\\/x.com\\\/DiarioFemenino1\"]},{\"@type\":\"Person\",\"@id\":\"https:\\\/\\\/diariofemenino.com.ar\\\/df\\\/#\\\/schema\\\/person\\\/bf6199e8158c657ea6f789b11ec85509\",\"name\":\"Admin\",\"image\":{\"@type\":\"ImageObject\",\"inLanguage\":\"es\",\"@id\":\"https:\\\/\\\/diariofemenino.com.ar\\\/df\\\/wp-content\\\/uploads\\\/2018\\\/12\\\/favicon-150x150.jpg\",\"url\":\"https:\\\/\\\/diariofemenino.com.ar\\\/df\\\/wp-content\\\/uploads\\\/2018\\\/12\\\/favicon-150x150.jpg\",\"contentUrl\":\"https:\\\/\\\/diariofemenino.com.ar\\\/df\\\/wp-content\\\/uploads\\\/2018\\\/12\\\/favicon-150x150.jpg\",\"caption\":\"Admin\"},\"url\":\"https:\\\/\\\/diariofemenino.com.ar\\\/df\\\/author\\\/lenny\\\/\"}]}<\/script>\n<!-- \/ Yoast SEO plugin. -->","yoast_head_json":{"title":"Femicidio, un crimen pol\u00edtico - Diario Digital Femenino","description":"Femicidio, un crimen pol\u00edtico. Por primera vez un partido pol\u00edtico querellar\u00e1 por el femicidio de una de sus dirigentes...","robots":{"index":"index","follow":"follow","max-snippet":"max-snippet:-1","max-image-preview":"max-image-preview:large","max-video-preview":"max-video-preview:-1"},"canonical":"https:\/\/diariofemenino.com.ar\/df\/femicidio-un-crimen-politico\/","og_locale":"es_ES","og_type":"article","og_title":"Femicidio, un crimen pol\u00edtico - Diario Digital Femenino","og_description":"Femicidio, un crimen pol\u00edtico. Por primera vez un partido pol\u00edtico querellar\u00e1 por el femicidio de una de sus dirigentes...","og_url":"https:\/\/diariofemenino.com.ar\/df\/femicidio-un-crimen-politico\/","og_site_name":"Diario Digital Femenino","article_publisher":"https:\/\/www.facebook.com\/DiarioDigitaFemenino\/","article_published_time":"2020-10-25T15:32:15+00:00","og_image":[{"width":788,"height":435,"url":"https:\/\/diariofemenino.com.ar\/df\/wp-content\/uploads\/2020\/10\/Florencia.jpg","type":"image\/jpeg"}],"author":"Admin","twitter_card":"summary_large_image","twitter_creator":"@DiarioFemenino1","twitter_site":"@DiarioFemenino1","twitter_misc":{"Escrito por":"Admin","Tiempo de lectura":"6 minutos"},"schema":{"@context":"https:\/\/schema.org","@graph":[{"@type":"Article","@id":"https:\/\/diariofemenino.com.ar\/df\/femicidio-un-crimen-politico\/#article","isPartOf":{"@id":"https:\/\/diariofemenino.com.ar\/df\/femicidio-un-crimen-politico\/"},"author":{"name":"Admin","@id":"https:\/\/diariofemenino.com.ar\/df\/#\/schema\/person\/bf6199e8158c657ea6f789b11ec85509"},"headline":"Femicidio, un crimen pol\u00edtico","datePublished":"2020-10-25T15:32:15+00:00","mainEntityOfPage":{"@id":"https:\/\/diariofemenino.com.ar\/df\/femicidio-un-crimen-politico\/"},"wordCount":1118,"commentCount":0,"publisher":{"@id":"https:\/\/diariofemenino.com.ar\/df\/#organization"},"image":{"@id":"https:\/\/diariofemenino.com.ar\/df\/femicidio-un-crimen-politico\/#primaryimage"},"thumbnailUrl":"https:\/\/diariofemenino.com.ar\/df\/wp-content\/uploads\/2020\/10\/Florencia.jpg","keywords":["#femicidio","Mar\u00eda Florencia G\u00f3mez Pouillastrou"],"articleSection":["Agenda Feminista","Mujeres"],"inLanguage":"es","potentialAction":[{"@type":"CommentAction","name":"Comment","target":["https:\/\/diariofemenino.com.ar\/df\/femicidio-un-crimen-politico\/#respond"]}]},{"@type":"WebPage","@id":"https:\/\/diariofemenino.com.ar\/df\/femicidio-un-crimen-politico\/","url":"https:\/\/diariofemenino.com.ar\/df\/femicidio-un-crimen-politico\/","name":"Femicidio, un crimen pol\u00edtico - Diario Digital Femenino","isPartOf":{"@id":"https:\/\/diariofemenino.com.ar\/df\/#website"},"primaryImageOfPage":{"@id":"https:\/\/diariofemenino.com.ar\/df\/femicidio-un-crimen-politico\/#primaryimage"},"image":{"@id":"https:\/\/diariofemenino.com.ar\/df\/femicidio-un-crimen-politico\/#primaryimage"},"thumbnailUrl":"https:\/\/diariofemenino.com.ar\/df\/wp-content\/uploads\/2020\/10\/Florencia.jpg","datePublished":"2020-10-25T15:32:15+00:00","description":"Femicidio, un crimen pol\u00edtico. Por primera vez un partido pol\u00edtico querellar\u00e1 por el femicidio de una de sus dirigentes...","breadcrumb":{"@id":"https:\/\/diariofemenino.com.ar\/df\/femicidio-un-crimen-politico\/#breadcrumb"},"inLanguage":"es","potentialAction":[{"@type":"ReadAction","target":["https:\/\/diariofemenino.com.ar\/df\/femicidio-un-crimen-politico\/"]}]},{"@type":"ImageObject","inLanguage":"es","@id":"https:\/\/diariofemenino.com.ar\/df\/femicidio-un-crimen-politico\/#primaryimage","url":"https:\/\/diariofemenino.com.ar\/df\/wp-content\/uploads\/2020\/10\/Florencia.jpg","contentUrl":"https:\/\/diariofemenino.com.ar\/df\/wp-content\/uploads\/2020\/10\/Florencia.jpg","width":788,"height":435},{"@type":"BreadcrumbList","@id":"https:\/\/diariofemenino.com.ar\/df\/femicidio-un-crimen-politico\/#breadcrumb","itemListElement":[{"@type":"ListItem","position":1,"name":"Portada","item":"https:\/\/diariofemenino.com.ar\/df\/"},{"@type":"ListItem","position":2,"name":"Femicidio, un crimen pol\u00edtico"}]},{"@type":"WebSite","@id":"https:\/\/diariofemenino.com.ar\/df\/#website","url":"https:\/\/diariofemenino.com.ar\/df\/","name":"Diario Digital Femenino","description":"Cuesti\u00f3n de G\u00e9nero","publisher":{"@id":"https:\/\/diariofemenino.com.ar\/df\/#organization"},"potentialAction":[{"@type":"SearchAction","target":{"@type":"EntryPoint","urlTemplate":"https:\/\/diariofemenino.com.ar\/df\/?s={search_term_string}"},"query-input":{"@type":"PropertyValueSpecification","valueRequired":true,"valueName":"search_term_string"}}],"inLanguage":"es"},{"@type":"Organization","@id":"https:\/\/diariofemenino.com.ar\/df\/#organization","name":"Diario Femenino","url":"https:\/\/diariofemenino.com.ar\/df\/","logo":{"@type":"ImageObject","inLanguage":"es","@id":"https:\/\/diariofemenino.com.ar\/df\/#\/schema\/logo\/image\/","url":"https:\/\/diariofemenino.com.ar\/df\/wp-content\/uploads\/2018\/10\/logo.png","contentUrl":"https:\/\/diariofemenino.com.ar\/df\/wp-content\/uploads\/2018\/10\/logo.png","width":500,"height":92,"caption":"Diario Femenino"},"image":{"@id":"https:\/\/diariofemenino.com.ar\/df\/#\/schema\/logo\/image\/"},"sameAs":["https:\/\/www.facebook.com\/DiarioDigitaFemenino\/","https:\/\/x.com\/DiarioFemenino1"]},{"@type":"Person","@id":"https:\/\/diariofemenino.com.ar\/df\/#\/schema\/person\/bf6199e8158c657ea6f789b11ec85509","name":"Admin","image":{"@type":"ImageObject","inLanguage":"es","@id":"https:\/\/diariofemenino.com.ar\/df\/wp-content\/uploads\/2018\/12\/favicon-150x150.jpg","url":"https:\/\/diariofemenino.com.ar\/df\/wp-content\/uploads\/2018\/12\/favicon-150x150.jpg","contentUrl":"https:\/\/diariofemenino.com.ar\/df\/wp-content\/uploads\/2018\/12\/favicon-150x150.jpg","caption":"Admin"},"url":"https:\/\/diariofemenino.com.ar\/df\/author\/lenny\/"}]}},"jetpack_featured_media_url":"https:\/\/diariofemenino.com.ar\/df\/wp-content\/uploads\/2020\/10\/Florencia.jpg","jetpack_sharing_enabled":true,"rttpg_featured_image_url":{"full":["https:\/\/diariofemenino.com.ar\/df\/wp-content\/uploads\/2020\/10\/Florencia.jpg",788,435,false],"landscape":["https:\/\/diariofemenino.com.ar\/df\/wp-content\/uploads\/2020\/10\/Florencia.jpg",788,435,false],"portraits":["https:\/\/diariofemenino.com.ar\/df\/wp-content\/uploads\/2020\/10\/Florencia.jpg",788,435,false],"thumbnail":["https:\/\/diariofemenino.com.ar\/df\/wp-content\/uploads\/2020\/10\/Florencia-150x150.jpg",150,150,true],"medium":["https:\/\/diariofemenino.com.ar\/df\/wp-content\/uploads\/2020\/10\/Florencia-300x166.jpg",300,166,true],"large":["https:\/\/diariofemenino.com.ar\/df\/wp-content\/uploads\/2020\/10\/Florencia.jpg",788,435,false],"1536x1536":["https:\/\/diariofemenino.com.ar\/df\/wp-content\/uploads\/2020\/10\/Florencia.jpg",788,435,false],"2048x2048":["https:\/\/diariofemenino.com.ar\/df\/wp-content\/uploads\/2020\/10\/Florencia.jpg",788,435,false]},"rttpg_author":{"display_name":"Admin","author_link":"https:\/\/diariofemenino.com.ar\/df\/author\/lenny\/"},"rttpg_comment":0,"rttpg_category":"<a href=\"https:\/\/diariofemenino.com.ar\/df\/category\/agenda-feminista\/\" rel=\"category tag\">Agenda Feminista<\/a> <a href=\"https:\/\/diariofemenino.com.ar\/df\/category\/mujeres\/\" rel=\"category tag\">Mujeres<\/a>","rttpg_excerpt":"Por primera vez un partido pol\u00edtico querellar\u00e1 por el femicidio de una de sus dirigentes. Conmoci\u00f3n en la provincia de Santa Fe por el femicidio de una militante feminista Por Fabiana Villa y Clara Albisu Foto de Portada Marcos Sierras La dirigente comunista Mar\u00eda Florencia G\u00f3mez Pouillastrou, de 35 a\u00f1os, fue asesinada y su cuerpo&hellip;","_links":{"self":[{"href":"https:\/\/diariofemenino.com.ar\/df\/wp-json\/wp\/v2\/posts\/53358","targetHints":{"allow":["GET"]}}],"collection":[{"href":"https:\/\/diariofemenino.com.ar\/df\/wp-json\/wp\/v2\/posts"}],"about":[{"href":"https:\/\/diariofemenino.com.ar\/df\/wp-json\/wp\/v2\/types\/post"}],"author":[{"embeddable":true,"href":"https:\/\/diariofemenino.com.ar\/df\/wp-json\/wp\/v2\/users\/4"}],"replies":[{"embeddable":true,"href":"https:\/\/diariofemenino.com.ar\/df\/wp-json\/wp\/v2\/comments?post=53358"}],"version-history":[{"count":0,"href":"https:\/\/diariofemenino.com.ar\/df\/wp-json\/wp\/v2\/posts\/53358\/revisions"}],"wp:featuredmedia":[{"embeddable":true,"href":"https:\/\/diariofemenino.com.ar\/df\/wp-json\/wp\/v2\/media\/53363"}],"wp:attachment":[{"href":"https:\/\/diariofemenino.com.ar\/df\/wp-json\/wp\/v2\/media?parent=53358"}],"wp:term":[{"taxonomy":"category","embeddable":true,"href":"https:\/\/diariofemenino.com.ar\/df\/wp-json\/wp\/v2\/categories?post=53358"},{"taxonomy":"post_tag","embeddable":true,"href":"https:\/\/diariofemenino.com.ar\/df\/wp-json\/wp\/v2\/tags?post=53358"}],"curies":[{"name":"wp","href":"https:\/\/api.w.org\/{rel}","templated":true}]}}