{"id":53350,"date":"2020-10-24T20:58:13","date_gmt":"2020-10-24T23:58:13","guid":{"rendered":"https:\/\/diariofemenino.com.ar\/?p=53350"},"modified":"2020-10-24T20:58:13","modified_gmt":"2020-10-24T23:58:13","slug":"matrimonio-conmueve-a-medios-nacionales","status":"publish","type":"post","link":"https:\/\/diariofemenino.com.ar\/df\/matrimonio-conmueve-a-medios-nacionales\/","title":{"rendered":"Matrimonio conmueve a medios nacionales"},"content":{"rendered":"<p>La historia de dos pampeanos<\/p>\n<p><strong>La historia de H\u00e9ctor \u00abBeto\u00bb P\u00e9rez y Ariel Hern\u00e1ndez es muy conocida en La Pampa. Sin embargo, logr\u00f3 trascendencia nacional gracias a una nota que public\u00f3 el diario La Naci\u00f3n y que luego fue replicada por numerosos medios digitales. All\u00ed contaron vivencias y la experiencia personal de cada uno al enfrentar a sus parejas heterosexuales e hijos, para blanquear su amor.<\/strong><\/p>\n<figure id=\"attachment_53352\" aria-describedby=\"caption-attachment-53352\" style=\"width: 878px\" class=\"wp-caption alignleft\"><img loading=\"lazy\" decoding=\"async\" class=\"size-full wp-image-53352\" src=\"https:\/\/diariofemenino.com.ar\/df\/wp-content\/uploads\/2020\/10\/5L3DC44VU5BFHCPSIP3JMJBQOU.jpg\" alt=\"Matrimonio conmueve a medios nacionales\" width=\"878\" height=\"585\" srcset=\"https:\/\/diariofemenino.com.ar\/df\/wp-content\/uploads\/2020\/10\/5L3DC44VU5BFHCPSIP3JMJBQOU.jpg 878w, https:\/\/diariofemenino.com.ar\/df\/wp-content\/uploads\/2020\/10\/5L3DC44VU5BFHCPSIP3JMJBQOU-300x200.jpg 300w, https:\/\/diariofemenino.com.ar\/df\/wp-content\/uploads\/2020\/10\/5L3DC44VU5BFHCPSIP3JMJBQOU-768x512.jpg 768w\" sizes=\"auto, (max-width: 878px) 100vw, 878px\" \/><figcaption id=\"caption-attachment-53352\" class=\"wp-caption-text\">Matrimonio conmueve a <a href=\"http:\/\/www.laarena.com.ar\/la_pampa-matrimonio-conmueve-a-medios-nacionales-2139437-163.html\">medios nacionales<\/a><\/figcaption><\/figure>\n<p>La nota, publicada el pasado mi\u00e9rcoles, lleg\u00f3 al tope de las m\u00e1s le\u00eddas de la jornada en el sitio web del diario de los Mitre. Naci\u00f3 de la propuesta de un sitio web de Capital Federal, donde abordaron el tema de la igualdad dentro del sindicalismo (\u00abBeto\u00bb es sindicalista), la cual lleg\u00f3 a manos de una periodista que se conmovi\u00f3 con la historia y se puso en contacto con ellos, gracias al hijo de \u00abBeto\u00bb, Mart\u00edn.<\/p>\n<p>Esta publicaci\u00f3n coincidi\u00f3 que con las recientes declaraciones del m\u00e1ximo exponente de la Iglesia Cat\u00f3lica, el Papa Francisco, acerca de la aceptaci\u00f3n para que las personas del mismo sexo formen una familia. Y tras la repercusi\u00f3n de ambas notas, la pareja pampeana dialog\u00f3 con el programa \u00abLa Campana\u00bb, por Radio Noticias.<\/p>\n<p>\u00abLa verdad nunca \u00edbamos a pensar en la comunidad gay que saliera todo esto que dijo el Papa, siempre fuimos discriminaos por la comunidad cat\u00f3lica y que hoy reconozcan todo esto para nosotros es un avance muy grande\u00bb, afirm\u00f3 Ariel.<\/p>\n<p>Sin embargo, para ellos, la m\u00e1xima satisfacci\u00f3n fue el reconocimiento de sus hijos para casarse. \u00abNosotros primero tuvimos que salir a hablar con nuestros hijos, explicarles lo que sent\u00edamos y que quer\u00edamos vivir juntos\u2026 luego dijimos, si ya estamos juntos y hay leyes que nos amparan porque hace muchos a\u00f1os hubo gente luchando para poder conquistar todo esto que hoy en d\u00eda est\u00e1, tenemos que casarnos y tener las cosas en regla como un matrimonio normal\u00bb, sostuvo Ariel.<\/p>\n<p><strong>Testigos y protagonistas<\/strong><\/p>\n<p>\u00abBeto\u00bb y Ariel son la prueba viva de que la sociedad est\u00e1 cambiando, ellos mismo afirman que ten\u00edan miedo antes de hablar sobre su <a href=\"https:\/\/diariofemenino.com.ar\/guia-para-el-tratamiento-de-identidades-de-generos-orientacion-sexual-e-intersexualidad\/\">sexualidad<\/a>, a los prejuicios y al que dir\u00e1n, incluso de ser despedidos de sus trabajos. \u00abYo pensaba que contar lo m\u00edo era perder toda mi carrera de sindicalismo que tengo en la ciudad de Santa Rosa, sin embargo, cuando lo dije tuve un apoyo muy grande y, es m\u00e1s, el apoyo m\u00e1s grande fue por parte de mi jefe\u00bb, coment\u00f3 \u00abBeto\u00bb.<\/p>\n<p>Se asumen como testigos y protagonistas de la falta de prejuicios de las nuevas generaciones respecto del tema. Sus hijos, en su mayor\u00eda, los entendieron y apoyaron en todo momento. \u00abLo primero que hice fue compartir la nota con ellas y me dicen \u2018Papi, qu\u00e9 bueno todo lo que hiciste, la verdad que me re-gust\u00f3\u2019 y me mandan corazones\u00bb, manifest\u00f3 Ariel. En el caso de \u00abBeto\u00bb, cuando le fue a contar a su hijo Mart\u00edn, \u00e9ste le dijo que ya lo sab\u00eda, que el celular antiguo que le hab\u00eda dejado habl\u00f3 por s\u00ed solo y asegur\u00f3 que el haberle contado a su hijo \u00abhizo que se fortaleciera mucho m\u00e1s el v\u00ednculo padre-hijo\u00bb. (<a href=\"http:\/\/www.laarena.com.ar\/\">La Arena<\/a>)<\/p>\n<p>&nbsp;<\/p>\n<p><a href=\"https:\/\/diariofemenino.com.ar\/\">DDF<\/a><\/p>\n","protected":false},"excerpt":{"rendered":"<p>La historia de dos pampeanos La historia de H\u00e9ctor \u00abBeto\u00bb P\u00e9rez y Ariel Hern\u00e1ndez es muy conocida en La Pampa. Sin embargo, logr\u00f3 trascendencia nacional gracias a una nota que public\u00f3 el diario La Naci\u00f3n y que luego fue replicada por numerosos medios digitales. All\u00ed contaron vivencias y la experiencia personal de cada uno al [&hellip;]<\/p>\n","protected":false},"author":4,"featured_media":53351,"comment_status":"open","ping_status":"open","sticky":false,"template":"","format":"standard","meta":{"iawp_total_views":10,"footnotes":""},"categories":[7,1067],"tags":[439,3699],"class_list":["post-53350","post","type-post","status-publish","format-standard","has-post-thumbnail","hentry","category-actividades","category-agenda-feminista","tag-la-pampa","tag-matrimonio"],"nelio_content":{"autoShareEndMode":"never","automationSources":{"useCustomSentences":false,"customSentences":[]},"efiAlt":"","efiUrl":"","followers":[4],"highlights":[],"isAutoShareEnabled":true,"networkImageIds":[],"permalinkQueryArgs":[],"series":[],"suggestedReferences":[]},"yoast_head":"<!-- This site is optimized with the Yoast SEO plugin v27.5 - https:\/\/yoast.com\/product\/yoast-seo-wordpress\/ -->\n<title>Matrimonio conmueve a medios nacionales - Diario Digital Femenino<\/title>\n<meta name=\"description\" content=\"Matrimonio conmueve a medios nacionales. \u00abBeto\u00bb y Ariel son la prueba viva de que la sociedad est\u00e1 cambiando, ellos mismo afirman que ten\u00edan miedo\" \/>\n<meta name=\"robots\" content=\"index, follow, max-snippet:-1, max-image-preview:large, max-video-preview:-1\" \/>\n<link rel=\"canonical\" href=\"https:\/\/diariofemenino.com.ar\/df\/matrimonio-conmueve-a-medios-nacionales\/\" \/>\n<meta property=\"og:locale\" content=\"es_ES\" \/>\n<meta property=\"og:type\" content=\"article\" \/>\n<meta property=\"og:title\" content=\"Matrimonio conmueve a medios nacionales - Diario Digital Femenino\" \/>\n<meta property=\"og:description\" content=\"Matrimonio conmueve a medios nacionales. \u00abBeto\u00bb y Ariel son la prueba viva de que la sociedad est\u00e1 cambiando, ellos mismo afirman que ten\u00edan miedo\" \/>\n<meta property=\"og:url\" content=\"https:\/\/diariofemenino.com.ar\/df\/matrimonio-conmueve-a-medios-nacionales\/\" \/>\n<meta property=\"og:site_name\" content=\"Diario Digital Femenino\" \/>\n<meta property=\"article:publisher\" content=\"https:\/\/www.facebook.com\/DiarioDigitaFemenino\/\" \/>\n<meta property=\"article:published_time\" content=\"2020-10-24T23:58:13+00:00\" \/>\n<meta property=\"og:image\" content=\"https:\/\/diariofemenino.com.ar\/df\/wp-content\/uploads\/2020\/10\/14-B-1-x-32e520007.jpg\" \/>\n\t<meta property=\"og:image:width\" content=\"696\" \/>\n\t<meta property=\"og:image:height\" content=\"404\" \/>\n\t<meta property=\"og:image:type\" content=\"image\/jpeg\" \/>\n<meta name=\"author\" content=\"Admin\" \/>\n<meta name=\"twitter:card\" content=\"summary_large_image\" \/>\n<meta name=\"twitter:creator\" content=\"@DiarioFemenino1\" \/>\n<meta name=\"twitter:site\" content=\"@DiarioFemenino1\" \/>\n<meta name=\"twitter:label1\" content=\"Escrito por\" \/>\n\t<meta name=\"twitter:data1\" content=\"Admin\" \/>\n\t<meta name=\"twitter:label2\" content=\"Tiempo de lectura\" \/>\n\t<meta name=\"twitter:data2\" content=\"3 minutos\" \/>\n<script type=\"application\/ld+json\" class=\"yoast-schema-graph\">{\"@context\":\"https:\\\/\\\/schema.org\",\"@graph\":[{\"@type\":\"Article\",\"@id\":\"https:\\\/\\\/diariofemenino.com.ar\\\/df\\\/matrimonio-conmueve-a-medios-nacionales\\\/#article\",\"isPartOf\":{\"@id\":\"https:\\\/\\\/diariofemenino.com.ar\\\/df\\\/matrimonio-conmueve-a-medios-nacionales\\\/\"},\"author\":{\"name\":\"Admin\",\"@id\":\"https:\\\/\\\/diariofemenino.com.ar\\\/df\\\/#\\\/schema\\\/person\\\/bf6199e8158c657ea6f789b11ec85509\"},\"headline\":\"Matrimonio conmueve a medios nacionales\",\"datePublished\":\"2020-10-24T23:58:13+00:00\",\"mainEntityOfPage\":{\"@id\":\"https:\\\/\\\/diariofemenino.com.ar\\\/df\\\/matrimonio-conmueve-a-medios-nacionales\\\/\"},\"wordCount\":563,\"commentCount\":0,\"publisher\":{\"@id\":\"https:\\\/\\\/diariofemenino.com.ar\\\/df\\\/#organization\"},\"image\":{\"@id\":\"https:\\\/\\\/diariofemenino.com.ar\\\/df\\\/matrimonio-conmueve-a-medios-nacionales\\\/#primaryimage\"},\"thumbnailUrl\":\"https:\\\/\\\/diariofemenino.com.ar\\\/df\\\/wp-content\\\/uploads\\\/2020\\\/10\\\/14-B-1-x-32e520007.jpg\",\"keywords\":[\"La Pampa\",\"Matrimonio\"],\"articleSection\":[\"Actividades\",\"Agenda Feminista\"],\"inLanguage\":\"es\",\"potentialAction\":[{\"@type\":\"CommentAction\",\"name\":\"Comment\",\"target\":[\"https:\\\/\\\/diariofemenino.com.ar\\\/df\\\/matrimonio-conmueve-a-medios-nacionales\\\/#respond\"]}]},{\"@type\":\"WebPage\",\"@id\":\"https:\\\/\\\/diariofemenino.com.ar\\\/df\\\/matrimonio-conmueve-a-medios-nacionales\\\/\",\"url\":\"https:\\\/\\\/diariofemenino.com.ar\\\/df\\\/matrimonio-conmueve-a-medios-nacionales\\\/\",\"name\":\"Matrimonio conmueve a medios nacionales - Diario Digital Femenino\",\"isPartOf\":{\"@id\":\"https:\\\/\\\/diariofemenino.com.ar\\\/df\\\/#website\"},\"primaryImageOfPage\":{\"@id\":\"https:\\\/\\\/diariofemenino.com.ar\\\/df\\\/matrimonio-conmueve-a-medios-nacionales\\\/#primaryimage\"},\"image\":{\"@id\":\"https:\\\/\\\/diariofemenino.com.ar\\\/df\\\/matrimonio-conmueve-a-medios-nacionales\\\/#primaryimage\"},\"thumbnailUrl\":\"https:\\\/\\\/diariofemenino.com.ar\\\/df\\\/wp-content\\\/uploads\\\/2020\\\/10\\\/14-B-1-x-32e520007.jpg\",\"datePublished\":\"2020-10-24T23:58:13+00:00\",\"description\":\"Matrimonio conmueve a medios nacionales. \u00abBeto\u00bb y Ariel son la prueba viva de que la sociedad est\u00e1 cambiando, ellos mismo afirman que ten\u00edan miedo\",\"breadcrumb\":{\"@id\":\"https:\\\/\\\/diariofemenino.com.ar\\\/df\\\/matrimonio-conmueve-a-medios-nacionales\\\/#breadcrumb\"},\"inLanguage\":\"es\",\"potentialAction\":[{\"@type\":\"ReadAction\",\"target\":[\"https:\\\/\\\/diariofemenino.com.ar\\\/df\\\/matrimonio-conmueve-a-medios-nacionales\\\/\"]}]},{\"@type\":\"ImageObject\",\"inLanguage\":\"es\",\"@id\":\"https:\\\/\\\/diariofemenino.com.ar\\\/df\\\/matrimonio-conmueve-a-medios-nacionales\\\/#primaryimage\",\"url\":\"https:\\\/\\\/diariofemenino.com.ar\\\/df\\\/wp-content\\\/uploads\\\/2020\\\/10\\\/14-B-1-x-32e520007.jpg\",\"contentUrl\":\"https:\\\/\\\/diariofemenino.com.ar\\\/df\\\/wp-content\\\/uploads\\\/2020\\\/10\\\/14-B-1-x-32e520007.jpg\",\"width\":696,\"height\":404,\"caption\":\"Matrimonio conmueve a medios nacionales\"},{\"@type\":\"BreadcrumbList\",\"@id\":\"https:\\\/\\\/diariofemenino.com.ar\\\/df\\\/matrimonio-conmueve-a-medios-nacionales\\\/#breadcrumb\",\"itemListElement\":[{\"@type\":\"ListItem\",\"position\":1,\"name\":\"Portada\",\"item\":\"https:\\\/\\\/diariofemenino.com.ar\\\/df\\\/\"},{\"@type\":\"ListItem\",\"position\":2,\"name\":\"Matrimonio conmueve a medios nacionales\"}]},{\"@type\":\"WebSite\",\"@id\":\"https:\\\/\\\/diariofemenino.com.ar\\\/df\\\/#website\",\"url\":\"https:\\\/\\\/diariofemenino.com.ar\\\/df\\\/\",\"name\":\"Diario Digital Femenino\",\"description\":\"Cuesti\u00f3n de G\u00e9nero\",\"publisher\":{\"@id\":\"https:\\\/\\\/diariofemenino.com.ar\\\/df\\\/#organization\"},\"potentialAction\":[{\"@type\":\"SearchAction\",\"target\":{\"@type\":\"EntryPoint\",\"urlTemplate\":\"https:\\\/\\\/diariofemenino.com.ar\\\/df\\\/?s={search_term_string}\"},\"query-input\":{\"@type\":\"PropertyValueSpecification\",\"valueRequired\":true,\"valueName\":\"search_term_string\"}}],\"inLanguage\":\"es\"},{\"@type\":\"Organization\",\"@id\":\"https:\\\/\\\/diariofemenino.com.ar\\\/df\\\/#organization\",\"name\":\"Diario Femenino\",\"url\":\"https:\\\/\\\/diariofemenino.com.ar\\\/df\\\/\",\"logo\":{\"@type\":\"ImageObject\",\"inLanguage\":\"es\",\"@id\":\"https:\\\/\\\/diariofemenino.com.ar\\\/df\\\/#\\\/schema\\\/logo\\\/image\\\/\",\"url\":\"https:\\\/\\\/diariofemenino.com.ar\\\/df\\\/wp-content\\\/uploads\\\/2018\\\/10\\\/logo.png\",\"contentUrl\":\"https:\\\/\\\/diariofemenino.com.ar\\\/df\\\/wp-content\\\/uploads\\\/2018\\\/10\\\/logo.png\",\"width\":500,\"height\":92,\"caption\":\"Diario Femenino\"},\"image\":{\"@id\":\"https:\\\/\\\/diariofemenino.com.ar\\\/df\\\/#\\\/schema\\\/logo\\\/image\\\/\"},\"sameAs\":[\"https:\\\/\\\/www.facebook.com\\\/DiarioDigitaFemenino\\\/\",\"https:\\\/\\\/x.com\\\/DiarioFemenino1\"]},{\"@type\":\"Person\",\"@id\":\"https:\\\/\\\/diariofemenino.com.ar\\\/df\\\/#\\\/schema\\\/person\\\/bf6199e8158c657ea6f789b11ec85509\",\"name\":\"Admin\",\"image\":{\"@type\":\"ImageObject\",\"inLanguage\":\"es\",\"@id\":\"https:\\\/\\\/diariofemenino.com.ar\\\/df\\\/wp-content\\\/uploads\\\/2018\\\/12\\\/favicon-150x150.jpg\",\"url\":\"https:\\\/\\\/diariofemenino.com.ar\\\/df\\\/wp-content\\\/uploads\\\/2018\\\/12\\\/favicon-150x150.jpg\",\"contentUrl\":\"https:\\\/\\\/diariofemenino.com.ar\\\/df\\\/wp-content\\\/uploads\\\/2018\\\/12\\\/favicon-150x150.jpg\",\"caption\":\"Admin\"},\"url\":\"https:\\\/\\\/diariofemenino.com.ar\\\/df\\\/author\\\/lenny\\\/\"}]}<\/script>\n<!-- \/ Yoast SEO plugin. -->","yoast_head_json":{"title":"Matrimonio conmueve a medios nacionales - Diario Digital Femenino","description":"Matrimonio conmueve a medios nacionales. \u00abBeto\u00bb y Ariel son la prueba viva de que la sociedad est\u00e1 cambiando, ellos mismo afirman que ten\u00edan miedo","robots":{"index":"index","follow":"follow","max-snippet":"max-snippet:-1","max-image-preview":"max-image-preview:large","max-video-preview":"max-video-preview:-1"},"canonical":"https:\/\/diariofemenino.com.ar\/df\/matrimonio-conmueve-a-medios-nacionales\/","og_locale":"es_ES","og_type":"article","og_title":"Matrimonio conmueve a medios nacionales - Diario Digital Femenino","og_description":"Matrimonio conmueve a medios nacionales. \u00abBeto\u00bb y Ariel son la prueba viva de que la sociedad est\u00e1 cambiando, ellos mismo afirman que ten\u00edan miedo","og_url":"https:\/\/diariofemenino.com.ar\/df\/matrimonio-conmueve-a-medios-nacionales\/","og_site_name":"Diario Digital Femenino","article_publisher":"https:\/\/www.facebook.com\/DiarioDigitaFemenino\/","article_published_time":"2020-10-24T23:58:13+00:00","og_image":[{"width":696,"height":404,"url":"https:\/\/diariofemenino.com.ar\/df\/wp-content\/uploads\/2020\/10\/14-B-1-x-32e520007.jpg","type":"image\/jpeg"}],"author":"Admin","twitter_card":"summary_large_image","twitter_creator":"@DiarioFemenino1","twitter_site":"@DiarioFemenino1","twitter_misc":{"Escrito por":"Admin","Tiempo de lectura":"3 minutos"},"schema":{"@context":"https:\/\/schema.org","@graph":[{"@type":"Article","@id":"https:\/\/diariofemenino.com.ar\/df\/matrimonio-conmueve-a-medios-nacionales\/#article","isPartOf":{"@id":"https:\/\/diariofemenino.com.ar\/df\/matrimonio-conmueve-a-medios-nacionales\/"},"author":{"name":"Admin","@id":"https:\/\/diariofemenino.com.ar\/df\/#\/schema\/person\/bf6199e8158c657ea6f789b11ec85509"},"headline":"Matrimonio conmueve a medios nacionales","datePublished":"2020-10-24T23:58:13+00:00","mainEntityOfPage":{"@id":"https:\/\/diariofemenino.com.ar\/df\/matrimonio-conmueve-a-medios-nacionales\/"},"wordCount":563,"commentCount":0,"publisher":{"@id":"https:\/\/diariofemenino.com.ar\/df\/#organization"},"image":{"@id":"https:\/\/diariofemenino.com.ar\/df\/matrimonio-conmueve-a-medios-nacionales\/#primaryimage"},"thumbnailUrl":"https:\/\/diariofemenino.com.ar\/df\/wp-content\/uploads\/2020\/10\/14-B-1-x-32e520007.jpg","keywords":["La Pampa","Matrimonio"],"articleSection":["Actividades","Agenda Feminista"],"inLanguage":"es","potentialAction":[{"@type":"CommentAction","name":"Comment","target":["https:\/\/diariofemenino.com.ar\/df\/matrimonio-conmueve-a-medios-nacionales\/#respond"]}]},{"@type":"WebPage","@id":"https:\/\/diariofemenino.com.ar\/df\/matrimonio-conmueve-a-medios-nacionales\/","url":"https:\/\/diariofemenino.com.ar\/df\/matrimonio-conmueve-a-medios-nacionales\/","name":"Matrimonio conmueve a medios nacionales - Diario Digital Femenino","isPartOf":{"@id":"https:\/\/diariofemenino.com.ar\/df\/#website"},"primaryImageOfPage":{"@id":"https:\/\/diariofemenino.com.ar\/df\/matrimonio-conmueve-a-medios-nacionales\/#primaryimage"},"image":{"@id":"https:\/\/diariofemenino.com.ar\/df\/matrimonio-conmueve-a-medios-nacionales\/#primaryimage"},"thumbnailUrl":"https:\/\/diariofemenino.com.ar\/df\/wp-content\/uploads\/2020\/10\/14-B-1-x-32e520007.jpg","datePublished":"2020-10-24T23:58:13+00:00","description":"Matrimonio conmueve a medios nacionales. \u00abBeto\u00bb y Ariel son la prueba viva de que la sociedad est\u00e1 cambiando, ellos mismo afirman que ten\u00edan miedo","breadcrumb":{"@id":"https:\/\/diariofemenino.com.ar\/df\/matrimonio-conmueve-a-medios-nacionales\/#breadcrumb"},"inLanguage":"es","potentialAction":[{"@type":"ReadAction","target":["https:\/\/diariofemenino.com.ar\/df\/matrimonio-conmueve-a-medios-nacionales\/"]}]},{"@type":"ImageObject","inLanguage":"es","@id":"https:\/\/diariofemenino.com.ar\/df\/matrimonio-conmueve-a-medios-nacionales\/#primaryimage","url":"https:\/\/diariofemenino.com.ar\/df\/wp-content\/uploads\/2020\/10\/14-B-1-x-32e520007.jpg","contentUrl":"https:\/\/diariofemenino.com.ar\/df\/wp-content\/uploads\/2020\/10\/14-B-1-x-32e520007.jpg","width":696,"height":404,"caption":"Matrimonio conmueve a medios nacionales"},{"@type":"BreadcrumbList","@id":"https:\/\/diariofemenino.com.ar\/df\/matrimonio-conmueve-a-medios-nacionales\/#breadcrumb","itemListElement":[{"@type":"ListItem","position":1,"name":"Portada","item":"https:\/\/diariofemenino.com.ar\/df\/"},{"@type":"ListItem","position":2,"name":"Matrimonio conmueve a medios nacionales"}]},{"@type":"WebSite","@id":"https:\/\/diariofemenino.com.ar\/df\/#website","url":"https:\/\/diariofemenino.com.ar\/df\/","name":"Diario Digital Femenino","description":"Cuesti\u00f3n de G\u00e9nero","publisher":{"@id":"https:\/\/diariofemenino.com.ar\/df\/#organization"},"potentialAction":[{"@type":"SearchAction","target":{"@type":"EntryPoint","urlTemplate":"https:\/\/diariofemenino.com.ar\/df\/?s={search_term_string}"},"query-input":{"@type":"PropertyValueSpecification","valueRequired":true,"valueName":"search_term_string"}}],"inLanguage":"es"},{"@type":"Organization","@id":"https:\/\/diariofemenino.com.ar\/df\/#organization","name":"Diario Femenino","url":"https:\/\/diariofemenino.com.ar\/df\/","logo":{"@type":"ImageObject","inLanguage":"es","@id":"https:\/\/diariofemenino.com.ar\/df\/#\/schema\/logo\/image\/","url":"https:\/\/diariofemenino.com.ar\/df\/wp-content\/uploads\/2018\/10\/logo.png","contentUrl":"https:\/\/diariofemenino.com.ar\/df\/wp-content\/uploads\/2018\/10\/logo.png","width":500,"height":92,"caption":"Diario Femenino"},"image":{"@id":"https:\/\/diariofemenino.com.ar\/df\/#\/schema\/logo\/image\/"},"sameAs":["https:\/\/www.facebook.com\/DiarioDigitaFemenino\/","https:\/\/x.com\/DiarioFemenino1"]},{"@type":"Person","@id":"https:\/\/diariofemenino.com.ar\/df\/#\/schema\/person\/bf6199e8158c657ea6f789b11ec85509","name":"Admin","image":{"@type":"ImageObject","inLanguage":"es","@id":"https:\/\/diariofemenino.com.ar\/df\/wp-content\/uploads\/2018\/12\/favicon-150x150.jpg","url":"https:\/\/diariofemenino.com.ar\/df\/wp-content\/uploads\/2018\/12\/favicon-150x150.jpg","contentUrl":"https:\/\/diariofemenino.com.ar\/df\/wp-content\/uploads\/2018\/12\/favicon-150x150.jpg","caption":"Admin"},"url":"https:\/\/diariofemenino.com.ar\/df\/author\/lenny\/"}]}},"jetpack_featured_media_url":"https:\/\/diariofemenino.com.ar\/df\/wp-content\/uploads\/2020\/10\/14-B-1-x-32e520007.jpg","jetpack_sharing_enabled":true,"rttpg_featured_image_url":{"full":["https:\/\/diariofemenino.com.ar\/df\/wp-content\/uploads\/2020\/10\/14-B-1-x-32e520007.jpg",696,404,false],"landscape":["https:\/\/diariofemenino.com.ar\/df\/wp-content\/uploads\/2020\/10\/14-B-1-x-32e520007.jpg",696,404,false],"portraits":["https:\/\/diariofemenino.com.ar\/df\/wp-content\/uploads\/2020\/10\/14-B-1-x-32e520007.jpg",696,404,false],"thumbnail":["https:\/\/diariofemenino.com.ar\/df\/wp-content\/uploads\/2020\/10\/14-B-1-x-32e520007-150x150.jpg",150,150,true],"medium":["https:\/\/diariofemenino.com.ar\/df\/wp-content\/uploads\/2020\/10\/14-B-1-x-32e520007-300x174.jpg",300,174,true],"large":["https:\/\/diariofemenino.com.ar\/df\/wp-content\/uploads\/2020\/10\/14-B-1-x-32e520007.jpg",696,404,false],"1536x1536":["https:\/\/diariofemenino.com.ar\/df\/wp-content\/uploads\/2020\/10\/14-B-1-x-32e520007.jpg",696,404,false],"2048x2048":["https:\/\/diariofemenino.com.ar\/df\/wp-content\/uploads\/2020\/10\/14-B-1-x-32e520007.jpg",696,404,false]},"rttpg_author":{"display_name":"Admin","author_link":"https:\/\/diariofemenino.com.ar\/df\/author\/lenny\/"},"rttpg_comment":0,"rttpg_category":"<a href=\"https:\/\/diariofemenino.com.ar\/df\/category\/actividades\/\" rel=\"category tag\">Actividades<\/a> <a href=\"https:\/\/diariofemenino.com.ar\/df\/category\/agenda-feminista\/\" rel=\"category tag\">Agenda Feminista<\/a>","rttpg_excerpt":"La historia de dos pampeanos La historia de H\u00e9ctor \u00abBeto\u00bb P\u00e9rez y Ariel Hern\u00e1ndez es muy conocida en La Pampa. Sin embargo, logr\u00f3 trascendencia nacional gracias a una nota que public\u00f3 el diario La Naci\u00f3n y que luego fue replicada por numerosos medios digitales. All\u00ed contaron vivencias y la experiencia personal de cada uno al&hellip;","_links":{"self":[{"href":"https:\/\/diariofemenino.com.ar\/df\/wp-json\/wp\/v2\/posts\/53350","targetHints":{"allow":["GET"]}}],"collection":[{"href":"https:\/\/diariofemenino.com.ar\/df\/wp-json\/wp\/v2\/posts"}],"about":[{"href":"https:\/\/diariofemenino.com.ar\/df\/wp-json\/wp\/v2\/types\/post"}],"author":[{"embeddable":true,"href":"https:\/\/diariofemenino.com.ar\/df\/wp-json\/wp\/v2\/users\/4"}],"replies":[{"embeddable":true,"href":"https:\/\/diariofemenino.com.ar\/df\/wp-json\/wp\/v2\/comments?post=53350"}],"version-history":[{"count":0,"href":"https:\/\/diariofemenino.com.ar\/df\/wp-json\/wp\/v2\/posts\/53350\/revisions"}],"wp:featuredmedia":[{"embeddable":true,"href":"https:\/\/diariofemenino.com.ar\/df\/wp-json\/wp\/v2\/media\/53351"}],"wp:attachment":[{"href":"https:\/\/diariofemenino.com.ar\/df\/wp-json\/wp\/v2\/media?parent=53350"}],"wp:term":[{"taxonomy":"category","embeddable":true,"href":"https:\/\/diariofemenino.com.ar\/df\/wp-json\/wp\/v2\/categories?post=53350"},{"taxonomy":"post_tag","embeddable":true,"href":"https:\/\/diariofemenino.com.ar\/df\/wp-json\/wp\/v2\/tags?post=53350"}],"curies":[{"name":"wp","href":"https:\/\/api.w.org\/{rel}","templated":true}]}}