{"id":53213,"date":"2020-10-20T09:31:44","date_gmt":"2020-10-20T12:31:44","guid":{"rendered":"https:\/\/diariofemenino.com.ar\/?p=53213"},"modified":"2020-10-20T12:11:54","modified_gmt":"2020-10-20T15:11:54","slug":"una-mujer-escondida","status":"publish","type":"post","link":"https:\/\/diariofemenino.com.ar\/df\/una-mujer-escondida\/","title":{"rendered":"Una mujer escondida en un nombre de hombre: \u00abPablo del Cerro\u00bb, coautora de 65 temas de Atahualpa Yupanqui"},"content":{"rendered":"<p>Una mujer escondida en un nombre de hombre<\/p>\n<p><a href=\"https:\/\/diariofemenino.com.ar\/11-mujeres-que-revolucionaron-la-historia-de-la-musica-y-sin-ellas-no-seria-lo-mismo\/\">Reconocimiento<\/a> a una artista v\u00edctima del machismo de su \u00e9poca.<\/p>\n<p>La historia es dolorosa, y da cuenta del largo recorrido de las mujeres en su lucha por la igualdad de derechos.\u00a0Una ciudadana francesa,\u00a0Antonietta Paule Pepin-Fitzpatrick, tambi\u00e9n conocida como \u00abNenette\u00bb, tambi\u00e9n conocida como \u00abPablo del Cerro\u00bb es la autora o coautora de infinidad de cl\u00e1sicos del folklore argentino. Sin Nenette no hubieran sido posibles ni \u00abLuna Tucumana\u00bb, ni \u00abEl arriero va\u00bb, ni \u00abZamba del oto\u00f1o\u00bb. Un total de 65 obras est\u00e1n registradas a su nombre en Sadaic. Nenette fue la compa\u00f1era de vida y obra de\u00a0Roberto Chavero, m\u00e1s conocido como\u00a0Atahualpa Yupanqui\u00a0y la coautora de muchos de sus temas, cuando no directamente la autora.\u00a0\u00a0Nenette hab\u00eda nacido en 1908 en la isla de Saint Pierre et Miquel\u00f3n, ubicada en la costa atl\u00e1ntica de Canad\u00e1. A los seis a\u00f1os se mud\u00f3 a Francia con su familia, y a los 20, en 1928,\u00a0 se instal\u00f3 en el barrio porte\u00f1o de Villa Ballester, donde retom\u00f3 sus estudios de piano y composici\u00f3n y armon\u00eda, a los que sum\u00f3 adem\u00e1s estudios de folklore argentino con la investigadora\u00a0Isabel Aretz.<\/p>\n<p><iframe loading=\"lazy\" title=\"Agua Escondida\" width=\"1170\" height=\"878\" src=\"https:\/\/www.youtube.com\/embed\/CwZF_WpFK2c?feature=oembed\" frameborder=\"0\" allow=\"accelerometer; autoplay; clipboard-write; encrypted-media; gyroscope; picture-in-picture; web-share\" referrerpolicy=\"strict-origin-when-cross-origin\" allowfullscreen><\/iframe><\/p>\n<p>En 1942, Nenette conoci\u00f3 a Yupanqui, que entonces estaba casado. Se enamoraron. En 1946, ya estaban conviviendo.\u00a0Yupanqui y Nenette eran dos m\u00fasicos y componer juntos era parte del romance. Sin embargo, ella no firm\u00f3 jam\u00e1s con su nombre sus m\u00fasicas, sino con el de Pablo del Cerro. \u00bfPor qu\u00e9 lo hizo? Seg\u00fan\u00a0Roberto \u00abKolla\u00bb Chavero, hijo de ambos,\u00a0\u00ablo tom\u00f3 primero porque en los tiempos en que ella y mi padre se unieron, mi padre estaba casado pero no divorciado de su primer matrimonio. Y\u00a0no estaba bien visto el aspecto de la concubina, no estaba bien visto adem\u00e1s el hecho de que Yupanqui,\u00a0que ya era Yupanqui, firmara ahora con una francesa. Todos esos prejuicios que sol\u00edan haber.\u00a0Por eso mi madre firmaba como Pablo del Cerro. Adem\u00e1s,\u00a0fue por el Cerro Colorado, que fue el lugar que nos alberg\u00f3 en tiempos duros y all\u00ed construimos ese rinc\u00f3n donde est\u00e1 el museo actualmente\u201d.<\/p>\n<figure id=\"attachment_53216\" aria-describedby=\"caption-attachment-53216\" style=\"width: 888px\" class=\"wp-caption aligncenter\"><img loading=\"lazy\" decoding=\"async\" class=\"size-full wp-image-53216\" src=\"https:\/\/diariofemenino.com.ar\/df\/wp-content\/uploads\/2020\/10\/image.jpg\" alt=\"Una mujer escondida en un nombre de hombre: &quot;Pablo del Cerro&quot;, coautora de 65 temas de Atahualpa Yupanqui\" width=\"888\" height=\"542\" srcset=\"https:\/\/diariofemenino.com.ar\/df\/wp-content\/uploads\/2020\/10\/image.jpg 888w, https:\/\/diariofemenino.com.ar\/df\/wp-content\/uploads\/2020\/10\/image-300x183.jpg 300w, https:\/\/diariofemenino.com.ar\/df\/wp-content\/uploads\/2020\/10\/image-768x469.jpg 768w\" sizes=\"auto, (max-width: 888px) 100vw, 888px\" \/><figcaption id=\"caption-attachment-53216\" class=\"wp-caption-text\">Una mujer escondida en un nombre de hombre: \u00abPablo del Cerro\u00bb, coautora de 65 temas de Atahualpa Yupanqui<\/figcaption><\/figure>\n<p>Era mujer, era francesa, era \u00abconcubina\u00bb: esa horrible palabra que todav\u00eda se usa para designar a las parejas sin papeles. Deb\u00eda permanecer oculta ante el muy machista mundo del folklore y los folkloristas. Y para colmo era&#8230; \u00a1francesa! \u00bfC\u00f3mo iba a ser la autora de cl\u00e1sicos inoxidables?\u00a0\u00abElla ten\u00eda una entereza espiritual tan grande que no ten\u00eda necesidad del aplauso, del reconocimiento. Y entonces reflexionamos sobre nuestra necesidad como artistas, de que el otro nos reconozca, nos defina. Hablamos del exitismo de esta era. Nenette sab\u00eda perfectamente lo que hac\u00eda.<\/p>\n<p><iframe loading=\"lazy\" title=\"Atahualpa Yupanqui - Luna Tucumana (1957)\" width=\"1170\" height=\"658\" src=\"https:\/\/www.youtube.com\/embed\/70WmQk96Btc?feature=oembed\" frameborder=\"0\" allow=\"accelerometer; autoplay; clipboard-write; encrypted-media; gyroscope; picture-in-picture; web-share\" referrerpolicy=\"strict-origin-when-cross-origin\" allowfullscreen><\/iframe><\/p>\n<p>Su aporte musical aparece en canciones no s\u00f3lo hermosas, fundamentales. Ella renov\u00f3 el arte de Yupanqui. Era estudiosa, arm\u00f3 las partituras, llev\u00f3 adelante la administraci\u00f3n. Ella sosten\u00eda al peregrino que caminaba. Sent\u00eda devoci\u00f3n por el arte. El hijo nos cont\u00f3 que Nenette abandon\u00f3 los conciertos por su maternidad (ella fue hu\u00e9rfana de muy chica). Se dedic\u00f3 al arte, a la maternidad y a sostener a semejante artista\u00bb, explic\u00f3 alguna vez\u00a0Mar\u00eda Palacios, directora de la obra teatral en su honor\u00a0Vidala para una sombra.\u00a0En la semana del 8M, al cabo de una multitudinaria movilizaci\u00f3n feminista, cabe este recuerdo\u00a0a una artista inmensa cuyo talento permaneci\u00f3 velado bajo un nombre de hombre.<\/p>\n<p><a href=\"https:\/\/www.bigbangnews.com\/\">Big Bang News<\/a><\/p>\n<p><a href=\"https:\/\/diariofemenino.com.ar\/\">Diario Digital Femenino <\/a><\/p>\n","protected":false},"excerpt":{"rendered":"<p>Una mujer escondida en un nombre de hombre Reconocimiento a una artista v\u00edctima del machismo de su \u00e9poca. La historia es dolorosa, y da cuenta del largo recorrido de las mujeres en su lucha por la igualdad de derechos.\u00a0Una ciudadana francesa,\u00a0Antonietta Paule Pepin-Fitzpatrick, tambi\u00e9n conocida como \u00abNenette\u00bb, tambi\u00e9n conocida como \u00abPablo del Cerro\u00bb es la [&hellip;]<\/p>\n","protected":false},"author":1,"featured_media":53219,"comment_status":"open","ping_status":"open","sticky":false,"template":"","format":"standard","meta":{"iawp_total_views":457,"footnotes":""},"categories":[7,5,32],"tags":[3686,60,3685,3687],"class_list":["post-53213","post","type-post","status-publish","format-standard","has-post-thumbnail","hentry","category-actividades","category-historias-de-vida","category-mujeres","tag-luna-tucumana","tag-musica","tag-nenette","tag-yupanqui"],"nelio_content":{"autoShareEndMode":"never","automationSources":{"useCustomSentences":false,"customSentences":[]},"efiAlt":"","efiUrl":"","followers":[4],"highlights":[],"isAutoShareEnabled":true,"networkImageIds":[],"permalinkQueryArgs":[],"series":[],"suggestedReferences":[]},"yoast_head":"<!-- This site is optimized with the Yoast SEO plugin v27.5 - https:\/\/yoast.com\/product\/yoast-seo-wordpress\/ -->\n<title>Una mujer escondida en un nombre de hombre: &quot;Pablo del Cerro&quot;, coautora de 65 temas de Atahualpa Yupanqui - Diario Digital Femenino<\/title>\n<meta name=\"description\" content=\"Mujer escondida en un nombre de hombre: &quot;Pablo del Cerro&quot;, coautora 65 temas Atahualpa Yupanqui. Reconocimiento a artista\" \/>\n<meta name=\"robots\" content=\"index, follow, max-snippet:-1, max-image-preview:large, max-video-preview:-1\" \/>\n<link rel=\"canonical\" href=\"https:\/\/diariofemenino.com.ar\/df\/una-mujer-escondida\/\" \/>\n<meta property=\"og:locale\" content=\"es_ES\" \/>\n<meta property=\"og:type\" content=\"article\" \/>\n<meta property=\"og:title\" content=\"Una mujer escondida en un nombre de hombre: &quot;Pablo del Cerro&quot;, coautora de 65 temas de Atahualpa Yupanqui - Diario Digital Femenino\" \/>\n<meta property=\"og:description\" content=\"Mujer escondida en un nombre de hombre: &quot;Pablo del Cerro&quot;, coautora 65 temas Atahualpa Yupanqui. Reconocimiento a artista\" \/>\n<meta property=\"og:url\" content=\"https:\/\/diariofemenino.com.ar\/df\/una-mujer-escondida\/\" \/>\n<meta property=\"og:site_name\" content=\"Diario Digital Femenino\" \/>\n<meta property=\"article:publisher\" content=\"https:\/\/www.facebook.com\/DiarioDigitaFemenino\/\" \/>\n<meta property=\"article:published_time\" content=\"2020-10-20T12:31:44+00:00\" \/>\n<meta property=\"article:modified_time\" content=\"2020-10-20T15:11:54+00:00\" \/>\n<meta property=\"og:image\" content=\"https:\/\/diariofemenino.com.ar\/df\/wp-content\/uploads\/2020\/10\/WhatsApp-Image-2020-10-20-at-09.47.16.jpeg\" \/>\n\t<meta property=\"og:image:width\" content=\"464\" \/>\n\t<meta property=\"og:image:height\" content=\"464\" \/>\n\t<meta property=\"og:image:type\" content=\"image\/jpeg\" \/>\n<meta name=\"author\" content=\"Admin\" \/>\n<meta name=\"twitter:card\" content=\"summary_large_image\" \/>\n<meta name=\"twitter:creator\" content=\"@DiarioFemenino1\" \/>\n<meta name=\"twitter:site\" content=\"@DiarioFemenino1\" \/>\n<meta name=\"twitter:label1\" content=\"Escrito por\" \/>\n\t<meta name=\"twitter:data1\" content=\"Admin\" \/>\n\t<meta name=\"twitter:label2\" content=\"Tiempo de lectura\" \/>\n\t<meta name=\"twitter:data2\" content=\"3 minutos\" \/>\n<script type=\"application\/ld+json\" class=\"yoast-schema-graph\">{\"@context\":\"https:\\\/\\\/schema.org\",\"@graph\":[{\"@type\":\"Article\",\"@id\":\"https:\\\/\\\/diariofemenino.com.ar\\\/df\\\/una-mujer-escondida\\\/#article\",\"isPartOf\":{\"@id\":\"https:\\\/\\\/diariofemenino.com.ar\\\/df\\\/una-mujer-escondida\\\/\"},\"author\":{\"name\":\"Admin\",\"@id\":\"https:\\\/\\\/diariofemenino.com.ar\\\/df\\\/#\\\/schema\\\/person\\\/38f54b3bfd13f561de2460ba95c169c6\"},\"headline\":\"Una mujer escondida en un nombre de hombre: \u00abPablo del Cerro\u00bb, coautora de 65 temas de Atahualpa Yupanqui\",\"datePublished\":\"2020-10-20T12:31:44+00:00\",\"dateModified\":\"2020-10-20T15:11:54+00:00\",\"mainEntityOfPage\":{\"@id\":\"https:\\\/\\\/diariofemenino.com.ar\\\/df\\\/una-mujer-escondida\\\/\"},\"wordCount\":648,\"commentCount\":2,\"publisher\":{\"@id\":\"https:\\\/\\\/diariofemenino.com.ar\\\/df\\\/#organization\"},\"image\":{\"@id\":\"https:\\\/\\\/diariofemenino.com.ar\\\/df\\\/una-mujer-escondida\\\/#primaryimage\"},\"thumbnailUrl\":\"https:\\\/\\\/diariofemenino.com.ar\\\/df\\\/wp-content\\\/uploads\\\/2020\\\/10\\\/WhatsApp-Image-2020-10-20-at-09.47.16.jpeg\",\"keywords\":[\"Luna Tucumana\",\"M\u00f9sica\",\"Nenette\",\"Yupanqui\"],\"articleSection\":[\"Actividades\",\"Historias de vida\",\"Mujeres\"],\"inLanguage\":\"es\",\"potentialAction\":[{\"@type\":\"CommentAction\",\"name\":\"Comment\",\"target\":[\"https:\\\/\\\/diariofemenino.com.ar\\\/df\\\/una-mujer-escondida\\\/#respond\"]}]},{\"@type\":\"WebPage\",\"@id\":\"https:\\\/\\\/diariofemenino.com.ar\\\/df\\\/una-mujer-escondida\\\/\",\"url\":\"https:\\\/\\\/diariofemenino.com.ar\\\/df\\\/una-mujer-escondida\\\/\",\"name\":\"Una mujer escondida en un nombre de hombre: \\\"Pablo del Cerro\\\", coautora de 65 temas de Atahualpa Yupanqui - Diario Digital Femenino\",\"isPartOf\":{\"@id\":\"https:\\\/\\\/diariofemenino.com.ar\\\/df\\\/#website\"},\"primaryImageOfPage\":{\"@id\":\"https:\\\/\\\/diariofemenino.com.ar\\\/df\\\/una-mujer-escondida\\\/#primaryimage\"},\"image\":{\"@id\":\"https:\\\/\\\/diariofemenino.com.ar\\\/df\\\/una-mujer-escondida\\\/#primaryimage\"},\"thumbnailUrl\":\"https:\\\/\\\/diariofemenino.com.ar\\\/df\\\/wp-content\\\/uploads\\\/2020\\\/10\\\/WhatsApp-Image-2020-10-20-at-09.47.16.jpeg\",\"datePublished\":\"2020-10-20T12:31:44+00:00\",\"dateModified\":\"2020-10-20T15:11:54+00:00\",\"description\":\"Mujer escondida en un nombre de hombre: \\\"Pablo del Cerro\\\", coautora 65 temas Atahualpa Yupanqui. Reconocimiento a artista\",\"breadcrumb\":{\"@id\":\"https:\\\/\\\/diariofemenino.com.ar\\\/df\\\/una-mujer-escondida\\\/#breadcrumb\"},\"inLanguage\":\"es\",\"potentialAction\":[{\"@type\":\"ReadAction\",\"target\":[\"https:\\\/\\\/diariofemenino.com.ar\\\/df\\\/una-mujer-escondida\\\/\"]}]},{\"@type\":\"ImageObject\",\"inLanguage\":\"es\",\"@id\":\"https:\\\/\\\/diariofemenino.com.ar\\\/df\\\/una-mujer-escondida\\\/#primaryimage\",\"url\":\"https:\\\/\\\/diariofemenino.com.ar\\\/df\\\/wp-content\\\/uploads\\\/2020\\\/10\\\/WhatsApp-Image-2020-10-20-at-09.47.16.jpeg\",\"contentUrl\":\"https:\\\/\\\/diariofemenino.com.ar\\\/df\\\/wp-content\\\/uploads\\\/2020\\\/10\\\/WhatsApp-Image-2020-10-20-at-09.47.16.jpeg\",\"width\":464,\"height\":464,\"caption\":\"Una mujer escondida en un nombre de hombre: \\\"Pablo del Cerro\\\", coautora de 65 temas de Atahualpa Yupanqui\"},{\"@type\":\"BreadcrumbList\",\"@id\":\"https:\\\/\\\/diariofemenino.com.ar\\\/df\\\/una-mujer-escondida\\\/#breadcrumb\",\"itemListElement\":[{\"@type\":\"ListItem\",\"position\":1,\"name\":\"Portada\",\"item\":\"https:\\\/\\\/diariofemenino.com.ar\\\/df\\\/\"},{\"@type\":\"ListItem\",\"position\":2,\"name\":\"Una mujer escondida en un nombre de hombre: \u00abPablo del Cerro\u00bb, coautora de 65 temas de Atahualpa Yupanqui\"}]},{\"@type\":\"WebSite\",\"@id\":\"https:\\\/\\\/diariofemenino.com.ar\\\/df\\\/#website\",\"url\":\"https:\\\/\\\/diariofemenino.com.ar\\\/df\\\/\",\"name\":\"Diario Digital Femenino\",\"description\":\"Cuesti\u00f3n de G\u00e9nero\",\"publisher\":{\"@id\":\"https:\\\/\\\/diariofemenino.com.ar\\\/df\\\/#organization\"},\"potentialAction\":[{\"@type\":\"SearchAction\",\"target\":{\"@type\":\"EntryPoint\",\"urlTemplate\":\"https:\\\/\\\/diariofemenino.com.ar\\\/df\\\/?s={search_term_string}\"},\"query-input\":{\"@type\":\"PropertyValueSpecification\",\"valueRequired\":true,\"valueName\":\"search_term_string\"}}],\"inLanguage\":\"es\"},{\"@type\":\"Organization\",\"@id\":\"https:\\\/\\\/diariofemenino.com.ar\\\/df\\\/#organization\",\"name\":\"Diario Femenino\",\"url\":\"https:\\\/\\\/diariofemenino.com.ar\\\/df\\\/\",\"logo\":{\"@type\":\"ImageObject\",\"inLanguage\":\"es\",\"@id\":\"https:\\\/\\\/diariofemenino.com.ar\\\/df\\\/#\\\/schema\\\/logo\\\/image\\\/\",\"url\":\"https:\\\/\\\/diariofemenino.com.ar\\\/df\\\/wp-content\\\/uploads\\\/2018\\\/10\\\/logo.png\",\"contentUrl\":\"https:\\\/\\\/diariofemenino.com.ar\\\/df\\\/wp-content\\\/uploads\\\/2018\\\/10\\\/logo.png\",\"width\":500,\"height\":92,\"caption\":\"Diario Femenino\"},\"image\":{\"@id\":\"https:\\\/\\\/diariofemenino.com.ar\\\/df\\\/#\\\/schema\\\/logo\\\/image\\\/\"},\"sameAs\":[\"https:\\\/\\\/www.facebook.com\\\/DiarioDigitaFemenino\\\/\",\"https:\\\/\\\/x.com\\\/DiarioFemenino1\"]},{\"@type\":\"Person\",\"@id\":\"https:\\\/\\\/diariofemenino.com.ar\\\/df\\\/#\\\/schema\\\/person\\\/38f54b3bfd13f561de2460ba95c169c6\",\"name\":\"Admin\",\"image\":{\"@type\":\"ImageObject\",\"inLanguage\":\"es\",\"@id\":\"https:\\\/\\\/diariofemenino.com.ar\\\/df\\\/wp-content\\\/uploads\\\/2018\\\/12\\\/favicon-150x150.jpg\",\"url\":\"https:\\\/\\\/diariofemenino.com.ar\\\/df\\\/wp-content\\\/uploads\\\/2018\\\/12\\\/favicon-150x150.jpg\",\"contentUrl\":\"https:\\\/\\\/diariofemenino.com.ar\\\/df\\\/wp-content\\\/uploads\\\/2018\\\/12\\\/favicon-150x150.jpg\",\"caption\":\"Admin\"},\"url\":\"https:\\\/\\\/diariofemenino.com.ar\\\/df\\\/author\\\/adm18df\\\/\"}]}<\/script>\n<!-- \/ Yoast SEO plugin. -->","yoast_head_json":{"title":"Una mujer escondida en un nombre de hombre: \"Pablo del Cerro\", coautora de 65 temas de Atahualpa Yupanqui - Diario Digital Femenino","description":"Mujer escondida en un nombre de hombre: \"Pablo del Cerro\", coautora 65 temas Atahualpa Yupanqui. Reconocimiento a artista","robots":{"index":"index","follow":"follow","max-snippet":"max-snippet:-1","max-image-preview":"max-image-preview:large","max-video-preview":"max-video-preview:-1"},"canonical":"https:\/\/diariofemenino.com.ar\/df\/una-mujer-escondida\/","og_locale":"es_ES","og_type":"article","og_title":"Una mujer escondida en un nombre de hombre: \"Pablo del Cerro\", coautora de 65 temas de Atahualpa Yupanqui - Diario Digital Femenino","og_description":"Mujer escondida en un nombre de hombre: \"Pablo del Cerro\", coautora 65 temas Atahualpa Yupanqui. Reconocimiento a artista","og_url":"https:\/\/diariofemenino.com.ar\/df\/una-mujer-escondida\/","og_site_name":"Diario Digital Femenino","article_publisher":"https:\/\/www.facebook.com\/DiarioDigitaFemenino\/","article_published_time":"2020-10-20T12:31:44+00:00","article_modified_time":"2020-10-20T15:11:54+00:00","og_image":[{"width":464,"height":464,"url":"https:\/\/diariofemenino.com.ar\/df\/wp-content\/uploads\/2020\/10\/WhatsApp-Image-2020-10-20-at-09.47.16.jpeg","type":"image\/jpeg"}],"author":"Admin","twitter_card":"summary_large_image","twitter_creator":"@DiarioFemenino1","twitter_site":"@DiarioFemenino1","twitter_misc":{"Escrito por":"Admin","Tiempo de lectura":"3 minutos"},"schema":{"@context":"https:\/\/schema.org","@graph":[{"@type":"Article","@id":"https:\/\/diariofemenino.com.ar\/df\/una-mujer-escondida\/#article","isPartOf":{"@id":"https:\/\/diariofemenino.com.ar\/df\/una-mujer-escondida\/"},"author":{"name":"Admin","@id":"https:\/\/diariofemenino.com.ar\/df\/#\/schema\/person\/38f54b3bfd13f561de2460ba95c169c6"},"headline":"Una mujer escondida en un nombre de hombre: \u00abPablo del Cerro\u00bb, coautora de 65 temas de Atahualpa Yupanqui","datePublished":"2020-10-20T12:31:44+00:00","dateModified":"2020-10-20T15:11:54+00:00","mainEntityOfPage":{"@id":"https:\/\/diariofemenino.com.ar\/df\/una-mujer-escondida\/"},"wordCount":648,"commentCount":2,"publisher":{"@id":"https:\/\/diariofemenino.com.ar\/df\/#organization"},"image":{"@id":"https:\/\/diariofemenino.com.ar\/df\/una-mujer-escondida\/#primaryimage"},"thumbnailUrl":"https:\/\/diariofemenino.com.ar\/df\/wp-content\/uploads\/2020\/10\/WhatsApp-Image-2020-10-20-at-09.47.16.jpeg","keywords":["Luna Tucumana","M\u00f9sica","Nenette","Yupanqui"],"articleSection":["Actividades","Historias de vida","Mujeres"],"inLanguage":"es","potentialAction":[{"@type":"CommentAction","name":"Comment","target":["https:\/\/diariofemenino.com.ar\/df\/una-mujer-escondida\/#respond"]}]},{"@type":"WebPage","@id":"https:\/\/diariofemenino.com.ar\/df\/una-mujer-escondida\/","url":"https:\/\/diariofemenino.com.ar\/df\/una-mujer-escondida\/","name":"Una mujer escondida en un nombre de hombre: \"Pablo del Cerro\", coautora de 65 temas de Atahualpa Yupanqui - Diario Digital Femenino","isPartOf":{"@id":"https:\/\/diariofemenino.com.ar\/df\/#website"},"primaryImageOfPage":{"@id":"https:\/\/diariofemenino.com.ar\/df\/una-mujer-escondida\/#primaryimage"},"image":{"@id":"https:\/\/diariofemenino.com.ar\/df\/una-mujer-escondida\/#primaryimage"},"thumbnailUrl":"https:\/\/diariofemenino.com.ar\/df\/wp-content\/uploads\/2020\/10\/WhatsApp-Image-2020-10-20-at-09.47.16.jpeg","datePublished":"2020-10-20T12:31:44+00:00","dateModified":"2020-10-20T15:11:54+00:00","description":"Mujer escondida en un nombre de hombre: \"Pablo del Cerro\", coautora 65 temas Atahualpa Yupanqui. Reconocimiento a artista","breadcrumb":{"@id":"https:\/\/diariofemenino.com.ar\/df\/una-mujer-escondida\/#breadcrumb"},"inLanguage":"es","potentialAction":[{"@type":"ReadAction","target":["https:\/\/diariofemenino.com.ar\/df\/una-mujer-escondida\/"]}]},{"@type":"ImageObject","inLanguage":"es","@id":"https:\/\/diariofemenino.com.ar\/df\/una-mujer-escondida\/#primaryimage","url":"https:\/\/diariofemenino.com.ar\/df\/wp-content\/uploads\/2020\/10\/WhatsApp-Image-2020-10-20-at-09.47.16.jpeg","contentUrl":"https:\/\/diariofemenino.com.ar\/df\/wp-content\/uploads\/2020\/10\/WhatsApp-Image-2020-10-20-at-09.47.16.jpeg","width":464,"height":464,"caption":"Una mujer escondida en un nombre de hombre: \"Pablo del Cerro\", coautora de 65 temas de Atahualpa Yupanqui"},{"@type":"BreadcrumbList","@id":"https:\/\/diariofemenino.com.ar\/df\/una-mujer-escondida\/#breadcrumb","itemListElement":[{"@type":"ListItem","position":1,"name":"Portada","item":"https:\/\/diariofemenino.com.ar\/df\/"},{"@type":"ListItem","position":2,"name":"Una mujer escondida en un nombre de hombre: \u00abPablo del Cerro\u00bb, coautora de 65 temas de Atahualpa Yupanqui"}]},{"@type":"WebSite","@id":"https:\/\/diariofemenino.com.ar\/df\/#website","url":"https:\/\/diariofemenino.com.ar\/df\/","name":"Diario Digital Femenino","description":"Cuesti\u00f3n de G\u00e9nero","publisher":{"@id":"https:\/\/diariofemenino.com.ar\/df\/#organization"},"potentialAction":[{"@type":"SearchAction","target":{"@type":"EntryPoint","urlTemplate":"https:\/\/diariofemenino.com.ar\/df\/?s={search_term_string}"},"query-input":{"@type":"PropertyValueSpecification","valueRequired":true,"valueName":"search_term_string"}}],"inLanguage":"es"},{"@type":"Organization","@id":"https:\/\/diariofemenino.com.ar\/df\/#organization","name":"Diario Femenino","url":"https:\/\/diariofemenino.com.ar\/df\/","logo":{"@type":"ImageObject","inLanguage":"es","@id":"https:\/\/diariofemenino.com.ar\/df\/#\/schema\/logo\/image\/","url":"https:\/\/diariofemenino.com.ar\/df\/wp-content\/uploads\/2018\/10\/logo.png","contentUrl":"https:\/\/diariofemenino.com.ar\/df\/wp-content\/uploads\/2018\/10\/logo.png","width":500,"height":92,"caption":"Diario Femenino"},"image":{"@id":"https:\/\/diariofemenino.com.ar\/df\/#\/schema\/logo\/image\/"},"sameAs":["https:\/\/www.facebook.com\/DiarioDigitaFemenino\/","https:\/\/x.com\/DiarioFemenino1"]},{"@type":"Person","@id":"https:\/\/diariofemenino.com.ar\/df\/#\/schema\/person\/38f54b3bfd13f561de2460ba95c169c6","name":"Admin","image":{"@type":"ImageObject","inLanguage":"es","@id":"https:\/\/diariofemenino.com.ar\/df\/wp-content\/uploads\/2018\/12\/favicon-150x150.jpg","url":"https:\/\/diariofemenino.com.ar\/df\/wp-content\/uploads\/2018\/12\/favicon-150x150.jpg","contentUrl":"https:\/\/diariofemenino.com.ar\/df\/wp-content\/uploads\/2018\/12\/favicon-150x150.jpg","caption":"Admin"},"url":"https:\/\/diariofemenino.com.ar\/df\/author\/adm18df\/"}]}},"jetpack_featured_media_url":"https:\/\/diariofemenino.com.ar\/df\/wp-content\/uploads\/2020\/10\/WhatsApp-Image-2020-10-20-at-09.47.16.jpeg","jetpack_sharing_enabled":true,"rttpg_featured_image_url":{"full":["https:\/\/diariofemenino.com.ar\/df\/wp-content\/uploads\/2020\/10\/WhatsApp-Image-2020-10-20-at-09.47.16.jpeg",464,464,false],"landscape":["https:\/\/diariofemenino.com.ar\/df\/wp-content\/uploads\/2020\/10\/WhatsApp-Image-2020-10-20-at-09.47.16.jpeg",464,464,false],"portraits":["https:\/\/diariofemenino.com.ar\/df\/wp-content\/uploads\/2020\/10\/WhatsApp-Image-2020-10-20-at-09.47.16.jpeg",464,464,false],"thumbnail":["https:\/\/diariofemenino.com.ar\/df\/wp-content\/uploads\/2020\/10\/WhatsApp-Image-2020-10-20-at-09.47.16-150x150.jpeg",150,150,true],"medium":["https:\/\/diariofemenino.com.ar\/df\/wp-content\/uploads\/2020\/10\/WhatsApp-Image-2020-10-20-at-09.47.16-300x300.jpeg",300,300,true],"large":["https:\/\/diariofemenino.com.ar\/df\/wp-content\/uploads\/2020\/10\/WhatsApp-Image-2020-10-20-at-09.47.16.jpeg",464,464,false],"1536x1536":["https:\/\/diariofemenino.com.ar\/df\/wp-content\/uploads\/2020\/10\/WhatsApp-Image-2020-10-20-at-09.47.16.jpeg",464,464,false],"2048x2048":["https:\/\/diariofemenino.com.ar\/df\/wp-content\/uploads\/2020\/10\/WhatsApp-Image-2020-10-20-at-09.47.16.jpeg",464,464,false]},"rttpg_author":{"display_name":"Admin","author_link":"https:\/\/diariofemenino.com.ar\/df\/author\/adm18df\/"},"rttpg_comment":2,"rttpg_category":"<a href=\"https:\/\/diariofemenino.com.ar\/df\/category\/actividades\/\" rel=\"category tag\">Actividades<\/a> <a href=\"https:\/\/diariofemenino.com.ar\/df\/category\/historias-de-vida\/\" rel=\"category tag\">Historias de vida<\/a> <a href=\"https:\/\/diariofemenino.com.ar\/df\/category\/mujeres\/\" rel=\"category tag\">Mujeres<\/a>","rttpg_excerpt":"Una mujer escondida en un nombre de hombre Reconocimiento a una artista v\u00edctima del machismo de su \u00e9poca. La historia es dolorosa, y da cuenta del largo recorrido de las mujeres en su lucha por la igualdad de derechos.\u00a0Una ciudadana francesa,\u00a0Antonietta Paule Pepin-Fitzpatrick, tambi\u00e9n conocida como \u00abNenette\u00bb, tambi\u00e9n conocida como \u00abPablo del Cerro\u00bb es la&hellip;","_links":{"self":[{"href":"https:\/\/diariofemenino.com.ar\/df\/wp-json\/wp\/v2\/posts\/53213","targetHints":{"allow":["GET"]}}],"collection":[{"href":"https:\/\/diariofemenino.com.ar\/df\/wp-json\/wp\/v2\/posts"}],"about":[{"href":"https:\/\/diariofemenino.com.ar\/df\/wp-json\/wp\/v2\/types\/post"}],"author":[{"embeddable":true,"href":"https:\/\/diariofemenino.com.ar\/df\/wp-json\/wp\/v2\/users\/1"}],"replies":[{"embeddable":true,"href":"https:\/\/diariofemenino.com.ar\/df\/wp-json\/wp\/v2\/comments?post=53213"}],"version-history":[{"count":0,"href":"https:\/\/diariofemenino.com.ar\/df\/wp-json\/wp\/v2\/posts\/53213\/revisions"}],"wp:featuredmedia":[{"embeddable":true,"href":"https:\/\/diariofemenino.com.ar\/df\/wp-json\/wp\/v2\/media\/53219"}],"wp:attachment":[{"href":"https:\/\/diariofemenino.com.ar\/df\/wp-json\/wp\/v2\/media?parent=53213"}],"wp:term":[{"taxonomy":"category","embeddable":true,"href":"https:\/\/diariofemenino.com.ar\/df\/wp-json\/wp\/v2\/categories?post=53213"},{"taxonomy":"post_tag","embeddable":true,"href":"https:\/\/diariofemenino.com.ar\/df\/wp-json\/wp\/v2\/tags?post=53213"}],"curies":[{"name":"wp","href":"https:\/\/api.w.org\/{rel}","templated":true}]}}