{"id":53001,"date":"2020-10-13T11:45:19","date_gmt":"2020-10-13T14:45:19","guid":{"rendered":"https:\/\/diariofemenino.com.ar\/?p=53001"},"modified":"2020-10-13T11:45:19","modified_gmt":"2020-10-13T14:45:19","slug":"la-igualdad-salarial-ya-es-ley-en-espana","status":"publish","type":"post","link":"https:\/\/diariofemenino.com.ar\/df\/la-igualdad-salarial-ya-es-ley-en-espana\/","title":{"rendered":"La igualdad salarial YA es LEY en Espa\u00f1a"},"content":{"rendered":"<p id=\"articulo-titulo\" class=\"articulo-titulo \"><strong>El Gobierno da seis meses a las empresas para adaptar el registro salarial<\/strong><\/p>\n<p class=\"articulo-subtitulo\">El Ejecutivo tiene previsto aprobar en el Consejo de Ministros esta norma que regula tambi\u00e9n qu\u00e9 compa\u00f1\u00edas estar\u00e1n obligadas a hacer auditor\u00edas retributivas<\/p>\n<figure id=\"attachment_53006\" aria-describedby=\"caption-attachment-53006\" style=\"width: 1960px\" class=\"wp-caption aligncenter\"><img loading=\"lazy\" decoding=\"async\" class=\"size-full wp-image-53006\" src=\"https:\/\/diariofemenino.com.ar\/df\/wp-content\/uploads\/2020\/10\/1602502178_089656_1602505258_noticia_normal_recorte1.jpg\" alt=\"La igualdad salarial YA es LEY en Espa\u00f1a\" width=\"1960\" height=\"998\" srcset=\"https:\/\/diariofemenino.com.ar\/df\/wp-content\/uploads\/2020\/10\/1602502178_089656_1602505258_noticia_normal_recorte1.jpg 1960w, https:\/\/diariofemenino.com.ar\/df\/wp-content\/uploads\/2020\/10\/1602502178_089656_1602505258_noticia_normal_recorte1-300x153.jpg 300w, https:\/\/diariofemenino.com.ar\/df\/wp-content\/uploads\/2020\/10\/1602502178_089656_1602505258_noticia_normal_recorte1-768x391.jpg 768w, https:\/\/diariofemenino.com.ar\/df\/wp-content\/uploads\/2020\/10\/1602502178_089656_1602505258_noticia_normal_recorte1-1024x521.jpg 1024w\" sizes=\"auto, (max-width: 1960px) 100vw, 1960px\" \/><figcaption id=\"caption-attachment-53006\" class=\"wp-caption-text\">La igualdad salarial YA es LEY en Espa\u00f1a<\/figcaption><\/figure>\n<p>El Consejo de Ministros ha aprobado dos reglamentos, a trav\u00e9s de sendos Reales Decretos, que desarrollan dos obligaciones empresariales: garantizar la igualdad retributiva entre hombres y mujeres y elaborar y registrar los planes de igualdad (en las compa\u00f1\u00edas a las que se lo exige la ley). La nueva reglamentaci\u00f3n en materia salarial detalla, entre otras cosas, c\u00f3mo evaluar los puestos de trabajo, c\u00f3mo deber\u00e1n ser los registros salariales en las empresas y qu\u00e9 consecuencias tendr\u00e1 no tenerlos o incurrir en desigualdad salarial.<\/p>\n<p>\u00abSe erradica una aberraci\u00f3n democr\u00e1tica que vulnera derechos fundamentales de la mitad de la poblaci\u00f3n. Se acab\u00f3 que un hombre y una mujer puedan percibir remuneraciones diferentes\u00bb, ha\u00a0<a href=\"https:\/\/cincodias.elpais.com\/cincodias\/2020\/10\/13\/economia\/1602584952_456107.html\" target=\"_blank\" rel=\"noopener\">recalcado la ministra de Trabajo, Yolanda D\u00edaz,<\/a>\u00a0tras el Consejo de Ministros de este martes.<\/p>\n<p>Las empresas tendr\u00e1n seis meses, previsiblemente hasta abril, para adaptar los registros salariales ya obligatorios en la ley a estos detalles reglamentarios, ya que entrar\u00e1 en vigor a los seis meses de su publicaci\u00f3n en el Bolet\u00edn Oficial del Estado (BOE) que se prev\u00e9 inmediata. Es lo que se conoce como\u00a0<em>vacatio legis<\/em>, en este caso de seis meses, para adaptar los registros y culminar as\u00ed su contenido.<\/p>\n<p>Mientras que el segundo reglamento, sobre los planes de igualdad, &#8211;que entrar\u00e1 en vigor tambi\u00e9n a los seis meses de su publicaci\u00f3n en el BOE&#8211; explica en detalle el procedimiento para su negociaci\u00f3n y registro y cu\u00e1l ser\u00e1 a partir de ahora el contenido m\u00ednimo de estos planes ya sea obligatorio o voluntario.<\/p>\n<p id=\"articulo-titulo\" class=\"articulo-titulo \" style=\"text-align: center;\"><strong>D\u00edaz y Montero: las trabajadoras ya van a tener herramientas para reclamar igualdad salarial<\/strong><\/p>\n<p>dos Reales Decretos que desarrollan dos obligaciones empresariales para\u00a0<a href=\"https:\/\/cincodias.elpais.com\/cincodias\/2020\/10\/12\/economia\/1602502178_089656.html\" target=\"_blank\" rel=\"noopener\">intentar cerrar la brecha de g\u00e9nero salarial<\/a>. Las empresas estar\u00e1n ahora obligadas a garantizar la igualdad retributiva entre hombres y mujeres y elaborar y registrar los planes de igualdad (en las compa\u00f1\u00edas a las que se lo exige la ley).<\/p>\n<p>La nueva reglamentaci\u00f3n en materia salarial detalla, entre otras cosas, c\u00f3mo evaluar los puestos de trabajo, c\u00f3mo deber\u00e1n ser los registros salariales en las empresas y qu\u00e9 consecuencias tendr\u00e1 no tenerlos o incurrir en desigualdad salarial.<\/p>\n<p>Las empresas tendr\u00e1n seis meses, previsiblemente hasta abril, para adaptar los registros salariales ya obligatorios en la ley a estos detalles reglamentarios, ya que entrar\u00e1 en vigor a los seis meses de su publicaci\u00f3n en el Bolet\u00edn Oficial del Estado (BOE) que se prev\u00e9 inmediata.<\/p>\n<p>\u00abAvanzamos y dotamos al entramado jur\u00eddico de una norma para la correcci\u00f3n de estas medidas en las empresas. Se erradica una aberraci\u00f3n democr\u00e1tica que vulnera derechos fundamentales de la mitad de la poblaci\u00f3n. Se acab\u00f3 que un hombre y una mujer puedan percibir remuneraciones diferentes\u00bb, ha recalcado la ministra de Trabajo, Yolanda D\u00edaz, tras el Consejo de Ministros de este martes.<\/p>\n<p>El segundo reglamento, sobre los planes de igualdad, -que entrar\u00e1 en vigor a los tres meses de su publicaci\u00f3n en el BOE- explica en detalle el procedimiento para su negociaci\u00f3n y registro y cu\u00e1l ser\u00e1 a partir de ahora el contenido m\u00ednimo de estos planes ya sea obligatorio o voluntario.<\/p>\n<p>Esta nueva normativa no cuenta con el respaldo de los empresarios que tendr\u00e1n que implantarla, ya que se deriva de un\u00a0<a title=\"Gobierno y sindicatos firman un plan para la igualdad de g\u00e9nero en el trabajo sin la CEOE\" target=\"_blank\">acuerdo alcanzado en julio pasado<\/a>\u00a0entre los ministerios de Trabajo e Igualdad y los sindicatos, al que no quisieron sumarse las organizaciones empresariales.<\/p>\n<p>Son dos normas complicadas t\u00e9cnicamente, ha dicho la ministra, pero que entran en todo el andamiaje de la estructura retributiva de las empresas. \u00abEs clave tener datos e informaci\u00f3n en la cadena retributiva. Vamos a dar una herramienta a los trabajadores y trabajadoras para que tengan la informaci\u00f3n retributiva de este registro\u00bb, ha a\u00f1adido D\u00edaz. As\u00ed, \u00abcualquier trabajador podr\u00e1 acceder a esta informaci\u00f3n\u00bb.<\/p>\n<p>La ministra de Igualdad, Irene Montero, ha defendido que estas normas se hacen porque \u00absin pol\u00edticas p\u00fablicas en este sentido, la crisis volver\u00e1 a cargarse sobre los hombros de las mujeres\u00bb y \u00abse podr\u00eda sufrir retrocesos en los derechos de las mujeres logrados con muchas vidas durante tantos a\u00f1os\u00bb.<\/p>\n<p>\u00abEl mensaje es claro &#8211;ha continuado Montero&#8211; para recuperarnos de esta crisis, de esta emergencia, las mujeres tenemos que cobrar lo mismo por el mismo trabajo realizado\u00bb. Y ha a\u00f1adido que los \u00faltimos datos elevan la brecha retributiva en Espa\u00f1a al 22%.<\/p>\n<p>Para Montero, en muchos casos, las trabajadoras \u00abni siquiera son conscientes de que esas diferencias salariales existen\u00bb, por ello, ha coincidido con D\u00edaz en la importancia de \u00abdar herramientas a los trabajadores y representantes sindicales para superar esa brecha, algo que redundar\u00e1 &#8211;ha dicho tambi\u00e9n&#8211; en la eficiencia econ\u00f3mica de las empresas.\u00a0 damos herramientas a los trabjadore y representantes sindicales para superar esta brecha<\/p>\n<p>Seg\u00fan los datos manejados por la ministra de Igualdad \u00abel salario base no es la mayor fuente de desigualdad, sino los complementos retributivos\u00bb y, sobre todo, la distinta valoraci\u00f3n econ\u00f3mica de tareas similares. \u00abSe valoran menos las habilidades tradicionalmente asociados a las mujeres y se valoran menos econ\u00f3micamente las tareas que hacen las mujeres en comparaci\u00f3n con tareas de igual valor que hacen los hombres\u00bb, ha explicado.<\/p>\n<p>Por ello, Montero ha destacado los mecanisos que incluye el reglamento aprobado para aplicar el concepto de \u00abigual retribuci\u00f3n por trabajos de igual valor\u00bb, porque, en su opini\u00f3n, es una de las claves por las que no baja la brecha retributiva.<\/p>\n<p>\u00abLos planes de igualdad eran una declaraci\u00f3n de intenciones, no estaban siendo herramientas \u00fatiles. Ahora detallamos c\u00f3mo debe hacerse el diagn\u00f3stico en una empresa para detectar las desigualdades antes incluso de negociar el plan\u00bb, ha explicado la titular de Igualdad.<\/p>\n<p>En el reglamento sobre la elaboraci\u00f3n e inscripci\u00f3n de los planes de igualdad, tambi\u00e9n se detallan los mecanismos para atajar las desigualdades, su mecanismo de seguimiento y su registro. Asimismo, se refuerza en el proceso negociador el papel que va a tener el Instituto de la mujer. \u00abEs una instituci\u00f3n ampliamente maltratada en los \u00faltimo a\u00f1os y hacemos bien en restituir su papel en el \u00e1mbito de la empresa, a las que acompa\u00f1ar\u00e1 en esta tarea\u00bb.<\/p>\n<p><iframe loading=\"lazy\" src=\"https:\/\/www.youtube.com\/embed\/-vhXfkCUI6k\" width=\"560\" height=\"315\" frameborder=\"0\" allowfullscreen=\"allowfullscreen\"><\/iframe><\/p>\n<p>&nbsp;<\/p>\n<p>Fuente: <a href=\"https:\/\/cincodias.elpais.com\/\">Cinco d\u00edas<\/a><\/p>\n<p><a href=\"https:\/\/diariofemenino.com.ar\/category\/agenda-feminista\/\">Agenda feminista<\/a> &#8211; <a href=\"https:\/\/diariofemenino.com.ar\/\">DDF<\/a><\/p>\n","protected":false},"excerpt":{"rendered":"<p>El Gobierno da seis meses a las empresas para adaptar el registro salarial El Ejecutivo tiene previsto aprobar en el Consejo de Ministros esta norma que regula tambi\u00e9n qu\u00e9 compa\u00f1\u00edas estar\u00e1n obligadas a hacer auditor\u00edas retributivas El Consejo de Ministros ha aprobado dos reglamentos, a trav\u00e9s de sendos Reales Decretos, que desarrollan dos obligaciones empresariales: [&hellip;]<\/p>\n","protected":false},"author":4,"featured_media":53005,"comment_status":"open","ping_status":"open","sticky":false,"template":"","format":"standard","meta":{"iawp_total_views":9,"footnotes":""},"categories":[1067,32],"tags":[1139,3663],"class_list":["post-53001","post","type-post","status-publish","format-standard","has-post-thumbnail","hentry","category-agenda-feminista","category-mujeres","tag-espana","tag-igualdad-salarial"],"nelio_content":{"autoShareEndMode":"never","automationSources":{"useCustomSentences":false,"customSentences":[]},"efiAlt":"","efiUrl":"","followers":[4],"highlights":[],"isAutoShareEnabled":true,"networkImageIds":[],"permalinkQueryArgs":[],"series":[],"suggestedReferences":[]},"yoast_head":"<!-- This site is optimized with the Yoast SEO plugin v27.5 - https:\/\/yoast.com\/product\/yoast-seo-wordpress\/ -->\n<title>La igualdad salarial YA es LEY en Espa\u00f1a - Diario Digital Femenino<\/title>\n<meta name=\"description\" content=\"La igualdad salarial YA es LEY en Espa\u00f1a. El Gobierno da seis meses a las empresas para adaptar el registro salarial acorde a los Reales Decretos\" \/>\n<meta name=\"robots\" content=\"index, follow, max-snippet:-1, max-image-preview:large, max-video-preview:-1\" \/>\n<link rel=\"canonical\" href=\"https:\/\/diariofemenino.com.ar\/df\/la-igualdad-salarial-ya-es-ley-en-espana\/\" \/>\n<meta property=\"og:locale\" content=\"es_ES\" \/>\n<meta property=\"og:type\" content=\"article\" \/>\n<meta property=\"og:title\" content=\"La igualdad salarial YA es LEY en Espa\u00f1a - Diario Digital Femenino\" \/>\n<meta property=\"og:description\" content=\"La igualdad salarial YA es LEY en Espa\u00f1a. El Gobierno da seis meses a las empresas para adaptar el registro salarial acorde a los Reales Decretos\" \/>\n<meta property=\"og:url\" content=\"https:\/\/diariofemenino.com.ar\/df\/la-igualdad-salarial-ya-es-ley-en-espana\/\" \/>\n<meta property=\"og:site_name\" content=\"Diario Digital Femenino\" \/>\n<meta property=\"article:publisher\" content=\"https:\/\/www.facebook.com\/DiarioDigitaFemenino\/\" \/>\n<meta property=\"article:published_time\" content=\"2020-10-13T14:45:19+00:00\" \/>\n<meta property=\"og:image\" content=\"https:\/\/diariofemenino.com.ar\/df\/wp-content\/uploads\/2020\/10\/FOTOGRAF\u00cdA.-MADRID-ESPA\u00d1A-30.07.2020.-Las-ministras-de-Trabajo-y-Econom\u00eda-Social-Yolanda-D\u00edaz-i-e-Igualdad-Irene-Montero-d.-Efe-870x449.jpg\" \/>\n\t<meta property=\"og:image:width\" content=\"870\" \/>\n\t<meta property=\"og:image:height\" content=\"449\" \/>\n\t<meta property=\"og:image:type\" content=\"image\/jpeg\" \/>\n<meta name=\"author\" content=\"Admin\" \/>\n<meta name=\"twitter:card\" content=\"summary_large_image\" \/>\n<meta name=\"twitter:creator\" content=\"@DiarioFemenino1\" \/>\n<meta name=\"twitter:site\" content=\"@DiarioFemenino1\" \/>\n<meta name=\"twitter:label1\" content=\"Escrito por\" \/>\n\t<meta name=\"twitter:data1\" content=\"Admin\" \/>\n\t<meta name=\"twitter:label2\" content=\"Tiempo de lectura\" \/>\n\t<meta name=\"twitter:data2\" content=\"6 minutos\" \/>\n<script type=\"application\/ld+json\" class=\"yoast-schema-graph\">{\"@context\":\"https:\\\/\\\/schema.org\",\"@graph\":[{\"@type\":\"Article\",\"@id\":\"https:\\\/\\\/diariofemenino.com.ar\\\/df\\\/la-igualdad-salarial-ya-es-ley-en-espana\\\/#article\",\"isPartOf\":{\"@id\":\"https:\\\/\\\/diariofemenino.com.ar\\\/df\\\/la-igualdad-salarial-ya-es-ley-en-espana\\\/\"},\"author\":{\"name\":\"Admin\",\"@id\":\"https:\\\/\\\/diariofemenino.com.ar\\\/df\\\/#\\\/schema\\\/person\\\/bf6199e8158c657ea6f789b11ec85509\"},\"headline\":\"La igualdad salarial YA es LEY en Espa\u00f1a\",\"datePublished\":\"2020-10-13T14:45:19+00:00\",\"mainEntityOfPage\":{\"@id\":\"https:\\\/\\\/diariofemenino.com.ar\\\/df\\\/la-igualdad-salarial-ya-es-ley-en-espana\\\/\"},\"wordCount\":1131,\"commentCount\":0,\"publisher\":{\"@id\":\"https:\\\/\\\/diariofemenino.com.ar\\\/df\\\/#organization\"},\"image\":{\"@id\":\"https:\\\/\\\/diariofemenino.com.ar\\\/df\\\/la-igualdad-salarial-ya-es-ley-en-espana\\\/#primaryimage\"},\"thumbnailUrl\":\"https:\\\/\\\/diariofemenino.com.ar\\\/df\\\/wp-content\\\/uploads\\\/2020\\\/10\\\/FOTOGRAF\u00cdA.-MADRID-ESPA\u00d1A-30.07.2020.-Las-ministras-de-Trabajo-y-Econom\u00eda-Social-Yolanda-D\u00edaz-i-e-Igualdad-Irene-Montero-d.-Efe-870x449.jpg\",\"keywords\":[\"Espa\u00f1a\",\"Igualdad Salarial\"],\"articleSection\":[\"Agenda Feminista\",\"Mujeres\"],\"inLanguage\":\"es\",\"potentialAction\":[{\"@type\":\"CommentAction\",\"name\":\"Comment\",\"target\":[\"https:\\\/\\\/diariofemenino.com.ar\\\/df\\\/la-igualdad-salarial-ya-es-ley-en-espana\\\/#respond\"]}]},{\"@type\":\"WebPage\",\"@id\":\"https:\\\/\\\/diariofemenino.com.ar\\\/df\\\/la-igualdad-salarial-ya-es-ley-en-espana\\\/\",\"url\":\"https:\\\/\\\/diariofemenino.com.ar\\\/df\\\/la-igualdad-salarial-ya-es-ley-en-espana\\\/\",\"name\":\"La igualdad salarial YA es LEY en Espa\u00f1a - Diario Digital Femenino\",\"isPartOf\":{\"@id\":\"https:\\\/\\\/diariofemenino.com.ar\\\/df\\\/#website\"},\"primaryImageOfPage\":{\"@id\":\"https:\\\/\\\/diariofemenino.com.ar\\\/df\\\/la-igualdad-salarial-ya-es-ley-en-espana\\\/#primaryimage\"},\"image\":{\"@id\":\"https:\\\/\\\/diariofemenino.com.ar\\\/df\\\/la-igualdad-salarial-ya-es-ley-en-espana\\\/#primaryimage\"},\"thumbnailUrl\":\"https:\\\/\\\/diariofemenino.com.ar\\\/df\\\/wp-content\\\/uploads\\\/2020\\\/10\\\/FOTOGRAF\u00cdA.-MADRID-ESPA\u00d1A-30.07.2020.-Las-ministras-de-Trabajo-y-Econom\u00eda-Social-Yolanda-D\u00edaz-i-e-Igualdad-Irene-Montero-d.-Efe-870x449.jpg\",\"datePublished\":\"2020-10-13T14:45:19+00:00\",\"description\":\"La igualdad salarial YA es LEY en Espa\u00f1a. El Gobierno da seis meses a las empresas para adaptar el registro salarial acorde a los Reales Decretos\",\"breadcrumb\":{\"@id\":\"https:\\\/\\\/diariofemenino.com.ar\\\/df\\\/la-igualdad-salarial-ya-es-ley-en-espana\\\/#breadcrumb\"},\"inLanguage\":\"es\",\"potentialAction\":[{\"@type\":\"ReadAction\",\"target\":[\"https:\\\/\\\/diariofemenino.com.ar\\\/df\\\/la-igualdad-salarial-ya-es-ley-en-espana\\\/\"]}]},{\"@type\":\"ImageObject\",\"inLanguage\":\"es\",\"@id\":\"https:\\\/\\\/diariofemenino.com.ar\\\/df\\\/la-igualdad-salarial-ya-es-ley-en-espana\\\/#primaryimage\",\"url\":\"https:\\\/\\\/diariofemenino.com.ar\\\/df\\\/wp-content\\\/uploads\\\/2020\\\/10\\\/FOTOGRAF\u00cdA.-MADRID-ESPA\u00d1A-30.07.2020.-Las-ministras-de-Trabajo-y-Econom\u00eda-Social-Yolanda-D\u00edaz-i-e-Igualdad-Irene-Montero-d.-Efe-870x449.jpg\",\"contentUrl\":\"https:\\\/\\\/diariofemenino.com.ar\\\/df\\\/wp-content\\\/uploads\\\/2020\\\/10\\\/FOTOGRAF\u00cdA.-MADRID-ESPA\u00d1A-30.07.2020.-Las-ministras-de-Trabajo-y-Econom\u00eda-Social-Yolanda-D\u00edaz-i-e-Igualdad-Irene-Montero-d.-Efe-870x449.jpg\",\"width\":870,\"height\":449,\"caption\":\"La igualdad salarial YA es LEY en Espa\u00f1a\"},{\"@type\":\"BreadcrumbList\",\"@id\":\"https:\\\/\\\/diariofemenino.com.ar\\\/df\\\/la-igualdad-salarial-ya-es-ley-en-espana\\\/#breadcrumb\",\"itemListElement\":[{\"@type\":\"ListItem\",\"position\":1,\"name\":\"Portada\",\"item\":\"https:\\\/\\\/diariofemenino.com.ar\\\/df\\\/\"},{\"@type\":\"ListItem\",\"position\":2,\"name\":\"La igualdad salarial YA es LEY en Espa\u00f1a\"}]},{\"@type\":\"WebSite\",\"@id\":\"https:\\\/\\\/diariofemenino.com.ar\\\/df\\\/#website\",\"url\":\"https:\\\/\\\/diariofemenino.com.ar\\\/df\\\/\",\"name\":\"Diario Digital Femenino\",\"description\":\"Cuesti\u00f3n de G\u00e9nero\",\"publisher\":{\"@id\":\"https:\\\/\\\/diariofemenino.com.ar\\\/df\\\/#organization\"},\"potentialAction\":[{\"@type\":\"SearchAction\",\"target\":{\"@type\":\"EntryPoint\",\"urlTemplate\":\"https:\\\/\\\/diariofemenino.com.ar\\\/df\\\/?s={search_term_string}\"},\"query-input\":{\"@type\":\"PropertyValueSpecification\",\"valueRequired\":true,\"valueName\":\"search_term_string\"}}],\"inLanguage\":\"es\"},{\"@type\":\"Organization\",\"@id\":\"https:\\\/\\\/diariofemenino.com.ar\\\/df\\\/#organization\",\"name\":\"Diario Femenino\",\"url\":\"https:\\\/\\\/diariofemenino.com.ar\\\/df\\\/\",\"logo\":{\"@type\":\"ImageObject\",\"inLanguage\":\"es\",\"@id\":\"https:\\\/\\\/diariofemenino.com.ar\\\/df\\\/#\\\/schema\\\/logo\\\/image\\\/\",\"url\":\"https:\\\/\\\/diariofemenino.com.ar\\\/df\\\/wp-content\\\/uploads\\\/2018\\\/10\\\/logo.png\",\"contentUrl\":\"https:\\\/\\\/diariofemenino.com.ar\\\/df\\\/wp-content\\\/uploads\\\/2018\\\/10\\\/logo.png\",\"width\":500,\"height\":92,\"caption\":\"Diario Femenino\"},\"image\":{\"@id\":\"https:\\\/\\\/diariofemenino.com.ar\\\/df\\\/#\\\/schema\\\/logo\\\/image\\\/\"},\"sameAs\":[\"https:\\\/\\\/www.facebook.com\\\/DiarioDigitaFemenino\\\/\",\"https:\\\/\\\/x.com\\\/DiarioFemenino1\"]},{\"@type\":\"Person\",\"@id\":\"https:\\\/\\\/diariofemenino.com.ar\\\/df\\\/#\\\/schema\\\/person\\\/bf6199e8158c657ea6f789b11ec85509\",\"name\":\"Admin\",\"image\":{\"@type\":\"ImageObject\",\"inLanguage\":\"es\",\"@id\":\"https:\\\/\\\/diariofemenino.com.ar\\\/df\\\/wp-content\\\/uploads\\\/2018\\\/12\\\/favicon-150x150.jpg\",\"url\":\"https:\\\/\\\/diariofemenino.com.ar\\\/df\\\/wp-content\\\/uploads\\\/2018\\\/12\\\/favicon-150x150.jpg\",\"contentUrl\":\"https:\\\/\\\/diariofemenino.com.ar\\\/df\\\/wp-content\\\/uploads\\\/2018\\\/12\\\/favicon-150x150.jpg\",\"caption\":\"Admin\"},\"url\":\"https:\\\/\\\/diariofemenino.com.ar\\\/df\\\/author\\\/lenny\\\/\"}]}<\/script>\n<!-- \/ Yoast SEO plugin. -->","yoast_head_json":{"title":"La igualdad salarial YA es LEY en Espa\u00f1a - Diario Digital Femenino","description":"La igualdad salarial YA es LEY en Espa\u00f1a. El Gobierno da seis meses a las empresas para adaptar el registro salarial acorde a los Reales Decretos","robots":{"index":"index","follow":"follow","max-snippet":"max-snippet:-1","max-image-preview":"max-image-preview:large","max-video-preview":"max-video-preview:-1"},"canonical":"https:\/\/diariofemenino.com.ar\/df\/la-igualdad-salarial-ya-es-ley-en-espana\/","og_locale":"es_ES","og_type":"article","og_title":"La igualdad salarial YA es LEY en Espa\u00f1a - Diario Digital Femenino","og_description":"La igualdad salarial YA es LEY en Espa\u00f1a. El Gobierno da seis meses a las empresas para adaptar el registro salarial acorde a los Reales Decretos","og_url":"https:\/\/diariofemenino.com.ar\/df\/la-igualdad-salarial-ya-es-ley-en-espana\/","og_site_name":"Diario Digital Femenino","article_publisher":"https:\/\/www.facebook.com\/DiarioDigitaFemenino\/","article_published_time":"2020-10-13T14:45:19+00:00","og_image":[{"width":870,"height":449,"url":"https:\/\/diariofemenino.com.ar\/df\/wp-content\/uploads\/2020\/10\/FOTOGRAF\u00cdA.-MADRID-ESPA\u00d1A-30.07.2020.-Las-ministras-de-Trabajo-y-Econom\u00eda-Social-Yolanda-D\u00edaz-i-e-Igualdad-Irene-Montero-d.-Efe-870x449.jpg","type":"image\/jpeg"}],"author":"Admin","twitter_card":"summary_large_image","twitter_creator":"@DiarioFemenino1","twitter_site":"@DiarioFemenino1","twitter_misc":{"Escrito por":"Admin","Tiempo de lectura":"6 minutos"},"schema":{"@context":"https:\/\/schema.org","@graph":[{"@type":"Article","@id":"https:\/\/diariofemenino.com.ar\/df\/la-igualdad-salarial-ya-es-ley-en-espana\/#article","isPartOf":{"@id":"https:\/\/diariofemenino.com.ar\/df\/la-igualdad-salarial-ya-es-ley-en-espana\/"},"author":{"name":"Admin","@id":"https:\/\/diariofemenino.com.ar\/df\/#\/schema\/person\/bf6199e8158c657ea6f789b11ec85509"},"headline":"La igualdad salarial YA es LEY en Espa\u00f1a","datePublished":"2020-10-13T14:45:19+00:00","mainEntityOfPage":{"@id":"https:\/\/diariofemenino.com.ar\/df\/la-igualdad-salarial-ya-es-ley-en-espana\/"},"wordCount":1131,"commentCount":0,"publisher":{"@id":"https:\/\/diariofemenino.com.ar\/df\/#organization"},"image":{"@id":"https:\/\/diariofemenino.com.ar\/df\/la-igualdad-salarial-ya-es-ley-en-espana\/#primaryimage"},"thumbnailUrl":"https:\/\/diariofemenino.com.ar\/df\/wp-content\/uploads\/2020\/10\/FOTOGRAF\u00cdA.-MADRID-ESPA\u00d1A-30.07.2020.-Las-ministras-de-Trabajo-y-Econom\u00eda-Social-Yolanda-D\u00edaz-i-e-Igualdad-Irene-Montero-d.-Efe-870x449.jpg","keywords":["Espa\u00f1a","Igualdad Salarial"],"articleSection":["Agenda Feminista","Mujeres"],"inLanguage":"es","potentialAction":[{"@type":"CommentAction","name":"Comment","target":["https:\/\/diariofemenino.com.ar\/df\/la-igualdad-salarial-ya-es-ley-en-espana\/#respond"]}]},{"@type":"WebPage","@id":"https:\/\/diariofemenino.com.ar\/df\/la-igualdad-salarial-ya-es-ley-en-espana\/","url":"https:\/\/diariofemenino.com.ar\/df\/la-igualdad-salarial-ya-es-ley-en-espana\/","name":"La igualdad salarial YA es LEY en Espa\u00f1a - Diario Digital Femenino","isPartOf":{"@id":"https:\/\/diariofemenino.com.ar\/df\/#website"},"primaryImageOfPage":{"@id":"https:\/\/diariofemenino.com.ar\/df\/la-igualdad-salarial-ya-es-ley-en-espana\/#primaryimage"},"image":{"@id":"https:\/\/diariofemenino.com.ar\/df\/la-igualdad-salarial-ya-es-ley-en-espana\/#primaryimage"},"thumbnailUrl":"https:\/\/diariofemenino.com.ar\/df\/wp-content\/uploads\/2020\/10\/FOTOGRAF\u00cdA.-MADRID-ESPA\u00d1A-30.07.2020.-Las-ministras-de-Trabajo-y-Econom\u00eda-Social-Yolanda-D\u00edaz-i-e-Igualdad-Irene-Montero-d.-Efe-870x449.jpg","datePublished":"2020-10-13T14:45:19+00:00","description":"La igualdad salarial YA es LEY en Espa\u00f1a. El Gobierno da seis meses a las empresas para adaptar el registro salarial acorde a los Reales Decretos","breadcrumb":{"@id":"https:\/\/diariofemenino.com.ar\/df\/la-igualdad-salarial-ya-es-ley-en-espana\/#breadcrumb"},"inLanguage":"es","potentialAction":[{"@type":"ReadAction","target":["https:\/\/diariofemenino.com.ar\/df\/la-igualdad-salarial-ya-es-ley-en-espana\/"]}]},{"@type":"ImageObject","inLanguage":"es","@id":"https:\/\/diariofemenino.com.ar\/df\/la-igualdad-salarial-ya-es-ley-en-espana\/#primaryimage","url":"https:\/\/diariofemenino.com.ar\/df\/wp-content\/uploads\/2020\/10\/FOTOGRAF\u00cdA.-MADRID-ESPA\u00d1A-30.07.2020.-Las-ministras-de-Trabajo-y-Econom\u00eda-Social-Yolanda-D\u00edaz-i-e-Igualdad-Irene-Montero-d.-Efe-870x449.jpg","contentUrl":"https:\/\/diariofemenino.com.ar\/df\/wp-content\/uploads\/2020\/10\/FOTOGRAF\u00cdA.-MADRID-ESPA\u00d1A-30.07.2020.-Las-ministras-de-Trabajo-y-Econom\u00eda-Social-Yolanda-D\u00edaz-i-e-Igualdad-Irene-Montero-d.-Efe-870x449.jpg","width":870,"height":449,"caption":"La igualdad salarial YA es LEY en Espa\u00f1a"},{"@type":"BreadcrumbList","@id":"https:\/\/diariofemenino.com.ar\/df\/la-igualdad-salarial-ya-es-ley-en-espana\/#breadcrumb","itemListElement":[{"@type":"ListItem","position":1,"name":"Portada","item":"https:\/\/diariofemenino.com.ar\/df\/"},{"@type":"ListItem","position":2,"name":"La igualdad salarial YA es LEY en Espa\u00f1a"}]},{"@type":"WebSite","@id":"https:\/\/diariofemenino.com.ar\/df\/#website","url":"https:\/\/diariofemenino.com.ar\/df\/","name":"Diario Digital Femenino","description":"Cuesti\u00f3n de G\u00e9nero","publisher":{"@id":"https:\/\/diariofemenino.com.ar\/df\/#organization"},"potentialAction":[{"@type":"SearchAction","target":{"@type":"EntryPoint","urlTemplate":"https:\/\/diariofemenino.com.ar\/df\/?s={search_term_string}"},"query-input":{"@type":"PropertyValueSpecification","valueRequired":true,"valueName":"search_term_string"}}],"inLanguage":"es"},{"@type":"Organization","@id":"https:\/\/diariofemenino.com.ar\/df\/#organization","name":"Diario Femenino","url":"https:\/\/diariofemenino.com.ar\/df\/","logo":{"@type":"ImageObject","inLanguage":"es","@id":"https:\/\/diariofemenino.com.ar\/df\/#\/schema\/logo\/image\/","url":"https:\/\/diariofemenino.com.ar\/df\/wp-content\/uploads\/2018\/10\/logo.png","contentUrl":"https:\/\/diariofemenino.com.ar\/df\/wp-content\/uploads\/2018\/10\/logo.png","width":500,"height":92,"caption":"Diario Femenino"},"image":{"@id":"https:\/\/diariofemenino.com.ar\/df\/#\/schema\/logo\/image\/"},"sameAs":["https:\/\/www.facebook.com\/DiarioDigitaFemenino\/","https:\/\/x.com\/DiarioFemenino1"]},{"@type":"Person","@id":"https:\/\/diariofemenino.com.ar\/df\/#\/schema\/person\/bf6199e8158c657ea6f789b11ec85509","name":"Admin","image":{"@type":"ImageObject","inLanguage":"es","@id":"https:\/\/diariofemenino.com.ar\/df\/wp-content\/uploads\/2018\/12\/favicon-150x150.jpg","url":"https:\/\/diariofemenino.com.ar\/df\/wp-content\/uploads\/2018\/12\/favicon-150x150.jpg","contentUrl":"https:\/\/diariofemenino.com.ar\/df\/wp-content\/uploads\/2018\/12\/favicon-150x150.jpg","caption":"Admin"},"url":"https:\/\/diariofemenino.com.ar\/df\/author\/lenny\/"}]}},"jetpack_featured_media_url":"https:\/\/diariofemenino.com.ar\/df\/wp-content\/uploads\/2020\/10\/FOTOGRAF\u00cdA.-MADRID-ESPA\u00d1A-30.07.2020.-Las-ministras-de-Trabajo-y-Econom\u00eda-Social-Yolanda-D\u00edaz-i-e-Igualdad-Irene-Montero-d.-Efe-870x449.jpg","jetpack_sharing_enabled":true,"rttpg_featured_image_url":{"full":["https:\/\/diariofemenino.com.ar\/df\/wp-content\/uploads\/2020\/10\/FOTOGRAF\u00cdA.-MADRID-ESPA\u00d1A-30.07.2020.-Las-ministras-de-Trabajo-y-Econom\u00eda-Social-Yolanda-D\u00edaz-i-e-Igualdad-Irene-Montero-d.-Efe-870x449.jpg",870,449,false],"landscape":["https:\/\/diariofemenino.com.ar\/df\/wp-content\/uploads\/2020\/10\/FOTOGRAF\u00cdA.-MADRID-ESPA\u00d1A-30.07.2020.-Las-ministras-de-Trabajo-y-Econom\u00eda-Social-Yolanda-D\u00edaz-i-e-Igualdad-Irene-Montero-d.-Efe-870x449.jpg",870,449,false],"portraits":["https:\/\/diariofemenino.com.ar\/df\/wp-content\/uploads\/2020\/10\/FOTOGRAF\u00cdA.-MADRID-ESPA\u00d1A-30.07.2020.-Las-ministras-de-Trabajo-y-Econom\u00eda-Social-Yolanda-D\u00edaz-i-e-Igualdad-Irene-Montero-d.-Efe-870x449.jpg",870,449,false],"thumbnail":["https:\/\/diariofemenino.com.ar\/df\/wp-content\/uploads\/2020\/10\/FOTOGRAF\u00cdA.-MADRID-ESPA\u00d1A-30.07.2020.-Las-ministras-de-Trabajo-y-Econom\u00eda-Social-Yolanda-D\u00edaz-i-e-Igualdad-Irene-Montero-d.-Efe-870x449-150x150.jpg",150,150,true],"medium":["https:\/\/diariofemenino.com.ar\/df\/wp-content\/uploads\/2020\/10\/FOTOGRAF\u00cdA.-MADRID-ESPA\u00d1A-30.07.2020.-Las-ministras-de-Trabajo-y-Econom\u00eda-Social-Yolanda-D\u00edaz-i-e-Igualdad-Irene-Montero-d.-Efe-870x449-300x155.jpg",300,155,true],"large":["https:\/\/diariofemenino.com.ar\/df\/wp-content\/uploads\/2020\/10\/FOTOGRAF\u00cdA.-MADRID-ESPA\u00d1A-30.07.2020.-Las-ministras-de-Trabajo-y-Econom\u00eda-Social-Yolanda-D\u00edaz-i-e-Igualdad-Irene-Montero-d.-Efe-870x449.jpg",870,449,false],"1536x1536":["https:\/\/diariofemenino.com.ar\/df\/wp-content\/uploads\/2020\/10\/FOTOGRAF\u00cdA.-MADRID-ESPA\u00d1A-30.07.2020.-Las-ministras-de-Trabajo-y-Econom\u00eda-Social-Yolanda-D\u00edaz-i-e-Igualdad-Irene-Montero-d.-Efe-870x449.jpg",870,449,false],"2048x2048":["https:\/\/diariofemenino.com.ar\/df\/wp-content\/uploads\/2020\/10\/FOTOGRAF\u00cdA.-MADRID-ESPA\u00d1A-30.07.2020.-Las-ministras-de-Trabajo-y-Econom\u00eda-Social-Yolanda-D\u00edaz-i-e-Igualdad-Irene-Montero-d.-Efe-870x449.jpg",870,449,false]},"rttpg_author":{"display_name":"Admin","author_link":"https:\/\/diariofemenino.com.ar\/df\/author\/lenny\/"},"rttpg_comment":0,"rttpg_category":"<a href=\"https:\/\/diariofemenino.com.ar\/df\/category\/agenda-feminista\/\" rel=\"category tag\">Agenda Feminista<\/a> <a href=\"https:\/\/diariofemenino.com.ar\/df\/category\/mujeres\/\" rel=\"category tag\">Mujeres<\/a>","rttpg_excerpt":"El Gobierno da seis meses a las empresas para adaptar el registro salarial El Ejecutivo tiene previsto aprobar en el Consejo de Ministros esta norma que regula tambi\u00e9n qu\u00e9 compa\u00f1\u00edas estar\u00e1n obligadas a hacer auditor\u00edas retributivas El Consejo de Ministros ha aprobado dos reglamentos, a trav\u00e9s de sendos Reales Decretos, que desarrollan dos obligaciones empresariales:&hellip;","_links":{"self":[{"href":"https:\/\/diariofemenino.com.ar\/df\/wp-json\/wp\/v2\/posts\/53001","targetHints":{"allow":["GET"]}}],"collection":[{"href":"https:\/\/diariofemenino.com.ar\/df\/wp-json\/wp\/v2\/posts"}],"about":[{"href":"https:\/\/diariofemenino.com.ar\/df\/wp-json\/wp\/v2\/types\/post"}],"author":[{"embeddable":true,"href":"https:\/\/diariofemenino.com.ar\/df\/wp-json\/wp\/v2\/users\/4"}],"replies":[{"embeddable":true,"href":"https:\/\/diariofemenino.com.ar\/df\/wp-json\/wp\/v2\/comments?post=53001"}],"version-history":[{"count":0,"href":"https:\/\/diariofemenino.com.ar\/df\/wp-json\/wp\/v2\/posts\/53001\/revisions"}],"wp:featuredmedia":[{"embeddable":true,"href":"https:\/\/diariofemenino.com.ar\/df\/wp-json\/wp\/v2\/media\/53005"}],"wp:attachment":[{"href":"https:\/\/diariofemenino.com.ar\/df\/wp-json\/wp\/v2\/media?parent=53001"}],"wp:term":[{"taxonomy":"category","embeddable":true,"href":"https:\/\/diariofemenino.com.ar\/df\/wp-json\/wp\/v2\/categories?post=53001"},{"taxonomy":"post_tag","embeddable":true,"href":"https:\/\/diariofemenino.com.ar\/df\/wp-json\/wp\/v2\/tags?post=53001"}],"curies":[{"name":"wp","href":"https:\/\/api.w.org\/{rel}","templated":true}]}}