{"id":52995,"date":"2020-10-13T10:26:29","date_gmt":"2020-10-13T13:26:29","guid":{"rendered":"https:\/\/diariofemenino.com.ar\/?p=52995"},"modified":"2020-10-13T10:26:29","modified_gmt":"2020-10-13T13:26:29","slug":"jerarquizacion-salarial-para-las-carreras-cientifico-tecnologicas-del-conicet","status":"publish","type":"post","link":"https:\/\/diariofemenino.com.ar\/df\/jerarquizacion-salarial-para-las-carreras-cientifico-tecnologicas-del-conicet\/","title":{"rendered":"Jerarquizaci\u00f3n salarial para las Carreras Cient\u00edfico -Tecnol\u00f3gicas del CONICET"},"content":{"rendered":"<p>Dentro de las medidas anunciadas la semana pasada, el ministro Mart\u00edn Guzm\u00e1n junto a su par de Ciencia, Tecnolog\u00eda e Innovaci\u00f3n, Roberto Salvarezza informaron que el Gobierno nacional otorgar\u00e1 un incremento del 10% a las Carreras Cient\u00edfico Tecnol\u00f3gicas del CONICET en concepto de jerarquizaci\u00f3n salarial.<\/p>\n<p>La medida entrar\u00e1 en vigencia a partir del 1 de noviembre y comprende a Investigadoras, investigadores y Personal de Apoyo.<\/p>\n<figure id=\"attachment_52997\" aria-describedby=\"caption-attachment-52997\" style=\"width: 1200px\" class=\"wp-caption aligncenter\"><img loading=\"lazy\" decoding=\"async\" class=\"size-full wp-image-52997\" src=\"https:\/\/diariofemenino.com.ar\/df\/wp-content\/uploads\/2020\/10\/conicet.jpg_673822677.jpg\" alt=\"Jerarquizaci\u00f3n salarial para las Carreras Cient\u00edfico -Tecnol\u00f3gicas del CONICET\" width=\"1200\" height=\"630\" srcset=\"https:\/\/diariofemenino.com.ar\/df\/wp-content\/uploads\/2020\/10\/conicet.jpg_673822677.jpg 1200w, https:\/\/diariofemenino.com.ar\/df\/wp-content\/uploads\/2020\/10\/conicet.jpg_673822677-300x158.jpg 300w, https:\/\/diariofemenino.com.ar\/df\/wp-content\/uploads\/2020\/10\/conicet.jpg_673822677-768x403.jpg 768w, https:\/\/diariofemenino.com.ar\/df\/wp-content\/uploads\/2020\/10\/conicet.jpg_673822677-1024x538.jpg 1024w\" sizes=\"auto, (max-width: 1200px) 100vw, 1200px\" \/><figcaption id=\"caption-attachment-52997\" class=\"wp-caption-text\">Jerarquizaci\u00f3n salarial para las Carreras Cient\u00edfico -Tecnol\u00f3gicas del <a href=\"https:\/\/www.conicet.gov.ar\/\">CONICET<\/a><\/figcaption><\/figure>\n<p>Considerando que las actividades que realiza el Consejo Nacional de Investigaciones Cient\u00edficas y T\u00e9cnicas (<a href=\"https:\/\/www.conicet.gov.ar\/noticias-conicet\/\">CONICET<\/a>) en las diferentes \u00e1reas del conocimiento son prioritarias para el desarrollo del pa\u00eds y el bienestar de la ciudadan\u00eda, el presidente Alberto Fern\u00e1ndez dispuso modificar la pol\u00edtica salarial vigente para los miembros de la Carrera del Investigador Cient\u00edfico y Tecnol\u00f3gico (CIC) y del Personal de Apoyo (CPA).<\/p>\n<p>Guzm\u00e1n remarc\u00f3 que \u201cla innovaci\u00f3n y desarrollo es uno de los principales pilares del Presupuesto 2021\u201d donde, record\u00f3, \u201cse incrementa en un 160% la inversi\u00f3n en investigaci\u00f3n, ciencia y tecnolog\u00eda para poner en valor el conocimiento\u201d.<\/p>\n<p>Al respecto, Salvarezza destac\u00f3 que \u201cesta decisi\u00f3n de Alberto Fern\u00e1ndez se agrega a otras medidas que ha adoptado el presidente de la Naci\u00f3n desde que inici\u00f3 su gesti\u00f3n para recuperar el sistema de ciencia y tecnolog\u00eda de nuestro pa\u00eds y constituye adem\u00e1s un reconocimiento al esfuerzo que cotidianamente realizan investigadores\/as y t\u00e9cnicos\/t\u00e9cnicas para contribuir con conocimiento, desarrollos tecnol\u00f3gicos e innovaci\u00f3n, en el contexto de la pandemia COVID-19 que afecta al pa\u00eds y al mundo\u201d.<\/p>\n<p><strong>\u201cLa cuesti\u00f3n de g\u00e9nero se est\u00e1 visibilizando\u201d.<\/strong><\/p>\n<p>La integrante del Directorio del Conicet, Luz Lardone, recomend\u00f3 los datos que arroj\u00f3 la encuesta de percepci\u00f3n p\u00fablica de la ciencia, donde se destaca que \u201cla mayor\u00eda de la ciudadan\u00eda (54%) se\u00f1ala estar \u2018muy de acuerdo\u2019 en que el Estado debe hacer un esfuerzo mayor en promover la investigaci\u00f3n cient\u00edfica\u201d y \u201cocho de cada diez argentinos afirma que el presupuesto para ciencia, tecnolog\u00eda e innovaci\u00f3n tendr\u00eda que aumentar\u201d.<\/p>\n<p>Por otro lado, resalt\u00f3 que \u201cel Conicet tiene reuni\u00f3n de Directorio por primera vez en siete a\u00f1os. Esto habla a las claras de la falta de pol\u00edticas institucionales: Estatuto, agremiaci\u00f3n y paritarias. La cuesti\u00f3n salarial no es ajena a esto\u201d.<\/p>\n<p>En esa l\u00ednea, consider\u00f3 que \u201cla cuesti\u00f3n salarial hay que entenderla de manera conjunta con la falta de equipamiento. Muchas veces las quejas de los cient\u00edficos mezclan ambas cuestiones. Podes tener mejor salario pero sin equipamiento no hay investigaci\u00f3n. No hay que desligar lo salarial de otros par\u00e1metros\u201d.<\/p>\n<p>Con respecto a la brecha entre hombres y <a href=\"https:\/\/diariofemenino.com.ar\/dia-internacional-de-la-mujer-y-la-nina-en-la-ciencia-las-cientificas-mas-importantes-de-la-historia\/\">mujeres<\/a>, Lardone sostuvo que \u201cla cuesti\u00f3n de g\u00e9nero se est\u00e1 visibilizando, yo soy un ejemplo de ello. Por ejemplo este a\u00f1o se plantea en los Premios Nacionales a la Investigaci\u00f3n. El problema es que hay que comenzar a instalar el tema y hacerlo visible\u201d.<\/p>\n<p>Actualmente, coment\u00f3, \u201cexisten muchas becarias, pero no est\u00e1n en lugares de decisi\u00f3n\u201d.<\/p>\n<p><strong>Situaci\u00f3n de La Pampa<\/strong>.<\/p>\n<p>En relaci\u00f3n a la situaci\u00f3n de la provincia de La Pampa, indic\u00f3 que las y los investigadoras \u201csomos muy pocos, perif\u00e9ricos, no mueve el amper\u00edmetro. El problema del CONICET nacional y provincial es un tema de gesti\u00f3n y de egos\u201d.<\/p>\n<p>A mayo de 2019, el listado de personal de Conicet en la UNLPam inclu\u00eda 54 investigadores y 64 becarios. De los 54 investigadores, hab\u00eda 36 en dos institutos y 18 \u00absueltos\u00bb en facultades. Adem\u00e1s hab\u00eda 8 personas que son personal de apoyo (t\u00e9cnicos, profesionales, administrativa) en INCITAP, pero varios cumpliendo funciones tambi\u00e9n en Exactas y Naturales.<\/p>\n<p>En ese sentido, revel\u00f3 que en La Pampa est\u00e1n trabajando con el gobernador Sergio Ziliotto \u201cpara tratar de generar institucionalidad a la investigaci\u00f3n. El INTA depende de San Luis; el INTI de Buenos Aires; CONICET no tiene un centro local, dependemos de Neuqu\u00e9n (Confluencia)\u201d.<\/p>\n<p>&nbsp;<\/p>\n<p><a href=\"https:\/\/diariofemenino.com.ar\/\">Diario Digital Femenino<\/a><\/p>\n","protected":false},"excerpt":{"rendered":"<p>Dentro de las medidas anunciadas la semana pasada, el ministro Mart\u00edn Guzm\u00e1n junto a su par de Ciencia, Tecnolog\u00eda e Innovaci\u00f3n, Roberto Salvarezza informaron que el Gobierno nacional otorgar\u00e1 un incremento del 10% a las Carreras Cient\u00edfico Tecnol\u00f3gicas del CONICET en concepto de jerarquizaci\u00f3n salarial. La medida entrar\u00e1 en vigencia a partir del 1 de [&hellip;]<\/p>\n","protected":false},"author":4,"featured_media":52996,"comment_status":"open","ping_status":"open","sticky":false,"template":"","format":"standard","meta":{"iawp_total_views":7,"footnotes":""},"categories":[1067,581,4,21],"tags":[3662,1171,3661],"class_list":["post-52995","post","type-post","status-publish","format-standard","has-post-thumbnail","hentry","category-agenda-feminista","category-azul-profundo","category-medios","category-noticias","tag-carreras","tag-conicet","tag-jerarquizacion-salarial"],"nelio_content":{"autoShareEndMode":"never","automationSources":{"useCustomSentences":false,"customSentences":[]},"efiAlt":"","efiUrl":"","followers":[4],"highlights":[],"isAutoShareEnabled":true,"networkImageIds":[],"permalinkQueryArgs":[],"series":[],"suggestedReferences":[]},"yoast_head":"<!-- This site is optimized with the Yoast SEO plugin v27.5 - https:\/\/yoast.com\/product\/yoast-seo-wordpress\/ -->\n<title>Jerarquizaci\u00f3n salarial para las Carreras Cient\u00edfico -Tecnol\u00f3gicas del CONICET - Diario Digital Femenino<\/title>\n<meta name=\"description\" content=\"Jerarquizaci\u00f3n salarial CONICET. La medida entrar\u00e1 en vigencia a partir del 1 de noviembre y comprende a Investigadoras, investigadores y Personal de Apoyo.\" \/>\n<meta name=\"robots\" content=\"index, follow, max-snippet:-1, max-image-preview:large, max-video-preview:-1\" \/>\n<link rel=\"canonical\" href=\"https:\/\/diariofemenino.com.ar\/df\/jerarquizacion-salarial-para-las-carreras-cientifico-tecnologicas-del-conicet\/\" \/>\n<meta property=\"og:locale\" content=\"es_ES\" \/>\n<meta property=\"og:type\" content=\"article\" \/>\n<meta property=\"og:title\" content=\"Jerarquizaci\u00f3n salarial para las Carreras Cient\u00edfico -Tecnol\u00f3gicas del CONICET - Diario Digital Femenino\" \/>\n<meta property=\"og:description\" content=\"Jerarquizaci\u00f3n salarial CONICET. La medida entrar\u00e1 en vigencia a partir del 1 de noviembre y comprende a Investigadoras, investigadores y Personal de Apoyo.\" \/>\n<meta property=\"og:url\" content=\"https:\/\/diariofemenino.com.ar\/df\/jerarquizacion-salarial-para-las-carreras-cientifico-tecnologicas-del-conicet\/\" \/>\n<meta property=\"og:site_name\" content=\"Diario Digital Femenino\" \/>\n<meta property=\"article:publisher\" content=\"https:\/\/www.facebook.com\/DiarioDigitaFemenino\/\" \/>\n<meta property=\"article:published_time\" content=\"2020-10-13T13:26:29+00:00\" \/>\n<meta property=\"og:image\" content=\"https:\/\/diariofemenino.com.ar\/df\/wp-content\/uploads\/2020\/10\/conicet.jpg\" \/>\n\t<meta property=\"og:image:width\" content=\"1140\" \/>\n\t<meta property=\"og:image:height\" content=\"640\" \/>\n\t<meta property=\"og:image:type\" content=\"image\/jpeg\" \/>\n<meta name=\"author\" content=\"Admin\" \/>\n<meta name=\"twitter:card\" content=\"summary_large_image\" \/>\n<meta name=\"twitter:creator\" content=\"@DiarioFemenino1\" \/>\n<meta name=\"twitter:site\" content=\"@DiarioFemenino1\" \/>\n<meta name=\"twitter:label1\" content=\"Escrito por\" \/>\n\t<meta name=\"twitter:data1\" content=\"Admin\" \/>\n\t<meta name=\"twitter:label2\" content=\"Tiempo de lectura\" \/>\n\t<meta name=\"twitter:data2\" content=\"3 minutos\" \/>\n<script type=\"application\/ld+json\" class=\"yoast-schema-graph\">{\"@context\":\"https:\\\/\\\/schema.org\",\"@graph\":[{\"@type\":\"Article\",\"@id\":\"https:\\\/\\\/diariofemenino.com.ar\\\/df\\\/jerarquizacion-salarial-para-las-carreras-cientifico-tecnologicas-del-conicet\\\/#article\",\"isPartOf\":{\"@id\":\"https:\\\/\\\/diariofemenino.com.ar\\\/df\\\/jerarquizacion-salarial-para-las-carreras-cientifico-tecnologicas-del-conicet\\\/\"},\"author\":{\"name\":\"Admin\",\"@id\":\"https:\\\/\\\/diariofemenino.com.ar\\\/df\\\/#\\\/schema\\\/person\\\/bf6199e8158c657ea6f789b11ec85509\"},\"headline\":\"Jerarquizaci\u00f3n salarial para las Carreras Cient\u00edfico -Tecnol\u00f3gicas del CONICET\",\"datePublished\":\"2020-10-13T13:26:29+00:00\",\"mainEntityOfPage\":{\"@id\":\"https:\\\/\\\/diariofemenino.com.ar\\\/df\\\/jerarquizacion-salarial-para-las-carreras-cientifico-tecnologicas-del-conicet\\\/\"},\"wordCount\":708,\"commentCount\":0,\"publisher\":{\"@id\":\"https:\\\/\\\/diariofemenino.com.ar\\\/df\\\/#organization\"},\"image\":{\"@id\":\"https:\\\/\\\/diariofemenino.com.ar\\\/df\\\/jerarquizacion-salarial-para-las-carreras-cientifico-tecnologicas-del-conicet\\\/#primaryimage\"},\"thumbnailUrl\":\"https:\\\/\\\/diariofemenino.com.ar\\\/df\\\/wp-content\\\/uploads\\\/2020\\\/10\\\/conicet.jpg\",\"keywords\":[\"Carreras\",\"CONICET\",\"Jerarquizaci\u00f3n salarial\"],\"articleSection\":[\"Agenda Feminista\",\"Azul Profundo\",\"Medios\",\"Noticias\"],\"inLanguage\":\"es\",\"potentialAction\":[{\"@type\":\"CommentAction\",\"name\":\"Comment\",\"target\":[\"https:\\\/\\\/diariofemenino.com.ar\\\/df\\\/jerarquizacion-salarial-para-las-carreras-cientifico-tecnologicas-del-conicet\\\/#respond\"]}]},{\"@type\":\"WebPage\",\"@id\":\"https:\\\/\\\/diariofemenino.com.ar\\\/df\\\/jerarquizacion-salarial-para-las-carreras-cientifico-tecnologicas-del-conicet\\\/\",\"url\":\"https:\\\/\\\/diariofemenino.com.ar\\\/df\\\/jerarquizacion-salarial-para-las-carreras-cientifico-tecnologicas-del-conicet\\\/\",\"name\":\"Jerarquizaci\u00f3n salarial para las Carreras Cient\u00edfico -Tecnol\u00f3gicas del CONICET - Diario Digital Femenino\",\"isPartOf\":{\"@id\":\"https:\\\/\\\/diariofemenino.com.ar\\\/df\\\/#website\"},\"primaryImageOfPage\":{\"@id\":\"https:\\\/\\\/diariofemenino.com.ar\\\/df\\\/jerarquizacion-salarial-para-las-carreras-cientifico-tecnologicas-del-conicet\\\/#primaryimage\"},\"image\":{\"@id\":\"https:\\\/\\\/diariofemenino.com.ar\\\/df\\\/jerarquizacion-salarial-para-las-carreras-cientifico-tecnologicas-del-conicet\\\/#primaryimage\"},\"thumbnailUrl\":\"https:\\\/\\\/diariofemenino.com.ar\\\/df\\\/wp-content\\\/uploads\\\/2020\\\/10\\\/conicet.jpg\",\"datePublished\":\"2020-10-13T13:26:29+00:00\",\"description\":\"Jerarquizaci\u00f3n salarial CONICET. La medida entrar\u00e1 en vigencia a partir del 1 de noviembre y comprende a Investigadoras, investigadores y Personal de Apoyo.\",\"breadcrumb\":{\"@id\":\"https:\\\/\\\/diariofemenino.com.ar\\\/df\\\/jerarquizacion-salarial-para-las-carreras-cientifico-tecnologicas-del-conicet\\\/#breadcrumb\"},\"inLanguage\":\"es\",\"potentialAction\":[{\"@type\":\"ReadAction\",\"target\":[\"https:\\\/\\\/diariofemenino.com.ar\\\/df\\\/jerarquizacion-salarial-para-las-carreras-cientifico-tecnologicas-del-conicet\\\/\"]}]},{\"@type\":\"ImageObject\",\"inLanguage\":\"es\",\"@id\":\"https:\\\/\\\/diariofemenino.com.ar\\\/df\\\/jerarquizacion-salarial-para-las-carreras-cientifico-tecnologicas-del-conicet\\\/#primaryimage\",\"url\":\"https:\\\/\\\/diariofemenino.com.ar\\\/df\\\/wp-content\\\/uploads\\\/2020\\\/10\\\/conicet.jpg\",\"contentUrl\":\"https:\\\/\\\/diariofemenino.com.ar\\\/df\\\/wp-content\\\/uploads\\\/2020\\\/10\\\/conicet.jpg\",\"width\":1140,\"height\":640,\"caption\":\"Jerarquizaci\u00f3n salarial para las Carreras Cient\u00edfico -Tecnol\u00f3gicas del CONICET\"},{\"@type\":\"BreadcrumbList\",\"@id\":\"https:\\\/\\\/diariofemenino.com.ar\\\/df\\\/jerarquizacion-salarial-para-las-carreras-cientifico-tecnologicas-del-conicet\\\/#breadcrumb\",\"itemListElement\":[{\"@type\":\"ListItem\",\"position\":1,\"name\":\"Portada\",\"item\":\"https:\\\/\\\/diariofemenino.com.ar\\\/df\\\/\"},{\"@type\":\"ListItem\",\"position\":2,\"name\":\"Jerarquizaci\u00f3n salarial para las Carreras Cient\u00edfico -Tecnol\u00f3gicas del CONICET\"}]},{\"@type\":\"WebSite\",\"@id\":\"https:\\\/\\\/diariofemenino.com.ar\\\/df\\\/#website\",\"url\":\"https:\\\/\\\/diariofemenino.com.ar\\\/df\\\/\",\"name\":\"Diario Digital Femenino\",\"description\":\"Cuesti\u00f3n de G\u00e9nero\",\"publisher\":{\"@id\":\"https:\\\/\\\/diariofemenino.com.ar\\\/df\\\/#organization\"},\"potentialAction\":[{\"@type\":\"SearchAction\",\"target\":{\"@type\":\"EntryPoint\",\"urlTemplate\":\"https:\\\/\\\/diariofemenino.com.ar\\\/df\\\/?s={search_term_string}\"},\"query-input\":{\"@type\":\"PropertyValueSpecification\",\"valueRequired\":true,\"valueName\":\"search_term_string\"}}],\"inLanguage\":\"es\"},{\"@type\":\"Organization\",\"@id\":\"https:\\\/\\\/diariofemenino.com.ar\\\/df\\\/#organization\",\"name\":\"Diario Femenino\",\"url\":\"https:\\\/\\\/diariofemenino.com.ar\\\/df\\\/\",\"logo\":{\"@type\":\"ImageObject\",\"inLanguage\":\"es\",\"@id\":\"https:\\\/\\\/diariofemenino.com.ar\\\/df\\\/#\\\/schema\\\/logo\\\/image\\\/\",\"url\":\"https:\\\/\\\/diariofemenino.com.ar\\\/df\\\/wp-content\\\/uploads\\\/2018\\\/10\\\/logo.png\",\"contentUrl\":\"https:\\\/\\\/diariofemenino.com.ar\\\/df\\\/wp-content\\\/uploads\\\/2018\\\/10\\\/logo.png\",\"width\":500,\"height\":92,\"caption\":\"Diario Femenino\"},\"image\":{\"@id\":\"https:\\\/\\\/diariofemenino.com.ar\\\/df\\\/#\\\/schema\\\/logo\\\/image\\\/\"},\"sameAs\":[\"https:\\\/\\\/www.facebook.com\\\/DiarioDigitaFemenino\\\/\",\"https:\\\/\\\/x.com\\\/DiarioFemenino1\"]},{\"@type\":\"Person\",\"@id\":\"https:\\\/\\\/diariofemenino.com.ar\\\/df\\\/#\\\/schema\\\/person\\\/bf6199e8158c657ea6f789b11ec85509\",\"name\":\"Admin\",\"image\":{\"@type\":\"ImageObject\",\"inLanguage\":\"es\",\"@id\":\"https:\\\/\\\/diariofemenino.com.ar\\\/df\\\/wp-content\\\/uploads\\\/2018\\\/12\\\/favicon-150x150.jpg\",\"url\":\"https:\\\/\\\/diariofemenino.com.ar\\\/df\\\/wp-content\\\/uploads\\\/2018\\\/12\\\/favicon-150x150.jpg\",\"contentUrl\":\"https:\\\/\\\/diariofemenino.com.ar\\\/df\\\/wp-content\\\/uploads\\\/2018\\\/12\\\/favicon-150x150.jpg\",\"caption\":\"Admin\"},\"url\":\"https:\\\/\\\/diariofemenino.com.ar\\\/df\\\/author\\\/lenny\\\/\"}]}<\/script>\n<!-- \/ Yoast SEO plugin. -->","yoast_head_json":{"title":"Jerarquizaci\u00f3n salarial para las Carreras Cient\u00edfico -Tecnol\u00f3gicas del CONICET - Diario Digital Femenino","description":"Jerarquizaci\u00f3n salarial CONICET. La medida entrar\u00e1 en vigencia a partir del 1 de noviembre y comprende a Investigadoras, investigadores y Personal de Apoyo.","robots":{"index":"index","follow":"follow","max-snippet":"max-snippet:-1","max-image-preview":"max-image-preview:large","max-video-preview":"max-video-preview:-1"},"canonical":"https:\/\/diariofemenino.com.ar\/df\/jerarquizacion-salarial-para-las-carreras-cientifico-tecnologicas-del-conicet\/","og_locale":"es_ES","og_type":"article","og_title":"Jerarquizaci\u00f3n salarial para las Carreras Cient\u00edfico -Tecnol\u00f3gicas del CONICET - Diario Digital Femenino","og_description":"Jerarquizaci\u00f3n salarial CONICET. La medida entrar\u00e1 en vigencia a partir del 1 de noviembre y comprende a Investigadoras, investigadores y Personal de Apoyo.","og_url":"https:\/\/diariofemenino.com.ar\/df\/jerarquizacion-salarial-para-las-carreras-cientifico-tecnologicas-del-conicet\/","og_site_name":"Diario Digital Femenino","article_publisher":"https:\/\/www.facebook.com\/DiarioDigitaFemenino\/","article_published_time":"2020-10-13T13:26:29+00:00","og_image":[{"width":1140,"height":640,"url":"https:\/\/diariofemenino.com.ar\/df\/wp-content\/uploads\/2020\/10\/conicet.jpg","type":"image\/jpeg"}],"author":"Admin","twitter_card":"summary_large_image","twitter_creator":"@DiarioFemenino1","twitter_site":"@DiarioFemenino1","twitter_misc":{"Escrito por":"Admin","Tiempo de lectura":"3 minutos"},"schema":{"@context":"https:\/\/schema.org","@graph":[{"@type":"Article","@id":"https:\/\/diariofemenino.com.ar\/df\/jerarquizacion-salarial-para-las-carreras-cientifico-tecnologicas-del-conicet\/#article","isPartOf":{"@id":"https:\/\/diariofemenino.com.ar\/df\/jerarquizacion-salarial-para-las-carreras-cientifico-tecnologicas-del-conicet\/"},"author":{"name":"Admin","@id":"https:\/\/diariofemenino.com.ar\/df\/#\/schema\/person\/bf6199e8158c657ea6f789b11ec85509"},"headline":"Jerarquizaci\u00f3n salarial para las Carreras Cient\u00edfico -Tecnol\u00f3gicas del CONICET","datePublished":"2020-10-13T13:26:29+00:00","mainEntityOfPage":{"@id":"https:\/\/diariofemenino.com.ar\/df\/jerarquizacion-salarial-para-las-carreras-cientifico-tecnologicas-del-conicet\/"},"wordCount":708,"commentCount":0,"publisher":{"@id":"https:\/\/diariofemenino.com.ar\/df\/#organization"},"image":{"@id":"https:\/\/diariofemenino.com.ar\/df\/jerarquizacion-salarial-para-las-carreras-cientifico-tecnologicas-del-conicet\/#primaryimage"},"thumbnailUrl":"https:\/\/diariofemenino.com.ar\/df\/wp-content\/uploads\/2020\/10\/conicet.jpg","keywords":["Carreras","CONICET","Jerarquizaci\u00f3n salarial"],"articleSection":["Agenda Feminista","Azul Profundo","Medios","Noticias"],"inLanguage":"es","potentialAction":[{"@type":"CommentAction","name":"Comment","target":["https:\/\/diariofemenino.com.ar\/df\/jerarquizacion-salarial-para-las-carreras-cientifico-tecnologicas-del-conicet\/#respond"]}]},{"@type":"WebPage","@id":"https:\/\/diariofemenino.com.ar\/df\/jerarquizacion-salarial-para-las-carreras-cientifico-tecnologicas-del-conicet\/","url":"https:\/\/diariofemenino.com.ar\/df\/jerarquizacion-salarial-para-las-carreras-cientifico-tecnologicas-del-conicet\/","name":"Jerarquizaci\u00f3n salarial para las Carreras Cient\u00edfico -Tecnol\u00f3gicas del CONICET - Diario Digital Femenino","isPartOf":{"@id":"https:\/\/diariofemenino.com.ar\/df\/#website"},"primaryImageOfPage":{"@id":"https:\/\/diariofemenino.com.ar\/df\/jerarquizacion-salarial-para-las-carreras-cientifico-tecnologicas-del-conicet\/#primaryimage"},"image":{"@id":"https:\/\/diariofemenino.com.ar\/df\/jerarquizacion-salarial-para-las-carreras-cientifico-tecnologicas-del-conicet\/#primaryimage"},"thumbnailUrl":"https:\/\/diariofemenino.com.ar\/df\/wp-content\/uploads\/2020\/10\/conicet.jpg","datePublished":"2020-10-13T13:26:29+00:00","description":"Jerarquizaci\u00f3n salarial CONICET. La medida entrar\u00e1 en vigencia a partir del 1 de noviembre y comprende a Investigadoras, investigadores y Personal de Apoyo.","breadcrumb":{"@id":"https:\/\/diariofemenino.com.ar\/df\/jerarquizacion-salarial-para-las-carreras-cientifico-tecnologicas-del-conicet\/#breadcrumb"},"inLanguage":"es","potentialAction":[{"@type":"ReadAction","target":["https:\/\/diariofemenino.com.ar\/df\/jerarquizacion-salarial-para-las-carreras-cientifico-tecnologicas-del-conicet\/"]}]},{"@type":"ImageObject","inLanguage":"es","@id":"https:\/\/diariofemenino.com.ar\/df\/jerarquizacion-salarial-para-las-carreras-cientifico-tecnologicas-del-conicet\/#primaryimage","url":"https:\/\/diariofemenino.com.ar\/df\/wp-content\/uploads\/2020\/10\/conicet.jpg","contentUrl":"https:\/\/diariofemenino.com.ar\/df\/wp-content\/uploads\/2020\/10\/conicet.jpg","width":1140,"height":640,"caption":"Jerarquizaci\u00f3n salarial para las Carreras Cient\u00edfico -Tecnol\u00f3gicas del CONICET"},{"@type":"BreadcrumbList","@id":"https:\/\/diariofemenino.com.ar\/df\/jerarquizacion-salarial-para-las-carreras-cientifico-tecnologicas-del-conicet\/#breadcrumb","itemListElement":[{"@type":"ListItem","position":1,"name":"Portada","item":"https:\/\/diariofemenino.com.ar\/df\/"},{"@type":"ListItem","position":2,"name":"Jerarquizaci\u00f3n salarial para las Carreras Cient\u00edfico -Tecnol\u00f3gicas del CONICET"}]},{"@type":"WebSite","@id":"https:\/\/diariofemenino.com.ar\/df\/#website","url":"https:\/\/diariofemenino.com.ar\/df\/","name":"Diario Digital Femenino","description":"Cuesti\u00f3n de G\u00e9nero","publisher":{"@id":"https:\/\/diariofemenino.com.ar\/df\/#organization"},"potentialAction":[{"@type":"SearchAction","target":{"@type":"EntryPoint","urlTemplate":"https:\/\/diariofemenino.com.ar\/df\/?s={search_term_string}"},"query-input":{"@type":"PropertyValueSpecification","valueRequired":true,"valueName":"search_term_string"}}],"inLanguage":"es"},{"@type":"Organization","@id":"https:\/\/diariofemenino.com.ar\/df\/#organization","name":"Diario Femenino","url":"https:\/\/diariofemenino.com.ar\/df\/","logo":{"@type":"ImageObject","inLanguage":"es","@id":"https:\/\/diariofemenino.com.ar\/df\/#\/schema\/logo\/image\/","url":"https:\/\/diariofemenino.com.ar\/df\/wp-content\/uploads\/2018\/10\/logo.png","contentUrl":"https:\/\/diariofemenino.com.ar\/df\/wp-content\/uploads\/2018\/10\/logo.png","width":500,"height":92,"caption":"Diario Femenino"},"image":{"@id":"https:\/\/diariofemenino.com.ar\/df\/#\/schema\/logo\/image\/"},"sameAs":["https:\/\/www.facebook.com\/DiarioDigitaFemenino\/","https:\/\/x.com\/DiarioFemenino1"]},{"@type":"Person","@id":"https:\/\/diariofemenino.com.ar\/df\/#\/schema\/person\/bf6199e8158c657ea6f789b11ec85509","name":"Admin","image":{"@type":"ImageObject","inLanguage":"es","@id":"https:\/\/diariofemenino.com.ar\/df\/wp-content\/uploads\/2018\/12\/favicon-150x150.jpg","url":"https:\/\/diariofemenino.com.ar\/df\/wp-content\/uploads\/2018\/12\/favicon-150x150.jpg","contentUrl":"https:\/\/diariofemenino.com.ar\/df\/wp-content\/uploads\/2018\/12\/favicon-150x150.jpg","caption":"Admin"},"url":"https:\/\/diariofemenino.com.ar\/df\/author\/lenny\/"}]}},"jetpack_featured_media_url":"https:\/\/diariofemenino.com.ar\/df\/wp-content\/uploads\/2020\/10\/conicet.jpg","jetpack_sharing_enabled":true,"rttpg_featured_image_url":{"full":["https:\/\/diariofemenino.com.ar\/df\/wp-content\/uploads\/2020\/10\/conicet.jpg",1140,640,false],"landscape":["https:\/\/diariofemenino.com.ar\/df\/wp-content\/uploads\/2020\/10\/conicet.jpg",1140,640,false],"portraits":["https:\/\/diariofemenino.com.ar\/df\/wp-content\/uploads\/2020\/10\/conicet.jpg",1140,640,false],"thumbnail":["https:\/\/diariofemenino.com.ar\/df\/wp-content\/uploads\/2020\/10\/conicet-150x150.jpg",150,150,true],"medium":["https:\/\/diariofemenino.com.ar\/df\/wp-content\/uploads\/2020\/10\/conicet-300x168.jpg",300,168,true],"large":["https:\/\/diariofemenino.com.ar\/df\/wp-content\/uploads\/2020\/10\/conicet-1024x575.jpg",1024,575,true],"1536x1536":["https:\/\/diariofemenino.com.ar\/df\/wp-content\/uploads\/2020\/10\/conicet.jpg",1140,640,false],"2048x2048":["https:\/\/diariofemenino.com.ar\/df\/wp-content\/uploads\/2020\/10\/conicet.jpg",1140,640,false]},"rttpg_author":{"display_name":"Admin","author_link":"https:\/\/diariofemenino.com.ar\/df\/author\/lenny\/"},"rttpg_comment":0,"rttpg_category":"<a href=\"https:\/\/diariofemenino.com.ar\/df\/category\/agenda-feminista\/\" rel=\"category tag\">Agenda Feminista<\/a> <a href=\"https:\/\/diariofemenino.com.ar\/df\/category\/azul-profundo\/\" rel=\"category tag\">Azul Profundo<\/a> <a href=\"https:\/\/diariofemenino.com.ar\/df\/category\/medios\/\" rel=\"category tag\">Medios<\/a> <a href=\"https:\/\/diariofemenino.com.ar\/df\/category\/noticias\/\" rel=\"category tag\">Noticias<\/a>","rttpg_excerpt":"Dentro de las medidas anunciadas la semana pasada, el ministro Mart\u00edn Guzm\u00e1n junto a su par de Ciencia, Tecnolog\u00eda e Innovaci\u00f3n, Roberto Salvarezza informaron que el Gobierno nacional otorgar\u00e1 un incremento del 10% a las Carreras Cient\u00edfico Tecnol\u00f3gicas del CONICET en concepto de jerarquizaci\u00f3n salarial. La medida entrar\u00e1 en vigencia a partir del 1 de&hellip;","_links":{"self":[{"href":"https:\/\/diariofemenino.com.ar\/df\/wp-json\/wp\/v2\/posts\/52995","targetHints":{"allow":["GET"]}}],"collection":[{"href":"https:\/\/diariofemenino.com.ar\/df\/wp-json\/wp\/v2\/posts"}],"about":[{"href":"https:\/\/diariofemenino.com.ar\/df\/wp-json\/wp\/v2\/types\/post"}],"author":[{"embeddable":true,"href":"https:\/\/diariofemenino.com.ar\/df\/wp-json\/wp\/v2\/users\/4"}],"replies":[{"embeddable":true,"href":"https:\/\/diariofemenino.com.ar\/df\/wp-json\/wp\/v2\/comments?post=52995"}],"version-history":[{"count":0,"href":"https:\/\/diariofemenino.com.ar\/df\/wp-json\/wp\/v2\/posts\/52995\/revisions"}],"wp:featuredmedia":[{"embeddable":true,"href":"https:\/\/diariofemenino.com.ar\/df\/wp-json\/wp\/v2\/media\/52996"}],"wp:attachment":[{"href":"https:\/\/diariofemenino.com.ar\/df\/wp-json\/wp\/v2\/media?parent=52995"}],"wp:term":[{"taxonomy":"category","embeddable":true,"href":"https:\/\/diariofemenino.com.ar\/df\/wp-json\/wp\/v2\/categories?post=52995"},{"taxonomy":"post_tag","embeddable":true,"href":"https:\/\/diariofemenino.com.ar\/df\/wp-json\/wp\/v2\/tags?post=52995"}],"curies":[{"name":"wp","href":"https:\/\/api.w.org\/{rel}","templated":true}]}}