{"id":52941,"date":"2020-10-11T12:24:27","date_gmt":"2020-10-11T15:24:27","guid":{"rendered":"https:\/\/diariofemenino.com.ar\/?p=52941"},"modified":"2020-10-11T12:40:35","modified_gmt":"2020-10-11T15:40:35","slug":"derecho-humano-a-la-comunicacion-desconcentracion-diversidad-e-inclusion","status":"publish","type":"post","link":"https:\/\/diariofemenino.com.ar\/df\/derecho-humano-a-la-comunicacion-desconcentracion-diversidad-e-inclusion\/","title":{"rendered":"Derecho Humano a la Comunicaci\u00f3n. Desconcentraci\u00f3n, diversidad e inclusi\u00f3n"},"content":{"rendered":"<p>Derecho Humano a la Comunicaci\u00f3n. Desconcentraci\u00f3n, diversidad e inclusi\u00f3n.\u00a0Los desaf\u00edos comunicacionales del siglo XXI desde las perspectivas de las Defensor\u00edas de las Audiencias.<\/p>\n<p>Ya est\u00e1 a la venta el nuevo libro de Cynthia Ottaviano.<\/p>\n<figure id=\"attachment_52943\" aria-describedby=\"caption-attachment-52943\" style=\"width: 378px\" class=\"wp-caption alignleft\"><img loading=\"lazy\" decoding=\"async\" class=\"size-full wp-image-52943\" src=\"https:\/\/diariofemenino.com.ar\/df\/wp-content\/uploads\/2020\/10\/derecho-humano-a-la-comunicacion-desconcentracion-diversidad-e-inclusion.jpg\" alt=\"Derecho Humano a la Comunicaci\u00f3n. Desconcentraci\u00f3n, diversidad e inclusi\u00f3n\" width=\"378\" height=\"545\" srcset=\"https:\/\/diariofemenino.com.ar\/df\/wp-content\/uploads\/2020\/10\/derecho-humano-a-la-comunicacion-desconcentracion-diversidad-e-inclusion.jpg 378w, https:\/\/diariofemenino.com.ar\/df\/wp-content\/uploads\/2020\/10\/derecho-humano-a-la-comunicacion-desconcentracion-diversidad-e-inclusion-208x300.jpg 208w\" sizes=\"auto, (max-width: 378px) 100vw, 378px\" \/><figcaption id=\"caption-attachment-52943\" class=\"wp-caption-text\">Derecho Humano a la <a href=\"https:\/\/puntoed.com.ar\/\">Comunicaci\u00f3n<\/a>. Desconcentraci\u00f3n, diversidad e inclusi\u00f3n<\/figcaption><\/figure>\n<p>Este libro contiene una investigaci\u00f3n in\u00e9dita sobre un aspecto clave de la escena contempor\u00e1nea: las amenazas comunicacionales en tiempos de Big Data, Fake News y monopolios voraces. Los desaf\u00edos inaplazables del siglo en curso est\u00e1n tratados aqu\u00ed con base en un entrelazamiento virtuoso cuyo eje es un di\u00e1logo apasionante entre los derechos humanos y el derecho humano a la comunicaci\u00f3n, tejido alrededor de la labor pionera de las Defensor\u00edas de las Audiencias.<\/p>\n<p>Comprender esta \u00e9poca es inseparable de asumir los desaf\u00edos comunicacionales del siglo XXI. El aporte de ese libro para esa batalla cultural eterna es imprescindible.<\/p>\n<p><a href=\"https:\/\/puntoed.com.ar\/libros\/507\/derecho-humano-a-la-comunicacion-desconcentracion-diversidad-e-inclusion\">https:\/\/puntoed.com.ar\/libros\/507\/derecho-humano-a-la-comunicacion-desconcentracion-diversidad-e-inclusion<\/a><\/p>\n<p><strong>Cynthia Ottaviano\u00a0<\/strong><\/p>\n<p>Es Doctora en Comunicaci\u00f3n por UNLP, con defensa de Tesis 10 Sobresaliente y recomendaci\u00f3n de publicaci\u00f3n. Maestranda en Periodismo de Investigaci\u00f3n y Licenciada en Periodismo con Diploma de Honor. Sus casi 30 a\u00f1os de periodista, especializada en investigaci\u00f3n, fueron galardonados con premios nacionales e internacionales como el Premio Internacional de Periodismo Rey de Espa\u00f1a y el Mart\u00edn Fierro.Su tarea como primera Defensora del P\u00fablico de SCA fue reconocida por la UNQ y la UNVM, as\u00ed como por la OEA con el Premio Interamericano a las Pol\u00edticas P\u00fablicas efectivas 2016. Docente de grado y posgrado desde hace 20 a\u00f1os, public\u00f3 varios libros de investigaci\u00f3n y cap\u00edtulos especializados sobre el derecho humano a la comunicaci\u00f3n y los derechos de las audiencias. Su \u00faltimo libro es de 2018, titulado \u00abSe\u00f1al de Ajuste. Vigilancia y control en la nueva era de la Comunicaci\u00f3n\u00bb. Es directora del posgrado \u00abComunicaci\u00f3n y Derechos Humanos\u00bb en UNDAV, docente de UNQ, UNLP e investigadora de UNVM y USAL; y miembro asociada de la Red Internacional de C\u00e1tedras Unesco de Comunicaci\u00f3n, la OID y la ONO. Madre, compa\u00f1era e hincha de San Lorenzo de Almagro, naci\u00f3 en 1973, en Buenos Aires.<\/p>\n<p>&nbsp;<\/p>\n<hr \/>\n<p>&nbsp;<\/p>\n<p><a href=\"https:\/\/diariofemenino.com.ar\/category\/biblioteca\/\">Biblioteca virtual<\/a> &#8211; <a href=\"https:\/\/diariofemenino.com.ar\/\">DDF<\/a><\/p>\n","protected":false},"excerpt":{"rendered":"<p>Derecho Humano a la Comunicaci\u00f3n. Desconcentraci\u00f3n, diversidad e inclusi\u00f3n.\u00a0Los desaf\u00edos comunicacionales del siglo XXI desde las perspectivas de las Defensor\u00edas de las Audiencias. Ya est\u00e1 a la venta el nuevo libro de Cynthia Ottaviano. Este libro contiene una investigaci\u00f3n in\u00e9dita sobre un aspecto clave de la escena contempor\u00e1nea: las amenazas comunicacionales en tiempos de Big [&hellip;]<\/p>\n","protected":false},"author":4,"featured_media":52945,"comment_status":"open","ping_status":"open","sticky":false,"template":"","format":"standard","meta":{"iawp_total_views":48,"footnotes":""},"categories":[7,1067,581,19],"tags":[3652,3653],"class_list":["post-52941","post","type-post","status-publish","format-standard","has-post-thumbnail","hentry","category-actividades","category-agenda-feminista","category-azul-profundo","category-biblioteca","tag-cynthia-ottaviano","tag-derecho-humano-a-la-comunicacion"],"nelio_content":{"autoShareEndMode":"never","automationSources":{"useCustomSentences":false,"customSentences":[]},"efiAlt":"","efiUrl":"","followers":[4],"highlights":[],"isAutoShareEnabled":true,"networkImageIds":[],"permalinkQueryArgs":[],"series":[],"suggestedReferences":[]},"yoast_head":"<!-- This site is optimized with the Yoast SEO plugin v27.5 - https:\/\/yoast.com\/product\/yoast-seo-wordpress\/ -->\n<title>Derecho Humano a la Comunicaci\u00f3n. Desconcentraci\u00f3n, diversidad e inclusi\u00f3n - Diario Digital Femenino<\/title>\n<meta name=\"description\" content=\"Derecho Humano a la Comunicaci\u00f3n. Los desaf\u00edos comunicacionales del siglo XXI desde las perspectivas de las Defensor\u00edas de las Audiencias.\" \/>\n<meta name=\"robots\" content=\"index, follow, max-snippet:-1, max-image-preview:large, max-video-preview:-1\" \/>\n<link rel=\"canonical\" href=\"https:\/\/diariofemenino.com.ar\/df\/derecho-humano-a-la-comunicacion-desconcentracion-diversidad-e-inclusion\/\" \/>\n<meta property=\"og:locale\" content=\"es_ES\" \/>\n<meta property=\"og:type\" content=\"article\" \/>\n<meta property=\"og:title\" content=\"Derecho Humano a la Comunicaci\u00f3n. Desconcentraci\u00f3n, diversidad e inclusi\u00f3n - Diario Digital Femenino\" \/>\n<meta property=\"og:description\" content=\"Derecho Humano a la Comunicaci\u00f3n. Los desaf\u00edos comunicacionales del siglo XXI desde las perspectivas de las Defensor\u00edas de las Audiencias.\" \/>\n<meta property=\"og:url\" content=\"https:\/\/diariofemenino.com.ar\/df\/derecho-humano-a-la-comunicacion-desconcentracion-diversidad-e-inclusion\/\" \/>\n<meta property=\"og:site_name\" content=\"Diario Digital Femenino\" \/>\n<meta property=\"article:publisher\" content=\"https:\/\/www.facebook.com\/DiarioDigitaFemenino\/\" \/>\n<meta property=\"article:published_time\" content=\"2020-10-11T15:24:27+00:00\" \/>\n<meta property=\"article:modified_time\" content=\"2020-10-11T15:40:35+00:00\" \/>\n<meta property=\"og:image\" content=\"https:\/\/diariofemenino.com.ar\/df\/wp-content\/uploads\/2020\/10\/EQbTFGYXUAA6VnM.jpg\" \/>\n\t<meta property=\"og:image:width\" content=\"1024\" \/>\n\t<meta property=\"og:image:height\" content=\"512\" \/>\n\t<meta property=\"og:image:type\" content=\"image\/jpeg\" \/>\n<meta name=\"author\" content=\"Admin\" \/>\n<meta name=\"twitter:card\" content=\"summary_large_image\" \/>\n<meta name=\"twitter:creator\" content=\"@DiarioFemenino1\" \/>\n<meta name=\"twitter:site\" content=\"@DiarioFemenino1\" \/>\n<meta name=\"twitter:label1\" content=\"Escrito por\" \/>\n\t<meta name=\"twitter:data1\" content=\"Admin\" \/>\n\t<meta name=\"twitter:label2\" content=\"Tiempo de lectura\" \/>\n\t<meta name=\"twitter:data2\" content=\"2 minutos\" \/>\n<script type=\"application\/ld+json\" class=\"yoast-schema-graph\">{\"@context\":\"https:\\\/\\\/schema.org\",\"@graph\":[{\"@type\":\"Article\",\"@id\":\"https:\\\/\\\/diariofemenino.com.ar\\\/df\\\/derecho-humano-a-la-comunicacion-desconcentracion-diversidad-e-inclusion\\\/#article\",\"isPartOf\":{\"@id\":\"https:\\\/\\\/diariofemenino.com.ar\\\/df\\\/derecho-humano-a-la-comunicacion-desconcentracion-diversidad-e-inclusion\\\/\"},\"author\":{\"name\":\"Admin\",\"@id\":\"https:\\\/\\\/diariofemenino.com.ar\\\/df\\\/#\\\/schema\\\/person\\\/bf6199e8158c657ea6f789b11ec85509\"},\"headline\":\"Derecho Humano a la Comunicaci\u00f3n. Desconcentraci\u00f3n, diversidad e inclusi\u00f3n\",\"datePublished\":\"2020-10-11T15:24:27+00:00\",\"dateModified\":\"2020-10-11T15:40:35+00:00\",\"mainEntityOfPage\":{\"@id\":\"https:\\\/\\\/diariofemenino.com.ar\\\/df\\\/derecho-humano-a-la-comunicacion-desconcentracion-diversidad-e-inclusion\\\/\"},\"wordCount\":398,\"commentCount\":0,\"publisher\":{\"@id\":\"https:\\\/\\\/diariofemenino.com.ar\\\/df\\\/#organization\"},\"image\":{\"@id\":\"https:\\\/\\\/diariofemenino.com.ar\\\/df\\\/derecho-humano-a-la-comunicacion-desconcentracion-diversidad-e-inclusion\\\/#primaryimage\"},\"thumbnailUrl\":\"https:\\\/\\\/diariofemenino.com.ar\\\/df\\\/wp-content\\\/uploads\\\/2020\\\/10\\\/EQbTFGYXUAA6VnM.jpg\",\"keywords\":[\"Cynthia Ottaviano\",\"Derecho Humano a la Comunicaci\u00f3n\"],\"articleSection\":[\"Actividades\",\"Agenda Feminista\",\"Azul Profundo\",\"Biblioteca Virtual\"],\"inLanguage\":\"es\",\"potentialAction\":[{\"@type\":\"CommentAction\",\"name\":\"Comment\",\"target\":[\"https:\\\/\\\/diariofemenino.com.ar\\\/df\\\/derecho-humano-a-la-comunicacion-desconcentracion-diversidad-e-inclusion\\\/#respond\"]}]},{\"@type\":\"WebPage\",\"@id\":\"https:\\\/\\\/diariofemenino.com.ar\\\/df\\\/derecho-humano-a-la-comunicacion-desconcentracion-diversidad-e-inclusion\\\/\",\"url\":\"https:\\\/\\\/diariofemenino.com.ar\\\/df\\\/derecho-humano-a-la-comunicacion-desconcentracion-diversidad-e-inclusion\\\/\",\"name\":\"Derecho Humano a la Comunicaci\u00f3n. Desconcentraci\u00f3n, diversidad e inclusi\u00f3n - Diario Digital Femenino\",\"isPartOf\":{\"@id\":\"https:\\\/\\\/diariofemenino.com.ar\\\/df\\\/#website\"},\"primaryImageOfPage\":{\"@id\":\"https:\\\/\\\/diariofemenino.com.ar\\\/df\\\/derecho-humano-a-la-comunicacion-desconcentracion-diversidad-e-inclusion\\\/#primaryimage\"},\"image\":{\"@id\":\"https:\\\/\\\/diariofemenino.com.ar\\\/df\\\/derecho-humano-a-la-comunicacion-desconcentracion-diversidad-e-inclusion\\\/#primaryimage\"},\"thumbnailUrl\":\"https:\\\/\\\/diariofemenino.com.ar\\\/df\\\/wp-content\\\/uploads\\\/2020\\\/10\\\/EQbTFGYXUAA6VnM.jpg\",\"datePublished\":\"2020-10-11T15:24:27+00:00\",\"dateModified\":\"2020-10-11T15:40:35+00:00\",\"description\":\"Derecho Humano a la Comunicaci\u00f3n. Los desaf\u00edos comunicacionales del siglo XXI desde las perspectivas de las Defensor\u00edas de las Audiencias.\",\"breadcrumb\":{\"@id\":\"https:\\\/\\\/diariofemenino.com.ar\\\/df\\\/derecho-humano-a-la-comunicacion-desconcentracion-diversidad-e-inclusion\\\/#breadcrumb\"},\"inLanguage\":\"es\",\"potentialAction\":[{\"@type\":\"ReadAction\",\"target\":[\"https:\\\/\\\/diariofemenino.com.ar\\\/df\\\/derecho-humano-a-la-comunicacion-desconcentracion-diversidad-e-inclusion\\\/\"]}]},{\"@type\":\"ImageObject\",\"inLanguage\":\"es\",\"@id\":\"https:\\\/\\\/diariofemenino.com.ar\\\/df\\\/derecho-humano-a-la-comunicacion-desconcentracion-diversidad-e-inclusion\\\/#primaryimage\",\"url\":\"https:\\\/\\\/diariofemenino.com.ar\\\/df\\\/wp-content\\\/uploads\\\/2020\\\/10\\\/EQbTFGYXUAA6VnM.jpg\",\"contentUrl\":\"https:\\\/\\\/diariofemenino.com.ar\\\/df\\\/wp-content\\\/uploads\\\/2020\\\/10\\\/EQbTFGYXUAA6VnM.jpg\",\"width\":1024,\"height\":512,\"caption\":\"Derecho Humano a la Comunicaci\u00f3n. Desconcentraci\u00f3n, diversidad e inclusi\u00f3n\"},{\"@type\":\"BreadcrumbList\",\"@id\":\"https:\\\/\\\/diariofemenino.com.ar\\\/df\\\/derecho-humano-a-la-comunicacion-desconcentracion-diversidad-e-inclusion\\\/#breadcrumb\",\"itemListElement\":[{\"@type\":\"ListItem\",\"position\":1,\"name\":\"Portada\",\"item\":\"https:\\\/\\\/diariofemenino.com.ar\\\/df\\\/\"},{\"@type\":\"ListItem\",\"position\":2,\"name\":\"Derecho Humano a la Comunicaci\u00f3n. Desconcentraci\u00f3n, diversidad e inclusi\u00f3n\"}]},{\"@type\":\"WebSite\",\"@id\":\"https:\\\/\\\/diariofemenino.com.ar\\\/df\\\/#website\",\"url\":\"https:\\\/\\\/diariofemenino.com.ar\\\/df\\\/\",\"name\":\"Diario Digital Femenino\",\"description\":\"Cuesti\u00f3n de G\u00e9nero\",\"publisher\":{\"@id\":\"https:\\\/\\\/diariofemenino.com.ar\\\/df\\\/#organization\"},\"potentialAction\":[{\"@type\":\"SearchAction\",\"target\":{\"@type\":\"EntryPoint\",\"urlTemplate\":\"https:\\\/\\\/diariofemenino.com.ar\\\/df\\\/?s={search_term_string}\"},\"query-input\":{\"@type\":\"PropertyValueSpecification\",\"valueRequired\":true,\"valueName\":\"search_term_string\"}}],\"inLanguage\":\"es\"},{\"@type\":\"Organization\",\"@id\":\"https:\\\/\\\/diariofemenino.com.ar\\\/df\\\/#organization\",\"name\":\"Diario Femenino\",\"url\":\"https:\\\/\\\/diariofemenino.com.ar\\\/df\\\/\",\"logo\":{\"@type\":\"ImageObject\",\"inLanguage\":\"es\",\"@id\":\"https:\\\/\\\/diariofemenino.com.ar\\\/df\\\/#\\\/schema\\\/logo\\\/image\\\/\",\"url\":\"https:\\\/\\\/diariofemenino.com.ar\\\/df\\\/wp-content\\\/uploads\\\/2018\\\/10\\\/logo.png\",\"contentUrl\":\"https:\\\/\\\/diariofemenino.com.ar\\\/df\\\/wp-content\\\/uploads\\\/2018\\\/10\\\/logo.png\",\"width\":500,\"height\":92,\"caption\":\"Diario Femenino\"},\"image\":{\"@id\":\"https:\\\/\\\/diariofemenino.com.ar\\\/df\\\/#\\\/schema\\\/logo\\\/image\\\/\"},\"sameAs\":[\"https:\\\/\\\/www.facebook.com\\\/DiarioDigitaFemenino\\\/\",\"https:\\\/\\\/x.com\\\/DiarioFemenino1\"]},{\"@type\":\"Person\",\"@id\":\"https:\\\/\\\/diariofemenino.com.ar\\\/df\\\/#\\\/schema\\\/person\\\/bf6199e8158c657ea6f789b11ec85509\",\"name\":\"Admin\",\"image\":{\"@type\":\"ImageObject\",\"inLanguage\":\"es\",\"@id\":\"https:\\\/\\\/diariofemenino.com.ar\\\/df\\\/wp-content\\\/uploads\\\/2018\\\/12\\\/favicon-150x150.jpg\",\"url\":\"https:\\\/\\\/diariofemenino.com.ar\\\/df\\\/wp-content\\\/uploads\\\/2018\\\/12\\\/favicon-150x150.jpg\",\"contentUrl\":\"https:\\\/\\\/diariofemenino.com.ar\\\/df\\\/wp-content\\\/uploads\\\/2018\\\/12\\\/favicon-150x150.jpg\",\"caption\":\"Admin\"},\"url\":\"https:\\\/\\\/diariofemenino.com.ar\\\/df\\\/author\\\/lenny\\\/\"}]}<\/script>\n<!-- \/ Yoast SEO plugin. -->","yoast_head_json":{"title":"Derecho Humano a la Comunicaci\u00f3n. Desconcentraci\u00f3n, diversidad e inclusi\u00f3n - Diario Digital Femenino","description":"Derecho Humano a la Comunicaci\u00f3n. Los desaf\u00edos comunicacionales del siglo XXI desde las perspectivas de las Defensor\u00edas de las Audiencias.","robots":{"index":"index","follow":"follow","max-snippet":"max-snippet:-1","max-image-preview":"max-image-preview:large","max-video-preview":"max-video-preview:-1"},"canonical":"https:\/\/diariofemenino.com.ar\/df\/derecho-humano-a-la-comunicacion-desconcentracion-diversidad-e-inclusion\/","og_locale":"es_ES","og_type":"article","og_title":"Derecho Humano a la Comunicaci\u00f3n. Desconcentraci\u00f3n, diversidad e inclusi\u00f3n - Diario Digital Femenino","og_description":"Derecho Humano a la Comunicaci\u00f3n. Los desaf\u00edos comunicacionales del siglo XXI desde las perspectivas de las Defensor\u00edas de las Audiencias.","og_url":"https:\/\/diariofemenino.com.ar\/df\/derecho-humano-a-la-comunicacion-desconcentracion-diversidad-e-inclusion\/","og_site_name":"Diario Digital Femenino","article_publisher":"https:\/\/www.facebook.com\/DiarioDigitaFemenino\/","article_published_time":"2020-10-11T15:24:27+00:00","article_modified_time":"2020-10-11T15:40:35+00:00","og_image":[{"width":1024,"height":512,"url":"https:\/\/diariofemenino.com.ar\/df\/wp-content\/uploads\/2020\/10\/EQbTFGYXUAA6VnM.jpg","type":"image\/jpeg"}],"author":"Admin","twitter_card":"summary_large_image","twitter_creator":"@DiarioFemenino1","twitter_site":"@DiarioFemenino1","twitter_misc":{"Escrito por":"Admin","Tiempo de lectura":"2 minutos"},"schema":{"@context":"https:\/\/schema.org","@graph":[{"@type":"Article","@id":"https:\/\/diariofemenino.com.ar\/df\/derecho-humano-a-la-comunicacion-desconcentracion-diversidad-e-inclusion\/#article","isPartOf":{"@id":"https:\/\/diariofemenino.com.ar\/df\/derecho-humano-a-la-comunicacion-desconcentracion-diversidad-e-inclusion\/"},"author":{"name":"Admin","@id":"https:\/\/diariofemenino.com.ar\/df\/#\/schema\/person\/bf6199e8158c657ea6f789b11ec85509"},"headline":"Derecho Humano a la Comunicaci\u00f3n. Desconcentraci\u00f3n, diversidad e inclusi\u00f3n","datePublished":"2020-10-11T15:24:27+00:00","dateModified":"2020-10-11T15:40:35+00:00","mainEntityOfPage":{"@id":"https:\/\/diariofemenino.com.ar\/df\/derecho-humano-a-la-comunicacion-desconcentracion-diversidad-e-inclusion\/"},"wordCount":398,"commentCount":0,"publisher":{"@id":"https:\/\/diariofemenino.com.ar\/df\/#organization"},"image":{"@id":"https:\/\/diariofemenino.com.ar\/df\/derecho-humano-a-la-comunicacion-desconcentracion-diversidad-e-inclusion\/#primaryimage"},"thumbnailUrl":"https:\/\/diariofemenino.com.ar\/df\/wp-content\/uploads\/2020\/10\/EQbTFGYXUAA6VnM.jpg","keywords":["Cynthia Ottaviano","Derecho Humano a la Comunicaci\u00f3n"],"articleSection":["Actividades","Agenda Feminista","Azul Profundo","Biblioteca Virtual"],"inLanguage":"es","potentialAction":[{"@type":"CommentAction","name":"Comment","target":["https:\/\/diariofemenino.com.ar\/df\/derecho-humano-a-la-comunicacion-desconcentracion-diversidad-e-inclusion\/#respond"]}]},{"@type":"WebPage","@id":"https:\/\/diariofemenino.com.ar\/df\/derecho-humano-a-la-comunicacion-desconcentracion-diversidad-e-inclusion\/","url":"https:\/\/diariofemenino.com.ar\/df\/derecho-humano-a-la-comunicacion-desconcentracion-diversidad-e-inclusion\/","name":"Derecho Humano a la Comunicaci\u00f3n. Desconcentraci\u00f3n, diversidad e inclusi\u00f3n - Diario Digital Femenino","isPartOf":{"@id":"https:\/\/diariofemenino.com.ar\/df\/#website"},"primaryImageOfPage":{"@id":"https:\/\/diariofemenino.com.ar\/df\/derecho-humano-a-la-comunicacion-desconcentracion-diversidad-e-inclusion\/#primaryimage"},"image":{"@id":"https:\/\/diariofemenino.com.ar\/df\/derecho-humano-a-la-comunicacion-desconcentracion-diversidad-e-inclusion\/#primaryimage"},"thumbnailUrl":"https:\/\/diariofemenino.com.ar\/df\/wp-content\/uploads\/2020\/10\/EQbTFGYXUAA6VnM.jpg","datePublished":"2020-10-11T15:24:27+00:00","dateModified":"2020-10-11T15:40:35+00:00","description":"Derecho Humano a la Comunicaci\u00f3n. Los desaf\u00edos comunicacionales del siglo XXI desde las perspectivas de las Defensor\u00edas de las Audiencias.","breadcrumb":{"@id":"https:\/\/diariofemenino.com.ar\/df\/derecho-humano-a-la-comunicacion-desconcentracion-diversidad-e-inclusion\/#breadcrumb"},"inLanguage":"es","potentialAction":[{"@type":"ReadAction","target":["https:\/\/diariofemenino.com.ar\/df\/derecho-humano-a-la-comunicacion-desconcentracion-diversidad-e-inclusion\/"]}]},{"@type":"ImageObject","inLanguage":"es","@id":"https:\/\/diariofemenino.com.ar\/df\/derecho-humano-a-la-comunicacion-desconcentracion-diversidad-e-inclusion\/#primaryimage","url":"https:\/\/diariofemenino.com.ar\/df\/wp-content\/uploads\/2020\/10\/EQbTFGYXUAA6VnM.jpg","contentUrl":"https:\/\/diariofemenino.com.ar\/df\/wp-content\/uploads\/2020\/10\/EQbTFGYXUAA6VnM.jpg","width":1024,"height":512,"caption":"Derecho Humano a la Comunicaci\u00f3n. Desconcentraci\u00f3n, diversidad e inclusi\u00f3n"},{"@type":"BreadcrumbList","@id":"https:\/\/diariofemenino.com.ar\/df\/derecho-humano-a-la-comunicacion-desconcentracion-diversidad-e-inclusion\/#breadcrumb","itemListElement":[{"@type":"ListItem","position":1,"name":"Portada","item":"https:\/\/diariofemenino.com.ar\/df\/"},{"@type":"ListItem","position":2,"name":"Derecho Humano a la Comunicaci\u00f3n. Desconcentraci\u00f3n, diversidad e inclusi\u00f3n"}]},{"@type":"WebSite","@id":"https:\/\/diariofemenino.com.ar\/df\/#website","url":"https:\/\/diariofemenino.com.ar\/df\/","name":"Diario Digital Femenino","description":"Cuesti\u00f3n de G\u00e9nero","publisher":{"@id":"https:\/\/diariofemenino.com.ar\/df\/#organization"},"potentialAction":[{"@type":"SearchAction","target":{"@type":"EntryPoint","urlTemplate":"https:\/\/diariofemenino.com.ar\/df\/?s={search_term_string}"},"query-input":{"@type":"PropertyValueSpecification","valueRequired":true,"valueName":"search_term_string"}}],"inLanguage":"es"},{"@type":"Organization","@id":"https:\/\/diariofemenino.com.ar\/df\/#organization","name":"Diario Femenino","url":"https:\/\/diariofemenino.com.ar\/df\/","logo":{"@type":"ImageObject","inLanguage":"es","@id":"https:\/\/diariofemenino.com.ar\/df\/#\/schema\/logo\/image\/","url":"https:\/\/diariofemenino.com.ar\/df\/wp-content\/uploads\/2018\/10\/logo.png","contentUrl":"https:\/\/diariofemenino.com.ar\/df\/wp-content\/uploads\/2018\/10\/logo.png","width":500,"height":92,"caption":"Diario Femenino"},"image":{"@id":"https:\/\/diariofemenino.com.ar\/df\/#\/schema\/logo\/image\/"},"sameAs":["https:\/\/www.facebook.com\/DiarioDigitaFemenino\/","https:\/\/x.com\/DiarioFemenino1"]},{"@type":"Person","@id":"https:\/\/diariofemenino.com.ar\/df\/#\/schema\/person\/bf6199e8158c657ea6f789b11ec85509","name":"Admin","image":{"@type":"ImageObject","inLanguage":"es","@id":"https:\/\/diariofemenino.com.ar\/df\/wp-content\/uploads\/2018\/12\/favicon-150x150.jpg","url":"https:\/\/diariofemenino.com.ar\/df\/wp-content\/uploads\/2018\/12\/favicon-150x150.jpg","contentUrl":"https:\/\/diariofemenino.com.ar\/df\/wp-content\/uploads\/2018\/12\/favicon-150x150.jpg","caption":"Admin"},"url":"https:\/\/diariofemenino.com.ar\/df\/author\/lenny\/"}]}},"jetpack_featured_media_url":"https:\/\/diariofemenino.com.ar\/df\/wp-content\/uploads\/2020\/10\/EQbTFGYXUAA6VnM.jpg","jetpack_sharing_enabled":true,"rttpg_featured_image_url":{"full":["https:\/\/diariofemenino.com.ar\/df\/wp-content\/uploads\/2020\/10\/EQbTFGYXUAA6VnM.jpg",1024,512,false],"landscape":["https:\/\/diariofemenino.com.ar\/df\/wp-content\/uploads\/2020\/10\/EQbTFGYXUAA6VnM.jpg",1024,512,false],"portraits":["https:\/\/diariofemenino.com.ar\/df\/wp-content\/uploads\/2020\/10\/EQbTFGYXUAA6VnM.jpg",1024,512,false],"thumbnail":["https:\/\/diariofemenino.com.ar\/df\/wp-content\/uploads\/2020\/10\/EQbTFGYXUAA6VnM-150x150.jpg",150,150,true],"medium":["https:\/\/diariofemenino.com.ar\/df\/wp-content\/uploads\/2020\/10\/EQbTFGYXUAA6VnM-300x150.jpg",300,150,true],"large":["https:\/\/diariofemenino.com.ar\/df\/wp-content\/uploads\/2020\/10\/EQbTFGYXUAA6VnM-1024x512.jpg",1024,512,true],"1536x1536":["https:\/\/diariofemenino.com.ar\/df\/wp-content\/uploads\/2020\/10\/EQbTFGYXUAA6VnM.jpg",1024,512,false],"2048x2048":["https:\/\/diariofemenino.com.ar\/df\/wp-content\/uploads\/2020\/10\/EQbTFGYXUAA6VnM.jpg",1024,512,false]},"rttpg_author":{"display_name":"Admin","author_link":"https:\/\/diariofemenino.com.ar\/df\/author\/lenny\/"},"rttpg_comment":0,"rttpg_category":"<a href=\"https:\/\/diariofemenino.com.ar\/df\/category\/actividades\/\" rel=\"category tag\">Actividades<\/a> <a href=\"https:\/\/diariofemenino.com.ar\/df\/category\/agenda-feminista\/\" rel=\"category tag\">Agenda Feminista<\/a> <a href=\"https:\/\/diariofemenino.com.ar\/df\/category\/azul-profundo\/\" rel=\"category tag\">Azul Profundo<\/a> <a href=\"https:\/\/diariofemenino.com.ar\/df\/category\/biblioteca\/\" rel=\"category tag\">Biblioteca Virtual<\/a>","rttpg_excerpt":"Derecho Humano a la Comunicaci\u00f3n. Desconcentraci\u00f3n, diversidad e inclusi\u00f3n.\u00a0Los desaf\u00edos comunicacionales del siglo XXI desde las perspectivas de las Defensor\u00edas de las Audiencias. Ya est\u00e1 a la venta el nuevo libro de Cynthia Ottaviano. Este libro contiene una investigaci\u00f3n in\u00e9dita sobre un aspecto clave de la escena contempor\u00e1nea: las amenazas comunicacionales en tiempos de Big&hellip;","_links":{"self":[{"href":"https:\/\/diariofemenino.com.ar\/df\/wp-json\/wp\/v2\/posts\/52941","targetHints":{"allow":["GET"]}}],"collection":[{"href":"https:\/\/diariofemenino.com.ar\/df\/wp-json\/wp\/v2\/posts"}],"about":[{"href":"https:\/\/diariofemenino.com.ar\/df\/wp-json\/wp\/v2\/types\/post"}],"author":[{"embeddable":true,"href":"https:\/\/diariofemenino.com.ar\/df\/wp-json\/wp\/v2\/users\/4"}],"replies":[{"embeddable":true,"href":"https:\/\/diariofemenino.com.ar\/df\/wp-json\/wp\/v2\/comments?post=52941"}],"version-history":[{"count":0,"href":"https:\/\/diariofemenino.com.ar\/df\/wp-json\/wp\/v2\/posts\/52941\/revisions"}],"wp:featuredmedia":[{"embeddable":true,"href":"https:\/\/diariofemenino.com.ar\/df\/wp-json\/wp\/v2\/media\/52945"}],"wp:attachment":[{"href":"https:\/\/diariofemenino.com.ar\/df\/wp-json\/wp\/v2\/media?parent=52941"}],"wp:term":[{"taxonomy":"category","embeddable":true,"href":"https:\/\/diariofemenino.com.ar\/df\/wp-json\/wp\/v2\/categories?post=52941"},{"taxonomy":"post_tag","embeddable":true,"href":"https:\/\/diariofemenino.com.ar\/df\/wp-json\/wp\/v2\/tags?post=52941"}],"curies":[{"name":"wp","href":"https:\/\/api.w.org\/{rel}","templated":true}]}}