{"id":52932,"date":"2020-10-11T11:52:58","date_gmt":"2020-10-11T14:52:58","guid":{"rendered":"https:\/\/diariofemenino.com.ar\/?p=52932"},"modified":"2020-10-11T11:52:58","modified_gmt":"2020-10-11T14:52:58","slug":"infancias-esa-gran-deuda-pendiente","status":"publish","type":"post","link":"https:\/\/diariofemenino.com.ar\/df\/infancias-esa-gran-deuda-pendiente\/","title":{"rendered":"Infancias, esa gran deuda pendiente"},"content":{"rendered":"<p><em>Editorial de Diario Digital Femenino<\/em><\/p>\n<p>Los datos del <a href=\"https:\/\/www.indec.gob.ar\/\">Indec<\/a> dados a conocer recientemente revelaron, una vez m\u00e1s, que las infancias fueron las m\u00e1s afectadas por la pandemia de Covid-19 y la necesidad de implementar una bater\u00eda de pol\u00edticas destinadas a este sector de la poblaci\u00f3n.<\/p>\n<p>El <a href=\"https:\/\/www.indec.gob.ar\/uploads\/informesdeprensa\/eph_pobreza_01_200703093514.pdf\">informe<\/a> publicado por el Instituto Nacional de Estad\u00edsticas y Censos advirti\u00f3 que m\u00e1s de la mitad de las personas de hasta 14 a\u00f1os de edad son pobres, con el 56,3% del total. A su vez, el mayor crecimiento con relaci\u00f3n al semestre anterior se observ\u00f3 en los grupos de personas de entre 15 a 29 a\u00f1os, con un aumento de 7,1 puntos porcentuales, en 49,6%.<\/p>\n<figure id=\"attachment_52936\" aria-describedby=\"caption-attachment-52936\" style=\"width: 621px\" class=\"wp-caption aligncenter\"><img loading=\"lazy\" decoding=\"async\" class=\"size-full wp-image-52936\" src=\"https:\/\/diariofemenino.com.ar\/df\/wp-content\/uploads\/2020\/10\/NI\u00d1EZ21.jpg\" alt=\"Infancias, esa gran deuda pendiente\" width=\"621\" height=\"388\" srcset=\"https:\/\/diariofemenino.com.ar\/df\/wp-content\/uploads\/2020\/10\/NI\u00d1EZ21.jpg 621w, https:\/\/diariofemenino.com.ar\/df\/wp-content\/uploads\/2020\/10\/NI\u00d1EZ21-300x187.jpg 300w\" sizes=\"auto, (max-width: 621px) 100vw, 621px\" \/><figcaption id=\"caption-attachment-52936\" class=\"wp-caption-text\">Infancias, esa gran deuda pendiente<\/figcaption><\/figure>\n<p>No obstante, es preciso aclarar que la situaci\u00f3n de extrema vulnerabilidad de ni\u00f1os, ni\u00f1as y adolescentes no se gener\u00f3 de un d\u00eda para otro ni es consecuencia directa de la pandemia de Covid-19. Durante los \u00faltimos cuatro a\u00f1os, el Estado nacional desfinanci\u00f3 y subejecut\u00f3 partidas presupuestarias destinadas a la ni\u00f1ez y las adolescencias.<\/p>\n<p>Incluso, en su momento defensores provinciales Juan Pablo Meaca (La Pampa), Anal\u00eda Isabel Colombo (Santa Fe), Amelia Milagros L\u00f3pez Loforte (C\u00f3rdoba), Luis Santucho (Santiago del Estero) y Miguel Angel Molina (Misiones), se mostraron alarmados ante \u00ablos recortes presupuestarios a los programas y pol\u00edticas dirigidas a ni\u00f1ez y adolescencia\u00bb y expresaron que \u00abviolan la obligaci\u00f3n -que Argentina tiene como Estado parte de la Convenci\u00f3n sobre los Derechos del Ni\u00f1o y de la Ni\u00f1a- de garantizar el principio de &#8216;inter\u00e9s superior del ni\u00f1o hasta el m\u00e1ximo de los recursos de que dispongan'\u00bb.<\/p>\n<p>\u00abEste deber, no es una cuesti\u00f3n discrecional u opcional, sino que implica la obligaci\u00f3n de implementar medidas ejecutivas, legislativas y judiciales, que fueron observadas por el Comit\u00e9 de los Derechos del Ni\u00f1as, Ni\u00f1os y Adolescentes en 2018\u00bb, manifestaron en una carta enviada a Mauricio Macri en 2019. Entre las recomendaciones que emiti\u00f3 el Comit\u00e9 se estableci\u00f3 que ni\u00f1as, ni\u00f1os y adolescentes no deben ser la variable del ajuste econ\u00f3mico. Y a\u00fan en medio de un contexto desfavorable el Estado tiene que reforzar la inversi\u00f3n en protecci\u00f3n social.<\/p>\n<p>M\u00e1s expuestos.<\/p>\n<p>La pandemia de Covid-19 oblig\u00f3 a los Estados nacionales y provinciales a adoptar medidas sanitarias y restringir la circulaci\u00f3n de la poblaci\u00f3n, con el objetivo de minimizar lo m\u00e1ximo posible la circulaci\u00f3n del virus. Sin embargo, la contracara de esto fue la exposici\u00f3n de ni\u00f1os, ni\u00f1as y adolescentes a situaciones de violencia.<\/p>\n<p>A su vez, el cierre de las escuelas cort\u00f3 una v\u00eda fundamental por la que se abordaban estas problem\u00e1ticas. Esto se vio reflejado en La Pampa durante la reuni\u00f3n del Consejo Provincial de Ni\u00f1ez y Adolescencia. \u201cEl aislamiento social, preventivo y obligatorio establecido para hacer frente a la emergencia sanitaria generada a ra\u00edz de la pandemia del Covid-19 ha generado un alto impacto en lo que refiere a la restituci\u00f3n de NNyA\u201d, inform\u00f3 el Ministerio de Desarrollo Social.<\/p>\n<p>Esto impact\u00f3 en la \u201cvisibilizaci\u00f3n y denuncia de situaci\u00f3n de vulneraci\u00f3n de derechos\u201d, principalmente por \u201cla interrupci\u00f3n de la presencialidad en las escuelas, siendo este un actor clave en la denuncia y canalizaci\u00f3n de situaciones de vulneraci\u00f3n de derechos\u201d.<\/p>\n<p>\u201cEsta situaci\u00f3n ha recrudecido la estad\u00edstica sobre las Medidas de Protecci\u00f3n Excepcionales que se toman a ra\u00edz de la vulneraci\u00f3n y\/o violaci\u00f3n grave de derechos\u201d, se\u00f1alaron y precisaron que en lo que va de la cuarentena \u201cse han tomado 28 medidas de car\u00e1cter excepcional (Datos SIINyA de Marzo\/Agosto 2020), esto quiere decir que ha sido necesario separar transitoriamente a ni\u00f1os y ni\u00f1as de su grupo familiar a partir de situaciones de maltrato, abuso, negligencia, conflictivas familiares graves que impiden la continuidad de la convivencia. Esto representa un 54 % del total de Medidas Excepcionales adoptadas en todo el a\u00f1o 2019\u201d.<\/p>\n<p>Un esfuerzo mayor.<\/p>\n<p>Los datos, tanto a nivel nacional como provincial, muestran una realidad que no se puede desatender bajo ning\u00fan punto de vista. Por estos motivos, es necesario reforzar las partidas presupuestarias y el recurso humano para evitar que una mayor cantidad de ni\u00f1os, ni\u00f1as y adolescentes culminen en esta situaci\u00f3n.<\/p>\n<p>Tambi\u00e9n es necesario el compromiso de los tres poderes del Estado, principalmente del Poder Judicial que en m\u00e1s de una situaci\u00f3n ha fallado desconociendo los derechos de ni\u00f1as, ni\u00f1os y adolescentes.<\/p>\n<p>A su vez, aun existiendo un posicionamiento estatal y de todos los colectivos profesionales que intervienen en el abordaje, la Justicia sigue aplicando de manera directa o solapada el falso e inexistente S\u00edndrome Alineaci\u00f3n Parental (<a href=\"https:\/\/diariofemenino.com.ar\/abuso-sexual-contra-las-infancias\/\">SAP<\/a>), lo que se utiliza como un castigo para la ni\u00f1ez, la adolescencia y las mujeres.<\/p>\n<p>&nbsp;<\/p>\n<p><a href=\"https:\/\/diariofemenino.com.ar\/\">DDF<\/a><\/p>\n","protected":false},"excerpt":{"rendered":"<p>Editorial de Diario Digital Femenino Los datos del Indec dados a conocer recientemente revelaron, una vez m\u00e1s, que las infancias fueron las m\u00e1s afectadas por la pandemia de Covid-19 y la necesidad de implementar una bater\u00eda de pol\u00edticas destinadas a este sector de la poblaci\u00f3n. El informe publicado por el Instituto Nacional de Estad\u00edsticas y [&hellip;]<\/p>\n","protected":false},"author":4,"featured_media":52933,"comment_status":"open","ping_status":"open","sticky":false,"template":"","format":"standard","meta":{"iawp_total_views":4,"footnotes":""},"categories":[581,4,21],"tags":[414,3328],"class_list":["post-52932","post","type-post","status-publish","format-standard","has-post-thumbnail","hentry","category-azul-profundo","category-medios","category-noticias","tag-diario-digital-femenino","tag-editorial"],"nelio_content":{"autoShareEndMode":"never","automationSources":{"useCustomSentences":false,"customSentences":[]},"efiAlt":"","efiUrl":"","followers":[4],"highlights":[],"isAutoShareEnabled":true,"networkImageIds":[],"permalinkQueryArgs":[],"series":[],"suggestedReferences":[]},"yoast_head":"<!-- This site is optimized with the Yoast SEO plugin v27.5 - https:\/\/yoast.com\/product\/yoast-seo-wordpress\/ -->\n<title>Infancias, esa gran deuda pendiente - Diario Digital Femenino<\/title>\n<meta name=\"description\" content=\"Infancias. Hay una deuda pendiente y al parecer eterna de los tres Poderes del Esatdo y de la sociedad en general. Pasan sin ver.\" \/>\n<meta name=\"robots\" content=\"index, follow, max-snippet:-1, max-image-preview:large, max-video-preview:-1\" \/>\n<link rel=\"canonical\" href=\"https:\/\/diariofemenino.com.ar\/df\/infancias-esa-gran-deuda-pendiente\/\" \/>\n<meta property=\"og:locale\" content=\"es_ES\" \/>\n<meta property=\"og:type\" content=\"article\" \/>\n<meta property=\"og:title\" content=\"Infancias, esa gran deuda pendiente - Diario Digital Femenino\" \/>\n<meta property=\"og:description\" content=\"Infancias. Hay una deuda pendiente y al parecer eterna de los tres Poderes del Esatdo y de la sociedad en general. Pasan sin ver.\" \/>\n<meta property=\"og:url\" content=\"https:\/\/diariofemenino.com.ar\/df\/infancias-esa-gran-deuda-pendiente\/\" \/>\n<meta property=\"og:site_name\" content=\"Diario Digital Femenino\" \/>\n<meta property=\"article:publisher\" content=\"https:\/\/www.facebook.com\/DiarioDigitaFemenino\/\" \/>\n<meta property=\"article:published_time\" content=\"2020-10-11T14:52:58+00:00\" \/>\n<meta property=\"og:image\" content=\"https:\/\/diariofemenino.com.ar\/df\/wp-content\/uploads\/2020\/10\/NI\u00d1EZ.jpg\" \/>\n\t<meta property=\"og:image:width\" content=\"1500\" \/>\n\t<meta property=\"og:image:height\" content=\"843\" \/>\n\t<meta property=\"og:image:type\" content=\"image\/jpeg\" \/>\n<meta name=\"author\" content=\"Admin\" \/>\n<meta name=\"twitter:card\" content=\"summary_large_image\" \/>\n<meta name=\"twitter:creator\" content=\"@DiarioFemenino1\" \/>\n<meta name=\"twitter:site\" content=\"@DiarioFemenino1\" \/>\n<meta name=\"twitter:label1\" content=\"Escrito por\" \/>\n\t<meta name=\"twitter:data1\" content=\"Admin\" \/>\n\t<meta name=\"twitter:label2\" content=\"Tiempo de lectura\" \/>\n\t<meta name=\"twitter:data2\" content=\"4 minutos\" \/>\n<script type=\"application\/ld+json\" class=\"yoast-schema-graph\">{\"@context\":\"https:\\\/\\\/schema.org\",\"@graph\":[{\"@type\":\"Article\",\"@id\":\"https:\\\/\\\/diariofemenino.com.ar\\\/df\\\/infancias-esa-gran-deuda-pendiente\\\/#article\",\"isPartOf\":{\"@id\":\"https:\\\/\\\/diariofemenino.com.ar\\\/df\\\/infancias-esa-gran-deuda-pendiente\\\/\"},\"author\":{\"name\":\"Admin\",\"@id\":\"https:\\\/\\\/diariofemenino.com.ar\\\/df\\\/#\\\/schema\\\/person\\\/bf6199e8158c657ea6f789b11ec85509\"},\"headline\":\"Infancias, esa gran deuda pendiente\",\"datePublished\":\"2020-10-11T14:52:58+00:00\",\"mainEntityOfPage\":{\"@id\":\"https:\\\/\\\/diariofemenino.com.ar\\\/df\\\/infancias-esa-gran-deuda-pendiente\\\/\"},\"wordCount\":835,\"commentCount\":0,\"publisher\":{\"@id\":\"https:\\\/\\\/diariofemenino.com.ar\\\/df\\\/#organization\"},\"image\":{\"@id\":\"https:\\\/\\\/diariofemenino.com.ar\\\/df\\\/infancias-esa-gran-deuda-pendiente\\\/#primaryimage\"},\"thumbnailUrl\":\"https:\\\/\\\/diariofemenino.com.ar\\\/df\\\/wp-content\\\/uploads\\\/2020\\\/10\\\/NI\u00d1EZ.jpg\",\"keywords\":[\"Diario Digital Femenino\",\"Editorial\"],\"articleSection\":[\"Azul Profundo\",\"Medios\",\"Noticias\"],\"inLanguage\":\"es\",\"potentialAction\":[{\"@type\":\"CommentAction\",\"name\":\"Comment\",\"target\":[\"https:\\\/\\\/diariofemenino.com.ar\\\/df\\\/infancias-esa-gran-deuda-pendiente\\\/#respond\"]}]},{\"@type\":\"WebPage\",\"@id\":\"https:\\\/\\\/diariofemenino.com.ar\\\/df\\\/infancias-esa-gran-deuda-pendiente\\\/\",\"url\":\"https:\\\/\\\/diariofemenino.com.ar\\\/df\\\/infancias-esa-gran-deuda-pendiente\\\/\",\"name\":\"Infancias, esa gran deuda pendiente - Diario Digital Femenino\",\"isPartOf\":{\"@id\":\"https:\\\/\\\/diariofemenino.com.ar\\\/df\\\/#website\"},\"primaryImageOfPage\":{\"@id\":\"https:\\\/\\\/diariofemenino.com.ar\\\/df\\\/infancias-esa-gran-deuda-pendiente\\\/#primaryimage\"},\"image\":{\"@id\":\"https:\\\/\\\/diariofemenino.com.ar\\\/df\\\/infancias-esa-gran-deuda-pendiente\\\/#primaryimage\"},\"thumbnailUrl\":\"https:\\\/\\\/diariofemenino.com.ar\\\/df\\\/wp-content\\\/uploads\\\/2020\\\/10\\\/NI\u00d1EZ.jpg\",\"datePublished\":\"2020-10-11T14:52:58+00:00\",\"description\":\"Infancias. Hay una deuda pendiente y al parecer eterna de los tres Poderes del Esatdo y de la sociedad en general. Pasan sin ver.\",\"breadcrumb\":{\"@id\":\"https:\\\/\\\/diariofemenino.com.ar\\\/df\\\/infancias-esa-gran-deuda-pendiente\\\/#breadcrumb\"},\"inLanguage\":\"es\",\"potentialAction\":[{\"@type\":\"ReadAction\",\"target\":[\"https:\\\/\\\/diariofemenino.com.ar\\\/df\\\/infancias-esa-gran-deuda-pendiente\\\/\"]}]},{\"@type\":\"ImageObject\",\"inLanguage\":\"es\",\"@id\":\"https:\\\/\\\/diariofemenino.com.ar\\\/df\\\/infancias-esa-gran-deuda-pendiente\\\/#primaryimage\",\"url\":\"https:\\\/\\\/diariofemenino.com.ar\\\/df\\\/wp-content\\\/uploads\\\/2020\\\/10\\\/NI\u00d1EZ.jpg\",\"contentUrl\":\"https:\\\/\\\/diariofemenino.com.ar\\\/df\\\/wp-content\\\/uploads\\\/2020\\\/10\\\/NI\u00d1EZ.jpg\",\"width\":1500,\"height\":843,\"caption\":\"Infancias, esa gran deuda pendiente\"},{\"@type\":\"BreadcrumbList\",\"@id\":\"https:\\\/\\\/diariofemenino.com.ar\\\/df\\\/infancias-esa-gran-deuda-pendiente\\\/#breadcrumb\",\"itemListElement\":[{\"@type\":\"ListItem\",\"position\":1,\"name\":\"Portada\",\"item\":\"https:\\\/\\\/diariofemenino.com.ar\\\/df\\\/\"},{\"@type\":\"ListItem\",\"position\":2,\"name\":\"Infancias, esa gran deuda pendiente\"}]},{\"@type\":\"WebSite\",\"@id\":\"https:\\\/\\\/diariofemenino.com.ar\\\/df\\\/#website\",\"url\":\"https:\\\/\\\/diariofemenino.com.ar\\\/df\\\/\",\"name\":\"Diario Digital Femenino\",\"description\":\"Cuesti\u00f3n de G\u00e9nero\",\"publisher\":{\"@id\":\"https:\\\/\\\/diariofemenino.com.ar\\\/df\\\/#organization\"},\"potentialAction\":[{\"@type\":\"SearchAction\",\"target\":{\"@type\":\"EntryPoint\",\"urlTemplate\":\"https:\\\/\\\/diariofemenino.com.ar\\\/df\\\/?s={search_term_string}\"},\"query-input\":{\"@type\":\"PropertyValueSpecification\",\"valueRequired\":true,\"valueName\":\"search_term_string\"}}],\"inLanguage\":\"es\"},{\"@type\":\"Organization\",\"@id\":\"https:\\\/\\\/diariofemenino.com.ar\\\/df\\\/#organization\",\"name\":\"Diario Femenino\",\"url\":\"https:\\\/\\\/diariofemenino.com.ar\\\/df\\\/\",\"logo\":{\"@type\":\"ImageObject\",\"inLanguage\":\"es\",\"@id\":\"https:\\\/\\\/diariofemenino.com.ar\\\/df\\\/#\\\/schema\\\/logo\\\/image\\\/\",\"url\":\"https:\\\/\\\/diariofemenino.com.ar\\\/df\\\/wp-content\\\/uploads\\\/2018\\\/10\\\/logo.png\",\"contentUrl\":\"https:\\\/\\\/diariofemenino.com.ar\\\/df\\\/wp-content\\\/uploads\\\/2018\\\/10\\\/logo.png\",\"width\":500,\"height\":92,\"caption\":\"Diario Femenino\"},\"image\":{\"@id\":\"https:\\\/\\\/diariofemenino.com.ar\\\/df\\\/#\\\/schema\\\/logo\\\/image\\\/\"},\"sameAs\":[\"https:\\\/\\\/www.facebook.com\\\/DiarioDigitaFemenino\\\/\",\"https:\\\/\\\/x.com\\\/DiarioFemenino1\"]},{\"@type\":\"Person\",\"@id\":\"https:\\\/\\\/diariofemenino.com.ar\\\/df\\\/#\\\/schema\\\/person\\\/bf6199e8158c657ea6f789b11ec85509\",\"name\":\"Admin\",\"image\":{\"@type\":\"ImageObject\",\"inLanguage\":\"es\",\"@id\":\"https:\\\/\\\/diariofemenino.com.ar\\\/df\\\/wp-content\\\/uploads\\\/2018\\\/12\\\/favicon-150x150.jpg\",\"url\":\"https:\\\/\\\/diariofemenino.com.ar\\\/df\\\/wp-content\\\/uploads\\\/2018\\\/12\\\/favicon-150x150.jpg\",\"contentUrl\":\"https:\\\/\\\/diariofemenino.com.ar\\\/df\\\/wp-content\\\/uploads\\\/2018\\\/12\\\/favicon-150x150.jpg\",\"caption\":\"Admin\"},\"url\":\"https:\\\/\\\/diariofemenino.com.ar\\\/df\\\/author\\\/lenny\\\/\"}]}<\/script>\n<!-- \/ Yoast SEO plugin. -->","yoast_head_json":{"title":"Infancias, esa gran deuda pendiente - Diario Digital Femenino","description":"Infancias. Hay una deuda pendiente y al parecer eterna de los tres Poderes del Esatdo y de la sociedad en general. Pasan sin ver.","robots":{"index":"index","follow":"follow","max-snippet":"max-snippet:-1","max-image-preview":"max-image-preview:large","max-video-preview":"max-video-preview:-1"},"canonical":"https:\/\/diariofemenino.com.ar\/df\/infancias-esa-gran-deuda-pendiente\/","og_locale":"es_ES","og_type":"article","og_title":"Infancias, esa gran deuda pendiente - Diario Digital Femenino","og_description":"Infancias. Hay una deuda pendiente y al parecer eterna de los tres Poderes del Esatdo y de la sociedad en general. Pasan sin ver.","og_url":"https:\/\/diariofemenino.com.ar\/df\/infancias-esa-gran-deuda-pendiente\/","og_site_name":"Diario Digital Femenino","article_publisher":"https:\/\/www.facebook.com\/DiarioDigitaFemenino\/","article_published_time":"2020-10-11T14:52:58+00:00","og_image":[{"width":1500,"height":843,"url":"https:\/\/diariofemenino.com.ar\/df\/wp-content\/uploads\/2020\/10\/NI\u00d1EZ.jpg","type":"image\/jpeg"}],"author":"Admin","twitter_card":"summary_large_image","twitter_creator":"@DiarioFemenino1","twitter_site":"@DiarioFemenino1","twitter_misc":{"Escrito por":"Admin","Tiempo de lectura":"4 minutos"},"schema":{"@context":"https:\/\/schema.org","@graph":[{"@type":"Article","@id":"https:\/\/diariofemenino.com.ar\/df\/infancias-esa-gran-deuda-pendiente\/#article","isPartOf":{"@id":"https:\/\/diariofemenino.com.ar\/df\/infancias-esa-gran-deuda-pendiente\/"},"author":{"name":"Admin","@id":"https:\/\/diariofemenino.com.ar\/df\/#\/schema\/person\/bf6199e8158c657ea6f789b11ec85509"},"headline":"Infancias, esa gran deuda pendiente","datePublished":"2020-10-11T14:52:58+00:00","mainEntityOfPage":{"@id":"https:\/\/diariofemenino.com.ar\/df\/infancias-esa-gran-deuda-pendiente\/"},"wordCount":835,"commentCount":0,"publisher":{"@id":"https:\/\/diariofemenino.com.ar\/df\/#organization"},"image":{"@id":"https:\/\/diariofemenino.com.ar\/df\/infancias-esa-gran-deuda-pendiente\/#primaryimage"},"thumbnailUrl":"https:\/\/diariofemenino.com.ar\/df\/wp-content\/uploads\/2020\/10\/NI\u00d1EZ.jpg","keywords":["Diario Digital Femenino","Editorial"],"articleSection":["Azul Profundo","Medios","Noticias"],"inLanguage":"es","potentialAction":[{"@type":"CommentAction","name":"Comment","target":["https:\/\/diariofemenino.com.ar\/df\/infancias-esa-gran-deuda-pendiente\/#respond"]}]},{"@type":"WebPage","@id":"https:\/\/diariofemenino.com.ar\/df\/infancias-esa-gran-deuda-pendiente\/","url":"https:\/\/diariofemenino.com.ar\/df\/infancias-esa-gran-deuda-pendiente\/","name":"Infancias, esa gran deuda pendiente - Diario Digital Femenino","isPartOf":{"@id":"https:\/\/diariofemenino.com.ar\/df\/#website"},"primaryImageOfPage":{"@id":"https:\/\/diariofemenino.com.ar\/df\/infancias-esa-gran-deuda-pendiente\/#primaryimage"},"image":{"@id":"https:\/\/diariofemenino.com.ar\/df\/infancias-esa-gran-deuda-pendiente\/#primaryimage"},"thumbnailUrl":"https:\/\/diariofemenino.com.ar\/df\/wp-content\/uploads\/2020\/10\/NI\u00d1EZ.jpg","datePublished":"2020-10-11T14:52:58+00:00","description":"Infancias. Hay una deuda pendiente y al parecer eterna de los tres Poderes del Esatdo y de la sociedad en general. Pasan sin ver.","breadcrumb":{"@id":"https:\/\/diariofemenino.com.ar\/df\/infancias-esa-gran-deuda-pendiente\/#breadcrumb"},"inLanguage":"es","potentialAction":[{"@type":"ReadAction","target":["https:\/\/diariofemenino.com.ar\/df\/infancias-esa-gran-deuda-pendiente\/"]}]},{"@type":"ImageObject","inLanguage":"es","@id":"https:\/\/diariofemenino.com.ar\/df\/infancias-esa-gran-deuda-pendiente\/#primaryimage","url":"https:\/\/diariofemenino.com.ar\/df\/wp-content\/uploads\/2020\/10\/NI\u00d1EZ.jpg","contentUrl":"https:\/\/diariofemenino.com.ar\/df\/wp-content\/uploads\/2020\/10\/NI\u00d1EZ.jpg","width":1500,"height":843,"caption":"Infancias, esa gran deuda pendiente"},{"@type":"BreadcrumbList","@id":"https:\/\/diariofemenino.com.ar\/df\/infancias-esa-gran-deuda-pendiente\/#breadcrumb","itemListElement":[{"@type":"ListItem","position":1,"name":"Portada","item":"https:\/\/diariofemenino.com.ar\/df\/"},{"@type":"ListItem","position":2,"name":"Infancias, esa gran deuda pendiente"}]},{"@type":"WebSite","@id":"https:\/\/diariofemenino.com.ar\/df\/#website","url":"https:\/\/diariofemenino.com.ar\/df\/","name":"Diario Digital Femenino","description":"Cuesti\u00f3n de G\u00e9nero","publisher":{"@id":"https:\/\/diariofemenino.com.ar\/df\/#organization"},"potentialAction":[{"@type":"SearchAction","target":{"@type":"EntryPoint","urlTemplate":"https:\/\/diariofemenino.com.ar\/df\/?s={search_term_string}"},"query-input":{"@type":"PropertyValueSpecification","valueRequired":true,"valueName":"search_term_string"}}],"inLanguage":"es"},{"@type":"Organization","@id":"https:\/\/diariofemenino.com.ar\/df\/#organization","name":"Diario Femenino","url":"https:\/\/diariofemenino.com.ar\/df\/","logo":{"@type":"ImageObject","inLanguage":"es","@id":"https:\/\/diariofemenino.com.ar\/df\/#\/schema\/logo\/image\/","url":"https:\/\/diariofemenino.com.ar\/df\/wp-content\/uploads\/2018\/10\/logo.png","contentUrl":"https:\/\/diariofemenino.com.ar\/df\/wp-content\/uploads\/2018\/10\/logo.png","width":500,"height":92,"caption":"Diario Femenino"},"image":{"@id":"https:\/\/diariofemenino.com.ar\/df\/#\/schema\/logo\/image\/"},"sameAs":["https:\/\/www.facebook.com\/DiarioDigitaFemenino\/","https:\/\/x.com\/DiarioFemenino1"]},{"@type":"Person","@id":"https:\/\/diariofemenino.com.ar\/df\/#\/schema\/person\/bf6199e8158c657ea6f789b11ec85509","name":"Admin","image":{"@type":"ImageObject","inLanguage":"es","@id":"https:\/\/diariofemenino.com.ar\/df\/wp-content\/uploads\/2018\/12\/favicon-150x150.jpg","url":"https:\/\/diariofemenino.com.ar\/df\/wp-content\/uploads\/2018\/12\/favicon-150x150.jpg","contentUrl":"https:\/\/diariofemenino.com.ar\/df\/wp-content\/uploads\/2018\/12\/favicon-150x150.jpg","caption":"Admin"},"url":"https:\/\/diariofemenino.com.ar\/df\/author\/lenny\/"}]}},"jetpack_featured_media_url":"https:\/\/diariofemenino.com.ar\/df\/wp-content\/uploads\/2020\/10\/NI\u00d1EZ.jpg","jetpack_sharing_enabled":true,"rttpg_featured_image_url":{"full":["https:\/\/diariofemenino.com.ar\/df\/wp-content\/uploads\/2020\/10\/NI\u00d1EZ.jpg",1500,843,false],"landscape":["https:\/\/diariofemenino.com.ar\/df\/wp-content\/uploads\/2020\/10\/NI\u00d1EZ.jpg",1500,843,false],"portraits":["https:\/\/diariofemenino.com.ar\/df\/wp-content\/uploads\/2020\/10\/NI\u00d1EZ.jpg",1500,843,false],"thumbnail":["https:\/\/diariofemenino.com.ar\/df\/wp-content\/uploads\/2020\/10\/NI\u00d1EZ-150x150.jpg",150,150,true],"medium":["https:\/\/diariofemenino.com.ar\/df\/wp-content\/uploads\/2020\/10\/NI\u00d1EZ-300x169.jpg",300,169,true],"large":["https:\/\/diariofemenino.com.ar\/df\/wp-content\/uploads\/2020\/10\/NI\u00d1EZ-1024x575.jpg",1024,575,true],"1536x1536":["https:\/\/diariofemenino.com.ar\/df\/wp-content\/uploads\/2020\/10\/NI\u00d1EZ.jpg",1500,843,false],"2048x2048":["https:\/\/diariofemenino.com.ar\/df\/wp-content\/uploads\/2020\/10\/NI\u00d1EZ.jpg",1500,843,false]},"rttpg_author":{"display_name":"Admin","author_link":"https:\/\/diariofemenino.com.ar\/df\/author\/lenny\/"},"rttpg_comment":0,"rttpg_category":"<a href=\"https:\/\/diariofemenino.com.ar\/df\/category\/azul-profundo\/\" rel=\"category tag\">Azul Profundo<\/a> <a href=\"https:\/\/diariofemenino.com.ar\/df\/category\/medios\/\" rel=\"category tag\">Medios<\/a> <a href=\"https:\/\/diariofemenino.com.ar\/df\/category\/noticias\/\" rel=\"category tag\">Noticias<\/a>","rttpg_excerpt":"Editorial de Diario Digital Femenino Los datos del Indec dados a conocer recientemente revelaron, una vez m\u00e1s, que las infancias fueron las m\u00e1s afectadas por la pandemia de Covid-19 y la necesidad de implementar una bater\u00eda de pol\u00edticas destinadas a este sector de la poblaci\u00f3n. El informe publicado por el Instituto Nacional de Estad\u00edsticas y&hellip;","_links":{"self":[{"href":"https:\/\/diariofemenino.com.ar\/df\/wp-json\/wp\/v2\/posts\/52932","targetHints":{"allow":["GET"]}}],"collection":[{"href":"https:\/\/diariofemenino.com.ar\/df\/wp-json\/wp\/v2\/posts"}],"about":[{"href":"https:\/\/diariofemenino.com.ar\/df\/wp-json\/wp\/v2\/types\/post"}],"author":[{"embeddable":true,"href":"https:\/\/diariofemenino.com.ar\/df\/wp-json\/wp\/v2\/users\/4"}],"replies":[{"embeddable":true,"href":"https:\/\/diariofemenino.com.ar\/df\/wp-json\/wp\/v2\/comments?post=52932"}],"version-history":[{"count":0,"href":"https:\/\/diariofemenino.com.ar\/df\/wp-json\/wp\/v2\/posts\/52932\/revisions"}],"wp:featuredmedia":[{"embeddable":true,"href":"https:\/\/diariofemenino.com.ar\/df\/wp-json\/wp\/v2\/media\/52933"}],"wp:attachment":[{"href":"https:\/\/diariofemenino.com.ar\/df\/wp-json\/wp\/v2\/media?parent=52932"}],"wp:term":[{"taxonomy":"category","embeddable":true,"href":"https:\/\/diariofemenino.com.ar\/df\/wp-json\/wp\/v2\/categories?post=52932"},{"taxonomy":"post_tag","embeddable":true,"href":"https:\/\/diariofemenino.com.ar\/df\/wp-json\/wp\/v2\/tags?post=52932"}],"curies":[{"name":"wp","href":"https:\/\/api.w.org\/{rel}","templated":true}]}}