{"id":52927,"date":"2020-10-10T21:21:50","date_gmt":"2020-10-11T00:21:50","guid":{"rendered":"https:\/\/diariofemenino.com.ar\/?p=52927"},"modified":"2020-10-10T21:21:50","modified_gmt":"2020-10-11T00:21:50","slug":"no-hay-quino-sin-alicia","status":"publish","type":"post","link":"https:\/\/diariofemenino.com.ar\/df\/no-hay-quino-sin-alicia\/","title":{"rendered":"\u00abNo hay Quino sin Alicia\u00bb"},"content":{"rendered":"<p class=\"article-prefix\"><strong>La historia desconocida de Alicia Colombo, la esposa de Quino<\/strong><\/p>\n<p>Qui\u00e9n fue la mujer que se puso a la par del creador de Mafalda para que su obra tuviera dimensi\u00f3n universal. Muri\u00f3 en 2017. Aqu\u00ed, los recuerdos de sus familiares.<\/p>\n<div class=\"article-author\">Por\u00a0<a href=\"https:\/\/www.pagina12.com.ar\/autores\/887-mariana-carbajal\">Mariana Carbajal<\/a><\/div>\n<p>Alicia Colombo,\u00a0<b>la esposa Quino<\/b>, fue pieza clave para que el\u00a0<b>genial historietista Joaqu\u00edn Salvador Lavado<\/b>\u00a0lograra fama mundial, aunque poco se conoce sobre ella. Era doctora en Qu\u00edmica, trabajaba en la Comisi\u00f3n Nacional de Energ\u00eda At\u00f3mica pero hacia fines de la d\u00e9cada del \u201960 decidi\u00f3 renunciar a su puesto y dejar su profesi\u00f3n para dedicarse a difundir la obra del humorista m\u00e1s all\u00e1 de las fronteras de Argentina y situarlo como autor internacional. Adem\u00e1s, se ocup\u00f3 de que pudiera concentrarse exclusivamente en sus dibujos.\u00a0<b>Cultora del perfil bajo &#8211;no le gustaba que le sacaran fotos&#8211;, con una visi\u00f3n estrat\u00e9gica manej\u00f3 los contratos<\/b>\u00a0con medios y editoriales y cuid\u00f3 sus derechos de autor. Fue su representante hasta 2003, cuando le cedi\u00f3 la posta a su sobrina Julieta Colombo, que ya colaboraba con ella.\u00a0<b>\u201cNo hay Quino sin Alicia<\/b>\u201d, dice Rep, quien conoci\u00f3 al matrimonio de cerca.<\/p>\n<p>\u00bfQu\u00e9 rol desempe\u00f1\u00f3 Alicia? Julieta responde, pero antes, consulta con los sobrinos de Quino, entre ellos el\u00a0<b>\u201cGuille\u201d Lavado<\/b>, que inspir\u00f3 el personaje del hermano de\u00a0<b>Mafalda<\/b>\u00a0en la ic\u00f3nica tira. La inquietud de esta cronista se convierte en debate familiar.\u00a0<b>Aunque la propia Alicia no hubiera estado de acuerdo\u00a0<\/b>&#8211;aclara Julieta&#8211; aceptan hablar de ella porque\u00a0<b>consideran que es un justo reconocimiento<\/b>. Con sus voces se teje esta trama, poco contada, sobre la mujer al lado de uno de los m\u00e1s famosos dibujantes argentinos, fallecido el 30 de septiembre.<\/p>\n<p>En algunas fotos &#8211;las pocas que encuentra su sobrina en el archivo familiar&#8211;, se ve a Alicia con su cabello oscuro, entrecano, sin maquillaje, acurrucada en los brazos de Quino. \u201cEra una persona muy aguda, muy inteligente, de un car\u00e1cter muy jodido\u201d, la describe Guillermo Lavado, que es flautista de la Orquesta Sinf\u00f3nica de Chile y vive en Santiago hace 29 a\u00f1os. Los Quino &#8211;como sus afectos llamaban a la pareja&#8211; ten\u00edan una relaci\u00f3n estrecha con los hijos de los hermanos del dibujante. Tal vez porque no tuvieron hijos, ese v\u00ednculo familiar fue m\u00e1s cercano.<\/p>\n<p>Alicia y Quino se conocieron a trav\u00e9s de un primo de \u00e9l, Jorge Tej\u00f3n, ex esposo de una prima de ella. Se hicieron amigos r\u00e1pidamente. Compart\u00edan los mismos intereses, la m\u00fasica, el cine, la literatura. Nieta de un genov\u00e9s, hija \u00fanica, ella era porte\u00f1a. Hijo de un matrimonio espa\u00f1ol, de inmigrantes de Andaluc\u00eda, \u00e9l era mendocino, el menor de tres hermanos. La amistad entre ambos dur\u00f3 unos seis a\u00f1os: \u201cNo se nos ocurri\u00f3 que pod\u00edamos terminar juntos\u201d, comentaba \u00e9l con cierto humor en una entrevista en el diario\u00a0<i>El Pa\u00eds<\/i>, de Espa\u00f1a, con motivo del Premio Pr\u00edncipe de Asturias, que recibi\u00f3 en 2014.<\/p>\n<p><b>Se casaron en 1960: Quino ten\u00eda 27 y Alicia, 28.<\/b>\u00a0Se fueron a vivir una temporada con los padres de ella &#8211;el padre de Alicia era farmac\u00e9utico&#8211; hasta que se pudieron alquilar un departamento en la ciudad de Buenos Aires. Despu\u00e9s, tras el golpe de Estado en Argentina, vivieron en varias ciudades de Europa. Nunca se separaron hasta la muerte de ella en 2017.\u00a0<b>Estuvieron 57 a\u00f1os casados.<\/b><\/p>\n<p><b>Quino le dec\u00eda \u201cMonito\u201d<\/b>\u00a0o \u201cAlicita\u201d. Se complementaban. \u00c9l era introvertido, reservado, t\u00edmido. Ella, una gran conversadora. Iban al cine, en algunas oportunidades hasta dos veces al d\u00eda &#8211;mientras su vitalidad se los permiti\u00f3&#8211;, tuvieron abonos en el Teatro Col\u00f3n, en la \u00d3pera de Par\u00eds, en la Scala de Mil\u00e1n: les encantaba escuchar m\u00fasica cl\u00e1sica, sinf\u00f3nica, de c\u00e1mara. Alicia sol\u00eda organizar cenas con amigos, a quienes seleccionaba meticulosamente, gente de la cultura, interesante, y se encargaba de preparar la comida, decorar la mesa, elegir los lugares para cada comensal. Las sobremesas eran prolongadas. Cuando ya no quedaban invitados,\u00a0<b>pod\u00edan quedarse ellos dos entretenidos en tertulias hasta la madrugada<\/b>\u00a0mientras saboreaban una copa de vino tinto, un trago de pisco o de alg\u00fan licor.<\/p>\n<p><strong>Una gran estratega<\/strong><\/p>\n<p>Mafalda se public\u00f3 por primera vez en 1964 en la revista\u00a0<i>Primera Plana<\/i>. Quino ya era un reconocido humorista. La tira hab\u00eda nacido &#8211;como se sabe&#8211; por encargo para una campa\u00f1a publicitaria de electrodom\u00e9sticos pero nunca lleg\u00f3 a salir como tal. El \u00e9xito lleg\u00f3 cuando el personaje ten\u00eda un a\u00f1o, en 1965. Quino se hab\u00eda ido de\u00a0<i>Primera Plana<\/i>\u00a0y publicaba en el diario\u00a0<i>El Mundo<\/i>, por entonces uno de los de m\u00e1s circulaci\u00f3n.\u00a0<b>En 1966 sali\u00f3 su primera recopilaci\u00f3n en libro<\/b>, por la Editorial Jorge \u00c1lvarez.\u201cHab\u00eda un editor italiano que me escrib\u00eda y quer\u00eda editar Mafalda, pero yo no contestaba sus cartas\u201d, explic\u00f3 el propio Quino en un homenaje en Buenos Aires hace unos a\u00f1os.\u00a0<b>\u201cEntonces Alicia le contest\u00f3, y as\u00ed empez\u00f3 todo\u201d<\/b>. Ese todo es la llegada de Mafalda &#8211;y Quino&#8211; a otros mercados. En su libro\u00a0<i>Mafalda: historia social y pol\u00edtica<\/i>\u00a0(FCE, 2014), la historiadora y profesora en la UNSaM Isabella Cosse describe el periplo de la creaci\u00f3n m\u00e1s importante de Quino: \u201cLa historieta, r\u00e1pidamente, trascendi\u00f3 las fronteras. En 1969, una compilaci\u00f3n, prologada por Umberto Eco, cautiv\u00f3 al p\u00fablico italiano. En 1970 sucedi\u00f3 lo mismo en Espa\u00f1a y luego, en 1972, fue publicada en Alemania, Francia, Finlandia y Portugal. En ese momento, ya se hab\u00eda comenzado a distribuir en toda Am\u00e9rica Latina. En 1973 se conoci\u00f3 la adaptaci\u00f3n para la televisi\u00f3n. En M\u00e9xico, en 1975, comenz\u00f3 a publicarse en el diario\u00a0<i>Exc\u00e9lsior\u00a0<\/i>y luego se editaron colecciones completas que se distribuyeron en las grandes tiendas Sanborns. En los a\u00f1os noventa, una producci\u00f3n cubana llev\u00f3 al cine una animaci\u00f3n de la tira y se realizaron exposiciones sobre Mafalda en Argentina, Espa\u00f1a e Italia. Hasta la actualidad ha sido traducida a cerca de 20 idiomas, siguen agot\u00e1ndose sus ediciones y penetrando en nuevos mercados y p\u00fablicos que incluyen China, Corea e Indonesia. Hoy tambi\u00e9n est\u00e1 disponible para Kindle e iPad, y tiene cuenta oficial de Instagram y Twitter\u201d. Detr\u00e1s de todo ese despliegue estuvo Alicia: se ocup\u00f3 de ofrecer los trabajos de Quino en peri\u00f3dicos de Latinoam\u00e9rica y arm\u00f3 personalmente cada contrato.<\/p>\n<p>Quino dibuj\u00f3 a Mafalda durante 9 a\u00f1os hasta 1973. Dos a\u00f1os despu\u00e9s, con la llegada de la \u00faltima dictadura militar, el matrimonio se exili\u00f3 en Mil\u00e1n, Italia. El sigui\u00f3 con su trabajo en el exterior. Y a su lado, siempre estuvo Alicia, ocup\u00e1ndose de todo para que \u00e9l pudiera dibujar. En el a\u00f1o \u201981 empezaron a volver a la Argentina y lo hicieron m\u00e1s definitivamente en 1983, con la recuperaci\u00f3n democr\u00e1tica, aunque alternaban seis meses en Europa y seis meses en Buenos Aires.<\/p>\n<p>\u201cAlicia preparaba todo el material y lo mandaba por correo a cada diario en Latinoam\u00e9rica. Yo empiezo a trabajar con ella en el a\u00f1o \u201987. Los dibujos, claro, ya estaban hechos. Pero hab\u00eda que tener en cuenta las estaciones del a\u00f1o, seg\u00fan el pa\u00eds donde se publicaba, las fechas como el D\u00eda de la Madre o del Padre, Navidad, A\u00f1o Nuevo, para enviar las tiras. Se publicaban de a cuatro. En la actualidad se sigue preparando de la misma manera la tira que se va a publicar, pero ahora est\u00e1 digitalizado\u201d, cuenta Julieta. Como representante, Alicia tuvo que aprender sobre derechos de autor. \u201cCuando Quino empez\u00f3 a publicar, numerosos peri\u00f3dicos se quedaban con los originales, hay muchos que \u00e9l no tiene\u201d, apunta la sobrina. Hoy Mafalda contin\u00faa apareciendo en varios diarios de Argentina, y en\u00a0<i>El Tiempo\u00a0<\/i>de Bogot\u00e1,\u00a0<i>El Colombiano; El Universo<\/i>, de Guayaquil;\u00a0<i>La Prensa<\/i>, de Panam;,\u00a0<i>La Tribuna<\/i>, de Honduras; y\u00a0<i>La Naci\u00f3n<\/i>, de Costa Rica.<\/p>\n<p><b>\u201cSi hubiera sido por Quino no hubiera tenido la trascendencia internacional que tuvo<\/b>\u201d, reconoce Diego Lavado, en comunicaci\u00f3n telef\u00f3nica desde Luj\u00e1n de Cuyo, Mendoza, mientras hace un alto en un recorrido en bicicleta. \u201cEn Europa no pasaba como en Argentina y otros pa\u00edses latinoamericanos: all\u00e1 la actividad de los dibujantes es m\u00e1s\u00a0<i>free lance<\/i>\u00a0y hay que ofrecer el material. Tal vez le encargaban algo para un d\u00eda especial. De todo eso se encargaba ella\u201d, dice Diego. \u201cLa obra de Quino es de una magnitud poco vista. Pero Alicia jug\u00f3 un papel fundamental. Fue una mujer con mucha visi\u00f3n\u201d, coincide Guille.\u201c<b>Mafalda tuvo el \u00e9xito que tuvo por el genio singular de Quino. Pero no basta con eso.\u00a0<\/b>Se tiene que conocer para convertirse en un fen\u00f3meno social y salir de los propios cuadros de la historieta\u201d, reflexiona Cosse. Cuando Quino recibi\u00f3 el Premio Pr\u00edncipe de Asturias, en 2014, se lo dedic\u00f3 a Alicia.<\/p>\n<p><strong>Compa\u00f1eros<\/strong><\/p>\n<p>Si bien estuvo atenta a cada contrato, fue muy respetuosa de los contenidos de las vi\u00f1etas. \u201cEl Quino se encerraba en su escritorio y se pon\u00eda a trabajar. Reci\u00e9n cuando estaba terminada la p\u00e1gina que ten\u00eda que entregar se la mostraba a Alicia. Ella era muy directa. &#8216;<i>No parece tuyo\u00b4<\/i>, le pod\u00eda decir si no le gustaba. O \u00b4<i>No est\u00e1 tan bien<\/i>\u00b4. Y \u00e9l le respond\u00eda:\u00a0<i>\u00b4Pero qu\u00e9 voy a hacer, Monito, si lo voy a tener que publicar igual\u00b4<\/i>\u201d, recuerda Diego Lavado.<\/p>\n<p><b>&#8211;\u00bfEl feminismo de Mafalda es de Alicia?<\/b>\u00a0&#8211;pregunt\u00f3 esta cronista.<\/p>\n<p>&#8211;No. El Quino era muy feminista &#8211;responde Diego. Pero Alicia tambi\u00e9n lo era, dicen. \u201cRecuerdo en la d\u00e9cada del \u201970, mis viejos viv\u00edan en San Rafael y cuando ellos ven\u00edan a visitarlos, eran una ventana al mundo. Hablaban de temas actuales que ac\u00e1 no se tocaban. Las charlas eran muy reveladoras. La que m\u00e1s hablaba era Alicia. Trataba de explicar la lucha de las mujeres en Europa por el derecho al aborto. Todav\u00eda no hab\u00edamos reflexionado en el pa\u00eds sobre esos temas. Mi t\u00eda, con mucha paciencia, era la que le informaba a mi vieja\u201d, agrega Diego.<\/p>\n<p>Hac\u00edan muy buen equipo, eran compa\u00f1eros,\u00a0<b>se complementaban<\/b>, acuerdan sus sobrinos. Ella lo cuidaba del acoso que podr\u00eda recibir por la devoci\u00f3n del p\u00fablico. Tambi\u00e9n se ocupaba del aspecto de Quino. Le eleg\u00eda la ropa para los eventos p\u00fablicos. Alicia era elegante y moderna en su forma de vestir. Se compraban la ropa en Italia, pero no eran muy gastadores. Ella sol\u00eda combinar el negro, con el gris y el rojo; o el bord\u00f3, con el verde y el ladrillo. Le gustaba usar alg\u00fan accesorio que se destacara, como pa\u00f1uelos vistosos alrededor del cuello.<\/p>\n<p>&#8211;El Quino era como un ni\u00f1ito. Pero bien ir\u00f3nico.\u00a0<b>Ella, la adulta, m\u00e1s racional<\/b>. Quino nunca se asumi\u00f3 como un adulto, mantuvo la inocencia, hablaba en diminutivo. Se llevaba mejor con los chicos, especialmente con las nenas &#8211;cuenta Diego.<\/p>\n<p>No tuvieron hijos. \u201cEs una mala porquer\u00eda traer a alguien aqu\u00ed sin haberle preguntado\u201d, sol\u00eda decir el dibujante. En una de las \u00faltimas entrevistas que dio, en 2018, que le hizo Boy Olmi para el documental\u00a0<i>Buscando a Quino<\/i>, el dibujante reconoc\u00eda que fue una decisi\u00f3n suya no tener hijos, \u201cporque mis padres murieron cuando yo era bastante peque\u00f1o, tendr\u00eda 11 o 12 a\u00f1os\u201d. Esa orfandad le impidi\u00f3 pensar en ser padre, cuentan sus sobrinos. Y\u00a0<b>Alicia respet\u00f3 su decisi\u00f3n<\/b>.<\/p>\n<div align=\"center\">\n<article class=\"embedded-entity\">\n<article class=\"media media--type-image media--view-mode-\">\n<div class=\"field field--name-field-media-image field--type-image field--label-hidden field__item\"><img loading=\"lazy\" decoding=\"async\" class=\"image-style-width960\" src=\"https:\/\/images.pagina12.com.ar\/styles\/width960\/public\/2020-10\/112110-whatsapp-20image-202020-10-10-20at-2019-57-46.jpeg?itok=MWaggSWc\" width=\"593\" height=\"857\" \/><\/div>\n<\/article>\n<\/article>\n<\/div>\n<p>En varios de los dibujos de Quino aparece ella. En uno\u00a0<i>(ver aparte<\/i>) hay una mujer muy elegante en un cementerio, sentada en un banquito plegable frente a una tumba. Parece una viuda. No se la ve triste. Debajo de la foto del difunto colocada sobre la tumba est\u00e1 escrito el nombre: Joachim Washed &#8211;un juego de palabras del propio nombre de Quino&#8211;, y figura el a\u00f1o de nacimiento, 1932 \u2013que coincide con el del humorista&#8211;, y el de su muerte no se llega a ver porque est\u00e1 tapado por una de las dos copas que tiene la mujer. Tiene una botella de champagne en una frappera y mira el reloj, como esperando que llegue el momento para tocar una fanfarria. Es la tumba de Quino. La mujer, sin dudas, es Alicia. El dibujo fue publicado en el libro\u00a0<i>\u00bfQui\u00e9n anda ah\u00ed?<\/i>, que incluye una selecci\u00f3n in\u00e9dita de vi\u00f1etas y fue publicado por Ediciones La Flor en 2012. \u201cEs un chiste que se hace a s\u00ed mismo\u201d, dice Diego.<\/p>\n<p>A diferencia del chiste, Alicia muri\u00f3 antes que su esposo, en 2017, y el dibujante decidi\u00f3 ir a pasar los \u00faltimos a\u00f1os de su vida en Mendoza: vivi\u00f3 casa de por medio de la de su sobrino Diego y su esposa Mar\u00eda In\u00e9s, que se ocuparon de que no le faltara nada, le le\u00edan en la tarde y compart\u00edan una cerveza con \u00e9l. \u201cEn la \u00e9poca del exilio ella se fue primero del pa\u00eds y prepar\u00f3 la casa en Mil\u00e1n para que despu\u00e9s fuera Quino. Como en aquella oportunidad, cuando muri\u00f3 Alicia se fue primero para preparar su casita en las alturas. Y ahora Quino lleg\u00f3 all\u00e1 y ella tendr\u00e1 todo listo para recibirlo. Soy agn\u00f3stica pero esa imagen me ilusiona\u201d, dice Mar\u00eda In\u00e9s, con emoci\u00f3n en la voz.<\/p>\n<figure id=\"attachment_52929\" aria-describedby=\"caption-attachment-52929\" style=\"width: 540px\" class=\"wp-caption aligncenter\"><img loading=\"lazy\" decoding=\"async\" class=\" wp-image-52929\" src=\"https:\/\/diariofemenino.com.ar\/df\/wp-content\/uploads\/2020\/10\/QuinoAlicia.jpg\" alt=\"&quot;No hay Quino sin Alicia&quot;\" width=\"540\" height=\"353\" srcset=\"https:\/\/diariofemenino.com.ar\/df\/wp-content\/uploads\/2020\/10\/QuinoAlicia.jpg 841w, https:\/\/diariofemenino.com.ar\/df\/wp-content\/uploads\/2020\/10\/QuinoAlicia-300x196.jpg 300w, https:\/\/diariofemenino.com.ar\/df\/wp-content\/uploads\/2020\/10\/QuinoAlicia-768x501.jpg 768w\" sizes=\"auto, (max-width: 540px) 100vw, 540px\" \/><figcaption id=\"caption-attachment-52929\" class=\"wp-caption-text\">\u00abNo hay Quino sin Alicia\u00bb<\/figcaption><\/figure>\n<p><a href=\"https:\/\/www.pagina12.com.ar\/298315-no-hay-quino-sin-alicia\">P\u00e1gina12<\/a><\/p>\n<p><a href=\"https:\/\/diariofemenino.com.ar\/category\/articulos\/\">Mujeres<\/a> <a href=\"https:\/\/diariofemenino.com.ar\/\">&#8211; DDF<\/a><\/p>\n","protected":false},"excerpt":{"rendered":"<p>La historia desconocida de Alicia Colombo, la esposa de Quino Qui\u00e9n fue la mujer que se puso a la par del creador de Mafalda para que su obra tuviera dimensi\u00f3n universal. Muri\u00f3 en 2017. Aqu\u00ed, los recuerdos de sus familiares. Por\u00a0Mariana Carbajal Alicia Colombo,\u00a0la esposa Quino, fue pieza clave para que el\u00a0genial historietista Joaqu\u00edn Salvador [&hellip;]<\/p>\n","protected":false},"author":4,"featured_media":52929,"comment_status":"open","ping_status":"open","sticky":false,"template":"","format":"standard","meta":{"iawp_total_views":69,"footnotes":""},"categories":[1067,32,6],"tags":[3651,1013,1104],"class_list":["post-52927","post","type-post","status-publish","format-standard","has-post-thumbnail","hentry","category-agenda-feminista","category-mujeres","category-articulos","tag-alicia","tag-mariana-carbajal","tag-quino"],"nelio_content":{"autoShareEndMode":"never","automationSources":{"useCustomSentences":false,"customSentences":[]},"efiAlt":"","efiUrl":"","followers":[4],"highlights":[],"isAutoShareEnabled":true,"networkImageIds":[],"permalinkQueryArgs":[],"series":[],"suggestedReferences":[]},"yoast_head":"<!-- This site is optimized with the Yoast SEO plugin v27.5 - https:\/\/yoast.com\/product\/yoast-seo-wordpress\/ -->\n<title>&quot;No hay Quino sin Alicia&quot; - Diario Digital Femenino<\/title>\n<meta name=\"description\" content=\"&quot;No hay Quino sin Alicia&quot;. Replicamos la excelente nota de Mariana Carbajal sobre la historia desconocida de Alicia Colombo, la esposa de Quino\" \/>\n<meta name=\"robots\" content=\"index, follow, max-snippet:-1, max-image-preview:large, max-video-preview:-1\" \/>\n<link rel=\"canonical\" href=\"https:\/\/diariofemenino.com.ar\/df\/no-hay-quino-sin-alicia\/\" \/>\n<meta property=\"og:locale\" content=\"es_ES\" \/>\n<meta property=\"og:type\" content=\"article\" \/>\n<meta property=\"og:title\" content=\"&quot;No hay Quino sin Alicia&quot; - Diario Digital Femenino\" \/>\n<meta property=\"og:description\" content=\"&quot;No hay Quino sin Alicia&quot;. Replicamos la excelente nota de Mariana Carbajal sobre la historia desconocida de Alicia Colombo, la esposa de Quino\" \/>\n<meta property=\"og:url\" content=\"https:\/\/diariofemenino.com.ar\/df\/no-hay-quino-sin-alicia\/\" \/>\n<meta property=\"og:site_name\" content=\"Diario Digital Femenino\" \/>\n<meta property=\"article:publisher\" content=\"https:\/\/www.facebook.com\/DiarioDigitaFemenino\/\" \/>\n<meta property=\"article:published_time\" content=\"2020-10-11T00:21:50+00:00\" \/>\n<meta property=\"og:image\" content=\"https:\/\/diariofemenino.com.ar\/df\/wp-content\/uploads\/2020\/10\/QuinoAlicia.jpg\" \/>\n\t<meta property=\"og:image:width\" content=\"841\" \/>\n\t<meta property=\"og:image:height\" content=\"549\" \/>\n\t<meta property=\"og:image:type\" content=\"image\/jpeg\" \/>\n<meta name=\"author\" content=\"Admin\" \/>\n<meta name=\"twitter:card\" content=\"summary_large_image\" \/>\n<meta name=\"twitter:creator\" content=\"@DiarioFemenino1\" \/>\n<meta name=\"twitter:site\" content=\"@DiarioFemenino1\" \/>\n<meta name=\"twitter:label1\" content=\"Escrito por\" \/>\n\t<meta name=\"twitter:data1\" content=\"Admin\" \/>\n\t<meta name=\"twitter:label2\" content=\"Tiempo de lectura\" \/>\n\t<meta name=\"twitter:data2\" content=\"11 minutos\" \/>\n<script type=\"application\/ld+json\" class=\"yoast-schema-graph\">{\"@context\":\"https:\\\/\\\/schema.org\",\"@graph\":[{\"@type\":\"Article\",\"@id\":\"https:\\\/\\\/diariofemenino.com.ar\\\/df\\\/no-hay-quino-sin-alicia\\\/#article\",\"isPartOf\":{\"@id\":\"https:\\\/\\\/diariofemenino.com.ar\\\/df\\\/no-hay-quino-sin-alicia\\\/\"},\"author\":{\"name\":\"Admin\",\"@id\":\"https:\\\/\\\/diariofemenino.com.ar\\\/df\\\/#\\\/schema\\\/person\\\/bf6199e8158c657ea6f789b11ec85509\"},\"headline\":\"\u00abNo hay Quino sin Alicia\u00bb\",\"datePublished\":\"2020-10-11T00:21:50+00:00\",\"mainEntityOfPage\":{\"@id\":\"https:\\\/\\\/diariofemenino.com.ar\\\/df\\\/no-hay-quino-sin-alicia\\\/\"},\"wordCount\":2277,\"commentCount\":1,\"publisher\":{\"@id\":\"https:\\\/\\\/diariofemenino.com.ar\\\/df\\\/#organization\"},\"image\":{\"@id\":\"https:\\\/\\\/diariofemenino.com.ar\\\/df\\\/no-hay-quino-sin-alicia\\\/#primaryimage\"},\"thumbnailUrl\":\"https:\\\/\\\/diariofemenino.com.ar\\\/df\\\/wp-content\\\/uploads\\\/2020\\\/10\\\/QuinoAlicia.jpg\",\"keywords\":[\"Alicia\",\"Mariana Carbajal\",\"Quino\"],\"articleSection\":[\"Agenda Feminista\",\"Mujeres\",\"Mujeres en Palabras\"],\"inLanguage\":\"es\",\"potentialAction\":[{\"@type\":\"CommentAction\",\"name\":\"Comment\",\"target\":[\"https:\\\/\\\/diariofemenino.com.ar\\\/df\\\/no-hay-quino-sin-alicia\\\/#respond\"]}]},{\"@type\":\"WebPage\",\"@id\":\"https:\\\/\\\/diariofemenino.com.ar\\\/df\\\/no-hay-quino-sin-alicia\\\/\",\"url\":\"https:\\\/\\\/diariofemenino.com.ar\\\/df\\\/no-hay-quino-sin-alicia\\\/\",\"name\":\"\\\"No hay Quino sin Alicia\\\" - Diario Digital Femenino\",\"isPartOf\":{\"@id\":\"https:\\\/\\\/diariofemenino.com.ar\\\/df\\\/#website\"},\"primaryImageOfPage\":{\"@id\":\"https:\\\/\\\/diariofemenino.com.ar\\\/df\\\/no-hay-quino-sin-alicia\\\/#primaryimage\"},\"image\":{\"@id\":\"https:\\\/\\\/diariofemenino.com.ar\\\/df\\\/no-hay-quino-sin-alicia\\\/#primaryimage\"},\"thumbnailUrl\":\"https:\\\/\\\/diariofemenino.com.ar\\\/df\\\/wp-content\\\/uploads\\\/2020\\\/10\\\/QuinoAlicia.jpg\",\"datePublished\":\"2020-10-11T00:21:50+00:00\",\"description\":\"\\\"No hay Quino sin Alicia\\\". Replicamos la excelente nota de Mariana Carbajal sobre la historia desconocida de Alicia Colombo, la esposa de Quino\",\"breadcrumb\":{\"@id\":\"https:\\\/\\\/diariofemenino.com.ar\\\/df\\\/no-hay-quino-sin-alicia\\\/#breadcrumb\"},\"inLanguage\":\"es\",\"potentialAction\":[{\"@type\":\"ReadAction\",\"target\":[\"https:\\\/\\\/diariofemenino.com.ar\\\/df\\\/no-hay-quino-sin-alicia\\\/\"]}]},{\"@type\":\"ImageObject\",\"inLanguage\":\"es\",\"@id\":\"https:\\\/\\\/diariofemenino.com.ar\\\/df\\\/no-hay-quino-sin-alicia\\\/#primaryimage\",\"url\":\"https:\\\/\\\/diariofemenino.com.ar\\\/df\\\/wp-content\\\/uploads\\\/2020\\\/10\\\/QuinoAlicia.jpg\",\"contentUrl\":\"https:\\\/\\\/diariofemenino.com.ar\\\/df\\\/wp-content\\\/uploads\\\/2020\\\/10\\\/QuinoAlicia.jpg\",\"width\":841,\"height\":549,\"caption\":\"\\\"No hay Quino sin Alicia\\\"\"},{\"@type\":\"BreadcrumbList\",\"@id\":\"https:\\\/\\\/diariofemenino.com.ar\\\/df\\\/no-hay-quino-sin-alicia\\\/#breadcrumb\",\"itemListElement\":[{\"@type\":\"ListItem\",\"position\":1,\"name\":\"Portada\",\"item\":\"https:\\\/\\\/diariofemenino.com.ar\\\/df\\\/\"},{\"@type\":\"ListItem\",\"position\":2,\"name\":\"\u00abNo hay Quino sin Alicia\u00bb\"}]},{\"@type\":\"WebSite\",\"@id\":\"https:\\\/\\\/diariofemenino.com.ar\\\/df\\\/#website\",\"url\":\"https:\\\/\\\/diariofemenino.com.ar\\\/df\\\/\",\"name\":\"Diario Digital Femenino\",\"description\":\"Cuesti\u00f3n de G\u00e9nero\",\"publisher\":{\"@id\":\"https:\\\/\\\/diariofemenino.com.ar\\\/df\\\/#organization\"},\"potentialAction\":[{\"@type\":\"SearchAction\",\"target\":{\"@type\":\"EntryPoint\",\"urlTemplate\":\"https:\\\/\\\/diariofemenino.com.ar\\\/df\\\/?s={search_term_string}\"},\"query-input\":{\"@type\":\"PropertyValueSpecification\",\"valueRequired\":true,\"valueName\":\"search_term_string\"}}],\"inLanguage\":\"es\"},{\"@type\":\"Organization\",\"@id\":\"https:\\\/\\\/diariofemenino.com.ar\\\/df\\\/#organization\",\"name\":\"Diario Femenino\",\"url\":\"https:\\\/\\\/diariofemenino.com.ar\\\/df\\\/\",\"logo\":{\"@type\":\"ImageObject\",\"inLanguage\":\"es\",\"@id\":\"https:\\\/\\\/diariofemenino.com.ar\\\/df\\\/#\\\/schema\\\/logo\\\/image\\\/\",\"url\":\"https:\\\/\\\/diariofemenino.com.ar\\\/df\\\/wp-content\\\/uploads\\\/2018\\\/10\\\/logo.png\",\"contentUrl\":\"https:\\\/\\\/diariofemenino.com.ar\\\/df\\\/wp-content\\\/uploads\\\/2018\\\/10\\\/logo.png\",\"width\":500,\"height\":92,\"caption\":\"Diario Femenino\"},\"image\":{\"@id\":\"https:\\\/\\\/diariofemenino.com.ar\\\/df\\\/#\\\/schema\\\/logo\\\/image\\\/\"},\"sameAs\":[\"https:\\\/\\\/www.facebook.com\\\/DiarioDigitaFemenino\\\/\",\"https:\\\/\\\/x.com\\\/DiarioFemenino1\"]},{\"@type\":\"Person\",\"@id\":\"https:\\\/\\\/diariofemenino.com.ar\\\/df\\\/#\\\/schema\\\/person\\\/bf6199e8158c657ea6f789b11ec85509\",\"name\":\"Admin\",\"image\":{\"@type\":\"ImageObject\",\"inLanguage\":\"es\",\"@id\":\"https:\\\/\\\/diariofemenino.com.ar\\\/df\\\/wp-content\\\/uploads\\\/2018\\\/12\\\/favicon-150x150.jpg\",\"url\":\"https:\\\/\\\/diariofemenino.com.ar\\\/df\\\/wp-content\\\/uploads\\\/2018\\\/12\\\/favicon-150x150.jpg\",\"contentUrl\":\"https:\\\/\\\/diariofemenino.com.ar\\\/df\\\/wp-content\\\/uploads\\\/2018\\\/12\\\/favicon-150x150.jpg\",\"caption\":\"Admin\"},\"url\":\"https:\\\/\\\/diariofemenino.com.ar\\\/df\\\/author\\\/lenny\\\/\"}]}<\/script>\n<!-- \/ Yoast SEO plugin. -->","yoast_head_json":{"title":"\"No hay Quino sin Alicia\" - Diario Digital Femenino","description":"\"No hay Quino sin Alicia\". Replicamos la excelente nota de Mariana Carbajal sobre la historia desconocida de Alicia Colombo, la esposa de Quino","robots":{"index":"index","follow":"follow","max-snippet":"max-snippet:-1","max-image-preview":"max-image-preview:large","max-video-preview":"max-video-preview:-1"},"canonical":"https:\/\/diariofemenino.com.ar\/df\/no-hay-quino-sin-alicia\/","og_locale":"es_ES","og_type":"article","og_title":"\"No hay Quino sin Alicia\" - Diario Digital Femenino","og_description":"\"No hay Quino sin Alicia\". Replicamos la excelente nota de Mariana Carbajal sobre la historia desconocida de Alicia Colombo, la esposa de Quino","og_url":"https:\/\/diariofemenino.com.ar\/df\/no-hay-quino-sin-alicia\/","og_site_name":"Diario Digital Femenino","article_publisher":"https:\/\/www.facebook.com\/DiarioDigitaFemenino\/","article_published_time":"2020-10-11T00:21:50+00:00","og_image":[{"width":841,"height":549,"url":"https:\/\/diariofemenino.com.ar\/df\/wp-content\/uploads\/2020\/10\/QuinoAlicia.jpg","type":"image\/jpeg"}],"author":"Admin","twitter_card":"summary_large_image","twitter_creator":"@DiarioFemenino1","twitter_site":"@DiarioFemenino1","twitter_misc":{"Escrito por":"Admin","Tiempo de lectura":"11 minutos"},"schema":{"@context":"https:\/\/schema.org","@graph":[{"@type":"Article","@id":"https:\/\/diariofemenino.com.ar\/df\/no-hay-quino-sin-alicia\/#article","isPartOf":{"@id":"https:\/\/diariofemenino.com.ar\/df\/no-hay-quino-sin-alicia\/"},"author":{"name":"Admin","@id":"https:\/\/diariofemenino.com.ar\/df\/#\/schema\/person\/bf6199e8158c657ea6f789b11ec85509"},"headline":"\u00abNo hay Quino sin Alicia\u00bb","datePublished":"2020-10-11T00:21:50+00:00","mainEntityOfPage":{"@id":"https:\/\/diariofemenino.com.ar\/df\/no-hay-quino-sin-alicia\/"},"wordCount":2277,"commentCount":1,"publisher":{"@id":"https:\/\/diariofemenino.com.ar\/df\/#organization"},"image":{"@id":"https:\/\/diariofemenino.com.ar\/df\/no-hay-quino-sin-alicia\/#primaryimage"},"thumbnailUrl":"https:\/\/diariofemenino.com.ar\/df\/wp-content\/uploads\/2020\/10\/QuinoAlicia.jpg","keywords":["Alicia","Mariana Carbajal","Quino"],"articleSection":["Agenda Feminista","Mujeres","Mujeres en Palabras"],"inLanguage":"es","potentialAction":[{"@type":"CommentAction","name":"Comment","target":["https:\/\/diariofemenino.com.ar\/df\/no-hay-quino-sin-alicia\/#respond"]}]},{"@type":"WebPage","@id":"https:\/\/diariofemenino.com.ar\/df\/no-hay-quino-sin-alicia\/","url":"https:\/\/diariofemenino.com.ar\/df\/no-hay-quino-sin-alicia\/","name":"\"No hay Quino sin Alicia\" - Diario Digital Femenino","isPartOf":{"@id":"https:\/\/diariofemenino.com.ar\/df\/#website"},"primaryImageOfPage":{"@id":"https:\/\/diariofemenino.com.ar\/df\/no-hay-quino-sin-alicia\/#primaryimage"},"image":{"@id":"https:\/\/diariofemenino.com.ar\/df\/no-hay-quino-sin-alicia\/#primaryimage"},"thumbnailUrl":"https:\/\/diariofemenino.com.ar\/df\/wp-content\/uploads\/2020\/10\/QuinoAlicia.jpg","datePublished":"2020-10-11T00:21:50+00:00","description":"\"No hay Quino sin Alicia\". Replicamos la excelente nota de Mariana Carbajal sobre la historia desconocida de Alicia Colombo, la esposa de Quino","breadcrumb":{"@id":"https:\/\/diariofemenino.com.ar\/df\/no-hay-quino-sin-alicia\/#breadcrumb"},"inLanguage":"es","potentialAction":[{"@type":"ReadAction","target":["https:\/\/diariofemenino.com.ar\/df\/no-hay-quino-sin-alicia\/"]}]},{"@type":"ImageObject","inLanguage":"es","@id":"https:\/\/diariofemenino.com.ar\/df\/no-hay-quino-sin-alicia\/#primaryimage","url":"https:\/\/diariofemenino.com.ar\/df\/wp-content\/uploads\/2020\/10\/QuinoAlicia.jpg","contentUrl":"https:\/\/diariofemenino.com.ar\/df\/wp-content\/uploads\/2020\/10\/QuinoAlicia.jpg","width":841,"height":549,"caption":"\"No hay Quino sin Alicia\""},{"@type":"BreadcrumbList","@id":"https:\/\/diariofemenino.com.ar\/df\/no-hay-quino-sin-alicia\/#breadcrumb","itemListElement":[{"@type":"ListItem","position":1,"name":"Portada","item":"https:\/\/diariofemenino.com.ar\/df\/"},{"@type":"ListItem","position":2,"name":"\u00abNo hay Quino sin Alicia\u00bb"}]},{"@type":"WebSite","@id":"https:\/\/diariofemenino.com.ar\/df\/#website","url":"https:\/\/diariofemenino.com.ar\/df\/","name":"Diario Digital Femenino","description":"Cuesti\u00f3n de G\u00e9nero","publisher":{"@id":"https:\/\/diariofemenino.com.ar\/df\/#organization"},"potentialAction":[{"@type":"SearchAction","target":{"@type":"EntryPoint","urlTemplate":"https:\/\/diariofemenino.com.ar\/df\/?s={search_term_string}"},"query-input":{"@type":"PropertyValueSpecification","valueRequired":true,"valueName":"search_term_string"}}],"inLanguage":"es"},{"@type":"Organization","@id":"https:\/\/diariofemenino.com.ar\/df\/#organization","name":"Diario Femenino","url":"https:\/\/diariofemenino.com.ar\/df\/","logo":{"@type":"ImageObject","inLanguage":"es","@id":"https:\/\/diariofemenino.com.ar\/df\/#\/schema\/logo\/image\/","url":"https:\/\/diariofemenino.com.ar\/df\/wp-content\/uploads\/2018\/10\/logo.png","contentUrl":"https:\/\/diariofemenino.com.ar\/df\/wp-content\/uploads\/2018\/10\/logo.png","width":500,"height":92,"caption":"Diario Femenino"},"image":{"@id":"https:\/\/diariofemenino.com.ar\/df\/#\/schema\/logo\/image\/"},"sameAs":["https:\/\/www.facebook.com\/DiarioDigitaFemenino\/","https:\/\/x.com\/DiarioFemenino1"]},{"@type":"Person","@id":"https:\/\/diariofemenino.com.ar\/df\/#\/schema\/person\/bf6199e8158c657ea6f789b11ec85509","name":"Admin","image":{"@type":"ImageObject","inLanguage":"es","@id":"https:\/\/diariofemenino.com.ar\/df\/wp-content\/uploads\/2018\/12\/favicon-150x150.jpg","url":"https:\/\/diariofemenino.com.ar\/df\/wp-content\/uploads\/2018\/12\/favicon-150x150.jpg","contentUrl":"https:\/\/diariofemenino.com.ar\/df\/wp-content\/uploads\/2018\/12\/favicon-150x150.jpg","caption":"Admin"},"url":"https:\/\/diariofemenino.com.ar\/df\/author\/lenny\/"}]}},"jetpack_featured_media_url":"https:\/\/diariofemenino.com.ar\/df\/wp-content\/uploads\/2020\/10\/QuinoAlicia.jpg","jetpack_sharing_enabled":true,"rttpg_featured_image_url":{"full":["https:\/\/diariofemenino.com.ar\/df\/wp-content\/uploads\/2020\/10\/QuinoAlicia.jpg",841,549,false],"landscape":["https:\/\/diariofemenino.com.ar\/df\/wp-content\/uploads\/2020\/10\/QuinoAlicia.jpg",841,549,false],"portraits":["https:\/\/diariofemenino.com.ar\/df\/wp-content\/uploads\/2020\/10\/QuinoAlicia.jpg",841,549,false],"thumbnail":["https:\/\/diariofemenino.com.ar\/df\/wp-content\/uploads\/2020\/10\/QuinoAlicia-150x150.jpg",150,150,true],"medium":["https:\/\/diariofemenino.com.ar\/df\/wp-content\/uploads\/2020\/10\/QuinoAlicia-300x196.jpg",300,196,true],"large":["https:\/\/diariofemenino.com.ar\/df\/wp-content\/uploads\/2020\/10\/QuinoAlicia.jpg",841,549,false],"1536x1536":["https:\/\/diariofemenino.com.ar\/df\/wp-content\/uploads\/2020\/10\/QuinoAlicia.jpg",841,549,false],"2048x2048":["https:\/\/diariofemenino.com.ar\/df\/wp-content\/uploads\/2020\/10\/QuinoAlicia.jpg",841,549,false]},"rttpg_author":{"display_name":"Admin","author_link":"https:\/\/diariofemenino.com.ar\/df\/author\/lenny\/"},"rttpg_comment":1,"rttpg_category":"<a href=\"https:\/\/diariofemenino.com.ar\/df\/category\/agenda-feminista\/\" rel=\"category tag\">Agenda Feminista<\/a> <a href=\"https:\/\/diariofemenino.com.ar\/df\/category\/mujeres\/\" rel=\"category tag\">Mujeres<\/a> <a href=\"https:\/\/diariofemenino.com.ar\/df\/category\/articulos\/\" rel=\"category tag\">Mujeres en Palabras<\/a>","rttpg_excerpt":"La historia desconocida de Alicia Colombo, la esposa de Quino Qui\u00e9n fue la mujer que se puso a la par del creador de Mafalda para que su obra tuviera dimensi\u00f3n universal. Muri\u00f3 en 2017. Aqu\u00ed, los recuerdos de sus familiares. Por\u00a0Mariana Carbajal Alicia Colombo,\u00a0la esposa Quino, fue pieza clave para que el\u00a0genial historietista Joaqu\u00edn Salvador&hellip;","_links":{"self":[{"href":"https:\/\/diariofemenino.com.ar\/df\/wp-json\/wp\/v2\/posts\/52927","targetHints":{"allow":["GET"]}}],"collection":[{"href":"https:\/\/diariofemenino.com.ar\/df\/wp-json\/wp\/v2\/posts"}],"about":[{"href":"https:\/\/diariofemenino.com.ar\/df\/wp-json\/wp\/v2\/types\/post"}],"author":[{"embeddable":true,"href":"https:\/\/diariofemenino.com.ar\/df\/wp-json\/wp\/v2\/users\/4"}],"replies":[{"embeddable":true,"href":"https:\/\/diariofemenino.com.ar\/df\/wp-json\/wp\/v2\/comments?post=52927"}],"version-history":[{"count":0,"href":"https:\/\/diariofemenino.com.ar\/df\/wp-json\/wp\/v2\/posts\/52927\/revisions"}],"wp:featuredmedia":[{"embeddable":true,"href":"https:\/\/diariofemenino.com.ar\/df\/wp-json\/wp\/v2\/media\/52929"}],"wp:attachment":[{"href":"https:\/\/diariofemenino.com.ar\/df\/wp-json\/wp\/v2\/media?parent=52927"}],"wp:term":[{"taxonomy":"category","embeddable":true,"href":"https:\/\/diariofemenino.com.ar\/df\/wp-json\/wp\/v2\/categories?post=52927"},{"taxonomy":"post_tag","embeddable":true,"href":"https:\/\/diariofemenino.com.ar\/df\/wp-json\/wp\/v2\/tags?post=52927"}],"curies":[{"name":"wp","href":"https:\/\/api.w.org\/{rel}","templated":true}]}}