{"id":52803,"date":"2020-10-04T19:20:55","date_gmt":"2020-10-04T22:20:55","guid":{"rendered":"https:\/\/diariofemenino.com.ar\/?p=52803"},"modified":"2020-10-04T19:21:22","modified_gmt":"2020-10-04T22:21:22","slug":"brecha-digital-y-las-nuevas-desigualdades","status":"publish","type":"post","link":"https:\/\/diariofemenino.com.ar\/df\/brecha-digital-y-las-nuevas-desigualdades\/","title":{"rendered":"Brecha digital y las nuevas desigualdades"},"content":{"rendered":"<p><strong>Brecha digital y las nuevas desigualdades que se incrementaron como consecuencia de la pandemia.<\/strong><\/p>\n<p>Un informe de Mariela Mociulsky, CEO de la consultora Trendsity, destaca como las \u201cm\u00faltiples brechas\u201d afectan el acceso de las personas a oportunidades e inclusi\u00f3n. El nuevo rol de las empresas para marcar tendencias e inspirar cambios en la sociedad.<\/p>\n<div class=\"byline | font_tertiary display_flex align_items_center isText col widescreen-8 desktop-8 tablet-12 width_full\">\n<div class=\"authors | margin_horizontal_5px color_black display_inline border_2 border_right border_middlegray\">Por\u00a0<span class=\"author | margin_horizontal_5px bold\"><a href=\"https:\/\/www.infobae.com\/autor\/mar%C3%ADa-ximena-casas\">Ximena Casas<\/a><\/span><\/div>\n<div class=\"datetime | display_inline color_light_gray font_size_17\">xcasas@infobae.com<\/div>\n<\/div>\n<div>\n<p class=\"font_tertiary paragraph\">Entre las consecuencias sociales y econ\u00f3micas que dejar\u00e1 la pandemia de coronavirus, se espera un incremento de la brecha digital. Los efectos de las pandemias pueden ser similares a los de otros tipos de crisis, ya que producen mayor desigualdad, pero ya hay varios especialistas que se plantean que por su escala y su extensi\u00f3n,\u00a0<mark class=\"hl_yellow\"><b>las consecuencias distributivas de la pandemia de COVID-19 pueden ser mayores a las de otras pandemias hist\u00f3ricas<\/b><\/mark>, como estim\u00f3 un informe reciente del FMI que menciona en un trabajo reciente titulado \u201cBrecha digital\u201d de la investigadora y especialista en tendencias\u00a0<b>Mariela Mociulsky<\/b>, CEO y fundadora de la consultora Trendsity. Adem\u00e1s, all\u00ed se aborda el nuevo rol central que tendr\u00e1n las empresas para marcar tendencias e inspirar cambios en la sociedad.<\/p>\n<p class=\"font_tertiary paragraph\">La investigaci\u00f3n describe como en gran parte de los pa\u00edses donde se realizaron cuarentenas, las ocupaciones que mejor se adaptaron a la modalidad de\u00a0<i>homeoffice\u00a0<\/i>se concentraron predominantemente entre los deciles de salarios m\u00e1s altos. Esto incluye trabajos legales, administrativos, relacionados con la inform\u00e1tica y con otro tipo de servicios, que requieren mayor nivel de calificaci\u00f3n.<\/p>\n<blockquote class=\"font_tertiary color_figcaption\"><p>Las ocupaciones que mejor se adaptaron a la modalidad de homeoffice se concentraron predominantemente entre los deciles de salarios m\u00e1s altos<\/p><\/blockquote>\n<p class=\"font_tertiary paragraph\">Por el contrario, las ocupaciones m\u00e1s dif\u00edciles de realizar desde el hogar se concentraron en los deciles de salarios m\u00e1s bajos, incluyendo gran parte del empleo de las mujeres, seg\u00fan destac\u00f3 el Banco Mundial. La pandemia tambi\u00e9n afect\u00f3 de manera significativa a adultos mayores que se encontraban trabajando hasta marzo 2020. Se observ\u00f3 una alta tendencia en esta poblaci\u00f3n a dejar sus trabajos antes de lo planeado debido a los mayores riesgos de salir trabajar o las dificultades de reconversi\u00f3n de sus trabajos al tener que estar mediados por tecnolog\u00edas digitales en modalidad\u00a0<i>homeoffice<\/i>.<\/p>\n<picture class=\"font_tertiary visual__image\"><source srcset=\"https:\/\/www.infobae.com\/new-resizer\/LPdi4y7F2_Ft3iftnj7QoQGb7Uw=\/768x512\/filters:format(jpg):quality(85)\/cloudfront-us-east-1.images.arcpublishing.com\/infobae\/PKRX25QV75JSXHX7TDPXZFKG7Q.jpg 1200w\" type=\"image\/jpg\" \/><source srcset=\"https:\/\/www.infobae.com\/new-resizer\/LPdi4y7F2_Ft3iftnj7QoQGb7Uw=\/768x512\/filters:format(jpg):quality(85)\/cloudfront-us-east-1.images.arcpublishing.com\/infobae\/PKRX25QV75JSXHX7TDPXZFKG7Q.jpg 992w\" type=\"image\/jpg\" \/><source srcset=\"https:\/\/www.infobae.com\/new-resizer\/LPdi4y7F2_Ft3iftnj7QoQGb7Uw=\/768x512\/filters:format(jpg):quality(85)\/cloudfront-us-east-1.images.arcpublishing.com\/infobae\/PKRX25QV75JSXHX7TDPXZFKG7Q.jpg 768w\" type=\"image\/jpg\" \/><source srcset=\"https:\/\/www.infobae.com\/new-resizer\/DQYW8EVm6uxFG76qixr_AlX-Gjw=\/420x280\/filters:format(jpg):quality(85)\/cloudfront-us-east-1.images.arcpublishing.com\/infobae\/PKRX25QV75JSXHX7TDPXZFKG7Q.jpg 420w\" type=\"image\/jpg\" \/><img loading=\"lazy\" decoding=\"async\" src=\"https:\/\/www.infobae.com\/new-resizer\/DQYW8EVm6uxFG76qixr_AlX-Gjw=\/420x280\/filters:format(jpg):quality(85)\/\/cloudfront-us-east-1.images.arcpublishing.com\/infobae\/PKRX25QV75JSXHX7TDPXZFKG7Q.jpg\" alt=\"Las tecnolog\u00edas digitales se volvieron un bien necesario, con una extensi\u00f3n sin precedentes\" width=\"5760\" height=\"3840\" \/>Las tecnolog\u00edas digitales se volvieron un bien necesario, con una extensi\u00f3n sin precedentes<\/picture>\n<div class=\"Ad_1 | ad-wrapper display_flex align_items_center width_full justify_center\">\n<div class=\"\"><\/div>\n<\/div>\n<p class=\"font_tertiary paragraph\">\u201c<mark class=\"hl_yellow\"><b>En este contexto las tecnolog\u00edas digitales se volvieron un bien necesario, con una extensi\u00f3n sin precedentes.<\/b><\/mark>\u00a0Las tecnolog\u00edas digitales se volvieron elementos facilitadores que permitieron apoyar una estrategia de combate del COVID-19, posibilitando una mayor proximidad y cohesi\u00f3n social a\u00fan en escenarios de aislamiento f\u00edsico, como condici\u00f3n necesaria, aunque no suficiente, para el cuidado de la salud mental\u201d, se\u00f1al\u00f3 Mociulsky.<\/p>\n<p class=\"font_tertiary paragraph\">\u201cEn el escenario de pandemia, la \u2018brecha digital\u2019 de la que hablamos hace tantos a\u00f1os se transform\u00f3 en una multiplicidad de brechas nuevas, que afectaron de manera m\u00e1s notoria en ni\u00f1os, en mujeres, en adultos mayores y poblaciones alejadas de los principales centros urbanos\u201d, agreg\u00f3 la especialista.<\/p>\n<p class=\"font_tertiary paragraph\">De acuerdo con otro relevamiento de Trendsity citado, sobre una muestra total pa\u00eds de 1.000 casos, el 88% de los argentinos considera que la conexi\u00f3n a Internet es un servicio de necesidad y 7 de cada 10 reconoce que no podr\u00eda transitar ni haber transitado esta cuarentena sin conexi\u00f3n. Para casi 8 de cada 10 resulta evidente la importancia de las telecomunicaciones e Internet en la vida cotidiana.\u00a0<mark class=\"hl_yellow\"><b>\u201cLa ca\u00edda de la conectividad equivale a caos, imposibilidad, par\u00e1lisis, soledad, aislamiento\u201d<\/b><\/mark>, se explic\u00f3.<\/p>\n<blockquote class=\"font_tertiary color_figcaption\">\n<div class=\"text\">En el escenario de pandemia, la \u2018brecha digital\u2019 de la que hablamos hace tantos a\u00f1os se transform\u00f3 en una multiplicidad de brechas nuevas<\/div>\n<\/blockquote>\n<div class=\"Ad_2 | ad-wrapper display_flex align_items_center width_full justify_center\">\n<div class=\"\"><\/div>\n<\/div>\n<p class=\"font_tertiary paragraph\">A nivel escolar, a principios de abril 2020, con el pico m\u00e1s alto de adopci\u00f3n de medidas de aislamiento, 194 pa\u00edses hab\u00edan interrumpido la presencialidad educativa.\u00a0<mark class=\"hl_yellow\"><b>En un hecho sin precedentes, seg\u00fan la Unesco, pr\u00e1cticamente 1.600 millones de estudiantes, el 91,3% del total, se encontraban afectados por el cierre de las escuelas.<\/b><\/mark><\/p>\n<p class=\"font_tertiary paragraph\">\u201cLa nueva oferta virtual encontr\u00f3 serios limitantes y cuestionamientos \u00e9ticos, particularmente en cuanto a la equidad del modelo, en un escenario en el cual la mitad de estos estudiantes no cuenta con una computadora en el hogar y 43% no cuenta con acceso a Internet en sus casas\u201d, se\u00f1al\u00f3 Mociulsky. Solo el 53,6% de la poblaci\u00f3n mundial tiene acceso a Internet de acuerdo a la Organizaci\u00f3n de las Naciones Unidas.<\/p>\n<div class=\"Ad_3 | ad-wrapper display_flex align_items_center width_full justify_center\">\n<div class=\"\"><\/div>\n<\/div>\n<p class=\"font_tertiary paragraph\">\u201cEn una situaci\u00f3n in\u00e9dita desde la creaci\u00f3n del sistema educativo moderno,\u00a0<mark class=\"hl_yellow\"><b>el sostenimiento de la continuidad educativa pas\u00f3 a depender de los recursos que las familias tuvieran en sus hogares para acompa\u00f1ar las tareas escolares de sus hijos.\u00a0<\/b><\/mark>Si los sistemas educativos ya reflejaban desigualdades asociadas al tiempo de ense\u00f1anza, a la disponibilidad de material did\u00e1ctico y tecnolog\u00eda y a las condiciones de infraestructura, la pandemia expuso otras desigualdades que anidan en los hogares\u201d, dijo la especialista.<\/p>\n<picture class=\"font_tertiary visual__image\"><source srcset=\"https:\/\/www.infobae.com\/new-resizer\/H7aMkI9A-lxiMa1ybGYY5PCVKUA=\/768x432\/filters:format(jpg):quality(85)\/cloudfront-us-east-1.images.arcpublishing.com\/infobae\/W63JOSACEJEHPDNGYNHI47L57Q.jpg 1200w\" type=\"image\/jpg\" \/><source srcset=\"https:\/\/www.infobae.com\/new-resizer\/H7aMkI9A-lxiMa1ybGYY5PCVKUA=\/768x432\/filters:format(jpg):quality(85)\/cloudfront-us-east-1.images.arcpublishing.com\/infobae\/W63JOSACEJEHPDNGYNHI47L57Q.jpg 992w\" type=\"image\/jpg\" \/><source srcset=\"https:\/\/www.infobae.com\/new-resizer\/H7aMkI9A-lxiMa1ybGYY5PCVKUA=\/768x432\/filters:format(jpg):quality(85)\/cloudfront-us-east-1.images.arcpublishing.com\/infobae\/W63JOSACEJEHPDNGYNHI47L57Q.jpg 768w\" type=\"image\/jpg\" \/><source srcset=\"https:\/\/www.infobae.com\/new-resizer\/JsOxPfoPMrIkjj9A6XRI3pBmrH8=\/420x236\/filters:format(jpg):quality(85)\/cloudfront-us-east-1.images.arcpublishing.com\/infobae\/W63JOSACEJEHPDNGYNHI47L57Q.jpg 420w\" type=\"image\/jpg\" \/><img loading=\"lazy\" decoding=\"async\" src=\"https:\/\/www.infobae.com\/new-resizer\/JsOxPfoPMrIkjj9A6XRI3pBmrH8=\/420x236\/filters:format(jpg):quality(85)\/\/cloudfront-us-east-1.images.arcpublishing.com\/infobae\/W63JOSACEJEHPDNGYNHI47L57Q.jpg\" alt=\"Solo el 53,6% de la poblaci\u00f3n mundial tiene acceso a Internet de acuerdo a la Organizaci\u00f3n de las Naciones Unidas\" width=\"1920\" height=\"1080\" \/>Solo el 53,6% de la poblaci\u00f3n mundial tiene acceso a Internet de acuerdo a la Organizaci\u00f3n de las Naciones Unidas<\/picture>\n<p class=\"font_tertiary paragraph\">De acuerdo a Trendsity, desde el inicio de la pandemia quedaron en evidencia tres niveles de brecha digital educativa en Argentina:\u00a0<mark class=\"hl_yellow\"><b>al acceso, la velocidad y los dispositivos con acceso a Internet por parte de los estudiantes en su hogar.<\/b><\/mark>\u00a0La conexi\u00f3n, la velocidad y la cantidad de dispositivos determinan c\u00f3mo ser\u00e1 el v\u00ednculo con el docente. \u201cLa situaci\u00f3n actual en el sistema educativo no afect\u00f3 s\u00f3lo a los estudiantes y sus entornos familiares. Tambi\u00e9n requiri\u00f3 una transformaci\u00f3n acelerada y una mayor presi\u00f3n sobre las pr\u00e1cticas de docentes y profesores en todos los niveles del sistema educativo para dise\u00f1ar e impartir clases en l\u00ednea\u201d, asegur\u00f3.<\/p>\n<p class=\"font_tertiary paragraph\">Cuando la velocidad es menor a 20 Mbps se dificultan las actividades de aprendizajes sincr\u00f3nicos (como videoconferencias o foros), solo quedando disponibles las actividades asincr\u00f3nicas (tarea, lecturas o videos). Se agrega adem\u00e1s una cuarta dimensi\u00f3n referida al acompa\u00f1amiento en el desarrollo de las tareas. En este contexto, tener Internet no es sin\u00f3nimo de estar conectados.<\/p>\n<blockquote class=\"font_tertiary color_figcaption\">\n<div class=\"text\">El 88% de los argentinos considera que la conexi\u00f3n a Internet es un servicio de necesidad y 7 de cada 10 reconoce que no podr\u00eda transitar ni haber transitado esta cuarentena sin conexi\u00f3n<\/div>\n<\/blockquote>\n<p class=\"font_tertiary paragraph\">Las transformaciones ocurridas desde la irrupci\u00f3n de la crisis del COVID-19 fueron poniendo evidencias brechas digitales, m\u00e1s all\u00e1 del \u00e1mbito educativo, tambi\u00e9n en t\u00e9rminos de g\u00e9nero y edad. \u201cYa no podemos hablar de una brecha digital sino de m\u00faltiples. Ya no son un tema m\u00e1s, sino que afectan el acceso de las personas a oportunidades y la inclusi\u00f3n en sus comunidades\u201d, resalt\u00f3 el informe.<\/p>\n<div class=\"Ad_5 | ad-wrapper display_flex align_items_center width_full justify_center\">\n<div class=\"\">Estudios realizados por ONU Mujeres y el Programa de las Naciones Unidas para el Desarrollo (PNUD), se\u00f1alaron que la crisis del COVID-19 aumentar\u00e1 dr\u00e1sticamente la tasa de pobreza de las <a href=\"https:\/\/diariofemenino.com.ar\/womenintechspain-ejecutivas-digitales-que-buscan-acabar-con-la-brecha-digital\/\">mujeres<\/a> y ampliar\u00e1 la <a href=\"https:\/\/diariofemenino.com.ar\/desigualdad-de-genero-la-brecha-tambien-es-digital\/\">brecha<\/a> entre hombres y mujeres que viven en la pobreza extrema. \u201cSi bien se esperaba que la tasa de pobreza de las mujeres disminuyera en un 2,7% entre 2019 y 2021, debido a las consecuencias de la pandemia se prev\u00e9 un incremento del 9,1%, especialmente las mujeres en edad reproductiva\u201d, detall\u00f3 el trabajo de Trendsity.<\/div>\n<\/div>\n<picture class=\"font_tertiary visual__image\"><source srcset=\"https:\/\/www.infobae.com\/new-resizer\/Nwy1GOjLisqq4TTBbtf0m1yT9yo=\/768x512\/filters:format(jpg):quality(85)\/cloudfront-us-east-1.images.arcpublishing.com\/infobae\/ONYG5WGALHDMG3ZSKOEBDVEN54.jpg 1200w\" type=\"image\/jpg\" \/><source srcset=\"https:\/\/www.infobae.com\/new-resizer\/Nwy1GOjLisqq4TTBbtf0m1yT9yo=\/768x512\/filters:format(jpg):quality(85)\/cloudfront-us-east-1.images.arcpublishing.com\/infobae\/ONYG5WGALHDMG3ZSKOEBDVEN54.jpg 992w\" type=\"image\/jpg\" \/><source srcset=\"https:\/\/www.infobae.com\/new-resizer\/Nwy1GOjLisqq4TTBbtf0m1yT9yo=\/768x512\/filters:format(jpg):quality(85)\/cloudfront-us-east-1.images.arcpublishing.com\/infobae\/ONYG5WGALHDMG3ZSKOEBDVEN54.jpg 768w\" type=\"image\/jpg\" \/><source srcset=\"https:\/\/www.infobae.com\/new-resizer\/J1a346QluFUVNCKyZDiZIhRdQps=\/420x280\/filters:format(jpg):quality(85)\/cloudfront-us-east-1.images.arcpublishing.com\/infobae\/ONYG5WGALHDMG3ZSKOEBDVEN54.jpg 420w\" type=\"image\/jpg\" \/><img loading=\"lazy\" decoding=\"async\" src=\"https:\/\/www.infobae.com\/new-resizer\/J1a346QluFUVNCKyZDiZIhRdQps=\/420x280\/filters:format(jpg):quality(85)\/\/cloudfront-us-east-1.images.arcpublishing.com\/infobae\/ONYG5WGALHDMG3ZSKOEBDVEN54.jpg\" alt=\"Especialistas estiman que las consecuencias distributivas pueden ser mayores a las de otras pandemias hist\u00f3ricas\" width=\"6399\" height=\"4266\" \/>Especialistas estiman que las consecuencias distributivas pueden ser mayores a las de otras pandemias hist\u00f3ricas<\/picture>\n<p class=\"font_tertiary paragraph\">Esto se debe a que las mujeres asumen la mayor parte de la responsabilidad del cuidado de la familia, ganan menos, ahorran menos y tienen trabajos mucho menos seguros, situaci\u00f3n que se ha intensificado con la crisis del coronavirus. Las mujeres trabajan en algunos de los sectores m\u00e1s afectados, como el alojamiento, gastronom\u00eda y trabajo dom\u00e9stico.<\/p>\n<div class=\"Ad_6 | ad-wrapper display_flex align_items_center width_full justify_center\">\n<div class=\"\">La investigaci\u00f3n menciona un estudio realizado por la Unidad Coronavirus, que articulan el Ministerio de Ciencia, Tecnolog\u00eda e Innovaci\u00f3n con el Ministerio de las Mujeres, G\u00e9neros y Diversidad. All\u00ed se da cuenta que en las poblaciones urbanas, el 55% de las mujeres son jefas de hogar. A su vez, el 84% dijo ser responsable de las tareas dom\u00e9sticas y de cuidados durante la cuarentena, generando un \u201cdoble turno\u201d de trabajo (remunerado y no remunerado).<\/div>\n<\/div>\n<p class=\"font_tertiary paragraph\">\u201c<mark class=\"hl_yellow\"><b>En este escenario, la exclusi\u00f3n es multidireccional. Si bien prevalece en todo el segmento, se vuelve a\u00fan m\u00e1s pronunciada en la interseccionalidad con segmentos de bajos ingresos, mujeres y sectores alejados de los principales centros urbanos<\/b><\/mark>\u201d, explic\u00f3 Mociulsky.<\/p>\n<p class=\"font_tertiary paragraph\"><mark class=\"hl_orange\"><b>\u201cEmpresas con prop\u00f3sito\u201d<\/b><\/mark><\/p>\n<p class=\"font_tertiary paragraph\">En un contexto m\u00e1s amplio, el trabajo tambi\u00e9n destaca el\u00a0<mark class=\"hl_yellow\"><b>\u201ccrecimiento sin precedentes de las\u00a0<\/b><i><b>fintech\u201d<\/b><\/i><b>\u00a0y como se asiste a\u00a0<\/b><i><b>\u201c<\/b><\/i><b>una tendencia de fronteras m\u00e1s flexibles y porosas en el mundo del trabajo\u00bb<\/b><\/mark>, donde \u00abtodo un nuevo conjunto de actividades se vuelve casi exclusivamente mediado por dispositivos\u201d.<\/p>\n<p class=\"font_tertiary paragraph\">Finalmente, la especialista destac\u00f3 que hay una oportunidad de impulsar nuevos esfuerzos para reducir las brechas desde los Estados, a nivel p\u00fablico, pero tambi\u00e9n de las grandes y peque\u00f1as empresas en el sector privado.<\/p>\n<blockquote class=\"font_tertiary color_figcaption\">\n<div class=\"text\">La capacidad de las marcas de marcar tendencia e inspirar cambios en la sociedad requiere de empresas comprometidas, con conciencia de su responsabilidad como actores sociales y agentes de cambio<\/div>\n<\/blockquote>\n<p class=\"font_tertiary paragraph\"><mark class=\"hl_yellow\"><b>\u201cLas prioridades est\u00e1n cambiando y es necesario cambiar la mirada. La sociedad actual requiere que las empresas l\u00edderes impulsen con su ejemplo el prop\u00f3sito de regeneraci\u00f3n de la vida comunitaria, de las relaciones interpersonales y de nuestro v\u00ednculo con el ecosistema.<\/b><\/mark>La capacidad de las marcas de marcar tendencia e inspirar cambios en la sociedad, en nuestros v\u00ednculos entre nosotros como sociedad y con el medioambiente, construyendo comunidad, requiere de empresas comprometidas, con conciencia de su responsabilidad como actores sociales y agentes de cambio. Esto implica ejercer su liderazgo desde un espacio de escucha activa de las demandas que nos est\u00e1n planteando los desaf\u00edos actuales y las nuevas generaciones\u00bb, asegur\u00f3 la CEO de Trendsity.<\/p>\n<p class=\"font_tertiary paragraph\">\u201cEl mundo no volver\u00e1 a ser el mismo. M\u00e1s que una expresi\u00f3n de deseo, vemos hoy la posibilidad de un cambio de paradigma y de la creaci\u00f3n de una nueva agenda pol\u00edtica y econ\u00f3mica global\u201d, concluy\u00f3.<\/p>\n<\/div>\n<p><a href=\"https:\/\/www.infobae.com\/\">Infobae<\/a><\/p>\n<p>&nbsp;<\/p>\n","protected":false},"excerpt":{"rendered":"<p>Brecha digital y las nuevas desigualdades que se incrementaron como consecuencia de la pandemia. Un informe de Mariela Mociulsky, CEO de la consultora Trendsity, destaca como las \u201cm\u00faltiples brechas\u201d afectan el acceso de las personas a oportunidades e inclusi\u00f3n. El nuevo rol de las empresas para marcar tendencias e inspirar cambios en la sociedad. Por\u00a0Ximena [&hellip;]<\/p>\n","protected":false},"author":4,"featured_media":52807,"comment_status":"open","ping_status":"open","sticky":false,"template":"","format":"standard","meta":{"iawp_total_views":11,"footnotes":""},"categories":[1067,178,581,627,32],"tags":[1281,3244,3629],"class_list":["post-52803","post","type-post","status-publish","format-standard","has-post-thumbnail","hentry","category-agenda-feminista","category-articulos-y-comunicados","category-azul-profundo","category-genero-y-derechos-humanos","category-mujeres","tag-brecha-digital","tag-desigualdades","tag-mariela-mociulsky"],"nelio_content":{"autoShareEndMode":"never","automationSources":{"useCustomSentences":false,"customSentences":[]},"efiAlt":"","efiUrl":"","followers":[4],"highlights":[],"isAutoShareEnabled":true,"networkImageIds":[],"permalinkQueryArgs":[],"series":[],"suggestedReferences":[]},"yoast_head":"<!-- This site is optimized with the Yoast SEO plugin v27.5 - https:\/\/yoast.com\/product\/yoast-seo-wordpress\/ -->\n<title>Brecha digital y las nuevas desigualdades - Diario Digital Femenino<\/title>\n<meta name=\"description\" content=\"Brecha digital y las nuevas desigualdades.\" \/>\n<meta name=\"robots\" content=\"index, follow, max-snippet:-1, max-image-preview:large, max-video-preview:-1\" \/>\n<link rel=\"canonical\" href=\"https:\/\/diariofemenino.com.ar\/df\/brecha-digital-y-las-nuevas-desigualdades\/\" \/>\n<meta property=\"og:locale\" content=\"es_ES\" \/>\n<meta property=\"og:type\" content=\"article\" \/>\n<meta property=\"og:title\" content=\"Brecha digital y las nuevas desigualdades - Diario Digital Femenino\" \/>\n<meta property=\"og:description\" content=\"Brecha digital y las nuevas desigualdades.\" \/>\n<meta property=\"og:url\" content=\"https:\/\/diariofemenino.com.ar\/df\/brecha-digital-y-las-nuevas-desigualdades\/\" \/>\n<meta property=\"og:site_name\" content=\"Diario Digital Femenino\" \/>\n<meta property=\"article:publisher\" content=\"https:\/\/www.facebook.com\/DiarioDigitaFemenino\/\" \/>\n<meta property=\"article:published_time\" content=\"2020-10-04T22:20:55+00:00\" \/>\n<meta property=\"article:modified_time\" content=\"2020-10-04T22:21:22+00:00\" \/>\n<meta property=\"og:image\" content=\"https:\/\/diariofemenino.com.ar\/df\/wp-content\/uploads\/2020\/10\/FN7LDDQXHVHDNNTVVFYJ5AHKEM.jpeg\" \/>\n\t<meta property=\"og:image:width\" content=\"768\" \/>\n\t<meta property=\"og:image:height\" content=\"512\" \/>\n\t<meta property=\"og:image:type\" content=\"image\/jpeg\" \/>\n<meta name=\"author\" content=\"Admin\" \/>\n<meta name=\"twitter:card\" content=\"summary_large_image\" \/>\n<meta name=\"twitter:creator\" content=\"@DiarioFemenino1\" \/>\n<meta name=\"twitter:site\" content=\"@DiarioFemenino1\" \/>\n<meta name=\"twitter:label1\" content=\"Escrito por\" \/>\n\t<meta name=\"twitter:data1\" content=\"Admin\" \/>\n\t<meta name=\"twitter:label2\" content=\"Tiempo de lectura\" \/>\n\t<meta name=\"twitter:data2\" content=\"8 minutos\" \/>\n<script type=\"application\/ld+json\" class=\"yoast-schema-graph\">{\"@context\":\"https:\\\/\\\/schema.org\",\"@graph\":[{\"@type\":\"Article\",\"@id\":\"https:\\\/\\\/diariofemenino.com.ar\\\/df\\\/brecha-digital-y-las-nuevas-desigualdades\\\/#article\",\"isPartOf\":{\"@id\":\"https:\\\/\\\/diariofemenino.com.ar\\\/df\\\/brecha-digital-y-las-nuevas-desigualdades\\\/\"},\"author\":{\"name\":\"Admin\",\"@id\":\"https:\\\/\\\/diariofemenino.com.ar\\\/df\\\/#\\\/schema\\\/person\\\/bf6199e8158c657ea6f789b11ec85509\"},\"headline\":\"Brecha digital y las nuevas desigualdades\",\"datePublished\":\"2020-10-04T22:20:55+00:00\",\"dateModified\":\"2020-10-04T22:21:22+00:00\",\"mainEntityOfPage\":{\"@id\":\"https:\\\/\\\/diariofemenino.com.ar\\\/df\\\/brecha-digital-y-las-nuevas-desigualdades\\\/\"},\"wordCount\":1700,\"commentCount\":0,\"publisher\":{\"@id\":\"https:\\\/\\\/diariofemenino.com.ar\\\/df\\\/#organization\"},\"image\":{\"@id\":\"https:\\\/\\\/diariofemenino.com.ar\\\/df\\\/brecha-digital-y-las-nuevas-desigualdades\\\/#primaryimage\"},\"thumbnailUrl\":\"https:\\\/\\\/diariofemenino.com.ar\\\/df\\\/wp-content\\\/uploads\\\/2020\\\/10\\\/FN7LDDQXHVHDNNTVVFYJ5AHKEM.jpeg\",\"keywords\":[\"Brecha digital\",\"desigualdades\",\"Mariela Mociulsky\"],\"articleSection\":[\"Agenda Feminista\",\"Art\u00edculos y Comunicados\",\"Azul Profundo\",\"G\u00e9nero y Derechos Humanos\",\"Mujeres\"],\"inLanguage\":\"es\",\"potentialAction\":[{\"@type\":\"CommentAction\",\"name\":\"Comment\",\"target\":[\"https:\\\/\\\/diariofemenino.com.ar\\\/df\\\/brecha-digital-y-las-nuevas-desigualdades\\\/#respond\"]}]},{\"@type\":\"WebPage\",\"@id\":\"https:\\\/\\\/diariofemenino.com.ar\\\/df\\\/brecha-digital-y-las-nuevas-desigualdades\\\/\",\"url\":\"https:\\\/\\\/diariofemenino.com.ar\\\/df\\\/brecha-digital-y-las-nuevas-desigualdades\\\/\",\"name\":\"Brecha digital y las nuevas desigualdades - Diario Digital Femenino\",\"isPartOf\":{\"@id\":\"https:\\\/\\\/diariofemenino.com.ar\\\/df\\\/#website\"},\"primaryImageOfPage\":{\"@id\":\"https:\\\/\\\/diariofemenino.com.ar\\\/df\\\/brecha-digital-y-las-nuevas-desigualdades\\\/#primaryimage\"},\"image\":{\"@id\":\"https:\\\/\\\/diariofemenino.com.ar\\\/df\\\/brecha-digital-y-las-nuevas-desigualdades\\\/#primaryimage\"},\"thumbnailUrl\":\"https:\\\/\\\/diariofemenino.com.ar\\\/df\\\/wp-content\\\/uploads\\\/2020\\\/10\\\/FN7LDDQXHVHDNNTVVFYJ5AHKEM.jpeg\",\"datePublished\":\"2020-10-04T22:20:55+00:00\",\"dateModified\":\"2020-10-04T22:21:22+00:00\",\"description\":\"Brecha digital y las nuevas desigualdades.\",\"breadcrumb\":{\"@id\":\"https:\\\/\\\/diariofemenino.com.ar\\\/df\\\/brecha-digital-y-las-nuevas-desigualdades\\\/#breadcrumb\"},\"inLanguage\":\"es\",\"potentialAction\":[{\"@type\":\"ReadAction\",\"target\":[\"https:\\\/\\\/diariofemenino.com.ar\\\/df\\\/brecha-digital-y-las-nuevas-desigualdades\\\/\"]}]},{\"@type\":\"ImageObject\",\"inLanguage\":\"es\",\"@id\":\"https:\\\/\\\/diariofemenino.com.ar\\\/df\\\/brecha-digital-y-las-nuevas-desigualdades\\\/#primaryimage\",\"url\":\"https:\\\/\\\/diariofemenino.com.ar\\\/df\\\/wp-content\\\/uploads\\\/2020\\\/10\\\/FN7LDDQXHVHDNNTVVFYJ5AHKEM.jpeg\",\"contentUrl\":\"https:\\\/\\\/diariofemenino.com.ar\\\/df\\\/wp-content\\\/uploads\\\/2020\\\/10\\\/FN7LDDQXHVHDNNTVVFYJ5AHKEM.jpeg\",\"width\":768,\"height\":512,\"caption\":\"Brecha digital y las nuevas desigualdades\"},{\"@type\":\"BreadcrumbList\",\"@id\":\"https:\\\/\\\/diariofemenino.com.ar\\\/df\\\/brecha-digital-y-las-nuevas-desigualdades\\\/#breadcrumb\",\"itemListElement\":[{\"@type\":\"ListItem\",\"position\":1,\"name\":\"Portada\",\"item\":\"https:\\\/\\\/diariofemenino.com.ar\\\/df\\\/\"},{\"@type\":\"ListItem\",\"position\":2,\"name\":\"Brecha digital y las nuevas desigualdades\"}]},{\"@type\":\"WebSite\",\"@id\":\"https:\\\/\\\/diariofemenino.com.ar\\\/df\\\/#website\",\"url\":\"https:\\\/\\\/diariofemenino.com.ar\\\/df\\\/\",\"name\":\"Diario Digital Femenino\",\"description\":\"Cuesti\u00f3n de G\u00e9nero\",\"publisher\":{\"@id\":\"https:\\\/\\\/diariofemenino.com.ar\\\/df\\\/#organization\"},\"potentialAction\":[{\"@type\":\"SearchAction\",\"target\":{\"@type\":\"EntryPoint\",\"urlTemplate\":\"https:\\\/\\\/diariofemenino.com.ar\\\/df\\\/?s={search_term_string}\"},\"query-input\":{\"@type\":\"PropertyValueSpecification\",\"valueRequired\":true,\"valueName\":\"search_term_string\"}}],\"inLanguage\":\"es\"},{\"@type\":\"Organization\",\"@id\":\"https:\\\/\\\/diariofemenino.com.ar\\\/df\\\/#organization\",\"name\":\"Diario Femenino\",\"url\":\"https:\\\/\\\/diariofemenino.com.ar\\\/df\\\/\",\"logo\":{\"@type\":\"ImageObject\",\"inLanguage\":\"es\",\"@id\":\"https:\\\/\\\/diariofemenino.com.ar\\\/df\\\/#\\\/schema\\\/logo\\\/image\\\/\",\"url\":\"https:\\\/\\\/diariofemenino.com.ar\\\/df\\\/wp-content\\\/uploads\\\/2018\\\/10\\\/logo.png\",\"contentUrl\":\"https:\\\/\\\/diariofemenino.com.ar\\\/df\\\/wp-content\\\/uploads\\\/2018\\\/10\\\/logo.png\",\"width\":500,\"height\":92,\"caption\":\"Diario Femenino\"},\"image\":{\"@id\":\"https:\\\/\\\/diariofemenino.com.ar\\\/df\\\/#\\\/schema\\\/logo\\\/image\\\/\"},\"sameAs\":[\"https:\\\/\\\/www.facebook.com\\\/DiarioDigitaFemenino\\\/\",\"https:\\\/\\\/x.com\\\/DiarioFemenino1\"]},{\"@type\":\"Person\",\"@id\":\"https:\\\/\\\/diariofemenino.com.ar\\\/df\\\/#\\\/schema\\\/person\\\/bf6199e8158c657ea6f789b11ec85509\",\"name\":\"Admin\",\"image\":{\"@type\":\"ImageObject\",\"inLanguage\":\"es\",\"@id\":\"https:\\\/\\\/diariofemenino.com.ar\\\/df\\\/wp-content\\\/uploads\\\/2018\\\/12\\\/favicon-150x150.jpg\",\"url\":\"https:\\\/\\\/diariofemenino.com.ar\\\/df\\\/wp-content\\\/uploads\\\/2018\\\/12\\\/favicon-150x150.jpg\",\"contentUrl\":\"https:\\\/\\\/diariofemenino.com.ar\\\/df\\\/wp-content\\\/uploads\\\/2018\\\/12\\\/favicon-150x150.jpg\",\"caption\":\"Admin\"},\"url\":\"https:\\\/\\\/diariofemenino.com.ar\\\/df\\\/author\\\/lenny\\\/\"}]}<\/script>\n<!-- \/ Yoast SEO plugin. -->","yoast_head_json":{"title":"Brecha digital y las nuevas desigualdades - Diario Digital Femenino","description":"Brecha digital y las nuevas desigualdades.","robots":{"index":"index","follow":"follow","max-snippet":"max-snippet:-1","max-image-preview":"max-image-preview:large","max-video-preview":"max-video-preview:-1"},"canonical":"https:\/\/diariofemenino.com.ar\/df\/brecha-digital-y-las-nuevas-desigualdades\/","og_locale":"es_ES","og_type":"article","og_title":"Brecha digital y las nuevas desigualdades - Diario Digital Femenino","og_description":"Brecha digital y las nuevas desigualdades.","og_url":"https:\/\/diariofemenino.com.ar\/df\/brecha-digital-y-las-nuevas-desigualdades\/","og_site_name":"Diario Digital Femenino","article_publisher":"https:\/\/www.facebook.com\/DiarioDigitaFemenino\/","article_published_time":"2020-10-04T22:20:55+00:00","article_modified_time":"2020-10-04T22:21:22+00:00","og_image":[{"width":768,"height":512,"url":"https:\/\/diariofemenino.com.ar\/df\/wp-content\/uploads\/2020\/10\/FN7LDDQXHVHDNNTVVFYJ5AHKEM.jpeg","type":"image\/jpeg"}],"author":"Admin","twitter_card":"summary_large_image","twitter_creator":"@DiarioFemenino1","twitter_site":"@DiarioFemenino1","twitter_misc":{"Escrito por":"Admin","Tiempo de lectura":"8 minutos"},"schema":{"@context":"https:\/\/schema.org","@graph":[{"@type":"Article","@id":"https:\/\/diariofemenino.com.ar\/df\/brecha-digital-y-las-nuevas-desigualdades\/#article","isPartOf":{"@id":"https:\/\/diariofemenino.com.ar\/df\/brecha-digital-y-las-nuevas-desigualdades\/"},"author":{"name":"Admin","@id":"https:\/\/diariofemenino.com.ar\/df\/#\/schema\/person\/bf6199e8158c657ea6f789b11ec85509"},"headline":"Brecha digital y las nuevas desigualdades","datePublished":"2020-10-04T22:20:55+00:00","dateModified":"2020-10-04T22:21:22+00:00","mainEntityOfPage":{"@id":"https:\/\/diariofemenino.com.ar\/df\/brecha-digital-y-las-nuevas-desigualdades\/"},"wordCount":1700,"commentCount":0,"publisher":{"@id":"https:\/\/diariofemenino.com.ar\/df\/#organization"},"image":{"@id":"https:\/\/diariofemenino.com.ar\/df\/brecha-digital-y-las-nuevas-desigualdades\/#primaryimage"},"thumbnailUrl":"https:\/\/diariofemenino.com.ar\/df\/wp-content\/uploads\/2020\/10\/FN7LDDQXHVHDNNTVVFYJ5AHKEM.jpeg","keywords":["Brecha digital","desigualdades","Mariela Mociulsky"],"articleSection":["Agenda Feminista","Art\u00edculos y Comunicados","Azul Profundo","G\u00e9nero y Derechos Humanos","Mujeres"],"inLanguage":"es","potentialAction":[{"@type":"CommentAction","name":"Comment","target":["https:\/\/diariofemenino.com.ar\/df\/brecha-digital-y-las-nuevas-desigualdades\/#respond"]}]},{"@type":"WebPage","@id":"https:\/\/diariofemenino.com.ar\/df\/brecha-digital-y-las-nuevas-desigualdades\/","url":"https:\/\/diariofemenino.com.ar\/df\/brecha-digital-y-las-nuevas-desigualdades\/","name":"Brecha digital y las nuevas desigualdades - Diario Digital Femenino","isPartOf":{"@id":"https:\/\/diariofemenino.com.ar\/df\/#website"},"primaryImageOfPage":{"@id":"https:\/\/diariofemenino.com.ar\/df\/brecha-digital-y-las-nuevas-desigualdades\/#primaryimage"},"image":{"@id":"https:\/\/diariofemenino.com.ar\/df\/brecha-digital-y-las-nuevas-desigualdades\/#primaryimage"},"thumbnailUrl":"https:\/\/diariofemenino.com.ar\/df\/wp-content\/uploads\/2020\/10\/FN7LDDQXHVHDNNTVVFYJ5AHKEM.jpeg","datePublished":"2020-10-04T22:20:55+00:00","dateModified":"2020-10-04T22:21:22+00:00","description":"Brecha digital y las nuevas desigualdades.","breadcrumb":{"@id":"https:\/\/diariofemenino.com.ar\/df\/brecha-digital-y-las-nuevas-desigualdades\/#breadcrumb"},"inLanguage":"es","potentialAction":[{"@type":"ReadAction","target":["https:\/\/diariofemenino.com.ar\/df\/brecha-digital-y-las-nuevas-desigualdades\/"]}]},{"@type":"ImageObject","inLanguage":"es","@id":"https:\/\/diariofemenino.com.ar\/df\/brecha-digital-y-las-nuevas-desigualdades\/#primaryimage","url":"https:\/\/diariofemenino.com.ar\/df\/wp-content\/uploads\/2020\/10\/FN7LDDQXHVHDNNTVVFYJ5AHKEM.jpeg","contentUrl":"https:\/\/diariofemenino.com.ar\/df\/wp-content\/uploads\/2020\/10\/FN7LDDQXHVHDNNTVVFYJ5AHKEM.jpeg","width":768,"height":512,"caption":"Brecha digital y las nuevas desigualdades"},{"@type":"BreadcrumbList","@id":"https:\/\/diariofemenino.com.ar\/df\/brecha-digital-y-las-nuevas-desigualdades\/#breadcrumb","itemListElement":[{"@type":"ListItem","position":1,"name":"Portada","item":"https:\/\/diariofemenino.com.ar\/df\/"},{"@type":"ListItem","position":2,"name":"Brecha digital y las nuevas desigualdades"}]},{"@type":"WebSite","@id":"https:\/\/diariofemenino.com.ar\/df\/#website","url":"https:\/\/diariofemenino.com.ar\/df\/","name":"Diario Digital Femenino","description":"Cuesti\u00f3n de G\u00e9nero","publisher":{"@id":"https:\/\/diariofemenino.com.ar\/df\/#organization"},"potentialAction":[{"@type":"SearchAction","target":{"@type":"EntryPoint","urlTemplate":"https:\/\/diariofemenino.com.ar\/df\/?s={search_term_string}"},"query-input":{"@type":"PropertyValueSpecification","valueRequired":true,"valueName":"search_term_string"}}],"inLanguage":"es"},{"@type":"Organization","@id":"https:\/\/diariofemenino.com.ar\/df\/#organization","name":"Diario Femenino","url":"https:\/\/diariofemenino.com.ar\/df\/","logo":{"@type":"ImageObject","inLanguage":"es","@id":"https:\/\/diariofemenino.com.ar\/df\/#\/schema\/logo\/image\/","url":"https:\/\/diariofemenino.com.ar\/df\/wp-content\/uploads\/2018\/10\/logo.png","contentUrl":"https:\/\/diariofemenino.com.ar\/df\/wp-content\/uploads\/2018\/10\/logo.png","width":500,"height":92,"caption":"Diario Femenino"},"image":{"@id":"https:\/\/diariofemenino.com.ar\/df\/#\/schema\/logo\/image\/"},"sameAs":["https:\/\/www.facebook.com\/DiarioDigitaFemenino\/","https:\/\/x.com\/DiarioFemenino1"]},{"@type":"Person","@id":"https:\/\/diariofemenino.com.ar\/df\/#\/schema\/person\/bf6199e8158c657ea6f789b11ec85509","name":"Admin","image":{"@type":"ImageObject","inLanguage":"es","@id":"https:\/\/diariofemenino.com.ar\/df\/wp-content\/uploads\/2018\/12\/favicon-150x150.jpg","url":"https:\/\/diariofemenino.com.ar\/df\/wp-content\/uploads\/2018\/12\/favicon-150x150.jpg","contentUrl":"https:\/\/diariofemenino.com.ar\/df\/wp-content\/uploads\/2018\/12\/favicon-150x150.jpg","caption":"Admin"},"url":"https:\/\/diariofemenino.com.ar\/df\/author\/lenny\/"}]}},"jetpack_featured_media_url":"https:\/\/diariofemenino.com.ar\/df\/wp-content\/uploads\/2020\/10\/FN7LDDQXHVHDNNTVVFYJ5AHKEM.jpeg","jetpack_sharing_enabled":true,"rttpg_featured_image_url":{"full":["https:\/\/diariofemenino.com.ar\/df\/wp-content\/uploads\/2020\/10\/FN7LDDQXHVHDNNTVVFYJ5AHKEM.jpeg",768,512,false],"landscape":["https:\/\/diariofemenino.com.ar\/df\/wp-content\/uploads\/2020\/10\/FN7LDDQXHVHDNNTVVFYJ5AHKEM.jpeg",768,512,false],"portraits":["https:\/\/diariofemenino.com.ar\/df\/wp-content\/uploads\/2020\/10\/FN7LDDQXHVHDNNTVVFYJ5AHKEM.jpeg",768,512,false],"thumbnail":["https:\/\/diariofemenino.com.ar\/df\/wp-content\/uploads\/2020\/10\/FN7LDDQXHVHDNNTVVFYJ5AHKEM-150x150.jpeg",150,150,true],"medium":["https:\/\/diariofemenino.com.ar\/df\/wp-content\/uploads\/2020\/10\/FN7LDDQXHVHDNNTVVFYJ5AHKEM-300x200.jpeg",300,200,true],"large":["https:\/\/diariofemenino.com.ar\/df\/wp-content\/uploads\/2020\/10\/FN7LDDQXHVHDNNTVVFYJ5AHKEM.jpeg",768,512,false],"1536x1536":["https:\/\/diariofemenino.com.ar\/df\/wp-content\/uploads\/2020\/10\/FN7LDDQXHVHDNNTVVFYJ5AHKEM.jpeg",768,512,false],"2048x2048":["https:\/\/diariofemenino.com.ar\/df\/wp-content\/uploads\/2020\/10\/FN7LDDQXHVHDNNTVVFYJ5AHKEM.jpeg",768,512,false]},"rttpg_author":{"display_name":"Admin","author_link":"https:\/\/diariofemenino.com.ar\/df\/author\/lenny\/"},"rttpg_comment":0,"rttpg_category":"<a href=\"https:\/\/diariofemenino.com.ar\/df\/category\/agenda-feminista\/\" rel=\"category tag\">Agenda Feminista<\/a> <a href=\"https:\/\/diariofemenino.com.ar\/df\/category\/articulos-y-comunicados\/\" rel=\"category tag\">Art\u00edculos y Comunicados<\/a> <a href=\"https:\/\/diariofemenino.com.ar\/df\/category\/azul-profundo\/\" rel=\"category tag\">Azul Profundo<\/a> <a href=\"https:\/\/diariofemenino.com.ar\/df\/category\/genero-y-derechos-humanos\/\" rel=\"category tag\">G\u00e9nero y Derechos Humanos<\/a> <a href=\"https:\/\/diariofemenino.com.ar\/df\/category\/mujeres\/\" rel=\"category tag\">Mujeres<\/a>","rttpg_excerpt":"Brecha digital y las nuevas desigualdades que se incrementaron como consecuencia de la pandemia. Un informe de Mariela Mociulsky, CEO de la consultora Trendsity, destaca como las \u201cm\u00faltiples brechas\u201d afectan el acceso de las personas a oportunidades e inclusi\u00f3n. El nuevo rol de las empresas para marcar tendencias e inspirar cambios en la sociedad. Por\u00a0Ximena&hellip;","_links":{"self":[{"href":"https:\/\/diariofemenino.com.ar\/df\/wp-json\/wp\/v2\/posts\/52803","targetHints":{"allow":["GET"]}}],"collection":[{"href":"https:\/\/diariofemenino.com.ar\/df\/wp-json\/wp\/v2\/posts"}],"about":[{"href":"https:\/\/diariofemenino.com.ar\/df\/wp-json\/wp\/v2\/types\/post"}],"author":[{"embeddable":true,"href":"https:\/\/diariofemenino.com.ar\/df\/wp-json\/wp\/v2\/users\/4"}],"replies":[{"embeddable":true,"href":"https:\/\/diariofemenino.com.ar\/df\/wp-json\/wp\/v2\/comments?post=52803"}],"version-history":[{"count":0,"href":"https:\/\/diariofemenino.com.ar\/df\/wp-json\/wp\/v2\/posts\/52803\/revisions"}],"wp:featuredmedia":[{"embeddable":true,"href":"https:\/\/diariofemenino.com.ar\/df\/wp-json\/wp\/v2\/media\/52807"}],"wp:attachment":[{"href":"https:\/\/diariofemenino.com.ar\/df\/wp-json\/wp\/v2\/media?parent=52803"}],"wp:term":[{"taxonomy":"category","embeddable":true,"href":"https:\/\/diariofemenino.com.ar\/df\/wp-json\/wp\/v2\/categories?post=52803"},{"taxonomy":"post_tag","embeddable":true,"href":"https:\/\/diariofemenino.com.ar\/df\/wp-json\/wp\/v2\/tags?post=52803"}],"curies":[{"name":"wp","href":"https:\/\/api.w.org\/{rel}","templated":true}]}}