{"id":52744,"date":"2020-10-01T10:29:00","date_gmt":"2020-10-01T13:29:00","guid":{"rendered":"https:\/\/diariofemenino.com.ar\/?p=52744"},"modified":"2020-10-01T10:29:00","modified_gmt":"2020-10-01T13:29:00","slug":"hablemos-de-feminismo-punitivista","status":"publish","type":"post","link":"https:\/\/diariofemenino.com.ar\/df\/hablemos-de-feminismo-punitivista\/","title":{"rendered":"Hablemos de \u201cfeminismo punitivista\u201d"},"content":{"rendered":"<p>Un tema que no se debate demasiado dentro de los feminismos, del que pocas se animan a hablar abiertamente pero que en el \u00faltimo tiempo es utilizado de manera liviana para descalificar el pedido de justicia en alguna causas. \u00bfDebemos renunciar al pedido de justicia? Que fue precisamente lo que nos llev\u00f3 masivamente a las calles visibilizando el flagelo de la violencia contra las mujeres. \u00bfDebemos temer a reclamar para no ser \u201cacusadas\u201d de punitivista? \u00bfDeben paralizarse lo reclamos feminista en pos de las garant\u00edas \u00bfcu\u00e1les?\u00bfDe qui\u00e9nes?<\/p>\n<p>Necesitamos seguir pensando juntas y con ese objetivo convocamos a la escritora <a href=\"https:\/\/diariofemenino.com.ar\/esther-pineda-creo-que-hay-que-cambiar-la-forma-en-que-se-produce-el-conocimiento-feminista\/\">Esther Pineda G<\/a>. autora del libro \u201c<a href=\"https:\/\/www.cuspide.com\/9789875749665\/Cultura+Femicida+++El+Riesgo+De+Ser+Mujer+En+America+Latina\">Cultura femicida.<\/a> El riesgo de ser mujer en Am\u00e9rica Latina\u201d, quien en la entrevista nos invita a repasar esta cuesti\u00f3n, revisarla y tal vez reflexionar profundo al respecto.<\/p>\n<p>Por <a href=\"https:\/\/diariofemenino.com.ar\/feminismo-ad-honorem-o-extractivismo-epistemico\/\">Lenny C\u00e1ceres<\/a><\/p>\n<p><strong>\u00bfCu\u00e1l es el sentido de comenzar con esta calificaci\u00f3n de punitivista al feminismo que reclama justicia? Suena a patriarcal\u2026<\/strong><\/p>\n<p>-La proliferaci\u00f3n de discursos en los que se califica de \u201cpunitivistas\u201d a las feministas, a las v\u00edctimas de violencia sexista y a las familias de las v\u00edctimas no es casual, no es azarosa, no es inocente, es una narrativa y una pr\u00e1ctica patriarcal que tiene como objetivo estigmatizar, reprobar y sancionar socialmente a quienes visibilizan los cr\u00edmenes, a quienes los denuncian y a quienes demandan justicia; con la intenci\u00f3n de silenciar a las mujeres, desviar la atenci\u00f3n del delito y sus perpetradores, desmovilizar los pedidos de justicia ante los cr\u00edmenes cometidos contra las mujeres, y por tanto para beneficiar a los agresores y garantizar el sostenimiento y continuidad de la dominaci\u00f3n masculina.<\/p>\n<p><strong>\u00bfPor qu\u00e9 algunas feministas est\u00e1n asumiendo esa postura de calificar como punitivista a sus compa\u00f1eras que demandan justicia? <\/strong><\/p>\n<p>-Este discurso que califica los pedidos de justicia de las mujeres como \u201cpunitivistas\u201d fue iniciado por grupos de hombres (entre estos acad\u00e9micos, legisladores y pol\u00edticos) que se opon\u00edan a las leyes que tipificaban la violencia machista y los femicidios, el cual posteriormente fue calando en distintos sectores de la sociedad; lamentablemente este discurso ha comenzado a ser reproducido por algunas individualidades feministas quienes temen que por pedir justicia ante los cr\u00edmenes sexistas y mis\u00f3ginos puedan ser se\u00f1aladas, criticadas, puedan perder presencia medi\u00e1tica, espacios pol\u00edticos, e incluso ser consideradas como conservadoras y antiprogresistas. Aunado a ello, como dec\u00eda Simone de Beauvoir \u201cel opresor no ser\u00eda tan fuerte si no tuviese c\u00f3mplices entre los oprimidos\u201d y la realidad es que tambi\u00e9n hay que decir que algunas mujeres autodenominadas feministas est\u00e1n m\u00e1s preocupadas por proteger y justificar a los agresores que por las v\u00edctimas.<\/p>\n<p><strong>Estamos ante un \u201cgui\u00f1o\u201d amigable a la justicia \u00bfPara qu\u00e9? \u00bfPara qui\u00e9n? Se me ocurre pensar en el Sistema carcelario, por ejemplo.<\/strong><\/p>\n<p>-La vehemencia con la que se califican de punitivistas los pedidos de justicia ante los cr\u00edmenes cometidos contra las mujeres no la vemos ante la tipificaci\u00f3n y sanci\u00f3n de los delitos contra la propiedad, los genocidios, u otras formas de victimaci\u00f3n individual o colectiva. El discurso \u201canti-punitivista\u201d que carga contra el feminismo no est\u00e1 realmente preocupado por la privaci\u00f3n de la libertad de los perpetradores de los delitos, la verdadera preocupaci\u00f3n del \u201canti-punitivismo\u201d es que se tipifiquen, denuncien y sancionen los delitos cometidos contra las mujeres.<\/p>\n<p>Bajo el argumento de que la c\u00e1rcel no previene, no educa, no rehabilita y no permite a los agresores reinsertarse en la sociedad se le exige a las mujeres reproducir roles de g\u00e9nero estereot\u00edpicos y tradicionales, por ejemplo, sacrificarse, dejar de pedir justicia ante los cr\u00edmenes contra ellas cometidas, educar a sus agresores y aceptar la impunidad; mientras que al Estado no se le exige el desarrollo e implementaci\u00f3n de pol\u00edticas de prevenci\u00f3n de estos cr\u00edmenes, como tampoco la garant\u00eda de derechos humanos, la transformaci\u00f3n de sus instituciones, y la humanizaci\u00f3n de las c\u00e1rceles para aquellos casos en los cuales los delitos ya han sido cometidos y deben ser sancionados.<\/p>\n<p><strong>\u00bfEs posible esa generalizaci\u00f3n de \u201cpunitivista\u201d cuando cada causa debe abordarse concretamente? <\/strong><\/p>\n<p>-Esa narrativa en la que se califica como \u201cpunitivista\u201d cualquier pedido de justicia, principalmente de aquellos cr\u00edmenes cometidos contra las mujeres (violencia f\u00edsica, violaciones, trata, proxenetismo, desapariciones, femicidios) tiende a ser universalizadora y totalizante; adem\u00e1s que tiende a justificar la impunidad en delitos graves contra la integridad y la vida, ampar\u00e1ndose y usando como ejemplo casos donde fueron encarcelados los ejecutores de infracciones o delitos menores. No podemos equiparar un adolescente de 13 a\u00f1os que se rob\u00f3 una lata de at\u00fan, con un hombre que viol\u00f3, asesin\u00f3 y descuartiz\u00f3 a una mujer para finalizar arroj\u00e1ndola a un botadero de basura. La sanci\u00f3n penal existe, sigue siendo necesaria, el abordaje no puede ser el mismo para todos los delitos, y no pueden ser las mujeres y sus familias quienes paguen por las deficiencias del Estado en materia de justicia; yo no tendr\u00eda cara para decirle a la v\u00edctima de una violaci\u00f3n que es punitivista por pedir que su agresor sea sancionado, no podr\u00eda decirle a la madre de una v\u00edctima de femicidio que es punitivista por pedir justicia para su hija y que no puede enviar al femicida a la c\u00e1rcel porque las c\u00e1rceles no reeducan, eso por mucho que se le quiera maquillar se llama revictimizaci\u00f3n.<\/p>\n<p><strong>Vamos por lo opuesto \u00bfEl garantismo sumar\u00eda? \u00bfPara qui\u00e9n? <\/strong><\/p>\n<p>-Uno de los problemas de nuestras sociedades actuales es que algunos t\u00e9rminos se masifican sin ning\u00fan tipo de profundidad o rigurosidad y en el proceso son vaciados de sentido, las personas los reproducen constantemente pero no saben que significa o su significado fue tan tergiversado que termina convertido en algo que nada tiene que ver con su sentido u objetivo original. El garantismo est\u00e1 siendo mal entendido, garantismo no es liberar agresores o prescindir de la sanci\u00f3n penal, el garantismo como su palabra lo dice es garantizar el acceso a la justicia de las victimas al mismo tiempo que garantizar los derechos humanos de los imputados y condenados: el respeto a la garant\u00eda del debido proceso, la garant\u00eda de un juicio justo sin arbitrariedades y formas de ensa\u00f1amiento del sistema penal, la desburocratizaci\u00f3n del sistema penal y por tanto la erradicaci\u00f3n de los retardos procesales, la deconstrucci\u00f3n de los prejuicios y estereotipos racistas y clasistas que persisten en los operadores de justicia, y la garant\u00eda de que la investigaci\u00f3n, formulaci\u00f3n e implementaci\u00f3n de mecanismos y v\u00edas de sanci\u00f3n penal se desarrollen en el marco del respeto de los derechos y la dignidad humana garantizando la tutela judicial efectiva. Liberar o prescindir de la sanci\u00f3n penal de los perpetradores de delitos contra las mujeres no es garantismo.<\/p>\n<p><strong>\u00bfEn los casos de violencia contra la mujer realmente existe el punitivismo? <\/strong><\/p>\n<p>-El punitivismo feministas es una ficci\u00f3n, porque se ha comprobado que los delitos cometidos contra las mujeres han sido y contin\u00faan siendo los menos perseguidos, investigados y sancionados. Los porcentajes de agresores de mujeres (golpeadores, violadores, tratantes, proxenetas, femicidas) siguen siendo \u00ednfimos comparados con el n\u00famero de casos denunciados; aunado a que no existe sobrepoblaci\u00f3n carcelaria por los delitos cometidos contra las mujeres, porque de hecho, en el contexto de una justicia patriarcal los perpetradores de cr\u00edmenes contra las mujeres son quienes logran acaparar mayor empat\u00eda por parte de polic\u00edas, fiscales y jueces, y quienes en el abanico de delitos contra la propiedad y las personas son quienes suelen ser en mayor medida favorecidos.<\/p>\n<p><strong>\u00bfLas leyes de violencia contra la mujer y el femicidio no han podido reducir su ocurrencia, para que sirven entonces?<\/strong><\/p>\n<p>-La tipificaci\u00f3n de los delitos contra las mujeres sirven para: 1) Decirle a la sociedad que la violencia contra la mujer no ser\u00e1 tolerada por el Estado. 2) \u00a0Sancionar la comisi\u00f3n de los cr\u00edmenes cometidos contra las mujeres en el contexto de relaciones de desigualdad, dependencia y proximidad. 3) Reducir la impunidad y revocar el permiso social e institucional ante la comisi\u00f3n de estos cr\u00edmenes. 4) Salvaguardar la integridad y la vida de otras ni\u00f1as y mujeres v\u00edctimas potenciales de los ya agresores.<\/p>\n<figure id=\"attachment_52748\" aria-describedby=\"caption-attachment-52748\" style=\"width: 185px\" class=\"wp-caption aligncenter\"><img loading=\"lazy\" decoding=\"async\" class=\"wp-image-52748 size-full\" src=\"https:\/\/diariofemenino.com.ar\/df\/wp-content\/uploads\/2020\/10\/9789875749665.jpg\" alt=\"Esther Pineda G.\" width=\"185\" height=\"272\" \/><figcaption id=\"caption-attachment-52748\" class=\"wp-caption-text\"><a href=\"https:\/\/www.amazon.com.mx\/Cultura-femicida-riesgo-Am%C3%A9rica-Latina\/dp\/9875749664\">Esther Pineda G.<\/a><\/figcaption><\/figure>\n","protected":false},"excerpt":{"rendered":"<p>Un tema que no se debate demasiado dentro de los feminismos, del que pocas se animan a hablar abiertamente pero que en el \u00faltimo tiempo es utilizado de manera liviana para descalificar el pedido de justicia en alguna causas. \u00bfDebemos renunciar al pedido de justicia? Que fue precisamente lo que nos llev\u00f3 masivamente a las [&hellip;]<\/p>\n","protected":false},"author":4,"featured_media":52754,"comment_status":"open","ping_status":"open","sticky":false,"template":"","format":"standard","meta":{"iawp_total_views":38,"footnotes":""},"categories":[1067,8,627,6,21,580],"tags":[2304,66,26,1164],"class_list":["post-52744","post","type-post","status-publish","format-standard","has-post-thumbnail","hentry","category-agenda-feminista","category-entrevistas","category-genero-y-derechos-humanos","category-articulos","category-noticias","category-resistencia-verdevioleta","tag-esther-pineda-g","tag-femicidios","tag-feminismo","tag-punitivismo"],"nelio_content":{"autoShareEndMode":"never","automationSources":{"useCustomSentences":false,"customSentences":[]},"efiAlt":"","efiUrl":"","followers":[4],"highlights":[],"isAutoShareEnabled":true,"networkImageIds":[],"permalinkQueryArgs":[],"series":[],"suggestedReferences":[]},"yoast_head":"<!-- This site is optimized with the Yoast SEO plugin v27.5 - https:\/\/yoast.com\/product\/yoast-seo-wordpress\/ -->\n<title>Hablemos de \u201cfeminismo punitivista\u201d - Diario Digital Femenino<\/title>\n<meta name=\"description\" content=\"Hablemos de \u201cfeminismo punitivista&quot;. Pretender acusar al feminismo que reclama justicia de punitivista \u00bfpara qu\u00e9? \u00bfpara qui\u00e9n?\" \/>\n<meta name=\"robots\" content=\"index, follow, max-snippet:-1, max-image-preview:large, max-video-preview:-1\" \/>\n<link rel=\"canonical\" href=\"https:\/\/diariofemenino.com.ar\/df\/hablemos-de-feminismo-punitivista\/\" \/>\n<meta property=\"og:locale\" content=\"es_ES\" \/>\n<meta property=\"og:type\" content=\"article\" \/>\n<meta property=\"og:title\" content=\"Hablemos de \u201cfeminismo punitivista\u201d - Diario Digital Femenino\" \/>\n<meta property=\"og:description\" content=\"Hablemos de \u201cfeminismo punitivista&quot;. Pretender acusar al feminismo que reclama justicia de punitivista \u00bfpara qu\u00e9? \u00bfpara qui\u00e9n?\" \/>\n<meta property=\"og:url\" content=\"https:\/\/diariofemenino.com.ar\/df\/hablemos-de-feminismo-punitivista\/\" \/>\n<meta property=\"og:site_name\" content=\"Diario Digital Femenino\" \/>\n<meta property=\"article:publisher\" content=\"https:\/\/www.facebook.com\/DiarioDigitaFemenino\/\" \/>\n<meta property=\"article:published_time\" content=\"2020-10-01T13:29:00+00:00\" \/>\n<meta property=\"og:image\" content=\"https:\/\/diariofemenino.com.ar\/df\/wp-content\/uploads\/2020\/10\/Esther.jpg\" \/>\n\t<meta property=\"og:image:width\" content=\"647\" \/>\n\t<meta property=\"og:image:height\" content=\"376\" \/>\n\t<meta property=\"og:image:type\" content=\"image\/jpeg\" \/>\n<meta name=\"author\" content=\"Admin\" \/>\n<meta name=\"twitter:card\" content=\"summary_large_image\" \/>\n<meta name=\"twitter:creator\" content=\"@DiarioFemenino1\" \/>\n<meta name=\"twitter:site\" content=\"@DiarioFemenino1\" \/>\n<meta name=\"twitter:label1\" content=\"Escrito por\" \/>\n\t<meta name=\"twitter:data1\" content=\"Admin\" \/>\n\t<meta name=\"twitter:label2\" content=\"Tiempo de lectura\" \/>\n\t<meta name=\"twitter:data2\" content=\"7 minutos\" \/>\n<script type=\"application\/ld+json\" class=\"yoast-schema-graph\">{\"@context\":\"https:\\\/\\\/schema.org\",\"@graph\":[{\"@type\":\"Article\",\"@id\":\"https:\\\/\\\/diariofemenino.com.ar\\\/df\\\/hablemos-de-feminismo-punitivista\\\/#article\",\"isPartOf\":{\"@id\":\"https:\\\/\\\/diariofemenino.com.ar\\\/df\\\/hablemos-de-feminismo-punitivista\\\/\"},\"author\":{\"name\":\"Admin\",\"@id\":\"https:\\\/\\\/diariofemenino.com.ar\\\/df\\\/#\\\/schema\\\/person\\\/bf6199e8158c657ea6f789b11ec85509\"},\"headline\":\"Hablemos de \u201cfeminismo punitivista\u201d\",\"datePublished\":\"2020-10-01T13:29:00+00:00\",\"mainEntityOfPage\":{\"@id\":\"https:\\\/\\\/diariofemenino.com.ar\\\/df\\\/hablemos-de-feminismo-punitivista\\\/\"},\"wordCount\":1429,\"commentCount\":1,\"publisher\":{\"@id\":\"https:\\\/\\\/diariofemenino.com.ar\\\/df\\\/#organization\"},\"image\":{\"@id\":\"https:\\\/\\\/diariofemenino.com.ar\\\/df\\\/hablemos-de-feminismo-punitivista\\\/#primaryimage\"},\"thumbnailUrl\":\"https:\\\/\\\/diariofemenino.com.ar\\\/df\\\/wp-content\\\/uploads\\\/2020\\\/10\\\/Esther.jpg\",\"keywords\":[\"Esther Pineda G.\",\"Femicidios\",\"Feminismo\",\"Punitivismo\"],\"articleSection\":[\"Agenda Feminista\",\"Entrevistas\",\"G\u00e9nero y Derechos Humanos\",\"Mujeres en Palabras\",\"Noticias\",\"Resistencia VerdeVioleta\"],\"inLanguage\":\"es\",\"potentialAction\":[{\"@type\":\"CommentAction\",\"name\":\"Comment\",\"target\":[\"https:\\\/\\\/diariofemenino.com.ar\\\/df\\\/hablemos-de-feminismo-punitivista\\\/#respond\"]}]},{\"@type\":\"WebPage\",\"@id\":\"https:\\\/\\\/diariofemenino.com.ar\\\/df\\\/hablemos-de-feminismo-punitivista\\\/\",\"url\":\"https:\\\/\\\/diariofemenino.com.ar\\\/df\\\/hablemos-de-feminismo-punitivista\\\/\",\"name\":\"Hablemos de \u201cfeminismo punitivista\u201d - Diario Digital Femenino\",\"isPartOf\":{\"@id\":\"https:\\\/\\\/diariofemenino.com.ar\\\/df\\\/#website\"},\"primaryImageOfPage\":{\"@id\":\"https:\\\/\\\/diariofemenino.com.ar\\\/df\\\/hablemos-de-feminismo-punitivista\\\/#primaryimage\"},\"image\":{\"@id\":\"https:\\\/\\\/diariofemenino.com.ar\\\/df\\\/hablemos-de-feminismo-punitivista\\\/#primaryimage\"},\"thumbnailUrl\":\"https:\\\/\\\/diariofemenino.com.ar\\\/df\\\/wp-content\\\/uploads\\\/2020\\\/10\\\/Esther.jpg\",\"datePublished\":\"2020-10-01T13:29:00+00:00\",\"description\":\"Hablemos de \u201cfeminismo punitivista\\\". Pretender acusar al feminismo que reclama justicia de punitivista \u00bfpara qu\u00e9? \u00bfpara qui\u00e9n?\",\"breadcrumb\":{\"@id\":\"https:\\\/\\\/diariofemenino.com.ar\\\/df\\\/hablemos-de-feminismo-punitivista\\\/#breadcrumb\"},\"inLanguage\":\"es\",\"potentialAction\":[{\"@type\":\"ReadAction\",\"target\":[\"https:\\\/\\\/diariofemenino.com.ar\\\/df\\\/hablemos-de-feminismo-punitivista\\\/\"]}]},{\"@type\":\"ImageObject\",\"inLanguage\":\"es\",\"@id\":\"https:\\\/\\\/diariofemenino.com.ar\\\/df\\\/hablemos-de-feminismo-punitivista\\\/#primaryimage\",\"url\":\"https:\\\/\\\/diariofemenino.com.ar\\\/df\\\/wp-content\\\/uploads\\\/2020\\\/10\\\/Esther.jpg\",\"contentUrl\":\"https:\\\/\\\/diariofemenino.com.ar\\\/df\\\/wp-content\\\/uploads\\\/2020\\\/10\\\/Esther.jpg\",\"width\":647,\"height\":376,\"caption\":\"Hablemos de \u201cfeminismo punitivista\u201d\"},{\"@type\":\"BreadcrumbList\",\"@id\":\"https:\\\/\\\/diariofemenino.com.ar\\\/df\\\/hablemos-de-feminismo-punitivista\\\/#breadcrumb\",\"itemListElement\":[{\"@type\":\"ListItem\",\"position\":1,\"name\":\"Portada\",\"item\":\"https:\\\/\\\/diariofemenino.com.ar\\\/df\\\/\"},{\"@type\":\"ListItem\",\"position\":2,\"name\":\"Hablemos de \u201cfeminismo punitivista\u201d\"}]},{\"@type\":\"WebSite\",\"@id\":\"https:\\\/\\\/diariofemenino.com.ar\\\/df\\\/#website\",\"url\":\"https:\\\/\\\/diariofemenino.com.ar\\\/df\\\/\",\"name\":\"Diario Digital Femenino\",\"description\":\"Cuesti\u00f3n de G\u00e9nero\",\"publisher\":{\"@id\":\"https:\\\/\\\/diariofemenino.com.ar\\\/df\\\/#organization\"},\"potentialAction\":[{\"@type\":\"SearchAction\",\"target\":{\"@type\":\"EntryPoint\",\"urlTemplate\":\"https:\\\/\\\/diariofemenino.com.ar\\\/df\\\/?s={search_term_string}\"},\"query-input\":{\"@type\":\"PropertyValueSpecification\",\"valueRequired\":true,\"valueName\":\"search_term_string\"}}],\"inLanguage\":\"es\"},{\"@type\":\"Organization\",\"@id\":\"https:\\\/\\\/diariofemenino.com.ar\\\/df\\\/#organization\",\"name\":\"Diario Femenino\",\"url\":\"https:\\\/\\\/diariofemenino.com.ar\\\/df\\\/\",\"logo\":{\"@type\":\"ImageObject\",\"inLanguage\":\"es\",\"@id\":\"https:\\\/\\\/diariofemenino.com.ar\\\/df\\\/#\\\/schema\\\/logo\\\/image\\\/\",\"url\":\"https:\\\/\\\/diariofemenino.com.ar\\\/df\\\/wp-content\\\/uploads\\\/2018\\\/10\\\/logo.png\",\"contentUrl\":\"https:\\\/\\\/diariofemenino.com.ar\\\/df\\\/wp-content\\\/uploads\\\/2018\\\/10\\\/logo.png\",\"width\":500,\"height\":92,\"caption\":\"Diario Femenino\"},\"image\":{\"@id\":\"https:\\\/\\\/diariofemenino.com.ar\\\/df\\\/#\\\/schema\\\/logo\\\/image\\\/\"},\"sameAs\":[\"https:\\\/\\\/www.facebook.com\\\/DiarioDigitaFemenino\\\/\",\"https:\\\/\\\/x.com\\\/DiarioFemenino1\"]},{\"@type\":\"Person\",\"@id\":\"https:\\\/\\\/diariofemenino.com.ar\\\/df\\\/#\\\/schema\\\/person\\\/bf6199e8158c657ea6f789b11ec85509\",\"name\":\"Admin\",\"image\":{\"@type\":\"ImageObject\",\"inLanguage\":\"es\",\"@id\":\"https:\\\/\\\/diariofemenino.com.ar\\\/df\\\/wp-content\\\/uploads\\\/2018\\\/12\\\/favicon-150x150.jpg\",\"url\":\"https:\\\/\\\/diariofemenino.com.ar\\\/df\\\/wp-content\\\/uploads\\\/2018\\\/12\\\/favicon-150x150.jpg\",\"contentUrl\":\"https:\\\/\\\/diariofemenino.com.ar\\\/df\\\/wp-content\\\/uploads\\\/2018\\\/12\\\/favicon-150x150.jpg\",\"caption\":\"Admin\"},\"url\":\"https:\\\/\\\/diariofemenino.com.ar\\\/df\\\/author\\\/lenny\\\/\"}]}<\/script>\n<!-- \/ Yoast SEO plugin. -->","yoast_head_json":{"title":"Hablemos de \u201cfeminismo punitivista\u201d - Diario Digital Femenino","description":"Hablemos de \u201cfeminismo punitivista\". Pretender acusar al feminismo que reclama justicia de punitivista \u00bfpara qu\u00e9? \u00bfpara qui\u00e9n?","robots":{"index":"index","follow":"follow","max-snippet":"max-snippet:-1","max-image-preview":"max-image-preview:large","max-video-preview":"max-video-preview:-1"},"canonical":"https:\/\/diariofemenino.com.ar\/df\/hablemos-de-feminismo-punitivista\/","og_locale":"es_ES","og_type":"article","og_title":"Hablemos de \u201cfeminismo punitivista\u201d - Diario Digital Femenino","og_description":"Hablemos de \u201cfeminismo punitivista\". Pretender acusar al feminismo que reclama justicia de punitivista \u00bfpara qu\u00e9? \u00bfpara qui\u00e9n?","og_url":"https:\/\/diariofemenino.com.ar\/df\/hablemos-de-feminismo-punitivista\/","og_site_name":"Diario Digital Femenino","article_publisher":"https:\/\/www.facebook.com\/DiarioDigitaFemenino\/","article_published_time":"2020-10-01T13:29:00+00:00","og_image":[{"width":647,"height":376,"url":"https:\/\/diariofemenino.com.ar\/df\/wp-content\/uploads\/2020\/10\/Esther.jpg","type":"image\/jpeg"}],"author":"Admin","twitter_card":"summary_large_image","twitter_creator":"@DiarioFemenino1","twitter_site":"@DiarioFemenino1","twitter_misc":{"Escrito por":"Admin","Tiempo de lectura":"7 minutos"},"schema":{"@context":"https:\/\/schema.org","@graph":[{"@type":"Article","@id":"https:\/\/diariofemenino.com.ar\/df\/hablemos-de-feminismo-punitivista\/#article","isPartOf":{"@id":"https:\/\/diariofemenino.com.ar\/df\/hablemos-de-feminismo-punitivista\/"},"author":{"name":"Admin","@id":"https:\/\/diariofemenino.com.ar\/df\/#\/schema\/person\/bf6199e8158c657ea6f789b11ec85509"},"headline":"Hablemos de \u201cfeminismo punitivista\u201d","datePublished":"2020-10-01T13:29:00+00:00","mainEntityOfPage":{"@id":"https:\/\/diariofemenino.com.ar\/df\/hablemos-de-feminismo-punitivista\/"},"wordCount":1429,"commentCount":1,"publisher":{"@id":"https:\/\/diariofemenino.com.ar\/df\/#organization"},"image":{"@id":"https:\/\/diariofemenino.com.ar\/df\/hablemos-de-feminismo-punitivista\/#primaryimage"},"thumbnailUrl":"https:\/\/diariofemenino.com.ar\/df\/wp-content\/uploads\/2020\/10\/Esther.jpg","keywords":["Esther Pineda G.","Femicidios","Feminismo","Punitivismo"],"articleSection":["Agenda Feminista","Entrevistas","G\u00e9nero y Derechos Humanos","Mujeres en Palabras","Noticias","Resistencia VerdeVioleta"],"inLanguage":"es","potentialAction":[{"@type":"CommentAction","name":"Comment","target":["https:\/\/diariofemenino.com.ar\/df\/hablemos-de-feminismo-punitivista\/#respond"]}]},{"@type":"WebPage","@id":"https:\/\/diariofemenino.com.ar\/df\/hablemos-de-feminismo-punitivista\/","url":"https:\/\/diariofemenino.com.ar\/df\/hablemos-de-feminismo-punitivista\/","name":"Hablemos de \u201cfeminismo punitivista\u201d - Diario Digital Femenino","isPartOf":{"@id":"https:\/\/diariofemenino.com.ar\/df\/#website"},"primaryImageOfPage":{"@id":"https:\/\/diariofemenino.com.ar\/df\/hablemos-de-feminismo-punitivista\/#primaryimage"},"image":{"@id":"https:\/\/diariofemenino.com.ar\/df\/hablemos-de-feminismo-punitivista\/#primaryimage"},"thumbnailUrl":"https:\/\/diariofemenino.com.ar\/df\/wp-content\/uploads\/2020\/10\/Esther.jpg","datePublished":"2020-10-01T13:29:00+00:00","description":"Hablemos de \u201cfeminismo punitivista\". Pretender acusar al feminismo que reclama justicia de punitivista \u00bfpara qu\u00e9? \u00bfpara qui\u00e9n?","breadcrumb":{"@id":"https:\/\/diariofemenino.com.ar\/df\/hablemos-de-feminismo-punitivista\/#breadcrumb"},"inLanguage":"es","potentialAction":[{"@type":"ReadAction","target":["https:\/\/diariofemenino.com.ar\/df\/hablemos-de-feminismo-punitivista\/"]}]},{"@type":"ImageObject","inLanguage":"es","@id":"https:\/\/diariofemenino.com.ar\/df\/hablemos-de-feminismo-punitivista\/#primaryimage","url":"https:\/\/diariofemenino.com.ar\/df\/wp-content\/uploads\/2020\/10\/Esther.jpg","contentUrl":"https:\/\/diariofemenino.com.ar\/df\/wp-content\/uploads\/2020\/10\/Esther.jpg","width":647,"height":376,"caption":"Hablemos de \u201cfeminismo punitivista\u201d"},{"@type":"BreadcrumbList","@id":"https:\/\/diariofemenino.com.ar\/df\/hablemos-de-feminismo-punitivista\/#breadcrumb","itemListElement":[{"@type":"ListItem","position":1,"name":"Portada","item":"https:\/\/diariofemenino.com.ar\/df\/"},{"@type":"ListItem","position":2,"name":"Hablemos de \u201cfeminismo punitivista\u201d"}]},{"@type":"WebSite","@id":"https:\/\/diariofemenino.com.ar\/df\/#website","url":"https:\/\/diariofemenino.com.ar\/df\/","name":"Diario Digital Femenino","description":"Cuesti\u00f3n de G\u00e9nero","publisher":{"@id":"https:\/\/diariofemenino.com.ar\/df\/#organization"},"potentialAction":[{"@type":"SearchAction","target":{"@type":"EntryPoint","urlTemplate":"https:\/\/diariofemenino.com.ar\/df\/?s={search_term_string}"},"query-input":{"@type":"PropertyValueSpecification","valueRequired":true,"valueName":"search_term_string"}}],"inLanguage":"es"},{"@type":"Organization","@id":"https:\/\/diariofemenino.com.ar\/df\/#organization","name":"Diario Femenino","url":"https:\/\/diariofemenino.com.ar\/df\/","logo":{"@type":"ImageObject","inLanguage":"es","@id":"https:\/\/diariofemenino.com.ar\/df\/#\/schema\/logo\/image\/","url":"https:\/\/diariofemenino.com.ar\/df\/wp-content\/uploads\/2018\/10\/logo.png","contentUrl":"https:\/\/diariofemenino.com.ar\/df\/wp-content\/uploads\/2018\/10\/logo.png","width":500,"height":92,"caption":"Diario Femenino"},"image":{"@id":"https:\/\/diariofemenino.com.ar\/df\/#\/schema\/logo\/image\/"},"sameAs":["https:\/\/www.facebook.com\/DiarioDigitaFemenino\/","https:\/\/x.com\/DiarioFemenino1"]},{"@type":"Person","@id":"https:\/\/diariofemenino.com.ar\/df\/#\/schema\/person\/bf6199e8158c657ea6f789b11ec85509","name":"Admin","image":{"@type":"ImageObject","inLanguage":"es","@id":"https:\/\/diariofemenino.com.ar\/df\/wp-content\/uploads\/2018\/12\/favicon-150x150.jpg","url":"https:\/\/diariofemenino.com.ar\/df\/wp-content\/uploads\/2018\/12\/favicon-150x150.jpg","contentUrl":"https:\/\/diariofemenino.com.ar\/df\/wp-content\/uploads\/2018\/12\/favicon-150x150.jpg","caption":"Admin"},"url":"https:\/\/diariofemenino.com.ar\/df\/author\/lenny\/"}]}},"jetpack_featured_media_url":"https:\/\/diariofemenino.com.ar\/df\/wp-content\/uploads\/2020\/10\/Esther.jpg","jetpack_sharing_enabled":true,"rttpg_featured_image_url":{"full":["https:\/\/diariofemenino.com.ar\/df\/wp-content\/uploads\/2020\/10\/Esther.jpg",647,376,false],"landscape":["https:\/\/diariofemenino.com.ar\/df\/wp-content\/uploads\/2020\/10\/Esther.jpg",647,376,false],"portraits":["https:\/\/diariofemenino.com.ar\/df\/wp-content\/uploads\/2020\/10\/Esther.jpg",647,376,false],"thumbnail":["https:\/\/diariofemenino.com.ar\/df\/wp-content\/uploads\/2020\/10\/Esther-150x150.jpg",150,150,true],"medium":["https:\/\/diariofemenino.com.ar\/df\/wp-content\/uploads\/2020\/10\/Esther-300x174.jpg",300,174,true],"large":["https:\/\/diariofemenino.com.ar\/df\/wp-content\/uploads\/2020\/10\/Esther.jpg",647,376,false],"1536x1536":["https:\/\/diariofemenino.com.ar\/df\/wp-content\/uploads\/2020\/10\/Esther.jpg",647,376,false],"2048x2048":["https:\/\/diariofemenino.com.ar\/df\/wp-content\/uploads\/2020\/10\/Esther.jpg",647,376,false]},"rttpg_author":{"display_name":"Admin","author_link":"https:\/\/diariofemenino.com.ar\/df\/author\/lenny\/"},"rttpg_comment":1,"rttpg_category":"<a href=\"https:\/\/diariofemenino.com.ar\/df\/category\/agenda-feminista\/\" rel=\"category tag\">Agenda Feminista<\/a> <a href=\"https:\/\/diariofemenino.com.ar\/df\/category\/entrevistas\/\" rel=\"category tag\">Entrevistas<\/a> <a href=\"https:\/\/diariofemenino.com.ar\/df\/category\/genero-y-derechos-humanos\/\" rel=\"category tag\">G\u00e9nero y Derechos Humanos<\/a> <a href=\"https:\/\/diariofemenino.com.ar\/df\/category\/articulos\/\" rel=\"category tag\">Mujeres en Palabras<\/a> <a href=\"https:\/\/diariofemenino.com.ar\/df\/category\/noticias\/\" rel=\"category tag\">Noticias<\/a> <a href=\"https:\/\/diariofemenino.com.ar\/df\/category\/resistencia-verdevioleta\/\" rel=\"category tag\">Resistencia VerdeVioleta<\/a>","rttpg_excerpt":"Un tema que no se debate demasiado dentro de los feminismos, del que pocas se animan a hablar abiertamente pero que en el \u00faltimo tiempo es utilizado de manera liviana para descalificar el pedido de justicia en alguna causas. \u00bfDebemos renunciar al pedido de justicia? Que fue precisamente lo que nos llev\u00f3 masivamente a las&hellip;","_links":{"self":[{"href":"https:\/\/diariofemenino.com.ar\/df\/wp-json\/wp\/v2\/posts\/52744","targetHints":{"allow":["GET"]}}],"collection":[{"href":"https:\/\/diariofemenino.com.ar\/df\/wp-json\/wp\/v2\/posts"}],"about":[{"href":"https:\/\/diariofemenino.com.ar\/df\/wp-json\/wp\/v2\/types\/post"}],"author":[{"embeddable":true,"href":"https:\/\/diariofemenino.com.ar\/df\/wp-json\/wp\/v2\/users\/4"}],"replies":[{"embeddable":true,"href":"https:\/\/diariofemenino.com.ar\/df\/wp-json\/wp\/v2\/comments?post=52744"}],"version-history":[{"count":0,"href":"https:\/\/diariofemenino.com.ar\/df\/wp-json\/wp\/v2\/posts\/52744\/revisions"}],"wp:featuredmedia":[{"embeddable":true,"href":"https:\/\/diariofemenino.com.ar\/df\/wp-json\/wp\/v2\/media\/52754"}],"wp:attachment":[{"href":"https:\/\/diariofemenino.com.ar\/df\/wp-json\/wp\/v2\/media?parent=52744"}],"wp:term":[{"taxonomy":"category","embeddable":true,"href":"https:\/\/diariofemenino.com.ar\/df\/wp-json\/wp\/v2\/categories?post=52744"},{"taxonomy":"post_tag","embeddable":true,"href":"https:\/\/diariofemenino.com.ar\/df\/wp-json\/wp\/v2\/tags?post=52744"}],"curies":[{"name":"wp","href":"https:\/\/api.w.org\/{rel}","templated":true}]}}