{"id":52648,"date":"2020-09-28T09:19:36","date_gmt":"2020-09-28T12:19:36","guid":{"rendered":"https:\/\/diariofemenino.com.ar\/?p=52648"},"modified":"2020-09-28T09:19:36","modified_gmt":"2020-09-28T12:19:36","slug":"actividades-en-la-semana-de-la-no-violencia","status":"publish","type":"post","link":"https:\/\/diariofemenino.com.ar\/df\/actividades-en-la-semana-de-la-no-violencia\/","title":{"rendered":"Actividades en la Semana de la No Violencia"},"content":{"rendered":"<p>Semana de la No Violencia<\/p>\n<p>El <a href=\"http:\/\/www.hcdsantarosa.gov.ar\/\">Concejo Deliberante<\/a> de <a href=\"https:\/\/www.santarosa.gob.ar\/\">Santa Rosa<\/a> junto al municipio, invita a los vecinos y vecinas a participar la Semana de la No Violencia, que tendr\u00e1 lugar desde el lunes 28 de septiembre hasta el domingo 4 de octubre, con diversas actividades programadas que se desarrollar\u00e1n de manera virtual.<\/p>\n<p>Este evento se realiza cada a\u00f1o en conmemoraci\u00f3n al aniversario del nacimiento de Mahatma Gandhi, y se enmarca en la Ordenanza 5422\/2016. La organizaci\u00f3n del evento est\u00e1 a cargo de la Comisi\u00f3n de Derechos Humanos del Concejo Deliberante, presidida por la concejala Alba Fern\u00e1ndez.<\/p>\n<p>Debido a la situaci\u00f3n epidemiol\u00f3gica provocada por la pandemia por Covid-19, esta nueva edici\u00f3n se realizar\u00e1 v\u00eda zoom a trav\u00e9s de charlas y conversatorios virtuales para los que se detallan sus respectivos ID de reuni\u00f3n y c\u00f3digos de acceso.<\/p>\n<figure id=\"attachment_52650\" aria-describedby=\"caption-attachment-52650\" style=\"width: 311px\" class=\"wp-caption aligncenter\"><img loading=\"lazy\" decoding=\"async\" class=\" wp-image-52650\" src=\"https:\/\/diariofemenino.com.ar\/df\/wp-content\/uploads\/2020\/09\/WhatsApp-Image-2020-09-26-at-18.45.39.jpeg\" alt=\"Semana de la No Violencia\" width=\"311\" height=\"311\" srcset=\"https:\/\/diariofemenino.com.ar\/df\/wp-content\/uploads\/2020\/09\/WhatsApp-Image-2020-09-26-at-18.45.39.jpeg 1280w, https:\/\/diariofemenino.com.ar\/df\/wp-content\/uploads\/2020\/09\/WhatsApp-Image-2020-09-26-at-18.45.39-150x150.jpeg 150w, https:\/\/diariofemenino.com.ar\/df\/wp-content\/uploads\/2020\/09\/WhatsApp-Image-2020-09-26-at-18.45.39-300x300.jpeg 300w, https:\/\/diariofemenino.com.ar\/df\/wp-content\/uploads\/2020\/09\/WhatsApp-Image-2020-09-26-at-18.45.39-768x767.jpeg 768w, https:\/\/diariofemenino.com.ar\/df\/wp-content\/uploads\/2020\/09\/WhatsApp-Image-2020-09-26-at-18.45.39-1024x1024.jpeg 1024w\" sizes=\"auto, (max-width: 311px) 100vw, 311px\" \/><figcaption id=\"caption-attachment-52650\" class=\"wp-caption-text\">Semana de la No Violencia<\/figcaption><\/figure>\n<p><strong>Cronograma<\/strong><\/p>\n<p><strong>Lunes 28 de septiembre a las 11 horas<\/strong>&#8211; Apertura. Reproducci\u00f3n de la marcha mundial. Palabras de la presidenta de la Comisi\u00f3n de Derechos Humanos, Alba Fern\u00e1ndez. Con la presencia de autoridades. V\u00eda zoom. ID de reuni\u00f3n: 791 0249 3820. C\u00f3digo de acceso: 31VyBD.<\/p>\n<p><strong>Jueves 1\u00b0 de octubre a las 18 horas<\/strong>&#8211; Charla Experiencia sobre la No Violencia Activa, a cargo de Juan Esponda, subdirector de Derechos Humanos y No Violencia de la Municipalidad de Santa Rosa. V\u00eda Zoom \u2013 ID de reuni\u00f3n: 814 7198 7966 \u2013 C\u00f3digo de acceso: 072128.<\/p>\n<p><strong>Viernes 2 de octubre a las 20.30 horas<\/strong> \u2013 Proyecci\u00f3n de videos institucionales en diferentes edificios de la ciudad. Actividad organizada por la Secretar\u00edas de Cultura y Educaci\u00f3n y Desarrollo Social de la Municipalidad de Santa Rosa.<\/p>\n<p><strong>Domingo 4 de octubre a las 16 horas<\/strong>. Cierre de la semana. Pedido conjunto por la Paz y la No Violencia, que se realizar\u00e1 desde el Parque de Estudio y Reflexi\u00f3n La Pampa y se transmitir\u00e1 V\u00eda Zoom \u2013 ID de reuni\u00f3n: 245 556 2145 \u2013 C\u00f3digo de acceso: 1uffS6.<\/p>\n<p>&nbsp;<\/p>\n<p><a href=\"https:\/\/diariofemenino.com.ar\/\">Diario Digital Femenino<\/a><\/p>\n","protected":false},"excerpt":{"rendered":"<p>Semana de la No Violencia El Concejo Deliberante de Santa Rosa junto al municipio, invita a los vecinos y vecinas a participar la Semana de la No Violencia, que tendr\u00e1 lugar desde el lunes 28 de septiembre hasta el domingo 4 de octubre, con diversas actividades programadas que se desarrollar\u00e1n de manera virtual. Este evento [&hellip;]<\/p>\n","protected":false},"author":4,"featured_media":52651,"comment_status":"open","ping_status":"open","sticky":false,"template":"","format":"standard","meta":{"iawp_total_views":5,"footnotes":""},"categories":[7,592],"tags":[3601,3600,3599],"class_list":["post-52648","post","type-post","status-publish","format-standard","has-post-thumbnail","hentry","category-actividades","category-violencias","tag-concejo-deliberante-de-santa-rosa","tag-no-violencia","tag-semana"],"nelio_content":{"autoShareEndMode":"never","automationSources":{"useCustomSentences":false,"customSentences":[]},"efiAlt":"","efiUrl":"","followers":[4],"highlights":[],"isAutoShareEnabled":true,"networkImageIds":[],"permalinkQueryArgs":[],"series":[],"suggestedReferences":[]},"yoast_head":"<!-- This site is optimized with the Yoast SEO plugin v27.5 - https:\/\/yoast.com\/product\/yoast-seo-wordpress\/ -->\n<title>Actividades en la Semana de la No Violencia - Diario Digital Femenino<\/title>\n<meta name=\"description\" content=\"Semana de la No Violencia. El Concejo Deliberante de Santa Rosa junto al municipio, invita a los vecinos y vecinas a participar la Semana de la No Violencia\" \/>\n<meta name=\"robots\" content=\"index, follow, max-snippet:-1, max-image-preview:large, max-video-preview:-1\" \/>\n<link rel=\"canonical\" href=\"https:\/\/diariofemenino.com.ar\/df\/actividades-en-la-semana-de-la-no-violencia\/\" \/>\n<meta property=\"og:locale\" content=\"es_ES\" \/>\n<meta property=\"og:type\" content=\"article\" \/>\n<meta property=\"og:title\" content=\"Actividades en la Semana de la No Violencia - Diario Digital Femenino\" \/>\n<meta property=\"og:description\" content=\"Semana de la No Violencia. El Concejo Deliberante de Santa Rosa junto al municipio, invita a los vecinos y vecinas a participar la Semana de la No Violencia\" \/>\n<meta property=\"og:url\" content=\"https:\/\/diariofemenino.com.ar\/df\/actividades-en-la-semana-de-la-no-violencia\/\" \/>\n<meta property=\"og:site_name\" content=\"Diario Digital Femenino\" \/>\n<meta property=\"article:publisher\" content=\"https:\/\/www.facebook.com\/DiarioDigitaFemenino\/\" \/>\n<meta property=\"article:published_time\" content=\"2020-09-28T12:19:36+00:00\" \/>\n<meta property=\"og:image\" content=\"https:\/\/diariofemenino.com.ar\/df\/wp-content\/uploads\/2020\/09\/WhatsApp-Image-2020-09-26-at-18.45.391.jpg\" \/>\n\t<meta property=\"og:image:width\" content=\"764\" \/>\n\t<meta property=\"og:image:height\" content=\"378\" \/>\n\t<meta property=\"og:image:type\" content=\"image\/jpeg\" \/>\n<meta name=\"author\" content=\"Admin\" \/>\n<meta name=\"twitter:card\" content=\"summary_large_image\" \/>\n<meta name=\"twitter:creator\" content=\"@DiarioFemenino1\" \/>\n<meta name=\"twitter:site\" content=\"@DiarioFemenino1\" \/>\n<meta name=\"twitter:label1\" content=\"Escrito por\" \/>\n\t<meta name=\"twitter:data1\" content=\"Admin\" \/>\n\t<meta name=\"twitter:label2\" content=\"Tiempo de lectura\" \/>\n\t<meta name=\"twitter:data2\" content=\"2 minutos\" \/>\n<script type=\"application\/ld+json\" class=\"yoast-schema-graph\">{\"@context\":\"https:\\\/\\\/schema.org\",\"@graph\":[{\"@type\":\"Article\",\"@id\":\"https:\\\/\\\/diariofemenino.com.ar\\\/df\\\/actividades-en-la-semana-de-la-no-violencia\\\/#article\",\"isPartOf\":{\"@id\":\"https:\\\/\\\/diariofemenino.com.ar\\\/df\\\/actividades-en-la-semana-de-la-no-violencia\\\/\"},\"author\":{\"name\":\"Admin\",\"@id\":\"https:\\\/\\\/diariofemenino.com.ar\\\/df\\\/#\\\/schema\\\/person\\\/bf6199e8158c657ea6f789b11ec85509\"},\"headline\":\"Actividades en la Semana de la No Violencia\",\"datePublished\":\"2020-09-28T12:19:36+00:00\",\"mainEntityOfPage\":{\"@id\":\"https:\\\/\\\/diariofemenino.com.ar\\\/df\\\/actividades-en-la-semana-de-la-no-violencia\\\/\"},\"wordCount\":341,\"commentCount\":0,\"publisher\":{\"@id\":\"https:\\\/\\\/diariofemenino.com.ar\\\/df\\\/#organization\"},\"image\":{\"@id\":\"https:\\\/\\\/diariofemenino.com.ar\\\/df\\\/actividades-en-la-semana-de-la-no-violencia\\\/#primaryimage\"},\"thumbnailUrl\":\"https:\\\/\\\/diariofemenino.com.ar\\\/df\\\/wp-content\\\/uploads\\\/2020\\\/09\\\/WhatsApp-Image-2020-09-26-at-18.45.391.jpg\",\"keywords\":[\"Concejo Deliberante de Santa Rosa\",\"No Violencia\",\"Semana\"],\"articleSection\":[\"Actividades\",\"Violencias\"],\"inLanguage\":\"es\",\"potentialAction\":[{\"@type\":\"CommentAction\",\"name\":\"Comment\",\"target\":[\"https:\\\/\\\/diariofemenino.com.ar\\\/df\\\/actividades-en-la-semana-de-la-no-violencia\\\/#respond\"]}]},{\"@type\":\"WebPage\",\"@id\":\"https:\\\/\\\/diariofemenino.com.ar\\\/df\\\/actividades-en-la-semana-de-la-no-violencia\\\/\",\"url\":\"https:\\\/\\\/diariofemenino.com.ar\\\/df\\\/actividades-en-la-semana-de-la-no-violencia\\\/\",\"name\":\"Actividades en la Semana de la No Violencia - Diario Digital Femenino\",\"isPartOf\":{\"@id\":\"https:\\\/\\\/diariofemenino.com.ar\\\/df\\\/#website\"},\"primaryImageOfPage\":{\"@id\":\"https:\\\/\\\/diariofemenino.com.ar\\\/df\\\/actividades-en-la-semana-de-la-no-violencia\\\/#primaryimage\"},\"image\":{\"@id\":\"https:\\\/\\\/diariofemenino.com.ar\\\/df\\\/actividades-en-la-semana-de-la-no-violencia\\\/#primaryimage\"},\"thumbnailUrl\":\"https:\\\/\\\/diariofemenino.com.ar\\\/df\\\/wp-content\\\/uploads\\\/2020\\\/09\\\/WhatsApp-Image-2020-09-26-at-18.45.391.jpg\",\"datePublished\":\"2020-09-28T12:19:36+00:00\",\"description\":\"Semana de la No Violencia. El Concejo Deliberante de Santa Rosa junto al municipio, invita a los vecinos y vecinas a participar la Semana de la No Violencia\",\"breadcrumb\":{\"@id\":\"https:\\\/\\\/diariofemenino.com.ar\\\/df\\\/actividades-en-la-semana-de-la-no-violencia\\\/#breadcrumb\"},\"inLanguage\":\"es\",\"potentialAction\":[{\"@type\":\"ReadAction\",\"target\":[\"https:\\\/\\\/diariofemenino.com.ar\\\/df\\\/actividades-en-la-semana-de-la-no-violencia\\\/\"]}]},{\"@type\":\"ImageObject\",\"inLanguage\":\"es\",\"@id\":\"https:\\\/\\\/diariofemenino.com.ar\\\/df\\\/actividades-en-la-semana-de-la-no-violencia\\\/#primaryimage\",\"url\":\"https:\\\/\\\/diariofemenino.com.ar\\\/df\\\/wp-content\\\/uploads\\\/2020\\\/09\\\/WhatsApp-Image-2020-09-26-at-18.45.391.jpg\",\"contentUrl\":\"https:\\\/\\\/diariofemenino.com.ar\\\/df\\\/wp-content\\\/uploads\\\/2020\\\/09\\\/WhatsApp-Image-2020-09-26-at-18.45.391.jpg\",\"width\":764,\"height\":378,\"caption\":\"Semana de la No Violencia\"},{\"@type\":\"BreadcrumbList\",\"@id\":\"https:\\\/\\\/diariofemenino.com.ar\\\/df\\\/actividades-en-la-semana-de-la-no-violencia\\\/#breadcrumb\",\"itemListElement\":[{\"@type\":\"ListItem\",\"position\":1,\"name\":\"Portada\",\"item\":\"https:\\\/\\\/diariofemenino.com.ar\\\/df\\\/\"},{\"@type\":\"ListItem\",\"position\":2,\"name\":\"Actividades en la Semana de la No Violencia\"}]},{\"@type\":\"WebSite\",\"@id\":\"https:\\\/\\\/diariofemenino.com.ar\\\/df\\\/#website\",\"url\":\"https:\\\/\\\/diariofemenino.com.ar\\\/df\\\/\",\"name\":\"Diario Digital Femenino\",\"description\":\"Cuesti\u00f3n de G\u00e9nero\",\"publisher\":{\"@id\":\"https:\\\/\\\/diariofemenino.com.ar\\\/df\\\/#organization\"},\"potentialAction\":[{\"@type\":\"SearchAction\",\"target\":{\"@type\":\"EntryPoint\",\"urlTemplate\":\"https:\\\/\\\/diariofemenino.com.ar\\\/df\\\/?s={search_term_string}\"},\"query-input\":{\"@type\":\"PropertyValueSpecification\",\"valueRequired\":true,\"valueName\":\"search_term_string\"}}],\"inLanguage\":\"es\"},{\"@type\":\"Organization\",\"@id\":\"https:\\\/\\\/diariofemenino.com.ar\\\/df\\\/#organization\",\"name\":\"Diario Femenino\",\"url\":\"https:\\\/\\\/diariofemenino.com.ar\\\/df\\\/\",\"logo\":{\"@type\":\"ImageObject\",\"inLanguage\":\"es\",\"@id\":\"https:\\\/\\\/diariofemenino.com.ar\\\/df\\\/#\\\/schema\\\/logo\\\/image\\\/\",\"url\":\"https:\\\/\\\/diariofemenino.com.ar\\\/df\\\/wp-content\\\/uploads\\\/2018\\\/10\\\/logo.png\",\"contentUrl\":\"https:\\\/\\\/diariofemenino.com.ar\\\/df\\\/wp-content\\\/uploads\\\/2018\\\/10\\\/logo.png\",\"width\":500,\"height\":92,\"caption\":\"Diario Femenino\"},\"image\":{\"@id\":\"https:\\\/\\\/diariofemenino.com.ar\\\/df\\\/#\\\/schema\\\/logo\\\/image\\\/\"},\"sameAs\":[\"https:\\\/\\\/www.facebook.com\\\/DiarioDigitaFemenino\\\/\",\"https:\\\/\\\/x.com\\\/DiarioFemenino1\"]},{\"@type\":\"Person\",\"@id\":\"https:\\\/\\\/diariofemenino.com.ar\\\/df\\\/#\\\/schema\\\/person\\\/bf6199e8158c657ea6f789b11ec85509\",\"name\":\"Admin\",\"image\":{\"@type\":\"ImageObject\",\"inLanguage\":\"es\",\"@id\":\"https:\\\/\\\/diariofemenino.com.ar\\\/df\\\/wp-content\\\/uploads\\\/2018\\\/12\\\/favicon-150x150.jpg\",\"url\":\"https:\\\/\\\/diariofemenino.com.ar\\\/df\\\/wp-content\\\/uploads\\\/2018\\\/12\\\/favicon-150x150.jpg\",\"contentUrl\":\"https:\\\/\\\/diariofemenino.com.ar\\\/df\\\/wp-content\\\/uploads\\\/2018\\\/12\\\/favicon-150x150.jpg\",\"caption\":\"Admin\"},\"url\":\"https:\\\/\\\/diariofemenino.com.ar\\\/df\\\/author\\\/lenny\\\/\"}]}<\/script>\n<!-- \/ Yoast SEO plugin. -->","yoast_head_json":{"title":"Actividades en la Semana de la No Violencia - Diario Digital Femenino","description":"Semana de la No Violencia. El Concejo Deliberante de Santa Rosa junto al municipio, invita a los vecinos y vecinas a participar la Semana de la No Violencia","robots":{"index":"index","follow":"follow","max-snippet":"max-snippet:-1","max-image-preview":"max-image-preview:large","max-video-preview":"max-video-preview:-1"},"canonical":"https:\/\/diariofemenino.com.ar\/df\/actividades-en-la-semana-de-la-no-violencia\/","og_locale":"es_ES","og_type":"article","og_title":"Actividades en la Semana de la No Violencia - Diario Digital Femenino","og_description":"Semana de la No Violencia. El Concejo Deliberante de Santa Rosa junto al municipio, invita a los vecinos y vecinas a participar la Semana de la No Violencia","og_url":"https:\/\/diariofemenino.com.ar\/df\/actividades-en-la-semana-de-la-no-violencia\/","og_site_name":"Diario Digital Femenino","article_publisher":"https:\/\/www.facebook.com\/DiarioDigitaFemenino\/","article_published_time":"2020-09-28T12:19:36+00:00","og_image":[{"width":764,"height":378,"url":"https:\/\/diariofemenino.com.ar\/df\/wp-content\/uploads\/2020\/09\/WhatsApp-Image-2020-09-26-at-18.45.391.jpg","type":"image\/jpeg"}],"author":"Admin","twitter_card":"summary_large_image","twitter_creator":"@DiarioFemenino1","twitter_site":"@DiarioFemenino1","twitter_misc":{"Escrito por":"Admin","Tiempo de lectura":"2 minutos"},"schema":{"@context":"https:\/\/schema.org","@graph":[{"@type":"Article","@id":"https:\/\/diariofemenino.com.ar\/df\/actividades-en-la-semana-de-la-no-violencia\/#article","isPartOf":{"@id":"https:\/\/diariofemenino.com.ar\/df\/actividades-en-la-semana-de-la-no-violencia\/"},"author":{"name":"Admin","@id":"https:\/\/diariofemenino.com.ar\/df\/#\/schema\/person\/bf6199e8158c657ea6f789b11ec85509"},"headline":"Actividades en la Semana de la No Violencia","datePublished":"2020-09-28T12:19:36+00:00","mainEntityOfPage":{"@id":"https:\/\/diariofemenino.com.ar\/df\/actividades-en-la-semana-de-la-no-violencia\/"},"wordCount":341,"commentCount":0,"publisher":{"@id":"https:\/\/diariofemenino.com.ar\/df\/#organization"},"image":{"@id":"https:\/\/diariofemenino.com.ar\/df\/actividades-en-la-semana-de-la-no-violencia\/#primaryimage"},"thumbnailUrl":"https:\/\/diariofemenino.com.ar\/df\/wp-content\/uploads\/2020\/09\/WhatsApp-Image-2020-09-26-at-18.45.391.jpg","keywords":["Concejo Deliberante de Santa Rosa","No Violencia","Semana"],"articleSection":["Actividades","Violencias"],"inLanguage":"es","potentialAction":[{"@type":"CommentAction","name":"Comment","target":["https:\/\/diariofemenino.com.ar\/df\/actividades-en-la-semana-de-la-no-violencia\/#respond"]}]},{"@type":"WebPage","@id":"https:\/\/diariofemenino.com.ar\/df\/actividades-en-la-semana-de-la-no-violencia\/","url":"https:\/\/diariofemenino.com.ar\/df\/actividades-en-la-semana-de-la-no-violencia\/","name":"Actividades en la Semana de la No Violencia - Diario Digital Femenino","isPartOf":{"@id":"https:\/\/diariofemenino.com.ar\/df\/#website"},"primaryImageOfPage":{"@id":"https:\/\/diariofemenino.com.ar\/df\/actividades-en-la-semana-de-la-no-violencia\/#primaryimage"},"image":{"@id":"https:\/\/diariofemenino.com.ar\/df\/actividades-en-la-semana-de-la-no-violencia\/#primaryimage"},"thumbnailUrl":"https:\/\/diariofemenino.com.ar\/df\/wp-content\/uploads\/2020\/09\/WhatsApp-Image-2020-09-26-at-18.45.391.jpg","datePublished":"2020-09-28T12:19:36+00:00","description":"Semana de la No Violencia. El Concejo Deliberante de Santa Rosa junto al municipio, invita a los vecinos y vecinas a participar la Semana de la No Violencia","breadcrumb":{"@id":"https:\/\/diariofemenino.com.ar\/df\/actividades-en-la-semana-de-la-no-violencia\/#breadcrumb"},"inLanguage":"es","potentialAction":[{"@type":"ReadAction","target":["https:\/\/diariofemenino.com.ar\/df\/actividades-en-la-semana-de-la-no-violencia\/"]}]},{"@type":"ImageObject","inLanguage":"es","@id":"https:\/\/diariofemenino.com.ar\/df\/actividades-en-la-semana-de-la-no-violencia\/#primaryimage","url":"https:\/\/diariofemenino.com.ar\/df\/wp-content\/uploads\/2020\/09\/WhatsApp-Image-2020-09-26-at-18.45.391.jpg","contentUrl":"https:\/\/diariofemenino.com.ar\/df\/wp-content\/uploads\/2020\/09\/WhatsApp-Image-2020-09-26-at-18.45.391.jpg","width":764,"height":378,"caption":"Semana de la No Violencia"},{"@type":"BreadcrumbList","@id":"https:\/\/diariofemenino.com.ar\/df\/actividades-en-la-semana-de-la-no-violencia\/#breadcrumb","itemListElement":[{"@type":"ListItem","position":1,"name":"Portada","item":"https:\/\/diariofemenino.com.ar\/df\/"},{"@type":"ListItem","position":2,"name":"Actividades en la Semana de la No Violencia"}]},{"@type":"WebSite","@id":"https:\/\/diariofemenino.com.ar\/df\/#website","url":"https:\/\/diariofemenino.com.ar\/df\/","name":"Diario Digital Femenino","description":"Cuesti\u00f3n de G\u00e9nero","publisher":{"@id":"https:\/\/diariofemenino.com.ar\/df\/#organization"},"potentialAction":[{"@type":"SearchAction","target":{"@type":"EntryPoint","urlTemplate":"https:\/\/diariofemenino.com.ar\/df\/?s={search_term_string}"},"query-input":{"@type":"PropertyValueSpecification","valueRequired":true,"valueName":"search_term_string"}}],"inLanguage":"es"},{"@type":"Organization","@id":"https:\/\/diariofemenino.com.ar\/df\/#organization","name":"Diario Femenino","url":"https:\/\/diariofemenino.com.ar\/df\/","logo":{"@type":"ImageObject","inLanguage":"es","@id":"https:\/\/diariofemenino.com.ar\/df\/#\/schema\/logo\/image\/","url":"https:\/\/diariofemenino.com.ar\/df\/wp-content\/uploads\/2018\/10\/logo.png","contentUrl":"https:\/\/diariofemenino.com.ar\/df\/wp-content\/uploads\/2018\/10\/logo.png","width":500,"height":92,"caption":"Diario Femenino"},"image":{"@id":"https:\/\/diariofemenino.com.ar\/df\/#\/schema\/logo\/image\/"},"sameAs":["https:\/\/www.facebook.com\/DiarioDigitaFemenino\/","https:\/\/x.com\/DiarioFemenino1"]},{"@type":"Person","@id":"https:\/\/diariofemenino.com.ar\/df\/#\/schema\/person\/bf6199e8158c657ea6f789b11ec85509","name":"Admin","image":{"@type":"ImageObject","inLanguage":"es","@id":"https:\/\/diariofemenino.com.ar\/df\/wp-content\/uploads\/2018\/12\/favicon-150x150.jpg","url":"https:\/\/diariofemenino.com.ar\/df\/wp-content\/uploads\/2018\/12\/favicon-150x150.jpg","contentUrl":"https:\/\/diariofemenino.com.ar\/df\/wp-content\/uploads\/2018\/12\/favicon-150x150.jpg","caption":"Admin"},"url":"https:\/\/diariofemenino.com.ar\/df\/author\/lenny\/"}]}},"jetpack_featured_media_url":"https:\/\/diariofemenino.com.ar\/df\/wp-content\/uploads\/2020\/09\/WhatsApp-Image-2020-09-26-at-18.45.391.jpg","jetpack_sharing_enabled":true,"rttpg_featured_image_url":{"full":["https:\/\/diariofemenino.com.ar\/df\/wp-content\/uploads\/2020\/09\/WhatsApp-Image-2020-09-26-at-18.45.391.jpg",764,378,false],"landscape":["https:\/\/diariofemenino.com.ar\/df\/wp-content\/uploads\/2020\/09\/WhatsApp-Image-2020-09-26-at-18.45.391.jpg",764,378,false],"portraits":["https:\/\/diariofemenino.com.ar\/df\/wp-content\/uploads\/2020\/09\/WhatsApp-Image-2020-09-26-at-18.45.391.jpg",764,378,false],"thumbnail":["https:\/\/diariofemenino.com.ar\/df\/wp-content\/uploads\/2020\/09\/WhatsApp-Image-2020-09-26-at-18.45.391-150x150.jpg",150,150,true],"medium":["https:\/\/diariofemenino.com.ar\/df\/wp-content\/uploads\/2020\/09\/WhatsApp-Image-2020-09-26-at-18.45.391-300x148.jpg",300,148,true],"large":["https:\/\/diariofemenino.com.ar\/df\/wp-content\/uploads\/2020\/09\/WhatsApp-Image-2020-09-26-at-18.45.391.jpg",764,378,false],"1536x1536":["https:\/\/diariofemenino.com.ar\/df\/wp-content\/uploads\/2020\/09\/WhatsApp-Image-2020-09-26-at-18.45.391.jpg",764,378,false],"2048x2048":["https:\/\/diariofemenino.com.ar\/df\/wp-content\/uploads\/2020\/09\/WhatsApp-Image-2020-09-26-at-18.45.391.jpg",764,378,false]},"rttpg_author":{"display_name":"Admin","author_link":"https:\/\/diariofemenino.com.ar\/df\/author\/lenny\/"},"rttpg_comment":0,"rttpg_category":"<a href=\"https:\/\/diariofemenino.com.ar\/df\/category\/actividades\/\" rel=\"category tag\">Actividades<\/a> <a href=\"https:\/\/diariofemenino.com.ar\/df\/category\/violencias\/\" rel=\"category tag\">Violencias<\/a>","rttpg_excerpt":"Semana de la No Violencia El Concejo Deliberante de Santa Rosa junto al municipio, invita a los vecinos y vecinas a participar la Semana de la No Violencia, que tendr\u00e1 lugar desde el lunes 28 de septiembre hasta el domingo 4 de octubre, con diversas actividades programadas que se desarrollar\u00e1n de manera virtual. Este evento&hellip;","_links":{"self":[{"href":"https:\/\/diariofemenino.com.ar\/df\/wp-json\/wp\/v2\/posts\/52648","targetHints":{"allow":["GET"]}}],"collection":[{"href":"https:\/\/diariofemenino.com.ar\/df\/wp-json\/wp\/v2\/posts"}],"about":[{"href":"https:\/\/diariofemenino.com.ar\/df\/wp-json\/wp\/v2\/types\/post"}],"author":[{"embeddable":true,"href":"https:\/\/diariofemenino.com.ar\/df\/wp-json\/wp\/v2\/users\/4"}],"replies":[{"embeddable":true,"href":"https:\/\/diariofemenino.com.ar\/df\/wp-json\/wp\/v2\/comments?post=52648"}],"version-history":[{"count":0,"href":"https:\/\/diariofemenino.com.ar\/df\/wp-json\/wp\/v2\/posts\/52648\/revisions"}],"wp:featuredmedia":[{"embeddable":true,"href":"https:\/\/diariofemenino.com.ar\/df\/wp-json\/wp\/v2\/media\/52651"}],"wp:attachment":[{"href":"https:\/\/diariofemenino.com.ar\/df\/wp-json\/wp\/v2\/media?parent=52648"}],"wp:term":[{"taxonomy":"category","embeddable":true,"href":"https:\/\/diariofemenino.com.ar\/df\/wp-json\/wp\/v2\/categories?post=52648"},{"taxonomy":"post_tag","embeddable":true,"href":"https:\/\/diariofemenino.com.ar\/df\/wp-json\/wp\/v2\/tags?post=52648"}],"curies":[{"name":"wp","href":"https:\/\/api.w.org\/{rel}","templated":true}]}}