{"id":52624,"date":"2020-09-27T11:03:30","date_gmt":"2020-09-27T14:03:30","guid":{"rendered":"https:\/\/diariofemenino.com.ar\/?p=52624"},"modified":"2020-09-27T11:21:25","modified_gmt":"2020-09-27T14:21:25","slug":"el-podcats-femicidas-publica-su-cuarto-episodio","status":"publish","type":"post","link":"https:\/\/diariofemenino.com.ar\/df\/el-podcats-femicidas-publica-su-cuarto-episodio\/","title":{"rendered":"El Podcats FEMICIDAS publica su cuarto episodio"},"content":{"rendered":"<p>El Podcats FEMICIDAS<\/p>\n<p>FEMICIDAS es un podcast producido por <a href=\"https:\/\/diariofemenino.com.ar\/\">Diario Digital Femenino<\/a>, y cuenta con la participaci\u00f3n de Agustina Ondano, <a href=\"https:\/\/diariofemenino.com.ar\/femicidas-realizan-un-podcast-sobre-violencias-de-genero-en-la-pampa\/\">Andr\u00e9s Borrello<\/a>, Lenny C\u00e1ceres y Juan Ricciardi. Una serie de episodios que buscan reconstruir los asesinatos de mujeres con perspectiva de g\u00e9nero.<\/p>\n<p><img loading=\"lazy\" decoding=\"async\" class=\"aligncenter wp-image-52640\" src=\"https:\/\/diariofemenino.com.ar\/df\/wp-content\/uploads\/2020\/09\/WhatsApp-Image-2020-09-27-at-11.12.22.jpg\" alt=\"\" width=\"403\" height=\"403\" srcset=\"https:\/\/diariofemenino.com.ar\/df\/wp-content\/uploads\/2020\/09\/WhatsApp-Image-2020-09-27-at-11.12.22.jpg 540w, https:\/\/diariofemenino.com.ar\/df\/wp-content\/uploads\/2020\/09\/WhatsApp-Image-2020-09-27-at-11.12.22-150x150.jpg 150w, https:\/\/diariofemenino.com.ar\/df\/wp-content\/uploads\/2020\/09\/WhatsApp-Image-2020-09-27-at-11.12.22-300x300.jpg 300w\" sizes=\"auto, (max-width: 403px) 100vw, 403px\" \/><\/p>\n<p>En esta ocasi\u00f3n, el equipo de FEMICIDAS aborda el caso de Roberto Lescano, quien en el a\u00f1o 2014 asesin\u00f3 de un contundente golpe en la cabeza a Mar\u00eda Puebla, luego de haberla violado.<\/p>\n<p>Pese a que las evidencias eran claras, durante el juicio a Lescano se lo absolvi\u00f3 por el \u201cbeneficio de la duda\u201d y s\u00f3lo fue juzgado a m\u00e1s de una d\u00e9cada de prisi\u00f3n por la agresi\u00f3n sexual.<\/p>\n<p>Lescano es uno de los varios hombres de La Pampa que han asesinado a m\u00e1s de una mujer. El otro hecho ocurri\u00f3 en 2001, cuando luego de consumir prostituci\u00f3n asesin\u00f3 a una mujer. La v\u00edctima, Mirta Susana de Marco, mujer pobre y prostitu\u00edda, fue herida de dos pu\u00f1aladas el 5 de marzo.<\/p>\n<p>En ese entonces, y luego de varios meses en prisi\u00f3n preventiva, Roberto Lescano fue absuelto. La abogada defensora esgrimi\u00f3 el argumento de \u201cleg\u00edtima defensa\u201d, y argument\u00f3 que, si el hombre hubiera querido matarla, le habr\u00eda asestado a la mujer m\u00e1s de dos pu\u00f1aladas.<\/p>\n<p>Al d\u00eda de la fecha Lescano permanece detenido por abuso sexual. Su condena fue anulada por el Tribunal de Impugnaci\u00f3n Penal de La Pampa, que sugiri\u00f3 realizar un nuevo juicio con la necesaria perspectiva de g\u00e9nero para encontrar al responsable del asesinato de Mar\u00eda, que, al d\u00eda de la fecha, al menos para la Justicia, no existe.<\/p>\n<p>Pero Mar\u00eda no apareci\u00f3 muerta. Rara vez las mujeres aparecen muertas\u2026<\/p>\n<p>Primera parte del Episodio 04 del Podcast FEMICIDAS, disponible para escuchar en Spotify y YouTube de manera gratuita.<\/p>\n<p>Episodio 04 Parte 01 Las mujeres no aparecen muertas<\/p>\n<p><iframe loading=\"lazy\" src=\"https:\/\/www.youtube.com\/embed\/RMZZRRiQhLo\" width=\"560\" height=\"315\" frameborder=\"0\" allowfullscreen=\"allowfullscreen\"><\/iframe><\/p>\n<p><iframe loading=\"lazy\" width=\"100%\" height=\"232\" allowtransparency=\"true\" frameborder=\"0\" allow=\"encrypted-media\" title=\"Spotify Embed: 04- Las mujeres no aparecen muertas (parte 1)\" src=\"https:\/\/open.spotify.com\/embed-podcast\/episode\/6MbkLhQSLMxJvcciwGCxlC?si=Uev5-BGBTLqH-6jH1Jh-Fg\"><\/iframe><\/p>\n<p>Junto con esta primera parte, tambi\u00e9n est\u00e1n disponibles para escuchar el Episodio 01 \u201cEl ped\u00f3filo\u201d, el Episodio <a href=\"https:\/\/youtu.be\/7wd05eEriV0\">02<\/a> \u201cEl primer femicida\u201d y el Episodio <a href=\"https:\/\/youtu.be\/IsVVhgJl2lQ\">03<\/a> \u201cEl suicida\u201d.<\/p>\n<hr \/>\n<p>Podcast FEMICIDAS realizados por\u00a0 Andr\u00e9s Borrello, Agustina Ondano y Juan Ricchiardi para Diario Digital Femenino<\/p>\n<p><strong>Episodio 01<\/strong><\/p>\n<p><iframe loading=\"lazy\" src=\"https:\/\/www.youtube.com\/embed\/VQ-NUc434rg\" width=\"560\" height=\"315\" frameborder=\"0\" allowfullscreen=\"allowfullscreen\"><\/iframe><br \/>\nUna persona forma una pareja con un hombre. \u00c9l es un perverso sexual, que durante a\u00f1os\u00a0<a href=\"https:\/\/www.unicef.org\/argentina\/temas\/abuso-sexual\">abus\u00f3<\/a>\u00a0de las hijas de su mujer. Desde la ni\u00f1ez hasta la adolescencia, se sirve de su situaci\u00f3n de poder para acceder carnalmente a dos ni\u00f1as durante a\u00f1os. Producto de esas violaciones, nacieron tres ni\u00f1as&#8230;<\/p>\n<p><strong>Episodio 02<\/strong><\/p>\n<p><iframe loading=\"lazy\" src=\"https:\/\/www.youtube.com\/embed\/7wd05eEriV0\" width=\"560\" height=\"315\" frameborder=\"0\" allowfullscreen=\"allowfullscreen\"><\/iframe><\/p>\n<p>En esta oportunidad, reconstruyeron la historia del \u00abprimer femicida pampeano\u00bb, o al menos uno de los m\u00e1s antiguos de los que se tenga memoria: Federico Gonzani.<\/p>\n<p>El Caso Gonzani sin lugar a duda impact\u00f3, tanto dentro como fuera de la provincia de La Pampa, a punto tal que se escribi\u00f3 un libro (\u00abVamos por partes. El triangulo Gonzani\u00bb de Jos\u00e9 Alberto Acosta), y una pel\u00edcula, muy renombrada en su momento: \u00abCampo de Sangre\u00bb dirigida por Gabriel Arb\u00f3s. Al respecto, el director dijo en su momento que \u00abCampo de sangre es un documental, pero con actores, con escenas y di\u00e1logos de ficci\u00f3n\u00bb.<\/p>\n<p><strong>Episodio 03<\/strong><br \/>\n<iframe loading=\"lazy\" src=\"https:\/\/www.youtube.com\/embed\/IsVVhgJl2lQ\" width=\"560\" height=\"315\" frameborder=\"0\" allowfullscreen=\"allowfullscreen\"><\/iframe><\/p>\n<p>La historia del femicida Ra\u00fal Coronel, de la localidad de Ceballos, que a\u00f1os atr\u00e1s asesin\u00f3 a su ex esposa y a la pareja de ella, para luego quitarse la vida con el mismo arma.<\/p>\n","protected":false},"excerpt":{"rendered":"<p>El Podcats FEMICIDAS FEMICIDAS es un podcast producido por Diario Digital Femenino, y cuenta con la participaci\u00f3n de Agustina Ondano, Andr\u00e9s Borrello, Lenny C\u00e1ceres y Juan Ricciardi. Una serie de episodios que buscan reconstruir los asesinatos de mujeres con perspectiva de g\u00e9nero. En esta ocasi\u00f3n, el equipo de FEMICIDAS aborda el caso de Roberto Lescano, [&hellip;]<\/p>\n","protected":false},"author":4,"featured_media":52641,"comment_status":"open","ping_status":"open","sticky":false,"template":"","format":"standard","meta":{"iawp_total_views":5,"footnotes":""},"categories":[1067,32],"tags":[3597,1599,3549],"class_list":["post-52624","post","type-post","status-publish","format-standard","has-post-thumbnail","hentry","category-agenda-feminista","category-mujeres","tag-episodio-04","tag-femicidas","tag-podcast"],"nelio_content":{"autoShareEndMode":"never","automationSources":{"useCustomSentences":false,"customSentences":[]},"efiAlt":"","efiUrl":"","followers":[4],"highlights":[],"isAutoShareEnabled":true,"networkImageIds":[],"permalinkQueryArgs":[],"series":[],"suggestedReferences":[]},"yoast_head":"<!-- This site is optimized with the Yoast SEO plugin v27.5 - https:\/\/yoast.com\/product\/yoast-seo-wordpress\/ -->\n<title>El Podcats FEMICIDAS publica su cuarto episodio - Diario Digital Femenino<\/title>\n<meta name=\"description\" content=\"El Podcats FEMICIDAS. En esta entrega Episodio 04 Parte 01 Las mujeres no aparecen muertas Andres Borrello habla de la historia de Mar\u00eda Puebla\" \/>\n<meta name=\"robots\" content=\"index, follow, max-snippet:-1, max-image-preview:large, max-video-preview:-1\" \/>\n<link rel=\"canonical\" href=\"https:\/\/diariofemenino.com.ar\/df\/el-podcats-femicidas-publica-su-cuarto-episodio\/\" \/>\n<meta property=\"og:locale\" content=\"es_ES\" \/>\n<meta property=\"og:type\" content=\"article\" \/>\n<meta property=\"og:title\" content=\"El Podcats FEMICIDAS publica su cuarto episodio - Diario Digital Femenino\" \/>\n<meta property=\"og:description\" content=\"El Podcats FEMICIDAS. En esta entrega Episodio 04 Parte 01 Las mujeres no aparecen muertas Andres Borrello habla de la historia de Mar\u00eda Puebla\" \/>\n<meta property=\"og:url\" content=\"https:\/\/diariofemenino.com.ar\/df\/el-podcats-femicidas-publica-su-cuarto-episodio\/\" \/>\n<meta property=\"og:site_name\" content=\"Diario Digital Femenino\" \/>\n<meta property=\"article:publisher\" content=\"https:\/\/www.facebook.com\/DiarioDigitaFemenino\/\" \/>\n<meta property=\"article:published_time\" content=\"2020-09-27T14:03:30+00:00\" \/>\n<meta property=\"article:modified_time\" content=\"2020-09-27T14:21:25+00:00\" \/>\n<meta property=\"og:image\" content=\"https:\/\/diariofemenino.com.ar\/df\/wp-content\/uploads\/2020\/09\/WhatsApp-Image-2020-09-27-at-11.12.221.jpg\" \/>\n\t<meta property=\"og:image:width\" content=\"862\" \/>\n\t<meta property=\"og:image:height\" content=\"416\" \/>\n\t<meta property=\"og:image:type\" content=\"image\/jpeg\" \/>\n<meta name=\"author\" content=\"Admin\" \/>\n<meta name=\"twitter:card\" content=\"summary_large_image\" \/>\n<meta name=\"twitter:creator\" content=\"@DiarioFemenino1\" \/>\n<meta name=\"twitter:site\" content=\"@DiarioFemenino1\" \/>\n<meta name=\"twitter:label1\" content=\"Escrito por\" \/>\n\t<meta name=\"twitter:data1\" content=\"Admin\" \/>\n\t<meta name=\"twitter:label2\" content=\"Tiempo de lectura\" \/>\n\t<meta name=\"twitter:data2\" content=\"3 minutos\" \/>\n<script type=\"application\/ld+json\" class=\"yoast-schema-graph\">{\"@context\":\"https:\\\/\\\/schema.org\",\"@graph\":[{\"@type\":\"Article\",\"@id\":\"https:\\\/\\\/diariofemenino.com.ar\\\/df\\\/el-podcats-femicidas-publica-su-cuarto-episodio\\\/#article\",\"isPartOf\":{\"@id\":\"https:\\\/\\\/diariofemenino.com.ar\\\/df\\\/el-podcats-femicidas-publica-su-cuarto-episodio\\\/\"},\"author\":{\"name\":\"Admin\",\"@id\":\"https:\\\/\\\/diariofemenino.com.ar\\\/df\\\/#\\\/schema\\\/person\\\/bf6199e8158c657ea6f789b11ec85509\"},\"headline\":\"El Podcats FEMICIDAS publica su cuarto episodio\",\"datePublished\":\"2020-09-27T14:03:30+00:00\",\"dateModified\":\"2020-09-27T14:21:25+00:00\",\"mainEntityOfPage\":{\"@id\":\"https:\\\/\\\/diariofemenino.com.ar\\\/df\\\/el-podcats-femicidas-publica-su-cuarto-episodio\\\/\"},\"wordCount\":587,\"commentCount\":0,\"publisher\":{\"@id\":\"https:\\\/\\\/diariofemenino.com.ar\\\/df\\\/#organization\"},\"image\":{\"@id\":\"https:\\\/\\\/diariofemenino.com.ar\\\/df\\\/el-podcats-femicidas-publica-su-cuarto-episodio\\\/#primaryimage\"},\"thumbnailUrl\":\"https:\\\/\\\/diariofemenino.com.ar\\\/df\\\/wp-content\\\/uploads\\\/2020\\\/09\\\/WhatsApp-Image-2020-09-27-at-11.12.221.jpg\",\"keywords\":[\"Episodio 04\",\"femicidas\",\"Podcast\"],\"articleSection\":[\"Agenda Feminista\",\"Mujeres\"],\"inLanguage\":\"es\",\"potentialAction\":[{\"@type\":\"CommentAction\",\"name\":\"Comment\",\"target\":[\"https:\\\/\\\/diariofemenino.com.ar\\\/df\\\/el-podcats-femicidas-publica-su-cuarto-episodio\\\/#respond\"]}]},{\"@type\":\"WebPage\",\"@id\":\"https:\\\/\\\/diariofemenino.com.ar\\\/df\\\/el-podcats-femicidas-publica-su-cuarto-episodio\\\/\",\"url\":\"https:\\\/\\\/diariofemenino.com.ar\\\/df\\\/el-podcats-femicidas-publica-su-cuarto-episodio\\\/\",\"name\":\"El Podcats FEMICIDAS publica su cuarto episodio - Diario Digital Femenino\",\"isPartOf\":{\"@id\":\"https:\\\/\\\/diariofemenino.com.ar\\\/df\\\/#website\"},\"primaryImageOfPage\":{\"@id\":\"https:\\\/\\\/diariofemenino.com.ar\\\/df\\\/el-podcats-femicidas-publica-su-cuarto-episodio\\\/#primaryimage\"},\"image\":{\"@id\":\"https:\\\/\\\/diariofemenino.com.ar\\\/df\\\/el-podcats-femicidas-publica-su-cuarto-episodio\\\/#primaryimage\"},\"thumbnailUrl\":\"https:\\\/\\\/diariofemenino.com.ar\\\/df\\\/wp-content\\\/uploads\\\/2020\\\/09\\\/WhatsApp-Image-2020-09-27-at-11.12.221.jpg\",\"datePublished\":\"2020-09-27T14:03:30+00:00\",\"dateModified\":\"2020-09-27T14:21:25+00:00\",\"description\":\"El Podcats FEMICIDAS. En esta entrega Episodio 04 Parte 01 Las mujeres no aparecen muertas Andres Borrello habla de la historia de Mar\u00eda Puebla\",\"breadcrumb\":{\"@id\":\"https:\\\/\\\/diariofemenino.com.ar\\\/df\\\/el-podcats-femicidas-publica-su-cuarto-episodio\\\/#breadcrumb\"},\"inLanguage\":\"es\",\"potentialAction\":[{\"@type\":\"ReadAction\",\"target\":[\"https:\\\/\\\/diariofemenino.com.ar\\\/df\\\/el-podcats-femicidas-publica-su-cuarto-episodio\\\/\"]}]},{\"@type\":\"ImageObject\",\"inLanguage\":\"es\",\"@id\":\"https:\\\/\\\/diariofemenino.com.ar\\\/df\\\/el-podcats-femicidas-publica-su-cuarto-episodio\\\/#primaryimage\",\"url\":\"https:\\\/\\\/diariofemenino.com.ar\\\/df\\\/wp-content\\\/uploads\\\/2020\\\/09\\\/WhatsApp-Image-2020-09-27-at-11.12.221.jpg\",\"contentUrl\":\"https:\\\/\\\/diariofemenino.com.ar\\\/df\\\/wp-content\\\/uploads\\\/2020\\\/09\\\/WhatsApp-Image-2020-09-27-at-11.12.221.jpg\",\"width\":862,\"height\":416,\"caption\":\"El Podcats FEMICIDAS publica su cuarto episodio\"},{\"@type\":\"BreadcrumbList\",\"@id\":\"https:\\\/\\\/diariofemenino.com.ar\\\/df\\\/el-podcats-femicidas-publica-su-cuarto-episodio\\\/#breadcrumb\",\"itemListElement\":[{\"@type\":\"ListItem\",\"position\":1,\"name\":\"Portada\",\"item\":\"https:\\\/\\\/diariofemenino.com.ar\\\/df\\\/\"},{\"@type\":\"ListItem\",\"position\":2,\"name\":\"El Podcats FEMICIDAS publica su cuarto episodio\"}]},{\"@type\":\"WebSite\",\"@id\":\"https:\\\/\\\/diariofemenino.com.ar\\\/df\\\/#website\",\"url\":\"https:\\\/\\\/diariofemenino.com.ar\\\/df\\\/\",\"name\":\"Diario Digital Femenino\",\"description\":\"Cuesti\u00f3n de G\u00e9nero\",\"publisher\":{\"@id\":\"https:\\\/\\\/diariofemenino.com.ar\\\/df\\\/#organization\"},\"potentialAction\":[{\"@type\":\"SearchAction\",\"target\":{\"@type\":\"EntryPoint\",\"urlTemplate\":\"https:\\\/\\\/diariofemenino.com.ar\\\/df\\\/?s={search_term_string}\"},\"query-input\":{\"@type\":\"PropertyValueSpecification\",\"valueRequired\":true,\"valueName\":\"search_term_string\"}}],\"inLanguage\":\"es\"},{\"@type\":\"Organization\",\"@id\":\"https:\\\/\\\/diariofemenino.com.ar\\\/df\\\/#organization\",\"name\":\"Diario Femenino\",\"url\":\"https:\\\/\\\/diariofemenino.com.ar\\\/df\\\/\",\"logo\":{\"@type\":\"ImageObject\",\"inLanguage\":\"es\",\"@id\":\"https:\\\/\\\/diariofemenino.com.ar\\\/df\\\/#\\\/schema\\\/logo\\\/image\\\/\",\"url\":\"https:\\\/\\\/diariofemenino.com.ar\\\/df\\\/wp-content\\\/uploads\\\/2018\\\/10\\\/logo.png\",\"contentUrl\":\"https:\\\/\\\/diariofemenino.com.ar\\\/df\\\/wp-content\\\/uploads\\\/2018\\\/10\\\/logo.png\",\"width\":500,\"height\":92,\"caption\":\"Diario Femenino\"},\"image\":{\"@id\":\"https:\\\/\\\/diariofemenino.com.ar\\\/df\\\/#\\\/schema\\\/logo\\\/image\\\/\"},\"sameAs\":[\"https:\\\/\\\/www.facebook.com\\\/DiarioDigitaFemenino\\\/\",\"https:\\\/\\\/x.com\\\/DiarioFemenino1\"]},{\"@type\":\"Person\",\"@id\":\"https:\\\/\\\/diariofemenino.com.ar\\\/df\\\/#\\\/schema\\\/person\\\/bf6199e8158c657ea6f789b11ec85509\",\"name\":\"Admin\",\"image\":{\"@type\":\"ImageObject\",\"inLanguage\":\"es\",\"@id\":\"https:\\\/\\\/diariofemenino.com.ar\\\/df\\\/wp-content\\\/uploads\\\/2018\\\/12\\\/favicon-150x150.jpg\",\"url\":\"https:\\\/\\\/diariofemenino.com.ar\\\/df\\\/wp-content\\\/uploads\\\/2018\\\/12\\\/favicon-150x150.jpg\",\"contentUrl\":\"https:\\\/\\\/diariofemenino.com.ar\\\/df\\\/wp-content\\\/uploads\\\/2018\\\/12\\\/favicon-150x150.jpg\",\"caption\":\"Admin\"},\"url\":\"https:\\\/\\\/diariofemenino.com.ar\\\/df\\\/author\\\/lenny\\\/\"}]}<\/script>\n<!-- \/ Yoast SEO plugin. -->","yoast_head_json":{"title":"El Podcats FEMICIDAS publica su cuarto episodio - Diario Digital Femenino","description":"El Podcats FEMICIDAS. En esta entrega Episodio 04 Parte 01 Las mujeres no aparecen muertas Andres Borrello habla de la historia de Mar\u00eda Puebla","robots":{"index":"index","follow":"follow","max-snippet":"max-snippet:-1","max-image-preview":"max-image-preview:large","max-video-preview":"max-video-preview:-1"},"canonical":"https:\/\/diariofemenino.com.ar\/df\/el-podcats-femicidas-publica-su-cuarto-episodio\/","og_locale":"es_ES","og_type":"article","og_title":"El Podcats FEMICIDAS publica su cuarto episodio - Diario Digital Femenino","og_description":"El Podcats FEMICIDAS. En esta entrega Episodio 04 Parte 01 Las mujeres no aparecen muertas Andres Borrello habla de la historia de Mar\u00eda Puebla","og_url":"https:\/\/diariofemenino.com.ar\/df\/el-podcats-femicidas-publica-su-cuarto-episodio\/","og_site_name":"Diario Digital Femenino","article_publisher":"https:\/\/www.facebook.com\/DiarioDigitaFemenino\/","article_published_time":"2020-09-27T14:03:30+00:00","article_modified_time":"2020-09-27T14:21:25+00:00","og_image":[{"width":862,"height":416,"url":"https:\/\/diariofemenino.com.ar\/df\/wp-content\/uploads\/2020\/09\/WhatsApp-Image-2020-09-27-at-11.12.221.jpg","type":"image\/jpeg"}],"author":"Admin","twitter_card":"summary_large_image","twitter_creator":"@DiarioFemenino1","twitter_site":"@DiarioFemenino1","twitter_misc":{"Escrito por":"Admin","Tiempo de lectura":"3 minutos"},"schema":{"@context":"https:\/\/schema.org","@graph":[{"@type":"Article","@id":"https:\/\/diariofemenino.com.ar\/df\/el-podcats-femicidas-publica-su-cuarto-episodio\/#article","isPartOf":{"@id":"https:\/\/diariofemenino.com.ar\/df\/el-podcats-femicidas-publica-su-cuarto-episodio\/"},"author":{"name":"Admin","@id":"https:\/\/diariofemenino.com.ar\/df\/#\/schema\/person\/bf6199e8158c657ea6f789b11ec85509"},"headline":"El Podcats FEMICIDAS publica su cuarto episodio","datePublished":"2020-09-27T14:03:30+00:00","dateModified":"2020-09-27T14:21:25+00:00","mainEntityOfPage":{"@id":"https:\/\/diariofemenino.com.ar\/df\/el-podcats-femicidas-publica-su-cuarto-episodio\/"},"wordCount":587,"commentCount":0,"publisher":{"@id":"https:\/\/diariofemenino.com.ar\/df\/#organization"},"image":{"@id":"https:\/\/diariofemenino.com.ar\/df\/el-podcats-femicidas-publica-su-cuarto-episodio\/#primaryimage"},"thumbnailUrl":"https:\/\/diariofemenino.com.ar\/df\/wp-content\/uploads\/2020\/09\/WhatsApp-Image-2020-09-27-at-11.12.221.jpg","keywords":["Episodio 04","femicidas","Podcast"],"articleSection":["Agenda Feminista","Mujeres"],"inLanguage":"es","potentialAction":[{"@type":"CommentAction","name":"Comment","target":["https:\/\/diariofemenino.com.ar\/df\/el-podcats-femicidas-publica-su-cuarto-episodio\/#respond"]}]},{"@type":"WebPage","@id":"https:\/\/diariofemenino.com.ar\/df\/el-podcats-femicidas-publica-su-cuarto-episodio\/","url":"https:\/\/diariofemenino.com.ar\/df\/el-podcats-femicidas-publica-su-cuarto-episodio\/","name":"El Podcats FEMICIDAS publica su cuarto episodio - Diario Digital Femenino","isPartOf":{"@id":"https:\/\/diariofemenino.com.ar\/df\/#website"},"primaryImageOfPage":{"@id":"https:\/\/diariofemenino.com.ar\/df\/el-podcats-femicidas-publica-su-cuarto-episodio\/#primaryimage"},"image":{"@id":"https:\/\/diariofemenino.com.ar\/df\/el-podcats-femicidas-publica-su-cuarto-episodio\/#primaryimage"},"thumbnailUrl":"https:\/\/diariofemenino.com.ar\/df\/wp-content\/uploads\/2020\/09\/WhatsApp-Image-2020-09-27-at-11.12.221.jpg","datePublished":"2020-09-27T14:03:30+00:00","dateModified":"2020-09-27T14:21:25+00:00","description":"El Podcats FEMICIDAS. En esta entrega Episodio 04 Parte 01 Las mujeres no aparecen muertas Andres Borrello habla de la historia de Mar\u00eda Puebla","breadcrumb":{"@id":"https:\/\/diariofemenino.com.ar\/df\/el-podcats-femicidas-publica-su-cuarto-episodio\/#breadcrumb"},"inLanguage":"es","potentialAction":[{"@type":"ReadAction","target":["https:\/\/diariofemenino.com.ar\/df\/el-podcats-femicidas-publica-su-cuarto-episodio\/"]}]},{"@type":"ImageObject","inLanguage":"es","@id":"https:\/\/diariofemenino.com.ar\/df\/el-podcats-femicidas-publica-su-cuarto-episodio\/#primaryimage","url":"https:\/\/diariofemenino.com.ar\/df\/wp-content\/uploads\/2020\/09\/WhatsApp-Image-2020-09-27-at-11.12.221.jpg","contentUrl":"https:\/\/diariofemenino.com.ar\/df\/wp-content\/uploads\/2020\/09\/WhatsApp-Image-2020-09-27-at-11.12.221.jpg","width":862,"height":416,"caption":"El Podcats FEMICIDAS publica su cuarto episodio"},{"@type":"BreadcrumbList","@id":"https:\/\/diariofemenino.com.ar\/df\/el-podcats-femicidas-publica-su-cuarto-episodio\/#breadcrumb","itemListElement":[{"@type":"ListItem","position":1,"name":"Portada","item":"https:\/\/diariofemenino.com.ar\/df\/"},{"@type":"ListItem","position":2,"name":"El Podcats FEMICIDAS publica su cuarto episodio"}]},{"@type":"WebSite","@id":"https:\/\/diariofemenino.com.ar\/df\/#website","url":"https:\/\/diariofemenino.com.ar\/df\/","name":"Diario Digital Femenino","description":"Cuesti\u00f3n de G\u00e9nero","publisher":{"@id":"https:\/\/diariofemenino.com.ar\/df\/#organization"},"potentialAction":[{"@type":"SearchAction","target":{"@type":"EntryPoint","urlTemplate":"https:\/\/diariofemenino.com.ar\/df\/?s={search_term_string}"},"query-input":{"@type":"PropertyValueSpecification","valueRequired":true,"valueName":"search_term_string"}}],"inLanguage":"es"},{"@type":"Organization","@id":"https:\/\/diariofemenino.com.ar\/df\/#organization","name":"Diario Femenino","url":"https:\/\/diariofemenino.com.ar\/df\/","logo":{"@type":"ImageObject","inLanguage":"es","@id":"https:\/\/diariofemenino.com.ar\/df\/#\/schema\/logo\/image\/","url":"https:\/\/diariofemenino.com.ar\/df\/wp-content\/uploads\/2018\/10\/logo.png","contentUrl":"https:\/\/diariofemenino.com.ar\/df\/wp-content\/uploads\/2018\/10\/logo.png","width":500,"height":92,"caption":"Diario Femenino"},"image":{"@id":"https:\/\/diariofemenino.com.ar\/df\/#\/schema\/logo\/image\/"},"sameAs":["https:\/\/www.facebook.com\/DiarioDigitaFemenino\/","https:\/\/x.com\/DiarioFemenino1"]},{"@type":"Person","@id":"https:\/\/diariofemenino.com.ar\/df\/#\/schema\/person\/bf6199e8158c657ea6f789b11ec85509","name":"Admin","image":{"@type":"ImageObject","inLanguage":"es","@id":"https:\/\/diariofemenino.com.ar\/df\/wp-content\/uploads\/2018\/12\/favicon-150x150.jpg","url":"https:\/\/diariofemenino.com.ar\/df\/wp-content\/uploads\/2018\/12\/favicon-150x150.jpg","contentUrl":"https:\/\/diariofemenino.com.ar\/df\/wp-content\/uploads\/2018\/12\/favicon-150x150.jpg","caption":"Admin"},"url":"https:\/\/diariofemenino.com.ar\/df\/author\/lenny\/"}]}},"jetpack_featured_media_url":"https:\/\/diariofemenino.com.ar\/df\/wp-content\/uploads\/2020\/09\/WhatsApp-Image-2020-09-27-at-11.12.221.jpg","jetpack_sharing_enabled":true,"rttpg_featured_image_url":{"full":["https:\/\/diariofemenino.com.ar\/df\/wp-content\/uploads\/2020\/09\/WhatsApp-Image-2020-09-27-at-11.12.221.jpg",862,416,false],"landscape":["https:\/\/diariofemenino.com.ar\/df\/wp-content\/uploads\/2020\/09\/WhatsApp-Image-2020-09-27-at-11.12.221.jpg",862,416,false],"portraits":["https:\/\/diariofemenino.com.ar\/df\/wp-content\/uploads\/2020\/09\/WhatsApp-Image-2020-09-27-at-11.12.221.jpg",862,416,false],"thumbnail":["https:\/\/diariofemenino.com.ar\/df\/wp-content\/uploads\/2020\/09\/WhatsApp-Image-2020-09-27-at-11.12.221-150x150.jpg",150,150,true],"medium":["https:\/\/diariofemenino.com.ar\/df\/wp-content\/uploads\/2020\/09\/WhatsApp-Image-2020-09-27-at-11.12.221-300x145.jpg",300,145,true],"large":["https:\/\/diariofemenino.com.ar\/df\/wp-content\/uploads\/2020\/09\/WhatsApp-Image-2020-09-27-at-11.12.221.jpg",862,416,false],"1536x1536":["https:\/\/diariofemenino.com.ar\/df\/wp-content\/uploads\/2020\/09\/WhatsApp-Image-2020-09-27-at-11.12.221.jpg",862,416,false],"2048x2048":["https:\/\/diariofemenino.com.ar\/df\/wp-content\/uploads\/2020\/09\/WhatsApp-Image-2020-09-27-at-11.12.221.jpg",862,416,false]},"rttpg_author":{"display_name":"Admin","author_link":"https:\/\/diariofemenino.com.ar\/df\/author\/lenny\/"},"rttpg_comment":0,"rttpg_category":"<a href=\"https:\/\/diariofemenino.com.ar\/df\/category\/agenda-feminista\/\" rel=\"category tag\">Agenda Feminista<\/a> <a href=\"https:\/\/diariofemenino.com.ar\/df\/category\/mujeres\/\" rel=\"category tag\">Mujeres<\/a>","rttpg_excerpt":"El Podcats FEMICIDAS FEMICIDAS es un podcast producido por Diario Digital Femenino, y cuenta con la participaci\u00f3n de Agustina Ondano, Andr\u00e9s Borrello, Lenny C\u00e1ceres y Juan Ricciardi. Una serie de episodios que buscan reconstruir los asesinatos de mujeres con perspectiva de g\u00e9nero. En esta ocasi\u00f3n, el equipo de FEMICIDAS aborda el caso de Roberto Lescano,&hellip;","_links":{"self":[{"href":"https:\/\/diariofemenino.com.ar\/df\/wp-json\/wp\/v2\/posts\/52624","targetHints":{"allow":["GET"]}}],"collection":[{"href":"https:\/\/diariofemenino.com.ar\/df\/wp-json\/wp\/v2\/posts"}],"about":[{"href":"https:\/\/diariofemenino.com.ar\/df\/wp-json\/wp\/v2\/types\/post"}],"author":[{"embeddable":true,"href":"https:\/\/diariofemenino.com.ar\/df\/wp-json\/wp\/v2\/users\/4"}],"replies":[{"embeddable":true,"href":"https:\/\/diariofemenino.com.ar\/df\/wp-json\/wp\/v2\/comments?post=52624"}],"version-history":[{"count":0,"href":"https:\/\/diariofemenino.com.ar\/df\/wp-json\/wp\/v2\/posts\/52624\/revisions"}],"wp:featuredmedia":[{"embeddable":true,"href":"https:\/\/diariofemenino.com.ar\/df\/wp-json\/wp\/v2\/media\/52641"}],"wp:attachment":[{"href":"https:\/\/diariofemenino.com.ar\/df\/wp-json\/wp\/v2\/media?parent=52624"}],"wp:term":[{"taxonomy":"category","embeddable":true,"href":"https:\/\/diariofemenino.com.ar\/df\/wp-json\/wp\/v2\/categories?post=52624"},{"taxonomy":"post_tag","embeddable":true,"href":"https:\/\/diariofemenino.com.ar\/df\/wp-json\/wp\/v2\/tags?post=52624"}],"curies":[{"name":"wp","href":"https:\/\/api.w.org\/{rel}","templated":true}]}}