{"id":52490,"date":"2020-09-23T09:33:24","date_gmt":"2020-09-23T12:33:24","guid":{"rendered":"https:\/\/diariofemenino.com.ar\/?p=52490"},"modified":"2020-09-23T09:33:24","modified_gmt":"2020-09-23T12:33:24","slug":"trata-y-prostitucion-abolicion","status":"publish","type":"post","link":"https:\/\/diariofemenino.com.ar\/df\/trata-y-prostitucion-abolicion\/","title":{"rendered":"Trata y prostituci\u00f3n: abolici\u00f3n"},"content":{"rendered":"<p>Trabajaremos para abolir la prostituci\u00f3n y erradicar la trata de seres humanos con fines de explotaci\u00f3n sexual, favorecer la dignidad de las mujeres, garantizar alternativas y terminar con las redes y mafias que se lucran con la esclavitud. Para ello, debemos proteger y asistir a las v\u00edctimas, cooperar con los pa\u00edses de origen y concienciar a la ciudadan\u00eda de que es un comercio il\u00edcito y una forma de esclavitud\u00bb.<\/p>\n<p>Por\u00a0<strong><a href=\"https:\/\/www.elperiodicomediterraneo.com\/noticias\/opinion\/trata-prostitucion-abolicion_1314712.html?utm_source=noticias_diario&amp;utm_medium=newsletter&amp;utm_campaign=2020-09-23\">SUSANA Ros<\/a><\/strong><strong>*<\/strong><\/p>\n<p>Ese fue el compromiso electoral del PSOE con la sociedad espa\u00f1ola y lo cumpliremos, porque nadie puede dudar de la relaci\u00f3n directa que existe entre prostituci\u00f3n y trata de personas. Para que la promesa electoral se haga realidad es necesaria una Ley Integral contra la trata de seres humanos con fines de explotaci\u00f3n sexual y contra la prostituci\u00f3n, de la que los socialistas nos hemos declarado abolicionistas.<\/p>\n<p>Una ley que refuerce la persecuci\u00f3n de oficio de ese delito, incluido el proxenetismo, aunque lo consienta la v\u00edctima.<\/p>\n<p>Una ley que impida la publicidad sexual y ponga en marcha servicios y programas de protecci\u00f3n social y recuperaci\u00f3n integral de las personas explotadas, con atenci\u00f3n especifica a las menores. Y para ello necesitamos que nuestra legislaci\u00f3n recoja medidas encaminadas a abolir la prostituci\u00f3n, ese negocio lucrativo controlado por mafias internacionales que trafican con mujeres, armas o drogas.<\/p>\n<p>Hay que concienciar a la sociedad de que comprar servicios de prostituci\u00f3n favorece a las mafias que se lucran de mujeres y ni\u00f1as a las que han secuestrado sus derechos para ser explotadas sexualmente. No podemos permitir que en pleno siglo XXI miles de mujeres y ni\u00f1as se conviertan en meros objetos, en mercanc\u00edas para el beneficio de los proxenetas y redes internacionales. Hay que acabar con los negocios que se establecen alrededor de la explotaci\u00f3n sexual.<\/p>\n<p>Y basta ya de decir que la <a href=\"https:\/\/diariofemenino.com.ar\/menos-denuncias-por-trata-y-nuevas-formas-de-explotacion-sexual\/\">prostituci\u00f3n<\/a> es la profesi\u00f3n m\u00e1s antigua del mundo y que siempre estar\u00e1 ah\u00ed. Tambi\u00e9n lo era la esclavitud desde hace miles de a\u00f1os y se acab\u00f3 aboliendo. M\u00e1s que nunca Espa\u00f1a tiene que ser un pa\u00eds abolicionista.<\/p>\n<p>Porque no son mujeres prostitutas, son mujeres prostituidas, que es muy distinto. Son mujeres y ni\u00f1as explotadas de la forma m\u00e1s cruel y vejatoria que se puede imaginar. Mujeres y ni\u00f1as utilizadas como objetos de usar y tirar. Y si existe esta brutal explotaci\u00f3n sexual de las mujeres es porque hay hombres que consumen prostituci\u00f3n y que resultan tan repugnantes como los proxenetas.<\/p>\n<p>El Partido Socialista Obrero Espa\u00f1ol, es un partido abolicionista. As\u00ed lo recogen las resoluciones aprobadas en el 39 Congreso Federal. Defenderemos ese principio y lucharemos para hacerlo realidad.<\/p>\n<figure id=\"attachment_52493\" aria-describedby=\"caption-attachment-52493\" style=\"width: 1000px\" class=\"wp-caption aligncenter\"><img loading=\"lazy\" decoding=\"async\" class=\"size-full wp-image-52493\" src=\"https:\/\/diariofemenino.com.ar\/df\/wp-content\/uploads\/2020\/09\/sobre-prostitucion-trata-explotacion-sexual.jpg\" alt=\"Trata y prostituci\u00f3n: abolici\u00f3n\" width=\"1000\" height=\"600\" srcset=\"https:\/\/diariofemenino.com.ar\/df\/wp-content\/uploads\/2020\/09\/sobre-prostitucion-trata-explotacion-sexual.jpg 1000w, https:\/\/diariofemenino.com.ar\/df\/wp-content\/uploads\/2020\/09\/sobre-prostitucion-trata-explotacion-sexual-300x180.jpg 300w, https:\/\/diariofemenino.com.ar\/df\/wp-content\/uploads\/2020\/09\/sobre-prostitucion-trata-explotacion-sexual-768x461.jpg 768w\" sizes=\"auto, (max-width: 1000px) 100vw, 1000px\" \/><figcaption id=\"caption-attachment-52493\" class=\"wp-caption-text\"><a href=\"https:\/\/diariofemenino.com.ar\/la-trata-mata\/\">Trata<\/a> y prostituci\u00f3n: abolici\u00f3n<\/figcaption><\/figure>\n<p>*Diputada PSOE por Castell\u00f3n. Portavoz Adjunta GPS. Secretaria Ejecutiva contra la Violencia de G\u00e9nero. <a href=\"https:\/\/www.elperiodicomediterraneo.com\/\">El peri\u00f3dico Mediterr\u00e1neo\u00a0<\/a><\/p>\n<p>&nbsp;<\/p>\n<p>&nbsp;<\/p>\n","protected":false},"excerpt":{"rendered":"<p>Trabajaremos para abolir la prostituci\u00f3n y erradicar la trata de seres humanos con fines de explotaci\u00f3n sexual, favorecer la dignidad de las mujeres, garantizar alternativas y terminar con las redes y mafias que se lucran con la esclavitud. Para ello, debemos proteger y asistir a las v\u00edctimas, cooperar con los pa\u00edses de origen y concienciar [&hellip;]<\/p>\n","protected":false},"author":4,"featured_media":52495,"comment_status":"open","ping_status":"open","sticky":false,"template":"","format":"standard","meta":{"iawp_total_views":5,"footnotes":""},"categories":[7,1067,178,15,592],"tags":[255,128,773],"class_list":["post-52490","post","type-post","status-publish","format-standard","has-post-thumbnail","hentry","category-actividades","category-agenda-feminista","category-articulos-y-comunicados","category-trata-de-personas","category-violencias","tag-noalatrata","tag-prostitucion","tag-trata"],"nelio_content":{"autoShareEndMode":"never","automationSources":{"useCustomSentences":false,"customSentences":[]},"efiAlt":"","efiUrl":"","followers":[4],"highlights":[],"isAutoShareEnabled":true,"networkImageIds":[],"permalinkQueryArgs":[],"series":[],"suggestedReferences":[]},"yoast_head":"<!-- This site is optimized with the Yoast SEO plugin v27.5 - https:\/\/yoast.com\/product\/yoast-seo-wordpress\/ -->\n<title>Trata y prostituci\u00f3n: abolici\u00f3n - Diario Digital Femenino<\/title>\n<meta name=\"description\" content=\"Trata y prostituci\u00f3n.\" \/>\n<meta name=\"robots\" content=\"index, follow, max-snippet:-1, max-image-preview:large, max-video-preview:-1\" \/>\n<link rel=\"canonical\" href=\"https:\/\/diariofemenino.com.ar\/df\/trata-y-prostitucion-abolicion\/\" \/>\n<meta property=\"og:locale\" content=\"es_ES\" \/>\n<meta property=\"og:type\" content=\"article\" \/>\n<meta property=\"og:title\" content=\"Trata y prostituci\u00f3n: abolici\u00f3n - Diario Digital Femenino\" \/>\n<meta property=\"og:description\" content=\"Trata y prostituci\u00f3n.\" \/>\n<meta property=\"og:url\" content=\"https:\/\/diariofemenino.com.ar\/df\/trata-y-prostitucion-abolicion\/\" \/>\n<meta property=\"og:site_name\" content=\"Diario Digital Femenino\" \/>\n<meta property=\"article:publisher\" content=\"https:\/\/www.facebook.com\/DiarioDigitaFemenino\/\" \/>\n<meta property=\"article:published_time\" content=\"2020-09-23T12:33:24+00:00\" \/>\n<meta property=\"og:image\" content=\"https:\/\/diariofemenino.com.ar\/df\/wp-content\/uploads\/2020\/09\/1314712_1.jpg\" \/>\n\t<meta property=\"og:image:width\" content=\"640\" \/>\n\t<meta property=\"og:image:height\" content=\"600\" \/>\n\t<meta property=\"og:image:type\" content=\"image\/jpeg\" \/>\n<meta name=\"author\" content=\"Admin\" \/>\n<meta name=\"twitter:card\" content=\"summary_large_image\" \/>\n<meta name=\"twitter:creator\" content=\"@DiarioFemenino1\" \/>\n<meta name=\"twitter:site\" content=\"@DiarioFemenino1\" \/>\n<meta name=\"twitter:label1\" content=\"Escrito por\" \/>\n\t<meta name=\"twitter:data1\" content=\"Admin\" \/>\n\t<meta name=\"twitter:label2\" content=\"Tiempo de lectura\" \/>\n\t<meta name=\"twitter:data2\" content=\"3 minutos\" \/>\n<script type=\"application\/ld+json\" class=\"yoast-schema-graph\">{\"@context\":\"https:\\\/\\\/schema.org\",\"@graph\":[{\"@type\":\"Article\",\"@id\":\"https:\\\/\\\/diariofemenino.com.ar\\\/df\\\/trata-y-prostitucion-abolicion\\\/#article\",\"isPartOf\":{\"@id\":\"https:\\\/\\\/diariofemenino.com.ar\\\/df\\\/trata-y-prostitucion-abolicion\\\/\"},\"author\":{\"name\":\"Admin\",\"@id\":\"https:\\\/\\\/diariofemenino.com.ar\\\/df\\\/#\\\/schema\\\/person\\\/bf6199e8158c657ea6f789b11ec85509\"},\"headline\":\"Trata y prostituci\u00f3n: abolici\u00f3n\",\"datePublished\":\"2020-09-23T12:33:24+00:00\",\"mainEntityOfPage\":{\"@id\":\"https:\\\/\\\/diariofemenino.com.ar\\\/df\\\/trata-y-prostitucion-abolicion\\\/\"},\"wordCount\":506,\"commentCount\":0,\"publisher\":{\"@id\":\"https:\\\/\\\/diariofemenino.com.ar\\\/df\\\/#organization\"},\"image\":{\"@id\":\"https:\\\/\\\/diariofemenino.com.ar\\\/df\\\/trata-y-prostitucion-abolicion\\\/#primaryimage\"},\"thumbnailUrl\":\"https:\\\/\\\/diariofemenino.com.ar\\\/df\\\/wp-content\\\/uploads\\\/2020\\\/09\\\/1314712_1.jpg\",\"keywords\":[\"#NoAlaTrata\",\"Prostituci\u00f3n\",\"Trata\"],\"articleSection\":[\"Actividades\",\"Agenda Feminista\",\"Art\u00edculos y Comunicados\",\"Trata de Pers.\",\"Violencias\"],\"inLanguage\":\"es\",\"potentialAction\":[{\"@type\":\"CommentAction\",\"name\":\"Comment\",\"target\":[\"https:\\\/\\\/diariofemenino.com.ar\\\/df\\\/trata-y-prostitucion-abolicion\\\/#respond\"]}]},{\"@type\":\"WebPage\",\"@id\":\"https:\\\/\\\/diariofemenino.com.ar\\\/df\\\/trata-y-prostitucion-abolicion\\\/\",\"url\":\"https:\\\/\\\/diariofemenino.com.ar\\\/df\\\/trata-y-prostitucion-abolicion\\\/\",\"name\":\"Trata y prostituci\u00f3n: abolici\u00f3n - Diario Digital Femenino\",\"isPartOf\":{\"@id\":\"https:\\\/\\\/diariofemenino.com.ar\\\/df\\\/#website\"},\"primaryImageOfPage\":{\"@id\":\"https:\\\/\\\/diariofemenino.com.ar\\\/df\\\/trata-y-prostitucion-abolicion\\\/#primaryimage\"},\"image\":{\"@id\":\"https:\\\/\\\/diariofemenino.com.ar\\\/df\\\/trata-y-prostitucion-abolicion\\\/#primaryimage\"},\"thumbnailUrl\":\"https:\\\/\\\/diariofemenino.com.ar\\\/df\\\/wp-content\\\/uploads\\\/2020\\\/09\\\/1314712_1.jpg\",\"datePublished\":\"2020-09-23T12:33:24+00:00\",\"description\":\"Trata y prostituci\u00f3n.\",\"breadcrumb\":{\"@id\":\"https:\\\/\\\/diariofemenino.com.ar\\\/df\\\/trata-y-prostitucion-abolicion\\\/#breadcrumb\"},\"inLanguage\":\"es\",\"potentialAction\":[{\"@type\":\"ReadAction\",\"target\":[\"https:\\\/\\\/diariofemenino.com.ar\\\/df\\\/trata-y-prostitucion-abolicion\\\/\"]}]},{\"@type\":\"ImageObject\",\"inLanguage\":\"es\",\"@id\":\"https:\\\/\\\/diariofemenino.com.ar\\\/df\\\/trata-y-prostitucion-abolicion\\\/#primaryimage\",\"url\":\"https:\\\/\\\/diariofemenino.com.ar\\\/df\\\/wp-content\\\/uploads\\\/2020\\\/09\\\/1314712_1.jpg\",\"contentUrl\":\"https:\\\/\\\/diariofemenino.com.ar\\\/df\\\/wp-content\\\/uploads\\\/2020\\\/09\\\/1314712_1.jpg\",\"width\":640,\"height\":600,\"caption\":\"Trata y prostituci\u00f3n: abolici\u00f3n\"},{\"@type\":\"BreadcrumbList\",\"@id\":\"https:\\\/\\\/diariofemenino.com.ar\\\/df\\\/trata-y-prostitucion-abolicion\\\/#breadcrumb\",\"itemListElement\":[{\"@type\":\"ListItem\",\"position\":1,\"name\":\"Portada\",\"item\":\"https:\\\/\\\/diariofemenino.com.ar\\\/df\\\/\"},{\"@type\":\"ListItem\",\"position\":2,\"name\":\"Trata y prostituci\u00f3n: abolici\u00f3n\"}]},{\"@type\":\"WebSite\",\"@id\":\"https:\\\/\\\/diariofemenino.com.ar\\\/df\\\/#website\",\"url\":\"https:\\\/\\\/diariofemenino.com.ar\\\/df\\\/\",\"name\":\"Diario Digital Femenino\",\"description\":\"Cuesti\u00f3n de G\u00e9nero\",\"publisher\":{\"@id\":\"https:\\\/\\\/diariofemenino.com.ar\\\/df\\\/#organization\"},\"potentialAction\":[{\"@type\":\"SearchAction\",\"target\":{\"@type\":\"EntryPoint\",\"urlTemplate\":\"https:\\\/\\\/diariofemenino.com.ar\\\/df\\\/?s={search_term_string}\"},\"query-input\":{\"@type\":\"PropertyValueSpecification\",\"valueRequired\":true,\"valueName\":\"search_term_string\"}}],\"inLanguage\":\"es\"},{\"@type\":\"Organization\",\"@id\":\"https:\\\/\\\/diariofemenino.com.ar\\\/df\\\/#organization\",\"name\":\"Diario Femenino\",\"url\":\"https:\\\/\\\/diariofemenino.com.ar\\\/df\\\/\",\"logo\":{\"@type\":\"ImageObject\",\"inLanguage\":\"es\",\"@id\":\"https:\\\/\\\/diariofemenino.com.ar\\\/df\\\/#\\\/schema\\\/logo\\\/image\\\/\",\"url\":\"https:\\\/\\\/diariofemenino.com.ar\\\/df\\\/wp-content\\\/uploads\\\/2018\\\/10\\\/logo.png\",\"contentUrl\":\"https:\\\/\\\/diariofemenino.com.ar\\\/df\\\/wp-content\\\/uploads\\\/2018\\\/10\\\/logo.png\",\"width\":500,\"height\":92,\"caption\":\"Diario Femenino\"},\"image\":{\"@id\":\"https:\\\/\\\/diariofemenino.com.ar\\\/df\\\/#\\\/schema\\\/logo\\\/image\\\/\"},\"sameAs\":[\"https:\\\/\\\/www.facebook.com\\\/DiarioDigitaFemenino\\\/\",\"https:\\\/\\\/x.com\\\/DiarioFemenino1\"]},{\"@type\":\"Person\",\"@id\":\"https:\\\/\\\/diariofemenino.com.ar\\\/df\\\/#\\\/schema\\\/person\\\/bf6199e8158c657ea6f789b11ec85509\",\"name\":\"Admin\",\"image\":{\"@type\":\"ImageObject\",\"inLanguage\":\"es\",\"@id\":\"https:\\\/\\\/diariofemenino.com.ar\\\/df\\\/wp-content\\\/uploads\\\/2018\\\/12\\\/favicon-150x150.jpg\",\"url\":\"https:\\\/\\\/diariofemenino.com.ar\\\/df\\\/wp-content\\\/uploads\\\/2018\\\/12\\\/favicon-150x150.jpg\",\"contentUrl\":\"https:\\\/\\\/diariofemenino.com.ar\\\/df\\\/wp-content\\\/uploads\\\/2018\\\/12\\\/favicon-150x150.jpg\",\"caption\":\"Admin\"},\"url\":\"https:\\\/\\\/diariofemenino.com.ar\\\/df\\\/author\\\/lenny\\\/\"}]}<\/script>\n<!-- \/ Yoast SEO plugin. -->","yoast_head_json":{"title":"Trata y prostituci\u00f3n: abolici\u00f3n - Diario Digital Femenino","description":"Trata y prostituci\u00f3n.","robots":{"index":"index","follow":"follow","max-snippet":"max-snippet:-1","max-image-preview":"max-image-preview:large","max-video-preview":"max-video-preview:-1"},"canonical":"https:\/\/diariofemenino.com.ar\/df\/trata-y-prostitucion-abolicion\/","og_locale":"es_ES","og_type":"article","og_title":"Trata y prostituci\u00f3n: abolici\u00f3n - Diario Digital Femenino","og_description":"Trata y prostituci\u00f3n.","og_url":"https:\/\/diariofemenino.com.ar\/df\/trata-y-prostitucion-abolicion\/","og_site_name":"Diario Digital Femenino","article_publisher":"https:\/\/www.facebook.com\/DiarioDigitaFemenino\/","article_published_time":"2020-09-23T12:33:24+00:00","og_image":[{"width":640,"height":600,"url":"https:\/\/diariofemenino.com.ar\/df\/wp-content\/uploads\/2020\/09\/1314712_1.jpg","type":"image\/jpeg"}],"author":"Admin","twitter_card":"summary_large_image","twitter_creator":"@DiarioFemenino1","twitter_site":"@DiarioFemenino1","twitter_misc":{"Escrito por":"Admin","Tiempo de lectura":"3 minutos"},"schema":{"@context":"https:\/\/schema.org","@graph":[{"@type":"Article","@id":"https:\/\/diariofemenino.com.ar\/df\/trata-y-prostitucion-abolicion\/#article","isPartOf":{"@id":"https:\/\/diariofemenino.com.ar\/df\/trata-y-prostitucion-abolicion\/"},"author":{"name":"Admin","@id":"https:\/\/diariofemenino.com.ar\/df\/#\/schema\/person\/bf6199e8158c657ea6f789b11ec85509"},"headline":"Trata y prostituci\u00f3n: abolici\u00f3n","datePublished":"2020-09-23T12:33:24+00:00","mainEntityOfPage":{"@id":"https:\/\/diariofemenino.com.ar\/df\/trata-y-prostitucion-abolicion\/"},"wordCount":506,"commentCount":0,"publisher":{"@id":"https:\/\/diariofemenino.com.ar\/df\/#organization"},"image":{"@id":"https:\/\/diariofemenino.com.ar\/df\/trata-y-prostitucion-abolicion\/#primaryimage"},"thumbnailUrl":"https:\/\/diariofemenino.com.ar\/df\/wp-content\/uploads\/2020\/09\/1314712_1.jpg","keywords":["#NoAlaTrata","Prostituci\u00f3n","Trata"],"articleSection":["Actividades","Agenda Feminista","Art\u00edculos y Comunicados","Trata de Pers.","Violencias"],"inLanguage":"es","potentialAction":[{"@type":"CommentAction","name":"Comment","target":["https:\/\/diariofemenino.com.ar\/df\/trata-y-prostitucion-abolicion\/#respond"]}]},{"@type":"WebPage","@id":"https:\/\/diariofemenino.com.ar\/df\/trata-y-prostitucion-abolicion\/","url":"https:\/\/diariofemenino.com.ar\/df\/trata-y-prostitucion-abolicion\/","name":"Trata y prostituci\u00f3n: abolici\u00f3n - Diario Digital Femenino","isPartOf":{"@id":"https:\/\/diariofemenino.com.ar\/df\/#website"},"primaryImageOfPage":{"@id":"https:\/\/diariofemenino.com.ar\/df\/trata-y-prostitucion-abolicion\/#primaryimage"},"image":{"@id":"https:\/\/diariofemenino.com.ar\/df\/trata-y-prostitucion-abolicion\/#primaryimage"},"thumbnailUrl":"https:\/\/diariofemenino.com.ar\/df\/wp-content\/uploads\/2020\/09\/1314712_1.jpg","datePublished":"2020-09-23T12:33:24+00:00","description":"Trata y prostituci\u00f3n.","breadcrumb":{"@id":"https:\/\/diariofemenino.com.ar\/df\/trata-y-prostitucion-abolicion\/#breadcrumb"},"inLanguage":"es","potentialAction":[{"@type":"ReadAction","target":["https:\/\/diariofemenino.com.ar\/df\/trata-y-prostitucion-abolicion\/"]}]},{"@type":"ImageObject","inLanguage":"es","@id":"https:\/\/diariofemenino.com.ar\/df\/trata-y-prostitucion-abolicion\/#primaryimage","url":"https:\/\/diariofemenino.com.ar\/df\/wp-content\/uploads\/2020\/09\/1314712_1.jpg","contentUrl":"https:\/\/diariofemenino.com.ar\/df\/wp-content\/uploads\/2020\/09\/1314712_1.jpg","width":640,"height":600,"caption":"Trata y prostituci\u00f3n: abolici\u00f3n"},{"@type":"BreadcrumbList","@id":"https:\/\/diariofemenino.com.ar\/df\/trata-y-prostitucion-abolicion\/#breadcrumb","itemListElement":[{"@type":"ListItem","position":1,"name":"Portada","item":"https:\/\/diariofemenino.com.ar\/df\/"},{"@type":"ListItem","position":2,"name":"Trata y prostituci\u00f3n: abolici\u00f3n"}]},{"@type":"WebSite","@id":"https:\/\/diariofemenino.com.ar\/df\/#website","url":"https:\/\/diariofemenino.com.ar\/df\/","name":"Diario Digital Femenino","description":"Cuesti\u00f3n de G\u00e9nero","publisher":{"@id":"https:\/\/diariofemenino.com.ar\/df\/#organization"},"potentialAction":[{"@type":"SearchAction","target":{"@type":"EntryPoint","urlTemplate":"https:\/\/diariofemenino.com.ar\/df\/?s={search_term_string}"},"query-input":{"@type":"PropertyValueSpecification","valueRequired":true,"valueName":"search_term_string"}}],"inLanguage":"es"},{"@type":"Organization","@id":"https:\/\/diariofemenino.com.ar\/df\/#organization","name":"Diario Femenino","url":"https:\/\/diariofemenino.com.ar\/df\/","logo":{"@type":"ImageObject","inLanguage":"es","@id":"https:\/\/diariofemenino.com.ar\/df\/#\/schema\/logo\/image\/","url":"https:\/\/diariofemenino.com.ar\/df\/wp-content\/uploads\/2018\/10\/logo.png","contentUrl":"https:\/\/diariofemenino.com.ar\/df\/wp-content\/uploads\/2018\/10\/logo.png","width":500,"height":92,"caption":"Diario Femenino"},"image":{"@id":"https:\/\/diariofemenino.com.ar\/df\/#\/schema\/logo\/image\/"},"sameAs":["https:\/\/www.facebook.com\/DiarioDigitaFemenino\/","https:\/\/x.com\/DiarioFemenino1"]},{"@type":"Person","@id":"https:\/\/diariofemenino.com.ar\/df\/#\/schema\/person\/bf6199e8158c657ea6f789b11ec85509","name":"Admin","image":{"@type":"ImageObject","inLanguage":"es","@id":"https:\/\/diariofemenino.com.ar\/df\/wp-content\/uploads\/2018\/12\/favicon-150x150.jpg","url":"https:\/\/diariofemenino.com.ar\/df\/wp-content\/uploads\/2018\/12\/favicon-150x150.jpg","contentUrl":"https:\/\/diariofemenino.com.ar\/df\/wp-content\/uploads\/2018\/12\/favicon-150x150.jpg","caption":"Admin"},"url":"https:\/\/diariofemenino.com.ar\/df\/author\/lenny\/"}]}},"jetpack_featured_media_url":"https:\/\/diariofemenino.com.ar\/df\/wp-content\/uploads\/2020\/09\/1314712_1.jpg","jetpack_sharing_enabled":true,"rttpg_featured_image_url":{"full":["https:\/\/diariofemenino.com.ar\/df\/wp-content\/uploads\/2020\/09\/1314712_1.jpg",640,600,false],"landscape":["https:\/\/diariofemenino.com.ar\/df\/wp-content\/uploads\/2020\/09\/1314712_1.jpg",640,600,false],"portraits":["https:\/\/diariofemenino.com.ar\/df\/wp-content\/uploads\/2020\/09\/1314712_1.jpg",640,600,false],"thumbnail":["https:\/\/diariofemenino.com.ar\/df\/wp-content\/uploads\/2020\/09\/1314712_1-150x150.jpg",150,150,true],"medium":["https:\/\/diariofemenino.com.ar\/df\/wp-content\/uploads\/2020\/09\/1314712_1-300x281.jpg",300,281,true],"large":["https:\/\/diariofemenino.com.ar\/df\/wp-content\/uploads\/2020\/09\/1314712_1.jpg",640,600,false],"1536x1536":["https:\/\/diariofemenino.com.ar\/df\/wp-content\/uploads\/2020\/09\/1314712_1.jpg",640,600,false],"2048x2048":["https:\/\/diariofemenino.com.ar\/df\/wp-content\/uploads\/2020\/09\/1314712_1.jpg",640,600,false]},"rttpg_author":{"display_name":"Admin","author_link":"https:\/\/diariofemenino.com.ar\/df\/author\/lenny\/"},"rttpg_comment":0,"rttpg_category":"<a href=\"https:\/\/diariofemenino.com.ar\/df\/category\/actividades\/\" rel=\"category tag\">Actividades<\/a> <a href=\"https:\/\/diariofemenino.com.ar\/df\/category\/agenda-feminista\/\" rel=\"category tag\">Agenda Feminista<\/a> <a href=\"https:\/\/diariofemenino.com.ar\/df\/category\/articulos-y-comunicados\/\" rel=\"category tag\">Art\u00edculos y Comunicados<\/a> <a href=\"https:\/\/diariofemenino.com.ar\/df\/category\/trata-de-personas\/\" rel=\"category tag\">Trata de Pers.<\/a> <a href=\"https:\/\/diariofemenino.com.ar\/df\/category\/violencias\/\" rel=\"category tag\">Violencias<\/a>","rttpg_excerpt":"Trabajaremos para abolir la prostituci\u00f3n y erradicar la trata de seres humanos con fines de explotaci\u00f3n sexual, favorecer la dignidad de las mujeres, garantizar alternativas y terminar con las redes y mafias que se lucran con la esclavitud. Para ello, debemos proteger y asistir a las v\u00edctimas, cooperar con los pa\u00edses de origen y concienciar&hellip;","_links":{"self":[{"href":"https:\/\/diariofemenino.com.ar\/df\/wp-json\/wp\/v2\/posts\/52490","targetHints":{"allow":["GET"]}}],"collection":[{"href":"https:\/\/diariofemenino.com.ar\/df\/wp-json\/wp\/v2\/posts"}],"about":[{"href":"https:\/\/diariofemenino.com.ar\/df\/wp-json\/wp\/v2\/types\/post"}],"author":[{"embeddable":true,"href":"https:\/\/diariofemenino.com.ar\/df\/wp-json\/wp\/v2\/users\/4"}],"replies":[{"embeddable":true,"href":"https:\/\/diariofemenino.com.ar\/df\/wp-json\/wp\/v2\/comments?post=52490"}],"version-history":[{"count":0,"href":"https:\/\/diariofemenino.com.ar\/df\/wp-json\/wp\/v2\/posts\/52490\/revisions"}],"wp:featuredmedia":[{"embeddable":true,"href":"https:\/\/diariofemenino.com.ar\/df\/wp-json\/wp\/v2\/media\/52495"}],"wp:attachment":[{"href":"https:\/\/diariofemenino.com.ar\/df\/wp-json\/wp\/v2\/media?parent=52490"}],"wp:term":[{"taxonomy":"category","embeddable":true,"href":"https:\/\/diariofemenino.com.ar\/df\/wp-json\/wp\/v2\/categories?post=52490"},{"taxonomy":"post_tag","embeddable":true,"href":"https:\/\/diariofemenino.com.ar\/df\/wp-json\/wp\/v2\/tags?post=52490"}],"curies":[{"name":"wp","href":"https:\/\/api.w.org\/{rel}","templated":true}]}}