{"id":52375,"date":"2020-09-19T11:34:11","date_gmt":"2020-09-19T14:34:11","guid":{"rendered":"https:\/\/diariofemenino.com.ar\/?p=52375"},"modified":"2020-09-19T11:34:47","modified_gmt":"2020-09-19T14:34:47","slug":"avanza-en-el-senado-la-ley-de-la-licenciatura-en-obstetricia","status":"publish","type":"post","link":"https:\/\/diariofemenino.com.ar\/df\/avanza-en-el-senado-la-ley-de-la-licenciatura-en-obstetricia\/","title":{"rendered":"Avanza en el Senado la ley de la Licenciatura en Obstetricia"},"content":{"rendered":"<p>Avanza en el Senado&#8230;<\/p>\n<p><em>El Senado de la Naci\u00f3n comenz\u00f3 el tratamiento del proyecto de ley del Ejercicio Profesional de la Licenciatura en Obstetricia, tras su aprobaci\u00f3n el a\u00f1o pasado en Diputados. El an\u00e1lisis en una reuni\u00f3n de la Comisi\u00f3n de Salud y Legislaci\u00f3n.<\/em><\/p>\n<p>El debate,\u00a0<em>cont\u00f3 con la presencia de Alicia Cillo, presidenta del Colegio de Obst\u00e9tricas de la provincia de Buenos Aires (COPBA), quien en una entrevista a <a href=\"https:\/\/parirynacer.com.ar\/avanza-en-el-senado-la-leyde-la-licenciatura-en-obstetricia\/\">Parir y Nacer<\/a> afirm\u00f3:\u00a0<\/em>La Obstetricia se encuentra regulada hoy por la Ley 17.132, \u201cNormas para el ejercicio de la medicina, odontolog\u00eda y actividades de colaboraci\u00f3n\u201d, totalmente obsoleta, consider\u00f3 Alicia Cillo. Record\u00f3 adem\u00e1s que esa ley data del a\u00f1o 1967 y reconoce t\u00edtulos desactualizados, como Parteras y\/u Obst\u00e9tricas, adem\u00e1s de incluir s\u00f3lo a mujeres.<\/p>\n<p>La redacci\u00f3n de la Ley 17.132 contempla una carrera que se cursaba con certificado de 6\u00b0 grado de la escuela primaria, en 3 a\u00f1os y con s\u00f3lo 6 asignaturas.<\/p>\n<p><img loading=\"lazy\" decoding=\"async\" class=\"wp-image-52385 size-full alignleft\" src=\"https:\/\/diariofemenino.com.ar\/df\/wp-content\/uploads\/2020\/09\/descarga-2.jpg\" alt=\" Avanza en el Senado la ley de la Licenciatura en Obstetricia\" width=\"140\" height=\"140\" \/><\/p>\n<p>Los avances de la ciencia y la tecnolog\u00eda hicieron necesario modificar los planes de estudio, la carga horaria y la duraci\u00f3n, en l\u00ednea con los requerimientos de la Ley de Educaci\u00f3n Superior 24.521. Adem\u00e1s, la resoluci\u00f3n 159\/2020 del Ministerio de Educaci\u00f3n, incluy\u00f3 en el articulo 43\u00b0 de esta Ley al t\u00edtulo de Licenciada\/o en Obstetricia.<\/p>\n<p>\u201cContamos hoy con una carrera de grado universitario, de 4 a 5 a\u00f1os de duraci\u00f3n y m\u00e1s de 40 asignaturas, con los alcances otorgados en los t\u00edtulos expedidos por las 13 universidades donde se dicta, que reflejan los conocimientos, habilidades y competencias adquiridas, que se extienden m\u00e1s all\u00e1 del embarazo y el nacimiento\u201d, declar\u00f3 Cillo a Parir y Nacer.<\/p>\n<p>\u201cTodo eso -continu\u00f3- nos respalda para ejercer con total autonom\u00eda las funciones de promoci\u00f3n, prevenci\u00f3n, recuperaci\u00f3n y rehabilitaci\u00f3n de la salud sexual y reproductiva de la mujer, personas gestantes, su familia y su comunidad, tendiendo al mejoramiento de la calidad de vida en todas las etapas del ciclo vital, en todos los niveles de atenci\u00f3n. As\u00ed como tambi\u00e9n para la docencia, la investigaci\u00f3n, el asesoramiento, la administraci\u00f3n de servicios y la participaci\u00f3n en el campo de pericias devenidas en el \u00e1mbito m\u00e9dico legal\u201d.<\/p>\n<p>El proyecto que analiza el Senado es el s\u00e9ptimo presentado desde 2007 y logr\u00f3 la sanci\u00f3n de la C\u00e1mara de Diputados en abril de 2019. Se trata de un proyecto \u201cmarco\u201d, dado que el poder de polic\u00eda le corresponde a las provincias (nueve de las cuales cuentan ya con la leyes de ejercicio profesional actualizadas y que reconocen los alcances profesionales).<\/p>\n<p>Cillo advirti\u00f3 que la Ley 17.132 implica \u201cuna violaci\u00f3n a la libertad de trabajar, ya que las\/los profesionales poseen hoy conocimientos cient\u00edficos avalados por las Universidades, que les permiten realizar con total autonom\u00eda las tareas fijadas en sus alcances\u201d.<\/p>\n<p>\u201cLas\/los licenciadas\/os en Obstetricia tenemos el derecho a ejercer en su totalidad las competencias adquiridas; en caso contrario nos encontrar\u00edamos ante una vulneraci\u00f3n del art\u00edculo 14 bis de nuestra Constituci\u00f3n Nacional: el derecho a trabajar\u201d, concluy\u00f3 la titular de <a href=\"http:\/\/copba-cs.org.ar\/\">COPBA<\/a>.<\/p>\n<p>&nbsp;<\/p>\n<p><iframe loading=\"lazy\" src=\"https:\/\/www.youtube.com\/embed\/h-Sgxo1azj0\" width=\"560\" height=\"315\" frameborder=\"0\" allowfullscreen=\"allowfullscreen\"><\/iframe><\/p>\n<p>&nbsp;<\/p>\n<p><a href=\"https:\/\/diariofemenino.com.ar\/category\/salud\/\">Salud<\/a><br \/>\n<a href=\"https:\/\/diariofemenino.com.ar\/\">Diario Digital Femenino<\/a><\/p>\n","protected":false},"excerpt":{"rendered":"<p>Avanza en el Senado&#8230; El Senado de la Naci\u00f3n comenz\u00f3 el tratamiento del proyecto de ley del Ejercicio Profesional de la Licenciatura en Obstetricia, tras su aprobaci\u00f3n el a\u00f1o pasado en Diputados. El an\u00e1lisis en una reuni\u00f3n de la Comisi\u00f3n de Salud y Legislaci\u00f3n. El debate,\u00a0cont\u00f3 con la presencia de Alicia Cillo, presidenta del Colegio [&hellip;]<\/p>\n","protected":false},"author":4,"featured_media":52383,"comment_status":"open","ping_status":"open","sticky":false,"template":"","format":"standard","meta":{"iawp_total_views":5,"footnotes":""},"categories":[7,1067,581,23],"tags":[363,3572,3571,14],"class_list":["post-52375","post","type-post","status-publish","format-standard","has-post-thumbnail","hentry","category-actividades","category-agenda-feminista","category-azul-profundo","category-salud","tag-senado","tag-licenciatura","tag-obstetricia","tag-salud-sexual-y-reproductiva"],"nelio_content":{"autoShareEndMode":"never","automationSources":{"useCustomSentences":false,"customSentences":[]},"efiAlt":"","efiUrl":"","followers":[4],"highlights":[],"isAutoShareEnabled":true,"networkImageIds":[],"permalinkQueryArgs":[],"series":[],"suggestedReferences":[]},"yoast_head":"<!-- This site is optimized with the Yoast SEO plugin v27.5 - https:\/\/yoast.com\/product\/yoast-seo-wordpress\/ -->\n<title>Avanza en el Senado la ley de la Licenciatura en Obstetricia - Diario Digital Femenino<\/title>\n<meta name=\"description\" content=\"Avanza en el Senado. El Senado de la Naci\u00f3n comenz\u00f3 el tratamiento del proyecto de ley del Ejercicio Profesional de la Licenciatura en Obstetricia\" \/>\n<meta name=\"robots\" content=\"index, follow, max-snippet:-1, max-image-preview:large, max-video-preview:-1\" \/>\n<link rel=\"canonical\" href=\"https:\/\/diariofemenino.com.ar\/df\/avanza-en-el-senado-la-ley-de-la-licenciatura-en-obstetricia\/\" \/>\n<meta property=\"og:locale\" content=\"es_ES\" \/>\n<meta property=\"og:type\" content=\"article\" \/>\n<meta property=\"og:title\" content=\"Avanza en el Senado la ley de la Licenciatura en Obstetricia - Diario Digital Femenino\" \/>\n<meta property=\"og:description\" content=\"Avanza en el Senado. El Senado de la Naci\u00f3n comenz\u00f3 el tratamiento del proyecto de ley del Ejercicio Profesional de la Licenciatura en Obstetricia\" \/>\n<meta property=\"og:url\" content=\"https:\/\/diariofemenino.com.ar\/df\/avanza-en-el-senado-la-ley-de-la-licenciatura-en-obstetricia\/\" \/>\n<meta property=\"og:site_name\" content=\"Diario Digital Femenino\" \/>\n<meta property=\"article:publisher\" content=\"https:\/\/www.facebook.com\/DiarioDigitaFemenino\/\" \/>\n<meta property=\"article:published_time\" content=\"2020-09-19T14:34:11+00:00\" \/>\n<meta property=\"article:modified_time\" content=\"2020-09-19T14:34:47+00:00\" \/>\n<meta property=\"og:image\" content=\"https:\/\/diariofemenino.com.ar\/df\/wp-content\/uploads\/2020\/09\/flor.jpg\" \/>\n\t<meta property=\"og:image:width\" content=\"600\" \/>\n\t<meta property=\"og:image:height\" content=\"356\" \/>\n\t<meta property=\"og:image:type\" content=\"image\/jpeg\" \/>\n<meta name=\"author\" content=\"Admin\" \/>\n<meta name=\"twitter:card\" content=\"summary_large_image\" \/>\n<meta name=\"twitter:creator\" content=\"@DiarioFemenino1\" \/>\n<meta name=\"twitter:site\" content=\"@DiarioFemenino1\" \/>\n<meta name=\"twitter:label1\" content=\"Escrito por\" \/>\n\t<meta name=\"twitter:data1\" content=\"Admin\" \/>\n\t<meta name=\"twitter:label2\" content=\"Tiempo de lectura\" \/>\n\t<meta name=\"twitter:data2\" content=\"3 minutos\" \/>\n<script type=\"application\/ld+json\" class=\"yoast-schema-graph\">{\"@context\":\"https:\\\/\\\/schema.org\",\"@graph\":[{\"@type\":\"Article\",\"@id\":\"https:\\\/\\\/diariofemenino.com.ar\\\/df\\\/avanza-en-el-senado-la-ley-de-la-licenciatura-en-obstetricia\\\/#article\",\"isPartOf\":{\"@id\":\"https:\\\/\\\/diariofemenino.com.ar\\\/df\\\/avanza-en-el-senado-la-ley-de-la-licenciatura-en-obstetricia\\\/\"},\"author\":{\"name\":\"Admin\",\"@id\":\"https:\\\/\\\/diariofemenino.com.ar\\\/df\\\/#\\\/schema\\\/person\\\/bf6199e8158c657ea6f789b11ec85509\"},\"headline\":\"Avanza en el Senado la ley de la Licenciatura en Obstetricia\",\"datePublished\":\"2020-09-19T14:34:11+00:00\",\"dateModified\":\"2020-09-19T14:34:47+00:00\",\"mainEntityOfPage\":{\"@id\":\"https:\\\/\\\/diariofemenino.com.ar\\\/df\\\/avanza-en-el-senado-la-ley-de-la-licenciatura-en-obstetricia\\\/\"},\"wordCount\":550,\"commentCount\":0,\"publisher\":{\"@id\":\"https:\\\/\\\/diariofemenino.com.ar\\\/df\\\/#organization\"},\"image\":{\"@id\":\"https:\\\/\\\/diariofemenino.com.ar\\\/df\\\/avanza-en-el-senado-la-ley-de-la-licenciatura-en-obstetricia\\\/#primaryimage\"},\"thumbnailUrl\":\"https:\\\/\\\/diariofemenino.com.ar\\\/df\\\/wp-content\\\/uploads\\\/2020\\\/09\\\/flor.jpg\",\"keywords\":[\"#Senado\",\"Licenciatura\",\"Obstetricia\",\"Salud Sexual y Reproductiva\"],\"articleSection\":[\"Actividades\",\"Agenda Feminista\",\"Azul Profundo\",\"Salud\"],\"inLanguage\":\"es\",\"potentialAction\":[{\"@type\":\"CommentAction\",\"name\":\"Comment\",\"target\":[\"https:\\\/\\\/diariofemenino.com.ar\\\/df\\\/avanza-en-el-senado-la-ley-de-la-licenciatura-en-obstetricia\\\/#respond\"]}]},{\"@type\":\"WebPage\",\"@id\":\"https:\\\/\\\/diariofemenino.com.ar\\\/df\\\/avanza-en-el-senado-la-ley-de-la-licenciatura-en-obstetricia\\\/\",\"url\":\"https:\\\/\\\/diariofemenino.com.ar\\\/df\\\/avanza-en-el-senado-la-ley-de-la-licenciatura-en-obstetricia\\\/\",\"name\":\"Avanza en el Senado la ley de la Licenciatura en Obstetricia - Diario Digital Femenino\",\"isPartOf\":{\"@id\":\"https:\\\/\\\/diariofemenino.com.ar\\\/df\\\/#website\"},\"primaryImageOfPage\":{\"@id\":\"https:\\\/\\\/diariofemenino.com.ar\\\/df\\\/avanza-en-el-senado-la-ley-de-la-licenciatura-en-obstetricia\\\/#primaryimage\"},\"image\":{\"@id\":\"https:\\\/\\\/diariofemenino.com.ar\\\/df\\\/avanza-en-el-senado-la-ley-de-la-licenciatura-en-obstetricia\\\/#primaryimage\"},\"thumbnailUrl\":\"https:\\\/\\\/diariofemenino.com.ar\\\/df\\\/wp-content\\\/uploads\\\/2020\\\/09\\\/flor.jpg\",\"datePublished\":\"2020-09-19T14:34:11+00:00\",\"dateModified\":\"2020-09-19T14:34:47+00:00\",\"description\":\"Avanza en el Senado. El Senado de la Naci\u00f3n comenz\u00f3 el tratamiento del proyecto de ley del Ejercicio Profesional de la Licenciatura en Obstetricia\",\"breadcrumb\":{\"@id\":\"https:\\\/\\\/diariofemenino.com.ar\\\/df\\\/avanza-en-el-senado-la-ley-de-la-licenciatura-en-obstetricia\\\/#breadcrumb\"},\"inLanguage\":\"es\",\"potentialAction\":[{\"@type\":\"ReadAction\",\"target\":[\"https:\\\/\\\/diariofemenino.com.ar\\\/df\\\/avanza-en-el-senado-la-ley-de-la-licenciatura-en-obstetricia\\\/\"]}]},{\"@type\":\"ImageObject\",\"inLanguage\":\"es\",\"@id\":\"https:\\\/\\\/diariofemenino.com.ar\\\/df\\\/avanza-en-el-senado-la-ley-de-la-licenciatura-en-obstetricia\\\/#primaryimage\",\"url\":\"https:\\\/\\\/diariofemenino.com.ar\\\/df\\\/wp-content\\\/uploads\\\/2020\\\/09\\\/flor.jpg\",\"contentUrl\":\"https:\\\/\\\/diariofemenino.com.ar\\\/df\\\/wp-content\\\/uploads\\\/2020\\\/09\\\/flor.jpg\",\"width\":600,\"height\":356,\"caption\":\"Avanza en el Senado la leyde la Licenciatura en Obstetricia\"},{\"@type\":\"BreadcrumbList\",\"@id\":\"https:\\\/\\\/diariofemenino.com.ar\\\/df\\\/avanza-en-el-senado-la-ley-de-la-licenciatura-en-obstetricia\\\/#breadcrumb\",\"itemListElement\":[{\"@type\":\"ListItem\",\"position\":1,\"name\":\"Portada\",\"item\":\"https:\\\/\\\/diariofemenino.com.ar\\\/df\\\/\"},{\"@type\":\"ListItem\",\"position\":2,\"name\":\"Avanza en el Senado la ley de la Licenciatura en Obstetricia\"}]},{\"@type\":\"WebSite\",\"@id\":\"https:\\\/\\\/diariofemenino.com.ar\\\/df\\\/#website\",\"url\":\"https:\\\/\\\/diariofemenino.com.ar\\\/df\\\/\",\"name\":\"Diario Digital Femenino\",\"description\":\"Cuesti\u00f3n de G\u00e9nero\",\"publisher\":{\"@id\":\"https:\\\/\\\/diariofemenino.com.ar\\\/df\\\/#organization\"},\"potentialAction\":[{\"@type\":\"SearchAction\",\"target\":{\"@type\":\"EntryPoint\",\"urlTemplate\":\"https:\\\/\\\/diariofemenino.com.ar\\\/df\\\/?s={search_term_string}\"},\"query-input\":{\"@type\":\"PropertyValueSpecification\",\"valueRequired\":true,\"valueName\":\"search_term_string\"}}],\"inLanguage\":\"es\"},{\"@type\":\"Organization\",\"@id\":\"https:\\\/\\\/diariofemenino.com.ar\\\/df\\\/#organization\",\"name\":\"Diario Femenino\",\"url\":\"https:\\\/\\\/diariofemenino.com.ar\\\/df\\\/\",\"logo\":{\"@type\":\"ImageObject\",\"inLanguage\":\"es\",\"@id\":\"https:\\\/\\\/diariofemenino.com.ar\\\/df\\\/#\\\/schema\\\/logo\\\/image\\\/\",\"url\":\"https:\\\/\\\/diariofemenino.com.ar\\\/df\\\/wp-content\\\/uploads\\\/2018\\\/10\\\/logo.png\",\"contentUrl\":\"https:\\\/\\\/diariofemenino.com.ar\\\/df\\\/wp-content\\\/uploads\\\/2018\\\/10\\\/logo.png\",\"width\":500,\"height\":92,\"caption\":\"Diario Femenino\"},\"image\":{\"@id\":\"https:\\\/\\\/diariofemenino.com.ar\\\/df\\\/#\\\/schema\\\/logo\\\/image\\\/\"},\"sameAs\":[\"https:\\\/\\\/www.facebook.com\\\/DiarioDigitaFemenino\\\/\",\"https:\\\/\\\/x.com\\\/DiarioFemenino1\"]},{\"@type\":\"Person\",\"@id\":\"https:\\\/\\\/diariofemenino.com.ar\\\/df\\\/#\\\/schema\\\/person\\\/bf6199e8158c657ea6f789b11ec85509\",\"name\":\"Admin\",\"image\":{\"@type\":\"ImageObject\",\"inLanguage\":\"es\",\"@id\":\"https:\\\/\\\/diariofemenino.com.ar\\\/df\\\/wp-content\\\/uploads\\\/2018\\\/12\\\/favicon-150x150.jpg\",\"url\":\"https:\\\/\\\/diariofemenino.com.ar\\\/df\\\/wp-content\\\/uploads\\\/2018\\\/12\\\/favicon-150x150.jpg\",\"contentUrl\":\"https:\\\/\\\/diariofemenino.com.ar\\\/df\\\/wp-content\\\/uploads\\\/2018\\\/12\\\/favicon-150x150.jpg\",\"caption\":\"Admin\"},\"url\":\"https:\\\/\\\/diariofemenino.com.ar\\\/df\\\/author\\\/lenny\\\/\"}]}<\/script>\n<!-- \/ Yoast SEO plugin. -->","yoast_head_json":{"title":"Avanza en el Senado la ley de la Licenciatura en Obstetricia - Diario Digital Femenino","description":"Avanza en el Senado. El Senado de la Naci\u00f3n comenz\u00f3 el tratamiento del proyecto de ley del Ejercicio Profesional de la Licenciatura en Obstetricia","robots":{"index":"index","follow":"follow","max-snippet":"max-snippet:-1","max-image-preview":"max-image-preview:large","max-video-preview":"max-video-preview:-1"},"canonical":"https:\/\/diariofemenino.com.ar\/df\/avanza-en-el-senado-la-ley-de-la-licenciatura-en-obstetricia\/","og_locale":"es_ES","og_type":"article","og_title":"Avanza en el Senado la ley de la Licenciatura en Obstetricia - Diario Digital Femenino","og_description":"Avanza en el Senado. El Senado de la Naci\u00f3n comenz\u00f3 el tratamiento del proyecto de ley del Ejercicio Profesional de la Licenciatura en Obstetricia","og_url":"https:\/\/diariofemenino.com.ar\/df\/avanza-en-el-senado-la-ley-de-la-licenciatura-en-obstetricia\/","og_site_name":"Diario Digital Femenino","article_publisher":"https:\/\/www.facebook.com\/DiarioDigitaFemenino\/","article_published_time":"2020-09-19T14:34:11+00:00","article_modified_time":"2020-09-19T14:34:47+00:00","og_image":[{"width":600,"height":356,"url":"https:\/\/diariofemenino.com.ar\/df\/wp-content\/uploads\/2020\/09\/flor.jpg","type":"image\/jpeg"}],"author":"Admin","twitter_card":"summary_large_image","twitter_creator":"@DiarioFemenino1","twitter_site":"@DiarioFemenino1","twitter_misc":{"Escrito por":"Admin","Tiempo de lectura":"3 minutos"},"schema":{"@context":"https:\/\/schema.org","@graph":[{"@type":"Article","@id":"https:\/\/diariofemenino.com.ar\/df\/avanza-en-el-senado-la-ley-de-la-licenciatura-en-obstetricia\/#article","isPartOf":{"@id":"https:\/\/diariofemenino.com.ar\/df\/avanza-en-el-senado-la-ley-de-la-licenciatura-en-obstetricia\/"},"author":{"name":"Admin","@id":"https:\/\/diariofemenino.com.ar\/df\/#\/schema\/person\/bf6199e8158c657ea6f789b11ec85509"},"headline":"Avanza en el Senado la ley de la Licenciatura en Obstetricia","datePublished":"2020-09-19T14:34:11+00:00","dateModified":"2020-09-19T14:34:47+00:00","mainEntityOfPage":{"@id":"https:\/\/diariofemenino.com.ar\/df\/avanza-en-el-senado-la-ley-de-la-licenciatura-en-obstetricia\/"},"wordCount":550,"commentCount":0,"publisher":{"@id":"https:\/\/diariofemenino.com.ar\/df\/#organization"},"image":{"@id":"https:\/\/diariofemenino.com.ar\/df\/avanza-en-el-senado-la-ley-de-la-licenciatura-en-obstetricia\/#primaryimage"},"thumbnailUrl":"https:\/\/diariofemenino.com.ar\/df\/wp-content\/uploads\/2020\/09\/flor.jpg","keywords":["#Senado","Licenciatura","Obstetricia","Salud Sexual y Reproductiva"],"articleSection":["Actividades","Agenda Feminista","Azul Profundo","Salud"],"inLanguage":"es","potentialAction":[{"@type":"CommentAction","name":"Comment","target":["https:\/\/diariofemenino.com.ar\/df\/avanza-en-el-senado-la-ley-de-la-licenciatura-en-obstetricia\/#respond"]}]},{"@type":"WebPage","@id":"https:\/\/diariofemenino.com.ar\/df\/avanza-en-el-senado-la-ley-de-la-licenciatura-en-obstetricia\/","url":"https:\/\/diariofemenino.com.ar\/df\/avanza-en-el-senado-la-ley-de-la-licenciatura-en-obstetricia\/","name":"Avanza en el Senado la ley de la Licenciatura en Obstetricia - Diario Digital Femenino","isPartOf":{"@id":"https:\/\/diariofemenino.com.ar\/df\/#website"},"primaryImageOfPage":{"@id":"https:\/\/diariofemenino.com.ar\/df\/avanza-en-el-senado-la-ley-de-la-licenciatura-en-obstetricia\/#primaryimage"},"image":{"@id":"https:\/\/diariofemenino.com.ar\/df\/avanza-en-el-senado-la-ley-de-la-licenciatura-en-obstetricia\/#primaryimage"},"thumbnailUrl":"https:\/\/diariofemenino.com.ar\/df\/wp-content\/uploads\/2020\/09\/flor.jpg","datePublished":"2020-09-19T14:34:11+00:00","dateModified":"2020-09-19T14:34:47+00:00","description":"Avanza en el Senado. El Senado de la Naci\u00f3n comenz\u00f3 el tratamiento del proyecto de ley del Ejercicio Profesional de la Licenciatura en Obstetricia","breadcrumb":{"@id":"https:\/\/diariofemenino.com.ar\/df\/avanza-en-el-senado-la-ley-de-la-licenciatura-en-obstetricia\/#breadcrumb"},"inLanguage":"es","potentialAction":[{"@type":"ReadAction","target":["https:\/\/diariofemenino.com.ar\/df\/avanza-en-el-senado-la-ley-de-la-licenciatura-en-obstetricia\/"]}]},{"@type":"ImageObject","inLanguage":"es","@id":"https:\/\/diariofemenino.com.ar\/df\/avanza-en-el-senado-la-ley-de-la-licenciatura-en-obstetricia\/#primaryimage","url":"https:\/\/diariofemenino.com.ar\/df\/wp-content\/uploads\/2020\/09\/flor.jpg","contentUrl":"https:\/\/diariofemenino.com.ar\/df\/wp-content\/uploads\/2020\/09\/flor.jpg","width":600,"height":356,"caption":"Avanza en el Senado la leyde la Licenciatura en Obstetricia"},{"@type":"BreadcrumbList","@id":"https:\/\/diariofemenino.com.ar\/df\/avanza-en-el-senado-la-ley-de-la-licenciatura-en-obstetricia\/#breadcrumb","itemListElement":[{"@type":"ListItem","position":1,"name":"Portada","item":"https:\/\/diariofemenino.com.ar\/df\/"},{"@type":"ListItem","position":2,"name":"Avanza en el Senado la ley de la Licenciatura en Obstetricia"}]},{"@type":"WebSite","@id":"https:\/\/diariofemenino.com.ar\/df\/#website","url":"https:\/\/diariofemenino.com.ar\/df\/","name":"Diario Digital Femenino","description":"Cuesti\u00f3n de G\u00e9nero","publisher":{"@id":"https:\/\/diariofemenino.com.ar\/df\/#organization"},"potentialAction":[{"@type":"SearchAction","target":{"@type":"EntryPoint","urlTemplate":"https:\/\/diariofemenino.com.ar\/df\/?s={search_term_string}"},"query-input":{"@type":"PropertyValueSpecification","valueRequired":true,"valueName":"search_term_string"}}],"inLanguage":"es"},{"@type":"Organization","@id":"https:\/\/diariofemenino.com.ar\/df\/#organization","name":"Diario Femenino","url":"https:\/\/diariofemenino.com.ar\/df\/","logo":{"@type":"ImageObject","inLanguage":"es","@id":"https:\/\/diariofemenino.com.ar\/df\/#\/schema\/logo\/image\/","url":"https:\/\/diariofemenino.com.ar\/df\/wp-content\/uploads\/2018\/10\/logo.png","contentUrl":"https:\/\/diariofemenino.com.ar\/df\/wp-content\/uploads\/2018\/10\/logo.png","width":500,"height":92,"caption":"Diario Femenino"},"image":{"@id":"https:\/\/diariofemenino.com.ar\/df\/#\/schema\/logo\/image\/"},"sameAs":["https:\/\/www.facebook.com\/DiarioDigitaFemenino\/","https:\/\/x.com\/DiarioFemenino1"]},{"@type":"Person","@id":"https:\/\/diariofemenino.com.ar\/df\/#\/schema\/person\/bf6199e8158c657ea6f789b11ec85509","name":"Admin","image":{"@type":"ImageObject","inLanguage":"es","@id":"https:\/\/diariofemenino.com.ar\/df\/wp-content\/uploads\/2018\/12\/favicon-150x150.jpg","url":"https:\/\/diariofemenino.com.ar\/df\/wp-content\/uploads\/2018\/12\/favicon-150x150.jpg","contentUrl":"https:\/\/diariofemenino.com.ar\/df\/wp-content\/uploads\/2018\/12\/favicon-150x150.jpg","caption":"Admin"},"url":"https:\/\/diariofemenino.com.ar\/df\/author\/lenny\/"}]}},"jetpack_featured_media_url":"https:\/\/diariofemenino.com.ar\/df\/wp-content\/uploads\/2020\/09\/flor.jpg","jetpack_sharing_enabled":true,"rttpg_featured_image_url":{"full":["https:\/\/diariofemenino.com.ar\/df\/wp-content\/uploads\/2020\/09\/flor.jpg",600,356,false],"landscape":["https:\/\/diariofemenino.com.ar\/df\/wp-content\/uploads\/2020\/09\/flor.jpg",600,356,false],"portraits":["https:\/\/diariofemenino.com.ar\/df\/wp-content\/uploads\/2020\/09\/flor.jpg",600,356,false],"thumbnail":["https:\/\/diariofemenino.com.ar\/df\/wp-content\/uploads\/2020\/09\/flor-150x150.jpg",150,150,true],"medium":["https:\/\/diariofemenino.com.ar\/df\/wp-content\/uploads\/2020\/09\/flor-300x178.jpg",300,178,true],"large":["https:\/\/diariofemenino.com.ar\/df\/wp-content\/uploads\/2020\/09\/flor.jpg",600,356,false],"1536x1536":["https:\/\/diariofemenino.com.ar\/df\/wp-content\/uploads\/2020\/09\/flor.jpg",600,356,false],"2048x2048":["https:\/\/diariofemenino.com.ar\/df\/wp-content\/uploads\/2020\/09\/flor.jpg",600,356,false]},"rttpg_author":{"display_name":"Admin","author_link":"https:\/\/diariofemenino.com.ar\/df\/author\/lenny\/"},"rttpg_comment":0,"rttpg_category":"<a href=\"https:\/\/diariofemenino.com.ar\/df\/category\/actividades\/\" rel=\"category tag\">Actividades<\/a> <a href=\"https:\/\/diariofemenino.com.ar\/df\/category\/agenda-feminista\/\" rel=\"category tag\">Agenda Feminista<\/a> <a href=\"https:\/\/diariofemenino.com.ar\/df\/category\/azul-profundo\/\" rel=\"category tag\">Azul Profundo<\/a> <a href=\"https:\/\/diariofemenino.com.ar\/df\/category\/salud\/\" rel=\"category tag\">Salud<\/a>","rttpg_excerpt":"Avanza en el Senado&#8230; El Senado de la Naci\u00f3n comenz\u00f3 el tratamiento del proyecto de ley del Ejercicio Profesional de la Licenciatura en Obstetricia, tras su aprobaci\u00f3n el a\u00f1o pasado en Diputados. El an\u00e1lisis en una reuni\u00f3n de la Comisi\u00f3n de Salud y Legislaci\u00f3n. El debate,\u00a0cont\u00f3 con la presencia de Alicia Cillo, presidenta del Colegio&hellip;","_links":{"self":[{"href":"https:\/\/diariofemenino.com.ar\/df\/wp-json\/wp\/v2\/posts\/52375","targetHints":{"allow":["GET"]}}],"collection":[{"href":"https:\/\/diariofemenino.com.ar\/df\/wp-json\/wp\/v2\/posts"}],"about":[{"href":"https:\/\/diariofemenino.com.ar\/df\/wp-json\/wp\/v2\/types\/post"}],"author":[{"embeddable":true,"href":"https:\/\/diariofemenino.com.ar\/df\/wp-json\/wp\/v2\/users\/4"}],"replies":[{"embeddable":true,"href":"https:\/\/diariofemenino.com.ar\/df\/wp-json\/wp\/v2\/comments?post=52375"}],"version-history":[{"count":0,"href":"https:\/\/diariofemenino.com.ar\/df\/wp-json\/wp\/v2\/posts\/52375\/revisions"}],"wp:featuredmedia":[{"embeddable":true,"href":"https:\/\/diariofemenino.com.ar\/df\/wp-json\/wp\/v2\/media\/52383"}],"wp:attachment":[{"href":"https:\/\/diariofemenino.com.ar\/df\/wp-json\/wp\/v2\/media?parent=52375"}],"wp:term":[{"taxonomy":"category","embeddable":true,"href":"https:\/\/diariofemenino.com.ar\/df\/wp-json\/wp\/v2\/categories?post=52375"},{"taxonomy":"post_tag","embeddable":true,"href":"https:\/\/diariofemenino.com.ar\/df\/wp-json\/wp\/v2\/tags?post=52375"}],"curies":[{"name":"wp","href":"https:\/\/api.w.org\/{rel}","templated":true}]}}