{"id":52351,"date":"2020-09-18T10:19:18","date_gmt":"2020-09-18T13:19:18","guid":{"rendered":"https:\/\/diariofemenino.com.ar\/?p=52351"},"modified":"2020-09-18T10:57:49","modified_gmt":"2020-09-18T13:57:49","slug":"historias-de-uteros","status":"publish","type":"post","link":"https:\/\/diariofemenino.com.ar\/df\/historias-de-uteros\/","title":{"rendered":"Historias de \u00dateros: La nueva campa\u00f1a de Nosotras da voz a las verdades invisibles, t\u00e1citas y desconocidas sobre los cuerpos de las mujeres"},"content":{"rendered":"<p>Historias de \u00fateros:\u00a0La nueva campa\u00f1a de Nosotras da voz a las verdades invisibles, t\u00e1citas y desconocidas sobre los cuerpos de las mujeres<\/p>\n<p><strong>Pod\u00e9s ver el film haciendo click <\/strong><a href=\"https:\/\/www.youtube.com\/watch?v=UOkBpUPDSo4&amp;feature=youtu.be\"><strong>ac\u00e1<\/strong><\/a><\/p>\n<p><strong>\u00a0<\/strong>La marca de protecci\u00f3n femenina Nosotras, propiedad del Grupo Familia, l\u00edder en higiene y salud global,\u00a0lanza su nueva campa\u00f1a <strong><em>#historiasdeuteros<\/em><\/strong> con la que reafirma su compromiso de romper con los tab\u00faes que retienen a las mujeres para crear un mundo m\u00e1s comprensivo.<\/p>\n<p>&nbsp;<\/p>\n<figure id=\"attachment_52355\" aria-describedby=\"caption-attachment-52355\" style=\"width: 815px\" class=\"wp-caption aligncenter\"><img loading=\"lazy\" decoding=\"async\" class=\"size-large wp-image-52355\" src=\"https:\/\/diariofemenino.com.ar\/df\/wp-content\/uploads\/2020\/09\/Nosotras-L\u00ednea-de-productos-2-815x1024.jpeg\" alt=\"Historias de \u00dateros: La nueva campa\u00f1a de Nosotras da voz a las verdades invisibles, t\u00e1citas y desconocidas sobre los cuerpos de las mujeres.\" width=\"815\" height=\"1024\" srcset=\"https:\/\/diariofemenino.com.ar\/df\/wp-content\/uploads\/2020\/09\/Nosotras-L\u00ednea-de-productos-2-815x1024.jpeg 815w, https:\/\/diariofemenino.com.ar\/df\/wp-content\/uploads\/2020\/09\/Nosotras-L\u00ednea-de-productos-2-239x300.jpeg 239w, https:\/\/diariofemenino.com.ar\/df\/wp-content\/uploads\/2020\/09\/Nosotras-L\u00ednea-de-productos-2-768x965.jpeg 768w, https:\/\/diariofemenino.com.ar\/df\/wp-content\/uploads\/2020\/09\/Nosotras-L\u00ednea-de-productos-2.jpeg 1019w\" sizes=\"auto, (max-width: 815px) 100vw, 815px\" \/><figcaption id=\"caption-attachment-52355\" class=\"wp-caption-text\">Historias de \u00dateros: La nueva campa\u00f1a de Nosotras da voz a las verdades invisibles, t\u00e1citas y desconocidas sobre los cuerpos de las mujeres.<\/figcaption><\/figure>\n<p>Con esta audaz campa\u00f1a, Nosotras busca cuestionar una etiqueta social con la que las mujeres conviven todos los d\u00edas, una que dicta lo que deben y no deben sentir sobre sus cuerpos. \u00a0La marca contin\u00faa, as\u00ed, con el camino iniciado en 2019 con la premiada\u00a0campa\u00f1a\u00a0<em>#EsParteDeNosotras<\/em>, desde donde abord\u00f3 el estigma en torno al per\u00edodo femenino de una manera diferente, mostrando la transformaci\u00f3n del l\u00edquido azul en rojo.<\/p>\n<p><strong><em>#historiasdeuteros<\/em><\/strong> pretende desarticular el supuesto de que hay una l\u00ednea de tiempo biol\u00f3gica, socialmente aceptada, por la que atraviesan las mujeres, y que est\u00e1 relacionada con el primer per\u00edodo en la adolescencia, el deseo de tener un\u00a0beb\u00e9, el embarazo, y la menopausia en la edad adulta. La marca sostiene que la realidad, por supuesto, es mucho m\u00e1s compleja, y alienta a las mujeres a hablar abiertamente sobre los altibajos de su salud \u00edntima.<\/p>\n<figure id=\"attachment_52357\" aria-describedby=\"caption-attachment-52357\" style=\"width: 900px\" class=\"wp-caption aligncenter\"><img loading=\"lazy\" decoding=\"async\" class=\"size-large wp-image-52357\" src=\"https:\/\/diariofemenino.com.ar\/df\/wp-content\/uploads\/2020\/09\/Maternidad-Nosotras-1024x576.jpg\" alt=\"Historias de \u00dateros: La nueva campa\u00f1a de Nosotras da voz a las verdades invisibles, t\u00e1citas y desconocidas sobre los cuerpos de las mujeres.\" width=\"900\" height=\"506\" srcset=\"https:\/\/diariofemenino.com.ar\/df\/wp-content\/uploads\/2020\/09\/Maternidad-Nosotras-1024x576.jpg 1024w, https:\/\/diariofemenino.com.ar\/df\/wp-content\/uploads\/2020\/09\/Maternidad-Nosotras-300x169.jpg 300w, https:\/\/diariofemenino.com.ar\/df\/wp-content\/uploads\/2020\/09\/Maternidad-Nosotras-768x432.jpg 768w, https:\/\/diariofemenino.com.ar\/df\/wp-content\/uploads\/2020\/09\/Maternidad-Nosotras.jpg 1080w\" sizes=\"auto, (max-width: 900px) 100vw, 900px\" \/><figcaption id=\"caption-attachment-52357\" class=\"wp-caption-text\">Historias de \u00dateros: La nueva campa\u00f1a de Nosotras da voz a las verdades invisibles, t\u00e1citas y desconocidas sobre los cuerpos de las mujeres.<\/figcaption><\/figure>\n<p><em>\u201cAunque esta campa\u00f1a se concibi\u00f3 mucho antes de que la pandemia cambiara todo, el Covid-19 intensific\u00f3 el aislamiento que sienten las mujeres y los complejos que experimentan. La pandemia ha visto a las mujeres obligadas a dar a luz solas, incluso sus tratamientos de fertilidad y sus cirug\u00edas de endometriosis se vieron retrasados o pospuestos. Ahora m\u00e1s que nunca, es el momento de asegurarnos de que las mujeres hablen sobre sus cuerpos y experiencias\u00bb, <\/em>comenta Soledad Roggero, Brand Manager de Nosotras.<\/p>\n<p>Una nueva investigaci\u00f3n que llev\u00f3 adelante la marca* revela estad\u00edsticas impactantes sobre las experiencias \u00edntimas de las mujeres como, por ejemplo, que el 40% de ellas dicen sentir afectado su bienestar mental negativamente por no poder compartir abiertamente sus experiencias. Por otro lado, el 51% que no quiere tener hijos afirma que las personas intentan constantemente cambiar su opini\u00f3n; mientras que el 57% est\u00e1 de acuerdo con que las mujeres son juzgadas con m\u00e1s dureza que los hombres por hablar del placer sexual.<\/p>\n<p>Nosotras cree que esta cultura del silencio refuerza los tab\u00faes e impacta en la confianza y el bienestar de las mujeres.\u00a0Si los tab\u00faes se debilitan con una conversaci\u00f3n abierta y honesta,\u00a0Nosotras est\u00e1 comenzando una.\u00a0Y muy ruidosa.<\/p>\n<p>El placer, el dolor, el amor, el odio.\u00a0Nunca es sencillo, pero es necesario escucharlo todo, porque mantenerlo o dejarlo sin escuchar tiene un costo emocional y f\u00edsico tanto a nivel individual como colectivo.<\/p>\n<p>Para\u00a0<strong><em>#historiasdeuteros<\/em><\/strong>,\u00a0Nosotras ha trabajado con la directora, escritora y productora nominada al Emmy y ganadora del Globo de Oro, Nisha Ganatra, y seis animadoras que han\u00a0imaginado\u00a0la vida de los \u00fateros de las mujeres.\u00a0Desde un apartamento en fuego de una mujer en la peri-menopausia,\u00a0un\u00a0monstruo que rasga un \u00fatero que padece endometriosis,\u00a0las \u201ccompuertas\u201d de una mujer durante su per\u00edodo con un estornudo inesperado,\u00a0hasta la mujer que ha elegido\u00a0no\u00a0tener\u00a0hijos\u00a0y el frecuentemente turbulento viaje de intentar concebir.\u00a0Estas historias sobre el \u00fatero narran el lado humano, a veces bello, a veces brutal, de la biolog\u00eda y fisiolog\u00eda que las mujeres experimentan todos los d\u00edas. <em>Nuestros cuerpos no siempre funcionan: sufren per\u00edodos irregulares, endometriosis, abortos e infertilidad.\u00a0Nuestros cuerpos pueden traer alegr\u00eda, pero tambi\u00e9n dolor\u00a0y devastaci\u00f3n.\u00a0Es una monta\u00f1a rusa emocional que dura toda la vida.\u00a0Esto es lo que une a las mujeres en la hermandad\u201d, <\/em>afirma Nisha Ganatra.<\/p>\n<p>&nbsp;<\/p>\n<figure id=\"attachment_52356\" aria-describedby=\"caption-attachment-52356\" style=\"width: 900px\" class=\"wp-caption aligncenter\"><img loading=\"lazy\" decoding=\"async\" class=\"size-large wp-image-52356\" src=\"https:\/\/diariofemenino.com.ar\/df\/wp-content\/uploads\/2020\/09\/Endometriosis-Nosotras-1024x683.jpg\" alt=\"Historias de \u00dateros: La nueva campa\u00f1a de Nosotras da voz a las verdades invisibles, t\u00e1citas y desconocidas sobre los cuerpos de las mujeres.\" width=\"900\" height=\"600\" srcset=\"https:\/\/diariofemenino.com.ar\/df\/wp-content\/uploads\/2020\/09\/Endometriosis-Nosotras-1024x683.jpg 1024w, https:\/\/diariofemenino.com.ar\/df\/wp-content\/uploads\/2020\/09\/Endometriosis-Nosotras-300x200.jpg 300w, https:\/\/diariofemenino.com.ar\/df\/wp-content\/uploads\/2020\/09\/Endometriosis-Nosotras-768x512.jpg 768w, https:\/\/diariofemenino.com.ar\/df\/wp-content\/uploads\/2020\/09\/Endometriosis-Nosotras.jpg 1080w\" sizes=\"auto, (max-width: 900px) 100vw, 900px\" \/><figcaption id=\"caption-attachment-52356\" class=\"wp-caption-text\">Historias de \u00dateros: La nueva campa\u00f1a de Nosotras da voz a las verdades invisibles, t\u00e1citas y desconocidas sobre los cuerpos de las mujeres.<\/figcaption><\/figure>\n<p>Por su parte, Soledad Roggero, sostiene: <em>\u201cCon <\/em><strong><em>#historiasdeuteros<\/em><\/strong><em>\u00a0estamos comenzando un movimiento que pretende llegar audazmente a donde ninguna otra marca ha estado antes:\u00a0dentro del cuerpo y las emociones de las mujeres. La campa\u00f1a<\/em> <em>revela la narrativa de una mujer por dentro y por fuera y esperamos poner estos temas sobre la mesa para que todos puedan hablar sobre ellos.\u00a0Creemos que solo una vez que comprendamos a las mujeres y todo lo que\u00a0atraviesan,\u00a0podremos cuidarlas con nuestros productos de protecci\u00f3n femenina\u00bb.\u00a0<\/em><\/p>\n<p>En este sentido, Nosotras brinda una l\u00ednea de\u00a0productos de cuidado femenino que protege a las mujeres m\u00e1s all\u00e1 de su per\u00edodo, como las Toallas Buenas Noches que son 8 cm m\u00e1s largas que una toalla normal y 40% m\u00e1s anchas atr\u00e1s para mayor seguridad y un centro elevado para asegurar absorci\u00f3n al instante; las Toallas Normales, u otras de menor grosor como las Toallas Nosotras Ultrainvisibles, adem\u00e1s de una gran variedad de protectores de uso diario que se adaptan a diferentes tipos de ropa interior. Cada uno de estos productos cuenta con tecnolog\u00eda de Ajuste Seguro;\u00a0un dise\u00f1o especial que permite adaptarse mejor al cuerpo.<\/p>\n<p>Como parte de la campa\u00f1a <strong><em>#historiasdeuteros<\/em><\/strong>, Nosotras puso en marcha un proyecto de escucha global, recolectando experiencias reales de mujeres que se animan a compartir su relaci\u00f3n emocional con sus cuerpos, y estar\u00e1n disponibles en el sitio www.nosotrasonline.com.ar<\/p>\n<p>Nosotras junto a Essity,\u00a0aliado comercial del Grupo Familia, continuar\u00e1 rompiendo con orgullo los tab\u00fas hasta que el trabajo est\u00e9 terminado\u00a0y no haya m\u00e1s secretos.<\/p>\n<p><a href=\"http:\/\/www.grupofamilia.com.co\">Grupo Familia<\/a><\/p>\n<p><a href=\"https:\/\/diariofemenino.com.ar\/category\/salud\/\">Salud<\/a><br \/>\n<a href=\"https:\/\/diariofemenino.com.ar\/\">Diario Digital Femenino\u00a0<\/a><\/p>\n","protected":false},"excerpt":{"rendered":"<p>Historias de \u00fateros:\u00a0La nueva campa\u00f1a de Nosotras da voz a las verdades invisibles, t\u00e1citas y desconocidas sobre los cuerpos de las mujeres Pod\u00e9s ver el film haciendo click ac\u00e1 \u00a0La marca de protecci\u00f3n femenina Nosotras, propiedad del Grupo Familia, l\u00edder en higiene y salud global,\u00a0lanza su nueva campa\u00f1a #historiasdeuteros con la que reafirma su compromiso [&hellip;]<\/p>\n","protected":false},"author":1,"featured_media":52354,"comment_status":"open","ping_status":"open","sticky":false,"template":"","format":"standard","meta":{"iawp_total_views":136,"footnotes":""},"categories":[1067,32,23],"tags":[3566,3568,382],"class_list":["post-52351","post","type-post","status-publish","format-standard","has-post-thumbnail","hentry","category-agenda-feminista","category-mujeres","category-salud","tag-historias-de-utero","tag-nosotras","tag-salud"],"nelio_content":{"autoShareEndMode":"never","automationSources":{"useCustomSentences":false,"customSentences":[]},"efiAlt":"","efiUrl":"","followers":[4],"highlights":[],"isAutoShareEnabled":true,"networkImageIds":[],"permalinkQueryArgs":[],"series":[],"suggestedReferences":[]},"yoast_head":"<!-- This site is optimized with the Yoast SEO plugin v27.5 - https:\/\/yoast.com\/product\/yoast-seo-wordpress\/ -->\n<title>Historias de \u00dateros: La nueva campa\u00f1a de Nosotras da voz a las verdades invisibles, t\u00e1citas y desconocidas sobre los cuerpos de las mujeres - Diario Digital Femenino<\/title>\n<meta name=\"description\" content=\"Historias de \u00dateros: La nueva campa\u00f1a de Nosotras da voz a las verdades invisibles, t\u00e1citas y desconocidas sobre los cuerpos de las mujeres.\" \/>\n<meta name=\"robots\" content=\"index, follow, max-snippet:-1, max-image-preview:large, max-video-preview:-1\" \/>\n<link rel=\"canonical\" href=\"https:\/\/diariofemenino.com.ar\/df\/historias-de-uteros\/\" \/>\n<meta property=\"og:locale\" content=\"es_ES\" \/>\n<meta property=\"og:type\" content=\"article\" \/>\n<meta property=\"og:title\" content=\"Historias de \u00dateros: La nueva campa\u00f1a de Nosotras da voz a las verdades invisibles, t\u00e1citas y desconocidas sobre los cuerpos de las mujeres - Diario Digital Femenino\" \/>\n<meta property=\"og:description\" content=\"Historias de \u00dateros: La nueva campa\u00f1a de Nosotras da voz a las verdades invisibles, t\u00e1citas y desconocidas sobre los cuerpos de las mujeres.\" \/>\n<meta property=\"og:url\" content=\"https:\/\/diariofemenino.com.ar\/df\/historias-de-uteros\/\" \/>\n<meta property=\"og:site_name\" content=\"Diario Digital Femenino\" \/>\n<meta property=\"article:publisher\" content=\"https:\/\/www.facebook.com\/DiarioDigitaFemenino\/\" \/>\n<meta property=\"article:published_time\" content=\"2020-09-18T13:19:18+00:00\" \/>\n<meta property=\"article:modified_time\" content=\"2020-09-18T13:57:49+00:00\" \/>\n<meta property=\"og:image\" content=\"https:\/\/diariofemenino.com.ar\/df\/wp-content\/uploads\/2020\/09\/historiasdeuteros.png\" \/>\n\t<meta property=\"og:image:width\" content=\"1080\" \/>\n\t<meta property=\"og:image:height\" content=\"489\" \/>\n\t<meta property=\"og:image:type\" content=\"image\/png\" \/>\n<meta name=\"author\" content=\"Admin\" \/>\n<meta name=\"twitter:card\" content=\"summary_large_image\" \/>\n<meta name=\"twitter:creator\" content=\"@DiarioFemenino1\" \/>\n<meta name=\"twitter:site\" content=\"@DiarioFemenino1\" \/>\n<meta name=\"twitter:label1\" content=\"Escrito por\" \/>\n\t<meta name=\"twitter:data1\" content=\"Admin\" \/>\n\t<meta name=\"twitter:label2\" content=\"Tiempo de lectura\" \/>\n\t<meta name=\"twitter:data2\" content=\"5 minutos\" \/>\n<script type=\"application\/ld+json\" class=\"yoast-schema-graph\">{\"@context\":\"https:\\\/\\\/schema.org\",\"@graph\":[{\"@type\":\"Article\",\"@id\":\"https:\\\/\\\/diariofemenino.com.ar\\\/df\\\/historias-de-uteros\\\/#article\",\"isPartOf\":{\"@id\":\"https:\\\/\\\/diariofemenino.com.ar\\\/df\\\/historias-de-uteros\\\/\"},\"author\":{\"name\":\"Admin\",\"@id\":\"https:\\\/\\\/diariofemenino.com.ar\\\/df\\\/#\\\/schema\\\/person\\\/38f54b3bfd13f561de2460ba95c169c6\"},\"headline\":\"Historias de \u00dateros: La nueva campa\u00f1a de Nosotras da voz a las verdades invisibles, t\u00e1citas y desconocidas sobre los cuerpos de las mujeres\",\"datePublished\":\"2020-09-18T13:19:18+00:00\",\"dateModified\":\"2020-09-18T13:57:49+00:00\",\"mainEntityOfPage\":{\"@id\":\"https:\\\/\\\/diariofemenino.com.ar\\\/df\\\/historias-de-uteros\\\/\"},\"wordCount\":1047,\"commentCount\":13,\"publisher\":{\"@id\":\"https:\\\/\\\/diariofemenino.com.ar\\\/df\\\/#organization\"},\"image\":{\"@id\":\"https:\\\/\\\/diariofemenino.com.ar\\\/df\\\/historias-de-uteros\\\/#primaryimage\"},\"thumbnailUrl\":\"https:\\\/\\\/diariofemenino.com.ar\\\/df\\\/wp-content\\\/uploads\\\/2020\\\/09\\\/historiasdeuteros.png\",\"keywords\":[\"Historias de \u00fatero\",\"Nosotras\",\"Salud\"],\"articleSection\":[\"Agenda Feminista\",\"Mujeres\",\"Salud\"],\"inLanguage\":\"es\",\"potentialAction\":[{\"@type\":\"CommentAction\",\"name\":\"Comment\",\"target\":[\"https:\\\/\\\/diariofemenino.com.ar\\\/df\\\/historias-de-uteros\\\/#respond\"]}]},{\"@type\":\"WebPage\",\"@id\":\"https:\\\/\\\/diariofemenino.com.ar\\\/df\\\/historias-de-uteros\\\/\",\"url\":\"https:\\\/\\\/diariofemenino.com.ar\\\/df\\\/historias-de-uteros\\\/\",\"name\":\"Historias de \u00dateros: La nueva campa\u00f1a de Nosotras da voz a las verdades invisibles, t\u00e1citas y desconocidas sobre los cuerpos de las mujeres - Diario Digital Femenino\",\"isPartOf\":{\"@id\":\"https:\\\/\\\/diariofemenino.com.ar\\\/df\\\/#website\"},\"primaryImageOfPage\":{\"@id\":\"https:\\\/\\\/diariofemenino.com.ar\\\/df\\\/historias-de-uteros\\\/#primaryimage\"},\"image\":{\"@id\":\"https:\\\/\\\/diariofemenino.com.ar\\\/df\\\/historias-de-uteros\\\/#primaryimage\"},\"thumbnailUrl\":\"https:\\\/\\\/diariofemenino.com.ar\\\/df\\\/wp-content\\\/uploads\\\/2020\\\/09\\\/historiasdeuteros.png\",\"datePublished\":\"2020-09-18T13:19:18+00:00\",\"dateModified\":\"2020-09-18T13:57:49+00:00\",\"description\":\"Historias de \u00dateros: La nueva campa\u00f1a de Nosotras da voz a las verdades invisibles, t\u00e1citas y desconocidas sobre los cuerpos de las mujeres.\",\"breadcrumb\":{\"@id\":\"https:\\\/\\\/diariofemenino.com.ar\\\/df\\\/historias-de-uteros\\\/#breadcrumb\"},\"inLanguage\":\"es\",\"potentialAction\":[{\"@type\":\"ReadAction\",\"target\":[\"https:\\\/\\\/diariofemenino.com.ar\\\/df\\\/historias-de-uteros\\\/\"]}]},{\"@type\":\"ImageObject\",\"inLanguage\":\"es\",\"@id\":\"https:\\\/\\\/diariofemenino.com.ar\\\/df\\\/historias-de-uteros\\\/#primaryimage\",\"url\":\"https:\\\/\\\/diariofemenino.com.ar\\\/df\\\/wp-content\\\/uploads\\\/2020\\\/09\\\/historiasdeuteros.png\",\"contentUrl\":\"https:\\\/\\\/diariofemenino.com.ar\\\/df\\\/wp-content\\\/uploads\\\/2020\\\/09\\\/historiasdeuteros.png\",\"width\":1080,\"height\":489,\"caption\":\"Historias de \u00dateros: La nueva campa\u00f1a de Nosotras da voz a las verdades invisibles, t\u00e1citas y desconocidas sobre los cuerpos de las mujeres.\"},{\"@type\":\"BreadcrumbList\",\"@id\":\"https:\\\/\\\/diariofemenino.com.ar\\\/df\\\/historias-de-uteros\\\/#breadcrumb\",\"itemListElement\":[{\"@type\":\"ListItem\",\"position\":1,\"name\":\"Portada\",\"item\":\"https:\\\/\\\/diariofemenino.com.ar\\\/df\\\/\"},{\"@type\":\"ListItem\",\"position\":2,\"name\":\"Historias de \u00dateros: La nueva campa\u00f1a de Nosotras da voz a las verdades invisibles, t\u00e1citas y desconocidas sobre los cuerpos de las mujeres\"}]},{\"@type\":\"WebSite\",\"@id\":\"https:\\\/\\\/diariofemenino.com.ar\\\/df\\\/#website\",\"url\":\"https:\\\/\\\/diariofemenino.com.ar\\\/df\\\/\",\"name\":\"Diario Digital Femenino\",\"description\":\"Cuesti\u00f3n de G\u00e9nero\",\"publisher\":{\"@id\":\"https:\\\/\\\/diariofemenino.com.ar\\\/df\\\/#organization\"},\"potentialAction\":[{\"@type\":\"SearchAction\",\"target\":{\"@type\":\"EntryPoint\",\"urlTemplate\":\"https:\\\/\\\/diariofemenino.com.ar\\\/df\\\/?s={search_term_string}\"},\"query-input\":{\"@type\":\"PropertyValueSpecification\",\"valueRequired\":true,\"valueName\":\"search_term_string\"}}],\"inLanguage\":\"es\"},{\"@type\":\"Organization\",\"@id\":\"https:\\\/\\\/diariofemenino.com.ar\\\/df\\\/#organization\",\"name\":\"Diario Femenino\",\"url\":\"https:\\\/\\\/diariofemenino.com.ar\\\/df\\\/\",\"logo\":{\"@type\":\"ImageObject\",\"inLanguage\":\"es\",\"@id\":\"https:\\\/\\\/diariofemenino.com.ar\\\/df\\\/#\\\/schema\\\/logo\\\/image\\\/\",\"url\":\"https:\\\/\\\/diariofemenino.com.ar\\\/df\\\/wp-content\\\/uploads\\\/2018\\\/10\\\/logo.png\",\"contentUrl\":\"https:\\\/\\\/diariofemenino.com.ar\\\/df\\\/wp-content\\\/uploads\\\/2018\\\/10\\\/logo.png\",\"width\":500,\"height\":92,\"caption\":\"Diario Femenino\"},\"image\":{\"@id\":\"https:\\\/\\\/diariofemenino.com.ar\\\/df\\\/#\\\/schema\\\/logo\\\/image\\\/\"},\"sameAs\":[\"https:\\\/\\\/www.facebook.com\\\/DiarioDigitaFemenino\\\/\",\"https:\\\/\\\/x.com\\\/DiarioFemenino1\"]},{\"@type\":\"Person\",\"@id\":\"https:\\\/\\\/diariofemenino.com.ar\\\/df\\\/#\\\/schema\\\/person\\\/38f54b3bfd13f561de2460ba95c169c6\",\"name\":\"Admin\",\"image\":{\"@type\":\"ImageObject\",\"inLanguage\":\"es\",\"@id\":\"https:\\\/\\\/diariofemenino.com.ar\\\/df\\\/wp-content\\\/uploads\\\/2018\\\/12\\\/favicon-150x150.jpg\",\"url\":\"https:\\\/\\\/diariofemenino.com.ar\\\/df\\\/wp-content\\\/uploads\\\/2018\\\/12\\\/favicon-150x150.jpg\",\"contentUrl\":\"https:\\\/\\\/diariofemenino.com.ar\\\/df\\\/wp-content\\\/uploads\\\/2018\\\/12\\\/favicon-150x150.jpg\",\"caption\":\"Admin\"},\"url\":\"https:\\\/\\\/diariofemenino.com.ar\\\/df\\\/author\\\/adm18df\\\/\"}]}<\/script>\n<!-- \/ Yoast SEO plugin. -->","yoast_head_json":{"title":"Historias de \u00dateros: La nueva campa\u00f1a de Nosotras da voz a las verdades invisibles, t\u00e1citas y desconocidas sobre los cuerpos de las mujeres - Diario Digital Femenino","description":"Historias de \u00dateros: La nueva campa\u00f1a de Nosotras da voz a las verdades invisibles, t\u00e1citas y desconocidas sobre los cuerpos de las mujeres.","robots":{"index":"index","follow":"follow","max-snippet":"max-snippet:-1","max-image-preview":"max-image-preview:large","max-video-preview":"max-video-preview:-1"},"canonical":"https:\/\/diariofemenino.com.ar\/df\/historias-de-uteros\/","og_locale":"es_ES","og_type":"article","og_title":"Historias de \u00dateros: La nueva campa\u00f1a de Nosotras da voz a las verdades invisibles, t\u00e1citas y desconocidas sobre los cuerpos de las mujeres - Diario Digital Femenino","og_description":"Historias de \u00dateros: La nueva campa\u00f1a de Nosotras da voz a las verdades invisibles, t\u00e1citas y desconocidas sobre los cuerpos de las mujeres.","og_url":"https:\/\/diariofemenino.com.ar\/df\/historias-de-uteros\/","og_site_name":"Diario Digital Femenino","article_publisher":"https:\/\/www.facebook.com\/DiarioDigitaFemenino\/","article_published_time":"2020-09-18T13:19:18+00:00","article_modified_time":"2020-09-18T13:57:49+00:00","og_image":[{"width":1080,"height":489,"url":"https:\/\/diariofemenino.com.ar\/df\/wp-content\/uploads\/2020\/09\/historiasdeuteros.png","type":"image\/png"}],"author":"Admin","twitter_card":"summary_large_image","twitter_creator":"@DiarioFemenino1","twitter_site":"@DiarioFemenino1","twitter_misc":{"Escrito por":"Admin","Tiempo de lectura":"5 minutos"},"schema":{"@context":"https:\/\/schema.org","@graph":[{"@type":"Article","@id":"https:\/\/diariofemenino.com.ar\/df\/historias-de-uteros\/#article","isPartOf":{"@id":"https:\/\/diariofemenino.com.ar\/df\/historias-de-uteros\/"},"author":{"name":"Admin","@id":"https:\/\/diariofemenino.com.ar\/df\/#\/schema\/person\/38f54b3bfd13f561de2460ba95c169c6"},"headline":"Historias de \u00dateros: La nueva campa\u00f1a de Nosotras da voz a las verdades invisibles, t\u00e1citas y desconocidas sobre los cuerpos de las mujeres","datePublished":"2020-09-18T13:19:18+00:00","dateModified":"2020-09-18T13:57:49+00:00","mainEntityOfPage":{"@id":"https:\/\/diariofemenino.com.ar\/df\/historias-de-uteros\/"},"wordCount":1047,"commentCount":13,"publisher":{"@id":"https:\/\/diariofemenino.com.ar\/df\/#organization"},"image":{"@id":"https:\/\/diariofemenino.com.ar\/df\/historias-de-uteros\/#primaryimage"},"thumbnailUrl":"https:\/\/diariofemenino.com.ar\/df\/wp-content\/uploads\/2020\/09\/historiasdeuteros.png","keywords":["Historias de \u00fatero","Nosotras","Salud"],"articleSection":["Agenda Feminista","Mujeres","Salud"],"inLanguage":"es","potentialAction":[{"@type":"CommentAction","name":"Comment","target":["https:\/\/diariofemenino.com.ar\/df\/historias-de-uteros\/#respond"]}]},{"@type":"WebPage","@id":"https:\/\/diariofemenino.com.ar\/df\/historias-de-uteros\/","url":"https:\/\/diariofemenino.com.ar\/df\/historias-de-uteros\/","name":"Historias de \u00dateros: La nueva campa\u00f1a de Nosotras da voz a las verdades invisibles, t\u00e1citas y desconocidas sobre los cuerpos de las mujeres - Diario Digital Femenino","isPartOf":{"@id":"https:\/\/diariofemenino.com.ar\/df\/#website"},"primaryImageOfPage":{"@id":"https:\/\/diariofemenino.com.ar\/df\/historias-de-uteros\/#primaryimage"},"image":{"@id":"https:\/\/diariofemenino.com.ar\/df\/historias-de-uteros\/#primaryimage"},"thumbnailUrl":"https:\/\/diariofemenino.com.ar\/df\/wp-content\/uploads\/2020\/09\/historiasdeuteros.png","datePublished":"2020-09-18T13:19:18+00:00","dateModified":"2020-09-18T13:57:49+00:00","description":"Historias de \u00dateros: La nueva campa\u00f1a de Nosotras da voz a las verdades invisibles, t\u00e1citas y desconocidas sobre los cuerpos de las mujeres.","breadcrumb":{"@id":"https:\/\/diariofemenino.com.ar\/df\/historias-de-uteros\/#breadcrumb"},"inLanguage":"es","potentialAction":[{"@type":"ReadAction","target":["https:\/\/diariofemenino.com.ar\/df\/historias-de-uteros\/"]}]},{"@type":"ImageObject","inLanguage":"es","@id":"https:\/\/diariofemenino.com.ar\/df\/historias-de-uteros\/#primaryimage","url":"https:\/\/diariofemenino.com.ar\/df\/wp-content\/uploads\/2020\/09\/historiasdeuteros.png","contentUrl":"https:\/\/diariofemenino.com.ar\/df\/wp-content\/uploads\/2020\/09\/historiasdeuteros.png","width":1080,"height":489,"caption":"Historias de \u00dateros: La nueva campa\u00f1a de Nosotras da voz a las verdades invisibles, t\u00e1citas y desconocidas sobre los cuerpos de las mujeres."},{"@type":"BreadcrumbList","@id":"https:\/\/diariofemenino.com.ar\/df\/historias-de-uteros\/#breadcrumb","itemListElement":[{"@type":"ListItem","position":1,"name":"Portada","item":"https:\/\/diariofemenino.com.ar\/df\/"},{"@type":"ListItem","position":2,"name":"Historias de \u00dateros: La nueva campa\u00f1a de Nosotras da voz a las verdades invisibles, t\u00e1citas y desconocidas sobre los cuerpos de las mujeres"}]},{"@type":"WebSite","@id":"https:\/\/diariofemenino.com.ar\/df\/#website","url":"https:\/\/diariofemenino.com.ar\/df\/","name":"Diario Digital Femenino","description":"Cuesti\u00f3n de G\u00e9nero","publisher":{"@id":"https:\/\/diariofemenino.com.ar\/df\/#organization"},"potentialAction":[{"@type":"SearchAction","target":{"@type":"EntryPoint","urlTemplate":"https:\/\/diariofemenino.com.ar\/df\/?s={search_term_string}"},"query-input":{"@type":"PropertyValueSpecification","valueRequired":true,"valueName":"search_term_string"}}],"inLanguage":"es"},{"@type":"Organization","@id":"https:\/\/diariofemenino.com.ar\/df\/#organization","name":"Diario Femenino","url":"https:\/\/diariofemenino.com.ar\/df\/","logo":{"@type":"ImageObject","inLanguage":"es","@id":"https:\/\/diariofemenino.com.ar\/df\/#\/schema\/logo\/image\/","url":"https:\/\/diariofemenino.com.ar\/df\/wp-content\/uploads\/2018\/10\/logo.png","contentUrl":"https:\/\/diariofemenino.com.ar\/df\/wp-content\/uploads\/2018\/10\/logo.png","width":500,"height":92,"caption":"Diario Femenino"},"image":{"@id":"https:\/\/diariofemenino.com.ar\/df\/#\/schema\/logo\/image\/"},"sameAs":["https:\/\/www.facebook.com\/DiarioDigitaFemenino\/","https:\/\/x.com\/DiarioFemenino1"]},{"@type":"Person","@id":"https:\/\/diariofemenino.com.ar\/df\/#\/schema\/person\/38f54b3bfd13f561de2460ba95c169c6","name":"Admin","image":{"@type":"ImageObject","inLanguage":"es","@id":"https:\/\/diariofemenino.com.ar\/df\/wp-content\/uploads\/2018\/12\/favicon-150x150.jpg","url":"https:\/\/diariofemenino.com.ar\/df\/wp-content\/uploads\/2018\/12\/favicon-150x150.jpg","contentUrl":"https:\/\/diariofemenino.com.ar\/df\/wp-content\/uploads\/2018\/12\/favicon-150x150.jpg","caption":"Admin"},"url":"https:\/\/diariofemenino.com.ar\/df\/author\/adm18df\/"}]}},"jetpack_featured_media_url":"https:\/\/diariofemenino.com.ar\/df\/wp-content\/uploads\/2020\/09\/historiasdeuteros.png","jetpack_sharing_enabled":true,"rttpg_featured_image_url":{"full":["https:\/\/diariofemenino.com.ar\/df\/wp-content\/uploads\/2020\/09\/historiasdeuteros.png",1080,489,false],"landscape":["https:\/\/diariofemenino.com.ar\/df\/wp-content\/uploads\/2020\/09\/historiasdeuteros.png",1080,489,false],"portraits":["https:\/\/diariofemenino.com.ar\/df\/wp-content\/uploads\/2020\/09\/historiasdeuteros.png",1080,489,false],"thumbnail":["https:\/\/diariofemenino.com.ar\/df\/wp-content\/uploads\/2020\/09\/historiasdeuteros-150x150.png",150,150,true],"medium":["https:\/\/diariofemenino.com.ar\/df\/wp-content\/uploads\/2020\/09\/historiasdeuteros-300x136.png",300,136,true],"large":["https:\/\/diariofemenino.com.ar\/df\/wp-content\/uploads\/2020\/09\/historiasdeuteros-1024x464.png",1024,464,true],"1536x1536":["https:\/\/diariofemenino.com.ar\/df\/wp-content\/uploads\/2020\/09\/historiasdeuteros.png",1080,489,false],"2048x2048":["https:\/\/diariofemenino.com.ar\/df\/wp-content\/uploads\/2020\/09\/historiasdeuteros.png",1080,489,false]},"rttpg_author":{"display_name":"Admin","author_link":"https:\/\/diariofemenino.com.ar\/df\/author\/adm18df\/"},"rttpg_comment":13,"rttpg_category":"<a href=\"https:\/\/diariofemenino.com.ar\/df\/category\/agenda-feminista\/\" rel=\"category tag\">Agenda Feminista<\/a> <a href=\"https:\/\/diariofemenino.com.ar\/df\/category\/mujeres\/\" rel=\"category tag\">Mujeres<\/a> <a href=\"https:\/\/diariofemenino.com.ar\/df\/category\/salud\/\" rel=\"category tag\">Salud<\/a>","rttpg_excerpt":"Historias de \u00fateros:\u00a0La nueva campa\u00f1a de Nosotras da voz a las verdades invisibles, t\u00e1citas y desconocidas sobre los cuerpos de las mujeres Pod\u00e9s ver el film haciendo click ac\u00e1 \u00a0La marca de protecci\u00f3n femenina Nosotras, propiedad del Grupo Familia, l\u00edder en higiene y salud global,\u00a0lanza su nueva campa\u00f1a #historiasdeuteros con la que reafirma su compromiso&hellip;","_links":{"self":[{"href":"https:\/\/diariofemenino.com.ar\/df\/wp-json\/wp\/v2\/posts\/52351","targetHints":{"allow":["GET"]}}],"collection":[{"href":"https:\/\/diariofemenino.com.ar\/df\/wp-json\/wp\/v2\/posts"}],"about":[{"href":"https:\/\/diariofemenino.com.ar\/df\/wp-json\/wp\/v2\/types\/post"}],"author":[{"embeddable":true,"href":"https:\/\/diariofemenino.com.ar\/df\/wp-json\/wp\/v2\/users\/1"}],"replies":[{"embeddable":true,"href":"https:\/\/diariofemenino.com.ar\/df\/wp-json\/wp\/v2\/comments?post=52351"}],"version-history":[{"count":0,"href":"https:\/\/diariofemenino.com.ar\/df\/wp-json\/wp\/v2\/posts\/52351\/revisions"}],"wp:featuredmedia":[{"embeddable":true,"href":"https:\/\/diariofemenino.com.ar\/df\/wp-json\/wp\/v2\/media\/52354"}],"wp:attachment":[{"href":"https:\/\/diariofemenino.com.ar\/df\/wp-json\/wp\/v2\/media?parent=52351"}],"wp:term":[{"taxonomy":"category","embeddable":true,"href":"https:\/\/diariofemenino.com.ar\/df\/wp-json\/wp\/v2\/categories?post=52351"},{"taxonomy":"post_tag","embeddable":true,"href":"https:\/\/diariofemenino.com.ar\/df\/wp-json\/wp\/v2\/tags?post=52351"}],"curies":[{"name":"wp","href":"https:\/\/api.w.org\/{rel}","templated":true}]}}