{"id":52343,"date":"2020-09-18T09:51:52","date_gmt":"2020-09-18T12:51:52","guid":{"rendered":"https:\/\/diariofemenino.com.ar\/?p=52343"},"modified":"2020-09-18T10:22:26","modified_gmt":"2020-09-18T13:22:26","slug":"maraton-avon-vuelve-el-evento-mas-grande-para-ganarle-al-cancer-de-mama-en-formato-online","status":"publish","type":"post","link":"https:\/\/diariofemenino.com.ar\/df\/maraton-avon-vuelve-el-evento-mas-grande-para-ganarle-al-cancer-de-mama-en-formato-online\/","title":{"rendered":"Marat\u00f3n AVON: vuelve el evento m\u00e1s grande para ganarle al C\u00e1ncer de Mama, en formato online"},"content":{"rendered":"<p>Marat\u00f3n AVON: vuelve el evento m\u00e1s grande para ganarle al C\u00e1ncer de Mama, en formato online<\/p>\n<p>Fundaci\u00f3n AVON transform\u00f3 su tradicional Caminata en un festival online y solidario para concientizar sobre esta enfermedad que no para. Todo lo recaudado ser\u00e1 destinado a la realizaci\u00f3n de mamograf\u00edas gratuitas.<\/p>\n<figure id=\"attachment_52348\" aria-describedby=\"caption-attachment-52348\" style=\"width: 900px\" class=\"wp-caption aligncenter\"><img loading=\"lazy\" decoding=\"async\" class=\"size-large wp-image-52348\" src=\"https:\/\/diariofemenino.com.ar\/df\/wp-content\/uploads\/2020\/09\/Copia-de-1-FEED-1024x1024.png\" alt=\"Marat\u00f3n AVON: vuelve el evento m\u00e1s grande para ganarle al C\u00e1ncer de Mama, en formato online.\" width=\"900\" height=\"900\" srcset=\"https:\/\/diariofemenino.com.ar\/df\/wp-content\/uploads\/2020\/09\/Copia-de-1-FEED-1024x1024.png 1024w, https:\/\/diariofemenino.com.ar\/df\/wp-content\/uploads\/2020\/09\/Copia-de-1-FEED-150x150.png 150w, https:\/\/diariofemenino.com.ar\/df\/wp-content\/uploads\/2020\/09\/Copia-de-1-FEED-300x300.png 300w, https:\/\/diariofemenino.com.ar\/df\/wp-content\/uploads\/2020\/09\/Copia-de-1-FEED-768x768.png 768w, https:\/\/diariofemenino.com.ar\/df\/wp-content\/uploads\/2020\/09\/Copia-de-1-FEED.png 1080w\" sizes=\"auto, (max-width: 900px) 100vw, 900px\" \/><figcaption id=\"caption-attachment-52348\" class=\"wp-caption-text\">Marat\u00f3n AVON: vuelve el evento m\u00e1s grande para ganarle al C\u00e1ncer de Mama, en formato online.<\/figcaption><\/figure>\n<p>Buenos Aires, septiembre de 2020 \u2013 En un contexto que nos exige quedarnos en casa, Fundaci\u00f3n AVON para la Mujer convirti\u00f3 la edici\u00f3n n\u00famero 16 de su Caminata anual en una Marat\u00f3n de contenidos gratuita y de alcance regional. El s\u00e1bado 3 de octubre, a partir de las 12 hs, en simult\u00e1neo por Facebook y You Tube de Fundaci\u00f3n AVON, tendr\u00e1 lugar la #Marat\u00f3nAVON, una programaci\u00f3n de 5 horas dedicada a concientizar sobre el C\u00e1ncer de Mama y a promover buenas pr\u00e1cticas entorno a la salud, con el objetivo de recaudar fondos para la causa.<\/p>\n<p>Se estima que en nuestro pa\u00eds alrededor de 21 mil mujeres son diagnosticadas con C\u00e1ncer de Mama cada a\u00f1o, lo que representa el 16,8% del total de incidencia de c\u00e1ncer en Argentina. En un a\u00f1o enfocado en el cuidado de la salud, Fundaci\u00f3n AVON inaugura el mes de concientizaci\u00f3n del C\u00e1ncer de Mama, invitando a todo el pa\u00eds, desde Ushuaia hasta la Quiaca, a unirse por una misma causa. La programaci\u00f3n incluye charlas con especialistas en salud mamaria, clases de yoga y entrenamiento, clases de maquillaje para pacientes oncol\u00f3gicas y shows musicales.<\/p>\n<p><em>\u201cSi el C\u00e1ncer de Mama no para, nosotras tampoco. Esa es nuestra promesa y nuestra convicci\u00f3n. Este a\u00f1o hemos tenido que repensar y ajustar nuestras formas de hacer, pero la salud se ha posicionado para siempre como una necesidad y una responsabilidad de toda la sociedad\u201d,<\/em> comenta Ana In\u00e9s \u00c1lvarez, Directora Ejecutiva de Fundaci\u00f3n AVON.<\/p>\n<p>Seg\u00fan una encuesta realizada por Fundaci\u00f3n Avon, 4 de cada 10 mujeres mayores de 40 a\u00f1os no se realiza la mamograf\u00eda anual, el estudio de excelencia para la detecci\u00f3n temprana de la enfermedad. El mismo relevamiento tambi\u00e9n revel\u00f3 altos niveles de desconocimiento sobre los principales factores de riesgo de la enfermedad y sobre los diversos s\u00edntomas que puede manifestar. Por eso, la Marat\u00f3n Online AVON propone un espacio de informaci\u00f3n sobre conductas saludables, conocimiento sobre la enfermedad y sus riesgos, mientras invita al p\u00fablico a donar para brindar m\u00e1s mamograf\u00edas gratuitas a mujeres en edad de riesgo (40 a 70 a\u00f1os) y sin cobertura m\u00e9dica.<\/p>\n<p>\u201cHace m\u00e1s de 25 a\u00f1os AVON asumi\u00f3 el compromiso global de promover la detecci\u00f3n temprana del C\u00e1ncer de Mama y brindar informaci\u00f3n clara y adecuada a las mujeres de nuestra red y a la sociedad en general. Este a\u00f1o no iba a ser la excepci\u00f3n: nos adecuamos al contexto con un evento totalmente virtual y hermanado con Chile, Uruguay y M\u00e9xico porque creemos que sumando m\u00e1s voces activas para difundir este mensaje estaremos cada vez m\u00e1s cerca de cumplir nuestra promesa de ganarle al C\u00e1ncer de Mama\u201d comenta Axel Gegenschatz, L\u00edder de Negocios para Am\u00e9rica Latina Hispana en AVON.<\/p>\n<p>Esta acci\u00f3n se lleva a cabo en el marco de la Promesa AVON para Ganarle al C\u00e1ncer de Mama, una iniciativa global que brinda informaci\u00f3n a todas las mujeres sobre su salud mamaria, promueve h\u00e1bitos saludables y brinda acceso gratuito a mamograf\u00edas, el estudio por excelencia para la detecci\u00f3n temprana de la enfermedad. En Argentina, desde 2005, se realiza anualmente la Caminata AVON que en 2019 cont\u00f3 con m\u00e1s de 15.000 participantes.<\/p>\n<p>El line up ser\u00e1 anunciado m\u00e1s cerca de la fecha y a trav\u00e9s de las redes sociales. La #Marat\u00f3nAVON cuenta con el apoyo de los siguientes sponsors: SMS, Iflow\u00a0 &amp; FM2H, Pointer, Manpower, Ga.Ma, que acompa\u00f1an esta misi\u00f3n de defender el bienestar de tantas mujeres.<\/p>\n<p>En Argentina, las inscripciones ser\u00e1n gratuitas a trav\u00e9s de . Para realizar tu donaci\u00f3n y participar activamente de esta Marat\u00f3n a beneficio, es necesario que visites el siguiente link: <a href=\"https:\/\/linktr.ee\/maratonavon\">https:\/\/linktr.ee\/maratonavon<\/a>. Todas las novedades ser\u00e1n anunciadas en las redes sociales de la Fundaci\u00f3n AVON de cada pa\u00eds. Pod\u00e9s seguir a @fundacionavonarg para estar al tanto de la #Marat\u00f3nAVON\u00a02020.<\/p>\n<p><a href=\"http:\/\/www.fundacionavon.org.ar\">AVON<\/a><\/p>\n<p><a href=\"https:\/\/diariofemenino.com.ar\/category\/actividades\/\">Actividades<\/a><br \/>\n<a href=\"https:\/\/diariofemenino.com.ar\/\">Diario Digital Femenino<\/a><\/p>\n","protected":false},"excerpt":{"rendered":"<p>Marat\u00f3n AVON: vuelve el evento m\u00e1s grande para ganarle al C\u00e1ncer de Mama, en formato online Fundaci\u00f3n AVON transform\u00f3 su tradicional Caminata en un festival online y solidario para concientizar sobre esta enfermedad que no para. Todo lo recaudado ser\u00e1 destinado a la realizaci\u00f3n de mamograf\u00edas gratuitas. Buenos Aires, septiembre de 2020 \u2013 En un [&hellip;]<\/p>\n","protected":false},"author":1,"featured_media":52350,"comment_status":"open","ping_status":"open","sticky":false,"template":"","format":"standard","meta":{"iawp_total_views":6,"footnotes":""},"categories":[7],"tags":[3563,3565,3564],"class_list":["post-52343","post","type-post","status-publish","format-standard","has-post-thumbnail","hentry","category-actividades","tag-avon","tag-cancer-de-mama","tag-festival-online"],"nelio_content":{"autoShareEndMode":"never","automationSources":{"useCustomSentences":false,"customSentences":[]},"efiAlt":"","efiUrl":"","followers":[],"highlights":[],"isAutoShareEnabled":true,"networkImageIds":[],"permalinkQueryArgs":[],"series":[],"suggestedReferences":[]},"yoast_head":"<!-- This site is optimized with the Yoast SEO plugin v27.5 - https:\/\/yoast.com\/product\/yoast-seo-wordpress\/ -->\n<title>Marat\u00f3n AVON: vuelve el evento m\u00e1s grande para ganarle al C\u00e1ncer de Mama, en formato online - Diario Digital Femenino<\/title>\n<meta name=\"description\" content=\"Marat\u00f3n AVON: AVON. C\u00e1ncer de Mama, evento para ganarle al C\u00e1ncer de Mama, en formato online.Tradicional Caminata festival.\" \/>\n<meta name=\"robots\" content=\"index, follow, max-snippet:-1, max-image-preview:large, max-video-preview:-1\" \/>\n<link rel=\"canonical\" href=\"https:\/\/diariofemenino.com.ar\/df\/maraton-avon-vuelve-el-evento-mas-grande-para-ganarle-al-cancer-de-mama-en-formato-online\/\" \/>\n<meta property=\"og:locale\" content=\"es_ES\" \/>\n<meta property=\"og:type\" content=\"article\" \/>\n<meta property=\"og:title\" content=\"Marat\u00f3n AVON: vuelve el evento m\u00e1s grande para ganarle al C\u00e1ncer de Mama, en formato online - Diario Digital Femenino\" \/>\n<meta property=\"og:description\" content=\"Marat\u00f3n AVON: AVON. C\u00e1ncer de Mama, evento para ganarle al C\u00e1ncer de Mama, en formato online.Tradicional Caminata festival.\" \/>\n<meta property=\"og:url\" content=\"https:\/\/diariofemenino.com.ar\/df\/maraton-avon-vuelve-el-evento-mas-grande-para-ganarle-al-cancer-de-mama-en-formato-online\/\" \/>\n<meta property=\"og:site_name\" content=\"Diario Digital Femenino\" \/>\n<meta property=\"article:publisher\" content=\"https:\/\/www.facebook.com\/DiarioDigitaFemenino\/\" \/>\n<meta property=\"article:published_time\" content=\"2020-09-18T12:51:52+00:00\" \/>\n<meta property=\"article:modified_time\" content=\"2020-09-18T13:22:26+00:00\" \/>\n<meta property=\"og:image\" content=\"https:\/\/diariofemenino.com.ar\/df\/wp-content\/uploads\/2020\/09\/k.jpg\" \/>\n\t<meta property=\"og:image:width\" content=\"3072\" \/>\n\t<meta property=\"og:image:height\" content=\"1350\" \/>\n\t<meta property=\"og:image:type\" content=\"image\/jpeg\" \/>\n<meta name=\"author\" content=\"Admin\" \/>\n<meta name=\"twitter:card\" content=\"summary_large_image\" \/>\n<meta name=\"twitter:creator\" content=\"@DiarioFemenino1\" \/>\n<meta name=\"twitter:site\" content=\"@DiarioFemenino1\" \/>\n<meta name=\"twitter:label1\" content=\"Escrito por\" \/>\n\t<meta name=\"twitter:data1\" content=\"Admin\" \/>\n\t<meta name=\"twitter:label2\" content=\"Tiempo de lectura\" \/>\n\t<meta name=\"twitter:data2\" content=\"4 minutos\" \/>\n<script type=\"application\/ld+json\" class=\"yoast-schema-graph\">{\"@context\":\"https:\\\/\\\/schema.org\",\"@graph\":[{\"@type\":\"Article\",\"@id\":\"https:\\\/\\\/diariofemenino.com.ar\\\/df\\\/maraton-avon-vuelve-el-evento-mas-grande-para-ganarle-al-cancer-de-mama-en-formato-online\\\/#article\",\"isPartOf\":{\"@id\":\"https:\\\/\\\/diariofemenino.com.ar\\\/df\\\/maraton-avon-vuelve-el-evento-mas-grande-para-ganarle-al-cancer-de-mama-en-formato-online\\\/\"},\"author\":{\"name\":\"Admin\",\"@id\":\"https:\\\/\\\/diariofemenino.com.ar\\\/df\\\/#\\\/schema\\\/person\\\/38f54b3bfd13f561de2460ba95c169c6\"},\"headline\":\"Marat\u00f3n AVON: vuelve el evento m\u00e1s grande para ganarle al C\u00e1ncer de Mama, en formato online\",\"datePublished\":\"2020-09-18T12:51:52+00:00\",\"dateModified\":\"2020-09-18T13:22:26+00:00\",\"mainEntityOfPage\":{\"@id\":\"https:\\\/\\\/diariofemenino.com.ar\\\/df\\\/maraton-avon-vuelve-el-evento-mas-grande-para-ganarle-al-cancer-de-mama-en-formato-online\\\/\"},\"wordCount\":785,\"commentCount\":0,\"publisher\":{\"@id\":\"https:\\\/\\\/diariofemenino.com.ar\\\/df\\\/#organization\"},\"image\":{\"@id\":\"https:\\\/\\\/diariofemenino.com.ar\\\/df\\\/maraton-avon-vuelve-el-evento-mas-grande-para-ganarle-al-cancer-de-mama-en-formato-online\\\/#primaryimage\"},\"thumbnailUrl\":\"https:\\\/\\\/diariofemenino.com.ar\\\/df\\\/wp-content\\\/uploads\\\/2020\\\/09\\\/k.jpg\",\"keywords\":[\"AVON\",\"C\u00e1ncer de Mama\",\"Festival Online\"],\"articleSection\":[\"Actividades\"],\"inLanguage\":\"es\",\"potentialAction\":[{\"@type\":\"CommentAction\",\"name\":\"Comment\",\"target\":[\"https:\\\/\\\/diariofemenino.com.ar\\\/df\\\/maraton-avon-vuelve-el-evento-mas-grande-para-ganarle-al-cancer-de-mama-en-formato-online\\\/#respond\"]}]},{\"@type\":\"WebPage\",\"@id\":\"https:\\\/\\\/diariofemenino.com.ar\\\/df\\\/maraton-avon-vuelve-el-evento-mas-grande-para-ganarle-al-cancer-de-mama-en-formato-online\\\/\",\"url\":\"https:\\\/\\\/diariofemenino.com.ar\\\/df\\\/maraton-avon-vuelve-el-evento-mas-grande-para-ganarle-al-cancer-de-mama-en-formato-online\\\/\",\"name\":\"Marat\u00f3n AVON: vuelve el evento m\u00e1s grande para ganarle al C\u00e1ncer de Mama, en formato online - Diario Digital Femenino\",\"isPartOf\":{\"@id\":\"https:\\\/\\\/diariofemenino.com.ar\\\/df\\\/#website\"},\"primaryImageOfPage\":{\"@id\":\"https:\\\/\\\/diariofemenino.com.ar\\\/df\\\/maraton-avon-vuelve-el-evento-mas-grande-para-ganarle-al-cancer-de-mama-en-formato-online\\\/#primaryimage\"},\"image\":{\"@id\":\"https:\\\/\\\/diariofemenino.com.ar\\\/df\\\/maraton-avon-vuelve-el-evento-mas-grande-para-ganarle-al-cancer-de-mama-en-formato-online\\\/#primaryimage\"},\"thumbnailUrl\":\"https:\\\/\\\/diariofemenino.com.ar\\\/df\\\/wp-content\\\/uploads\\\/2020\\\/09\\\/k.jpg\",\"datePublished\":\"2020-09-18T12:51:52+00:00\",\"dateModified\":\"2020-09-18T13:22:26+00:00\",\"description\":\"Marat\u00f3n AVON: AVON. C\u00e1ncer de Mama, evento para ganarle al C\u00e1ncer de Mama, en formato online.Tradicional Caminata festival.\",\"breadcrumb\":{\"@id\":\"https:\\\/\\\/diariofemenino.com.ar\\\/df\\\/maraton-avon-vuelve-el-evento-mas-grande-para-ganarle-al-cancer-de-mama-en-formato-online\\\/#breadcrumb\"},\"inLanguage\":\"es\",\"potentialAction\":[{\"@type\":\"ReadAction\",\"target\":[\"https:\\\/\\\/diariofemenino.com.ar\\\/df\\\/maraton-avon-vuelve-el-evento-mas-grande-para-ganarle-al-cancer-de-mama-en-formato-online\\\/\"]}]},{\"@type\":\"ImageObject\",\"inLanguage\":\"es\",\"@id\":\"https:\\\/\\\/diariofemenino.com.ar\\\/df\\\/maraton-avon-vuelve-el-evento-mas-grande-para-ganarle-al-cancer-de-mama-en-formato-online\\\/#primaryimage\",\"url\":\"https:\\\/\\\/diariofemenino.com.ar\\\/df\\\/wp-content\\\/uploads\\\/2020\\\/09\\\/k.jpg\",\"contentUrl\":\"https:\\\/\\\/diariofemenino.com.ar\\\/df\\\/wp-content\\\/uploads\\\/2020\\\/09\\\/k.jpg\",\"width\":3072,\"height\":1350,\"caption\":\"Marat\u00f3n AVON: vuelve el evento m\u00e1s grande para ganarle al C\u00e1ncer de Mama, en formato online.\"},{\"@type\":\"BreadcrumbList\",\"@id\":\"https:\\\/\\\/diariofemenino.com.ar\\\/df\\\/maraton-avon-vuelve-el-evento-mas-grande-para-ganarle-al-cancer-de-mama-en-formato-online\\\/#breadcrumb\",\"itemListElement\":[{\"@type\":\"ListItem\",\"position\":1,\"name\":\"Portada\",\"item\":\"https:\\\/\\\/diariofemenino.com.ar\\\/df\\\/\"},{\"@type\":\"ListItem\",\"position\":2,\"name\":\"Marat\u00f3n AVON: vuelve el evento m\u00e1s grande para ganarle al C\u00e1ncer de Mama, en formato online\"}]},{\"@type\":\"WebSite\",\"@id\":\"https:\\\/\\\/diariofemenino.com.ar\\\/df\\\/#website\",\"url\":\"https:\\\/\\\/diariofemenino.com.ar\\\/df\\\/\",\"name\":\"Diario Digital Femenino\",\"description\":\"Cuesti\u00f3n de G\u00e9nero\",\"publisher\":{\"@id\":\"https:\\\/\\\/diariofemenino.com.ar\\\/df\\\/#organization\"},\"potentialAction\":[{\"@type\":\"SearchAction\",\"target\":{\"@type\":\"EntryPoint\",\"urlTemplate\":\"https:\\\/\\\/diariofemenino.com.ar\\\/df\\\/?s={search_term_string}\"},\"query-input\":{\"@type\":\"PropertyValueSpecification\",\"valueRequired\":true,\"valueName\":\"search_term_string\"}}],\"inLanguage\":\"es\"},{\"@type\":\"Organization\",\"@id\":\"https:\\\/\\\/diariofemenino.com.ar\\\/df\\\/#organization\",\"name\":\"Diario Femenino\",\"url\":\"https:\\\/\\\/diariofemenino.com.ar\\\/df\\\/\",\"logo\":{\"@type\":\"ImageObject\",\"inLanguage\":\"es\",\"@id\":\"https:\\\/\\\/diariofemenino.com.ar\\\/df\\\/#\\\/schema\\\/logo\\\/image\\\/\",\"url\":\"https:\\\/\\\/diariofemenino.com.ar\\\/df\\\/wp-content\\\/uploads\\\/2018\\\/10\\\/logo.png\",\"contentUrl\":\"https:\\\/\\\/diariofemenino.com.ar\\\/df\\\/wp-content\\\/uploads\\\/2018\\\/10\\\/logo.png\",\"width\":500,\"height\":92,\"caption\":\"Diario Femenino\"},\"image\":{\"@id\":\"https:\\\/\\\/diariofemenino.com.ar\\\/df\\\/#\\\/schema\\\/logo\\\/image\\\/\"},\"sameAs\":[\"https:\\\/\\\/www.facebook.com\\\/DiarioDigitaFemenino\\\/\",\"https:\\\/\\\/x.com\\\/DiarioFemenino1\"]},{\"@type\":\"Person\",\"@id\":\"https:\\\/\\\/diariofemenino.com.ar\\\/df\\\/#\\\/schema\\\/person\\\/38f54b3bfd13f561de2460ba95c169c6\",\"name\":\"Admin\",\"image\":{\"@type\":\"ImageObject\",\"inLanguage\":\"es\",\"@id\":\"https:\\\/\\\/diariofemenino.com.ar\\\/df\\\/wp-content\\\/uploads\\\/2018\\\/12\\\/favicon-150x150.jpg\",\"url\":\"https:\\\/\\\/diariofemenino.com.ar\\\/df\\\/wp-content\\\/uploads\\\/2018\\\/12\\\/favicon-150x150.jpg\",\"contentUrl\":\"https:\\\/\\\/diariofemenino.com.ar\\\/df\\\/wp-content\\\/uploads\\\/2018\\\/12\\\/favicon-150x150.jpg\",\"caption\":\"Admin\"},\"url\":\"https:\\\/\\\/diariofemenino.com.ar\\\/df\\\/author\\\/adm18df\\\/\"}]}<\/script>\n<!-- \/ Yoast SEO plugin. -->","yoast_head_json":{"title":"Marat\u00f3n AVON: vuelve el evento m\u00e1s grande para ganarle al C\u00e1ncer de Mama, en formato online - Diario Digital Femenino","description":"Marat\u00f3n AVON: AVON. C\u00e1ncer de Mama, evento para ganarle al C\u00e1ncer de Mama, en formato online.Tradicional Caminata festival.","robots":{"index":"index","follow":"follow","max-snippet":"max-snippet:-1","max-image-preview":"max-image-preview:large","max-video-preview":"max-video-preview:-1"},"canonical":"https:\/\/diariofemenino.com.ar\/df\/maraton-avon-vuelve-el-evento-mas-grande-para-ganarle-al-cancer-de-mama-en-formato-online\/","og_locale":"es_ES","og_type":"article","og_title":"Marat\u00f3n AVON: vuelve el evento m\u00e1s grande para ganarle al C\u00e1ncer de Mama, en formato online - Diario Digital Femenino","og_description":"Marat\u00f3n AVON: AVON. C\u00e1ncer de Mama, evento para ganarle al C\u00e1ncer de Mama, en formato online.Tradicional Caminata festival.","og_url":"https:\/\/diariofemenino.com.ar\/df\/maraton-avon-vuelve-el-evento-mas-grande-para-ganarle-al-cancer-de-mama-en-formato-online\/","og_site_name":"Diario Digital Femenino","article_publisher":"https:\/\/www.facebook.com\/DiarioDigitaFemenino\/","article_published_time":"2020-09-18T12:51:52+00:00","article_modified_time":"2020-09-18T13:22:26+00:00","og_image":[{"width":3072,"height":1350,"url":"https:\/\/diariofemenino.com.ar\/df\/wp-content\/uploads\/2020\/09\/k.jpg","type":"image\/jpeg"}],"author":"Admin","twitter_card":"summary_large_image","twitter_creator":"@DiarioFemenino1","twitter_site":"@DiarioFemenino1","twitter_misc":{"Escrito por":"Admin","Tiempo de lectura":"4 minutos"},"schema":{"@context":"https:\/\/schema.org","@graph":[{"@type":"Article","@id":"https:\/\/diariofemenino.com.ar\/df\/maraton-avon-vuelve-el-evento-mas-grande-para-ganarle-al-cancer-de-mama-en-formato-online\/#article","isPartOf":{"@id":"https:\/\/diariofemenino.com.ar\/df\/maraton-avon-vuelve-el-evento-mas-grande-para-ganarle-al-cancer-de-mama-en-formato-online\/"},"author":{"name":"Admin","@id":"https:\/\/diariofemenino.com.ar\/df\/#\/schema\/person\/38f54b3bfd13f561de2460ba95c169c6"},"headline":"Marat\u00f3n AVON: vuelve el evento m\u00e1s grande para ganarle al C\u00e1ncer de Mama, en formato online","datePublished":"2020-09-18T12:51:52+00:00","dateModified":"2020-09-18T13:22:26+00:00","mainEntityOfPage":{"@id":"https:\/\/diariofemenino.com.ar\/df\/maraton-avon-vuelve-el-evento-mas-grande-para-ganarle-al-cancer-de-mama-en-formato-online\/"},"wordCount":785,"commentCount":0,"publisher":{"@id":"https:\/\/diariofemenino.com.ar\/df\/#organization"},"image":{"@id":"https:\/\/diariofemenino.com.ar\/df\/maraton-avon-vuelve-el-evento-mas-grande-para-ganarle-al-cancer-de-mama-en-formato-online\/#primaryimage"},"thumbnailUrl":"https:\/\/diariofemenino.com.ar\/df\/wp-content\/uploads\/2020\/09\/k.jpg","keywords":["AVON","C\u00e1ncer de Mama","Festival Online"],"articleSection":["Actividades"],"inLanguage":"es","potentialAction":[{"@type":"CommentAction","name":"Comment","target":["https:\/\/diariofemenino.com.ar\/df\/maraton-avon-vuelve-el-evento-mas-grande-para-ganarle-al-cancer-de-mama-en-formato-online\/#respond"]}]},{"@type":"WebPage","@id":"https:\/\/diariofemenino.com.ar\/df\/maraton-avon-vuelve-el-evento-mas-grande-para-ganarle-al-cancer-de-mama-en-formato-online\/","url":"https:\/\/diariofemenino.com.ar\/df\/maraton-avon-vuelve-el-evento-mas-grande-para-ganarle-al-cancer-de-mama-en-formato-online\/","name":"Marat\u00f3n AVON: vuelve el evento m\u00e1s grande para ganarle al C\u00e1ncer de Mama, en formato online - Diario Digital Femenino","isPartOf":{"@id":"https:\/\/diariofemenino.com.ar\/df\/#website"},"primaryImageOfPage":{"@id":"https:\/\/diariofemenino.com.ar\/df\/maraton-avon-vuelve-el-evento-mas-grande-para-ganarle-al-cancer-de-mama-en-formato-online\/#primaryimage"},"image":{"@id":"https:\/\/diariofemenino.com.ar\/df\/maraton-avon-vuelve-el-evento-mas-grande-para-ganarle-al-cancer-de-mama-en-formato-online\/#primaryimage"},"thumbnailUrl":"https:\/\/diariofemenino.com.ar\/df\/wp-content\/uploads\/2020\/09\/k.jpg","datePublished":"2020-09-18T12:51:52+00:00","dateModified":"2020-09-18T13:22:26+00:00","description":"Marat\u00f3n AVON: AVON. C\u00e1ncer de Mama, evento para ganarle al C\u00e1ncer de Mama, en formato online.Tradicional Caminata festival.","breadcrumb":{"@id":"https:\/\/diariofemenino.com.ar\/df\/maraton-avon-vuelve-el-evento-mas-grande-para-ganarle-al-cancer-de-mama-en-formato-online\/#breadcrumb"},"inLanguage":"es","potentialAction":[{"@type":"ReadAction","target":["https:\/\/diariofemenino.com.ar\/df\/maraton-avon-vuelve-el-evento-mas-grande-para-ganarle-al-cancer-de-mama-en-formato-online\/"]}]},{"@type":"ImageObject","inLanguage":"es","@id":"https:\/\/diariofemenino.com.ar\/df\/maraton-avon-vuelve-el-evento-mas-grande-para-ganarle-al-cancer-de-mama-en-formato-online\/#primaryimage","url":"https:\/\/diariofemenino.com.ar\/df\/wp-content\/uploads\/2020\/09\/k.jpg","contentUrl":"https:\/\/diariofemenino.com.ar\/df\/wp-content\/uploads\/2020\/09\/k.jpg","width":3072,"height":1350,"caption":"Marat\u00f3n AVON: vuelve el evento m\u00e1s grande para ganarle al C\u00e1ncer de Mama, en formato online."},{"@type":"BreadcrumbList","@id":"https:\/\/diariofemenino.com.ar\/df\/maraton-avon-vuelve-el-evento-mas-grande-para-ganarle-al-cancer-de-mama-en-formato-online\/#breadcrumb","itemListElement":[{"@type":"ListItem","position":1,"name":"Portada","item":"https:\/\/diariofemenino.com.ar\/df\/"},{"@type":"ListItem","position":2,"name":"Marat\u00f3n AVON: vuelve el evento m\u00e1s grande para ganarle al C\u00e1ncer de Mama, en formato online"}]},{"@type":"WebSite","@id":"https:\/\/diariofemenino.com.ar\/df\/#website","url":"https:\/\/diariofemenino.com.ar\/df\/","name":"Diario Digital Femenino","description":"Cuesti\u00f3n de G\u00e9nero","publisher":{"@id":"https:\/\/diariofemenino.com.ar\/df\/#organization"},"potentialAction":[{"@type":"SearchAction","target":{"@type":"EntryPoint","urlTemplate":"https:\/\/diariofemenino.com.ar\/df\/?s={search_term_string}"},"query-input":{"@type":"PropertyValueSpecification","valueRequired":true,"valueName":"search_term_string"}}],"inLanguage":"es"},{"@type":"Organization","@id":"https:\/\/diariofemenino.com.ar\/df\/#organization","name":"Diario Femenino","url":"https:\/\/diariofemenino.com.ar\/df\/","logo":{"@type":"ImageObject","inLanguage":"es","@id":"https:\/\/diariofemenino.com.ar\/df\/#\/schema\/logo\/image\/","url":"https:\/\/diariofemenino.com.ar\/df\/wp-content\/uploads\/2018\/10\/logo.png","contentUrl":"https:\/\/diariofemenino.com.ar\/df\/wp-content\/uploads\/2018\/10\/logo.png","width":500,"height":92,"caption":"Diario Femenino"},"image":{"@id":"https:\/\/diariofemenino.com.ar\/df\/#\/schema\/logo\/image\/"},"sameAs":["https:\/\/www.facebook.com\/DiarioDigitaFemenino\/","https:\/\/x.com\/DiarioFemenino1"]},{"@type":"Person","@id":"https:\/\/diariofemenino.com.ar\/df\/#\/schema\/person\/38f54b3bfd13f561de2460ba95c169c6","name":"Admin","image":{"@type":"ImageObject","inLanguage":"es","@id":"https:\/\/diariofemenino.com.ar\/df\/wp-content\/uploads\/2018\/12\/favicon-150x150.jpg","url":"https:\/\/diariofemenino.com.ar\/df\/wp-content\/uploads\/2018\/12\/favicon-150x150.jpg","contentUrl":"https:\/\/diariofemenino.com.ar\/df\/wp-content\/uploads\/2018\/12\/favicon-150x150.jpg","caption":"Admin"},"url":"https:\/\/diariofemenino.com.ar\/df\/author\/adm18df\/"}]}},"jetpack_featured_media_url":"https:\/\/diariofemenino.com.ar\/df\/wp-content\/uploads\/2020\/09\/k.jpg","jetpack_sharing_enabled":true,"rttpg_featured_image_url":{"full":["https:\/\/diariofemenino.com.ar\/df\/wp-content\/uploads\/2020\/09\/k.jpg",3072,1350,false],"landscape":["https:\/\/diariofemenino.com.ar\/df\/wp-content\/uploads\/2020\/09\/k.jpg",3072,1350,false],"portraits":["https:\/\/diariofemenino.com.ar\/df\/wp-content\/uploads\/2020\/09\/k.jpg",3072,1350,false],"thumbnail":["https:\/\/diariofemenino.com.ar\/df\/wp-content\/uploads\/2020\/09\/k-150x150.jpg",150,150,true],"medium":["https:\/\/diariofemenino.com.ar\/df\/wp-content\/uploads\/2020\/09\/k-300x132.jpg",300,132,true],"large":["https:\/\/diariofemenino.com.ar\/df\/wp-content\/uploads\/2020\/09\/k-1024x450.jpg",1024,450,true],"1536x1536":["https:\/\/diariofemenino.com.ar\/df\/wp-content\/uploads\/2020\/09\/k.jpg",1536,675,false],"2048x2048":["https:\/\/diariofemenino.com.ar\/df\/wp-content\/uploads\/2020\/09\/k.jpg",2048,900,false]},"rttpg_author":{"display_name":"Admin","author_link":"https:\/\/diariofemenino.com.ar\/df\/author\/adm18df\/"},"rttpg_comment":0,"rttpg_category":"<a href=\"https:\/\/diariofemenino.com.ar\/df\/category\/actividades\/\" rel=\"category tag\">Actividades<\/a>","rttpg_excerpt":"Marat\u00f3n AVON: vuelve el evento m\u00e1s grande para ganarle al C\u00e1ncer de Mama, en formato online Fundaci\u00f3n AVON transform\u00f3 su tradicional Caminata en un festival online y solidario para concientizar sobre esta enfermedad que no para. Todo lo recaudado ser\u00e1 destinado a la realizaci\u00f3n de mamograf\u00edas gratuitas. Buenos Aires, septiembre de 2020 \u2013 En un&hellip;","_links":{"self":[{"href":"https:\/\/diariofemenino.com.ar\/df\/wp-json\/wp\/v2\/posts\/52343","targetHints":{"allow":["GET"]}}],"collection":[{"href":"https:\/\/diariofemenino.com.ar\/df\/wp-json\/wp\/v2\/posts"}],"about":[{"href":"https:\/\/diariofemenino.com.ar\/df\/wp-json\/wp\/v2\/types\/post"}],"author":[{"embeddable":true,"href":"https:\/\/diariofemenino.com.ar\/df\/wp-json\/wp\/v2\/users\/1"}],"replies":[{"embeddable":true,"href":"https:\/\/diariofemenino.com.ar\/df\/wp-json\/wp\/v2\/comments?post=52343"}],"version-history":[{"count":0,"href":"https:\/\/diariofemenino.com.ar\/df\/wp-json\/wp\/v2\/posts\/52343\/revisions"}],"wp:featuredmedia":[{"embeddable":true,"href":"https:\/\/diariofemenino.com.ar\/df\/wp-json\/wp\/v2\/media\/52350"}],"wp:attachment":[{"href":"https:\/\/diariofemenino.com.ar\/df\/wp-json\/wp\/v2\/media?parent=52343"}],"wp:term":[{"taxonomy":"category","embeddable":true,"href":"https:\/\/diariofemenino.com.ar\/df\/wp-json\/wp\/v2\/categories?post=52343"},{"taxonomy":"post_tag","embeddable":true,"href":"https:\/\/diariofemenino.com.ar\/df\/wp-json\/wp\/v2\/tags?post=52343"}],"curies":[{"name":"wp","href":"https:\/\/api.w.org\/{rel}","templated":true}]}}