{"id":52187,"date":"2020-09-14T07:18:22","date_gmt":"2020-09-14T10:18:22","guid":{"rendered":"https:\/\/diariofemenino.com.ar\/?p=52187"},"modified":"2020-09-14T07:18:22","modified_gmt":"2020-09-14T10:18:22","slug":"el-machismo-preexistente-y-persistente","status":"publish","type":"post","link":"https:\/\/diariofemenino.com.ar\/df\/el-machismo-preexistente-y-persistente\/","title":{"rendered":"El machismo preexistente y persistente"},"content":{"rendered":"<p><em>Editorial de Diario Digital Femenino<\/em><\/p>\n<p>A las expresiones que buscan atenuar el machismo se les denomina o denominaba\u00a0 \u201cmicromachismos\u201d. Este es justamente\u00a0 el eufemismo que usa el patriarcado para hablar de situaciones que, en realidad, son machistas, sin atenuantes.<\/p>\n<p>En los estudios y referencias que hac\u00edamos sobre estas actitudes sexistas, machistas, nos encontr\u00e1bamos con expresiones como: Rosa para las ni\u00f1as, azul para los ni\u00f1os Incluso podemos ir un poco m\u00e1s all\u00e1: camisetas para ellas con mensajes como \u201cprincesa\u201d o \u201cbonita\u201d y para ellos con \u201ch\u00e9roe\u201d, \u201ccampe\u00f3n\u201d, \u201caventuras\u201d, \u201cvaliente\u201d. \u201cQu\u00e9 suerte, tu marido te ayuda en casa\u201d. En el restaurante, la cuenta es para \u00e9l. La madre y el \u201cpadrazo\u201d y La mujer invisible en el taller o el concesionario.<\/p>\n<p>Y este es el punto donde queremos llamar la atenci\u00f3n. \u201cPodr\u00edamos decir que son peque\u00f1os gestos sexistas o machistas, algunos de ellos muy sutiles, que ayudan a perpetuar roles de g\u00e9nero, machismo, violencia suavizada contra las mujeres, hipersexualizaci\u00f3n\u201d. Al denominarlo \u201cmicromachismo\u201d se desv\u00eda el foco de la violencia, se ocultan las actitudes sexistas que perpet\u00faan todas las formas de violencia <a href=\"https:\/\/diccionario.cear-euskadi.org\/violencia-machista\/\">machista<\/a>.<\/p>\n<p><strong>La invisibilizaci\u00f3n de las mujeres en el \u00e1mbito laboral<\/strong><\/p>\n<figure id=\"attachment_52189\" aria-describedby=\"caption-attachment-52189\" style=\"width: 660px\" class=\"wp-caption aligncenter\"><img loading=\"lazy\" decoding=\"async\" class=\"size-full wp-image-52189\" src=\"https:\/\/diariofemenino.com.ar\/df\/wp-content\/uploads\/2020\/09\/12145-660x438.jpg\" alt=\"El machismo preexistente y persistente\" width=\"660\" height=\"438\" srcset=\"https:\/\/diariofemenino.com.ar\/df\/wp-content\/uploads\/2020\/09\/12145-660x438.jpg 660w, https:\/\/diariofemenino.com.ar\/df\/wp-content\/uploads\/2020\/09\/12145-660x438-300x199.jpg 300w\" sizes=\"auto, (max-width: 660px) 100vw, 660px\" \/><figcaption id=\"caption-attachment-52189\" class=\"wp-caption-text\">El machismo preexistente y persistente<\/figcaption><\/figure>\n<p>Como toda regla de poder y dominaci\u00f3n que pretende sostenerse, a la que no le agradan las resistencias, el <a href=\"https:\/\/es.wikipedia.org\/wiki\/Machismo\">patriarcado<\/a> inventa e intenta nuevas formas de sostenerse y persistir. Hijos e hijas sanas del patriarcado encuentran la manera de sostener este sistema de dominaci\u00f3n masculina que no solo invisibiliza sino que da\u00f1a y destruye.<\/p>\n<p>En el \u00e1mbito laboral quiz\u00e1 sea en el que m\u00e1s refugio para invisibilizar mediante sutiles e imperceptibles maniobras y estrategias de ejercicio del poder de dominio masculino, aunque en situaciones de poder, tambi\u00e9n femenino.<\/p>\n<p><strong>En el Estado espec\u00edficamente<\/strong><\/p>\n<p>Tal vez con alguna cierta contradicci\u00f3n o en el camino de la formaci\u00f3n, en el Estado puertas adentro quiz\u00e1s donde m\u00e1s visible se hace el machismo pol\u00edtico.\u00a0 Como dice Esther Pineda G. \u201cla invisibilizaci\u00f3n de las contribuciones de las mujeres como expresi\u00f3n del machismo pol\u00edtico\u201d. En este sentido podemos enumerar mil situaciones observadas nada m\u00e1s en las \u00faltimas semanas.<\/p>\n<p>En este aspecto podemos encontrar varios ejemplos. Uno de ellos se puede observar cuando se convoca a mujeres para determinadas tareas, tal como se recomienda desde todas las voces con perspectiva de g\u00e9nero,\u00a0 pero en la previa y pos actividad al protagonismo se lo llevan las autoridades de alto rango, relegando de esta manera a las mujeres que participaron de la actividad y que, en muchos casos, fueron las verdaderas art\u00edfices de la cuesti\u00f3n.<\/p>\n<p>Existen valiosos equipos que en la enorme mayor\u00eda se compone por mujeres, incluso en cargos de funcionarias que est\u00e1n invisibilizadas. Generan maravillosas actividades, articulan con otros equipos, con actoras sociales, trabajan en el territorio, las sostienen en el tiempo y jam\u00e1s son citadas siquiera por sus pares.<\/p>\n<p>Cuando hablamos de aplicar el Enfoque de g\u00e9nero como formaci\u00f3n para todas las personas y en todos los \u00e1mbitos donde se desarrollen, como medida principal deber\u00eda ser en estos espacios que no solo son los que como ciudadanos o ciudadanas miramos sino que tienen a cargo la generaci\u00f3n de las pol\u00edticas p\u00fablicas que van a regir en nuestra vida social<\/p>\n<p><strong>\u00bfPor qu\u00e9 hacemos hincapi\u00e9 en el Estado?<\/strong><\/p>\n<p>Es verdad que, desde su sanci\u00f3n, se implementa la formaci\u00f3n en capacitaci\u00f3n de la Ley Micaela. Sin embargo, esto no alcanza para modificar las estructuras y se ve a diario. Las personas que pertenecen al \u00e1mbitos del Estado, y m\u00e1s de las \u00e1reas de comunicaci\u00f3n que son las que articulan con el exterior, a trav\u00e9s de los materiales que se env\u00edan para que se reproduzcan en los medios, deber\u00edan estar muy atentas en la incorporaci\u00f3n de la perspectiva de g\u00e9nero o mejor dicho la perspectiva feminista de ver y construir una sociedad m\u00e1s igualitaria. Sin machismo preponderante, sin violencias y discriminaci\u00f3n.<\/p>\n<p>&nbsp;<\/p>\n<p><a href=\"https:\/\/diariofemenino.com.ar\/category\/agenda-feminista\/\">Agenda Feminista<\/a><br \/>\n<a href=\"https:\/\/diariofemenino.com.ar\/\">Diario Digital Femenino<\/a><\/p>\n","protected":false},"excerpt":{"rendered":"<p>Editorial de Diario Digital Femenino A las expresiones que buscan atenuar el machismo se les denomina o denominaba\u00a0 \u201cmicromachismos\u201d. Este es justamente\u00a0 el eufemismo que usa el patriarcado para hablar de situaciones que, en realidad, son machistas, sin atenuantes. En los estudios y referencias que hac\u00edamos sobre estas actitudes sexistas, machistas, nos encontr\u00e1bamos con expresiones [&hellip;]<\/p>\n","protected":false},"author":4,"featured_media":52188,"comment_status":"open","ping_status":"open","sticky":false,"template":"","format":"standard","meta":{"iawp_total_views":141,"footnotes":""},"categories":[1067,21],"tags":[487,34,45,1070],"class_list":["post-52187","post","type-post","status-publish","format-standard","has-post-thumbnail","hentry","category-agenda-feminista","category-noticias","tag-estado","tag-machismo","tag-trabajo","tag-violencia-machista"],"nelio_content":{"autoShareEndMode":"never","automationSources":{"useCustomSentences":false,"customSentences":[]},"efiAlt":"","efiUrl":"","followers":[4],"highlights":[],"isAutoShareEnabled":true,"networkImageIds":[],"permalinkQueryArgs":[],"series":[],"suggestedReferences":[]},"yoast_head":"<!-- This site is optimized with the Yoast SEO plugin v27.5 - https:\/\/yoast.com\/product\/yoast-seo-wordpress\/ -->\n<title>El machismo preexistente y persistente - Diario Digital Femenino<\/title>\n<meta name=\"description\" content=\"El machismo. A las expresiones que buscan atenuar el machismo se les denomina o denominaba\u00a0 \u201cmicromachismos\u201d. Es machismo, sin atenuantes.\" \/>\n<meta name=\"robots\" content=\"index, follow, max-snippet:-1, max-image-preview:large, max-video-preview:-1\" \/>\n<link rel=\"canonical\" href=\"https:\/\/diariofemenino.com.ar\/df\/el-machismo-preexistente-y-persistente\/\" \/>\n<meta property=\"og:locale\" content=\"es_ES\" \/>\n<meta property=\"og:type\" content=\"article\" \/>\n<meta property=\"og:title\" content=\"El machismo preexistente y persistente - Diario Digital Femenino\" \/>\n<meta property=\"og:description\" content=\"El machismo. A las expresiones que buscan atenuar el machismo se les denomina o denominaba\u00a0 \u201cmicromachismos\u201d. Es machismo, sin atenuantes.\" \/>\n<meta property=\"og:url\" content=\"https:\/\/diariofemenino.com.ar\/df\/el-machismo-preexistente-y-persistente\/\" \/>\n<meta property=\"og:site_name\" content=\"Diario Digital Femenino\" \/>\n<meta property=\"article:publisher\" content=\"https:\/\/www.facebook.com\/DiarioDigitaFemenino\/\" \/>\n<meta property=\"article:published_time\" content=\"2020-09-14T10:18:22+00:00\" \/>\n<meta property=\"og:image\" content=\"https:\/\/diariofemenino.com.ar\/df\/wp-content\/uploads\/2020\/09\/img_fcastanyer_20180523-135453_imagenes_lv_terceros_micromachismos-279-kcNH-U443781210208pMD-992x558@LaVanguardia-Web.jpg\" \/>\n\t<meta property=\"og:image:width\" content=\"992\" \/>\n\t<meta property=\"og:image:height\" content=\"558\" \/>\n\t<meta property=\"og:image:type\" content=\"image\/jpeg\" \/>\n<meta name=\"author\" content=\"Admin\" \/>\n<meta name=\"twitter:card\" content=\"summary_large_image\" \/>\n<meta name=\"twitter:creator\" content=\"@DiarioFemenino1\" \/>\n<meta name=\"twitter:site\" content=\"@DiarioFemenino1\" \/>\n<meta name=\"twitter:label1\" content=\"Escrito por\" \/>\n\t<meta name=\"twitter:data1\" content=\"Admin\" \/>\n\t<meta name=\"twitter:label2\" content=\"Tiempo de lectura\" \/>\n\t<meta name=\"twitter:data2\" content=\"4 minutos\" \/>\n<script type=\"application\/ld+json\" class=\"yoast-schema-graph\">{\"@context\":\"https:\\\/\\\/schema.org\",\"@graph\":[{\"@type\":\"Article\",\"@id\":\"https:\\\/\\\/diariofemenino.com.ar\\\/df\\\/el-machismo-preexistente-y-persistente\\\/#article\",\"isPartOf\":{\"@id\":\"https:\\\/\\\/diariofemenino.com.ar\\\/df\\\/el-machismo-preexistente-y-persistente\\\/\"},\"author\":{\"name\":\"Admin\",\"@id\":\"https:\\\/\\\/diariofemenino.com.ar\\\/df\\\/#\\\/schema\\\/person\\\/bf6199e8158c657ea6f789b11ec85509\"},\"headline\":\"El machismo preexistente y persistente\",\"datePublished\":\"2020-09-14T10:18:22+00:00\",\"mainEntityOfPage\":{\"@id\":\"https:\\\/\\\/diariofemenino.com.ar\\\/df\\\/el-machismo-preexistente-y-persistente\\\/\"},\"wordCount\":706,\"commentCount\":2,\"publisher\":{\"@id\":\"https:\\\/\\\/diariofemenino.com.ar\\\/df\\\/#organization\"},\"image\":{\"@id\":\"https:\\\/\\\/diariofemenino.com.ar\\\/df\\\/el-machismo-preexistente-y-persistente\\\/#primaryimage\"},\"thumbnailUrl\":\"https:\\\/\\\/diariofemenino.com.ar\\\/df\\\/wp-content\\\/uploads\\\/2020\\\/09\\\/img_fcastanyer_20180523-135453_imagenes_lv_terceros_micromachismos-279-kcNH-U443781210208pMD-992x558@LaVanguardia-Web.jpg\",\"keywords\":[\"Estado\",\"Machismo\",\"Trabajo\",\"Violencia Machista\"],\"articleSection\":[\"Agenda Feminista\",\"Noticias\"],\"inLanguage\":\"es\",\"potentialAction\":[{\"@type\":\"CommentAction\",\"name\":\"Comment\",\"target\":[\"https:\\\/\\\/diariofemenino.com.ar\\\/df\\\/el-machismo-preexistente-y-persistente\\\/#respond\"]}]},{\"@type\":\"WebPage\",\"@id\":\"https:\\\/\\\/diariofemenino.com.ar\\\/df\\\/el-machismo-preexistente-y-persistente\\\/\",\"url\":\"https:\\\/\\\/diariofemenino.com.ar\\\/df\\\/el-machismo-preexistente-y-persistente\\\/\",\"name\":\"El machismo preexistente y persistente - Diario Digital Femenino\",\"isPartOf\":{\"@id\":\"https:\\\/\\\/diariofemenino.com.ar\\\/df\\\/#website\"},\"primaryImageOfPage\":{\"@id\":\"https:\\\/\\\/diariofemenino.com.ar\\\/df\\\/el-machismo-preexistente-y-persistente\\\/#primaryimage\"},\"image\":{\"@id\":\"https:\\\/\\\/diariofemenino.com.ar\\\/df\\\/el-machismo-preexistente-y-persistente\\\/#primaryimage\"},\"thumbnailUrl\":\"https:\\\/\\\/diariofemenino.com.ar\\\/df\\\/wp-content\\\/uploads\\\/2020\\\/09\\\/img_fcastanyer_20180523-135453_imagenes_lv_terceros_micromachismos-279-kcNH-U443781210208pMD-992x558@LaVanguardia-Web.jpg\",\"datePublished\":\"2020-09-14T10:18:22+00:00\",\"description\":\"El machismo. A las expresiones que buscan atenuar el machismo se les denomina o denominaba\u00a0 \u201cmicromachismos\u201d. Es machismo, sin atenuantes.\",\"breadcrumb\":{\"@id\":\"https:\\\/\\\/diariofemenino.com.ar\\\/df\\\/el-machismo-preexistente-y-persistente\\\/#breadcrumb\"},\"inLanguage\":\"es\",\"potentialAction\":[{\"@type\":\"ReadAction\",\"target\":[\"https:\\\/\\\/diariofemenino.com.ar\\\/df\\\/el-machismo-preexistente-y-persistente\\\/\"]}]},{\"@type\":\"ImageObject\",\"inLanguage\":\"es\",\"@id\":\"https:\\\/\\\/diariofemenino.com.ar\\\/df\\\/el-machismo-preexistente-y-persistente\\\/#primaryimage\",\"url\":\"https:\\\/\\\/diariofemenino.com.ar\\\/df\\\/wp-content\\\/uploads\\\/2020\\\/09\\\/img_fcastanyer_20180523-135453_imagenes_lv_terceros_micromachismos-279-kcNH-U443781210208pMD-992x558@LaVanguardia-Web.jpg\",\"contentUrl\":\"https:\\\/\\\/diariofemenino.com.ar\\\/df\\\/wp-content\\\/uploads\\\/2020\\\/09\\\/img_fcastanyer_20180523-135453_imagenes_lv_terceros_micromachismos-279-kcNH-U443781210208pMD-992x558@LaVanguardia-Web.jpg\",\"width\":992,\"height\":558,\"caption\":\"El machismo preexistente y persistente\"},{\"@type\":\"BreadcrumbList\",\"@id\":\"https:\\\/\\\/diariofemenino.com.ar\\\/df\\\/el-machismo-preexistente-y-persistente\\\/#breadcrumb\",\"itemListElement\":[{\"@type\":\"ListItem\",\"position\":1,\"name\":\"Portada\",\"item\":\"https:\\\/\\\/diariofemenino.com.ar\\\/df\\\/\"},{\"@type\":\"ListItem\",\"position\":2,\"name\":\"El machismo preexistente y persistente\"}]},{\"@type\":\"WebSite\",\"@id\":\"https:\\\/\\\/diariofemenino.com.ar\\\/df\\\/#website\",\"url\":\"https:\\\/\\\/diariofemenino.com.ar\\\/df\\\/\",\"name\":\"Diario Digital Femenino\",\"description\":\"Cuesti\u00f3n de G\u00e9nero\",\"publisher\":{\"@id\":\"https:\\\/\\\/diariofemenino.com.ar\\\/df\\\/#organization\"},\"potentialAction\":[{\"@type\":\"SearchAction\",\"target\":{\"@type\":\"EntryPoint\",\"urlTemplate\":\"https:\\\/\\\/diariofemenino.com.ar\\\/df\\\/?s={search_term_string}\"},\"query-input\":{\"@type\":\"PropertyValueSpecification\",\"valueRequired\":true,\"valueName\":\"search_term_string\"}}],\"inLanguage\":\"es\"},{\"@type\":\"Organization\",\"@id\":\"https:\\\/\\\/diariofemenino.com.ar\\\/df\\\/#organization\",\"name\":\"Diario Femenino\",\"url\":\"https:\\\/\\\/diariofemenino.com.ar\\\/df\\\/\",\"logo\":{\"@type\":\"ImageObject\",\"inLanguage\":\"es\",\"@id\":\"https:\\\/\\\/diariofemenino.com.ar\\\/df\\\/#\\\/schema\\\/logo\\\/image\\\/\",\"url\":\"https:\\\/\\\/diariofemenino.com.ar\\\/df\\\/wp-content\\\/uploads\\\/2018\\\/10\\\/logo.png\",\"contentUrl\":\"https:\\\/\\\/diariofemenino.com.ar\\\/df\\\/wp-content\\\/uploads\\\/2018\\\/10\\\/logo.png\",\"width\":500,\"height\":92,\"caption\":\"Diario Femenino\"},\"image\":{\"@id\":\"https:\\\/\\\/diariofemenino.com.ar\\\/df\\\/#\\\/schema\\\/logo\\\/image\\\/\"},\"sameAs\":[\"https:\\\/\\\/www.facebook.com\\\/DiarioDigitaFemenino\\\/\",\"https:\\\/\\\/x.com\\\/DiarioFemenino1\"]},{\"@type\":\"Person\",\"@id\":\"https:\\\/\\\/diariofemenino.com.ar\\\/df\\\/#\\\/schema\\\/person\\\/bf6199e8158c657ea6f789b11ec85509\",\"name\":\"Admin\",\"image\":{\"@type\":\"ImageObject\",\"inLanguage\":\"es\",\"@id\":\"https:\\\/\\\/diariofemenino.com.ar\\\/df\\\/wp-content\\\/uploads\\\/2018\\\/12\\\/favicon-150x150.jpg\",\"url\":\"https:\\\/\\\/diariofemenino.com.ar\\\/df\\\/wp-content\\\/uploads\\\/2018\\\/12\\\/favicon-150x150.jpg\",\"contentUrl\":\"https:\\\/\\\/diariofemenino.com.ar\\\/df\\\/wp-content\\\/uploads\\\/2018\\\/12\\\/favicon-150x150.jpg\",\"caption\":\"Admin\"},\"url\":\"https:\\\/\\\/diariofemenino.com.ar\\\/df\\\/author\\\/lenny\\\/\"}]}<\/script>\n<!-- \/ Yoast SEO plugin. -->","yoast_head_json":{"title":"El machismo preexistente y persistente - Diario Digital Femenino","description":"El machismo. A las expresiones que buscan atenuar el machismo se les denomina o denominaba\u00a0 \u201cmicromachismos\u201d. Es machismo, sin atenuantes.","robots":{"index":"index","follow":"follow","max-snippet":"max-snippet:-1","max-image-preview":"max-image-preview:large","max-video-preview":"max-video-preview:-1"},"canonical":"https:\/\/diariofemenino.com.ar\/df\/el-machismo-preexistente-y-persistente\/","og_locale":"es_ES","og_type":"article","og_title":"El machismo preexistente y persistente - Diario Digital Femenino","og_description":"El machismo. A las expresiones que buscan atenuar el machismo se les denomina o denominaba\u00a0 \u201cmicromachismos\u201d. Es machismo, sin atenuantes.","og_url":"https:\/\/diariofemenino.com.ar\/df\/el-machismo-preexistente-y-persistente\/","og_site_name":"Diario Digital Femenino","article_publisher":"https:\/\/www.facebook.com\/DiarioDigitaFemenino\/","article_published_time":"2020-09-14T10:18:22+00:00","og_image":[{"width":992,"height":558,"url":"https:\/\/diariofemenino.com.ar\/df\/wp-content\/uploads\/2020\/09\/img_fcastanyer_20180523-135453_imagenes_lv_terceros_micromachismos-279-kcNH-U443781210208pMD-992x558@LaVanguardia-Web.jpg","type":"image\/jpeg"}],"author":"Admin","twitter_card":"summary_large_image","twitter_creator":"@DiarioFemenino1","twitter_site":"@DiarioFemenino1","twitter_misc":{"Escrito por":"Admin","Tiempo de lectura":"4 minutos"},"schema":{"@context":"https:\/\/schema.org","@graph":[{"@type":"Article","@id":"https:\/\/diariofemenino.com.ar\/df\/el-machismo-preexistente-y-persistente\/#article","isPartOf":{"@id":"https:\/\/diariofemenino.com.ar\/df\/el-machismo-preexistente-y-persistente\/"},"author":{"name":"Admin","@id":"https:\/\/diariofemenino.com.ar\/df\/#\/schema\/person\/bf6199e8158c657ea6f789b11ec85509"},"headline":"El machismo preexistente y persistente","datePublished":"2020-09-14T10:18:22+00:00","mainEntityOfPage":{"@id":"https:\/\/diariofemenino.com.ar\/df\/el-machismo-preexistente-y-persistente\/"},"wordCount":706,"commentCount":2,"publisher":{"@id":"https:\/\/diariofemenino.com.ar\/df\/#organization"},"image":{"@id":"https:\/\/diariofemenino.com.ar\/df\/el-machismo-preexistente-y-persistente\/#primaryimage"},"thumbnailUrl":"https:\/\/diariofemenino.com.ar\/df\/wp-content\/uploads\/2020\/09\/img_fcastanyer_20180523-135453_imagenes_lv_terceros_micromachismos-279-kcNH-U443781210208pMD-992x558@LaVanguardia-Web.jpg","keywords":["Estado","Machismo","Trabajo","Violencia Machista"],"articleSection":["Agenda Feminista","Noticias"],"inLanguage":"es","potentialAction":[{"@type":"CommentAction","name":"Comment","target":["https:\/\/diariofemenino.com.ar\/df\/el-machismo-preexistente-y-persistente\/#respond"]}]},{"@type":"WebPage","@id":"https:\/\/diariofemenino.com.ar\/df\/el-machismo-preexistente-y-persistente\/","url":"https:\/\/diariofemenino.com.ar\/df\/el-machismo-preexistente-y-persistente\/","name":"El machismo preexistente y persistente - Diario Digital Femenino","isPartOf":{"@id":"https:\/\/diariofemenino.com.ar\/df\/#website"},"primaryImageOfPage":{"@id":"https:\/\/diariofemenino.com.ar\/df\/el-machismo-preexistente-y-persistente\/#primaryimage"},"image":{"@id":"https:\/\/diariofemenino.com.ar\/df\/el-machismo-preexistente-y-persistente\/#primaryimage"},"thumbnailUrl":"https:\/\/diariofemenino.com.ar\/df\/wp-content\/uploads\/2020\/09\/img_fcastanyer_20180523-135453_imagenes_lv_terceros_micromachismos-279-kcNH-U443781210208pMD-992x558@LaVanguardia-Web.jpg","datePublished":"2020-09-14T10:18:22+00:00","description":"El machismo. A las expresiones que buscan atenuar el machismo se les denomina o denominaba\u00a0 \u201cmicromachismos\u201d. Es machismo, sin atenuantes.","breadcrumb":{"@id":"https:\/\/diariofemenino.com.ar\/df\/el-machismo-preexistente-y-persistente\/#breadcrumb"},"inLanguage":"es","potentialAction":[{"@type":"ReadAction","target":["https:\/\/diariofemenino.com.ar\/df\/el-machismo-preexistente-y-persistente\/"]}]},{"@type":"ImageObject","inLanguage":"es","@id":"https:\/\/diariofemenino.com.ar\/df\/el-machismo-preexistente-y-persistente\/#primaryimage","url":"https:\/\/diariofemenino.com.ar\/df\/wp-content\/uploads\/2020\/09\/img_fcastanyer_20180523-135453_imagenes_lv_terceros_micromachismos-279-kcNH-U443781210208pMD-992x558@LaVanguardia-Web.jpg","contentUrl":"https:\/\/diariofemenino.com.ar\/df\/wp-content\/uploads\/2020\/09\/img_fcastanyer_20180523-135453_imagenes_lv_terceros_micromachismos-279-kcNH-U443781210208pMD-992x558@LaVanguardia-Web.jpg","width":992,"height":558,"caption":"El machismo preexistente y persistente"},{"@type":"BreadcrumbList","@id":"https:\/\/diariofemenino.com.ar\/df\/el-machismo-preexistente-y-persistente\/#breadcrumb","itemListElement":[{"@type":"ListItem","position":1,"name":"Portada","item":"https:\/\/diariofemenino.com.ar\/df\/"},{"@type":"ListItem","position":2,"name":"El machismo preexistente y persistente"}]},{"@type":"WebSite","@id":"https:\/\/diariofemenino.com.ar\/df\/#website","url":"https:\/\/diariofemenino.com.ar\/df\/","name":"Diario Digital Femenino","description":"Cuesti\u00f3n de G\u00e9nero","publisher":{"@id":"https:\/\/diariofemenino.com.ar\/df\/#organization"},"potentialAction":[{"@type":"SearchAction","target":{"@type":"EntryPoint","urlTemplate":"https:\/\/diariofemenino.com.ar\/df\/?s={search_term_string}"},"query-input":{"@type":"PropertyValueSpecification","valueRequired":true,"valueName":"search_term_string"}}],"inLanguage":"es"},{"@type":"Organization","@id":"https:\/\/diariofemenino.com.ar\/df\/#organization","name":"Diario Femenino","url":"https:\/\/diariofemenino.com.ar\/df\/","logo":{"@type":"ImageObject","inLanguage":"es","@id":"https:\/\/diariofemenino.com.ar\/df\/#\/schema\/logo\/image\/","url":"https:\/\/diariofemenino.com.ar\/df\/wp-content\/uploads\/2018\/10\/logo.png","contentUrl":"https:\/\/diariofemenino.com.ar\/df\/wp-content\/uploads\/2018\/10\/logo.png","width":500,"height":92,"caption":"Diario Femenino"},"image":{"@id":"https:\/\/diariofemenino.com.ar\/df\/#\/schema\/logo\/image\/"},"sameAs":["https:\/\/www.facebook.com\/DiarioDigitaFemenino\/","https:\/\/x.com\/DiarioFemenino1"]},{"@type":"Person","@id":"https:\/\/diariofemenino.com.ar\/df\/#\/schema\/person\/bf6199e8158c657ea6f789b11ec85509","name":"Admin","image":{"@type":"ImageObject","inLanguage":"es","@id":"https:\/\/diariofemenino.com.ar\/df\/wp-content\/uploads\/2018\/12\/favicon-150x150.jpg","url":"https:\/\/diariofemenino.com.ar\/df\/wp-content\/uploads\/2018\/12\/favicon-150x150.jpg","contentUrl":"https:\/\/diariofemenino.com.ar\/df\/wp-content\/uploads\/2018\/12\/favicon-150x150.jpg","caption":"Admin"},"url":"https:\/\/diariofemenino.com.ar\/df\/author\/lenny\/"}]}},"jetpack_featured_media_url":"https:\/\/diariofemenino.com.ar\/df\/wp-content\/uploads\/2020\/09\/img_fcastanyer_20180523-135453_imagenes_lv_terceros_micromachismos-279-kcNH-U443781210208pMD-992x558@LaVanguardia-Web.jpg","jetpack_sharing_enabled":true,"rttpg_featured_image_url":{"full":["https:\/\/diariofemenino.com.ar\/df\/wp-content\/uploads\/2020\/09\/img_fcastanyer_20180523-135453_imagenes_lv_terceros_micromachismos-279-kcNH-U443781210208pMD-992x558@LaVanguardia-Web.jpg",992,558,false],"landscape":["https:\/\/diariofemenino.com.ar\/df\/wp-content\/uploads\/2020\/09\/img_fcastanyer_20180523-135453_imagenes_lv_terceros_micromachismos-279-kcNH-U443781210208pMD-992x558@LaVanguardia-Web.jpg",992,558,false],"portraits":["https:\/\/diariofemenino.com.ar\/df\/wp-content\/uploads\/2020\/09\/img_fcastanyer_20180523-135453_imagenes_lv_terceros_micromachismos-279-kcNH-U443781210208pMD-992x558@LaVanguardia-Web.jpg",992,558,false],"thumbnail":["https:\/\/diariofemenino.com.ar\/df\/wp-content\/uploads\/2020\/09\/img_fcastanyer_20180523-135453_imagenes_lv_terceros_micromachismos-279-kcNH-U443781210208pMD-992x558@LaVanguardia-Web-150x150.jpg",150,150,true],"medium":["https:\/\/diariofemenino.com.ar\/df\/wp-content\/uploads\/2020\/09\/img_fcastanyer_20180523-135453_imagenes_lv_terceros_micromachismos-279-kcNH-U443781210208pMD-992x558@LaVanguardia-Web-300x169.jpg",300,169,true],"large":["https:\/\/diariofemenino.com.ar\/df\/wp-content\/uploads\/2020\/09\/img_fcastanyer_20180523-135453_imagenes_lv_terceros_micromachismos-279-kcNH-U443781210208pMD-992x558@LaVanguardia-Web.jpg",992,558,false],"1536x1536":["https:\/\/diariofemenino.com.ar\/df\/wp-content\/uploads\/2020\/09\/img_fcastanyer_20180523-135453_imagenes_lv_terceros_micromachismos-279-kcNH-U443781210208pMD-992x558@LaVanguardia-Web.jpg",992,558,false],"2048x2048":["https:\/\/diariofemenino.com.ar\/df\/wp-content\/uploads\/2020\/09\/img_fcastanyer_20180523-135453_imagenes_lv_terceros_micromachismos-279-kcNH-U443781210208pMD-992x558@LaVanguardia-Web.jpg",992,558,false]},"rttpg_author":{"display_name":"Admin","author_link":"https:\/\/diariofemenino.com.ar\/df\/author\/lenny\/"},"rttpg_comment":2,"rttpg_category":"<a href=\"https:\/\/diariofemenino.com.ar\/df\/category\/agenda-feminista\/\" rel=\"category tag\">Agenda Feminista<\/a> <a href=\"https:\/\/diariofemenino.com.ar\/df\/category\/noticias\/\" rel=\"category tag\">Noticias<\/a>","rttpg_excerpt":"Editorial de Diario Digital Femenino A las expresiones que buscan atenuar el machismo se les denomina o denominaba\u00a0 \u201cmicromachismos\u201d. Este es justamente\u00a0 el eufemismo que usa el patriarcado para hablar de situaciones que, en realidad, son machistas, sin atenuantes. En los estudios y referencias que hac\u00edamos sobre estas actitudes sexistas, machistas, nos encontr\u00e1bamos con expresiones&hellip;","_links":{"self":[{"href":"https:\/\/diariofemenino.com.ar\/df\/wp-json\/wp\/v2\/posts\/52187","targetHints":{"allow":["GET"]}}],"collection":[{"href":"https:\/\/diariofemenino.com.ar\/df\/wp-json\/wp\/v2\/posts"}],"about":[{"href":"https:\/\/diariofemenino.com.ar\/df\/wp-json\/wp\/v2\/types\/post"}],"author":[{"embeddable":true,"href":"https:\/\/diariofemenino.com.ar\/df\/wp-json\/wp\/v2\/users\/4"}],"replies":[{"embeddable":true,"href":"https:\/\/diariofemenino.com.ar\/df\/wp-json\/wp\/v2\/comments?post=52187"}],"version-history":[{"count":0,"href":"https:\/\/diariofemenino.com.ar\/df\/wp-json\/wp\/v2\/posts\/52187\/revisions"}],"wp:featuredmedia":[{"embeddable":true,"href":"https:\/\/diariofemenino.com.ar\/df\/wp-json\/wp\/v2\/media\/52188"}],"wp:attachment":[{"href":"https:\/\/diariofemenino.com.ar\/df\/wp-json\/wp\/v2\/media?parent=52187"}],"wp:term":[{"taxonomy":"category","embeddable":true,"href":"https:\/\/diariofemenino.com.ar\/df\/wp-json\/wp\/v2\/categories?post=52187"},{"taxonomy":"post_tag","embeddable":true,"href":"https:\/\/diariofemenino.com.ar\/df\/wp-json\/wp\/v2\/tags?post=52187"}],"curies":[{"name":"wp","href":"https:\/\/api.w.org\/{rel}","templated":true}]}}